{"id":31210,"date":"2026-03-08T21:08:09","date_gmt":"2026-03-09T01:08:09","guid":{"rendered":"https:\/\/www.americanonewspaper.com\/es\/?p=31210"},"modified":"2026-03-08T21:13:28","modified_gmt":"2026-03-09T01:13:28","slug":"miles-de-mujeres-marchan-en-mexico","status":"publish","type":"post","link":"https:\/\/www.americanonewspaper.com\/es\/mexico-2\/miles-de-mujeres-marchan-en-mexico\/","title":{"rendered":"Miles de Mujeres Marchan en M\u00e9xico"},"content":{"rendered":"\n<p>Ciudad de M\u00e9xico, 8 mar (EFE).- Por Mar\u00eda Julia Casta\u00f1eda <\/p>\n\n\n\n<p class=\"dropcapp3\">Miles de mujeres tomaron este domingo las calles de la Ciudad de M\u00e9xico en el D\u00eda Internacional de la Mujer, entre carteles con consignas como \u201cNo llegamos todas\u201d y \u201cNi una hija menos, ni una madre rota m\u00e1s\u201d, para denunciar la violencia machista en un pa\u00eds donde alrededor de diez mujeres son asesinadas cada d\u00eda.<\/p>\n\n\n\n<figure class=\"wp-block-image size-large\"><img fetchpriority=\"high\" decoding=\"async\" width=\"750\" height=\"500\" src=\"https:\/\/www.americanonewspaper.com\/es\/wp-content\/uploads\/2026\/03\/Pachuca2-750x500.jpeg\" alt=\"\" class=\"wp-image-31212\" srcset=\"https:\/\/www.americanonewspaper.com\/es\/wp-content\/uploads\/2026\/03\/Pachuca2-750x500.jpeg 750w, https:\/\/www.americanonewspaper.com\/es\/wp-content\/uploads\/2026\/03\/Pachuca2-300x200.jpeg 300w, https:\/\/www.americanonewspaper.com\/es\/wp-content\/uploads\/2026\/03\/Pachuca2-768x512.jpeg 768w, https:\/\/www.americanonewspaper.com\/es\/wp-content\/uploads\/2026\/03\/Pachuca2-150x100.jpeg 150w, https:\/\/www.americanonewspaper.com\/es\/wp-content\/uploads\/2026\/03\/Pachuca2-696x464.jpeg 696w, https:\/\/www.americanonewspaper.com\/es\/wp-content\/uploads\/2026\/03\/Pachuca2.jpeg 900w\" sizes=\"(max-width: 750px) 100vw, 750px\" \/><figcaption class=\"wp-element-caption\">Mujeres sostienen carteles durante una marcha con motivo del D\u00eda Internacional de la Mujer en Pachuca (M\u00e9xico). EFE\/ David Mart\u00ednez Pelcastre<\/figcaption><\/figure>\n\n\n\n<p>Entre la multitud, adolescentes que marchan por primera vez se mezclan con mujeres que llevan a\u00f1os participando en el 8M, en una movilizaci\u00f3n que ocurre por segundo a\u00f1o con Claudia Sheinbaum como presidenta de M\u00e9xico.<\/p>\n\n\n\n<figure class=\"wp-block-image size-large\"><a href=\"https:\/\/ggllawyers.com\/es\/new-jersey-personal-injury-and-workers-compensation-lawyer\/\" target=\"_blank\" rel=\" noreferrer noopener\"><img decoding=\"async\" width=\"800\" height=\"386\" src=\"https:\/\/www.americanonewspaper.com\/es\/wp-content\/uploads\/2026\/03\/Screenshot-2026-03-06-at-10.31.27-PM-800x386.png\" alt=\"\" class=\"wp-image-31172\" srcset=\"https:\/\/www.americanonewspaper.com\/es\/wp-content\/uploads\/2026\/03\/Screenshot-2026-03-06-at-10.31.27-PM-800x386.png 800w, https:\/\/www.americanonewspaper.com\/es\/wp-content\/uploads\/2026\/03\/Screenshot-2026-03-06-at-10.31.27-PM-300x145.png 300w, https:\/\/www.americanonewspaper.com\/es\/wp-content\/uploads\/2026\/03\/Screenshot-2026-03-06-at-10.31.27-PM-768x371.png 768w, https:\/\/www.americanonewspaper.com\/es\/wp-content\/uploads\/2026\/03\/Screenshot-2026-03-06-at-10.31.27-PM-1536x742.png 1536w, https:\/\/www.americanonewspaper.com\/es\/wp-content\/uploads\/2026\/03\/Screenshot-2026-03-06-at-10.31.27-PM-150x72.png 150w, https:\/\/www.americanonewspaper.com\/es\/wp-content\/uploads\/2026\/03\/Screenshot-2026-03-06-at-10.31.27-PM-696x336.png 696w, https:\/\/www.americanonewspaper.com\/es\/wp-content\/uploads\/2026\/03\/Screenshot-2026-03-06-at-10.31.27-PM-1068x516.png 1068w, https:\/\/www.americanonewspaper.com\/es\/wp-content\/uploads\/2026\/03\/Screenshot-2026-03-06-at-10.31.27-PM.png 1598w\" sizes=\"(max-width: 800px) 100vw, 800px\" \/><\/a><\/figure>\n\n\n\n<p>\u201cMarcho porque ninguna mujer deber\u00eda tener miedo de salir a la calle sin importar la hora que sea\u201d, dice a EFE Amairani Quetzali, de 17 a\u00f1os, quien participa por primera vez en la movilizaci\u00f3n por el 8M, y comparte que enfrenta temor cuando sale tarde de la escuela.<\/p>\n\n\n\n<p>Como ella, muchas adolescentes y j\u00f3venes se suman cada a\u00f1o a la movilizaci\u00f3n feminista en M\u00e9xico, un pa\u00eds donde siete de cada diez mujeres de 15 a\u00f1os o m\u00e1s han sufrido alg\u00fan tipo de violencia, seg\u00fan el Instituto Nacional de Estad\u00edstica y Geograf\u00eda (Inegi).<\/p>\n\n\n\n<p>Organizaciones como Balance A.C. impulsaron este 8M bloques espec\u00edficos para adolescencias y juventudes, con el objetivo de visibilizar sus demandas dentro del movimiento feminista y promover espacios de participaci\u00f3n intergeneracional.<\/p>\n\n\n\n<figure class=\"wp-block-image size-large\"><a href=\"https:\/\/www.nissancityspringfield.com\/\" target=\"_blank\" rel=\" noreferrer noopener\"><img decoding=\"async\" width=\"800\" height=\"434\" src=\"https:\/\/www.americanonewspaper.com\/es\/wp-content\/uploads\/2026\/03\/Screenshot-2026-03-06-at-10.32.50-PM-800x434.png\" alt=\"\" class=\"wp-image-31173\" srcset=\"https:\/\/www.americanonewspaper.com\/es\/wp-content\/uploads\/2026\/03\/Screenshot-2026-03-06-at-10.32.50-PM-800x434.png 800w, https:\/\/www.americanonewspaper.com\/es\/wp-content\/uploads\/2026\/03\/Screenshot-2026-03-06-at-10.32.50-PM-300x163.png 300w, https:\/\/www.americanonewspaper.com\/es\/wp-content\/uploads\/2026\/03\/Screenshot-2026-03-06-at-10.32.50-PM-768x417.png 768w, https:\/\/www.americanonewspaper.com\/es\/wp-content\/uploads\/2026\/03\/Screenshot-2026-03-06-at-10.32.50-PM-1536x833.png 1536w, https:\/\/www.americanonewspaper.com\/es\/wp-content\/uploads\/2026\/03\/Screenshot-2026-03-06-at-10.32.50-PM-150x81.png 150w, https:\/\/www.americanonewspaper.com\/es\/wp-content\/uploads\/2026\/03\/Screenshot-2026-03-06-at-10.32.50-PM-696x378.png 696w, https:\/\/www.americanonewspaper.com\/es\/wp-content\/uploads\/2026\/03\/Screenshot-2026-03-06-at-10.32.50-PM-1068x579.png 1068w, https:\/\/www.americanonewspaper.com\/es\/wp-content\/uploads\/2026\/03\/Screenshot-2026-03-06-at-10.32.50-PM.png 1600w\" sizes=\"(max-width: 800px) 100vw, 800px\" \/><\/a><\/figure>\n\n\n\n<p>Este bloque, convocado desde la plataforma Sentir Bonito MX, se integr\u00f3 al Contingente Verde por el Aborto Libre, una de las expresiones m\u00e1s visibles del movimiento por los derechos sexuales y reproductivos en M\u00e9xico.<\/p>\n\n\n\n<p>Karina Rocha, de Balance, explica que las juventudes feministas buscan que se escuchen sus voces en debates sobre aborto, autonom\u00eda corporal, educaci\u00f3n sexual integral y acceso a servicios de salud amigables, en un contexto marcado por avances de discursos antiderechos en el mundo.<\/p>\n\n\n\n<p>\u201cEst\u00e1n haciendo pol\u00edticas p\u00fablicas sin tomarnos en cuenta(&#8230;) es un llamado a hacer visible que existimos en los espacios p\u00fablicos\u201d, afirma.<\/p>\n\n\n\n<figure class=\"wp-block-image size-large\"><a href=\"https:\/\/www.stnj.org\/events\/detail\/santiago-cruz?utm_source=americano&amp;utm_medium=webad&amp;utm_campaign=americano_260225_webad1200x550_santiagocruzspanish\" target=\"_blank\" rel=\" noreferrer noopener\"><img loading=\"lazy\" decoding=\"async\" width=\"800\" height=\"371\" src=\"https:\/\/www.americanonewspaper.com\/es\/wp-content\/uploads\/2026\/03\/Screenshot-2026-03-06-at-10.34.29-PM-800x371.png\" alt=\"\" class=\"wp-image-31174\" srcset=\"https:\/\/www.americanonewspaper.com\/es\/wp-content\/uploads\/2026\/03\/Screenshot-2026-03-06-at-10.34.29-PM-800x371.png 800w, https:\/\/www.americanonewspaper.com\/es\/wp-content\/uploads\/2026\/03\/Screenshot-2026-03-06-at-10.34.29-PM-300x139.png 300w, https:\/\/www.americanonewspaper.com\/es\/wp-content\/uploads\/2026\/03\/Screenshot-2026-03-06-at-10.34.29-PM-768x356.png 768w, https:\/\/www.americanonewspaper.com\/es\/wp-content\/uploads\/2026\/03\/Screenshot-2026-03-06-at-10.34.29-PM-1536x712.png 1536w, https:\/\/www.americanonewspaper.com\/es\/wp-content\/uploads\/2026\/03\/Screenshot-2026-03-06-at-10.34.29-PM-150x69.png 150w, https:\/\/www.americanonewspaper.com\/es\/wp-content\/uploads\/2026\/03\/Screenshot-2026-03-06-at-10.34.29-PM-696x322.png 696w, https:\/\/www.americanonewspaper.com\/es\/wp-content\/uploads\/2026\/03\/Screenshot-2026-03-06-at-10.34.29-PM-1068x495.png 1068w, https:\/\/www.americanonewspaper.com\/es\/wp-content\/uploads\/2026\/03\/Screenshot-2026-03-06-at-10.34.29-PM.png 1606w\" sizes=\"(max-width: 800px) 100vw, 800px\" \/><\/a><\/figure>\n\n\n\n<h2 class=\"wp-block-heading\" id=\"h-entre-vallas-y-luces\"><strong>Entre vallas y luces<\/strong><\/h2>\n\n\n\n<p>La protesta tambi\u00e9n se desarrolla nuevamente con edificios del Centro Hist\u00f3rico protegidos por vallas met\u00e1licas, una medida aplicada en los \u00faltimos a\u00f1os durante las marchas feministas con el argumento oficial de resguardar inmuebles hist\u00f3ricos.<\/p>\n\n\n\n<p>Adem\u00e1s, la marcha se dividi\u00f3 en distintas convocatorias desde las 9:00 (16:00 GMT), impulsadas por diferentes organizaciones sociales y pol\u00edticas, con rumbo al Z\u00f3calo de la Ciudad de M\u00e9xico, donde la movilizaci\u00f3n coincidir\u00e1 con dos elementos visibles.<\/p>\n\n\n\n<p>A la par de los cercos instalados en edificios como el Palacio Nacional, sede de Sheinbaum, habr\u00e1 una iluminaci\u00f3n monumental en color morado por el 8M, impulsada por el Gobierno.<\/p>\n\n\n\n<figure class=\"wp-block-image size-large\"><a href=\"https:\/\/www.paulmillertoyota.com\/?utm_source=google&amp;utm_medium=organic&amp;utm_campaign=google_my_business\" target=\"_blank\" rel=\" noreferrer noopener\"><img loading=\"lazy\" decoding=\"async\" width=\"800\" height=\"314\" src=\"https:\/\/www.americanonewspaper.com\/es\/wp-content\/uploads\/2026\/03\/Screenshot-2026-03-06-at-10.36.43-PM-800x314.png\" alt=\"\" class=\"wp-image-31175\" srcset=\"https:\/\/www.americanonewspaper.com\/es\/wp-content\/uploads\/2026\/03\/Screenshot-2026-03-06-at-10.36.43-PM-800x314.png 800w, https:\/\/www.americanonewspaper.com\/es\/wp-content\/uploads\/2026\/03\/Screenshot-2026-03-06-at-10.36.43-PM-300x118.png 300w, https:\/\/www.americanonewspaper.com\/es\/wp-content\/uploads\/2026\/03\/Screenshot-2026-03-06-at-10.36.43-PM-768x301.png 768w, https:\/\/www.americanonewspaper.com\/es\/wp-content\/uploads\/2026\/03\/Screenshot-2026-03-06-at-10.36.43-PM-1536x602.png 1536w, https:\/\/www.americanonewspaper.com\/es\/wp-content\/uploads\/2026\/03\/Screenshot-2026-03-06-at-10.36.43-PM-150x59.png 150w, https:\/\/www.americanonewspaper.com\/es\/wp-content\/uploads\/2026\/03\/Screenshot-2026-03-06-at-10.36.43-PM-696x273.png 696w, https:\/\/www.americanonewspaper.com\/es\/wp-content\/uploads\/2026\/03\/Screenshot-2026-03-06-at-10.36.43-PM-1068x419.png 1068w, https:\/\/www.americanonewspaper.com\/es\/wp-content\/uploads\/2026\/03\/Screenshot-2026-03-06-at-10.36.43-PM.png 1586w\" sizes=\"(max-width: 800px) 100vw, 800px\" \/><\/a><\/figure>\n\n\n\n<p>Uno de los contingentes m\u00e1s amplios parti\u00f3 alrededor de las 12:00 horas (19:00 GMT) de la Glorieta de las Mujeres que Luchan rumbo al Z\u00f3calo, donde se espera que presencia policial posiblemente intente dispersar la marcha o impedir su entrada a la plaza p\u00fablica.<\/p>\n\n\n\n<p>Sof\u00eda Pedraza, de 18 a\u00f1os, quien marcha por segunda vez este 8M, considera que el Gobierno \u201ctendr\u00e1 sus razones para proteger los espacios p\u00fablicos\u201d; sin embargo, coincide con sus amigas que: \u201cOjal\u00e1 as\u00ed nos protegieran a nosotras\u201d.<\/p>\n\n\n\n<p>\u201cLa sangre ya est\u00e1 derramada en las calles por muchos a\u00f1os(&#8230;) y los monumentos siempre se pueden limpiar\u201d, advierte.<\/p>\n\n\n\n<figure class=\"wp-block-image size-large\"><a href=\"https:\/\/www.manuelbatistalaw.com\/\" target=\"_blank\" rel=\" noreferrer noopener\"><img loading=\"lazy\" decoding=\"async\" width=\"800\" height=\"367\" src=\"https:\/\/www.americanonewspaper.com\/es\/wp-content\/uploads\/2026\/03\/MBSpanishbanner-copy-800x367.jpg\" alt=\"\" class=\"wp-image-31133\" srcset=\"https:\/\/www.americanonewspaper.com\/es\/wp-content\/uploads\/2026\/03\/MBSpanishbanner-copy-800x367.jpg 800w, https:\/\/www.americanonewspaper.com\/es\/wp-content\/uploads\/2026\/03\/MBSpanishbanner-copy-300x138.jpg 300w, https:\/\/www.americanonewspaper.com\/es\/wp-content\/uploads\/2026\/03\/MBSpanishbanner-copy-768x352.jpg 768w, https:\/\/www.americanonewspaper.com\/es\/wp-content\/uploads\/2026\/03\/MBSpanishbanner-copy-150x69.jpg 150w, https:\/\/www.americanonewspaper.com\/es\/wp-content\/uploads\/2026\/03\/MBSpanishbanner-copy-696x319.jpg 696w, https:\/\/www.americanonewspaper.com\/es\/wp-content\/uploads\/2026\/03\/MBSpanishbanner-copy-1068x490.jpg 1068w, https:\/\/www.americanonewspaper.com\/es\/wp-content\/uploads\/2026\/03\/MBSpanishbanner-copy.jpg 1200w\" sizes=\"(max-width: 800px) 100vw, 800px\" \/><\/a><\/figure>\n\n\n\n<figure class=\"wp-block-image size-large\"><img loading=\"lazy\" decoding=\"async\" width=\"750\" height=\"500\" src=\"https:\/\/www.americanonewspaper.com\/es\/wp-content\/uploads\/2026\/03\/Pachuca3-750x500.jpeg\" alt=\"\" class=\"wp-image-31213\" srcset=\"https:\/\/www.americanonewspaper.com\/es\/wp-content\/uploads\/2026\/03\/Pachuca3-750x500.jpeg 750w, https:\/\/www.americanonewspaper.com\/es\/wp-content\/uploads\/2026\/03\/Pachuca3-300x200.jpeg 300w, https:\/\/www.americanonewspaper.com\/es\/wp-content\/uploads\/2026\/03\/Pachuca3-768x512.jpeg 768w, https:\/\/www.americanonewspaper.com\/es\/wp-content\/uploads\/2026\/03\/Pachuca3-150x100.jpeg 150w, https:\/\/www.americanonewspaper.com\/es\/wp-content\/uploads\/2026\/03\/Pachuca3-696x464.jpeg 696w, https:\/\/www.americanonewspaper.com\/es\/wp-content\/uploads\/2026\/03\/Pachuca3.jpeg 900w\" sizes=\"(max-width: 750px) 100vw, 750px\" \/><figcaption class=\"wp-element-caption\">Mujeres participan en una marcha con motivo del D\u00eda Internacional de la Mujer en Pachuca (M\u00e9xico). EFE\/ David Mart\u00ednez Pelcastre<\/figcaption><\/figure>\n\n\n\n<p>A la protesta se sumaron diversidades de mujeres, como las integrantes de la comunidad de lenguaje de se\u00f1as, quienes advirtieron que las violencias que atraviesan son muchas veces las m\u00e1s invisibilizadas.<\/p>\n\n\n\n<figure class=\"wp-block-image size-large\"><a href=\"https:\/\/ramospodiatry.com\/\" target=\"_blank\" rel=\" noreferrer noopener\"><img loading=\"lazy\" decoding=\"async\" width=\"800\" height=\"376\" src=\"https:\/\/www.americanonewspaper.com\/es\/wp-content\/uploads\/2026\/03\/Screenshot-2026-03-07-at-10.54.07-PM-800x376.png\" alt=\"\" class=\"wp-image-31186\" srcset=\"https:\/\/www.americanonewspaper.com\/es\/wp-content\/uploads\/2026\/03\/Screenshot-2026-03-07-at-10.54.07-PM-800x376.png 800w, https:\/\/www.americanonewspaper.com\/es\/wp-content\/uploads\/2026\/03\/Screenshot-2026-03-07-at-10.54.07-PM-300x141.png 300w, https:\/\/www.americanonewspaper.com\/es\/wp-content\/uploads\/2026\/03\/Screenshot-2026-03-07-at-10.54.07-PM-768x361.png 768w, https:\/\/www.americanonewspaper.com\/es\/wp-content\/uploads\/2026\/03\/Screenshot-2026-03-07-at-10.54.07-PM-1536x723.png 1536w, https:\/\/www.americanonewspaper.com\/es\/wp-content\/uploads\/2026\/03\/Screenshot-2026-03-07-at-10.54.07-PM-150x71.png 150w, https:\/\/www.americanonewspaper.com\/es\/wp-content\/uploads\/2026\/03\/Screenshot-2026-03-07-at-10.54.07-PM-696x328.png 696w, https:\/\/www.americanonewspaper.com\/es\/wp-content\/uploads\/2026\/03\/Screenshot-2026-03-07-at-10.54.07-PM-1068x503.png 1068w, https:\/\/www.americanonewspaper.com\/es\/wp-content\/uploads\/2026\/03\/Screenshot-2026-03-07-at-10.54.07-PM.png 1598w\" sizes=\"(max-width: 800px) 100vw, 800px\" \/><\/a><\/figure>\n\n\n\n<p>\u201cA muchas mujeres sordas las han matado, las han secuestrado y ellas tampoco tienen una forma factible de comunicarse\u201d, se\u00f1ala Cecilia Bello, una mujer sorda integrante de la asociaci\u00f3n Manos en Movimiento.<\/p>\n\n\n\n<p>Las consignas apuntan a una realidad persistente: en <a href=\"https:\/\/www.americanonewspaper.com\/women-march-on-international-womens-day\/\" target=\"_blank\" rel=\"noreferrer noopener\">M\u00e9xico<\/a> unas diez mujeres son asesinadas cada d\u00eda, una tendencia constante en la \u00faltima d\u00e9cada. \u201cSomos el coraz\u00f3n de las que ya no laten\u201d, se lee en una de ellas.<\/p>\n\n\n\n<p>Solo en 2025 se registraron 2.798 asesinatos de mujeres, de los cuales 725 se investigan como feminicidio, es decir, cr\u00edmenes por razones de g\u00e9nero.<\/p>\n\n\n\n<figure class=\"wp-block-image size-large\"><a href=\"https:\/\/www.eventbrite.com\/e\/the-art-of-being-a-modern-latina-event-2026-tickets-1982356228844?aff=oddtdtcreator\" target=\"_blank\" rel=\" noreferrer noopener\"><img loading=\"lazy\" decoding=\"async\" width=\"800\" height=\"407\" src=\"https:\/\/www.americanonewspaper.com\/es\/wp-content\/uploads\/2026\/02\/Screenshot-2026-02-25-at-6.54.42-PM-800x407.png\" alt=\"\" class=\"wp-image-31073\" srcset=\"https:\/\/www.americanonewspaper.com\/es\/wp-content\/uploads\/2026\/02\/Screenshot-2026-02-25-at-6.54.42-PM-800x407.png 800w, https:\/\/www.americanonewspaper.com\/es\/wp-content\/uploads\/2026\/02\/Screenshot-2026-02-25-at-6.54.42-PM-300x153.png 300w, https:\/\/www.americanonewspaper.com\/es\/wp-content\/uploads\/2026\/02\/Screenshot-2026-02-25-at-6.54.42-PM-768x391.png 768w, https:\/\/www.americanonewspaper.com\/es\/wp-content\/uploads\/2026\/02\/Screenshot-2026-02-25-at-6.54.42-PM-1536x781.png 1536w, https:\/\/www.americanonewspaper.com\/es\/wp-content\/uploads\/2026\/02\/Screenshot-2026-02-25-at-6.54.42-PM-150x76.png 150w, https:\/\/www.americanonewspaper.com\/es\/wp-content\/uploads\/2026\/02\/Screenshot-2026-02-25-at-6.54.42-PM-696x354.png 696w, https:\/\/www.americanonewspaper.com\/es\/wp-content\/uploads\/2026\/02\/Screenshot-2026-02-25-at-6.54.42-PM-1068x543.png 1068w, https:\/\/www.americanonewspaper.com\/es\/wp-content\/uploads\/2026\/02\/Screenshot-2026-02-25-at-6.54.42-PM.png 1608w\" sizes=\"(max-width: 800px) 100vw, 800px\" \/><\/a><\/figure>\n\n\n\n<p>Organizaciones civiles advierten que muchas muertes violentas no se investigan como feminicidio y alertan sobre otras formas de violencia persistentes, como las desapariciones, en un pa\u00eds con m\u00e1s de 130.000 personas desaparecidas, una cuarta parte son mujeres.<\/p>\n\n\n\n<p><\/p>\n","protected":false},"excerpt":{"rendered":"<p>Ciudad de M\u00e9xico, 8 mar (EFE).- Por Mar\u00eda Julia Casta\u00f1eda Miles de mujeres tomaron este domingo las calles de la Ciudad de M\u00e9xico en el D\u00eda Internacional de la Mujer, entre carteles con consignas como \u201cNo llegamos todas\u201d y \u201cNi una hija menos, ni una madre rota m\u00e1s\u201d, para denunciar la violencia machista en un [&hellip;]<\/p>\n","protected":false},"author":7,"featured_media":31211,"comment_status":"open","ping_status":"open","sticky":false,"template":"","format":"standard","meta":{"_acf_changed":false,"tdm_status":"","tdm_grid_status":"","_jetpack_memberships_contains_paid_content":false,"footnotes":"","jetpack_publicize_message":"","jetpack_publicize_feature_enabled":true,"jetpack_social_post_already_shared":false,"jetpack_social_options":{"image_generator_settings":{"template":"highway","default_image_id":0,"font":"","enabled":false,"token":"eyJpbWciOiJodHRwczpcL1wvd3d3LmFtZXJpY2Fub25ld3NwYXBlci5jb21cL2VzXC93cC1jb250ZW50XC91cGxvYWRzXC8yMDI2XC8wM1wvUGFjaHVjYS03NTB4NTAwLmpwZWciLCJ0eHQiOiJNaWxlcyBkZSBNdWplcmVzIE1hcmNoYW4gZW4gTVx1MDBlOXhpY28iLCJ0ZW1wbGF0ZSI6ImhpZ2h3YXkiLCJmb250IjoiIiwiYmxvZ19pZCI6MjI4NjE5NTc0fQ.U9WT1bBlqebAn7-ZZ_8Kr9JHZtu3vQDvWJdyGiPQN84MQ"},"version":2,"media_source":"featured-image","attached_media":[{"id":31211,"url":"https:\/\/www.americanonewspaper.com\/es\/wp-content\/uploads\/2026\/03\/Pachuca.jpeg","type":"image\/jpeg"}]},"_wpas_customize_per_network":false},"categories":[596,528],"tags":[],"class_list":{"0":"post-31210","1":"post","2":"type-post","3":"status-publish","4":"format-standard","5":"has-post-thumbnail","7":"category-comunidad","8":"category-mexico-2"},"acf":[],"yoast_head":"<!-- This site is optimized with the Yoast SEO Premium plugin v27.5 (Yoast SEO v27.5) - https:\/\/yoast.com\/product\/yoast-seo-premium-wordpress\/ -->\n<title>Miles de Mujeres Marchan en M\u00e9xico - Americano Newspaper<\/title>\n<meta name=\"description\" content=\"Miles de mujeres tomaron este domingo las calles de la Ciudad de M\u00e9xico en el D\u00eda Internacional de la Mujer, entre carteles con consignas como \u201cNo llegamos todas\u201d y \u201cNi una hija menos, ni una madre rota m\u00e1s\u201d, para denunciar la violencia machista en un pa\u00eds donde alrededor de diez mujeres son asesinadas cada d\u00eda.\" \/>\n<meta name=\"robots\" content=\"index, follow, max-snippet:-1, max-image-preview:large, max-video-preview:-1\" \/>\n<link rel=\"canonical\" href=\"https:\/\/www.americanonewspaper.com\/es\/mexico-2\/miles-de-mujeres-marchan-en-mexico\/\" \/>\n<meta property=\"og:locale\" content=\"en_US\" \/>\n<meta property=\"og:type\" content=\"article\" \/>\n<meta property=\"og:title\" content=\"Miles de Mujeres Marchan en M\u00e9xico\" \/>\n<meta property=\"og:description\" content=\"Miles de mujeres tomaron este domingo las calles de la Ciudad de M\u00e9xico en el D\u00eda Internacional de la Mujer, entre carteles con consignas como \u201cNo llegamos todas\u201d y \u201cNi una hija menos, ni una madre rota m\u00e1s\u201d, para denunciar la violencia machista en un pa\u00eds donde alrededor de diez mujeres son asesinadas cada d\u00eda.\" \/>\n<meta property=\"og:url\" content=\"https:\/\/www.americanonewspaper.com\/es\/mexico-2\/miles-de-mujeres-marchan-en-mexico\/\" \/>\n<meta property=\"og:site_name\" content=\"Americano Newspaper\" \/>\n<meta property=\"article:publisher\" content=\"https:\/\/www.facebook.com\/AmericanoNewspaper\/\" \/>\n<meta property=\"article:published_time\" content=\"2026-03-09T01:08:09+00:00\" \/>\n<meta property=\"article:modified_time\" content=\"2026-03-09T01:13:28+00:00\" \/>\n<meta property=\"og:image\" content=\"https:\/\/www.americanonewspaper.com\/es\/wp-content\/uploads\/2026\/03\/Pachuca.jpeg\" \/>\n\t<meta property=\"og:image:width\" content=\"1920\" \/>\n\t<meta property=\"og:image:height\" content=\"1280\" \/>\n\t<meta property=\"og:image:type\" content=\"image\/jpeg\" \/>\n<meta name=\"author\" content=\"Author\" \/>\n<meta name=\"twitter:card\" content=\"summary_large_image\" \/>\n<meta name=\"twitter:label1\" content=\"Written by\" \/>\n\t<meta name=\"twitter:data1\" content=\"Author\" \/>\n\t<meta name=\"twitter:label2\" content=\"Est. reading time\" \/>\n\t<meta name=\"twitter:data2\" content=\"6 minutes\" \/>\n<script type=\"application\/ld+json\" class=\"yoast-schema-graph\">{\"@context\":\"https:\\\/\\\/schema.org\",\"@graph\":[{\"@type\":\"Article\",\"@id\":\"https:\\\/\\\/www.americanonewspaper.com\\\/es\\\/mexico-2\\\/miles-de-mujeres-marchan-en-mexico\\\/#article\",\"isPartOf\":{\"@id\":\"https:\\\/\\\/www.americanonewspaper.com\\\/es\\\/mexico-2\\\/miles-de-mujeres-marchan-en-mexico\\\/\"},\"author\":{\"name\":\"Author\",\"@id\":\"https:\\\/\\\/www.americanonewspaper.com\\\/es\\\/#\\\/schema\\\/person\\\/8967f6b8af7e37bcbbe61f68580ff088\"},\"headline\":\"Miles de Mujeres Marchan en M\u00e9xico\",\"datePublished\":\"2026-03-09T01:08:09+00:00\",\"dateModified\":\"2026-03-09T01:13:28+00:00\",\"mainEntityOfPage\":{\"@id\":\"https:\\\/\\\/www.americanonewspaper.com\\\/es\\\/mexico-2\\\/miles-de-mujeres-marchan-en-mexico\\\/\"},\"wordCount\":797,\"commentCount\":0,\"publisher\":{\"@id\":\"https:\\\/\\\/www.americanonewspaper.com\\\/es\\\/#organization\"},\"image\":{\"@id\":\"https:\\\/\\\/www.americanonewspaper.com\\\/es\\\/mexico-2\\\/miles-de-mujeres-marchan-en-mexico\\\/#primaryimage\"},\"thumbnailUrl\":\"https:\\\/\\\/www.americanonewspaper.com\\\/es\\\/wp-content\\\/uploads\\\/2026\\\/03\\\/Pachuca.jpeg\",\"articleSection\":[\"Comunidad\",\"M\u00e9xico\"],\"inLanguage\":\"en-US\",\"potentialAction\":[{\"@type\":\"CommentAction\",\"name\":\"Comment\",\"target\":[\"https:\\\/\\\/www.americanonewspaper.com\\\/es\\\/mexico-2\\\/miles-de-mujeres-marchan-en-mexico\\\/#respond\"]}]},{\"@type\":\"WebPage\",\"@id\":\"https:\\\/\\\/www.americanonewspaper.com\\\/es\\\/mexico-2\\\/miles-de-mujeres-marchan-en-mexico\\\/\",\"url\":\"https:\\\/\\\/www.americanonewspaper.com\\\/es\\\/mexico-2\\\/miles-de-mujeres-marchan-en-mexico\\\/\",\"name\":\"Miles de Mujeres Marchan en M\u00e9xico - Americano Newspaper\",\"isPartOf\":{\"@id\":\"https:\\\/\\\/www.americanonewspaper.com\\\/es\\\/#website\"},\"primaryImageOfPage\":{\"@id\":\"https:\\\/\\\/www.americanonewspaper.com\\\/es\\\/mexico-2\\\/miles-de-mujeres-marchan-en-mexico\\\/#primaryimage\"},\"image\":{\"@id\":\"https:\\\/\\\/www.americanonewspaper.com\\\/es\\\/mexico-2\\\/miles-de-mujeres-marchan-en-mexico\\\/#primaryimage\"},\"thumbnailUrl\":\"https:\\\/\\\/www.americanonewspaper.com\\\/es\\\/wp-content\\\/uploads\\\/2026\\\/03\\\/Pachuca.jpeg\",\"datePublished\":\"2026-03-09T01:08:09+00:00\",\"dateModified\":\"2026-03-09T01:13:28+00:00\",\"description\":\"Miles de mujeres tomaron este domingo las calles de la Ciudad de M\u00e9xico en el D\u00eda Internacional de la Mujer, entre carteles con consignas como \u201cNo llegamos todas\u201d y \u201cNi una hija menos, ni una madre rota m\u00e1s\u201d, para denunciar la violencia machista en un pa\u00eds donde alrededor de diez mujeres son asesinadas cada d\u00eda.\",\"breadcrumb\":{\"@id\":\"https:\\\/\\\/www.americanonewspaper.com\\\/es\\\/mexico-2\\\/miles-de-mujeres-marchan-en-mexico\\\/#breadcrumb\"},\"inLanguage\":\"en-US\",\"potentialAction\":[{\"@type\":\"ReadAction\",\"target\":[\"https:\\\/\\\/www.americanonewspaper.com\\\/es\\\/mexico-2\\\/miles-de-mujeres-marchan-en-mexico\\\/\"]}]},{\"@type\":\"ImageObject\",\"inLanguage\":\"en-US\",\"@id\":\"https:\\\/\\\/www.americanonewspaper.com\\\/es\\\/mexico-2\\\/miles-de-mujeres-marchan-en-mexico\\\/#primaryimage\",\"url\":\"https:\\\/\\\/www.americanonewspaper.com\\\/es\\\/wp-content\\\/uploads\\\/2026\\\/03\\\/Pachuca.jpeg\",\"contentUrl\":\"https:\\\/\\\/www.americanonewspaper.com\\\/es\\\/wp-content\\\/uploads\\\/2026\\\/03\\\/Pachuca.jpeg\",\"width\":1920,\"height\":1280,\"caption\":\"Mujeres sostienen carteles durante una marcha con motivo del D\u00eda Internacional de la Mujer en Pachuca (M\u00e9xico). EFE\\\/ David Mart\u00ednez Pelcastre\"},{\"@type\":\"BreadcrumbList\",\"@id\":\"https:\\\/\\\/www.americanonewspaper.com\\\/es\\\/mexico-2\\\/miles-de-mujeres-marchan-en-mexico\\\/#breadcrumb\",\"itemListElement\":[{\"@type\":\"ListItem\",\"position\":1,\"name\":\"Home\",\"item\":\"https:\\\/\\\/www.americanonewspaper.com\\\/es\\\/\"},{\"@type\":\"ListItem\",\"position\":2,\"name\":\"Miles de Mujeres Marchan en M\u00e9xico\"}]},{\"@type\":\"WebSite\",\"@id\":\"https:\\\/\\\/www.americanonewspaper.com\\\/es\\\/#website\",\"url\":\"https:\\\/\\\/www.americanonewspaper.com\\\/es\\\/\",\"name\":\"Americano Newspaper\",\"description\":\"The Hispanic Newspaper of New Jersey.\",\"publisher\":{\"@id\":\"https:\\\/\\\/www.americanonewspaper.com\\\/es\\\/#organization\"},\"potentialAction\":[{\"@type\":\"SearchAction\",\"target\":{\"@type\":\"EntryPoint\",\"urlTemplate\":\"https:\\\/\\\/www.americanonewspaper.com\\\/es\\\/?s={search_term_string}\"},\"query-input\":{\"@type\":\"PropertyValueSpecification\",\"valueRequired\":true,\"valueName\":\"search_term_string\"}}],\"inLanguage\":\"en-US\"},{\"@type\":\"Organization\",\"@id\":\"https:\\\/\\\/www.americanonewspaper.com\\\/es\\\/#organization\",\"name\":\"Americano Newspaper\",\"url\":\"https:\\\/\\\/www.americanonewspaper.com\\\/es\\\/\",\"logo\":{\"@type\":\"ImageObject\",\"inLanguage\":\"en-US\",\"@id\":\"https:\\\/\\\/www.americanonewspaper.com\\\/es\\\/#\\\/schema\\\/logo\\\/image\\\/\",\"url\":\"https:\\\/\\\/www.americanonewspaper.com\\\/es\\\/wp-content\\\/uploads\\\/2024\\\/05\\\/AmericanoLogoCircle.comCircle2.jpg\",\"contentUrl\":\"https:\\\/\\\/www.americanonewspaper.com\\\/es\\\/wp-content\\\/uploads\\\/2024\\\/05\\\/AmericanoLogoCircle.comCircle2.jpg\",\"width\":600,\"height\":600,\"caption\":\"Americano Newspaper\"},\"image\":{\"@id\":\"https:\\\/\\\/www.americanonewspaper.com\\\/es\\\/#\\\/schema\\\/logo\\\/image\\\/\"},\"sameAs\":[\"https:\\\/\\\/www.facebook.com\\\/AmericanoNewspaper\\\/\"]},{\"@type\":\"Person\",\"@id\":\"https:\\\/\\\/www.americanonewspaper.com\\\/es\\\/#\\\/schema\\\/person\\\/8967f6b8af7e37bcbbe61f68580ff088\",\"name\":\"Author\",\"image\":{\"@type\":\"ImageObject\",\"inLanguage\":\"en-US\",\"@id\":\"https:\\\/\\\/www.americanonewspaper.com\\\/es\\\/wp-content\\\/litespeed\\\/avatar\\\/89ffaf6af3cf6769ffb3c6efb2313947.jpg?ver=1777427547\",\"url\":\"https:\\\/\\\/www.americanonewspaper.com\\\/es\\\/wp-content\\\/litespeed\\\/avatar\\\/89ffaf6af3cf6769ffb3c6efb2313947.jpg?ver=1777427547\",\"contentUrl\":\"https:\\\/\\\/www.americanonewspaper.com\\\/es\\\/wp-content\\\/litespeed\\\/avatar\\\/89ffaf6af3cf6769ffb3c6efb2313947.jpg?ver=1777427547\",\"caption\":\"Author\"},\"url\":\"https:\\\/\\\/www.americanonewspaper.com\\\/es\\\/author\\\/americano\\\/\"}]}<\/script>\n<!-- \/ Yoast SEO Premium plugin. -->","yoast_head_json":{"title":"Miles de Mujeres Marchan en M\u00e9xico - Americano Newspaper","description":"Miles de mujeres tomaron este domingo las calles de la Ciudad de M\u00e9xico en el D\u00eda Internacional de la Mujer, entre carteles con consignas como \u201cNo llegamos todas\u201d y \u201cNi una hija menos, ni una madre rota m\u00e1s\u201d, para denunciar la violencia machista en un pa\u00eds donde alrededor de diez mujeres son asesinadas cada d\u00eda.","robots":{"index":"index","follow":"follow","max-snippet":"max-snippet:-1","max-image-preview":"max-image-preview:large","max-video-preview":"max-video-preview:-1"},"canonical":"https:\/\/www.americanonewspaper.com\/es\/mexico-2\/miles-de-mujeres-marchan-en-mexico\/","og_locale":"en_US","og_type":"article","og_title":"Miles de Mujeres Marchan en M\u00e9xico","og_description":"Miles de mujeres tomaron este domingo las calles de la Ciudad de M\u00e9xico en el D\u00eda Internacional de la Mujer, entre carteles con consignas como \u201cNo llegamos todas\u201d y \u201cNi una hija menos, ni una madre rota m\u00e1s\u201d, para denunciar la violencia machista en un pa\u00eds donde alrededor de diez mujeres son asesinadas cada d\u00eda.","og_url":"https:\/\/www.americanonewspaper.com\/es\/mexico-2\/miles-de-mujeres-marchan-en-mexico\/","og_site_name":"Americano Newspaper","article_publisher":"https:\/\/www.facebook.com\/AmericanoNewspaper\/","article_published_time":"2026-03-09T01:08:09+00:00","article_modified_time":"2026-03-09T01:13:28+00:00","og_image":[{"width":1920,"height":1280,"url":"https:\/\/www.americanonewspaper.com\/es\/wp-content\/uploads\/2026\/03\/Pachuca.jpeg","type":"image\/jpeg"}],"author":"Author","twitter_card":"summary_large_image","twitter_misc":{"Written by":"Author","Est. reading time":"6 minutes"},"schema":{"@context":"https:\/\/schema.org","@graph":[{"@type":"Article","@id":"https:\/\/www.americanonewspaper.com\/es\/mexico-2\/miles-de-mujeres-marchan-en-mexico\/#article","isPartOf":{"@id":"https:\/\/www.americanonewspaper.com\/es\/mexico-2\/miles-de-mujeres-marchan-en-mexico\/"},"author":{"name":"Author","@id":"https:\/\/www.americanonewspaper.com\/es\/#\/schema\/person\/8967f6b8af7e37bcbbe61f68580ff088"},"headline":"Miles de Mujeres Marchan en M\u00e9xico","datePublished":"2026-03-09T01:08:09+00:00","dateModified":"2026-03-09T01:13:28+00:00","mainEntityOfPage":{"@id":"https:\/\/www.americanonewspaper.com\/es\/mexico-2\/miles-de-mujeres-marchan-en-mexico\/"},"wordCount":797,"commentCount":0,"publisher":{"@id":"https:\/\/www.americanonewspaper.com\/es\/#organization"},"image":{"@id":"https:\/\/www.americanonewspaper.com\/es\/mexico-2\/miles-de-mujeres-marchan-en-mexico\/#primaryimage"},"thumbnailUrl":"https:\/\/www.americanonewspaper.com\/es\/wp-content\/uploads\/2026\/03\/Pachuca.jpeg","articleSection":["Comunidad","M\u00e9xico"],"inLanguage":"en-US","potentialAction":[{"@type":"CommentAction","name":"Comment","target":["https:\/\/www.americanonewspaper.com\/es\/mexico-2\/miles-de-mujeres-marchan-en-mexico\/#respond"]}]},{"@type":"WebPage","@id":"https:\/\/www.americanonewspaper.com\/es\/mexico-2\/miles-de-mujeres-marchan-en-mexico\/","url":"https:\/\/www.americanonewspaper.com\/es\/mexico-2\/miles-de-mujeres-marchan-en-mexico\/","name":"Miles de Mujeres Marchan en M\u00e9xico - Americano Newspaper","isPartOf":{"@id":"https:\/\/www.americanonewspaper.com\/es\/#website"},"primaryImageOfPage":{"@id":"https:\/\/www.americanonewspaper.com\/es\/mexico-2\/miles-de-mujeres-marchan-en-mexico\/#primaryimage"},"image":{"@id":"https:\/\/www.americanonewspaper.com\/es\/mexico-2\/miles-de-mujeres-marchan-en-mexico\/#primaryimage"},"thumbnailUrl":"https:\/\/www.americanonewspaper.com\/es\/wp-content\/uploads\/2026\/03\/Pachuca.jpeg","datePublished":"2026-03-09T01:08:09+00:00","dateModified":"2026-03-09T01:13:28+00:00","description":"Miles de mujeres tomaron este domingo las calles de la Ciudad de M\u00e9xico en el D\u00eda Internacional de la Mujer, entre carteles con consignas como \u201cNo llegamos todas\u201d y \u201cNi una hija menos, ni una madre rota m\u00e1s\u201d, para denunciar la violencia machista en un pa\u00eds donde alrededor de diez mujeres son asesinadas cada d\u00eda.","breadcrumb":{"@id":"https:\/\/www.americanonewspaper.com\/es\/mexico-2\/miles-de-mujeres-marchan-en-mexico\/#breadcrumb"},"inLanguage":"en-US","potentialAction":[{"@type":"ReadAction","target":["https:\/\/www.americanonewspaper.com\/es\/mexico-2\/miles-de-mujeres-marchan-en-mexico\/"]}]},{"@type":"ImageObject","inLanguage":"en-US","@id":"https:\/\/www.americanonewspaper.com\/es\/mexico-2\/miles-de-mujeres-marchan-en-mexico\/#primaryimage","url":"https:\/\/www.americanonewspaper.com\/es\/wp-content\/uploads\/2026\/03\/Pachuca.jpeg","contentUrl":"https:\/\/www.americanonewspaper.com\/es\/wp-content\/uploads\/2026\/03\/Pachuca.jpeg","width":1920,"height":1280,"caption":"Mujeres sostienen carteles durante una marcha con motivo del D\u00eda Internacional de la Mujer en Pachuca (M\u00e9xico). EFE\/ David Mart\u00ednez Pelcastre"},{"@type":"BreadcrumbList","@id":"https:\/\/www.americanonewspaper.com\/es\/mexico-2\/miles-de-mujeres-marchan-en-mexico\/#breadcrumb","itemListElement":[{"@type":"ListItem","position":1,"name":"Home","item":"https:\/\/www.americanonewspaper.com\/es\/"},{"@type":"ListItem","position":2,"name":"Miles de Mujeres Marchan en M\u00e9xico"}]},{"@type":"WebSite","@id":"https:\/\/www.americanonewspaper.com\/es\/#website","url":"https:\/\/www.americanonewspaper.com\/es\/","name":"Americano Newspaper","description":"The Hispanic Newspaper of New Jersey.","publisher":{"@id":"https:\/\/www.americanonewspaper.com\/es\/#organization"},"potentialAction":[{"@type":"SearchAction","target":{"@type":"EntryPoint","urlTemplate":"https:\/\/www.americanonewspaper.com\/es\/?s={search_term_string}"},"query-input":{"@type":"PropertyValueSpecification","valueRequired":true,"valueName":"search_term_string"}}],"inLanguage":"en-US"},{"@type":"Organization","@id":"https:\/\/www.americanonewspaper.com\/es\/#organization","name":"Americano Newspaper","url":"https:\/\/www.americanonewspaper.com\/es\/","logo":{"@type":"ImageObject","inLanguage":"en-US","@id":"https:\/\/www.americanonewspaper.com\/es\/#\/schema\/logo\/image\/","url":"https:\/\/www.americanonewspaper.com\/es\/wp-content\/uploads\/2024\/05\/AmericanoLogoCircle.comCircle2.jpg","contentUrl":"https:\/\/www.americanonewspaper.com\/es\/wp-content\/uploads\/2024\/05\/AmericanoLogoCircle.comCircle2.jpg","width":600,"height":600,"caption":"Americano Newspaper"},"image":{"@id":"https:\/\/www.americanonewspaper.com\/es\/#\/schema\/logo\/image\/"},"sameAs":["https:\/\/www.facebook.com\/AmericanoNewspaper\/"]},{"@type":"Person","@id":"https:\/\/www.americanonewspaper.com\/es\/#\/schema\/person\/8967f6b8af7e37bcbbe61f68580ff088","name":"Author","image":{"@type":"ImageObject","inLanguage":"en-US","@id":"https:\/\/www.americanonewspaper.com\/es\/wp-content\/litespeed\/avatar\/89ffaf6af3cf6769ffb3c6efb2313947.jpg?ver=1777427547","url":"https:\/\/www.americanonewspaper.com\/es\/wp-content\/litespeed\/avatar\/89ffaf6af3cf6769ffb3c6efb2313947.jpg?ver=1777427547","contentUrl":"https:\/\/www.americanonewspaper.com\/es\/wp-content\/litespeed\/avatar\/89ffaf6af3cf6769ffb3c6efb2313947.jpg?ver=1777427547","caption":"Author"},"url":"https:\/\/www.americanonewspaper.com\/es\/author\/americano\/"}]}},"jetpack_publicize_connections":[],"jetpack_featured_media_url":"https:\/\/www.americanonewspaper.com\/es\/wp-content\/uploads\/2026\/03\/Pachuca.jpeg","featured_image_urls":{"full":["https:\/\/www.americanonewspaper.com\/es\/wp-content\/uploads\/2026\/03\/Pachuca.jpeg",1920,1280,false],"thumbnail":["https:\/\/www.americanonewspaper.com\/es\/wp-content\/uploads\/2026\/03\/Pachuca-250x250.jpeg",250,250,true],"medium":["https:\/\/www.americanonewspaper.com\/es\/wp-content\/uploads\/2026\/03\/Pachuca-300x200.jpeg",300,200,true],"medium_large":["https:\/\/www.americanonewspaper.com\/es\/wp-content\/uploads\/2026\/03\/Pachuca-768x512.jpeg",696,464,true],"large":["https:\/\/www.americanonewspaper.com\/es\/wp-content\/uploads\/2026\/03\/Pachuca-750x500.jpeg",696,464,true],"1536x1536":["https:\/\/www.americanonewspaper.com\/es\/wp-content\/uploads\/2026\/03\/Pachuca-1536x1024.jpeg",1536,1024,true],"2048x2048":["https:\/\/www.americanonewspaper.com\/es\/wp-content\/uploads\/2026\/03\/Pachuca.jpeg",1920,1280,false],"td_150x0":["https:\/\/www.americanonewspaper.com\/es\/wp-content\/uploads\/2026\/03\/Pachuca-150x100.jpeg",150,100,true],"td_218x150":["https:\/\/www.americanonewspaper.com\/es\/wp-content\/uploads\/2026\/03\/Pachuca-218x150.jpeg",218,150,true],"td_300x0":["https:\/\/www.americanonewspaper.com\/es\/wp-content\/uploads\/2026\/03\/Pachuca-300x200.jpeg",300,200,true],"td_324x400":["https:\/\/www.americanonewspaper.com\/es\/wp-content\/uploads\/2026\/03\/Pachuca-324x400.jpeg",324,400,true],"td_485x360":["https:\/\/www.americanonewspaper.com\/es\/wp-content\/uploads\/2026\/03\/Pachuca-485x360.jpeg",485,360,true],"td_696x0":["https:\/\/www.americanonewspaper.com\/es\/wp-content\/uploads\/2026\/03\/Pachuca-696x464.jpeg",696,464,true],"td_1068x0":["https:\/\/www.americanonewspaper.com\/es\/wp-content\/uploads\/2026\/03\/Pachuca-1068x712.jpeg",1068,712,true],"td_1920x0":["https:\/\/www.americanonewspaper.com\/es\/wp-content\/uploads\/2026\/03\/Pachuca.jpeg",1920,1280,false],"bdpp-medium":["https:\/\/www.americanonewspaper.com\/es\/wp-content\/uploads\/2026\/03\/Pachuca-640x480.jpeg",640,480,true]},"author_info":{"display_name":"Author","author_link":"https:\/\/www.americanonewspaper.com\/es\/author\/americano\/"},"category_info":"<a href=\"https:\/\/www.americanonewspaper.com\/es\/category\/comunidad\/\" rel=\"category tag\">Comunidad<\/a> <a href=\"https:\/\/www.americanonewspaper.com\/es\/category\/mexico-2\/\" rel=\"category tag\">M\u00e9xico<\/a>","tag_info":"M\u00e9xico","comment_count":"0","jetpack_sharing_enabled":true,"jetpack_likes_enabled":true,"_links":{"self":[{"href":"https:\/\/www.americanonewspaper.com\/es\/wp-json\/wp\/v2\/posts\/31210","targetHints":{"allow":["GET"]}}],"collection":[{"href":"https:\/\/www.americanonewspaper.com\/es\/wp-json\/wp\/v2\/posts"}],"about":[{"href":"https:\/\/www.americanonewspaper.com\/es\/wp-json\/wp\/v2\/types\/post"}],"author":[{"embeddable":true,"href":"https:\/\/www.americanonewspaper.com\/es\/wp-json\/wp\/v2\/users\/7"}],"replies":[{"embeddable":true,"href":"https:\/\/www.americanonewspaper.com\/es\/wp-json\/wp\/v2\/comments?post=31210"}],"version-history":[{"count":2,"href":"https:\/\/www.americanonewspaper.com\/es\/wp-json\/wp\/v2\/posts\/31210\/revisions"}],"predecessor-version":[{"id":31215,"href":"https:\/\/www.americanonewspaper.com\/es\/wp-json\/wp\/v2\/posts\/31210\/revisions\/31215"}],"wp:featuredmedia":[{"embeddable":true,"href":"https:\/\/www.americanonewspaper.com\/es\/wp-json\/wp\/v2\/media\/31211"}],"wp:attachment":[{"href":"https:\/\/www.americanonewspaper.com\/es\/wp-json\/wp\/v2\/media?parent=31210"}],"wp:term":[{"taxonomy":"category","embeddable":true,"href":"https:\/\/www.americanonewspaper.com\/es\/wp-json\/wp\/v2\/categories?post=31210"},{"taxonomy":"post_tag","embeddable":true,"href":"https:\/\/www.americanonewspaper.com\/es\/wp-json\/wp\/v2\/tags?post=31210"}],"curies":[{"name":"wp","href":"https:\/\/api.w.org\/{rel}","templated":true}]}}