{"id":31160,"date":"2026-03-05T21:07:28","date_gmt":"2026-03-06T02:07:28","guid":{"rendered":"https:\/\/www.americanonewspaper.com\/es\/?p=31160"},"modified":"2026-03-05T21:07:32","modified_gmt":"2026-03-06T02:07:32","slug":"bad-gyal-presento-en-miami-su-nuevo-album-mas-cara","status":"publish","type":"post","link":"https:\/\/www.americanonewspaper.com\/es\/farandula\/bad-gyal-presento-en-miami-su-nuevo-album-mas-cara\/","title":{"rendered":"Bad Gyal present\u00f3 en Miami su nuevo \u00e1lbum &#8216;M\u00e1s cara&#8217;"},"content":{"rendered":"\n<p>Miami (EE.UU.), 5 mar (EFE).- Por Alicia Civita<\/p>\n\n\n\n<p class=\"dropcapp3\">La cantautora espa\u00f1ola Bad Gyal present\u00f3 este jueves en Miami su nuevo \u00e1lbum &#8216;M\u00e1s cara&#8217;, el segundo de su carrera y un proyecto que define como &#8220;un regalo&#8221; para su yo adolescente, con profundas ra\u00edces en los ritmos urbanos del Caribe.<\/p>\n\n\n\n<figure class=\"wp-block-image size-large\"><img fetchpriority=\"high\" decoding=\"async\" width=\"800\" height=\"384\" src=\"https:\/\/www.americanonewspaper.com\/es\/wp-content\/uploads\/2026\/02\/Screenshot-2026-02-24-at-7.15.04-PM-800x384.png\" alt=\"\" class=\"wp-image-31042\" srcset=\"https:\/\/www.americanonewspaper.com\/es\/wp-content\/uploads\/2026\/02\/Screenshot-2026-02-24-at-7.15.04-PM-800x384.png 800w, https:\/\/www.americanonewspaper.com\/es\/wp-content\/uploads\/2026\/02\/Screenshot-2026-02-24-at-7.15.04-PM-300x144.png 300w, https:\/\/www.americanonewspaper.com\/es\/wp-content\/uploads\/2026\/02\/Screenshot-2026-02-24-at-7.15.04-PM-768x369.png 768w, https:\/\/www.americanonewspaper.com\/es\/wp-content\/uploads\/2026\/02\/Screenshot-2026-02-24-at-7.15.04-PM-1536x737.png 1536w, https:\/\/www.americanonewspaper.com\/es\/wp-content\/uploads\/2026\/02\/Screenshot-2026-02-24-at-7.15.04-PM-150x72.png 150w, https:\/\/www.americanonewspaper.com\/es\/wp-content\/uploads\/2026\/02\/Screenshot-2026-02-24-at-7.15.04-PM-696x334.png 696w, https:\/\/www.americanonewspaper.com\/es\/wp-content\/uploads\/2026\/02\/Screenshot-2026-02-24-at-7.15.04-PM-1068x513.png 1068w, https:\/\/www.americanonewspaper.com\/es\/wp-content\/uploads\/2026\/02\/Screenshot-2026-02-24-at-7.15.04-PM.png 1608w\" sizes=\"(max-width: 800px) 100vw, 800px\" \/><\/figure>\n\n\n\n<p>&#8220;La Alba, de 12 a 16 a\u00f1os, no podr\u00eda creer esto&#8221;, dijo la artista, cuyo nombre es Alba Farelo i Sol\u00e9 (1997) durante una transmisi\u00f3n en vivo en TikTok con la que comenz\u00f3 las actividades de lanzamiento del \u00e1lbum, grabado en Miami, Medell\u00edn, Puerto Rico y Espa\u00f1a.<\/p>\n\n\n\n<p>&#8220;Estoy nerviosa, emocionada y muy pendiente de c\u00f3mo la gente lo va a recibir. Yo s\u00ed veo las reacciones en las redes sociales. No voy a decir que no&#8221;, confes\u00f3 desde Miami.<\/p>\n\n\n\n<p>Gran parte de esos nervios proviene del &#8220;gran esfuerzo y pasi\u00f3n&#8221; que requiri\u00f3 la producci\u00f3n de &#8216;M\u00e1s cara&#8217;. &#8220;Fueron tres campamentos de composici\u00f3n con mucha gente a la que admiro much\u00edsimo desde que empec\u00e9 a consumir esta m\u00fasica&#8221;, explic\u00f3.<\/p>\n\n\n\n<figure class=\"wp-block-image size-large\"><img decoding=\"async\" width=\"800\" height=\"434\" src=\"https:\/\/www.americanonewspaper.com\/es\/wp-content\/uploads\/2026\/02\/Screenshot-2026-02-24-at-7.16.02-PM-800x434.png\" alt=\"\" class=\"wp-image-31043\" srcset=\"https:\/\/www.americanonewspaper.com\/es\/wp-content\/uploads\/2026\/02\/Screenshot-2026-02-24-at-7.16.02-PM-800x434.png 800w, https:\/\/www.americanonewspaper.com\/es\/wp-content\/uploads\/2026\/02\/Screenshot-2026-02-24-at-7.16.02-PM-300x163.png 300w, https:\/\/www.americanonewspaper.com\/es\/wp-content\/uploads\/2026\/02\/Screenshot-2026-02-24-at-7.16.02-PM-768x417.png 768w, https:\/\/www.americanonewspaper.com\/es\/wp-content\/uploads\/2026\/02\/Screenshot-2026-02-24-at-7.16.02-PM-1536x834.png 1536w, https:\/\/www.americanonewspaper.com\/es\/wp-content\/uploads\/2026\/02\/Screenshot-2026-02-24-at-7.16.02-PM-150x81.png 150w, https:\/\/www.americanonewspaper.com\/es\/wp-content\/uploads\/2026\/02\/Screenshot-2026-02-24-at-7.16.02-PM-696x378.png 696w, https:\/\/www.americanonewspaper.com\/es\/wp-content\/uploads\/2026\/02\/Screenshot-2026-02-24-at-7.16.02-PM-1068x580.png 1068w, https:\/\/www.americanonewspaper.com\/es\/wp-content\/uploads\/2026\/02\/Screenshot-2026-02-24-at-7.16.02-PM.png 1602w\" sizes=\"(max-width: 800px) 100vw, 800px\" \/><\/figure>\n\n\n\n<p>Aunque la composici\u00f3n fue en gran medida digital: &#8220;se hizo desde la base. Los ritmos los creamos juntos, yo sentada en el estudio diciendo esto s\u00ed, esto no&#8221;, agreg\u00f3, describiendo un proceso poco com\u00fan en la creaci\u00f3n de m\u00fasica urbana, en el que las canciones se arman por partes y, muchas veces, desde lugares remotos.<\/p>\n\n\n\n<p>&#8220;Yo quer\u00eda un \u00e1lbum c\u00e1lido que se creara en el momento y creo que eso lo va a percibir quien escuche mi m\u00fasica&#8221;, a\u00f1adi\u00f3.<\/p>\n\n\n\n<p>Bad Gyal describe el proyecto como su \u201cdream playlist\u201d (lista de reproducci\u00f3n so\u00f1ada) y como una especie de mapa sonoro que conecta las influencias que marcaron su adolescencia con su evoluci\u00f3n actual como artista global, comenzando por el artista puertorrique\u00f1o J. \u00c1lvarez, con quien comparte el micr\u00f3fono en &#8216;La iniciativa&#8217;.<\/p>\n\n\n\n<figure class=\"wp-block-image size-large\"><img decoding=\"async\" width=\"800\" height=\"367\" src=\"https:\/\/www.americanonewspaper.com\/es\/wp-content\/uploads\/2026\/02\/SantiagoCruz_1200x550_Spanish-800x367.jpeg\" alt=\"\" class=\"wp-image-31039\" srcset=\"https:\/\/www.americanonewspaper.com\/es\/wp-content\/uploads\/2026\/02\/SantiagoCruz_1200x550_Spanish-800x367.jpeg 800w, https:\/\/www.americanonewspaper.com\/es\/wp-content\/uploads\/2026\/02\/SantiagoCruz_1200x550_Spanish-300x138.jpeg 300w, https:\/\/www.americanonewspaper.com\/es\/wp-content\/uploads\/2026\/02\/SantiagoCruz_1200x550_Spanish-768x352.jpeg 768w, https:\/\/www.americanonewspaper.com\/es\/wp-content\/uploads\/2026\/02\/SantiagoCruz_1200x550_Spanish-150x69.jpeg 150w, https:\/\/www.americanonewspaper.com\/es\/wp-content\/uploads\/2026\/02\/SantiagoCruz_1200x550_Spanish-696x319.jpeg 696w, https:\/\/www.americanonewspaper.com\/es\/wp-content\/uploads\/2026\/02\/SantiagoCruz_1200x550_Spanish-1068x490.jpeg 1068w, https:\/\/www.americanonewspaper.com\/es\/wp-content\/uploads\/2026\/02\/SantiagoCruz_1200x550_Spanish.jpeg 1200w\" sizes=\"(max-width: 800px) 100vw, 800px\" \/><\/figure>\n\n\n\n<p>&#8220;Yo lo escuchaba de adolescente en Barcelona, cuando adoraba el reguet\u00f3n, pero lo ve\u00eda como proveniente de un mundo muy lejano&#8221;, record\u00f3.<\/p>\n\n\n\n<p>A lo largo de sus 19 canciones, el disco fusiona reguet\u00f3n, R&amp;B, dancehall, merengue house, shatta jamaicano, guaracha y kompa haitiano, una mezcla que mantiene el esp\u00edritu de discotecas y clubes nocturnos caracter\u00edstico de Bad Gyal mientras explora nuevas texturas y ritmos.<\/p>\n\n\n\n<p>El resultado es un proyecto eminentemente bailable que se mueve entre lo nost\u00e1lgico y lo contempor\u00e1neo, reafirmando el v\u00ednculo de la cantante con los sonidos que dominaron la escena urbana de las \u00faltimas dos d\u00e9cadas.<\/p>\n\n\n\n<figure class=\"wp-block-image size-large\"><img loading=\"lazy\" decoding=\"async\" width=\"800\" height=\"313\" src=\"https:\/\/www.americanonewspaper.com\/es\/wp-content\/uploads\/2026\/02\/Screenshot-2026-02-24-at-7.17.47-PM-800x313.png\" alt=\"\" class=\"wp-image-31044\" srcset=\"https:\/\/www.americanonewspaper.com\/es\/wp-content\/uploads\/2026\/02\/Screenshot-2026-02-24-at-7.17.47-PM-800x313.png 800w, https:\/\/www.americanonewspaper.com\/es\/wp-content\/uploads\/2026\/02\/Screenshot-2026-02-24-at-7.17.47-PM-300x117.png 300w, https:\/\/www.americanonewspaper.com\/es\/wp-content\/uploads\/2026\/02\/Screenshot-2026-02-24-at-7.17.47-PM-768x300.png 768w, https:\/\/www.americanonewspaper.com\/es\/wp-content\/uploads\/2026\/02\/Screenshot-2026-02-24-at-7.17.47-PM-1536x601.png 1536w, https:\/\/www.americanonewspaper.com\/es\/wp-content\/uploads\/2026\/02\/Screenshot-2026-02-24-at-7.17.47-PM-150x59.png 150w, https:\/\/www.americanonewspaper.com\/es\/wp-content\/uploads\/2026\/02\/Screenshot-2026-02-24-at-7.17.47-PM-696x272.png 696w, https:\/\/www.americanonewspaper.com\/es\/wp-content\/uploads\/2026\/02\/Screenshot-2026-02-24-at-7.17.47-PM-1068x418.png 1068w, https:\/\/www.americanonewspaper.com\/es\/wp-content\/uploads\/2026\/02\/Screenshot-2026-02-24-at-7.17.47-PM.png 1616w\" sizes=\"(max-width: 800px) 100vw, 800px\" \/><\/figure>\n\n\n\n<p>La lista de canciones abre con &#8216;M\u00e1s cara&#8217;, seguido de canciones como &#8216;Un coro y ya :)&#8217;, &#8216;Te dar\u00e9&#8217;, &#8216;Dame&#8217; y &#8216;Noticia de ayer&#8217;, esta \u00faltima definida por la artista como &#8220;la m\u00e1s divertida de crear&#8221;.<\/p>\n\n\n\n<p>En &#8216;Choque&#8217; se une al veterano del reguet\u00f3n Chencho Corleone, mientras que &#8216;\u00daltima noche&#8217; es una colaboraci\u00f3n con Ozuna.<\/p>\n\n\n\n<p>Otros invitados del proyecto incluyen a 8Belial, De La Rose, Jadiel, Jenny &#8220;La sexy voz&#8221;, Maureen y V\u00edctor Mendivil, artistas que aparecen en canciones como &#8216;Tic Tac (Hour Love)&#8217;, &#8216;Hoy te toca&#8217;, &#8216;Perro&#8217;, &#8216;Mu\u00f1eca&#8217; y &#8216;Fashion Girl pt.2&#8217;.<\/p>\n\n\n\n<figure class=\"wp-block-image size-large\"><img loading=\"lazy\" decoding=\"async\" width=\"800\" height=\"367\" src=\"https:\/\/www.americanonewspaper.com\/es\/wp-content\/uploads\/2026\/03\/MBSpanishbanner-copy-800x367.jpg\" alt=\"\" class=\"wp-image-31133\" srcset=\"https:\/\/www.americanonewspaper.com\/es\/wp-content\/uploads\/2026\/03\/MBSpanishbanner-copy-800x367.jpg 800w, https:\/\/www.americanonewspaper.com\/es\/wp-content\/uploads\/2026\/03\/MBSpanishbanner-copy-300x138.jpg 300w, https:\/\/www.americanonewspaper.com\/es\/wp-content\/uploads\/2026\/03\/MBSpanishbanner-copy-768x352.jpg 768w, https:\/\/www.americanonewspaper.com\/es\/wp-content\/uploads\/2026\/03\/MBSpanishbanner-copy-150x69.jpg 150w, https:\/\/www.americanonewspaper.com\/es\/wp-content\/uploads\/2026\/03\/MBSpanishbanner-copy-696x319.jpg 696w, https:\/\/www.americanonewspaper.com\/es\/wp-content\/uploads\/2026\/03\/MBSpanishbanner-copy-1068x490.jpg 1068w, https:\/\/www.americanonewspaper.com\/es\/wp-content\/uploads\/2026\/03\/MBSpanishbanner-copy.jpg 1200w\" sizes=\"(max-width: 800px) 100vw, 800px\" \/><\/figure>\n\n\n\n<p>La producci\u00f3n ejecutiva del proyecto estuvo a cargo del dominicano Cromo X, a quien Bad Gyal llama &#8220;hermano&#8221;, quien coordin\u00f3 el trabajo de una nueva generaci\u00f3n de productores urbanos como Botlok, Jorge Milliano, Mazzarri y Wicked Outside.<\/p>\n\n\n\n<p>El \u00e1lbum tambi\u00e9n incluye aportes de figuras influyentes de la m\u00fasica urbana como Luny Tunes, Nely el Arma Secreta, Sky Rompiendo y Ovy On The Drums, responsables de algunos de los sonidos m\u00e1s reconocibles del reguet\u00f3n moderno.<\/p>\n\n\n\n<figure class=\"wp-block-image size-large\"><img loading=\"lazy\" decoding=\"async\" width=\"800\" height=\"371\" src=\"https:\/\/www.americanonewspaper.com\/es\/wp-content\/uploads\/2026\/02\/Screenshot-2026-02-25-at-6.52.03-PM-800x371.png\" alt=\"\" class=\"wp-image-31072\" srcset=\"https:\/\/www.americanonewspaper.com\/es\/wp-content\/uploads\/2026\/02\/Screenshot-2026-02-25-at-6.52.03-PM-800x371.png 800w, https:\/\/www.americanonewspaper.com\/es\/wp-content\/uploads\/2026\/02\/Screenshot-2026-02-25-at-6.52.03-PM-300x139.png 300w, https:\/\/www.americanonewspaper.com\/es\/wp-content\/uploads\/2026\/02\/Screenshot-2026-02-25-at-6.52.03-PM-768x356.png 768w, https:\/\/www.americanonewspaper.com\/es\/wp-content\/uploads\/2026\/02\/Screenshot-2026-02-25-at-6.52.03-PM-1536x713.png 1536w, https:\/\/www.americanonewspaper.com\/es\/wp-content\/uploads\/2026\/02\/Screenshot-2026-02-25-at-6.52.03-PM-150x70.png 150w, https:\/\/www.americanonewspaper.com\/es\/wp-content\/uploads\/2026\/02\/Screenshot-2026-02-25-at-6.52.03-PM-696x323.png 696w, https:\/\/www.americanonewspaper.com\/es\/wp-content\/uploads\/2026\/02\/Screenshot-2026-02-25-at-6.52.03-PM-1068x495.png 1068w, https:\/\/www.americanonewspaper.com\/es\/wp-content\/uploads\/2026\/02\/Screenshot-2026-02-25-at-6.52.03-PM.png 1608w\" sizes=\"(max-width: 800px) 100vw, 800px\" \/><\/figure>\n\n\n\n<p>Adem\u00e1s del lanzamiento del \u00e1lbum, Bad Gyal estren\u00f3 el video oficial de &#8216;Un coro y ya :)&#8217;, dirigido por el fot\u00f3grafo y realizador Daniel Sannwald. El video, rodado en Barcelona, explora una est\u00e9tica sensual que acompa\u00f1a el tono de la canci\u00f3n y refleja el universo visual que la artista ha construido en torno a esta nueva etapa.<\/p>\n\n\n\n<p>El lanzamiento llega en un momento de consolidaci\u00f3n para la artista, que contin\u00faa ampliando su presencia internacional con una gira por Espa\u00f1a pr\u00e1cticamente agotada y una pr\u00f3xima presentaci\u00f3n como cabeza de cartel en el festival Primavera Sound, en Barcelona en junio.<\/p>\n\n\n\n<figure class=\"wp-block-image size-large\"><img loading=\"lazy\" decoding=\"async\" width=\"800\" height=\"407\" src=\"https:\/\/www.americanonewspaper.com\/es\/wp-content\/uploads\/2026\/02\/Screenshot-2026-02-25-at-6.54.42-PM-800x407.png\" alt=\"\" class=\"wp-image-31073\" srcset=\"https:\/\/www.americanonewspaper.com\/es\/wp-content\/uploads\/2026\/02\/Screenshot-2026-02-25-at-6.54.42-PM-800x407.png 800w, https:\/\/www.americanonewspaper.com\/es\/wp-content\/uploads\/2026\/02\/Screenshot-2026-02-25-at-6.54.42-PM-300x153.png 300w, https:\/\/www.americanonewspaper.com\/es\/wp-content\/uploads\/2026\/02\/Screenshot-2026-02-25-at-6.54.42-PM-768x391.png 768w, https:\/\/www.americanonewspaper.com\/es\/wp-content\/uploads\/2026\/02\/Screenshot-2026-02-25-at-6.54.42-PM-1536x781.png 1536w, https:\/\/www.americanonewspaper.com\/es\/wp-content\/uploads\/2026\/02\/Screenshot-2026-02-25-at-6.54.42-PM-150x76.png 150w, https:\/\/www.americanonewspaper.com\/es\/wp-content\/uploads\/2026\/02\/Screenshot-2026-02-25-at-6.54.42-PM-696x354.png 696w, https:\/\/www.americanonewspaper.com\/es\/wp-content\/uploads\/2026\/02\/Screenshot-2026-02-25-at-6.54.42-PM-1068x543.png 1068w, https:\/\/www.americanonewspaper.com\/es\/wp-content\/uploads\/2026\/02\/Screenshot-2026-02-25-at-6.54.42-PM.png 1608w\" sizes=\"(max-width: 800px) 100vw, 800px\" \/><\/figure>\n\n\n\n<p>Con este segundo \u00e1lbum, Bad Gyal reafirma su posici\u00f3n como una de las figuras m\u00e1s influyentes del pop urbano europeo y una de las voces con mayor proyecci\u00f3n en la m\u00fasica latina contempor\u00e1nea.<\/p>\n\n\n\n<p><\/p>\n","protected":false},"excerpt":{"rendered":"<p>Miami (EE.UU.), 5 mar (EFE).- Por Alicia Civita La cantautora espa\u00f1ola Bad Gyal present\u00f3 este jueves en Miami su nuevo \u00e1lbum &#8216;M\u00e1s cara&#8217;, el segundo de su carrera y un proyecto que define como &#8220;un regalo&#8221; para su yo adolescente, con profundas ra\u00edces en los ritmos urbanos del Caribe. &#8220;La Alba, de 12 a 16 [&hellip;]<\/p>\n","protected":false},"author":7,"featured_media":31161,"comment_status":"open","ping_status":"open","sticky":false,"template":"","format":"standard","meta":{"_acf_changed":false,"tdm_status":"","tdm_grid_status":"","_jetpack_memberships_contains_paid_content":false,"footnotes":"","jetpack_publicize_message":"","jetpack_publicize_feature_enabled":true,"jetpack_social_post_already_shared":true,"jetpack_social_options":{"image_generator_settings":{"template":"highway","default_image_id":0,"font":"","enabled":false},"version":2},"_wpas_customize_per_network":false},"categories":[567,527],"tags":[],"class_list":{"0":"post-31160","1":"post","2":"type-post","3":"status-publish","4":"format-standard","5":"has-post-thumbnail","7":"category-espana","8":"category-farandula"},"acf":[],"yoast_head":"<!-- This site is optimized with the Yoast SEO Premium plugin v27.5 (Yoast SEO v27.5) - https:\/\/yoast.com\/product\/yoast-seo-premium-wordpress\/ -->\n<title>Bad Gyal present\u00f3 en Miami su nuevo \u00e1lbum &#039;M\u00e1s cara&#039; - Americano Newspaper<\/title>\n<meta name=\"description\" content=\"La cantautora espa\u00f1ola Bad Gyal present\u00f3 este jueves en Miami su nuevo \u00e1lbum &#039;M\u00e1s cara&#039;, el segundo de su carrera y un proyecto que define como &quot;un regalo&quot; para su yo adolescente, con profundas ra\u00edces en los ritmos urbanos del Caribe.\" \/>\n<meta name=\"robots\" content=\"index, follow, max-snippet:-1, max-image-preview:large, max-video-preview:-1\" \/>\n<link rel=\"canonical\" href=\"https:\/\/www.americanonewspaper.com\/es\/farandula\/bad-gyal-presento-en-miami-su-nuevo-album-mas-cara\/\" \/>\n<meta property=\"og:locale\" content=\"en_US\" \/>\n<meta property=\"og:type\" content=\"article\" \/>\n<meta property=\"og:title\" content=\"Bad Gyal present\u00f3 en Miami su nuevo \u00e1lbum &#039;M\u00e1s cara&#039;\" \/>\n<meta property=\"og:description\" content=\"La cantautora espa\u00f1ola Bad Gyal present\u00f3 este jueves en Miami su nuevo \u00e1lbum &#039;M\u00e1s cara&#039;, el segundo de su carrera y un proyecto que define como &quot;un regalo&quot; para su yo adolescente, con profundas ra\u00edces en los ritmos urbanos del Caribe.\" \/>\n<meta property=\"og:url\" content=\"https:\/\/www.americanonewspaper.com\/es\/farandula\/bad-gyal-presento-en-miami-su-nuevo-album-mas-cara\/\" \/>\n<meta property=\"og:site_name\" content=\"Americano Newspaper\" \/>\n<meta property=\"article:publisher\" content=\"https:\/\/www.facebook.com\/AmericanoNewspaper\/\" \/>\n<meta property=\"article:published_time\" content=\"2026-03-06T02:07:28+00:00\" \/>\n<meta property=\"article:modified_time\" content=\"2026-03-06T02:07:32+00:00\" \/>\n<meta property=\"og:image\" content=\"https:\/\/www.americanonewspaper.com\/es\/wp-content\/uploads\/2026\/03\/BAd.jpeg\" \/>\n\t<meta property=\"og:image:width\" content=\"1920\" \/>\n\t<meta property=\"og:image:height\" content=\"1280\" \/>\n\t<meta property=\"og:image:type\" content=\"image\/jpeg\" \/>\n<meta name=\"author\" content=\"Author\" \/>\n<meta name=\"twitter:card\" content=\"summary_large_image\" \/>\n<meta name=\"twitter:label1\" content=\"Written by\" \/>\n\t<meta name=\"twitter:data1\" content=\"Author\" \/>\n\t<meta name=\"twitter:label2\" content=\"Est. reading time\" \/>\n\t<meta name=\"twitter:data2\" content=\"5 minutes\" \/>\n<script type=\"application\/ld+json\" class=\"yoast-schema-graph\">{\"@context\":\"https:\\\/\\\/schema.org\",\"@graph\":[{\"@type\":\"Article\",\"@id\":\"https:\\\/\\\/www.americanonewspaper.com\\\/es\\\/farandula\\\/bad-gyal-presento-en-miami-su-nuevo-album-mas-cara\\\/#article\",\"isPartOf\":{\"@id\":\"https:\\\/\\\/www.americanonewspaper.com\\\/es\\\/farandula\\\/bad-gyal-presento-en-miami-su-nuevo-album-mas-cara\\\/\"},\"author\":{\"name\":\"Author\",\"@id\":\"https:\\\/\\\/www.americanonewspaper.com\\\/es\\\/#\\\/schema\\\/person\\\/8967f6b8af7e37bcbbe61f68580ff088\"},\"headline\":\"Bad Gyal present\u00f3 en Miami su nuevo \u00e1lbum &#8216;M\u00e1s cara&#8217;\",\"datePublished\":\"2026-03-06T02:07:28+00:00\",\"dateModified\":\"2026-03-06T02:07:32+00:00\",\"mainEntityOfPage\":{\"@id\":\"https:\\\/\\\/www.americanonewspaper.com\\\/es\\\/farandula\\\/bad-gyal-presento-en-miami-su-nuevo-album-mas-cara\\\/\"},\"wordCount\":766,\"commentCount\":0,\"publisher\":{\"@id\":\"https:\\\/\\\/www.americanonewspaper.com\\\/es\\\/#organization\"},\"image\":{\"@id\":\"https:\\\/\\\/www.americanonewspaper.com\\\/es\\\/farandula\\\/bad-gyal-presento-en-miami-su-nuevo-album-mas-cara\\\/#primaryimage\"},\"thumbnailUrl\":\"https:\\\/\\\/www.americanonewspaper.com\\\/es\\\/wp-content\\\/uploads\\\/2026\\\/03\\\/BAd.jpeg\",\"articleSection\":[\"Espa\u00f1a\",\"Far\u00e1ndula\"],\"inLanguage\":\"en-US\",\"potentialAction\":[{\"@type\":\"CommentAction\",\"name\":\"Comment\",\"target\":[\"https:\\\/\\\/www.americanonewspaper.com\\\/es\\\/farandula\\\/bad-gyal-presento-en-miami-su-nuevo-album-mas-cara\\\/#respond\"]}]},{\"@type\":\"WebPage\",\"@id\":\"https:\\\/\\\/www.americanonewspaper.com\\\/es\\\/farandula\\\/bad-gyal-presento-en-miami-su-nuevo-album-mas-cara\\\/\",\"url\":\"https:\\\/\\\/www.americanonewspaper.com\\\/es\\\/farandula\\\/bad-gyal-presento-en-miami-su-nuevo-album-mas-cara\\\/\",\"name\":\"Bad Gyal present\u00f3 en Miami su nuevo \u00e1lbum 'M\u00e1s cara' - Americano Newspaper\",\"isPartOf\":{\"@id\":\"https:\\\/\\\/www.americanonewspaper.com\\\/es\\\/#website\"},\"primaryImageOfPage\":{\"@id\":\"https:\\\/\\\/www.americanonewspaper.com\\\/es\\\/farandula\\\/bad-gyal-presento-en-miami-su-nuevo-album-mas-cara\\\/#primaryimage\"},\"image\":{\"@id\":\"https:\\\/\\\/www.americanonewspaper.com\\\/es\\\/farandula\\\/bad-gyal-presento-en-miami-su-nuevo-album-mas-cara\\\/#primaryimage\"},\"thumbnailUrl\":\"https:\\\/\\\/www.americanonewspaper.com\\\/es\\\/wp-content\\\/uploads\\\/2026\\\/03\\\/BAd.jpeg\",\"datePublished\":\"2026-03-06T02:07:28+00:00\",\"dateModified\":\"2026-03-06T02:07:32+00:00\",\"description\":\"La cantautora espa\u00f1ola Bad Gyal present\u00f3 este jueves en Miami su nuevo \u00e1lbum 'M\u00e1s cara', el segundo de su carrera y un proyecto que define como \\\"un regalo\\\" para su yo adolescente, con profundas ra\u00edces en los ritmos urbanos del Caribe.\",\"breadcrumb\":{\"@id\":\"https:\\\/\\\/www.americanonewspaper.com\\\/es\\\/farandula\\\/bad-gyal-presento-en-miami-su-nuevo-album-mas-cara\\\/#breadcrumb\"},\"inLanguage\":\"en-US\",\"potentialAction\":[{\"@type\":\"ReadAction\",\"target\":[\"https:\\\/\\\/www.americanonewspaper.com\\\/es\\\/farandula\\\/bad-gyal-presento-en-miami-su-nuevo-album-mas-cara\\\/\"]}]},{\"@type\":\"ImageObject\",\"inLanguage\":\"en-US\",\"@id\":\"https:\\\/\\\/www.americanonewspaper.com\\\/es\\\/farandula\\\/bad-gyal-presento-en-miami-su-nuevo-album-mas-cara\\\/#primaryimage\",\"url\":\"https:\\\/\\\/www.americanonewspaper.com\\\/es\\\/wp-content\\\/uploads\\\/2026\\\/03\\\/BAd.jpeg\",\"contentUrl\":\"https:\\\/\\\/www.americanonewspaper.com\\\/es\\\/wp-content\\\/uploads\\\/2026\\\/03\\\/BAd.jpeg\",\"width\":1920,\"height\":1280,\"caption\":\"Fotograf\u00eda de archivo de la cantante Bad Gyal. EFE\\\/Quique Garc\u00eda\"},{\"@type\":\"BreadcrumbList\",\"@id\":\"https:\\\/\\\/www.americanonewspaper.com\\\/es\\\/farandula\\\/bad-gyal-presento-en-miami-su-nuevo-album-mas-cara\\\/#breadcrumb\",\"itemListElement\":[{\"@type\":\"ListItem\",\"position\":1,\"name\":\"Home\",\"item\":\"https:\\\/\\\/www.americanonewspaper.com\\\/es\\\/\"},{\"@type\":\"ListItem\",\"position\":2,\"name\":\"Bad Gyal present\u00f3 en Miami su nuevo \u00e1lbum &#8216;M\u00e1s cara&#8217;\"}]},{\"@type\":\"WebSite\",\"@id\":\"https:\\\/\\\/www.americanonewspaper.com\\\/es\\\/#website\",\"url\":\"https:\\\/\\\/www.americanonewspaper.com\\\/es\\\/\",\"name\":\"Americano Newspaper\",\"description\":\"The Hispanic Newspaper of New Jersey.\",\"publisher\":{\"@id\":\"https:\\\/\\\/www.americanonewspaper.com\\\/es\\\/#organization\"},\"potentialAction\":[{\"@type\":\"SearchAction\",\"target\":{\"@type\":\"EntryPoint\",\"urlTemplate\":\"https:\\\/\\\/www.americanonewspaper.com\\\/es\\\/?s={search_term_string}\"},\"query-input\":{\"@type\":\"PropertyValueSpecification\",\"valueRequired\":true,\"valueName\":\"search_term_string\"}}],\"inLanguage\":\"en-US\"},{\"@type\":\"Organization\",\"@id\":\"https:\\\/\\\/www.americanonewspaper.com\\\/es\\\/#organization\",\"name\":\"Americano Newspaper\",\"url\":\"https:\\\/\\\/www.americanonewspaper.com\\\/es\\\/\",\"logo\":{\"@type\":\"ImageObject\",\"inLanguage\":\"en-US\",\"@id\":\"https:\\\/\\\/www.americanonewspaper.com\\\/es\\\/#\\\/schema\\\/logo\\\/image\\\/\",\"url\":\"https:\\\/\\\/www.americanonewspaper.com\\\/es\\\/wp-content\\\/uploads\\\/2024\\\/05\\\/AmericanoLogoCircle.comCircle2.jpg\",\"contentUrl\":\"https:\\\/\\\/www.americanonewspaper.com\\\/es\\\/wp-content\\\/uploads\\\/2024\\\/05\\\/AmericanoLogoCircle.comCircle2.jpg\",\"width\":600,\"height\":600,\"caption\":\"Americano Newspaper\"},\"image\":{\"@id\":\"https:\\\/\\\/www.americanonewspaper.com\\\/es\\\/#\\\/schema\\\/logo\\\/image\\\/\"},\"sameAs\":[\"https:\\\/\\\/www.facebook.com\\\/AmericanoNewspaper\\\/\"]},{\"@type\":\"Person\",\"@id\":\"https:\\\/\\\/www.americanonewspaper.com\\\/es\\\/#\\\/schema\\\/person\\\/8967f6b8af7e37bcbbe61f68580ff088\",\"name\":\"Author\",\"image\":{\"@type\":\"ImageObject\",\"inLanguage\":\"en-US\",\"@id\":\"https:\\\/\\\/www.americanonewspaper.com\\\/es\\\/wp-content\\\/litespeed\\\/avatar\\\/89ffaf6af3cf6769ffb3c6efb2313947.jpg?ver=1777427547\",\"url\":\"https:\\\/\\\/www.americanonewspaper.com\\\/es\\\/wp-content\\\/litespeed\\\/avatar\\\/89ffaf6af3cf6769ffb3c6efb2313947.jpg?ver=1777427547\",\"contentUrl\":\"https:\\\/\\\/www.americanonewspaper.com\\\/es\\\/wp-content\\\/litespeed\\\/avatar\\\/89ffaf6af3cf6769ffb3c6efb2313947.jpg?ver=1777427547\",\"caption\":\"Author\"},\"url\":\"https:\\\/\\\/www.americanonewspaper.com\\\/es\\\/author\\\/americano\\\/\"}]}<\/script>\n<!-- \/ Yoast SEO Premium plugin. -->","yoast_head_json":{"title":"Bad Gyal present\u00f3 en Miami su nuevo \u00e1lbum 'M\u00e1s cara' - Americano Newspaper","description":"La cantautora espa\u00f1ola Bad Gyal present\u00f3 este jueves en Miami su nuevo \u00e1lbum 'M\u00e1s cara', el segundo de su carrera y un proyecto que define como \"un regalo\" para su yo adolescente, con profundas ra\u00edces en los ritmos urbanos del Caribe.","robots":{"index":"index","follow":"follow","max-snippet":"max-snippet:-1","max-image-preview":"max-image-preview:large","max-video-preview":"max-video-preview:-1"},"canonical":"https:\/\/www.americanonewspaper.com\/es\/farandula\/bad-gyal-presento-en-miami-su-nuevo-album-mas-cara\/","og_locale":"en_US","og_type":"article","og_title":"Bad Gyal present\u00f3 en Miami su nuevo \u00e1lbum 'M\u00e1s cara'","og_description":"La cantautora espa\u00f1ola Bad Gyal present\u00f3 este jueves en Miami su nuevo \u00e1lbum 'M\u00e1s cara', el segundo de su carrera y un proyecto que define como \"un regalo\" para su yo adolescente, con profundas ra\u00edces en los ritmos urbanos del Caribe.","og_url":"https:\/\/www.americanonewspaper.com\/es\/farandula\/bad-gyal-presento-en-miami-su-nuevo-album-mas-cara\/","og_site_name":"Americano Newspaper","article_publisher":"https:\/\/www.facebook.com\/AmericanoNewspaper\/","article_published_time":"2026-03-06T02:07:28+00:00","article_modified_time":"2026-03-06T02:07:32+00:00","og_image":[{"width":1920,"height":1280,"url":"https:\/\/www.americanonewspaper.com\/es\/wp-content\/uploads\/2026\/03\/BAd.jpeg","type":"image\/jpeg"}],"author":"Author","twitter_card":"summary_large_image","twitter_misc":{"Written by":"Author","Est. reading time":"5 minutes"},"schema":{"@context":"https:\/\/schema.org","@graph":[{"@type":"Article","@id":"https:\/\/www.americanonewspaper.com\/es\/farandula\/bad-gyal-presento-en-miami-su-nuevo-album-mas-cara\/#article","isPartOf":{"@id":"https:\/\/www.americanonewspaper.com\/es\/farandula\/bad-gyal-presento-en-miami-su-nuevo-album-mas-cara\/"},"author":{"name":"Author","@id":"https:\/\/www.americanonewspaper.com\/es\/#\/schema\/person\/8967f6b8af7e37bcbbe61f68580ff088"},"headline":"Bad Gyal present\u00f3 en Miami su nuevo \u00e1lbum &#8216;M\u00e1s cara&#8217;","datePublished":"2026-03-06T02:07:28+00:00","dateModified":"2026-03-06T02:07:32+00:00","mainEntityOfPage":{"@id":"https:\/\/www.americanonewspaper.com\/es\/farandula\/bad-gyal-presento-en-miami-su-nuevo-album-mas-cara\/"},"wordCount":766,"commentCount":0,"publisher":{"@id":"https:\/\/www.americanonewspaper.com\/es\/#organization"},"image":{"@id":"https:\/\/www.americanonewspaper.com\/es\/farandula\/bad-gyal-presento-en-miami-su-nuevo-album-mas-cara\/#primaryimage"},"thumbnailUrl":"https:\/\/www.americanonewspaper.com\/es\/wp-content\/uploads\/2026\/03\/BAd.jpeg","articleSection":["Espa\u00f1a","Far\u00e1ndula"],"inLanguage":"en-US","potentialAction":[{"@type":"CommentAction","name":"Comment","target":["https:\/\/www.americanonewspaper.com\/es\/farandula\/bad-gyal-presento-en-miami-su-nuevo-album-mas-cara\/#respond"]}]},{"@type":"WebPage","@id":"https:\/\/www.americanonewspaper.com\/es\/farandula\/bad-gyal-presento-en-miami-su-nuevo-album-mas-cara\/","url":"https:\/\/www.americanonewspaper.com\/es\/farandula\/bad-gyal-presento-en-miami-su-nuevo-album-mas-cara\/","name":"Bad Gyal present\u00f3 en Miami su nuevo \u00e1lbum 'M\u00e1s cara' - Americano Newspaper","isPartOf":{"@id":"https:\/\/www.americanonewspaper.com\/es\/#website"},"primaryImageOfPage":{"@id":"https:\/\/www.americanonewspaper.com\/es\/farandula\/bad-gyal-presento-en-miami-su-nuevo-album-mas-cara\/#primaryimage"},"image":{"@id":"https:\/\/www.americanonewspaper.com\/es\/farandula\/bad-gyal-presento-en-miami-su-nuevo-album-mas-cara\/#primaryimage"},"thumbnailUrl":"https:\/\/www.americanonewspaper.com\/es\/wp-content\/uploads\/2026\/03\/BAd.jpeg","datePublished":"2026-03-06T02:07:28+00:00","dateModified":"2026-03-06T02:07:32+00:00","description":"La cantautora espa\u00f1ola Bad Gyal present\u00f3 este jueves en Miami su nuevo \u00e1lbum 'M\u00e1s cara', el segundo de su carrera y un proyecto que define como \"un regalo\" para su yo adolescente, con profundas ra\u00edces en los ritmos urbanos del Caribe.","breadcrumb":{"@id":"https:\/\/www.americanonewspaper.com\/es\/farandula\/bad-gyal-presento-en-miami-su-nuevo-album-mas-cara\/#breadcrumb"},"inLanguage":"en-US","potentialAction":[{"@type":"ReadAction","target":["https:\/\/www.americanonewspaper.com\/es\/farandula\/bad-gyal-presento-en-miami-su-nuevo-album-mas-cara\/"]}]},{"@type":"ImageObject","inLanguage":"en-US","@id":"https:\/\/www.americanonewspaper.com\/es\/farandula\/bad-gyal-presento-en-miami-su-nuevo-album-mas-cara\/#primaryimage","url":"https:\/\/www.americanonewspaper.com\/es\/wp-content\/uploads\/2026\/03\/BAd.jpeg","contentUrl":"https:\/\/www.americanonewspaper.com\/es\/wp-content\/uploads\/2026\/03\/BAd.jpeg","width":1920,"height":1280,"caption":"Fotograf\u00eda de archivo de la cantante Bad Gyal. EFE\/Quique Garc\u00eda"},{"@type":"BreadcrumbList","@id":"https:\/\/www.americanonewspaper.com\/es\/farandula\/bad-gyal-presento-en-miami-su-nuevo-album-mas-cara\/#breadcrumb","itemListElement":[{"@type":"ListItem","position":1,"name":"Home","item":"https:\/\/www.americanonewspaper.com\/es\/"},{"@type":"ListItem","position":2,"name":"Bad Gyal present\u00f3 en Miami su nuevo \u00e1lbum &#8216;M\u00e1s cara&#8217;"}]},{"@type":"WebSite","@id":"https:\/\/www.americanonewspaper.com\/es\/#website","url":"https:\/\/www.americanonewspaper.com\/es\/","name":"Americano Newspaper","description":"The Hispanic Newspaper of New Jersey.","publisher":{"@id":"https:\/\/www.americanonewspaper.com\/es\/#organization"},"potentialAction":[{"@type":"SearchAction","target":{"@type":"EntryPoint","urlTemplate":"https:\/\/www.americanonewspaper.com\/es\/?s={search_term_string}"},"query-input":{"@type":"PropertyValueSpecification","valueRequired":true,"valueName":"search_term_string"}}],"inLanguage":"en-US"},{"@type":"Organization","@id":"https:\/\/www.americanonewspaper.com\/es\/#organization","name":"Americano Newspaper","url":"https:\/\/www.americanonewspaper.com\/es\/","logo":{"@type":"ImageObject","inLanguage":"en-US","@id":"https:\/\/www.americanonewspaper.com\/es\/#\/schema\/logo\/image\/","url":"https:\/\/www.americanonewspaper.com\/es\/wp-content\/uploads\/2024\/05\/AmericanoLogoCircle.comCircle2.jpg","contentUrl":"https:\/\/www.americanonewspaper.com\/es\/wp-content\/uploads\/2024\/05\/AmericanoLogoCircle.comCircle2.jpg","width":600,"height":600,"caption":"Americano Newspaper"},"image":{"@id":"https:\/\/www.americanonewspaper.com\/es\/#\/schema\/logo\/image\/"},"sameAs":["https:\/\/www.facebook.com\/AmericanoNewspaper\/"]},{"@type":"Person","@id":"https:\/\/www.americanonewspaper.com\/es\/#\/schema\/person\/8967f6b8af7e37bcbbe61f68580ff088","name":"Author","image":{"@type":"ImageObject","inLanguage":"en-US","@id":"https:\/\/www.americanonewspaper.com\/es\/wp-content\/litespeed\/avatar\/89ffaf6af3cf6769ffb3c6efb2313947.jpg?ver=1777427547","url":"https:\/\/www.americanonewspaper.com\/es\/wp-content\/litespeed\/avatar\/89ffaf6af3cf6769ffb3c6efb2313947.jpg?ver=1777427547","contentUrl":"https:\/\/www.americanonewspaper.com\/es\/wp-content\/litespeed\/avatar\/89ffaf6af3cf6769ffb3c6efb2313947.jpg?ver=1777427547","caption":"Author"},"url":"https:\/\/www.americanonewspaper.com\/es\/author\/americano\/"}]}},"jetpack_publicize_connections":[],"jetpack_featured_media_url":"https:\/\/www.americanonewspaper.com\/es\/wp-content\/uploads\/2026\/03\/BAd.jpeg","featured_image_urls":{"full":["https:\/\/www.americanonewspaper.com\/es\/wp-content\/uploads\/2026\/03\/BAd.jpeg",1920,1280,false],"thumbnail":["https:\/\/www.americanonewspaper.com\/es\/wp-content\/uploads\/2026\/03\/BAd-250x250.jpeg",250,250,true],"medium":["https:\/\/www.americanonewspaper.com\/es\/wp-content\/uploads\/2026\/03\/BAd-300x200.jpeg",300,200,true],"medium_large":["https:\/\/www.americanonewspaper.com\/es\/wp-content\/uploads\/2026\/03\/BAd-768x512.jpeg",696,464,true],"large":["https:\/\/www.americanonewspaper.com\/es\/wp-content\/uploads\/2026\/03\/BAd-750x500.jpeg",696,464,true],"1536x1536":["https:\/\/www.americanonewspaper.com\/es\/wp-content\/uploads\/2026\/03\/BAd-1536x1024.jpeg",1536,1024,true],"2048x2048":["https:\/\/www.americanonewspaper.com\/es\/wp-content\/uploads\/2026\/03\/BAd.jpeg",1920,1280,false],"td_150x0":["https:\/\/www.americanonewspaper.com\/es\/wp-content\/uploads\/2026\/03\/BAd-150x100.jpeg",150,100,true],"td_218x150":["https:\/\/www.americanonewspaper.com\/es\/wp-content\/uploads\/2026\/03\/BAd-218x150.jpeg",218,150,true],"td_300x0":["https:\/\/www.americanonewspaper.com\/es\/wp-content\/uploads\/2026\/03\/BAd-300x200.jpeg",300,200,true],"td_324x400":["https:\/\/www.americanonewspaper.com\/es\/wp-content\/uploads\/2026\/03\/BAd-324x400.jpeg",324,400,true],"td_485x360":["https:\/\/www.americanonewspaper.com\/es\/wp-content\/uploads\/2026\/03\/BAd-485x360.jpeg",485,360,true],"td_696x0":["https:\/\/www.americanonewspaper.com\/es\/wp-content\/uploads\/2026\/03\/BAd-696x464.jpeg",696,464,true],"td_1068x0":["https:\/\/www.americanonewspaper.com\/es\/wp-content\/uploads\/2026\/03\/BAd-1068x712.jpeg",1068,712,true],"td_1920x0":["https:\/\/www.americanonewspaper.com\/es\/wp-content\/uploads\/2026\/03\/BAd.jpeg",1920,1280,false],"bdpp-medium":["https:\/\/www.americanonewspaper.com\/es\/wp-content\/uploads\/2026\/03\/BAd-640x480.jpeg",640,480,true]},"author_info":{"display_name":"Author","author_link":"https:\/\/www.americanonewspaper.com\/es\/author\/americano\/"},"category_info":"<a href=\"https:\/\/www.americanonewspaper.com\/es\/category\/europe\/espana\/\" rel=\"category tag\">Espa\u00f1a<\/a> <a href=\"https:\/\/www.americanonewspaper.com\/es\/category\/farandula\/\" rel=\"category tag\">Far\u00e1ndula<\/a>","tag_info":"Far\u00e1ndula","comment_count":"0","jetpack_sharing_enabled":true,"jetpack_likes_enabled":true,"_links":{"self":[{"href":"https:\/\/www.americanonewspaper.com\/es\/wp-json\/wp\/v2\/posts\/31160","targetHints":{"allow":["GET"]}}],"collection":[{"href":"https:\/\/www.americanonewspaper.com\/es\/wp-json\/wp\/v2\/posts"}],"about":[{"href":"https:\/\/www.americanonewspaper.com\/es\/wp-json\/wp\/v2\/types\/post"}],"author":[{"embeddable":true,"href":"https:\/\/www.americanonewspaper.com\/es\/wp-json\/wp\/v2\/users\/7"}],"replies":[{"embeddable":true,"href":"https:\/\/www.americanonewspaper.com\/es\/wp-json\/wp\/v2\/comments?post=31160"}],"version-history":[{"count":1,"href":"https:\/\/www.americanonewspaper.com\/es\/wp-json\/wp\/v2\/posts\/31160\/revisions"}],"predecessor-version":[{"id":31162,"href":"https:\/\/www.americanonewspaper.com\/es\/wp-json\/wp\/v2\/posts\/31160\/revisions\/31162"}],"wp:featuredmedia":[{"embeddable":true,"href":"https:\/\/www.americanonewspaper.com\/es\/wp-json\/wp\/v2\/media\/31161"}],"wp:attachment":[{"href":"https:\/\/www.americanonewspaper.com\/es\/wp-json\/wp\/v2\/media?parent=31160"}],"wp:term":[{"taxonomy":"category","embeddable":true,"href":"https:\/\/www.americanonewspaper.com\/es\/wp-json\/wp\/v2\/categories?post=31160"},{"taxonomy":"post_tag","embeddable":true,"href":"https:\/\/www.americanonewspaper.com\/es\/wp-json\/wp\/v2\/tags?post=31160"}],"curies":[{"name":"wp","href":"https:\/\/api.w.org\/{rel}","templated":true}]}}