{"id":31116,"date":"2026-03-02T01:28:43","date_gmt":"2026-03-02T06:28:43","guid":{"rendered":"https:\/\/www.americanonewspaper.com\/es\/?p=31116"},"modified":"2026-03-02T01:30:25","modified_gmt":"2026-03-02T06:30:25","slug":"shakira-rompe-record-en-el-zocalo-con-400-mil-fans","status":"publish","type":"post","link":"https:\/\/www.americanonewspaper.com\/es\/shakira\/shakira-rompe-record-en-el-zocalo-con-400-mil-fans\/","title":{"rendered":"Shakira rompe r\u00e9cord en el Z\u00f3calo con 400 mil fans"},"content":{"rendered":"\n<p>Ciudad de M\u00e9xico, (EFE).<\/p>\n\n\n\n<p class=\"has-drop-cap\">Shakira despidi\u00f3 este domingo a sus fans en M\u00e9xico con un concierto gratuito totalmente abarrotado en el Z\u00f3calo y sus alrededores, donde adem\u00e1s anot\u00f3 un nuevo r\u00e9cord de asistencia con m\u00e1s de 400.000 espectadores en el centro capitalino.\u00a0<\/p>\n\n\n\n<p>\u201c400.000 personas disfrutamos del gran espect\u00e1culo de Shakira, desde la Plaza de la Constituci\u00f3n (Z\u00f3calo) hasta el Monumento a la Revoluci\u00f3n\u201d, inform\u00f3 la jefa del Gobierno de la Ciudad de M\u00e9xico, Clara Brugada en sus redes sociales.&nbsp;<\/p>\n\n\n\n<p>Este concierto masivo tambi\u00e9n signific\u00f3 su segundo evento p\u00fablico en el Z\u00f3calo capitalino, tras una presentaci\u00f3n previa en 2007, cuando reuni\u00f3 a 210.000 espectadores.&nbsp;<\/p>\n\n\n\n<figure class=\"wp-block-gallery has-nested-images columns-default is-cropped wp-block-gallery-1 is-layout-flex wp-block-gallery-is-layout-flex\">\n<figure class=\"wp-block-image size-large\"><a href=\"https:\/\/ggllawyers.com\/es\/new-jersey-personal-injury-and-workers-compensation-lawyer\/\" target=\"_blank\" rel=\" noreferrer noopener\"><img fetchpriority=\"high\" decoding=\"async\" width=\"800\" height=\"384\" data-id=\"31042\" src=\"https:\/\/www.americanonewspaper.com\/es\/wp-content\/uploads\/2026\/02\/Screenshot-2026-02-24-at-7.15.04-PM-800x384.png\" alt=\"\" class=\"wp-image-31042\" srcset=\"https:\/\/www.americanonewspaper.com\/es\/wp-content\/uploads\/2026\/02\/Screenshot-2026-02-24-at-7.15.04-PM-800x384.png 800w, https:\/\/www.americanonewspaper.com\/es\/wp-content\/uploads\/2026\/02\/Screenshot-2026-02-24-at-7.15.04-PM-300x144.png 300w, https:\/\/www.americanonewspaper.com\/es\/wp-content\/uploads\/2026\/02\/Screenshot-2026-02-24-at-7.15.04-PM-768x369.png 768w, https:\/\/www.americanonewspaper.com\/es\/wp-content\/uploads\/2026\/02\/Screenshot-2026-02-24-at-7.15.04-PM-1536x737.png 1536w, https:\/\/www.americanonewspaper.com\/es\/wp-content\/uploads\/2026\/02\/Screenshot-2026-02-24-at-7.15.04-PM-150x72.png 150w, https:\/\/www.americanonewspaper.com\/es\/wp-content\/uploads\/2026\/02\/Screenshot-2026-02-24-at-7.15.04-PM-696x334.png 696w, https:\/\/www.americanonewspaper.com\/es\/wp-content\/uploads\/2026\/02\/Screenshot-2026-02-24-at-7.15.04-PM-1068x513.png 1068w, https:\/\/www.americanonewspaper.com\/es\/wp-content\/uploads\/2026\/02\/Screenshot-2026-02-24-at-7.15.04-PM.png 1608w\" sizes=\"(max-width: 800px) 100vw, 800px\" \/><\/a><\/figure>\n<\/figure>\n\n\n\n<p>No obstante, con este nuevo r\u00e9cord de 400.000 asistentes, &#8216;La Loba&#8217; super\u00f3 a Los Fabulosos Cadillacs, con 300.000 personas registradas en 2023 y a Grupo Firme que, en 2022, convoc\u00f3 a 280.000.&nbsp;<\/p>\n\n\n\n<p>\u201cEl concierto de Shakira fue todo un \u00e9xito. 400.000 personas se reunieron en el Z\u00f3calo para cantar y bailar junto a una artista de talla internacional, en una noche que quedar\u00e1 en la memoria\u201d, confirm\u00f3 tambi\u00e9n el Gobierno capitalino, que asegur\u00f3 a la colombiana: \u201cM\u00e9xico siempre te recibir\u00e1 con los brazos abiertos; aqu\u00ed siempre tendr\u00e1s un hogar en el coraz\u00f3n de las y los capitalinos\u201d.&nbsp;<\/p>\n\n\n\n<p>El show comenz\u00f3 minutos despu\u00e9s de las 20:30 horas, con la artista entonando &#8216;Las de la intuici\u00f3n&#8217;, seguida de &#8216;Estoy aqu\u00ed&#8217;, con la que los mexicanos empezaron a gritar, bailar y cantar.&nbsp;<\/p>\n\n\n\n<figure class=\"wp-block-gallery has-nested-images columns-default is-cropped wp-block-gallery-2 is-layout-flex wp-block-gallery-is-layout-flex\">\n<figure class=\"wp-block-image size-large\"><img decoding=\"async\" width=\"758\" height=\"500\" data-id=\"31118\" src=\"https:\/\/www.americanonewspaper.com\/es\/wp-content\/uploads\/2026\/03\/29c2ad8e22ab5ce7a3169baf05a80b6e20c4aa20miniw-758x500.jpg\" alt=\"\" class=\"wp-image-31118\" srcset=\"https:\/\/www.americanonewspaper.com\/es\/wp-content\/uploads\/2026\/03\/29c2ad8e22ab5ce7a3169baf05a80b6e20c4aa20miniw-758x500.jpg 758w, https:\/\/www.americanonewspaper.com\/es\/wp-content\/uploads\/2026\/03\/29c2ad8e22ab5ce7a3169baf05a80b6e20c4aa20miniw-300x198.jpg 300w, https:\/\/www.americanonewspaper.com\/es\/wp-content\/uploads\/2026\/03\/29c2ad8e22ab5ce7a3169baf05a80b6e20c4aa20miniw-768x507.jpg 768w, https:\/\/www.americanonewspaper.com\/es\/wp-content\/uploads\/2026\/03\/29c2ad8e22ab5ce7a3169baf05a80b6e20c4aa20miniw-150x99.jpg 150w, https:\/\/www.americanonewspaper.com\/es\/wp-content\/uploads\/2026\/03\/29c2ad8e22ab5ce7a3169baf05a80b6e20c4aa20miniw-696x459.jpg 696w, https:\/\/www.americanonewspaper.com\/es\/wp-content\/uploads\/2026\/03\/29c2ad8e22ab5ce7a3169baf05a80b6e20c4aa20miniw.jpg 900w\" sizes=\"(max-width: 758px) 100vw, 758px\" \/><figcaption class=\"wp-element-caption\">Fotograf\u00eda cedida por el Gobierno de la Ciudad de M\u00e9xico donde se observa el concierto de la cantante colombiana Shakira este domingo, en el Z\u00f3calo de Ciudad de M\u00e9xico (M\u00e9xico). EFE\/ Gobierno de la Ciudad de M\u00e9xico<\/figcaption><\/figure>\n<\/figure>\n\n\n\n<p>Despu\u00e9s, Shakira hizo una pausa y pregunt\u00f3 \u201c\u00bfC\u00f3mo est\u00e1 mi gente de M\u00e9xico?\u201d y asegur\u00f3 \u201cesto es un sue\u00f1o\u201d.&nbsp;<\/p>\n\n\n\n<p>\u201cHoy tengo una mezcla de emoci\u00f3n, nostalgia y agradecimiento. Hoy es nuestro \u00faltimo d\u00eda aqu\u00ed en M\u00e9xico, mi casa. Es una historia de amor y amistad que yo tengo con M\u00e9xico, que no se compara con nada\u201d, afirm\u00f3 frente a los miles que se dieron cita desde hace dos d\u00edas para alcanzar el mejor lugar, incluso acampando en la plancha del Z\u00f3calo.<\/p>\n\n\n\n<p>Shakira agradeci\u00f3 por toda la emoci\u00f3n y alegr\u00eda que le han hecho sentir los mexicanos, y asegur\u00f3 que \u201cno hay mejor reencuentro que el de una Loba con su manada mexicana\u201d.&nbsp;<\/p>\n\n\n\n<p>Despu\u00e9s, cedi\u00f3 el micr\u00f3fono a sus asistentes, quienes la secundaron con el tema &#8216;Inevitable&#8217; y luego cantar juntos sus m\u00e1s recientes \u00e9xitos &#8216;Te felicito&#8217;, que comparte con Rauw Alejandro, y &#8216;TQG&#8217; con su paisana Karol G.&nbsp;<\/p>\n\n\n\n<figure class=\"wp-block-gallery has-nested-images columns-default is-cropped wp-block-gallery-3 is-layout-flex wp-block-gallery-is-layout-flex\">\n<figure class=\"wp-block-image size-large\"><a href=\"https:\/\/www.nissancityspringfield.com\/\" target=\"_blank\" rel=\" noreferrer noopener\"><img decoding=\"async\" width=\"800\" height=\"434\" data-id=\"31043\" src=\"https:\/\/www.americanonewspaper.com\/es\/wp-content\/uploads\/2026\/02\/Screenshot-2026-02-24-at-7.16.02-PM-800x434.png\" alt=\"\" class=\"wp-image-31043\" srcset=\"https:\/\/www.americanonewspaper.com\/es\/wp-content\/uploads\/2026\/02\/Screenshot-2026-02-24-at-7.16.02-PM-800x434.png 800w, https:\/\/www.americanonewspaper.com\/es\/wp-content\/uploads\/2026\/02\/Screenshot-2026-02-24-at-7.16.02-PM-300x163.png 300w, https:\/\/www.americanonewspaper.com\/es\/wp-content\/uploads\/2026\/02\/Screenshot-2026-02-24-at-7.16.02-PM-768x417.png 768w, https:\/\/www.americanonewspaper.com\/es\/wp-content\/uploads\/2026\/02\/Screenshot-2026-02-24-at-7.16.02-PM-1536x834.png 1536w, https:\/\/www.americanonewspaper.com\/es\/wp-content\/uploads\/2026\/02\/Screenshot-2026-02-24-at-7.16.02-PM-150x81.png 150w, https:\/\/www.americanonewspaper.com\/es\/wp-content\/uploads\/2026\/02\/Screenshot-2026-02-24-at-7.16.02-PM-696x378.png 696w, https:\/\/www.americanonewspaper.com\/es\/wp-content\/uploads\/2026\/02\/Screenshot-2026-02-24-at-7.16.02-PM-1068x580.png 1068w, https:\/\/www.americanonewspaper.com\/es\/wp-content\/uploads\/2026\/02\/Screenshot-2026-02-24-at-7.16.02-PM.png 1602w\" sizes=\"(max-width: 800px) 100vw, 800px\" \/><\/a><\/figure>\n<\/figure>\n\n\n\n<p>\u201c13 estadios GNP y ahora este escenario hist\u00f3rico\u201d, celebr\u00f3 Shakira durante su concierto y es que su show en el Z\u00f3calo capitalino se enmarca en la gira mundial &#8216;Las Mujeres Ya No Lloran&#8217;, que obtuvo el r\u00e9cord Guinness como la gira latina m\u00e1s exitosa de todos los tiempos, con ingresos de 421,6 millones de d\u00f3lares y 3,3 millones de boletos vendidos en 86 conciertos, seg\u00fan Billboard Boxscore.&nbsp;<\/p>\n\n\n\n<p>Tan solo en M\u00e9xico, Shakira agot\u00f3 13 fechas con llenos totales y 800.000 boletos vendidos, seg\u00fan cifras de la promotora Ocesa, un logro sin precedentes para cualquier artista en el mundo, al tiempo de ser nominada al Sal\u00f3n de la Fama del Rock and Roll 2026.&nbsp;<\/p>\n\n\n\n<p>Shakira tambi\u00e9n interpret\u00f3 temas como &#8216;Acr\u00f3stico&#8217;, canci\u00f3n que canta con sus hijos, &#8216;Loba&#8217;, la sesi\u00f3n que tiene con el productor Bizarrap, y algunos de sus temas cl\u00e1sicos como &#8216;La tortura&#8217;, &#8216;Hips Don\u00b4t Lie&#8217;, que interpreta con Beyonc\u00e9, &#8216;Ojos as\u00ed&#8217;, el tema mundialista &#8216;Waka Waka&#8217; y &#8216;\u00bfDonde est\u00e1s coraz\u00f3n?, canci\u00f3n que dijo \u201cdeb\u00eda\u201d a los mexicanos, ya que no la incluy\u00f3 en sus presentaciones del GNP, entre otros.&nbsp;<\/p>\n\n\n\n<p>Al cierre, la colombiana onde\u00f3 una bandera de M\u00e9xico, luego de exclamar: \u201cgracias M\u00e9xico. Gracias por ser mi familia. Nos vemos\u201d.&nbsp;<\/p>\n\n\n\n<figure class=\"wp-block-gallery has-nested-images columns-default is-cropped wp-block-gallery-4 is-layout-flex wp-block-gallery-is-layout-flex\">\n<figure class=\"wp-block-image size-large\"><a href=\"https:\/\/www.stnj.org\/events\/detail\/santiago-cruz?utm_source=americano&amp;utm_medium=webad&amp;utm_campaign=americano_260225_webad1200x550_santiagocruzspanish\" target=\"_blank\" rel=\" noreferrer noopener\"><img loading=\"lazy\" decoding=\"async\" width=\"800\" height=\"367\" data-id=\"31039\" src=\"https:\/\/www.americanonewspaper.com\/es\/wp-content\/uploads\/2026\/02\/SantiagoCruz_1200x550_Spanish-800x367.jpeg\" alt=\"\" class=\"wp-image-31039\" srcset=\"https:\/\/www.americanonewspaper.com\/es\/wp-content\/uploads\/2026\/02\/SantiagoCruz_1200x550_Spanish-800x367.jpeg 800w, https:\/\/www.americanonewspaper.com\/es\/wp-content\/uploads\/2026\/02\/SantiagoCruz_1200x550_Spanish-300x138.jpeg 300w, https:\/\/www.americanonewspaper.com\/es\/wp-content\/uploads\/2026\/02\/SantiagoCruz_1200x550_Spanish-768x352.jpeg 768w, https:\/\/www.americanonewspaper.com\/es\/wp-content\/uploads\/2026\/02\/SantiagoCruz_1200x550_Spanish-150x69.jpeg 150w, https:\/\/www.americanonewspaper.com\/es\/wp-content\/uploads\/2026\/02\/SantiagoCruz_1200x550_Spanish-696x319.jpeg 696w, https:\/\/www.americanonewspaper.com\/es\/wp-content\/uploads\/2026\/02\/SantiagoCruz_1200x550_Spanish-1068x490.jpeg 1068w, https:\/\/www.americanonewspaper.com\/es\/wp-content\/uploads\/2026\/02\/SantiagoCruz_1200x550_Spanish.jpeg 1200w\" sizes=\"(max-width: 800px) 100vw, 800px\" \/><\/a><\/figure>\n<\/figure>\n\n\n\n<p>En el marco del evento, el Gobierno capitalino instal\u00f3 24 pantallas en zonas cercanas y habilit\u00f3 12 m\u00f3dulos de atenci\u00f3n para seguridad, salud y apoyo a personas extraviadas, con m\u00e1s de 6.500 funcionarios de distintas dependencias en la zona.&nbsp;<\/p>\n\n\n\n<p>Seg\u00fan estimaciones de la C\u00e1mara Nacional de Comercio, Servicios y Turismo (Canaco) de la capital, dejar\u00eda una derrama econ\u00f3mica de 403,6 millones de pesos (unos 22,4 millones de d\u00f3lares).&nbsp;<\/p>\n\n\n\n<p>Adem\u00e1s, previ\u00f3 una ocupaci\u00f3n hotelera superior al 90 % en el primer cuadro de la ciudad, impulsada por visitantes que llegaron a la capital para el cierre del tramo mexicano de su gira.<\/p>\n\n\n\n<figure class=\"wp-block-gallery has-nested-images columns-default is-cropped wp-block-gallery-5 is-layout-flex wp-block-gallery-is-layout-flex\">\n<figure class=\"wp-block-image size-large\"><a href=\"https:\/\/www.paulmillertoyota.com\/?utm_source=google&amp;utm_medium=organic&amp;utm_campaign=google_my_business\" target=\"_blank\" rel=\" noreferrer noopener\"><img loading=\"lazy\" decoding=\"async\" width=\"800\" height=\"313\" data-id=\"31044\" src=\"https:\/\/www.americanonewspaper.com\/es\/wp-content\/uploads\/2026\/02\/Screenshot-2026-02-24-at-7.17.47-PM-800x313.png\" alt=\"\" class=\"wp-image-31044\" srcset=\"https:\/\/www.americanonewspaper.com\/es\/wp-content\/uploads\/2026\/02\/Screenshot-2026-02-24-at-7.17.47-PM-800x313.png 800w, https:\/\/www.americanonewspaper.com\/es\/wp-content\/uploads\/2026\/02\/Screenshot-2026-02-24-at-7.17.47-PM-300x117.png 300w, https:\/\/www.americanonewspaper.com\/es\/wp-content\/uploads\/2026\/02\/Screenshot-2026-02-24-at-7.17.47-PM-768x300.png 768w, https:\/\/www.americanonewspaper.com\/es\/wp-content\/uploads\/2026\/02\/Screenshot-2026-02-24-at-7.17.47-PM-1536x601.png 1536w, https:\/\/www.americanonewspaper.com\/es\/wp-content\/uploads\/2026\/02\/Screenshot-2026-02-24-at-7.17.47-PM-150x59.png 150w, https:\/\/www.americanonewspaper.com\/es\/wp-content\/uploads\/2026\/02\/Screenshot-2026-02-24-at-7.17.47-PM-696x272.png 696w, https:\/\/www.americanonewspaper.com\/es\/wp-content\/uploads\/2026\/02\/Screenshot-2026-02-24-at-7.17.47-PM-1068x418.png 1068w, https:\/\/www.americanonewspaper.com\/es\/wp-content\/uploads\/2026\/02\/Screenshot-2026-02-24-at-7.17.47-PM.png 1616w\" sizes=\"(max-width: 800px) 100vw, 800px\" \/><\/a><\/figure>\n<\/figure>\n","protected":false},"excerpt":{"rendered":"<p>Ciudad de M\u00e9xico, (EFE). Shakira despidi\u00f3 este domingo a sus fans en M\u00e9xico con un concierto gratuito totalmente abarrotado en el Z\u00f3calo y sus alrededores, donde adem\u00e1s anot\u00f3 un nuevo r\u00e9cord de asistencia con m\u00e1s de 400.000 espectadores en el centro capitalino.\u00a0 \u201c400.000 personas disfrutamos del gran espect\u00e1culo de Shakira, desde la Plaza de la [&hellip;]<\/p>\n","protected":false},"author":7,"featured_media":31117,"comment_status":"open","ping_status":"open","sticky":true,"template":"","format":"standard","meta":{"_acf_changed":false,"tdm_status":"","tdm_grid_status":"","_jetpack_memberships_contains_paid_content":false,"footnotes":"","jetpack_publicize_message":"","jetpack_publicize_feature_enabled":true,"jetpack_social_post_already_shared":true,"jetpack_social_options":{"image_generator_settings":{"template":"highway","default_image_id":0,"font":"","enabled":false},"version":2},"_wpas_customize_per_network":false},"categories":[922],"tags":[],"class_list":{"0":"post-31116","1":"post","2":"type-post","3":"status-publish","4":"format-standard","5":"has-post-thumbnail","7":"category-shakira"},"acf":[],"yoast_head":"<!-- This site is optimized with the Yoast SEO Premium plugin v27.5 (Yoast SEO v27.5) - https:\/\/yoast.com\/product\/yoast-seo-premium-wordpress\/ -->\n<title>Shakira rompe r\u00e9cord en el Z\u00f3calo con 400 mil fans - Americano Newspaper<\/title>\n<meta name=\"description\" content=\"Shakira despidi\u00f3 este domingo a sus fans en M\u00e9xico con un concierto gratuito totalmente abarrotado en el Z\u00f3calo y sus alrededores, donde adem\u00e1s anot\u00f3 un nuevo r\u00e9cord de asistencia con m\u00e1s de 400.000 espectadores en el centro capitalino.\u00a0\" \/>\n<meta name=\"robots\" content=\"index, follow, max-snippet:-1, max-image-preview:large, max-video-preview:-1\" \/>\n<link rel=\"canonical\" href=\"https:\/\/www.americanonewspaper.com\/es\/shakira\/shakira-rompe-record-en-el-zocalo-con-400-mil-fans\/\" \/>\n<meta property=\"og:locale\" content=\"en_US\" \/>\n<meta property=\"og:type\" content=\"article\" \/>\n<meta property=\"og:title\" content=\"Shakira rompe r\u00e9cord en el Z\u00f3calo con 400 mil fans\" \/>\n<meta property=\"og:description\" content=\"Shakira despidi\u00f3 este domingo a sus fans en M\u00e9xico con un concierto gratuito totalmente abarrotado en el Z\u00f3calo y sus alrededores, donde adem\u00e1s anot\u00f3 un nuevo r\u00e9cord de asistencia con m\u00e1s de 400.000 espectadores en el centro capitalino.\u00a0\" \/>\n<meta property=\"og:url\" content=\"https:\/\/www.americanonewspaper.com\/es\/shakira\/shakira-rompe-record-en-el-zocalo-con-400-mil-fans\/\" \/>\n<meta property=\"og:site_name\" content=\"Americano Newspaper\" \/>\n<meta property=\"article:publisher\" content=\"https:\/\/www.facebook.com\/AmericanoNewspaper\/\" \/>\n<meta property=\"article:published_time\" content=\"2026-03-02T06:28:43+00:00\" \/>\n<meta property=\"article:modified_time\" content=\"2026-03-02T06:30:25+00:00\" \/>\n<meta property=\"og:image\" content=\"https:\/\/www.americanonewspaper.com\/es\/wp-content\/uploads\/2026\/03\/45723fc6666e23fb41b659182421f67cebf26afcminiw-e1772433001633.jpg\" \/>\n\t<meta property=\"og:image:width\" content=\"598\" \/>\n\t<meta property=\"og:image:height\" content=\"366\" \/>\n\t<meta property=\"og:image:type\" content=\"image\/jpeg\" \/>\n<meta name=\"author\" content=\"Author\" \/>\n<meta name=\"twitter:card\" content=\"summary_large_image\" \/>\n<meta name=\"twitter:label1\" content=\"Written by\" \/>\n\t<meta name=\"twitter:data1\" content=\"Author\" \/>\n\t<meta name=\"twitter:label2\" content=\"Est. reading time\" \/>\n\t<meta name=\"twitter:data2\" content=\"5 minutes\" \/>\n<script type=\"application\/ld+json\" class=\"yoast-schema-graph\">{\"@context\":\"https:\\\/\\\/schema.org\",\"@graph\":[{\"@type\":\"Article\",\"@id\":\"https:\\\/\\\/www.americanonewspaper.com\\\/es\\\/shakira\\\/shakira-rompe-record-en-el-zocalo-con-400-mil-fans\\\/#article\",\"isPartOf\":{\"@id\":\"https:\\\/\\\/www.americanonewspaper.com\\\/es\\\/shakira\\\/shakira-rompe-record-en-el-zocalo-con-400-mil-fans\\\/\"},\"author\":{\"name\":\"Author\",\"@id\":\"https:\\\/\\\/www.americanonewspaper.com\\\/es\\\/#\\\/schema\\\/person\\\/8967f6b8af7e37bcbbe61f68580ff088\"},\"headline\":\"Shakira rompe r\u00e9cord en el Z\u00f3calo con 400 mil fans\",\"datePublished\":\"2026-03-02T06:28:43+00:00\",\"dateModified\":\"2026-03-02T06:30:25+00:00\",\"mainEntityOfPage\":{\"@id\":\"https:\\\/\\\/www.americanonewspaper.com\\\/es\\\/shakira\\\/shakira-rompe-record-en-el-zocalo-con-400-mil-fans\\\/\"},\"wordCount\":794,\"commentCount\":0,\"publisher\":{\"@id\":\"https:\\\/\\\/www.americanonewspaper.com\\\/es\\\/#organization\"},\"image\":{\"@id\":\"https:\\\/\\\/www.americanonewspaper.com\\\/es\\\/shakira\\\/shakira-rompe-record-en-el-zocalo-con-400-mil-fans\\\/#primaryimage\"},\"thumbnailUrl\":\"https:\\\/\\\/www.americanonewspaper.com\\\/es\\\/wp-content\\\/uploads\\\/2026\\\/03\\\/45723fc6666e23fb41b659182421f67cebf26afcminiw-e1772433001633.jpg\",\"articleSection\":[\"Shakira\"],\"inLanguage\":\"en-US\",\"potentialAction\":[{\"@type\":\"CommentAction\",\"name\":\"Comment\",\"target\":[\"https:\\\/\\\/www.americanonewspaper.com\\\/es\\\/shakira\\\/shakira-rompe-record-en-el-zocalo-con-400-mil-fans\\\/#respond\"]}]},{\"@type\":\"WebPage\",\"@id\":\"https:\\\/\\\/www.americanonewspaper.com\\\/es\\\/shakira\\\/shakira-rompe-record-en-el-zocalo-con-400-mil-fans\\\/\",\"url\":\"https:\\\/\\\/www.americanonewspaper.com\\\/es\\\/shakira\\\/shakira-rompe-record-en-el-zocalo-con-400-mil-fans\\\/\",\"name\":\"Shakira rompe r\u00e9cord en el Z\u00f3calo con 400 mil fans - Americano Newspaper\",\"isPartOf\":{\"@id\":\"https:\\\/\\\/www.americanonewspaper.com\\\/es\\\/#website\"},\"primaryImageOfPage\":{\"@id\":\"https:\\\/\\\/www.americanonewspaper.com\\\/es\\\/shakira\\\/shakira-rompe-record-en-el-zocalo-con-400-mil-fans\\\/#primaryimage\"},\"image\":{\"@id\":\"https:\\\/\\\/www.americanonewspaper.com\\\/es\\\/shakira\\\/shakira-rompe-record-en-el-zocalo-con-400-mil-fans\\\/#primaryimage\"},\"thumbnailUrl\":\"https:\\\/\\\/www.americanonewspaper.com\\\/es\\\/wp-content\\\/uploads\\\/2026\\\/03\\\/45723fc6666e23fb41b659182421f67cebf26afcminiw-e1772433001633.jpg\",\"datePublished\":\"2026-03-02T06:28:43+00:00\",\"dateModified\":\"2026-03-02T06:30:25+00:00\",\"description\":\"Shakira despidi\u00f3 este domingo a sus fans en M\u00e9xico con un concierto gratuito totalmente abarrotado en el Z\u00f3calo y sus alrededores, donde adem\u00e1s anot\u00f3 un nuevo r\u00e9cord de asistencia con m\u00e1s de 400.000 espectadores en el centro capitalino.\u00a0\",\"breadcrumb\":{\"@id\":\"https:\\\/\\\/www.americanonewspaper.com\\\/es\\\/shakira\\\/shakira-rompe-record-en-el-zocalo-con-400-mil-fans\\\/#breadcrumb\"},\"inLanguage\":\"en-US\",\"potentialAction\":[{\"@type\":\"ReadAction\",\"target\":[\"https:\\\/\\\/www.americanonewspaper.com\\\/es\\\/shakira\\\/shakira-rompe-record-en-el-zocalo-con-400-mil-fans\\\/\"]}]},{\"@type\":\"ImageObject\",\"inLanguage\":\"en-US\",\"@id\":\"https:\\\/\\\/www.americanonewspaper.com\\\/es\\\/shakira\\\/shakira-rompe-record-en-el-zocalo-con-400-mil-fans\\\/#primaryimage\",\"url\":\"https:\\\/\\\/www.americanonewspaper.com\\\/es\\\/wp-content\\\/uploads\\\/2026\\\/03\\\/45723fc6666e23fb41b659182421f67cebf26afcminiw-e1772433001633.jpg\",\"contentUrl\":\"https:\\\/\\\/www.americanonewspaper.com\\\/es\\\/wp-content\\\/uploads\\\/2026\\\/03\\\/45723fc6666e23fb41b659182421f67cebf26afcminiw-e1772433001633.jpg\",\"width\":598,\"height\":366,\"caption\":\"La cantante colombiana Shakira se presenta durante un concierto este domingo, en el Z\u00f3calo de Ciudad de M\u00e9xico (M\u00e9xico). EFE\\\/ Isaac Esquivel\"},{\"@type\":\"BreadcrumbList\",\"@id\":\"https:\\\/\\\/www.americanonewspaper.com\\\/es\\\/shakira\\\/shakira-rompe-record-en-el-zocalo-con-400-mil-fans\\\/#breadcrumb\",\"itemListElement\":[{\"@type\":\"ListItem\",\"position\":1,\"name\":\"Home\",\"item\":\"https:\\\/\\\/www.americanonewspaper.com\\\/es\\\/\"},{\"@type\":\"ListItem\",\"position\":2,\"name\":\"Shakira rompe r\u00e9cord en el Z\u00f3calo con 400 mil fans\"}]},{\"@type\":\"WebSite\",\"@id\":\"https:\\\/\\\/www.americanonewspaper.com\\\/es\\\/#website\",\"url\":\"https:\\\/\\\/www.americanonewspaper.com\\\/es\\\/\",\"name\":\"Americano Newspaper\",\"description\":\"The Hispanic Newspaper of New Jersey.\",\"publisher\":{\"@id\":\"https:\\\/\\\/www.americanonewspaper.com\\\/es\\\/#organization\"},\"potentialAction\":[{\"@type\":\"SearchAction\",\"target\":{\"@type\":\"EntryPoint\",\"urlTemplate\":\"https:\\\/\\\/www.americanonewspaper.com\\\/es\\\/?s={search_term_string}\"},\"query-input\":{\"@type\":\"PropertyValueSpecification\",\"valueRequired\":true,\"valueName\":\"search_term_string\"}}],\"inLanguage\":\"en-US\"},{\"@type\":\"Organization\",\"@id\":\"https:\\\/\\\/www.americanonewspaper.com\\\/es\\\/#organization\",\"name\":\"Americano Newspaper\",\"url\":\"https:\\\/\\\/www.americanonewspaper.com\\\/es\\\/\",\"logo\":{\"@type\":\"ImageObject\",\"inLanguage\":\"en-US\",\"@id\":\"https:\\\/\\\/www.americanonewspaper.com\\\/es\\\/#\\\/schema\\\/logo\\\/image\\\/\",\"url\":\"https:\\\/\\\/www.americanonewspaper.com\\\/es\\\/wp-content\\\/uploads\\\/2024\\\/05\\\/AmericanoLogoCircle.comCircle2.jpg\",\"contentUrl\":\"https:\\\/\\\/www.americanonewspaper.com\\\/es\\\/wp-content\\\/uploads\\\/2024\\\/05\\\/AmericanoLogoCircle.comCircle2.jpg\",\"width\":600,\"height\":600,\"caption\":\"Americano Newspaper\"},\"image\":{\"@id\":\"https:\\\/\\\/www.americanonewspaper.com\\\/es\\\/#\\\/schema\\\/logo\\\/image\\\/\"},\"sameAs\":[\"https:\\\/\\\/www.facebook.com\\\/AmericanoNewspaper\\\/\"]},{\"@type\":\"Person\",\"@id\":\"https:\\\/\\\/www.americanonewspaper.com\\\/es\\\/#\\\/schema\\\/person\\\/8967f6b8af7e37bcbbe61f68580ff088\",\"name\":\"Author\",\"image\":{\"@type\":\"ImageObject\",\"inLanguage\":\"en-US\",\"@id\":\"https:\\\/\\\/www.americanonewspaper.com\\\/es\\\/wp-content\\\/litespeed\\\/avatar\\\/89ffaf6af3cf6769ffb3c6efb2313947.jpg?ver=1777427547\",\"url\":\"https:\\\/\\\/www.americanonewspaper.com\\\/es\\\/wp-content\\\/litespeed\\\/avatar\\\/89ffaf6af3cf6769ffb3c6efb2313947.jpg?ver=1777427547\",\"contentUrl\":\"https:\\\/\\\/www.americanonewspaper.com\\\/es\\\/wp-content\\\/litespeed\\\/avatar\\\/89ffaf6af3cf6769ffb3c6efb2313947.jpg?ver=1777427547\",\"caption\":\"Author\"},\"url\":\"https:\\\/\\\/www.americanonewspaper.com\\\/es\\\/author\\\/americano\\\/\"}]}<\/script>\n<!-- \/ Yoast SEO Premium plugin. -->","yoast_head_json":{"title":"Shakira rompe r\u00e9cord en el Z\u00f3calo con 400 mil fans - Americano Newspaper","description":"Shakira despidi\u00f3 este domingo a sus fans en M\u00e9xico con un concierto gratuito totalmente abarrotado en el Z\u00f3calo y sus alrededores, donde adem\u00e1s anot\u00f3 un nuevo r\u00e9cord de asistencia con m\u00e1s de 400.000 espectadores en el centro capitalino.\u00a0","robots":{"index":"index","follow":"follow","max-snippet":"max-snippet:-1","max-image-preview":"max-image-preview:large","max-video-preview":"max-video-preview:-1"},"canonical":"https:\/\/www.americanonewspaper.com\/es\/shakira\/shakira-rompe-record-en-el-zocalo-con-400-mil-fans\/","og_locale":"en_US","og_type":"article","og_title":"Shakira rompe r\u00e9cord en el Z\u00f3calo con 400 mil fans","og_description":"Shakira despidi\u00f3 este domingo a sus fans en M\u00e9xico con un concierto gratuito totalmente abarrotado en el Z\u00f3calo y sus alrededores, donde adem\u00e1s anot\u00f3 un nuevo r\u00e9cord de asistencia con m\u00e1s de 400.000 espectadores en el centro capitalino.\u00a0","og_url":"https:\/\/www.americanonewspaper.com\/es\/shakira\/shakira-rompe-record-en-el-zocalo-con-400-mil-fans\/","og_site_name":"Americano Newspaper","article_publisher":"https:\/\/www.facebook.com\/AmericanoNewspaper\/","article_published_time":"2026-03-02T06:28:43+00:00","article_modified_time":"2026-03-02T06:30:25+00:00","og_image":[{"width":598,"height":366,"url":"https:\/\/www.americanonewspaper.com\/es\/wp-content\/uploads\/2026\/03\/45723fc6666e23fb41b659182421f67cebf26afcminiw-e1772433001633.jpg","type":"image\/jpeg"}],"author":"Author","twitter_card":"summary_large_image","twitter_misc":{"Written by":"Author","Est. reading time":"5 minutes"},"schema":{"@context":"https:\/\/schema.org","@graph":[{"@type":"Article","@id":"https:\/\/www.americanonewspaper.com\/es\/shakira\/shakira-rompe-record-en-el-zocalo-con-400-mil-fans\/#article","isPartOf":{"@id":"https:\/\/www.americanonewspaper.com\/es\/shakira\/shakira-rompe-record-en-el-zocalo-con-400-mil-fans\/"},"author":{"name":"Author","@id":"https:\/\/www.americanonewspaper.com\/es\/#\/schema\/person\/8967f6b8af7e37bcbbe61f68580ff088"},"headline":"Shakira rompe r\u00e9cord en el Z\u00f3calo con 400 mil fans","datePublished":"2026-03-02T06:28:43+00:00","dateModified":"2026-03-02T06:30:25+00:00","mainEntityOfPage":{"@id":"https:\/\/www.americanonewspaper.com\/es\/shakira\/shakira-rompe-record-en-el-zocalo-con-400-mil-fans\/"},"wordCount":794,"commentCount":0,"publisher":{"@id":"https:\/\/www.americanonewspaper.com\/es\/#organization"},"image":{"@id":"https:\/\/www.americanonewspaper.com\/es\/shakira\/shakira-rompe-record-en-el-zocalo-con-400-mil-fans\/#primaryimage"},"thumbnailUrl":"https:\/\/www.americanonewspaper.com\/es\/wp-content\/uploads\/2026\/03\/45723fc6666e23fb41b659182421f67cebf26afcminiw-e1772433001633.jpg","articleSection":["Shakira"],"inLanguage":"en-US","potentialAction":[{"@type":"CommentAction","name":"Comment","target":["https:\/\/www.americanonewspaper.com\/es\/shakira\/shakira-rompe-record-en-el-zocalo-con-400-mil-fans\/#respond"]}]},{"@type":"WebPage","@id":"https:\/\/www.americanonewspaper.com\/es\/shakira\/shakira-rompe-record-en-el-zocalo-con-400-mil-fans\/","url":"https:\/\/www.americanonewspaper.com\/es\/shakira\/shakira-rompe-record-en-el-zocalo-con-400-mil-fans\/","name":"Shakira rompe r\u00e9cord en el Z\u00f3calo con 400 mil fans - Americano Newspaper","isPartOf":{"@id":"https:\/\/www.americanonewspaper.com\/es\/#website"},"primaryImageOfPage":{"@id":"https:\/\/www.americanonewspaper.com\/es\/shakira\/shakira-rompe-record-en-el-zocalo-con-400-mil-fans\/#primaryimage"},"image":{"@id":"https:\/\/www.americanonewspaper.com\/es\/shakira\/shakira-rompe-record-en-el-zocalo-con-400-mil-fans\/#primaryimage"},"thumbnailUrl":"https:\/\/www.americanonewspaper.com\/es\/wp-content\/uploads\/2026\/03\/45723fc6666e23fb41b659182421f67cebf26afcminiw-e1772433001633.jpg","datePublished":"2026-03-02T06:28:43+00:00","dateModified":"2026-03-02T06:30:25+00:00","description":"Shakira despidi\u00f3 este domingo a sus fans en M\u00e9xico con un concierto gratuito totalmente abarrotado en el Z\u00f3calo y sus alrededores, donde adem\u00e1s anot\u00f3 un nuevo r\u00e9cord de asistencia con m\u00e1s de 400.000 espectadores en el centro capitalino.\u00a0","breadcrumb":{"@id":"https:\/\/www.americanonewspaper.com\/es\/shakira\/shakira-rompe-record-en-el-zocalo-con-400-mil-fans\/#breadcrumb"},"inLanguage":"en-US","potentialAction":[{"@type":"ReadAction","target":["https:\/\/www.americanonewspaper.com\/es\/shakira\/shakira-rompe-record-en-el-zocalo-con-400-mil-fans\/"]}]},{"@type":"ImageObject","inLanguage":"en-US","@id":"https:\/\/www.americanonewspaper.com\/es\/shakira\/shakira-rompe-record-en-el-zocalo-con-400-mil-fans\/#primaryimage","url":"https:\/\/www.americanonewspaper.com\/es\/wp-content\/uploads\/2026\/03\/45723fc6666e23fb41b659182421f67cebf26afcminiw-e1772433001633.jpg","contentUrl":"https:\/\/www.americanonewspaper.com\/es\/wp-content\/uploads\/2026\/03\/45723fc6666e23fb41b659182421f67cebf26afcminiw-e1772433001633.jpg","width":598,"height":366,"caption":"La cantante colombiana Shakira se presenta durante un concierto este domingo, en el Z\u00f3calo de Ciudad de M\u00e9xico (M\u00e9xico). EFE\/ Isaac Esquivel"},{"@type":"BreadcrumbList","@id":"https:\/\/www.americanonewspaper.com\/es\/shakira\/shakira-rompe-record-en-el-zocalo-con-400-mil-fans\/#breadcrumb","itemListElement":[{"@type":"ListItem","position":1,"name":"Home","item":"https:\/\/www.americanonewspaper.com\/es\/"},{"@type":"ListItem","position":2,"name":"Shakira rompe r\u00e9cord en el Z\u00f3calo con 400 mil fans"}]},{"@type":"WebSite","@id":"https:\/\/www.americanonewspaper.com\/es\/#website","url":"https:\/\/www.americanonewspaper.com\/es\/","name":"Americano Newspaper","description":"The Hispanic Newspaper of New Jersey.","publisher":{"@id":"https:\/\/www.americanonewspaper.com\/es\/#organization"},"potentialAction":[{"@type":"SearchAction","target":{"@type":"EntryPoint","urlTemplate":"https:\/\/www.americanonewspaper.com\/es\/?s={search_term_string}"},"query-input":{"@type":"PropertyValueSpecification","valueRequired":true,"valueName":"search_term_string"}}],"inLanguage":"en-US"},{"@type":"Organization","@id":"https:\/\/www.americanonewspaper.com\/es\/#organization","name":"Americano Newspaper","url":"https:\/\/www.americanonewspaper.com\/es\/","logo":{"@type":"ImageObject","inLanguage":"en-US","@id":"https:\/\/www.americanonewspaper.com\/es\/#\/schema\/logo\/image\/","url":"https:\/\/www.americanonewspaper.com\/es\/wp-content\/uploads\/2024\/05\/AmericanoLogoCircle.comCircle2.jpg","contentUrl":"https:\/\/www.americanonewspaper.com\/es\/wp-content\/uploads\/2024\/05\/AmericanoLogoCircle.comCircle2.jpg","width":600,"height":600,"caption":"Americano Newspaper"},"image":{"@id":"https:\/\/www.americanonewspaper.com\/es\/#\/schema\/logo\/image\/"},"sameAs":["https:\/\/www.facebook.com\/AmericanoNewspaper\/"]},{"@type":"Person","@id":"https:\/\/www.americanonewspaper.com\/es\/#\/schema\/person\/8967f6b8af7e37bcbbe61f68580ff088","name":"Author","image":{"@type":"ImageObject","inLanguage":"en-US","@id":"https:\/\/www.americanonewspaper.com\/es\/wp-content\/litespeed\/avatar\/89ffaf6af3cf6769ffb3c6efb2313947.jpg?ver=1777427547","url":"https:\/\/www.americanonewspaper.com\/es\/wp-content\/litespeed\/avatar\/89ffaf6af3cf6769ffb3c6efb2313947.jpg?ver=1777427547","contentUrl":"https:\/\/www.americanonewspaper.com\/es\/wp-content\/litespeed\/avatar\/89ffaf6af3cf6769ffb3c6efb2313947.jpg?ver=1777427547","caption":"Author"},"url":"https:\/\/www.americanonewspaper.com\/es\/author\/americano\/"}]}},"jetpack_publicize_connections":[],"jetpack_featured_media_url":"https:\/\/www.americanonewspaper.com\/es\/wp-content\/uploads\/2026\/03\/45723fc6666e23fb41b659182421f67cebf26afcminiw-e1772433001633.jpg","featured_image_urls":{"full":["https:\/\/www.americanonewspaper.com\/es\/wp-content\/uploads\/2026\/03\/45723fc6666e23fb41b659182421f67cebf26afcminiw-e1772433001633.jpg",598,366,false],"thumbnail":["https:\/\/www.americanonewspaper.com\/es\/wp-content\/uploads\/2026\/03\/45723fc6666e23fb41b659182421f67cebf26afcminiw-e1772433001633-250x250.jpg",250,250,true],"medium":["https:\/\/www.americanonewspaper.com\/es\/wp-content\/uploads\/2026\/03\/45723fc6666e23fb41b659182421f67cebf26afcminiw-e1772433001633-300x184.jpg",300,184,true],"medium_large":["https:\/\/www.americanonewspaper.com\/es\/wp-content\/uploads\/2026\/03\/45723fc6666e23fb41b659182421f67cebf26afcminiw-e1772433001633.jpg",598,366,false],"large":["https:\/\/www.americanonewspaper.com\/es\/wp-content\/uploads\/2026\/03\/45723fc6666e23fb41b659182421f67cebf26afcminiw-333x500.jpg",333,500,true],"1536x1536":["https:\/\/www.americanonewspaper.com\/es\/wp-content\/uploads\/2026\/03\/45723fc6666e23fb41b659182421f67cebf26afcminiw-e1772433001633.jpg",598,366,false],"2048x2048":["https:\/\/www.americanonewspaper.com\/es\/wp-content\/uploads\/2026\/03\/45723fc6666e23fb41b659182421f67cebf26afcminiw-e1772433001633.jpg",598,366,false],"td_150x0":["https:\/\/www.americanonewspaper.com\/es\/wp-content\/uploads\/2026\/03\/45723fc6666e23fb41b659182421f67cebf26afcminiw-e1772433001633-150x92.jpg",150,92,true],"td_218x150":["https:\/\/www.americanonewspaper.com\/es\/wp-content\/uploads\/2026\/03\/45723fc6666e23fb41b659182421f67cebf26afcminiw-e1772433001633-218x150.jpg",218,150,true],"td_300x0":["https:\/\/www.americanonewspaper.com\/es\/wp-content\/uploads\/2026\/03\/45723fc6666e23fb41b659182421f67cebf26afcminiw-e1772433001633-300x184.jpg",300,184,true],"td_324x400":["https:\/\/www.americanonewspaper.com\/es\/wp-content\/uploads\/2026\/03\/45723fc6666e23fb41b659182421f67cebf26afcminiw-e1772433001633-324x366.jpg",324,366,true],"td_485x360":["https:\/\/www.americanonewspaper.com\/es\/wp-content\/uploads\/2026\/03\/45723fc6666e23fb41b659182421f67cebf26afcminiw-e1772433001633-485x360.jpg",485,360,true],"td_696x0":["https:\/\/www.americanonewspaper.com\/es\/wp-content\/uploads\/2026\/03\/45723fc6666e23fb41b659182421f67cebf26afcminiw-e1772433001633.jpg",598,366,false],"td_1068x0":["https:\/\/www.americanonewspaper.com\/es\/wp-content\/uploads\/2026\/03\/45723fc6666e23fb41b659182421f67cebf26afcminiw-e1772433001633.jpg",598,366,false],"td_1920x0":["https:\/\/www.americanonewspaper.com\/es\/wp-content\/uploads\/2026\/03\/45723fc6666e23fb41b659182421f67cebf26afcminiw-e1772433001633.jpg",598,366,false],"bdpp-medium":["https:\/\/www.americanonewspaper.com\/es\/wp-content\/uploads\/2026\/03\/45723fc6666e23fb41b659182421f67cebf26afcminiw-600x480.jpg",600,480,true]},"author_info":{"display_name":"Author","author_link":"https:\/\/www.americanonewspaper.com\/es\/author\/americano\/"},"category_info":"<a href=\"https:\/\/www.americanonewspaper.com\/es\/category\/shakira\/\" rel=\"category tag\">Shakira<\/a>","tag_info":"Shakira","comment_count":"0","jetpack_sharing_enabled":true,"jetpack_likes_enabled":true,"_links":{"self":[{"href":"https:\/\/www.americanonewspaper.com\/es\/wp-json\/wp\/v2\/posts\/31116","targetHints":{"allow":["GET"]}}],"collection":[{"href":"https:\/\/www.americanonewspaper.com\/es\/wp-json\/wp\/v2\/posts"}],"about":[{"href":"https:\/\/www.americanonewspaper.com\/es\/wp-json\/wp\/v2\/types\/post"}],"author":[{"embeddable":true,"href":"https:\/\/www.americanonewspaper.com\/es\/wp-json\/wp\/v2\/users\/7"}],"replies":[{"embeddable":true,"href":"https:\/\/www.americanonewspaper.com\/es\/wp-json\/wp\/v2\/comments?post=31116"}],"version-history":[{"count":1,"href":"https:\/\/www.americanonewspaper.com\/es\/wp-json\/wp\/v2\/posts\/31116\/revisions"}],"predecessor-version":[{"id":31119,"href":"https:\/\/www.americanonewspaper.com\/es\/wp-json\/wp\/v2\/posts\/31116\/revisions\/31119"}],"wp:featuredmedia":[{"embeddable":true,"href":"https:\/\/www.americanonewspaper.com\/es\/wp-json\/wp\/v2\/media\/31117"}],"wp:attachment":[{"href":"https:\/\/www.americanonewspaper.com\/es\/wp-json\/wp\/v2\/media?parent=31116"}],"wp:term":[{"taxonomy":"category","embeddable":true,"href":"https:\/\/www.americanonewspaper.com\/es\/wp-json\/wp\/v2\/categories?post=31116"},{"taxonomy":"post_tag","embeddable":true,"href":"https:\/\/www.americanonewspaper.com\/es\/wp-json\/wp\/v2\/tags?post=31116"}],"curies":[{"name":"wp","href":"https:\/\/api.w.org\/{rel}","templated":true}]}}