{"id":30552,"date":"2026-01-14T16:55:29","date_gmt":"2026-01-14T21:55:29","guid":{"rendered":"https:\/\/www.americanonewspaper.com\/es\/?p=30552"},"modified":"2026-01-14T21:28:19","modified_gmt":"2026-01-15T02:28:19","slug":"confirmado-ariana-grande-protagonizara-musical-en-londres-en-2027","status":"publish","type":"post","link":"https:\/\/www.americanonewspaper.com\/es\/musica\/confirmado-ariana-grande-protagonizara-musical-en-londres-en-2027\/","title":{"rendered":"Ariana Grande protagonizar\u00e1 musical en Londres en 2027"},"content":{"rendered":"\n<p class=\"dropcapp3\">La cantante estadounidense Ariana Grande debutar\u00e1 en el West End londinense en el verano de 2027 con un musical titulado &#8216;Sunday in the park with George&#8217;, que interpretar\u00e1 junto al actor Jonathan Bailey, con el que ya coincidi\u00f3 en la pel\u00edcula &#8216;Wicked&#8217;.<\/p>\n\n\n\n<figure class=\"wp-block-image size-large\"><a href=\"https:\/\/ggllawyers.com\/es\/new-jersey-personal-injury-and-workers-compensation-lawyer\/\" target=\"_blank\" rel=\" noreferrer noopener\"><img fetchpriority=\"high\" decoding=\"async\" width=\"800\" height=\"384\" src=\"https:\/\/www.americanonewspaper.com\/es\/wp-content\/uploads\/2026\/01\/NEWGGLADSPANISH-copy-800x384.jpg\" alt=\"\" class=\"wp-image-30557\" srcset=\"https:\/\/www.americanonewspaper.com\/es\/wp-content\/uploads\/2026\/01\/NEWGGLADSPANISH-copy-800x384.jpg 800w, https:\/\/www.americanonewspaper.com\/es\/wp-content\/uploads\/2026\/01\/NEWGGLADSPANISH-copy-300x144.jpg 300w, https:\/\/www.americanonewspaper.com\/es\/wp-content\/uploads\/2026\/01\/NEWGGLADSPANISH-copy-768x369.jpg 768w, https:\/\/www.americanonewspaper.com\/es\/wp-content\/uploads\/2026\/01\/NEWGGLADSPANISH-copy-1536x738.jpg 1536w, https:\/\/www.americanonewspaper.com\/es\/wp-content\/uploads\/2026\/01\/NEWGGLADSPANISH-copy-2048x984.jpg 2048w, https:\/\/www.americanonewspaper.com\/es\/wp-content\/uploads\/2026\/01\/NEWGGLADSPANISH-copy-150x72.jpg 150w, https:\/\/www.americanonewspaper.com\/es\/wp-content\/uploads\/2026\/01\/NEWGGLADSPANISH-copy-696x334.jpg 696w, https:\/\/www.americanonewspaper.com\/es\/wp-content\/uploads\/2026\/01\/NEWGGLADSPANISH-copy-1068x513.jpg 1068w, https:\/\/www.americanonewspaper.com\/es\/wp-content\/uploads\/2026\/01\/NEWGGLADSPANISH-copy-1920x923.jpg 1920w\" sizes=\"(max-width: 800px) 100vw, 800px\" \/><\/a><\/figure>\n\n\n\n<p>La nueva obra ha sido anunciada en la p\u00e1gina web del Barbican Centre, que pondr\u00e1 billetes a la venta a partir del mayo pr\u00f3ximo y exclusivamente a trav\u00e9s de su p\u00e1gina oficial.<\/p>\n\n\n<div class=\"wp-block-image\">\n<figure class=\"aligncenter size-large is-resized\"><a href=\"https:\/\/www.nissancityspringfield.com\/\" target=\"_blank\" rel=\" noreferrer noopener\"><img decoding=\"async\" width=\"800\" height=\"433\" src=\"https:\/\/www.americanonewspaper.com\/es\/wp-content\/uploads\/2026\/01\/Nissan-City-Spanish-Print-copy-2-1920x1038-1-800x433.jpg\" alt=\"\" class=\"wp-image-30553\" style=\"width:1068px;height:auto\" srcset=\"https:\/\/www.americanonewspaper.com\/es\/wp-content\/uploads\/2026\/01\/Nissan-City-Spanish-Print-copy-2-1920x1038-1-800x433.jpg 800w, https:\/\/www.americanonewspaper.com\/es\/wp-content\/uploads\/2026\/01\/Nissan-City-Spanish-Print-copy-2-1920x1038-1-300x162.jpg 300w, https:\/\/www.americanonewspaper.com\/es\/wp-content\/uploads\/2026\/01\/Nissan-City-Spanish-Print-copy-2-1920x1038-1-768x415.jpg 768w, https:\/\/www.americanonewspaper.com\/es\/wp-content\/uploads\/2026\/01\/Nissan-City-Spanish-Print-copy-2-1920x1038-1-1536x830.jpg 1536w, https:\/\/www.americanonewspaper.com\/es\/wp-content\/uploads\/2026\/01\/Nissan-City-Spanish-Print-copy-2-1920x1038-1-150x81.jpg 150w, https:\/\/www.americanonewspaper.com\/es\/wp-content\/uploads\/2026\/01\/Nissan-City-Spanish-Print-copy-2-1920x1038-1-696x376.jpg 696w, https:\/\/www.americanonewspaper.com\/es\/wp-content\/uploads\/2026\/01\/Nissan-City-Spanish-Print-copy-2-1920x1038-1-1068x577.jpg 1068w, https:\/\/www.americanonewspaper.com\/es\/wp-content\/uploads\/2026\/01\/Nissan-City-Spanish-Print-copy-2-1920x1038-1.jpg 1920w\" sizes=\"(max-width: 800px) 100vw, 800px\" \/><\/a><\/figure>\n<\/div>\n\n\n<p>La obra ser\u00e1 un &#8216;revival&#8217; de un musical estrenado en Broadway en 1984, con guion de James Lapine y con m\u00fasica y letra del m\u00edtico Stephen Sondheim, uno de los autores m\u00e1s prol\u00edficos de Broadway.<\/p>\n\n\n<div class=\"wp-block-image\">\n<figure class=\"aligncenter size-large is-resized\"><a href=\"https:\/\/ramospodiatry.com\/\" target=\"_blank\" rel=\" noreferrer noopener\"><img decoding=\"async\" width=\"800\" height=\"367\" src=\"https:\/\/www.americanonewspaper.com\/es\/wp-content\/uploads\/2026\/01\/BannerSpanishDr.Ramos-copy-800x367.jpg\" alt=\"\" class=\"wp-image-30520\" style=\"width:1036px;height:auto\" srcset=\"https:\/\/www.americanonewspaper.com\/es\/wp-content\/uploads\/2026\/01\/BannerSpanishDr.Ramos-copy-800x367.jpg 800w, https:\/\/www.americanonewspaper.com\/es\/wp-content\/uploads\/2026\/01\/BannerSpanishDr.Ramos-copy-300x138.jpg 300w, https:\/\/www.americanonewspaper.com\/es\/wp-content\/uploads\/2026\/01\/BannerSpanishDr.Ramos-copy-768x352.jpg 768w, https:\/\/www.americanonewspaper.com\/es\/wp-content\/uploads\/2026\/01\/BannerSpanishDr.Ramos-copy-150x69.jpg 150w, https:\/\/www.americanonewspaper.com\/es\/wp-content\/uploads\/2026\/01\/BannerSpanishDr.Ramos-copy-696x319.jpg 696w, https:\/\/www.americanonewspaper.com\/es\/wp-content\/uploads\/2026\/01\/BannerSpanishDr.Ramos-copy-1068x490.jpg 1068w, https:\/\/www.americanonewspaper.com\/es\/wp-content\/uploads\/2026\/01\/BannerSpanishDr.Ramos-copy.jpg 1200w\" sizes=\"(max-width: 800px) 100vw, 800px\" \/><\/a><\/figure>\n<\/div>\n\n\n<p>Precisamente Ariana Grande y Bailey subieron hoy a sus redes una fotograf\u00eda de ambos mientras observan el cuadro de Georges Seurat &#8216;Tarde de domingo en la isla de la Grande Jatte&#8217; en el Instituto de Artes de Chicago donde se exhibe, lo que fue la primera se\u00f1al de la colaboraci\u00f3n entre ambos.<\/p>\n\n\n<div class=\"wp-block-image\">\n<figure class=\"aligncenter size-large is-resized\"><a href=\"https:\/\/www.nj.gov\/health\/vaccines\/\" target=\"_blank\" rel=\" noreferrer noopener\"><img loading=\"lazy\" decoding=\"async\" width=\"800\" height=\"434\" src=\"https:\/\/www.americanonewspaper.com\/es\/wp-content\/uploads\/2026\/01\/35329ac3-e38e-48a1-8000-97a29ad72a5c-800x434.jpeg\" alt=\"\" class=\"wp-image-30518\" style=\"width:1068px;height:auto\" srcset=\"https:\/\/www.americanonewspaper.com\/es\/wp-content\/uploads\/2026\/01\/35329ac3-e38e-48a1-8000-97a29ad72a5c-800x434.jpeg 800w, https:\/\/www.americanonewspaper.com\/es\/wp-content\/uploads\/2026\/01\/35329ac3-e38e-48a1-8000-97a29ad72a5c-300x163.jpeg 300w, https:\/\/www.americanonewspaper.com\/es\/wp-content\/uploads\/2026\/01\/35329ac3-e38e-48a1-8000-97a29ad72a5c-768x417.jpeg 768w, https:\/\/www.americanonewspaper.com\/es\/wp-content\/uploads\/2026\/01\/35329ac3-e38e-48a1-8000-97a29ad72a5c-1536x833.jpeg 1536w, https:\/\/www.americanonewspaper.com\/es\/wp-content\/uploads\/2026\/01\/35329ac3-e38e-48a1-8000-97a29ad72a5c-150x81.jpeg 150w, https:\/\/www.americanonewspaper.com\/es\/wp-content\/uploads\/2026\/01\/35329ac3-e38e-48a1-8000-97a29ad72a5c-696x378.jpeg 696w, https:\/\/www.americanonewspaper.com\/es\/wp-content\/uploads\/2026\/01\/35329ac3-e38e-48a1-8000-97a29ad72a5c-1068x579.jpeg 1068w, https:\/\/www.americanonewspaper.com\/es\/wp-content\/uploads\/2026\/01\/35329ac3-e38e-48a1-8000-97a29ad72a5c.jpeg 1600w\" sizes=\"(max-width: 800px) 100vw, 800px\" \/><\/a><\/figure>\n<\/div>\n\n\n<p>Y es que el musical se basa de manera bastante libre en la vida del pintor franc\u00e9s, uno de los maestros de la corriente del &#8216;puntillismo&#8217; y que tiene en ese cuadro de gran tama\u00f1o su obra m\u00e1s reconocible.<\/p>\n\n\n\n<p>El musical londinense va a estar dirigido por Marianne Elliott, quien ya ha trabajado con Bailey en otros musicales como &#8216;Cock&#8217; y &#8216;Company&#8217;, y cuenta con el dise\u00f1o de Tom Scutt, mientras que se desconocen otros detalles del reparto o del equipo t\u00e9cnico.<\/p>\n\n\n<div class=\"wp-block-image\">\n<figure class=\"aligncenter size-large is-resized\"><img loading=\"lazy\" decoding=\"async\" width=\"800\" height=\"367\" src=\"https:\/\/www.americanonewspaper.com\/es\/wp-content\/uploads\/2025\/12\/WhatsApp-Image-2025-11-17-at-11.08.35-AM-1-800x367.jpeg\" alt=\"\" class=\"wp-image-30290\" style=\"width:1068px;height:auto\" srcset=\"https:\/\/www.americanonewspaper.com\/es\/wp-content\/uploads\/2025\/12\/WhatsApp-Image-2025-11-17-at-11.08.35-AM-1-800x367.jpeg 800w, https:\/\/www.americanonewspaper.com\/es\/wp-content\/uploads\/2025\/12\/WhatsApp-Image-2025-11-17-at-11.08.35-AM-1-300x138.jpeg 300w, https:\/\/www.americanonewspaper.com\/es\/wp-content\/uploads\/2025\/12\/WhatsApp-Image-2025-11-17-at-11.08.35-AM-1-768x352.jpeg 768w, https:\/\/www.americanonewspaper.com\/es\/wp-content\/uploads\/2025\/12\/WhatsApp-Image-2025-11-17-at-11.08.35-AM-1-150x69.jpeg 150w, https:\/\/www.americanonewspaper.com\/es\/wp-content\/uploads\/2025\/12\/WhatsApp-Image-2025-11-17-at-11.08.35-AM-1-696x319.jpeg 696w, https:\/\/www.americanonewspaper.com\/es\/wp-content\/uploads\/2025\/12\/WhatsApp-Image-2025-11-17-at-11.08.35-AM-1-1068x490.jpeg 1068w, https:\/\/www.americanonewspaper.com\/es\/wp-content\/uploads\/2025\/12\/WhatsApp-Image-2025-11-17-at-11.08.35-AM-1.jpeg 1200w\" sizes=\"(max-width: 800px) 100vw, 800px\" \/><\/figure>\n<\/div>\n\n\n<p><a href=\"https:\/\/tayakan.com\/\" target=\"_blank\" rel=\"noreferrer noopener\">Tayakan.com<\/a><a href=\"https:\/\/tayakan.com\/\"> <\/a>(EFE) <\/p>\n","protected":false},"excerpt":{"rendered":"<p>La cantante estadounidense Ariana Grande debutar\u00e1 en el West End londinense en el verano de 2027 con un musical titulado &#8216;Sunday in the park with George&#8217;, que interpretar\u00e1 junto al actor Jonathan Bailey, con el que ya coincidi\u00f3 en la pel\u00edcula &#8216;Wicked&#8217;. La nueva obra ha sido anunciada en la p\u00e1gina web del Barbican Centre, [&hellip;]<\/p>\n","protected":false},"author":7,"featured_media":30555,"comment_status":"open","ping_status":"open","sticky":false,"template":"","format":"standard","meta":{"_acf_changed":false,"tdm_status":"","tdm_grid_status":"","_jetpack_memberships_contains_paid_content":false,"footnotes":"","jetpack_publicize_message":"","jetpack_publicize_feature_enabled":true,"jetpack_social_post_already_shared":true,"jetpack_social_options":{"image_generator_settings":{"template":"highway","default_image_id":0,"font":"","enabled":false},"version":2},"_wpas_customize_per_network":false},"categories":[887,1183,569,677],"tags":[],"class_list":{"0":"post-30552","1":"post","2":"type-post","3":"status-publish","4":"format-standard","5":"has-post-thumbnail","7":"category-ariana-grande","8":"category-entretenimiento","9":"category-londres","10":"category-musica"},"acf":[],"yoast_head":"<!-- This site is optimized with the Yoast SEO Premium plugin v27.4 (Yoast SEO v27.4) - https:\/\/yoast.com\/product\/yoast-seo-premium-wordpress\/ -->\n<title>Ariana Grande protagonizar\u00e1 musical en Londres en 2027 - Americano Newspaper<\/title>\n<meta name=\"description\" content=\"La cantante estadounidense Ariana Grande debutar\u00e1 en el West End londinense en el verano de 2027 con un musical titulado &#039;Sunday in the park with George&#039;, que interpretar\u00e1 junto al actor Jonathan Bailey, con el que ya coincidi\u00f3 en la pel\u00edcula &#039;Wicked&#039;.\" \/>\n<meta name=\"robots\" content=\"index, follow, max-snippet:-1, max-image-preview:large, max-video-preview:-1\" \/>\n<link rel=\"canonical\" href=\"https:\/\/www.americanonewspaper.com\/es\/musica\/confirmado-ariana-grande-protagonizara-musical-en-londres-en-2027\/\" \/>\n<meta property=\"og:locale\" content=\"en_US\" \/>\n<meta property=\"og:type\" content=\"article\" \/>\n<meta property=\"og:title\" content=\"Ariana Grande protagonizar\u00e1 musical en Londres en 2027\" \/>\n<meta property=\"og:description\" content=\"La cantante estadounidense Ariana Grande debutar\u00e1 en el West End londinense en el verano de 2027 con un musical titulado &#039;Sunday in the park with George&#039;, que interpretar\u00e1 junto al actor Jonathan Bailey, con el que ya coincidi\u00f3 en la pel\u00edcula &#039;Wicked&#039;.\" \/>\n<meta property=\"og:url\" content=\"https:\/\/www.americanonewspaper.com\/es\/musica\/confirmado-ariana-grande-protagonizara-musical-en-londres-en-2027\/\" \/>\n<meta property=\"og:site_name\" content=\"Americano Newspaper\" \/>\n<meta property=\"article:publisher\" content=\"https:\/\/www.facebook.com\/AmericanoNewspaper\/\" \/>\n<meta property=\"article:published_time\" content=\"2026-01-14T21:55:29+00:00\" \/>\n<meta property=\"article:modified_time\" content=\"2026-01-15T02:28:19+00:00\" \/>\n<meta property=\"og:image\" content=\"https:\/\/www.americanonewspaper.com\/es\/wp-content\/uploads\/2026\/01\/Sitio-web-de-comunicacion-interna-Novato-Negro-y-bigaro-Presentacion-simple-33.png\" \/>\n\t<meta property=\"og:image:width\" content=\"1366\" \/>\n\t<meta property=\"og:image:height\" content=\"886\" \/>\n\t<meta property=\"og:image:type\" content=\"image\/png\" \/>\n<meta name=\"author\" content=\"Author\" \/>\n<meta name=\"twitter:card\" content=\"summary_large_image\" \/>\n<meta name=\"twitter:label1\" content=\"Written by\" \/>\n\t<meta name=\"twitter:data1\" content=\"Author\" \/>\n\t<meta name=\"twitter:label2\" content=\"Est. reading time\" \/>\n\t<meta name=\"twitter:data2\" content=\"3 minutes\" \/>\n<script type=\"application\/ld+json\" class=\"yoast-schema-graph\">{\"@context\":\"https:\\\/\\\/schema.org\",\"@graph\":[{\"@type\":\"Article\",\"@id\":\"https:\\\/\\\/www.americanonewspaper.com\\\/es\\\/musica\\\/confirmado-ariana-grande-protagonizara-musical-en-londres-en-2027\\\/#article\",\"isPartOf\":{\"@id\":\"https:\\\/\\\/www.americanonewspaper.com\\\/es\\\/musica\\\/confirmado-ariana-grande-protagonizara-musical-en-londres-en-2027\\\/\"},\"author\":{\"name\":\"Author\",\"@id\":\"https:\\\/\\\/www.americanonewspaper.com\\\/es\\\/#\\\/schema\\\/person\\\/8967f6b8af7e37bcbbe61f68580ff088\"},\"headline\":\"Ariana Grande protagonizar\u00e1 musical en Londres en 2027\",\"datePublished\":\"2026-01-14T21:55:29+00:00\",\"dateModified\":\"2026-01-15T02:28:19+00:00\",\"mainEntityOfPage\":{\"@id\":\"https:\\\/\\\/www.americanonewspaper.com\\\/es\\\/musica\\\/confirmado-ariana-grande-protagonizara-musical-en-londres-en-2027\\\/\"},\"wordCount\":268,\"commentCount\":0,\"publisher\":{\"@id\":\"https:\\\/\\\/www.americanonewspaper.com\\\/es\\\/#organization\"},\"image\":{\"@id\":\"https:\\\/\\\/www.americanonewspaper.com\\\/es\\\/musica\\\/confirmado-ariana-grande-protagonizara-musical-en-londres-en-2027\\\/#primaryimage\"},\"thumbnailUrl\":\"https:\\\/\\\/www.americanonewspaper.com\\\/es\\\/wp-content\\\/uploads\\\/2026\\\/01\\\/Sitio-web-de-comunicacion-interna-Novato-Negro-y-bigaro-Presentacion-simple-33.png\",\"articleSection\":[\"Ariana Grande\",\"Entretenimiento\",\"Londres\",\"M\u00fasica\"],\"inLanguage\":\"en-US\",\"potentialAction\":[{\"@type\":\"CommentAction\",\"name\":\"Comment\",\"target\":[\"https:\\\/\\\/www.americanonewspaper.com\\\/es\\\/musica\\\/confirmado-ariana-grande-protagonizara-musical-en-londres-en-2027\\\/#respond\"]}]},{\"@type\":\"WebPage\",\"@id\":\"https:\\\/\\\/www.americanonewspaper.com\\\/es\\\/musica\\\/confirmado-ariana-grande-protagonizara-musical-en-londres-en-2027\\\/\",\"url\":\"https:\\\/\\\/www.americanonewspaper.com\\\/es\\\/musica\\\/confirmado-ariana-grande-protagonizara-musical-en-londres-en-2027\\\/\",\"name\":\"Ariana Grande protagonizar\u00e1 musical en Londres en 2027 - Americano Newspaper\",\"isPartOf\":{\"@id\":\"https:\\\/\\\/www.americanonewspaper.com\\\/es\\\/#website\"},\"primaryImageOfPage\":{\"@id\":\"https:\\\/\\\/www.americanonewspaper.com\\\/es\\\/musica\\\/confirmado-ariana-grande-protagonizara-musical-en-londres-en-2027\\\/#primaryimage\"},\"image\":{\"@id\":\"https:\\\/\\\/www.americanonewspaper.com\\\/es\\\/musica\\\/confirmado-ariana-grande-protagonizara-musical-en-londres-en-2027\\\/#primaryimage\"},\"thumbnailUrl\":\"https:\\\/\\\/www.americanonewspaper.com\\\/es\\\/wp-content\\\/uploads\\\/2026\\\/01\\\/Sitio-web-de-comunicacion-interna-Novato-Negro-y-bigaro-Presentacion-simple-33.png\",\"datePublished\":\"2026-01-14T21:55:29+00:00\",\"dateModified\":\"2026-01-15T02:28:19+00:00\",\"description\":\"La cantante estadounidense Ariana Grande debutar\u00e1 en el West End londinense en el verano de 2027 con un musical titulado 'Sunday in the park with George', que interpretar\u00e1 junto al actor Jonathan Bailey, con el que ya coincidi\u00f3 en la pel\u00edcula 'Wicked'.\",\"breadcrumb\":{\"@id\":\"https:\\\/\\\/www.americanonewspaper.com\\\/es\\\/musica\\\/confirmado-ariana-grande-protagonizara-musical-en-londres-en-2027\\\/#breadcrumb\"},\"inLanguage\":\"en-US\",\"potentialAction\":[{\"@type\":\"ReadAction\",\"target\":[\"https:\\\/\\\/www.americanonewspaper.com\\\/es\\\/musica\\\/confirmado-ariana-grande-protagonizara-musical-en-londres-en-2027\\\/\"]}]},{\"@type\":\"ImageObject\",\"inLanguage\":\"en-US\",\"@id\":\"https:\\\/\\\/www.americanonewspaper.com\\\/es\\\/musica\\\/confirmado-ariana-grande-protagonizara-musical-en-londres-en-2027\\\/#primaryimage\",\"url\":\"https:\\\/\\\/www.americanonewspaper.com\\\/es\\\/wp-content\\\/uploads\\\/2026\\\/01\\\/Sitio-web-de-comunicacion-interna-Novato-Negro-y-bigaro-Presentacion-simple-33.png\",\"contentUrl\":\"https:\\\/\\\/www.americanonewspaper.com\\\/es\\\/wp-content\\\/uploads\\\/2026\\\/01\\\/Sitio-web-de-comunicacion-interna-Novato-Negro-y-bigaro-Presentacion-simple-33.png\",\"width\":1366,\"height\":886,\"caption\":\"Paren todo! Ariana Grande llega al West End con Jonathan Bailey.\"},{\"@type\":\"BreadcrumbList\",\"@id\":\"https:\\\/\\\/www.americanonewspaper.com\\\/es\\\/musica\\\/confirmado-ariana-grande-protagonizara-musical-en-londres-en-2027\\\/#breadcrumb\",\"itemListElement\":[{\"@type\":\"ListItem\",\"position\":1,\"name\":\"Home\",\"item\":\"https:\\\/\\\/www.americanonewspaper.com\\\/es\\\/\"},{\"@type\":\"ListItem\",\"position\":2,\"name\":\"Ariana Grande protagonizar\u00e1 musical en Londres en 2027\"}]},{\"@type\":\"WebSite\",\"@id\":\"https:\\\/\\\/www.americanonewspaper.com\\\/es\\\/#website\",\"url\":\"https:\\\/\\\/www.americanonewspaper.com\\\/es\\\/\",\"name\":\"Americano Newspaper\",\"description\":\"The Hispanic Newspaper of New Jersey.\",\"publisher\":{\"@id\":\"https:\\\/\\\/www.americanonewspaper.com\\\/es\\\/#organization\"},\"potentialAction\":[{\"@type\":\"SearchAction\",\"target\":{\"@type\":\"EntryPoint\",\"urlTemplate\":\"https:\\\/\\\/www.americanonewspaper.com\\\/es\\\/?s={search_term_string}\"},\"query-input\":{\"@type\":\"PropertyValueSpecification\",\"valueRequired\":true,\"valueName\":\"search_term_string\"}}],\"inLanguage\":\"en-US\"},{\"@type\":\"Organization\",\"@id\":\"https:\\\/\\\/www.americanonewspaper.com\\\/es\\\/#organization\",\"name\":\"Americano Newspaper\",\"url\":\"https:\\\/\\\/www.americanonewspaper.com\\\/es\\\/\",\"logo\":{\"@type\":\"ImageObject\",\"inLanguage\":\"en-US\",\"@id\":\"https:\\\/\\\/www.americanonewspaper.com\\\/es\\\/#\\\/schema\\\/logo\\\/image\\\/\",\"url\":\"https:\\\/\\\/www.americanonewspaper.com\\\/es\\\/wp-content\\\/uploads\\\/2024\\\/05\\\/AmericanoLogoCircle.comCircle2.jpg\",\"contentUrl\":\"https:\\\/\\\/www.americanonewspaper.com\\\/es\\\/wp-content\\\/uploads\\\/2024\\\/05\\\/AmericanoLogoCircle.comCircle2.jpg\",\"width\":600,\"height\":600,\"caption\":\"Americano Newspaper\"},\"image\":{\"@id\":\"https:\\\/\\\/www.americanonewspaper.com\\\/es\\\/#\\\/schema\\\/logo\\\/image\\\/\"},\"sameAs\":[\"https:\\\/\\\/www.facebook.com\\\/AmericanoNewspaper\\\/\"]},{\"@type\":\"Person\",\"@id\":\"https:\\\/\\\/www.americanonewspaper.com\\\/es\\\/#\\\/schema\\\/person\\\/8967f6b8af7e37bcbbe61f68580ff088\",\"name\":\"Author\",\"image\":{\"@type\":\"ImageObject\",\"inLanguage\":\"en-US\",\"@id\":\"https:\\\/\\\/www.americanonewspaper.com\\\/es\\\/wp-content\\\/litespeed\\\/avatar\\\/89ffaf6af3cf6769ffb3c6efb2313947.jpg?ver=1776822681\",\"url\":\"https:\\\/\\\/www.americanonewspaper.com\\\/es\\\/wp-content\\\/litespeed\\\/avatar\\\/89ffaf6af3cf6769ffb3c6efb2313947.jpg?ver=1776822681\",\"contentUrl\":\"https:\\\/\\\/www.americanonewspaper.com\\\/es\\\/wp-content\\\/litespeed\\\/avatar\\\/89ffaf6af3cf6769ffb3c6efb2313947.jpg?ver=1776822681\",\"caption\":\"Author\"},\"url\":\"https:\\\/\\\/www.americanonewspaper.com\\\/es\\\/author\\\/americano\\\/\"}]}<\/script>\n<!-- \/ Yoast SEO Premium plugin. -->","yoast_head_json":{"title":"Ariana Grande protagonizar\u00e1 musical en Londres en 2027 - Americano Newspaper","description":"La cantante estadounidense Ariana Grande debutar\u00e1 en el West End londinense en el verano de 2027 con un musical titulado 'Sunday in the park with George', que interpretar\u00e1 junto al actor Jonathan Bailey, con el que ya coincidi\u00f3 en la pel\u00edcula 'Wicked'.","robots":{"index":"index","follow":"follow","max-snippet":"max-snippet:-1","max-image-preview":"max-image-preview:large","max-video-preview":"max-video-preview:-1"},"canonical":"https:\/\/www.americanonewspaper.com\/es\/musica\/confirmado-ariana-grande-protagonizara-musical-en-londres-en-2027\/","og_locale":"en_US","og_type":"article","og_title":"Ariana Grande protagonizar\u00e1 musical en Londres en 2027","og_description":"La cantante estadounidense Ariana Grande debutar\u00e1 en el West End londinense en el verano de 2027 con un musical titulado 'Sunday in the park with George', que interpretar\u00e1 junto al actor Jonathan Bailey, con el que ya coincidi\u00f3 en la pel\u00edcula 'Wicked'.","og_url":"https:\/\/www.americanonewspaper.com\/es\/musica\/confirmado-ariana-grande-protagonizara-musical-en-londres-en-2027\/","og_site_name":"Americano Newspaper","article_publisher":"https:\/\/www.facebook.com\/AmericanoNewspaper\/","article_published_time":"2026-01-14T21:55:29+00:00","article_modified_time":"2026-01-15T02:28:19+00:00","og_image":[{"width":1366,"height":886,"url":"https:\/\/www.americanonewspaper.com\/es\/wp-content\/uploads\/2026\/01\/Sitio-web-de-comunicacion-interna-Novato-Negro-y-bigaro-Presentacion-simple-33.png","type":"image\/png"}],"author":"Author","twitter_card":"summary_large_image","twitter_misc":{"Written by":"Author","Est. reading time":"3 minutes"},"schema":{"@context":"https:\/\/schema.org","@graph":[{"@type":"Article","@id":"https:\/\/www.americanonewspaper.com\/es\/musica\/confirmado-ariana-grande-protagonizara-musical-en-londres-en-2027\/#article","isPartOf":{"@id":"https:\/\/www.americanonewspaper.com\/es\/musica\/confirmado-ariana-grande-protagonizara-musical-en-londres-en-2027\/"},"author":{"name":"Author","@id":"https:\/\/www.americanonewspaper.com\/es\/#\/schema\/person\/8967f6b8af7e37bcbbe61f68580ff088"},"headline":"Ariana Grande protagonizar\u00e1 musical en Londres en 2027","datePublished":"2026-01-14T21:55:29+00:00","dateModified":"2026-01-15T02:28:19+00:00","mainEntityOfPage":{"@id":"https:\/\/www.americanonewspaper.com\/es\/musica\/confirmado-ariana-grande-protagonizara-musical-en-londres-en-2027\/"},"wordCount":268,"commentCount":0,"publisher":{"@id":"https:\/\/www.americanonewspaper.com\/es\/#organization"},"image":{"@id":"https:\/\/www.americanonewspaper.com\/es\/musica\/confirmado-ariana-grande-protagonizara-musical-en-londres-en-2027\/#primaryimage"},"thumbnailUrl":"https:\/\/www.americanonewspaper.com\/es\/wp-content\/uploads\/2026\/01\/Sitio-web-de-comunicacion-interna-Novato-Negro-y-bigaro-Presentacion-simple-33.png","articleSection":["Ariana Grande","Entretenimiento","Londres","M\u00fasica"],"inLanguage":"en-US","potentialAction":[{"@type":"CommentAction","name":"Comment","target":["https:\/\/www.americanonewspaper.com\/es\/musica\/confirmado-ariana-grande-protagonizara-musical-en-londres-en-2027\/#respond"]}]},{"@type":"WebPage","@id":"https:\/\/www.americanonewspaper.com\/es\/musica\/confirmado-ariana-grande-protagonizara-musical-en-londres-en-2027\/","url":"https:\/\/www.americanonewspaper.com\/es\/musica\/confirmado-ariana-grande-protagonizara-musical-en-londres-en-2027\/","name":"Ariana Grande protagonizar\u00e1 musical en Londres en 2027 - Americano Newspaper","isPartOf":{"@id":"https:\/\/www.americanonewspaper.com\/es\/#website"},"primaryImageOfPage":{"@id":"https:\/\/www.americanonewspaper.com\/es\/musica\/confirmado-ariana-grande-protagonizara-musical-en-londres-en-2027\/#primaryimage"},"image":{"@id":"https:\/\/www.americanonewspaper.com\/es\/musica\/confirmado-ariana-grande-protagonizara-musical-en-londres-en-2027\/#primaryimage"},"thumbnailUrl":"https:\/\/www.americanonewspaper.com\/es\/wp-content\/uploads\/2026\/01\/Sitio-web-de-comunicacion-interna-Novato-Negro-y-bigaro-Presentacion-simple-33.png","datePublished":"2026-01-14T21:55:29+00:00","dateModified":"2026-01-15T02:28:19+00:00","description":"La cantante estadounidense Ariana Grande debutar\u00e1 en el West End londinense en el verano de 2027 con un musical titulado 'Sunday in the park with George', que interpretar\u00e1 junto al actor Jonathan Bailey, con el que ya coincidi\u00f3 en la pel\u00edcula 'Wicked'.","breadcrumb":{"@id":"https:\/\/www.americanonewspaper.com\/es\/musica\/confirmado-ariana-grande-protagonizara-musical-en-londres-en-2027\/#breadcrumb"},"inLanguage":"en-US","potentialAction":[{"@type":"ReadAction","target":["https:\/\/www.americanonewspaper.com\/es\/musica\/confirmado-ariana-grande-protagonizara-musical-en-londres-en-2027\/"]}]},{"@type":"ImageObject","inLanguage":"en-US","@id":"https:\/\/www.americanonewspaper.com\/es\/musica\/confirmado-ariana-grande-protagonizara-musical-en-londres-en-2027\/#primaryimage","url":"https:\/\/www.americanonewspaper.com\/es\/wp-content\/uploads\/2026\/01\/Sitio-web-de-comunicacion-interna-Novato-Negro-y-bigaro-Presentacion-simple-33.png","contentUrl":"https:\/\/www.americanonewspaper.com\/es\/wp-content\/uploads\/2026\/01\/Sitio-web-de-comunicacion-interna-Novato-Negro-y-bigaro-Presentacion-simple-33.png","width":1366,"height":886,"caption":"Paren todo! Ariana Grande llega al West End con Jonathan Bailey."},{"@type":"BreadcrumbList","@id":"https:\/\/www.americanonewspaper.com\/es\/musica\/confirmado-ariana-grande-protagonizara-musical-en-londres-en-2027\/#breadcrumb","itemListElement":[{"@type":"ListItem","position":1,"name":"Home","item":"https:\/\/www.americanonewspaper.com\/es\/"},{"@type":"ListItem","position":2,"name":"Ariana Grande protagonizar\u00e1 musical en Londres en 2027"}]},{"@type":"WebSite","@id":"https:\/\/www.americanonewspaper.com\/es\/#website","url":"https:\/\/www.americanonewspaper.com\/es\/","name":"Americano Newspaper","description":"The Hispanic Newspaper of New Jersey.","publisher":{"@id":"https:\/\/www.americanonewspaper.com\/es\/#organization"},"potentialAction":[{"@type":"SearchAction","target":{"@type":"EntryPoint","urlTemplate":"https:\/\/www.americanonewspaper.com\/es\/?s={search_term_string}"},"query-input":{"@type":"PropertyValueSpecification","valueRequired":true,"valueName":"search_term_string"}}],"inLanguage":"en-US"},{"@type":"Organization","@id":"https:\/\/www.americanonewspaper.com\/es\/#organization","name":"Americano Newspaper","url":"https:\/\/www.americanonewspaper.com\/es\/","logo":{"@type":"ImageObject","inLanguage":"en-US","@id":"https:\/\/www.americanonewspaper.com\/es\/#\/schema\/logo\/image\/","url":"https:\/\/www.americanonewspaper.com\/es\/wp-content\/uploads\/2024\/05\/AmericanoLogoCircle.comCircle2.jpg","contentUrl":"https:\/\/www.americanonewspaper.com\/es\/wp-content\/uploads\/2024\/05\/AmericanoLogoCircle.comCircle2.jpg","width":600,"height":600,"caption":"Americano Newspaper"},"image":{"@id":"https:\/\/www.americanonewspaper.com\/es\/#\/schema\/logo\/image\/"},"sameAs":["https:\/\/www.facebook.com\/AmericanoNewspaper\/"]},{"@type":"Person","@id":"https:\/\/www.americanonewspaper.com\/es\/#\/schema\/person\/8967f6b8af7e37bcbbe61f68580ff088","name":"Author","image":{"@type":"ImageObject","inLanguage":"en-US","@id":"https:\/\/www.americanonewspaper.com\/es\/wp-content\/litespeed\/avatar\/89ffaf6af3cf6769ffb3c6efb2313947.jpg?ver=1776822681","url":"https:\/\/www.americanonewspaper.com\/es\/wp-content\/litespeed\/avatar\/89ffaf6af3cf6769ffb3c6efb2313947.jpg?ver=1776822681","contentUrl":"https:\/\/www.americanonewspaper.com\/es\/wp-content\/litespeed\/avatar\/89ffaf6af3cf6769ffb3c6efb2313947.jpg?ver=1776822681","caption":"Author"},"url":"https:\/\/www.americanonewspaper.com\/es\/author\/americano\/"}]}},"jetpack_publicize_connections":[],"jetpack_featured_media_url":"https:\/\/www.americanonewspaper.com\/es\/wp-content\/uploads\/2026\/01\/Sitio-web-de-comunicacion-interna-Novato-Negro-y-bigaro-Presentacion-simple-33.png","featured_image_urls":{"full":["https:\/\/www.americanonewspaper.com\/es\/wp-content\/uploads\/2026\/01\/Sitio-web-de-comunicacion-interna-Novato-Negro-y-bigaro-Presentacion-simple-33.png",1366,886,false],"thumbnail":["https:\/\/www.americanonewspaper.com\/es\/wp-content\/uploads\/2026\/01\/Sitio-web-de-comunicacion-interna-Novato-Negro-y-bigaro-Presentacion-simple-33-250x250.png",250,250,true],"medium":["https:\/\/www.americanonewspaper.com\/es\/wp-content\/uploads\/2026\/01\/Sitio-web-de-comunicacion-interna-Novato-Negro-y-bigaro-Presentacion-simple-33-300x195.png",300,195,true],"medium_large":["https:\/\/www.americanonewspaper.com\/es\/wp-content\/uploads\/2026\/01\/Sitio-web-de-comunicacion-interna-Novato-Negro-y-bigaro-Presentacion-simple-33-768x498.png",696,451,true],"large":["https:\/\/www.americanonewspaper.com\/es\/wp-content\/uploads\/2026\/01\/Sitio-web-de-comunicacion-interna-Novato-Negro-y-bigaro-Presentacion-simple-33-771x500.png",696,451,true],"1536x1536":["https:\/\/www.americanonewspaper.com\/es\/wp-content\/uploads\/2026\/01\/Sitio-web-de-comunicacion-interna-Novato-Negro-y-bigaro-Presentacion-simple-33.png",1366,886,false],"2048x2048":["https:\/\/www.americanonewspaper.com\/es\/wp-content\/uploads\/2026\/01\/Sitio-web-de-comunicacion-interna-Novato-Negro-y-bigaro-Presentacion-simple-33.png",1366,886,false],"td_150x0":["https:\/\/www.americanonewspaper.com\/es\/wp-content\/uploads\/2026\/01\/Sitio-web-de-comunicacion-interna-Novato-Negro-y-bigaro-Presentacion-simple-33-150x97.png",150,97,true],"td_218x150":["https:\/\/www.americanonewspaper.com\/es\/wp-content\/uploads\/2026\/01\/Sitio-web-de-comunicacion-interna-Novato-Negro-y-bigaro-Presentacion-simple-33-218x150.png",218,150,true],"td_300x0":["https:\/\/www.americanonewspaper.com\/es\/wp-content\/uploads\/2026\/01\/Sitio-web-de-comunicacion-interna-Novato-Negro-y-bigaro-Presentacion-simple-33-300x195.png",300,195,true],"td_324x400":["https:\/\/www.americanonewspaper.com\/es\/wp-content\/uploads\/2026\/01\/Sitio-web-de-comunicacion-interna-Novato-Negro-y-bigaro-Presentacion-simple-33-324x400.png",324,400,true],"td_485x360":["https:\/\/www.americanonewspaper.com\/es\/wp-content\/uploads\/2026\/01\/Sitio-web-de-comunicacion-interna-Novato-Negro-y-bigaro-Presentacion-simple-33-485x360.png",485,360,true],"td_696x0":["https:\/\/www.americanonewspaper.com\/es\/wp-content\/uploads\/2026\/01\/Sitio-web-de-comunicacion-interna-Novato-Negro-y-bigaro-Presentacion-simple-33-696x451.png",696,451,true],"td_1068x0":["https:\/\/www.americanonewspaper.com\/es\/wp-content\/uploads\/2026\/01\/Sitio-web-de-comunicacion-interna-Novato-Negro-y-bigaro-Presentacion-simple-33-1068x693.png",1068,693,true],"td_1920x0":["https:\/\/www.americanonewspaper.com\/es\/wp-content\/uploads\/2026\/01\/Sitio-web-de-comunicacion-interna-Novato-Negro-y-bigaro-Presentacion-simple-33.png",1366,886,false],"bdpp-medium":["https:\/\/www.americanonewspaper.com\/es\/wp-content\/uploads\/2026\/01\/Sitio-web-de-comunicacion-interna-Novato-Negro-y-bigaro-Presentacion-simple-33-640x480.png",640,480,true]},"author_info":{"display_name":"Author","author_link":"https:\/\/www.americanonewspaper.com\/es\/author\/americano\/"},"category_info":"<a href=\"https:\/\/www.americanonewspaper.com\/es\/category\/ariana-grande\/\" rel=\"category tag\">Ariana Grande<\/a> <a href=\"https:\/\/www.americanonewspaper.com\/es\/category\/entretenimiento\/\" rel=\"category tag\">Entretenimiento<\/a> <a href=\"https:\/\/www.americanonewspaper.com\/es\/category\/londres\/\" rel=\"category tag\">Londres<\/a> <a href=\"https:\/\/www.americanonewspaper.com\/es\/category\/musica\/\" rel=\"category tag\">M\u00fasica<\/a>","tag_info":"M\u00fasica","comment_count":"0","jetpack_sharing_enabled":true,"jetpack_likes_enabled":true,"_links":{"self":[{"href":"https:\/\/www.americanonewspaper.com\/es\/wp-json\/wp\/v2\/posts\/30552","targetHints":{"allow":["GET"]}}],"collection":[{"href":"https:\/\/www.americanonewspaper.com\/es\/wp-json\/wp\/v2\/posts"}],"about":[{"href":"https:\/\/www.americanonewspaper.com\/es\/wp-json\/wp\/v2\/types\/post"}],"author":[{"embeddable":true,"href":"https:\/\/www.americanonewspaper.com\/es\/wp-json\/wp\/v2\/users\/7"}],"replies":[{"embeddable":true,"href":"https:\/\/www.americanonewspaper.com\/es\/wp-json\/wp\/v2\/comments?post=30552"}],"version-history":[{"count":3,"href":"https:\/\/www.americanonewspaper.com\/es\/wp-json\/wp\/v2\/posts\/30552\/revisions"}],"predecessor-version":[{"id":30559,"href":"https:\/\/www.americanonewspaper.com\/es\/wp-json\/wp\/v2\/posts\/30552\/revisions\/30559"}],"wp:featuredmedia":[{"embeddable":true,"href":"https:\/\/www.americanonewspaper.com\/es\/wp-json\/wp\/v2\/media\/30555"}],"wp:attachment":[{"href":"https:\/\/www.americanonewspaper.com\/es\/wp-json\/wp\/v2\/media?parent=30552"}],"wp:term":[{"taxonomy":"category","embeddable":true,"href":"https:\/\/www.americanonewspaper.com\/es\/wp-json\/wp\/v2\/categories?post=30552"},{"taxonomy":"post_tag","embeddable":true,"href":"https:\/\/www.americanonewspaper.com\/es\/wp-json\/wp\/v2\/tags?post=30552"}],"curies":[{"name":"wp","href":"https:\/\/api.w.org\/{rel}","templated":true}]}}