{"id":30508,"date":"2026-01-07T21:39:53","date_gmt":"2026-01-08T02:39:53","guid":{"rendered":"https:\/\/www.americanonewspaper.com\/es\/?p=30508"},"modified":"2026-01-10T21:43:03","modified_gmt":"2026-01-11T02:43:03","slug":"quien-frena-al-inter-victoria-liderato-y-toda-la-presion-para-el-milan","status":"publish","type":"post","link":"https:\/\/www.americanonewspaper.com\/es\/deportes\/quien-frena-al-inter-victoria-liderato-y-toda-la-presion-para-el-milan\/","title":{"rendered":"\u00bfQui\u00e9n frena al Inter? Victoria, liderato y toda la presi\u00f3n para el Milan?"},"content":{"rendered":"\n<p class=\"dropcapp3\">El Inter de Mil\u00e1n dobleg\u00f3 este mi\u00e9rcoles a la niebla y al Parma (0-2) para afincarse en solitario en el liderato de la Serie A, aprovechando el pinchazo del N\u00e1poles ante el Hellas Verona y cediendo toda la presi\u00f3n a un Milan obligado a ganar para mantenerse en la persecuci\u00f3n.<\/p>\n\n\n\n<p>El Inter volver\u00e1 a dormir en lo m\u00e1s alto otra jornada m\u00e1s. Sigue siendo un equipo que mejora cada jornada, que pule detalles y cree m\u00e1s en sus posibilidades. Compareci\u00f3 en la neblinosa Parma con un once sin Bastoni, sin Barella, sin Dumfries y sin Marcus Thuram. Y aun as\u00ed domin\u00f3 al Parma del espa\u00f1ol Carlos Cuesta, pese a lo reducido en el marcador durante casi todo el duelo.<\/p>\n\n\n<div class=\"wp-block-image\">\n<figure class=\"aligncenter size-large is-resized\"><img fetchpriority=\"high\" decoding=\"async\" width=\"800\" height=\"200\" src=\"https:\/\/www.americanonewspaper.com\/es\/wp-content\/uploads\/2025\/12\/ABOgadosGGL-copy-1-3-800x200.jpg\" alt=\"\" class=\"wp-image-30343\" style=\"width:1068px;height:auto\" srcset=\"https:\/\/www.americanonewspaper.com\/es\/wp-content\/uploads\/2025\/12\/ABOgadosGGL-copy-1-3-800x200.jpg 800w, https:\/\/www.americanonewspaper.com\/es\/wp-content\/uploads\/2025\/12\/ABOgadosGGL-copy-1-3-300x75.jpg 300w, https:\/\/www.americanonewspaper.com\/es\/wp-content\/uploads\/2025\/12\/ABOgadosGGL-copy-1-3-768x192.jpg 768w, https:\/\/www.americanonewspaper.com\/es\/wp-content\/uploads\/2025\/12\/ABOgadosGGL-copy-1-3-150x38.jpg 150w, https:\/\/www.americanonewspaper.com\/es\/wp-content\/uploads\/2025\/12\/ABOgadosGGL-copy-1-3-696x174.jpg 696w, https:\/\/www.americanonewspaper.com\/es\/wp-content\/uploads\/2025\/12\/ABOgadosGGL-copy-1-3-1068x267.jpg 1068w, https:\/\/www.americanonewspaper.com\/es\/wp-content\/uploads\/2025\/12\/ABOgadosGGL-copy-1-3.jpg 1200w\" sizes=\"(max-width: 800px) 100vw, 800px\" \/><\/figure>\n<\/div>\n\n\n<p>Fue un partido especial para el Estadio Ennio Tardini y el rumano Cristian Chivu, que la pasada campa\u00f1a lider\u00f3 el banquillo parmesano hasta la salvaci\u00f3n. Un reencuentro bonito entre dos protagonistas que guardan buen recuerdo el uno del otro. Honesto y respetuoso por parte de quien reconoce el paso adelante que supone entrenar a un finalista de la Liga de Campeones.<\/p>\n\n\n\n<p>Tambi\u00e9n para el franc\u00e9s Ange Yoan Bonny, al que Chivu se llev\u00f3 de Parma al Inter y que no pidi\u00f3 perd\u00f3n cuando estuvo cerca de sentenciar el duelo en el minuto 94. El VAR anul\u00f3 el gol por mano previa de Thuram, que apenas unos segundos despu\u00e9s, en la jugada posterior, marc\u00f3 el segundo tanto del duelo.<\/p>\n\n\n<div class=\"wp-block-image\">\n<figure class=\"aligncenter size-large is-resized\"><a href=\"https:\/\/www.nissancityspringfield.com\/\" target=\"_blank\" rel=\" noreferrer noopener\"><img decoding=\"async\" width=\"800\" height=\"433\" src=\"https:\/\/www.americanonewspaper.com\/es\/wp-content\/uploads\/2025\/12\/WhatsApp-Image-2025-11-17-at-9.02.13-PM-1-1-800x433.jpeg\" alt=\"\" class=\"wp-image-30289\" style=\"width:1068px;height:auto\" srcset=\"https:\/\/www.americanonewspaper.com\/es\/wp-content\/uploads\/2025\/12\/WhatsApp-Image-2025-11-17-at-9.02.13-PM-1-1-800x433.jpeg 800w, https:\/\/www.americanonewspaper.com\/es\/wp-content\/uploads\/2025\/12\/WhatsApp-Image-2025-11-17-at-9.02.13-PM-1-1-300x162.jpeg 300w, https:\/\/www.americanonewspaper.com\/es\/wp-content\/uploads\/2025\/12\/WhatsApp-Image-2025-11-17-at-9.02.13-PM-1-1-768x416.jpeg 768w, https:\/\/www.americanonewspaper.com\/es\/wp-content\/uploads\/2025\/12\/WhatsApp-Image-2025-11-17-at-9.02.13-PM-1-1-150x81.jpeg 150w, https:\/\/www.americanonewspaper.com\/es\/wp-content\/uploads\/2025\/12\/WhatsApp-Image-2025-11-17-at-9.02.13-PM-1-1-696x377.jpeg 696w, https:\/\/www.americanonewspaper.com\/es\/wp-content\/uploads\/2025\/12\/WhatsApp-Image-2025-11-17-at-9.02.13-PM-1-1.jpeg 1024w\" sizes=\"(max-width: 800px) 100vw, 800px\" \/><\/a><\/figure>\n<\/div>\n\n\n<p>Lo plante\u00f3 de manera habitual el Inter. Mucho centro lateral en busca de Lautaro Mart\u00ednez y Pio Espostio, dominadores del \u00e1rea y del juego a\u00e9reo. Ni Del Prato ni Circati ni Britschigi fueron capaces de frenar la potencia de los dos delanteros. Y aun as\u00ed, la primera ocasi\u00f3n clara del partido fue de los de Carlos Cuesta en un bal\u00f3n lateral, precisamente. Ondrejka, sin embargo, lleg\u00f3 muy forzado a un remate que lleg\u00f3 a tocar en el larguero,<\/p>\n\n\n<div class=\"wp-block-image\">\n<figure class=\"aligncenter size-large is-resized\"><a href=\"https:\/\/www.td.com\/us\/en\/small-business\" target=\"_blank\" rel=\" noreferrer noopener\"><img decoding=\"async\" width=\"800\" height=\"433\" src=\"https:\/\/www.americanonewspaper.com\/es\/wp-content\/uploads\/2025\/12\/WhatsApp-Image-2025-11-17-at-11.19.38-AM-1-800x433.jpeg\" alt=\"\" class=\"wp-image-30253\" style=\"width:1068px;height:auto\" srcset=\"https:\/\/www.americanonewspaper.com\/es\/wp-content\/uploads\/2025\/12\/WhatsApp-Image-2025-11-17-at-11.19.38-AM-1-800x433.jpeg 800w, https:\/\/www.americanonewspaper.com\/es\/wp-content\/uploads\/2025\/12\/WhatsApp-Image-2025-11-17-at-11.19.38-AM-1-300x162.jpeg 300w, https:\/\/www.americanonewspaper.com\/es\/wp-content\/uploads\/2025\/12\/WhatsApp-Image-2025-11-17-at-11.19.38-AM-1-768x416.jpeg 768w, https:\/\/www.americanonewspaper.com\/es\/wp-content\/uploads\/2025\/12\/WhatsApp-Image-2025-11-17-at-11.19.38-AM-1-150x81.jpeg 150w, https:\/\/www.americanonewspaper.com\/es\/wp-content\/uploads\/2025\/12\/WhatsApp-Image-2025-11-17-at-11.19.38-AM-1-696x377.jpeg 696w, https:\/\/www.americanonewspaper.com\/es\/wp-content\/uploads\/2025\/12\/WhatsApp-Image-2025-11-17-at-11.19.38-AM-1.jpeg 1024w\" sizes=\"(max-width: 800px) 100vw, 800px\" \/><\/a><\/figure>\n<\/div>\n\n\n<p>El castigo interista fue cuesti\u00f3n de tiempo. Justo en el ocaso del primer acto, en el minuto 44, subi\u00f3 al marcador el tanto de Federico Dimarco. El carrilero zurdo, fundamental durante a\u00f1os en el combinado &#8216;nerazzurro&#8217; por su fortaleza ofensiva, fue el m\u00e1s listo dentro del \u00e1rea para marcar el primer tanto del partido.<\/p>\n\n\n\n<p>Centr\u00f3 en busca de Pio Esposito, pero r\u00e1pidamente intuy\u00f3 que su pase se iba a quedar corto. Corri\u00f3 en busca del rechace que efectivamente qued\u00f3 suelto en el forcejeo entro el canterano interista y su par parmesano y lo encontr\u00f3 solo en \u00e1rea peque\u00f1a. Utiliz\u00f3 su pierna derecha para sacar un disparo raso pero potente pegado al palo corto que super\u00f3 a Corvi para encarrilar el partido no sin suspense, pues el asistente levant\u00f3 en un primer instante la bandera por fuera de juego. El VAR valid\u00f3 el tanto tras una r\u00e1pida revisi\u00f3n.<\/p>\n\n\n<div class=\"wp-block-image\">\n<figure class=\"aligncenter size-large is-resized\"><a href=\"https:\/\/www.nj.gov\/health\/vacunas\/\" target=\"_blank\" rel=\" noreferrer noopener\"><img loading=\"lazy\" decoding=\"async\" width=\"800\" height=\"367\" src=\"https:\/\/www.americanonewspaper.com\/es\/wp-content\/uploads\/2025\/12\/WhatsApp-Image-2025-11-17-at-11.08.35-AM-800x367.jpeg\" alt=\"\" class=\"wp-image-30252\" style=\"width:1068px;height:auto\" srcset=\"https:\/\/www.americanonewspaper.com\/es\/wp-content\/uploads\/2025\/12\/WhatsApp-Image-2025-11-17-at-11.08.35-AM-800x367.jpeg 800w, https:\/\/www.americanonewspaper.com\/es\/wp-content\/uploads\/2025\/12\/WhatsApp-Image-2025-11-17-at-11.08.35-AM-300x138.jpeg 300w, https:\/\/www.americanonewspaper.com\/es\/wp-content\/uploads\/2025\/12\/WhatsApp-Image-2025-11-17-at-11.08.35-AM-768x352.jpeg 768w, https:\/\/www.americanonewspaper.com\/es\/wp-content\/uploads\/2025\/12\/WhatsApp-Image-2025-11-17-at-11.08.35-AM-150x69.jpeg 150w, https:\/\/www.americanonewspaper.com\/es\/wp-content\/uploads\/2025\/12\/WhatsApp-Image-2025-11-17-at-11.08.35-AM-696x319.jpeg 696w, https:\/\/www.americanonewspaper.com\/es\/wp-content\/uploads\/2025\/12\/WhatsApp-Image-2025-11-17-at-11.08.35-AM-1068x490.jpeg 1068w, https:\/\/www.americanonewspaper.com\/es\/wp-content\/uploads\/2025\/12\/WhatsApp-Image-2025-11-17-at-11.08.35-AM.jpeg 1200w\" sizes=\"(max-width: 800px) 100vw, 800px\" \/><\/a><\/figure>\n<\/div>\n\n\n<p>No necesit\u00f3 m\u00e1s el Inter en la niebla de Parma, que encontr\u00f3 la sentencia ya en el 95 con el rival volcado. Chivu sald\u00f3 su regreso a la que fue su casa con una victoria importante, m\u00e1s efectiva que brillante, para aprovechar el pinchazo del N\u00e1poles de Antonio Conte. L\u00edder una jornada m\u00e1s. Cuatro puntos de ventaja respecto a<a href=\"https:\/\/www.americanonewspaper.com\/es\/futbol-2\/0-2-el-inter-se-afinca-en-el-liderato\/\" target=\"_blank\" rel=\"noreferrer noopener\"> Milan<\/a>, que tiene un partido menos, y N\u00e1poles.<\/p>\n\n\n\n<p>El Parma, por su parte, mantiene a\u00fan una ventaja de 5 puntos respecto al descenso.<\/p>\n\n\n<div class=\"wp-block-image\">\n<figure class=\"aligncenter size-large is-resized\"><a href=\"https:\/\/www.lccsnj.org\/\" target=\"_blank\" rel=\" noreferrer noopener\"><img loading=\"lazy\" decoding=\"async\" width=\"800\" height=\"432\" src=\"https:\/\/www.americanonewspaper.com\/es\/wp-content\/uploads\/2025\/12\/BannerJerseyCitySchool-copy-800x432.jpg\" alt=\"\" class=\"wp-image-30417\" style=\"width:1068px;height:auto\" srcset=\"https:\/\/www.americanonewspaper.com\/es\/wp-content\/uploads\/2025\/12\/BannerJerseyCitySchool-copy-800x432.jpg 800w, https:\/\/www.americanonewspaper.com\/es\/wp-content\/uploads\/2025\/12\/BannerJerseyCitySchool-copy-300x162.jpg 300w, https:\/\/www.americanonewspaper.com\/es\/wp-content\/uploads\/2025\/12\/BannerJerseyCitySchool-copy-768x415.jpg 768w, https:\/\/www.americanonewspaper.com\/es\/wp-content\/uploads\/2025\/12\/BannerJerseyCitySchool-copy-1536x830.jpg 1536w, https:\/\/www.americanonewspaper.com\/es\/wp-content\/uploads\/2025\/12\/BannerJerseyCitySchool-copy-2048x1107.jpg 2048w, https:\/\/www.americanonewspaper.com\/es\/wp-content\/uploads\/2025\/12\/BannerJerseyCitySchool-copy-150x81.jpg 150w, https:\/\/www.americanonewspaper.com\/es\/wp-content\/uploads\/2025\/12\/BannerJerseyCitySchool-copy-696x376.jpg 696w, https:\/\/www.americanonewspaper.com\/es\/wp-content\/uploads\/2025\/12\/BannerJerseyCitySchool-copy-1068x577.jpg 1068w, https:\/\/www.americanonewspaper.com\/es\/wp-content\/uploads\/2025\/12\/BannerJerseyCitySchool-copy-1920x1038.jpg 1920w\" sizes=\"(max-width: 800px) 100vw, 800px\" \/><\/a><\/figure>\n<\/div>\n\n\n<p>&#8211; Ficha t\u00e9cnica:<\/p>\n\n\n\n<p>0 &#8211; Parma: Corvi; Britschigi, Del Prato, Circati, Valeri; Bernab\u00e9 (Est\u00e9vez, m.75), Keita (Cremaschi, m.86), Sorensen; Oristano (Almqvist, m.62), Ondrejka (Ord\u00f3\u00f1ez, m.62) y Pellegrino (Cutrone, m.75).<\/p>\n\n\n\n<p>2 &#8211; Inter de Mil\u00e1n: Sommer; Bisseck, Akanji, Carlos Augusto; Luis Henrique (Acerbi, m.85), Sucic (Barella, m.69), Calhanoglu (Zielinki, m.69), Mkhitaryan, Dimarco; Pio Esposito (Thuram, m.79) y Lautaro Mart\u00ednez (Bonny, m.85).<\/p>\n\n\n\n<p>Goles: 0-1, m.44: Dimarco; 0-2, m.98: Thuram.<\/p>\n\n\n\n<p>\u00c1rbitro: Andrea Colombo. Mostr\u00f3 tarjeta amarilla a Calhanoglu (m.34), Carlos Augusto (m.91) y Thuram (m.99), por parte del Inter de Mil\u00e1n.<\/p>\n\n\n\n<p>Incidencias: encuentro correspondiente a la decimonovena jornada de la Serie A, disputado en el Estadio Ennio Tardini de Parma (norte de Italia).<\/p>\n\n\n\n<p><a href=\"https:\/\/tayakan.com\/\" target=\"_blank\" rel=\"noreferrer noopener\">Tayakan.com<\/a> Y <a href=\"https:\/\/x.com\/americanonj\" target=\"_blank\" rel=\"noreferrer noopener\">AMERICANONEWSPAPER <\/a><a href=\"https:\/\/x.com\/americanonj\">(<\/a>EFE)<\/p>\n\n\n<div class=\"wp-block-image\">\n<figure class=\"aligncenter size-large is-resized\"><a href=\"https:\/\/x.com\/americanonj\" target=\"_blank\" rel=\" noreferrer noopener\"><img loading=\"lazy\" decoding=\"async\" width=\"800\" height=\"88\" src=\"https:\/\/www.americanonewspaper.com\/es\/wp-content\/uploads\/2025\/12\/espanolok-1920x212-1-800x88.jpg\" alt=\"\" class=\"wp-image-30344\" style=\"width:1068px;height:auto\" srcset=\"https:\/\/www.americanonewspaper.com\/es\/wp-content\/uploads\/2025\/12\/espanolok-1920x212-1-800x88.jpg 800w, https:\/\/www.americanonewspaper.com\/es\/wp-content\/uploads\/2025\/12\/espanolok-1920x212-1-300x33.jpg 300w, https:\/\/www.americanonewspaper.com\/es\/wp-content\/uploads\/2025\/12\/espanolok-1920x212-1-768x85.jpg 768w, https:\/\/www.americanonewspaper.com\/es\/wp-content\/uploads\/2025\/12\/espanolok-1920x212-1-1536x170.jpg 1536w, https:\/\/www.americanonewspaper.com\/es\/wp-content\/uploads\/2025\/12\/espanolok-1920x212-1-150x17.jpg 150w, https:\/\/www.americanonewspaper.com\/es\/wp-content\/uploads\/2025\/12\/espanolok-1920x212-1-696x77.jpg 696w, https:\/\/www.americanonewspaper.com\/es\/wp-content\/uploads\/2025\/12\/espanolok-1920x212-1-1068x118.jpg 1068w, https:\/\/www.americanonewspaper.com\/es\/wp-content\/uploads\/2025\/12\/espanolok-1920x212-1.jpg 1920w\" sizes=\"(max-width: 800px) 100vw, 800px\" \/><\/a><\/figure>\n<\/div>","protected":false},"excerpt":{"rendered":"<p>El Inter de Mil\u00e1n dobleg\u00f3 este mi\u00e9rcoles a la niebla y al Parma (0-2) para afincarse en solitario en el liderato de la Serie A, aprovechando el pinchazo del N\u00e1poles ante el Hellas Verona y cediendo toda la presi\u00f3n a un Milan obligado a ganar para mantenerse en la persecuci\u00f3n. El Inter volver\u00e1 a dormir [&hellip;]<\/p>\n","protected":false},"author":7,"featured_media":30509,"comment_status":"open","ping_status":"open","sticky":false,"template":"","format":"standard","meta":{"_acf_changed":false,"tdm_status":"","tdm_grid_status":"","_jetpack_memberships_contains_paid_content":false,"footnotes":"","jetpack_publicize_message":"","jetpack_publicize_feature_enabled":true,"jetpack_social_post_already_shared":true,"jetpack_social_options":{"image_generator_settings":{"template":"highway","default_image_id":0,"font":"","enabled":false},"version":2},"_wpas_customize_per_network":false},"categories":[607,608,982,1400,941],"tags":[],"class_list":{"0":"post-30508","1":"post","2":"type-post","3":"status-publish","4":"format-standard","5":"has-post-thumbnail","7":"category-deportes","8":"category-futbol-2","9":"category-inter-de-milan","10":"category-inter-de-milan-2","11":"category-internacional"},"acf":[],"yoast_head":"<!-- This site is optimized with the Yoast SEO Premium plugin v27.5 (Yoast SEO v27.5) - https:\/\/yoast.com\/product\/yoast-seo-premium-wordpress\/ -->\n<title>\u00bfQui\u00e9n frena al Inter? Victoria, liderato y toda la presi\u00f3n para el Milan? - Americano Newspaper<\/title>\n<meta name=\"description\" content=\"El Inter de Mil\u00e1n dobleg\u00f3 este mi\u00e9rcoles a la niebla y al Parma (0-2) para afincarse en solitario en el liderato de la Serie A, aprovechando el pinchazo del N\u00e1poles ante el Hellas Verona y cediendo toda la presi\u00f3n a un Milan obligado a ganar para mantenerse en la persecuci\u00f3n.\" \/>\n<meta name=\"robots\" content=\"index, follow, max-snippet:-1, max-image-preview:large, max-video-preview:-1\" \/>\n<link rel=\"canonical\" href=\"https:\/\/www.americanonewspaper.com\/es\/deportes\/quien-frena-al-inter-victoria-liderato-y-toda-la-presion-para-el-milan\/\" \/>\n<meta property=\"og:locale\" content=\"en_US\" \/>\n<meta property=\"og:type\" content=\"article\" \/>\n<meta property=\"og:title\" content=\"\u00bfQui\u00e9n frena al Inter? Victoria, liderato y toda la presi\u00f3n para el Milan?\" \/>\n<meta property=\"og:description\" content=\"El Inter de Mil\u00e1n dobleg\u00f3 este mi\u00e9rcoles a la niebla y al Parma (0-2) para afincarse en solitario en el liderato de la Serie A, aprovechando el pinchazo del N\u00e1poles ante el Hellas Verona y cediendo toda la presi\u00f3n a un Milan obligado a ganar para mantenerse en la persecuci\u00f3n.\" \/>\n<meta property=\"og:url\" content=\"https:\/\/www.americanonewspaper.com\/es\/deportes\/quien-frena-al-inter-victoria-liderato-y-toda-la-presion-para-el-milan\/\" \/>\n<meta property=\"og:site_name\" content=\"Americano Newspaper\" \/>\n<meta property=\"article:publisher\" content=\"https:\/\/www.facebook.com\/AmericanoNewspaper\/\" \/>\n<meta property=\"article:published_time\" content=\"2026-01-08T02:39:53+00:00\" \/>\n<meta property=\"article:modified_time\" content=\"2026-01-11T02:43:03+00:00\" \/>\n<meta property=\"og:image\" content=\"https:\/\/www.americanonewspaper.com\/es\/wp-content\/uploads\/2026\/01\/Sitio-web-de-comunicacion-interna-Novato-Negro-y-bigaro-Presentacion-simple-29.png\" \/>\n\t<meta property=\"og:image:width\" content=\"1366\" \/>\n\t<meta property=\"og:image:height\" content=\"886\" \/>\n\t<meta property=\"og:image:type\" content=\"image\/png\" \/>\n<meta name=\"author\" content=\"Author\" \/>\n<meta name=\"twitter:card\" content=\"summary_large_image\" \/>\n<meta name=\"twitter:label1\" content=\"Written by\" \/>\n\t<meta name=\"twitter:data1\" content=\"Author\" \/>\n\t<meta name=\"twitter:label2\" content=\"Est. reading time\" \/>\n\t<meta name=\"twitter:data2\" content=\"5 minutes\" \/>\n<script type=\"application\/ld+json\" class=\"yoast-schema-graph\">{\"@context\":\"https:\\\/\\\/schema.org\",\"@graph\":[{\"@type\":\"Article\",\"@id\":\"https:\\\/\\\/www.americanonewspaper.com\\\/es\\\/deportes\\\/quien-frena-al-inter-victoria-liderato-y-toda-la-presion-para-el-milan\\\/#article\",\"isPartOf\":{\"@id\":\"https:\\\/\\\/www.americanonewspaper.com\\\/es\\\/deportes\\\/quien-frena-al-inter-victoria-liderato-y-toda-la-presion-para-el-milan\\\/\"},\"author\":{\"name\":\"Author\",\"@id\":\"https:\\\/\\\/www.americanonewspaper.com\\\/es\\\/#\\\/schema\\\/person\\\/8967f6b8af7e37bcbbe61f68580ff088\"},\"headline\":\"\u00bfQui\u00e9n frena al Inter? Victoria, liderato y toda la presi\u00f3n para el Milan?\",\"datePublished\":\"2026-01-08T02:39:53+00:00\",\"dateModified\":\"2026-01-11T02:43:03+00:00\",\"mainEntityOfPage\":{\"@id\":\"https:\\\/\\\/www.americanonewspaper.com\\\/es\\\/deportes\\\/quien-frena-al-inter-victoria-liderato-y-toda-la-presion-para-el-milan\\\/\"},\"wordCount\":707,\"commentCount\":0,\"publisher\":{\"@id\":\"https:\\\/\\\/www.americanonewspaper.com\\\/es\\\/#organization\"},\"image\":{\"@id\":\"https:\\\/\\\/www.americanonewspaper.com\\\/es\\\/deportes\\\/quien-frena-al-inter-victoria-liderato-y-toda-la-presion-para-el-milan\\\/#primaryimage\"},\"thumbnailUrl\":\"https:\\\/\\\/www.americanonewspaper.com\\\/es\\\/wp-content\\\/uploads\\\/2026\\\/01\\\/Sitio-web-de-comunicacion-interna-Novato-Negro-y-bigaro-Presentacion-simple-29.png\",\"articleSection\":[\"Deportes\",\"F\u00fatbol\",\"Inter de Milan\",\"Inter de Mil\u00e1n\",\"Internacional\"],\"inLanguage\":\"en-US\",\"potentialAction\":[{\"@type\":\"CommentAction\",\"name\":\"Comment\",\"target\":[\"https:\\\/\\\/www.americanonewspaper.com\\\/es\\\/deportes\\\/quien-frena-al-inter-victoria-liderato-y-toda-la-presion-para-el-milan\\\/#respond\"]}]},{\"@type\":\"WebPage\",\"@id\":\"https:\\\/\\\/www.americanonewspaper.com\\\/es\\\/deportes\\\/quien-frena-al-inter-victoria-liderato-y-toda-la-presion-para-el-milan\\\/\",\"url\":\"https:\\\/\\\/www.americanonewspaper.com\\\/es\\\/deportes\\\/quien-frena-al-inter-victoria-liderato-y-toda-la-presion-para-el-milan\\\/\",\"name\":\"\u00bfQui\u00e9n frena al Inter? Victoria, liderato y toda la presi\u00f3n para el Milan? - Americano Newspaper\",\"isPartOf\":{\"@id\":\"https:\\\/\\\/www.americanonewspaper.com\\\/es\\\/#website\"},\"primaryImageOfPage\":{\"@id\":\"https:\\\/\\\/www.americanonewspaper.com\\\/es\\\/deportes\\\/quien-frena-al-inter-victoria-liderato-y-toda-la-presion-para-el-milan\\\/#primaryimage\"},\"image\":{\"@id\":\"https:\\\/\\\/www.americanonewspaper.com\\\/es\\\/deportes\\\/quien-frena-al-inter-victoria-liderato-y-toda-la-presion-para-el-milan\\\/#primaryimage\"},\"thumbnailUrl\":\"https:\\\/\\\/www.americanonewspaper.com\\\/es\\\/wp-content\\\/uploads\\\/2026\\\/01\\\/Sitio-web-de-comunicacion-interna-Novato-Negro-y-bigaro-Presentacion-simple-29.png\",\"datePublished\":\"2026-01-08T02:39:53+00:00\",\"dateModified\":\"2026-01-11T02:43:03+00:00\",\"description\":\"El Inter de Mil\u00e1n dobleg\u00f3 este mi\u00e9rcoles a la niebla y al Parma (0-2) para afincarse en solitario en el liderato de la Serie A, aprovechando el pinchazo del N\u00e1poles ante el Hellas Verona y cediendo toda la presi\u00f3n a un Milan obligado a ganar para mantenerse en la persecuci\u00f3n.\",\"breadcrumb\":{\"@id\":\"https:\\\/\\\/www.americanonewspaper.com\\\/es\\\/deportes\\\/quien-frena-al-inter-victoria-liderato-y-toda-la-presion-para-el-milan\\\/#breadcrumb\"},\"inLanguage\":\"en-US\",\"potentialAction\":[{\"@type\":\"ReadAction\",\"target\":[\"https:\\\/\\\/www.americanonewspaper.com\\\/es\\\/deportes\\\/quien-frena-al-inter-victoria-liderato-y-toda-la-presion-para-el-milan\\\/\"]}]},{\"@type\":\"ImageObject\",\"inLanguage\":\"en-US\",\"@id\":\"https:\\\/\\\/www.americanonewspaper.com\\\/es\\\/deportes\\\/quien-frena-al-inter-victoria-liderato-y-toda-la-presion-para-el-milan\\\/#primaryimage\",\"url\":\"https:\\\/\\\/www.americanonewspaper.com\\\/es\\\/wp-content\\\/uploads\\\/2026\\\/01\\\/Sitio-web-de-comunicacion-interna-Novato-Negro-y-bigaro-Presentacion-simple-29.png\",\"contentUrl\":\"https:\\\/\\\/www.americanonewspaper.com\\\/es\\\/wp-content\\\/uploads\\\/2026\\\/01\\\/Sitio-web-de-comunicacion-interna-Novato-Negro-y-bigaro-Presentacion-simple-29.png\",\"width\":1366,\"height\":886,\"caption\":\"0-2. El Inter se afinca en el liderato.\"},{\"@type\":\"BreadcrumbList\",\"@id\":\"https:\\\/\\\/www.americanonewspaper.com\\\/es\\\/deportes\\\/quien-frena-al-inter-victoria-liderato-y-toda-la-presion-para-el-milan\\\/#breadcrumb\",\"itemListElement\":[{\"@type\":\"ListItem\",\"position\":1,\"name\":\"Home\",\"item\":\"https:\\\/\\\/www.americanonewspaper.com\\\/es\\\/\"},{\"@type\":\"ListItem\",\"position\":2,\"name\":\"\u00bfQui\u00e9n frena al Inter? Victoria, liderato y toda la presi\u00f3n para el Milan?\"}]},{\"@type\":\"WebSite\",\"@id\":\"https:\\\/\\\/www.americanonewspaper.com\\\/es\\\/#website\",\"url\":\"https:\\\/\\\/www.americanonewspaper.com\\\/es\\\/\",\"name\":\"Americano Newspaper\",\"description\":\"The Hispanic Newspaper of New Jersey.\",\"publisher\":{\"@id\":\"https:\\\/\\\/www.americanonewspaper.com\\\/es\\\/#organization\"},\"potentialAction\":[{\"@type\":\"SearchAction\",\"target\":{\"@type\":\"EntryPoint\",\"urlTemplate\":\"https:\\\/\\\/www.americanonewspaper.com\\\/es\\\/?s={search_term_string}\"},\"query-input\":{\"@type\":\"PropertyValueSpecification\",\"valueRequired\":true,\"valueName\":\"search_term_string\"}}],\"inLanguage\":\"en-US\"},{\"@type\":\"Organization\",\"@id\":\"https:\\\/\\\/www.americanonewspaper.com\\\/es\\\/#organization\",\"name\":\"Americano Newspaper\",\"url\":\"https:\\\/\\\/www.americanonewspaper.com\\\/es\\\/\",\"logo\":{\"@type\":\"ImageObject\",\"inLanguage\":\"en-US\",\"@id\":\"https:\\\/\\\/www.americanonewspaper.com\\\/es\\\/#\\\/schema\\\/logo\\\/image\\\/\",\"url\":\"https:\\\/\\\/www.americanonewspaper.com\\\/es\\\/wp-content\\\/uploads\\\/2024\\\/05\\\/AmericanoLogoCircle.comCircle2.jpg\",\"contentUrl\":\"https:\\\/\\\/www.americanonewspaper.com\\\/es\\\/wp-content\\\/uploads\\\/2024\\\/05\\\/AmericanoLogoCircle.comCircle2.jpg\",\"width\":600,\"height\":600,\"caption\":\"Americano Newspaper\"},\"image\":{\"@id\":\"https:\\\/\\\/www.americanonewspaper.com\\\/es\\\/#\\\/schema\\\/logo\\\/image\\\/\"},\"sameAs\":[\"https:\\\/\\\/www.facebook.com\\\/AmericanoNewspaper\\\/\"]},{\"@type\":\"Person\",\"@id\":\"https:\\\/\\\/www.americanonewspaper.com\\\/es\\\/#\\\/schema\\\/person\\\/8967f6b8af7e37bcbbe61f68580ff088\",\"name\":\"Author\",\"image\":{\"@type\":\"ImageObject\",\"inLanguage\":\"en-US\",\"@id\":\"https:\\\/\\\/www.americanonewspaper.com\\\/es\\\/wp-content\\\/litespeed\\\/avatar\\\/89ffaf6af3cf6769ffb3c6efb2313947.jpg?ver=1777427547\",\"url\":\"https:\\\/\\\/www.americanonewspaper.com\\\/es\\\/wp-content\\\/litespeed\\\/avatar\\\/89ffaf6af3cf6769ffb3c6efb2313947.jpg?ver=1777427547\",\"contentUrl\":\"https:\\\/\\\/www.americanonewspaper.com\\\/es\\\/wp-content\\\/litespeed\\\/avatar\\\/89ffaf6af3cf6769ffb3c6efb2313947.jpg?ver=1777427547\",\"caption\":\"Author\"},\"url\":\"https:\\\/\\\/www.americanonewspaper.com\\\/es\\\/author\\\/americano\\\/\"}]}<\/script>\n<!-- \/ Yoast SEO Premium plugin. -->","yoast_head_json":{"title":"\u00bfQui\u00e9n frena al Inter? Victoria, liderato y toda la presi\u00f3n para el Milan? - Americano Newspaper","description":"El Inter de Mil\u00e1n dobleg\u00f3 este mi\u00e9rcoles a la niebla y al Parma (0-2) para afincarse en solitario en el liderato de la Serie A, aprovechando el pinchazo del N\u00e1poles ante el Hellas Verona y cediendo toda la presi\u00f3n a un Milan obligado a ganar para mantenerse en la persecuci\u00f3n.","robots":{"index":"index","follow":"follow","max-snippet":"max-snippet:-1","max-image-preview":"max-image-preview:large","max-video-preview":"max-video-preview:-1"},"canonical":"https:\/\/www.americanonewspaper.com\/es\/deportes\/quien-frena-al-inter-victoria-liderato-y-toda-la-presion-para-el-milan\/","og_locale":"en_US","og_type":"article","og_title":"\u00bfQui\u00e9n frena al Inter? Victoria, liderato y toda la presi\u00f3n para el Milan?","og_description":"El Inter de Mil\u00e1n dobleg\u00f3 este mi\u00e9rcoles a la niebla y al Parma (0-2) para afincarse en solitario en el liderato de la Serie A, aprovechando el pinchazo del N\u00e1poles ante el Hellas Verona y cediendo toda la presi\u00f3n a un Milan obligado a ganar para mantenerse en la persecuci\u00f3n.","og_url":"https:\/\/www.americanonewspaper.com\/es\/deportes\/quien-frena-al-inter-victoria-liderato-y-toda-la-presion-para-el-milan\/","og_site_name":"Americano Newspaper","article_publisher":"https:\/\/www.facebook.com\/AmericanoNewspaper\/","article_published_time":"2026-01-08T02:39:53+00:00","article_modified_time":"2026-01-11T02:43:03+00:00","og_image":[{"width":1366,"height":886,"url":"https:\/\/www.americanonewspaper.com\/es\/wp-content\/uploads\/2026\/01\/Sitio-web-de-comunicacion-interna-Novato-Negro-y-bigaro-Presentacion-simple-29.png","type":"image\/png"}],"author":"Author","twitter_card":"summary_large_image","twitter_misc":{"Written by":"Author","Est. reading time":"5 minutes"},"schema":{"@context":"https:\/\/schema.org","@graph":[{"@type":"Article","@id":"https:\/\/www.americanonewspaper.com\/es\/deportes\/quien-frena-al-inter-victoria-liderato-y-toda-la-presion-para-el-milan\/#article","isPartOf":{"@id":"https:\/\/www.americanonewspaper.com\/es\/deportes\/quien-frena-al-inter-victoria-liderato-y-toda-la-presion-para-el-milan\/"},"author":{"name":"Author","@id":"https:\/\/www.americanonewspaper.com\/es\/#\/schema\/person\/8967f6b8af7e37bcbbe61f68580ff088"},"headline":"\u00bfQui\u00e9n frena al Inter? Victoria, liderato y toda la presi\u00f3n para el Milan?","datePublished":"2026-01-08T02:39:53+00:00","dateModified":"2026-01-11T02:43:03+00:00","mainEntityOfPage":{"@id":"https:\/\/www.americanonewspaper.com\/es\/deportes\/quien-frena-al-inter-victoria-liderato-y-toda-la-presion-para-el-milan\/"},"wordCount":707,"commentCount":0,"publisher":{"@id":"https:\/\/www.americanonewspaper.com\/es\/#organization"},"image":{"@id":"https:\/\/www.americanonewspaper.com\/es\/deportes\/quien-frena-al-inter-victoria-liderato-y-toda-la-presion-para-el-milan\/#primaryimage"},"thumbnailUrl":"https:\/\/www.americanonewspaper.com\/es\/wp-content\/uploads\/2026\/01\/Sitio-web-de-comunicacion-interna-Novato-Negro-y-bigaro-Presentacion-simple-29.png","articleSection":["Deportes","F\u00fatbol","Inter de Milan","Inter de Mil\u00e1n","Internacional"],"inLanguage":"en-US","potentialAction":[{"@type":"CommentAction","name":"Comment","target":["https:\/\/www.americanonewspaper.com\/es\/deportes\/quien-frena-al-inter-victoria-liderato-y-toda-la-presion-para-el-milan\/#respond"]}]},{"@type":"WebPage","@id":"https:\/\/www.americanonewspaper.com\/es\/deportes\/quien-frena-al-inter-victoria-liderato-y-toda-la-presion-para-el-milan\/","url":"https:\/\/www.americanonewspaper.com\/es\/deportes\/quien-frena-al-inter-victoria-liderato-y-toda-la-presion-para-el-milan\/","name":"\u00bfQui\u00e9n frena al Inter? Victoria, liderato y toda la presi\u00f3n para el Milan? - Americano Newspaper","isPartOf":{"@id":"https:\/\/www.americanonewspaper.com\/es\/#website"},"primaryImageOfPage":{"@id":"https:\/\/www.americanonewspaper.com\/es\/deportes\/quien-frena-al-inter-victoria-liderato-y-toda-la-presion-para-el-milan\/#primaryimage"},"image":{"@id":"https:\/\/www.americanonewspaper.com\/es\/deportes\/quien-frena-al-inter-victoria-liderato-y-toda-la-presion-para-el-milan\/#primaryimage"},"thumbnailUrl":"https:\/\/www.americanonewspaper.com\/es\/wp-content\/uploads\/2026\/01\/Sitio-web-de-comunicacion-interna-Novato-Negro-y-bigaro-Presentacion-simple-29.png","datePublished":"2026-01-08T02:39:53+00:00","dateModified":"2026-01-11T02:43:03+00:00","description":"El Inter de Mil\u00e1n dobleg\u00f3 este mi\u00e9rcoles a la niebla y al Parma (0-2) para afincarse en solitario en el liderato de la Serie A, aprovechando el pinchazo del N\u00e1poles ante el Hellas Verona y cediendo toda la presi\u00f3n a un Milan obligado a ganar para mantenerse en la persecuci\u00f3n.","breadcrumb":{"@id":"https:\/\/www.americanonewspaper.com\/es\/deportes\/quien-frena-al-inter-victoria-liderato-y-toda-la-presion-para-el-milan\/#breadcrumb"},"inLanguage":"en-US","potentialAction":[{"@type":"ReadAction","target":["https:\/\/www.americanonewspaper.com\/es\/deportes\/quien-frena-al-inter-victoria-liderato-y-toda-la-presion-para-el-milan\/"]}]},{"@type":"ImageObject","inLanguage":"en-US","@id":"https:\/\/www.americanonewspaper.com\/es\/deportes\/quien-frena-al-inter-victoria-liderato-y-toda-la-presion-para-el-milan\/#primaryimage","url":"https:\/\/www.americanonewspaper.com\/es\/wp-content\/uploads\/2026\/01\/Sitio-web-de-comunicacion-interna-Novato-Negro-y-bigaro-Presentacion-simple-29.png","contentUrl":"https:\/\/www.americanonewspaper.com\/es\/wp-content\/uploads\/2026\/01\/Sitio-web-de-comunicacion-interna-Novato-Negro-y-bigaro-Presentacion-simple-29.png","width":1366,"height":886,"caption":"0-2. El Inter se afinca en el liderato."},{"@type":"BreadcrumbList","@id":"https:\/\/www.americanonewspaper.com\/es\/deportes\/quien-frena-al-inter-victoria-liderato-y-toda-la-presion-para-el-milan\/#breadcrumb","itemListElement":[{"@type":"ListItem","position":1,"name":"Home","item":"https:\/\/www.americanonewspaper.com\/es\/"},{"@type":"ListItem","position":2,"name":"\u00bfQui\u00e9n frena al Inter? Victoria, liderato y toda la presi\u00f3n para el Milan?"}]},{"@type":"WebSite","@id":"https:\/\/www.americanonewspaper.com\/es\/#website","url":"https:\/\/www.americanonewspaper.com\/es\/","name":"Americano Newspaper","description":"The Hispanic Newspaper of New Jersey.","publisher":{"@id":"https:\/\/www.americanonewspaper.com\/es\/#organization"},"potentialAction":[{"@type":"SearchAction","target":{"@type":"EntryPoint","urlTemplate":"https:\/\/www.americanonewspaper.com\/es\/?s={search_term_string}"},"query-input":{"@type":"PropertyValueSpecification","valueRequired":true,"valueName":"search_term_string"}}],"inLanguage":"en-US"},{"@type":"Organization","@id":"https:\/\/www.americanonewspaper.com\/es\/#organization","name":"Americano Newspaper","url":"https:\/\/www.americanonewspaper.com\/es\/","logo":{"@type":"ImageObject","inLanguage":"en-US","@id":"https:\/\/www.americanonewspaper.com\/es\/#\/schema\/logo\/image\/","url":"https:\/\/www.americanonewspaper.com\/es\/wp-content\/uploads\/2024\/05\/AmericanoLogoCircle.comCircle2.jpg","contentUrl":"https:\/\/www.americanonewspaper.com\/es\/wp-content\/uploads\/2024\/05\/AmericanoLogoCircle.comCircle2.jpg","width":600,"height":600,"caption":"Americano Newspaper"},"image":{"@id":"https:\/\/www.americanonewspaper.com\/es\/#\/schema\/logo\/image\/"},"sameAs":["https:\/\/www.facebook.com\/AmericanoNewspaper\/"]},{"@type":"Person","@id":"https:\/\/www.americanonewspaper.com\/es\/#\/schema\/person\/8967f6b8af7e37bcbbe61f68580ff088","name":"Author","image":{"@type":"ImageObject","inLanguage":"en-US","@id":"https:\/\/www.americanonewspaper.com\/es\/wp-content\/litespeed\/avatar\/89ffaf6af3cf6769ffb3c6efb2313947.jpg?ver=1777427547","url":"https:\/\/www.americanonewspaper.com\/es\/wp-content\/litespeed\/avatar\/89ffaf6af3cf6769ffb3c6efb2313947.jpg?ver=1777427547","contentUrl":"https:\/\/www.americanonewspaper.com\/es\/wp-content\/litespeed\/avatar\/89ffaf6af3cf6769ffb3c6efb2313947.jpg?ver=1777427547","caption":"Author"},"url":"https:\/\/www.americanonewspaper.com\/es\/author\/americano\/"}]}},"jetpack_publicize_connections":[],"jetpack_featured_media_url":"https:\/\/www.americanonewspaper.com\/es\/wp-content\/uploads\/2026\/01\/Sitio-web-de-comunicacion-interna-Novato-Negro-y-bigaro-Presentacion-simple-29.png","featured_image_urls":{"full":["https:\/\/www.americanonewspaper.com\/es\/wp-content\/uploads\/2026\/01\/Sitio-web-de-comunicacion-interna-Novato-Negro-y-bigaro-Presentacion-simple-29.png",1366,886,false],"thumbnail":["https:\/\/www.americanonewspaper.com\/es\/wp-content\/uploads\/2026\/01\/Sitio-web-de-comunicacion-interna-Novato-Negro-y-bigaro-Presentacion-simple-29-250x250.png",250,250,true],"medium":["https:\/\/www.americanonewspaper.com\/es\/wp-content\/uploads\/2026\/01\/Sitio-web-de-comunicacion-interna-Novato-Negro-y-bigaro-Presentacion-simple-29-300x195.png",300,195,true],"medium_large":["https:\/\/www.americanonewspaper.com\/es\/wp-content\/uploads\/2026\/01\/Sitio-web-de-comunicacion-interna-Novato-Negro-y-bigaro-Presentacion-simple-29-768x498.png",696,451,true],"large":["https:\/\/www.americanonewspaper.com\/es\/wp-content\/uploads\/2026\/01\/Sitio-web-de-comunicacion-interna-Novato-Negro-y-bigaro-Presentacion-simple-29-771x500.png",696,451,true],"1536x1536":["https:\/\/www.americanonewspaper.com\/es\/wp-content\/uploads\/2026\/01\/Sitio-web-de-comunicacion-interna-Novato-Negro-y-bigaro-Presentacion-simple-29.png",1366,886,false],"2048x2048":["https:\/\/www.americanonewspaper.com\/es\/wp-content\/uploads\/2026\/01\/Sitio-web-de-comunicacion-interna-Novato-Negro-y-bigaro-Presentacion-simple-29.png",1366,886,false],"td_150x0":["https:\/\/www.americanonewspaper.com\/es\/wp-content\/uploads\/2026\/01\/Sitio-web-de-comunicacion-interna-Novato-Negro-y-bigaro-Presentacion-simple-29-150x97.png",150,97,true],"td_218x150":["https:\/\/www.americanonewspaper.com\/es\/wp-content\/uploads\/2026\/01\/Sitio-web-de-comunicacion-interna-Novato-Negro-y-bigaro-Presentacion-simple-29-218x150.png",218,150,true],"td_300x0":["https:\/\/www.americanonewspaper.com\/es\/wp-content\/uploads\/2026\/01\/Sitio-web-de-comunicacion-interna-Novato-Negro-y-bigaro-Presentacion-simple-29-300x195.png",300,195,true],"td_324x400":["https:\/\/www.americanonewspaper.com\/es\/wp-content\/uploads\/2026\/01\/Sitio-web-de-comunicacion-interna-Novato-Negro-y-bigaro-Presentacion-simple-29-324x400.png",324,400,true],"td_485x360":["https:\/\/www.americanonewspaper.com\/es\/wp-content\/uploads\/2026\/01\/Sitio-web-de-comunicacion-interna-Novato-Negro-y-bigaro-Presentacion-simple-29-485x360.png",485,360,true],"td_696x0":["https:\/\/www.americanonewspaper.com\/es\/wp-content\/uploads\/2026\/01\/Sitio-web-de-comunicacion-interna-Novato-Negro-y-bigaro-Presentacion-simple-29-696x451.png",696,451,true],"td_1068x0":["https:\/\/www.americanonewspaper.com\/es\/wp-content\/uploads\/2026\/01\/Sitio-web-de-comunicacion-interna-Novato-Negro-y-bigaro-Presentacion-simple-29-1068x693.png",1068,693,true],"td_1920x0":["https:\/\/www.americanonewspaper.com\/es\/wp-content\/uploads\/2026\/01\/Sitio-web-de-comunicacion-interna-Novato-Negro-y-bigaro-Presentacion-simple-29.png",1366,886,false],"bdpp-medium":["https:\/\/www.americanonewspaper.com\/es\/wp-content\/uploads\/2026\/01\/Sitio-web-de-comunicacion-interna-Novato-Negro-y-bigaro-Presentacion-simple-29-640x480.png",640,480,true]},"author_info":{"display_name":"Author","author_link":"https:\/\/www.americanonewspaper.com\/es\/author\/americano\/"},"category_info":"<a href=\"https:\/\/www.americanonewspaper.com\/es\/category\/deportes\/\" rel=\"category tag\">Deportes<\/a> <a href=\"https:\/\/www.americanonewspaper.com\/es\/category\/futbol-2\/\" rel=\"category tag\">F\u00fatbol<\/a> <a href=\"https:\/\/www.americanonewspaper.com\/es\/category\/inter-de-milan\/\" rel=\"category tag\">Inter de Milan<\/a> <a href=\"https:\/\/www.americanonewspaper.com\/es\/category\/inter-de-milan-2\/\" rel=\"category tag\">Inter de Mil\u00e1n<\/a> <a href=\"https:\/\/www.americanonewspaper.com\/es\/category\/internacional\/\" rel=\"category tag\">Internacional<\/a>","tag_info":"Internacional","comment_count":"0","jetpack_sharing_enabled":true,"jetpack_likes_enabled":true,"_links":{"self":[{"href":"https:\/\/www.americanonewspaper.com\/es\/wp-json\/wp\/v2\/posts\/30508","targetHints":{"allow":["GET"]}}],"collection":[{"href":"https:\/\/www.americanonewspaper.com\/es\/wp-json\/wp\/v2\/posts"}],"about":[{"href":"https:\/\/www.americanonewspaper.com\/es\/wp-json\/wp\/v2\/types\/post"}],"author":[{"embeddable":true,"href":"https:\/\/www.americanonewspaper.com\/es\/wp-json\/wp\/v2\/users\/7"}],"replies":[{"embeddable":true,"href":"https:\/\/www.americanonewspaper.com\/es\/wp-json\/wp\/v2\/comments?post=30508"}],"version-history":[{"count":2,"href":"https:\/\/www.americanonewspaper.com\/es\/wp-json\/wp\/v2\/posts\/30508\/revisions"}],"predecessor-version":[{"id":30521,"href":"https:\/\/www.americanonewspaper.com\/es\/wp-json\/wp\/v2\/posts\/30508\/revisions\/30521"}],"wp:featuredmedia":[{"embeddable":true,"href":"https:\/\/www.americanonewspaper.com\/es\/wp-json\/wp\/v2\/media\/30509"}],"wp:attachment":[{"href":"https:\/\/www.americanonewspaper.com\/es\/wp-json\/wp\/v2\/media?parent=30508"}],"wp:term":[{"taxonomy":"category","embeddable":true,"href":"https:\/\/www.americanonewspaper.com\/es\/wp-json\/wp\/v2\/categories?post=30508"},{"taxonomy":"post_tag","embeddable":true,"href":"https:\/\/www.americanonewspaper.com\/es\/wp-json\/wp\/v2\/tags?post=30508"}],"curies":[{"name":"wp","href":"https:\/\/api.w.org\/{rel}","templated":true}]}}