{"id":30496,"date":"2026-01-04T23:11:26","date_gmt":"2026-01-05T04:11:26","guid":{"rendered":"https:\/\/www.americanonewspaper.com\/es\/?p=30496"},"modified":"2026-01-04T23:11:31","modified_gmt":"2026-01-05T04:11:31","slug":"el-carnaval-ya-empezo-rio-de-janeiro-se-toma-las-calles","status":"publish","type":"post","link":"https:\/\/www.americanonewspaper.com\/es\/brazil\/el-carnaval-ya-empezo-rio-de-janeiro-se-toma-las-calles\/","title":{"rendered":"\u00a1EL CARNAVAL YA EMPEZ\u00d3! R\u00edo de Janeiro se toma las calles"},"content":{"rendered":"\n<p class=\"dropcapp3\">R\u00edo de Janeiro, de resaca todav\u00eda por las masivas celebraciones de A\u00f1o Nuevo, se prepara ya para el carnaval, con la realizaci\u00f3n este domingo de m\u00e1s de 70 comparsas populares previstas para desfilar por las calles de la ciudad brasile\u00f1a.<\/p>\n\n\n\n<p>Apenas cuatro d\u00edas despu\u00e9s de que los festejos de fin de a\u00f1o terminaran y con el imponente escenario levantado en la playa de Copacabana a\u00fan por desmontar, cientos de cariocas y de turistas se echaron purpurina por el cuerpo y vistieron nuevos disfraces para participar en peque\u00f1os desfiles por toda la urbe.<\/p>\n\n\n<div class=\"wp-block-image\">\n<figure class=\"aligncenter size-large is-resized\"><img fetchpriority=\"high\" decoding=\"async\" width=\"800\" height=\"200\" src=\"https:\/\/www.americanonewspaper.com\/es\/wp-content\/uploads\/2025\/12\/ABOgadosGGL-copy-1-3-800x200.jpg\" alt=\"\" class=\"wp-image-30343\" style=\"width:1068px;height:auto\" srcset=\"https:\/\/www.americanonewspaper.com\/es\/wp-content\/uploads\/2025\/12\/ABOgadosGGL-copy-1-3-800x200.jpg 800w, https:\/\/www.americanonewspaper.com\/es\/wp-content\/uploads\/2025\/12\/ABOgadosGGL-copy-1-3-300x75.jpg 300w, https:\/\/www.americanonewspaper.com\/es\/wp-content\/uploads\/2025\/12\/ABOgadosGGL-copy-1-3-768x192.jpg 768w, https:\/\/www.americanonewspaper.com\/es\/wp-content\/uploads\/2025\/12\/ABOgadosGGL-copy-1-3-150x38.jpg 150w, https:\/\/www.americanonewspaper.com\/es\/wp-content\/uploads\/2025\/12\/ABOgadosGGL-copy-1-3-696x174.jpg 696w, https:\/\/www.americanonewspaper.com\/es\/wp-content\/uploads\/2025\/12\/ABOgadosGGL-copy-1-3-1068x267.jpg 1068w, https:\/\/www.americanonewspaper.com\/es\/wp-content\/uploads\/2025\/12\/ABOgadosGGL-copy-1-3.jpg 1200w\" sizes=\"(max-width: 800px) 100vw, 800px\" \/><\/figure>\n<\/div>\n\n\n<p>Se trata de una especie de apertura no oficial del evento, ya que el carnaval per se arrancar\u00e1 formalmente el viernes 13 de febrero, cuando el alcalde de R\u00edo entregue de forma simb\u00f3lica las llaves de la ciudad al Rey Momo, figura de la mitolog\u00eda griega que encarna el esp\u00edritu de la fiesta y que cada a\u00f1o es interpretado por una persona distinta.<\/p>\n\n\n<div class=\"wp-block-image\">\n<figure class=\"aligncenter size-large is-resized\"><a href=\"https:\/\/www.nissancityspringfield.com\/\" target=\"_blank\" rel=\" noreferrer noopener\"><img decoding=\"async\" width=\"800\" height=\"433\" src=\"https:\/\/www.americanonewspaper.com\/es\/wp-content\/uploads\/2025\/12\/WhatsApp-Image-2025-11-17-at-9.02.13-PM-1-1-800x433.jpeg\" alt=\"\" class=\"wp-image-30289\" style=\"width:1068px;height:auto\" srcset=\"https:\/\/www.americanonewspaper.com\/es\/wp-content\/uploads\/2025\/12\/WhatsApp-Image-2025-11-17-at-9.02.13-PM-1-1-800x433.jpeg 800w, https:\/\/www.americanonewspaper.com\/es\/wp-content\/uploads\/2025\/12\/WhatsApp-Image-2025-11-17-at-9.02.13-PM-1-1-300x162.jpeg 300w, https:\/\/www.americanonewspaper.com\/es\/wp-content\/uploads\/2025\/12\/WhatsApp-Image-2025-11-17-at-9.02.13-PM-1-1-768x416.jpeg 768w, https:\/\/www.americanonewspaper.com\/es\/wp-content\/uploads\/2025\/12\/WhatsApp-Image-2025-11-17-at-9.02.13-PM-1-1-150x81.jpeg 150w, https:\/\/www.americanonewspaper.com\/es\/wp-content\/uploads\/2025\/12\/WhatsApp-Image-2025-11-17-at-9.02.13-PM-1-1-696x377.jpeg 696w, https:\/\/www.americanonewspaper.com\/es\/wp-content\/uploads\/2025\/12\/WhatsApp-Image-2025-11-17-at-9.02.13-PM-1-1.jpeg 1024w\" sizes=\"(max-width: 800px) 100vw, 800px\" \/><\/a><\/figure>\n<\/div>\n\n\n<p>El movimiento Desliga dos Blocos (&#8220;Liberaci\u00f3n de las Comparsas&#8221;) impulsa el evento, que inici\u00f3 hace 17 a\u00f1os como una cr\u00edtica al aumento de la burocracia para registrar desfiles durante la temporada oficial de carnaval.<\/p>\n\n\n\n<p>La idea es, seg\u00fan publican los organizadores en su p\u00e1gina oficial, &#8220;proponer una reflexi\u00f3n sobre el derecho a la ciudad&#8221;, adem\u00e1s de &#8220;cuestionar los conceptos que categorizan manifestaciones populares carnavalescas en oficiales y no oficiales&#8221;.<\/p>\n\n\n<div class=\"wp-block-image\">\n<figure class=\"aligncenter size-full is-resized\"><img decoding=\"async\" width=\"600\" height=\"400\" src=\"https:\/\/www.americanonewspaper.com\/es\/wp-content\/uploads\/2026\/01\/a24d038139b184d508eea3d31e875e839c0ce230m.jpg\" alt=\"\" class=\"wp-image-30497\" style=\"width:1068px;height:auto\" srcset=\"https:\/\/www.americanonewspaper.com\/es\/wp-content\/uploads\/2026\/01\/a24d038139b184d508eea3d31e875e839c0ce230m.jpg 600w, https:\/\/www.americanonewspaper.com\/es\/wp-content\/uploads\/2026\/01\/a24d038139b184d508eea3d31e875e839c0ce230m-300x200.jpg 300w, https:\/\/www.americanonewspaper.com\/es\/wp-content\/uploads\/2026\/01\/a24d038139b184d508eea3d31e875e839c0ce230m-150x100.jpg 150w\" sizes=\"(max-width: 600px) 100vw, 600px\" \/><figcaption class=\"wp-element-caption\">Personas participan en un desfile de una comparsa callejera este 4 de enero de 2026, en R\u00edo de Janeiro (Brasil). EFE\/Andr\u00e9 Coelho<\/figcaption><\/figure>\n<\/div>\n\n\n<p>Pese al entusiasmo que se respiraba en el ambiente por la cercan\u00eda del carnaval, la amenaza de lluvia llev\u00f3 a los organizadores a advertir a los zancudos que tuvieran cuidado con los suelos escurridizos y algunos desfiles se tuvieron que refugiar bajo puentes o soportales.<\/p>\n\n\n<div class=\"wp-block-image\">\n<figure class=\"aligncenter size-large is-resized\"><a href=\"https:\/\/www.lccsnj.org\/\" target=\"_blank\" rel=\" noreferrer noopener\"><img loading=\"lazy\" decoding=\"async\" width=\"800\" height=\"432\" src=\"https:\/\/www.americanonewspaper.com\/es\/wp-content\/uploads\/2025\/12\/BannerJerseyCitySchool-copy-800x432.jpg\" alt=\"\" class=\"wp-image-30417\" style=\"width:1068px;height:auto\" srcset=\"https:\/\/www.americanonewspaper.com\/es\/wp-content\/uploads\/2025\/12\/BannerJerseyCitySchool-copy-800x432.jpg 800w, https:\/\/www.americanonewspaper.com\/es\/wp-content\/uploads\/2025\/12\/BannerJerseyCitySchool-copy-300x162.jpg 300w, https:\/\/www.americanonewspaper.com\/es\/wp-content\/uploads\/2025\/12\/BannerJerseyCitySchool-copy-768x415.jpg 768w, https:\/\/www.americanonewspaper.com\/es\/wp-content\/uploads\/2025\/12\/BannerJerseyCitySchool-copy-1536x830.jpg 1536w, https:\/\/www.americanonewspaper.com\/es\/wp-content\/uploads\/2025\/12\/BannerJerseyCitySchool-copy-2048x1107.jpg 2048w, https:\/\/www.americanonewspaper.com\/es\/wp-content\/uploads\/2025\/12\/BannerJerseyCitySchool-copy-150x81.jpg 150w, https:\/\/www.americanonewspaper.com\/es\/wp-content\/uploads\/2025\/12\/BannerJerseyCitySchool-copy-696x376.jpg 696w, https:\/\/www.americanonewspaper.com\/es\/wp-content\/uploads\/2025\/12\/BannerJerseyCitySchool-copy-1068x577.jpg 1068w, https:\/\/www.americanonewspaper.com\/es\/wp-content\/uploads\/2025\/12\/BannerJerseyCitySchool-copy-1920x1038.jpg 1920w\" sizes=\"(max-width: 800px) 100vw, 800px\" \/><\/a><\/figure>\n<\/div>\n\n\n<p>Pero ni eso agu\u00f3 la fiesta de los participantes en la comparsa Love Songs, dedicada a canciones de amor y una de las m\u00e1s madrugadoras, con una convocatoria para las 7.00 de la ma\u00f1ana en el centro de la ciudad.<\/p>\n\n\n<div class=\"wp-block-image\">\n<figure class=\"aligncenter size-full is-resized\"><img loading=\"lazy\" decoding=\"async\" width=\"600\" height=\"400\" src=\"https:\/\/www.americanonewspaper.com\/es\/wp-content\/uploads\/2026\/01\/0edf4b57ac29ac7935deb754ed0448d0825b08dfm.jpg\" alt=\"\" class=\"wp-image-30498\" style=\"width:1068px;height:auto\" srcset=\"https:\/\/www.americanonewspaper.com\/es\/wp-content\/uploads\/2026\/01\/0edf4b57ac29ac7935deb754ed0448d0825b08dfm.jpg 600w, https:\/\/www.americanonewspaper.com\/es\/wp-content\/uploads\/2026\/01\/0edf4b57ac29ac7935deb754ed0448d0825b08dfm-300x200.jpg 300w, https:\/\/www.americanonewspaper.com\/es\/wp-content\/uploads\/2026\/01\/0edf4b57ac29ac7935deb754ed0448d0825b08dfm-150x100.jpg 150w\" sizes=\"(max-width: 600px) 100vw, 600px\" \/><figcaption class=\"wp-element-caption\">Un hombre toca una trompeta en un desfile de una comparsa callejera este 4 de enero de 2026, en R\u00edo de Janeiro (Brasil). EFE\/Andr\u00e9 Coelho<\/figcaption><\/figure>\n<\/div>\n\n\n<p>&#8220;Tenemos una cita&#8221;, recordaban, antes del inicio, los organizadores en redes sociales.<\/p>\n\n\n<div class=\"wp-block-image\">\n<figure class=\"aligncenter size-large is-resized\"><a href=\"https:\/\/www.td.com\/us\/en\/small-business\" target=\"_blank\" rel=\" noreferrer noopener\"><img loading=\"lazy\" decoding=\"async\" width=\"800\" height=\"433\" src=\"https:\/\/www.americanonewspaper.com\/es\/wp-content\/uploads\/2025\/12\/WhatsApp-Image-2025-11-17-at-11.19.38-AM-1-800x433.jpeg\" alt=\"\" class=\"wp-image-30253\" style=\"width:1068px;height:auto\" srcset=\"https:\/\/www.americanonewspaper.com\/es\/wp-content\/uploads\/2025\/12\/WhatsApp-Image-2025-11-17-at-11.19.38-AM-1-800x433.jpeg 800w, https:\/\/www.americanonewspaper.com\/es\/wp-content\/uploads\/2025\/12\/WhatsApp-Image-2025-11-17-at-11.19.38-AM-1-300x162.jpeg 300w, https:\/\/www.americanonewspaper.com\/es\/wp-content\/uploads\/2025\/12\/WhatsApp-Image-2025-11-17-at-11.19.38-AM-1-768x416.jpeg 768w, https:\/\/www.americanonewspaper.com\/es\/wp-content\/uploads\/2025\/12\/WhatsApp-Image-2025-11-17-at-11.19.38-AM-1-150x81.jpeg 150w, https:\/\/www.americanonewspaper.com\/es\/wp-content\/uploads\/2025\/12\/WhatsApp-Image-2025-11-17-at-11.19.38-AM-1-696x377.jpeg 696w, https:\/\/www.americanonewspaper.com\/es\/wp-content\/uploads\/2025\/12\/WhatsApp-Image-2025-11-17-at-11.19.38-AM-1.jpeg 1024w\" sizes=\"(max-width: 800px) 100vw, 800px\" \/><\/a><\/figure>\n<\/div>\n\n\n<p>R\u00edo de Janeiro compite con Salvador de Bah\u00eda y Recife como la postal del carnaval brasile\u00f1o y el a\u00f1o pasado la ciudad atrajo a m\u00e1s de ocho millones de participantes, llegados del resto de Brasil y de alrededor de 160 pa\u00edses, seg\u00fan las autoridades locales.<\/p>\n\n\n<div class=\"wp-block-image\">\n<figure class=\"aligncenter size-large is-resized\"><a href=\"https:\/\/www.nj.gov\/health\/vacunas\/\" target=\"_blank\" rel=\" noreferrer noopener\"><img loading=\"lazy\" decoding=\"async\" width=\"800\" height=\"367\" src=\"https:\/\/www.americanonewspaper.com\/es\/wp-content\/uploads\/2025\/12\/WhatsApp-Image-2025-11-17-at-11.08.35-AM-1-800x367.jpeg\" alt=\"\" class=\"wp-image-30290\" style=\"width:1068px;height:auto\" srcset=\"https:\/\/www.americanonewspaper.com\/es\/wp-content\/uploads\/2025\/12\/WhatsApp-Image-2025-11-17-at-11.08.35-AM-1-800x367.jpeg 800w, https:\/\/www.americanonewspaper.com\/es\/wp-content\/uploads\/2025\/12\/WhatsApp-Image-2025-11-17-at-11.08.35-AM-1-300x138.jpeg 300w, https:\/\/www.americanonewspaper.com\/es\/wp-content\/uploads\/2025\/12\/WhatsApp-Image-2025-11-17-at-11.08.35-AM-1-768x352.jpeg 768w, https:\/\/www.americanonewspaper.com\/es\/wp-content\/uploads\/2025\/12\/WhatsApp-Image-2025-11-17-at-11.08.35-AM-1-150x69.jpeg 150w, https:\/\/www.americanonewspaper.com\/es\/wp-content\/uploads\/2025\/12\/WhatsApp-Image-2025-11-17-at-11.08.35-AM-1-696x319.jpeg 696w, https:\/\/www.americanonewspaper.com\/es\/wp-content\/uploads\/2025\/12\/WhatsApp-Image-2025-11-17-at-11.08.35-AM-1-1068x490.jpeg 1068w, https:\/\/www.americanonewspaper.com\/es\/wp-content\/uploads\/2025\/12\/WhatsApp-Image-2025-11-17-at-11.08.35-AM-1.jpeg 1200w\" sizes=\"(max-width: 800px) 100vw, 800px\" \/><\/a><\/figure>\n<\/div>\n\n\n<p><a href=\"https:\/\/tayakan.com\/\" target=\"_blank\" rel=\"noreferrer noopener\">Tayakan.com<\/a> (EFE)<\/p>\n\n\n<div class=\"wp-block-image\">\n<figure class=\"aligncenter size-large is-resized\"><a href=\"https:\/\/x.com\/americanonj\" target=\"_blank\" rel=\" noreferrer noopener\"><img loading=\"lazy\" decoding=\"async\" width=\"800\" height=\"88\" src=\"https:\/\/www.americanonewspaper.com\/es\/wp-content\/uploads\/2025\/12\/espanolok-800x88.jpg\" alt=\"\" class=\"wp-image-30298\" style=\"width:1068px;height:auto\" srcset=\"https:\/\/www.americanonewspaper.com\/es\/wp-content\/uploads\/2025\/12\/espanolok-800x88.jpg 800w, https:\/\/www.americanonewspaper.com\/es\/wp-content\/uploads\/2025\/12\/espanolok-300x33.jpg 300w, https:\/\/www.americanonewspaper.com\/es\/wp-content\/uploads\/2025\/12\/espanolok-768x85.jpg 768w, https:\/\/www.americanonewspaper.com\/es\/wp-content\/uploads\/2025\/12\/espanolok-1536x170.jpg 1536w, https:\/\/www.americanonewspaper.com\/es\/wp-content\/uploads\/2025\/12\/espanolok-2048x226.jpg 2048w, https:\/\/www.americanonewspaper.com\/es\/wp-content\/uploads\/2025\/12\/espanolok-150x17.jpg 150w, https:\/\/www.americanonewspaper.com\/es\/wp-content\/uploads\/2025\/12\/espanolok-696x77.jpg 696w, https:\/\/www.americanonewspaper.com\/es\/wp-content\/uploads\/2025\/12\/espanolok-1068x118.jpg 1068w, https:\/\/www.americanonewspaper.com\/es\/wp-content\/uploads\/2025\/12\/espanolok-1920x212.jpg 1920w\" sizes=\"(max-width: 800px) 100vw, 800px\" \/><\/a><\/figure>\n<\/div>","protected":false},"excerpt":{"rendered":"<p>R\u00edo de Janeiro, de resaca todav\u00eda por las masivas celebraciones de A\u00f1o Nuevo, se prepara ya para el carnaval, con la realizaci\u00f3n este domingo de m\u00e1s de 70 comparsas populares previstas para desfilar por las calles de la ciudad brasile\u00f1a. Apenas cuatro d\u00edas despu\u00e9s de que los festejos de fin de a\u00f1o terminaran y con [&hellip;]<\/p>\n","protected":false},"author":7,"featured_media":30499,"comment_status":"open","ping_status":"open","sticky":false,"template":"","format":"standard","meta":{"_acf_changed":false,"tdm_status":"","tdm_grid_status":"","_jetpack_memberships_contains_paid_content":false,"footnotes":"","jetpack_publicize_message":"","jetpack_publicize_feature_enabled":true,"jetpack_social_post_already_shared":true,"jetpack_social_options":{"image_generator_settings":{"template":"highway","default_image_id":0,"font":"","enabled":false},"version":2},"_wpas_customize_per_network":false},"categories":[1206,623,108,553,718,1183,527],"tags":[],"class_list":{"0":"post-30496","1":"post","2":"type-post","3":"status-publish","4":"format-standard","5":"has-post-thumbnail","7":"category-america-latina","8":"category-arte","9":"category-brazil","10":"category-carnaval-de-rio","11":"category-cultura","12":"category-entretenimiento","13":"category-farandula"},"acf":[],"yoast_head":"<!-- This site is optimized with the Yoast SEO Premium plugin v27.5 (Yoast SEO v27.5) - https:\/\/yoast.com\/product\/yoast-seo-premium-wordpress\/ -->\n<title>\u00a1EL CARNAVAL YA EMPEZ\u00d3! R\u00edo de Janeiro se toma las calles - Americano Newspaper<\/title>\n<meta name=\"description\" content=\"\u00a1R\u00cdO NO SE DETIENE! Tras el A\u00f1o Nuevo, la ciudad ya calienta motores para el Carnaval con 70 comparsas este domingo.\" \/>\n<meta name=\"robots\" content=\"index, follow, max-snippet:-1, max-image-preview:large, max-video-preview:-1\" \/>\n<link rel=\"canonical\" href=\"https:\/\/www.americanonewspaper.com\/es\/brazil\/el-carnaval-ya-empezo-rio-de-janeiro-se-toma-las-calles\/\" \/>\n<meta property=\"og:locale\" content=\"en_US\" \/>\n<meta property=\"og:type\" content=\"article\" \/>\n<meta property=\"og:title\" content=\"\u00a1EL CARNAVAL YA EMPEZ\u00d3! R\u00edo de Janeiro se toma las calles\" \/>\n<meta property=\"og:description\" content=\"\u00a1R\u00cdO NO SE DETIENE! Tras el A\u00f1o Nuevo, la ciudad ya calienta motores para el Carnaval con 70 comparsas este domingo.\" \/>\n<meta property=\"og:url\" content=\"https:\/\/www.americanonewspaper.com\/es\/brazil\/el-carnaval-ya-empezo-rio-de-janeiro-se-toma-las-calles\/\" \/>\n<meta property=\"og:site_name\" content=\"Americano Newspaper\" \/>\n<meta property=\"article:publisher\" content=\"https:\/\/www.facebook.com\/AmericanoNewspaper\/\" \/>\n<meta property=\"article:published_time\" content=\"2026-01-05T04:11:26+00:00\" \/>\n<meta property=\"article:modified_time\" content=\"2026-01-05T04:11:31+00:00\" \/>\n<meta property=\"og:image\" content=\"https:\/\/www.americanonewspaper.com\/es\/wp-content\/uploads\/2026\/01\/Sitio-web-de-comunicacion-interna-Novato-Negro-y-bigaro-Presentacion-simple-28-771x500.png\" \/>\n\t<meta property=\"og:image:width\" content=\"771\" \/>\n\t<meta property=\"og:image:height\" content=\"500\" \/>\n\t<meta property=\"og:image:type\" content=\"image\/png\" \/>\n<meta name=\"author\" content=\"Author\" \/>\n<meta name=\"twitter:card\" content=\"summary_large_image\" \/>\n<meta name=\"twitter:label1\" content=\"Written by\" \/>\n\t<meta name=\"twitter:data1\" content=\"Author\" \/>\n\t<meta name=\"twitter:label2\" content=\"Est. reading time\" \/>\n\t<meta name=\"twitter:data2\" content=\"4 minutes\" \/>\n<script type=\"application\/ld+json\" class=\"yoast-schema-graph\">{\"@context\":\"https:\\\/\\\/schema.org\",\"@graph\":[{\"@type\":\"Article\",\"@id\":\"https:\\\/\\\/www.americanonewspaper.com\\\/es\\\/brazil\\\/el-carnaval-ya-empezo-rio-de-janeiro-se-toma-las-calles\\\/#article\",\"isPartOf\":{\"@id\":\"https:\\\/\\\/www.americanonewspaper.com\\\/es\\\/brazil\\\/el-carnaval-ya-empezo-rio-de-janeiro-se-toma-las-calles\\\/\"},\"author\":{\"name\":\"Author\",\"@id\":\"https:\\\/\\\/www.americanonewspaper.com\\\/es\\\/#\\\/schema\\\/person\\\/8967f6b8af7e37bcbbe61f68580ff088\"},\"headline\":\"\u00a1EL CARNAVAL YA EMPEZ\u00d3! R\u00edo de Janeiro se toma las calles\",\"datePublished\":\"2026-01-05T04:11:26+00:00\",\"dateModified\":\"2026-01-05T04:11:31+00:00\",\"mainEntityOfPage\":{\"@id\":\"https:\\\/\\\/www.americanonewspaper.com\\\/es\\\/brazil\\\/el-carnaval-ya-empezo-rio-de-janeiro-se-toma-las-calles\\\/\"},\"wordCount\":456,\"commentCount\":0,\"publisher\":{\"@id\":\"https:\\\/\\\/www.americanonewspaper.com\\\/es\\\/#organization\"},\"image\":{\"@id\":\"https:\\\/\\\/www.americanonewspaper.com\\\/es\\\/brazil\\\/el-carnaval-ya-empezo-rio-de-janeiro-se-toma-las-calles\\\/#primaryimage\"},\"thumbnailUrl\":\"https:\\\/\\\/www.americanonewspaper.com\\\/es\\\/wp-content\\\/uploads\\\/2026\\\/01\\\/Sitio-web-de-comunicacion-interna-Novato-Negro-y-bigaro-Presentacion-simple-28.png\",\"articleSection\":[\"Am\u00e9rica Latina\",\"Arte\",\"Brazil\",\"Carnaval de R\u00edo\",\"Cultura\",\"Entretenimiento\",\"Far\u00e1ndula\"],\"inLanguage\":\"en-US\",\"potentialAction\":[{\"@type\":\"CommentAction\",\"name\":\"Comment\",\"target\":[\"https:\\\/\\\/www.americanonewspaper.com\\\/es\\\/brazil\\\/el-carnaval-ya-empezo-rio-de-janeiro-se-toma-las-calles\\\/#respond\"]}]},{\"@type\":\"WebPage\",\"@id\":\"https:\\\/\\\/www.americanonewspaper.com\\\/es\\\/brazil\\\/el-carnaval-ya-empezo-rio-de-janeiro-se-toma-las-calles\\\/\",\"url\":\"https:\\\/\\\/www.americanonewspaper.com\\\/es\\\/brazil\\\/el-carnaval-ya-empezo-rio-de-janeiro-se-toma-las-calles\\\/\",\"name\":\"\u00a1EL CARNAVAL YA EMPEZ\u00d3! R\u00edo de Janeiro se toma las calles - Americano Newspaper\",\"isPartOf\":{\"@id\":\"https:\\\/\\\/www.americanonewspaper.com\\\/es\\\/#website\"},\"primaryImageOfPage\":{\"@id\":\"https:\\\/\\\/www.americanonewspaper.com\\\/es\\\/brazil\\\/el-carnaval-ya-empezo-rio-de-janeiro-se-toma-las-calles\\\/#primaryimage\"},\"image\":{\"@id\":\"https:\\\/\\\/www.americanonewspaper.com\\\/es\\\/brazil\\\/el-carnaval-ya-empezo-rio-de-janeiro-se-toma-las-calles\\\/#primaryimage\"},\"thumbnailUrl\":\"https:\\\/\\\/www.americanonewspaper.com\\\/es\\\/wp-content\\\/uploads\\\/2026\\\/01\\\/Sitio-web-de-comunicacion-interna-Novato-Negro-y-bigaro-Presentacion-simple-28.png\",\"datePublished\":\"2026-01-05T04:11:26+00:00\",\"dateModified\":\"2026-01-05T04:11:31+00:00\",\"description\":\"\u00a1R\u00cdO NO SE DETIENE! Tras el A\u00f1o Nuevo, la ciudad ya calienta motores para el Carnaval con 70 comparsas este domingo.\",\"breadcrumb\":{\"@id\":\"https:\\\/\\\/www.americanonewspaper.com\\\/es\\\/brazil\\\/el-carnaval-ya-empezo-rio-de-janeiro-se-toma-las-calles\\\/#breadcrumb\"},\"inLanguage\":\"en-US\",\"potentialAction\":[{\"@type\":\"ReadAction\",\"target\":[\"https:\\\/\\\/www.americanonewspaper.com\\\/es\\\/brazil\\\/el-carnaval-ya-empezo-rio-de-janeiro-se-toma-las-calles\\\/\"]}]},{\"@type\":\"ImageObject\",\"inLanguage\":\"en-US\",\"@id\":\"https:\\\/\\\/www.americanonewspaper.com\\\/es\\\/brazil\\\/el-carnaval-ya-empezo-rio-de-janeiro-se-toma-las-calles\\\/#primaryimage\",\"url\":\"https:\\\/\\\/www.americanonewspaper.com\\\/es\\\/wp-content\\\/uploads\\\/2026\\\/01\\\/Sitio-web-de-comunicacion-interna-Novato-Negro-y-bigaro-Presentacion-simple-28.png\",\"contentUrl\":\"https:\\\/\\\/www.americanonewspaper.com\\\/es\\\/wp-content\\\/uploads\\\/2026\\\/01\\\/Sitio-web-de-comunicacion-interna-Novato-Negro-y-bigaro-Presentacion-simple-28.png\",\"width\":1366,\"height\":886,\"caption\":\"R\u00edo de Janeiro se prepara para su fiesta m\u00e1s grande con una invasi\u00f3n de comparsas populares.\"},{\"@type\":\"BreadcrumbList\",\"@id\":\"https:\\\/\\\/www.americanonewspaper.com\\\/es\\\/brazil\\\/el-carnaval-ya-empezo-rio-de-janeiro-se-toma-las-calles\\\/#breadcrumb\",\"itemListElement\":[{\"@type\":\"ListItem\",\"position\":1,\"name\":\"Home\",\"item\":\"https:\\\/\\\/www.americanonewspaper.com\\\/es\\\/\"},{\"@type\":\"ListItem\",\"position\":2,\"name\":\"\u00a1EL CARNAVAL YA EMPEZ\u00d3! R\u00edo de Janeiro se toma las calles\"}]},{\"@type\":\"WebSite\",\"@id\":\"https:\\\/\\\/www.americanonewspaper.com\\\/es\\\/#website\",\"url\":\"https:\\\/\\\/www.americanonewspaper.com\\\/es\\\/\",\"name\":\"Americano Newspaper\",\"description\":\"The Hispanic Newspaper of New Jersey.\",\"publisher\":{\"@id\":\"https:\\\/\\\/www.americanonewspaper.com\\\/es\\\/#organization\"},\"potentialAction\":[{\"@type\":\"SearchAction\",\"target\":{\"@type\":\"EntryPoint\",\"urlTemplate\":\"https:\\\/\\\/www.americanonewspaper.com\\\/es\\\/?s={search_term_string}\"},\"query-input\":{\"@type\":\"PropertyValueSpecification\",\"valueRequired\":true,\"valueName\":\"search_term_string\"}}],\"inLanguage\":\"en-US\"},{\"@type\":\"Organization\",\"@id\":\"https:\\\/\\\/www.americanonewspaper.com\\\/es\\\/#organization\",\"name\":\"Americano Newspaper\",\"url\":\"https:\\\/\\\/www.americanonewspaper.com\\\/es\\\/\",\"logo\":{\"@type\":\"ImageObject\",\"inLanguage\":\"en-US\",\"@id\":\"https:\\\/\\\/www.americanonewspaper.com\\\/es\\\/#\\\/schema\\\/logo\\\/image\\\/\",\"url\":\"https:\\\/\\\/www.americanonewspaper.com\\\/es\\\/wp-content\\\/uploads\\\/2024\\\/05\\\/AmericanoLogoCircle.comCircle2.jpg\",\"contentUrl\":\"https:\\\/\\\/www.americanonewspaper.com\\\/es\\\/wp-content\\\/uploads\\\/2024\\\/05\\\/AmericanoLogoCircle.comCircle2.jpg\",\"width\":600,\"height\":600,\"caption\":\"Americano Newspaper\"},\"image\":{\"@id\":\"https:\\\/\\\/www.americanonewspaper.com\\\/es\\\/#\\\/schema\\\/logo\\\/image\\\/\"},\"sameAs\":[\"https:\\\/\\\/www.facebook.com\\\/AmericanoNewspaper\\\/\"]},{\"@type\":\"Person\",\"@id\":\"https:\\\/\\\/www.americanonewspaper.com\\\/es\\\/#\\\/schema\\\/person\\\/8967f6b8af7e37bcbbe61f68580ff088\",\"name\":\"Author\",\"image\":{\"@type\":\"ImageObject\",\"inLanguage\":\"en-US\",\"@id\":\"https:\\\/\\\/www.americanonewspaper.com\\\/es\\\/wp-content\\\/litespeed\\\/avatar\\\/89ffaf6af3cf6769ffb3c6efb2313947.jpg?ver=1777427547\",\"url\":\"https:\\\/\\\/www.americanonewspaper.com\\\/es\\\/wp-content\\\/litespeed\\\/avatar\\\/89ffaf6af3cf6769ffb3c6efb2313947.jpg?ver=1777427547\",\"contentUrl\":\"https:\\\/\\\/www.americanonewspaper.com\\\/es\\\/wp-content\\\/litespeed\\\/avatar\\\/89ffaf6af3cf6769ffb3c6efb2313947.jpg?ver=1777427547\",\"caption\":\"Author\"},\"url\":\"https:\\\/\\\/www.americanonewspaper.com\\\/es\\\/author\\\/americano\\\/\"}]}<\/script>\n<!-- \/ Yoast SEO Premium plugin. -->","yoast_head_json":{"title":"\u00a1EL CARNAVAL YA EMPEZ\u00d3! R\u00edo de Janeiro se toma las calles - Americano Newspaper","description":"\u00a1R\u00cdO NO SE DETIENE! Tras el A\u00f1o Nuevo, la ciudad ya calienta motores para el Carnaval con 70 comparsas este domingo.","robots":{"index":"index","follow":"follow","max-snippet":"max-snippet:-1","max-image-preview":"max-image-preview:large","max-video-preview":"max-video-preview:-1"},"canonical":"https:\/\/www.americanonewspaper.com\/es\/brazil\/el-carnaval-ya-empezo-rio-de-janeiro-se-toma-las-calles\/","og_locale":"en_US","og_type":"article","og_title":"\u00a1EL CARNAVAL YA EMPEZ\u00d3! R\u00edo de Janeiro se toma las calles","og_description":"\u00a1R\u00cdO NO SE DETIENE! Tras el A\u00f1o Nuevo, la ciudad ya calienta motores para el Carnaval con 70 comparsas este domingo.","og_url":"https:\/\/www.americanonewspaper.com\/es\/brazil\/el-carnaval-ya-empezo-rio-de-janeiro-se-toma-las-calles\/","og_site_name":"Americano Newspaper","article_publisher":"https:\/\/www.facebook.com\/AmericanoNewspaper\/","article_published_time":"2026-01-05T04:11:26+00:00","article_modified_time":"2026-01-05T04:11:31+00:00","og_image":[{"width":771,"height":500,"url":"https:\/\/www.americanonewspaper.com\/es\/wp-content\/uploads\/2026\/01\/Sitio-web-de-comunicacion-interna-Novato-Negro-y-bigaro-Presentacion-simple-28-771x500.png","type":"image\/png"}],"author":"Author","twitter_card":"summary_large_image","twitter_misc":{"Written by":"Author","Est. reading time":"4 minutes"},"schema":{"@context":"https:\/\/schema.org","@graph":[{"@type":"Article","@id":"https:\/\/www.americanonewspaper.com\/es\/brazil\/el-carnaval-ya-empezo-rio-de-janeiro-se-toma-las-calles\/#article","isPartOf":{"@id":"https:\/\/www.americanonewspaper.com\/es\/brazil\/el-carnaval-ya-empezo-rio-de-janeiro-se-toma-las-calles\/"},"author":{"name":"Author","@id":"https:\/\/www.americanonewspaper.com\/es\/#\/schema\/person\/8967f6b8af7e37bcbbe61f68580ff088"},"headline":"\u00a1EL CARNAVAL YA EMPEZ\u00d3! R\u00edo de Janeiro se toma las calles","datePublished":"2026-01-05T04:11:26+00:00","dateModified":"2026-01-05T04:11:31+00:00","mainEntityOfPage":{"@id":"https:\/\/www.americanonewspaper.com\/es\/brazil\/el-carnaval-ya-empezo-rio-de-janeiro-se-toma-las-calles\/"},"wordCount":456,"commentCount":0,"publisher":{"@id":"https:\/\/www.americanonewspaper.com\/es\/#organization"},"image":{"@id":"https:\/\/www.americanonewspaper.com\/es\/brazil\/el-carnaval-ya-empezo-rio-de-janeiro-se-toma-las-calles\/#primaryimage"},"thumbnailUrl":"https:\/\/www.americanonewspaper.com\/es\/wp-content\/uploads\/2026\/01\/Sitio-web-de-comunicacion-interna-Novato-Negro-y-bigaro-Presentacion-simple-28.png","articleSection":["Am\u00e9rica Latina","Arte","Brazil","Carnaval de R\u00edo","Cultura","Entretenimiento","Far\u00e1ndula"],"inLanguage":"en-US","potentialAction":[{"@type":"CommentAction","name":"Comment","target":["https:\/\/www.americanonewspaper.com\/es\/brazil\/el-carnaval-ya-empezo-rio-de-janeiro-se-toma-las-calles\/#respond"]}]},{"@type":"WebPage","@id":"https:\/\/www.americanonewspaper.com\/es\/brazil\/el-carnaval-ya-empezo-rio-de-janeiro-se-toma-las-calles\/","url":"https:\/\/www.americanonewspaper.com\/es\/brazil\/el-carnaval-ya-empezo-rio-de-janeiro-se-toma-las-calles\/","name":"\u00a1EL CARNAVAL YA EMPEZ\u00d3! R\u00edo de Janeiro se toma las calles - Americano Newspaper","isPartOf":{"@id":"https:\/\/www.americanonewspaper.com\/es\/#website"},"primaryImageOfPage":{"@id":"https:\/\/www.americanonewspaper.com\/es\/brazil\/el-carnaval-ya-empezo-rio-de-janeiro-se-toma-las-calles\/#primaryimage"},"image":{"@id":"https:\/\/www.americanonewspaper.com\/es\/brazil\/el-carnaval-ya-empezo-rio-de-janeiro-se-toma-las-calles\/#primaryimage"},"thumbnailUrl":"https:\/\/www.americanonewspaper.com\/es\/wp-content\/uploads\/2026\/01\/Sitio-web-de-comunicacion-interna-Novato-Negro-y-bigaro-Presentacion-simple-28.png","datePublished":"2026-01-05T04:11:26+00:00","dateModified":"2026-01-05T04:11:31+00:00","description":"\u00a1R\u00cdO NO SE DETIENE! Tras el A\u00f1o Nuevo, la ciudad ya calienta motores para el Carnaval con 70 comparsas este domingo.","breadcrumb":{"@id":"https:\/\/www.americanonewspaper.com\/es\/brazil\/el-carnaval-ya-empezo-rio-de-janeiro-se-toma-las-calles\/#breadcrumb"},"inLanguage":"en-US","potentialAction":[{"@type":"ReadAction","target":["https:\/\/www.americanonewspaper.com\/es\/brazil\/el-carnaval-ya-empezo-rio-de-janeiro-se-toma-las-calles\/"]}]},{"@type":"ImageObject","inLanguage":"en-US","@id":"https:\/\/www.americanonewspaper.com\/es\/brazil\/el-carnaval-ya-empezo-rio-de-janeiro-se-toma-las-calles\/#primaryimage","url":"https:\/\/www.americanonewspaper.com\/es\/wp-content\/uploads\/2026\/01\/Sitio-web-de-comunicacion-interna-Novato-Negro-y-bigaro-Presentacion-simple-28.png","contentUrl":"https:\/\/www.americanonewspaper.com\/es\/wp-content\/uploads\/2026\/01\/Sitio-web-de-comunicacion-interna-Novato-Negro-y-bigaro-Presentacion-simple-28.png","width":1366,"height":886,"caption":"R\u00edo de Janeiro se prepara para su fiesta m\u00e1s grande con una invasi\u00f3n de comparsas populares."},{"@type":"BreadcrumbList","@id":"https:\/\/www.americanonewspaper.com\/es\/brazil\/el-carnaval-ya-empezo-rio-de-janeiro-se-toma-las-calles\/#breadcrumb","itemListElement":[{"@type":"ListItem","position":1,"name":"Home","item":"https:\/\/www.americanonewspaper.com\/es\/"},{"@type":"ListItem","position":2,"name":"\u00a1EL CARNAVAL YA EMPEZ\u00d3! R\u00edo de Janeiro se toma las calles"}]},{"@type":"WebSite","@id":"https:\/\/www.americanonewspaper.com\/es\/#website","url":"https:\/\/www.americanonewspaper.com\/es\/","name":"Americano Newspaper","description":"The Hispanic Newspaper of New Jersey.","publisher":{"@id":"https:\/\/www.americanonewspaper.com\/es\/#organization"},"potentialAction":[{"@type":"SearchAction","target":{"@type":"EntryPoint","urlTemplate":"https:\/\/www.americanonewspaper.com\/es\/?s={search_term_string}"},"query-input":{"@type":"PropertyValueSpecification","valueRequired":true,"valueName":"search_term_string"}}],"inLanguage":"en-US"},{"@type":"Organization","@id":"https:\/\/www.americanonewspaper.com\/es\/#organization","name":"Americano Newspaper","url":"https:\/\/www.americanonewspaper.com\/es\/","logo":{"@type":"ImageObject","inLanguage":"en-US","@id":"https:\/\/www.americanonewspaper.com\/es\/#\/schema\/logo\/image\/","url":"https:\/\/www.americanonewspaper.com\/es\/wp-content\/uploads\/2024\/05\/AmericanoLogoCircle.comCircle2.jpg","contentUrl":"https:\/\/www.americanonewspaper.com\/es\/wp-content\/uploads\/2024\/05\/AmericanoLogoCircle.comCircle2.jpg","width":600,"height":600,"caption":"Americano Newspaper"},"image":{"@id":"https:\/\/www.americanonewspaper.com\/es\/#\/schema\/logo\/image\/"},"sameAs":["https:\/\/www.facebook.com\/AmericanoNewspaper\/"]},{"@type":"Person","@id":"https:\/\/www.americanonewspaper.com\/es\/#\/schema\/person\/8967f6b8af7e37bcbbe61f68580ff088","name":"Author","image":{"@type":"ImageObject","inLanguage":"en-US","@id":"https:\/\/www.americanonewspaper.com\/es\/wp-content\/litespeed\/avatar\/89ffaf6af3cf6769ffb3c6efb2313947.jpg?ver=1777427547","url":"https:\/\/www.americanonewspaper.com\/es\/wp-content\/litespeed\/avatar\/89ffaf6af3cf6769ffb3c6efb2313947.jpg?ver=1777427547","contentUrl":"https:\/\/www.americanonewspaper.com\/es\/wp-content\/litespeed\/avatar\/89ffaf6af3cf6769ffb3c6efb2313947.jpg?ver=1777427547","caption":"Author"},"url":"https:\/\/www.americanonewspaper.com\/es\/author\/americano\/"}]}},"jetpack_publicize_connections":[],"jetpack_featured_media_url":"https:\/\/www.americanonewspaper.com\/es\/wp-content\/uploads\/2026\/01\/Sitio-web-de-comunicacion-interna-Novato-Negro-y-bigaro-Presentacion-simple-28.png","featured_image_urls":{"full":["https:\/\/www.americanonewspaper.com\/es\/wp-content\/uploads\/2026\/01\/Sitio-web-de-comunicacion-interna-Novato-Negro-y-bigaro-Presentacion-simple-28.png",1366,886,false],"thumbnail":["https:\/\/www.americanonewspaper.com\/es\/wp-content\/uploads\/2026\/01\/Sitio-web-de-comunicacion-interna-Novato-Negro-y-bigaro-Presentacion-simple-28-250x250.png",250,250,true],"medium":["https:\/\/www.americanonewspaper.com\/es\/wp-content\/uploads\/2026\/01\/Sitio-web-de-comunicacion-interna-Novato-Negro-y-bigaro-Presentacion-simple-28-300x195.png",300,195,true],"medium_large":["https:\/\/www.americanonewspaper.com\/es\/wp-content\/uploads\/2026\/01\/Sitio-web-de-comunicacion-interna-Novato-Negro-y-bigaro-Presentacion-simple-28-768x498.png",696,451,true],"large":["https:\/\/www.americanonewspaper.com\/es\/wp-content\/uploads\/2026\/01\/Sitio-web-de-comunicacion-interna-Novato-Negro-y-bigaro-Presentacion-simple-28-771x500.png",696,451,true],"1536x1536":["https:\/\/www.americanonewspaper.com\/es\/wp-content\/uploads\/2026\/01\/Sitio-web-de-comunicacion-interna-Novato-Negro-y-bigaro-Presentacion-simple-28.png",1366,886,false],"2048x2048":["https:\/\/www.americanonewspaper.com\/es\/wp-content\/uploads\/2026\/01\/Sitio-web-de-comunicacion-interna-Novato-Negro-y-bigaro-Presentacion-simple-28.png",1366,886,false],"td_150x0":["https:\/\/www.americanonewspaper.com\/es\/wp-content\/uploads\/2026\/01\/Sitio-web-de-comunicacion-interna-Novato-Negro-y-bigaro-Presentacion-simple-28-150x97.png",150,97,true],"td_218x150":["https:\/\/www.americanonewspaper.com\/es\/wp-content\/uploads\/2026\/01\/Sitio-web-de-comunicacion-interna-Novato-Negro-y-bigaro-Presentacion-simple-28-218x150.png",218,150,true],"td_300x0":["https:\/\/www.americanonewspaper.com\/es\/wp-content\/uploads\/2026\/01\/Sitio-web-de-comunicacion-interna-Novato-Negro-y-bigaro-Presentacion-simple-28-300x195.png",300,195,true],"td_324x400":["https:\/\/www.americanonewspaper.com\/es\/wp-content\/uploads\/2026\/01\/Sitio-web-de-comunicacion-interna-Novato-Negro-y-bigaro-Presentacion-simple-28-324x400.png",324,400,true],"td_485x360":["https:\/\/www.americanonewspaper.com\/es\/wp-content\/uploads\/2026\/01\/Sitio-web-de-comunicacion-interna-Novato-Negro-y-bigaro-Presentacion-simple-28-485x360.png",485,360,true],"td_696x0":["https:\/\/www.americanonewspaper.com\/es\/wp-content\/uploads\/2026\/01\/Sitio-web-de-comunicacion-interna-Novato-Negro-y-bigaro-Presentacion-simple-28-696x451.png",696,451,true],"td_1068x0":["https:\/\/www.americanonewspaper.com\/es\/wp-content\/uploads\/2026\/01\/Sitio-web-de-comunicacion-interna-Novato-Negro-y-bigaro-Presentacion-simple-28-1068x693.png",1068,693,true],"td_1920x0":["https:\/\/www.americanonewspaper.com\/es\/wp-content\/uploads\/2026\/01\/Sitio-web-de-comunicacion-interna-Novato-Negro-y-bigaro-Presentacion-simple-28.png",1366,886,false],"bdpp-medium":["https:\/\/www.americanonewspaper.com\/es\/wp-content\/uploads\/2026\/01\/Sitio-web-de-comunicacion-interna-Novato-Negro-y-bigaro-Presentacion-simple-28-640x480.png",640,480,true]},"author_info":{"display_name":"Author","author_link":"https:\/\/www.americanonewspaper.com\/es\/author\/americano\/"},"category_info":"<a href=\"https:\/\/www.americanonewspaper.com\/es\/category\/america-latina\/\" rel=\"category tag\">Am\u00e9rica Latina<\/a> <a href=\"https:\/\/www.americanonewspaper.com\/es\/category\/arte\/\" rel=\"category tag\">Arte<\/a> <a href=\"https:\/\/www.americanonewspaper.com\/es\/category\/brazil\/\" rel=\"category tag\">Brazil<\/a> <a href=\"https:\/\/www.americanonewspaper.com\/es\/category\/brazil\/carnaval-de-rio\/\" rel=\"category tag\">Carnaval de R\u00edo<\/a> <a href=\"https:\/\/www.americanonewspaper.com\/es\/category\/cultura\/\" rel=\"category tag\">Cultura<\/a> <a href=\"https:\/\/www.americanonewspaper.com\/es\/category\/entretenimiento\/\" rel=\"category tag\">Entretenimiento<\/a> <a href=\"https:\/\/www.americanonewspaper.com\/es\/category\/farandula\/\" rel=\"category tag\">Far\u00e1ndula<\/a>","tag_info":"Far\u00e1ndula","comment_count":"0","jetpack_sharing_enabled":true,"jetpack_likes_enabled":true,"_links":{"self":[{"href":"https:\/\/www.americanonewspaper.com\/es\/wp-json\/wp\/v2\/posts\/30496","targetHints":{"allow":["GET"]}}],"collection":[{"href":"https:\/\/www.americanonewspaper.com\/es\/wp-json\/wp\/v2\/posts"}],"about":[{"href":"https:\/\/www.americanonewspaper.com\/es\/wp-json\/wp\/v2\/types\/post"}],"author":[{"embeddable":true,"href":"https:\/\/www.americanonewspaper.com\/es\/wp-json\/wp\/v2\/users\/7"}],"replies":[{"embeddable":true,"href":"https:\/\/www.americanonewspaper.com\/es\/wp-json\/wp\/v2\/comments?post=30496"}],"version-history":[{"count":1,"href":"https:\/\/www.americanonewspaper.com\/es\/wp-json\/wp\/v2\/posts\/30496\/revisions"}],"predecessor-version":[{"id":30500,"href":"https:\/\/www.americanonewspaper.com\/es\/wp-json\/wp\/v2\/posts\/30496\/revisions\/30500"}],"wp:featuredmedia":[{"embeddable":true,"href":"https:\/\/www.americanonewspaper.com\/es\/wp-json\/wp\/v2\/media\/30499"}],"wp:attachment":[{"href":"https:\/\/www.americanonewspaper.com\/es\/wp-json\/wp\/v2\/media?parent=30496"}],"wp:term":[{"taxonomy":"category","embeddable":true,"href":"https:\/\/www.americanonewspaper.com\/es\/wp-json\/wp\/v2\/categories?post=30496"},{"taxonomy":"post_tag","embeddable":true,"href":"https:\/\/www.americanonewspaper.com\/es\/wp-json\/wp\/v2\/tags?post=30496"}],"curies":[{"name":"wp","href":"https:\/\/api.w.org\/{rel}","templated":true}]}}