{"id":30436,"date":"2025-12-23T22:49:36","date_gmt":"2025-12-24T03:49:36","guid":{"rendered":"https:\/\/www.americanonewspaper.com\/es\/?p=30436"},"modified":"2025-12-29T09:55:28","modified_gmt":"2025-12-29T14:55:28","slug":"el-real-madrid-cede-a-endrick-al-lyon-hasta-el-final-de-la-presente-temporada","status":"publish","type":"post","link":"https:\/\/www.americanonewspaper.com\/es\/futbol-2\/el-real-madrid-cede-a-endrick-al-lyon-hasta-el-final-de-la-presente-temporada\/","title":{"rendered":"El Real Madrid cede a Endrick al Lyon hasta el final de la presente temporada"},"content":{"rendered":"\n<p>Madrid, 23 dic (EFE).<\/p>\n\n\n\n<p class=\"has-drop-cap\">El Real Madrid ha anunciado este martes la cesi\u00f3n de delantero brasile\u00f1o Endrick al Olympique de Lyon franc\u00e9s hasta el final de la presente temporada, el 30 de junio de 2026.<\/p>\n\n\n\n<figure class=\"wp-block-gallery has-nested-images columns-default is-cropped wp-block-gallery-1 is-layout-flex wp-block-gallery-is-layout-flex\">\n<figure class=\"wp-block-image size-large\"><img fetchpriority=\"high\" decoding=\"async\" width=\"800\" height=\"200\" data-id=\"30343\" src=\"https:\/\/www.americanonewspaper.com\/es\/wp-content\/uploads\/2025\/12\/ABOgadosGGL-copy-1-3-800x200.jpg\" alt=\"\" class=\"wp-image-30343\" srcset=\"https:\/\/www.americanonewspaper.com\/es\/wp-content\/uploads\/2025\/12\/ABOgadosGGL-copy-1-3-800x200.jpg 800w, https:\/\/www.americanonewspaper.com\/es\/wp-content\/uploads\/2025\/12\/ABOgadosGGL-copy-1-3-300x75.jpg 300w, https:\/\/www.americanonewspaper.com\/es\/wp-content\/uploads\/2025\/12\/ABOgadosGGL-copy-1-3-768x192.jpg 768w, https:\/\/www.americanonewspaper.com\/es\/wp-content\/uploads\/2025\/12\/ABOgadosGGL-copy-1-3-150x38.jpg 150w, https:\/\/www.americanonewspaper.com\/es\/wp-content\/uploads\/2025\/12\/ABOgadosGGL-copy-1-3-696x174.jpg 696w, https:\/\/www.americanonewspaper.com\/es\/wp-content\/uploads\/2025\/12\/ABOgadosGGL-copy-1-3-1068x267.jpg 1068w, https:\/\/www.americanonewspaper.com\/es\/wp-content\/uploads\/2025\/12\/ABOgadosGGL-copy-1-3.jpg 1200w\" sizes=\"(max-width: 800px) 100vw, 800px\" \/><\/figure>\n<\/figure>\n\n\n\n<p>As\u00ed lo anunci\u00f3 tambi\u00e9n el club galo, tanto en un comunicado, como en un v\u00eddeo compartido en sus redes sociales, en el que aparece el brasile\u00f1o por las calles de Lyon y que termina con la frase de &#8220;este a\u00f1o la navidad llega antes&#8221;.<\/p>\n\n\n\n<p>Tal y como inform\u00f3 el equipo franc\u00e9s, el delantero de 19 a\u00f1os llega hasta final de temporada en forma de cesi\u00f3n pagada de un m\u00e1ximo de 1 mill\u00f3n de euros, el equivalente a la mitad del salario del internacional brasile\u00f1o durante los seis pr\u00f3ximos meses.<\/p>\n\n\n\n<figure class=\"wp-block-image size-large is-resized\"><a href=\"https:\/\/www.nissancityspringfield.com\" target=\"_blank\" rel=\" noreferrer noopener\"><img decoding=\"async\" width=\"800\" height=\"433\" src=\"https:\/\/www.americanonewspaper.com\/es\/wp-content\/uploads\/2025\/12\/WhatsApp-Image-2025-11-17-at-9.02.13-PM-1-1-800x433.jpeg\" alt=\"\" class=\"wp-image-30289\" style=\"width:1068px;height:auto\" srcset=\"https:\/\/www.americanonewspaper.com\/es\/wp-content\/uploads\/2025\/12\/WhatsApp-Image-2025-11-17-at-9.02.13-PM-1-1-800x433.jpeg 800w, https:\/\/www.americanonewspaper.com\/es\/wp-content\/uploads\/2025\/12\/WhatsApp-Image-2025-11-17-at-9.02.13-PM-1-1-300x162.jpeg 300w, https:\/\/www.americanonewspaper.com\/es\/wp-content\/uploads\/2025\/12\/WhatsApp-Image-2025-11-17-at-9.02.13-PM-1-1-768x416.jpeg 768w, https:\/\/www.americanonewspaper.com\/es\/wp-content\/uploads\/2025\/12\/WhatsApp-Image-2025-11-17-at-9.02.13-PM-1-1-150x81.jpeg 150w, https:\/\/www.americanonewspaper.com\/es\/wp-content\/uploads\/2025\/12\/WhatsApp-Image-2025-11-17-at-9.02.13-PM-1-1-696x377.jpeg 696w, https:\/\/www.americanonewspaper.com\/es\/wp-content\/uploads\/2025\/12\/WhatsApp-Image-2025-11-17-at-9.02.13-PM-1-1.jpeg 1024w\" sizes=\"(max-width: 800px) 100vw, 800px\" \/><\/a><\/figure>\n\n\n\n<p>El exjugador del Palmeiras llevar\u00e1 el n\u00famero &#8216;9&#8217; en el Lyon, el mismo dorsal que port\u00f3 uno de los delanteros m\u00e1s emblem\u00e1ticos del club del R\u00f3dano, el tambi\u00e9n brasile\u00f1o Sonny Anderson, entre 1999 y 2003.<\/p>\n\n\n\n<p>&#8220;Su perfil ofensivo, su impacto en las zonas decisivas y su energ\u00eda son bazas importantes para acompa\u00f1ar al equipo en la segunda parte de la temporada, marcada por numerosos objetivos que alcanzar&#8221;, apunt\u00f3 el club galo en su comunicado.<\/p>\n\n\n\n<figure class=\"wp-block-gallery has-nested-images columns-default is-cropped wp-block-gallery-2 is-layout-flex wp-block-gallery-is-layout-flex\">\n<figure class=\"wp-block-image size-large\"><a href=\"https:\/\/www.paulmillertoyota.com\/?utm_source=google&amp;utm_medium=organic&amp;utm_campaign=google_my_business\" target=\"_blank\" rel=\" noreferrer noopener\"><img decoding=\"async\" width=\"800\" height=\"269\" data-id=\"30124\" src=\"https:\/\/www.americanonewspaper.com\/es\/wp-content\/uploads\/2025\/11\/WhatsApp-Image-2025-09-02-at-3.35.45-PM-8-800x269.jpeg\" alt=\"\" class=\"wp-image-30124\" srcset=\"https:\/\/www.americanonewspaper.com\/es\/wp-content\/uploads\/2025\/11\/WhatsApp-Image-2025-09-02-at-3.35.45-PM-8-800x269.jpeg 800w, https:\/\/www.americanonewspaper.com\/es\/wp-content\/uploads\/2025\/11\/WhatsApp-Image-2025-09-02-at-3.35.45-PM-8-300x101.jpeg 300w, https:\/\/www.americanonewspaper.com\/es\/wp-content\/uploads\/2025\/11\/WhatsApp-Image-2025-09-02-at-3.35.45-PM-8-768x258.jpeg 768w, https:\/\/www.americanonewspaper.com\/es\/wp-content\/uploads\/2025\/11\/WhatsApp-Image-2025-09-02-at-3.35.45-PM-8-1536x516.jpeg 1536w, https:\/\/www.americanonewspaper.com\/es\/wp-content\/uploads\/2025\/11\/WhatsApp-Image-2025-09-02-at-3.35.45-PM-8-150x50.jpeg 150w, https:\/\/www.americanonewspaper.com\/es\/wp-content\/uploads\/2025\/11\/WhatsApp-Image-2025-09-02-at-3.35.45-PM-8-696x234.jpeg 696w, https:\/\/www.americanonewspaper.com\/es\/wp-content\/uploads\/2025\/11\/WhatsApp-Image-2025-09-02-at-3.35.45-PM-8-1068x359.jpeg 1068w, https:\/\/www.americanonewspaper.com\/es\/wp-content\/uploads\/2025\/11\/WhatsApp-Image-2025-09-02-at-3.35.45-PM-8.jpeg 1600w\" sizes=\"(max-width: 800px) 100vw, 800px\" \/><\/a><\/figure>\n<\/figure>\n\n\n\n<p>Endrick se incorporar\u00e1 el 29 de diciembre con el resto de sus nuevos compa\u00f1eros, y pasar\u00e1 a estar bajo las \u00f3rdenes del portugu\u00e9s Paulo Fonseca, t\u00e9cnico de un Lyon que marcha quinto en la Ligue 1 y lidera la clasificaci\u00f3n en la Liga Europa, con cinco victorias y una sola derrota.<\/p>\n\n\n\n<p>El objetivo del joven delantero pasa por incrementar su tiempo de juego, muy escaso en el Real Madrid, para tener alguna opci\u00f3n de entrar en la lista de Carlo Ancelotti para el Mundial de Estados Unidos, M\u00e9xico y Canad\u00e1 con la selecci\u00f3n brasile\u00f1a, con la que ya ha disputado 14 partidos.<\/p>\n\n\n\n<figure class=\"wp-block-gallery has-nested-images columns-default is-cropped wp-block-gallery-3 is-layout-flex wp-block-gallery-is-layout-flex\">\n<figure class=\"wp-block-image size-large\"><a href=\"https:\/\/www.td.com\/us\/en\/small-business\" target=\"_blank\" rel=\" noreferrer noopener\"><img loading=\"lazy\" decoding=\"async\" width=\"800\" height=\"433\" data-id=\"30253\" src=\"https:\/\/www.americanonewspaper.com\/es\/wp-content\/uploads\/2025\/12\/WhatsApp-Image-2025-11-17-at-11.19.38-AM-1-800x433.jpeg\" alt=\"\" class=\"wp-image-30253\" srcset=\"https:\/\/www.americanonewspaper.com\/es\/wp-content\/uploads\/2025\/12\/WhatsApp-Image-2025-11-17-at-11.19.38-AM-1-800x433.jpeg 800w, https:\/\/www.americanonewspaper.com\/es\/wp-content\/uploads\/2025\/12\/WhatsApp-Image-2025-11-17-at-11.19.38-AM-1-300x162.jpeg 300w, https:\/\/www.americanonewspaper.com\/es\/wp-content\/uploads\/2025\/12\/WhatsApp-Image-2025-11-17-at-11.19.38-AM-1-768x416.jpeg 768w, https:\/\/www.americanonewspaper.com\/es\/wp-content\/uploads\/2025\/12\/WhatsApp-Image-2025-11-17-at-11.19.38-AM-1-150x81.jpeg 150w, https:\/\/www.americanonewspaper.com\/es\/wp-content\/uploads\/2025\/12\/WhatsApp-Image-2025-11-17-at-11.19.38-AM-1-696x377.jpeg 696w, https:\/\/www.americanonewspaper.com\/es\/wp-content\/uploads\/2025\/12\/WhatsApp-Image-2025-11-17-at-11.19.38-AM-1.jpeg 1024w\" sizes=\"(max-width: 800px) 100vw, 800px\" \/><\/a><\/figure>\n<\/figure>\n\n\n\n<p>Durante su estancia en el <a href=\"https:\/\/www.americanonewspaper.com\/es\/europe\/kylian-mbappe-igualar-a-cristiano-es-el-mejor-regalo-de-mi-vida\/\" target=\"_blank\" rel=\"noreferrer noopener\">Real Madrid<\/a> el a\u00f1o pasado, particip\u00f3 en 37 partidos, jug\u00f3 848 minutos y anot\u00f3 7 goles, cinco de ellos en la Copa del Rey, en la que fue determinante para que el Real Madrid llegara a la final.<\/p>\n\n\n\n<p>Este a\u00f1o, como queda demostrado con los 99 minutos entre todas las competiciones oficiales repartidos en tres partidos (solo uno como titular), apenas entraba en los planes de Xabi Alonso, ya que estaba en sus preferencias por detr\u00e1s del resto de delanteros, incluido el canterano Gonzalo Garc\u00eda.<\/p>\n\n\n\n<figure class=\"wp-block-gallery has-nested-images columns-default is-cropped wp-block-gallery-4 is-layout-flex wp-block-gallery-is-layout-flex\">\n<figure class=\"wp-block-image size-large\"><a href=\"https:\/\/www.nj.gov\/health\/vacunas\/\" target=\"_blank\" rel=\" noreferrer noopener\"><img loading=\"lazy\" decoding=\"async\" width=\"800\" height=\"367\" data-id=\"30252\" src=\"https:\/\/www.americanonewspaper.com\/es\/wp-content\/uploads\/2025\/12\/WhatsApp-Image-2025-11-17-at-11.08.35-AM-800x367.jpeg\" alt=\"\" class=\"wp-image-30252\" srcset=\"https:\/\/www.americanonewspaper.com\/es\/wp-content\/uploads\/2025\/12\/WhatsApp-Image-2025-11-17-at-11.08.35-AM-800x367.jpeg 800w, https:\/\/www.americanonewspaper.com\/es\/wp-content\/uploads\/2025\/12\/WhatsApp-Image-2025-11-17-at-11.08.35-AM-300x138.jpeg 300w, https:\/\/www.americanonewspaper.com\/es\/wp-content\/uploads\/2025\/12\/WhatsApp-Image-2025-11-17-at-11.08.35-AM-768x352.jpeg 768w, https:\/\/www.americanonewspaper.com\/es\/wp-content\/uploads\/2025\/12\/WhatsApp-Image-2025-11-17-at-11.08.35-AM-150x69.jpeg 150w, https:\/\/www.americanonewspaper.com\/es\/wp-content\/uploads\/2025\/12\/WhatsApp-Image-2025-11-17-at-11.08.35-AM-696x319.jpeg 696w, https:\/\/www.americanonewspaper.com\/es\/wp-content\/uploads\/2025\/12\/WhatsApp-Image-2025-11-17-at-11.08.35-AM-1068x490.jpeg 1068w, https:\/\/www.americanonewspaper.com\/es\/wp-content\/uploads\/2025\/12\/WhatsApp-Image-2025-11-17-at-11.08.35-AM.jpeg 1200w\" sizes=\"(max-width: 800px) 100vw, 800px\" \/><\/a><\/figure>\n<\/figure>\n","protected":false},"excerpt":{"rendered":"<p>Madrid, 23 dic (EFE). El Real Madrid ha anunciado este martes la cesi\u00f3n de delantero brasile\u00f1o Endrick al Olympique de Lyon franc\u00e9s hasta el final de la presente temporada, el 30 de junio de 2026. As\u00ed lo anunci\u00f3 tambi\u00e9n el club galo, tanto en un comunicado, como en un v\u00eddeo compartido en sus redes sociales, [&hellip;]<\/p>\n","protected":false},"author":14,"featured_media":30437,"comment_status":"open","ping_status":"open","sticky":false,"template":"","format":"standard","meta":{"_acf_changed":false,"tdm_status":"","tdm_grid_status":"","_jetpack_memberships_contains_paid_content":false,"footnotes":"","jetpack_publicize_message":"","jetpack_publicize_feature_enabled":true,"jetpack_social_post_already_shared":true,"jetpack_social_options":{"image_generator_settings":{"template":"highway","default_image_id":0,"font":"","enabled":false},"version":2},"_wpas_customize_per_network":false},"categories":[1516,608,787],"tags":[],"class_list":{"0":"post-30436","1":"post","2":"type-post","3":"status-publish","4":"format-standard","5":"has-post-thumbnail","7":"category-endrick","8":"category-futbol-2","9":"category-real-madrid"},"acf":[],"yoast_head":"<!-- This site is optimized with the Yoast SEO Premium plugin v27.5 (Yoast SEO v27.5) - https:\/\/yoast.com\/product\/yoast-seo-premium-wordpress\/ -->\n<title>El Real Madrid cede a Endrick al Lyon hasta el final de la presente temporada - Americano Newspaper<\/title>\n<meta name=\"description\" content=\"El Real Madrid ha anunciado este martes la cesi\u00f3n de delantero brasile\u00f1o Endrick al Olympique de Lyon franc\u00e9s hasta el final de la presente temporada, el 30 de junio de 2026.\" \/>\n<meta name=\"robots\" content=\"index, follow, max-snippet:-1, max-image-preview:large, max-video-preview:-1\" \/>\n<link rel=\"canonical\" href=\"https:\/\/www.americanonewspaper.com\/es\/futbol-2\/el-real-madrid-cede-a-endrick-al-lyon-hasta-el-final-de-la-presente-temporada\/\" \/>\n<meta property=\"og:locale\" content=\"en_US\" \/>\n<meta property=\"og:type\" content=\"article\" \/>\n<meta property=\"og:title\" content=\"El Real Madrid cede a Endrick al Lyon hasta el final de la presente temporada\" \/>\n<meta property=\"og:description\" content=\"El Real Madrid ha anunciado este martes la cesi\u00f3n de delantero brasile\u00f1o Endrick al Olympique de Lyon franc\u00e9s hasta el final de la presente temporada, el 30 de junio de 2026.\" \/>\n<meta property=\"og:url\" content=\"https:\/\/www.americanonewspaper.com\/es\/futbol-2\/el-real-madrid-cede-a-endrick-al-lyon-hasta-el-final-de-la-presente-temporada\/\" \/>\n<meta property=\"og:site_name\" content=\"Americano Newspaper\" \/>\n<meta property=\"article:publisher\" content=\"https:\/\/www.facebook.com\/AmericanoNewspaper\/\" \/>\n<meta property=\"article:published_time\" content=\"2025-12-24T03:49:36+00:00\" \/>\n<meta property=\"article:modified_time\" content=\"2025-12-29T14:55:28+00:00\" \/>\n<meta property=\"og:image\" content=\"https:\/\/www.americanonewspaper.com\/es\/wp-content\/uploads\/2025\/12\/cf8c844c150ad4ee350adf0b286cbd044472bf7eminiw.jpg\" \/>\n\t<meta property=\"og:image:width\" content=\"900\" \/>\n\t<meta property=\"og:image:height\" content=\"599\" \/>\n\t<meta property=\"og:image:type\" content=\"image\/jpeg\" \/>\n<meta name=\"author\" content=\"Harmony Quintana\" \/>\n<meta name=\"twitter:card\" content=\"summary_large_image\" \/>\n<meta name=\"twitter:label1\" content=\"Written by\" \/>\n\t<meta name=\"twitter:data1\" content=\"Harmony Quintana\" \/>\n\t<meta name=\"twitter:label2\" content=\"Est. reading time\" \/>\n\t<meta name=\"twitter:data2\" content=\"3 minutes\" \/>\n<script type=\"application\/ld+json\" class=\"yoast-schema-graph\">{\"@context\":\"https:\\\/\\\/schema.org\",\"@graph\":[{\"@type\":\"Article\",\"@id\":\"https:\\\/\\\/www.americanonewspaper.com\\\/es\\\/futbol-2\\\/el-real-madrid-cede-a-endrick-al-lyon-hasta-el-final-de-la-presente-temporada\\\/#article\",\"isPartOf\":{\"@id\":\"https:\\\/\\\/www.americanonewspaper.com\\\/es\\\/futbol-2\\\/el-real-madrid-cede-a-endrick-al-lyon-hasta-el-final-de-la-presente-temporada\\\/\"},\"author\":{\"name\":\"Harmony Quintana\",\"@id\":\"https:\\\/\\\/www.americanonewspaper.com\\\/es\\\/#\\\/schema\\\/person\\\/82c7c1ac5e9a005b627b6c7db5361c90\"},\"headline\":\"El Real Madrid cede a Endrick al Lyon hasta el final de la presente temporada\",\"datePublished\":\"2025-12-24T03:49:36+00:00\",\"dateModified\":\"2025-12-29T14:55:28+00:00\",\"mainEntityOfPage\":{\"@id\":\"https:\\\/\\\/www.americanonewspaper.com\\\/es\\\/futbol-2\\\/el-real-madrid-cede-a-endrick-al-lyon-hasta-el-final-de-la-presente-temporada\\\/\"},\"wordCount\":424,\"commentCount\":0,\"publisher\":{\"@id\":\"https:\\\/\\\/www.americanonewspaper.com\\\/es\\\/#organization\"},\"image\":{\"@id\":\"https:\\\/\\\/www.americanonewspaper.com\\\/es\\\/futbol-2\\\/el-real-madrid-cede-a-endrick-al-lyon-hasta-el-final-de-la-presente-temporada\\\/#primaryimage\"},\"thumbnailUrl\":\"https:\\\/\\\/www.americanonewspaper.com\\\/es\\\/wp-content\\\/uploads\\\/2025\\\/12\\\/cf8c844c150ad4ee350adf0b286cbd044472bf7eminiw.jpg\",\"articleSection\":[\"Endrick\",\"F\u00fatbol\",\"Real Madrid\"],\"inLanguage\":\"en-US\",\"potentialAction\":[{\"@type\":\"CommentAction\",\"name\":\"Comment\",\"target\":[\"https:\\\/\\\/www.americanonewspaper.com\\\/es\\\/futbol-2\\\/el-real-madrid-cede-a-endrick-al-lyon-hasta-el-final-de-la-presente-temporada\\\/#respond\"]}]},{\"@type\":\"WebPage\",\"@id\":\"https:\\\/\\\/www.americanonewspaper.com\\\/es\\\/futbol-2\\\/el-real-madrid-cede-a-endrick-al-lyon-hasta-el-final-de-la-presente-temporada\\\/\",\"url\":\"https:\\\/\\\/www.americanonewspaper.com\\\/es\\\/futbol-2\\\/el-real-madrid-cede-a-endrick-al-lyon-hasta-el-final-de-la-presente-temporada\\\/\",\"name\":\"El Real Madrid cede a Endrick al Lyon hasta el final de la presente temporada - Americano Newspaper\",\"isPartOf\":{\"@id\":\"https:\\\/\\\/www.americanonewspaper.com\\\/es\\\/#website\"},\"primaryImageOfPage\":{\"@id\":\"https:\\\/\\\/www.americanonewspaper.com\\\/es\\\/futbol-2\\\/el-real-madrid-cede-a-endrick-al-lyon-hasta-el-final-de-la-presente-temporada\\\/#primaryimage\"},\"image\":{\"@id\":\"https:\\\/\\\/www.americanonewspaper.com\\\/es\\\/futbol-2\\\/el-real-madrid-cede-a-endrick-al-lyon-hasta-el-final-de-la-presente-temporada\\\/#primaryimage\"},\"thumbnailUrl\":\"https:\\\/\\\/www.americanonewspaper.com\\\/es\\\/wp-content\\\/uploads\\\/2025\\\/12\\\/cf8c844c150ad4ee350adf0b286cbd044472bf7eminiw.jpg\",\"datePublished\":\"2025-12-24T03:49:36+00:00\",\"dateModified\":\"2025-12-29T14:55:28+00:00\",\"description\":\"El Real Madrid ha anunciado este martes la cesi\u00f3n de delantero brasile\u00f1o Endrick al Olympique de Lyon franc\u00e9s hasta el final de la presente temporada, el 30 de junio de 2026.\",\"breadcrumb\":{\"@id\":\"https:\\\/\\\/www.americanonewspaper.com\\\/es\\\/futbol-2\\\/el-real-madrid-cede-a-endrick-al-lyon-hasta-el-final-de-la-presente-temporada\\\/#breadcrumb\"},\"inLanguage\":\"en-US\",\"potentialAction\":[{\"@type\":\"ReadAction\",\"target\":[\"https:\\\/\\\/www.americanonewspaper.com\\\/es\\\/futbol-2\\\/el-real-madrid-cede-a-endrick-al-lyon-hasta-el-final-de-la-presente-temporada\\\/\"]}]},{\"@type\":\"ImageObject\",\"inLanguage\":\"en-US\",\"@id\":\"https:\\\/\\\/www.americanonewspaper.com\\\/es\\\/futbol-2\\\/el-real-madrid-cede-a-endrick-al-lyon-hasta-el-final-de-la-presente-temporada\\\/#primaryimage\",\"url\":\"https:\\\/\\\/www.americanonewspaper.com\\\/es\\\/wp-content\\\/uploads\\\/2025\\\/12\\\/cf8c844c150ad4ee350adf0b286cbd044472bf7eminiw.jpg\",\"contentUrl\":\"https:\\\/\\\/www.americanonewspaper.com\\\/es\\\/wp-content\\\/uploads\\\/2025\\\/12\\\/cf8c844c150ad4ee350adf0b286cbd044472bf7eminiw.jpg\",\"width\":900,\"height\":599,\"caption\":\"El delantero brasile\u00f1o del Real Madrid, Endrick, en foto de archivo. Mariscal.\"},{\"@type\":\"BreadcrumbList\",\"@id\":\"https:\\\/\\\/www.americanonewspaper.com\\\/es\\\/futbol-2\\\/el-real-madrid-cede-a-endrick-al-lyon-hasta-el-final-de-la-presente-temporada\\\/#breadcrumb\",\"itemListElement\":[{\"@type\":\"ListItem\",\"position\":1,\"name\":\"Home\",\"item\":\"https:\\\/\\\/www.americanonewspaper.com\\\/es\\\/\"},{\"@type\":\"ListItem\",\"position\":2,\"name\":\"El Real Madrid cede a Endrick al Lyon hasta el final de la presente temporada\"}]},{\"@type\":\"WebSite\",\"@id\":\"https:\\\/\\\/www.americanonewspaper.com\\\/es\\\/#website\",\"url\":\"https:\\\/\\\/www.americanonewspaper.com\\\/es\\\/\",\"name\":\"Americano Newspaper\",\"description\":\"The Hispanic Newspaper of New Jersey.\",\"publisher\":{\"@id\":\"https:\\\/\\\/www.americanonewspaper.com\\\/es\\\/#organization\"},\"potentialAction\":[{\"@type\":\"SearchAction\",\"target\":{\"@type\":\"EntryPoint\",\"urlTemplate\":\"https:\\\/\\\/www.americanonewspaper.com\\\/es\\\/?s={search_term_string}\"},\"query-input\":{\"@type\":\"PropertyValueSpecification\",\"valueRequired\":true,\"valueName\":\"search_term_string\"}}],\"inLanguage\":\"en-US\"},{\"@type\":\"Organization\",\"@id\":\"https:\\\/\\\/www.americanonewspaper.com\\\/es\\\/#organization\",\"name\":\"Americano Newspaper\",\"url\":\"https:\\\/\\\/www.americanonewspaper.com\\\/es\\\/\",\"logo\":{\"@type\":\"ImageObject\",\"inLanguage\":\"en-US\",\"@id\":\"https:\\\/\\\/www.americanonewspaper.com\\\/es\\\/#\\\/schema\\\/logo\\\/image\\\/\",\"url\":\"https:\\\/\\\/www.americanonewspaper.com\\\/es\\\/wp-content\\\/uploads\\\/2024\\\/05\\\/AmericanoLogoCircle.comCircle2.jpg\",\"contentUrl\":\"https:\\\/\\\/www.americanonewspaper.com\\\/es\\\/wp-content\\\/uploads\\\/2024\\\/05\\\/AmericanoLogoCircle.comCircle2.jpg\",\"width\":600,\"height\":600,\"caption\":\"Americano Newspaper\"},\"image\":{\"@id\":\"https:\\\/\\\/www.americanonewspaper.com\\\/es\\\/#\\\/schema\\\/logo\\\/image\\\/\"},\"sameAs\":[\"https:\\\/\\\/www.facebook.com\\\/AmericanoNewspaper\\\/\"]},{\"@type\":\"Person\",\"@id\":\"https:\\\/\\\/www.americanonewspaper.com\\\/es\\\/#\\\/schema\\\/person\\\/82c7c1ac5e9a005b627b6c7db5361c90\",\"name\":\"Harmony Quintana\",\"image\":{\"@type\":\"ImageObject\",\"inLanguage\":\"en-US\",\"@id\":\"https:\\\/\\\/www.americanonewspaper.com\\\/es\\\/wp-content\\\/litespeed\\\/avatar\\\/656e5d40e40a67e90b0fee2acae8a764.jpg?ver=1777427866\",\"url\":\"https:\\\/\\\/www.americanonewspaper.com\\\/es\\\/wp-content\\\/litespeed\\\/avatar\\\/656e5d40e40a67e90b0fee2acae8a764.jpg?ver=1777427866\",\"contentUrl\":\"https:\\\/\\\/www.americanonewspaper.com\\\/es\\\/wp-content\\\/litespeed\\\/avatar\\\/656e5d40e40a67e90b0fee2acae8a764.jpg?ver=1777427866\",\"caption\":\"Harmony Quintana\"},\"sameAs\":[\"http:\\\/\\\/www.americanonewspaper.com\"],\"url\":\"https:\\\/\\\/www.americanonewspaper.com\\\/es\\\/author\\\/harmony\\\/\"}]}<\/script>\n<!-- \/ Yoast SEO Premium plugin. -->","yoast_head_json":{"title":"El Real Madrid cede a Endrick al Lyon hasta el final de la presente temporada - Americano Newspaper","description":"El Real Madrid ha anunciado este martes la cesi\u00f3n de delantero brasile\u00f1o Endrick al Olympique de Lyon franc\u00e9s hasta el final de la presente temporada, el 30 de junio de 2026.","robots":{"index":"index","follow":"follow","max-snippet":"max-snippet:-1","max-image-preview":"max-image-preview:large","max-video-preview":"max-video-preview:-1"},"canonical":"https:\/\/www.americanonewspaper.com\/es\/futbol-2\/el-real-madrid-cede-a-endrick-al-lyon-hasta-el-final-de-la-presente-temporada\/","og_locale":"en_US","og_type":"article","og_title":"El Real Madrid cede a Endrick al Lyon hasta el final de la presente temporada","og_description":"El Real Madrid ha anunciado este martes la cesi\u00f3n de delantero brasile\u00f1o Endrick al Olympique de Lyon franc\u00e9s hasta el final de la presente temporada, el 30 de junio de 2026.","og_url":"https:\/\/www.americanonewspaper.com\/es\/futbol-2\/el-real-madrid-cede-a-endrick-al-lyon-hasta-el-final-de-la-presente-temporada\/","og_site_name":"Americano Newspaper","article_publisher":"https:\/\/www.facebook.com\/AmericanoNewspaper\/","article_published_time":"2025-12-24T03:49:36+00:00","article_modified_time":"2025-12-29T14:55:28+00:00","og_image":[{"width":900,"height":599,"url":"https:\/\/www.americanonewspaper.com\/es\/wp-content\/uploads\/2025\/12\/cf8c844c150ad4ee350adf0b286cbd044472bf7eminiw.jpg","type":"image\/jpeg"}],"author":"Harmony Quintana","twitter_card":"summary_large_image","twitter_misc":{"Written by":"Harmony Quintana","Est. reading time":"3 minutes"},"schema":{"@context":"https:\/\/schema.org","@graph":[{"@type":"Article","@id":"https:\/\/www.americanonewspaper.com\/es\/futbol-2\/el-real-madrid-cede-a-endrick-al-lyon-hasta-el-final-de-la-presente-temporada\/#article","isPartOf":{"@id":"https:\/\/www.americanonewspaper.com\/es\/futbol-2\/el-real-madrid-cede-a-endrick-al-lyon-hasta-el-final-de-la-presente-temporada\/"},"author":{"name":"Harmony Quintana","@id":"https:\/\/www.americanonewspaper.com\/es\/#\/schema\/person\/82c7c1ac5e9a005b627b6c7db5361c90"},"headline":"El Real Madrid cede a Endrick al Lyon hasta el final de la presente temporada","datePublished":"2025-12-24T03:49:36+00:00","dateModified":"2025-12-29T14:55:28+00:00","mainEntityOfPage":{"@id":"https:\/\/www.americanonewspaper.com\/es\/futbol-2\/el-real-madrid-cede-a-endrick-al-lyon-hasta-el-final-de-la-presente-temporada\/"},"wordCount":424,"commentCount":0,"publisher":{"@id":"https:\/\/www.americanonewspaper.com\/es\/#organization"},"image":{"@id":"https:\/\/www.americanonewspaper.com\/es\/futbol-2\/el-real-madrid-cede-a-endrick-al-lyon-hasta-el-final-de-la-presente-temporada\/#primaryimage"},"thumbnailUrl":"https:\/\/www.americanonewspaper.com\/es\/wp-content\/uploads\/2025\/12\/cf8c844c150ad4ee350adf0b286cbd044472bf7eminiw.jpg","articleSection":["Endrick","F\u00fatbol","Real Madrid"],"inLanguage":"en-US","potentialAction":[{"@type":"CommentAction","name":"Comment","target":["https:\/\/www.americanonewspaper.com\/es\/futbol-2\/el-real-madrid-cede-a-endrick-al-lyon-hasta-el-final-de-la-presente-temporada\/#respond"]}]},{"@type":"WebPage","@id":"https:\/\/www.americanonewspaper.com\/es\/futbol-2\/el-real-madrid-cede-a-endrick-al-lyon-hasta-el-final-de-la-presente-temporada\/","url":"https:\/\/www.americanonewspaper.com\/es\/futbol-2\/el-real-madrid-cede-a-endrick-al-lyon-hasta-el-final-de-la-presente-temporada\/","name":"El Real Madrid cede a Endrick al Lyon hasta el final de la presente temporada - Americano Newspaper","isPartOf":{"@id":"https:\/\/www.americanonewspaper.com\/es\/#website"},"primaryImageOfPage":{"@id":"https:\/\/www.americanonewspaper.com\/es\/futbol-2\/el-real-madrid-cede-a-endrick-al-lyon-hasta-el-final-de-la-presente-temporada\/#primaryimage"},"image":{"@id":"https:\/\/www.americanonewspaper.com\/es\/futbol-2\/el-real-madrid-cede-a-endrick-al-lyon-hasta-el-final-de-la-presente-temporada\/#primaryimage"},"thumbnailUrl":"https:\/\/www.americanonewspaper.com\/es\/wp-content\/uploads\/2025\/12\/cf8c844c150ad4ee350adf0b286cbd044472bf7eminiw.jpg","datePublished":"2025-12-24T03:49:36+00:00","dateModified":"2025-12-29T14:55:28+00:00","description":"El Real Madrid ha anunciado este martes la cesi\u00f3n de delantero brasile\u00f1o Endrick al Olympique de Lyon franc\u00e9s hasta el final de la presente temporada, el 30 de junio de 2026.","breadcrumb":{"@id":"https:\/\/www.americanonewspaper.com\/es\/futbol-2\/el-real-madrid-cede-a-endrick-al-lyon-hasta-el-final-de-la-presente-temporada\/#breadcrumb"},"inLanguage":"en-US","potentialAction":[{"@type":"ReadAction","target":["https:\/\/www.americanonewspaper.com\/es\/futbol-2\/el-real-madrid-cede-a-endrick-al-lyon-hasta-el-final-de-la-presente-temporada\/"]}]},{"@type":"ImageObject","inLanguage":"en-US","@id":"https:\/\/www.americanonewspaper.com\/es\/futbol-2\/el-real-madrid-cede-a-endrick-al-lyon-hasta-el-final-de-la-presente-temporada\/#primaryimage","url":"https:\/\/www.americanonewspaper.com\/es\/wp-content\/uploads\/2025\/12\/cf8c844c150ad4ee350adf0b286cbd044472bf7eminiw.jpg","contentUrl":"https:\/\/www.americanonewspaper.com\/es\/wp-content\/uploads\/2025\/12\/cf8c844c150ad4ee350adf0b286cbd044472bf7eminiw.jpg","width":900,"height":599,"caption":"El delantero brasile\u00f1o del Real Madrid, Endrick, en foto de archivo. Mariscal."},{"@type":"BreadcrumbList","@id":"https:\/\/www.americanonewspaper.com\/es\/futbol-2\/el-real-madrid-cede-a-endrick-al-lyon-hasta-el-final-de-la-presente-temporada\/#breadcrumb","itemListElement":[{"@type":"ListItem","position":1,"name":"Home","item":"https:\/\/www.americanonewspaper.com\/es\/"},{"@type":"ListItem","position":2,"name":"El Real Madrid cede a Endrick al Lyon hasta el final de la presente temporada"}]},{"@type":"WebSite","@id":"https:\/\/www.americanonewspaper.com\/es\/#website","url":"https:\/\/www.americanonewspaper.com\/es\/","name":"Americano Newspaper","description":"The Hispanic Newspaper of New Jersey.","publisher":{"@id":"https:\/\/www.americanonewspaper.com\/es\/#organization"},"potentialAction":[{"@type":"SearchAction","target":{"@type":"EntryPoint","urlTemplate":"https:\/\/www.americanonewspaper.com\/es\/?s={search_term_string}"},"query-input":{"@type":"PropertyValueSpecification","valueRequired":true,"valueName":"search_term_string"}}],"inLanguage":"en-US"},{"@type":"Organization","@id":"https:\/\/www.americanonewspaper.com\/es\/#organization","name":"Americano Newspaper","url":"https:\/\/www.americanonewspaper.com\/es\/","logo":{"@type":"ImageObject","inLanguage":"en-US","@id":"https:\/\/www.americanonewspaper.com\/es\/#\/schema\/logo\/image\/","url":"https:\/\/www.americanonewspaper.com\/es\/wp-content\/uploads\/2024\/05\/AmericanoLogoCircle.comCircle2.jpg","contentUrl":"https:\/\/www.americanonewspaper.com\/es\/wp-content\/uploads\/2024\/05\/AmericanoLogoCircle.comCircle2.jpg","width":600,"height":600,"caption":"Americano Newspaper"},"image":{"@id":"https:\/\/www.americanonewspaper.com\/es\/#\/schema\/logo\/image\/"},"sameAs":["https:\/\/www.facebook.com\/AmericanoNewspaper\/"]},{"@type":"Person","@id":"https:\/\/www.americanonewspaper.com\/es\/#\/schema\/person\/82c7c1ac5e9a005b627b6c7db5361c90","name":"Harmony Quintana","image":{"@type":"ImageObject","inLanguage":"en-US","@id":"https:\/\/www.americanonewspaper.com\/es\/wp-content\/litespeed\/avatar\/656e5d40e40a67e90b0fee2acae8a764.jpg?ver=1777427866","url":"https:\/\/www.americanonewspaper.com\/es\/wp-content\/litespeed\/avatar\/656e5d40e40a67e90b0fee2acae8a764.jpg?ver=1777427866","contentUrl":"https:\/\/www.americanonewspaper.com\/es\/wp-content\/litespeed\/avatar\/656e5d40e40a67e90b0fee2acae8a764.jpg?ver=1777427866","caption":"Harmony Quintana"},"sameAs":["http:\/\/www.americanonewspaper.com"],"url":"https:\/\/www.americanonewspaper.com\/es\/author\/harmony\/"}]}},"jetpack_publicize_connections":[],"jetpack_featured_media_url":"https:\/\/www.americanonewspaper.com\/es\/wp-content\/uploads\/2025\/12\/cf8c844c150ad4ee350adf0b286cbd044472bf7eminiw.jpg","featured_image_urls":{"full":["https:\/\/www.americanonewspaper.com\/es\/wp-content\/uploads\/2025\/12\/cf8c844c150ad4ee350adf0b286cbd044472bf7eminiw.jpg",900,599,false],"thumbnail":["https:\/\/www.americanonewspaper.com\/es\/wp-content\/uploads\/2025\/12\/cf8c844c150ad4ee350adf0b286cbd044472bf7eminiw-250x250.jpg",250,250,true],"medium":["https:\/\/www.americanonewspaper.com\/es\/wp-content\/uploads\/2025\/12\/cf8c844c150ad4ee350adf0b286cbd044472bf7eminiw-300x200.jpg",300,200,true],"medium_large":["https:\/\/www.americanonewspaper.com\/es\/wp-content\/uploads\/2025\/12\/cf8c844c150ad4ee350adf0b286cbd044472bf7eminiw-768x511.jpg",696,463,true],"large":["https:\/\/www.americanonewspaper.com\/es\/wp-content\/uploads\/2025\/12\/cf8c844c150ad4ee350adf0b286cbd044472bf7eminiw-751x500.jpg",696,463,true],"1536x1536":["https:\/\/www.americanonewspaper.com\/es\/wp-content\/uploads\/2025\/12\/cf8c844c150ad4ee350adf0b286cbd044472bf7eminiw.jpg",900,599,false],"2048x2048":["https:\/\/www.americanonewspaper.com\/es\/wp-content\/uploads\/2025\/12\/cf8c844c150ad4ee350adf0b286cbd044472bf7eminiw.jpg",900,599,false],"td_150x0":["https:\/\/www.americanonewspaper.com\/es\/wp-content\/uploads\/2025\/12\/cf8c844c150ad4ee350adf0b286cbd044472bf7eminiw-150x100.jpg",150,100,true],"td_218x150":["https:\/\/www.americanonewspaper.com\/es\/wp-content\/uploads\/2025\/12\/cf8c844c150ad4ee350adf0b286cbd044472bf7eminiw-218x150.jpg",218,150,true],"td_300x0":["https:\/\/www.americanonewspaper.com\/es\/wp-content\/uploads\/2025\/12\/cf8c844c150ad4ee350adf0b286cbd044472bf7eminiw-300x200.jpg",300,200,true],"td_324x400":["https:\/\/www.americanonewspaper.com\/es\/wp-content\/uploads\/2025\/12\/cf8c844c150ad4ee350adf0b286cbd044472bf7eminiw-324x400.jpg",324,400,true],"td_485x360":["https:\/\/www.americanonewspaper.com\/es\/wp-content\/uploads\/2025\/12\/cf8c844c150ad4ee350adf0b286cbd044472bf7eminiw-485x360.jpg",485,360,true],"td_696x0":["https:\/\/www.americanonewspaper.com\/es\/wp-content\/uploads\/2025\/12\/cf8c844c150ad4ee350adf0b286cbd044472bf7eminiw-696x463.jpg",696,463,true],"td_1068x0":["https:\/\/www.americanonewspaper.com\/es\/wp-content\/uploads\/2025\/12\/cf8c844c150ad4ee350adf0b286cbd044472bf7eminiw.jpg",900,599,false],"td_1920x0":["https:\/\/www.americanonewspaper.com\/es\/wp-content\/uploads\/2025\/12\/cf8c844c150ad4ee350adf0b286cbd044472bf7eminiw.jpg",900,599,false],"bdpp-medium":["https:\/\/www.americanonewspaper.com\/es\/wp-content\/uploads\/2025\/12\/cf8c844c150ad4ee350adf0b286cbd044472bf7eminiw-640x480.jpg",640,480,true]},"author_info":{"display_name":"Harmony Quintana","author_link":"https:\/\/www.americanonewspaper.com\/es\/author\/harmony\/"},"category_info":"<a href=\"https:\/\/www.americanonewspaper.com\/es\/category\/endrick\/\" rel=\"category tag\">Endrick<\/a> <a href=\"https:\/\/www.americanonewspaper.com\/es\/category\/futbol-2\/\" rel=\"category tag\">F\u00fatbol<\/a> <a href=\"https:\/\/www.americanonewspaper.com\/es\/category\/real-madrid\/\" rel=\"category tag\">Real Madrid<\/a>","tag_info":"Real Madrid","comment_count":"0","jetpack_sharing_enabled":true,"jetpack_likes_enabled":true,"_links":{"self":[{"href":"https:\/\/www.americanonewspaper.com\/es\/wp-json\/wp\/v2\/posts\/30436","targetHints":{"allow":["GET"]}}],"collection":[{"href":"https:\/\/www.americanonewspaper.com\/es\/wp-json\/wp\/v2\/posts"}],"about":[{"href":"https:\/\/www.americanonewspaper.com\/es\/wp-json\/wp\/v2\/types\/post"}],"author":[{"embeddable":true,"href":"https:\/\/www.americanonewspaper.com\/es\/wp-json\/wp\/v2\/users\/14"}],"replies":[{"embeddable":true,"href":"https:\/\/www.americanonewspaper.com\/es\/wp-json\/wp\/v2\/comments?post=30436"}],"version-history":[{"count":2,"href":"https:\/\/www.americanonewspaper.com\/es\/wp-json\/wp\/v2\/posts\/30436\/revisions"}],"predecessor-version":[{"id":30468,"href":"https:\/\/www.americanonewspaper.com\/es\/wp-json\/wp\/v2\/posts\/30436\/revisions\/30468"}],"wp:featuredmedia":[{"embeddable":true,"href":"https:\/\/www.americanonewspaper.com\/es\/wp-json\/wp\/v2\/media\/30437"}],"wp:attachment":[{"href":"https:\/\/www.americanonewspaper.com\/es\/wp-json\/wp\/v2\/media?parent=30436"}],"wp:term":[{"taxonomy":"category","embeddable":true,"href":"https:\/\/www.americanonewspaper.com\/es\/wp-json\/wp\/v2\/categories?post=30436"},{"taxonomy":"post_tag","embeddable":true,"href":"https:\/\/www.americanonewspaper.com\/es\/wp-json\/wp\/v2\/tags?post=30436"}],"curies":[{"name":"wp","href":"https:\/\/api.w.org\/{rel}","templated":true}]}}