{"id":30371,"date":"2025-12-16T14:27:26","date_gmt":"2025-12-16T19:27:26","guid":{"rendered":"https:\/\/www.americanonewspaper.com\/es\/?p=30371"},"modified":"2025-12-17T15:32:53","modified_gmt":"2025-12-17T20:32:53","slug":"el-disfraz-de-neymar-el-astro-brasileno-se-oculta-en-nueva-york-con-un-look-que-nadie-se-esperaba","status":"publish","type":"post","link":"https:\/\/www.americanonewspaper.com\/es\/new-york\/el-disfraz-de-neymar-el-astro-brasileno-se-oculta-en-nueva-york-con-un-look-que-nadie-se-esperaba\/","title":{"rendered":"\u201dEL DISFRAZ DE NEYMAR EN NEW YORK&#8221;"},"content":{"rendered":"\n<p class=\"dropcapp3\">El artillero brasile\u00f1o&nbsp;Neymar&nbsp;se encuentra siendo el centro de la noticia tras burlar a sus fan\u00e1ticos para poder pasar desapercibido en las calles de&nbsp;Nueva York.<\/p>\n\n\n\n<p>El delantero del Santos us\u00f3 un ins\u00f3lito disfraz para poder caminar por las calles de Nueva York sin ser reconocido. \u2018Ney\u2019&nbsp;pas\u00f3 de incognito en su recorrido por el&nbsp;Times Square&nbsp;y el&nbsp;Rockerfeller Center&nbsp;en&nbsp;Nueva York.<\/p>\n\n\n<div class=\"wp-block-image\">\n<figure class=\"aligncenter size-large is-resized\"><img fetchpriority=\"high\" decoding=\"async\" width=\"800\" height=\"200\" src=\"https:\/\/www.americanonewspaper.com\/es\/wp-content\/uploads\/2025\/12\/ABOgadosGGL-copy-1-3-800x200.jpg\" alt=\"\" class=\"wp-image-30343\" style=\"width:1068px;height:auto\" srcset=\"https:\/\/www.americanonewspaper.com\/es\/wp-content\/uploads\/2025\/12\/ABOgadosGGL-copy-1-3-800x200.jpg 800w, https:\/\/www.americanonewspaper.com\/es\/wp-content\/uploads\/2025\/12\/ABOgadosGGL-copy-1-3-300x75.jpg 300w, https:\/\/www.americanonewspaper.com\/es\/wp-content\/uploads\/2025\/12\/ABOgadosGGL-copy-1-3-768x192.jpg 768w, https:\/\/www.americanonewspaper.com\/es\/wp-content\/uploads\/2025\/12\/ABOgadosGGL-copy-1-3-150x38.jpg 150w, https:\/\/www.americanonewspaper.com\/es\/wp-content\/uploads\/2025\/12\/ABOgadosGGL-copy-1-3-696x174.jpg 696w, https:\/\/www.americanonewspaper.com\/es\/wp-content\/uploads\/2025\/12\/ABOgadosGGL-copy-1-3-1068x267.jpg 1068w, https:\/\/www.americanonewspaper.com\/es\/wp-content\/uploads\/2025\/12\/ABOgadosGGL-copy-1-3.jpg 1200w\" sizes=\"(max-width: 800px) 100vw, 800px\" \/><\/figure>\n<\/div>\n\n\n<p>El futbolista us\u00f3 un pasamonta\u00f1as morando con blanco junto con una extravagante y enorme chaqueta rosada con blanco de la marca Louis Vuitton. Este ins\u00f3lito disfraz le permiti\u00f3 caminar de manera tranquila, sin ser reconocido, junto a su pareja&nbsp;Bruna Biancardi&nbsp;y su amigo&nbsp;Cris Guedes. Guendes&nbsp;document\u00f3 el momento y public\u00f3 el video con la descripci\u00f3n:&nbsp;\u201cMisi\u00f3n: que Neymar pase desapercibido\u201d.<\/p>\n\n\n<div class=\"wp-block-image\">\n<figure class=\"aligncenter size-large is-resized\"><a href=\"https:\/\/www.nissancityspringfield.com\/\" target=\"_blank\" rel=\" noreferrer noopener\"><img decoding=\"async\" width=\"800\" height=\"433\" src=\"https:\/\/www.americanonewspaper.com\/es\/wp-content\/uploads\/2025\/12\/WhatsApp-Image-2025-11-17-at-9.02.13-PM-1-1-800x433.jpeg\" alt=\"\" class=\"wp-image-30289\" style=\"width:1068px;height:auto\" srcset=\"https:\/\/www.americanonewspaper.com\/es\/wp-content\/uploads\/2025\/12\/WhatsApp-Image-2025-11-17-at-9.02.13-PM-1-1-800x433.jpeg 800w, https:\/\/www.americanonewspaper.com\/es\/wp-content\/uploads\/2025\/12\/WhatsApp-Image-2025-11-17-at-9.02.13-PM-1-1-300x162.jpeg 300w, https:\/\/www.americanonewspaper.com\/es\/wp-content\/uploads\/2025\/12\/WhatsApp-Image-2025-11-17-at-9.02.13-PM-1-1-768x416.jpeg 768w, https:\/\/www.americanonewspaper.com\/es\/wp-content\/uploads\/2025\/12\/WhatsApp-Image-2025-11-17-at-9.02.13-PM-1-1-150x81.jpeg 150w, https:\/\/www.americanonewspaper.com\/es\/wp-content\/uploads\/2025\/12\/WhatsApp-Image-2025-11-17-at-9.02.13-PM-1-1-696x377.jpeg 696w, https:\/\/www.americanonewspaper.com\/es\/wp-content\/uploads\/2025\/12\/WhatsApp-Image-2025-11-17-at-9.02.13-PM-1-1.jpeg 1024w\" sizes=\"(max-width: 800px) 100vw, 800px\" \/><\/a><\/figure>\n<\/div>\n\n\n<p>En el video se ve a&nbsp;Neymar&nbsp;caminar por la calle mientras su amigo le pregunta:&nbsp;\u201cNadie reconoci\u00f3 al hombre \u00bfC\u00f3mo es ser una persona normal?\u201d.El exartillero del&nbsp;Barcelona&nbsp;y&nbsp;PSG&nbsp;respondi\u00f3 entre risas:&nbsp;\u201cNo creo que tenga un aspecto muy normal\u201d.<\/p>\n\n\n\n<p>Tras esto, el jugador se baja un momento el pasamonta\u00f1as para poder disfrutar de un helado mientras se queja del calor que siente en la cara.Algunos usuarios se han re\u00eddo de la haza\u00f1a del futbolista, mientras que otros afirman que el brasile\u00f1o es reconocible hasta con su ins\u00f3lito disfraz.<\/p>\n\n\n<div class=\"wp-block-image\">\n<figure class=\"aligncenter size-large is-resized\"><a href=\"https:\/\/www.nj.gov\/health\/vacunas\/\" target=\"_blank\" rel=\" noreferrer noopener\"><img decoding=\"async\" width=\"800\" height=\"367\" src=\"https:\/\/www.americanonewspaper.com\/es\/wp-content\/uploads\/2025\/12\/WhatsApp-Image-2025-11-17-at-11.08.35-AM-800x367.jpeg\" alt=\"\" class=\"wp-image-30252\" style=\"width:1068px;height:auto\" srcset=\"https:\/\/www.americanonewspaper.com\/es\/wp-content\/uploads\/2025\/12\/WhatsApp-Image-2025-11-17-at-11.08.35-AM-800x367.jpeg 800w, https:\/\/www.americanonewspaper.com\/es\/wp-content\/uploads\/2025\/12\/WhatsApp-Image-2025-11-17-at-11.08.35-AM-300x138.jpeg 300w, https:\/\/www.americanonewspaper.com\/es\/wp-content\/uploads\/2025\/12\/WhatsApp-Image-2025-11-17-at-11.08.35-AM-768x352.jpeg 768w, https:\/\/www.americanonewspaper.com\/es\/wp-content\/uploads\/2025\/12\/WhatsApp-Image-2025-11-17-at-11.08.35-AM-150x69.jpeg 150w, https:\/\/www.americanonewspaper.com\/es\/wp-content\/uploads\/2025\/12\/WhatsApp-Image-2025-11-17-at-11.08.35-AM-696x319.jpeg 696w, https:\/\/www.americanonewspaper.com\/es\/wp-content\/uploads\/2025\/12\/WhatsApp-Image-2025-11-17-at-11.08.35-AM-1068x490.jpeg 1068w, https:\/\/www.americanonewspaper.com\/es\/wp-content\/uploads\/2025\/12\/WhatsApp-Image-2025-11-17-at-11.08.35-AM.jpeg 1200w\" sizes=\"(max-width: 800px) 100vw, 800px\" \/><\/a><\/figure>\n<\/div>\n\n\n<p>\u201cImposible no reconocerlo\u201d, \u201c\u00a1Modo vacaciones activado!\u201d, \u201cNeymar es incre\u00edble\u201d, \u201cA \u00e9l le encanta el tiempo libre\u201d, \u201cNeymar est\u00e1 entre los 3 brasile\u00f1os m\u00e1s populares de la historia\u201d,&nbsp;son algunos de los comentarios.<\/p>\n\n\n<div class=\"wp-block-image\">\n<figure class=\"aligncenter size-large is-resized\"><a href=\"https:\/\/www.td.com\/us\/en\/small-business\" target=\"_blank\" rel=\" noreferrer noopener\"><img loading=\"lazy\" decoding=\"async\" width=\"800\" height=\"433\" src=\"https:\/\/www.americanonewspaper.com\/es\/wp-content\/uploads\/2025\/12\/WhatsApp-Image-2025-11-17-at-11.19.38-AM-1-800x433.jpeg\" alt=\"\" class=\"wp-image-30253\" style=\"width:1068px;height:auto\" srcset=\"https:\/\/www.americanonewspaper.com\/es\/wp-content\/uploads\/2025\/12\/WhatsApp-Image-2025-11-17-at-11.19.38-AM-1-800x433.jpeg 800w, https:\/\/www.americanonewspaper.com\/es\/wp-content\/uploads\/2025\/12\/WhatsApp-Image-2025-11-17-at-11.19.38-AM-1-300x162.jpeg 300w, https:\/\/www.americanonewspaper.com\/es\/wp-content\/uploads\/2025\/12\/WhatsApp-Image-2025-11-17-at-11.19.38-AM-1-768x416.jpeg 768w, https:\/\/www.americanonewspaper.com\/es\/wp-content\/uploads\/2025\/12\/WhatsApp-Image-2025-11-17-at-11.19.38-AM-1-150x81.jpeg 150w, https:\/\/www.americanonewspaper.com\/es\/wp-content\/uploads\/2025\/12\/WhatsApp-Image-2025-11-17-at-11.19.38-AM-1-696x377.jpeg 696w, https:\/\/www.americanonewspaper.com\/es\/wp-content\/uploads\/2025\/12\/WhatsApp-Image-2025-11-17-at-11.19.38-AM-1.jpeg 1024w\" sizes=\"(max-width: 800px) 100vw, 800px\" \/><\/a><\/figure>\n<\/div>\n\n\n<p>Esto se da en medio del respir\u00f3 que tuvo&nbsp;Neymar&nbsp;luego de que el&nbsp;Santos&nbsp;se salvara del descenso y asegurara su clasificaci\u00f3n a la&nbsp;Copa Sudamericana&nbsp;de&nbsp;2026. Pero tambi\u00e9n se da en medio de la inc\u00f3gnita por la cirug\u00eda que tiene pendiente de meniscos en la rodilla izquierda. La operaci\u00f3n estar\u00eda prevista para la pr\u00f3xima semana, lo que le dar\u00eda tiempo para ser convocado e ir al&nbsp;Mundial&nbsp;con la selecci\u00f3n de&nbsp;Brasil.<\/p>\n\n\n<div class=\"wp-block-image\">\n<figure class=\"aligncenter size-large is-resized\"><a href=\"https:\/\/www.linkedin.com\/in\/oscaralbertoquintana\/\" target=\"_blank\" rel=\" noreferrer noopener\"><img loading=\"lazy\" decoding=\"async\" width=\"800\" height=\"87\" src=\"https:\/\/www.americanonewspaper.com\/es\/wp-content\/uploads\/2025\/12\/espanol-800x87.jpeg\" alt=\"\" class=\"wp-image-30297\" style=\"width:1068px;height:auto\" srcset=\"https:\/\/www.americanonewspaper.com\/es\/wp-content\/uploads\/2025\/12\/espanol-800x87.jpeg 800w, https:\/\/www.americanonewspaper.com\/es\/wp-content\/uploads\/2025\/12\/espanol-300x33.jpeg 300w, https:\/\/www.americanonewspaper.com\/es\/wp-content\/uploads\/2025\/12\/espanol-768x83.jpeg 768w, https:\/\/www.americanonewspaper.com\/es\/wp-content\/uploads\/2025\/12\/espanol-150x16.jpeg 150w, https:\/\/www.americanonewspaper.com\/es\/wp-content\/uploads\/2025\/12\/espanol-696x75.jpeg 696w, https:\/\/www.americanonewspaper.com\/es\/wp-content\/uploads\/2025\/12\/espanol.jpeg 1024w\" sizes=\"(max-width: 800px) 100vw, 800px\" \/><\/a><\/figure>\n<\/div>\n\n\n<p><a href=\"https:\/\/tayakan.com\/\" target=\"_blank\" rel=\"noreferrer noopener\">Tayakan.com<\/a> Y <a href=\"https:\/\/www.facebook.com\/AmericanoNewspaper\/\">Americanonewspaper <\/a><\/p>\n\n\n<div class=\"wp-block-image\">\n<figure class=\"aligncenter size-large is-resized\"><a href=\"https:\/\/www.generac.com\/home-standby-generators\/campaigns\/install\/?cid=C-00000130&amp;mb_campaign=41421&amp;mb_source=21RL&amp;mb_tx_id=6785381&amp;mb_tx_id=6785381\" target=\"_blank\" rel=\" noreferrer noopener\"><img loading=\"lazy\" decoding=\"async\" width=\"800\" height=\"372\" src=\"https:\/\/www.americanonewspaper.com\/es\/wp-content\/uploads\/2025\/12\/Screenshot-2025-11-02-at-4.00.00-PM-800x372.png\" alt=\"\" class=\"wp-image-30225\" style=\"width:1068px;height:auto\" srcset=\"https:\/\/www.americanonewspaper.com\/es\/wp-content\/uploads\/2025\/12\/Screenshot-2025-11-02-at-4.00.00-PM-800x372.png 800w, https:\/\/www.americanonewspaper.com\/es\/wp-content\/uploads\/2025\/12\/Screenshot-2025-11-02-at-4.00.00-PM-300x139.png 300w, https:\/\/www.americanonewspaper.com\/es\/wp-content\/uploads\/2025\/12\/Screenshot-2025-11-02-at-4.00.00-PM-768x357.png 768w, https:\/\/www.americanonewspaper.com\/es\/wp-content\/uploads\/2025\/12\/Screenshot-2025-11-02-at-4.00.00-PM-1536x714.png 1536w, https:\/\/www.americanonewspaper.com\/es\/wp-content\/uploads\/2025\/12\/Screenshot-2025-11-02-at-4.00.00-PM-150x70.png 150w, https:\/\/www.americanonewspaper.com\/es\/wp-content\/uploads\/2025\/12\/Screenshot-2025-11-02-at-4.00.00-PM-696x323.png 696w, https:\/\/www.americanonewspaper.com\/es\/wp-content\/uploads\/2025\/12\/Screenshot-2025-11-02-at-4.00.00-PM-1068x496.png 1068w, https:\/\/www.americanonewspaper.com\/es\/wp-content\/uploads\/2025\/12\/Screenshot-2025-11-02-at-4.00.00-PM.png 1610w\" sizes=\"(max-width: 800px) 100vw, 800px\" \/><\/a><\/figure>\n<\/div>","protected":false},"excerpt":{"rendered":"<p>El artillero brasile\u00f1o&nbsp;Neymar&nbsp;se encuentra siendo el centro de la noticia tras burlar a sus fan\u00e1ticos para poder pasar desapercibido en las calles de&nbsp;Nueva York. El delantero del Santos us\u00f3 un ins\u00f3lito disfraz para poder caminar por las calles de Nueva York sin ser reconocido. \u2018Ney\u2019&nbsp;pas\u00f3 de incognito en su recorrido por el&nbsp;Times Square&nbsp;y el&nbsp;Rockerfeller Center&nbsp;en&nbsp;Nueva [&hellip;]<\/p>\n","protected":false},"author":7,"featured_media":30372,"comment_status":"open","ping_status":"open","sticky":false,"template":"","format":"standard","meta":{"_acf_changed":false,"tdm_status":"","tdm_grid_status":"","_jetpack_memberships_contains_paid_content":false,"footnotes":"","jetpack_publicize_message":"","jetpack_publicize_feature_enabled":true,"jetpack_social_post_already_shared":true,"jetpack_social_options":{"image_generator_settings":{"template":"highway","default_image_id":0,"font":"","enabled":false},"version":2},"_wpas_customize_per_network":false},"categories":[1509,247,1508],"tags":[],"class_list":{"0":"post-30371","1":"post","2":"type-post","3":"status-publish","4":"format-standard","5":"has-post-thumbnail","7":"category-disfraz-de-neymar","8":"category-new-york","9":"category-neymar"},"acf":[],"yoast_head":"<!-- This site is optimized with the Yoast SEO Premium plugin v27.5 (Yoast SEO v27.5) - https:\/\/yoast.com\/product\/yoast-seo-premium-wordpress\/ -->\n<title>\u201dEL DISFRAZ DE NEYMAR EN NEW YORK&quot; - Americano Newspaper<\/title>\n<meta name=\"description\" content=\"Neymar intenta ocultarse en Nueva York con un disfraz que termin\u00f3 llamando m\u00e1s la atenci\u00f3n.\" \/>\n<meta name=\"robots\" content=\"index, follow, max-snippet:-1, max-image-preview:large, max-video-preview:-1\" \/>\n<link rel=\"canonical\" href=\"https:\/\/www.americanonewspaper.com\/es\/new-york\/el-disfraz-de-neymar-el-astro-brasileno-se-oculta-en-nueva-york-con-un-look-que-nadie-se-esperaba\/\" \/>\n<meta property=\"og:locale\" content=\"en_US\" \/>\n<meta property=\"og:type\" content=\"article\" \/>\n<meta property=\"og:title\" content=\"\u201dEL DISFRAZ DE NEYMAR EN NEW YORK&quot;\" \/>\n<meta property=\"og:description\" content=\"Neymar intenta ocultarse en Nueva York con un disfraz que termin\u00f3 llamando m\u00e1s la atenci\u00f3n.\" \/>\n<meta property=\"og:url\" content=\"https:\/\/www.americanonewspaper.com\/es\/new-york\/el-disfraz-de-neymar-el-astro-brasileno-se-oculta-en-nueva-york-con-un-look-que-nadie-se-esperaba\/\" \/>\n<meta property=\"og:site_name\" content=\"Americano Newspaper\" \/>\n<meta property=\"article:publisher\" content=\"https:\/\/www.facebook.com\/AmericanoNewspaper\/\" \/>\n<meta property=\"article:published_time\" content=\"2025-12-16T19:27:26+00:00\" \/>\n<meta property=\"article:modified_time\" content=\"2025-12-17T20:32:53+00:00\" \/>\n<meta property=\"og:image\" content=\"https:\/\/www.americanonewspaper.com\/es\/wp-content\/uploads\/2025\/12\/Sitio-web-de-comunicacion-interna-Novato-Negro-y-bigaro-Presentacion-simple-12.jpg\" \/>\n\t<meta property=\"og:image:width\" content=\"1366\" \/>\n\t<meta property=\"og:image:height\" content=\"886\" \/>\n\t<meta property=\"og:image:type\" content=\"image\/jpeg\" \/>\n<meta name=\"author\" content=\"Author\" \/>\n<meta name=\"twitter:card\" content=\"summary_large_image\" \/>\n<meta name=\"twitter:label1\" content=\"Written by\" \/>\n\t<meta name=\"twitter:data1\" content=\"Author\" \/>\n\t<meta name=\"twitter:label2\" content=\"Est. reading time\" \/>\n\t<meta name=\"twitter:data2\" content=\"3 minutes\" \/>\n<script type=\"application\/ld+json\" class=\"yoast-schema-graph\">{\"@context\":\"https:\\\/\\\/schema.org\",\"@graph\":[{\"@type\":\"Article\",\"@id\":\"https:\\\/\\\/www.americanonewspaper.com\\\/es\\\/new-york\\\/el-disfraz-de-neymar-el-astro-brasileno-se-oculta-en-nueva-york-con-un-look-que-nadie-se-esperaba\\\/#article\",\"isPartOf\":{\"@id\":\"https:\\\/\\\/www.americanonewspaper.com\\\/es\\\/new-york\\\/el-disfraz-de-neymar-el-astro-brasileno-se-oculta-en-nueva-york-con-un-look-que-nadie-se-esperaba\\\/\"},\"author\":{\"name\":\"Author\",\"@id\":\"https:\\\/\\\/www.americanonewspaper.com\\\/es\\\/#\\\/schema\\\/person\\\/8967f6b8af7e37bcbbe61f68580ff088\"},\"headline\":\"\u201dEL DISFRAZ DE NEYMAR EN NEW YORK&#8221;\",\"datePublished\":\"2025-12-16T19:27:26+00:00\",\"dateModified\":\"2025-12-17T20:32:53+00:00\",\"mainEntityOfPage\":{\"@id\":\"https:\\\/\\\/www.americanonewspaper.com\\\/es\\\/new-york\\\/el-disfraz-de-neymar-el-astro-brasileno-se-oculta-en-nueva-york-con-un-look-que-nadie-se-esperaba\\\/\"},\"wordCount\":394,\"commentCount\":0,\"publisher\":{\"@id\":\"https:\\\/\\\/www.americanonewspaper.com\\\/es\\\/#organization\"},\"image\":{\"@id\":\"https:\\\/\\\/www.americanonewspaper.com\\\/es\\\/new-york\\\/el-disfraz-de-neymar-el-astro-brasileno-se-oculta-en-nueva-york-con-un-look-que-nadie-se-esperaba\\\/#primaryimage\"},\"thumbnailUrl\":\"https:\\\/\\\/www.americanonewspaper.com\\\/es\\\/wp-content\\\/uploads\\\/2025\\\/12\\\/Sitio-web-de-comunicacion-interna-Novato-Negro-y-bigaro-Presentacion-simple-12.jpg\",\"articleSection\":[\"Disfraz de Neymar\",\"New York\",\"Neymar\"],\"inLanguage\":\"en-US\",\"potentialAction\":[{\"@type\":\"CommentAction\",\"name\":\"Comment\",\"target\":[\"https:\\\/\\\/www.americanonewspaper.com\\\/es\\\/new-york\\\/el-disfraz-de-neymar-el-astro-brasileno-se-oculta-en-nueva-york-con-un-look-que-nadie-se-esperaba\\\/#respond\"]}]},{\"@type\":\"WebPage\",\"@id\":\"https:\\\/\\\/www.americanonewspaper.com\\\/es\\\/new-york\\\/el-disfraz-de-neymar-el-astro-brasileno-se-oculta-en-nueva-york-con-un-look-que-nadie-se-esperaba\\\/\",\"url\":\"https:\\\/\\\/www.americanonewspaper.com\\\/es\\\/new-york\\\/el-disfraz-de-neymar-el-astro-brasileno-se-oculta-en-nueva-york-con-un-look-que-nadie-se-esperaba\\\/\",\"name\":\"\u201dEL DISFRAZ DE NEYMAR EN NEW YORK\\\" - Americano Newspaper\",\"isPartOf\":{\"@id\":\"https:\\\/\\\/www.americanonewspaper.com\\\/es\\\/#website\"},\"primaryImageOfPage\":{\"@id\":\"https:\\\/\\\/www.americanonewspaper.com\\\/es\\\/new-york\\\/el-disfraz-de-neymar-el-astro-brasileno-se-oculta-en-nueva-york-con-un-look-que-nadie-se-esperaba\\\/#primaryimage\"},\"image\":{\"@id\":\"https:\\\/\\\/www.americanonewspaper.com\\\/es\\\/new-york\\\/el-disfraz-de-neymar-el-astro-brasileno-se-oculta-en-nueva-york-con-un-look-que-nadie-se-esperaba\\\/#primaryimage\"},\"thumbnailUrl\":\"https:\\\/\\\/www.americanonewspaper.com\\\/es\\\/wp-content\\\/uploads\\\/2025\\\/12\\\/Sitio-web-de-comunicacion-interna-Novato-Negro-y-bigaro-Presentacion-simple-12.jpg\",\"datePublished\":\"2025-12-16T19:27:26+00:00\",\"dateModified\":\"2025-12-17T20:32:53+00:00\",\"description\":\"Neymar intenta ocultarse en Nueva York con un disfraz que termin\u00f3 llamando m\u00e1s la atenci\u00f3n.\",\"breadcrumb\":{\"@id\":\"https:\\\/\\\/www.americanonewspaper.com\\\/es\\\/new-york\\\/el-disfraz-de-neymar-el-astro-brasileno-se-oculta-en-nueva-york-con-un-look-que-nadie-se-esperaba\\\/#breadcrumb\"},\"inLanguage\":\"en-US\",\"potentialAction\":[{\"@type\":\"ReadAction\",\"target\":[\"https:\\\/\\\/www.americanonewspaper.com\\\/es\\\/new-york\\\/el-disfraz-de-neymar-el-astro-brasileno-se-oculta-en-nueva-york-con-un-look-que-nadie-se-esperaba\\\/\"]}]},{\"@type\":\"ImageObject\",\"inLanguage\":\"en-US\",\"@id\":\"https:\\\/\\\/www.americanonewspaper.com\\\/es\\\/new-york\\\/el-disfraz-de-neymar-el-astro-brasileno-se-oculta-en-nueva-york-con-un-look-que-nadie-se-esperaba\\\/#primaryimage\",\"url\":\"https:\\\/\\\/www.americanonewspaper.com\\\/es\\\/wp-content\\\/uploads\\\/2025\\\/12\\\/Sitio-web-de-comunicacion-interna-Novato-Negro-y-bigaro-Presentacion-simple-12.jpg\",\"contentUrl\":\"https:\\\/\\\/www.americanonewspaper.com\\\/es\\\/wp-content\\\/uploads\\\/2025\\\/12\\\/Sitio-web-de-comunicacion-interna-Novato-Negro-y-bigaro-Presentacion-simple-12.jpg\",\"width\":1366,\"height\":886,\"caption\":\"\\\"NO CREO QUE ME VEA NORMAL\\\": Neymar intenta ocultarse en Nueva York con un disfraz que termin\u00f3 llamando m\u00e1s la atenci\u00f3n.\"},{\"@type\":\"BreadcrumbList\",\"@id\":\"https:\\\/\\\/www.americanonewspaper.com\\\/es\\\/new-york\\\/el-disfraz-de-neymar-el-astro-brasileno-se-oculta-en-nueva-york-con-un-look-que-nadie-se-esperaba\\\/#breadcrumb\",\"itemListElement\":[{\"@type\":\"ListItem\",\"position\":1,\"name\":\"Home\",\"item\":\"https:\\\/\\\/www.americanonewspaper.com\\\/es\\\/\"},{\"@type\":\"ListItem\",\"position\":2,\"name\":\"\u201dEL DISFRAZ DE NEYMAR EN NEW YORK&#8221;\"}]},{\"@type\":\"WebSite\",\"@id\":\"https:\\\/\\\/www.americanonewspaper.com\\\/es\\\/#website\",\"url\":\"https:\\\/\\\/www.americanonewspaper.com\\\/es\\\/\",\"name\":\"Americano Newspaper\",\"description\":\"The Hispanic Newspaper of New Jersey.\",\"publisher\":{\"@id\":\"https:\\\/\\\/www.americanonewspaper.com\\\/es\\\/#organization\"},\"potentialAction\":[{\"@type\":\"SearchAction\",\"target\":{\"@type\":\"EntryPoint\",\"urlTemplate\":\"https:\\\/\\\/www.americanonewspaper.com\\\/es\\\/?s={search_term_string}\"},\"query-input\":{\"@type\":\"PropertyValueSpecification\",\"valueRequired\":true,\"valueName\":\"search_term_string\"}}],\"inLanguage\":\"en-US\"},{\"@type\":\"Organization\",\"@id\":\"https:\\\/\\\/www.americanonewspaper.com\\\/es\\\/#organization\",\"name\":\"Americano Newspaper\",\"url\":\"https:\\\/\\\/www.americanonewspaper.com\\\/es\\\/\",\"logo\":{\"@type\":\"ImageObject\",\"inLanguage\":\"en-US\",\"@id\":\"https:\\\/\\\/www.americanonewspaper.com\\\/es\\\/#\\\/schema\\\/logo\\\/image\\\/\",\"url\":\"https:\\\/\\\/www.americanonewspaper.com\\\/es\\\/wp-content\\\/uploads\\\/2024\\\/05\\\/AmericanoLogoCircle.comCircle2.jpg\",\"contentUrl\":\"https:\\\/\\\/www.americanonewspaper.com\\\/es\\\/wp-content\\\/uploads\\\/2024\\\/05\\\/AmericanoLogoCircle.comCircle2.jpg\",\"width\":600,\"height\":600,\"caption\":\"Americano Newspaper\"},\"image\":{\"@id\":\"https:\\\/\\\/www.americanonewspaper.com\\\/es\\\/#\\\/schema\\\/logo\\\/image\\\/\"},\"sameAs\":[\"https:\\\/\\\/www.facebook.com\\\/AmericanoNewspaper\\\/\"]},{\"@type\":\"Person\",\"@id\":\"https:\\\/\\\/www.americanonewspaper.com\\\/es\\\/#\\\/schema\\\/person\\\/8967f6b8af7e37bcbbe61f68580ff088\",\"name\":\"Author\",\"image\":{\"@type\":\"ImageObject\",\"inLanguage\":\"en-US\",\"@id\":\"https:\\\/\\\/www.americanonewspaper.com\\\/es\\\/wp-content\\\/litespeed\\\/avatar\\\/89ffaf6af3cf6769ffb3c6efb2313947.jpg?ver=1777427547\",\"url\":\"https:\\\/\\\/www.americanonewspaper.com\\\/es\\\/wp-content\\\/litespeed\\\/avatar\\\/89ffaf6af3cf6769ffb3c6efb2313947.jpg?ver=1777427547\",\"contentUrl\":\"https:\\\/\\\/www.americanonewspaper.com\\\/es\\\/wp-content\\\/litespeed\\\/avatar\\\/89ffaf6af3cf6769ffb3c6efb2313947.jpg?ver=1777427547\",\"caption\":\"Author\"},\"url\":\"https:\\\/\\\/www.americanonewspaper.com\\\/es\\\/author\\\/americano\\\/\"}]}<\/script>\n<!-- \/ Yoast SEO Premium plugin. -->","yoast_head_json":{"title":"\u201dEL DISFRAZ DE NEYMAR EN NEW YORK\" - Americano Newspaper","description":"Neymar intenta ocultarse en Nueva York con un disfraz que termin\u00f3 llamando m\u00e1s la atenci\u00f3n.","robots":{"index":"index","follow":"follow","max-snippet":"max-snippet:-1","max-image-preview":"max-image-preview:large","max-video-preview":"max-video-preview:-1"},"canonical":"https:\/\/www.americanonewspaper.com\/es\/new-york\/el-disfraz-de-neymar-el-astro-brasileno-se-oculta-en-nueva-york-con-un-look-que-nadie-se-esperaba\/","og_locale":"en_US","og_type":"article","og_title":"\u201dEL DISFRAZ DE NEYMAR EN NEW YORK\"","og_description":"Neymar intenta ocultarse en Nueva York con un disfraz que termin\u00f3 llamando m\u00e1s la atenci\u00f3n.","og_url":"https:\/\/www.americanonewspaper.com\/es\/new-york\/el-disfraz-de-neymar-el-astro-brasileno-se-oculta-en-nueva-york-con-un-look-que-nadie-se-esperaba\/","og_site_name":"Americano Newspaper","article_publisher":"https:\/\/www.facebook.com\/AmericanoNewspaper\/","article_published_time":"2025-12-16T19:27:26+00:00","article_modified_time":"2025-12-17T20:32:53+00:00","og_image":[{"width":1366,"height":886,"url":"https:\/\/www.americanonewspaper.com\/es\/wp-content\/uploads\/2025\/12\/Sitio-web-de-comunicacion-interna-Novato-Negro-y-bigaro-Presentacion-simple-12.jpg","type":"image\/jpeg"}],"author":"Author","twitter_card":"summary_large_image","twitter_misc":{"Written by":"Author","Est. reading time":"3 minutes"},"schema":{"@context":"https:\/\/schema.org","@graph":[{"@type":"Article","@id":"https:\/\/www.americanonewspaper.com\/es\/new-york\/el-disfraz-de-neymar-el-astro-brasileno-se-oculta-en-nueva-york-con-un-look-que-nadie-se-esperaba\/#article","isPartOf":{"@id":"https:\/\/www.americanonewspaper.com\/es\/new-york\/el-disfraz-de-neymar-el-astro-brasileno-se-oculta-en-nueva-york-con-un-look-que-nadie-se-esperaba\/"},"author":{"name":"Author","@id":"https:\/\/www.americanonewspaper.com\/es\/#\/schema\/person\/8967f6b8af7e37bcbbe61f68580ff088"},"headline":"\u201dEL DISFRAZ DE NEYMAR EN NEW YORK&#8221;","datePublished":"2025-12-16T19:27:26+00:00","dateModified":"2025-12-17T20:32:53+00:00","mainEntityOfPage":{"@id":"https:\/\/www.americanonewspaper.com\/es\/new-york\/el-disfraz-de-neymar-el-astro-brasileno-se-oculta-en-nueva-york-con-un-look-que-nadie-se-esperaba\/"},"wordCount":394,"commentCount":0,"publisher":{"@id":"https:\/\/www.americanonewspaper.com\/es\/#organization"},"image":{"@id":"https:\/\/www.americanonewspaper.com\/es\/new-york\/el-disfraz-de-neymar-el-astro-brasileno-se-oculta-en-nueva-york-con-un-look-que-nadie-se-esperaba\/#primaryimage"},"thumbnailUrl":"https:\/\/www.americanonewspaper.com\/es\/wp-content\/uploads\/2025\/12\/Sitio-web-de-comunicacion-interna-Novato-Negro-y-bigaro-Presentacion-simple-12.jpg","articleSection":["Disfraz de Neymar","New York","Neymar"],"inLanguage":"en-US","potentialAction":[{"@type":"CommentAction","name":"Comment","target":["https:\/\/www.americanonewspaper.com\/es\/new-york\/el-disfraz-de-neymar-el-astro-brasileno-se-oculta-en-nueva-york-con-un-look-que-nadie-se-esperaba\/#respond"]}]},{"@type":"WebPage","@id":"https:\/\/www.americanonewspaper.com\/es\/new-york\/el-disfraz-de-neymar-el-astro-brasileno-se-oculta-en-nueva-york-con-un-look-que-nadie-se-esperaba\/","url":"https:\/\/www.americanonewspaper.com\/es\/new-york\/el-disfraz-de-neymar-el-astro-brasileno-se-oculta-en-nueva-york-con-un-look-que-nadie-se-esperaba\/","name":"\u201dEL DISFRAZ DE NEYMAR EN NEW YORK\" - Americano Newspaper","isPartOf":{"@id":"https:\/\/www.americanonewspaper.com\/es\/#website"},"primaryImageOfPage":{"@id":"https:\/\/www.americanonewspaper.com\/es\/new-york\/el-disfraz-de-neymar-el-astro-brasileno-se-oculta-en-nueva-york-con-un-look-que-nadie-se-esperaba\/#primaryimage"},"image":{"@id":"https:\/\/www.americanonewspaper.com\/es\/new-york\/el-disfraz-de-neymar-el-astro-brasileno-se-oculta-en-nueva-york-con-un-look-que-nadie-se-esperaba\/#primaryimage"},"thumbnailUrl":"https:\/\/www.americanonewspaper.com\/es\/wp-content\/uploads\/2025\/12\/Sitio-web-de-comunicacion-interna-Novato-Negro-y-bigaro-Presentacion-simple-12.jpg","datePublished":"2025-12-16T19:27:26+00:00","dateModified":"2025-12-17T20:32:53+00:00","description":"Neymar intenta ocultarse en Nueva York con un disfraz que termin\u00f3 llamando m\u00e1s la atenci\u00f3n.","breadcrumb":{"@id":"https:\/\/www.americanonewspaper.com\/es\/new-york\/el-disfraz-de-neymar-el-astro-brasileno-se-oculta-en-nueva-york-con-un-look-que-nadie-se-esperaba\/#breadcrumb"},"inLanguage":"en-US","potentialAction":[{"@type":"ReadAction","target":["https:\/\/www.americanonewspaper.com\/es\/new-york\/el-disfraz-de-neymar-el-astro-brasileno-se-oculta-en-nueva-york-con-un-look-que-nadie-se-esperaba\/"]}]},{"@type":"ImageObject","inLanguage":"en-US","@id":"https:\/\/www.americanonewspaper.com\/es\/new-york\/el-disfraz-de-neymar-el-astro-brasileno-se-oculta-en-nueva-york-con-un-look-que-nadie-se-esperaba\/#primaryimage","url":"https:\/\/www.americanonewspaper.com\/es\/wp-content\/uploads\/2025\/12\/Sitio-web-de-comunicacion-interna-Novato-Negro-y-bigaro-Presentacion-simple-12.jpg","contentUrl":"https:\/\/www.americanonewspaper.com\/es\/wp-content\/uploads\/2025\/12\/Sitio-web-de-comunicacion-interna-Novato-Negro-y-bigaro-Presentacion-simple-12.jpg","width":1366,"height":886,"caption":"\"NO CREO QUE ME VEA NORMAL\": Neymar intenta ocultarse en Nueva York con un disfraz que termin\u00f3 llamando m\u00e1s la atenci\u00f3n."},{"@type":"BreadcrumbList","@id":"https:\/\/www.americanonewspaper.com\/es\/new-york\/el-disfraz-de-neymar-el-astro-brasileno-se-oculta-en-nueva-york-con-un-look-que-nadie-se-esperaba\/#breadcrumb","itemListElement":[{"@type":"ListItem","position":1,"name":"Home","item":"https:\/\/www.americanonewspaper.com\/es\/"},{"@type":"ListItem","position":2,"name":"\u201dEL DISFRAZ DE NEYMAR EN NEW YORK&#8221;"}]},{"@type":"WebSite","@id":"https:\/\/www.americanonewspaper.com\/es\/#website","url":"https:\/\/www.americanonewspaper.com\/es\/","name":"Americano Newspaper","description":"The Hispanic Newspaper of New Jersey.","publisher":{"@id":"https:\/\/www.americanonewspaper.com\/es\/#organization"},"potentialAction":[{"@type":"SearchAction","target":{"@type":"EntryPoint","urlTemplate":"https:\/\/www.americanonewspaper.com\/es\/?s={search_term_string}"},"query-input":{"@type":"PropertyValueSpecification","valueRequired":true,"valueName":"search_term_string"}}],"inLanguage":"en-US"},{"@type":"Organization","@id":"https:\/\/www.americanonewspaper.com\/es\/#organization","name":"Americano Newspaper","url":"https:\/\/www.americanonewspaper.com\/es\/","logo":{"@type":"ImageObject","inLanguage":"en-US","@id":"https:\/\/www.americanonewspaper.com\/es\/#\/schema\/logo\/image\/","url":"https:\/\/www.americanonewspaper.com\/es\/wp-content\/uploads\/2024\/05\/AmericanoLogoCircle.comCircle2.jpg","contentUrl":"https:\/\/www.americanonewspaper.com\/es\/wp-content\/uploads\/2024\/05\/AmericanoLogoCircle.comCircle2.jpg","width":600,"height":600,"caption":"Americano Newspaper"},"image":{"@id":"https:\/\/www.americanonewspaper.com\/es\/#\/schema\/logo\/image\/"},"sameAs":["https:\/\/www.facebook.com\/AmericanoNewspaper\/"]},{"@type":"Person","@id":"https:\/\/www.americanonewspaper.com\/es\/#\/schema\/person\/8967f6b8af7e37bcbbe61f68580ff088","name":"Author","image":{"@type":"ImageObject","inLanguage":"en-US","@id":"https:\/\/www.americanonewspaper.com\/es\/wp-content\/litespeed\/avatar\/89ffaf6af3cf6769ffb3c6efb2313947.jpg?ver=1777427547","url":"https:\/\/www.americanonewspaper.com\/es\/wp-content\/litespeed\/avatar\/89ffaf6af3cf6769ffb3c6efb2313947.jpg?ver=1777427547","contentUrl":"https:\/\/www.americanonewspaper.com\/es\/wp-content\/litespeed\/avatar\/89ffaf6af3cf6769ffb3c6efb2313947.jpg?ver=1777427547","caption":"Author"},"url":"https:\/\/www.americanonewspaper.com\/es\/author\/americano\/"}]}},"jetpack_publicize_connections":[],"jetpack_featured_media_url":"https:\/\/www.americanonewspaper.com\/es\/wp-content\/uploads\/2025\/12\/Sitio-web-de-comunicacion-interna-Novato-Negro-y-bigaro-Presentacion-simple-12.jpg","featured_image_urls":{"full":["https:\/\/www.americanonewspaper.com\/es\/wp-content\/uploads\/2025\/12\/Sitio-web-de-comunicacion-interna-Novato-Negro-y-bigaro-Presentacion-simple-12.jpg",1366,886,false],"thumbnail":["https:\/\/www.americanonewspaper.com\/es\/wp-content\/uploads\/2025\/12\/Sitio-web-de-comunicacion-interna-Novato-Negro-y-bigaro-Presentacion-simple-12-250x250.jpg",250,250,true],"medium":["https:\/\/www.americanonewspaper.com\/es\/wp-content\/uploads\/2025\/12\/Sitio-web-de-comunicacion-interna-Novato-Negro-y-bigaro-Presentacion-simple-12-300x195.jpg",300,195,true],"medium_large":["https:\/\/www.americanonewspaper.com\/es\/wp-content\/uploads\/2025\/12\/Sitio-web-de-comunicacion-interna-Novato-Negro-y-bigaro-Presentacion-simple-12-768x498.jpg",696,451,true],"large":["https:\/\/www.americanonewspaper.com\/es\/wp-content\/uploads\/2025\/12\/Sitio-web-de-comunicacion-interna-Novato-Negro-y-bigaro-Presentacion-simple-12-771x500.jpg",696,451,true],"1536x1536":["https:\/\/www.americanonewspaper.com\/es\/wp-content\/uploads\/2025\/12\/Sitio-web-de-comunicacion-interna-Novato-Negro-y-bigaro-Presentacion-simple-12.jpg",1366,886,false],"2048x2048":["https:\/\/www.americanonewspaper.com\/es\/wp-content\/uploads\/2025\/12\/Sitio-web-de-comunicacion-interna-Novato-Negro-y-bigaro-Presentacion-simple-12.jpg",1366,886,false],"td_150x0":["https:\/\/www.americanonewspaper.com\/es\/wp-content\/uploads\/2025\/12\/Sitio-web-de-comunicacion-interna-Novato-Negro-y-bigaro-Presentacion-simple-12-150x97.jpg",150,97,true],"td_218x150":["https:\/\/www.americanonewspaper.com\/es\/wp-content\/uploads\/2025\/12\/Sitio-web-de-comunicacion-interna-Novato-Negro-y-bigaro-Presentacion-simple-12-218x150.jpg",218,150,true],"td_300x0":["https:\/\/www.americanonewspaper.com\/es\/wp-content\/uploads\/2025\/12\/Sitio-web-de-comunicacion-interna-Novato-Negro-y-bigaro-Presentacion-simple-12-300x195.jpg",300,195,true],"td_324x400":["https:\/\/www.americanonewspaper.com\/es\/wp-content\/uploads\/2025\/12\/Sitio-web-de-comunicacion-interna-Novato-Negro-y-bigaro-Presentacion-simple-12-324x400.jpg",324,400,true],"td_485x360":["https:\/\/www.americanonewspaper.com\/es\/wp-content\/uploads\/2025\/12\/Sitio-web-de-comunicacion-interna-Novato-Negro-y-bigaro-Presentacion-simple-12-485x360.jpg",485,360,true],"td_696x0":["https:\/\/www.americanonewspaper.com\/es\/wp-content\/uploads\/2025\/12\/Sitio-web-de-comunicacion-interna-Novato-Negro-y-bigaro-Presentacion-simple-12-696x451.jpg",696,451,true],"td_1068x0":["https:\/\/www.americanonewspaper.com\/es\/wp-content\/uploads\/2025\/12\/Sitio-web-de-comunicacion-interna-Novato-Negro-y-bigaro-Presentacion-simple-12-1068x693.jpg",1068,693,true],"td_1920x0":["https:\/\/www.americanonewspaper.com\/es\/wp-content\/uploads\/2025\/12\/Sitio-web-de-comunicacion-interna-Novato-Negro-y-bigaro-Presentacion-simple-12.jpg",1366,886,false],"bdpp-medium":["https:\/\/www.americanonewspaper.com\/es\/wp-content\/uploads\/2025\/12\/Sitio-web-de-comunicacion-interna-Novato-Negro-y-bigaro-Presentacion-simple-12-640x480.jpg",640,480,true]},"author_info":{"display_name":"Author","author_link":"https:\/\/www.americanonewspaper.com\/es\/author\/americano\/"},"category_info":"<a href=\"https:\/\/www.americanonewspaper.com\/es\/category\/disfraz-de-neymar\/\" rel=\"category tag\">Disfraz de Neymar<\/a> <a href=\"https:\/\/www.americanonewspaper.com\/es\/category\/new-york\/\" rel=\"category tag\">New York<\/a> <a href=\"https:\/\/www.americanonewspaper.com\/es\/category\/neymar\/\" rel=\"category tag\">Neymar<\/a>","tag_info":"Neymar","comment_count":"0","jetpack_sharing_enabled":true,"jetpack_likes_enabled":true,"_links":{"self":[{"href":"https:\/\/www.americanonewspaper.com\/es\/wp-json\/wp\/v2\/posts\/30371","targetHints":{"allow":["GET"]}}],"collection":[{"href":"https:\/\/www.americanonewspaper.com\/es\/wp-json\/wp\/v2\/posts"}],"about":[{"href":"https:\/\/www.americanonewspaper.com\/es\/wp-json\/wp\/v2\/types\/post"}],"author":[{"embeddable":true,"href":"https:\/\/www.americanonewspaper.com\/es\/wp-json\/wp\/v2\/users\/7"}],"replies":[{"embeddable":true,"href":"https:\/\/www.americanonewspaper.com\/es\/wp-json\/wp\/v2\/comments?post=30371"}],"version-history":[{"count":4,"href":"https:\/\/www.americanonewspaper.com\/es\/wp-json\/wp\/v2\/posts\/30371\/revisions"}],"predecessor-version":[{"id":30381,"href":"https:\/\/www.americanonewspaper.com\/es\/wp-json\/wp\/v2\/posts\/30371\/revisions\/30381"}],"wp:featuredmedia":[{"embeddable":true,"href":"https:\/\/www.americanonewspaper.com\/es\/wp-json\/wp\/v2\/media\/30372"}],"wp:attachment":[{"href":"https:\/\/www.americanonewspaper.com\/es\/wp-json\/wp\/v2\/media?parent=30371"}],"wp:term":[{"taxonomy":"category","embeddable":true,"href":"https:\/\/www.americanonewspaper.com\/es\/wp-json\/wp\/v2\/categories?post=30371"},{"taxonomy":"post_tag","embeddable":true,"href":"https:\/\/www.americanonewspaper.com\/es\/wp-json\/wp\/v2\/tags?post=30371"}],"curies":[{"name":"wp","href":"https:\/\/api.w.org\/{rel}","templated":true}]}}