{"id":30339,"date":"2025-12-11T19:33:50","date_gmt":"2025-12-12T00:33:50","guid":{"rendered":"https:\/\/www.americanonewspaper.com\/es\/?p=30339"},"modified":"2025-12-12T13:15:10","modified_gmt":"2025-12-12T18:15:10","slug":"bad-bunny-en-su-primer-concierto-en-mexico","status":"publish","type":"post","link":"https:\/\/www.americanonewspaper.com\/es\/musica\/bad-bunny-en-su-primer-concierto-en-mexico\/","title":{"rendered":"Bad Bunny en su primer concierto en M\u00e9xico"},"content":{"rendered":"\n<p>Ciudad de M\u00e9xico, (EFE).<\/p>\n\n\n\n<p class=\"dropcapp3\">El puertorrique\u00f1o Bad Bunny cerr\u00f3 este mi\u00e9rcoles su primer concierto de ocho en Ciudad de M\u00e9xico afirmando que ser\u00e1 la \u00faltima locaci\u00f3n de su gira \u2018Deb\u00ed tirar m\u00e1s fotos World Tour\u2019 en 2025, por lo que pidi\u00f3 poner la vara alta para el resto de fechas programadas en el estadio GNP Seguros.<\/p>\n\n\n\n<figure class=\"wp-block-gallery has-nested-images columns-default is-cropped wp-block-gallery-1 is-layout-flex wp-block-gallery-is-layout-flex\">\n<figure class=\"wp-block-image size-large\"><img fetchpriority=\"high\" decoding=\"async\" width=\"800\" height=\"200\" data-id=\"30288\" src=\"https:\/\/www.americanonewspaper.com\/es\/wp-content\/uploads\/2025\/12\/ABOgadosGGL-copy-1-2-800x200.jpg\" alt=\"\" class=\"wp-image-30288\" srcset=\"https:\/\/www.americanonewspaper.com\/es\/wp-content\/uploads\/2025\/12\/ABOgadosGGL-copy-1-2-800x200.jpg 800w, https:\/\/www.americanonewspaper.com\/es\/wp-content\/uploads\/2025\/12\/ABOgadosGGL-copy-1-2-300x75.jpg 300w, https:\/\/www.americanonewspaper.com\/es\/wp-content\/uploads\/2025\/12\/ABOgadosGGL-copy-1-2-768x192.jpg 768w, https:\/\/www.americanonewspaper.com\/es\/wp-content\/uploads\/2025\/12\/ABOgadosGGL-copy-1-2-150x38.jpg 150w, https:\/\/www.americanonewspaper.com\/es\/wp-content\/uploads\/2025\/12\/ABOgadosGGL-copy-1-2-696x174.jpg 696w, https:\/\/www.americanonewspaper.com\/es\/wp-content\/uploads\/2025\/12\/ABOgadosGGL-copy-1-2-1068x267.jpg 1068w, https:\/\/www.americanonewspaper.com\/es\/wp-content\/uploads\/2025\/12\/ABOgadosGGL-copy-1-2.jpg 1200w\" sizes=\"(max-width: 800px) 100vw, 800px\" \/><\/figure>\n<\/figure>\n\n\n\n<p>Los asistentes en todo el territorio mexicano y de m\u00e1s de 70 pa\u00edses no defraudaron al Conejo Malo y durante m\u00e1s de dos horas de su primer show en M\u00e9xico de la gira bailaron sus temas m\u00e1s emblem\u00e1ticos, incluyendo \u2018Chambea\u2019, la canci\u00f3n exclusiva para M\u00e9xico, sin que, incluso una ligera llovizna los detuviera.<\/p>\n\n\n\n<p>Entre sus mensajes destac\u00f3 la petici\u00f3n de olvidarse de todo y solo disfrutar el momento, as\u00ed como la leyenda: \u201cmientras uno est\u00e1 vivo, uno debe de amar lo m\u00e1s que pueda\u201d.<\/p>\n\n\n\n<figure class=\"wp-block-gallery has-nested-images columns-default is-cropped wp-block-gallery-2 is-layout-flex wp-block-gallery-is-layout-flex\">\n<figure class=\"wp-block-image size-large\"><a href=\"https:\/\/www.nissancityspringfield.com\/\" target=\"_blank\" rel=\" noreferrer noopener\"><img decoding=\"async\" width=\"800\" height=\"433\" data-id=\"30251\" src=\"https:\/\/www.americanonewspaper.com\/es\/wp-content\/uploads\/2025\/12\/WhatsApp-Image-2025-11-17-at-9.02.13-PM-1-800x433.jpeg\" alt=\"\" class=\"wp-image-30251\" srcset=\"https:\/\/www.americanonewspaper.com\/es\/wp-content\/uploads\/2025\/12\/WhatsApp-Image-2025-11-17-at-9.02.13-PM-1-800x433.jpeg 800w, https:\/\/www.americanonewspaper.com\/es\/wp-content\/uploads\/2025\/12\/WhatsApp-Image-2025-11-17-at-9.02.13-PM-1-300x162.jpeg 300w, https:\/\/www.americanonewspaper.com\/es\/wp-content\/uploads\/2025\/12\/WhatsApp-Image-2025-11-17-at-9.02.13-PM-1-768x416.jpeg 768w, https:\/\/www.americanonewspaper.com\/es\/wp-content\/uploads\/2025\/12\/WhatsApp-Image-2025-11-17-at-9.02.13-PM-1-150x81.jpeg 150w, https:\/\/www.americanonewspaper.com\/es\/wp-content\/uploads\/2025\/12\/WhatsApp-Image-2025-11-17-at-9.02.13-PM-1-696x377.jpeg 696w, https:\/\/www.americanonewspaper.com\/es\/wp-content\/uploads\/2025\/12\/WhatsApp-Image-2025-11-17-at-9.02.13-PM-1.jpeg 1024w\" sizes=\"(max-width: 800px) 100vw, 800px\" \/><\/a><\/figure>\n<\/figure>\n\n\n\n<p>Asimismo, el artista puertorrique\u00f1o dijo que \u201cno es casualidad\u201d cerrar el a\u00f1o en la capital de M\u00e9xico, mientras que su personaje, la rana Concho, admiti\u00f3 que lo primero que hicieron en la capital mexicana fue probar su comida como los tacobirria, luego el pozole, los tacos de canasta.&nbsp;<\/p>\n\n\n\n<p>&#8220;Les tengo que decir algo: en el pique (picante) ustedes son los que mandan. Eso es de respeto. Y tambi\u00e9n hubieron un par de sitios que fui, pero uno de los m\u00e1s que me encant\u00f3 fue Z\u00f3calo (&#8230;) y ahora que por fin estoy aqu\u00ed en la Ciudad de M\u00e9xico, ustedes saben lo que es lo primero que voy a hacer, dar vueltas por ah\u00ed con el music\u00f3n prendido&#8221;, sentenci\u00f3 Concho al iniciar un episodio de perreo, g\u00e9nero urbano que lo dio a conocer en el mundo de la m\u00fasica.&nbsp;<\/p>\n\n\n\n<figure class=\"wp-block-gallery has-nested-images columns-default is-cropped wp-block-gallery-3 is-layout-flex wp-block-gallery-is-layout-flex\">\n<figure class=\"wp-block-image size-large\"><a href=\"https:\/\/www.nj.gov\/health\/vacunas\/\" target=\"_blank\" rel=\" noreferrer noopener\"><img decoding=\"async\" width=\"800\" height=\"367\" data-id=\"30290\" src=\"https:\/\/www.americanonewspaper.com\/es\/wp-content\/uploads\/2025\/12\/WhatsApp-Image-2025-11-17-at-11.08.35-AM-1-800x367.jpeg\" alt=\"\" class=\"wp-image-30290\" srcset=\"https:\/\/www.americanonewspaper.com\/es\/wp-content\/uploads\/2025\/12\/WhatsApp-Image-2025-11-17-at-11.08.35-AM-1-800x367.jpeg 800w, https:\/\/www.americanonewspaper.com\/es\/wp-content\/uploads\/2025\/12\/WhatsApp-Image-2025-11-17-at-11.08.35-AM-1-300x138.jpeg 300w, https:\/\/www.americanonewspaper.com\/es\/wp-content\/uploads\/2025\/12\/WhatsApp-Image-2025-11-17-at-11.08.35-AM-1-768x352.jpeg 768w, https:\/\/www.americanonewspaper.com\/es\/wp-content\/uploads\/2025\/12\/WhatsApp-Image-2025-11-17-at-11.08.35-AM-1-150x69.jpeg 150w, https:\/\/www.americanonewspaper.com\/es\/wp-content\/uploads\/2025\/12\/WhatsApp-Image-2025-11-17-at-11.08.35-AM-1-696x319.jpeg 696w, https:\/\/www.americanonewspaper.com\/es\/wp-content\/uploads\/2025\/12\/WhatsApp-Image-2025-11-17-at-11.08.35-AM-1-1068x490.jpeg 1068w, https:\/\/www.americanonewspaper.com\/es\/wp-content\/uploads\/2025\/12\/WhatsApp-Image-2025-11-17-at-11.08.35-AM-1.jpeg 1200w\" sizes=\"(max-width: 800px) 100vw, 800px\" \/><\/a><\/figure>\n<\/figure>\n\n\n\n<p>Bad Bunny inici\u00f3 el concierto con un traje beige, corbata dorada y una gafas tipo aviador de montura ancha, luego se cambi\u00f3 por un look m\u00e1s ligero y aprovech\u00f3 hasta el techo de su &#8216;Casita&#8217; para poner a bailar a los m\u00e1s de 60.000 asistentes que se dieron cita en su primera fecha en la capital mexicana.&nbsp;<\/p>\n\n\n\n<p>Entre sus actos, Benito se acompa\u00f1\u00f3 de otros artistas como la banda Chiwi y la banda Pleneros de la cresta, quienes lanzaron un mensaje de unidad al pueblo latinoamericano al afirmar: &#8220;somos guerreros&#8221;.<\/p>\n\n\n\n<figure class=\"wp-block-gallery has-nested-images columns-default is-cropped wp-block-gallery-4 is-layout-flex wp-block-gallery-is-layout-flex\">\n<figure class=\"wp-block-image size-large\"><a href=\"https:\/\/www.paulmillertoyota.com\/?utm_source=google&amp;utm_medium=organic&amp;utm_campaign=google_my_business\" target=\"_blank\" rel=\" noreferrer noopener\"><img loading=\"lazy\" decoding=\"async\" width=\"800\" height=\"269\" data-id=\"30295\" src=\"https:\/\/www.americanonewspaper.com\/es\/wp-content\/uploads\/2025\/12\/WhatsApp-Image-2025-09-02-at-3.35.17-PM-800x269.jpeg\" alt=\"\" class=\"wp-image-30295\" srcset=\"https:\/\/www.americanonewspaper.com\/es\/wp-content\/uploads\/2025\/12\/WhatsApp-Image-2025-09-02-at-3.35.17-PM-800x269.jpeg 800w, https:\/\/www.americanonewspaper.com\/es\/wp-content\/uploads\/2025\/12\/WhatsApp-Image-2025-09-02-at-3.35.17-PM-300x101.jpeg 300w, https:\/\/www.americanonewspaper.com\/es\/wp-content\/uploads\/2025\/12\/WhatsApp-Image-2025-09-02-at-3.35.17-PM-768x258.jpeg 768w, https:\/\/www.americanonewspaper.com\/es\/wp-content\/uploads\/2025\/12\/WhatsApp-Image-2025-09-02-at-3.35.17-PM-1536x516.jpeg 1536w, https:\/\/www.americanonewspaper.com\/es\/wp-content\/uploads\/2025\/12\/WhatsApp-Image-2025-09-02-at-3.35.17-PM-150x50.jpeg 150w, https:\/\/www.americanonewspaper.com\/es\/wp-content\/uploads\/2025\/12\/WhatsApp-Image-2025-09-02-at-3.35.17-PM-696x234.jpeg 696w, https:\/\/www.americanonewspaper.com\/es\/wp-content\/uploads\/2025\/12\/WhatsApp-Image-2025-09-02-at-3.35.17-PM-1068x359.jpeg 1068w, https:\/\/www.americanonewspaper.com\/es\/wp-content\/uploads\/2025\/12\/WhatsApp-Image-2025-09-02-at-3.35.17-PM.jpeg 1600w\" sizes=\"(max-width: 800px) 100vw, 800px\" \/><\/a><\/figure>\n<\/figure>\n\n\n\n<p>&#8220;Si hay algo en que Puerto rico y M\u00e9xico se parecen es lo orgullosos que somos de nuestra cultura y tierra&#8221;, agreg\u00f3 el artista puertorrique\u00f1o, mientras los asistentes coreaban &#8220;Benito, hermano, ya eres mexicano&#8221;.<\/p>\n\n\n\n<p>&#8220;A\u00fan siendo turista, aqu\u00ed (en Ciudad de M\u00e9xico) me hacen sentir como en casa. Gracias por eso&#8221;, afirm\u00f3 el cantante.&nbsp;<\/p>\n\n\n\n<figure class=\"wp-block-gallery has-nested-images columns-default is-cropped wp-block-gallery-5 is-layout-flex wp-block-gallery-is-layout-flex\">\n<figure class=\"wp-block-image size-large\"><a href=\"https:\/\/www.linkedin.com\/in\/oscaralbertoquintana\/\" target=\"_blank\" rel=\" noreferrer noopener\"><img loading=\"lazy\" decoding=\"async\" width=\"800\" height=\"88\" data-id=\"30298\" src=\"https:\/\/www.americanonewspaper.com\/es\/wp-content\/uploads\/2025\/12\/espanolok-800x88.jpg\" alt=\"\" class=\"wp-image-30298\" srcset=\"https:\/\/www.americanonewspaper.com\/es\/wp-content\/uploads\/2025\/12\/espanolok-800x88.jpg 800w, https:\/\/www.americanonewspaper.com\/es\/wp-content\/uploads\/2025\/12\/espanolok-300x33.jpg 300w, https:\/\/www.americanonewspaper.com\/es\/wp-content\/uploads\/2025\/12\/espanolok-768x85.jpg 768w, https:\/\/www.americanonewspaper.com\/es\/wp-content\/uploads\/2025\/12\/espanolok-1536x170.jpg 1536w, https:\/\/www.americanonewspaper.com\/es\/wp-content\/uploads\/2025\/12\/espanolok-2048x226.jpg 2048w, https:\/\/www.americanonewspaper.com\/es\/wp-content\/uploads\/2025\/12\/espanolok-150x17.jpg 150w, https:\/\/www.americanonewspaper.com\/es\/wp-content\/uploads\/2025\/12\/espanolok-696x77.jpg 696w, https:\/\/www.americanonewspaper.com\/es\/wp-content\/uploads\/2025\/12\/espanolok-1068x118.jpg 1068w, https:\/\/www.americanonewspaper.com\/es\/wp-content\/uploads\/2025\/12\/espanolok-1920x212.jpg 1920w\" sizes=\"(max-width: 800px) 100vw, 800px\" \/><\/a><\/figure>\n<\/figure>\n\n\n\n<p>El Conejo Malo no solo interpret\u00f3 temas del g\u00e9nero urbano, sino que combin\u00f3 otros ritmos latinos como la salsa, mientras rescat\u00f3 pistas de reguet\u00f3n como &#8216;Yo perreo sola, &#8216;Me porto bonito&#8217; &#8216;Safaera&#8217;, entre otros.<\/p>\n\n\n\n<p>Adem\u00e1s, reconoci\u00f3 el cari\u00f1o y amor de los mexicanos hacia su m\u00fasica y su persona y finaliz\u00f3 su intervenci\u00f3n con el cl\u00e1sico grito &#8220;!Viva M\u00e9xico cabrones!&#8221;, previo a interpretar su \u00e9xito &#8216;M\u00f3naco&#8217;.<\/p>\n\n\n\n<figure class=\"wp-block-gallery has-nested-images columns-default is-cropped wp-block-gallery-6 is-layout-flex wp-block-gallery-is-layout-flex\">\n<figure class=\"wp-block-image size-large\"><a href=\"https:\/\/www.td.com\/us\/en\/small-business\" target=\"_blank\" rel=\" noreferrer noopener\"><img loading=\"lazy\" decoding=\"async\" width=\"800\" height=\"433\" data-id=\"30253\" src=\"https:\/\/www.americanonewspaper.com\/es\/wp-content\/uploads\/2025\/12\/WhatsApp-Image-2025-11-17-at-11.19.38-AM-1-800x433.jpeg\" alt=\"\" class=\"wp-image-30253\" srcset=\"https:\/\/www.americanonewspaper.com\/es\/wp-content\/uploads\/2025\/12\/WhatsApp-Image-2025-11-17-at-11.19.38-AM-1-800x433.jpeg 800w, https:\/\/www.americanonewspaper.com\/es\/wp-content\/uploads\/2025\/12\/WhatsApp-Image-2025-11-17-at-11.19.38-AM-1-300x162.jpeg 300w, https:\/\/www.americanonewspaper.com\/es\/wp-content\/uploads\/2025\/12\/WhatsApp-Image-2025-11-17-at-11.19.38-AM-1-768x416.jpeg 768w, https:\/\/www.americanonewspaper.com\/es\/wp-content\/uploads\/2025\/12\/WhatsApp-Image-2025-11-17-at-11.19.38-AM-1-150x81.jpeg 150w, https:\/\/www.americanonewspaper.com\/es\/wp-content\/uploads\/2025\/12\/WhatsApp-Image-2025-11-17-at-11.19.38-AM-1-696x377.jpeg 696w, https:\/\/www.americanonewspaper.com\/es\/wp-content\/uploads\/2025\/12\/WhatsApp-Image-2025-11-17-at-11.19.38-AM-1.jpeg 1024w\" sizes=\"(max-width: 800px) 100vw, 800px\" \/><\/a><\/figure>\n<\/figure>\n\n\n\n<p>El concierto cerr\u00f3 con &#8216;Eeo&#8217;, no sin antes tocar otras canciones como &#8216;Me porto bonito&#8217;, &#8216;Ojitos bonitos&#8217;, &#8216;Bichiyal&#8217;, &#8216;Si veo a tu mam\u00e1&#8217;, &#8216;Callaita&#8217;, &#8216;No me conoce&#8217; y &#8216;DtMF&#8217;, entre un repertorio de casi 30 temas.<\/p>\n\n\n\n<p>De acuerdo con estimaciones de la C\u00e1mara Nacional de Comercio, Servicios y Turismo de la Ciudad de M\u00e9xico, los ocho conciertos de Bad Bunny en la capital dejar\u00e1n una derrama econ\u00f3mica superior a 3.200 millones de pesos (unos 177 millones de d\u00f3lares), impulsada sobre todo por la venta de boletos, el consumo de alimentos y bebidas y el aumento en la ocupaci\u00f3n hotelera en las zonas aleda\u00f1as al estadio.&nbsp;<\/p>\n\n\n\n<figure class=\"wp-block-gallery has-nested-images columns-default is-cropped wp-block-gallery-7 is-layout-flex wp-block-gallery-is-layout-flex\">\n<figure class=\"wp-block-image size-large\"><a href=\"https:\/\/inthepinkroom.com\/\" target=\"_blank\" rel=\" noreferrer noopener\"><img loading=\"lazy\" decoding=\"async\" width=\"800\" height=\"444\" data-id=\"30213\" src=\"https:\/\/www.americanonewspaper.com\/es\/wp-content\/uploads\/2025\/11\/Anuncio-Pink-RoomWeb-copy-1-800x444.jpg\" alt=\"\" class=\"wp-image-30213\" srcset=\"https:\/\/www.americanonewspaper.com\/es\/wp-content\/uploads\/2025\/11\/Anuncio-Pink-RoomWeb-copy-1-800x444.jpg 800w, https:\/\/www.americanonewspaper.com\/es\/wp-content\/uploads\/2025\/11\/Anuncio-Pink-RoomWeb-copy-1-300x167.jpg 300w, https:\/\/www.americanonewspaper.com\/es\/wp-content\/uploads\/2025\/11\/Anuncio-Pink-RoomWeb-copy-1-768x427.jpg 768w, https:\/\/www.americanonewspaper.com\/es\/wp-content\/uploads\/2025\/11\/Anuncio-Pink-RoomWeb-copy-1-150x83.jpg 150w, https:\/\/www.americanonewspaper.com\/es\/wp-content\/uploads\/2025\/11\/Anuncio-Pink-RoomWeb-copy-1-696x387.jpg 696w, https:\/\/www.americanonewspaper.com\/es\/wp-content\/uploads\/2025\/11\/Anuncio-Pink-RoomWeb-copy-1.jpg 990w\" sizes=\"(max-width: 800px) 100vw, 800px\" \/><\/a><\/figure>\n<\/figure>\n\n\n\n<p>Las autoridades capitalinas calculan que entre 500.000 y 520.000 personas asistir\u00e1n a la serie de espect\u00e1culos, lo que supone llenar en varias ocasiones la capacidad del Estadio GNP y consolidar a la Ciudad de M\u00e9xico como uno de los mercados m\u00e1s importantes para los grandes tours globales.<\/p>\n\n\n\n<figure class=\"wp-block-gallery has-nested-images columns-default is-cropped wp-block-gallery-8 is-layout-flex wp-block-gallery-is-layout-flex\">\n<figure class=\"wp-block-image size-large\"><a href=\"https:\/\/tayakan.com\" target=\"_blank\" rel=\" noreferrer noopener\"><img loading=\"lazy\" decoding=\"async\" width=\"800\" height=\"236\" data-id=\"30229\" src=\"https:\/\/www.americanonewspaper.com\/es\/wp-content\/uploads\/2025\/12\/WhatsApp-Image-2025-09-09-at-8.17.12-PM-800x236.jpeg\" alt=\"\" class=\"wp-image-30229\" srcset=\"https:\/\/www.americanonewspaper.com\/es\/wp-content\/uploads\/2025\/12\/WhatsApp-Image-2025-09-09-at-8.17.12-PM-800x236.jpeg 800w, https:\/\/www.americanonewspaper.com\/es\/wp-content\/uploads\/2025\/12\/WhatsApp-Image-2025-09-09-at-8.17.12-PM-300x89.jpeg 300w, https:\/\/www.americanonewspaper.com\/es\/wp-content\/uploads\/2025\/12\/WhatsApp-Image-2025-09-09-at-8.17.12-PM-768x227.jpeg 768w, https:\/\/www.americanonewspaper.com\/es\/wp-content\/uploads\/2025\/12\/WhatsApp-Image-2025-09-09-at-8.17.12-PM-1536x453.jpeg 1536w, https:\/\/www.americanonewspaper.com\/es\/wp-content\/uploads\/2025\/12\/WhatsApp-Image-2025-09-09-at-8.17.12-PM-150x44.jpeg 150w, https:\/\/www.americanonewspaper.com\/es\/wp-content\/uploads\/2025\/12\/WhatsApp-Image-2025-09-09-at-8.17.12-PM-696x205.jpeg 696w, https:\/\/www.americanonewspaper.com\/es\/wp-content\/uploads\/2025\/12\/WhatsApp-Image-2025-09-09-at-8.17.12-PM-1068x315.jpeg 1068w, https:\/\/www.americanonewspaper.com\/es\/wp-content\/uploads\/2025\/12\/WhatsApp-Image-2025-09-09-at-8.17.12-PM.jpeg 1600w\" sizes=\"(max-width: 800px) 100vw, 800px\" \/><\/a><\/figure>\n<\/figure>\n\n\n\n<figure class=\"wp-block-gallery has-nested-images columns-default is-cropped wp-block-gallery-9 is-layout-flex wp-block-gallery-is-layout-flex\">\n<figure class=\"wp-block-image size-large\"><a href=\"https:\/\/www.generac.com\/home-standby-generators\/campaigns\/install\/?cid=C-00000130&amp;mb_campaign=41421&amp;mb_source=21RL&amp;mb_tx_id=6785381&amp;mb_tx_id=6785381\" target=\"_blank\" rel=\" noreferrer noopener\"><img loading=\"lazy\" decoding=\"async\" width=\"800\" height=\"372\" data-id=\"30211\" src=\"https:\/\/www.americanonewspaper.com\/es\/wp-content\/uploads\/2025\/11\/Screenshot-2025-11-02-at-4.00.00-PM-13-800x372.png\" alt=\"\" class=\"wp-image-30211\" srcset=\"https:\/\/www.americanonewspaper.com\/es\/wp-content\/uploads\/2025\/11\/Screenshot-2025-11-02-at-4.00.00-PM-13-800x372.png 800w, https:\/\/www.americanonewspaper.com\/es\/wp-content\/uploads\/2025\/11\/Screenshot-2025-11-02-at-4.00.00-PM-13-300x139.png 300w, https:\/\/www.americanonewspaper.com\/es\/wp-content\/uploads\/2025\/11\/Screenshot-2025-11-02-at-4.00.00-PM-13-768x357.png 768w, https:\/\/www.americanonewspaper.com\/es\/wp-content\/uploads\/2025\/11\/Screenshot-2025-11-02-at-4.00.00-PM-13-1536x714.png 1536w, https:\/\/www.americanonewspaper.com\/es\/wp-content\/uploads\/2025\/11\/Screenshot-2025-11-02-at-4.00.00-PM-13-150x70.png 150w, https:\/\/www.americanonewspaper.com\/es\/wp-content\/uploads\/2025\/11\/Screenshot-2025-11-02-at-4.00.00-PM-13-696x323.png 696w, https:\/\/www.americanonewspaper.com\/es\/wp-content\/uploads\/2025\/11\/Screenshot-2025-11-02-at-4.00.00-PM-13-1068x496.png 1068w, https:\/\/www.americanonewspaper.com\/es\/wp-content\/uploads\/2025\/11\/Screenshot-2025-11-02-at-4.00.00-PM-13.png 1610w\" sizes=\"(max-width: 800px) 100vw, 800px\" \/><\/a><\/figure>\n<\/figure>\n","protected":false},"excerpt":{"rendered":"<p>Ciudad de M\u00e9xico, (EFE). El puertorrique\u00f1o Bad Bunny cerr\u00f3 este mi\u00e9rcoles su primer concierto de ocho en Ciudad de M\u00e9xico afirmando que ser\u00e1 la \u00faltima locaci\u00f3n de su gira \u2018Deb\u00ed tirar m\u00e1s fotos World Tour\u2019 en 2025, por lo que pidi\u00f3 poner la vara alta para el resto de fechas programadas en el estadio GNP [&hellip;]<\/p>\n","protected":false},"author":14,"featured_media":30340,"comment_status":"open","ping_status":"open","sticky":true,"template":"","format":"standard","meta":{"_acf_changed":false,"tdm_status":"","tdm_grid_status":"","_jetpack_memberships_contains_paid_content":false,"footnotes":"","jetpack_publicize_message":"","jetpack_publicize_feature_enabled":true,"jetpack_social_post_already_shared":true,"jetpack_social_options":{"image_generator_settings":{"template":"highway","default_image_id":0,"font":"","enabled":false},"version":2},"_wpas_customize_per_network":false},"categories":[1271,655,1499,528,677],"tags":[],"class_list":{"0":"post-30339","1":"post","2":"type-post","3":"status-publish","4":"format-standard","5":"has-post-thumbnail","7":"category-artistas","8":"category-bad-bunny","9":"category-conciertos","10":"category-mexico-2","11":"category-musica"},"acf":[],"yoast_head":"<!-- This site is optimized with the Yoast SEO Premium plugin v27.5 (Yoast SEO v27.5) - https:\/\/yoast.com\/product\/yoast-seo-premium-wordpress\/ -->\n<title>Bad Bunny en su primer concierto en M\u00e9xico - Americano Newspaper<\/title>\n<meta name=\"description\" content=\"El puertorrique\u00f1o Bad Bunny cerr\u00f3 este mi\u00e9rcoles su primer concierto de ocho en Ciudad de M\u00e9xico afirmando que ser\u00e1 la \u00faltima locaci\u00f3n de su gira \u2018Deb\u00ed tirar m\u00e1s fotos World Tour\u2019 en 2025, por lo que pidi\u00f3 poner la vara alta para el resto de fechas programadas en el estadio GNP Seguros.\" \/>\n<meta name=\"robots\" content=\"index, follow, max-snippet:-1, max-image-preview:large, max-video-preview:-1\" \/>\n<link rel=\"canonical\" href=\"https:\/\/www.americanonewspaper.com\/es\/musica\/bad-bunny-en-su-primer-concierto-en-mexico\/\" \/>\n<meta property=\"og:locale\" content=\"en_US\" \/>\n<meta property=\"og:type\" content=\"article\" \/>\n<meta property=\"og:title\" content=\"Bad Bunny en su primer concierto en M\u00e9xico\" \/>\n<meta property=\"og:description\" content=\"El puertorrique\u00f1o Bad Bunny cerr\u00f3 este mi\u00e9rcoles su primer concierto de ocho en Ciudad de M\u00e9xico afirmando que ser\u00e1 la \u00faltima locaci\u00f3n de su gira \u2018Deb\u00ed tirar m\u00e1s fotos World Tour\u2019 en 2025, por lo que pidi\u00f3 poner la vara alta para el resto de fechas programadas en el estadio GNP Seguros.\" \/>\n<meta property=\"og:url\" content=\"https:\/\/www.americanonewspaper.com\/es\/musica\/bad-bunny-en-su-primer-concierto-en-mexico\/\" \/>\n<meta property=\"og:site_name\" content=\"Americano Newspaper\" \/>\n<meta property=\"article:publisher\" content=\"https:\/\/www.facebook.com\/AmericanoNewspaper\/\" \/>\n<meta property=\"article:published_time\" content=\"2025-12-12T00:33:50+00:00\" \/>\n<meta property=\"article:modified_time\" content=\"2025-12-12T18:15:10+00:00\" \/>\n<meta property=\"og:image\" content=\"https:\/\/www.americanonewspaper.com\/es\/wp-content\/uploads\/2025\/12\/95f3580d98f51e35751c1b2fc0643b61eeb94b6aminiw.jpg\" \/>\n\t<meta property=\"og:image:width\" content=\"900\" \/>\n\t<meta property=\"og:image:height\" content=\"600\" \/>\n\t<meta property=\"og:image:type\" content=\"image\/jpeg\" \/>\n<meta name=\"author\" content=\"Harmony Quintana\" \/>\n<meta name=\"twitter:card\" content=\"summary_large_image\" \/>\n<meta name=\"twitter:label1\" content=\"Written by\" \/>\n\t<meta name=\"twitter:data1\" content=\"Harmony Quintana\" \/>\n\t<meta name=\"twitter:label2\" content=\"Est. reading time\" \/>\n\t<meta name=\"twitter:data2\" content=\"5 minutes\" \/>\n<script type=\"application\/ld+json\" class=\"yoast-schema-graph\">{\"@context\":\"https:\\\/\\\/schema.org\",\"@graph\":[{\"@type\":\"Article\",\"@id\":\"https:\\\/\\\/www.americanonewspaper.com\\\/es\\\/musica\\\/bad-bunny-en-su-primer-concierto-en-mexico\\\/#article\",\"isPartOf\":{\"@id\":\"https:\\\/\\\/www.americanonewspaper.com\\\/es\\\/musica\\\/bad-bunny-en-su-primer-concierto-en-mexico\\\/\"},\"author\":{\"name\":\"Harmony Quintana\",\"@id\":\"https:\\\/\\\/www.americanonewspaper.com\\\/es\\\/#\\\/schema\\\/person\\\/82c7c1ac5e9a005b627b6c7db5361c90\"},\"headline\":\"Bad Bunny en su primer concierto en M\u00e9xico\",\"datePublished\":\"2025-12-12T00:33:50+00:00\",\"dateModified\":\"2025-12-12T18:15:10+00:00\",\"mainEntityOfPage\":{\"@id\":\"https:\\\/\\\/www.americanonewspaper.com\\\/es\\\/musica\\\/bad-bunny-en-su-primer-concierto-en-mexico\\\/\"},\"wordCount\":697,\"commentCount\":0,\"publisher\":{\"@id\":\"https:\\\/\\\/www.americanonewspaper.com\\\/es\\\/#organization\"},\"image\":{\"@id\":\"https:\\\/\\\/www.americanonewspaper.com\\\/es\\\/musica\\\/bad-bunny-en-su-primer-concierto-en-mexico\\\/#primaryimage\"},\"thumbnailUrl\":\"https:\\\/\\\/www.americanonewspaper.com\\\/es\\\/wp-content\\\/uploads\\\/2025\\\/12\\\/95f3580d98f51e35751c1b2fc0643b61eeb94b6aminiw.jpg\",\"articleSection\":[\"Artistas\",\"Bad Bunny\",\"Conciertos\",\"M\u00e9xico\",\"M\u00fasica\"],\"inLanguage\":\"en-US\",\"potentialAction\":[{\"@type\":\"CommentAction\",\"name\":\"Comment\",\"target\":[\"https:\\\/\\\/www.americanonewspaper.com\\\/es\\\/musica\\\/bad-bunny-en-su-primer-concierto-en-mexico\\\/#respond\"]}]},{\"@type\":\"WebPage\",\"@id\":\"https:\\\/\\\/www.americanonewspaper.com\\\/es\\\/musica\\\/bad-bunny-en-su-primer-concierto-en-mexico\\\/\",\"url\":\"https:\\\/\\\/www.americanonewspaper.com\\\/es\\\/musica\\\/bad-bunny-en-su-primer-concierto-en-mexico\\\/\",\"name\":\"Bad Bunny en su primer concierto en M\u00e9xico - Americano Newspaper\",\"isPartOf\":{\"@id\":\"https:\\\/\\\/www.americanonewspaper.com\\\/es\\\/#website\"},\"primaryImageOfPage\":{\"@id\":\"https:\\\/\\\/www.americanonewspaper.com\\\/es\\\/musica\\\/bad-bunny-en-su-primer-concierto-en-mexico\\\/#primaryimage\"},\"image\":{\"@id\":\"https:\\\/\\\/www.americanonewspaper.com\\\/es\\\/musica\\\/bad-bunny-en-su-primer-concierto-en-mexico\\\/#primaryimage\"},\"thumbnailUrl\":\"https:\\\/\\\/www.americanonewspaper.com\\\/es\\\/wp-content\\\/uploads\\\/2025\\\/12\\\/95f3580d98f51e35751c1b2fc0643b61eeb94b6aminiw.jpg\",\"datePublished\":\"2025-12-12T00:33:50+00:00\",\"dateModified\":\"2025-12-12T18:15:10+00:00\",\"description\":\"El puertorrique\u00f1o Bad Bunny cerr\u00f3 este mi\u00e9rcoles su primer concierto de ocho en Ciudad de M\u00e9xico afirmando que ser\u00e1 la \u00faltima locaci\u00f3n de su gira \u2018Deb\u00ed tirar m\u00e1s fotos World Tour\u2019 en 2025, por lo que pidi\u00f3 poner la vara alta para el resto de fechas programadas en el estadio GNP Seguros.\",\"breadcrumb\":{\"@id\":\"https:\\\/\\\/www.americanonewspaper.com\\\/es\\\/musica\\\/bad-bunny-en-su-primer-concierto-en-mexico\\\/#breadcrumb\"},\"inLanguage\":\"en-US\",\"potentialAction\":[{\"@type\":\"ReadAction\",\"target\":[\"https:\\\/\\\/www.americanonewspaper.com\\\/es\\\/musica\\\/bad-bunny-en-su-primer-concierto-en-mexico\\\/\"]}]},{\"@type\":\"ImageObject\",\"inLanguage\":\"en-US\",\"@id\":\"https:\\\/\\\/www.americanonewspaper.com\\\/es\\\/musica\\\/bad-bunny-en-su-primer-concierto-en-mexico\\\/#primaryimage\",\"url\":\"https:\\\/\\\/www.americanonewspaper.com\\\/es\\\/wp-content\\\/uploads\\\/2025\\\/12\\\/95f3580d98f51e35751c1b2fc0643b61eeb94b6aminiw.jpg\",\"contentUrl\":\"https:\\\/\\\/www.americanonewspaper.com\\\/es\\\/wp-content\\\/uploads\\\/2025\\\/12\\\/95f3580d98f51e35751c1b2fc0643b61eeb94b6aminiw.jpg\",\"width\":900,\"height\":600,\"caption\":\"Imagen del concierto de Bad Bunny en M\u00e9xico. EFE\"},{\"@type\":\"BreadcrumbList\",\"@id\":\"https:\\\/\\\/www.americanonewspaper.com\\\/es\\\/musica\\\/bad-bunny-en-su-primer-concierto-en-mexico\\\/#breadcrumb\",\"itemListElement\":[{\"@type\":\"ListItem\",\"position\":1,\"name\":\"Home\",\"item\":\"https:\\\/\\\/www.americanonewspaper.com\\\/es\\\/\"},{\"@type\":\"ListItem\",\"position\":2,\"name\":\"Bad Bunny en su primer concierto en M\u00e9xico\"}]},{\"@type\":\"WebSite\",\"@id\":\"https:\\\/\\\/www.americanonewspaper.com\\\/es\\\/#website\",\"url\":\"https:\\\/\\\/www.americanonewspaper.com\\\/es\\\/\",\"name\":\"Americano Newspaper\",\"description\":\"The Hispanic Newspaper of New Jersey.\",\"publisher\":{\"@id\":\"https:\\\/\\\/www.americanonewspaper.com\\\/es\\\/#organization\"},\"potentialAction\":[{\"@type\":\"SearchAction\",\"target\":{\"@type\":\"EntryPoint\",\"urlTemplate\":\"https:\\\/\\\/www.americanonewspaper.com\\\/es\\\/?s={search_term_string}\"},\"query-input\":{\"@type\":\"PropertyValueSpecification\",\"valueRequired\":true,\"valueName\":\"search_term_string\"}}],\"inLanguage\":\"en-US\"},{\"@type\":\"Organization\",\"@id\":\"https:\\\/\\\/www.americanonewspaper.com\\\/es\\\/#organization\",\"name\":\"Americano Newspaper\",\"url\":\"https:\\\/\\\/www.americanonewspaper.com\\\/es\\\/\",\"logo\":{\"@type\":\"ImageObject\",\"inLanguage\":\"en-US\",\"@id\":\"https:\\\/\\\/www.americanonewspaper.com\\\/es\\\/#\\\/schema\\\/logo\\\/image\\\/\",\"url\":\"https:\\\/\\\/www.americanonewspaper.com\\\/es\\\/wp-content\\\/uploads\\\/2024\\\/05\\\/AmericanoLogoCircle.comCircle2.jpg\",\"contentUrl\":\"https:\\\/\\\/www.americanonewspaper.com\\\/es\\\/wp-content\\\/uploads\\\/2024\\\/05\\\/AmericanoLogoCircle.comCircle2.jpg\",\"width\":600,\"height\":600,\"caption\":\"Americano Newspaper\"},\"image\":{\"@id\":\"https:\\\/\\\/www.americanonewspaper.com\\\/es\\\/#\\\/schema\\\/logo\\\/image\\\/\"},\"sameAs\":[\"https:\\\/\\\/www.facebook.com\\\/AmericanoNewspaper\\\/\"]},{\"@type\":\"Person\",\"@id\":\"https:\\\/\\\/www.americanonewspaper.com\\\/es\\\/#\\\/schema\\\/person\\\/82c7c1ac5e9a005b627b6c7db5361c90\",\"name\":\"Harmony Quintana\",\"image\":{\"@type\":\"ImageObject\",\"inLanguage\":\"en-US\",\"@id\":\"https:\\\/\\\/www.americanonewspaper.com\\\/es\\\/wp-content\\\/litespeed\\\/avatar\\\/656e5d40e40a67e90b0fee2acae8a764.jpg?ver=1777427866\",\"url\":\"https:\\\/\\\/www.americanonewspaper.com\\\/es\\\/wp-content\\\/litespeed\\\/avatar\\\/656e5d40e40a67e90b0fee2acae8a764.jpg?ver=1777427866\",\"contentUrl\":\"https:\\\/\\\/www.americanonewspaper.com\\\/es\\\/wp-content\\\/litespeed\\\/avatar\\\/656e5d40e40a67e90b0fee2acae8a764.jpg?ver=1777427866\",\"caption\":\"Harmony Quintana\"},\"sameAs\":[\"http:\\\/\\\/www.americanonewspaper.com\"],\"url\":\"https:\\\/\\\/www.americanonewspaper.com\\\/es\\\/author\\\/harmony\\\/\"}]}<\/script>\n<!-- \/ Yoast SEO Premium plugin. -->","yoast_head_json":{"title":"Bad Bunny en su primer concierto en M\u00e9xico - Americano Newspaper","description":"El puertorrique\u00f1o Bad Bunny cerr\u00f3 este mi\u00e9rcoles su primer concierto de ocho en Ciudad de M\u00e9xico afirmando que ser\u00e1 la \u00faltima locaci\u00f3n de su gira \u2018Deb\u00ed tirar m\u00e1s fotos World Tour\u2019 en 2025, por lo que pidi\u00f3 poner la vara alta para el resto de fechas programadas en el estadio GNP Seguros.","robots":{"index":"index","follow":"follow","max-snippet":"max-snippet:-1","max-image-preview":"max-image-preview:large","max-video-preview":"max-video-preview:-1"},"canonical":"https:\/\/www.americanonewspaper.com\/es\/musica\/bad-bunny-en-su-primer-concierto-en-mexico\/","og_locale":"en_US","og_type":"article","og_title":"Bad Bunny en su primer concierto en M\u00e9xico","og_description":"El puertorrique\u00f1o Bad Bunny cerr\u00f3 este mi\u00e9rcoles su primer concierto de ocho en Ciudad de M\u00e9xico afirmando que ser\u00e1 la \u00faltima locaci\u00f3n de su gira \u2018Deb\u00ed tirar m\u00e1s fotos World Tour\u2019 en 2025, por lo que pidi\u00f3 poner la vara alta para el resto de fechas programadas en el estadio GNP Seguros.","og_url":"https:\/\/www.americanonewspaper.com\/es\/musica\/bad-bunny-en-su-primer-concierto-en-mexico\/","og_site_name":"Americano Newspaper","article_publisher":"https:\/\/www.facebook.com\/AmericanoNewspaper\/","article_published_time":"2025-12-12T00:33:50+00:00","article_modified_time":"2025-12-12T18:15:10+00:00","og_image":[{"width":900,"height":600,"url":"https:\/\/www.americanonewspaper.com\/es\/wp-content\/uploads\/2025\/12\/95f3580d98f51e35751c1b2fc0643b61eeb94b6aminiw.jpg","type":"image\/jpeg"}],"author":"Harmony Quintana","twitter_card":"summary_large_image","twitter_misc":{"Written by":"Harmony Quintana","Est. reading time":"5 minutes"},"schema":{"@context":"https:\/\/schema.org","@graph":[{"@type":"Article","@id":"https:\/\/www.americanonewspaper.com\/es\/musica\/bad-bunny-en-su-primer-concierto-en-mexico\/#article","isPartOf":{"@id":"https:\/\/www.americanonewspaper.com\/es\/musica\/bad-bunny-en-su-primer-concierto-en-mexico\/"},"author":{"name":"Harmony Quintana","@id":"https:\/\/www.americanonewspaper.com\/es\/#\/schema\/person\/82c7c1ac5e9a005b627b6c7db5361c90"},"headline":"Bad Bunny en su primer concierto en M\u00e9xico","datePublished":"2025-12-12T00:33:50+00:00","dateModified":"2025-12-12T18:15:10+00:00","mainEntityOfPage":{"@id":"https:\/\/www.americanonewspaper.com\/es\/musica\/bad-bunny-en-su-primer-concierto-en-mexico\/"},"wordCount":697,"commentCount":0,"publisher":{"@id":"https:\/\/www.americanonewspaper.com\/es\/#organization"},"image":{"@id":"https:\/\/www.americanonewspaper.com\/es\/musica\/bad-bunny-en-su-primer-concierto-en-mexico\/#primaryimage"},"thumbnailUrl":"https:\/\/www.americanonewspaper.com\/es\/wp-content\/uploads\/2025\/12\/95f3580d98f51e35751c1b2fc0643b61eeb94b6aminiw.jpg","articleSection":["Artistas","Bad Bunny","Conciertos","M\u00e9xico","M\u00fasica"],"inLanguage":"en-US","potentialAction":[{"@type":"CommentAction","name":"Comment","target":["https:\/\/www.americanonewspaper.com\/es\/musica\/bad-bunny-en-su-primer-concierto-en-mexico\/#respond"]}]},{"@type":"WebPage","@id":"https:\/\/www.americanonewspaper.com\/es\/musica\/bad-bunny-en-su-primer-concierto-en-mexico\/","url":"https:\/\/www.americanonewspaper.com\/es\/musica\/bad-bunny-en-su-primer-concierto-en-mexico\/","name":"Bad Bunny en su primer concierto en M\u00e9xico - Americano Newspaper","isPartOf":{"@id":"https:\/\/www.americanonewspaper.com\/es\/#website"},"primaryImageOfPage":{"@id":"https:\/\/www.americanonewspaper.com\/es\/musica\/bad-bunny-en-su-primer-concierto-en-mexico\/#primaryimage"},"image":{"@id":"https:\/\/www.americanonewspaper.com\/es\/musica\/bad-bunny-en-su-primer-concierto-en-mexico\/#primaryimage"},"thumbnailUrl":"https:\/\/www.americanonewspaper.com\/es\/wp-content\/uploads\/2025\/12\/95f3580d98f51e35751c1b2fc0643b61eeb94b6aminiw.jpg","datePublished":"2025-12-12T00:33:50+00:00","dateModified":"2025-12-12T18:15:10+00:00","description":"El puertorrique\u00f1o Bad Bunny cerr\u00f3 este mi\u00e9rcoles su primer concierto de ocho en Ciudad de M\u00e9xico afirmando que ser\u00e1 la \u00faltima locaci\u00f3n de su gira \u2018Deb\u00ed tirar m\u00e1s fotos World Tour\u2019 en 2025, por lo que pidi\u00f3 poner la vara alta para el resto de fechas programadas en el estadio GNP Seguros.","breadcrumb":{"@id":"https:\/\/www.americanonewspaper.com\/es\/musica\/bad-bunny-en-su-primer-concierto-en-mexico\/#breadcrumb"},"inLanguage":"en-US","potentialAction":[{"@type":"ReadAction","target":["https:\/\/www.americanonewspaper.com\/es\/musica\/bad-bunny-en-su-primer-concierto-en-mexico\/"]}]},{"@type":"ImageObject","inLanguage":"en-US","@id":"https:\/\/www.americanonewspaper.com\/es\/musica\/bad-bunny-en-su-primer-concierto-en-mexico\/#primaryimage","url":"https:\/\/www.americanonewspaper.com\/es\/wp-content\/uploads\/2025\/12\/95f3580d98f51e35751c1b2fc0643b61eeb94b6aminiw.jpg","contentUrl":"https:\/\/www.americanonewspaper.com\/es\/wp-content\/uploads\/2025\/12\/95f3580d98f51e35751c1b2fc0643b61eeb94b6aminiw.jpg","width":900,"height":600,"caption":"Imagen del concierto de Bad Bunny en M\u00e9xico. EFE"},{"@type":"BreadcrumbList","@id":"https:\/\/www.americanonewspaper.com\/es\/musica\/bad-bunny-en-su-primer-concierto-en-mexico\/#breadcrumb","itemListElement":[{"@type":"ListItem","position":1,"name":"Home","item":"https:\/\/www.americanonewspaper.com\/es\/"},{"@type":"ListItem","position":2,"name":"Bad Bunny en su primer concierto en M\u00e9xico"}]},{"@type":"WebSite","@id":"https:\/\/www.americanonewspaper.com\/es\/#website","url":"https:\/\/www.americanonewspaper.com\/es\/","name":"Americano Newspaper","description":"The Hispanic Newspaper of New Jersey.","publisher":{"@id":"https:\/\/www.americanonewspaper.com\/es\/#organization"},"potentialAction":[{"@type":"SearchAction","target":{"@type":"EntryPoint","urlTemplate":"https:\/\/www.americanonewspaper.com\/es\/?s={search_term_string}"},"query-input":{"@type":"PropertyValueSpecification","valueRequired":true,"valueName":"search_term_string"}}],"inLanguage":"en-US"},{"@type":"Organization","@id":"https:\/\/www.americanonewspaper.com\/es\/#organization","name":"Americano Newspaper","url":"https:\/\/www.americanonewspaper.com\/es\/","logo":{"@type":"ImageObject","inLanguage":"en-US","@id":"https:\/\/www.americanonewspaper.com\/es\/#\/schema\/logo\/image\/","url":"https:\/\/www.americanonewspaper.com\/es\/wp-content\/uploads\/2024\/05\/AmericanoLogoCircle.comCircle2.jpg","contentUrl":"https:\/\/www.americanonewspaper.com\/es\/wp-content\/uploads\/2024\/05\/AmericanoLogoCircle.comCircle2.jpg","width":600,"height":600,"caption":"Americano Newspaper"},"image":{"@id":"https:\/\/www.americanonewspaper.com\/es\/#\/schema\/logo\/image\/"},"sameAs":["https:\/\/www.facebook.com\/AmericanoNewspaper\/"]},{"@type":"Person","@id":"https:\/\/www.americanonewspaper.com\/es\/#\/schema\/person\/82c7c1ac5e9a005b627b6c7db5361c90","name":"Harmony Quintana","image":{"@type":"ImageObject","inLanguage":"en-US","@id":"https:\/\/www.americanonewspaper.com\/es\/wp-content\/litespeed\/avatar\/656e5d40e40a67e90b0fee2acae8a764.jpg?ver=1777427866","url":"https:\/\/www.americanonewspaper.com\/es\/wp-content\/litespeed\/avatar\/656e5d40e40a67e90b0fee2acae8a764.jpg?ver=1777427866","contentUrl":"https:\/\/www.americanonewspaper.com\/es\/wp-content\/litespeed\/avatar\/656e5d40e40a67e90b0fee2acae8a764.jpg?ver=1777427866","caption":"Harmony Quintana"},"sameAs":["http:\/\/www.americanonewspaper.com"],"url":"https:\/\/www.americanonewspaper.com\/es\/author\/harmony\/"}]}},"jetpack_publicize_connections":[],"jetpack_featured_media_url":"https:\/\/www.americanonewspaper.com\/es\/wp-content\/uploads\/2025\/12\/95f3580d98f51e35751c1b2fc0643b61eeb94b6aminiw.jpg","featured_image_urls":{"full":["https:\/\/www.americanonewspaper.com\/es\/wp-content\/uploads\/2025\/12\/95f3580d98f51e35751c1b2fc0643b61eeb94b6aminiw.jpg",900,600,false],"thumbnail":["https:\/\/www.americanonewspaper.com\/es\/wp-content\/uploads\/2025\/12\/95f3580d98f51e35751c1b2fc0643b61eeb94b6aminiw-250x250.jpg",250,250,true],"medium":["https:\/\/www.americanonewspaper.com\/es\/wp-content\/uploads\/2025\/12\/95f3580d98f51e35751c1b2fc0643b61eeb94b6aminiw-300x200.jpg",300,200,true],"medium_large":["https:\/\/www.americanonewspaper.com\/es\/wp-content\/uploads\/2025\/12\/95f3580d98f51e35751c1b2fc0643b61eeb94b6aminiw-768x512.jpg",696,464,true],"large":["https:\/\/www.americanonewspaper.com\/es\/wp-content\/uploads\/2025\/12\/95f3580d98f51e35751c1b2fc0643b61eeb94b6aminiw-750x500.jpg",696,464,true],"1536x1536":["https:\/\/www.americanonewspaper.com\/es\/wp-content\/uploads\/2025\/12\/95f3580d98f51e35751c1b2fc0643b61eeb94b6aminiw.jpg",900,600,false],"2048x2048":["https:\/\/www.americanonewspaper.com\/es\/wp-content\/uploads\/2025\/12\/95f3580d98f51e35751c1b2fc0643b61eeb94b6aminiw.jpg",900,600,false],"td_150x0":["https:\/\/www.americanonewspaper.com\/es\/wp-content\/uploads\/2025\/12\/95f3580d98f51e35751c1b2fc0643b61eeb94b6aminiw-150x100.jpg",150,100,true],"td_218x150":["https:\/\/www.americanonewspaper.com\/es\/wp-content\/uploads\/2025\/12\/95f3580d98f51e35751c1b2fc0643b61eeb94b6aminiw-218x150.jpg",218,150,true],"td_300x0":["https:\/\/www.americanonewspaper.com\/es\/wp-content\/uploads\/2025\/12\/95f3580d98f51e35751c1b2fc0643b61eeb94b6aminiw-300x200.jpg",300,200,true],"td_324x400":["https:\/\/www.americanonewspaper.com\/es\/wp-content\/uploads\/2025\/12\/95f3580d98f51e35751c1b2fc0643b61eeb94b6aminiw-324x400.jpg",324,400,true],"td_485x360":["https:\/\/www.americanonewspaper.com\/es\/wp-content\/uploads\/2025\/12\/95f3580d98f51e35751c1b2fc0643b61eeb94b6aminiw-485x360.jpg",485,360,true],"td_696x0":["https:\/\/www.americanonewspaper.com\/es\/wp-content\/uploads\/2025\/12\/95f3580d98f51e35751c1b2fc0643b61eeb94b6aminiw-696x464.jpg",696,464,true],"td_1068x0":["https:\/\/www.americanonewspaper.com\/es\/wp-content\/uploads\/2025\/12\/95f3580d98f51e35751c1b2fc0643b61eeb94b6aminiw.jpg",900,600,false],"td_1920x0":["https:\/\/www.americanonewspaper.com\/es\/wp-content\/uploads\/2025\/12\/95f3580d98f51e35751c1b2fc0643b61eeb94b6aminiw.jpg",900,600,false],"bdpp-medium":["https:\/\/www.americanonewspaper.com\/es\/wp-content\/uploads\/2025\/12\/95f3580d98f51e35751c1b2fc0643b61eeb94b6aminiw-640x480.jpg",640,480,true]},"author_info":{"display_name":"Harmony Quintana","author_link":"https:\/\/www.americanonewspaper.com\/es\/author\/harmony\/"},"category_info":"<a href=\"https:\/\/www.americanonewspaper.com\/es\/category\/artistas\/\" rel=\"category tag\">Artistas<\/a> <a href=\"https:\/\/www.americanonewspaper.com\/es\/category\/bad-bunny\/\" rel=\"category tag\">Bad Bunny<\/a> <a href=\"https:\/\/www.americanonewspaper.com\/es\/category\/conciertos\/\" rel=\"category tag\">Conciertos<\/a> <a href=\"https:\/\/www.americanonewspaper.com\/es\/category\/mexico-2\/\" rel=\"category tag\">M\u00e9xico<\/a> <a href=\"https:\/\/www.americanonewspaper.com\/es\/category\/musica\/\" rel=\"category tag\">M\u00fasica<\/a>","tag_info":"M\u00fasica","comment_count":"0","jetpack_sharing_enabled":true,"jetpack_likes_enabled":true,"_links":{"self":[{"href":"https:\/\/www.americanonewspaper.com\/es\/wp-json\/wp\/v2\/posts\/30339","targetHints":{"allow":["GET"]}}],"collection":[{"href":"https:\/\/www.americanonewspaper.com\/es\/wp-json\/wp\/v2\/posts"}],"about":[{"href":"https:\/\/www.americanonewspaper.com\/es\/wp-json\/wp\/v2\/types\/post"}],"author":[{"embeddable":true,"href":"https:\/\/www.americanonewspaper.com\/es\/wp-json\/wp\/v2\/users\/14"}],"replies":[{"embeddable":true,"href":"https:\/\/www.americanonewspaper.com\/es\/wp-json\/wp\/v2\/comments?post=30339"}],"version-history":[{"count":1,"href":"https:\/\/www.americanonewspaper.com\/es\/wp-json\/wp\/v2\/posts\/30339\/revisions"}],"predecessor-version":[{"id":30341,"href":"https:\/\/www.americanonewspaper.com\/es\/wp-json\/wp\/v2\/posts\/30339\/revisions\/30341"}],"wp:featuredmedia":[{"embeddable":true,"href":"https:\/\/www.americanonewspaper.com\/es\/wp-json\/wp\/v2\/media\/30340"}],"wp:attachment":[{"href":"https:\/\/www.americanonewspaper.com\/es\/wp-json\/wp\/v2\/media?parent=30339"}],"wp:term":[{"taxonomy":"category","embeddable":true,"href":"https:\/\/www.americanonewspaper.com\/es\/wp-json\/wp\/v2\/categories?post=30339"},{"taxonomy":"post_tag","embeddable":true,"href":"https:\/\/www.americanonewspaper.com\/es\/wp-json\/wp\/v2\/tags?post=30339"}],"curies":[{"name":"wp","href":"https:\/\/api.w.org\/{rel}","templated":true}]}}