{"id":30006,"date":"2025-11-18T19:09:14","date_gmt":"2025-11-19T00:09:14","guid":{"rendered":"https:\/\/www.americanonewspaper.com\/es\/?p=30006"},"modified":"2025-11-18T20:07:39","modified_gmt":"2025-11-19T01:07:39","slug":"2-2-espana-sella-su-pase-al-mundial","status":"publish","type":"post","link":"https:\/\/www.americanonewspaper.com\/es\/fifa\/futbol\/2-2-espana-sella-su-pase-al-mundial\/","title":{"rendered":"2-2. Espa\u00f1a sella su pase al Mundial 2026"},"content":{"rendered":"\n<p>Sevilla, (EFE).<\/p>\n\n\n\n<p class=\"dropcapp3\">La selecci\u00f3n espa\u00f1ola sell\u00f3 este martes en el Estadio La Cartuja de Sevilla su clasificaci\u00f3n matem\u00e1tica para el Mundial 2026 de Estados Unidos, Canad\u00e1 y M\u00e9xico con un empate agridulce ante Turqu\u00eda (2-2), que impide su pleno de triunfos en el grupo E de esta fase, aunque ampl\u00eda a 31 su racha de partidos oficiales seguidos sin perder.<\/p>\n\n\n\n<p>Espa\u00f1a domin\u00f3 con autoridad en un gran primer tiempo y se adelant\u00f3 a los 4 minutos por medio de Dani Olmo, si bien Turqu\u00eda, que necesitaba ganar por 7 goles de diferencia, empat\u00f3 en el 42 con un tanto en una acci\u00f3n a bal\u00f3n parado de G\u00fcl y tir\u00f3 de orgullo en la segunda mitad para que Ozcan remontara con el 1-2 en el 54, pero Mikel Oyarzabal recompuso la situaci\u00f3n seis minutos despu\u00e9s para hacer el 2-2 en una discreta segunda mitad del combinado espa\u00f1ol.<\/p>\n\n\n\n<figure class=\"wp-block-image size-large\"><img fetchpriority=\"high\" decoding=\"async\" width=\"800\" height=\"200\" src=\"https:\/\/www.americanonewspaper.com\/es\/wp-content\/uploads\/2025\/11\/ABOgadosGGL-copy-1-4-800x200.jpg\" alt=\"\" class=\"wp-image-29996\" srcset=\"https:\/\/www.americanonewspaper.com\/es\/wp-content\/uploads\/2025\/11\/ABOgadosGGL-copy-1-4-800x200.jpg 800w, https:\/\/www.americanonewspaper.com\/es\/wp-content\/uploads\/2025\/11\/ABOgadosGGL-copy-1-4-300x75.jpg 300w, https:\/\/www.americanonewspaper.com\/es\/wp-content\/uploads\/2025\/11\/ABOgadosGGL-copy-1-4-768x192.jpg 768w, https:\/\/www.americanonewspaper.com\/es\/wp-content\/uploads\/2025\/11\/ABOgadosGGL-copy-1-4-150x38.jpg 150w, https:\/\/www.americanonewspaper.com\/es\/wp-content\/uploads\/2025\/11\/ABOgadosGGL-copy-1-4-696x174.jpg 696w, https:\/\/www.americanonewspaper.com\/es\/wp-content\/uploads\/2025\/11\/ABOgadosGGL-copy-1-4-1068x267.jpg 1068w, https:\/\/www.americanonewspaper.com\/es\/wp-content\/uploads\/2025\/11\/ABOgadosGGL-copy-1-4.jpg 1200w\" sizes=\"(max-width: 800px) 100vw, 800px\" \/><\/figure>\n\n\n\n<p>La Roja, tras golear el s\u00e1bado a Georgia (0-4), ten\u00eda el pase virtual al Mundial en el bolsillo, pues Turqu\u00eda -que pasa a la repesca- s\u00f3lo se lo pod\u00eda arrebatar ganando por 7 o m\u00e1s goles. Un milagro imposible, m\u00e1s a\u00fan con el excelso rendimiento del equipo de Luis de la Fuente en esta fase clasificatoria (5 triunfos y este empate, 21 tantos a favor y solo 2 en contra).<\/p>\n\n\n\n<p>El seleccionador espa\u00f1ol, que ya avis\u00f3 en la previa de que sus jugadores tienen hambre de triunfo, introdujo cuatro cambios en el once respecto al de Tiflis, con Marcos Llorente en el lateral derecho, Aleix Garc\u00eda en el medio campo -junto a Fabi\u00e1n Ruiz y Mikel Merino- y Yeremy Pino y Dani Olmo acompa\u00f1ando en el tridente ofensivo a Mikel Oyarzabal.<\/p>\n\n\n\n<p>El choque comenz\u00f3 con ritmo y con un control absoluto por parte de la selecci\u00f3n espa\u00f1ola, que mand\u00f3 en el medio campo bajo la batuta de tres &#8217;emigrantes&#8217; espa\u00f1oles de calidad suprema: el navarro Merino (Arsenal), el catal\u00e1n Aleix (Leverkusen) y el sevillano Fabi\u00e1n (PSG). Pronto, adem\u00e1s, le dio resultado su f\u00fatbol ofensivo y de b\u00fasqueda de espacios.<\/p>\n\n\n\n<figure class=\"wp-block-image size-large\"><a href=\"https:\/\/www.nj.gov\/health\/vacunas\/\" target=\"_blank\" rel=\" noreferrer noopener\"><img decoding=\"async\" width=\"800\" height=\"367\" src=\"https:\/\/www.americanonewspaper.com\/es\/wp-content\/uploads\/2025\/11\/DOH-Spanish-800x367.jpg\" alt=\"\" class=\"wp-image-29983\" srcset=\"https:\/\/www.americanonewspaper.com\/es\/wp-content\/uploads\/2025\/11\/DOH-Spanish-800x367.jpg 800w, https:\/\/www.americanonewspaper.com\/es\/wp-content\/uploads\/2025\/11\/DOH-Spanish-300x138.jpg 300w, https:\/\/www.americanonewspaper.com\/es\/wp-content\/uploads\/2025\/11\/DOH-Spanish-768x352.jpg 768w, https:\/\/www.americanonewspaper.com\/es\/wp-content\/uploads\/2025\/11\/DOH-Spanish-150x69.jpg 150w, https:\/\/www.americanonewspaper.com\/es\/wp-content\/uploads\/2025\/11\/DOH-Spanish-696x319.jpg 696w, https:\/\/www.americanonewspaper.com\/es\/wp-content\/uploads\/2025\/11\/DOH-Spanish-1068x490.jpg 1068w, https:\/\/www.americanonewspaper.com\/es\/wp-content\/uploads\/2025\/11\/DOH-Spanish.jpg 1200w\" sizes=\"(max-width: 800px) 100vw, 800px\" \/><\/a><\/figure>\n\n\n\n<p>A los cuatro minutos, despu\u00e9s de un remate en semifallo de Fabi\u00e1n tras un centro de Cucurella en la primera llegada de verdad, el barcelonista Olmo, muy avispado, control\u00f3 en el \u00e1rea y logr\u00f3 el 1-0, su duod\u00e9cimo gol como internacional.<\/p>\n\n\n\n<p>Relevaron al &#8216;tocado&#8217; Pedro Porro, uno de los descartes con Jorge de Frutos; Zubimendi; Ferran Torres; y \u00c1lex Baena en un equipo que volvi\u00f3 a demostrar que, juegue quien juegue, mantiene su estilo, su f\u00fatbol de quilates, sin resentirse. En Turqu\u00eda, el italiano Vincenzo Montella revolucion\u00f3 su once con hasta ocho cambios, quiz\u00e1s ya pensando en la repesca.<\/p>\n\n\n\n<figure class=\"wp-block-image size-large\"><a href=\"https:\/\/www.linkedin.com\/in\/jaimeberrios\/\" target=\"_blank\" rel=\" noreferrer noopener\"><img decoding=\"async\" width=\"800\" height=\"269\" src=\"https:\/\/www.americanonewspaper.com\/es\/wp-content\/uploads\/2025\/11\/WhatsApp-Image-2025-09-02-at-3.35.45-PM-4-800x269.jpeg\" alt=\"\" class=\"wp-image-29967\" srcset=\"https:\/\/www.americanonewspaper.com\/es\/wp-content\/uploads\/2025\/11\/WhatsApp-Image-2025-09-02-at-3.35.45-PM-4-800x269.jpeg 800w, https:\/\/www.americanonewspaper.com\/es\/wp-content\/uploads\/2025\/11\/WhatsApp-Image-2025-09-02-at-3.35.45-PM-4-300x101.jpeg 300w, https:\/\/www.americanonewspaper.com\/es\/wp-content\/uploads\/2025\/11\/WhatsApp-Image-2025-09-02-at-3.35.45-PM-4-768x258.jpeg 768w, https:\/\/www.americanonewspaper.com\/es\/wp-content\/uploads\/2025\/11\/WhatsApp-Image-2025-09-02-at-3.35.45-PM-4-1536x516.jpeg 1536w, https:\/\/www.americanonewspaper.com\/es\/wp-content\/uploads\/2025\/11\/WhatsApp-Image-2025-09-02-at-3.35.45-PM-4-150x50.jpeg 150w, https:\/\/www.americanonewspaper.com\/es\/wp-content\/uploads\/2025\/11\/WhatsApp-Image-2025-09-02-at-3.35.45-PM-4-696x234.jpeg 696w, https:\/\/www.americanonewspaper.com\/es\/wp-content\/uploads\/2025\/11\/WhatsApp-Image-2025-09-02-at-3.35.45-PM-4-1068x359.jpeg 1068w, https:\/\/www.americanonewspaper.com\/es\/wp-content\/uploads\/2025\/11\/WhatsApp-Image-2025-09-02-at-3.35.45-PM-4.jpeg 1600w\" sizes=\"(max-width: 800px) 100vw, 800px\" \/><\/a><\/figure>\n\n\n\n<p>El partido era un mon\u00f3logo de Espa\u00f1a, con sus l\u00edneas muy adelantadas y generando una ocasi\u00f3n tras otra ante una Turqu\u00eda que cambi\u00f3 su sistema de un 4-2-31 a un 5-4-1, para frenar las embestidas de un equipo espa\u00f1ol lanzado y en racha, y que, m\u00e1s defensiva que otras veces, s\u00f3lo busc\u00f3, a cuentagotas, alguna contra o una jugada a bal\u00f3n parado.<\/p>\n\n\n\n<p>Espa\u00f1a movi\u00f3 el bal\u00f3n, domin\u00f3 con autoridad y estuvo cerca de ampliar su renta, pero le falt\u00f3 punter\u00eda en una sucesi\u00f3n de ocasiones de gol, como las firmadas por Aleix Garc\u00eda, con un tiro desde la frontal; u Oyarzabal en una doble opci\u00f3n, primero en un remate en escorzo a centro de un Llorente muy activo, y luego tras un pase en profundidad de Laporte.<\/p>\n\n\n\n<figure class=\"wp-block-image size-large\"><a href=\"https:\/\/www.td.com\/us\/en\/small-business\" target=\"_blank\" rel=\" noreferrer noopener\"><img loading=\"lazy\" decoding=\"async\" width=\"800\" height=\"432\" src=\"https:\/\/www.americanonewspaper.com\/es\/wp-content\/uploads\/2025\/11\/TDbank-copy-800x432.jpg\" alt=\"\" class=\"wp-image-29987\" srcset=\"https:\/\/www.americanonewspaper.com\/es\/wp-content\/uploads\/2025\/11\/TDbank-copy-800x432.jpg 800w, https:\/\/www.americanonewspaper.com\/es\/wp-content\/uploads\/2025\/11\/TDbank-copy-300x162.jpg 300w, https:\/\/www.americanonewspaper.com\/es\/wp-content\/uploads\/2025\/11\/TDbank-copy-768x415.jpg 768w, https:\/\/www.americanonewspaper.com\/es\/wp-content\/uploads\/2025\/11\/TDbank-copy-1536x830.jpg 1536w, https:\/\/www.americanonewspaper.com\/es\/wp-content\/uploads\/2025\/11\/TDbank-copy-2048x1107.jpg 2048w, https:\/\/www.americanonewspaper.com\/es\/wp-content\/uploads\/2025\/11\/TDbank-copy-150x81.jpg 150w, https:\/\/www.americanonewspaper.com\/es\/wp-content\/uploads\/2025\/11\/TDbank-copy-696x376.jpg 696w, https:\/\/www.americanonewspaper.com\/es\/wp-content\/uploads\/2025\/11\/TDbank-copy-1068x577.jpg 1068w, https:\/\/www.americanonewspaper.com\/es\/wp-content\/uploads\/2025\/11\/TDbank-copy-1920x1038.jpg 1920w\" sizes=\"(max-width: 800px) 100vw, 800px\" \/><\/a><\/figure>\n\n\n\n<p>A la media hora, Dani Olmo lo intent\u00f3 de nuevo en dos buenas oportunidades consecutivas, pero el meta Altay Bayindir lo impidi\u00f3 con dos despejes providenciales. El equipo de De la Fuente perdon\u00f3 y lo pag\u00f3 caro a 3 minutos del descanso, cuando Deniz G\u00fcl, a la salida de un c\u00f3rner y tras tocar Yilmaz el bal\u00f3n, remach\u00f3 a gol un bal\u00f3n suelto en el \u00e1rea local.<\/p>\n\n\n\n<p>En la reanudaci\u00f3n, con 1-1, Turqu\u00eda, que lleg\u00f3 a Sevilla con bajas notables como su m\u00e1ximo referente y capit\u00e1n, Hakan Calhanoglu, por lesi\u00f3n o el tambi\u00e9n centrocampista Ismail Y\u00fcksek, por sanci\u00f3n, sali\u00f3 con mucho br\u00edo, mucho menos aculada en su \u00e1rea que en el primer tiempo, y pronto puso en apuros a la Roja con un tiro de Kahveci que par\u00f3 Unai.<\/p>\n\n\n\n<figure class=\"wp-block-image size-large\"><img loading=\"lazy\" decoding=\"async\" width=\"750\" height=\"500\" src=\"https:\/\/www.americanonewspaper.com\/es\/wp-content\/uploads\/2025\/11\/aa282c0b9b480b57658a267e11490826a08df79aminiw-750x500.jpg\" alt=\"\" class=\"wp-image-30008\" srcset=\"https:\/\/www.americanonewspaper.com\/es\/wp-content\/uploads\/2025\/11\/aa282c0b9b480b57658a267e11490826a08df79aminiw-750x500.jpg 750w, https:\/\/www.americanonewspaper.com\/es\/wp-content\/uploads\/2025\/11\/aa282c0b9b480b57658a267e11490826a08df79aminiw-300x200.jpg 300w, https:\/\/www.americanonewspaper.com\/es\/wp-content\/uploads\/2025\/11\/aa282c0b9b480b57658a267e11490826a08df79aminiw-768x512.jpg 768w, https:\/\/www.americanonewspaper.com\/es\/wp-content\/uploads\/2025\/11\/aa282c0b9b480b57658a267e11490826a08df79aminiw-150x100.jpg 150w, https:\/\/www.americanonewspaper.com\/es\/wp-content\/uploads\/2025\/11\/aa282c0b9b480b57658a267e11490826a08df79aminiw-696x464.jpg 696w, https:\/\/www.americanonewspaper.com\/es\/wp-content\/uploads\/2025\/11\/aa282c0b9b480b57658a267e11490826a08df79aminiw.jpg 900w\" sizes=\"(max-width: 750px) 100vw, 750px\" \/><figcaption class=\"wp-element-caption\">El delantero de Espa\u00f1a, Mikel Oyarzabal (d), tras conseguir el segundo gol del combinado espa\u00f1ol durante el encuentro correspondiente a la fase de clasificaci\u00f3n para el Mundial 2026 que disputan hoy martes Espa\u00f1a y Turqu\u00eda en el estadio de La Cartuja, en Sevilla. EFE <\/figcaption><\/figure>\n\n\n\n<p>Luego, una chilena del extremo del Galatasaray Yilmaz, que mand\u00f3 a c\u00f3rner el meta vasco, fue el preludio de la gran reacci\u00f3n de un equipo turco ahora mucho m\u00e1s valiente y que logr\u00f3 darle la vuelta al marcador con el 1-2 de Salih Ozcan a los 9 minutos, con un tiro desde la frontal tras bajarle el bal\u00f3n con el pecho K\u00f6k\u00e7\u00fc. A\u00fan as\u00ed, Espa\u00f1a reaccion\u00f3 pronto.<\/p>\n\n\n\n<p>No se desmoronaron los jugadores de De la Fuente, que empataron ocho minutos despu\u00e9s, en el 62, con el sexto tanto de Oyarzabal en esta fase clasificatoria, al aprovechar varios rechaces en el \u00e1rea y remachar a bocajarro despu\u00e9s de que Merih Demiral sacara el bal\u00f3n en la l\u00ednea de gol a tiro de Yeremy.<\/p>\n\n\n\n<figure class=\"wp-block-image size-large\"><a href=\"https:\/\/tayakan.com\" target=\"_blank\" rel=\" noreferrer noopener\"><img loading=\"lazy\" decoding=\"async\" width=\"800\" height=\"236\" src=\"https:\/\/www.americanonewspaper.com\/es\/wp-content\/uploads\/2025\/11\/WhatsApp-Image-2025-09-09-at-8.17.12-PM-6-800x236.jpeg\" alt=\"\" class=\"wp-image-30002\" srcset=\"https:\/\/www.americanonewspaper.com\/es\/wp-content\/uploads\/2025\/11\/WhatsApp-Image-2025-09-09-at-8.17.12-PM-6-800x236.jpeg 800w, https:\/\/www.americanonewspaper.com\/es\/wp-content\/uploads\/2025\/11\/WhatsApp-Image-2025-09-09-at-8.17.12-PM-6-300x89.jpeg 300w, https:\/\/www.americanonewspaper.com\/es\/wp-content\/uploads\/2025\/11\/WhatsApp-Image-2025-09-09-at-8.17.12-PM-6-768x227.jpeg 768w, https:\/\/www.americanonewspaper.com\/es\/wp-content\/uploads\/2025\/11\/WhatsApp-Image-2025-09-09-at-8.17.12-PM-6-1536x453.jpeg 1536w, https:\/\/www.americanonewspaper.com\/es\/wp-content\/uploads\/2025\/11\/WhatsApp-Image-2025-09-09-at-8.17.12-PM-6-150x44.jpeg 150w, https:\/\/www.americanonewspaper.com\/es\/wp-content\/uploads\/2025\/11\/WhatsApp-Image-2025-09-09-at-8.17.12-PM-6-696x205.jpeg 696w, https:\/\/www.americanonewspaper.com\/es\/wp-content\/uploads\/2025\/11\/WhatsApp-Image-2025-09-09-at-8.17.12-PM-6-1068x315.jpeg 1068w, https:\/\/www.americanonewspaper.com\/es\/wp-content\/uploads\/2025\/11\/WhatsApp-Image-2025-09-09-at-8.17.12-PM-6.jpeg 1600w\" sizes=\"(max-width: 800px) 100vw, 800px\" \/><\/a><\/figure>\n\n\n\n<p>A partir de ah\u00ed, ambas selecciones, cada una con sus armas, trat\u00f3 de romper de nuevo la igualdad, sin \u00e9xito. Con una Turqu\u00eda m\u00e1s incisiva, Yilmaz roz\u00f3 el gol con un tiro que salv\u00f3 Unai, mientras que Espa\u00f1a acumul\u00f3 varias ocasiones en la recta final, de Samu, Baena o Fornals, e incluso se le anul\u00f3 un tanto a Ferm\u00edn por un claro fuera de juego. Al final, un 2-2 que rompi\u00f3 el pleno de triunfos espa\u00f1ol, pero que certific\u00f3 su pase como l\u00edder de grupo al Mundial 2026.<\/p>\n\n\n\n<p>&#8211; Ficha t\u00e9cnica:<\/p>\n\n\n\n<p>2 &#8211; Espa\u00f1a: Unai Sim\u00f3n; Marcos Llorente, Laporte, Cubars\u00ed, Cucurella; Mikel Merino (Ferran Torres, m.46), Aleix Garc\u00eda, Fabi\u00e1n (Fornals, m.83); Yeremi Pino (\u00c1lex Baena, 63), Oyarzabal (Samu, m.63), Dani Olmo (Ferm\u00edn, m.73).<\/p>\n\n\n\n<figure class=\"wp-block-image size-large\"><a href=\"https:\/\/www.nissancityspringfield.com\/\" target=\"_blank\" rel=\" noreferrer noopener\"><img loading=\"lazy\" decoding=\"async\" width=\"800\" height=\"433\" src=\"https:\/\/www.americanonewspaper.com\/es\/wp-content\/uploads\/2025\/11\/WhatsApp-Image-2025-11-17-at-9.02.13-PM-800x433.jpeg\" alt=\"\" class=\"wp-image-30009\" srcset=\"https:\/\/www.americanonewspaper.com\/es\/wp-content\/uploads\/2025\/11\/WhatsApp-Image-2025-11-17-at-9.02.13-PM-800x433.jpeg 800w, https:\/\/www.americanonewspaper.com\/es\/wp-content\/uploads\/2025\/11\/WhatsApp-Image-2025-11-17-at-9.02.13-PM-300x162.jpeg 300w, https:\/\/www.americanonewspaper.com\/es\/wp-content\/uploads\/2025\/11\/WhatsApp-Image-2025-11-17-at-9.02.13-PM-768x416.jpeg 768w, https:\/\/www.americanonewspaper.com\/es\/wp-content\/uploads\/2025\/11\/WhatsApp-Image-2025-11-17-at-9.02.13-PM-150x81.jpeg 150w, https:\/\/www.americanonewspaper.com\/es\/wp-content\/uploads\/2025\/11\/WhatsApp-Image-2025-11-17-at-9.02.13-PM-696x377.jpeg 696w, https:\/\/www.americanonewspaper.com\/es\/wp-content\/uploads\/2025\/11\/WhatsApp-Image-2025-11-17-at-9.02.13-PM.jpeg 1024w\" sizes=\"(max-width: 800px) 100vw, 800px\" \/><\/a><\/figure>\n\n\n\n<p>2 &#8211; Turqu\u00eda: Altay Bayindir; \u00c7elik, Demiral (Yusuf Ak\u00e7i\u00e7ek, m.83), Akaydin, S\u00f6y\u00fcnku, Kadioglu (Eskihella\u00e7, m.78); Kahveci (Sari, m.69), K\u00f6k\u00e7u, Salih Ozcan (Karazor, m.78), Yilmaz; Deniz G\u00fcl (M\u00fcld\u00fcr, m.69).<\/p>\n\n\n\n<p>Goles: 1-0, M.4: Olmo. 1-1, M.42: G\u00fcl. 1-2, M.54: Ozcan. 2-2, M.62: Oyarzabal.<\/p>\n\n\n\n<p>\u00c1rbitro: Felix Zwayer (Alemania). Amonest\u00f3 al local Baena (m.68) y a los visitantes G\u00fcl (m.12), Ozcan (m.76), Demiral (m.80) y Eskihella\u00e7 (m.89).<\/p>\n\n\n\n<p>Incidencias: Sexta y \u00faltima jornada del grupo E de la fase de clasificaci\u00f3n para el Mundial 2026. Cerca de media entrada en el Estadio La Cartuja, con 30.000 espectadores en las gradas. Se guard\u00f3 un minuto de silencio en memoria de Jos\u00e9 Manuel Ochotorena, exguardameta vasco que fue entrenador de porteros de la selecci\u00f3n entre 2004 y 2021, fallecido el pasado 27 de octubre.&nbsp;<\/p>\n\n\n\n<figure class=\"wp-block-image size-large\"><a href=\"https:\/\/www.generac.com\/home-standby-generators\/campaigns\/install\/?cid=C-00000130&amp;mb_campaign=41421&amp;mb_source=21RL&amp;mb_tx_id=6785381&amp;mb_tx_id=6785381\" target=\"_blank\" rel=\" noreferrer noopener\"><img loading=\"lazy\" decoding=\"async\" width=\"800\" height=\"372\" src=\"https:\/\/www.americanonewspaper.com\/es\/wp-content\/uploads\/2025\/11\/Screenshot-2025-11-02-at-4.00.00-PM-3-800x372.png\" alt=\"\" class=\"wp-image-29941\" srcset=\"https:\/\/www.americanonewspaper.com\/es\/wp-content\/uploads\/2025\/11\/Screenshot-2025-11-02-at-4.00.00-PM-3-800x372.png 800w, https:\/\/www.americanonewspaper.com\/es\/wp-content\/uploads\/2025\/11\/Screenshot-2025-11-02-at-4.00.00-PM-3-300x139.png 300w, https:\/\/www.americanonewspaper.com\/es\/wp-content\/uploads\/2025\/11\/Screenshot-2025-11-02-at-4.00.00-PM-3-768x357.png 768w, https:\/\/www.americanonewspaper.com\/es\/wp-content\/uploads\/2025\/11\/Screenshot-2025-11-02-at-4.00.00-PM-3-1536x714.png 1536w, https:\/\/www.americanonewspaper.com\/es\/wp-content\/uploads\/2025\/11\/Screenshot-2025-11-02-at-4.00.00-PM-3-150x70.png 150w, https:\/\/www.americanonewspaper.com\/es\/wp-content\/uploads\/2025\/11\/Screenshot-2025-11-02-at-4.00.00-PM-3-696x323.png 696w, https:\/\/www.americanonewspaper.com\/es\/wp-content\/uploads\/2025\/11\/Screenshot-2025-11-02-at-4.00.00-PM-3-1068x496.png 1068w, https:\/\/www.americanonewspaper.com\/es\/wp-content\/uploads\/2025\/11\/Screenshot-2025-11-02-at-4.00.00-PM-3.png 1610w\" sizes=\"(max-width: 800px) 100vw, 800px\" \/><\/a><\/figure>\n","protected":false},"excerpt":{"rendered":"<p>Sevilla, (EFE). La selecci\u00f3n espa\u00f1ola sell\u00f3 este martes en el Estadio La Cartuja de Sevilla su clasificaci\u00f3n matem\u00e1tica para el Mundial 2026 de Estados Unidos, Canad\u00e1 y M\u00e9xico con un empate agridulce ante Turqu\u00eda (2-2), que impide su pleno de triunfos en el grupo E de esta fase, aunque ampl\u00eda a 31 su racha de [&hellip;]<\/p>\n","protected":false},"author":14,"featured_media":30007,"comment_status":"open","ping_status":"open","sticky":true,"template":"","format":"standard","meta":{"_acf_changed":false,"tdm_status":"","tdm_grid_status":"","_jetpack_memberships_contains_paid_content":false,"footnotes":"","jetpack_publicize_message":"","jetpack_publicize_feature_enabled":true,"jetpack_social_post_already_shared":true,"jetpack_social_options":{"image_generator_settings":{"template":"highway","default_image_id":0,"font":"","enabled":false},"version":2},"_wpas_customize_per_network":false},"categories":[607,567,549,807],"tags":[],"class_list":{"0":"post-30006","1":"post","2":"type-post","3":"status-publish","4":"format-standard","5":"has-post-thumbnail","8":"category-espana","9":"category-futbol","10":"category-futbol-mundial-2026"},"acf":[],"yoast_head":"<!-- This site is optimized with the Yoast SEO Premium plugin v27.5 (Yoast SEO v27.5) - https:\/\/yoast.com\/product\/yoast-seo-premium-wordpress\/ -->\n<title>2-2. Espa\u00f1a sella su pase al Mundial 2026 - Americano Newspaper<\/title>\n<meta name=\"description\" content=\"La selecci\u00f3n espa\u00f1ola sell\u00f3 este martes en el Estadio La Cartuja de Sevilla su clasificaci\u00f3n matem\u00e1tica para el Mundial 2026 de Estados Unidos, Canad\u00e1 y M\u00e9xico con un empate agridulce ante Turqu\u00eda (2-2), que impide su pleno de triunfos en el grupo E de esta fase, aunque ampl\u00eda a 31 su racha de partidos oficiales seguidos sin perder.\" \/>\n<meta name=\"robots\" content=\"index, follow, max-snippet:-1, max-image-preview:large, max-video-preview:-1\" \/>\n<link rel=\"canonical\" href=\"https:\/\/www.americanonewspaper.com\/es\/fifa\/futbol\/2-2-espana-sella-su-pase-al-mundial\/\" \/>\n<meta property=\"og:locale\" content=\"en_US\" \/>\n<meta property=\"og:type\" content=\"article\" \/>\n<meta property=\"og:title\" content=\"2-2. Espa\u00f1a sella su pase al Mundial 2026\" \/>\n<meta property=\"og:description\" content=\"La selecci\u00f3n espa\u00f1ola sell\u00f3 este martes en el Estadio La Cartuja de Sevilla su clasificaci\u00f3n matem\u00e1tica para el Mundial 2026 de Estados Unidos, Canad\u00e1 y M\u00e9xico con un empate agridulce ante Turqu\u00eda (2-2), que impide su pleno de triunfos en el grupo E de esta fase, aunque ampl\u00eda a 31 su racha de partidos oficiales seguidos sin perder.\" \/>\n<meta property=\"og:url\" content=\"https:\/\/www.americanonewspaper.com\/es\/fifa\/futbol\/2-2-espana-sella-su-pase-al-mundial\/\" \/>\n<meta property=\"og:site_name\" content=\"Americano Newspaper\" \/>\n<meta property=\"article:publisher\" content=\"https:\/\/www.facebook.com\/AmericanoNewspaper\/\" \/>\n<meta property=\"article:published_time\" content=\"2025-11-19T00:09:14+00:00\" \/>\n<meta property=\"article:modified_time\" content=\"2025-11-19T01:07:39+00:00\" \/>\n<meta property=\"og:image\" content=\"https:\/\/www.americanonewspaper.com\/es\/wp-content\/uploads\/2025\/11\/fd61afaae59c62e63c71f2060f2808a475d1c101miniw.jpg\" \/>\n\t<meta property=\"og:image:width\" content=\"900\" \/>\n\t<meta property=\"og:image:height\" content=\"600\" \/>\n\t<meta property=\"og:image:type\" content=\"image\/jpeg\" \/>\n<meta name=\"author\" content=\"Harmony Quintana\" \/>\n<meta name=\"twitter:card\" content=\"summary_large_image\" \/>\n<meta name=\"twitter:label1\" content=\"Written by\" \/>\n\t<meta name=\"twitter:data1\" content=\"Harmony Quintana\" \/>\n\t<meta name=\"twitter:label2\" content=\"Est. reading time\" \/>\n\t<meta name=\"twitter:data2\" content=\"7 minutes\" \/>\n<script type=\"application\/ld+json\" class=\"yoast-schema-graph\">{\"@context\":\"https:\\\/\\\/schema.org\",\"@graph\":[{\"@type\":\"Article\",\"@id\":\"https:\\\/\\\/www.americanonewspaper.com\\\/es\\\/fifa\\\/futbol\\\/2-2-espana-sella-su-pase-al-mundial\\\/#article\",\"isPartOf\":{\"@id\":\"https:\\\/\\\/www.americanonewspaper.com\\\/es\\\/fifa\\\/futbol\\\/2-2-espana-sella-su-pase-al-mundial\\\/\"},\"author\":{\"name\":\"Harmony Quintana\",\"@id\":\"https:\\\/\\\/www.americanonewspaper.com\\\/es\\\/#\\\/schema\\\/person\\\/82c7c1ac5e9a005b627b6c7db5361c90\"},\"headline\":\"2-2. Espa\u00f1a sella su pase al Mundial 2026\",\"datePublished\":\"2025-11-19T00:09:14+00:00\",\"dateModified\":\"2025-11-19T01:07:39+00:00\",\"mainEntityOfPage\":{\"@id\":\"https:\\\/\\\/www.americanonewspaper.com\\\/es\\\/fifa\\\/futbol\\\/2-2-espana-sella-su-pase-al-mundial\\\/\"},\"wordCount\":1205,\"commentCount\":0,\"publisher\":{\"@id\":\"https:\\\/\\\/www.americanonewspaper.com\\\/es\\\/#organization\"},\"image\":{\"@id\":\"https:\\\/\\\/www.americanonewspaper.com\\\/es\\\/fifa\\\/futbol\\\/2-2-espana-sella-su-pase-al-mundial\\\/#primaryimage\"},\"thumbnailUrl\":\"https:\\\/\\\/www.americanonewspaper.com\\\/es\\\/wp-content\\\/uploads\\\/2025\\\/11\\\/fd61afaae59c62e63c71f2060f2808a475d1c101miniw.jpg\",\"articleSection\":[\"Deportes\",\"Espa\u00f1a\",\"F\u00fatbol\",\"F\u00fatbol Mundial 2026\"],\"inLanguage\":\"en-US\",\"potentialAction\":[{\"@type\":\"CommentAction\",\"name\":\"Comment\",\"target\":[\"https:\\\/\\\/www.americanonewspaper.com\\\/es\\\/fifa\\\/futbol\\\/2-2-espana-sella-su-pase-al-mundial\\\/#respond\"]}]},{\"@type\":\"WebPage\",\"@id\":\"https:\\\/\\\/www.americanonewspaper.com\\\/es\\\/fifa\\\/futbol\\\/2-2-espana-sella-su-pase-al-mundial\\\/\",\"url\":\"https:\\\/\\\/www.americanonewspaper.com\\\/es\\\/fifa\\\/futbol\\\/2-2-espana-sella-su-pase-al-mundial\\\/\",\"name\":\"2-2. Espa\u00f1a sella su pase al Mundial 2026 - Americano Newspaper\",\"isPartOf\":{\"@id\":\"https:\\\/\\\/www.americanonewspaper.com\\\/es\\\/#website\"},\"primaryImageOfPage\":{\"@id\":\"https:\\\/\\\/www.americanonewspaper.com\\\/es\\\/fifa\\\/futbol\\\/2-2-espana-sella-su-pase-al-mundial\\\/#primaryimage\"},\"image\":{\"@id\":\"https:\\\/\\\/www.americanonewspaper.com\\\/es\\\/fifa\\\/futbol\\\/2-2-espana-sella-su-pase-al-mundial\\\/#primaryimage\"},\"thumbnailUrl\":\"https:\\\/\\\/www.americanonewspaper.com\\\/es\\\/wp-content\\\/uploads\\\/2025\\\/11\\\/fd61afaae59c62e63c71f2060f2808a475d1c101miniw.jpg\",\"datePublished\":\"2025-11-19T00:09:14+00:00\",\"dateModified\":\"2025-11-19T01:07:39+00:00\",\"description\":\"La selecci\u00f3n espa\u00f1ola sell\u00f3 este martes en el Estadio La Cartuja de Sevilla su clasificaci\u00f3n matem\u00e1tica para el Mundial 2026 de Estados Unidos, Canad\u00e1 y M\u00e9xico con un empate agridulce ante Turqu\u00eda (2-2), que impide su pleno de triunfos en el grupo E de esta fase, aunque ampl\u00eda a 31 su racha de partidos oficiales seguidos sin perder.\",\"breadcrumb\":{\"@id\":\"https:\\\/\\\/www.americanonewspaper.com\\\/es\\\/fifa\\\/futbol\\\/2-2-espana-sella-su-pase-al-mundial\\\/#breadcrumb\"},\"inLanguage\":\"en-US\",\"potentialAction\":[{\"@type\":\"ReadAction\",\"target\":[\"https:\\\/\\\/www.americanonewspaper.com\\\/es\\\/fifa\\\/futbol\\\/2-2-espana-sella-su-pase-al-mundial\\\/\"]}]},{\"@type\":\"ImageObject\",\"inLanguage\":\"en-US\",\"@id\":\"https:\\\/\\\/www.americanonewspaper.com\\\/es\\\/fifa\\\/futbol\\\/2-2-espana-sella-su-pase-al-mundial\\\/#primaryimage\",\"url\":\"https:\\\/\\\/www.americanonewspaper.com\\\/es\\\/wp-content\\\/uploads\\\/2025\\\/11\\\/fd61afaae59c62e63c71f2060f2808a475d1c101miniw.jpg\",\"contentUrl\":\"https:\\\/\\\/www.americanonewspaper.com\\\/es\\\/wp-content\\\/uploads\\\/2025\\\/11\\\/fd61afaae59c62e63c71f2060f2808a475d1c101miniw.jpg\",\"width\":900,\"height\":600,\"caption\":\"El delantero de Turqu\u00eda, Deniz G\u00fcl (2d), remata ante el guardameta de la selecci\u00f3n espa\u00f1ola, Unai Sim\u00f3n, en la jugada que ha significado el primer gol del combinado turco durante el encuentro correspondiente a la fase de clasificaci\u00f3n para el Mundial 2026 que disputan Espa\u00f1a y Turqu\u00eda en el estadio de La Cartuja, en Sevilla. EFE\"},{\"@type\":\"BreadcrumbList\",\"@id\":\"https:\\\/\\\/www.americanonewspaper.com\\\/es\\\/fifa\\\/futbol\\\/2-2-espana-sella-su-pase-al-mundial\\\/#breadcrumb\",\"itemListElement\":[{\"@type\":\"ListItem\",\"position\":1,\"name\":\"Home\",\"item\":\"https:\\\/\\\/www.americanonewspaper.com\\\/es\\\/\"},{\"@type\":\"ListItem\",\"position\":2,\"name\":\"2-2. Espa\u00f1a sella su pase al Mundial 2026\"}]},{\"@type\":\"WebSite\",\"@id\":\"https:\\\/\\\/www.americanonewspaper.com\\\/es\\\/#website\",\"url\":\"https:\\\/\\\/www.americanonewspaper.com\\\/es\\\/\",\"name\":\"Americano Newspaper\",\"description\":\"The Hispanic Newspaper of New Jersey.\",\"publisher\":{\"@id\":\"https:\\\/\\\/www.americanonewspaper.com\\\/es\\\/#organization\"},\"potentialAction\":[{\"@type\":\"SearchAction\",\"target\":{\"@type\":\"EntryPoint\",\"urlTemplate\":\"https:\\\/\\\/www.americanonewspaper.com\\\/es\\\/?s={search_term_string}\"},\"query-input\":{\"@type\":\"PropertyValueSpecification\",\"valueRequired\":true,\"valueName\":\"search_term_string\"}}],\"inLanguage\":\"en-US\"},{\"@type\":\"Organization\",\"@id\":\"https:\\\/\\\/www.americanonewspaper.com\\\/es\\\/#organization\",\"name\":\"Americano Newspaper\",\"url\":\"https:\\\/\\\/www.americanonewspaper.com\\\/es\\\/\",\"logo\":{\"@type\":\"ImageObject\",\"inLanguage\":\"en-US\",\"@id\":\"https:\\\/\\\/www.americanonewspaper.com\\\/es\\\/#\\\/schema\\\/logo\\\/image\\\/\",\"url\":\"https:\\\/\\\/www.americanonewspaper.com\\\/es\\\/wp-content\\\/uploads\\\/2024\\\/05\\\/AmericanoLogoCircle.comCircle2.jpg\",\"contentUrl\":\"https:\\\/\\\/www.americanonewspaper.com\\\/es\\\/wp-content\\\/uploads\\\/2024\\\/05\\\/AmericanoLogoCircle.comCircle2.jpg\",\"width\":600,\"height\":600,\"caption\":\"Americano Newspaper\"},\"image\":{\"@id\":\"https:\\\/\\\/www.americanonewspaper.com\\\/es\\\/#\\\/schema\\\/logo\\\/image\\\/\"},\"sameAs\":[\"https:\\\/\\\/www.facebook.com\\\/AmericanoNewspaper\\\/\"]},{\"@type\":\"Person\",\"@id\":\"https:\\\/\\\/www.americanonewspaper.com\\\/es\\\/#\\\/schema\\\/person\\\/82c7c1ac5e9a005b627b6c7db5361c90\",\"name\":\"Harmony Quintana\",\"image\":{\"@type\":\"ImageObject\",\"inLanguage\":\"en-US\",\"@id\":\"https:\\\/\\\/www.americanonewspaper.com\\\/es\\\/wp-content\\\/litespeed\\\/avatar\\\/656e5d40e40a67e90b0fee2acae8a764.jpg?ver=1777427866\",\"url\":\"https:\\\/\\\/www.americanonewspaper.com\\\/es\\\/wp-content\\\/litespeed\\\/avatar\\\/656e5d40e40a67e90b0fee2acae8a764.jpg?ver=1777427866\",\"contentUrl\":\"https:\\\/\\\/www.americanonewspaper.com\\\/es\\\/wp-content\\\/litespeed\\\/avatar\\\/656e5d40e40a67e90b0fee2acae8a764.jpg?ver=1777427866\",\"caption\":\"Harmony Quintana\"},\"sameAs\":[\"http:\\\/\\\/www.americanonewspaper.com\"],\"url\":\"https:\\\/\\\/www.americanonewspaper.com\\\/es\\\/author\\\/harmony\\\/\"}]}<\/script>\n<!-- \/ Yoast SEO Premium plugin. -->","yoast_head_json":{"title":"2-2. Espa\u00f1a sella su pase al Mundial 2026 - Americano Newspaper","description":"La selecci\u00f3n espa\u00f1ola sell\u00f3 este martes en el Estadio La Cartuja de Sevilla su clasificaci\u00f3n matem\u00e1tica para el Mundial 2026 de Estados Unidos, Canad\u00e1 y M\u00e9xico con un empate agridulce ante Turqu\u00eda (2-2), que impide su pleno de triunfos en el grupo E de esta fase, aunque ampl\u00eda a 31 su racha de partidos oficiales seguidos sin perder.","robots":{"index":"index","follow":"follow","max-snippet":"max-snippet:-1","max-image-preview":"max-image-preview:large","max-video-preview":"max-video-preview:-1"},"canonical":"https:\/\/www.americanonewspaper.com\/es\/fifa\/futbol\/2-2-espana-sella-su-pase-al-mundial\/","og_locale":"en_US","og_type":"article","og_title":"2-2. Espa\u00f1a sella su pase al Mundial 2026","og_description":"La selecci\u00f3n espa\u00f1ola sell\u00f3 este martes en el Estadio La Cartuja de Sevilla su clasificaci\u00f3n matem\u00e1tica para el Mundial 2026 de Estados Unidos, Canad\u00e1 y M\u00e9xico con un empate agridulce ante Turqu\u00eda (2-2), que impide su pleno de triunfos en el grupo E de esta fase, aunque ampl\u00eda a 31 su racha de partidos oficiales seguidos sin perder.","og_url":"https:\/\/www.americanonewspaper.com\/es\/fifa\/futbol\/2-2-espana-sella-su-pase-al-mundial\/","og_site_name":"Americano Newspaper","article_publisher":"https:\/\/www.facebook.com\/AmericanoNewspaper\/","article_published_time":"2025-11-19T00:09:14+00:00","article_modified_time":"2025-11-19T01:07:39+00:00","og_image":[{"width":900,"height":600,"url":"https:\/\/www.americanonewspaper.com\/es\/wp-content\/uploads\/2025\/11\/fd61afaae59c62e63c71f2060f2808a475d1c101miniw.jpg","type":"image\/jpeg"}],"author":"Harmony Quintana","twitter_card":"summary_large_image","twitter_misc":{"Written by":"Harmony Quintana","Est. reading time":"7 minutes"},"schema":{"@context":"https:\/\/schema.org","@graph":[{"@type":"Article","@id":"https:\/\/www.americanonewspaper.com\/es\/fifa\/futbol\/2-2-espana-sella-su-pase-al-mundial\/#article","isPartOf":{"@id":"https:\/\/www.americanonewspaper.com\/es\/fifa\/futbol\/2-2-espana-sella-su-pase-al-mundial\/"},"author":{"name":"Harmony Quintana","@id":"https:\/\/www.americanonewspaper.com\/es\/#\/schema\/person\/82c7c1ac5e9a005b627b6c7db5361c90"},"headline":"2-2. Espa\u00f1a sella su pase al Mundial 2026","datePublished":"2025-11-19T00:09:14+00:00","dateModified":"2025-11-19T01:07:39+00:00","mainEntityOfPage":{"@id":"https:\/\/www.americanonewspaper.com\/es\/fifa\/futbol\/2-2-espana-sella-su-pase-al-mundial\/"},"wordCount":1205,"commentCount":0,"publisher":{"@id":"https:\/\/www.americanonewspaper.com\/es\/#organization"},"image":{"@id":"https:\/\/www.americanonewspaper.com\/es\/fifa\/futbol\/2-2-espana-sella-su-pase-al-mundial\/#primaryimage"},"thumbnailUrl":"https:\/\/www.americanonewspaper.com\/es\/wp-content\/uploads\/2025\/11\/fd61afaae59c62e63c71f2060f2808a475d1c101miniw.jpg","articleSection":["Deportes","Espa\u00f1a","F\u00fatbol","F\u00fatbol Mundial 2026"],"inLanguage":"en-US","potentialAction":[{"@type":"CommentAction","name":"Comment","target":["https:\/\/www.americanonewspaper.com\/es\/fifa\/futbol\/2-2-espana-sella-su-pase-al-mundial\/#respond"]}]},{"@type":"WebPage","@id":"https:\/\/www.americanonewspaper.com\/es\/fifa\/futbol\/2-2-espana-sella-su-pase-al-mundial\/","url":"https:\/\/www.americanonewspaper.com\/es\/fifa\/futbol\/2-2-espana-sella-su-pase-al-mundial\/","name":"2-2. Espa\u00f1a sella su pase al Mundial 2026 - Americano Newspaper","isPartOf":{"@id":"https:\/\/www.americanonewspaper.com\/es\/#website"},"primaryImageOfPage":{"@id":"https:\/\/www.americanonewspaper.com\/es\/fifa\/futbol\/2-2-espana-sella-su-pase-al-mundial\/#primaryimage"},"image":{"@id":"https:\/\/www.americanonewspaper.com\/es\/fifa\/futbol\/2-2-espana-sella-su-pase-al-mundial\/#primaryimage"},"thumbnailUrl":"https:\/\/www.americanonewspaper.com\/es\/wp-content\/uploads\/2025\/11\/fd61afaae59c62e63c71f2060f2808a475d1c101miniw.jpg","datePublished":"2025-11-19T00:09:14+00:00","dateModified":"2025-11-19T01:07:39+00:00","description":"La selecci\u00f3n espa\u00f1ola sell\u00f3 este martes en el Estadio La Cartuja de Sevilla su clasificaci\u00f3n matem\u00e1tica para el Mundial 2026 de Estados Unidos, Canad\u00e1 y M\u00e9xico con un empate agridulce ante Turqu\u00eda (2-2), que impide su pleno de triunfos en el grupo E de esta fase, aunque ampl\u00eda a 31 su racha de partidos oficiales seguidos sin perder.","breadcrumb":{"@id":"https:\/\/www.americanonewspaper.com\/es\/fifa\/futbol\/2-2-espana-sella-su-pase-al-mundial\/#breadcrumb"},"inLanguage":"en-US","potentialAction":[{"@type":"ReadAction","target":["https:\/\/www.americanonewspaper.com\/es\/fifa\/futbol\/2-2-espana-sella-su-pase-al-mundial\/"]}]},{"@type":"ImageObject","inLanguage":"en-US","@id":"https:\/\/www.americanonewspaper.com\/es\/fifa\/futbol\/2-2-espana-sella-su-pase-al-mundial\/#primaryimage","url":"https:\/\/www.americanonewspaper.com\/es\/wp-content\/uploads\/2025\/11\/fd61afaae59c62e63c71f2060f2808a475d1c101miniw.jpg","contentUrl":"https:\/\/www.americanonewspaper.com\/es\/wp-content\/uploads\/2025\/11\/fd61afaae59c62e63c71f2060f2808a475d1c101miniw.jpg","width":900,"height":600,"caption":"El delantero de Turqu\u00eda, Deniz G\u00fcl (2d), remata ante el guardameta de la selecci\u00f3n espa\u00f1ola, Unai Sim\u00f3n, en la jugada que ha significado el primer gol del combinado turco durante el encuentro correspondiente a la fase de clasificaci\u00f3n para el Mundial 2026 que disputan Espa\u00f1a y Turqu\u00eda en el estadio de La Cartuja, en Sevilla. EFE"},{"@type":"BreadcrumbList","@id":"https:\/\/www.americanonewspaper.com\/es\/fifa\/futbol\/2-2-espana-sella-su-pase-al-mundial\/#breadcrumb","itemListElement":[{"@type":"ListItem","position":1,"name":"Home","item":"https:\/\/www.americanonewspaper.com\/es\/"},{"@type":"ListItem","position":2,"name":"2-2. Espa\u00f1a sella su pase al Mundial 2026"}]},{"@type":"WebSite","@id":"https:\/\/www.americanonewspaper.com\/es\/#website","url":"https:\/\/www.americanonewspaper.com\/es\/","name":"Americano Newspaper","description":"The Hispanic Newspaper of New Jersey.","publisher":{"@id":"https:\/\/www.americanonewspaper.com\/es\/#organization"},"potentialAction":[{"@type":"SearchAction","target":{"@type":"EntryPoint","urlTemplate":"https:\/\/www.americanonewspaper.com\/es\/?s={search_term_string}"},"query-input":{"@type":"PropertyValueSpecification","valueRequired":true,"valueName":"search_term_string"}}],"inLanguage":"en-US"},{"@type":"Organization","@id":"https:\/\/www.americanonewspaper.com\/es\/#organization","name":"Americano Newspaper","url":"https:\/\/www.americanonewspaper.com\/es\/","logo":{"@type":"ImageObject","inLanguage":"en-US","@id":"https:\/\/www.americanonewspaper.com\/es\/#\/schema\/logo\/image\/","url":"https:\/\/www.americanonewspaper.com\/es\/wp-content\/uploads\/2024\/05\/AmericanoLogoCircle.comCircle2.jpg","contentUrl":"https:\/\/www.americanonewspaper.com\/es\/wp-content\/uploads\/2024\/05\/AmericanoLogoCircle.comCircle2.jpg","width":600,"height":600,"caption":"Americano Newspaper"},"image":{"@id":"https:\/\/www.americanonewspaper.com\/es\/#\/schema\/logo\/image\/"},"sameAs":["https:\/\/www.facebook.com\/AmericanoNewspaper\/"]},{"@type":"Person","@id":"https:\/\/www.americanonewspaper.com\/es\/#\/schema\/person\/82c7c1ac5e9a005b627b6c7db5361c90","name":"Harmony Quintana","image":{"@type":"ImageObject","inLanguage":"en-US","@id":"https:\/\/www.americanonewspaper.com\/es\/wp-content\/litespeed\/avatar\/656e5d40e40a67e90b0fee2acae8a764.jpg?ver=1777427866","url":"https:\/\/www.americanonewspaper.com\/es\/wp-content\/litespeed\/avatar\/656e5d40e40a67e90b0fee2acae8a764.jpg?ver=1777427866","contentUrl":"https:\/\/www.americanonewspaper.com\/es\/wp-content\/litespeed\/avatar\/656e5d40e40a67e90b0fee2acae8a764.jpg?ver=1777427866","caption":"Harmony Quintana"},"sameAs":["http:\/\/www.americanonewspaper.com"],"url":"https:\/\/www.americanonewspaper.com\/es\/author\/harmony\/"}]}},"jetpack_publicize_connections":[],"jetpack_featured_media_url":"https:\/\/www.americanonewspaper.com\/es\/wp-content\/uploads\/2025\/11\/fd61afaae59c62e63c71f2060f2808a475d1c101miniw.jpg","featured_image_urls":{"full":["https:\/\/www.americanonewspaper.com\/es\/wp-content\/uploads\/2025\/11\/fd61afaae59c62e63c71f2060f2808a475d1c101miniw.jpg",900,600,false],"thumbnail":["https:\/\/www.americanonewspaper.com\/es\/wp-content\/uploads\/2025\/11\/fd61afaae59c62e63c71f2060f2808a475d1c101miniw-250x250.jpg",250,250,true],"medium":["https:\/\/www.americanonewspaper.com\/es\/wp-content\/uploads\/2025\/11\/fd61afaae59c62e63c71f2060f2808a475d1c101miniw-300x200.jpg",300,200,true],"medium_large":["https:\/\/www.americanonewspaper.com\/es\/wp-content\/uploads\/2025\/11\/fd61afaae59c62e63c71f2060f2808a475d1c101miniw-768x512.jpg",696,464,true],"large":["https:\/\/www.americanonewspaper.com\/es\/wp-content\/uploads\/2025\/11\/fd61afaae59c62e63c71f2060f2808a475d1c101miniw-750x500.jpg",696,464,true],"1536x1536":["https:\/\/www.americanonewspaper.com\/es\/wp-content\/uploads\/2025\/11\/fd61afaae59c62e63c71f2060f2808a475d1c101miniw.jpg",900,600,false],"2048x2048":["https:\/\/www.americanonewspaper.com\/es\/wp-content\/uploads\/2025\/11\/fd61afaae59c62e63c71f2060f2808a475d1c101miniw.jpg",900,600,false],"td_150x0":["https:\/\/www.americanonewspaper.com\/es\/wp-content\/uploads\/2025\/11\/fd61afaae59c62e63c71f2060f2808a475d1c101miniw-150x100.jpg",150,100,true],"td_218x150":["https:\/\/www.americanonewspaper.com\/es\/wp-content\/uploads\/2025\/11\/fd61afaae59c62e63c71f2060f2808a475d1c101miniw-218x150.jpg",218,150,true],"td_300x0":["https:\/\/www.americanonewspaper.com\/es\/wp-content\/uploads\/2025\/11\/fd61afaae59c62e63c71f2060f2808a475d1c101miniw-300x200.jpg",300,200,true],"td_324x400":["https:\/\/www.americanonewspaper.com\/es\/wp-content\/uploads\/2025\/11\/fd61afaae59c62e63c71f2060f2808a475d1c101miniw-324x400.jpg",324,400,true],"td_485x360":["https:\/\/www.americanonewspaper.com\/es\/wp-content\/uploads\/2025\/11\/fd61afaae59c62e63c71f2060f2808a475d1c101miniw-485x360.jpg",485,360,true],"td_696x0":["https:\/\/www.americanonewspaper.com\/es\/wp-content\/uploads\/2025\/11\/fd61afaae59c62e63c71f2060f2808a475d1c101miniw-696x464.jpg",696,464,true],"td_1068x0":["https:\/\/www.americanonewspaper.com\/es\/wp-content\/uploads\/2025\/11\/fd61afaae59c62e63c71f2060f2808a475d1c101miniw.jpg",900,600,false],"td_1920x0":["https:\/\/www.americanonewspaper.com\/es\/wp-content\/uploads\/2025\/11\/fd61afaae59c62e63c71f2060f2808a475d1c101miniw.jpg",900,600,false],"bdpp-medium":["https:\/\/www.americanonewspaper.com\/es\/wp-content\/uploads\/2025\/11\/fd61afaae59c62e63c71f2060f2808a475d1c101miniw-640x480.jpg",640,480,true]},"author_info":{"display_name":"Harmony Quintana","author_link":"https:\/\/www.americanonewspaper.com\/es\/author\/harmony\/"},"category_info":"<a href=\"https:\/\/www.americanonewspaper.com\/es\/category\/deportes\/\" rel=\"category tag\">Deportes<\/a> <a href=\"https:\/\/www.americanonewspaper.com\/es\/category\/europe\/espana\/\" rel=\"category tag\">Espa\u00f1a<\/a> <a href=\"https:\/\/www.americanonewspaper.com\/es\/category\/fifa\/futbol\/\" rel=\"category tag\">F\u00fatbol<\/a> <a href=\"https:\/\/www.americanonewspaper.com\/es\/category\/futbol-mundial-2026\/\" rel=\"category tag\">F\u00fatbol Mundial 2026<\/a>","tag_info":"F\u00fatbol Mundial 2026","comment_count":"0","jetpack_sharing_enabled":true,"jetpack_likes_enabled":true,"_links":{"self":[{"href":"https:\/\/www.americanonewspaper.com\/es\/wp-json\/wp\/v2\/posts\/30006","targetHints":{"allow":["GET"]}}],"collection":[{"href":"https:\/\/www.americanonewspaper.com\/es\/wp-json\/wp\/v2\/posts"}],"about":[{"href":"https:\/\/www.americanonewspaper.com\/es\/wp-json\/wp\/v2\/types\/post"}],"author":[{"embeddable":true,"href":"https:\/\/www.americanonewspaper.com\/es\/wp-json\/wp\/v2\/users\/14"}],"replies":[{"embeddable":true,"href":"https:\/\/www.americanonewspaper.com\/es\/wp-json\/wp\/v2\/comments?post=30006"}],"version-history":[{"count":2,"href":"https:\/\/www.americanonewspaper.com\/es\/wp-json\/wp\/v2\/posts\/30006\/revisions"}],"predecessor-version":[{"id":30011,"href":"https:\/\/www.americanonewspaper.com\/es\/wp-json\/wp\/v2\/posts\/30006\/revisions\/30011"}],"wp:featuredmedia":[{"embeddable":true,"href":"https:\/\/www.americanonewspaper.com\/es\/wp-json\/wp\/v2\/media\/30007"}],"wp:attachment":[{"href":"https:\/\/www.americanonewspaper.com\/es\/wp-json\/wp\/v2\/media?parent=30006"}],"wp:term":[{"taxonomy":"category","embeddable":true,"href":"https:\/\/www.americanonewspaper.com\/es\/wp-json\/wp\/v2\/categories?post=30006"},{"taxonomy":"post_tag","embeddable":true,"href":"https:\/\/www.americanonewspaper.com\/es\/wp-json\/wp\/v2\/tags?post=30006"}],"curies":[{"name":"wp","href":"https:\/\/api.w.org\/{rel}","templated":true}]}}