{"id":29783,"date":"2025-11-02T14:46:04","date_gmt":"2025-11-02T19:46:04","guid":{"rendered":"https:\/\/www.americanonewspaper.com\/es\/?p=29783"},"modified":"2025-11-02T15:44:38","modified_gmt":"2025-11-02T20:44:38","slug":"el-impenetrable-un-pulmon-de-sudamerica","status":"publish","type":"post","link":"https:\/\/www.americanonewspaper.com\/es\/sudamerica\/el-impenetrable-un-pulmon-de-sudamerica\/","title":{"rendered":"El Impenetrable, un &#8216;pulm\u00f3n&#8217; de Sudam\u00e9rica"},"content":{"rendered":"\n<p>La Armon\u00eda (Argentina), (EFE).<\/p>\n\n\n\n<p class=\"dropcapp3\">El Impenetrable, un vasto territorio del norte de Argentina ubicado en la ecorregi\u00f3n boscosa m\u00e1s grande de Sudam\u00e9rica despu\u00e9s del Amazonas, enfrenta la doble amenaza de la deforestaci\u00f3n y la ganader\u00eda, actividades que ofrecen ingresos de subsistencia para sus habitantes pero que generan da\u00f1os dif\u00edciles de reparar.<\/p>\n\n\n\n<figure class=\"wp-block-image size-large\"><img fetchpriority=\"high\" decoding=\"async\" width=\"800\" height=\"200\" src=\"https:\/\/www.americanonewspaper.com\/es\/wp-content\/uploads\/2025\/10\/ABOgadosGGL-copy-1-800x200.jpg\" alt=\"\" class=\"wp-image-29766\" srcset=\"https:\/\/www.americanonewspaper.com\/es\/wp-content\/uploads\/2025\/10\/ABOgadosGGL-copy-1-800x200.jpg 800w, https:\/\/www.americanonewspaper.com\/es\/wp-content\/uploads\/2025\/10\/ABOgadosGGL-copy-1-300x75.jpg 300w, https:\/\/www.americanonewspaper.com\/es\/wp-content\/uploads\/2025\/10\/ABOgadosGGL-copy-1-768x192.jpg 768w, https:\/\/www.americanonewspaper.com\/es\/wp-content\/uploads\/2025\/10\/ABOgadosGGL-copy-1-150x38.jpg 150w, https:\/\/www.americanonewspaper.com\/es\/wp-content\/uploads\/2025\/10\/ABOgadosGGL-copy-1-696x174.jpg 696w, https:\/\/www.americanonewspaper.com\/es\/wp-content\/uploads\/2025\/10\/ABOgadosGGL-copy-1-1068x267.jpg 1068w, https:\/\/www.americanonewspaper.com\/es\/wp-content\/uploads\/2025\/10\/ABOgadosGGL-copy-1.jpg 1200w\" sizes=\"(max-width: 800px) 100vw, 800px\" \/><\/figure>\n\n\n\n<p>Esta regi\u00f3n, cuyo nombre proviene de las arduas condiciones ambientales que limitaron su accesibilidad, es parte esencial del Gran Chaco americano, que con su mill\u00f3n de kil\u00f3metros cuadrados repartidos entre Argentina, Paraguay, Bolivia y Brasil funciona como un &#8216;pulm\u00f3n&#8217; continental clave para contener el aumento de las temperaturas.<\/p>\n\n\n\n<p>En las entra\u00f1as del bosque un viento c\u00e1lido levanta el polvo fino entre la densa vegetaci\u00f3n: a\u00f1osos algarrobos de madera dura conviven con quebrachos y espinosos vinales, que con facilidad destrozan las ruedas de los camiones que recorren sus senderos, rodeados tambi\u00e9n por las flores amarillas de la brea y envueltos por el aroma del palo santo.<\/p>\n\n\n\n<figure class=\"wp-block-image size-large\"><a href=\"https:\/\/www.mikiesherrill.com\" target=\"_blank\" rel=\" noreferrer noopener\"><img decoding=\"async\" width=\"800\" height=\"445\" src=\"https:\/\/www.americanonewspaper.com\/es\/wp-content\/uploads\/2025\/10\/Screenshot-2025-10-28-at-8.37.01-PM-1-800x445.png\" alt=\"\" class=\"wp-image-29692\" srcset=\"https:\/\/www.americanonewspaper.com\/es\/wp-content\/uploads\/2025\/10\/Screenshot-2025-10-28-at-8.37.01-PM-1-800x445.png 800w, https:\/\/www.americanonewspaper.com\/es\/wp-content\/uploads\/2025\/10\/Screenshot-2025-10-28-at-8.37.01-PM-1-300x167.png 300w, https:\/\/www.americanonewspaper.com\/es\/wp-content\/uploads\/2025\/10\/Screenshot-2025-10-28-at-8.37.01-PM-1-768x427.png 768w, https:\/\/www.americanonewspaper.com\/es\/wp-content\/uploads\/2025\/10\/Screenshot-2025-10-28-at-8.37.01-PM-1-1536x854.png 1536w, https:\/\/www.americanonewspaper.com\/es\/wp-content\/uploads\/2025\/10\/Screenshot-2025-10-28-at-8.37.01-PM-1-150x83.png 150w, https:\/\/www.americanonewspaper.com\/es\/wp-content\/uploads\/2025\/10\/Screenshot-2025-10-28-at-8.37.01-PM-1-696x387.png 696w, https:\/\/www.americanonewspaper.com\/es\/wp-content\/uploads\/2025\/10\/Screenshot-2025-10-28-at-8.37.01-PM-1-1068x594.png 1068w, https:\/\/www.americanonewspaper.com\/es\/wp-content\/uploads\/2025\/10\/Screenshot-2025-10-28-at-8.37.01-PM-1.png 1604w\" sizes=\"(max-width: 800px) 100vw, 800px\" \/><\/a><\/figure>\n\n\n\n<p>A su vez, esta zona de m\u00e1s de 128.000 hect\u00e1reas de superficie es una de las m\u00e1s olvidadas por los sucesivos gobiernos nacionales y provinciales de Argentina, algo que se evidencia en el escaso servicio el\u00e9ctrico, la ausencia casi total de se\u00f1al de telefon\u00eda m\u00f3vil y el limitado acceso al agua, dependiente en buena medida de las lluvias, que son impredecibles y solo llegan en verano.<\/p>\n\n\n\n<h3 class=\"wp-block-heading\" id=\"h-proteger-el-bosque-o-vivir-de-el-nbsp\"><strong>Proteger el bosque o vivir de \u00e9l&nbsp;<\/strong><\/h3>\n\n\n\n<p>Las casi 60.000 personas que lo habitan son en su mayor\u00eda ind\u00edgenas, campesinos y peque\u00f1os productores rurales.<\/p>\n\n\n\n<p>Jorge Luna tiene 55 a\u00f1os, cuatro hijos y toda su vida transcurri\u00f3 en parajes del Impenetrable como La Armon\u00eda, donde actualmente desarrolla tres actividades simult\u00e1neas: cr\u00eda vacas, cerdos, cabras y caballos, gu\u00eda a turistas por los senderos cerrados del bosque y es due\u00f1o de un camping a orillas del r\u00edo Bermejito, uno de los dos cursos de agua primordiales para la zona.<\/p>\n\n\n\n<figure class=\"wp-block-image size-large\"><img decoding=\"async\" width=\"750\" height=\"500\" src=\"https:\/\/www.americanonewspaper.com\/es\/wp-content\/uploads\/2025\/11\/6b35abbda8dd80a7b8fb8bb08f48efc0631de16cminiw-750x500.jpg\" alt=\"\" class=\"wp-image-29785\" srcset=\"https:\/\/www.americanonewspaper.com\/es\/wp-content\/uploads\/2025\/11\/6b35abbda8dd80a7b8fb8bb08f48efc0631de16cminiw-750x500.jpg 750w, https:\/\/www.americanonewspaper.com\/es\/wp-content\/uploads\/2025\/11\/6b35abbda8dd80a7b8fb8bb08f48efc0631de16cminiw-300x200.jpg 300w, https:\/\/www.americanonewspaper.com\/es\/wp-content\/uploads\/2025\/11\/6b35abbda8dd80a7b8fb8bb08f48efc0631de16cminiw-768x512.jpg 768w, https:\/\/www.americanonewspaper.com\/es\/wp-content\/uploads\/2025\/11\/6b35abbda8dd80a7b8fb8bb08f48efc0631de16cminiw-150x100.jpg 150w, https:\/\/www.americanonewspaper.com\/es\/wp-content\/uploads\/2025\/11\/6b35abbda8dd80a7b8fb8bb08f48efc0631de16cminiw-696x464.jpg 696w, https:\/\/www.americanonewspaper.com\/es\/wp-content\/uploads\/2025\/11\/6b35abbda8dd80a7b8fb8bb08f48efc0631de16cminiw.jpg 900w\" sizes=\"(max-width: 750px) 100vw, 750px\" \/><figcaption class=\"wp-element-caption\">Un par de pescadores fue captado el pasado 24 de octubre, en el r\u00edo, en el Parque Nacional el Impenetrable, en la provincia del Chaco (Argentina). EFE\/Juan Ignacio Roncoroni<\/figcaption><\/figure>\n\n\n\n<p>Hace siete a\u00f1os, en momentos de crisis econ\u00f3mica, acept\u00f3 una oferta de una empresa maderera que quer\u00eda talar y llevarse toda la vegetaci\u00f3n valiosa de sus 100 hect\u00e1reas de tierra.<\/p>\n\n\n\n<p>&#8220;Ac\u00e1 tengo molles, algarrobos, palo santo, quebracho colorado y blanco. Son especies de madera buena. Por suerte rescind\u00ed el contrato&#8221;, relat\u00f3 a EFE desde la sombra verde de su arboleda, y explic\u00f3 que recibi\u00f3 asesoramiento de la Administraci\u00f3n de Parques Nacionales y de la Fundaci\u00f3n Rewilding Argentina.<\/p>\n\n\n\n<p>Desde 2014, gracias a una iniciativa de organizaciones ambientales locales, esta regi\u00f3n forma parte del Parque Nacional El Impenetrable, por lo que se prohibi\u00f3 la tala y la caza en su interior y se asignaron guardaparques para protegerla.<\/p>\n\n\n\n<figure class=\"wp-block-image size-large\"><a href=\"https:\/\/www.linkedin.com\/in\/jaimeberrios\/\" target=\"_blank\" rel=\" noreferrer noopener\"><img loading=\"lazy\" decoding=\"async\" width=\"800\" height=\"269\" src=\"https:\/\/www.americanonewspaper.com\/es\/wp-content\/uploads\/2025\/10\/WhatsApp-Image-2025-09-02-at-3.35.45-PM-23-800x269.jpeg\" alt=\"\" class=\"wp-image-29743\" srcset=\"https:\/\/www.americanonewspaper.com\/es\/wp-content\/uploads\/2025\/10\/WhatsApp-Image-2025-09-02-at-3.35.45-PM-23-800x269.jpeg 800w, https:\/\/www.americanonewspaper.com\/es\/wp-content\/uploads\/2025\/10\/WhatsApp-Image-2025-09-02-at-3.35.45-PM-23-300x101.jpeg 300w, https:\/\/www.americanonewspaper.com\/es\/wp-content\/uploads\/2025\/10\/WhatsApp-Image-2025-09-02-at-3.35.45-PM-23-768x258.jpeg 768w, https:\/\/www.americanonewspaper.com\/es\/wp-content\/uploads\/2025\/10\/WhatsApp-Image-2025-09-02-at-3.35.45-PM-23-1536x516.jpeg 1536w, https:\/\/www.americanonewspaper.com\/es\/wp-content\/uploads\/2025\/10\/WhatsApp-Image-2025-09-02-at-3.35.45-PM-23-150x50.jpeg 150w, https:\/\/www.americanonewspaper.com\/es\/wp-content\/uploads\/2025\/10\/WhatsApp-Image-2025-09-02-at-3.35.45-PM-23-696x234.jpeg 696w, https:\/\/www.americanonewspaper.com\/es\/wp-content\/uploads\/2025\/10\/WhatsApp-Image-2025-09-02-at-3.35.45-PM-23-1068x359.jpeg 1068w, https:\/\/www.americanonewspaper.com\/es\/wp-content\/uploads\/2025\/10\/WhatsApp-Image-2025-09-02-at-3.35.45-PM-23.jpeg 1600w\" sizes=\"(max-width: 800px) 100vw, 800px\" \/><\/a><\/figure>\n\n\n\n<p>Uno de ellos, Mat\u00edas Almeida, dialog\u00f3 con EFE en una de las puertas de acceso al parque, y advirti\u00f3 sobre los crecientes peligros que enfrenta el bosque: &#8220;Hace tres a\u00f1os que estoy trabajando en el \u00e1rea protegida, y en este corto tiempo he visto grandes cambios. El paso de camiones de extracci\u00f3n maderera es constante&#8221;.<\/p>\n\n\n\n<p>Durante sus patrullajes diarios bajo el agobiante sol del mediod\u00eda, Almeida y su equipo se topan con frecuencia con grandes extensiones de monte quemadas. &#8220;Todo se hace r\u00e1pido, en el anonimato&#8221;, se\u00f1al\u00f3, y denunci\u00f3 que a la extracci\u00f3n maderera se suma el avance de cultivos de soja, que produce &#8220;riqueza para unos pocos en poco tiempo, pero no equivale a los beneficios ecosist\u00e9micos que tiene este bosque con su biodiversidad&#8221;.<\/p>\n\n\n\n<figure class=\"wp-block-image size-large\"><a href=\"https:\/\/oscartoursdecostarica.com\/\" target=\"_blank\" rel=\" noreferrer noopener\"><img loading=\"lazy\" decoding=\"async\" width=\"800\" height=\"367\" src=\"https:\/\/www.americanonewspaper.com\/es\/wp-content\/uploads\/2025\/10\/OscarCalvo-copy-1-22-800x367.jpg\" alt=\"\" class=\"wp-image-29747\" srcset=\"https:\/\/www.americanonewspaper.com\/es\/wp-content\/uploads\/2025\/10\/OscarCalvo-copy-1-22-800x367.jpg 800w, https:\/\/www.americanonewspaper.com\/es\/wp-content\/uploads\/2025\/10\/OscarCalvo-copy-1-22-300x138.jpg 300w, https:\/\/www.americanonewspaper.com\/es\/wp-content\/uploads\/2025\/10\/OscarCalvo-copy-1-22-768x352.jpg 768w, https:\/\/www.americanonewspaper.com\/es\/wp-content\/uploads\/2025\/10\/OscarCalvo-copy-1-22-150x69.jpg 150w, https:\/\/www.americanonewspaper.com\/es\/wp-content\/uploads\/2025\/10\/OscarCalvo-copy-1-22-696x319.jpg 696w, https:\/\/www.americanonewspaper.com\/es\/wp-content\/uploads\/2025\/10\/OscarCalvo-copy-1-22-1068x490.jpg 1068w, https:\/\/www.americanonewspaper.com\/es\/wp-content\/uploads\/2025\/10\/OscarCalvo-copy-1-22.jpg 1200w\" sizes=\"(max-width: 800px) 100vw, 800px\" \/><\/a><\/figure>\n\n\n\n<p>El problema de la deforestaci\u00f3n ilegal no se limita \u00fanicamente al \u00e1rea protegida sino que afecta a buena parte de Chaco, la provincia argentina que lo alberga, donde, seg\u00fan un reciente estudio de la organizaci\u00f3n Greenpeace mediante im\u00e1genes satelitales, entre noviembre de 2020 y julio de 2025 esta pr\u00e1ctica afect\u00f3 167.684 hect\u00e1reas.<\/p>\n\n\n\n<p>&#8220;A mi pap\u00e1 y mi t\u00edo les dije &#8216;\u00bfqu\u00e9 le quieren dejar a las generaciones siguientes? Si seguimos talando \u00e1rboles, alg\u00fan d\u00eda no vamos a tener m\u00e1s lluvia o el calor va a ser insoportable&#8217;. Hemos tenido veranos de 50 grados&#8221;, asegur\u00f3 Melina Yba\u00f1ez, estudiante de guardaparque de 26 a\u00f1os nacida y criada en el Impenetrable.&nbsp;<\/p>\n\n\n\n<p>Yba\u00f1ez es adem\u00e1s gu\u00eda de turismo, una industria creciente en la zona y vista por cada vez m\u00e1s vecinos como una alternativa prometedora y sustentable.&nbsp;<\/p>\n\n\n\n<figure class=\"wp-block-image size-large\"><a href=\"https:\/\/www.njng.com\/my-account\/payment-options\/payment-assistance.aspx\" target=\"_blank\" rel=\" noreferrer noopener\"><img loading=\"lazy\" decoding=\"async\" width=\"800\" height=\"336\" src=\"https:\/\/www.americanonewspaper.com\/es\/wp-content\/uploads\/2025\/10\/Screenshot-2025-10-01-at-7.31.56-PM-1920x806-2-800x336.png\" alt=\"\" class=\"wp-image-29745\" srcset=\"https:\/\/www.americanonewspaper.com\/es\/wp-content\/uploads\/2025\/10\/Screenshot-2025-10-01-at-7.31.56-PM-1920x806-2-800x336.png 800w, https:\/\/www.americanonewspaper.com\/es\/wp-content\/uploads\/2025\/10\/Screenshot-2025-10-01-at-7.31.56-PM-1920x806-2-300x126.png 300w, https:\/\/www.americanonewspaper.com\/es\/wp-content\/uploads\/2025\/10\/Screenshot-2025-10-01-at-7.31.56-PM-1920x806-2-768x322.png 768w, https:\/\/www.americanonewspaper.com\/es\/wp-content\/uploads\/2025\/10\/Screenshot-2025-10-01-at-7.31.56-PM-1920x806-2-1536x645.png 1536w, https:\/\/www.americanonewspaper.com\/es\/wp-content\/uploads\/2025\/10\/Screenshot-2025-10-01-at-7.31.56-PM-1920x806-2-150x63.png 150w, https:\/\/www.americanonewspaper.com\/es\/wp-content\/uploads\/2025\/10\/Screenshot-2025-10-01-at-7.31.56-PM-1920x806-2-696x292.png 696w, https:\/\/www.americanonewspaper.com\/es\/wp-content\/uploads\/2025\/10\/Screenshot-2025-10-01-at-7.31.56-PM-1920x806-2-1068x448.png 1068w, https:\/\/www.americanonewspaper.com\/es\/wp-content\/uploads\/2025\/10\/Screenshot-2025-10-01-at-7.31.56-PM-1920x806-2.png 1920w\" sizes=\"(max-width: 800px) 100vw, 800px\" \/><\/a><\/figure>\n\n\n\n<p>En los \u00faltimos a\u00f1os, muchos pobladores comenzaron a adaptar sus viviendas para ofrecer alojamiento y comidas a viajeros que llegan para observar la fauna. El turismo, sin embargo, enfrenta todav\u00eda fuertes trabas producto de la dif\u00edcil accesibilidad y la falta de inversi\u00f3n.<\/p>\n\n\n\n<h3 class=\"wp-block-heading\" id=\"h-la-ganaderia-otra-amenaza\"><strong>La ganader\u00eda, otra amenaza<\/strong><\/h3>\n\n\n\n<p>Otro de los peligros que enfrenta El Impenetrable acecha a plena luz del d\u00eda, masticando pastos y hojas con aire cansino: las vacas. Criadas &#8216;a monte&#8217;, como sus due\u00f1os locales le llaman a la pr\u00e1ctica de soltarlas en zonas del bosque sin delimitar, consumen las escasas reservas de agua disponibles para los animales silvestres.<\/p>\n\n\n\n<figure class=\"wp-block-image size-large\"><a href=\"https:\/\/www.peapackprivate.com\" target=\"_blank\" rel=\" noreferrer noopener\"><img loading=\"lazy\" decoding=\"async\" width=\"800\" height=\"433\" src=\"https:\/\/www.americanonewspaper.com\/es\/wp-content\/uploads\/2025\/10\/Screenshot-2025-08-15-at-4.21.12-PM-1-9-800x433.png\" alt=\"\" class=\"wp-image-29742\" srcset=\"https:\/\/www.americanonewspaper.com\/es\/wp-content\/uploads\/2025\/10\/Screenshot-2025-08-15-at-4.21.12-PM-1-9-800x433.png 800w, https:\/\/www.americanonewspaper.com\/es\/wp-content\/uploads\/2025\/10\/Screenshot-2025-08-15-at-4.21.12-PM-1-9-300x162.png 300w, https:\/\/www.americanonewspaper.com\/es\/wp-content\/uploads\/2025\/10\/Screenshot-2025-08-15-at-4.21.12-PM-1-9-768x416.png 768w, https:\/\/www.americanonewspaper.com\/es\/wp-content\/uploads\/2025\/10\/Screenshot-2025-08-15-at-4.21.12-PM-1-9-1536x832.png 1536w, https:\/\/www.americanonewspaper.com\/es\/wp-content\/uploads\/2025\/10\/Screenshot-2025-08-15-at-4.21.12-PM-1-9-150x81.png 150w, https:\/\/www.americanonewspaper.com\/es\/wp-content\/uploads\/2025\/10\/Screenshot-2025-08-15-at-4.21.12-PM-1-9-696x377.png 696w, https:\/\/www.americanonewspaper.com\/es\/wp-content\/uploads\/2025\/10\/Screenshot-2025-08-15-at-4.21.12-PM-1-9-1068x578.png 1068w, https:\/\/www.americanonewspaper.com\/es\/wp-content\/uploads\/2025\/10\/Screenshot-2025-08-15-at-4.21.12-PM-1-9.png 1596w\" sizes=\"(max-width: 800px) 100vw, 800px\" \/><\/a><\/figure>\n\n\n\n<p>Si bien la zona se emplaza entre el Bermejo y el Bermejito, dos r\u00edos sinuosos y cargados de sedimento que dan su caracter\u00edstico color t\u00e9 con leche al caudaloso Paran\u00e1 y al R\u00edo de la Plata, la cantidad y diversidad de fauna en el bosque es tal que el agua no siempre alcanza.<\/p>\n\n\n\n<p>&#8220;El ganado genera una competencia h\u00eddrica. Las vacas y los caballos toman mucha cantidad de agua por d\u00eda, lo que seca muy r\u00e1pidamente las charcas&#8221;, alert\u00f3 Almeida, que comprende que el ganado es un factor de subsistencia para los vecinos de la zona, pero que desbalancea tanto el fr\u00e1gil ecosistema que lo mejor ser\u00eda erradicarlo.<\/p>\n\n\n\n<figure class=\"wp-block-image size-large\"><a href=\"https:\/\/www.eventbrite.com\/e\/atlantic-city-hospitality-fiesta-2025-tickets-1242600133449?aff=oddtdtcreator\" target=\"_blank\" rel=\" noreferrer noopener\"><img loading=\"lazy\" decoding=\"async\" width=\"800\" height=\"403\" src=\"https:\/\/www.americanonewspaper.com\/es\/wp-content\/uploads\/2025\/10\/Screenshot-2025-10-02-at-9.19.51-AM-800x403.png\" alt=\"\" class=\"wp-image-29102\" srcset=\"https:\/\/www.americanonewspaper.com\/es\/wp-content\/uploads\/2025\/10\/Screenshot-2025-10-02-at-9.19.51-AM-800x403.png 800w, https:\/\/www.americanonewspaper.com\/es\/wp-content\/uploads\/2025\/10\/Screenshot-2025-10-02-at-9.19.51-AM-300x151.png 300w, https:\/\/www.americanonewspaper.com\/es\/wp-content\/uploads\/2025\/10\/Screenshot-2025-10-02-at-9.19.51-AM-768x387.png 768w, https:\/\/www.americanonewspaper.com\/es\/wp-content\/uploads\/2025\/10\/Screenshot-2025-10-02-at-9.19.51-AM-150x76.png 150w, https:\/\/www.americanonewspaper.com\/es\/wp-content\/uploads\/2025\/10\/Screenshot-2025-10-02-at-9.19.51-AM-696x351.png 696w, https:\/\/www.americanonewspaper.com\/es\/wp-content\/uploads\/2025\/10\/Screenshot-2025-10-02-at-9.19.51-AM-1068x538.png 1068w, https:\/\/www.americanonewspaper.com\/es\/wp-content\/uploads\/2025\/10\/Screenshot-2025-10-02-at-9.19.51-AM.png 1242w\" sizes=\"(max-width: 800px) 100vw, 800px\" \/><\/a><\/figure>\n\n\n\n<p>En los m\u00e1rgenes inestables del Bermejo abrevan a diario decenas de especies de aves, as\u00ed como tapires y pecar\u00edes, mam\u00edferos herb\u00edvoros que atraen a la creciente repoblaci\u00f3n de yaguaret\u00e9s, impulsada por la Fundaci\u00f3n Rewilding.<\/p>\n\n\n\n<p>&#8220;Los humanos somos los responsables de esa destrucci\u00f3n del bosque chaque\u00f1o, pero tambi\u00e9n podemos participar activamente de su recuperaci\u00f3n&#8221;, afirm\u00f3 a EFE D\u00e9bora Abreg\u00fa, integrante del equipo de la fundaci\u00f3n, que trabaja en paralelo en la concienciaci\u00f3n de la poblaci\u00f3n en la idea de que proteger y &#8220;producir naturaleza&#8221; es m\u00e1s beneficioso que el negocio de la tala y la ganader\u00eda.<\/p>\n\n\n\n<figure class=\"wp-block-image size-large\"><a href=\"https:\/\/tayakan.com\" target=\"_blank\" rel=\" noreferrer noopener\"><img loading=\"lazy\" decoding=\"async\" width=\"800\" height=\"236\" src=\"https:\/\/www.americanonewspaper.com\/es\/wp-content\/uploads\/2025\/10\/WhatsApp-Image-2025-09-09-at-8.17.12-PM-19-800x236.jpeg\" alt=\"\" class=\"wp-image-29741\" srcset=\"https:\/\/www.americanonewspaper.com\/es\/wp-content\/uploads\/2025\/10\/WhatsApp-Image-2025-09-09-at-8.17.12-PM-19-800x236.jpeg 800w, https:\/\/www.americanonewspaper.com\/es\/wp-content\/uploads\/2025\/10\/WhatsApp-Image-2025-09-09-at-8.17.12-PM-19-300x89.jpeg 300w, https:\/\/www.americanonewspaper.com\/es\/wp-content\/uploads\/2025\/10\/WhatsApp-Image-2025-09-09-at-8.17.12-PM-19-768x227.jpeg 768w, https:\/\/www.americanonewspaper.com\/es\/wp-content\/uploads\/2025\/10\/WhatsApp-Image-2025-09-09-at-8.17.12-PM-19-1536x453.jpeg 1536w, https:\/\/www.americanonewspaper.com\/es\/wp-content\/uploads\/2025\/10\/WhatsApp-Image-2025-09-09-at-8.17.12-PM-19-150x44.jpeg 150w, https:\/\/www.americanonewspaper.com\/es\/wp-content\/uploads\/2025\/10\/WhatsApp-Image-2025-09-09-at-8.17.12-PM-19-696x205.jpeg 696w, https:\/\/www.americanonewspaper.com\/es\/wp-content\/uploads\/2025\/10\/WhatsApp-Image-2025-09-09-at-8.17.12-PM-19-1068x315.jpeg 1068w, https:\/\/www.americanonewspaper.com\/es\/wp-content\/uploads\/2025\/10\/WhatsApp-Image-2025-09-09-at-8.17.12-PM-19.jpeg 1600w\" sizes=\"(max-width: 800px) 100vw, 800px\" \/><\/a><\/figure>\n","protected":false},"excerpt":{"rendered":"<p>La Armon\u00eda (Argentina), (EFE). El Impenetrable, un vasto territorio del norte de Argentina ubicado en la ecorregi\u00f3n boscosa m\u00e1s grande de Sudam\u00e9rica despu\u00e9s del Amazonas, enfrenta la doble amenaza de la deforestaci\u00f3n y la ganader\u00eda, actividades que ofrecen ingresos de subsistencia para sus habitantes pero que generan da\u00f1os dif\u00edciles de reparar. Esta regi\u00f3n, cuyo nombre [&hellip;]<\/p>\n","protected":false},"author":14,"featured_media":29784,"comment_status":"open","ping_status":"open","sticky":true,"template":"","format":"standard","meta":{"_acf_changed":false,"tdm_status":"","tdm_grid_status":"","_jetpack_memberships_contains_paid_content":false,"footnotes":"","jetpack_publicize_message":"","jetpack_publicize_feature_enabled":true,"jetpack_social_post_already_shared":true,"jetpack_social_options":{"image_generator_settings":{"template":"highway","default_image_id":0,"font":"","enabled":false},"version":2},"_wpas_customize_per_network":false},"categories":[89,1449,1448,1447],"tags":[],"class_list":{"0":"post-29783","1":"post","2":"type-post","3":"status-publish","4":"format-standard","5":"has-post-thumbnail","7":"category-argentina","8":"category-bosque","9":"category-el-impenetrable","10":"category-sudamerica"},"acf":[],"yoast_head":"<!-- This site is optimized with the Yoast SEO Premium plugin v27.5 (Yoast SEO v27.5) - https:\/\/yoast.com\/product\/yoast-seo-premium-wordpress\/ -->\n<title>El Impenetrable, un &#039;pulm\u00f3n&#039; de Sudam\u00e9rica - Americano Newspaper<\/title>\n<meta name=\"description\" content=\"El Impenetrable, un vasto territorio del norte de Argentina ubicado en la ecorregi\u00f3n boscosa m\u00e1s grande de Sudam\u00e9rica despu\u00e9s del Amazonas, enfrenta la doble amenaza de la deforestaci\u00f3n y la ganader\u00eda, actividades que ofrecen ingresos de subsistencia para sus habitantes pero que generan da\u00f1os dif\u00edciles de reparar.\" \/>\n<meta name=\"robots\" content=\"index, follow, max-snippet:-1, max-image-preview:large, max-video-preview:-1\" \/>\n<link rel=\"canonical\" href=\"https:\/\/www.americanonewspaper.com\/es\/argentina\/el-impenetrable-un-pulmon-de-sudamerica\/\" \/>\n<meta property=\"og:locale\" content=\"en_US\" \/>\n<meta property=\"og:type\" content=\"article\" \/>\n<meta property=\"og:title\" content=\"El Impenetrable, un &#039;pulm\u00f3n&#039; de Sudam\u00e9rica\" \/>\n<meta property=\"og:description\" content=\"El Impenetrable, un vasto territorio del norte de Argentina ubicado en la ecorregi\u00f3n boscosa m\u00e1s grande de Sudam\u00e9rica despu\u00e9s del Amazonas, enfrenta la doble amenaza de la deforestaci\u00f3n y la ganader\u00eda, actividades que ofrecen ingresos de subsistencia para sus habitantes pero que generan da\u00f1os dif\u00edciles de reparar.\" \/>\n<meta property=\"og:url\" content=\"https:\/\/www.americanonewspaper.com\/es\/argentina\/el-impenetrable-un-pulmon-de-sudamerica\/\" \/>\n<meta property=\"og:site_name\" content=\"Americano Newspaper\" \/>\n<meta property=\"article:publisher\" content=\"https:\/\/www.facebook.com\/AmericanoNewspaper\/\" \/>\n<meta property=\"article:published_time\" content=\"2025-11-02T19:46:04+00:00\" \/>\n<meta property=\"article:modified_time\" content=\"2025-11-02T20:44:38+00:00\" \/>\n<meta property=\"og:image\" content=\"https:\/\/www.americanonewspaper.com\/es\/wp-content\/uploads\/2025\/11\/6157629d8dc58893d4eedb58e50c84c1c3915310miniw.jpg\" \/>\n\t<meta property=\"og:image:width\" content=\"900\" \/>\n\t<meta property=\"og:image:height\" content=\"600\" \/>\n\t<meta property=\"og:image:type\" content=\"image\/jpeg\" \/>\n<meta name=\"author\" content=\"Harmony Quintana\" \/>\n<meta name=\"twitter:card\" content=\"summary_large_image\" \/>\n<meta name=\"twitter:label1\" content=\"Written by\" \/>\n\t<meta name=\"twitter:data1\" content=\"Harmony Quintana\" \/>\n\t<meta name=\"twitter:label2\" content=\"Est. reading time\" \/>\n\t<meta name=\"twitter:data2\" content=\"7 minutes\" \/>\n<script type=\"application\/ld+json\" class=\"yoast-schema-graph\">{\"@context\":\"https:\\\/\\\/schema.org\",\"@graph\":[{\"@type\":\"Article\",\"@id\":\"https:\\\/\\\/www.americanonewspaper.com\\\/es\\\/argentina\\\/el-impenetrable-un-pulmon-de-sudamerica\\\/#article\",\"isPartOf\":{\"@id\":\"https:\\\/\\\/www.americanonewspaper.com\\\/es\\\/argentina\\\/el-impenetrable-un-pulmon-de-sudamerica\\\/\"},\"author\":{\"name\":\"Harmony Quintana\",\"@id\":\"https:\\\/\\\/www.americanonewspaper.com\\\/es\\\/#\\\/schema\\\/person\\\/82c7c1ac5e9a005b627b6c7db5361c90\"},\"headline\":\"El Impenetrable, un &#8216;pulm\u00f3n&#8217; de Sudam\u00e9rica\",\"datePublished\":\"2025-11-02T19:46:04+00:00\",\"dateModified\":\"2025-11-02T20:44:38+00:00\",\"mainEntityOfPage\":{\"@id\":\"https:\\\/\\\/www.americanonewspaper.com\\\/es\\\/argentina\\\/el-impenetrable-un-pulmon-de-sudamerica\\\/\"},\"wordCount\":1115,\"commentCount\":0,\"publisher\":{\"@id\":\"https:\\\/\\\/www.americanonewspaper.com\\\/es\\\/#organization\"},\"image\":{\"@id\":\"https:\\\/\\\/www.americanonewspaper.com\\\/es\\\/argentina\\\/el-impenetrable-un-pulmon-de-sudamerica\\\/#primaryimage\"},\"thumbnailUrl\":\"https:\\\/\\\/www.americanonewspaper.com\\\/es\\\/wp-content\\\/uploads\\\/2025\\\/11\\\/6157629d8dc58893d4eedb58e50c84c1c3915310miniw.jpg\",\"articleSection\":[\"Argentina\",\"Bosque\",\"El Impenetrable\",\"Sudam\u00e9rica\"],\"inLanguage\":\"en-US\",\"potentialAction\":[{\"@type\":\"CommentAction\",\"name\":\"Comment\",\"target\":[\"https:\\\/\\\/www.americanonewspaper.com\\\/es\\\/argentina\\\/el-impenetrable-un-pulmon-de-sudamerica\\\/#respond\"]}]},{\"@type\":\"WebPage\",\"@id\":\"https:\\\/\\\/www.americanonewspaper.com\\\/es\\\/argentina\\\/el-impenetrable-un-pulmon-de-sudamerica\\\/\",\"url\":\"https:\\\/\\\/www.americanonewspaper.com\\\/es\\\/argentina\\\/el-impenetrable-un-pulmon-de-sudamerica\\\/\",\"name\":\"El Impenetrable, un 'pulm\u00f3n' de Sudam\u00e9rica - Americano Newspaper\",\"isPartOf\":{\"@id\":\"https:\\\/\\\/www.americanonewspaper.com\\\/es\\\/#website\"},\"primaryImageOfPage\":{\"@id\":\"https:\\\/\\\/www.americanonewspaper.com\\\/es\\\/argentina\\\/el-impenetrable-un-pulmon-de-sudamerica\\\/#primaryimage\"},\"image\":{\"@id\":\"https:\\\/\\\/www.americanonewspaper.com\\\/es\\\/argentina\\\/el-impenetrable-un-pulmon-de-sudamerica\\\/#primaryimage\"},\"thumbnailUrl\":\"https:\\\/\\\/www.americanonewspaper.com\\\/es\\\/wp-content\\\/uploads\\\/2025\\\/11\\\/6157629d8dc58893d4eedb58e50c84c1c3915310miniw.jpg\",\"datePublished\":\"2025-11-02T19:46:04+00:00\",\"dateModified\":\"2025-11-02T20:44:38+00:00\",\"description\":\"El Impenetrable, un vasto territorio del norte de Argentina ubicado en la ecorregi\u00f3n boscosa m\u00e1s grande de Sudam\u00e9rica despu\u00e9s del Amazonas, enfrenta la doble amenaza de la deforestaci\u00f3n y la ganader\u00eda, actividades que ofrecen ingresos de subsistencia para sus habitantes pero que generan da\u00f1os dif\u00edciles de reparar.\",\"breadcrumb\":{\"@id\":\"https:\\\/\\\/www.americanonewspaper.com\\\/es\\\/argentina\\\/el-impenetrable-un-pulmon-de-sudamerica\\\/#breadcrumb\"},\"inLanguage\":\"en-US\",\"potentialAction\":[{\"@type\":\"ReadAction\",\"target\":[\"https:\\\/\\\/www.americanonewspaper.com\\\/es\\\/argentina\\\/el-impenetrable-un-pulmon-de-sudamerica\\\/\"]}]},{\"@type\":\"ImageObject\",\"inLanguage\":\"en-US\",\"@id\":\"https:\\\/\\\/www.americanonewspaper.com\\\/es\\\/argentina\\\/el-impenetrable-un-pulmon-de-sudamerica\\\/#primaryimage\",\"url\":\"https:\\\/\\\/www.americanonewspaper.com\\\/es\\\/wp-content\\\/uploads\\\/2025\\\/11\\\/6157629d8dc58893d4eedb58e50c84c1c3915310miniw.jpg\",\"contentUrl\":\"https:\\\/\\\/www.americanonewspaper.com\\\/es\\\/wp-content\\\/uploads\\\/2025\\\/11\\\/6157629d8dc58893d4eedb58e50c84c1c3915310miniw.jpg\",\"width\":900,\"height\":600,\"caption\":\"Vista general de un tramo del r\u00edo Bermejito, el pasado 24 de octubre, en el Parque Nacional el Impenetrable, en la provincia del Chaco (Argentina). EFE\\\/Juan Ignacio Roncoroni\"},{\"@type\":\"BreadcrumbList\",\"@id\":\"https:\\\/\\\/www.americanonewspaper.com\\\/es\\\/argentina\\\/el-impenetrable-un-pulmon-de-sudamerica\\\/#breadcrumb\",\"itemListElement\":[{\"@type\":\"ListItem\",\"position\":1,\"name\":\"Home\",\"item\":\"https:\\\/\\\/www.americanonewspaper.com\\\/es\\\/\"},{\"@type\":\"ListItem\",\"position\":2,\"name\":\"El Impenetrable, un &#8216;pulm\u00f3n&#8217; de Sudam\u00e9rica\"}]},{\"@type\":\"WebSite\",\"@id\":\"https:\\\/\\\/www.americanonewspaper.com\\\/es\\\/#website\",\"url\":\"https:\\\/\\\/www.americanonewspaper.com\\\/es\\\/\",\"name\":\"Americano Newspaper\",\"description\":\"The Hispanic Newspaper of New Jersey.\",\"publisher\":{\"@id\":\"https:\\\/\\\/www.americanonewspaper.com\\\/es\\\/#organization\"},\"potentialAction\":[{\"@type\":\"SearchAction\",\"target\":{\"@type\":\"EntryPoint\",\"urlTemplate\":\"https:\\\/\\\/www.americanonewspaper.com\\\/es\\\/?s={search_term_string}\"},\"query-input\":{\"@type\":\"PropertyValueSpecification\",\"valueRequired\":true,\"valueName\":\"search_term_string\"}}],\"inLanguage\":\"en-US\"},{\"@type\":\"Organization\",\"@id\":\"https:\\\/\\\/www.americanonewspaper.com\\\/es\\\/#organization\",\"name\":\"Americano Newspaper\",\"url\":\"https:\\\/\\\/www.americanonewspaper.com\\\/es\\\/\",\"logo\":{\"@type\":\"ImageObject\",\"inLanguage\":\"en-US\",\"@id\":\"https:\\\/\\\/www.americanonewspaper.com\\\/es\\\/#\\\/schema\\\/logo\\\/image\\\/\",\"url\":\"https:\\\/\\\/www.americanonewspaper.com\\\/es\\\/wp-content\\\/uploads\\\/2024\\\/05\\\/AmericanoLogoCircle.comCircle2.jpg\",\"contentUrl\":\"https:\\\/\\\/www.americanonewspaper.com\\\/es\\\/wp-content\\\/uploads\\\/2024\\\/05\\\/AmericanoLogoCircle.comCircle2.jpg\",\"width\":600,\"height\":600,\"caption\":\"Americano Newspaper\"},\"image\":{\"@id\":\"https:\\\/\\\/www.americanonewspaper.com\\\/es\\\/#\\\/schema\\\/logo\\\/image\\\/\"},\"sameAs\":[\"https:\\\/\\\/www.facebook.com\\\/AmericanoNewspaper\\\/\"]},{\"@type\":\"Person\",\"@id\":\"https:\\\/\\\/www.americanonewspaper.com\\\/es\\\/#\\\/schema\\\/person\\\/82c7c1ac5e9a005b627b6c7db5361c90\",\"name\":\"Harmony Quintana\",\"image\":{\"@type\":\"ImageObject\",\"inLanguage\":\"en-US\",\"@id\":\"https:\\\/\\\/www.americanonewspaper.com\\\/es\\\/wp-content\\\/litespeed\\\/avatar\\\/656e5d40e40a67e90b0fee2acae8a764.jpg?ver=1777427866\",\"url\":\"https:\\\/\\\/www.americanonewspaper.com\\\/es\\\/wp-content\\\/litespeed\\\/avatar\\\/656e5d40e40a67e90b0fee2acae8a764.jpg?ver=1777427866\",\"contentUrl\":\"https:\\\/\\\/www.americanonewspaper.com\\\/es\\\/wp-content\\\/litespeed\\\/avatar\\\/656e5d40e40a67e90b0fee2acae8a764.jpg?ver=1777427866\",\"caption\":\"Harmony Quintana\"},\"sameAs\":[\"http:\\\/\\\/www.americanonewspaper.com\"],\"url\":\"https:\\\/\\\/www.americanonewspaper.com\\\/es\\\/author\\\/harmony\\\/\"}]}<\/script>\n<!-- \/ Yoast SEO Premium plugin. -->","yoast_head_json":{"title":"El Impenetrable, un 'pulm\u00f3n' de Sudam\u00e9rica - Americano Newspaper","description":"El Impenetrable, un vasto territorio del norte de Argentina ubicado en la ecorregi\u00f3n boscosa m\u00e1s grande de Sudam\u00e9rica despu\u00e9s del Amazonas, enfrenta la doble amenaza de la deforestaci\u00f3n y la ganader\u00eda, actividades que ofrecen ingresos de subsistencia para sus habitantes pero que generan da\u00f1os dif\u00edciles de reparar.","robots":{"index":"index","follow":"follow","max-snippet":"max-snippet:-1","max-image-preview":"max-image-preview:large","max-video-preview":"max-video-preview:-1"},"canonical":"https:\/\/www.americanonewspaper.com\/es\/argentina\/el-impenetrable-un-pulmon-de-sudamerica\/","og_locale":"en_US","og_type":"article","og_title":"El Impenetrable, un 'pulm\u00f3n' de Sudam\u00e9rica","og_description":"El Impenetrable, un vasto territorio del norte de Argentina ubicado en la ecorregi\u00f3n boscosa m\u00e1s grande de Sudam\u00e9rica despu\u00e9s del Amazonas, enfrenta la doble amenaza de la deforestaci\u00f3n y la ganader\u00eda, actividades que ofrecen ingresos de subsistencia para sus habitantes pero que generan da\u00f1os dif\u00edciles de reparar.","og_url":"https:\/\/www.americanonewspaper.com\/es\/argentina\/el-impenetrable-un-pulmon-de-sudamerica\/","og_site_name":"Americano Newspaper","article_publisher":"https:\/\/www.facebook.com\/AmericanoNewspaper\/","article_published_time":"2025-11-02T19:46:04+00:00","article_modified_time":"2025-11-02T20:44:38+00:00","og_image":[{"width":900,"height":600,"url":"https:\/\/www.americanonewspaper.com\/es\/wp-content\/uploads\/2025\/11\/6157629d8dc58893d4eedb58e50c84c1c3915310miniw.jpg","type":"image\/jpeg"}],"author":"Harmony Quintana","twitter_card":"summary_large_image","twitter_misc":{"Written by":"Harmony Quintana","Est. reading time":"7 minutes"},"schema":{"@context":"https:\/\/schema.org","@graph":[{"@type":"Article","@id":"https:\/\/www.americanonewspaper.com\/es\/argentina\/el-impenetrable-un-pulmon-de-sudamerica\/#article","isPartOf":{"@id":"https:\/\/www.americanonewspaper.com\/es\/argentina\/el-impenetrable-un-pulmon-de-sudamerica\/"},"author":{"name":"Harmony Quintana","@id":"https:\/\/www.americanonewspaper.com\/es\/#\/schema\/person\/82c7c1ac5e9a005b627b6c7db5361c90"},"headline":"El Impenetrable, un &#8216;pulm\u00f3n&#8217; de Sudam\u00e9rica","datePublished":"2025-11-02T19:46:04+00:00","dateModified":"2025-11-02T20:44:38+00:00","mainEntityOfPage":{"@id":"https:\/\/www.americanonewspaper.com\/es\/argentina\/el-impenetrable-un-pulmon-de-sudamerica\/"},"wordCount":1115,"commentCount":0,"publisher":{"@id":"https:\/\/www.americanonewspaper.com\/es\/#organization"},"image":{"@id":"https:\/\/www.americanonewspaper.com\/es\/argentina\/el-impenetrable-un-pulmon-de-sudamerica\/#primaryimage"},"thumbnailUrl":"https:\/\/www.americanonewspaper.com\/es\/wp-content\/uploads\/2025\/11\/6157629d8dc58893d4eedb58e50c84c1c3915310miniw.jpg","articleSection":["Argentina","Bosque","El Impenetrable","Sudam\u00e9rica"],"inLanguage":"en-US","potentialAction":[{"@type":"CommentAction","name":"Comment","target":["https:\/\/www.americanonewspaper.com\/es\/argentina\/el-impenetrable-un-pulmon-de-sudamerica\/#respond"]}]},{"@type":"WebPage","@id":"https:\/\/www.americanonewspaper.com\/es\/argentina\/el-impenetrable-un-pulmon-de-sudamerica\/","url":"https:\/\/www.americanonewspaper.com\/es\/argentina\/el-impenetrable-un-pulmon-de-sudamerica\/","name":"El Impenetrable, un 'pulm\u00f3n' de Sudam\u00e9rica - Americano Newspaper","isPartOf":{"@id":"https:\/\/www.americanonewspaper.com\/es\/#website"},"primaryImageOfPage":{"@id":"https:\/\/www.americanonewspaper.com\/es\/argentina\/el-impenetrable-un-pulmon-de-sudamerica\/#primaryimage"},"image":{"@id":"https:\/\/www.americanonewspaper.com\/es\/argentina\/el-impenetrable-un-pulmon-de-sudamerica\/#primaryimage"},"thumbnailUrl":"https:\/\/www.americanonewspaper.com\/es\/wp-content\/uploads\/2025\/11\/6157629d8dc58893d4eedb58e50c84c1c3915310miniw.jpg","datePublished":"2025-11-02T19:46:04+00:00","dateModified":"2025-11-02T20:44:38+00:00","description":"El Impenetrable, un vasto territorio del norte de Argentina ubicado en la ecorregi\u00f3n boscosa m\u00e1s grande de Sudam\u00e9rica despu\u00e9s del Amazonas, enfrenta la doble amenaza de la deforestaci\u00f3n y la ganader\u00eda, actividades que ofrecen ingresos de subsistencia para sus habitantes pero que generan da\u00f1os dif\u00edciles de reparar.","breadcrumb":{"@id":"https:\/\/www.americanonewspaper.com\/es\/argentina\/el-impenetrable-un-pulmon-de-sudamerica\/#breadcrumb"},"inLanguage":"en-US","potentialAction":[{"@type":"ReadAction","target":["https:\/\/www.americanonewspaper.com\/es\/argentina\/el-impenetrable-un-pulmon-de-sudamerica\/"]}]},{"@type":"ImageObject","inLanguage":"en-US","@id":"https:\/\/www.americanonewspaper.com\/es\/argentina\/el-impenetrable-un-pulmon-de-sudamerica\/#primaryimage","url":"https:\/\/www.americanonewspaper.com\/es\/wp-content\/uploads\/2025\/11\/6157629d8dc58893d4eedb58e50c84c1c3915310miniw.jpg","contentUrl":"https:\/\/www.americanonewspaper.com\/es\/wp-content\/uploads\/2025\/11\/6157629d8dc58893d4eedb58e50c84c1c3915310miniw.jpg","width":900,"height":600,"caption":"Vista general de un tramo del r\u00edo Bermejito, el pasado 24 de octubre, en el Parque Nacional el Impenetrable, en la provincia del Chaco (Argentina). EFE\/Juan Ignacio Roncoroni"},{"@type":"BreadcrumbList","@id":"https:\/\/www.americanonewspaper.com\/es\/argentina\/el-impenetrable-un-pulmon-de-sudamerica\/#breadcrumb","itemListElement":[{"@type":"ListItem","position":1,"name":"Home","item":"https:\/\/www.americanonewspaper.com\/es\/"},{"@type":"ListItem","position":2,"name":"El Impenetrable, un &#8216;pulm\u00f3n&#8217; de Sudam\u00e9rica"}]},{"@type":"WebSite","@id":"https:\/\/www.americanonewspaper.com\/es\/#website","url":"https:\/\/www.americanonewspaper.com\/es\/","name":"Americano Newspaper","description":"The Hispanic Newspaper of New Jersey.","publisher":{"@id":"https:\/\/www.americanonewspaper.com\/es\/#organization"},"potentialAction":[{"@type":"SearchAction","target":{"@type":"EntryPoint","urlTemplate":"https:\/\/www.americanonewspaper.com\/es\/?s={search_term_string}"},"query-input":{"@type":"PropertyValueSpecification","valueRequired":true,"valueName":"search_term_string"}}],"inLanguage":"en-US"},{"@type":"Organization","@id":"https:\/\/www.americanonewspaper.com\/es\/#organization","name":"Americano Newspaper","url":"https:\/\/www.americanonewspaper.com\/es\/","logo":{"@type":"ImageObject","inLanguage":"en-US","@id":"https:\/\/www.americanonewspaper.com\/es\/#\/schema\/logo\/image\/","url":"https:\/\/www.americanonewspaper.com\/es\/wp-content\/uploads\/2024\/05\/AmericanoLogoCircle.comCircle2.jpg","contentUrl":"https:\/\/www.americanonewspaper.com\/es\/wp-content\/uploads\/2024\/05\/AmericanoLogoCircle.comCircle2.jpg","width":600,"height":600,"caption":"Americano Newspaper"},"image":{"@id":"https:\/\/www.americanonewspaper.com\/es\/#\/schema\/logo\/image\/"},"sameAs":["https:\/\/www.facebook.com\/AmericanoNewspaper\/"]},{"@type":"Person","@id":"https:\/\/www.americanonewspaper.com\/es\/#\/schema\/person\/82c7c1ac5e9a005b627b6c7db5361c90","name":"Harmony Quintana","image":{"@type":"ImageObject","inLanguage":"en-US","@id":"https:\/\/www.americanonewspaper.com\/es\/wp-content\/litespeed\/avatar\/656e5d40e40a67e90b0fee2acae8a764.jpg?ver=1777427866","url":"https:\/\/www.americanonewspaper.com\/es\/wp-content\/litespeed\/avatar\/656e5d40e40a67e90b0fee2acae8a764.jpg?ver=1777427866","contentUrl":"https:\/\/www.americanonewspaper.com\/es\/wp-content\/litespeed\/avatar\/656e5d40e40a67e90b0fee2acae8a764.jpg?ver=1777427866","caption":"Harmony Quintana"},"sameAs":["http:\/\/www.americanonewspaper.com"],"url":"https:\/\/www.americanonewspaper.com\/es\/author\/harmony\/"}]}},"jetpack_publicize_connections":[],"jetpack_featured_media_url":"https:\/\/www.americanonewspaper.com\/es\/wp-content\/uploads\/2025\/11\/6157629d8dc58893d4eedb58e50c84c1c3915310miniw.jpg","featured_image_urls":{"full":["https:\/\/www.americanonewspaper.com\/es\/wp-content\/uploads\/2025\/11\/6157629d8dc58893d4eedb58e50c84c1c3915310miniw.jpg",900,600,false],"thumbnail":["https:\/\/www.americanonewspaper.com\/es\/wp-content\/uploads\/2025\/11\/6157629d8dc58893d4eedb58e50c84c1c3915310miniw-250x250.jpg",250,250,true],"medium":["https:\/\/www.americanonewspaper.com\/es\/wp-content\/uploads\/2025\/11\/6157629d8dc58893d4eedb58e50c84c1c3915310miniw-300x200.jpg",300,200,true],"medium_large":["https:\/\/www.americanonewspaper.com\/es\/wp-content\/uploads\/2025\/11\/6157629d8dc58893d4eedb58e50c84c1c3915310miniw-768x512.jpg",696,464,true],"large":["https:\/\/www.americanonewspaper.com\/es\/wp-content\/uploads\/2025\/11\/6157629d8dc58893d4eedb58e50c84c1c3915310miniw-750x500.jpg",696,464,true],"1536x1536":["https:\/\/www.americanonewspaper.com\/es\/wp-content\/uploads\/2025\/11\/6157629d8dc58893d4eedb58e50c84c1c3915310miniw.jpg",900,600,false],"2048x2048":["https:\/\/www.americanonewspaper.com\/es\/wp-content\/uploads\/2025\/11\/6157629d8dc58893d4eedb58e50c84c1c3915310miniw.jpg",900,600,false],"td_150x0":["https:\/\/www.americanonewspaper.com\/es\/wp-content\/uploads\/2025\/11\/6157629d8dc58893d4eedb58e50c84c1c3915310miniw-150x100.jpg",150,100,true],"td_218x150":["https:\/\/www.americanonewspaper.com\/es\/wp-content\/uploads\/2025\/11\/6157629d8dc58893d4eedb58e50c84c1c3915310miniw-218x150.jpg",218,150,true],"td_300x0":["https:\/\/www.americanonewspaper.com\/es\/wp-content\/uploads\/2025\/11\/6157629d8dc58893d4eedb58e50c84c1c3915310miniw-300x200.jpg",300,200,true],"td_324x400":["https:\/\/www.americanonewspaper.com\/es\/wp-content\/uploads\/2025\/11\/6157629d8dc58893d4eedb58e50c84c1c3915310miniw-324x400.jpg",324,400,true],"td_485x360":["https:\/\/www.americanonewspaper.com\/es\/wp-content\/uploads\/2025\/11\/6157629d8dc58893d4eedb58e50c84c1c3915310miniw-485x360.jpg",485,360,true],"td_696x0":["https:\/\/www.americanonewspaper.com\/es\/wp-content\/uploads\/2025\/11\/6157629d8dc58893d4eedb58e50c84c1c3915310miniw-696x464.jpg",696,464,true],"td_1068x0":["https:\/\/www.americanonewspaper.com\/es\/wp-content\/uploads\/2025\/11\/6157629d8dc58893d4eedb58e50c84c1c3915310miniw.jpg",900,600,false],"td_1920x0":["https:\/\/www.americanonewspaper.com\/es\/wp-content\/uploads\/2025\/11\/6157629d8dc58893d4eedb58e50c84c1c3915310miniw.jpg",900,600,false],"bdpp-medium":["https:\/\/www.americanonewspaper.com\/es\/wp-content\/uploads\/2025\/11\/6157629d8dc58893d4eedb58e50c84c1c3915310miniw-640x480.jpg",640,480,true]},"author_info":{"display_name":"Harmony Quintana","author_link":"https:\/\/www.americanonewspaper.com\/es\/author\/harmony\/"},"category_info":"<a href=\"https:\/\/www.americanonewspaper.com\/es\/category\/argentina\/\" rel=\"category tag\">Argentina<\/a> <a href=\"https:\/\/www.americanonewspaper.com\/es\/category\/bosque\/\" rel=\"category tag\">Bosque<\/a> <a href=\"https:\/\/www.americanonewspaper.com\/es\/category\/el-impenetrable\/\" rel=\"category tag\">El Impenetrable<\/a> <a href=\"https:\/\/www.americanonewspaper.com\/es\/category\/sudamerica\/\" rel=\"category tag\">Sudam\u00e9rica<\/a>","tag_info":"Sudam\u00e9rica","comment_count":"0","jetpack_sharing_enabled":true,"jetpack_likes_enabled":true,"_links":{"self":[{"href":"https:\/\/www.americanonewspaper.com\/es\/wp-json\/wp\/v2\/posts\/29783","targetHints":{"allow":["GET"]}}],"collection":[{"href":"https:\/\/www.americanonewspaper.com\/es\/wp-json\/wp\/v2\/posts"}],"about":[{"href":"https:\/\/www.americanonewspaper.com\/es\/wp-json\/wp\/v2\/types\/post"}],"author":[{"embeddable":true,"href":"https:\/\/www.americanonewspaper.com\/es\/wp-json\/wp\/v2\/users\/14"}],"replies":[{"embeddable":true,"href":"https:\/\/www.americanonewspaper.com\/es\/wp-json\/wp\/v2\/comments?post=29783"}],"version-history":[{"count":1,"href":"https:\/\/www.americanonewspaper.com\/es\/wp-json\/wp\/v2\/posts\/29783\/revisions"}],"predecessor-version":[{"id":29786,"href":"https:\/\/www.americanonewspaper.com\/es\/wp-json\/wp\/v2\/posts\/29783\/revisions\/29786"}],"wp:featuredmedia":[{"embeddable":true,"href":"https:\/\/www.americanonewspaper.com\/es\/wp-json\/wp\/v2\/media\/29784"}],"wp:attachment":[{"href":"https:\/\/www.americanonewspaper.com\/es\/wp-json\/wp\/v2\/media?parent=29783"}],"wp:term":[{"taxonomy":"category","embeddable":true,"href":"https:\/\/www.americanonewspaper.com\/es\/wp-json\/wp\/v2\/categories?post=29783"},{"taxonomy":"post_tag","embeddable":true,"href":"https:\/\/www.americanonewspaper.com\/es\/wp-json\/wp\/v2\/tags?post=29783"}],"curies":[{"name":"wp","href":"https:\/\/api.w.org\/{rel}","templated":true}]}}