{"id":28757,"date":"2025-09-15T17:16:34","date_gmt":"2025-09-15T21:16:34","guid":{"rendered":"https:\/\/www.americanonewspaper.com\/es\/?p=28757"},"modified":"2025-09-27T12:27:12","modified_gmt":"2025-09-27T16:27:12","slug":"fifa-recibe-el-reclamo-del-real-madrid-xabi-alonso-pide-bajar-la-tension-arbitral","status":"publish","type":"post","link":"https:\/\/www.americanonewspaper.com\/es\/deportes\/fifa-recibe-el-reclamo-del-real-madrid-xabi-alonso-pide-bajar-la-tension-arbitral\/","title":{"rendered":"FIFA recibe el reclamo del Real Madrid, Xabi Alonso pide bajar la tensi\u00f3n arbitral"},"content":{"rendered":"\n<p class=\"dropcapp3\">Xabi Alonso, t\u00e9cnico del Real Madrid, respald\u00f3 la decisi\u00f3n del club de presentar un dossier a FIFA con errores arbitrales sufridos en sus partidos en LaLiga, pero rebaj\u00f3 la tensi\u00f3n arbitral tras su queja en San Sebasti\u00e1n, por la decisi\u00f3n del colegiado Gil Manzano de expulsar a Dean Huijsen en Anoeta.<\/p>\n\n\n<div class=\"wp-block-image\">\n<figure class=\"aligncenter size-full is-resized\"><img fetchpriority=\"high\" decoding=\"async\" width=\"600\" height=\"357\" src=\"https:\/\/www.americanonewspaper.com\/es\/wp-content\/uploads\/2025\/09\/67c136ca77896e03b764cf78d8a81bcf9c13267bm.jpg\" alt=\"\" class=\"wp-image-28758\" style=\"width:1068px;height:auto\" srcset=\"https:\/\/www.americanonewspaper.com\/es\/wp-content\/uploads\/2025\/09\/67c136ca77896e03b764cf78d8a81bcf9c13267bm.jpg 600w, https:\/\/www.americanonewspaper.com\/es\/wp-content\/uploads\/2025\/09\/67c136ca77896e03b764cf78d8a81bcf9c13267bm-300x179.jpg 300w, https:\/\/www.americanonewspaper.com\/es\/wp-content\/uploads\/2025\/09\/67c136ca77896e03b764cf78d8a81bcf9c13267bm-150x89.jpg 150w\" sizes=\"(max-width: 600px) 100vw, 600px\" \/><figcaption class=\"wp-element-caption\">El t\u00e9cnico del Real Madrid, Xabi Alonso, en la rueda de prensa previa al estreno en Liga de Campeones contra el Marsella. EFE\/ Real Madrid SOLO USO EDITORIAL\/SOLO DISPONIBLE PARA ILUSTRAR LA NOTICIA QUE ACOMPA\u00d1A (CR\u00c9DITO OBLIGATORIO)<\/figcaption><\/figure>\n<\/div>\n\n\n<p>&#8220;Despu\u00e9s del partido,con la tensi\u00f3n y lo que sucedi\u00f3,hablamos y en rueda de prensa tuve que decir lo que pensaba. Lo dejo ah\u00ed. Ahora es momento de pasar p\u00e1gina y mirar a la Champions que es muy importante&#8221;, asegur\u00f3 en rueda de prensa Xabi Alonso en v\u00edsperas del estreno europeo.<\/p>\n\n\n<div class=\"wp-block-image\">\n<figure class=\"aligncenter size-large is-resized\"><img decoding=\"async\" width=\"800\" height=\"365\" src=\"https:\/\/www.americanonewspaper.com\/es\/wp-content\/uploads\/2025\/09\/Screenshot-2025-02-20-at-9.11.40-AM-1920x877-2-11-800x365.webp\" alt=\"\" class=\"wp-image-28759\" style=\"width:1068px;height:auto\" srcset=\"https:\/\/www.americanonewspaper.com\/es\/wp-content\/uploads\/2025\/09\/Screenshot-2025-02-20-at-9.11.40-AM-1920x877-2-11-800x365.webp 800w, https:\/\/www.americanonewspaper.com\/es\/wp-content\/uploads\/2025\/09\/Screenshot-2025-02-20-at-9.11.40-AM-1920x877-2-11-300x137.webp 300w, https:\/\/www.americanonewspaper.com\/es\/wp-content\/uploads\/2025\/09\/Screenshot-2025-02-20-at-9.11.40-AM-1920x877-2-11-768x351.webp 768w, https:\/\/www.americanonewspaper.com\/es\/wp-content\/uploads\/2025\/09\/Screenshot-2025-02-20-at-9.11.40-AM-1920x877-2-11-1536x702.webp 1536w, https:\/\/www.americanonewspaper.com\/es\/wp-content\/uploads\/2025\/09\/Screenshot-2025-02-20-at-9.11.40-AM-1920x877-2-11-150x69.webp 150w, https:\/\/www.americanonewspaper.com\/es\/wp-content\/uploads\/2025\/09\/Screenshot-2025-02-20-at-9.11.40-AM-1920x877-2-11-696x318.webp 696w, https:\/\/www.americanonewspaper.com\/es\/wp-content\/uploads\/2025\/09\/Screenshot-2025-02-20-at-9.11.40-AM-1920x877-2-11-1068x488.webp 1068w, https:\/\/www.americanonewspaper.com\/es\/wp-content\/uploads\/2025\/09\/Screenshot-2025-02-20-at-9.11.40-AM-1920x877-2-11.webp 1920w\" sizes=\"(max-width: 800px) 100vw, 800px\" \/><\/figure>\n<\/div>\n\n\n<p>&#8220;No quiero ahora que sea monotema el tema arbitral, vamos a pensar en lo de ma\u00f1ana. Lo que pas\u00f3 en Anoeta estaba claro y est\u00e1 comentado. Pienso en lo que viene por delante&#8221;, a\u00f1adi\u00f3.<\/p>\n\n\n<div class=\"wp-block-image\">\n<figure class=\"aligncenter size-large is-resized\"><a href=\"https:\/\/www.linkedin.com\/in\/jaimeberrios\/\" target=\"_blank\" rel=\" noreferrer noopener\"><img decoding=\"async\" width=\"800\" height=\"269\" src=\"https:\/\/www.americanonewspaper.com\/es\/wp-content\/uploads\/2025\/09\/WhatsApp-Image-2025-09-02-at-3.35.45-PM-1-800x269.jpeg\" alt=\"\" class=\"wp-image-28760\" style=\"width:1068px;height:auto\" srcset=\"https:\/\/www.americanonewspaper.com\/es\/wp-content\/uploads\/2025\/09\/WhatsApp-Image-2025-09-02-at-3.35.45-PM-1-800x269.jpeg 800w, https:\/\/www.americanonewspaper.com\/es\/wp-content\/uploads\/2025\/09\/WhatsApp-Image-2025-09-02-at-3.35.45-PM-1-300x101.jpeg 300w, https:\/\/www.americanonewspaper.com\/es\/wp-content\/uploads\/2025\/09\/WhatsApp-Image-2025-09-02-at-3.35.45-PM-1-768x258.jpeg 768w, https:\/\/www.americanonewspaper.com\/es\/wp-content\/uploads\/2025\/09\/WhatsApp-Image-2025-09-02-at-3.35.45-PM-1-1536x516.jpeg 1536w, https:\/\/www.americanonewspaper.com\/es\/wp-content\/uploads\/2025\/09\/WhatsApp-Image-2025-09-02-at-3.35.45-PM-1-150x50.jpeg 150w, https:\/\/www.americanonewspaper.com\/es\/wp-content\/uploads\/2025\/09\/WhatsApp-Image-2025-09-02-at-3.35.45-PM-1-696x234.jpeg 696w, https:\/\/www.americanonewspaper.com\/es\/wp-content\/uploads\/2025\/09\/WhatsApp-Image-2025-09-02-at-3.35.45-PM-1-1068x359.jpeg 1068w, https:\/\/www.americanonewspaper.com\/es\/wp-content\/uploads\/2025\/09\/WhatsApp-Image-2025-09-02-at-3.35.45-PM-1.jpeg 1600w\" sizes=\"(max-width: 800px) 100vw, 800px\" \/><\/a><\/figure>\n<\/div>\n\n\n<p>A diferencia de su predecesor en el cargo, el italiano Carlo Ancelotti, y sin atender a un informe de expulsiones presentado por el Real Madrid en su televisi\u00f3n, en la comparaci\u00f3n a favor del Barcelona y en contra del equipo blanco en la petici\u00f3n espa\u00f1ola e igualdad en la europea, Xabi Alonso asegur\u00f3 que no se siente m\u00e1s tranquilo con arbitrajes de colegiados extranjeros.<\/p>\n\n\n<div class=\"wp-block-image\">\n<figure class=\"aligncenter size-large is-resized\"><a href=\"https:\/\/oscartoursdecostarica.com\/\" target=\"_blank\" rel=\" noreferrer noopener\"><img loading=\"lazy\" decoding=\"async\" width=\"800\" height=\"367\" src=\"https:\/\/www.americanonewspaper.com\/es\/wp-content\/uploads\/2025\/09\/OscarCalvo-copy-1-1-800x367.jpg\" alt=\"\" class=\"wp-image-28761\" style=\"width:1068px;height:auto\" srcset=\"https:\/\/www.americanonewspaper.com\/es\/wp-content\/uploads\/2025\/09\/OscarCalvo-copy-1-1-800x367.jpg 800w, https:\/\/www.americanonewspaper.com\/es\/wp-content\/uploads\/2025\/09\/OscarCalvo-copy-1-1-300x138.jpg 300w, https:\/\/www.americanonewspaper.com\/es\/wp-content\/uploads\/2025\/09\/OscarCalvo-copy-1-1-768x352.jpg 768w, https:\/\/www.americanonewspaper.com\/es\/wp-content\/uploads\/2025\/09\/OscarCalvo-copy-1-1-150x69.jpg 150w, https:\/\/www.americanonewspaper.com\/es\/wp-content\/uploads\/2025\/09\/OscarCalvo-copy-1-1-696x319.jpg 696w, https:\/\/www.americanonewspaper.com\/es\/wp-content\/uploads\/2025\/09\/OscarCalvo-copy-1-1-1068x490.jpg 1068w, https:\/\/www.americanonewspaper.com\/es\/wp-content\/uploads\/2025\/09\/OscarCalvo-copy-1-1.jpg 1200w\" sizes=\"(max-width: 800px) 100vw, 800px\" \/><\/a><\/figure>\n<\/div>\n\n\n<p>&#8220;Me siento igual de tranquilo, no tengo ninguna inquietud antes del partido. Ni de cara a ma\u00f1ana ni del pr\u00f3ximo s\u00e1bado en LaLiga&#8221;, afirm\u00f3 intentando lanzar un mensaje que rebaje la tensi\u00f3n.<\/p>\n\n\n<div class=\"wp-block-image\">\n<figure class=\"aligncenter size-large is-resized\"><a href=\"https:\/\/www.peapackprivate.com\/\" target=\"_blank\" rel=\" noreferrer noopener\"><img loading=\"lazy\" decoding=\"async\" width=\"800\" height=\"432\" src=\"https:\/\/www.americanonewspaper.com\/es\/wp-content\/uploads\/2025\/09\/Screenshot-2025-05-10-at-8.30.31-PM-800x432.webp\" alt=\"\" class=\"wp-image-28762\" style=\"width:1068px;height:auto\" srcset=\"https:\/\/www.americanonewspaper.com\/es\/wp-content\/uploads\/2025\/09\/Screenshot-2025-05-10-at-8.30.31-PM-800x432.webp 800w, https:\/\/www.americanonewspaper.com\/es\/wp-content\/uploads\/2025\/09\/Screenshot-2025-05-10-at-8.30.31-PM-300x162.webp 300w, https:\/\/www.americanonewspaper.com\/es\/wp-content\/uploads\/2025\/09\/Screenshot-2025-05-10-at-8.30.31-PM-768x415.webp 768w, https:\/\/www.americanonewspaper.com\/es\/wp-content\/uploads\/2025\/09\/Screenshot-2025-05-10-at-8.30.31-PM-150x81.webp 150w, https:\/\/www.americanonewspaper.com\/es\/wp-content\/uploads\/2025\/09\/Screenshot-2025-05-10-at-8.30.31-PM-696x376.webp 696w, https:\/\/www.americanonewspaper.com\/es\/wp-content\/uploads\/2025\/09\/Screenshot-2025-05-10-at-8.30.31-PM-1068x577.webp 1068w, https:\/\/www.americanonewspaper.com\/es\/wp-content\/uploads\/2025\/09\/Screenshot-2025-05-10-at-8.30.31-PM.webp 1236w\" sizes=\"(max-width: 800px) 100vw, 800px\" \/><\/a><\/figure>\n<\/div>\n\n\n<p>Lo que s\u00ed respald\u00f3 Xabi Alonso fue el paso del club de presentar un informe a FIFA sobre los arbitrajes que est\u00e1 recibiendo. &#8220;No es algo puntual, poder defender nuestros intereses es leg\u00edtimo y siempre que lo haga el club me parece bien&#8221;, sentenci\u00f3.<\/p>\n\n\n<div class=\"wp-block-image\">\n<figure class=\"aligncenter size-large is-resized\"><a href=\"https:\/\/www.shu.edu\/latino-institute\/annual-gala.html\" target=\"_blank\" rel=\" noreferrer noopener\"><img loading=\"lazy\" decoding=\"async\" width=\"800\" height=\"367\" src=\"https:\/\/www.americanonewspaper.com\/es\/wp-content\/uploads\/2025\/09\/Maria-Seton-Hall-4-1-800x367.webp\" alt=\"\" class=\"wp-image-28763\" style=\"width:1068px;height:auto\" srcset=\"https:\/\/www.americanonewspaper.com\/es\/wp-content\/uploads\/2025\/09\/Maria-Seton-Hall-4-1-800x367.webp 800w, https:\/\/www.americanonewspaper.com\/es\/wp-content\/uploads\/2025\/09\/Maria-Seton-Hall-4-1-300x138.webp 300w, https:\/\/www.americanonewspaper.com\/es\/wp-content\/uploads\/2025\/09\/Maria-Seton-Hall-4-1-768x352.webp 768w, https:\/\/www.americanonewspaper.com\/es\/wp-content\/uploads\/2025\/09\/Maria-Seton-Hall-4-1-150x69.webp 150w, https:\/\/www.americanonewspaper.com\/es\/wp-content\/uploads\/2025\/09\/Maria-Seton-Hall-4-1-696x319.webp 696w, https:\/\/www.americanonewspaper.com\/es\/wp-content\/uploads\/2025\/09\/Maria-Seton-Hall-4-1-1068x490.webp 1068w, https:\/\/www.americanonewspaper.com\/es\/wp-content\/uploads\/2025\/09\/Maria-Seton-Hall-4-1.webp 1200w\" sizes=\"(max-width: 800px) 100vw, 800px\" \/><\/a><\/figure>\n<\/div>\n\n\n<p><a href=\"https:\/\/tayakan.com\/\" target=\"_blank\" rel=\"noreferrer noopener\">Tayakan.com <\/a>(EFE)<\/p>\n\n\n<div class=\"wp-block-image\">\n<figure class=\"aligncenter size-large is-resized\"><a href=\"https:\/\/www.generac.com\/home-standby-generators\/campaigns\/install\/?cid=C-00000130&amp;mb_campaign=41421&amp;mb_source=21RR&amp;mb_tx_id=6634491&amp;mb_tx_id=6634491\" target=\"_blank\" rel=\" noreferrer noopener\"><img loading=\"lazy\" decoding=\"async\" width=\"800\" height=\"365\" src=\"https:\/\/www.americanonewspaper.com\/es\/wp-content\/uploads\/2025\/09\/Screenshot-2025-06-19-at-9.20.47-PM-1920x876-1-3-800x365.png\" alt=\"\" class=\"wp-image-28764\" style=\"width:1068px;height:auto\" srcset=\"https:\/\/www.americanonewspaper.com\/es\/wp-content\/uploads\/2025\/09\/Screenshot-2025-06-19-at-9.20.47-PM-1920x876-1-3-800x365.png 800w, https:\/\/www.americanonewspaper.com\/es\/wp-content\/uploads\/2025\/09\/Screenshot-2025-06-19-at-9.20.47-PM-1920x876-1-3-300x137.png 300w, https:\/\/www.americanonewspaper.com\/es\/wp-content\/uploads\/2025\/09\/Screenshot-2025-06-19-at-9.20.47-PM-1920x876-1-3-768x350.png 768w, https:\/\/www.americanonewspaper.com\/es\/wp-content\/uploads\/2025\/09\/Screenshot-2025-06-19-at-9.20.47-PM-1920x876-1-3-1536x701.png 1536w, https:\/\/www.americanonewspaper.com\/es\/wp-content\/uploads\/2025\/09\/Screenshot-2025-06-19-at-9.20.47-PM-1920x876-1-3-150x68.png 150w, https:\/\/www.americanonewspaper.com\/es\/wp-content\/uploads\/2025\/09\/Screenshot-2025-06-19-at-9.20.47-PM-1920x876-1-3-696x318.png 696w, https:\/\/www.americanonewspaper.com\/es\/wp-content\/uploads\/2025\/09\/Screenshot-2025-06-19-at-9.20.47-PM-1920x876-1-3-1068x487.png 1068w, https:\/\/www.americanonewspaper.com\/es\/wp-content\/uploads\/2025\/09\/Screenshot-2025-06-19-at-9.20.47-PM-1920x876-1-3.png 1920w\" sizes=\"(max-width: 800px) 100vw, 800px\" \/><\/a><\/figure>\n<\/div>","protected":false},"excerpt":{"rendered":"<p>Xabi Alonso, t\u00e9cnico del Real Madrid, respald\u00f3 la decisi\u00f3n del club de presentar un dossier a FIFA con errores arbitrales sufridos en sus partidos en LaLiga, pero rebaj\u00f3 la tensi\u00f3n arbitral tras su queja en San Sebasti\u00e1n, por la decisi\u00f3n del colegiado Gil Manzano de expulsar a Dean Huijsen en Anoeta. &#8220;Despu\u00e9s del partido,con la [&hellip;]<\/p>\n","protected":false},"author":18,"featured_media":28765,"comment_status":"open","ping_status":"open","sticky":false,"template":"","format":"standard","meta":{"_acf_changed":false,"tdm_status":"","tdm_grid_status":"","_jetpack_memberships_contains_paid_content":false,"footnotes":"","jetpack_publicize_message":"","jetpack_publicize_feature_enabled":true,"jetpack_social_post_already_shared":true,"jetpack_social_options":{"image_generator_settings":{"template":"highway","default_image_id":0,"font":"","enabled":false},"version":2},"_wpas_customize_per_network":false},"categories":[607,694,175,787],"tags":[1239],"class_list":{"0":"post-28757","1":"post","2":"type-post","3":"status-publish","4":"format-standard","5":"has-post-thumbnail","7":"category-deportes","8":"category-europa","9":"category-fifa","11":"tag-fifa-realmadrid-espana-europa"},"acf":[],"yoast_head":"<!-- This site is optimized with the Yoast SEO Premium plugin v27.5 (Yoast SEO v27.5) - https:\/\/yoast.com\/product\/yoast-seo-premium-wordpress\/ -->\n<title>FIFA recibe el reclamo del Real Madrid, Xabi Alonso pide bajar la tensi\u00f3n arbitral - Americano Newspaper<\/title>\n<meta name=\"description\" content=\"Xabi Alonso, t\u00e9cnico del Real Madrid, respald\u00f3 la decisi\u00f3n del club de presentar un dossier a FIFA con errores arbitrales sufridos en sus partidos en LaLiga, pero rebaj\u00f3 la tensi\u00f3n arbitral tras su queja en San Sebasti\u00e1n, por la decisi\u00f3n del colegiado Gil Manzano de expulsar a Dean Huijsen en Anoeta.\" \/>\n<meta name=\"robots\" content=\"index, follow, max-snippet:-1, max-image-preview:large, max-video-preview:-1\" \/>\n<link rel=\"canonical\" href=\"https:\/\/www.americanonewspaper.com\/es\/deportes\/fifa-recibe-el-reclamo-del-real-madrid-xabi-alonso-pide-bajar-la-tension-arbitral\/\" \/>\n<meta property=\"og:locale\" content=\"en_US\" \/>\n<meta property=\"og:type\" content=\"article\" \/>\n<meta property=\"og:title\" content=\"FIFA recibe el reclamo del Real Madrid, Xabi Alonso pide bajar la tensi\u00f3n arbitral\" \/>\n<meta property=\"og:description\" content=\"Xabi Alonso, t\u00e9cnico del Real Madrid, respald\u00f3 la decisi\u00f3n del club de presentar un dossier a FIFA con errores arbitrales sufridos en sus partidos en LaLiga, pero rebaj\u00f3 la tensi\u00f3n arbitral tras su queja en San Sebasti\u00e1n, por la decisi\u00f3n del colegiado Gil Manzano de expulsar a Dean Huijsen en Anoeta.\" \/>\n<meta property=\"og:url\" content=\"https:\/\/www.americanonewspaper.com\/es\/deportes\/fifa-recibe-el-reclamo-del-real-madrid-xabi-alonso-pide-bajar-la-tension-arbitral\/\" \/>\n<meta property=\"og:site_name\" content=\"Americano Newspaper\" \/>\n<meta property=\"article:publisher\" content=\"https:\/\/www.facebook.com\/AmericanoNewspaper\/\" \/>\n<meta property=\"article:published_time\" content=\"2025-09-15T21:16:34+00:00\" \/>\n<meta property=\"article:modified_time\" content=\"2025-09-27T16:27:12+00:00\" \/>\n<meta property=\"og:image\" content=\"https:\/\/www.americanonewspaper.com\/es\/wp-content\/uploads\/2025\/09\/Presentacion-de-los-derechos-humanos-fotografico-azul-Sitio-web-8.png\" \/>\n\t<meta property=\"og:image:width\" content=\"1366\" \/>\n\t<meta property=\"og:image:height\" content=\"768\" \/>\n\t<meta property=\"og:image:type\" content=\"image\/png\" \/>\n<meta name=\"author\" content=\"Victoria Deus\" \/>\n<meta name=\"twitter:card\" content=\"summary_large_image\" \/>\n<meta name=\"twitter:label1\" content=\"Written by\" \/>\n\t<meta name=\"twitter:data1\" content=\"Victoria Deus\" \/>\n\t<meta name=\"twitter:label2\" content=\"Est. reading time\" \/>\n\t<meta name=\"twitter:data2\" content=\"3 minutes\" \/>\n<script type=\"application\/ld+json\" class=\"yoast-schema-graph\">{\"@context\":\"https:\\\/\\\/schema.org\",\"@graph\":[{\"@type\":\"Article\",\"@id\":\"https:\\\/\\\/www.americanonewspaper.com\\\/es\\\/deportes\\\/fifa-recibe-el-reclamo-del-real-madrid-xabi-alonso-pide-bajar-la-tension-arbitral\\\/#article\",\"isPartOf\":{\"@id\":\"https:\\\/\\\/www.americanonewspaper.com\\\/es\\\/deportes\\\/fifa-recibe-el-reclamo-del-real-madrid-xabi-alonso-pide-bajar-la-tension-arbitral\\\/\"},\"author\":{\"name\":\"Victoria Deus\",\"@id\":\"https:\\\/\\\/www.americanonewspaper.com\\\/es\\\/#\\\/schema\\\/person\\\/875497672032163af362240e09375960\"},\"headline\":\"FIFA recibe el reclamo del Real Madrid, Xabi Alonso pide bajar la tensi\u00f3n arbitral\",\"datePublished\":\"2025-09-15T21:16:34+00:00\",\"dateModified\":\"2025-09-27T16:27:12+00:00\",\"mainEntityOfPage\":{\"@id\":\"https:\\\/\\\/www.americanonewspaper.com\\\/es\\\/deportes\\\/fifa-recibe-el-reclamo-del-real-madrid-xabi-alonso-pide-bajar-la-tension-arbitral\\\/\"},\"wordCount\":357,\"commentCount\":0,\"publisher\":{\"@id\":\"https:\\\/\\\/www.americanonewspaper.com\\\/es\\\/#organization\"},\"image\":{\"@id\":\"https:\\\/\\\/www.americanonewspaper.com\\\/es\\\/deportes\\\/fifa-recibe-el-reclamo-del-real-madrid-xabi-alonso-pide-bajar-la-tension-arbitral\\\/#primaryimage\"},\"thumbnailUrl\":\"https:\\\/\\\/www.americanonewspaper.com\\\/es\\\/wp-content\\\/uploads\\\/2025\\\/09\\\/Presentacion-de-los-derechos-humanos-fotografico-azul-Sitio-web-8.png\",\"keywords\":[\"#FIFA #RealMadrid #Espa\u00f1a #Europa\"],\"articleSection\":[\"Deportes\",\"Europa\",\"FIFA\",\"Real Madrid\"],\"inLanguage\":\"en-US\",\"potentialAction\":[{\"@type\":\"CommentAction\",\"name\":\"Comment\",\"target\":[\"https:\\\/\\\/www.americanonewspaper.com\\\/es\\\/deportes\\\/fifa-recibe-el-reclamo-del-real-madrid-xabi-alonso-pide-bajar-la-tension-arbitral\\\/#respond\"]}]},{\"@type\":\"WebPage\",\"@id\":\"https:\\\/\\\/www.americanonewspaper.com\\\/es\\\/deportes\\\/fifa-recibe-el-reclamo-del-real-madrid-xabi-alonso-pide-bajar-la-tension-arbitral\\\/\",\"url\":\"https:\\\/\\\/www.americanonewspaper.com\\\/es\\\/deportes\\\/fifa-recibe-el-reclamo-del-real-madrid-xabi-alonso-pide-bajar-la-tension-arbitral\\\/\",\"name\":\"FIFA recibe el reclamo del Real Madrid, Xabi Alonso pide bajar la tensi\u00f3n arbitral - Americano Newspaper\",\"isPartOf\":{\"@id\":\"https:\\\/\\\/www.americanonewspaper.com\\\/es\\\/#website\"},\"primaryImageOfPage\":{\"@id\":\"https:\\\/\\\/www.americanonewspaper.com\\\/es\\\/deportes\\\/fifa-recibe-el-reclamo-del-real-madrid-xabi-alonso-pide-bajar-la-tension-arbitral\\\/#primaryimage\"},\"image\":{\"@id\":\"https:\\\/\\\/www.americanonewspaper.com\\\/es\\\/deportes\\\/fifa-recibe-el-reclamo-del-real-madrid-xabi-alonso-pide-bajar-la-tension-arbitral\\\/#primaryimage\"},\"thumbnailUrl\":\"https:\\\/\\\/www.americanonewspaper.com\\\/es\\\/wp-content\\\/uploads\\\/2025\\\/09\\\/Presentacion-de-los-derechos-humanos-fotografico-azul-Sitio-web-8.png\",\"datePublished\":\"2025-09-15T21:16:34+00:00\",\"dateModified\":\"2025-09-27T16:27:12+00:00\",\"description\":\"Xabi Alonso, t\u00e9cnico del Real Madrid, respald\u00f3 la decisi\u00f3n del club de presentar un dossier a FIFA con errores arbitrales sufridos en sus partidos en LaLiga, pero rebaj\u00f3 la tensi\u00f3n arbitral tras su queja en San Sebasti\u00e1n, por la decisi\u00f3n del colegiado Gil Manzano de expulsar a Dean Huijsen en Anoeta.\",\"breadcrumb\":{\"@id\":\"https:\\\/\\\/www.americanonewspaper.com\\\/es\\\/deportes\\\/fifa-recibe-el-reclamo-del-real-madrid-xabi-alonso-pide-bajar-la-tension-arbitral\\\/#breadcrumb\"},\"inLanguage\":\"en-US\",\"potentialAction\":[{\"@type\":\"ReadAction\",\"target\":[\"https:\\\/\\\/www.americanonewspaper.com\\\/es\\\/deportes\\\/fifa-recibe-el-reclamo-del-real-madrid-xabi-alonso-pide-bajar-la-tension-arbitral\\\/\"]}]},{\"@type\":\"ImageObject\",\"inLanguage\":\"en-US\",\"@id\":\"https:\\\/\\\/www.americanonewspaper.com\\\/es\\\/deportes\\\/fifa-recibe-el-reclamo-del-real-madrid-xabi-alonso-pide-bajar-la-tension-arbitral\\\/#primaryimage\",\"url\":\"https:\\\/\\\/www.americanonewspaper.com\\\/es\\\/wp-content\\\/uploads\\\/2025\\\/09\\\/Presentacion-de-los-derechos-humanos-fotografico-azul-Sitio-web-8.png\",\"contentUrl\":\"https:\\\/\\\/www.americanonewspaper.com\\\/es\\\/wp-content\\\/uploads\\\/2025\\\/09\\\/Presentacion-de-los-derechos-humanos-fotografico-azul-Sitio-web-8.png\",\"width\":1366,\"height\":768,\"caption\":\"Real Madrid lleva su queja a FIFA: Xabi Alonso respalda el dossier arbitral.\"},{\"@type\":\"BreadcrumbList\",\"@id\":\"https:\\\/\\\/www.americanonewspaper.com\\\/es\\\/deportes\\\/fifa-recibe-el-reclamo-del-real-madrid-xabi-alonso-pide-bajar-la-tension-arbitral\\\/#breadcrumb\",\"itemListElement\":[{\"@type\":\"ListItem\",\"position\":1,\"name\":\"Home\",\"item\":\"https:\\\/\\\/www.americanonewspaper.com\\\/es\\\/\"},{\"@type\":\"ListItem\",\"position\":2,\"name\":\"FIFA recibe el reclamo del Real Madrid, Xabi Alonso pide bajar la tensi\u00f3n arbitral\"}]},{\"@type\":\"WebSite\",\"@id\":\"https:\\\/\\\/www.americanonewspaper.com\\\/es\\\/#website\",\"url\":\"https:\\\/\\\/www.americanonewspaper.com\\\/es\\\/\",\"name\":\"Americano Newspaper\",\"description\":\"The Hispanic Newspaper of New Jersey.\",\"publisher\":{\"@id\":\"https:\\\/\\\/www.americanonewspaper.com\\\/es\\\/#organization\"},\"potentialAction\":[{\"@type\":\"SearchAction\",\"target\":{\"@type\":\"EntryPoint\",\"urlTemplate\":\"https:\\\/\\\/www.americanonewspaper.com\\\/es\\\/?s={search_term_string}\"},\"query-input\":{\"@type\":\"PropertyValueSpecification\",\"valueRequired\":true,\"valueName\":\"search_term_string\"}}],\"inLanguage\":\"en-US\"},{\"@type\":\"Organization\",\"@id\":\"https:\\\/\\\/www.americanonewspaper.com\\\/es\\\/#organization\",\"name\":\"Americano Newspaper\",\"url\":\"https:\\\/\\\/www.americanonewspaper.com\\\/es\\\/\",\"logo\":{\"@type\":\"ImageObject\",\"inLanguage\":\"en-US\",\"@id\":\"https:\\\/\\\/www.americanonewspaper.com\\\/es\\\/#\\\/schema\\\/logo\\\/image\\\/\",\"url\":\"https:\\\/\\\/www.americanonewspaper.com\\\/es\\\/wp-content\\\/uploads\\\/2024\\\/05\\\/AmericanoLogoCircle.comCircle2.jpg\",\"contentUrl\":\"https:\\\/\\\/www.americanonewspaper.com\\\/es\\\/wp-content\\\/uploads\\\/2024\\\/05\\\/AmericanoLogoCircle.comCircle2.jpg\",\"width\":600,\"height\":600,\"caption\":\"Americano Newspaper\"},\"image\":{\"@id\":\"https:\\\/\\\/www.americanonewspaper.com\\\/es\\\/#\\\/schema\\\/logo\\\/image\\\/\"},\"sameAs\":[\"https:\\\/\\\/www.facebook.com\\\/AmericanoNewspaper\\\/\"]},{\"@type\":\"Person\",\"@id\":\"https:\\\/\\\/www.americanonewspaper.com\\\/es\\\/#\\\/schema\\\/person\\\/875497672032163af362240e09375960\",\"name\":\"Victoria Deus\",\"image\":{\"@type\":\"ImageObject\",\"inLanguage\":\"en-US\",\"@id\":\"https:\\\/\\\/www.americanonewspaper.com\\\/es\\\/wp-content\\\/litespeed\\\/avatar\\\/87ebc08dcb2dba9e584c4557748a9de2.jpg?ver=1777428042\",\"url\":\"https:\\\/\\\/www.americanonewspaper.com\\\/es\\\/wp-content\\\/litespeed\\\/avatar\\\/87ebc08dcb2dba9e584c4557748a9de2.jpg?ver=1777428042\",\"contentUrl\":\"https:\\\/\\\/www.americanonewspaper.com\\\/es\\\/wp-content\\\/litespeed\\\/avatar\\\/87ebc08dcb2dba9e584c4557748a9de2.jpg?ver=1777428042\",\"caption\":\"Victoria Deus\"},\"sameAs\":[\"http:\\\/\\\/www.americanonewspaper.com\"],\"url\":\"https:\\\/\\\/www.americanonewspaper.com\\\/es\\\/author\\\/victoria\\\/\"}]}<\/script>\n<!-- \/ Yoast SEO Premium plugin. -->","yoast_head_json":{"title":"FIFA recibe el reclamo del Real Madrid, Xabi Alonso pide bajar la tensi\u00f3n arbitral - Americano Newspaper","description":"Xabi Alonso, t\u00e9cnico del Real Madrid, respald\u00f3 la decisi\u00f3n del club de presentar un dossier a FIFA con errores arbitrales sufridos en sus partidos en LaLiga, pero rebaj\u00f3 la tensi\u00f3n arbitral tras su queja en San Sebasti\u00e1n, por la decisi\u00f3n del colegiado Gil Manzano de expulsar a Dean Huijsen en Anoeta.","robots":{"index":"index","follow":"follow","max-snippet":"max-snippet:-1","max-image-preview":"max-image-preview:large","max-video-preview":"max-video-preview:-1"},"canonical":"https:\/\/www.americanonewspaper.com\/es\/deportes\/fifa-recibe-el-reclamo-del-real-madrid-xabi-alonso-pide-bajar-la-tension-arbitral\/","og_locale":"en_US","og_type":"article","og_title":"FIFA recibe el reclamo del Real Madrid, Xabi Alonso pide bajar la tensi\u00f3n arbitral","og_description":"Xabi Alonso, t\u00e9cnico del Real Madrid, respald\u00f3 la decisi\u00f3n del club de presentar un dossier a FIFA con errores arbitrales sufridos en sus partidos en LaLiga, pero rebaj\u00f3 la tensi\u00f3n arbitral tras su queja en San Sebasti\u00e1n, por la decisi\u00f3n del colegiado Gil Manzano de expulsar a Dean Huijsen en Anoeta.","og_url":"https:\/\/www.americanonewspaper.com\/es\/deportes\/fifa-recibe-el-reclamo-del-real-madrid-xabi-alonso-pide-bajar-la-tension-arbitral\/","og_site_name":"Americano Newspaper","article_publisher":"https:\/\/www.facebook.com\/AmericanoNewspaper\/","article_published_time":"2025-09-15T21:16:34+00:00","article_modified_time":"2025-09-27T16:27:12+00:00","og_image":[{"width":1366,"height":768,"url":"https:\/\/www.americanonewspaper.com\/es\/wp-content\/uploads\/2025\/09\/Presentacion-de-los-derechos-humanos-fotografico-azul-Sitio-web-8.png","type":"image\/png"}],"author":"Victoria Deus","twitter_card":"summary_large_image","twitter_misc":{"Written by":"Victoria Deus","Est. reading time":"3 minutes"},"schema":{"@context":"https:\/\/schema.org","@graph":[{"@type":"Article","@id":"https:\/\/www.americanonewspaper.com\/es\/deportes\/fifa-recibe-el-reclamo-del-real-madrid-xabi-alonso-pide-bajar-la-tension-arbitral\/#article","isPartOf":{"@id":"https:\/\/www.americanonewspaper.com\/es\/deportes\/fifa-recibe-el-reclamo-del-real-madrid-xabi-alonso-pide-bajar-la-tension-arbitral\/"},"author":{"name":"Victoria Deus","@id":"https:\/\/www.americanonewspaper.com\/es\/#\/schema\/person\/875497672032163af362240e09375960"},"headline":"FIFA recibe el reclamo del Real Madrid, Xabi Alonso pide bajar la tensi\u00f3n arbitral","datePublished":"2025-09-15T21:16:34+00:00","dateModified":"2025-09-27T16:27:12+00:00","mainEntityOfPage":{"@id":"https:\/\/www.americanonewspaper.com\/es\/deportes\/fifa-recibe-el-reclamo-del-real-madrid-xabi-alonso-pide-bajar-la-tension-arbitral\/"},"wordCount":357,"commentCount":0,"publisher":{"@id":"https:\/\/www.americanonewspaper.com\/es\/#organization"},"image":{"@id":"https:\/\/www.americanonewspaper.com\/es\/deportes\/fifa-recibe-el-reclamo-del-real-madrid-xabi-alonso-pide-bajar-la-tension-arbitral\/#primaryimage"},"thumbnailUrl":"https:\/\/www.americanonewspaper.com\/es\/wp-content\/uploads\/2025\/09\/Presentacion-de-los-derechos-humanos-fotografico-azul-Sitio-web-8.png","keywords":["#FIFA #RealMadrid #Espa\u00f1a #Europa"],"articleSection":["Deportes","Europa","FIFA","Real Madrid"],"inLanguage":"en-US","potentialAction":[{"@type":"CommentAction","name":"Comment","target":["https:\/\/www.americanonewspaper.com\/es\/deportes\/fifa-recibe-el-reclamo-del-real-madrid-xabi-alonso-pide-bajar-la-tension-arbitral\/#respond"]}]},{"@type":"WebPage","@id":"https:\/\/www.americanonewspaper.com\/es\/deportes\/fifa-recibe-el-reclamo-del-real-madrid-xabi-alonso-pide-bajar-la-tension-arbitral\/","url":"https:\/\/www.americanonewspaper.com\/es\/deportes\/fifa-recibe-el-reclamo-del-real-madrid-xabi-alonso-pide-bajar-la-tension-arbitral\/","name":"FIFA recibe el reclamo del Real Madrid, Xabi Alonso pide bajar la tensi\u00f3n arbitral - Americano Newspaper","isPartOf":{"@id":"https:\/\/www.americanonewspaper.com\/es\/#website"},"primaryImageOfPage":{"@id":"https:\/\/www.americanonewspaper.com\/es\/deportes\/fifa-recibe-el-reclamo-del-real-madrid-xabi-alonso-pide-bajar-la-tension-arbitral\/#primaryimage"},"image":{"@id":"https:\/\/www.americanonewspaper.com\/es\/deportes\/fifa-recibe-el-reclamo-del-real-madrid-xabi-alonso-pide-bajar-la-tension-arbitral\/#primaryimage"},"thumbnailUrl":"https:\/\/www.americanonewspaper.com\/es\/wp-content\/uploads\/2025\/09\/Presentacion-de-los-derechos-humanos-fotografico-azul-Sitio-web-8.png","datePublished":"2025-09-15T21:16:34+00:00","dateModified":"2025-09-27T16:27:12+00:00","description":"Xabi Alonso, t\u00e9cnico del Real Madrid, respald\u00f3 la decisi\u00f3n del club de presentar un dossier a FIFA con errores arbitrales sufridos en sus partidos en LaLiga, pero rebaj\u00f3 la tensi\u00f3n arbitral tras su queja en San Sebasti\u00e1n, por la decisi\u00f3n del colegiado Gil Manzano de expulsar a Dean Huijsen en Anoeta.","breadcrumb":{"@id":"https:\/\/www.americanonewspaper.com\/es\/deportes\/fifa-recibe-el-reclamo-del-real-madrid-xabi-alonso-pide-bajar-la-tension-arbitral\/#breadcrumb"},"inLanguage":"en-US","potentialAction":[{"@type":"ReadAction","target":["https:\/\/www.americanonewspaper.com\/es\/deportes\/fifa-recibe-el-reclamo-del-real-madrid-xabi-alonso-pide-bajar-la-tension-arbitral\/"]}]},{"@type":"ImageObject","inLanguage":"en-US","@id":"https:\/\/www.americanonewspaper.com\/es\/deportes\/fifa-recibe-el-reclamo-del-real-madrid-xabi-alonso-pide-bajar-la-tension-arbitral\/#primaryimage","url":"https:\/\/www.americanonewspaper.com\/es\/wp-content\/uploads\/2025\/09\/Presentacion-de-los-derechos-humanos-fotografico-azul-Sitio-web-8.png","contentUrl":"https:\/\/www.americanonewspaper.com\/es\/wp-content\/uploads\/2025\/09\/Presentacion-de-los-derechos-humanos-fotografico-azul-Sitio-web-8.png","width":1366,"height":768,"caption":"Real Madrid lleva su queja a FIFA: Xabi Alonso respalda el dossier arbitral."},{"@type":"BreadcrumbList","@id":"https:\/\/www.americanonewspaper.com\/es\/deportes\/fifa-recibe-el-reclamo-del-real-madrid-xabi-alonso-pide-bajar-la-tension-arbitral\/#breadcrumb","itemListElement":[{"@type":"ListItem","position":1,"name":"Home","item":"https:\/\/www.americanonewspaper.com\/es\/"},{"@type":"ListItem","position":2,"name":"FIFA recibe el reclamo del Real Madrid, Xabi Alonso pide bajar la tensi\u00f3n arbitral"}]},{"@type":"WebSite","@id":"https:\/\/www.americanonewspaper.com\/es\/#website","url":"https:\/\/www.americanonewspaper.com\/es\/","name":"Americano Newspaper","description":"The Hispanic Newspaper of New Jersey.","publisher":{"@id":"https:\/\/www.americanonewspaper.com\/es\/#organization"},"potentialAction":[{"@type":"SearchAction","target":{"@type":"EntryPoint","urlTemplate":"https:\/\/www.americanonewspaper.com\/es\/?s={search_term_string}"},"query-input":{"@type":"PropertyValueSpecification","valueRequired":true,"valueName":"search_term_string"}}],"inLanguage":"en-US"},{"@type":"Organization","@id":"https:\/\/www.americanonewspaper.com\/es\/#organization","name":"Americano Newspaper","url":"https:\/\/www.americanonewspaper.com\/es\/","logo":{"@type":"ImageObject","inLanguage":"en-US","@id":"https:\/\/www.americanonewspaper.com\/es\/#\/schema\/logo\/image\/","url":"https:\/\/www.americanonewspaper.com\/es\/wp-content\/uploads\/2024\/05\/AmericanoLogoCircle.comCircle2.jpg","contentUrl":"https:\/\/www.americanonewspaper.com\/es\/wp-content\/uploads\/2024\/05\/AmericanoLogoCircle.comCircle2.jpg","width":600,"height":600,"caption":"Americano Newspaper"},"image":{"@id":"https:\/\/www.americanonewspaper.com\/es\/#\/schema\/logo\/image\/"},"sameAs":["https:\/\/www.facebook.com\/AmericanoNewspaper\/"]},{"@type":"Person","@id":"https:\/\/www.americanonewspaper.com\/es\/#\/schema\/person\/875497672032163af362240e09375960","name":"Victoria Deus","image":{"@type":"ImageObject","inLanguage":"en-US","@id":"https:\/\/www.americanonewspaper.com\/es\/wp-content\/litespeed\/avatar\/87ebc08dcb2dba9e584c4557748a9de2.jpg?ver=1777428042","url":"https:\/\/www.americanonewspaper.com\/es\/wp-content\/litespeed\/avatar\/87ebc08dcb2dba9e584c4557748a9de2.jpg?ver=1777428042","contentUrl":"https:\/\/www.americanonewspaper.com\/es\/wp-content\/litespeed\/avatar\/87ebc08dcb2dba9e584c4557748a9de2.jpg?ver=1777428042","caption":"Victoria Deus"},"sameAs":["http:\/\/www.americanonewspaper.com"],"url":"https:\/\/www.americanonewspaper.com\/es\/author\/victoria\/"}]}},"jetpack_publicize_connections":[],"jetpack_featured_media_url":"https:\/\/www.americanonewspaper.com\/es\/wp-content\/uploads\/2025\/09\/Presentacion-de-los-derechos-humanos-fotografico-azul-Sitio-web-8.png","featured_image_urls":{"full":["https:\/\/www.americanonewspaper.com\/es\/wp-content\/uploads\/2025\/09\/Presentacion-de-los-derechos-humanos-fotografico-azul-Sitio-web-8.png",1366,768,false],"thumbnail":["https:\/\/www.americanonewspaper.com\/es\/wp-content\/uploads\/2025\/09\/Presentacion-de-los-derechos-humanos-fotografico-azul-Sitio-web-8-250x250.png",250,250,true],"medium":["https:\/\/www.americanonewspaper.com\/es\/wp-content\/uploads\/2025\/09\/Presentacion-de-los-derechos-humanos-fotografico-azul-Sitio-web-8-300x169.png",300,169,true],"medium_large":["https:\/\/www.americanonewspaper.com\/es\/wp-content\/uploads\/2025\/09\/Presentacion-de-los-derechos-humanos-fotografico-azul-Sitio-web-8-768x432.png",696,392,true],"large":["https:\/\/www.americanonewspaper.com\/es\/wp-content\/uploads\/2025\/09\/Presentacion-de-los-derechos-humanos-fotografico-azul-Sitio-web-8-800x450.png",696,392,true],"1536x1536":["https:\/\/www.americanonewspaper.com\/es\/wp-content\/uploads\/2025\/09\/Presentacion-de-los-derechos-humanos-fotografico-azul-Sitio-web-8.png",1366,768,false],"2048x2048":["https:\/\/www.americanonewspaper.com\/es\/wp-content\/uploads\/2025\/09\/Presentacion-de-los-derechos-humanos-fotografico-azul-Sitio-web-8.png",1366,768,false],"td_150x0":["https:\/\/www.americanonewspaper.com\/es\/wp-content\/uploads\/2025\/09\/Presentacion-de-los-derechos-humanos-fotografico-azul-Sitio-web-8-150x84.png",150,84,true],"td_218x150":["https:\/\/www.americanonewspaper.com\/es\/wp-content\/uploads\/2025\/09\/Presentacion-de-los-derechos-humanos-fotografico-azul-Sitio-web-8-218x150.png",218,150,true],"td_300x0":["https:\/\/www.americanonewspaper.com\/es\/wp-content\/uploads\/2025\/09\/Presentacion-de-los-derechos-humanos-fotografico-azul-Sitio-web-8-300x169.png",300,169,true],"td_324x400":["https:\/\/www.americanonewspaper.com\/es\/wp-content\/uploads\/2025\/09\/Presentacion-de-los-derechos-humanos-fotografico-azul-Sitio-web-8-324x400.png",324,400,true],"td_485x360":["https:\/\/www.americanonewspaper.com\/es\/wp-content\/uploads\/2025\/09\/Presentacion-de-los-derechos-humanos-fotografico-azul-Sitio-web-8-485x360.png",485,360,true],"td_696x0":["https:\/\/www.americanonewspaper.com\/es\/wp-content\/uploads\/2025\/09\/Presentacion-de-los-derechos-humanos-fotografico-azul-Sitio-web-8-696x391.png",696,391,true],"td_1068x0":["https:\/\/www.americanonewspaper.com\/es\/wp-content\/uploads\/2025\/09\/Presentacion-de-los-derechos-humanos-fotografico-azul-Sitio-web-8-1068x600.png",1068,600,true],"td_1920x0":["https:\/\/www.americanonewspaper.com\/es\/wp-content\/uploads\/2025\/09\/Presentacion-de-los-derechos-humanos-fotografico-azul-Sitio-web-8.png",1366,768,false],"bdpp-medium":["https:\/\/www.americanonewspaper.com\/es\/wp-content\/uploads\/2025\/09\/Presentacion-de-los-derechos-humanos-fotografico-azul-Sitio-web-8-640x480.png",640,480,true]},"author_info":{"display_name":"Victoria Deus","author_link":"https:\/\/www.americanonewspaper.com\/es\/author\/victoria\/"},"category_info":"<a href=\"https:\/\/www.americanonewspaper.com\/es\/category\/deportes\/\" rel=\"category tag\">Deportes<\/a> <a href=\"https:\/\/www.americanonewspaper.com\/es\/category\/europa\/\" rel=\"category tag\">Europa<\/a> <a href=\"https:\/\/www.americanonewspaper.com\/es\/category\/fifa\/\" rel=\"category tag\">FIFA<\/a> <a href=\"https:\/\/www.americanonewspaper.com\/es\/category\/real-madrid\/\" rel=\"category tag\">Real Madrid<\/a>","tag_info":"Real Madrid","comment_count":"0","jetpack_sharing_enabled":true,"jetpack_likes_enabled":true,"_links":{"self":[{"href":"https:\/\/www.americanonewspaper.com\/es\/wp-json\/wp\/v2\/posts\/28757","targetHints":{"allow":["GET"]}}],"collection":[{"href":"https:\/\/www.americanonewspaper.com\/es\/wp-json\/wp\/v2\/posts"}],"about":[{"href":"https:\/\/www.americanonewspaper.com\/es\/wp-json\/wp\/v2\/types\/post"}],"author":[{"embeddable":true,"href":"https:\/\/www.americanonewspaper.com\/es\/wp-json\/wp\/v2\/users\/18"}],"replies":[{"embeddable":true,"href":"https:\/\/www.americanonewspaper.com\/es\/wp-json\/wp\/v2\/comments?post=28757"}],"version-history":[{"count":1,"href":"https:\/\/www.americanonewspaper.com\/es\/wp-json\/wp\/v2\/posts\/28757\/revisions"}],"predecessor-version":[{"id":28766,"href":"https:\/\/www.americanonewspaper.com\/es\/wp-json\/wp\/v2\/posts\/28757\/revisions\/28766"}],"wp:featuredmedia":[{"embeddable":true,"href":"https:\/\/www.americanonewspaper.com\/es\/wp-json\/wp\/v2\/media\/28765"}],"wp:attachment":[{"href":"https:\/\/www.americanonewspaper.com\/es\/wp-json\/wp\/v2\/media?parent=28757"}],"wp:term":[{"taxonomy":"category","embeddable":true,"href":"https:\/\/www.americanonewspaper.com\/es\/wp-json\/wp\/v2\/categories?post=28757"},{"taxonomy":"post_tag","embeddable":true,"href":"https:\/\/www.americanonewspaper.com\/es\/wp-json\/wp\/v2\/tags?post=28757"}],"curies":[{"name":"wp","href":"https:\/\/api.w.org\/{rel}","templated":true}]}}