{"id":28553,"date":"2025-09-06T06:13:00","date_gmt":"2025-09-06T10:13:00","guid":{"rendered":"https:\/\/www.americanonewspaper.com\/es\/?p=28553"},"modified":"2025-09-05T22:42:43","modified_gmt":"2025-09-06T02:42:43","slug":"rigoberta-menchu-alerta-la-humanidad-podria-perder-su-esencia-en-la-era-digital","status":"publish","type":"post","link":"https:\/\/www.americanonewspaper.com\/es\/cultura\/rigoberta-menchu-alerta-la-humanidad-podria-perder-su-esencia-en-la-era-digital\/","title":{"rendered":"Rigoberta Mench\u00fa alerta \u201cLa humanidad podr\u00eda perder su esencia en la era digital&#8221;"},"content":{"rendered":"\n<p class=\"dropcapp3\">La l\u00edder ind\u00edgena y Nobel de la Paz (1992), Rigoberta Mench\u00fa, advirti\u00f3 que la humanidad enfrenta el riesgo de perder su esencia en la era digital si la tecnolog\u00eda y la inteligencia artificial no se ponen al servicio del bien com\u00fan.<\/p>\n\n\n\n<p>En su participaci\u00f3n en el encuentro anual \u2018M\u00e9xico Siglo XXI\u2019 de la Fundaci\u00f3n Telmex, del magnate mexicano Carlos Slim, pidi\u00f3 a los j\u00f3venes usar sus talentos y conocimientos para construir un futuro con conciencia \u00e9tica y colectiva.<\/p>\n\n\n<div class=\"wp-block-image\">\n<figure class=\"aligncenter size-large is-resized\"><img fetchpriority=\"high\" decoding=\"async\" width=\"800\" height=\"365\" src=\"https:\/\/www.americanonewspaper.com\/es\/wp-content\/uploads\/2025\/09\/Screenshot-2025-02-20-at-9.11.40-AM-1920x877-2-5-800x365.webp\" alt=\"\" class=\"wp-image-28554\" style=\"width:1068px;height:auto\" srcset=\"https:\/\/www.americanonewspaper.com\/es\/wp-content\/uploads\/2025\/09\/Screenshot-2025-02-20-at-9.11.40-AM-1920x877-2-5-800x365.webp 800w, https:\/\/www.americanonewspaper.com\/es\/wp-content\/uploads\/2025\/09\/Screenshot-2025-02-20-at-9.11.40-AM-1920x877-2-5-300x137.webp 300w, https:\/\/www.americanonewspaper.com\/es\/wp-content\/uploads\/2025\/09\/Screenshot-2025-02-20-at-9.11.40-AM-1920x877-2-5-768x351.webp 768w, https:\/\/www.americanonewspaper.com\/es\/wp-content\/uploads\/2025\/09\/Screenshot-2025-02-20-at-9.11.40-AM-1920x877-2-5-1536x702.webp 1536w, https:\/\/www.americanonewspaper.com\/es\/wp-content\/uploads\/2025\/09\/Screenshot-2025-02-20-at-9.11.40-AM-1920x877-2-5-150x69.webp 150w, https:\/\/www.americanonewspaper.com\/es\/wp-content\/uploads\/2025\/09\/Screenshot-2025-02-20-at-9.11.40-AM-1920x877-2-5-696x318.webp 696w, https:\/\/www.americanonewspaper.com\/es\/wp-content\/uploads\/2025\/09\/Screenshot-2025-02-20-at-9.11.40-AM-1920x877-2-5-1068x488.webp 1068w, https:\/\/www.americanonewspaper.com\/es\/wp-content\/uploads\/2025\/09\/Screenshot-2025-02-20-at-9.11.40-AM-1920x877-2-5.webp 1920w\" sizes=\"(max-width: 800px) 100vw, 800px\" \/><\/figure>\n<\/div>\n\n\n<p>\u201cLa ciencia, la tecnolog\u00eda, es creaci\u00f3n humana, no extraterrestre. Si entendemos que la ciencia, la tecnolog\u00eda est\u00e1 al servicio del bien com\u00fan, estoy segura que todo lo que toca nuestras manos en tecnolog\u00eda vamos a inyectarle esa misi\u00f3n del bien com\u00fan\u201d, afirm\u00f3 frente a los asistentes en el Auditorio Nacional de la capital mexicana.<\/p>\n\n\n\n<figure class=\"wp-block-embed aligncenter is-type-video is-provider-youtube wp-block-embed-youtube wp-embed-aspect-16-9 wp-has-aspect-ratio\"><div class=\"wp-block-embed__wrapper\">\n<div class=\"youtube-embed\" data-video_id=\"KE3llj2XkJo\"><iframe title=\"Rigoberta Mench\u00fa advierte sobre la IA: \u201cSin \u00e9tica, perderemos lo que nos hace humanos\u201d\" width=\"696\" height=\"392\" src=\"https:\/\/www.youtube.com\/embed\/KE3llj2XkJo?feature=oembed&#038;enablejsapi=1\" frameborder=\"0\" allow=\"accelerometer; autoplay; clipboard-write; encrypted-media; gyroscope; picture-in-picture; web-share\" referrerpolicy=\"strict-origin-when-cross-origin\" allowfullscreen><\/iframe><\/div>\n<\/div><\/figure>\n\n\n\n<p>La guatemalteca nacionalizada mexicana enfatiz\u00f3 que \u201cla deshumanizaci\u00f3n no la construye la tecnolog\u00eda. La deshumanizaci\u00f3n la hacen las personas que usan la tecnolog\u00eda al servicio de sus intereses\u201d.<\/p>\n\n\n<div class=\"wp-block-image\">\n<figure class=\"aligncenter size-large is-resized\"><a href=\"https:\/\/www.globalautomall.com\/newdept.cfm\/page\/%20500-savings-for-americano-magazine-readers-2263\/\" target=\"_blank\" rel=\" noreferrer noopener\"><img decoding=\"async\" width=\"800\" height=\"367\" src=\"https:\/\/www.americanonewspaper.com\/es\/wp-content\/uploads\/2025\/09\/Globalhalf-5-800x367.webp\" alt=\"\" class=\"wp-image-28555\" style=\"width:1068px;height:auto\" srcset=\"https:\/\/www.americanonewspaper.com\/es\/wp-content\/uploads\/2025\/09\/Globalhalf-5-800x367.webp 800w, https:\/\/www.americanonewspaper.com\/es\/wp-content\/uploads\/2025\/09\/Globalhalf-5-300x138.webp 300w, https:\/\/www.americanonewspaper.com\/es\/wp-content\/uploads\/2025\/09\/Globalhalf-5-768x352.webp 768w, https:\/\/www.americanonewspaper.com\/es\/wp-content\/uploads\/2025\/09\/Globalhalf-5-150x69.webp 150w, https:\/\/www.americanonewspaper.com\/es\/wp-content\/uploads\/2025\/09\/Globalhalf-5-696x319.webp 696w, https:\/\/www.americanonewspaper.com\/es\/wp-content\/uploads\/2025\/09\/Globalhalf-5-1068x490.webp 1068w, https:\/\/www.americanonewspaper.com\/es\/wp-content\/uploads\/2025\/09\/Globalhalf-5.webp 1200w\" sizes=\"(max-width: 800px) 100vw, 800px\" \/><\/a><\/figure>\n<\/div>\n\n\n<p>En el mismo tono, Mench\u00fa cuestion\u00f3 que la inteligencia artificial se haya convertido en un nuevo dogma, sin reconocer sus l\u00edmites.<\/p>\n\n\n\n<p>\u201cMucha gente \u2018endios\u00f3\u2019 la inteligencia artificial. Y creyeron que estaban completamente informados a trav\u00e9s de la inteligencia artificial. No, a la inteligencia artificial le faltan algunos toques, digamos. Uno es el toque humano\u201d, dijo.<\/p>\n\n\n<div class=\"wp-block-image\">\n<figure class=\"aligncenter size-large is-resized\"><a href=\"https:\/\/www.eventbrite.com\/e\/diversity-expo-breakfast-2025-tickets-1514091280779?aff=oddtdtcreator\" target=\"_blank\" rel=\" noreferrer noopener\"><img decoding=\"async\" width=\"800\" height=\"368\" src=\"https:\/\/www.americanonewspaper.com\/es\/wp-content\/uploads\/2025\/09\/Screenshot-2025-08-15-at-4.19.59-PM-2-1-1-4-800x368.png\" alt=\"\" class=\"wp-image-28556\" style=\"width:1068px;height:auto\" srcset=\"https:\/\/www.americanonewspaper.com\/es\/wp-content\/uploads\/2025\/09\/Screenshot-2025-08-15-at-4.19.59-PM-2-1-1-4-800x368.png 800w, https:\/\/www.americanonewspaper.com\/es\/wp-content\/uploads\/2025\/09\/Screenshot-2025-08-15-at-4.19.59-PM-2-1-1-4-300x138.png 300w, https:\/\/www.americanonewspaper.com\/es\/wp-content\/uploads\/2025\/09\/Screenshot-2025-08-15-at-4.19.59-PM-2-1-1-4-768x353.png 768w, https:\/\/www.americanonewspaper.com\/es\/wp-content\/uploads\/2025\/09\/Screenshot-2025-08-15-at-4.19.59-PM-2-1-1-4-1536x706.png 1536w, https:\/\/www.americanonewspaper.com\/es\/wp-content\/uploads\/2025\/09\/Screenshot-2025-08-15-at-4.19.59-PM-2-1-1-4-150x69.png 150w, https:\/\/www.americanonewspaper.com\/es\/wp-content\/uploads\/2025\/09\/Screenshot-2025-08-15-at-4.19.59-PM-2-1-1-4-696x320.png 696w, https:\/\/www.americanonewspaper.com\/es\/wp-content\/uploads\/2025\/09\/Screenshot-2025-08-15-at-4.19.59-PM-2-1-1-4-1068x491.png 1068w, https:\/\/www.americanonewspaper.com\/es\/wp-content\/uploads\/2025\/09\/Screenshot-2025-08-15-at-4.19.59-PM-2-1-1-4.png 1592w\" sizes=\"(max-width: 800px) 100vw, 800px\" \/><\/a><\/figure>\n<\/div>\n\n\n<h2 class=\"wp-block-heading\" id=\"h-verdad-educacion-y-respeto-herramientas-para-la-humanidad-nbsp\"><strong>Verdad, educaci\u00f3n y respeto, herramientas para la humanidad&nbsp;<\/strong><\/h2>\n\n\n\n<p>Adem\u00e1s, la Nobel lament\u00f3 el uso de las redes para difundir falsedades y noticias manipuladas.<\/p>\n\n\n\n<p>\u201cHoy por hoy la verdad se pierde entre la falsedad (\u2026) La persona que no tiene una educaci\u00f3n propia puede confundirse y le arma un panorama totalmente deshumanizado\u201d, abund\u00f3.<\/p>\n\n\n<div class=\"wp-block-image\">\n<figure class=\"aligncenter size-large is-resized\"><a href=\"https:\/\/www.linkedin.com\/in\/jaimeberrios\/\" target=\"_blank\" rel=\" noreferrer noopener\"><img loading=\"lazy\" decoding=\"async\" width=\"800\" height=\"269\" src=\"https:\/\/www.americanonewspaper.com\/es\/wp-content\/uploads\/2025\/09\/WhatsApp-Image-2025-09-02-at-3.35.17-PM-4-800x269.jpeg\" alt=\"\" class=\"wp-image-28557\" style=\"width:1052px;height:auto\" srcset=\"https:\/\/www.americanonewspaper.com\/es\/wp-content\/uploads\/2025\/09\/WhatsApp-Image-2025-09-02-at-3.35.17-PM-4-800x269.jpeg 800w, https:\/\/www.americanonewspaper.com\/es\/wp-content\/uploads\/2025\/09\/WhatsApp-Image-2025-09-02-at-3.35.17-PM-4-300x101.jpeg 300w, https:\/\/www.americanonewspaper.com\/es\/wp-content\/uploads\/2025\/09\/WhatsApp-Image-2025-09-02-at-3.35.17-PM-4-768x258.jpeg 768w, https:\/\/www.americanonewspaper.com\/es\/wp-content\/uploads\/2025\/09\/WhatsApp-Image-2025-09-02-at-3.35.17-PM-4-1536x516.jpeg 1536w, https:\/\/www.americanonewspaper.com\/es\/wp-content\/uploads\/2025\/09\/WhatsApp-Image-2025-09-02-at-3.35.17-PM-4-150x50.jpeg 150w, https:\/\/www.americanonewspaper.com\/es\/wp-content\/uploads\/2025\/09\/WhatsApp-Image-2025-09-02-at-3.35.17-PM-4-696x234.jpeg 696w, https:\/\/www.americanonewspaper.com\/es\/wp-content\/uploads\/2025\/09\/WhatsApp-Image-2025-09-02-at-3.35.17-PM-4-1068x359.jpeg 1068w, https:\/\/www.americanonewspaper.com\/es\/wp-content\/uploads\/2025\/09\/WhatsApp-Image-2025-09-02-at-3.35.17-PM-4.jpeg 1600w\" sizes=\"(max-width: 800px) 100vw, 800px\" \/><\/a><\/figure>\n<\/div>\n\n\n<p>Frente a un auditorio de j\u00f3venes becarios, Mench\u00fa enfatiz\u00f3 que la educaci\u00f3n sigue siendo el cimiento para el desarrollo humano.<\/p>\n\n\n\n<p>\u201cLa educaci\u00f3n es la herramienta m\u00e1s importante que queda en el camino de la humanidad. Si lo que ense\u00f1amos es para la vida, va a seguir siendo para la vida hoy y siempre. Si lo que ense\u00f1amos es contra la vida, eso es un legado lamentable que va a perdurar muchas veces en la conciencia humana\u201d, subray\u00f3.<\/p>\n\n\n\n<p>Mench\u00fa tambi\u00e9n llam\u00f3 a cultivar valores b\u00e1sicos como el respeto, la gratitud y la humildad.<\/p>\n\n\n\n<p>\u201cPor favor, no esperen que yo les diga que aqu\u00ed est\u00e1 la receta. Yo no tengo ninguna receta (&#8230;) Y lo que necesitamos no es aprender un idioma, si no es cultivar nuestro lenguaje humano (&#8230;) No basta este tiempo y el futuro, tener un t\u00edtulo, un diploma de una carrera. Hay que ser multidisciplinario\u201d, apunt\u00f3.<\/p>\n\n\n<div class=\"wp-block-image\">\n<figure class=\"aligncenter size-large is-resized\"><a href=\"https:\/\/www.shu.edu\/latino-institute\/annual-gala.html\" target=\"_blank\" rel=\" noreferrer noopener\"><img loading=\"lazy\" decoding=\"async\" width=\"800\" height=\"367\" src=\"https:\/\/www.americanonewspaper.com\/es\/wp-content\/uploads\/2025\/09\/Maria-Seton-Hall-2-800x367.webp\" alt=\"\" class=\"wp-image-28558\" style=\"width:1066px;height:auto\" srcset=\"https:\/\/www.americanonewspaper.com\/es\/wp-content\/uploads\/2025\/09\/Maria-Seton-Hall-2-800x367.webp 800w, https:\/\/www.americanonewspaper.com\/es\/wp-content\/uploads\/2025\/09\/Maria-Seton-Hall-2-300x138.webp 300w, https:\/\/www.americanonewspaper.com\/es\/wp-content\/uploads\/2025\/09\/Maria-Seton-Hall-2-768x352.webp 768w, https:\/\/www.americanonewspaper.com\/es\/wp-content\/uploads\/2025\/09\/Maria-Seton-Hall-2-150x69.webp 150w, https:\/\/www.americanonewspaper.com\/es\/wp-content\/uploads\/2025\/09\/Maria-Seton-Hall-2-696x319.webp 696w, https:\/\/www.americanonewspaper.com\/es\/wp-content\/uploads\/2025\/09\/Maria-Seton-Hall-2-1068x490.webp 1068w, https:\/\/www.americanonewspaper.com\/es\/wp-content\/uploads\/2025\/09\/Maria-Seton-Hall-2.webp 1200w\" sizes=\"(max-width: 800px) 100vw, 800px\" \/><\/a><\/figure>\n<\/div>\n\n\n<p>A lo largo de su mensaje, insisti\u00f3 en que la misi\u00f3n de cada generaci\u00f3n es mantener viva la memoria colectiva, al tiempo que record\u00f3 que la violencia y la discriminaci\u00f3n no deben normalizarse.<\/p>\n\n\n\n<p>\u201cNo toleren violencia, porque una vez que t\u00fa lo haces, la pr\u00f3xima vez lo ves natural y se vuelve tu cultura, no. Entonces, hay que resistir un poquito\u201d, expres\u00f3.<\/p>\n\n\n\n<p>El evento fue inaugurado por Carlos Slim Domit, presidente de los consejos de administraci\u00f3n de Grupo Carso y Am\u00e9rica M\u00f3vil, quien subray\u00f3 la importancia de la educaci\u00f3n, la innovaci\u00f3n tecnol\u00f3gica y el compromiso social como motores del futuro del pa\u00eds.<\/p>\n\n\n\n<p>Entre otros l\u00edderes mundiales invitados al evento est\u00e1n el actor, director y productor Kevin Costner y la extenista y exn\u00famero uno del mundo, Serena Williams.<\/p>\n\n\n\n<p>El evento re\u00fane a cerca de 10.000 becarios, pertenecientes a universidades p\u00fablicas y privadas, quienes tienen la oportunidad de escuchar conferencias de destacadas personalidades de talla internacional, en los \u00e1mbitos pol\u00edtico, econ\u00f3mico, tecnol\u00f3gico, deportivo y del entretenimiento, quienes interact\u00faan con los j\u00f3venes estudiantes y les comparten su experiencia y conocimientos.<\/p>\n\n\n\n<p><a href=\"https:\/\/tayakan.com\/\" target=\"_blank\" rel=\"noreferrer noopener\">Tayakan.com<\/a><a href=\"https:\/\/tayakan.com\/\"> <\/a>(EFE)<\/p>\n","protected":false},"excerpt":{"rendered":"<p>La l\u00edder ind\u00edgena y Nobel de la Paz (1992), Rigoberta Mench\u00fa, advirti\u00f3 que la humanidad enfrenta el riesgo de perder su esencia en la era digital si la tecnolog\u00eda y la inteligencia artificial no se ponen al servicio del bien com\u00fan. En su participaci\u00f3n en el encuentro anual \u2018M\u00e9xico Siglo XXI\u2019 de la Fundaci\u00f3n Telmex, [&hellip;]<\/p>\n","protected":false},"author":18,"featured_media":28559,"comment_status":"open","ping_status":"open","sticky":false,"template":"","format":"standard","meta":{"_acf_changed":false,"tdm_status":"","tdm_grid_status":"","_jetpack_memberships_contains_paid_content":false,"footnotes":"","jetpack_publicize_message":"","jetpack_publicize_feature_enabled":true,"jetpack_social_post_already_shared":true,"jetpack_social_options":{"image_generator_settings":{"template":"highway","default_image_id":0,"font":"","enabled":false},"version":2},"_wpas_customize_per_network":false},"categories":[593,718,294],"tags":[1209],"class_list":{"0":"post-28553","1":"post","2":"type-post","3":"status-publish","4":"format-standard","5":"has-post-thumbnail","7":"category-ciencia-y-tecnologia","8":"category-cultura","9":"category-tecnologia","10":"tag-rigbertamenchu-premionobellapaz-eradigital"},"acf":[],"yoast_head":"<!-- This site is optimized with the Yoast SEO Premium plugin v27.5 (Yoast SEO v27.5) - https:\/\/yoast.com\/product\/yoast-seo-premium-wordpress\/ -->\n<title>Rigoberta Mench\u00fa alerta \u201cLa humanidad podr\u00eda perder su esencia en la era digital&quot; - Americano Newspaper<\/title>\n<meta name=\"description\" content=\"La l\u00edder ind\u00edgena y Nobel de la Paz (1992), Rigoberta Mench\u00fa, advirti\u00f3 que la humanidad enfrenta el riesgo de perder su esencia en la era digital si la tecnolog\u00eda y la inteligencia artificial no se ponen al servicio del bien com\u00fan.\" \/>\n<meta name=\"robots\" content=\"index, follow, max-snippet:-1, max-image-preview:large, max-video-preview:-1\" \/>\n<link rel=\"canonical\" href=\"https:\/\/www.americanonewspaper.com\/es\/cultura\/rigoberta-menchu-alerta-la-humanidad-podria-perder-su-esencia-en-la-era-digital\/\" \/>\n<meta property=\"og:locale\" content=\"en_US\" \/>\n<meta property=\"og:type\" content=\"article\" \/>\n<meta property=\"og:title\" content=\"Rigoberta Mench\u00fa alerta \u201cLa humanidad podr\u00eda perder su esencia en la era digital&quot;\" \/>\n<meta property=\"og:description\" content=\"La l\u00edder ind\u00edgena y Nobel de la Paz (1992), Rigoberta Mench\u00fa, advirti\u00f3 que la humanidad enfrenta el riesgo de perder su esencia en la era digital si la tecnolog\u00eda y la inteligencia artificial no se ponen al servicio del bien com\u00fan.\" \/>\n<meta property=\"og:url\" content=\"https:\/\/www.americanonewspaper.com\/es\/cultura\/rigoberta-menchu-alerta-la-humanidad-podria-perder-su-esencia-en-la-era-digital\/\" \/>\n<meta property=\"og:site_name\" content=\"Americano Newspaper\" \/>\n<meta property=\"article:publisher\" content=\"https:\/\/www.facebook.com\/AmericanoNewspaper\/\" \/>\n<meta property=\"article:published_time\" content=\"2025-09-06T10:13:00+00:00\" \/>\n<meta property=\"og:image\" content=\"https:\/\/www.americanonewspaper.com\/es\/wp-content\/uploads\/2025\/09\/Presentacion-de-los-derechos-humanos-fotografico-azul-Sitio-web-4.png\" \/>\n\t<meta property=\"og:image:width\" content=\"1366\" \/>\n\t<meta property=\"og:image:height\" content=\"768\" \/>\n\t<meta property=\"og:image:type\" content=\"image\/png\" \/>\n<meta name=\"author\" content=\"Victoria Deus\" \/>\n<meta name=\"twitter:card\" content=\"summary_large_image\" \/>\n<meta name=\"twitter:label1\" content=\"Written by\" \/>\n\t<meta name=\"twitter:data1\" content=\"Victoria Deus\" \/>\n\t<meta name=\"twitter:label2\" content=\"Est. reading time\" \/>\n\t<meta name=\"twitter:data2\" content=\"4 minutes\" \/>\n<script type=\"application\/ld+json\" class=\"yoast-schema-graph\">{\"@context\":\"https:\\\/\\\/schema.org\",\"@graph\":[{\"@type\":\"Article\",\"@id\":\"https:\\\/\\\/www.americanonewspaper.com\\\/es\\\/cultura\\\/rigoberta-menchu-alerta-la-humanidad-podria-perder-su-esencia-en-la-era-digital\\\/#article\",\"isPartOf\":{\"@id\":\"https:\\\/\\\/www.americanonewspaper.com\\\/es\\\/cultura\\\/rigoberta-menchu-alerta-la-humanidad-podria-perder-su-esencia-en-la-era-digital\\\/\"},\"author\":{\"name\":\"Victoria Deus\",\"@id\":\"https:\\\/\\\/www.americanonewspaper.com\\\/es\\\/#\\\/schema\\\/person\\\/875497672032163af362240e09375960\"},\"headline\":\"Rigoberta Mench\u00fa alerta \u201cLa humanidad podr\u00eda perder su esencia en la era digital&#8221;\",\"datePublished\":\"2025-09-06T10:13:00+00:00\",\"mainEntityOfPage\":{\"@id\":\"https:\\\/\\\/www.americanonewspaper.com\\\/es\\\/cultura\\\/rigoberta-menchu-alerta-la-humanidad-podria-perder-su-esencia-en-la-era-digital\\\/\"},\"wordCount\":668,\"commentCount\":0,\"publisher\":{\"@id\":\"https:\\\/\\\/www.americanonewspaper.com\\\/es\\\/#organization\"},\"image\":{\"@id\":\"https:\\\/\\\/www.americanonewspaper.com\\\/es\\\/cultura\\\/rigoberta-menchu-alerta-la-humanidad-podria-perder-su-esencia-en-la-era-digital\\\/#primaryimage\"},\"thumbnailUrl\":\"https:\\\/\\\/www.americanonewspaper.com\\\/es\\\/wp-content\\\/uploads\\\/2025\\\/09\\\/Presentacion-de-los-derechos-humanos-fotografico-azul-Sitio-web-4.png\",\"keywords\":[\"#RigbertaMench\u00fa #PremioNobelLaPaz #EraDigital\"],\"articleSection\":[\"Ciencia y Tecnolog\u00eda\",\"Cultura\",\"Tecnolog\u00eda\"],\"inLanguage\":\"en-US\",\"potentialAction\":[{\"@type\":\"CommentAction\",\"name\":\"Comment\",\"target\":[\"https:\\\/\\\/www.americanonewspaper.com\\\/es\\\/cultura\\\/rigoberta-menchu-alerta-la-humanidad-podria-perder-su-esencia-en-la-era-digital\\\/#respond\"]}]},{\"@type\":\"WebPage\",\"@id\":\"https:\\\/\\\/www.americanonewspaper.com\\\/es\\\/cultura\\\/rigoberta-menchu-alerta-la-humanidad-podria-perder-su-esencia-en-la-era-digital\\\/\",\"url\":\"https:\\\/\\\/www.americanonewspaper.com\\\/es\\\/cultura\\\/rigoberta-menchu-alerta-la-humanidad-podria-perder-su-esencia-en-la-era-digital\\\/\",\"name\":\"Rigoberta Mench\u00fa alerta \u201cLa humanidad podr\u00eda perder su esencia en la era digital\\\" - Americano Newspaper\",\"isPartOf\":{\"@id\":\"https:\\\/\\\/www.americanonewspaper.com\\\/es\\\/#website\"},\"primaryImageOfPage\":{\"@id\":\"https:\\\/\\\/www.americanonewspaper.com\\\/es\\\/cultura\\\/rigoberta-menchu-alerta-la-humanidad-podria-perder-su-esencia-en-la-era-digital\\\/#primaryimage\"},\"image\":{\"@id\":\"https:\\\/\\\/www.americanonewspaper.com\\\/es\\\/cultura\\\/rigoberta-menchu-alerta-la-humanidad-podria-perder-su-esencia-en-la-era-digital\\\/#primaryimage\"},\"thumbnailUrl\":\"https:\\\/\\\/www.americanonewspaper.com\\\/es\\\/wp-content\\\/uploads\\\/2025\\\/09\\\/Presentacion-de-los-derechos-humanos-fotografico-azul-Sitio-web-4.png\",\"datePublished\":\"2025-09-06T10:13:00+00:00\",\"description\":\"La l\u00edder ind\u00edgena y Nobel de la Paz (1992), Rigoberta Mench\u00fa, advirti\u00f3 que la humanidad enfrenta el riesgo de perder su esencia en la era digital si la tecnolog\u00eda y la inteligencia artificial no se ponen al servicio del bien com\u00fan.\",\"breadcrumb\":{\"@id\":\"https:\\\/\\\/www.americanonewspaper.com\\\/es\\\/cultura\\\/rigoberta-menchu-alerta-la-humanidad-podria-perder-su-esencia-en-la-era-digital\\\/#breadcrumb\"},\"inLanguage\":\"en-US\",\"potentialAction\":[{\"@type\":\"ReadAction\",\"target\":[\"https:\\\/\\\/www.americanonewspaper.com\\\/es\\\/cultura\\\/rigoberta-menchu-alerta-la-humanidad-podria-perder-su-esencia-en-la-era-digital\\\/\"]}]},{\"@type\":\"ImageObject\",\"inLanguage\":\"en-US\",\"@id\":\"https:\\\/\\\/www.americanonewspaper.com\\\/es\\\/cultura\\\/rigoberta-menchu-alerta-la-humanidad-podria-perder-su-esencia-en-la-era-digital\\\/#primaryimage\",\"url\":\"https:\\\/\\\/www.americanonewspaper.com\\\/es\\\/wp-content\\\/uploads\\\/2025\\\/09\\\/Presentacion-de-los-derechos-humanos-fotografico-azul-Sitio-web-4.png\",\"contentUrl\":\"https:\\\/\\\/www.americanonewspaper.com\\\/es\\\/wp-content\\\/uploads\\\/2025\\\/09\\\/Presentacion-de-los-derechos-humanos-fotografico-azul-Sitio-web-4.png\",\"width\":1366,\"height\":768,\"caption\":\"La l\u00edder ind\u00edgena y Nobel de la Paz (1992), Rigoberta Mench\u00fa, advirti\u00f3 que la humanidad enfrenta el riesgo de perder su esencia en la era digital si la tecnolog\u00eda y la inteligencia artificial no se ponen al servicio del bien com\u00fan.\"},{\"@type\":\"BreadcrumbList\",\"@id\":\"https:\\\/\\\/www.americanonewspaper.com\\\/es\\\/cultura\\\/rigoberta-menchu-alerta-la-humanidad-podria-perder-su-esencia-en-la-era-digital\\\/#breadcrumb\",\"itemListElement\":[{\"@type\":\"ListItem\",\"position\":1,\"name\":\"Home\",\"item\":\"https:\\\/\\\/www.americanonewspaper.com\\\/es\\\/\"},{\"@type\":\"ListItem\",\"position\":2,\"name\":\"Rigoberta Mench\u00fa alerta \u201cLa humanidad podr\u00eda perder su esencia en la era digital&#8221;\"}]},{\"@type\":\"WebSite\",\"@id\":\"https:\\\/\\\/www.americanonewspaper.com\\\/es\\\/#website\",\"url\":\"https:\\\/\\\/www.americanonewspaper.com\\\/es\\\/\",\"name\":\"Americano Newspaper\",\"description\":\"The Hispanic Newspaper of New Jersey.\",\"publisher\":{\"@id\":\"https:\\\/\\\/www.americanonewspaper.com\\\/es\\\/#organization\"},\"potentialAction\":[{\"@type\":\"SearchAction\",\"target\":{\"@type\":\"EntryPoint\",\"urlTemplate\":\"https:\\\/\\\/www.americanonewspaper.com\\\/es\\\/?s={search_term_string}\"},\"query-input\":{\"@type\":\"PropertyValueSpecification\",\"valueRequired\":true,\"valueName\":\"search_term_string\"}}],\"inLanguage\":\"en-US\"},{\"@type\":\"Organization\",\"@id\":\"https:\\\/\\\/www.americanonewspaper.com\\\/es\\\/#organization\",\"name\":\"Americano Newspaper\",\"url\":\"https:\\\/\\\/www.americanonewspaper.com\\\/es\\\/\",\"logo\":{\"@type\":\"ImageObject\",\"inLanguage\":\"en-US\",\"@id\":\"https:\\\/\\\/www.americanonewspaper.com\\\/es\\\/#\\\/schema\\\/logo\\\/image\\\/\",\"url\":\"https:\\\/\\\/www.americanonewspaper.com\\\/es\\\/wp-content\\\/uploads\\\/2024\\\/05\\\/AmericanoLogoCircle.comCircle2.jpg\",\"contentUrl\":\"https:\\\/\\\/www.americanonewspaper.com\\\/es\\\/wp-content\\\/uploads\\\/2024\\\/05\\\/AmericanoLogoCircle.comCircle2.jpg\",\"width\":600,\"height\":600,\"caption\":\"Americano Newspaper\"},\"image\":{\"@id\":\"https:\\\/\\\/www.americanonewspaper.com\\\/es\\\/#\\\/schema\\\/logo\\\/image\\\/\"},\"sameAs\":[\"https:\\\/\\\/www.facebook.com\\\/AmericanoNewspaper\\\/\"]},{\"@type\":\"Person\",\"@id\":\"https:\\\/\\\/www.americanonewspaper.com\\\/es\\\/#\\\/schema\\\/person\\\/875497672032163af362240e09375960\",\"name\":\"Victoria Deus\",\"image\":{\"@type\":\"ImageObject\",\"inLanguage\":\"en-US\",\"@id\":\"https:\\\/\\\/www.americanonewspaper.com\\\/es\\\/wp-content\\\/litespeed\\\/avatar\\\/87ebc08dcb2dba9e584c4557748a9de2.jpg?ver=1777428042\",\"url\":\"https:\\\/\\\/www.americanonewspaper.com\\\/es\\\/wp-content\\\/litespeed\\\/avatar\\\/87ebc08dcb2dba9e584c4557748a9de2.jpg?ver=1777428042\",\"contentUrl\":\"https:\\\/\\\/www.americanonewspaper.com\\\/es\\\/wp-content\\\/litespeed\\\/avatar\\\/87ebc08dcb2dba9e584c4557748a9de2.jpg?ver=1777428042\",\"caption\":\"Victoria Deus\"},\"sameAs\":[\"http:\\\/\\\/www.americanonewspaper.com\"],\"url\":\"https:\\\/\\\/www.americanonewspaper.com\\\/es\\\/author\\\/victoria\\\/\"}]}<\/script>\n<!-- \/ Yoast SEO Premium plugin. -->","yoast_head_json":{"title":"Rigoberta Mench\u00fa alerta \u201cLa humanidad podr\u00eda perder su esencia en la era digital\" - Americano Newspaper","description":"La l\u00edder ind\u00edgena y Nobel de la Paz (1992), Rigoberta Mench\u00fa, advirti\u00f3 que la humanidad enfrenta el riesgo de perder su esencia en la era digital si la tecnolog\u00eda y la inteligencia artificial no se ponen al servicio del bien com\u00fan.","robots":{"index":"index","follow":"follow","max-snippet":"max-snippet:-1","max-image-preview":"max-image-preview:large","max-video-preview":"max-video-preview:-1"},"canonical":"https:\/\/www.americanonewspaper.com\/es\/cultura\/rigoberta-menchu-alerta-la-humanidad-podria-perder-su-esencia-en-la-era-digital\/","og_locale":"en_US","og_type":"article","og_title":"Rigoberta Mench\u00fa alerta \u201cLa humanidad podr\u00eda perder su esencia en la era digital\"","og_description":"La l\u00edder ind\u00edgena y Nobel de la Paz (1992), Rigoberta Mench\u00fa, advirti\u00f3 que la humanidad enfrenta el riesgo de perder su esencia en la era digital si la tecnolog\u00eda y la inteligencia artificial no se ponen al servicio del bien com\u00fan.","og_url":"https:\/\/www.americanonewspaper.com\/es\/cultura\/rigoberta-menchu-alerta-la-humanidad-podria-perder-su-esencia-en-la-era-digital\/","og_site_name":"Americano Newspaper","article_publisher":"https:\/\/www.facebook.com\/AmericanoNewspaper\/","article_published_time":"2025-09-06T10:13:00+00:00","og_image":[{"width":1366,"height":768,"url":"https:\/\/www.americanonewspaper.com\/es\/wp-content\/uploads\/2025\/09\/Presentacion-de-los-derechos-humanos-fotografico-azul-Sitio-web-4.png","type":"image\/png"}],"author":"Victoria Deus","twitter_card":"summary_large_image","twitter_misc":{"Written by":"Victoria Deus","Est. reading time":"4 minutes"},"schema":{"@context":"https:\/\/schema.org","@graph":[{"@type":"Article","@id":"https:\/\/www.americanonewspaper.com\/es\/cultura\/rigoberta-menchu-alerta-la-humanidad-podria-perder-su-esencia-en-la-era-digital\/#article","isPartOf":{"@id":"https:\/\/www.americanonewspaper.com\/es\/cultura\/rigoberta-menchu-alerta-la-humanidad-podria-perder-su-esencia-en-la-era-digital\/"},"author":{"name":"Victoria Deus","@id":"https:\/\/www.americanonewspaper.com\/es\/#\/schema\/person\/875497672032163af362240e09375960"},"headline":"Rigoberta Mench\u00fa alerta \u201cLa humanidad podr\u00eda perder su esencia en la era digital&#8221;","datePublished":"2025-09-06T10:13:00+00:00","mainEntityOfPage":{"@id":"https:\/\/www.americanonewspaper.com\/es\/cultura\/rigoberta-menchu-alerta-la-humanidad-podria-perder-su-esencia-en-la-era-digital\/"},"wordCount":668,"commentCount":0,"publisher":{"@id":"https:\/\/www.americanonewspaper.com\/es\/#organization"},"image":{"@id":"https:\/\/www.americanonewspaper.com\/es\/cultura\/rigoberta-menchu-alerta-la-humanidad-podria-perder-su-esencia-en-la-era-digital\/#primaryimage"},"thumbnailUrl":"https:\/\/www.americanonewspaper.com\/es\/wp-content\/uploads\/2025\/09\/Presentacion-de-los-derechos-humanos-fotografico-azul-Sitio-web-4.png","keywords":["#RigbertaMench\u00fa #PremioNobelLaPaz #EraDigital"],"articleSection":["Ciencia y Tecnolog\u00eda","Cultura","Tecnolog\u00eda"],"inLanguage":"en-US","potentialAction":[{"@type":"CommentAction","name":"Comment","target":["https:\/\/www.americanonewspaper.com\/es\/cultura\/rigoberta-menchu-alerta-la-humanidad-podria-perder-su-esencia-en-la-era-digital\/#respond"]}]},{"@type":"WebPage","@id":"https:\/\/www.americanonewspaper.com\/es\/cultura\/rigoberta-menchu-alerta-la-humanidad-podria-perder-su-esencia-en-la-era-digital\/","url":"https:\/\/www.americanonewspaper.com\/es\/cultura\/rigoberta-menchu-alerta-la-humanidad-podria-perder-su-esencia-en-la-era-digital\/","name":"Rigoberta Mench\u00fa alerta \u201cLa humanidad podr\u00eda perder su esencia en la era digital\" - Americano Newspaper","isPartOf":{"@id":"https:\/\/www.americanonewspaper.com\/es\/#website"},"primaryImageOfPage":{"@id":"https:\/\/www.americanonewspaper.com\/es\/cultura\/rigoberta-menchu-alerta-la-humanidad-podria-perder-su-esencia-en-la-era-digital\/#primaryimage"},"image":{"@id":"https:\/\/www.americanonewspaper.com\/es\/cultura\/rigoberta-menchu-alerta-la-humanidad-podria-perder-su-esencia-en-la-era-digital\/#primaryimage"},"thumbnailUrl":"https:\/\/www.americanonewspaper.com\/es\/wp-content\/uploads\/2025\/09\/Presentacion-de-los-derechos-humanos-fotografico-azul-Sitio-web-4.png","datePublished":"2025-09-06T10:13:00+00:00","description":"La l\u00edder ind\u00edgena y Nobel de la Paz (1992), Rigoberta Mench\u00fa, advirti\u00f3 que la humanidad enfrenta el riesgo de perder su esencia en la era digital si la tecnolog\u00eda y la inteligencia artificial no se ponen al servicio del bien com\u00fan.","breadcrumb":{"@id":"https:\/\/www.americanonewspaper.com\/es\/cultura\/rigoberta-menchu-alerta-la-humanidad-podria-perder-su-esencia-en-la-era-digital\/#breadcrumb"},"inLanguage":"en-US","potentialAction":[{"@type":"ReadAction","target":["https:\/\/www.americanonewspaper.com\/es\/cultura\/rigoberta-menchu-alerta-la-humanidad-podria-perder-su-esencia-en-la-era-digital\/"]}]},{"@type":"ImageObject","inLanguage":"en-US","@id":"https:\/\/www.americanonewspaper.com\/es\/cultura\/rigoberta-menchu-alerta-la-humanidad-podria-perder-su-esencia-en-la-era-digital\/#primaryimage","url":"https:\/\/www.americanonewspaper.com\/es\/wp-content\/uploads\/2025\/09\/Presentacion-de-los-derechos-humanos-fotografico-azul-Sitio-web-4.png","contentUrl":"https:\/\/www.americanonewspaper.com\/es\/wp-content\/uploads\/2025\/09\/Presentacion-de-los-derechos-humanos-fotografico-azul-Sitio-web-4.png","width":1366,"height":768,"caption":"La l\u00edder ind\u00edgena y Nobel de la Paz (1992), Rigoberta Mench\u00fa, advirti\u00f3 que la humanidad enfrenta el riesgo de perder su esencia en la era digital si la tecnolog\u00eda y la inteligencia artificial no se ponen al servicio del bien com\u00fan."},{"@type":"BreadcrumbList","@id":"https:\/\/www.americanonewspaper.com\/es\/cultura\/rigoberta-menchu-alerta-la-humanidad-podria-perder-su-esencia-en-la-era-digital\/#breadcrumb","itemListElement":[{"@type":"ListItem","position":1,"name":"Home","item":"https:\/\/www.americanonewspaper.com\/es\/"},{"@type":"ListItem","position":2,"name":"Rigoberta Mench\u00fa alerta \u201cLa humanidad podr\u00eda perder su esencia en la era digital&#8221;"}]},{"@type":"WebSite","@id":"https:\/\/www.americanonewspaper.com\/es\/#website","url":"https:\/\/www.americanonewspaper.com\/es\/","name":"Americano Newspaper","description":"The Hispanic Newspaper of New Jersey.","publisher":{"@id":"https:\/\/www.americanonewspaper.com\/es\/#organization"},"potentialAction":[{"@type":"SearchAction","target":{"@type":"EntryPoint","urlTemplate":"https:\/\/www.americanonewspaper.com\/es\/?s={search_term_string}"},"query-input":{"@type":"PropertyValueSpecification","valueRequired":true,"valueName":"search_term_string"}}],"inLanguage":"en-US"},{"@type":"Organization","@id":"https:\/\/www.americanonewspaper.com\/es\/#organization","name":"Americano Newspaper","url":"https:\/\/www.americanonewspaper.com\/es\/","logo":{"@type":"ImageObject","inLanguage":"en-US","@id":"https:\/\/www.americanonewspaper.com\/es\/#\/schema\/logo\/image\/","url":"https:\/\/www.americanonewspaper.com\/es\/wp-content\/uploads\/2024\/05\/AmericanoLogoCircle.comCircle2.jpg","contentUrl":"https:\/\/www.americanonewspaper.com\/es\/wp-content\/uploads\/2024\/05\/AmericanoLogoCircle.comCircle2.jpg","width":600,"height":600,"caption":"Americano Newspaper"},"image":{"@id":"https:\/\/www.americanonewspaper.com\/es\/#\/schema\/logo\/image\/"},"sameAs":["https:\/\/www.facebook.com\/AmericanoNewspaper\/"]},{"@type":"Person","@id":"https:\/\/www.americanonewspaper.com\/es\/#\/schema\/person\/875497672032163af362240e09375960","name":"Victoria Deus","image":{"@type":"ImageObject","inLanguage":"en-US","@id":"https:\/\/www.americanonewspaper.com\/es\/wp-content\/litespeed\/avatar\/87ebc08dcb2dba9e584c4557748a9de2.jpg?ver=1777428042","url":"https:\/\/www.americanonewspaper.com\/es\/wp-content\/litespeed\/avatar\/87ebc08dcb2dba9e584c4557748a9de2.jpg?ver=1777428042","contentUrl":"https:\/\/www.americanonewspaper.com\/es\/wp-content\/litespeed\/avatar\/87ebc08dcb2dba9e584c4557748a9de2.jpg?ver=1777428042","caption":"Victoria Deus"},"sameAs":["http:\/\/www.americanonewspaper.com"],"url":"https:\/\/www.americanonewspaper.com\/es\/author\/victoria\/"}]}},"jetpack_publicize_connections":[],"jetpack_featured_media_url":"https:\/\/www.americanonewspaper.com\/es\/wp-content\/uploads\/2025\/09\/Presentacion-de-los-derechos-humanos-fotografico-azul-Sitio-web-4.png","featured_image_urls":{"full":["https:\/\/www.americanonewspaper.com\/es\/wp-content\/uploads\/2025\/09\/Presentacion-de-los-derechos-humanos-fotografico-azul-Sitio-web-4.png",1366,768,false],"thumbnail":["https:\/\/www.americanonewspaper.com\/es\/wp-content\/uploads\/2025\/09\/Presentacion-de-los-derechos-humanos-fotografico-azul-Sitio-web-4-250x250.png",250,250,true],"medium":["https:\/\/www.americanonewspaper.com\/es\/wp-content\/uploads\/2025\/09\/Presentacion-de-los-derechos-humanos-fotografico-azul-Sitio-web-4-300x169.png",300,169,true],"medium_large":["https:\/\/www.americanonewspaper.com\/es\/wp-content\/uploads\/2025\/09\/Presentacion-de-los-derechos-humanos-fotografico-azul-Sitio-web-4-768x432.png",696,392,true],"large":["https:\/\/www.americanonewspaper.com\/es\/wp-content\/uploads\/2025\/09\/Presentacion-de-los-derechos-humanos-fotografico-azul-Sitio-web-4-800x450.png",696,392,true],"1536x1536":["https:\/\/www.americanonewspaper.com\/es\/wp-content\/uploads\/2025\/09\/Presentacion-de-los-derechos-humanos-fotografico-azul-Sitio-web-4.png",1366,768,false],"2048x2048":["https:\/\/www.americanonewspaper.com\/es\/wp-content\/uploads\/2025\/09\/Presentacion-de-los-derechos-humanos-fotografico-azul-Sitio-web-4.png",1366,768,false],"td_150x0":["https:\/\/www.americanonewspaper.com\/es\/wp-content\/uploads\/2025\/09\/Presentacion-de-los-derechos-humanos-fotografico-azul-Sitio-web-4-150x84.png",150,84,true],"td_218x150":["https:\/\/www.americanonewspaper.com\/es\/wp-content\/uploads\/2025\/09\/Presentacion-de-los-derechos-humanos-fotografico-azul-Sitio-web-4-218x150.png",218,150,true],"td_300x0":["https:\/\/www.americanonewspaper.com\/es\/wp-content\/uploads\/2025\/09\/Presentacion-de-los-derechos-humanos-fotografico-azul-Sitio-web-4-300x169.png",300,169,true],"td_324x400":["https:\/\/www.americanonewspaper.com\/es\/wp-content\/uploads\/2025\/09\/Presentacion-de-los-derechos-humanos-fotografico-azul-Sitio-web-4-324x400.png",324,400,true],"td_485x360":["https:\/\/www.americanonewspaper.com\/es\/wp-content\/uploads\/2025\/09\/Presentacion-de-los-derechos-humanos-fotografico-azul-Sitio-web-4-485x360.png",485,360,true],"td_696x0":["https:\/\/www.americanonewspaper.com\/es\/wp-content\/uploads\/2025\/09\/Presentacion-de-los-derechos-humanos-fotografico-azul-Sitio-web-4-696x391.png",696,391,true],"td_1068x0":["https:\/\/www.americanonewspaper.com\/es\/wp-content\/uploads\/2025\/09\/Presentacion-de-los-derechos-humanos-fotografico-azul-Sitio-web-4-1068x600.png",1068,600,true],"td_1920x0":["https:\/\/www.americanonewspaper.com\/es\/wp-content\/uploads\/2025\/09\/Presentacion-de-los-derechos-humanos-fotografico-azul-Sitio-web-4.png",1366,768,false],"bdpp-medium":["https:\/\/www.americanonewspaper.com\/es\/wp-content\/uploads\/2025\/09\/Presentacion-de-los-derechos-humanos-fotografico-azul-Sitio-web-4-640x480.png",640,480,true]},"author_info":{"display_name":"Victoria Deus","author_link":"https:\/\/www.americanonewspaper.com\/es\/author\/victoria\/"},"category_info":"<a href=\"https:\/\/www.americanonewspaper.com\/es\/category\/ciencia-y-tecnologia\/\" rel=\"category tag\">Ciencia y Tecnolog\u00eda<\/a> <a href=\"https:\/\/www.americanonewspaper.com\/es\/category\/cultura\/\" rel=\"category tag\">Cultura<\/a> <a href=\"https:\/\/www.americanonewspaper.com\/es\/category\/tecnologia\/\" rel=\"category tag\">Tecnolog\u00eda<\/a>","tag_info":"Tecnolog\u00eda","comment_count":"0","jetpack_sharing_enabled":true,"jetpack_likes_enabled":true,"_links":{"self":[{"href":"https:\/\/www.americanonewspaper.com\/es\/wp-json\/wp\/v2\/posts\/28553","targetHints":{"allow":["GET"]}}],"collection":[{"href":"https:\/\/www.americanonewspaper.com\/es\/wp-json\/wp\/v2\/posts"}],"about":[{"href":"https:\/\/www.americanonewspaper.com\/es\/wp-json\/wp\/v2\/types\/post"}],"author":[{"embeddable":true,"href":"https:\/\/www.americanonewspaper.com\/es\/wp-json\/wp\/v2\/users\/18"}],"replies":[{"embeddable":true,"href":"https:\/\/www.americanonewspaper.com\/es\/wp-json\/wp\/v2\/comments?post=28553"}],"version-history":[{"count":1,"href":"https:\/\/www.americanonewspaper.com\/es\/wp-json\/wp\/v2\/posts\/28553\/revisions"}],"predecessor-version":[{"id":28560,"href":"https:\/\/www.americanonewspaper.com\/es\/wp-json\/wp\/v2\/posts\/28553\/revisions\/28560"}],"wp:featuredmedia":[{"embeddable":true,"href":"https:\/\/www.americanonewspaper.com\/es\/wp-json\/wp\/v2\/media\/28559"}],"wp:attachment":[{"href":"https:\/\/www.americanonewspaper.com\/es\/wp-json\/wp\/v2\/media?parent=28553"}],"wp:term":[{"taxonomy":"category","embeddable":true,"href":"https:\/\/www.americanonewspaper.com\/es\/wp-json\/wp\/v2\/categories?post=28553"},{"taxonomy":"post_tag","embeddable":true,"href":"https:\/\/www.americanonewspaper.com\/es\/wp-json\/wp\/v2\/tags?post=28553"}],"curies":[{"name":"wp","href":"https:\/\/api.w.org\/{rel}","templated":true}]}}