{"id":28453,"date":"2025-09-02T09:28:57","date_gmt":"2025-09-02T13:28:57","guid":{"rendered":"https:\/\/www.americanonewspaper.com\/es\/?p=28453"},"modified":"2025-09-02T09:58:07","modified_gmt":"2025-09-02T13:58:07","slug":"americanos-como-nuestro-continente","status":"publish","type":"post","link":"https:\/\/www.americanonewspaper.com\/es\/new-jersey\/americanos-como-nuestro-continente\/","title":{"rendered":"\u00a1Americanos Como Nuestro Continente!"},"content":{"rendered":"\n<p>New Jersey.- Por la Doctora Patricia Campos-Medina, PhD.<\/p>\n\n\n\n<p class=\"dropcapp3\">Acabo de regresar de un viaje a la Ciudad de M\u00e9xico, donde lider\u00e9 a un equipo de investigadores y l\u00edderes sindicales en una serie de mesas redondas y estrategias sobre el futuro del Tratado de Libre Comercio entre Estados Unidos y M\u00e9xico.<\/p>\n\n\n\n<figure class=\"wp-block-image size-large\"><img fetchpriority=\"high\" decoding=\"async\" width=\"800\" height=\"406\" src=\"https:\/\/www.americanonewspaper.com\/es\/wp-content\/uploads\/2025\/09\/Patty1-800x406.jpeg\" alt=\"\" class=\"wp-image-28455\" srcset=\"https:\/\/www.americanonewspaper.com\/es\/wp-content\/uploads\/2025\/09\/Patty1-800x406.jpeg 800w, https:\/\/www.americanonewspaper.com\/es\/wp-content\/uploads\/2025\/09\/Patty1-300x152.jpeg 300w, https:\/\/www.americanonewspaper.com\/es\/wp-content\/uploads\/2025\/09\/Patty1-768x389.jpeg 768w, https:\/\/www.americanonewspaper.com\/es\/wp-content\/uploads\/2025\/09\/Patty1-150x76.jpeg 150w, https:\/\/www.americanonewspaper.com\/es\/wp-content\/uploads\/2025\/09\/Patty1-696x353.jpeg 696w, https:\/\/www.americanonewspaper.com\/es\/wp-content\/uploads\/2025\/09\/Patty1-1068x541.jpeg 1068w, https:\/\/www.americanonewspaper.com\/es\/wp-content\/uploads\/2025\/09\/Patty1.jpeg 1446w\" sizes=\"(max-width: 800px) 100vw, 800px\" \/><\/figure>\n\n\n\n<p>Llegu\u00e9 en medio de la conmemoraci\u00f3n de los 700 a\u00f1os de la fundaci\u00f3n de la capital del Imperio Mexica. Fue un fin de semana de celebraciones culturales, m\u00fasica y danza en la gran plaza frente a la catedral, un espacio majestuoso, imponente, que recuerda a las grandes plazas de Roma y Madrid.<\/p>\n\n\n\n<figure class=\"wp-block-image size-large\"><img decoding=\"async\" width=\"800\" height=\"365\" src=\"https:\/\/www.americanonewspaper.com\/es\/wp-content\/uploads\/2025\/09\/Screenshot-2025-02-20-at-9.11.40-AM-1920x877-2-800x365.webp\" alt=\"\" class=\"wp-image-28447\" srcset=\"https:\/\/www.americanonewspaper.com\/es\/wp-content\/uploads\/2025\/09\/Screenshot-2025-02-20-at-9.11.40-AM-1920x877-2-800x365.webp 800w, https:\/\/www.americanonewspaper.com\/es\/wp-content\/uploads\/2025\/09\/Screenshot-2025-02-20-at-9.11.40-AM-1920x877-2-300x137.webp 300w, https:\/\/www.americanonewspaper.com\/es\/wp-content\/uploads\/2025\/09\/Screenshot-2025-02-20-at-9.11.40-AM-1920x877-2-768x351.webp 768w, https:\/\/www.americanonewspaper.com\/es\/wp-content\/uploads\/2025\/09\/Screenshot-2025-02-20-at-9.11.40-AM-1920x877-2-1536x702.webp 1536w, https:\/\/www.americanonewspaper.com\/es\/wp-content\/uploads\/2025\/09\/Screenshot-2025-02-20-at-9.11.40-AM-1920x877-2-150x69.webp 150w, https:\/\/www.americanonewspaper.com\/es\/wp-content\/uploads\/2025\/09\/Screenshot-2025-02-20-at-9.11.40-AM-1920x877-2-696x318.webp 696w, https:\/\/www.americanonewspaper.com\/es\/wp-content\/uploads\/2025\/09\/Screenshot-2025-02-20-at-9.11.40-AM-1920x877-2-1068x488.webp 1068w, https:\/\/www.americanonewspaper.com\/es\/wp-content\/uploads\/2025\/09\/Screenshot-2025-02-20-at-9.11.40-AM-1920x877-2.webp 1920w\" sizes=\"(max-width: 800px) 100vw, 800px\" \/><\/figure>\n\n\n\n<p>Me llen\u00f3 de orgullo que mis hijos vivieran esta hermosa celebraci\u00f3n de miles de a\u00f1os de cultura mexicana: la fascinante historia de un pueblo que levant\u00f3 pir\u00e1mides majestuosas e invent\u00f3 el calendario que a\u00fan gu\u00eda nuestras vidas. Visitamos la antigua ciudad de Teotihuac\u00e1n y el Museo Nacional de Antropolog\u00eda, donde se resguarda un legado invaluable de piezas arqueol\u00f3gicas y antropol\u00f3gicas de la herencia precolombina de M\u00e9xico.<\/p>\n\n\n\n<p>En ambos recorridos aprendimos que el Imperio Mexica, en su apogeo, se extend\u00eda desde Am\u00e9rica del Norte (Utah y Nevada) hasta la parte oriental de El Salvador, donde yo nac\u00ed, en San Miguel. El nombre de mi pueblo, Chirilagua, significa \u201cEl R\u00edo de Tres Estrellas\u201d en N\u00e1huatl, un idioma maya que se hablaba en esa regi\u00f3n de El Salvador hasta principios del siglo pasado.<\/p>\n\n\n\n<figure class=\"wp-block-image size-large\"><a href=\"https:\/\/www.globalautomall.com\/newdept.cfm\/page\/ 500-savings-for-americano-magazine-readers-2263\/\" target=\"_blank\" rel=\" noreferrer noopener\"><img decoding=\"async\" width=\"800\" height=\"367\" src=\"https:\/\/www.americanonewspaper.com\/es\/wp-content\/uploads\/2025\/09\/Globalhalf-800x367.webp\" alt=\"\" class=\"wp-image-28448\" srcset=\"https:\/\/www.americanonewspaper.com\/es\/wp-content\/uploads\/2025\/09\/Globalhalf-800x367.webp 800w, https:\/\/www.americanonewspaper.com\/es\/wp-content\/uploads\/2025\/09\/Globalhalf-300x138.webp 300w, https:\/\/www.americanonewspaper.com\/es\/wp-content\/uploads\/2025\/09\/Globalhalf-768x352.webp 768w, https:\/\/www.americanonewspaper.com\/es\/wp-content\/uploads\/2025\/09\/Globalhalf-150x69.webp 150w, https:\/\/www.americanonewspaper.com\/es\/wp-content\/uploads\/2025\/09\/Globalhalf-696x319.webp 696w, https:\/\/www.americanonewspaper.com\/es\/wp-content\/uploads\/2025\/09\/Globalhalf-1068x490.webp 1068w, https:\/\/www.americanonewspaper.com\/es\/wp-content\/uploads\/2025\/09\/Globalhalf.webp 1200w\" sizes=\"(max-width: 800px) 100vw, 800px\" \/><\/a><\/figure>\n\n\n\n<p>Hace unos cinco a\u00f1os me hice una prueba de ADN que me revel\u00f3 parte de mi propia historia: mis ancestros provienen de los pueblos mayas de Centroam\u00e9rica (pipiles, lencas, olmecas) que se mezclaron con los colonizadores europeos del sur de Espa\u00f1a, quienes a su vez llevaban en su sangre ra\u00edces del norte de \u00c1frica. Al caminar por las calles de la Ciudad de M\u00e9xico, me sent\u00ed profundamente identificada con su cultura: con la comida, las tradiciones, la m\u00fasica y los dichos. La cultura salvadore\u00f1a y la mexicana se parecen porque venimos del mismo pueblo: el pueblo maya.<\/p>\n\n\n\n<p>En este Mes de la Herencia Hispana, celebremos lo que nos une y nos enriquece a todos: nuestra cultura, nuestra comida, nuestras tradiciones\u2026 y la fuerza, el talento y la pasi\u00f3n que traemos a este pa\u00eds.<\/p>\n\n\n\n<figure class=\"wp-block-image size-large\"><a href=\"https:\/\/www.eventbrite.com\/e\/diversity-expo-breakfast-2025-tickets-1514091280779?aff=oddtdtcreator\" target=\"_blank\" rel=\" noreferrer noopener\"><img loading=\"lazy\" decoding=\"async\" width=\"800\" height=\"368\" src=\"https:\/\/www.americanonewspaper.com\/es\/wp-content\/uploads\/2025\/09\/Screenshot-2025-08-15-at-4.19.59-PM-2-1-800x368.png\" alt=\"\" class=\"wp-image-28450\" srcset=\"https:\/\/www.americanonewspaper.com\/es\/wp-content\/uploads\/2025\/09\/Screenshot-2025-08-15-at-4.19.59-PM-2-1-800x368.png 800w, https:\/\/www.americanonewspaper.com\/es\/wp-content\/uploads\/2025\/09\/Screenshot-2025-08-15-at-4.19.59-PM-2-1-300x138.png 300w, https:\/\/www.americanonewspaper.com\/es\/wp-content\/uploads\/2025\/09\/Screenshot-2025-08-15-at-4.19.59-PM-2-1-768x353.png 768w, https:\/\/www.americanonewspaper.com\/es\/wp-content\/uploads\/2025\/09\/Screenshot-2025-08-15-at-4.19.59-PM-2-1-1536x706.png 1536w, https:\/\/www.americanonewspaper.com\/es\/wp-content\/uploads\/2025\/09\/Screenshot-2025-08-15-at-4.19.59-PM-2-1-150x69.png 150w, https:\/\/www.americanonewspaper.com\/es\/wp-content\/uploads\/2025\/09\/Screenshot-2025-08-15-at-4.19.59-PM-2-1-696x320.png 696w, https:\/\/www.americanonewspaper.com\/es\/wp-content\/uploads\/2025\/09\/Screenshot-2025-08-15-at-4.19.59-PM-2-1-1068x491.png 1068w, https:\/\/www.americanonewspaper.com\/es\/wp-content\/uploads\/2025\/09\/Screenshot-2025-08-15-at-4.19.59-PM-2-1.png 1592w\" sizes=\"(max-width: 800px) 100vw, 800px\" \/><\/a><\/figure>\n\n\n\n<p>Pero, sobre todo, recordemos lo que nos une hoy: que vivimos aqu\u00ed, en los Estados Unidos de Am\u00e9rica. No importa si nacimos en Sudam\u00e9rica, en las islas del Caribe como Puerto Rico, Cuba o Rep\u00fablica Dominicana, o aqu\u00ed mismo en Nueva Jersey o Texas, todos compartimos los mismos sue\u00f1os para nuestras familias e hijos: que prosperen, que triunfen en nuestras comunidades, en nuestro estado y en nuestro pa\u00eds.<\/p>\n\n\n\n<p>Estados Unidos es nuestro hogar; aqu\u00ed hemos echado ra\u00edces construyendo nuestras vidas, nuestros negocios y nuestros sue\u00f1os. Y hemos aportado a nuestras comunidades participando, votando y siendo parte activa de nuestros vecindarios.<\/p>\n\n\n\n<figure class=\"wp-block-image size-large\"><a href=\"https:\/\/www.dchbrunswicktoyota.com\/espanol\/ofertas-especiales-toyota-north-brunswick.htm\" target=\"_blank\" rel=\" noreferrer noopener\"><img loading=\"lazy\" decoding=\"async\" width=\"800\" height=\"358\" src=\"https:\/\/www.americanonewspaper.com\/es\/wp-content\/uploads\/2025\/09\/f6c3b2f3-6406-459f-adf6-bb1b6b65f669-8-800x358.jpg\" alt=\"\" class=\"wp-image-28451\" srcset=\"https:\/\/www.americanonewspaper.com\/es\/wp-content\/uploads\/2025\/09\/f6c3b2f3-6406-459f-adf6-bb1b6b65f669-8-800x358.jpg 800w, https:\/\/www.americanonewspaper.com\/es\/wp-content\/uploads\/2025\/09\/f6c3b2f3-6406-459f-adf6-bb1b6b65f669-8-300x134.jpg 300w, https:\/\/www.americanonewspaper.com\/es\/wp-content\/uploads\/2025\/09\/f6c3b2f3-6406-459f-adf6-bb1b6b65f669-8-768x344.jpg 768w, https:\/\/www.americanonewspaper.com\/es\/wp-content\/uploads\/2025\/09\/f6c3b2f3-6406-459f-adf6-bb1b6b65f669-8-150x67.jpg 150w, https:\/\/www.americanonewspaper.com\/es\/wp-content\/uploads\/2025\/09\/f6c3b2f3-6406-459f-adf6-bb1b6b65f669-8-696x311.jpg 696w, https:\/\/www.americanonewspaper.com\/es\/wp-content\/uploads\/2025\/09\/f6c3b2f3-6406-459f-adf6-bb1b6b65f669-8-1068x478.jpg 1068w, https:\/\/www.americanonewspaper.com\/es\/wp-content\/uploads\/2025\/09\/f6c3b2f3-6406-459f-adf6-bb1b6b65f669-8.jpg 1140w\" sizes=\"(max-width: 800px) 100vw, 800px\" \/><\/a><\/figure>\n\n\n\n<p>No somos extranjeros en esta tierra. Estamos conectados por la herencia milenaria de los pueblos originarios que habitaron este continente por miles de a\u00f1os. Somos parte de esta historia. Como el cantante Jonathan Acosta dice, somos todos americanos, como nuestro continente.<\/p>\n\n\n\n<figure class=\"wp-block-image size-large\"><a href=\"https:\/\/www.stnj.org\/events\/detail\/willy-chirino?utm_source=americano&amp;utm_medium=digitalad&amp;utm_campaign=americano_250815_digitalad_willychirino\" target=\"_blank\" rel=\" noreferrer noopener\"><img loading=\"lazy\" decoding=\"async\" width=\"800\" height=\"429\" src=\"https:\/\/www.americanonewspaper.com\/es\/wp-content\/uploads\/2025\/08\/Screenshot-2025-08-15-at-4.22.35-PM-1-4-800x429.png\" alt=\"\" class=\"wp-image-28422\" srcset=\"https:\/\/www.americanonewspaper.com\/es\/wp-content\/uploads\/2025\/08\/Screenshot-2025-08-15-at-4.22.35-PM-1-4-800x429.png 800w, https:\/\/www.americanonewspaper.com\/es\/wp-content\/uploads\/2025\/08\/Screenshot-2025-08-15-at-4.22.35-PM-1-4-300x161.png 300w, https:\/\/www.americanonewspaper.com\/es\/wp-content\/uploads\/2025\/08\/Screenshot-2025-08-15-at-4.22.35-PM-1-4-768x411.png 768w, https:\/\/www.americanonewspaper.com\/es\/wp-content\/uploads\/2025\/08\/Screenshot-2025-08-15-at-4.22.35-PM-1-4-1536x823.png 1536w, https:\/\/www.americanonewspaper.com\/es\/wp-content\/uploads\/2025\/08\/Screenshot-2025-08-15-at-4.22.35-PM-1-4-150x80.png 150w, https:\/\/www.americanonewspaper.com\/es\/wp-content\/uploads\/2025\/08\/Screenshot-2025-08-15-at-4.22.35-PM-1-4-696x373.png 696w, https:\/\/www.americanonewspaper.com\/es\/wp-content\/uploads\/2025\/08\/Screenshot-2025-08-15-at-4.22.35-PM-1-4-1068x572.png 1068w, https:\/\/www.americanonewspaper.com\/es\/wp-content\/uploads\/2025\/08\/Screenshot-2025-08-15-at-4.22.35-PM-1-4.png 1594w\" sizes=\"(max-width: 800px) 100vw, 800px\" \/><\/a><\/figure>\n\n\n\n<p>\u2022<a href=\"https:\/\/www.linkedin.com\/in\/dr-patricia-campos-medina-658ab74b\/\" target=\"_blank\" rel=\"noreferrer noopener\"> Dra. Patricia Campos-Medina<\/a>, l\u00edder laboral y pol\u00edtica. S\u00edguela en redes sociales: @DrCamposMedina\u00a0\u00a0<\/p>\n","protected":false},"excerpt":{"rendered":"<p>New Jersey.- Por la Doctora Patricia Campos-Medina, PhD. Acabo de regresar de un viaje a la Ciudad de M\u00e9xico, donde lider\u00e9 a un equipo de investigadores y l\u00edderes sindicales en una serie de mesas redondas y estrategias sobre el futuro del Tratado de Libre Comercio entre Estados Unidos y M\u00e9xico. Llegu\u00e9 en medio de la [&hellip;]<\/p>\n","protected":false},"author":7,"featured_media":28457,"comment_status":"open","ping_status":"open","sticky":false,"template":"","format":"standard","meta":{"_acf_changed":false,"tdm_status":"","tdm_grid_status":"","_jetpack_memberships_contains_paid_content":false,"footnotes":"","jetpack_publicize_message":"","jetpack_publicize_feature_enabled":true,"jetpack_social_post_already_shared":true,"jetpack_social_options":{"image_generator_settings":{"template":"highway","default_image_id":0,"font":"","enabled":false},"version":2},"_wpas_customize_per_network":false},"categories":[1094,246],"tags":[],"class_list":{"0":"post-28453","1":"post","2":"type-post","3":"status-publish","4":"format-standard","5":"has-post-thumbnail","7":"category-educacion","8":"category-new-jersey"},"acf":[],"yoast_head":"<!-- This site is optimized with the Yoast SEO Premium plugin v27.5 (Yoast SEO v27.5) - https:\/\/yoast.com\/product\/yoast-seo-premium-wordpress\/ -->\n<title>\u00a1Americanos Como Nuestro Continente! - Americano Newspaper<\/title>\n<meta name=\"description\" content=\"Acabo de regresar de un viaje a la Ciudad de M\u00e9xico, donde lider\u00e9 a un equipo de investigadores y l\u00edderes sindicales en una serie de mesas redondas y estrategias sobre el futuro del Tratado de Libre Comercio entre Estados Unidos y M\u00e9xico.\" \/>\n<meta name=\"robots\" content=\"index, follow, max-snippet:-1, max-image-preview:large, max-video-preview:-1\" \/>\n<link rel=\"canonical\" href=\"https:\/\/www.americanonewspaper.com\/es\/new-jersey\/americanos-como-nuestro-continente\/\" \/>\n<meta property=\"og:locale\" content=\"en_US\" \/>\n<meta property=\"og:type\" content=\"article\" \/>\n<meta property=\"og:title\" content=\"\u00a1Americanos Como Nuestro Continente!\" \/>\n<meta property=\"og:description\" content=\"Acabo de regresar de un viaje a la Ciudad de M\u00e9xico, donde lider\u00e9 a un equipo de investigadores y l\u00edderes sindicales en una serie de mesas redondas y estrategias sobre el futuro del Tratado de Libre Comercio entre Estados Unidos y M\u00e9xico.\" \/>\n<meta property=\"og:url\" content=\"https:\/\/www.americanonewspaper.com\/es\/new-jersey\/americanos-como-nuestro-continente\/\" \/>\n<meta property=\"og:site_name\" content=\"Americano Newspaper\" \/>\n<meta property=\"article:publisher\" content=\"https:\/\/www.facebook.com\/AmericanoNewspaper\/\" \/>\n<meta property=\"article:published_time\" content=\"2025-09-02T13:28:57+00:00\" \/>\n<meta property=\"article:modified_time\" content=\"2025-09-02T13:58:07+00:00\" \/>\n<meta property=\"og:image\" content=\"https:\/\/www.americanonewspaper.com\/es\/wp-content\/uploads\/2025\/09\/amarilla.jpg\" \/>\n\t<meta property=\"og:image:width\" content=\"1200\" \/>\n\t<meta property=\"og:image:height\" content=\"780\" \/>\n\t<meta property=\"og:image:type\" content=\"image\/jpeg\" \/>\n<meta name=\"author\" content=\"Author\" \/>\n<meta name=\"twitter:card\" content=\"summary_large_image\" \/>\n<meta name=\"twitter:label1\" content=\"Written by\" \/>\n\t<meta name=\"twitter:data1\" content=\"Author\" \/>\n\t<meta name=\"twitter:label2\" content=\"Est. reading time\" \/>\n\t<meta name=\"twitter:data2\" content=\"4 minutes\" \/>\n<script type=\"application\/ld+json\" class=\"yoast-schema-graph\">{\"@context\":\"https:\\\/\\\/schema.org\",\"@graph\":[{\"@type\":\"Article\",\"@id\":\"https:\\\/\\\/www.americanonewspaper.com\\\/es\\\/new-jersey\\\/americanos-como-nuestro-continente\\\/#article\",\"isPartOf\":{\"@id\":\"https:\\\/\\\/www.americanonewspaper.com\\\/es\\\/new-jersey\\\/americanos-como-nuestro-continente\\\/\"},\"author\":{\"name\":\"Author\",\"@id\":\"https:\\\/\\\/www.americanonewspaper.com\\\/es\\\/#\\\/schema\\\/person\\\/8967f6b8af7e37bcbbe61f68580ff088\"},\"headline\":\"\u00a1Americanos Como Nuestro Continente!\",\"datePublished\":\"2025-09-02T13:28:57+00:00\",\"dateModified\":\"2025-09-02T13:58:07+00:00\",\"mainEntityOfPage\":{\"@id\":\"https:\\\/\\\/www.americanonewspaper.com\\\/es\\\/new-jersey\\\/americanos-como-nuestro-continente\\\/\"},\"wordCount\":564,\"commentCount\":0,\"publisher\":{\"@id\":\"https:\\\/\\\/www.americanonewspaper.com\\\/es\\\/#organization\"},\"image\":{\"@id\":\"https:\\\/\\\/www.americanonewspaper.com\\\/es\\\/new-jersey\\\/americanos-como-nuestro-continente\\\/#primaryimage\"},\"thumbnailUrl\":\"https:\\\/\\\/www.americanonewspaper.com\\\/es\\\/wp-content\\\/uploads\\\/2025\\\/09\\\/amarilla.jpg\",\"articleSection\":[\"Educaci\u00f3n\",\"New Jersey\"],\"inLanguage\":\"en-US\",\"potentialAction\":[{\"@type\":\"CommentAction\",\"name\":\"Comment\",\"target\":[\"https:\\\/\\\/www.americanonewspaper.com\\\/es\\\/new-jersey\\\/americanos-como-nuestro-continente\\\/#respond\"]}]},{\"@type\":\"WebPage\",\"@id\":\"https:\\\/\\\/www.americanonewspaper.com\\\/es\\\/new-jersey\\\/americanos-como-nuestro-continente\\\/\",\"url\":\"https:\\\/\\\/www.americanonewspaper.com\\\/es\\\/new-jersey\\\/americanos-como-nuestro-continente\\\/\",\"name\":\"\u00a1Americanos Como Nuestro Continente! - Americano Newspaper\",\"isPartOf\":{\"@id\":\"https:\\\/\\\/www.americanonewspaper.com\\\/es\\\/#website\"},\"primaryImageOfPage\":{\"@id\":\"https:\\\/\\\/www.americanonewspaper.com\\\/es\\\/new-jersey\\\/americanos-como-nuestro-continente\\\/#primaryimage\"},\"image\":{\"@id\":\"https:\\\/\\\/www.americanonewspaper.com\\\/es\\\/new-jersey\\\/americanos-como-nuestro-continente\\\/#primaryimage\"},\"thumbnailUrl\":\"https:\\\/\\\/www.americanonewspaper.com\\\/es\\\/wp-content\\\/uploads\\\/2025\\\/09\\\/amarilla.jpg\",\"datePublished\":\"2025-09-02T13:28:57+00:00\",\"dateModified\":\"2025-09-02T13:58:07+00:00\",\"description\":\"Acabo de regresar de un viaje a la Ciudad de M\u00e9xico, donde lider\u00e9 a un equipo de investigadores y l\u00edderes sindicales en una serie de mesas redondas y estrategias sobre el futuro del Tratado de Libre Comercio entre Estados Unidos y M\u00e9xico.\",\"breadcrumb\":{\"@id\":\"https:\\\/\\\/www.americanonewspaper.com\\\/es\\\/new-jersey\\\/americanos-como-nuestro-continente\\\/#breadcrumb\"},\"inLanguage\":\"en-US\",\"potentialAction\":[{\"@type\":\"ReadAction\",\"target\":[\"https:\\\/\\\/www.americanonewspaper.com\\\/es\\\/new-jersey\\\/americanos-como-nuestro-continente\\\/\"]}]},{\"@type\":\"ImageObject\",\"inLanguage\":\"en-US\",\"@id\":\"https:\\\/\\\/www.americanonewspaper.com\\\/es\\\/new-jersey\\\/americanos-como-nuestro-continente\\\/#primaryimage\",\"url\":\"https:\\\/\\\/www.americanonewspaper.com\\\/es\\\/wp-content\\\/uploads\\\/2025\\\/09\\\/amarilla.jpg\",\"contentUrl\":\"https:\\\/\\\/www.americanonewspaper.com\\\/es\\\/wp-content\\\/uploads\\\/2025\\\/09\\\/amarilla.jpg\",\"width\":1200,\"height\":780,\"caption\":\"Dra. Patricia Campos-Medina, l\u00edder laboral y pol\u00edtica. S\u00edguela en redes sociales: @DrCamposMedina\"},{\"@type\":\"BreadcrumbList\",\"@id\":\"https:\\\/\\\/www.americanonewspaper.com\\\/es\\\/new-jersey\\\/americanos-como-nuestro-continente\\\/#breadcrumb\",\"itemListElement\":[{\"@type\":\"ListItem\",\"position\":1,\"name\":\"Home\",\"item\":\"https:\\\/\\\/www.americanonewspaper.com\\\/es\\\/\"},{\"@type\":\"ListItem\",\"position\":2,\"name\":\"\u00a1Americanos Como Nuestro Continente!\"}]},{\"@type\":\"WebSite\",\"@id\":\"https:\\\/\\\/www.americanonewspaper.com\\\/es\\\/#website\",\"url\":\"https:\\\/\\\/www.americanonewspaper.com\\\/es\\\/\",\"name\":\"Americano Newspaper\",\"description\":\"The Hispanic Newspaper of New Jersey.\",\"publisher\":{\"@id\":\"https:\\\/\\\/www.americanonewspaper.com\\\/es\\\/#organization\"},\"potentialAction\":[{\"@type\":\"SearchAction\",\"target\":{\"@type\":\"EntryPoint\",\"urlTemplate\":\"https:\\\/\\\/www.americanonewspaper.com\\\/es\\\/?s={search_term_string}\"},\"query-input\":{\"@type\":\"PropertyValueSpecification\",\"valueRequired\":true,\"valueName\":\"search_term_string\"}}],\"inLanguage\":\"en-US\"},{\"@type\":\"Organization\",\"@id\":\"https:\\\/\\\/www.americanonewspaper.com\\\/es\\\/#organization\",\"name\":\"Americano Newspaper\",\"url\":\"https:\\\/\\\/www.americanonewspaper.com\\\/es\\\/\",\"logo\":{\"@type\":\"ImageObject\",\"inLanguage\":\"en-US\",\"@id\":\"https:\\\/\\\/www.americanonewspaper.com\\\/es\\\/#\\\/schema\\\/logo\\\/image\\\/\",\"url\":\"https:\\\/\\\/www.americanonewspaper.com\\\/es\\\/wp-content\\\/uploads\\\/2024\\\/05\\\/AmericanoLogoCircle.comCircle2.jpg\",\"contentUrl\":\"https:\\\/\\\/www.americanonewspaper.com\\\/es\\\/wp-content\\\/uploads\\\/2024\\\/05\\\/AmericanoLogoCircle.comCircle2.jpg\",\"width\":600,\"height\":600,\"caption\":\"Americano Newspaper\"},\"image\":{\"@id\":\"https:\\\/\\\/www.americanonewspaper.com\\\/es\\\/#\\\/schema\\\/logo\\\/image\\\/\"},\"sameAs\":[\"https:\\\/\\\/www.facebook.com\\\/AmericanoNewspaper\\\/\"]},{\"@type\":\"Person\",\"@id\":\"https:\\\/\\\/www.americanonewspaper.com\\\/es\\\/#\\\/schema\\\/person\\\/8967f6b8af7e37bcbbe61f68580ff088\",\"name\":\"Author\",\"image\":{\"@type\":\"ImageObject\",\"inLanguage\":\"en-US\",\"@id\":\"https:\\\/\\\/www.americanonewspaper.com\\\/es\\\/wp-content\\\/litespeed\\\/avatar\\\/89ffaf6af3cf6769ffb3c6efb2313947.jpg?ver=1777427547\",\"url\":\"https:\\\/\\\/www.americanonewspaper.com\\\/es\\\/wp-content\\\/litespeed\\\/avatar\\\/89ffaf6af3cf6769ffb3c6efb2313947.jpg?ver=1777427547\",\"contentUrl\":\"https:\\\/\\\/www.americanonewspaper.com\\\/es\\\/wp-content\\\/litespeed\\\/avatar\\\/89ffaf6af3cf6769ffb3c6efb2313947.jpg?ver=1777427547\",\"caption\":\"Author\"},\"url\":\"https:\\\/\\\/www.americanonewspaper.com\\\/es\\\/author\\\/americano\\\/\"}]}<\/script>\n<!-- \/ Yoast SEO Premium plugin. -->","yoast_head_json":{"title":"\u00a1Americanos Como Nuestro Continente! - Americano Newspaper","description":"Acabo de regresar de un viaje a la Ciudad de M\u00e9xico, donde lider\u00e9 a un equipo de investigadores y l\u00edderes sindicales en una serie de mesas redondas y estrategias sobre el futuro del Tratado de Libre Comercio entre Estados Unidos y M\u00e9xico.","robots":{"index":"index","follow":"follow","max-snippet":"max-snippet:-1","max-image-preview":"max-image-preview:large","max-video-preview":"max-video-preview:-1"},"canonical":"https:\/\/www.americanonewspaper.com\/es\/new-jersey\/americanos-como-nuestro-continente\/","og_locale":"en_US","og_type":"article","og_title":"\u00a1Americanos Como Nuestro Continente!","og_description":"Acabo de regresar de un viaje a la Ciudad de M\u00e9xico, donde lider\u00e9 a un equipo de investigadores y l\u00edderes sindicales en una serie de mesas redondas y estrategias sobre el futuro del Tratado de Libre Comercio entre Estados Unidos y M\u00e9xico.","og_url":"https:\/\/www.americanonewspaper.com\/es\/new-jersey\/americanos-como-nuestro-continente\/","og_site_name":"Americano Newspaper","article_publisher":"https:\/\/www.facebook.com\/AmericanoNewspaper\/","article_published_time":"2025-09-02T13:28:57+00:00","article_modified_time":"2025-09-02T13:58:07+00:00","og_image":[{"width":1200,"height":780,"url":"https:\/\/www.americanonewspaper.com\/es\/wp-content\/uploads\/2025\/09\/amarilla.jpg","type":"image\/jpeg"}],"author":"Author","twitter_card":"summary_large_image","twitter_misc":{"Written by":"Author","Est. reading time":"4 minutes"},"schema":{"@context":"https:\/\/schema.org","@graph":[{"@type":"Article","@id":"https:\/\/www.americanonewspaper.com\/es\/new-jersey\/americanos-como-nuestro-continente\/#article","isPartOf":{"@id":"https:\/\/www.americanonewspaper.com\/es\/new-jersey\/americanos-como-nuestro-continente\/"},"author":{"name":"Author","@id":"https:\/\/www.americanonewspaper.com\/es\/#\/schema\/person\/8967f6b8af7e37bcbbe61f68580ff088"},"headline":"\u00a1Americanos Como Nuestro Continente!","datePublished":"2025-09-02T13:28:57+00:00","dateModified":"2025-09-02T13:58:07+00:00","mainEntityOfPage":{"@id":"https:\/\/www.americanonewspaper.com\/es\/new-jersey\/americanos-como-nuestro-continente\/"},"wordCount":564,"commentCount":0,"publisher":{"@id":"https:\/\/www.americanonewspaper.com\/es\/#organization"},"image":{"@id":"https:\/\/www.americanonewspaper.com\/es\/new-jersey\/americanos-como-nuestro-continente\/#primaryimage"},"thumbnailUrl":"https:\/\/www.americanonewspaper.com\/es\/wp-content\/uploads\/2025\/09\/amarilla.jpg","articleSection":["Educaci\u00f3n","New Jersey"],"inLanguage":"en-US","potentialAction":[{"@type":"CommentAction","name":"Comment","target":["https:\/\/www.americanonewspaper.com\/es\/new-jersey\/americanos-como-nuestro-continente\/#respond"]}]},{"@type":"WebPage","@id":"https:\/\/www.americanonewspaper.com\/es\/new-jersey\/americanos-como-nuestro-continente\/","url":"https:\/\/www.americanonewspaper.com\/es\/new-jersey\/americanos-como-nuestro-continente\/","name":"\u00a1Americanos Como Nuestro Continente! - Americano Newspaper","isPartOf":{"@id":"https:\/\/www.americanonewspaper.com\/es\/#website"},"primaryImageOfPage":{"@id":"https:\/\/www.americanonewspaper.com\/es\/new-jersey\/americanos-como-nuestro-continente\/#primaryimage"},"image":{"@id":"https:\/\/www.americanonewspaper.com\/es\/new-jersey\/americanos-como-nuestro-continente\/#primaryimage"},"thumbnailUrl":"https:\/\/www.americanonewspaper.com\/es\/wp-content\/uploads\/2025\/09\/amarilla.jpg","datePublished":"2025-09-02T13:28:57+00:00","dateModified":"2025-09-02T13:58:07+00:00","description":"Acabo de regresar de un viaje a la Ciudad de M\u00e9xico, donde lider\u00e9 a un equipo de investigadores y l\u00edderes sindicales en una serie de mesas redondas y estrategias sobre el futuro del Tratado de Libre Comercio entre Estados Unidos y M\u00e9xico.","breadcrumb":{"@id":"https:\/\/www.americanonewspaper.com\/es\/new-jersey\/americanos-como-nuestro-continente\/#breadcrumb"},"inLanguage":"en-US","potentialAction":[{"@type":"ReadAction","target":["https:\/\/www.americanonewspaper.com\/es\/new-jersey\/americanos-como-nuestro-continente\/"]}]},{"@type":"ImageObject","inLanguage":"en-US","@id":"https:\/\/www.americanonewspaper.com\/es\/new-jersey\/americanos-como-nuestro-continente\/#primaryimage","url":"https:\/\/www.americanonewspaper.com\/es\/wp-content\/uploads\/2025\/09\/amarilla.jpg","contentUrl":"https:\/\/www.americanonewspaper.com\/es\/wp-content\/uploads\/2025\/09\/amarilla.jpg","width":1200,"height":780,"caption":"Dra. Patricia Campos-Medina, l\u00edder laboral y pol\u00edtica. S\u00edguela en redes sociales: @DrCamposMedina"},{"@type":"BreadcrumbList","@id":"https:\/\/www.americanonewspaper.com\/es\/new-jersey\/americanos-como-nuestro-continente\/#breadcrumb","itemListElement":[{"@type":"ListItem","position":1,"name":"Home","item":"https:\/\/www.americanonewspaper.com\/es\/"},{"@type":"ListItem","position":2,"name":"\u00a1Americanos Como Nuestro Continente!"}]},{"@type":"WebSite","@id":"https:\/\/www.americanonewspaper.com\/es\/#website","url":"https:\/\/www.americanonewspaper.com\/es\/","name":"Americano Newspaper","description":"The Hispanic Newspaper of New Jersey.","publisher":{"@id":"https:\/\/www.americanonewspaper.com\/es\/#organization"},"potentialAction":[{"@type":"SearchAction","target":{"@type":"EntryPoint","urlTemplate":"https:\/\/www.americanonewspaper.com\/es\/?s={search_term_string}"},"query-input":{"@type":"PropertyValueSpecification","valueRequired":true,"valueName":"search_term_string"}}],"inLanguage":"en-US"},{"@type":"Organization","@id":"https:\/\/www.americanonewspaper.com\/es\/#organization","name":"Americano Newspaper","url":"https:\/\/www.americanonewspaper.com\/es\/","logo":{"@type":"ImageObject","inLanguage":"en-US","@id":"https:\/\/www.americanonewspaper.com\/es\/#\/schema\/logo\/image\/","url":"https:\/\/www.americanonewspaper.com\/es\/wp-content\/uploads\/2024\/05\/AmericanoLogoCircle.comCircle2.jpg","contentUrl":"https:\/\/www.americanonewspaper.com\/es\/wp-content\/uploads\/2024\/05\/AmericanoLogoCircle.comCircle2.jpg","width":600,"height":600,"caption":"Americano Newspaper"},"image":{"@id":"https:\/\/www.americanonewspaper.com\/es\/#\/schema\/logo\/image\/"},"sameAs":["https:\/\/www.facebook.com\/AmericanoNewspaper\/"]},{"@type":"Person","@id":"https:\/\/www.americanonewspaper.com\/es\/#\/schema\/person\/8967f6b8af7e37bcbbe61f68580ff088","name":"Author","image":{"@type":"ImageObject","inLanguage":"en-US","@id":"https:\/\/www.americanonewspaper.com\/es\/wp-content\/litespeed\/avatar\/89ffaf6af3cf6769ffb3c6efb2313947.jpg?ver=1777427547","url":"https:\/\/www.americanonewspaper.com\/es\/wp-content\/litespeed\/avatar\/89ffaf6af3cf6769ffb3c6efb2313947.jpg?ver=1777427547","contentUrl":"https:\/\/www.americanonewspaper.com\/es\/wp-content\/litespeed\/avatar\/89ffaf6af3cf6769ffb3c6efb2313947.jpg?ver=1777427547","caption":"Author"},"url":"https:\/\/www.americanonewspaper.com\/es\/author\/americano\/"}]}},"jetpack_publicize_connections":[],"jetpack_featured_media_url":"https:\/\/www.americanonewspaper.com\/es\/wp-content\/uploads\/2025\/09\/amarilla.jpg","featured_image_urls":{"full":["https:\/\/www.americanonewspaper.com\/es\/wp-content\/uploads\/2025\/09\/amarilla.jpg",1200,780,false],"thumbnail":["https:\/\/www.americanonewspaper.com\/es\/wp-content\/uploads\/2025\/09\/amarilla-250x250.jpg",250,250,true],"medium":["https:\/\/www.americanonewspaper.com\/es\/wp-content\/uploads\/2025\/09\/amarilla-300x195.jpg",300,195,true],"medium_large":["https:\/\/www.americanonewspaper.com\/es\/wp-content\/uploads\/2025\/09\/amarilla-768x499.jpg",696,452,true],"large":["https:\/\/www.americanonewspaper.com\/es\/wp-content\/uploads\/2025\/09\/amarilla-769x500.jpg",696,453,true],"1536x1536":["https:\/\/www.americanonewspaper.com\/es\/wp-content\/uploads\/2025\/09\/amarilla.jpg",1200,780,false],"2048x2048":["https:\/\/www.americanonewspaper.com\/es\/wp-content\/uploads\/2025\/09\/amarilla.jpg",1200,780,false],"td_150x0":["https:\/\/www.americanonewspaper.com\/es\/wp-content\/uploads\/2025\/09\/amarilla-150x98.jpg",150,98,true],"td_218x150":["https:\/\/www.americanonewspaper.com\/es\/wp-content\/uploads\/2025\/09\/amarilla-218x150.jpg",218,150,true],"td_300x0":["https:\/\/www.americanonewspaper.com\/es\/wp-content\/uploads\/2025\/09\/amarilla-300x195.jpg",300,195,true],"td_324x400":["https:\/\/www.americanonewspaper.com\/es\/wp-content\/uploads\/2025\/09\/amarilla-324x400.jpg",324,400,true],"td_485x360":["https:\/\/www.americanonewspaper.com\/es\/wp-content\/uploads\/2025\/09\/amarilla-485x360.jpg",485,360,true],"td_696x0":["https:\/\/www.americanonewspaper.com\/es\/wp-content\/uploads\/2025\/09\/amarilla-696x452.jpg",696,452,true],"td_1068x0":["https:\/\/www.americanonewspaper.com\/es\/wp-content\/uploads\/2025\/09\/amarilla-1068x694.jpg",1068,694,true],"td_1920x0":["https:\/\/www.americanonewspaper.com\/es\/wp-content\/uploads\/2025\/09\/amarilla.jpg",1200,780,false],"bdpp-medium":["https:\/\/www.americanonewspaper.com\/es\/wp-content\/uploads\/2025\/09\/amarilla-640x480.jpg",640,480,true]},"author_info":{"display_name":"Author","author_link":"https:\/\/www.americanonewspaper.com\/es\/author\/americano\/"},"category_info":"<a href=\"https:\/\/www.americanonewspaper.com\/es\/category\/educacion\/\" rel=\"category tag\">Educaci\u00f3n<\/a> <a href=\"https:\/\/www.americanonewspaper.com\/es\/category\/new-jersey\/\" rel=\"category tag\">New Jersey<\/a>","tag_info":"New Jersey","comment_count":"0","jetpack_sharing_enabled":true,"jetpack_likes_enabled":true,"_links":{"self":[{"href":"https:\/\/www.americanonewspaper.com\/es\/wp-json\/wp\/v2\/posts\/28453","targetHints":{"allow":["GET"]}}],"collection":[{"href":"https:\/\/www.americanonewspaper.com\/es\/wp-json\/wp\/v2\/posts"}],"about":[{"href":"https:\/\/www.americanonewspaper.com\/es\/wp-json\/wp\/v2\/types\/post"}],"author":[{"embeddable":true,"href":"https:\/\/www.americanonewspaper.com\/es\/wp-json\/wp\/v2\/users\/7"}],"replies":[{"embeddable":true,"href":"https:\/\/www.americanonewspaper.com\/es\/wp-json\/wp\/v2\/comments?post=28453"}],"version-history":[{"count":1,"href":"https:\/\/www.americanonewspaper.com\/es\/wp-json\/wp\/v2\/posts\/28453\/revisions"}],"predecessor-version":[{"id":28456,"href":"https:\/\/www.americanonewspaper.com\/es\/wp-json\/wp\/v2\/posts\/28453\/revisions\/28456"}],"wp:featuredmedia":[{"embeddable":true,"href":"https:\/\/www.americanonewspaper.com\/es\/wp-json\/wp\/v2\/media\/28457"}],"wp:attachment":[{"href":"https:\/\/www.americanonewspaper.com\/es\/wp-json\/wp\/v2\/media?parent=28453"}],"wp:term":[{"taxonomy":"category","embeddable":true,"href":"https:\/\/www.americanonewspaper.com\/es\/wp-json\/wp\/v2\/categories?post=28453"},{"taxonomy":"post_tag","embeddable":true,"href":"https:\/\/www.americanonewspaper.com\/es\/wp-json\/wp\/v2\/tags?post=28453"}],"curies":[{"name":"wp","href":"https:\/\/api.w.org\/{rel}","templated":true}]}}