{"id":28425,"date":"2025-08-29T19:02:31","date_gmt":"2025-08-29T23:02:31","guid":{"rendered":"https:\/\/www.americanonewspaper.com\/es\/?p=28425"},"modified":"2025-08-30T11:55:23","modified_gmt":"2025-08-30T15:55:23","slug":"la-cumbre-mundial-de-docentes-advierte-que-faltan-44-millones-de-profesores-en-el-mundo","status":"publish","type":"post","link":"https:\/\/www.americanonewspaper.com\/es\/naciones-unidas-onu\/unesco\/la-cumbre-mundial-de-docentes-advierte-que-faltan-44-millones-de-profesores-en-el-mundo\/","title":{"rendered":"La Cumbre Mundial de Docentes advierte que faltan 44 millones de profesores en el mundo"},"content":{"rendered":"\n<p>Santiago de Chile, (EFE).<\/p>\n\n\n\n<p class=\"dropcapp3\">La Cumbre Mundial de la UNESCO sobre Docentes concluy\u00f3 este viernes en Santiago de Chile con un firme compromiso de los distintos l\u00edderes mundiales para trabajar en la adaptaci\u00f3n a los nuevos tiempos del trabajo de los educadores y a apoyar con m\u00e1s y mejores medios su labor, al advertir que existe un d\u00e9ficit de 44 millones de profesores en el mundo.<\/p>\n\n\n\n<figure class=\"wp-block-image size-large\"><img fetchpriority=\"high\" decoding=\"async\" width=\"800\" height=\"365\" src=\"https:\/\/www.americanonewspaper.com\/es\/wp-content\/uploads\/2025\/08\/Screenshot-2025-02-20-at-9.11.40-AM-1920x877-2-19-800x365.webp\" alt=\"\" class=\"wp-image-28350\" srcset=\"https:\/\/www.americanonewspaper.com\/es\/wp-content\/uploads\/2025\/08\/Screenshot-2025-02-20-at-9.11.40-AM-1920x877-2-19-800x365.webp 800w, https:\/\/www.americanonewspaper.com\/es\/wp-content\/uploads\/2025\/08\/Screenshot-2025-02-20-at-9.11.40-AM-1920x877-2-19-300x137.webp 300w, https:\/\/www.americanonewspaper.com\/es\/wp-content\/uploads\/2025\/08\/Screenshot-2025-02-20-at-9.11.40-AM-1920x877-2-19-768x351.webp 768w, https:\/\/www.americanonewspaper.com\/es\/wp-content\/uploads\/2025\/08\/Screenshot-2025-02-20-at-9.11.40-AM-1920x877-2-19-1536x702.webp 1536w, https:\/\/www.americanonewspaper.com\/es\/wp-content\/uploads\/2025\/08\/Screenshot-2025-02-20-at-9.11.40-AM-1920x877-2-19-150x69.webp 150w, https:\/\/www.americanonewspaper.com\/es\/wp-content\/uploads\/2025\/08\/Screenshot-2025-02-20-at-9.11.40-AM-1920x877-2-19-696x318.webp 696w, https:\/\/www.americanonewspaper.com\/es\/wp-content\/uploads\/2025\/08\/Screenshot-2025-02-20-at-9.11.40-AM-1920x877-2-19-1068x488.webp 1068w, https:\/\/www.americanonewspaper.com\/es\/wp-content\/uploads\/2025\/08\/Screenshot-2025-02-20-at-9.11.40-AM-1920x877-2-19.webp 1920w\" sizes=\"(max-width: 800px) 100vw, 800px\" \/><\/figure>\n\n\n\n<p>En un comunicado difundido al final de los dos d\u00edas de reuniones y seminarios, la UNESCO reconoci\u00f3 que existe un amplia carencia de profesores en el mundo e inst\u00f3 por ello a los estados a invertir y financiar con m\u00e1s medios la educaci\u00f3n, clave para abordar los grandes retos del futuro, como la llegada de la Inteligencia Artificial.<\/p>\n\n\n\n<figure class=\"wp-block-image size-large\"><a href=\"https:\/\/www.globalautomall.com\/newdept.cfm\/page\/500-savings-for-americano-magazine-readers-2263\/\" target=\"_blank\" rel=\" noreferrer noopener\"><img decoding=\"async\" width=\"800\" height=\"367\" src=\"https:\/\/www.americanonewspaper.com\/es\/wp-content\/uploads\/2025\/08\/Globalhalf-22-800x367.webp\" alt=\"\" class=\"wp-image-28420\" srcset=\"https:\/\/www.americanonewspaper.com\/es\/wp-content\/uploads\/2025\/08\/Globalhalf-22-800x367.webp 800w, https:\/\/www.americanonewspaper.com\/es\/wp-content\/uploads\/2025\/08\/Globalhalf-22-300x138.webp 300w, https:\/\/www.americanonewspaper.com\/es\/wp-content\/uploads\/2025\/08\/Globalhalf-22-768x352.webp 768w, https:\/\/www.americanonewspaper.com\/es\/wp-content\/uploads\/2025\/08\/Globalhalf-22-150x69.webp 150w, https:\/\/www.americanonewspaper.com\/es\/wp-content\/uploads\/2025\/08\/Globalhalf-22-696x319.webp 696w, https:\/\/www.americanonewspaper.com\/es\/wp-content\/uploads\/2025\/08\/Globalhalf-22-1068x490.webp 1068w, https:\/\/www.americanonewspaper.com\/es\/wp-content\/uploads\/2025\/08\/Globalhalf-22.webp 1200w\" sizes=\"(max-width: 800px) 100vw, 800px\" \/><\/a><\/figure>\n\n\n\n<p>\u201cLos docentes son quienes mantienen cohesionada a la sociedad, son los guardianes de la paz y los custodios de la memoria colectiva. Pero hoy, la profesi\u00f3n docente enfrenta cada d\u00eda m\u00e1s amenazas -desde la falta de recursos hasta la p\u00e9rdida de vocaci\u00f3n-, lo que se traduce en una escasez sin precedentes de docentes calificados&#8221;, se\u00f1al\u00f3 la nota.<\/p>\n\n\n\n<figure class=\"wp-block-image size-large\"><img decoding=\"async\" width=\"750\" height=\"500\" src=\"https:\/\/www.americanonewspaper.com\/es\/wp-content\/uploads\/2025\/08\/0327d8bc54f9366585ccea03c1f347dad220fedcminiw-750x500.jpg\" alt=\"\" class=\"wp-image-28427\" srcset=\"https:\/\/www.americanonewspaper.com\/es\/wp-content\/uploads\/2025\/08\/0327d8bc54f9366585ccea03c1f347dad220fedcminiw-750x500.jpg 750w, https:\/\/www.americanonewspaper.com\/es\/wp-content\/uploads\/2025\/08\/0327d8bc54f9366585ccea03c1f347dad220fedcminiw-300x200.jpg 300w, https:\/\/www.americanonewspaper.com\/es\/wp-content\/uploads\/2025\/08\/0327d8bc54f9366585ccea03c1f347dad220fedcminiw-768x512.jpg 768w, https:\/\/www.americanonewspaper.com\/es\/wp-content\/uploads\/2025\/08\/0327d8bc54f9366585ccea03c1f347dad220fedcminiw-150x100.jpg 150w, https:\/\/www.americanonewspaper.com\/es\/wp-content\/uploads\/2025\/08\/0327d8bc54f9366585ccea03c1f347dad220fedcminiw-696x464.jpg 696w, https:\/\/www.americanonewspaper.com\/es\/wp-content\/uploads\/2025\/08\/0327d8bc54f9366585ccea03c1f347dad220fedcminiw.jpg 900w\" sizes=\"(max-width: 750px) 100vw, 750px\" \/><figcaption class=\"wp-element-caption\">La directora general la Unesco, Audrey Azoulay, fue captada este viernes, 29 de agosto, durante la Cumbre Mundial sobre Docentes, en la Sede Central de la CEPAL, en Santiago de Chile. EFE\/Elvis Gonz\u00e1lez<\/figcaption><\/figure>\n\n\n\n<p>&#8220;En Chile, la UNESCO present\u00f3 soluciones concretas a los l\u00edderes mundiales para asegurar que el futuro de nuestros docentes permanezca en lo m\u00e1s alto de la agenda internacional\u201d, declar\u00f3 la nota, atribuida a Audrey Azoulay, directora general de la UNESCO.<\/p>\n\n\n\n<p>A este respecto, la UNESCO cifr\u00f3 en 44 millones el n\u00famero de docentes adicionales que se necesitan en el mundo de aqu\u00ed a 2030 y advirti\u00f3 que esta escasez &#8220;est\u00e1 poniendo en riesgo el acceso a una educaci\u00f3n de calidad&#8221; en el mundo.<\/p>\n\n\n\n<figure class=\"wp-block-image size-large\"><a href=\"https:\/\/www.nj.gov\/health\/saludreproductiva\/\" target=\"_blank\" rel=\" noreferrer noopener\"><img loading=\"lazy\" decoding=\"async\" width=\"800\" height=\"367\" src=\"https:\/\/www.americanonewspaper.com\/es\/wp-content\/uploads\/2025\/08\/Spanish-1-1920x880-23-800x367.jpg\" alt=\"\" class=\"wp-image-28410\" srcset=\"https:\/\/www.americanonewspaper.com\/es\/wp-content\/uploads\/2025\/08\/Spanish-1-1920x880-23-800x367.jpg 800w, https:\/\/www.americanonewspaper.com\/es\/wp-content\/uploads\/2025\/08\/Spanish-1-1920x880-23-300x138.jpg 300w, https:\/\/www.americanonewspaper.com\/es\/wp-content\/uploads\/2025\/08\/Spanish-1-1920x880-23-768x352.jpg 768w, https:\/\/www.americanonewspaper.com\/es\/wp-content\/uploads\/2025\/08\/Spanish-1-1920x880-23-1536x704.jpg 1536w, https:\/\/www.americanonewspaper.com\/es\/wp-content\/uploads\/2025\/08\/Spanish-1-1920x880-23-150x69.jpg 150w, https:\/\/www.americanonewspaper.com\/es\/wp-content\/uploads\/2025\/08\/Spanish-1-1920x880-23-696x319.jpg 696w, https:\/\/www.americanonewspaper.com\/es\/wp-content\/uploads\/2025\/08\/Spanish-1-1920x880-23-1068x490.jpg 1068w, https:\/\/www.americanonewspaper.com\/es\/wp-content\/uploads\/2025\/08\/Spanish-1-1920x880-23.jpg 1920w\" sizes=\"(max-width: 800px) 100vw, 800px\" \/><\/a><\/figure>\n\n\n\n<p>&#8220;Ser\u00e1 preciso contratar a 44 millones de docentes de aqu\u00ed a 2030 para lograr la educaci\u00f3n primaria y secundaria universales. Esto supone un costo de 120.000 millones de d\u00f3lares anuales para cubrir los salarios de los nuevos docentes de aqu\u00ed a 2030, mientras que algunos pa\u00edses siguen teniendo dificultades para cumplir los compromisos de inversi\u00f3n ya asumidos en el pasado&#8221;, afirm\u00f3 el documento.<\/p>\n\n\n\n<p>&#8220;Mientras tanto, la profesi\u00f3n docente atraviesa una profunda crisis vocacional: la tasa de abandono del profesorado de primaria -el porcentaje de docentes de primaria que dejan la profesi\u00f3n- se ha duplicado, pasando del 4,6 % en 2015 a m\u00e1s del 9 % en 2022&#8221;, detall\u00f3 la nota.<\/p>\n\n\n\n<figure class=\"wp-block-image size-large\"><a href=\"\n<figure class=\"wp-block-image size-large\"><img loading=\"lazy\" decoding=\"async\" width=\"800\" height=\"358\" src=\"https:\/\/www.americanonewspaper.com\/es\/wp-content\/uploads\/2025\/08\/f6c3b2f3-6406-459f-adf6-bb1b6b65f669-8-2-800x358.jpg\" alt=\"\" class=\"wp-image-28412\" srcset=\"https:\/\/www.americanonewspaper.com\/es\/wp-content\/uploads\/2025\/08\/f6c3b2f3-6406-459f-adf6-bb1b6b65f669-8-2-800x358.jpg 800w, https:\/\/www.americanonewspaper.com\/es\/wp-content\/uploads\/2025\/08\/f6c3b2f3-6406-459f-adf6-bb1b6b65f669-8-2-300x134.jpg 300w, https:\/\/www.americanonewspaper.com\/es\/wp-content\/uploads\/2025\/08\/f6c3b2f3-6406-459f-adf6-bb1b6b65f669-8-2-768x344.jpg 768w, https:\/\/www.americanonewspaper.com\/es\/wp-content\/uploads\/2025\/08\/f6c3b2f3-6406-459f-adf6-bb1b6b65f669-8-2-150x67.jpg 150w, https:\/\/www.americanonewspaper.com\/es\/wp-content\/uploads\/2025\/08\/f6c3b2f3-6406-459f-adf6-bb1b6b65f669-8-2-696x311.jpg 696w, https:\/\/www.americanonewspaper.com\/es\/wp-content\/uploads\/2025\/08\/f6c3b2f3-6406-459f-adf6-bb1b6b65f669-8-2-1068x478.jpg 1068w, https:\/\/www.americanonewspaper.com\/es\/wp-content\/uploads\/2025\/08\/f6c3b2f3-6406-459f-adf6-bb1b6b65f669-8-2.jpg 1140w\" sizes=\"(max-width: 800px) 100vw, 800px\" \/><\/figure>\n\n\n\n<p>Adem\u00e1s de &#8220;priorizar la igualdad de g\u00e9nero, la inclusi\u00f3n y la diversidad del personal docente para elevar el estatus social de la profesi\u00f3n&#8221; y &#8220;de apoyar al personal docente en el uso de las tecnolog\u00edas digitales en la educaci\u00f3n, que est\u00e1n transformando inevitablemente la profesi\u00f3n&#8221;.<\/p>\n\n\n\n<p>Desde 2018, m\u00e1s de 1,4 millones de docentes han fortalecido sus competencias y se han beneficiado de oportunidades de desarrollo profesional gracias al apoyo de la UNESCO. Solo en 2024, la UNESCO brind\u00f3 formaci\u00f3n a m\u00e1s de 530 000 docentes en todo el mundo.<\/p>\n\n\n\n<figure class=\"wp-block-image size-large\"><a href=\"https:\/\/www.eventbrite.com\/e\/diversity-expo-breakfast-2025-tickets-1514091280779?aff=oddtdtcreator\" target=\"_blank\" rel=\" noreferrer noopener\"><img loading=\"lazy\" decoding=\"async\" width=\"800\" height=\"368\" src=\"https:\/\/www.americanonewspaper.com\/es\/wp-content\/uploads\/2025\/08\/Screenshot-2025-08-15-at-4.19.59-PM-2-1-1-800x368.png\" alt=\"\" class=\"wp-image-28423\" srcset=\"https:\/\/www.americanonewspaper.com\/es\/wp-content\/uploads\/2025\/08\/Screenshot-2025-08-15-at-4.19.59-PM-2-1-1-800x368.png 800w, https:\/\/www.americanonewspaper.com\/es\/wp-content\/uploads\/2025\/08\/Screenshot-2025-08-15-at-4.19.59-PM-2-1-1-300x138.png 300w, https:\/\/www.americanonewspaper.com\/es\/wp-content\/uploads\/2025\/08\/Screenshot-2025-08-15-at-4.19.59-PM-2-1-1-768x353.png 768w, https:\/\/www.americanonewspaper.com\/es\/wp-content\/uploads\/2025\/08\/Screenshot-2025-08-15-at-4.19.59-PM-2-1-1-1536x706.png 1536w, https:\/\/www.americanonewspaper.com\/es\/wp-content\/uploads\/2025\/08\/Screenshot-2025-08-15-at-4.19.59-PM-2-1-1-150x69.png 150w, https:\/\/www.americanonewspaper.com\/es\/wp-content\/uploads\/2025\/08\/Screenshot-2025-08-15-at-4.19.59-PM-2-1-1-696x320.png 696w, https:\/\/www.americanonewspaper.com\/es\/wp-content\/uploads\/2025\/08\/Screenshot-2025-08-15-at-4.19.59-PM-2-1-1-1068x491.png 1068w, https:\/\/www.americanonewspaper.com\/es\/wp-content\/uploads\/2025\/08\/Screenshot-2025-08-15-at-4.19.59-PM-2-1-1.png 1592w\" sizes=\"(max-width: 800px) 100vw, 800px\" \/><\/a><\/figure>\n","protected":false},"excerpt":{"rendered":"<p>Santiago de Chile, (EFE). La Cumbre Mundial de la UNESCO sobre Docentes concluy\u00f3 este viernes en Santiago de Chile con un firme compromiso de los distintos l\u00edderes mundiales para trabajar en la adaptaci\u00f3n a los nuevos tiempos del trabajo de los educadores y a apoyar con m\u00e1s y mejores medios su labor, al advertir que [&hellip;]<\/p>\n","protected":false},"author":14,"featured_media":28426,"comment_status":"open","ping_status":"open","sticky":true,"template":"","format":"standard","meta":{"_acf_changed":false,"tdm_status":"","tdm_grid_status":"","_jetpack_memberships_contains_paid_content":false,"footnotes":"","jetpack_publicize_message":"","jetpack_publicize_feature_enabled":true,"jetpack_social_post_already_shared":true,"jetpack_social_options":{"image_generator_settings":{"template":"highway","default_image_id":0,"font":"","enabled":false},"version":2},"_wpas_customize_per_network":false},"categories":[1094,1196,883,1195,884],"tags":[],"class_list":{"0":"post-28425","1":"post","2":"type-post","3":"status-publish","4":"format-standard","5":"has-post-thumbnail","7":"category-educacion","8":"category-educadores","9":"category-naciones-unidas-onu","10":"category-profesores","11":"category-unesco"},"acf":[],"yoast_head":"<!-- This site is optimized with the Yoast SEO Premium plugin v27.5 (Yoast SEO v27.5) - https:\/\/yoast.com\/product\/yoast-seo-premium-wordpress\/ -->\n<title>La Cumbre Mundial de Docentes advierte que faltan 44 millones de profesores en el mundo - Americano Newspaper<\/title>\n<meta name=\"description\" content=\"La Cumbre Mundial de la UNESCO sobre Docentes concluy\u00f3 este viernes en Santiago de Chile con un firme compromiso de los distintos l\u00edderes mundiales para trabajar en la adaptaci\u00f3n a los nuevos tiempos del trabajo de los educadores y a apoyar con m\u00e1s y mejores medios su labor, al advertir que existe un d\u00e9ficit de 44 millones de profesores en el mundo.\" \/>\n<meta name=\"robots\" content=\"index, follow, max-snippet:-1, max-image-preview:large, max-video-preview:-1\" \/>\n<link rel=\"canonical\" href=\"https:\/\/www.americanonewspaper.com\/es\/naciones-unidas-onu\/unesco\/la-cumbre-mundial-de-docentes-advierte-que-faltan-44-millones-de-profesores-en-el-mundo\/\" \/>\n<meta property=\"og:locale\" content=\"en_US\" \/>\n<meta property=\"og:type\" content=\"article\" \/>\n<meta property=\"og:title\" content=\"La Cumbre Mundial de Docentes advierte que faltan 44 millones de profesores en el mundo\" \/>\n<meta property=\"og:description\" content=\"La Cumbre Mundial de la UNESCO sobre Docentes concluy\u00f3 este viernes en Santiago de Chile con un firme compromiso de los distintos l\u00edderes mundiales para trabajar en la adaptaci\u00f3n a los nuevos tiempos del trabajo de los educadores y a apoyar con m\u00e1s y mejores medios su labor, al advertir que existe un d\u00e9ficit de 44 millones de profesores en el mundo.\" \/>\n<meta property=\"og:url\" content=\"https:\/\/www.americanonewspaper.com\/es\/naciones-unidas-onu\/unesco\/la-cumbre-mundial-de-docentes-advierte-que-faltan-44-millones-de-profesores-en-el-mundo\/\" \/>\n<meta property=\"og:site_name\" content=\"Americano Newspaper\" \/>\n<meta property=\"article:publisher\" content=\"https:\/\/www.facebook.com\/AmericanoNewspaper\/\" \/>\n<meta property=\"article:published_time\" content=\"2025-08-29T23:02:31+00:00\" \/>\n<meta property=\"article:modified_time\" content=\"2025-08-30T15:55:23+00:00\" \/>\n<meta property=\"og:image\" content=\"https:\/\/www.americanonewspaper.com\/es\/wp-content\/uploads\/2025\/08\/0be81fb7ce93af9dd24e2cb992b4f0d1b69310b5miniw.jpg\" \/>\n\t<meta property=\"og:image:width\" content=\"900\" \/>\n\t<meta property=\"og:image:height\" content=\"600\" \/>\n\t<meta property=\"og:image:type\" content=\"image\/jpeg\" \/>\n<meta name=\"author\" content=\"Harmony Quintana\" \/>\n<meta name=\"twitter:card\" content=\"summary_large_image\" \/>\n<meta name=\"twitter:label1\" content=\"Written by\" \/>\n\t<meta name=\"twitter:data1\" content=\"Harmony Quintana\" \/>\n\t<meta name=\"twitter:label2\" content=\"Est. reading time\" \/>\n\t<meta name=\"twitter:data2\" content=\"4 minutes\" \/>\n<script type=\"application\/ld+json\" class=\"yoast-schema-graph\">{\"@context\":\"https:\\\/\\\/schema.org\",\"@graph\":[{\"@type\":\"Article\",\"@id\":\"https:\\\/\\\/www.americanonewspaper.com\\\/es\\\/naciones-unidas-onu\\\/unesco\\\/la-cumbre-mundial-de-docentes-advierte-que-faltan-44-millones-de-profesores-en-el-mundo\\\/#article\",\"isPartOf\":{\"@id\":\"https:\\\/\\\/www.americanonewspaper.com\\\/es\\\/naciones-unidas-onu\\\/unesco\\\/la-cumbre-mundial-de-docentes-advierte-que-faltan-44-millones-de-profesores-en-el-mundo\\\/\"},\"author\":{\"name\":\"Harmony Quintana\",\"@id\":\"https:\\\/\\\/www.americanonewspaper.com\\\/es\\\/#\\\/schema\\\/person\\\/82c7c1ac5e9a005b627b6c7db5361c90\"},\"headline\":\"La Cumbre Mundial de Docentes advierte que faltan 44 millones de profesores en el mundo\",\"datePublished\":\"2025-08-29T23:02:31+00:00\",\"dateModified\":\"2025-08-30T15:55:23+00:00\",\"mainEntityOfPage\":{\"@id\":\"https:\\\/\\\/www.americanonewspaper.com\\\/es\\\/naciones-unidas-onu\\\/unesco\\\/la-cumbre-mundial-de-docentes-advierte-que-faltan-44-millones-de-profesores-en-el-mundo\\\/\"},\"wordCount\":433,\"commentCount\":0,\"publisher\":{\"@id\":\"https:\\\/\\\/www.americanonewspaper.com\\\/es\\\/#organization\"},\"image\":{\"@id\":\"https:\\\/\\\/www.americanonewspaper.com\\\/es\\\/naciones-unidas-onu\\\/unesco\\\/la-cumbre-mundial-de-docentes-advierte-que-faltan-44-millones-de-profesores-en-el-mundo\\\/#primaryimage\"},\"thumbnailUrl\":\"https:\\\/\\\/www.americanonewspaper.com\\\/es\\\/wp-content\\\/uploads\\\/2025\\\/08\\\/0be81fb7ce93af9dd24e2cb992b4f0d1b69310b5miniw.jpg\",\"articleSection\":[\"Educaci\u00f3n\",\"Educadores\",\"Naciones Unidas (ONU)\",\"Profesores\",\"UNESCO\"],\"inLanguage\":\"en-US\",\"potentialAction\":[{\"@type\":\"CommentAction\",\"name\":\"Comment\",\"target\":[\"https:\\\/\\\/www.americanonewspaper.com\\\/es\\\/naciones-unidas-onu\\\/unesco\\\/la-cumbre-mundial-de-docentes-advierte-que-faltan-44-millones-de-profesores-en-el-mundo\\\/#respond\"]}]},{\"@type\":\"WebPage\",\"@id\":\"https:\\\/\\\/www.americanonewspaper.com\\\/es\\\/naciones-unidas-onu\\\/unesco\\\/la-cumbre-mundial-de-docentes-advierte-que-faltan-44-millones-de-profesores-en-el-mundo\\\/\",\"url\":\"https:\\\/\\\/www.americanonewspaper.com\\\/es\\\/naciones-unidas-onu\\\/unesco\\\/la-cumbre-mundial-de-docentes-advierte-que-faltan-44-millones-de-profesores-en-el-mundo\\\/\",\"name\":\"La Cumbre Mundial de Docentes advierte que faltan 44 millones de profesores en el mundo - Americano Newspaper\",\"isPartOf\":{\"@id\":\"https:\\\/\\\/www.americanonewspaper.com\\\/es\\\/#website\"},\"primaryImageOfPage\":{\"@id\":\"https:\\\/\\\/www.americanonewspaper.com\\\/es\\\/naciones-unidas-onu\\\/unesco\\\/la-cumbre-mundial-de-docentes-advierte-que-faltan-44-millones-de-profesores-en-el-mundo\\\/#primaryimage\"},\"image\":{\"@id\":\"https:\\\/\\\/www.americanonewspaper.com\\\/es\\\/naciones-unidas-onu\\\/unesco\\\/la-cumbre-mundial-de-docentes-advierte-que-faltan-44-millones-de-profesores-en-el-mundo\\\/#primaryimage\"},\"thumbnailUrl\":\"https:\\\/\\\/www.americanonewspaper.com\\\/es\\\/wp-content\\\/uploads\\\/2025\\\/08\\\/0be81fb7ce93af9dd24e2cb992b4f0d1b69310b5miniw.jpg\",\"datePublished\":\"2025-08-29T23:02:31+00:00\",\"dateModified\":\"2025-08-30T15:55:23+00:00\",\"description\":\"La Cumbre Mundial de la UNESCO sobre Docentes concluy\u00f3 este viernes en Santiago de Chile con un firme compromiso de los distintos l\u00edderes mundiales para trabajar en la adaptaci\u00f3n a los nuevos tiempos del trabajo de los educadores y a apoyar con m\u00e1s y mejores medios su labor, al advertir que existe un d\u00e9ficit de 44 millones de profesores en el mundo.\",\"breadcrumb\":{\"@id\":\"https:\\\/\\\/www.americanonewspaper.com\\\/es\\\/naciones-unidas-onu\\\/unesco\\\/la-cumbre-mundial-de-docentes-advierte-que-faltan-44-millones-de-profesores-en-el-mundo\\\/#breadcrumb\"},\"inLanguage\":\"en-US\",\"potentialAction\":[{\"@type\":\"ReadAction\",\"target\":[\"https:\\\/\\\/www.americanonewspaper.com\\\/es\\\/naciones-unidas-onu\\\/unesco\\\/la-cumbre-mundial-de-docentes-advierte-que-faltan-44-millones-de-profesores-en-el-mundo\\\/\"]}]},{\"@type\":\"ImageObject\",\"inLanguage\":\"en-US\",\"@id\":\"https:\\\/\\\/www.americanonewspaper.com\\\/es\\\/naciones-unidas-onu\\\/unesco\\\/la-cumbre-mundial-de-docentes-advierte-que-faltan-44-millones-de-profesores-en-el-mundo\\\/#primaryimage\",\"url\":\"https:\\\/\\\/www.americanonewspaper.com\\\/es\\\/wp-content\\\/uploads\\\/2025\\\/08\\\/0be81fb7ce93af9dd24e2cb992b4f0d1b69310b5miniw.jpg\",\"contentUrl\":\"https:\\\/\\\/www.americanonewspaper.com\\\/es\\\/wp-content\\\/uploads\\\/2025\\\/08\\\/0be81fb7ce93af9dd24e2cb992b4f0d1b69310b5miniw.jpg\",\"width\":900,\"height\":600,\"caption\":\"El presidente de Chile, Gabriel Boric (c), al intervenir este viernes, 29 de agosto, durante la Cumbre Mundial sobre Docentes, en la Sede Central de la CEPAL, en Santiago de Chile. EFE\\\/Elvis Gonz\u00e1lez\"},{\"@type\":\"BreadcrumbList\",\"@id\":\"https:\\\/\\\/www.americanonewspaper.com\\\/es\\\/naciones-unidas-onu\\\/unesco\\\/la-cumbre-mundial-de-docentes-advierte-que-faltan-44-millones-de-profesores-en-el-mundo\\\/#breadcrumb\",\"itemListElement\":[{\"@type\":\"ListItem\",\"position\":1,\"name\":\"Home\",\"item\":\"https:\\\/\\\/www.americanonewspaper.com\\\/es\\\/\"},{\"@type\":\"ListItem\",\"position\":2,\"name\":\"La Cumbre Mundial de Docentes advierte que faltan 44 millones de profesores en el mundo\"}]},{\"@type\":\"WebSite\",\"@id\":\"https:\\\/\\\/www.americanonewspaper.com\\\/es\\\/#website\",\"url\":\"https:\\\/\\\/www.americanonewspaper.com\\\/es\\\/\",\"name\":\"Americano Newspaper\",\"description\":\"The Hispanic Newspaper of New Jersey.\",\"publisher\":{\"@id\":\"https:\\\/\\\/www.americanonewspaper.com\\\/es\\\/#organization\"},\"potentialAction\":[{\"@type\":\"SearchAction\",\"target\":{\"@type\":\"EntryPoint\",\"urlTemplate\":\"https:\\\/\\\/www.americanonewspaper.com\\\/es\\\/?s={search_term_string}\"},\"query-input\":{\"@type\":\"PropertyValueSpecification\",\"valueRequired\":true,\"valueName\":\"search_term_string\"}}],\"inLanguage\":\"en-US\"},{\"@type\":\"Organization\",\"@id\":\"https:\\\/\\\/www.americanonewspaper.com\\\/es\\\/#organization\",\"name\":\"Americano Newspaper\",\"url\":\"https:\\\/\\\/www.americanonewspaper.com\\\/es\\\/\",\"logo\":{\"@type\":\"ImageObject\",\"inLanguage\":\"en-US\",\"@id\":\"https:\\\/\\\/www.americanonewspaper.com\\\/es\\\/#\\\/schema\\\/logo\\\/image\\\/\",\"url\":\"https:\\\/\\\/www.americanonewspaper.com\\\/es\\\/wp-content\\\/uploads\\\/2024\\\/05\\\/AmericanoLogoCircle.comCircle2.jpg\",\"contentUrl\":\"https:\\\/\\\/www.americanonewspaper.com\\\/es\\\/wp-content\\\/uploads\\\/2024\\\/05\\\/AmericanoLogoCircle.comCircle2.jpg\",\"width\":600,\"height\":600,\"caption\":\"Americano Newspaper\"},\"image\":{\"@id\":\"https:\\\/\\\/www.americanonewspaper.com\\\/es\\\/#\\\/schema\\\/logo\\\/image\\\/\"},\"sameAs\":[\"https:\\\/\\\/www.facebook.com\\\/AmericanoNewspaper\\\/\"]},{\"@type\":\"Person\",\"@id\":\"https:\\\/\\\/www.americanonewspaper.com\\\/es\\\/#\\\/schema\\\/person\\\/82c7c1ac5e9a005b627b6c7db5361c90\",\"name\":\"Harmony Quintana\",\"image\":{\"@type\":\"ImageObject\",\"inLanguage\":\"en-US\",\"@id\":\"https:\\\/\\\/www.americanonewspaper.com\\\/es\\\/wp-content\\\/litespeed\\\/avatar\\\/656e5d40e40a67e90b0fee2acae8a764.jpg?ver=1777427866\",\"url\":\"https:\\\/\\\/www.americanonewspaper.com\\\/es\\\/wp-content\\\/litespeed\\\/avatar\\\/656e5d40e40a67e90b0fee2acae8a764.jpg?ver=1777427866\",\"contentUrl\":\"https:\\\/\\\/www.americanonewspaper.com\\\/es\\\/wp-content\\\/litespeed\\\/avatar\\\/656e5d40e40a67e90b0fee2acae8a764.jpg?ver=1777427866\",\"caption\":\"Harmony Quintana\"},\"sameAs\":[\"http:\\\/\\\/www.americanonewspaper.com\"],\"url\":\"https:\\\/\\\/www.americanonewspaper.com\\\/es\\\/author\\\/harmony\\\/\"}]}<\/script>\n<!-- \/ Yoast SEO Premium plugin. -->","yoast_head_json":{"title":"La Cumbre Mundial de Docentes advierte que faltan 44 millones de profesores en el mundo - Americano Newspaper","description":"La Cumbre Mundial de la UNESCO sobre Docentes concluy\u00f3 este viernes en Santiago de Chile con un firme compromiso de los distintos l\u00edderes mundiales para trabajar en la adaptaci\u00f3n a los nuevos tiempos del trabajo de los educadores y a apoyar con m\u00e1s y mejores medios su labor, al advertir que existe un d\u00e9ficit de 44 millones de profesores en el mundo.","robots":{"index":"index","follow":"follow","max-snippet":"max-snippet:-1","max-image-preview":"max-image-preview:large","max-video-preview":"max-video-preview:-1"},"canonical":"https:\/\/www.americanonewspaper.com\/es\/naciones-unidas-onu\/unesco\/la-cumbre-mundial-de-docentes-advierte-que-faltan-44-millones-de-profesores-en-el-mundo\/","og_locale":"en_US","og_type":"article","og_title":"La Cumbre Mundial de Docentes advierte que faltan 44 millones de profesores en el mundo","og_description":"La Cumbre Mundial de la UNESCO sobre Docentes concluy\u00f3 este viernes en Santiago de Chile con un firme compromiso de los distintos l\u00edderes mundiales para trabajar en la adaptaci\u00f3n a los nuevos tiempos del trabajo de los educadores y a apoyar con m\u00e1s y mejores medios su labor, al advertir que existe un d\u00e9ficit de 44 millones de profesores en el mundo.","og_url":"https:\/\/www.americanonewspaper.com\/es\/naciones-unidas-onu\/unesco\/la-cumbre-mundial-de-docentes-advierte-que-faltan-44-millones-de-profesores-en-el-mundo\/","og_site_name":"Americano Newspaper","article_publisher":"https:\/\/www.facebook.com\/AmericanoNewspaper\/","article_published_time":"2025-08-29T23:02:31+00:00","article_modified_time":"2025-08-30T15:55:23+00:00","og_image":[{"width":900,"height":600,"url":"https:\/\/www.americanonewspaper.com\/es\/wp-content\/uploads\/2025\/08\/0be81fb7ce93af9dd24e2cb992b4f0d1b69310b5miniw.jpg","type":"image\/jpeg"}],"author":"Harmony Quintana","twitter_card":"summary_large_image","twitter_misc":{"Written by":"Harmony Quintana","Est. reading time":"4 minutes"},"schema":{"@context":"https:\/\/schema.org","@graph":[{"@type":"Article","@id":"https:\/\/www.americanonewspaper.com\/es\/naciones-unidas-onu\/unesco\/la-cumbre-mundial-de-docentes-advierte-que-faltan-44-millones-de-profesores-en-el-mundo\/#article","isPartOf":{"@id":"https:\/\/www.americanonewspaper.com\/es\/naciones-unidas-onu\/unesco\/la-cumbre-mundial-de-docentes-advierte-que-faltan-44-millones-de-profesores-en-el-mundo\/"},"author":{"name":"Harmony Quintana","@id":"https:\/\/www.americanonewspaper.com\/es\/#\/schema\/person\/82c7c1ac5e9a005b627b6c7db5361c90"},"headline":"La Cumbre Mundial de Docentes advierte que faltan 44 millones de profesores en el mundo","datePublished":"2025-08-29T23:02:31+00:00","dateModified":"2025-08-30T15:55:23+00:00","mainEntityOfPage":{"@id":"https:\/\/www.americanonewspaper.com\/es\/naciones-unidas-onu\/unesco\/la-cumbre-mundial-de-docentes-advierte-que-faltan-44-millones-de-profesores-en-el-mundo\/"},"wordCount":433,"commentCount":0,"publisher":{"@id":"https:\/\/www.americanonewspaper.com\/es\/#organization"},"image":{"@id":"https:\/\/www.americanonewspaper.com\/es\/naciones-unidas-onu\/unesco\/la-cumbre-mundial-de-docentes-advierte-que-faltan-44-millones-de-profesores-en-el-mundo\/#primaryimage"},"thumbnailUrl":"https:\/\/www.americanonewspaper.com\/es\/wp-content\/uploads\/2025\/08\/0be81fb7ce93af9dd24e2cb992b4f0d1b69310b5miniw.jpg","articleSection":["Educaci\u00f3n","Educadores","Naciones Unidas (ONU)","Profesores","UNESCO"],"inLanguage":"en-US","potentialAction":[{"@type":"CommentAction","name":"Comment","target":["https:\/\/www.americanonewspaper.com\/es\/naciones-unidas-onu\/unesco\/la-cumbre-mundial-de-docentes-advierte-que-faltan-44-millones-de-profesores-en-el-mundo\/#respond"]}]},{"@type":"WebPage","@id":"https:\/\/www.americanonewspaper.com\/es\/naciones-unidas-onu\/unesco\/la-cumbre-mundial-de-docentes-advierte-que-faltan-44-millones-de-profesores-en-el-mundo\/","url":"https:\/\/www.americanonewspaper.com\/es\/naciones-unidas-onu\/unesco\/la-cumbre-mundial-de-docentes-advierte-que-faltan-44-millones-de-profesores-en-el-mundo\/","name":"La Cumbre Mundial de Docentes advierte que faltan 44 millones de profesores en el mundo - Americano Newspaper","isPartOf":{"@id":"https:\/\/www.americanonewspaper.com\/es\/#website"},"primaryImageOfPage":{"@id":"https:\/\/www.americanonewspaper.com\/es\/naciones-unidas-onu\/unesco\/la-cumbre-mundial-de-docentes-advierte-que-faltan-44-millones-de-profesores-en-el-mundo\/#primaryimage"},"image":{"@id":"https:\/\/www.americanonewspaper.com\/es\/naciones-unidas-onu\/unesco\/la-cumbre-mundial-de-docentes-advierte-que-faltan-44-millones-de-profesores-en-el-mundo\/#primaryimage"},"thumbnailUrl":"https:\/\/www.americanonewspaper.com\/es\/wp-content\/uploads\/2025\/08\/0be81fb7ce93af9dd24e2cb992b4f0d1b69310b5miniw.jpg","datePublished":"2025-08-29T23:02:31+00:00","dateModified":"2025-08-30T15:55:23+00:00","description":"La Cumbre Mundial de la UNESCO sobre Docentes concluy\u00f3 este viernes en Santiago de Chile con un firme compromiso de los distintos l\u00edderes mundiales para trabajar en la adaptaci\u00f3n a los nuevos tiempos del trabajo de los educadores y a apoyar con m\u00e1s y mejores medios su labor, al advertir que existe un d\u00e9ficit de 44 millones de profesores en el mundo.","breadcrumb":{"@id":"https:\/\/www.americanonewspaper.com\/es\/naciones-unidas-onu\/unesco\/la-cumbre-mundial-de-docentes-advierte-que-faltan-44-millones-de-profesores-en-el-mundo\/#breadcrumb"},"inLanguage":"en-US","potentialAction":[{"@type":"ReadAction","target":["https:\/\/www.americanonewspaper.com\/es\/naciones-unidas-onu\/unesco\/la-cumbre-mundial-de-docentes-advierte-que-faltan-44-millones-de-profesores-en-el-mundo\/"]}]},{"@type":"ImageObject","inLanguage":"en-US","@id":"https:\/\/www.americanonewspaper.com\/es\/naciones-unidas-onu\/unesco\/la-cumbre-mundial-de-docentes-advierte-que-faltan-44-millones-de-profesores-en-el-mundo\/#primaryimage","url":"https:\/\/www.americanonewspaper.com\/es\/wp-content\/uploads\/2025\/08\/0be81fb7ce93af9dd24e2cb992b4f0d1b69310b5miniw.jpg","contentUrl":"https:\/\/www.americanonewspaper.com\/es\/wp-content\/uploads\/2025\/08\/0be81fb7ce93af9dd24e2cb992b4f0d1b69310b5miniw.jpg","width":900,"height":600,"caption":"El presidente de Chile, Gabriel Boric (c), al intervenir este viernes, 29 de agosto, durante la Cumbre Mundial sobre Docentes, en la Sede Central de la CEPAL, en Santiago de Chile. EFE\/Elvis Gonz\u00e1lez"},{"@type":"BreadcrumbList","@id":"https:\/\/www.americanonewspaper.com\/es\/naciones-unidas-onu\/unesco\/la-cumbre-mundial-de-docentes-advierte-que-faltan-44-millones-de-profesores-en-el-mundo\/#breadcrumb","itemListElement":[{"@type":"ListItem","position":1,"name":"Home","item":"https:\/\/www.americanonewspaper.com\/es\/"},{"@type":"ListItem","position":2,"name":"La Cumbre Mundial de Docentes advierte que faltan 44 millones de profesores en el mundo"}]},{"@type":"WebSite","@id":"https:\/\/www.americanonewspaper.com\/es\/#website","url":"https:\/\/www.americanonewspaper.com\/es\/","name":"Americano Newspaper","description":"The Hispanic Newspaper of New Jersey.","publisher":{"@id":"https:\/\/www.americanonewspaper.com\/es\/#organization"},"potentialAction":[{"@type":"SearchAction","target":{"@type":"EntryPoint","urlTemplate":"https:\/\/www.americanonewspaper.com\/es\/?s={search_term_string}"},"query-input":{"@type":"PropertyValueSpecification","valueRequired":true,"valueName":"search_term_string"}}],"inLanguage":"en-US"},{"@type":"Organization","@id":"https:\/\/www.americanonewspaper.com\/es\/#organization","name":"Americano Newspaper","url":"https:\/\/www.americanonewspaper.com\/es\/","logo":{"@type":"ImageObject","inLanguage":"en-US","@id":"https:\/\/www.americanonewspaper.com\/es\/#\/schema\/logo\/image\/","url":"https:\/\/www.americanonewspaper.com\/es\/wp-content\/uploads\/2024\/05\/AmericanoLogoCircle.comCircle2.jpg","contentUrl":"https:\/\/www.americanonewspaper.com\/es\/wp-content\/uploads\/2024\/05\/AmericanoLogoCircle.comCircle2.jpg","width":600,"height":600,"caption":"Americano Newspaper"},"image":{"@id":"https:\/\/www.americanonewspaper.com\/es\/#\/schema\/logo\/image\/"},"sameAs":["https:\/\/www.facebook.com\/AmericanoNewspaper\/"]},{"@type":"Person","@id":"https:\/\/www.americanonewspaper.com\/es\/#\/schema\/person\/82c7c1ac5e9a005b627b6c7db5361c90","name":"Harmony Quintana","image":{"@type":"ImageObject","inLanguage":"en-US","@id":"https:\/\/www.americanonewspaper.com\/es\/wp-content\/litespeed\/avatar\/656e5d40e40a67e90b0fee2acae8a764.jpg?ver=1777427866","url":"https:\/\/www.americanonewspaper.com\/es\/wp-content\/litespeed\/avatar\/656e5d40e40a67e90b0fee2acae8a764.jpg?ver=1777427866","contentUrl":"https:\/\/www.americanonewspaper.com\/es\/wp-content\/litespeed\/avatar\/656e5d40e40a67e90b0fee2acae8a764.jpg?ver=1777427866","caption":"Harmony Quintana"},"sameAs":["http:\/\/www.americanonewspaper.com"],"url":"https:\/\/www.americanonewspaper.com\/es\/author\/harmony\/"}]}},"jetpack_publicize_connections":[],"jetpack_featured_media_url":"https:\/\/www.americanonewspaper.com\/es\/wp-content\/uploads\/2025\/08\/0be81fb7ce93af9dd24e2cb992b4f0d1b69310b5miniw.jpg","featured_image_urls":{"full":["https:\/\/www.americanonewspaper.com\/es\/wp-content\/uploads\/2025\/08\/0be81fb7ce93af9dd24e2cb992b4f0d1b69310b5miniw.jpg",900,600,false],"thumbnail":["https:\/\/www.americanonewspaper.com\/es\/wp-content\/uploads\/2025\/08\/0be81fb7ce93af9dd24e2cb992b4f0d1b69310b5miniw-250x250.jpg",250,250,true],"medium":["https:\/\/www.americanonewspaper.com\/es\/wp-content\/uploads\/2025\/08\/0be81fb7ce93af9dd24e2cb992b4f0d1b69310b5miniw-300x200.jpg",300,200,true],"medium_large":["https:\/\/www.americanonewspaper.com\/es\/wp-content\/uploads\/2025\/08\/0be81fb7ce93af9dd24e2cb992b4f0d1b69310b5miniw-768x512.jpg",696,464,true],"large":["https:\/\/www.americanonewspaper.com\/es\/wp-content\/uploads\/2025\/08\/0be81fb7ce93af9dd24e2cb992b4f0d1b69310b5miniw-750x500.jpg",696,464,true],"1536x1536":["https:\/\/www.americanonewspaper.com\/es\/wp-content\/uploads\/2025\/08\/0be81fb7ce93af9dd24e2cb992b4f0d1b69310b5miniw.jpg",900,600,false],"2048x2048":["https:\/\/www.americanonewspaper.com\/es\/wp-content\/uploads\/2025\/08\/0be81fb7ce93af9dd24e2cb992b4f0d1b69310b5miniw.jpg",900,600,false],"td_150x0":["https:\/\/www.americanonewspaper.com\/es\/wp-content\/uploads\/2025\/08\/0be81fb7ce93af9dd24e2cb992b4f0d1b69310b5miniw-150x100.jpg",150,100,true],"td_218x150":["https:\/\/www.americanonewspaper.com\/es\/wp-content\/uploads\/2025\/08\/0be81fb7ce93af9dd24e2cb992b4f0d1b69310b5miniw-218x150.jpg",218,150,true],"td_300x0":["https:\/\/www.americanonewspaper.com\/es\/wp-content\/uploads\/2025\/08\/0be81fb7ce93af9dd24e2cb992b4f0d1b69310b5miniw-300x200.jpg",300,200,true],"td_324x400":["https:\/\/www.americanonewspaper.com\/es\/wp-content\/uploads\/2025\/08\/0be81fb7ce93af9dd24e2cb992b4f0d1b69310b5miniw-324x400.jpg",324,400,true],"td_485x360":["https:\/\/www.americanonewspaper.com\/es\/wp-content\/uploads\/2025\/08\/0be81fb7ce93af9dd24e2cb992b4f0d1b69310b5miniw-485x360.jpg",485,360,true],"td_696x0":["https:\/\/www.americanonewspaper.com\/es\/wp-content\/uploads\/2025\/08\/0be81fb7ce93af9dd24e2cb992b4f0d1b69310b5miniw-696x464.jpg",696,464,true],"td_1068x0":["https:\/\/www.americanonewspaper.com\/es\/wp-content\/uploads\/2025\/08\/0be81fb7ce93af9dd24e2cb992b4f0d1b69310b5miniw.jpg",900,600,false],"td_1920x0":["https:\/\/www.americanonewspaper.com\/es\/wp-content\/uploads\/2025\/08\/0be81fb7ce93af9dd24e2cb992b4f0d1b69310b5miniw.jpg",900,600,false],"bdpp-medium":["https:\/\/www.americanonewspaper.com\/es\/wp-content\/uploads\/2025\/08\/0be81fb7ce93af9dd24e2cb992b4f0d1b69310b5miniw-640x480.jpg",640,480,true]},"author_info":{"display_name":"Harmony Quintana","author_link":"https:\/\/www.americanonewspaper.com\/es\/author\/harmony\/"},"category_info":"<a href=\"https:\/\/www.americanonewspaper.com\/es\/category\/educacion\/\" rel=\"category tag\">Educaci\u00f3n<\/a> <a href=\"https:\/\/www.americanonewspaper.com\/es\/category\/educadores\/\" rel=\"category tag\">Educadores<\/a> <a href=\"https:\/\/www.americanonewspaper.com\/es\/category\/naciones-unidas-onu\/\" rel=\"category tag\">Naciones Unidas (ONU)<\/a> <a href=\"https:\/\/www.americanonewspaper.com\/es\/category\/profesores\/\" rel=\"category tag\">Profesores<\/a> <a href=\"https:\/\/www.americanonewspaper.com\/es\/category\/naciones-unidas-onu\/unesco\/\" rel=\"category tag\">UNESCO<\/a>","tag_info":"UNESCO","comment_count":"0","jetpack_sharing_enabled":true,"jetpack_likes_enabled":true,"_links":{"self":[{"href":"https:\/\/www.americanonewspaper.com\/es\/wp-json\/wp\/v2\/posts\/28425","targetHints":{"allow":["GET"]}}],"collection":[{"href":"https:\/\/www.americanonewspaper.com\/es\/wp-json\/wp\/v2\/posts"}],"about":[{"href":"https:\/\/www.americanonewspaper.com\/es\/wp-json\/wp\/v2\/types\/post"}],"author":[{"embeddable":true,"href":"https:\/\/www.americanonewspaper.com\/es\/wp-json\/wp\/v2\/users\/14"}],"replies":[{"embeddable":true,"href":"https:\/\/www.americanonewspaper.com\/es\/wp-json\/wp\/v2\/comments?post=28425"}],"version-history":[{"count":1,"href":"https:\/\/www.americanonewspaper.com\/es\/wp-json\/wp\/v2\/posts\/28425\/revisions"}],"predecessor-version":[{"id":28428,"href":"https:\/\/www.americanonewspaper.com\/es\/wp-json\/wp\/v2\/posts\/28425\/revisions\/28428"}],"wp:featuredmedia":[{"embeddable":true,"href":"https:\/\/www.americanonewspaper.com\/es\/wp-json\/wp\/v2\/media\/28426"}],"wp:attachment":[{"href":"https:\/\/www.americanonewspaper.com\/es\/wp-json\/wp\/v2\/media?parent=28425"}],"wp:term":[{"taxonomy":"category","embeddable":true,"href":"https:\/\/www.americanonewspaper.com\/es\/wp-json\/wp\/v2\/categories?post=28425"},{"taxonomy":"post_tag","embeddable":true,"href":"https:\/\/www.americanonewspaper.com\/es\/wp-json\/wp\/v2\/tags?post=28425"}],"curies":[{"name":"wp","href":"https:\/\/api.w.org\/{rel}","templated":true}]}}