{"id":28406,"date":"2025-08-29T20:13:19","date_gmt":"2025-08-30T00:13:19","guid":{"rendered":"https:\/\/www.americanonewspaper.com\/es\/?p=28406"},"modified":"2025-08-29T20:15:30","modified_gmt":"2025-08-30T00:15:30","slug":"real-madrid-busca-otra-victoria-con-la-misma-lista-que-brillo-en-oviedo","status":"publish","type":"post","link":"https:\/\/www.americanonewspaper.com\/es\/deportes\/real-madrid-busca-otra-victoria-con-la-misma-lista-que-brillo-en-oviedo\/","title":{"rendered":"Real Madrid busca otra victoria con la misma lista que brill\u00f3 en Oviedo"},"content":{"rendered":"\n<p class=\"dropcapp3\">Xabi Alonso, entrenador del Real Madrid, repite lista de convocados de cara al partido de este s\u00e1bado contra el Mallorca en el Santiago Bernab\u00e9u (21:30 horas CEST, -2 GMT), respecto a la del pasado fin de semana en la visita al Oviedo (0-3).<\/p>\n\n\n\n<p>Convocatoria en la que se mantienen como bajas los lesionados Jude Bellingham, Endrick, Ferland Mendy y Eduardo Camavinga.<\/p>\n\n\n<div class=\"wp-block-image\">\n<figure class=\"aligncenter size-large is-resized\"><img fetchpriority=\"high\" decoding=\"async\" width=\"800\" height=\"365\" src=\"https:\/\/www.americanonewspaper.com\/es\/wp-content\/uploads\/2025\/08\/Screenshot-2025-02-20-at-9.11.40-AM-1920x877-2-21-800x365.webp\" alt=\"\" class=\"wp-image-28408\" style=\"width:1068px;height:auto\" srcset=\"https:\/\/www.americanonewspaper.com\/es\/wp-content\/uploads\/2025\/08\/Screenshot-2025-02-20-at-9.11.40-AM-1920x877-2-21-800x365.webp 800w, https:\/\/www.americanonewspaper.com\/es\/wp-content\/uploads\/2025\/08\/Screenshot-2025-02-20-at-9.11.40-AM-1920x877-2-21-300x137.webp 300w, https:\/\/www.americanonewspaper.com\/es\/wp-content\/uploads\/2025\/08\/Screenshot-2025-02-20-at-9.11.40-AM-1920x877-2-21-768x351.webp 768w, https:\/\/www.americanonewspaper.com\/es\/wp-content\/uploads\/2025\/08\/Screenshot-2025-02-20-at-9.11.40-AM-1920x877-2-21-1536x702.webp 1536w, https:\/\/www.americanonewspaper.com\/es\/wp-content\/uploads\/2025\/08\/Screenshot-2025-02-20-at-9.11.40-AM-1920x877-2-21-150x69.webp 150w, https:\/\/www.americanonewspaper.com\/es\/wp-content\/uploads\/2025\/08\/Screenshot-2025-02-20-at-9.11.40-AM-1920x877-2-21-696x318.webp 696w, https:\/\/www.americanonewspaper.com\/es\/wp-content\/uploads\/2025\/08\/Screenshot-2025-02-20-at-9.11.40-AM-1920x877-2-21-1068x488.webp 1068w, https:\/\/www.americanonewspaper.com\/es\/wp-content\/uploads\/2025\/08\/Screenshot-2025-02-20-at-9.11.40-AM-1920x877-2-21.webp 1920w\" sizes=\"(max-width: 800px) 100vw, 800px\" \/><\/figure>\n<\/div>\n\n\n<p>De ellos, el \u00faltimo es el que m\u00e1s cerca tiene su reaparici\u00f3n, una vez se recupere del esguince en el tobillo derecho sufrido el pasado 10 de agosto.<\/p>\n\n\n\n<p>\u201cEstoy deseando tenerlo\u201d, asegur\u00f3 Xabi Alonso en rueda de prensa. Y si todo sigue el curso previsto, cumplir\u00e1 su deseo tras el par\u00f3n de selecciones.<\/p>\n\n\n<div class=\"wp-block-image\">\n<figure class=\"aligncenter size-large is-resized\"><a href=\"https:\/\/www.globalautomall.com\/newdept.cfm\/page\/%20500-savings-for-americano-magazine-readers-2263\/\" target=\"_blank\" rel=\" noreferrer noopener\"><img decoding=\"async\" width=\"800\" height=\"367\" src=\"https:\/\/www.americanonewspaper.com\/es\/wp-content\/uploads\/2025\/08\/Globalhalf-21-800x367.webp\" alt=\"\" class=\"wp-image-28409\" style=\"width:1068px;height:auto\" srcset=\"https:\/\/www.americanonewspaper.com\/es\/wp-content\/uploads\/2025\/08\/Globalhalf-21-800x367.webp 800w, https:\/\/www.americanonewspaper.com\/es\/wp-content\/uploads\/2025\/08\/Globalhalf-21-300x138.webp 300w, https:\/\/www.americanonewspaper.com\/es\/wp-content\/uploads\/2025\/08\/Globalhalf-21-768x352.webp 768w, https:\/\/www.americanonewspaper.com\/es\/wp-content\/uploads\/2025\/08\/Globalhalf-21-150x69.webp 150w, https:\/\/www.americanonewspaper.com\/es\/wp-content\/uploads\/2025\/08\/Globalhalf-21-696x319.webp 696w, https:\/\/www.americanonewspaper.com\/es\/wp-content\/uploads\/2025\/08\/Globalhalf-21-1068x490.webp 1068w, https:\/\/www.americanonewspaper.com\/es\/wp-content\/uploads\/2025\/08\/Globalhalf-21.webp 1200w\" sizes=\"(max-width: 800px) 100vw, 800px\" \/><\/a><\/figure>\n<\/div>\n\n\n<p>Por su parte, Bellingham apunta a reaparecer tras la operaci\u00f3n en el hombro izquierdo para finales de septiembre o principios de octubre, mientras que Endrick y Mendy podr\u00edan volver en septiembre, dependiendo de c\u00f3mo evolucionen sus sensaciones de sus respectivas lesiones musculares.<\/p>\n\n\n<div class=\"wp-block-image\">\n<figure class=\"aligncenter size-large is-resized\"><a href=\"https:\/\/www.nj.gov\/health\/saludreproductiva\/\" target=\"_blank\" rel=\" noreferrer noopener\"><img decoding=\"async\" width=\"800\" height=\"367\" src=\"https:\/\/www.americanonewspaper.com\/es\/wp-content\/uploads\/2025\/08\/Spanish-1-1920x880-23-800x367.jpg\" alt=\"\" class=\"wp-image-28410\" style=\"width:1068px;height:auto\" srcset=\"https:\/\/www.americanonewspaper.com\/es\/wp-content\/uploads\/2025\/08\/Spanish-1-1920x880-23-800x367.jpg 800w, https:\/\/www.americanonewspaper.com\/es\/wp-content\/uploads\/2025\/08\/Spanish-1-1920x880-23-300x138.jpg 300w, https:\/\/www.americanonewspaper.com\/es\/wp-content\/uploads\/2025\/08\/Spanish-1-1920x880-23-768x352.jpg 768w, https:\/\/www.americanonewspaper.com\/es\/wp-content\/uploads\/2025\/08\/Spanish-1-1920x880-23-1536x704.jpg 1536w, https:\/\/www.americanonewspaper.com\/es\/wp-content\/uploads\/2025\/08\/Spanish-1-1920x880-23-150x69.jpg 150w, https:\/\/www.americanonewspaper.com\/es\/wp-content\/uploads\/2025\/08\/Spanish-1-1920x880-23-696x319.jpg 696w, https:\/\/www.americanonewspaper.com\/es\/wp-content\/uploads\/2025\/08\/Spanish-1-1920x880-23-1068x490.jpg 1068w, https:\/\/www.americanonewspaper.com\/es\/wp-content\/uploads\/2025\/08\/Spanish-1-1920x880-23.jpg 1920w\" sizes=\"(max-width: 800px) 100vw, 800px\" \/><\/a><\/figure>\n<\/div>\n\n\n<p>Una convocatoria para la que Xabi Alonso no ha esperado al partido del Real Madrid Castilla de este viernes por la tarde (19:15 horas) ante el Lugo, ya que el canterano Thiago Pitarch es uno m\u00e1s de la primera plantilla, al menos, hasta que Camavinga y Bellingham se recuperen.<\/p>\n\n\n\n<p>Tambi\u00e9n repite el canterano Sergio Mestre como tercer portero.<\/p>\n\n\n<div class=\"wp-block-image\">\n<figure class=\"aligncenter size-large is-resized\"><a href=\"https:\/\/www.stnj.org\/events\/detail\/willy-chirino?utm_source=americano&amp;utm_medium=digitalad&amp;utm_campaign=americano_250815_digitalad_willychirino\" target=\"_blank\" rel=\" noreferrer noopener\"><img loading=\"lazy\" decoding=\"async\" width=\"800\" height=\"429\" src=\"https:\/\/www.americanonewspaper.com\/es\/wp-content\/uploads\/2025\/08\/Screenshot-2025-08-15-at-4.22.35-PM-1-3-800x429.png\" alt=\"\" class=\"wp-image-28411\" style=\"width:1068px;height:auto\" srcset=\"https:\/\/www.americanonewspaper.com\/es\/wp-content\/uploads\/2025\/08\/Screenshot-2025-08-15-at-4.22.35-PM-1-3-800x429.png 800w, https:\/\/www.americanonewspaper.com\/es\/wp-content\/uploads\/2025\/08\/Screenshot-2025-08-15-at-4.22.35-PM-1-3-300x161.png 300w, https:\/\/www.americanonewspaper.com\/es\/wp-content\/uploads\/2025\/08\/Screenshot-2025-08-15-at-4.22.35-PM-1-3-768x411.png 768w, https:\/\/www.americanonewspaper.com\/es\/wp-content\/uploads\/2025\/08\/Screenshot-2025-08-15-at-4.22.35-PM-1-3-1536x823.png 1536w, https:\/\/www.americanonewspaper.com\/es\/wp-content\/uploads\/2025\/08\/Screenshot-2025-08-15-at-4.22.35-PM-1-3-150x80.png 150w, https:\/\/www.americanonewspaper.com\/es\/wp-content\/uploads\/2025\/08\/Screenshot-2025-08-15-at-4.22.35-PM-1-3-696x373.png 696w, https:\/\/www.americanonewspaper.com\/es\/wp-content\/uploads\/2025\/08\/Screenshot-2025-08-15-at-4.22.35-PM-1-3-1068x572.png 1068w, https:\/\/www.americanonewspaper.com\/es\/wp-content\/uploads\/2025\/08\/Screenshot-2025-08-15-at-4.22.35-PM-1-3.png 1594w\" sizes=\"(max-width: 800px) 100vw, 800px\" \/><\/a><\/figure>\n<\/div>\n\n\n<p>Lista de convocados del Real Madrid ante el Mallorca:<\/p>\n\n\n\n<p>Porteros: Courtois, Lunin y Sergio Mestre.<\/p>\n\n\n\n<p>Defensas: Carvajal, Militao, Alaba, Trent, Ra\u00fal Asencio, \u00c1lvaro Carreras, Fran Garc\u00eda, R\u00fcdiger y Huijsen.<\/p>\n\n\n<div class=\"wp-block-image\">\n<figure class=\"aligncenter size-full is-resized\"><img loading=\"lazy\" decoding=\"async\" width=\"600\" height=\"401\" src=\"https:\/\/www.americanonewspaper.com\/es\/wp-content\/uploads\/2025\/08\/8ee151c48d31a5cbace1a096d1084584ecc00966m-1.jpg\" alt=\"\" class=\"wp-image-28415\" style=\"width:1068px;height:auto\" srcset=\"https:\/\/www.americanonewspaper.com\/es\/wp-content\/uploads\/2025\/08\/8ee151c48d31a5cbace1a096d1084584ecc00966m-1.jpg 600w, https:\/\/www.americanonewspaper.com\/es\/wp-content\/uploads\/2025\/08\/8ee151c48d31a5cbace1a096d1084584ecc00966m-1-300x201.jpg 300w, https:\/\/www.americanonewspaper.com\/es\/wp-content\/uploads\/2025\/08\/8ee151c48d31a5cbace1a096d1084584ecc00966m-1-150x100.jpg 150w\" sizes=\"(max-width: 600px) 100vw, 600px\" \/><figcaption class=\"wp-element-caption\">El entrenador del Real Madrid, Xabi Alonso, durante un entrenamiento el pasado 23 de agosto. EFE\/Borja S\u00e1nchez-Trillo<\/figcaption><\/figure>\n<\/div>\n\n\n<p>Centrocampistas: Valverde, Tchouam\u00e9ni, Arda G\u00fcler, Ceballos y Thiago Pitarch.<\/p>\n\n\n\n<p>Delanteros: Vin\u00edcius, Mbapp\u00e9, Rodrygo, Gonzalo, Brahim y Mastantuono. <\/p>\n\n\n<div class=\"wp-block-image\">\n<figure class=\"aligncenter size-large is-resized\"><a href=\"https:\/\/www.dchbrunswicktoyota.com\/espanol\/ofertas-especiales-toyota-north-brunswick.htm\" target=\"_blank\" rel=\" noreferrer noopener\"><img loading=\"lazy\" decoding=\"async\" width=\"800\" height=\"358\" src=\"https:\/\/www.americanonewspaper.com\/es\/wp-content\/uploads\/2025\/08\/f6c3b2f3-6406-459f-adf6-bb1b6b65f669-8-2-800x358.jpg\" alt=\"\" class=\"wp-image-28412\" style=\"width:1068px;height:auto\" srcset=\"https:\/\/www.americanonewspaper.com\/es\/wp-content\/uploads\/2025\/08\/f6c3b2f3-6406-459f-adf6-bb1b6b65f669-8-2-800x358.jpg 800w, https:\/\/www.americanonewspaper.com\/es\/wp-content\/uploads\/2025\/08\/f6c3b2f3-6406-459f-adf6-bb1b6b65f669-8-2-300x134.jpg 300w, https:\/\/www.americanonewspaper.com\/es\/wp-content\/uploads\/2025\/08\/f6c3b2f3-6406-459f-adf6-bb1b6b65f669-8-2-768x344.jpg 768w, https:\/\/www.americanonewspaper.com\/es\/wp-content\/uploads\/2025\/08\/f6c3b2f3-6406-459f-adf6-bb1b6b65f669-8-2-150x67.jpg 150w, https:\/\/www.americanonewspaper.com\/es\/wp-content\/uploads\/2025\/08\/f6c3b2f3-6406-459f-adf6-bb1b6b65f669-8-2-696x311.jpg 696w, https:\/\/www.americanonewspaper.com\/es\/wp-content\/uploads\/2025\/08\/f6c3b2f3-6406-459f-adf6-bb1b6b65f669-8-2-1068x478.jpg 1068w, https:\/\/www.americanonewspaper.com\/es\/wp-content\/uploads\/2025\/08\/f6c3b2f3-6406-459f-adf6-bb1b6b65f669-8-2.jpg 1140w\" sizes=\"(max-width: 800px) 100vw, 800px\" \/><\/a><\/figure>\n<\/div>\n\n\n<p><a href=\"https:\/\/tayakan.com\/\" target=\"_blank\" rel=\"noreferrer noopener\">Tayakan.com <\/a>(EFE)<\/p>\n\n\n\n<p><\/p>\n","protected":false},"excerpt":{"rendered":"<p>Xabi Alonso, entrenador del Real Madrid, repite lista de convocados de cara al partido de este s\u00e1bado contra el Mallorca en el Santiago Bernab\u00e9u (21:30 horas CEST, -2 GMT), respecto a la del pasado fin de semana en la visita al Oviedo (0-3). Convocatoria en la que se mantienen como bajas los lesionados Jude Bellingham, [&hellip;]<\/p>\n","protected":false},"author":18,"featured_media":28413,"comment_status":"open","ping_status":"open","sticky":false,"template":"","format":"standard","meta":{"_acf_changed":false,"tdm_status":"","tdm_grid_status":"","_jetpack_memberships_contains_paid_content":false,"footnotes":"","jetpack_publicize_message":"","jetpack_publicize_feature_enabled":true,"jetpack_social_post_already_shared":true,"jetpack_social_options":{"image_generator_settings":{"template":"highway","default_image_id":0,"font":"","enabled":false},"version":2},"_wpas_customize_per_network":false},"categories":[607,787,1188],"tags":[1190,1189],"class_list":{"0":"post-28406","1":"post","2":"type-post","3":"status-publish","4":"format-standard","5":"has-post-thumbnail","7":"category-deportes","8":"category-real-madrid","10":"tag-realmadrid-espana-futbol","11":"tag-xabi-alonso"},"acf":[],"yoast_head":"<!-- This site is optimized with the Yoast SEO Premium plugin v27.5 (Yoast SEO v27.5) - https:\/\/yoast.com\/product\/yoast-seo-premium-wordpress\/ -->\n<title>Real Madrid busca otra victoria con la misma lista que brill\u00f3 en Oviedo - Americano Newspaper<\/title>\n<meta name=\"description\" content=\"Xabi Alonso, entrenador del Real Madrid, repite lista de convocados de cara al partido de este s\u00e1bado contra el Mallorca en el Santiago Bernab\u00e9u (21:30 horas CEST, -2 GMT), respecto a la del pasado fin de semana en la visita al Oviedo (0-3).\" \/>\n<meta name=\"robots\" content=\"index, follow, max-snippet:-1, max-image-preview:large, max-video-preview:-1\" \/>\n<link rel=\"canonical\" href=\"https:\/\/www.americanonewspaper.com\/es\/deportes\/real-madrid-busca-otra-victoria-con-la-misma-lista-que-brillo-en-oviedo\/\" \/>\n<meta property=\"og:locale\" content=\"en_US\" \/>\n<meta property=\"og:type\" content=\"article\" \/>\n<meta property=\"og:title\" content=\"Real Madrid busca otra victoria con la misma lista que brill\u00f3 en Oviedo\" \/>\n<meta property=\"og:description\" content=\"Xabi Alonso, entrenador del Real Madrid, repite lista de convocados de cara al partido de este s\u00e1bado contra el Mallorca en el Santiago Bernab\u00e9u (21:30 horas CEST, -2 GMT), respecto a la del pasado fin de semana en la visita al Oviedo (0-3).\" \/>\n<meta property=\"og:url\" content=\"https:\/\/www.americanonewspaper.com\/es\/deportes\/real-madrid-busca-otra-victoria-con-la-misma-lista-que-brillo-en-oviedo\/\" \/>\n<meta property=\"og:site_name\" content=\"Americano Newspaper\" \/>\n<meta property=\"article:publisher\" content=\"https:\/\/www.facebook.com\/AmericanoNewspaper\/\" \/>\n<meta property=\"article:published_time\" content=\"2025-08-30T00:13:19+00:00\" \/>\n<meta property=\"article:modified_time\" content=\"2025-08-30T00:15:30+00:00\" \/>\n<meta property=\"og:image\" content=\"https:\/\/www.americanonewspaper.com\/es\/wp-content\/uploads\/2025\/08\/Portada-para-Facebook-Descuento-50-OFF-Compras-Online-Simple-Rosa-y-Rojo-5.png\" \/>\n\t<meta property=\"og:image:width\" content=\"1640\" \/>\n\t<meta property=\"og:image:height\" content=\"924\" \/>\n\t<meta property=\"og:image:type\" content=\"image\/png\" \/>\n<meta name=\"author\" content=\"Victoria Deus\" \/>\n<meta name=\"twitter:card\" content=\"summary_large_image\" \/>\n<meta name=\"twitter:label1\" content=\"Written by\" \/>\n\t<meta name=\"twitter:data1\" content=\"Victoria Deus\" \/>\n\t<meta name=\"twitter:label2\" content=\"Est. reading time\" \/>\n\t<meta name=\"twitter:data2\" content=\"3 minutes\" \/>\n<script type=\"application\/ld+json\" class=\"yoast-schema-graph\">{\"@context\":\"https:\\\/\\\/schema.org\",\"@graph\":[{\"@type\":\"Article\",\"@id\":\"https:\\\/\\\/www.americanonewspaper.com\\\/es\\\/deportes\\\/real-madrid-busca-otra-victoria-con-la-misma-lista-que-brillo-en-oviedo\\\/#article\",\"isPartOf\":{\"@id\":\"https:\\\/\\\/www.americanonewspaper.com\\\/es\\\/deportes\\\/real-madrid-busca-otra-victoria-con-la-misma-lista-que-brillo-en-oviedo\\\/\"},\"author\":{\"name\":\"Victoria Deus\",\"@id\":\"https:\\\/\\\/www.americanonewspaper.com\\\/es\\\/#\\\/schema\\\/person\\\/875497672032163af362240e09375960\"},\"headline\":\"Real Madrid busca otra victoria con la misma lista que brill\u00f3 en Oviedo\",\"datePublished\":\"2025-08-30T00:13:19+00:00\",\"dateModified\":\"2025-08-30T00:15:30+00:00\",\"mainEntityOfPage\":{\"@id\":\"https:\\\/\\\/www.americanonewspaper.com\\\/es\\\/deportes\\\/real-madrid-busca-otra-victoria-con-la-misma-lista-que-brillo-en-oviedo\\\/\"},\"wordCount\":307,\"commentCount\":0,\"publisher\":{\"@id\":\"https:\\\/\\\/www.americanonewspaper.com\\\/es\\\/#organization\"},\"image\":{\"@id\":\"https:\\\/\\\/www.americanonewspaper.com\\\/es\\\/deportes\\\/real-madrid-busca-otra-victoria-con-la-misma-lista-que-brillo-en-oviedo\\\/#primaryimage\"},\"thumbnailUrl\":\"https:\\\/\\\/www.americanonewspaper.com\\\/es\\\/wp-content\\\/uploads\\\/2025\\\/08\\\/Portada-para-Facebook-Descuento-50-OFF-Compras-Online-Simple-Rosa-y-Rojo-5.png\",\"keywords\":[\"#RealMadrid #Espa\u00f1a #F\u00fatbol\",\"#Xabi Alonso\"],\"articleSection\":[\"Deportes\",\"Real Madrid\",\"Xabi Alonso\"],\"inLanguage\":\"en-US\",\"potentialAction\":[{\"@type\":\"CommentAction\",\"name\":\"Comment\",\"target\":[\"https:\\\/\\\/www.americanonewspaper.com\\\/es\\\/deportes\\\/real-madrid-busca-otra-victoria-con-la-misma-lista-que-brillo-en-oviedo\\\/#respond\"]}]},{\"@type\":\"WebPage\",\"@id\":\"https:\\\/\\\/www.americanonewspaper.com\\\/es\\\/deportes\\\/real-madrid-busca-otra-victoria-con-la-misma-lista-que-brillo-en-oviedo\\\/\",\"url\":\"https:\\\/\\\/www.americanonewspaper.com\\\/es\\\/deportes\\\/real-madrid-busca-otra-victoria-con-la-misma-lista-que-brillo-en-oviedo\\\/\",\"name\":\"Real Madrid busca otra victoria con la misma lista que brill\u00f3 en Oviedo - Americano Newspaper\",\"isPartOf\":{\"@id\":\"https:\\\/\\\/www.americanonewspaper.com\\\/es\\\/#website\"},\"primaryImageOfPage\":{\"@id\":\"https:\\\/\\\/www.americanonewspaper.com\\\/es\\\/deportes\\\/real-madrid-busca-otra-victoria-con-la-misma-lista-que-brillo-en-oviedo\\\/#primaryimage\"},\"image\":{\"@id\":\"https:\\\/\\\/www.americanonewspaper.com\\\/es\\\/deportes\\\/real-madrid-busca-otra-victoria-con-la-misma-lista-que-brillo-en-oviedo\\\/#primaryimage\"},\"thumbnailUrl\":\"https:\\\/\\\/www.americanonewspaper.com\\\/es\\\/wp-content\\\/uploads\\\/2025\\\/08\\\/Portada-para-Facebook-Descuento-50-OFF-Compras-Online-Simple-Rosa-y-Rojo-5.png\",\"datePublished\":\"2025-08-30T00:13:19+00:00\",\"dateModified\":\"2025-08-30T00:15:30+00:00\",\"description\":\"Xabi Alonso, entrenador del Real Madrid, repite lista de convocados de cara al partido de este s\u00e1bado contra el Mallorca en el Santiago Bernab\u00e9u (21:30 horas CEST, -2 GMT), respecto a la del pasado fin de semana en la visita al Oviedo (0-3).\",\"breadcrumb\":{\"@id\":\"https:\\\/\\\/www.americanonewspaper.com\\\/es\\\/deportes\\\/real-madrid-busca-otra-victoria-con-la-misma-lista-que-brillo-en-oviedo\\\/#breadcrumb\"},\"inLanguage\":\"en-US\",\"potentialAction\":[{\"@type\":\"ReadAction\",\"target\":[\"https:\\\/\\\/www.americanonewspaper.com\\\/es\\\/deportes\\\/real-madrid-busca-otra-victoria-con-la-misma-lista-que-brillo-en-oviedo\\\/\"]}]},{\"@type\":\"ImageObject\",\"inLanguage\":\"en-US\",\"@id\":\"https:\\\/\\\/www.americanonewspaper.com\\\/es\\\/deportes\\\/real-madrid-busca-otra-victoria-con-la-misma-lista-que-brillo-en-oviedo\\\/#primaryimage\",\"url\":\"https:\\\/\\\/www.americanonewspaper.com\\\/es\\\/wp-content\\\/uploads\\\/2025\\\/08\\\/Portada-para-Facebook-Descuento-50-OFF-Compras-Online-Simple-Rosa-y-Rojo-5.png\",\"contentUrl\":\"https:\\\/\\\/www.americanonewspaper.com\\\/es\\\/wp-content\\\/uploads\\\/2025\\\/08\\\/Portada-para-Facebook-Descuento-50-OFF-Compras-Online-Simple-Rosa-y-Rojo-5.png\",\"width\":1640,\"height\":924,\"caption\":\"Convocatoria en la que se mantienen como bajas los lesionados Jude Bellingham, Endrick, Ferland Mendy y Eduardo Camavinga.\"},{\"@type\":\"BreadcrumbList\",\"@id\":\"https:\\\/\\\/www.americanonewspaper.com\\\/es\\\/deportes\\\/real-madrid-busca-otra-victoria-con-la-misma-lista-que-brillo-en-oviedo\\\/#breadcrumb\",\"itemListElement\":[{\"@type\":\"ListItem\",\"position\":1,\"name\":\"Home\",\"item\":\"https:\\\/\\\/www.americanonewspaper.com\\\/es\\\/\"},{\"@type\":\"ListItem\",\"position\":2,\"name\":\"Real Madrid busca otra victoria con la misma lista que brill\u00f3 en Oviedo\"}]},{\"@type\":\"WebSite\",\"@id\":\"https:\\\/\\\/www.americanonewspaper.com\\\/es\\\/#website\",\"url\":\"https:\\\/\\\/www.americanonewspaper.com\\\/es\\\/\",\"name\":\"Americano Newspaper\",\"description\":\"The Hispanic Newspaper of New Jersey.\",\"publisher\":{\"@id\":\"https:\\\/\\\/www.americanonewspaper.com\\\/es\\\/#organization\"},\"potentialAction\":[{\"@type\":\"SearchAction\",\"target\":{\"@type\":\"EntryPoint\",\"urlTemplate\":\"https:\\\/\\\/www.americanonewspaper.com\\\/es\\\/?s={search_term_string}\"},\"query-input\":{\"@type\":\"PropertyValueSpecification\",\"valueRequired\":true,\"valueName\":\"search_term_string\"}}],\"inLanguage\":\"en-US\"},{\"@type\":\"Organization\",\"@id\":\"https:\\\/\\\/www.americanonewspaper.com\\\/es\\\/#organization\",\"name\":\"Americano Newspaper\",\"url\":\"https:\\\/\\\/www.americanonewspaper.com\\\/es\\\/\",\"logo\":{\"@type\":\"ImageObject\",\"inLanguage\":\"en-US\",\"@id\":\"https:\\\/\\\/www.americanonewspaper.com\\\/es\\\/#\\\/schema\\\/logo\\\/image\\\/\",\"url\":\"https:\\\/\\\/www.americanonewspaper.com\\\/es\\\/wp-content\\\/uploads\\\/2024\\\/05\\\/AmericanoLogoCircle.comCircle2.jpg\",\"contentUrl\":\"https:\\\/\\\/www.americanonewspaper.com\\\/es\\\/wp-content\\\/uploads\\\/2024\\\/05\\\/AmericanoLogoCircle.comCircle2.jpg\",\"width\":600,\"height\":600,\"caption\":\"Americano Newspaper\"},\"image\":{\"@id\":\"https:\\\/\\\/www.americanonewspaper.com\\\/es\\\/#\\\/schema\\\/logo\\\/image\\\/\"},\"sameAs\":[\"https:\\\/\\\/www.facebook.com\\\/AmericanoNewspaper\\\/\"]},{\"@type\":\"Person\",\"@id\":\"https:\\\/\\\/www.americanonewspaper.com\\\/es\\\/#\\\/schema\\\/person\\\/875497672032163af362240e09375960\",\"name\":\"Victoria Deus\",\"image\":{\"@type\":\"ImageObject\",\"inLanguage\":\"en-US\",\"@id\":\"https:\\\/\\\/www.americanonewspaper.com\\\/es\\\/wp-content\\\/litespeed\\\/avatar\\\/87ebc08dcb2dba9e584c4557748a9de2.jpg?ver=1777428042\",\"url\":\"https:\\\/\\\/www.americanonewspaper.com\\\/es\\\/wp-content\\\/litespeed\\\/avatar\\\/87ebc08dcb2dba9e584c4557748a9de2.jpg?ver=1777428042\",\"contentUrl\":\"https:\\\/\\\/www.americanonewspaper.com\\\/es\\\/wp-content\\\/litespeed\\\/avatar\\\/87ebc08dcb2dba9e584c4557748a9de2.jpg?ver=1777428042\",\"caption\":\"Victoria Deus\"},\"sameAs\":[\"http:\\\/\\\/www.americanonewspaper.com\"],\"url\":\"https:\\\/\\\/www.americanonewspaper.com\\\/es\\\/author\\\/victoria\\\/\"}]}<\/script>\n<!-- \/ Yoast SEO Premium plugin. -->","yoast_head_json":{"title":"Real Madrid busca otra victoria con la misma lista que brill\u00f3 en Oviedo - Americano Newspaper","description":"Xabi Alonso, entrenador del Real Madrid, repite lista de convocados de cara al partido de este s\u00e1bado contra el Mallorca en el Santiago Bernab\u00e9u (21:30 horas CEST, -2 GMT), respecto a la del pasado fin de semana en la visita al Oviedo (0-3).","robots":{"index":"index","follow":"follow","max-snippet":"max-snippet:-1","max-image-preview":"max-image-preview:large","max-video-preview":"max-video-preview:-1"},"canonical":"https:\/\/www.americanonewspaper.com\/es\/deportes\/real-madrid-busca-otra-victoria-con-la-misma-lista-que-brillo-en-oviedo\/","og_locale":"en_US","og_type":"article","og_title":"Real Madrid busca otra victoria con la misma lista que brill\u00f3 en Oviedo","og_description":"Xabi Alonso, entrenador del Real Madrid, repite lista de convocados de cara al partido de este s\u00e1bado contra el Mallorca en el Santiago Bernab\u00e9u (21:30 horas CEST, -2 GMT), respecto a la del pasado fin de semana en la visita al Oviedo (0-3).","og_url":"https:\/\/www.americanonewspaper.com\/es\/deportes\/real-madrid-busca-otra-victoria-con-la-misma-lista-que-brillo-en-oviedo\/","og_site_name":"Americano Newspaper","article_publisher":"https:\/\/www.facebook.com\/AmericanoNewspaper\/","article_published_time":"2025-08-30T00:13:19+00:00","article_modified_time":"2025-08-30T00:15:30+00:00","og_image":[{"width":1640,"height":924,"url":"https:\/\/www.americanonewspaper.com\/es\/wp-content\/uploads\/2025\/08\/Portada-para-Facebook-Descuento-50-OFF-Compras-Online-Simple-Rosa-y-Rojo-5.png","type":"image\/png"}],"author":"Victoria Deus","twitter_card":"summary_large_image","twitter_misc":{"Written by":"Victoria Deus","Est. reading time":"3 minutes"},"schema":{"@context":"https:\/\/schema.org","@graph":[{"@type":"Article","@id":"https:\/\/www.americanonewspaper.com\/es\/deportes\/real-madrid-busca-otra-victoria-con-la-misma-lista-que-brillo-en-oviedo\/#article","isPartOf":{"@id":"https:\/\/www.americanonewspaper.com\/es\/deportes\/real-madrid-busca-otra-victoria-con-la-misma-lista-que-brillo-en-oviedo\/"},"author":{"name":"Victoria Deus","@id":"https:\/\/www.americanonewspaper.com\/es\/#\/schema\/person\/875497672032163af362240e09375960"},"headline":"Real Madrid busca otra victoria con la misma lista que brill\u00f3 en Oviedo","datePublished":"2025-08-30T00:13:19+00:00","dateModified":"2025-08-30T00:15:30+00:00","mainEntityOfPage":{"@id":"https:\/\/www.americanonewspaper.com\/es\/deportes\/real-madrid-busca-otra-victoria-con-la-misma-lista-que-brillo-en-oviedo\/"},"wordCount":307,"commentCount":0,"publisher":{"@id":"https:\/\/www.americanonewspaper.com\/es\/#organization"},"image":{"@id":"https:\/\/www.americanonewspaper.com\/es\/deportes\/real-madrid-busca-otra-victoria-con-la-misma-lista-que-brillo-en-oviedo\/#primaryimage"},"thumbnailUrl":"https:\/\/www.americanonewspaper.com\/es\/wp-content\/uploads\/2025\/08\/Portada-para-Facebook-Descuento-50-OFF-Compras-Online-Simple-Rosa-y-Rojo-5.png","keywords":["#RealMadrid #Espa\u00f1a #F\u00fatbol","#Xabi Alonso"],"articleSection":["Deportes","Real Madrid","Xabi Alonso"],"inLanguage":"en-US","potentialAction":[{"@type":"CommentAction","name":"Comment","target":["https:\/\/www.americanonewspaper.com\/es\/deportes\/real-madrid-busca-otra-victoria-con-la-misma-lista-que-brillo-en-oviedo\/#respond"]}]},{"@type":"WebPage","@id":"https:\/\/www.americanonewspaper.com\/es\/deportes\/real-madrid-busca-otra-victoria-con-la-misma-lista-que-brillo-en-oviedo\/","url":"https:\/\/www.americanonewspaper.com\/es\/deportes\/real-madrid-busca-otra-victoria-con-la-misma-lista-que-brillo-en-oviedo\/","name":"Real Madrid busca otra victoria con la misma lista que brill\u00f3 en Oviedo - Americano Newspaper","isPartOf":{"@id":"https:\/\/www.americanonewspaper.com\/es\/#website"},"primaryImageOfPage":{"@id":"https:\/\/www.americanonewspaper.com\/es\/deportes\/real-madrid-busca-otra-victoria-con-la-misma-lista-que-brillo-en-oviedo\/#primaryimage"},"image":{"@id":"https:\/\/www.americanonewspaper.com\/es\/deportes\/real-madrid-busca-otra-victoria-con-la-misma-lista-que-brillo-en-oviedo\/#primaryimage"},"thumbnailUrl":"https:\/\/www.americanonewspaper.com\/es\/wp-content\/uploads\/2025\/08\/Portada-para-Facebook-Descuento-50-OFF-Compras-Online-Simple-Rosa-y-Rojo-5.png","datePublished":"2025-08-30T00:13:19+00:00","dateModified":"2025-08-30T00:15:30+00:00","description":"Xabi Alonso, entrenador del Real Madrid, repite lista de convocados de cara al partido de este s\u00e1bado contra el Mallorca en el Santiago Bernab\u00e9u (21:30 horas CEST, -2 GMT), respecto a la del pasado fin de semana en la visita al Oviedo (0-3).","breadcrumb":{"@id":"https:\/\/www.americanonewspaper.com\/es\/deportes\/real-madrid-busca-otra-victoria-con-la-misma-lista-que-brillo-en-oviedo\/#breadcrumb"},"inLanguage":"en-US","potentialAction":[{"@type":"ReadAction","target":["https:\/\/www.americanonewspaper.com\/es\/deportes\/real-madrid-busca-otra-victoria-con-la-misma-lista-que-brillo-en-oviedo\/"]}]},{"@type":"ImageObject","inLanguage":"en-US","@id":"https:\/\/www.americanonewspaper.com\/es\/deportes\/real-madrid-busca-otra-victoria-con-la-misma-lista-que-brillo-en-oviedo\/#primaryimage","url":"https:\/\/www.americanonewspaper.com\/es\/wp-content\/uploads\/2025\/08\/Portada-para-Facebook-Descuento-50-OFF-Compras-Online-Simple-Rosa-y-Rojo-5.png","contentUrl":"https:\/\/www.americanonewspaper.com\/es\/wp-content\/uploads\/2025\/08\/Portada-para-Facebook-Descuento-50-OFF-Compras-Online-Simple-Rosa-y-Rojo-5.png","width":1640,"height":924,"caption":"Convocatoria en la que se mantienen como bajas los lesionados Jude Bellingham, Endrick, Ferland Mendy y Eduardo Camavinga."},{"@type":"BreadcrumbList","@id":"https:\/\/www.americanonewspaper.com\/es\/deportes\/real-madrid-busca-otra-victoria-con-la-misma-lista-que-brillo-en-oviedo\/#breadcrumb","itemListElement":[{"@type":"ListItem","position":1,"name":"Home","item":"https:\/\/www.americanonewspaper.com\/es\/"},{"@type":"ListItem","position":2,"name":"Real Madrid busca otra victoria con la misma lista que brill\u00f3 en Oviedo"}]},{"@type":"WebSite","@id":"https:\/\/www.americanonewspaper.com\/es\/#website","url":"https:\/\/www.americanonewspaper.com\/es\/","name":"Americano Newspaper","description":"The Hispanic Newspaper of New Jersey.","publisher":{"@id":"https:\/\/www.americanonewspaper.com\/es\/#organization"},"potentialAction":[{"@type":"SearchAction","target":{"@type":"EntryPoint","urlTemplate":"https:\/\/www.americanonewspaper.com\/es\/?s={search_term_string}"},"query-input":{"@type":"PropertyValueSpecification","valueRequired":true,"valueName":"search_term_string"}}],"inLanguage":"en-US"},{"@type":"Organization","@id":"https:\/\/www.americanonewspaper.com\/es\/#organization","name":"Americano Newspaper","url":"https:\/\/www.americanonewspaper.com\/es\/","logo":{"@type":"ImageObject","inLanguage":"en-US","@id":"https:\/\/www.americanonewspaper.com\/es\/#\/schema\/logo\/image\/","url":"https:\/\/www.americanonewspaper.com\/es\/wp-content\/uploads\/2024\/05\/AmericanoLogoCircle.comCircle2.jpg","contentUrl":"https:\/\/www.americanonewspaper.com\/es\/wp-content\/uploads\/2024\/05\/AmericanoLogoCircle.comCircle2.jpg","width":600,"height":600,"caption":"Americano Newspaper"},"image":{"@id":"https:\/\/www.americanonewspaper.com\/es\/#\/schema\/logo\/image\/"},"sameAs":["https:\/\/www.facebook.com\/AmericanoNewspaper\/"]},{"@type":"Person","@id":"https:\/\/www.americanonewspaper.com\/es\/#\/schema\/person\/875497672032163af362240e09375960","name":"Victoria Deus","image":{"@type":"ImageObject","inLanguage":"en-US","@id":"https:\/\/www.americanonewspaper.com\/es\/wp-content\/litespeed\/avatar\/87ebc08dcb2dba9e584c4557748a9de2.jpg?ver=1777428042","url":"https:\/\/www.americanonewspaper.com\/es\/wp-content\/litespeed\/avatar\/87ebc08dcb2dba9e584c4557748a9de2.jpg?ver=1777428042","contentUrl":"https:\/\/www.americanonewspaper.com\/es\/wp-content\/litespeed\/avatar\/87ebc08dcb2dba9e584c4557748a9de2.jpg?ver=1777428042","caption":"Victoria Deus"},"sameAs":["http:\/\/www.americanonewspaper.com"],"url":"https:\/\/www.americanonewspaper.com\/es\/author\/victoria\/"}]}},"jetpack_publicize_connections":[],"jetpack_featured_media_url":"https:\/\/www.americanonewspaper.com\/es\/wp-content\/uploads\/2025\/08\/Portada-para-Facebook-Descuento-50-OFF-Compras-Online-Simple-Rosa-y-Rojo-5.png","featured_image_urls":{"full":["https:\/\/www.americanonewspaper.com\/es\/wp-content\/uploads\/2025\/08\/Portada-para-Facebook-Descuento-50-OFF-Compras-Online-Simple-Rosa-y-Rojo-5.png",1640,924,false],"thumbnail":["https:\/\/www.americanonewspaper.com\/es\/wp-content\/uploads\/2025\/08\/Portada-para-Facebook-Descuento-50-OFF-Compras-Online-Simple-Rosa-y-Rojo-5-250x250.png",250,250,true],"medium":["https:\/\/www.americanonewspaper.com\/es\/wp-content\/uploads\/2025\/08\/Portada-para-Facebook-Descuento-50-OFF-Compras-Online-Simple-Rosa-y-Rojo-5-300x169.png",300,169,true],"medium_large":["https:\/\/www.americanonewspaper.com\/es\/wp-content\/uploads\/2025\/08\/Portada-para-Facebook-Descuento-50-OFF-Compras-Online-Simple-Rosa-y-Rojo-5-768x433.png",696,392,true],"large":["https:\/\/www.americanonewspaper.com\/es\/wp-content\/uploads\/2025\/08\/Portada-para-Facebook-Descuento-50-OFF-Compras-Online-Simple-Rosa-y-Rojo-5-800x451.png",696,392,true],"1536x1536":["https:\/\/www.americanonewspaper.com\/es\/wp-content\/uploads\/2025\/08\/Portada-para-Facebook-Descuento-50-OFF-Compras-Online-Simple-Rosa-y-Rojo-5-1536x865.png",1536,865,true],"2048x2048":["https:\/\/www.americanonewspaper.com\/es\/wp-content\/uploads\/2025\/08\/Portada-para-Facebook-Descuento-50-OFF-Compras-Online-Simple-Rosa-y-Rojo-5.png",1640,924,false],"td_150x0":["https:\/\/www.americanonewspaper.com\/es\/wp-content\/uploads\/2025\/08\/Portada-para-Facebook-Descuento-50-OFF-Compras-Online-Simple-Rosa-y-Rojo-5-150x85.png",150,85,true],"td_218x150":["https:\/\/www.americanonewspaper.com\/es\/wp-content\/uploads\/2025\/08\/Portada-para-Facebook-Descuento-50-OFF-Compras-Online-Simple-Rosa-y-Rojo-5-218x150.png",218,150,true],"td_300x0":["https:\/\/www.americanonewspaper.com\/es\/wp-content\/uploads\/2025\/08\/Portada-para-Facebook-Descuento-50-OFF-Compras-Online-Simple-Rosa-y-Rojo-5-300x169.png",300,169,true],"td_324x400":["https:\/\/www.americanonewspaper.com\/es\/wp-content\/uploads\/2025\/08\/Portada-para-Facebook-Descuento-50-OFF-Compras-Online-Simple-Rosa-y-Rojo-5-324x400.png",324,400,true],"td_485x360":["https:\/\/www.americanonewspaper.com\/es\/wp-content\/uploads\/2025\/08\/Portada-para-Facebook-Descuento-50-OFF-Compras-Online-Simple-Rosa-y-Rojo-5-485x360.png",485,360,true],"td_696x0":["https:\/\/www.americanonewspaper.com\/es\/wp-content\/uploads\/2025\/08\/Portada-para-Facebook-Descuento-50-OFF-Compras-Online-Simple-Rosa-y-Rojo-5-696x392.png",696,392,true],"td_1068x0":["https:\/\/www.americanonewspaper.com\/es\/wp-content\/uploads\/2025\/08\/Portada-para-Facebook-Descuento-50-OFF-Compras-Online-Simple-Rosa-y-Rojo-5-1068x602.png",1068,602,true],"td_1920x0":["https:\/\/www.americanonewspaper.com\/es\/wp-content\/uploads\/2025\/08\/Portada-para-Facebook-Descuento-50-OFF-Compras-Online-Simple-Rosa-y-Rojo-5.png",1640,924,false],"bdpp-medium":["https:\/\/www.americanonewspaper.com\/es\/wp-content\/uploads\/2025\/08\/Portada-para-Facebook-Descuento-50-OFF-Compras-Online-Simple-Rosa-y-Rojo-5-640x480.png",640,480,true]},"author_info":{"display_name":"Victoria Deus","author_link":"https:\/\/www.americanonewspaper.com\/es\/author\/victoria\/"},"category_info":"<a href=\"https:\/\/www.americanonewspaper.com\/es\/category\/deportes\/\" rel=\"category tag\">Deportes<\/a> <a href=\"https:\/\/www.americanonewspaper.com\/es\/category\/real-madrid\/\" rel=\"category tag\">Real Madrid<\/a> <a href=\"https:\/\/www.americanonewspaper.com\/es\/category\/xabi-alonso\/\" rel=\"category tag\">Xabi Alonso<\/a>","tag_info":"Xabi Alonso","comment_count":"0","jetpack_sharing_enabled":true,"jetpack_likes_enabled":true,"_links":{"self":[{"href":"https:\/\/www.americanonewspaper.com\/es\/wp-json\/wp\/v2\/posts\/28406","targetHints":{"allow":["GET"]}}],"collection":[{"href":"https:\/\/www.americanonewspaper.com\/es\/wp-json\/wp\/v2\/posts"}],"about":[{"href":"https:\/\/www.americanonewspaper.com\/es\/wp-json\/wp\/v2\/types\/post"}],"author":[{"embeddable":true,"href":"https:\/\/www.americanonewspaper.com\/es\/wp-json\/wp\/v2\/users\/18"}],"replies":[{"embeddable":true,"href":"https:\/\/www.americanonewspaper.com\/es\/wp-json\/wp\/v2\/comments?post=28406"}],"version-history":[{"count":2,"href":"https:\/\/www.americanonewspaper.com\/es\/wp-json\/wp\/v2\/posts\/28406\/revisions"}],"predecessor-version":[{"id":28417,"href":"https:\/\/www.americanonewspaper.com\/es\/wp-json\/wp\/v2\/posts\/28406\/revisions\/28417"}],"wp:featuredmedia":[{"embeddable":true,"href":"https:\/\/www.americanonewspaper.com\/es\/wp-json\/wp\/v2\/media\/28413"}],"wp:attachment":[{"href":"https:\/\/www.americanonewspaper.com\/es\/wp-json\/wp\/v2\/media?parent=28406"}],"wp:term":[{"taxonomy":"category","embeddable":true,"href":"https:\/\/www.americanonewspaper.com\/es\/wp-json\/wp\/v2\/categories?post=28406"},{"taxonomy":"post_tag","embeddable":true,"href":"https:\/\/www.americanonewspaper.com\/es\/wp-json\/wp\/v2\/tags?post=28406"}],"curies":[{"name":"wp","href":"https:\/\/api.w.org\/{rel}","templated":true}]}}