{"id":28330,"date":"2025-08-27T13:01:21","date_gmt":"2025-08-27T17:01:21","guid":{"rendered":"https:\/\/www.americanonewspaper.com\/es\/?p=28330"},"modified":"2025-08-27T13:01:24","modified_gmt":"2025-08-27T17:01:24","slug":"el-seguro-de-salud-de-la-aca-costara-mucho-mas-en-2026","status":"publish","type":"post","link":"https:\/\/www.americanonewspaper.com\/es\/health-and-care\/el-seguro-de-salud-de-la-aca-costara-mucho-mas-en-2026\/","title":{"rendered":"El seguro de salud de la ACA costar\u00e1 mucho m\u00e1s en 2026"},"content":{"rendered":"\n<p><em>Las tarifas subir\u00e1n de forma significativa para cientos de miles de personas en Nueva Jersey, y es poco probable que el Congreso intervenga<\/em><\/p>\n\n\n\n<p>WASHINGTON \u2014 Por Benjamin J. Hulac, NJ Spotlight News, traducido al espa\u00f1ol por Valesca Rodrigo.<\/p>\n\n\n\n<p class=\"dropcapp3\">A menos que el Congreso act\u00fae, las tarifas del seguro de salud aumentar\u00e1n dr\u00e1sticamente el pr\u00f3ximo a\u00f1o para cientos de miles de personas en Nueva Jersey que est\u00e1n cubiertas a trav\u00e9s del mercado estatal bajo la Ley de Cuidado de Salud a Bajo Precio (ACA, por sus siglas en ingl\u00e9s), conocida tambi\u00e9n como Obamacare.<\/p>\n\n\n\n<figure class=\"wp-block-image size-large\"><img fetchpriority=\"high\" decoding=\"async\" width=\"800\" height=\"365\" src=\"https:\/\/www.americanonewspaper.com\/es\/wp-content\/uploads\/2025\/08\/Screenshot-2025-02-20-at-9.11.40-AM-1920x877-2-18-800x365.webp\" alt=\"\" class=\"wp-image-28320\" srcset=\"https:\/\/www.americanonewspaper.com\/es\/wp-content\/uploads\/2025\/08\/Screenshot-2025-02-20-at-9.11.40-AM-1920x877-2-18-800x365.webp 800w, https:\/\/www.americanonewspaper.com\/es\/wp-content\/uploads\/2025\/08\/Screenshot-2025-02-20-at-9.11.40-AM-1920x877-2-18-300x137.webp 300w, https:\/\/www.americanonewspaper.com\/es\/wp-content\/uploads\/2025\/08\/Screenshot-2025-02-20-at-9.11.40-AM-1920x877-2-18-768x351.webp 768w, https:\/\/www.americanonewspaper.com\/es\/wp-content\/uploads\/2025\/08\/Screenshot-2025-02-20-at-9.11.40-AM-1920x877-2-18-1536x702.webp 1536w, https:\/\/www.americanonewspaper.com\/es\/wp-content\/uploads\/2025\/08\/Screenshot-2025-02-20-at-9.11.40-AM-1920x877-2-18-150x69.webp 150w, https:\/\/www.americanonewspaper.com\/es\/wp-content\/uploads\/2025\/08\/Screenshot-2025-02-20-at-9.11.40-AM-1920x877-2-18-696x318.webp 696w, https:\/\/www.americanonewspaper.com\/es\/wp-content\/uploads\/2025\/08\/Screenshot-2025-02-20-at-9.11.40-AM-1920x877-2-18-1068x488.webp 1068w, https:\/\/www.americanonewspaper.com\/es\/wp-content\/uploads\/2025\/08\/Screenshot-2025-02-20-at-9.11.40-AM-1920x877-2-18.webp 1920w\" sizes=\"(max-width: 800px) 100vw, 800px\" \/><\/figure>\n\n\n\n<p>Las tarifas del seguro de salud aumentar\u00e1n un 15.9% en 2026, respecto a las cifras de 2025, seg\u00fan el New Jersey Department of Banking and Insurance (Departamento de Banca y Seguros de Nueva Jersey).&nbsp;<\/p>\n\n\n\n<p>Alrededor de 513,000 personas en Nueva Jersey est\u00e1n inscritas en el mercado estatal de seguros, y aproximadamente 454,000 de ellas est\u00e1n en camino de pagar m\u00e1s por su cobertura el pr\u00f3ximo a\u00f1o, de acuerdo con las cifras m\u00e1s recientes disponibles.<br><br>&#8220;Todas sus primas van a aumentar&#8221;, afirm\u00f3 Laura Waddell, directora del programa de salud en New Jersey Citizen Action, un grupo de defensa de los consumidores, en una entrevista con NJ Spotlight News sobre el conjunto de 454,000 personas afectadas.<\/p>\n\n\n\n<figure class=\"wp-block-image size-large\"><a href=\"https:\/\/www.globalautomall.com\/newdept.cfm\/page\/ 500-savings-for-americano-magazine-readers-2263\/\" target=\"_blank\" rel=\" noreferrer noopener\"><img decoding=\"async\" width=\"800\" height=\"367\" src=\"https:\/\/www.americanonewspaper.com\/es\/wp-content\/uploads\/2025\/08\/Globalhalf-17-800x367.webp\" alt=\"\" class=\"wp-image-28303\" srcset=\"https:\/\/www.americanonewspaper.com\/es\/wp-content\/uploads\/2025\/08\/Globalhalf-17-800x367.webp 800w, https:\/\/www.americanonewspaper.com\/es\/wp-content\/uploads\/2025\/08\/Globalhalf-17-300x138.webp 300w, https:\/\/www.americanonewspaper.com\/es\/wp-content\/uploads\/2025\/08\/Globalhalf-17-768x352.webp 768w, https:\/\/www.americanonewspaper.com\/es\/wp-content\/uploads\/2025\/08\/Globalhalf-17-150x69.webp 150w, https:\/\/www.americanonewspaper.com\/es\/wp-content\/uploads\/2025\/08\/Globalhalf-17-696x319.webp 696w, https:\/\/www.americanonewspaper.com\/es\/wp-content\/uploads\/2025\/08\/Globalhalf-17-1068x490.webp 1068w, https:\/\/www.americanonewspaper.com\/es\/wp-content\/uploads\/2025\/08\/Globalhalf-17.webp 1200w\" sizes=\"(max-width: 800px) 100vw, 800px\" \/><\/a><\/figure>\n\n\n\n<p>El Departamento de Banca y Seguros de Nueva Jersey public\u00f3 las cifras la semana pasada, se\u00f1alando que se basan en los precios presentados por cinco compa\u00f1\u00edas de seguros que ofrecen cobertura en el estado a trav\u00e9s del mercado Get Covered NJ.<\/p>\n\n\n\n<p><strong>Grandes aumentos de tarifas a nivel nacional<\/strong><\/p>\n\n\n\n<p>Se espera que los precios a nivel nacional aumenten un 18% el pr\u00f3ximo a\u00f1o, seg\u00fan una <a href=\"https:\/\/www.healthsystemtracker.org\/brief\/how-much-and-why-aca-marketplace-premiums-are-going-up-in-2026\/#Overall%202026%20proposed%20rate%20change%20among%20ACA%20Marketplace%20plans,%20by%20insurer\">encuesta<\/a> realizada por el Peterson Center on Healthcare y la Kaiser Family Foundation (KFF), dos organizaciones no partidistas, que abarc\u00f3 a 312 aseguradoras de salud en todos los estados y el Distrito de Columbia.<\/p>\n\n\n\n<figure class=\"wp-block-image size-large\"><a href=\"https:\/\/www.nj.gov\/health\/saludreproductiva\/\" target=\"_blank\" rel=\" noreferrer noopener\"><img decoding=\"async\" width=\"800\" height=\"367\" src=\"https:\/\/www.americanonewspaper.com\/es\/wp-content\/uploads\/2025\/08\/Spanish-1-1920x880-19-800x367.jpg\" alt=\"\" class=\"wp-image-28304\" srcset=\"https:\/\/www.americanonewspaper.com\/es\/wp-content\/uploads\/2025\/08\/Spanish-1-1920x880-19-800x367.jpg 800w, https:\/\/www.americanonewspaper.com\/es\/wp-content\/uploads\/2025\/08\/Spanish-1-1920x880-19-300x138.jpg 300w, https:\/\/www.americanonewspaper.com\/es\/wp-content\/uploads\/2025\/08\/Spanish-1-1920x880-19-768x352.jpg 768w, https:\/\/www.americanonewspaper.com\/es\/wp-content\/uploads\/2025\/08\/Spanish-1-1920x880-19-1536x704.jpg 1536w, https:\/\/www.americanonewspaper.com\/es\/wp-content\/uploads\/2025\/08\/Spanish-1-1920x880-19-150x69.jpg 150w, https:\/\/www.americanonewspaper.com\/es\/wp-content\/uploads\/2025\/08\/Spanish-1-1920x880-19-696x319.jpg 696w, https:\/\/www.americanonewspaper.com\/es\/wp-content\/uploads\/2025\/08\/Spanish-1-1920x880-19-1068x490.jpg 1068w, https:\/\/www.americanonewspaper.com\/es\/wp-content\/uploads\/2025\/08\/Spanish-1-1920x880-19.jpg 1920w\" sizes=\"(max-width: 800px) 100vw, 800px\" \/><\/a><\/figure>\n\n\n\n<p>Ese es el mayor aumento desde 2018; el a\u00f1o pasado, las tarifas aumentaron un 7% a nivel nacional.<\/p>\n\n\n\n<p>En 2021 y 2022, el Congreso ampli\u00f3 los subsidios para los mercados de seguros, lo que llev\u00f3 a un r\u00e9cord hist\u00f3rico de inscripciones en los mercados federales de seguros de salud. Pero con pocas perspectivas de alivio bajo el presidente Donald Trump o el Congreso actual, esos cr\u00e9ditos est\u00e1n programados para expirar a finales de este a\u00f1o, lo que provocar\u00e1 el aumento abrupto de las primas de seguro.<\/p>\n\n\n\n<p>Si el Congreso extendiera esos cr\u00e9ditos, las primas aumentar\u00edan un 12.8% el pr\u00f3ximo a\u00f1o, seg\u00fan inform\u00f3 el Departamento de Banca y Seguros de Nueva Jersey.<\/p>\n\n\n\n<figure class=\"wp-block-image size-large\"><a href=\"https:\/\/www.dchbrunswicktoyota.com\/espanol\/ofertas-especiales-toyota-north-brunswick.htm\" target=\"_blank\" rel=\" noreferrer noopener\"><img loading=\"lazy\" decoding=\"async\" width=\"800\" height=\"358\" src=\"https:\/\/www.americanonewspaper.com\/es\/wp-content\/uploads\/2025\/08\/f6c3b2f3-6406-459f-adf6-bb1b6b65f669-8-800x358.jpg\" alt=\"\" class=\"wp-image-28305\" srcset=\"https:\/\/www.americanonewspaper.com\/es\/wp-content\/uploads\/2025\/08\/f6c3b2f3-6406-459f-adf6-bb1b6b65f669-8-800x358.jpg 800w, https:\/\/www.americanonewspaper.com\/es\/wp-content\/uploads\/2025\/08\/f6c3b2f3-6406-459f-adf6-bb1b6b65f669-8-300x134.jpg 300w, https:\/\/www.americanonewspaper.com\/es\/wp-content\/uploads\/2025\/08\/f6c3b2f3-6406-459f-adf6-bb1b6b65f669-8-768x344.jpg 768w, https:\/\/www.americanonewspaper.com\/es\/wp-content\/uploads\/2025\/08\/f6c3b2f3-6406-459f-adf6-bb1b6b65f669-8-150x67.jpg 150w, https:\/\/www.americanonewspaper.com\/es\/wp-content\/uploads\/2025\/08\/f6c3b2f3-6406-459f-adf6-bb1b6b65f669-8-696x311.jpg 696w, https:\/\/www.americanonewspaper.com\/es\/wp-content\/uploads\/2025\/08\/f6c3b2f3-6406-459f-adf6-bb1b6b65f669-8-1068x478.jpg 1068w, https:\/\/www.americanonewspaper.com\/es\/wp-content\/uploads\/2025\/08\/f6c3b2f3-6406-459f-adf6-bb1b6b65f669-8.jpg 1140w\" sizes=\"(max-width: 800px) 100vw, 800px\" \/><\/a><\/figure>\n\n\n\n<p>Despu\u00e9s de aprobar este verano una legislaci\u00f3n amplia de desregulaci\u00f3n que incluye recortes significativos a los programas de salud en Estados Unidos, no se espera que el Congreso, controlado por los republicanos, act\u00fae para prorrogar esos cr\u00e9ditos antes de que expiren.<\/p>\n\n\n\n<h3 class=\"wp-block-heading\" id=\"h-impacto-a-largo-plazo-de-los-recortes-presupuestarios-de-trump\"><strong>Impacto a largo plazo de los recortes presupuestarios de Trump<\/strong><\/h3>\n\n\n\n<p>Durante la pr\u00f3xima d\u00e9cada, la <a href=\"https:\/\/www.congress.gov\/bill\/119th-congress\/house-bill\/1\">nueva ley<\/a> contempla recortes de m\u00e1s de $1 bill\u00f3n en Medicaid, el programa federal de seguro de salud para personas de bajos ingresos, y $285 mil millones en el programa de asistencia alimentaria m\u00e1s grande del pa\u00eds.<\/p>\n\n\n\n<p>En conjunto, la ley dejar\u00e1 a unos 10 millones de personas sin seguro de salud, seg\u00fan la Congressional Budget Office (Oficina de Presupuesto del Congreso, o CBO por sus siglas en ingl\u00e9s), una agencia no partidista que asesora al Congreso en asuntos econ\u00f3micos.<\/p>\n\n\n\n<figure class=\"wp-block-image size-full\"><a href=\"https:\/\/mblink.it\/23UBl270H\" target=\"_blank\" rel=\" noreferrer noopener\"><img loading=\"lazy\" decoding=\"async\" width=\"800\" height=\"206\" src=\"https:\/\/www.americanonewspaper.com\/es\/wp-content\/uploads\/2025\/08\/dfedhc-digital-970x250-9-800x206-1-15.gif\" alt=\"\" class=\"wp-image-28306\"\/><\/a><\/figure>\n\n\n\n<p>El total incluye a 7.5 millones de personas que perder\u00e1n cobertura debido a cambios en Medicaid, 2.1 millones que perder\u00e1n la cobertura del mercado de seguros de la ACA, y 400,000 que perder\u00e1n cobertura por otros elementos de la ley.<br><br><a href=\"https:\/\/www.njspotlightnews.org\/2025\/07\/republican-megabill-frontloads-tax-benefits-delays-medicaid-food-program-cuts\/\">El calendario<\/a> de los recortes es motivo de controversia. Los recortes a Medicaid y al Programa de Asistencia Nutricional Suplementaria (Supplemental Nutrition Assistance Program o SNAP, por sus siglas en ingl\u00e9s) \u2014anteriormente conocido como cupones de alimentos o <em>food stamps<\/em>\u2014 llegar\u00e1n despu\u00e9s de las elecciones legislativas de medio t\u00e9rmino en noviembre de 2026, un cronograma que podr\u00eda proteger a los republicanos de repercusiones pol\u00edticas.<br><br><strong>La postura de Van Drew<\/strong><\/p>\n\n\n\n<p>Pero otros recortes llegar\u00e1n antes, dijo el representante estadounidense Jeff Van Drew (republicano por el Distrito 2), quien respalda firmemente las reducciones.<\/p>\n\n\n\n<figure class=\"wp-block-image size-large\"><a href=\" https:\/\/www.eventbrite.com\/e\/diversity-expo-breakfast-2025-tickets-1514091280779?aff=oddtdtcreator\" target=\"_blank\" rel=\" noreferrer noopener\"><img loading=\"lazy\" decoding=\"async\" width=\"800\" height=\"368\" src=\"https:\/\/www.americanonewspaper.com\/es\/wp-content\/uploads\/2025\/08\/Screenshot-2025-08-15-at-4.19.59-PM-3-800x368.png\" alt=\"\" class=\"wp-image-28307\" srcset=\"https:\/\/www.americanonewspaper.com\/es\/wp-content\/uploads\/2025\/08\/Screenshot-2025-08-15-at-4.19.59-PM-3-800x368.png 800w, https:\/\/www.americanonewspaper.com\/es\/wp-content\/uploads\/2025\/08\/Screenshot-2025-08-15-at-4.19.59-PM-3-300x138.png 300w, https:\/\/www.americanonewspaper.com\/es\/wp-content\/uploads\/2025\/08\/Screenshot-2025-08-15-at-4.19.59-PM-3-768x353.png 768w, https:\/\/www.americanonewspaper.com\/es\/wp-content\/uploads\/2025\/08\/Screenshot-2025-08-15-at-4.19.59-PM-3-1536x706.png 1536w, https:\/\/www.americanonewspaper.com\/es\/wp-content\/uploads\/2025\/08\/Screenshot-2025-08-15-at-4.19.59-PM-3-150x69.png 150w, https:\/\/www.americanonewspaper.com\/es\/wp-content\/uploads\/2025\/08\/Screenshot-2025-08-15-at-4.19.59-PM-3-696x320.png 696w, https:\/\/www.americanonewspaper.com\/es\/wp-content\/uploads\/2025\/08\/Screenshot-2025-08-15-at-4.19.59-PM-3-1068x491.png 1068w, https:\/\/www.americanonewspaper.com\/es\/wp-content\/uploads\/2025\/08\/Screenshot-2025-08-15-at-4.19.59-PM-3.png 1592w\" sizes=\"(max-width: 800px) 100vw, 800px\" \/><\/a><\/figure>\n\n\n\n<p>&#8220;Algunas cosas entrar\u00e1n en vigor antes de las elecciones de medio t\u00e9rmino&#8221;, afirm\u00f3 en una entrevista reciente con NJ Spotlight News. &#8220;Por ejemplo, los cr\u00e9ditos adicionales de Obamacare, para la cobertura de primas, eso ser\u00e1 antes de las elecciones&#8221;.<\/p>\n\n\n\n<p>Cuando el Congreso regrese de su receso de agosto, los legisladores estar\u00e1n obligados a aprobar una ley de financiamiento para mantener en funcionamiento al gobierno federal hasta octubre, cuando comienza el nuevo ciclo presupuestario.<\/p>\n\n\n\n<p>Pero no se espera que en la agenda legislativa haya un debate serio sobre la extensi\u00f3n de los cr\u00e9ditos fiscales de salud de la ACA, que est\u00e1n a punto de expirar.<\/p>\n\n\n\n<figure class=\"wp-block-image size-large\"><a href=\"https:\/\/www.peapackprivate.com\/\" target=\"_blank\" rel=\" noreferrer noopener\"><img loading=\"lazy\" decoding=\"async\" width=\"800\" height=\"433\" src=\"https:\/\/www.americanonewspaper.com\/es\/wp-content\/uploads\/2025\/08\/Screenshot-2025-08-15-at-4.21.12-PM-800x433.png\" alt=\"\" class=\"wp-image-28139\" srcset=\"https:\/\/www.americanonewspaper.com\/es\/wp-content\/uploads\/2025\/08\/Screenshot-2025-08-15-at-4.21.12-PM-800x433.png 800w, https:\/\/www.americanonewspaper.com\/es\/wp-content\/uploads\/2025\/08\/Screenshot-2025-08-15-at-4.21.12-PM-300x162.png 300w, https:\/\/www.americanonewspaper.com\/es\/wp-content\/uploads\/2025\/08\/Screenshot-2025-08-15-at-4.21.12-PM-768x416.png 768w, https:\/\/www.americanonewspaper.com\/es\/wp-content\/uploads\/2025\/08\/Screenshot-2025-08-15-at-4.21.12-PM-1536x832.png 1536w, https:\/\/www.americanonewspaper.com\/es\/wp-content\/uploads\/2025\/08\/Screenshot-2025-08-15-at-4.21.12-PM-150x81.png 150w, https:\/\/www.americanonewspaper.com\/es\/wp-content\/uploads\/2025\/08\/Screenshot-2025-08-15-at-4.21.12-PM-696x377.png 696w, https:\/\/www.americanonewspaper.com\/es\/wp-content\/uploads\/2025\/08\/Screenshot-2025-08-15-at-4.21.12-PM-1068x578.png 1068w, https:\/\/www.americanonewspaper.com\/es\/wp-content\/uploads\/2025\/08\/Screenshot-2025-08-15-at-4.21.12-PM.png 1596w\" sizes=\"(max-width: 800px) 100vw, 800px\" \/><\/a><\/figure>\n\n\n\n<p>Para algunos miembros del Congreso, el impacto en sus distritos ser\u00e1 significativo.<\/p>\n\n\n\n<p>En Nueva Jersey, el Distrito Congresional 8, en el condado de Hudson, tiene m\u00e1s personas inscritas bajo la ley de salud de 2010 que cualquier otro distrito: 69,245. Alrededor del 90% de ellas ver\u00e1 aumentar sus primas en 2026.<\/p>\n\n\n\n<p>En el distrito de Van Drew, el 91% de quienes obtienen su cobertura a trav\u00e9s del mercado ver\u00e1 crecer sus costos. En el Distrito Congresional 9, en el condado de Passaic, el 92% de los inscritos enfrentar\u00e1 aumentos.<br><\/p>\n\n\n\n<figure class=\"wp-block-image size-large\"><a href=\"https:\/\/www.stnj.org\/events\/detail\/willy-chirino?utm_source=americano&amp;utm_medium=digitalad&amp;utm_campaign=americano_250815_digitalad_willychirino\" target=\"_blank\" rel=\" noreferrer noopener\"><img loading=\"lazy\" decoding=\"async\" width=\"800\" height=\"429\" src=\"https:\/\/www.americanonewspaper.com\/es\/wp-content\/uploads\/2025\/08\/Screenshot-2025-08-15-at-4.22.35-PM-1-800x429.png\" alt=\"\" class=\"wp-image-28267\" srcset=\"https:\/\/www.americanonewspaper.com\/es\/wp-content\/uploads\/2025\/08\/Screenshot-2025-08-15-at-4.22.35-PM-1-800x429.png 800w, https:\/\/www.americanonewspaper.com\/es\/wp-content\/uploads\/2025\/08\/Screenshot-2025-08-15-at-4.22.35-PM-1-300x161.png 300w, https:\/\/www.americanonewspaper.com\/es\/wp-content\/uploads\/2025\/08\/Screenshot-2025-08-15-at-4.22.35-PM-1-768x411.png 768w, https:\/\/www.americanonewspaper.com\/es\/wp-content\/uploads\/2025\/08\/Screenshot-2025-08-15-at-4.22.35-PM-1-1536x823.png 1536w, https:\/\/www.americanonewspaper.com\/es\/wp-content\/uploads\/2025\/08\/Screenshot-2025-08-15-at-4.22.35-PM-1-150x80.png 150w, https:\/\/www.americanonewspaper.com\/es\/wp-content\/uploads\/2025\/08\/Screenshot-2025-08-15-at-4.22.35-PM-1-696x373.png 696w, https:\/\/www.americanonewspaper.com\/es\/wp-content\/uploads\/2025\/08\/Screenshot-2025-08-15-at-4.22.35-PM-1-1068x572.png 1068w, https:\/\/www.americanonewspaper.com\/es\/wp-content\/uploads\/2025\/08\/Screenshot-2025-08-15-at-4.22.35-PM-1.png 1594w\" sizes=\"(max-width: 800px) 100vw, 800px\" \/><\/a><\/figure>\n\n\n\n<p><strong>Una gama de aumentos en las tarifas<\/strong><\/p>\n\n\n\n<p>Las tarifas de UnitedHealthcare aumentar\u00e1n en promedio un 18.4% de este a\u00f1o al pr\u00f3ximo, seg\u00fan el Departamento de Banca y Seguros de Nueva Jersey.<\/p>\n\n\n\n<p>Otras tres aseguradoras en el estado tambi\u00e9n incrementar\u00e1n sus cobros en doble d\u00edgito: Ambetter from WellCare of New Jersey, aumentar\u00e1 un 17.1%; Horizon Blue Cross Blue Shield of New Jersey, un 17%; y AmeriHealth, un 15.5%.<\/p>\n\n\n\n<p>La aseguradora Oscar aumentar\u00e1 sus tarifas en promedio un 4.6%, indic\u00f3 el departamento.<\/p>\n\n\n\n<p>Por otra parte, una nueva regulaci\u00f3n de los Centers for Medicare &amp; Medicaid Services (Centros de Medicare y Medicaid) eliminar\u00e1 de la cobertura federal de la ACA a entre 725,000 y 1.8 millones de personas en todo el pa\u00eds, seg\u00fan estimaciones de la administraci\u00f3n Trump.<\/p>\n\n\n\n<p>La norma, que finaliz\u00f3 en junio y entrar\u00e1 en vigor este lunes, <a href=\"https:\/\/www.federalregister.gov\/documents\/2025\/06\/25\/2025-11606\/patient-protection-and-affordable-care-act-marketplace-integrity-and-affordability\">redujo en dos semanas el periodo de inscripci\u00f3n<\/a> en el que las personas pueden elegir sus planes de seguro, moviendo la fecha l\u00edmite de inscripci\u00f3n del 15 de enero al 31 de diciembre.<\/p>\n\n\n\n<figure class=\"wp-block-image size-large\"><a href=\"https:\/\/mblink.it\/1P4Xl21RL\" target=\"_blank\" rel=\" noreferrer noopener\"><img loading=\"lazy\" decoding=\"async\" width=\"800\" height=\"365\" src=\"https:\/\/www.americanonewspaper.com\/es\/wp-content\/uploads\/2025\/08\/Screenshot-2025-06-19-at-9.20.47-PM-1920x876-1-6-800x365.png\" alt=\"\" class=\"wp-image-28203\" srcset=\"https:\/\/www.americanonewspaper.com\/es\/wp-content\/uploads\/2025\/08\/Screenshot-2025-06-19-at-9.20.47-PM-1920x876-1-6-800x365.png 800w, https:\/\/www.americanonewspaper.com\/es\/wp-content\/uploads\/2025\/08\/Screenshot-2025-06-19-at-9.20.47-PM-1920x876-1-6-300x137.png 300w, https:\/\/www.americanonewspaper.com\/es\/wp-content\/uploads\/2025\/08\/Screenshot-2025-06-19-at-9.20.47-PM-1920x876-1-6-768x350.png 768w, https:\/\/www.americanonewspaper.com\/es\/wp-content\/uploads\/2025\/08\/Screenshot-2025-06-19-at-9.20.47-PM-1920x876-1-6-1536x701.png 1536w, https:\/\/www.americanonewspaper.com\/es\/wp-content\/uploads\/2025\/08\/Screenshot-2025-06-19-at-9.20.47-PM-1920x876-1-6-150x68.png 150w, https:\/\/www.americanonewspaper.com\/es\/wp-content\/uploads\/2025\/08\/Screenshot-2025-06-19-at-9.20.47-PM-1920x876-1-6-696x318.png 696w, https:\/\/www.americanonewspaper.com\/es\/wp-content\/uploads\/2025\/08\/Screenshot-2025-06-19-at-9.20.47-PM-1920x876-1-6-1068x487.png 1068w, https:\/\/www.americanonewspaper.com\/es\/wp-content\/uploads\/2025\/08\/Screenshot-2025-06-19-at-9.20.47-PM-1920x876-1-6.png 1920w\" sizes=\"(max-width: 800px) 100vw, 800px\" \/><\/a><\/figure>\n\n\n\n<h3 class=\"wp-block-heading\" id=\"h-perdida-de-cobertura-de-salud\"><strong>P\u00e9rdida de cobertura de salud<\/strong><\/h3>\n\n\n\n<p><a href=\"https:\/\/www.njspotlightnews.org\/2025\/08\/hundreds-nj-daca-dreamers-set-to-lose-aca-health-insurance-trump-administration-change\/\">La regulaci\u00f3n eliminar\u00e1 la cobertura de salud de unas 500 personas<\/a> en Nueva Jersey que migraron a Estados Unidos en su ni\u00f1ez y que ahora son residentes legales y est\u00e1n inscritas en el mercado federal de seguros.<\/p>\n\n\n\n<p>Tambi\u00e9n cortar\u00e1 la cobertura de alrededor de 16,000 personas conocidas como &#8220;Dreamers&#8221; (&#8220;so\u00f1adores&#8221;), protegidas bajo el programa de Acci\u00f3n Diferida para los Llegados en la Infancia (Deferred Action for Childhood Arrivals, o DACA por sus siglas en ingl\u00e9s), que residen en el estado.<\/p>\n\n\n\n<p>El fiscal general de Nueva Jersey, Matt Platkin, junto con otros fiscales generales dem\u00f3cratas, han impugnado la norma en los tribunales, un proceso que a\u00fan est\u00e1 pendiente.<\/p>\n\n\n\n<figure class=\"wp-block-image size-large\"><a href=\"https:\/\/www.shu.edu\/latino-institute\/annual-gala.html\" target=\"_blank\" rel=\" noreferrer noopener\"><img loading=\"lazy\" decoding=\"async\" width=\"800\" height=\"367\" src=\"https:\/\/www.americanonewspaper.com\/es\/wp-content\/uploads\/2025\/08\/Maria-Seton-Hall-800x367.jpeg\" alt=\"\" class=\"wp-image-28331\" srcset=\"https:\/\/www.americanonewspaper.com\/es\/wp-content\/uploads\/2025\/08\/Maria-Seton-Hall-800x367.jpeg 800w, https:\/\/www.americanonewspaper.com\/es\/wp-content\/uploads\/2025\/08\/Maria-Seton-Hall-300x138.jpeg 300w, https:\/\/www.americanonewspaper.com\/es\/wp-content\/uploads\/2025\/08\/Maria-Seton-Hall-768x352.jpeg 768w, https:\/\/www.americanonewspaper.com\/es\/wp-content\/uploads\/2025\/08\/Maria-Seton-Hall-150x69.jpeg 150w, https:\/\/www.americanonewspaper.com\/es\/wp-content\/uploads\/2025\/08\/Maria-Seton-Hall-696x319.jpeg 696w, https:\/\/www.americanonewspaper.com\/es\/wp-content\/uploads\/2025\/08\/Maria-Seton-Hall-1068x490.jpeg 1068w, https:\/\/www.americanonewspaper.com\/es\/wp-content\/uploads\/2025\/08\/Maria-Seton-Hall.jpeg 1200w\" sizes=\"(max-width: 800px) 100vw, 800px\" \/><\/a><\/figure>\n\n\n\n<p><a href=\"https:\/\/www.njspotlightnews.org\/2025\/08\/robert-f-kennedy-jr-hhs-restrict-health-services-undocumented-immigrants\/\">La administraci\u00f3n Trump tambi\u00e9n busca limitar las opciones de atenci\u00f3n m\u00e9dica para inmigrantes indocumentados<\/a> al modificar una pol\u00edtica del Departamento de Salud y Servicios Humanos de EE. UU. (U.S. Department of Health and Human Services), lo que recortar\u00eda la educaci\u00f3n temprana para ni\u00f1os y la cobertura de salud tanto para menores como para adultos, incluidos inmigrantes con estatus legal.<\/p>\n\n\n\n<p><strong><em>Esta traducci\u00f3n fue proporcionada por <\/em><\/strong><a href=\"https:\/\/www.americanonewspaper.com\/\"><strong><em>Americano Newspaper<\/em><\/strong><\/a><strong><em>, en asociaci\u00f3n con el Centro de Medios Cooperativos de la Universidad Estatal de Montclair, y cuenta con el apoyo financiero del Consorcio de Informaci\u00f3n C\u00edvica de NJ. La historia fue escrita originalmente en ingl\u00e9s por <\/em><\/strong><a href=\"https:\/\/www.njspotlightnews.org\/2025\/08\/big-cost-increases-set-for-obamacare-affordable-care-act-nj-cost-2026\/\"><strong><em>NJ Spotlight News<\/em><\/strong><\/a><strong><em> y se vuelve a publicar en virtud de un acuerdo especial para compartir contenido a trav\u00e9s del Servicio de noticias de traducci\u00f3n al espa\u00f1ol de NJ News Commons.<\/em><\/strong><\/p>\n\n\n\n<p><strong><em>This translation was provided by <\/em><\/strong><a href=\"https:\/\/www.americanonewspaper.com\/\" target=\"_blank\" rel=\"noreferrer noopener\"><strong><em>Americano Newspaper<\/em><\/strong><\/a><strong><em>, in association with the Center for Cooperative Media at Montclair State University and is financially supported by the NJ Civic Information Consortium. The story was originally written in English by <\/em><\/strong><a href=\"https:\/\/www.njspotlightnews.org\/2025\/08\/big-cost-increases-set-for-obamacare-affordable-care-act-nj-cost-2026\/\"><strong><em>NJ Spotlight News<\/em><\/strong><\/a><strong><em> and is republished under a special content sharing agreement through the NJ News Commons Spanish Translation News Service.<\/em><\/strong><br><br><\/p>\n\n\n\n<p><\/p>\n","protected":false},"excerpt":{"rendered":"<p>Las tarifas subir\u00e1n de forma significativa para cientos de miles de personas en Nueva Jersey, y es poco probable que el Congreso intervenga WASHINGTON \u2014 Por Benjamin J. Hulac, NJ Spotlight News, traducido al espa\u00f1ol por Valesca Rodrigo. A menos que el Congreso act\u00fae, las tarifas del seguro de salud aumentar\u00e1n dr\u00e1sticamente el pr\u00f3ximo a\u00f1o [&hellip;]<\/p>\n","protected":false},"author":7,"featured_media":28082,"comment_status":"open","ping_status":"open","sticky":false,"template":"","format":"standard","meta":{"_acf_changed":false,"tdm_status":"","tdm_grid_status":"","_jetpack_memberships_contains_paid_content":false,"footnotes":"","jetpack_publicize_message":"","jetpack_publicize_feature_enabled":true,"jetpack_social_post_already_shared":true,"jetpack_social_options":{"image_generator_settings":{"template":"highway","default_image_id":0,"font":"","enabled":false},"version":2},"_wpas_customize_per_network":false},"categories":[188,246,1178,592],"tags":[],"class_list":{"0":"post-28330","1":"post","2":"type-post","3":"status-publish","4":"format-standard","5":"has-post-thumbnail","7":"category-health-and-care","8":"category-new-jersey","9":"category-obama-care","10":"category-salud"},"acf":[],"yoast_head":"<!-- This site is optimized with the Yoast SEO Premium plugin v27.4 (Yoast SEO v27.4) - https:\/\/yoast.com\/product\/yoast-seo-premium-wordpress\/ -->\n<title>El seguro de salud de la ACA costar\u00e1 mucho m\u00e1s en 2026 - Americano Newspaper<\/title>\n<meta name=\"description\" content=\"A menos que el Congreso act\u00fae, las tarifas del seguro de salud aumentar\u00e1n dr\u00e1sticamente el pr\u00f3ximo a\u00f1o para cientos de miles de personas en Nueva Jersey que est\u00e1n cubiertas a trav\u00e9s del mercado estatal bajo la Ley de Cuidado de Salud a Bajo Precio (ACA, por sus siglas en ingl\u00e9s), conocida tambi\u00e9n como Obamacare.\" \/>\n<meta name=\"robots\" content=\"index, follow, max-snippet:-1, max-image-preview:large, max-video-preview:-1\" \/>\n<link rel=\"canonical\" href=\"https:\/\/www.americanonewspaper.com\/es\/health-and-care\/el-seguro-de-salud-de-la-aca-costara-mucho-mas-en-2026\/\" \/>\n<meta property=\"og:locale\" content=\"en_US\" \/>\n<meta property=\"og:type\" content=\"article\" \/>\n<meta property=\"og:title\" content=\"El seguro de salud de la ACA costar\u00e1 mucho m\u00e1s en 2026\" \/>\n<meta property=\"og:description\" content=\"A menos que el Congreso act\u00fae, las tarifas del seguro de salud aumentar\u00e1n dr\u00e1sticamente el pr\u00f3ximo a\u00f1o para cientos de miles de personas en Nueva Jersey que est\u00e1n cubiertas a trav\u00e9s del mercado estatal bajo la Ley de Cuidado de Salud a Bajo Precio (ACA, por sus siglas en ingl\u00e9s), conocida tambi\u00e9n como Obamacare.\" \/>\n<meta property=\"og:url\" content=\"https:\/\/www.americanonewspaper.com\/es\/health-and-care\/el-seguro-de-salud-de-la-aca-costara-mucho-mas-en-2026\/\" \/>\n<meta property=\"og:site_name\" content=\"Americano Newspaper\" \/>\n<meta property=\"article:publisher\" content=\"https:\/\/www.facebook.com\/AmericanoNewspaper\/\" \/>\n<meta property=\"article:published_time\" content=\"2025-08-27T17:01:21+00:00\" \/>\n<meta property=\"article:modified_time\" content=\"2025-08-27T17:01:24+00:00\" \/>\n<meta property=\"og:image\" content=\"https:\/\/www.americanonewspaper.com\/es\/wp-content\/uploads\/2025\/08\/LOGO-AMERICANO-copy.jpg\" \/>\n\t<meta property=\"og:image:width\" content=\"889\" \/>\n\t<meta property=\"og:image:height\" content=\"221\" \/>\n\t<meta property=\"og:image:type\" content=\"image\/jpeg\" \/>\n<meta name=\"author\" content=\"Author\" \/>\n<meta name=\"twitter:card\" content=\"summary_large_image\" \/>\n<meta name=\"twitter:label1\" content=\"Written by\" \/>\n\t<meta name=\"twitter:data1\" content=\"Author\" \/>\n\t<meta name=\"twitter:label2\" content=\"Est. reading time\" \/>\n\t<meta name=\"twitter:data2\" content=\"9 minutes\" \/>\n<script type=\"application\/ld+json\" class=\"yoast-schema-graph\">{\"@context\":\"https:\\\/\\\/schema.org\",\"@graph\":[{\"@type\":\"Article\",\"@id\":\"https:\\\/\\\/www.americanonewspaper.com\\\/es\\\/health-and-care\\\/el-seguro-de-salud-de-la-aca-costara-mucho-mas-en-2026\\\/#article\",\"isPartOf\":{\"@id\":\"https:\\\/\\\/www.americanonewspaper.com\\\/es\\\/health-and-care\\\/el-seguro-de-salud-de-la-aca-costara-mucho-mas-en-2026\\\/\"},\"author\":{\"name\":\"Author\",\"@id\":\"https:\\\/\\\/www.americanonewspaper.com\\\/es\\\/#\\\/schema\\\/person\\\/8967f6b8af7e37bcbbe61f68580ff088\"},\"headline\":\"El seguro de salud de la ACA costar\u00e1 mucho m\u00e1s en 2026\",\"datePublished\":\"2025-08-27T17:01:21+00:00\",\"dateModified\":\"2025-08-27T17:01:24+00:00\",\"mainEntityOfPage\":{\"@id\":\"https:\\\/\\\/www.americanonewspaper.com\\\/es\\\/health-and-care\\\/el-seguro-de-salud-de-la-aca-costara-mucho-mas-en-2026\\\/\"},\"wordCount\":1429,\"commentCount\":0,\"publisher\":{\"@id\":\"https:\\\/\\\/www.americanonewspaper.com\\\/es\\\/#organization\"},\"image\":{\"@id\":\"https:\\\/\\\/www.americanonewspaper.com\\\/es\\\/health-and-care\\\/el-seguro-de-salud-de-la-aca-costara-mucho-mas-en-2026\\\/#primaryimage\"},\"thumbnailUrl\":\"https:\\\/\\\/www.americanonewspaper.com\\\/es\\\/wp-content\\\/uploads\\\/2025\\\/08\\\/LOGO-AMERICANO-copy.jpg\",\"articleSection\":[\"Health and Care\",\"New Jersey\",\"Obama Care\",\"Salud\"],\"inLanguage\":\"en-US\",\"potentialAction\":[{\"@type\":\"CommentAction\",\"name\":\"Comment\",\"target\":[\"https:\\\/\\\/www.americanonewspaper.com\\\/es\\\/health-and-care\\\/el-seguro-de-salud-de-la-aca-costara-mucho-mas-en-2026\\\/#respond\"]}]},{\"@type\":\"WebPage\",\"@id\":\"https:\\\/\\\/www.americanonewspaper.com\\\/es\\\/health-and-care\\\/el-seguro-de-salud-de-la-aca-costara-mucho-mas-en-2026\\\/\",\"url\":\"https:\\\/\\\/www.americanonewspaper.com\\\/es\\\/health-and-care\\\/el-seguro-de-salud-de-la-aca-costara-mucho-mas-en-2026\\\/\",\"name\":\"El seguro de salud de la ACA costar\u00e1 mucho m\u00e1s en 2026 - Americano Newspaper\",\"isPartOf\":{\"@id\":\"https:\\\/\\\/www.americanonewspaper.com\\\/es\\\/#website\"},\"primaryImageOfPage\":{\"@id\":\"https:\\\/\\\/www.americanonewspaper.com\\\/es\\\/health-and-care\\\/el-seguro-de-salud-de-la-aca-costara-mucho-mas-en-2026\\\/#primaryimage\"},\"image\":{\"@id\":\"https:\\\/\\\/www.americanonewspaper.com\\\/es\\\/health-and-care\\\/el-seguro-de-salud-de-la-aca-costara-mucho-mas-en-2026\\\/#primaryimage\"},\"thumbnailUrl\":\"https:\\\/\\\/www.americanonewspaper.com\\\/es\\\/wp-content\\\/uploads\\\/2025\\\/08\\\/LOGO-AMERICANO-copy.jpg\",\"datePublished\":\"2025-08-27T17:01:21+00:00\",\"dateModified\":\"2025-08-27T17:01:24+00:00\",\"description\":\"A menos que el Congreso act\u00fae, las tarifas del seguro de salud aumentar\u00e1n dr\u00e1sticamente el pr\u00f3ximo a\u00f1o para cientos de miles de personas en Nueva Jersey que est\u00e1n cubiertas a trav\u00e9s del mercado estatal bajo la Ley de Cuidado de Salud a Bajo Precio (ACA, por sus siglas en ingl\u00e9s), conocida tambi\u00e9n como Obamacare.\",\"breadcrumb\":{\"@id\":\"https:\\\/\\\/www.americanonewspaper.com\\\/es\\\/health-and-care\\\/el-seguro-de-salud-de-la-aca-costara-mucho-mas-en-2026\\\/#breadcrumb\"},\"inLanguage\":\"en-US\",\"potentialAction\":[{\"@type\":\"ReadAction\",\"target\":[\"https:\\\/\\\/www.americanonewspaper.com\\\/es\\\/health-and-care\\\/el-seguro-de-salud-de-la-aca-costara-mucho-mas-en-2026\\\/\"]}]},{\"@type\":\"ImageObject\",\"inLanguage\":\"en-US\",\"@id\":\"https:\\\/\\\/www.americanonewspaper.com\\\/es\\\/health-and-care\\\/el-seguro-de-salud-de-la-aca-costara-mucho-mas-en-2026\\\/#primaryimage\",\"url\":\"https:\\\/\\\/www.americanonewspaper.com\\\/es\\\/wp-content\\\/uploads\\\/2025\\\/08\\\/LOGO-AMERICANO-copy.jpg\",\"contentUrl\":\"https:\\\/\\\/www.americanonewspaper.com\\\/es\\\/wp-content\\\/uploads\\\/2025\\\/08\\\/LOGO-AMERICANO-copy.jpg\",\"width\":889,\"height\":221},{\"@type\":\"BreadcrumbList\",\"@id\":\"https:\\\/\\\/www.americanonewspaper.com\\\/es\\\/health-and-care\\\/el-seguro-de-salud-de-la-aca-costara-mucho-mas-en-2026\\\/#breadcrumb\",\"itemListElement\":[{\"@type\":\"ListItem\",\"position\":1,\"name\":\"Home\",\"item\":\"https:\\\/\\\/www.americanonewspaper.com\\\/es\\\/\"},{\"@type\":\"ListItem\",\"position\":2,\"name\":\"El seguro de salud de la ACA costar\u00e1 mucho m\u00e1s en 2026\"}]},{\"@type\":\"WebSite\",\"@id\":\"https:\\\/\\\/www.americanonewspaper.com\\\/es\\\/#website\",\"url\":\"https:\\\/\\\/www.americanonewspaper.com\\\/es\\\/\",\"name\":\"Americano Newspaper\",\"description\":\"The Hispanic Newspaper of New Jersey.\",\"publisher\":{\"@id\":\"https:\\\/\\\/www.americanonewspaper.com\\\/es\\\/#organization\"},\"potentialAction\":[{\"@type\":\"SearchAction\",\"target\":{\"@type\":\"EntryPoint\",\"urlTemplate\":\"https:\\\/\\\/www.americanonewspaper.com\\\/es\\\/?s={search_term_string}\"},\"query-input\":{\"@type\":\"PropertyValueSpecification\",\"valueRequired\":true,\"valueName\":\"search_term_string\"}}],\"inLanguage\":\"en-US\"},{\"@type\":\"Organization\",\"@id\":\"https:\\\/\\\/www.americanonewspaper.com\\\/es\\\/#organization\",\"name\":\"Americano Newspaper\",\"url\":\"https:\\\/\\\/www.americanonewspaper.com\\\/es\\\/\",\"logo\":{\"@type\":\"ImageObject\",\"inLanguage\":\"en-US\",\"@id\":\"https:\\\/\\\/www.americanonewspaper.com\\\/es\\\/#\\\/schema\\\/logo\\\/image\\\/\",\"url\":\"https:\\\/\\\/www.americanonewspaper.com\\\/es\\\/wp-content\\\/uploads\\\/2024\\\/05\\\/AmericanoLogoCircle.comCircle2.jpg\",\"contentUrl\":\"https:\\\/\\\/www.americanonewspaper.com\\\/es\\\/wp-content\\\/uploads\\\/2024\\\/05\\\/AmericanoLogoCircle.comCircle2.jpg\",\"width\":600,\"height\":600,\"caption\":\"Americano Newspaper\"},\"image\":{\"@id\":\"https:\\\/\\\/www.americanonewspaper.com\\\/es\\\/#\\\/schema\\\/logo\\\/image\\\/\"},\"sameAs\":[\"https:\\\/\\\/www.facebook.com\\\/AmericanoNewspaper\\\/\"]},{\"@type\":\"Person\",\"@id\":\"https:\\\/\\\/www.americanonewspaper.com\\\/es\\\/#\\\/schema\\\/person\\\/8967f6b8af7e37bcbbe61f68580ff088\",\"name\":\"Author\",\"image\":{\"@type\":\"ImageObject\",\"inLanguage\":\"en-US\",\"@id\":\"https:\\\/\\\/www.americanonewspaper.com\\\/es\\\/wp-content\\\/litespeed\\\/avatar\\\/89ffaf6af3cf6769ffb3c6efb2313947.jpg?ver=1776822681\",\"url\":\"https:\\\/\\\/www.americanonewspaper.com\\\/es\\\/wp-content\\\/litespeed\\\/avatar\\\/89ffaf6af3cf6769ffb3c6efb2313947.jpg?ver=1776822681\",\"contentUrl\":\"https:\\\/\\\/www.americanonewspaper.com\\\/es\\\/wp-content\\\/litespeed\\\/avatar\\\/89ffaf6af3cf6769ffb3c6efb2313947.jpg?ver=1776822681\",\"caption\":\"Author\"},\"url\":\"https:\\\/\\\/www.americanonewspaper.com\\\/es\\\/author\\\/americano\\\/\"}]}<\/script>\n<!-- \/ Yoast SEO Premium plugin. -->","yoast_head_json":{"title":"El seguro de salud de la ACA costar\u00e1 mucho m\u00e1s en 2026 - Americano Newspaper","description":"A menos que el Congreso act\u00fae, las tarifas del seguro de salud aumentar\u00e1n dr\u00e1sticamente el pr\u00f3ximo a\u00f1o para cientos de miles de personas en Nueva Jersey que est\u00e1n cubiertas a trav\u00e9s del mercado estatal bajo la Ley de Cuidado de Salud a Bajo Precio (ACA, por sus siglas en ingl\u00e9s), conocida tambi\u00e9n como Obamacare.","robots":{"index":"index","follow":"follow","max-snippet":"max-snippet:-1","max-image-preview":"max-image-preview:large","max-video-preview":"max-video-preview:-1"},"canonical":"https:\/\/www.americanonewspaper.com\/es\/health-and-care\/el-seguro-de-salud-de-la-aca-costara-mucho-mas-en-2026\/","og_locale":"en_US","og_type":"article","og_title":"El seguro de salud de la ACA costar\u00e1 mucho m\u00e1s en 2026","og_description":"A menos que el Congreso act\u00fae, las tarifas del seguro de salud aumentar\u00e1n dr\u00e1sticamente el pr\u00f3ximo a\u00f1o para cientos de miles de personas en Nueva Jersey que est\u00e1n cubiertas a trav\u00e9s del mercado estatal bajo la Ley de Cuidado de Salud a Bajo Precio (ACA, por sus siglas en ingl\u00e9s), conocida tambi\u00e9n como Obamacare.","og_url":"https:\/\/www.americanonewspaper.com\/es\/health-and-care\/el-seguro-de-salud-de-la-aca-costara-mucho-mas-en-2026\/","og_site_name":"Americano Newspaper","article_publisher":"https:\/\/www.facebook.com\/AmericanoNewspaper\/","article_published_time":"2025-08-27T17:01:21+00:00","article_modified_time":"2025-08-27T17:01:24+00:00","og_image":[{"width":889,"height":221,"url":"https:\/\/www.americanonewspaper.com\/es\/wp-content\/uploads\/2025\/08\/LOGO-AMERICANO-copy.jpg","type":"image\/jpeg"}],"author":"Author","twitter_card":"summary_large_image","twitter_misc":{"Written by":"Author","Est. reading time":"9 minutes"},"schema":{"@context":"https:\/\/schema.org","@graph":[{"@type":"Article","@id":"https:\/\/www.americanonewspaper.com\/es\/health-and-care\/el-seguro-de-salud-de-la-aca-costara-mucho-mas-en-2026\/#article","isPartOf":{"@id":"https:\/\/www.americanonewspaper.com\/es\/health-and-care\/el-seguro-de-salud-de-la-aca-costara-mucho-mas-en-2026\/"},"author":{"name":"Author","@id":"https:\/\/www.americanonewspaper.com\/es\/#\/schema\/person\/8967f6b8af7e37bcbbe61f68580ff088"},"headline":"El seguro de salud de la ACA costar\u00e1 mucho m\u00e1s en 2026","datePublished":"2025-08-27T17:01:21+00:00","dateModified":"2025-08-27T17:01:24+00:00","mainEntityOfPage":{"@id":"https:\/\/www.americanonewspaper.com\/es\/health-and-care\/el-seguro-de-salud-de-la-aca-costara-mucho-mas-en-2026\/"},"wordCount":1429,"commentCount":0,"publisher":{"@id":"https:\/\/www.americanonewspaper.com\/es\/#organization"},"image":{"@id":"https:\/\/www.americanonewspaper.com\/es\/health-and-care\/el-seguro-de-salud-de-la-aca-costara-mucho-mas-en-2026\/#primaryimage"},"thumbnailUrl":"https:\/\/www.americanonewspaper.com\/es\/wp-content\/uploads\/2025\/08\/LOGO-AMERICANO-copy.jpg","articleSection":["Health and Care","New Jersey","Obama Care","Salud"],"inLanguage":"en-US","potentialAction":[{"@type":"CommentAction","name":"Comment","target":["https:\/\/www.americanonewspaper.com\/es\/health-and-care\/el-seguro-de-salud-de-la-aca-costara-mucho-mas-en-2026\/#respond"]}]},{"@type":"WebPage","@id":"https:\/\/www.americanonewspaper.com\/es\/health-and-care\/el-seguro-de-salud-de-la-aca-costara-mucho-mas-en-2026\/","url":"https:\/\/www.americanonewspaper.com\/es\/health-and-care\/el-seguro-de-salud-de-la-aca-costara-mucho-mas-en-2026\/","name":"El seguro de salud de la ACA costar\u00e1 mucho m\u00e1s en 2026 - Americano Newspaper","isPartOf":{"@id":"https:\/\/www.americanonewspaper.com\/es\/#website"},"primaryImageOfPage":{"@id":"https:\/\/www.americanonewspaper.com\/es\/health-and-care\/el-seguro-de-salud-de-la-aca-costara-mucho-mas-en-2026\/#primaryimage"},"image":{"@id":"https:\/\/www.americanonewspaper.com\/es\/health-and-care\/el-seguro-de-salud-de-la-aca-costara-mucho-mas-en-2026\/#primaryimage"},"thumbnailUrl":"https:\/\/www.americanonewspaper.com\/es\/wp-content\/uploads\/2025\/08\/LOGO-AMERICANO-copy.jpg","datePublished":"2025-08-27T17:01:21+00:00","dateModified":"2025-08-27T17:01:24+00:00","description":"A menos que el Congreso act\u00fae, las tarifas del seguro de salud aumentar\u00e1n dr\u00e1sticamente el pr\u00f3ximo a\u00f1o para cientos de miles de personas en Nueva Jersey que est\u00e1n cubiertas a trav\u00e9s del mercado estatal bajo la Ley de Cuidado de Salud a Bajo Precio (ACA, por sus siglas en ingl\u00e9s), conocida tambi\u00e9n como Obamacare.","breadcrumb":{"@id":"https:\/\/www.americanonewspaper.com\/es\/health-and-care\/el-seguro-de-salud-de-la-aca-costara-mucho-mas-en-2026\/#breadcrumb"},"inLanguage":"en-US","potentialAction":[{"@type":"ReadAction","target":["https:\/\/www.americanonewspaper.com\/es\/health-and-care\/el-seguro-de-salud-de-la-aca-costara-mucho-mas-en-2026\/"]}]},{"@type":"ImageObject","inLanguage":"en-US","@id":"https:\/\/www.americanonewspaper.com\/es\/health-and-care\/el-seguro-de-salud-de-la-aca-costara-mucho-mas-en-2026\/#primaryimage","url":"https:\/\/www.americanonewspaper.com\/es\/wp-content\/uploads\/2025\/08\/LOGO-AMERICANO-copy.jpg","contentUrl":"https:\/\/www.americanonewspaper.com\/es\/wp-content\/uploads\/2025\/08\/LOGO-AMERICANO-copy.jpg","width":889,"height":221},{"@type":"BreadcrumbList","@id":"https:\/\/www.americanonewspaper.com\/es\/health-and-care\/el-seguro-de-salud-de-la-aca-costara-mucho-mas-en-2026\/#breadcrumb","itemListElement":[{"@type":"ListItem","position":1,"name":"Home","item":"https:\/\/www.americanonewspaper.com\/es\/"},{"@type":"ListItem","position":2,"name":"El seguro de salud de la ACA costar\u00e1 mucho m\u00e1s en 2026"}]},{"@type":"WebSite","@id":"https:\/\/www.americanonewspaper.com\/es\/#website","url":"https:\/\/www.americanonewspaper.com\/es\/","name":"Americano Newspaper","description":"The Hispanic Newspaper of New Jersey.","publisher":{"@id":"https:\/\/www.americanonewspaper.com\/es\/#organization"},"potentialAction":[{"@type":"SearchAction","target":{"@type":"EntryPoint","urlTemplate":"https:\/\/www.americanonewspaper.com\/es\/?s={search_term_string}"},"query-input":{"@type":"PropertyValueSpecification","valueRequired":true,"valueName":"search_term_string"}}],"inLanguage":"en-US"},{"@type":"Organization","@id":"https:\/\/www.americanonewspaper.com\/es\/#organization","name":"Americano Newspaper","url":"https:\/\/www.americanonewspaper.com\/es\/","logo":{"@type":"ImageObject","inLanguage":"en-US","@id":"https:\/\/www.americanonewspaper.com\/es\/#\/schema\/logo\/image\/","url":"https:\/\/www.americanonewspaper.com\/es\/wp-content\/uploads\/2024\/05\/AmericanoLogoCircle.comCircle2.jpg","contentUrl":"https:\/\/www.americanonewspaper.com\/es\/wp-content\/uploads\/2024\/05\/AmericanoLogoCircle.comCircle2.jpg","width":600,"height":600,"caption":"Americano Newspaper"},"image":{"@id":"https:\/\/www.americanonewspaper.com\/es\/#\/schema\/logo\/image\/"},"sameAs":["https:\/\/www.facebook.com\/AmericanoNewspaper\/"]},{"@type":"Person","@id":"https:\/\/www.americanonewspaper.com\/es\/#\/schema\/person\/8967f6b8af7e37bcbbe61f68580ff088","name":"Author","image":{"@type":"ImageObject","inLanguage":"en-US","@id":"https:\/\/www.americanonewspaper.com\/es\/wp-content\/litespeed\/avatar\/89ffaf6af3cf6769ffb3c6efb2313947.jpg?ver=1776822681","url":"https:\/\/www.americanonewspaper.com\/es\/wp-content\/litespeed\/avatar\/89ffaf6af3cf6769ffb3c6efb2313947.jpg?ver=1776822681","contentUrl":"https:\/\/www.americanonewspaper.com\/es\/wp-content\/litespeed\/avatar\/89ffaf6af3cf6769ffb3c6efb2313947.jpg?ver=1776822681","caption":"Author"},"url":"https:\/\/www.americanonewspaper.com\/es\/author\/americano\/"}]}},"jetpack_publicize_connections":[],"jetpack_featured_media_url":"https:\/\/www.americanonewspaper.com\/es\/wp-content\/uploads\/2025\/08\/LOGO-AMERICANO-copy.jpg","featured_image_urls":{"full":["https:\/\/www.americanonewspaper.com\/es\/wp-content\/uploads\/2025\/08\/LOGO-AMERICANO-copy.jpg",889,221,false],"thumbnail":["https:\/\/www.americanonewspaper.com\/es\/wp-content\/uploads\/2025\/08\/LOGO-AMERICANO-copy-250x221.jpg",250,221,true],"medium":["https:\/\/www.americanonewspaper.com\/es\/wp-content\/uploads\/2025\/08\/LOGO-AMERICANO-copy-300x75.jpg",300,75,true],"medium_large":["https:\/\/www.americanonewspaper.com\/es\/wp-content\/uploads\/2025\/08\/LOGO-AMERICANO-copy-768x191.jpg",696,173,true],"large":["https:\/\/www.americanonewspaper.com\/es\/wp-content\/uploads\/2025\/08\/LOGO-AMERICANO-copy-800x199.jpg",696,173,true],"1536x1536":["https:\/\/www.americanonewspaper.com\/es\/wp-content\/uploads\/2025\/08\/LOGO-AMERICANO-copy.jpg",889,221,false],"2048x2048":["https:\/\/www.americanonewspaper.com\/es\/wp-content\/uploads\/2025\/08\/LOGO-AMERICANO-copy.jpg",889,221,false],"td_150x0":["https:\/\/www.americanonewspaper.com\/es\/wp-content\/uploads\/2025\/08\/LOGO-AMERICANO-copy-150x37.jpg",150,37,true],"td_218x150":["https:\/\/www.americanonewspaper.com\/es\/wp-content\/uploads\/2025\/08\/LOGO-AMERICANO-copy-218x150.jpg",218,150,true],"td_300x0":["https:\/\/www.americanonewspaper.com\/es\/wp-content\/uploads\/2025\/08\/LOGO-AMERICANO-copy-300x75.jpg",300,75,true],"td_324x400":["https:\/\/www.americanonewspaper.com\/es\/wp-content\/uploads\/2025\/08\/LOGO-AMERICANO-copy-324x221.jpg",324,221,true],"td_485x360":["https:\/\/www.americanonewspaper.com\/es\/wp-content\/uploads\/2025\/08\/LOGO-AMERICANO-copy-485x221.jpg",485,221,true],"td_696x0":["https:\/\/www.americanonewspaper.com\/es\/wp-content\/uploads\/2025\/08\/LOGO-AMERICANO-copy-696x173.jpg",696,173,true],"td_1068x0":["https:\/\/www.americanonewspaper.com\/es\/wp-content\/uploads\/2025\/08\/LOGO-AMERICANO-copy.jpg",889,221,false],"td_1920x0":["https:\/\/www.americanonewspaper.com\/es\/wp-content\/uploads\/2025\/08\/LOGO-AMERICANO-copy.jpg",889,221,false],"bdpp-medium":["https:\/\/www.americanonewspaper.com\/es\/wp-content\/uploads\/2025\/08\/LOGO-AMERICANO-copy-640x221.jpg",640,221,true]},"author_info":{"display_name":"Author","author_link":"https:\/\/www.americanonewspaper.com\/es\/author\/americano\/"},"category_info":"<a href=\"https:\/\/www.americanonewspaper.com\/es\/category\/health-and-care\/\" rel=\"category tag\">Health and Care<\/a> <a href=\"https:\/\/www.americanonewspaper.com\/es\/category\/new-jersey\/\" rel=\"category tag\">New Jersey<\/a> <a href=\"https:\/\/www.americanonewspaper.com\/es\/category\/health-and-care\/obama-care\/\" rel=\"category tag\">Obama Care<\/a> <a href=\"https:\/\/www.americanonewspaper.com\/es\/category\/salud\/\" rel=\"category tag\">Salud<\/a>","tag_info":"Salud","comment_count":"0","jetpack_sharing_enabled":true,"jetpack_likes_enabled":true,"_links":{"self":[{"href":"https:\/\/www.americanonewspaper.com\/es\/wp-json\/wp\/v2\/posts\/28330","targetHints":{"allow":["GET"]}}],"collection":[{"href":"https:\/\/www.americanonewspaper.com\/es\/wp-json\/wp\/v2\/posts"}],"about":[{"href":"https:\/\/www.americanonewspaper.com\/es\/wp-json\/wp\/v2\/types\/post"}],"author":[{"embeddable":true,"href":"https:\/\/www.americanonewspaper.com\/es\/wp-json\/wp\/v2\/users\/7"}],"replies":[{"embeddable":true,"href":"https:\/\/www.americanonewspaper.com\/es\/wp-json\/wp\/v2\/comments?post=28330"}],"version-history":[{"count":1,"href":"https:\/\/www.americanonewspaper.com\/es\/wp-json\/wp\/v2\/posts\/28330\/revisions"}],"predecessor-version":[{"id":28332,"href":"https:\/\/www.americanonewspaper.com\/es\/wp-json\/wp\/v2\/posts\/28330\/revisions\/28332"}],"wp:featuredmedia":[{"embeddable":true,"href":"https:\/\/www.americanonewspaper.com\/es\/wp-json\/wp\/v2\/media\/28082"}],"wp:attachment":[{"href":"https:\/\/www.americanonewspaper.com\/es\/wp-json\/wp\/v2\/media?parent=28330"}],"wp:term":[{"taxonomy":"category","embeddable":true,"href":"https:\/\/www.americanonewspaper.com\/es\/wp-json\/wp\/v2\/categories?post=28330"},{"taxonomy":"post_tag","embeddable":true,"href":"https:\/\/www.americanonewspaper.com\/es\/wp-json\/wp\/v2\/tags?post=28330"}],"curies":[{"name":"wp","href":"https:\/\/api.w.org\/{rel}","templated":true}]}}