{"id":28259,"date":"2025-08-23T06:16:00","date_gmt":"2025-08-23T10:16:00","guid":{"rendered":"https:\/\/www.americanonewspaper.com\/es\/?p=28259"},"modified":"2025-08-22T23:01:04","modified_gmt":"2025-08-23T03:01:04","slug":"boletas-volaron-grupo-firme-arrasa-en-bogota-con-el-orale-wey-fest","status":"publish","type":"post","link":"https:\/\/www.americanonewspaper.com\/es\/festival\/boletas-volaron-grupo-firme-arrasa-en-bogota-con-el-orale-wey-fest\/","title":{"rendered":"\u00a1Boletas volaron! Grupo Firme arrasa en Bogot\u00e1 con el \u00d3rale Wey Fest"},"content":{"rendered":"\n<p class=\"dropcapp3\">Con entradas agotadas en menos de dos horas, el &#8216;\u00d3rale Wey Fest: Mexa&#8217;, el festival que se celebrar\u00e1 el 6 de diciembre pr\u00f3ximo en el Estadio El Camp\u00edn de Bogot\u00e1, con Grupo Firme como evento principal, confirm\u00f3 este viernes la fuerza de la m\u00fasica regional mexicana en Colombia.<\/p>\n\n\n\n<p>El festival tendr\u00e1 como protagonista a una de las agrupaciones m\u00e1s exitosas del g\u00e9nero, que ofrecer\u00e1 tres horas de espect\u00e1culo con sus \u00e9xitos m\u00e1s reconocidos como &#8216;Ya sup\u00e9rame&#8217;, &#8216;Cada quien&#8217; y &#8216;El amor no fue pa\u2019 m\u00ed&#8217;.<\/p>\n\n\n<div class=\"wp-block-image\">\n<figure class=\"aligncenter size-large is-resized\"><img fetchpriority=\"high\" decoding=\"async\" width=\"800\" height=\"365\" src=\"https:\/\/www.americanonewspaper.com\/es\/wp-content\/uploads\/2025\/08\/Screenshot-2025-02-20-at-9.11.40-AM-1920x877-2-16-800x365.webp\" alt=\"\" class=\"wp-image-28263\" style=\"width:1066px;height:auto\" srcset=\"https:\/\/www.americanonewspaper.com\/es\/wp-content\/uploads\/2025\/08\/Screenshot-2025-02-20-at-9.11.40-AM-1920x877-2-16-800x365.webp 800w, https:\/\/www.americanonewspaper.com\/es\/wp-content\/uploads\/2025\/08\/Screenshot-2025-02-20-at-9.11.40-AM-1920x877-2-16-300x137.webp 300w, https:\/\/www.americanonewspaper.com\/es\/wp-content\/uploads\/2025\/08\/Screenshot-2025-02-20-at-9.11.40-AM-1920x877-2-16-768x351.webp 768w, https:\/\/www.americanonewspaper.com\/es\/wp-content\/uploads\/2025\/08\/Screenshot-2025-02-20-at-9.11.40-AM-1920x877-2-16-1536x702.webp 1536w, https:\/\/www.americanonewspaper.com\/es\/wp-content\/uploads\/2025\/08\/Screenshot-2025-02-20-at-9.11.40-AM-1920x877-2-16-150x69.webp 150w, https:\/\/www.americanonewspaper.com\/es\/wp-content\/uploads\/2025\/08\/Screenshot-2025-02-20-at-9.11.40-AM-1920x877-2-16-696x318.webp 696w, https:\/\/www.americanonewspaper.com\/es\/wp-content\/uploads\/2025\/08\/Screenshot-2025-02-20-at-9.11.40-AM-1920x877-2-16-1068x488.webp 1068w, https:\/\/www.americanonewspaper.com\/es\/wp-content\/uploads\/2025\/08\/Screenshot-2025-02-20-at-9.11.40-AM-1920x877-2-16.webp 1920w\" sizes=\"(max-width: 800px) 100vw, 800px\" \/><\/figure>\n<\/div>\n\n\n<p>Fundado en 2014 en Tijuana (Baja California), Grupo Firme se ha consolidado como una de las bandas m\u00e1s influyentes del regional mexicano gracias a su estilo desenfadado y su cercan\u00eda con el p\u00fablico.<\/p>\n\n\n\n<p>A ellos se sumar\u00e1n otros artistas como Gabito Ballesteros, Majo Aguilar, Edgardo N\u00fa\u00f1ez, El Mimoso, Clave Especial, Calle 24, entre otros.<\/p>\n\n\n<div class=\"wp-block-image\">\n<figure class=\"aligncenter size-large is-resized\"><a href=\"https:\/\/www.globalautomall.com\/newdept.cfm\/page\/%20500-savings-for-americano-magazine-readers-2263\/\" target=\"_blank\" rel=\" noreferrer noopener\"><img decoding=\"async\" width=\"800\" height=\"367\" src=\"https:\/\/www.americanonewspaper.com\/es\/wp-content\/uploads\/2025\/08\/Globalhalf-16-800x367.webp\" alt=\"\" class=\"wp-image-28264\" style=\"width:1068px;height:auto\" srcset=\"https:\/\/www.americanonewspaper.com\/es\/wp-content\/uploads\/2025\/08\/Globalhalf-16-800x367.webp 800w, https:\/\/www.americanonewspaper.com\/es\/wp-content\/uploads\/2025\/08\/Globalhalf-16-300x138.webp 300w, https:\/\/www.americanonewspaper.com\/es\/wp-content\/uploads\/2025\/08\/Globalhalf-16-768x352.webp 768w, https:\/\/www.americanonewspaper.com\/es\/wp-content\/uploads\/2025\/08\/Globalhalf-16-150x69.webp 150w, https:\/\/www.americanonewspaper.com\/es\/wp-content\/uploads\/2025\/08\/Globalhalf-16-696x319.webp 696w, https:\/\/www.americanonewspaper.com\/es\/wp-content\/uploads\/2025\/08\/Globalhalf-16-1068x490.webp 1068w, https:\/\/www.americanonewspaper.com\/es\/wp-content\/uploads\/2025\/08\/Globalhalf-16.webp 1200w\" sizes=\"(max-width: 800px) 100vw, 800px\" \/><\/a><\/figure>\n<\/div>\n\n\n<p>El cartel de &#8216;sold out&#8217; en El Camp\u00edn, con aforo de 39.000 personas, confirma la influencia del regional mexicano en Colombia, donde ha dominado la radio y las plataformas digitales en los \u00faltimos a\u00f1os con artistas como Xavi y Fuerza Regida liderando las listas.<\/p>\n\n\n\n<p>Esta corriente ha generado una mezcla cultural con la m\u00fasica popular colombiana, visible en colaboraciones y estilos compartidos con figuras locales como el cantante de m\u00fasica popular Pipe Bueno.<\/p>\n\n\n<div class=\"wp-block-image\">\n<figure class=\"aligncenter size-large is-resized\"><a href=\"https:\/\/www.nj.gov\/health\/saludreproductiva\/\" target=\"_blank\" rel=\" noreferrer noopener\"><img decoding=\"async\" width=\"800\" height=\"367\" src=\"https:\/\/www.americanonewspaper.com\/es\/wp-content\/uploads\/2025\/08\/Spanish-1-1920x880-18-800x367.jpg\" alt=\"\" class=\"wp-image-28265\" style=\"width:1068px;height:auto\" srcset=\"https:\/\/www.americanonewspaper.com\/es\/wp-content\/uploads\/2025\/08\/Spanish-1-1920x880-18-800x367.jpg 800w, https:\/\/www.americanonewspaper.com\/es\/wp-content\/uploads\/2025\/08\/Spanish-1-1920x880-18-300x138.jpg 300w, https:\/\/www.americanonewspaper.com\/es\/wp-content\/uploads\/2025\/08\/Spanish-1-1920x880-18-768x352.jpg 768w, https:\/\/www.americanonewspaper.com\/es\/wp-content\/uploads\/2025\/08\/Spanish-1-1920x880-18-1536x704.jpg 1536w, https:\/\/www.americanonewspaper.com\/es\/wp-content\/uploads\/2025\/08\/Spanish-1-1920x880-18-150x69.jpg 150w, https:\/\/www.americanonewspaper.com\/es\/wp-content\/uploads\/2025\/08\/Spanish-1-1920x880-18-696x319.jpg 696w, https:\/\/www.americanonewspaper.com\/es\/wp-content\/uploads\/2025\/08\/Spanish-1-1920x880-18-1068x490.jpg 1068w, https:\/\/www.americanonewspaper.com\/es\/wp-content\/uploads\/2025\/08\/Spanish-1-1920x880-18.jpg 1920w\" sizes=\"(max-width: 800px) 100vw, 800px\" \/><\/a><\/figure>\n<\/div>\n\n\n<p>Recientemente, se han multiplicado los cruces entre artistas de ambos pa\u00edses, como la colaboraci\u00f3n de Grupo Frontera con Fuerza Regida en &#8216;Coqueta&#8217; o la de Shakira con la misma agrupaci\u00f3n en &#8216;El jefe&#8217;.<\/p>\n\n\n\n<figure class=\"wp-block-image size-large is-resized\"><a href=\"https:\/\/www.stnj.org\/events\/detail\/willy-chirino?utm_source=americano&amp;utm_medium=digitalad&amp;utm_campaign=americano_250815_digitalad_willychirino\" target=\"_blank\" rel=\" noreferrer noopener\"><img loading=\"lazy\" decoding=\"async\" width=\"800\" height=\"429\" src=\"https:\/\/www.americanonewspaper.com\/es\/wp-content\/uploads\/2025\/08\/Screenshot-2025-08-15-at-4.22.35-PM-1-800x429.png\" alt=\"\" class=\"wp-image-28267\" style=\"width:1068px;height:auto\" srcset=\"https:\/\/www.americanonewspaper.com\/es\/wp-content\/uploads\/2025\/08\/Screenshot-2025-08-15-at-4.22.35-PM-1-800x429.png 800w, https:\/\/www.americanonewspaper.com\/es\/wp-content\/uploads\/2025\/08\/Screenshot-2025-08-15-at-4.22.35-PM-1-300x161.png 300w, https:\/\/www.americanonewspaper.com\/es\/wp-content\/uploads\/2025\/08\/Screenshot-2025-08-15-at-4.22.35-PM-1-768x411.png 768w, https:\/\/www.americanonewspaper.com\/es\/wp-content\/uploads\/2025\/08\/Screenshot-2025-08-15-at-4.22.35-PM-1-1536x823.png 1536w, https:\/\/www.americanonewspaper.com\/es\/wp-content\/uploads\/2025\/08\/Screenshot-2025-08-15-at-4.22.35-PM-1-150x80.png 150w, https:\/\/www.americanonewspaper.com\/es\/wp-content\/uploads\/2025\/08\/Screenshot-2025-08-15-at-4.22.35-PM-1-696x373.png 696w, https:\/\/www.americanonewspaper.com\/es\/wp-content\/uploads\/2025\/08\/Screenshot-2025-08-15-at-4.22.35-PM-1-1068x572.png 1068w, https:\/\/www.americanonewspaper.com\/es\/wp-content\/uploads\/2025\/08\/Screenshot-2025-08-15-at-4.22.35-PM-1.png 1594w\" sizes=\"(max-width: 800px) 100vw, 800px\" \/><\/a><\/figure>\n\n\n\n<p><a href=\"https:\/\/tayakan.com\/\" target=\"_blank\" rel=\"noreferrer noopener\">Tayakan.com <\/a>(EFE)<\/p>\n\n\n<div class=\"wp-block-image\">\n<figure class=\"aligncenter size-full is-resized\"><a href=\"https:\/\/propertyleads.go2cloud.org\/aff_c?offer_id=2&amp;aff_id=22&amp;source=1233&amp;aff_sub=41621&amp;aff_sub2=270H&amp;mb_tx_id=6585860\" target=\"_blank\" rel=\" noreferrer noopener\"><img loading=\"lazy\" decoding=\"async\" width=\"800\" height=\"206\" src=\"https:\/\/www.americanonewspaper.com\/es\/wp-content\/uploads\/2025\/08\/dfedhc-digital-970x250-9-800x206-1-14.gif\" alt=\"\" class=\"wp-image-28268\" style=\"width:1068px;height:auto\"\/><\/a><\/figure>\n<\/div>","protected":false},"excerpt":{"rendered":"<p>Con entradas agotadas en menos de dos horas, el &#8216;\u00d3rale Wey Fest: Mexa&#8217;, el festival que se celebrar\u00e1 el 6 de diciembre pr\u00f3ximo en el Estadio El Camp\u00edn de Bogot\u00e1, con Grupo Firme como evento principal, confirm\u00f3 este viernes la fuerza de la m\u00fasica regional mexicana en Colombia. El festival tendr\u00e1 como protagonista a una [&hellip;]<\/p>\n","protected":false},"author":18,"featured_media":28269,"comment_status":"open","ping_status":"open","sticky":false,"template":"","format":"standard","meta":{"_acf_changed":false,"tdm_status":"","tdm_grid_status":"","_jetpack_memberships_contains_paid_content":false,"footnotes":"","jetpack_publicize_message":"","jetpack_publicize_feature_enabled":true,"jetpack_social_post_already_shared":true,"jetpack_social_options":{"image_generator_settings":{"template":"highway","default_image_id":0,"font":"","enabled":false},"version":2},"_wpas_customize_per_network":false},"categories":[527,540,1166,238],"tags":[1167],"class_list":{"0":"post-28259","1":"post","2":"type-post","3":"status-publish","4":"format-standard","5":"has-post-thumbnail","7":"category-farandula","8":"category-festival","9":"category-grupo-firme","10":"category-music","11":"tag-grupofirme-bogota-boletos"},"acf":[],"yoast_head":"<!-- This site is optimized with the Yoast SEO Premium plugin v27.5 (Yoast SEO v27.5) - https:\/\/yoast.com\/product\/yoast-seo-premium-wordpress\/ -->\n<title>\u00a1Boletas volaron! Grupo Firme arrasa en Bogot\u00e1 con el \u00d3rale Wey Fest - Americano Newspaper<\/title>\n<meta name=\"description\" content=\"Con entradas agotadas en menos de dos horas, el &#039;\u00d3rale Wey Fest: Mexa&#039;, el festival que se celebrar\u00e1 el 6 de diciembre pr\u00f3ximo en el Estadio El Camp\u00edn de Bogot\u00e1, con Grupo Firme como evento principal, confirm\u00f3 este viernes la fuerza de la m\u00fasica regional mexicana en Colombia.\" \/>\n<meta name=\"robots\" content=\"index, follow, max-snippet:-1, max-image-preview:large, max-video-preview:-1\" \/>\n<link rel=\"canonical\" href=\"https:\/\/www.americanonewspaper.com\/es\/festival\/boletas-volaron-grupo-firme-arrasa-en-bogota-con-el-orale-wey-fest\/\" \/>\n<meta property=\"og:locale\" content=\"en_US\" \/>\n<meta property=\"og:type\" content=\"article\" \/>\n<meta property=\"og:title\" content=\"\u00a1Boletas volaron! Grupo Firme arrasa en Bogot\u00e1 con el \u00d3rale Wey Fest\" \/>\n<meta property=\"og:description\" content=\"Con entradas agotadas en menos de dos horas, el &#039;\u00d3rale Wey Fest: Mexa&#039;, el festival que se celebrar\u00e1 el 6 de diciembre pr\u00f3ximo en el Estadio El Camp\u00edn de Bogot\u00e1, con Grupo Firme como evento principal, confirm\u00f3 este viernes la fuerza de la m\u00fasica regional mexicana en Colombia.\" \/>\n<meta property=\"og:url\" content=\"https:\/\/www.americanonewspaper.com\/es\/festival\/boletas-volaron-grupo-firme-arrasa-en-bogota-con-el-orale-wey-fest\/\" \/>\n<meta property=\"og:site_name\" content=\"Americano Newspaper\" \/>\n<meta property=\"article:publisher\" content=\"https:\/\/www.facebook.com\/AmericanoNewspaper\/\" \/>\n<meta property=\"article:published_time\" content=\"2025-08-23T10:16:00+00:00\" \/>\n<meta property=\"og:image\" content=\"https:\/\/www.americanonewspaper.com\/es\/wp-content\/uploads\/2025\/08\/00dca498e96494962bec59974c5fadc5ea2d0c04m.jpg\" \/>\n\t<meta property=\"og:image:width\" content=\"600\" \/>\n\t<meta property=\"og:image:height\" content=\"401\" \/>\n\t<meta property=\"og:image:type\" content=\"image\/jpeg\" \/>\n<meta name=\"author\" content=\"Victoria Deus\" \/>\n<meta name=\"twitter:card\" content=\"summary_large_image\" \/>\n<meta name=\"twitter:label1\" content=\"Written by\" \/>\n\t<meta name=\"twitter:data1\" content=\"Victoria Deus\" \/>\n\t<meta name=\"twitter:label2\" content=\"Est. reading time\" \/>\n\t<meta name=\"twitter:data2\" content=\"3 minutes\" \/>\n<script type=\"application\/ld+json\" class=\"yoast-schema-graph\">{\"@context\":\"https:\\\/\\\/schema.org\",\"@graph\":[{\"@type\":\"Article\",\"@id\":\"https:\\\/\\\/www.americanonewspaper.com\\\/es\\\/festival\\\/boletas-volaron-grupo-firme-arrasa-en-bogota-con-el-orale-wey-fest\\\/#article\",\"isPartOf\":{\"@id\":\"https:\\\/\\\/www.americanonewspaper.com\\\/es\\\/festival\\\/boletas-volaron-grupo-firme-arrasa-en-bogota-con-el-orale-wey-fest\\\/\"},\"author\":{\"name\":\"Victoria Deus\",\"@id\":\"https:\\\/\\\/www.americanonewspaper.com\\\/es\\\/#\\\/schema\\\/person\\\/875497672032163af362240e09375960\"},\"headline\":\"\u00a1Boletas volaron! Grupo Firme arrasa en Bogot\u00e1 con el \u00d3rale Wey Fest\",\"datePublished\":\"2025-08-23T10:16:00+00:00\",\"mainEntityOfPage\":{\"@id\":\"https:\\\/\\\/www.americanonewspaper.com\\\/es\\\/festival\\\/boletas-volaron-grupo-firme-arrasa-en-bogota-con-el-orale-wey-fest\\\/\"},\"wordCount\":276,\"commentCount\":0,\"publisher\":{\"@id\":\"https:\\\/\\\/www.americanonewspaper.com\\\/es\\\/#organization\"},\"image\":{\"@id\":\"https:\\\/\\\/www.americanonewspaper.com\\\/es\\\/festival\\\/boletas-volaron-grupo-firme-arrasa-en-bogota-con-el-orale-wey-fest\\\/#primaryimage\"},\"thumbnailUrl\":\"https:\\\/\\\/www.americanonewspaper.com\\\/es\\\/wp-content\\\/uploads\\\/2025\\\/08\\\/00dca498e96494962bec59974c5fadc5ea2d0c04m.jpg\",\"keywords\":[\"#GrupoFirme #Bogot\u00e1 #Boletos\"],\"articleSection\":[\"Far\u00e1ndula\",\"Festival\",\"Grupo Firme\",\"Music\"],\"inLanguage\":\"en-US\",\"potentialAction\":[{\"@type\":\"CommentAction\",\"name\":\"Comment\",\"target\":[\"https:\\\/\\\/www.americanonewspaper.com\\\/es\\\/festival\\\/boletas-volaron-grupo-firme-arrasa-en-bogota-con-el-orale-wey-fest\\\/#respond\"]}]},{\"@type\":\"WebPage\",\"@id\":\"https:\\\/\\\/www.americanonewspaper.com\\\/es\\\/festival\\\/boletas-volaron-grupo-firme-arrasa-en-bogota-con-el-orale-wey-fest\\\/\",\"url\":\"https:\\\/\\\/www.americanonewspaper.com\\\/es\\\/festival\\\/boletas-volaron-grupo-firme-arrasa-en-bogota-con-el-orale-wey-fest\\\/\",\"name\":\"\u00a1Boletas volaron! Grupo Firme arrasa en Bogot\u00e1 con el \u00d3rale Wey Fest - Americano Newspaper\",\"isPartOf\":{\"@id\":\"https:\\\/\\\/www.americanonewspaper.com\\\/es\\\/#website\"},\"primaryImageOfPage\":{\"@id\":\"https:\\\/\\\/www.americanonewspaper.com\\\/es\\\/festival\\\/boletas-volaron-grupo-firme-arrasa-en-bogota-con-el-orale-wey-fest\\\/#primaryimage\"},\"image\":{\"@id\":\"https:\\\/\\\/www.americanonewspaper.com\\\/es\\\/festival\\\/boletas-volaron-grupo-firme-arrasa-en-bogota-con-el-orale-wey-fest\\\/#primaryimage\"},\"thumbnailUrl\":\"https:\\\/\\\/www.americanonewspaper.com\\\/es\\\/wp-content\\\/uploads\\\/2025\\\/08\\\/00dca498e96494962bec59974c5fadc5ea2d0c04m.jpg\",\"datePublished\":\"2025-08-23T10:16:00+00:00\",\"description\":\"Con entradas agotadas en menos de dos horas, el '\u00d3rale Wey Fest: Mexa', el festival que se celebrar\u00e1 el 6 de diciembre pr\u00f3ximo en el Estadio El Camp\u00edn de Bogot\u00e1, con Grupo Firme como evento principal, confirm\u00f3 este viernes la fuerza de la m\u00fasica regional mexicana en Colombia.\",\"breadcrumb\":{\"@id\":\"https:\\\/\\\/www.americanonewspaper.com\\\/es\\\/festival\\\/boletas-volaron-grupo-firme-arrasa-en-bogota-con-el-orale-wey-fest\\\/#breadcrumb\"},\"inLanguage\":\"en-US\",\"potentialAction\":[{\"@type\":\"ReadAction\",\"target\":[\"https:\\\/\\\/www.americanonewspaper.com\\\/es\\\/festival\\\/boletas-volaron-grupo-firme-arrasa-en-bogota-con-el-orale-wey-fest\\\/\"]}]},{\"@type\":\"ImageObject\",\"inLanguage\":\"en-US\",\"@id\":\"https:\\\/\\\/www.americanonewspaper.com\\\/es\\\/festival\\\/boletas-volaron-grupo-firme-arrasa-en-bogota-con-el-orale-wey-fest\\\/#primaryimage\",\"url\":\"https:\\\/\\\/www.americanonewspaper.com\\\/es\\\/wp-content\\\/uploads\\\/2025\\\/08\\\/00dca498e96494962bec59974c5fadc5ea2d0c04m.jpg\",\"contentUrl\":\"https:\\\/\\\/www.americanonewspaper.com\\\/es\\\/wp-content\\\/uploads\\\/2025\\\/08\\\/00dca498e96494962bec59974c5fadc5ea2d0c04m.jpg\",\"width\":600,\"height\":401,\"caption\":\"El vocalista del Grupo musical Firme, Eduin Cazares, en una fotograf\u00eda de archivo. EFE\\\/ Mario Guzm\u00e1n\"},{\"@type\":\"BreadcrumbList\",\"@id\":\"https:\\\/\\\/www.americanonewspaper.com\\\/es\\\/festival\\\/boletas-volaron-grupo-firme-arrasa-en-bogota-con-el-orale-wey-fest\\\/#breadcrumb\",\"itemListElement\":[{\"@type\":\"ListItem\",\"position\":1,\"name\":\"Home\",\"item\":\"https:\\\/\\\/www.americanonewspaper.com\\\/es\\\/\"},{\"@type\":\"ListItem\",\"position\":2,\"name\":\"\u00a1Boletas volaron! Grupo Firme arrasa en Bogot\u00e1 con el \u00d3rale Wey Fest\"}]},{\"@type\":\"WebSite\",\"@id\":\"https:\\\/\\\/www.americanonewspaper.com\\\/es\\\/#website\",\"url\":\"https:\\\/\\\/www.americanonewspaper.com\\\/es\\\/\",\"name\":\"Americano Newspaper\",\"description\":\"The Hispanic Newspaper of New Jersey.\",\"publisher\":{\"@id\":\"https:\\\/\\\/www.americanonewspaper.com\\\/es\\\/#organization\"},\"potentialAction\":[{\"@type\":\"SearchAction\",\"target\":{\"@type\":\"EntryPoint\",\"urlTemplate\":\"https:\\\/\\\/www.americanonewspaper.com\\\/es\\\/?s={search_term_string}\"},\"query-input\":{\"@type\":\"PropertyValueSpecification\",\"valueRequired\":true,\"valueName\":\"search_term_string\"}}],\"inLanguage\":\"en-US\"},{\"@type\":\"Organization\",\"@id\":\"https:\\\/\\\/www.americanonewspaper.com\\\/es\\\/#organization\",\"name\":\"Americano Newspaper\",\"url\":\"https:\\\/\\\/www.americanonewspaper.com\\\/es\\\/\",\"logo\":{\"@type\":\"ImageObject\",\"inLanguage\":\"en-US\",\"@id\":\"https:\\\/\\\/www.americanonewspaper.com\\\/es\\\/#\\\/schema\\\/logo\\\/image\\\/\",\"url\":\"https:\\\/\\\/www.americanonewspaper.com\\\/es\\\/wp-content\\\/uploads\\\/2024\\\/05\\\/AmericanoLogoCircle.comCircle2.jpg\",\"contentUrl\":\"https:\\\/\\\/www.americanonewspaper.com\\\/es\\\/wp-content\\\/uploads\\\/2024\\\/05\\\/AmericanoLogoCircle.comCircle2.jpg\",\"width\":600,\"height\":600,\"caption\":\"Americano Newspaper\"},\"image\":{\"@id\":\"https:\\\/\\\/www.americanonewspaper.com\\\/es\\\/#\\\/schema\\\/logo\\\/image\\\/\"},\"sameAs\":[\"https:\\\/\\\/www.facebook.com\\\/AmericanoNewspaper\\\/\"]},{\"@type\":\"Person\",\"@id\":\"https:\\\/\\\/www.americanonewspaper.com\\\/es\\\/#\\\/schema\\\/person\\\/875497672032163af362240e09375960\",\"name\":\"Victoria Deus\",\"image\":{\"@type\":\"ImageObject\",\"inLanguage\":\"en-US\",\"@id\":\"https:\\\/\\\/www.americanonewspaper.com\\\/es\\\/wp-content\\\/litespeed\\\/avatar\\\/87ebc08dcb2dba9e584c4557748a9de2.jpg?ver=1777428042\",\"url\":\"https:\\\/\\\/www.americanonewspaper.com\\\/es\\\/wp-content\\\/litespeed\\\/avatar\\\/87ebc08dcb2dba9e584c4557748a9de2.jpg?ver=1777428042\",\"contentUrl\":\"https:\\\/\\\/www.americanonewspaper.com\\\/es\\\/wp-content\\\/litespeed\\\/avatar\\\/87ebc08dcb2dba9e584c4557748a9de2.jpg?ver=1777428042\",\"caption\":\"Victoria Deus\"},\"sameAs\":[\"http:\\\/\\\/www.americanonewspaper.com\"],\"url\":\"https:\\\/\\\/www.americanonewspaper.com\\\/es\\\/author\\\/victoria\\\/\"}]}<\/script>\n<!-- \/ Yoast SEO Premium plugin. -->","yoast_head_json":{"title":"\u00a1Boletas volaron! Grupo Firme arrasa en Bogot\u00e1 con el \u00d3rale Wey Fest - Americano Newspaper","description":"Con entradas agotadas en menos de dos horas, el '\u00d3rale Wey Fest: Mexa', el festival que se celebrar\u00e1 el 6 de diciembre pr\u00f3ximo en el Estadio El Camp\u00edn de Bogot\u00e1, con Grupo Firme como evento principal, confirm\u00f3 este viernes la fuerza de la m\u00fasica regional mexicana en Colombia.","robots":{"index":"index","follow":"follow","max-snippet":"max-snippet:-1","max-image-preview":"max-image-preview:large","max-video-preview":"max-video-preview:-1"},"canonical":"https:\/\/www.americanonewspaper.com\/es\/festival\/boletas-volaron-grupo-firme-arrasa-en-bogota-con-el-orale-wey-fest\/","og_locale":"en_US","og_type":"article","og_title":"\u00a1Boletas volaron! Grupo Firme arrasa en Bogot\u00e1 con el \u00d3rale Wey Fest","og_description":"Con entradas agotadas en menos de dos horas, el '\u00d3rale Wey Fest: Mexa', el festival que se celebrar\u00e1 el 6 de diciembre pr\u00f3ximo en el Estadio El Camp\u00edn de Bogot\u00e1, con Grupo Firme como evento principal, confirm\u00f3 este viernes la fuerza de la m\u00fasica regional mexicana en Colombia.","og_url":"https:\/\/www.americanonewspaper.com\/es\/festival\/boletas-volaron-grupo-firme-arrasa-en-bogota-con-el-orale-wey-fest\/","og_site_name":"Americano Newspaper","article_publisher":"https:\/\/www.facebook.com\/AmericanoNewspaper\/","article_published_time":"2025-08-23T10:16:00+00:00","og_image":[{"width":600,"height":401,"url":"https:\/\/www.americanonewspaper.com\/es\/wp-content\/uploads\/2025\/08\/00dca498e96494962bec59974c5fadc5ea2d0c04m.jpg","type":"image\/jpeg"}],"author":"Victoria Deus","twitter_card":"summary_large_image","twitter_misc":{"Written by":"Victoria Deus","Est. reading time":"3 minutes"},"schema":{"@context":"https:\/\/schema.org","@graph":[{"@type":"Article","@id":"https:\/\/www.americanonewspaper.com\/es\/festival\/boletas-volaron-grupo-firme-arrasa-en-bogota-con-el-orale-wey-fest\/#article","isPartOf":{"@id":"https:\/\/www.americanonewspaper.com\/es\/festival\/boletas-volaron-grupo-firme-arrasa-en-bogota-con-el-orale-wey-fest\/"},"author":{"name":"Victoria Deus","@id":"https:\/\/www.americanonewspaper.com\/es\/#\/schema\/person\/875497672032163af362240e09375960"},"headline":"\u00a1Boletas volaron! Grupo Firme arrasa en Bogot\u00e1 con el \u00d3rale Wey Fest","datePublished":"2025-08-23T10:16:00+00:00","mainEntityOfPage":{"@id":"https:\/\/www.americanonewspaper.com\/es\/festival\/boletas-volaron-grupo-firme-arrasa-en-bogota-con-el-orale-wey-fest\/"},"wordCount":276,"commentCount":0,"publisher":{"@id":"https:\/\/www.americanonewspaper.com\/es\/#organization"},"image":{"@id":"https:\/\/www.americanonewspaper.com\/es\/festival\/boletas-volaron-grupo-firme-arrasa-en-bogota-con-el-orale-wey-fest\/#primaryimage"},"thumbnailUrl":"https:\/\/www.americanonewspaper.com\/es\/wp-content\/uploads\/2025\/08\/00dca498e96494962bec59974c5fadc5ea2d0c04m.jpg","keywords":["#GrupoFirme #Bogot\u00e1 #Boletos"],"articleSection":["Far\u00e1ndula","Festival","Grupo Firme","Music"],"inLanguage":"en-US","potentialAction":[{"@type":"CommentAction","name":"Comment","target":["https:\/\/www.americanonewspaper.com\/es\/festival\/boletas-volaron-grupo-firme-arrasa-en-bogota-con-el-orale-wey-fest\/#respond"]}]},{"@type":"WebPage","@id":"https:\/\/www.americanonewspaper.com\/es\/festival\/boletas-volaron-grupo-firme-arrasa-en-bogota-con-el-orale-wey-fest\/","url":"https:\/\/www.americanonewspaper.com\/es\/festival\/boletas-volaron-grupo-firme-arrasa-en-bogota-con-el-orale-wey-fest\/","name":"\u00a1Boletas volaron! Grupo Firme arrasa en Bogot\u00e1 con el \u00d3rale Wey Fest - Americano Newspaper","isPartOf":{"@id":"https:\/\/www.americanonewspaper.com\/es\/#website"},"primaryImageOfPage":{"@id":"https:\/\/www.americanonewspaper.com\/es\/festival\/boletas-volaron-grupo-firme-arrasa-en-bogota-con-el-orale-wey-fest\/#primaryimage"},"image":{"@id":"https:\/\/www.americanonewspaper.com\/es\/festival\/boletas-volaron-grupo-firme-arrasa-en-bogota-con-el-orale-wey-fest\/#primaryimage"},"thumbnailUrl":"https:\/\/www.americanonewspaper.com\/es\/wp-content\/uploads\/2025\/08\/00dca498e96494962bec59974c5fadc5ea2d0c04m.jpg","datePublished":"2025-08-23T10:16:00+00:00","description":"Con entradas agotadas en menos de dos horas, el '\u00d3rale Wey Fest: Mexa', el festival que se celebrar\u00e1 el 6 de diciembre pr\u00f3ximo en el Estadio El Camp\u00edn de Bogot\u00e1, con Grupo Firme como evento principal, confirm\u00f3 este viernes la fuerza de la m\u00fasica regional mexicana en Colombia.","breadcrumb":{"@id":"https:\/\/www.americanonewspaper.com\/es\/festival\/boletas-volaron-grupo-firme-arrasa-en-bogota-con-el-orale-wey-fest\/#breadcrumb"},"inLanguage":"en-US","potentialAction":[{"@type":"ReadAction","target":["https:\/\/www.americanonewspaper.com\/es\/festival\/boletas-volaron-grupo-firme-arrasa-en-bogota-con-el-orale-wey-fest\/"]}]},{"@type":"ImageObject","inLanguage":"en-US","@id":"https:\/\/www.americanonewspaper.com\/es\/festival\/boletas-volaron-grupo-firme-arrasa-en-bogota-con-el-orale-wey-fest\/#primaryimage","url":"https:\/\/www.americanonewspaper.com\/es\/wp-content\/uploads\/2025\/08\/00dca498e96494962bec59974c5fadc5ea2d0c04m.jpg","contentUrl":"https:\/\/www.americanonewspaper.com\/es\/wp-content\/uploads\/2025\/08\/00dca498e96494962bec59974c5fadc5ea2d0c04m.jpg","width":600,"height":401,"caption":"El vocalista del Grupo musical Firme, Eduin Cazares, en una fotograf\u00eda de archivo. EFE\/ Mario Guzm\u00e1n"},{"@type":"BreadcrumbList","@id":"https:\/\/www.americanonewspaper.com\/es\/festival\/boletas-volaron-grupo-firme-arrasa-en-bogota-con-el-orale-wey-fest\/#breadcrumb","itemListElement":[{"@type":"ListItem","position":1,"name":"Home","item":"https:\/\/www.americanonewspaper.com\/es\/"},{"@type":"ListItem","position":2,"name":"\u00a1Boletas volaron! Grupo Firme arrasa en Bogot\u00e1 con el \u00d3rale Wey Fest"}]},{"@type":"WebSite","@id":"https:\/\/www.americanonewspaper.com\/es\/#website","url":"https:\/\/www.americanonewspaper.com\/es\/","name":"Americano Newspaper","description":"The Hispanic Newspaper of New Jersey.","publisher":{"@id":"https:\/\/www.americanonewspaper.com\/es\/#organization"},"potentialAction":[{"@type":"SearchAction","target":{"@type":"EntryPoint","urlTemplate":"https:\/\/www.americanonewspaper.com\/es\/?s={search_term_string}"},"query-input":{"@type":"PropertyValueSpecification","valueRequired":true,"valueName":"search_term_string"}}],"inLanguage":"en-US"},{"@type":"Organization","@id":"https:\/\/www.americanonewspaper.com\/es\/#organization","name":"Americano Newspaper","url":"https:\/\/www.americanonewspaper.com\/es\/","logo":{"@type":"ImageObject","inLanguage":"en-US","@id":"https:\/\/www.americanonewspaper.com\/es\/#\/schema\/logo\/image\/","url":"https:\/\/www.americanonewspaper.com\/es\/wp-content\/uploads\/2024\/05\/AmericanoLogoCircle.comCircle2.jpg","contentUrl":"https:\/\/www.americanonewspaper.com\/es\/wp-content\/uploads\/2024\/05\/AmericanoLogoCircle.comCircle2.jpg","width":600,"height":600,"caption":"Americano Newspaper"},"image":{"@id":"https:\/\/www.americanonewspaper.com\/es\/#\/schema\/logo\/image\/"},"sameAs":["https:\/\/www.facebook.com\/AmericanoNewspaper\/"]},{"@type":"Person","@id":"https:\/\/www.americanonewspaper.com\/es\/#\/schema\/person\/875497672032163af362240e09375960","name":"Victoria Deus","image":{"@type":"ImageObject","inLanguage":"en-US","@id":"https:\/\/www.americanonewspaper.com\/es\/wp-content\/litespeed\/avatar\/87ebc08dcb2dba9e584c4557748a9de2.jpg?ver=1777428042","url":"https:\/\/www.americanonewspaper.com\/es\/wp-content\/litespeed\/avatar\/87ebc08dcb2dba9e584c4557748a9de2.jpg?ver=1777428042","contentUrl":"https:\/\/www.americanonewspaper.com\/es\/wp-content\/litespeed\/avatar\/87ebc08dcb2dba9e584c4557748a9de2.jpg?ver=1777428042","caption":"Victoria Deus"},"sameAs":["http:\/\/www.americanonewspaper.com"],"url":"https:\/\/www.americanonewspaper.com\/es\/author\/victoria\/"}]}},"jetpack_publicize_connections":[],"jetpack_featured_media_url":"https:\/\/www.americanonewspaper.com\/es\/wp-content\/uploads\/2025\/08\/00dca498e96494962bec59974c5fadc5ea2d0c04m.jpg","featured_image_urls":{"full":["https:\/\/www.americanonewspaper.com\/es\/wp-content\/uploads\/2025\/08\/00dca498e96494962bec59974c5fadc5ea2d0c04m.jpg",600,401,false],"thumbnail":["https:\/\/www.americanonewspaper.com\/es\/wp-content\/uploads\/2025\/08\/00dca498e96494962bec59974c5fadc5ea2d0c04m-250x250.jpg",250,250,true],"medium":["https:\/\/www.americanonewspaper.com\/es\/wp-content\/uploads\/2025\/08\/00dca498e96494962bec59974c5fadc5ea2d0c04m-300x201.jpg",300,201,true],"medium_large":["https:\/\/www.americanonewspaper.com\/es\/wp-content\/uploads\/2025\/08\/00dca498e96494962bec59974c5fadc5ea2d0c04m.jpg",600,401,false],"large":["https:\/\/www.americanonewspaper.com\/es\/wp-content\/uploads\/2025\/08\/00dca498e96494962bec59974c5fadc5ea2d0c04m.jpg",600,401,false],"1536x1536":["https:\/\/www.americanonewspaper.com\/es\/wp-content\/uploads\/2025\/08\/00dca498e96494962bec59974c5fadc5ea2d0c04m.jpg",600,401,false],"2048x2048":["https:\/\/www.americanonewspaper.com\/es\/wp-content\/uploads\/2025\/08\/00dca498e96494962bec59974c5fadc5ea2d0c04m.jpg",600,401,false],"td_150x0":["https:\/\/www.americanonewspaper.com\/es\/wp-content\/uploads\/2025\/08\/00dca498e96494962bec59974c5fadc5ea2d0c04m-150x100.jpg",150,100,true],"td_218x150":["https:\/\/www.americanonewspaper.com\/es\/wp-content\/uploads\/2025\/08\/00dca498e96494962bec59974c5fadc5ea2d0c04m-218x150.jpg",218,150,true],"td_300x0":["https:\/\/www.americanonewspaper.com\/es\/wp-content\/uploads\/2025\/08\/00dca498e96494962bec59974c5fadc5ea2d0c04m-300x201.jpg",300,201,true],"td_324x400":["https:\/\/www.americanonewspaper.com\/es\/wp-content\/uploads\/2025\/08\/00dca498e96494962bec59974c5fadc5ea2d0c04m-324x400.jpg",324,400,true],"td_485x360":["https:\/\/www.americanonewspaper.com\/es\/wp-content\/uploads\/2025\/08\/00dca498e96494962bec59974c5fadc5ea2d0c04m-485x360.jpg",485,360,true],"td_696x0":["https:\/\/www.americanonewspaper.com\/es\/wp-content\/uploads\/2025\/08\/00dca498e96494962bec59974c5fadc5ea2d0c04m.jpg",600,401,false],"td_1068x0":["https:\/\/www.americanonewspaper.com\/es\/wp-content\/uploads\/2025\/08\/00dca498e96494962bec59974c5fadc5ea2d0c04m.jpg",600,401,false],"td_1920x0":["https:\/\/www.americanonewspaper.com\/es\/wp-content\/uploads\/2025\/08\/00dca498e96494962bec59974c5fadc5ea2d0c04m.jpg",600,401,false],"bdpp-medium":["https:\/\/www.americanonewspaper.com\/es\/wp-content\/uploads\/2025\/08\/00dca498e96494962bec59974c5fadc5ea2d0c04m.jpg",600,401,false]},"author_info":{"display_name":"Victoria Deus","author_link":"https:\/\/www.americanonewspaper.com\/es\/author\/victoria\/"},"category_info":"<a href=\"https:\/\/www.americanonewspaper.com\/es\/category\/farandula\/\" rel=\"category tag\">Far\u00e1ndula<\/a> <a href=\"https:\/\/www.americanonewspaper.com\/es\/category\/festival\/\" rel=\"category tag\">Festival<\/a> <a href=\"https:\/\/www.americanonewspaper.com\/es\/category\/grupo-firme\/\" rel=\"category tag\">Grupo Firme<\/a> <a href=\"https:\/\/www.americanonewspaper.com\/es\/category\/music\/\" rel=\"category tag\">Music<\/a>","tag_info":"Music","comment_count":"0","jetpack_sharing_enabled":true,"jetpack_likes_enabled":true,"_links":{"self":[{"href":"https:\/\/www.americanonewspaper.com\/es\/wp-json\/wp\/v2\/posts\/28259","targetHints":{"allow":["GET"]}}],"collection":[{"href":"https:\/\/www.americanonewspaper.com\/es\/wp-json\/wp\/v2\/posts"}],"about":[{"href":"https:\/\/www.americanonewspaper.com\/es\/wp-json\/wp\/v2\/types\/post"}],"author":[{"embeddable":true,"href":"https:\/\/www.americanonewspaper.com\/es\/wp-json\/wp\/v2\/users\/18"}],"replies":[{"embeddable":true,"href":"https:\/\/www.americanonewspaper.com\/es\/wp-json\/wp\/v2\/comments?post=28259"}],"version-history":[{"count":1,"href":"https:\/\/www.americanonewspaper.com\/es\/wp-json\/wp\/v2\/posts\/28259\/revisions"}],"predecessor-version":[{"id":28270,"href":"https:\/\/www.americanonewspaper.com\/es\/wp-json\/wp\/v2\/posts\/28259\/revisions\/28270"}],"wp:featuredmedia":[{"embeddable":true,"href":"https:\/\/www.americanonewspaper.com\/es\/wp-json\/wp\/v2\/media\/28269"}],"wp:attachment":[{"href":"https:\/\/www.americanonewspaper.com\/es\/wp-json\/wp\/v2\/media?parent=28259"}],"wp:term":[{"taxonomy":"category","embeddable":true,"href":"https:\/\/www.americanonewspaper.com\/es\/wp-json\/wp\/v2\/categories?post=28259"},{"taxonomy":"post_tag","embeddable":true,"href":"https:\/\/www.americanonewspaper.com\/es\/wp-json\/wp\/v2\/tags?post=28259"}],"curies":[{"name":"wp","href":"https:\/\/api.w.org\/{rel}","templated":true}]}}