{"id":28106,"date":"2025-08-13T13:25:26","date_gmt":"2025-08-13T17:25:26","guid":{"rendered":"https:\/\/www.americanonewspaper.com\/es\/?p=28106"},"modified":"2025-08-13T13:25:30","modified_gmt":"2025-08-13T17:25:30","slug":"oviedo-cuelga-el-cartel-de-no-hay-entradas-para-su-duelo-contra-el-madrid","status":"publish","type":"post","link":"https:\/\/www.americanonewspaper.com\/es\/real-madrid\/oviedo-cuelga-el-cartel-de-no-hay-entradas-para-su-duelo-contra-el-madrid\/","title":{"rendered":"Oviedo cuelga el cartel de \u201cNo hay entradas\u201d para su duelo contra el Madrid"},"content":{"rendered":"\n<p class=\"dropcapp3 wp-block-paragraph\">Las entradas para el partido correspondiente a la segunda jornada de LaLiga EA Sports (Primera Divisi\u00f3n) entre el Oviedo y el Real Madrid quedaron agotadas este mi\u00e9rcoles, un d\u00eda despu\u00e9s de su puesta a la venta.<\/p>\n\n\n\n<p class=\"wp-block-paragraph\">Con un precio fijo de 150 euros en los fondos del Carlos Tartiere, y de 200 en los laterales, los poco m\u00e1s de 3.000 aficionados que tienen en su poder el carnet oviedista -la lista de espera para hacerse abonado- han podido acceder a dichas entradas.<\/p>\n\n\n<div class=\"wp-block-image\">\n<figure class=\"aligncenter size-full is-resized\"><a href=\"https:\/\/propertyleads.go2cloud.org\/aff_c?offer_id=2&amp;aff_id=22&amp;source=1233&amp;aff_sub=41621&amp;aff_sub2=270H&amp;mb_tx_id=6564327\" target=\"_blank\" rel=\" noreferrer noopener\"><img fetchpriority=\"high\" decoding=\"async\" width=\"800\" height=\"206\" src=\"https:\/\/www.americanonewspaper.com\/es\/wp-content\/uploads\/2025\/08\/dfedhc-digital-970x250-9-800x206-1-9.gif\" alt=\"\" class=\"wp-image-28107\" style=\"width:1052px;height:auto\"\/><\/a><\/figure>\n<\/div>\n\n\n<p class=\"wp-block-paragraph\">Este ser\u00e1 el primer partido en casa del retorno a Primera Divisi\u00f3n del Oviedo, que tiene como gran fichaje de este a\u00f1o al venezolano Salom\u00f3n Rond\u00f3n y que forma parte del Grupo Pachuca. Su debut en la temporada 2024-2025 ser\u00e1 como visitante ante el Villarreal.<\/p>\n\n\n<div class=\"wp-block-image\">\n<figure class=\"aligncenter size-large is-resized\"><img decoding=\"async\" width=\"800\" height=\"365\" src=\"https:\/\/www.americanonewspaper.com\/es\/wp-content\/uploads\/2025\/08\/Screenshot-2025-02-20-at-9.11.40-AM-1920x877-2-9-800x365.webp\" alt=\"\" class=\"wp-image-28108\" style=\"width:1038px;height:auto\" srcset=\"https:\/\/www.americanonewspaper.com\/es\/wp-content\/uploads\/2025\/08\/Screenshot-2025-02-20-at-9.11.40-AM-1920x877-2-9-800x365.webp 800w, https:\/\/www.americanonewspaper.com\/es\/wp-content\/uploads\/2025\/08\/Screenshot-2025-02-20-at-9.11.40-AM-1920x877-2-9-300x137.webp 300w, https:\/\/www.americanonewspaper.com\/es\/wp-content\/uploads\/2025\/08\/Screenshot-2025-02-20-at-9.11.40-AM-1920x877-2-9-768x351.webp 768w, https:\/\/www.americanonewspaper.com\/es\/wp-content\/uploads\/2025\/08\/Screenshot-2025-02-20-at-9.11.40-AM-1920x877-2-9-1536x702.webp 1536w, https:\/\/www.americanonewspaper.com\/es\/wp-content\/uploads\/2025\/08\/Screenshot-2025-02-20-at-9.11.40-AM-1920x877-2-9-150x69.webp 150w, https:\/\/www.americanonewspaper.com\/es\/wp-content\/uploads\/2025\/08\/Screenshot-2025-02-20-at-9.11.40-AM-1920x877-2-9-696x318.webp 696w, https:\/\/www.americanonewspaper.com\/es\/wp-content\/uploads\/2025\/08\/Screenshot-2025-02-20-at-9.11.40-AM-1920x877-2-9-1068x488.webp 1068w, https:\/\/www.americanonewspaper.com\/es\/wp-content\/uploads\/2025\/08\/Screenshot-2025-02-20-at-9.11.40-AM-1920x877-2-9.webp 1920w\" sizes=\"(max-width: 800px) 100vw, 800px\" \/><\/figure>\n<\/div>\n\n\n<p class=\"wp-block-paragraph\">Ahora mismo, las entradas disponibles para dicho partido ser\u00e1n las que los abonados del Real Oviedo liberen en los pr\u00f3ximos d\u00edas, ya que cuentan con la opci\u00f3n de ceder su asiento y que el 50 por ciento de la venta de dicha entrada repercuta en un descuento del abono de la pr\u00f3xima temporada.<\/p>\n\n\n<div class=\"wp-block-image\">\n<figure class=\"aligncenter size-large is-resized\"><a href=\"https:\/\/www.globalautomall.com\/newdept.cfm\/page\/%20500-savings-for-americano-magazine-readers-2263\/\" target=\"_blank\" rel=\" noreferrer noopener\"><img decoding=\"async\" width=\"800\" height=\"367\" src=\"https:\/\/www.americanonewspaper.com\/es\/wp-content\/uploads\/2025\/08\/Globalhalf-9-800x367.webp\" alt=\"\" class=\"wp-image-28109\" style=\"width:1048px;height:auto\" srcset=\"https:\/\/www.americanonewspaper.com\/es\/wp-content\/uploads\/2025\/08\/Globalhalf-9-800x367.webp 800w, https:\/\/www.americanonewspaper.com\/es\/wp-content\/uploads\/2025\/08\/Globalhalf-9-300x138.webp 300w, https:\/\/www.americanonewspaper.com\/es\/wp-content\/uploads\/2025\/08\/Globalhalf-9-768x352.webp 768w, https:\/\/www.americanonewspaper.com\/es\/wp-content\/uploads\/2025\/08\/Globalhalf-9-150x69.webp 150w, https:\/\/www.americanonewspaper.com\/es\/wp-content\/uploads\/2025\/08\/Globalhalf-9-696x319.webp 696w, https:\/\/www.americanonewspaper.com\/es\/wp-content\/uploads\/2025\/08\/Globalhalf-9-1068x490.webp 1068w, https:\/\/www.americanonewspaper.com\/es\/wp-content\/uploads\/2025\/08\/Globalhalf-9.webp 1200w\" sizes=\"(max-width: 800px) 100vw, 800px\" \/><\/a><\/figure>\n<\/div>\n\n\n<p class=\"wp-block-paragraph\">El Real Oviedo-Real Madrid se disputar\u00e1 el domingo 24 de agosto a las 21.30 horas y supondr\u00e1 el regreso del club merengue a la capital del Principado 23 a\u00f1os despu\u00e9s de su \u00faltimo enfrentamiento oficial, que data de noviembre de 2002 en un encuentro correspondiente a la Copa del Rey.<\/p>\n\n\n<div class=\"wp-block-image\">\n<figure class=\"aligncenter size-large is-resized\"><a href=\"https:\/\/www.nj.gov\/health\/saludreproductiva\/\" target=\"_blank\" rel=\" noreferrer noopener\"><img loading=\"lazy\" decoding=\"async\" width=\"800\" height=\"367\" src=\"https:\/\/www.americanonewspaper.com\/es\/wp-content\/uploads\/2025\/08\/Spanish-1-1920x880-11-800x367.jpg\" alt=\"\" class=\"wp-image-28110\" style=\"width:1044px;height:auto\" srcset=\"https:\/\/www.americanonewspaper.com\/es\/wp-content\/uploads\/2025\/08\/Spanish-1-1920x880-11-800x367.jpg 800w, https:\/\/www.americanonewspaper.com\/es\/wp-content\/uploads\/2025\/08\/Spanish-1-1920x880-11-300x138.jpg 300w, https:\/\/www.americanonewspaper.com\/es\/wp-content\/uploads\/2025\/08\/Spanish-1-1920x880-11-768x352.jpg 768w, https:\/\/www.americanonewspaper.com\/es\/wp-content\/uploads\/2025\/08\/Spanish-1-1920x880-11-1536x704.jpg 1536w, https:\/\/www.americanonewspaper.com\/es\/wp-content\/uploads\/2025\/08\/Spanish-1-1920x880-11-150x69.jpg 150w, https:\/\/www.americanonewspaper.com\/es\/wp-content\/uploads\/2025\/08\/Spanish-1-1920x880-11-696x319.jpg 696w, https:\/\/www.americanonewspaper.com\/es\/wp-content\/uploads\/2025\/08\/Spanish-1-1920x880-11-1068x490.jpg 1068w, https:\/\/www.americanonewspaper.com\/es\/wp-content\/uploads\/2025\/08\/Spanish-1-1920x880-11.jpg 1920w\" sizes=\"(max-width: 800px) 100vw, 800px\" \/><\/a><\/figure>\n<\/div>\n\n\n<p class=\"wp-block-paragraph\">En el apartado deportivo, y a s\u00f3lo dos d\u00edas del debut liguero del Real Oviedo ante el Villarreal, Veljko Paunovic recupera a Nacho Vidal, lateral derecho titular que se hab\u00eda perdido los dos primeros entrenamientos de la semana debido a unas peque\u00f1as molestias. <\/p>\n\n\n<div class=\"wp-block-image\">\n<figure class=\"aligncenter size-large is-resized\"><a href=\"https:\/\/www.dchbrunswicktoyota.com\/espanol\/ofertas-especiales-toyota-north-brunswick.htm\" target=\"_blank\" rel=\" noreferrer noopener\"><img loading=\"lazy\" decoding=\"async\" width=\"800\" height=\"358\" src=\"https:\/\/www.americanonewspaper.com\/es\/wp-content\/uploads\/2025\/08\/f6c3b2f3-6406-459f-adf6-bb1b6b65f669-3-800x358.jpg\" alt=\"\" class=\"wp-image-28111\" style=\"width:1068px;height:auto\" srcset=\"https:\/\/www.americanonewspaper.com\/es\/wp-content\/uploads\/2025\/08\/f6c3b2f3-6406-459f-adf6-bb1b6b65f669-3-800x358.jpg 800w, https:\/\/www.americanonewspaper.com\/es\/wp-content\/uploads\/2025\/08\/f6c3b2f3-6406-459f-adf6-bb1b6b65f669-3-300x134.jpg 300w, https:\/\/www.americanonewspaper.com\/es\/wp-content\/uploads\/2025\/08\/f6c3b2f3-6406-459f-adf6-bb1b6b65f669-3-768x344.jpg 768w, https:\/\/www.americanonewspaper.com\/es\/wp-content\/uploads\/2025\/08\/f6c3b2f3-6406-459f-adf6-bb1b6b65f669-3-150x67.jpg 150w, https:\/\/www.americanonewspaper.com\/es\/wp-content\/uploads\/2025\/08\/f6c3b2f3-6406-459f-adf6-bb1b6b65f669-3-696x311.jpg 696w, https:\/\/www.americanonewspaper.com\/es\/wp-content\/uploads\/2025\/08\/f6c3b2f3-6406-459f-adf6-bb1b6b65f669-3-1068x478.jpg 1068w, https:\/\/www.americanonewspaper.com\/es\/wp-content\/uploads\/2025\/08\/f6c3b2f3-6406-459f-adf6-bb1b6b65f669-3.jpg 1140w\" sizes=\"(max-width: 800px) 100vw, 800px\" \/><\/a><\/figure>\n<\/div>\n\n\n<p class=\"wp-block-paragraph\"><a href=\"https:\/\/www.americanonewspaper.com\/es\/\">Americanonewspaper<\/a> (EFE)<\/p>\n\n\n\n<p class=\"wp-block-paragraph\"><\/p>\n","protected":false},"excerpt":{"rendered":"<p>Las entradas para el partido correspondiente a la segunda jornada de LaLiga EA Sports (Primera Divisi\u00f3n) entre el Oviedo y el Real Madrid quedaron agotadas este mi\u00e9rcoles, un d\u00eda despu\u00e9s de su puesta a la venta. Con un precio fijo de 150 euros en los fondos del Carlos Tartiere, y de 200 en los laterales, [&hellip;]<\/p>\n","protected":false},"author":18,"featured_media":28112,"comment_status":"open","ping_status":"open","sticky":false,"template":"","format":"standard","meta":{"_acf_changed":false,"tdm_status":"","tdm_grid_status":"","_jetpack_newsletter_access":"","_jetpack_dont_email_post_to_subs":false,"_jetpack_newsletter_tier_id":0,"_jetpack_memberships_contains_paywalled_content":false,"_jetpack_feature_clip_id":0,"_jetpack_memberships_contains_paid_content":false,"footnotes":"","jetpack_publicize_message":"{title}\n\n{excerpt}\n\n{url}","jetpack_publicize_feature_enabled":true,"jetpack_social_post_already_shared":true,"jetpack_social_options":{"image_generator_settings":{"template":"highway","default_image_id":0,"font":"","enabled":false},"version":2},"_wpas_customize_per_network":false,"jetpack_post_was_ever_published":false,"_members_access_role":[],"_members_access_error":""},"categories":[567,170,787],"tags":[1146],"class_list":["post-28106","post","type-post","status-publish","format-standard","has-post-thumbnail","category-espana","category-europe","tag-realmadrid-oviedo-espana-deportes-futbol"],"acf":[],"yoast_head":"<!-- This site is optimized with the Yoast SEO Premium plugin v28.3 (Yoast SEO v28.3) - https:\/\/yoast.com\/product\/yoast-seo-premium-wordpress\/ -->\n<title>Oviedo cuelga el cartel de \u201cNo hay entradas\u201d para su duelo contra el Madrid - Americano Newspaper<\/title>\n<meta name=\"description\" content=\"Las entradas para el partido correspondiente a la segunda jornada de LaLiga EA Sports (Primera Divisi\u00f3n) entre el Oviedo y el Real Madrid quedaron agotadas este mi\u00e9rcoles, un d\u00eda despu\u00e9s de su puesta a la venta.\" \/>\n<meta name=\"robots\" content=\"index, follow, max-snippet:-1, max-image-preview:large, max-video-preview:-1\" \/>\n<link rel=\"canonical\" href=\"https:\/\/www.americanonewspaper.com\/es\/real-madrid\/oviedo-cuelga-el-cartel-de-no-hay-entradas-para-su-duelo-contra-el-madrid\/\" \/>\n<meta property=\"og:locale\" content=\"en_US\" \/>\n<meta property=\"og:type\" content=\"article\" \/>\n<meta property=\"og:title\" content=\"Oviedo cuelga el cartel de \u201cNo hay entradas\u201d para su duelo contra el Madrid\" \/>\n<meta property=\"og:description\" content=\"Las entradas para el partido correspondiente a la segunda jornada de LaLiga EA Sports (Primera Divisi\u00f3n) entre el Oviedo y el Real Madrid quedaron agotadas este mi\u00e9rcoles, un d\u00eda despu\u00e9s de su puesta a la venta.\" \/>\n<meta property=\"og:url\" content=\"https:\/\/www.americanonewspaper.com\/es\/real-madrid\/oviedo-cuelga-el-cartel-de-no-hay-entradas-para-su-duelo-contra-el-madrid\/\" \/>\n<meta property=\"og:site_name\" content=\"Americano Newspaper\" \/>\n<meta property=\"article:publisher\" content=\"https:\/\/www.facebook.com\/AmericanoNewspaper\/\" \/>\n<meta property=\"article:published_time\" content=\"2025-08-13T17:25:26+00:00\" \/>\n<meta property=\"article:modified_time\" content=\"2025-08-13T17:25:30+00:00\" \/>\n<meta property=\"og:image\" content=\"https:\/\/www.americanonewspaper.com\/es\/wp-content\/uploads\/2025\/08\/Grey-Breaking-News-World-War-Peace-For-Facebook-Post-Sitio-web-3-2-800x450.png\" \/>\n\t<meta property=\"og:image:width\" content=\"800\" \/>\n\t<meta property=\"og:image:height\" content=\"450\" \/>\n\t<meta property=\"og:image:type\" content=\"image\/png\" \/>\n<meta name=\"author\" content=\"Victoria Deus\" \/>\n<meta name=\"twitter:card\" content=\"summary_large_image\" \/>\n<meta name=\"twitter:label1\" content=\"Written by\" \/>\n\t<meta name=\"twitter:data1\" content=\"Victoria Deus\" \/>\n\t<meta name=\"twitter:label2\" content=\"Est. reading time\" \/>\n\t<meta name=\"twitter:data2\" content=\"3 minutes\" \/>\n<script type=\"application\/ld+json\" class=\"yoast-schema-graph\">{\"@context\":\"https:\\\/\\\/schema.org\",\"@graph\":[{\"@type\":\"Article\",\"@id\":\"https:\\\/\\\/www.americanonewspaper.com\\\/es\\\/real-madrid\\\/oviedo-cuelga-el-cartel-de-no-hay-entradas-para-su-duelo-contra-el-madrid\\\/#article\",\"isPartOf\":{\"@id\":\"https:\\\/\\\/www.americanonewspaper.com\\\/es\\\/real-madrid\\\/oviedo-cuelga-el-cartel-de-no-hay-entradas-para-su-duelo-contra-el-madrid\\\/\"},\"author\":{\"name\":\"Victoria Deus\",\"@id\":\"https:\\\/\\\/www.americanonewspaper.com\\\/es\\\/#\\\/schema\\\/person\\\/875497672032163af362240e09375960\"},\"headline\":\"Oviedo cuelga el cartel de \u201cNo hay entradas\u201d para su duelo contra el Madrid\",\"datePublished\":\"2025-08-13T17:25:26+00:00\",\"dateModified\":\"2025-08-13T17:25:30+00:00\",\"mainEntityOfPage\":{\"@id\":\"https:\\\/\\\/www.americanonewspaper.com\\\/es\\\/real-madrid\\\/oviedo-cuelga-el-cartel-de-no-hay-entradas-para-su-duelo-contra-el-madrid\\\/\"},\"wordCount\":301,\"commentCount\":0,\"publisher\":{\"@id\":\"https:\\\/\\\/www.americanonewspaper.com\\\/es\\\/#organization\"},\"image\":{\"@id\":\"https:\\\/\\\/www.americanonewspaper.com\\\/es\\\/real-madrid\\\/oviedo-cuelga-el-cartel-de-no-hay-entradas-para-su-duelo-contra-el-madrid\\\/#primaryimage\"},\"thumbnailUrl\":\"https:\\\/\\\/www.americanonewspaper.com\\\/es\\\/wp-content\\\/uploads\\\/2025\\\/08\\\/Grey-Breaking-News-World-War-Peace-For-Facebook-Post-Sitio-web-3-2.png\",\"keywords\":[\"#RealMadrid #Oviedo #Espa\u00f1a #Deportes #F\u00fatbol\"],\"articleSection\":[\"Espa\u00f1a\",\"Europe\",\"Real Madrid\"],\"inLanguage\":\"en-US\",\"potentialAction\":[{\"@type\":\"CommentAction\",\"name\":\"Comment\",\"target\":[\"https:\\\/\\\/www.americanonewspaper.com\\\/es\\\/real-madrid\\\/oviedo-cuelga-el-cartel-de-no-hay-entradas-para-su-duelo-contra-el-madrid\\\/#respond\"]}]},{\"@type\":\"WebPage\",\"@id\":\"https:\\\/\\\/www.americanonewspaper.com\\\/es\\\/real-madrid\\\/oviedo-cuelga-el-cartel-de-no-hay-entradas-para-su-duelo-contra-el-madrid\\\/\",\"url\":\"https:\\\/\\\/www.americanonewspaper.com\\\/es\\\/real-madrid\\\/oviedo-cuelga-el-cartel-de-no-hay-entradas-para-su-duelo-contra-el-madrid\\\/\",\"name\":\"Oviedo cuelga el cartel de \u201cNo hay entradas\u201d para su duelo contra el Madrid - Americano Newspaper\",\"isPartOf\":{\"@id\":\"https:\\\/\\\/www.americanonewspaper.com\\\/es\\\/#website\"},\"primaryImageOfPage\":{\"@id\":\"https:\\\/\\\/www.americanonewspaper.com\\\/es\\\/real-madrid\\\/oviedo-cuelga-el-cartel-de-no-hay-entradas-para-su-duelo-contra-el-madrid\\\/#primaryimage\"},\"image\":{\"@id\":\"https:\\\/\\\/www.americanonewspaper.com\\\/es\\\/real-madrid\\\/oviedo-cuelga-el-cartel-de-no-hay-entradas-para-su-duelo-contra-el-madrid\\\/#primaryimage\"},\"thumbnailUrl\":\"https:\\\/\\\/www.americanonewspaper.com\\\/es\\\/wp-content\\\/uploads\\\/2025\\\/08\\\/Grey-Breaking-News-World-War-Peace-For-Facebook-Post-Sitio-web-3-2.png\",\"datePublished\":\"2025-08-13T17:25:26+00:00\",\"dateModified\":\"2025-08-13T17:25:30+00:00\",\"description\":\"Las entradas para el partido correspondiente a la segunda jornada de LaLiga EA Sports (Primera Divisi\u00f3n) entre el Oviedo y el Real Madrid quedaron agotadas este mi\u00e9rcoles, un d\u00eda despu\u00e9s de su puesta a la venta.\",\"breadcrumb\":{\"@id\":\"https:\\\/\\\/www.americanonewspaper.com\\\/es\\\/real-madrid\\\/oviedo-cuelga-el-cartel-de-no-hay-entradas-para-su-duelo-contra-el-madrid\\\/#breadcrumb\"},\"inLanguage\":\"en-US\",\"potentialAction\":[{\"@type\":\"ReadAction\",\"target\":[\"https:\\\/\\\/www.americanonewspaper.com\\\/es\\\/real-madrid\\\/oviedo-cuelga-el-cartel-de-no-hay-entradas-para-su-duelo-contra-el-madrid\\\/\"]}]},{\"@type\":\"ImageObject\",\"inLanguage\":\"en-US\",\"@id\":\"https:\\\/\\\/www.americanonewspaper.com\\\/es\\\/real-madrid\\\/oviedo-cuelga-el-cartel-de-no-hay-entradas-para-su-duelo-contra-el-madrid\\\/#primaryimage\",\"url\":\"https:\\\/\\\/www.americanonewspaper.com\\\/es\\\/wp-content\\\/uploads\\\/2025\\\/08\\\/Grey-Breaking-News-World-War-Peace-For-Facebook-Post-Sitio-web-3-2.png\",\"contentUrl\":\"https:\\\/\\\/www.americanonewspaper.com\\\/es\\\/wp-content\\\/uploads\\\/2025\\\/08\\\/Grey-Breaking-News-World-War-Peace-For-Facebook-Post-Sitio-web-3-2.png\",\"width\":1366,\"height\":768,\"caption\":\"Un d\u00eda bast\u00f3: Oviedo vende todo para el partido con el Real Madrid.\"},{\"@type\":\"BreadcrumbList\",\"@id\":\"https:\\\/\\\/www.americanonewspaper.com\\\/es\\\/real-madrid\\\/oviedo-cuelga-el-cartel-de-no-hay-entradas-para-su-duelo-contra-el-madrid\\\/#breadcrumb\",\"itemListElement\":[{\"@type\":\"ListItem\",\"position\":1,\"name\":\"Home\",\"item\":\"https:\\\/\\\/www.americanonewspaper.com\\\/es\\\/\"},{\"@type\":\"ListItem\",\"position\":2,\"name\":\"Oviedo cuelga el cartel de \u201cNo hay entradas\u201d para su duelo contra el Madrid\"}]},{\"@type\":\"WebSite\",\"@id\":\"https:\\\/\\\/www.americanonewspaper.com\\\/es\\\/#website\",\"url\":\"https:\\\/\\\/www.americanonewspaper.com\\\/es\\\/\",\"name\":\"Americano Newspaper\",\"description\":\"The Hispanic Newspaper of New Jersey.\",\"publisher\":{\"@id\":\"https:\\\/\\\/www.americanonewspaper.com\\\/es\\\/#organization\"},\"potentialAction\":[{\"@type\":\"SearchAction\",\"target\":{\"@type\":\"EntryPoint\",\"urlTemplate\":\"https:\\\/\\\/www.americanonewspaper.com\\\/es\\\/?s={search_term_string}\"},\"query-input\":{\"@type\":\"PropertyValueSpecification\",\"valueRequired\":true,\"valueName\":\"search_term_string\"}}],\"inLanguage\":\"en-US\"},{\"@type\":\"Organization\",\"@id\":\"https:\\\/\\\/www.americanonewspaper.com\\\/es\\\/#organization\",\"name\":\"Americano Newspaper\",\"url\":\"https:\\\/\\\/www.americanonewspaper.com\\\/es\\\/\",\"logo\":{\"@type\":\"ImageObject\",\"inLanguage\":\"en-US\",\"@id\":\"https:\\\/\\\/www.americanonewspaper.com\\\/es\\\/#\\\/schema\\\/logo\\\/image\\\/\",\"url\":\"https:\\\/\\\/www.americanonewspaper.com\\\/es\\\/wp-content\\\/uploads\\\/2024\\\/05\\\/AmericanoLogoCircle.comCircle2.jpg\",\"contentUrl\":\"https:\\\/\\\/www.americanonewspaper.com\\\/es\\\/wp-content\\\/uploads\\\/2024\\\/05\\\/AmericanoLogoCircle.comCircle2.jpg\",\"width\":600,\"height\":600,\"caption\":\"Americano Newspaper\"},\"image\":{\"@id\":\"https:\\\/\\\/www.americanonewspaper.com\\\/es\\\/#\\\/schema\\\/logo\\\/image\\\/\"},\"sameAs\":[\"https:\\\/\\\/www.facebook.com\\\/AmericanoNewspaper\\\/\"]},{\"@type\":\"Person\",\"@id\":\"https:\\\/\\\/www.americanonewspaper.com\\\/es\\\/#\\\/schema\\\/person\\\/875497672032163af362240e09375960\",\"name\":\"Victoria Deus\",\"image\":{\"@type\":\"ImageObject\",\"inLanguage\":\"en-US\",\"@id\":\"https:\\\/\\\/www.americanonewspaper.com\\\/es\\\/wp-content\\\/litespeed\\\/avatar\\\/87ebc08dcb2dba9e584c4557748a9de2.jpg?ver=1787932053\",\"url\":\"https:\\\/\\\/www.americanonewspaper.com\\\/es\\\/wp-content\\\/litespeed\\\/avatar\\\/87ebc08dcb2dba9e584c4557748a9de2.jpg?ver=1787932053\",\"contentUrl\":\"https:\\\/\\\/www.americanonewspaper.com\\\/es\\\/wp-content\\\/litespeed\\\/avatar\\\/87ebc08dcb2dba9e584c4557748a9de2.jpg?ver=1787932053\",\"caption\":\"Victoria Deus\"},\"sameAs\":[\"http:\\\/\\\/www.americanonewspaper.com\"],\"url\":\"https:\\\/\\\/www.americanonewspaper.com\\\/es\\\/author\\\/victoria\\\/\"}]}<\/script>\n<!-- \/ Yoast SEO Premium plugin. -->","yoast_head_json":{"title":"Oviedo cuelga el cartel de \u201cNo hay entradas\u201d para su duelo contra el Madrid - Americano Newspaper","description":"Las entradas para el partido correspondiente a la segunda jornada de LaLiga EA Sports (Primera Divisi\u00f3n) entre el Oviedo y el Real Madrid quedaron agotadas este mi\u00e9rcoles, un d\u00eda despu\u00e9s de su puesta a la venta.","robots":{"index":"index","follow":"follow","max-snippet":"max-snippet:-1","max-image-preview":"max-image-preview:large","max-video-preview":"max-video-preview:-1"},"canonical":"https:\/\/www.americanonewspaper.com\/es\/real-madrid\/oviedo-cuelga-el-cartel-de-no-hay-entradas-para-su-duelo-contra-el-madrid\/","og_locale":"en_US","og_type":"article","og_title":"Oviedo cuelga el cartel de \u201cNo hay entradas\u201d para su duelo contra el Madrid","og_description":"Las entradas para el partido correspondiente a la segunda jornada de LaLiga EA Sports (Primera Divisi\u00f3n) entre el Oviedo y el Real Madrid quedaron agotadas este mi\u00e9rcoles, un d\u00eda despu\u00e9s de su puesta a la venta.","og_url":"https:\/\/www.americanonewspaper.com\/es\/real-madrid\/oviedo-cuelga-el-cartel-de-no-hay-entradas-para-su-duelo-contra-el-madrid\/","og_site_name":"Americano Newspaper","article_publisher":"https:\/\/www.facebook.com\/AmericanoNewspaper\/","article_published_time":"2025-08-13T17:25:26+00:00","article_modified_time":"2025-08-13T17:25:30+00:00","og_image":[{"width":800,"height":450,"url":"https:\/\/www.americanonewspaper.com\/es\/wp-content\/uploads\/2025\/08\/Grey-Breaking-News-World-War-Peace-For-Facebook-Post-Sitio-web-3-2-800x450.png","type":"image\/png"}],"author":"Victoria Deus","twitter_card":"summary_large_image","twitter_misc":{"Written by":"Victoria Deus","Est. reading time":"3 minutes"},"schema":{"@context":"https:\/\/schema.org","@graph":[{"@type":"Article","@id":"https:\/\/www.americanonewspaper.com\/es\/real-madrid\/oviedo-cuelga-el-cartel-de-no-hay-entradas-para-su-duelo-contra-el-madrid\/#article","isPartOf":{"@id":"https:\/\/www.americanonewspaper.com\/es\/real-madrid\/oviedo-cuelga-el-cartel-de-no-hay-entradas-para-su-duelo-contra-el-madrid\/"},"author":{"name":"Victoria Deus","@id":"https:\/\/www.americanonewspaper.com\/es\/#\/schema\/person\/875497672032163af362240e09375960"},"headline":"Oviedo cuelga el cartel de \u201cNo hay entradas\u201d para su duelo contra el Madrid","datePublished":"2025-08-13T17:25:26+00:00","dateModified":"2025-08-13T17:25:30+00:00","mainEntityOfPage":{"@id":"https:\/\/www.americanonewspaper.com\/es\/real-madrid\/oviedo-cuelga-el-cartel-de-no-hay-entradas-para-su-duelo-contra-el-madrid\/"},"wordCount":301,"commentCount":0,"publisher":{"@id":"https:\/\/www.americanonewspaper.com\/es\/#organization"},"image":{"@id":"https:\/\/www.americanonewspaper.com\/es\/real-madrid\/oviedo-cuelga-el-cartel-de-no-hay-entradas-para-su-duelo-contra-el-madrid\/#primaryimage"},"thumbnailUrl":"https:\/\/www.americanonewspaper.com\/es\/wp-content\/uploads\/2025\/08\/Grey-Breaking-News-World-War-Peace-For-Facebook-Post-Sitio-web-3-2.png","keywords":["#RealMadrid #Oviedo #Espa\u00f1a #Deportes #F\u00fatbol"],"articleSection":["Espa\u00f1a","Europe","Real Madrid"],"inLanguage":"en-US","potentialAction":[{"@type":"CommentAction","name":"Comment","target":["https:\/\/www.americanonewspaper.com\/es\/real-madrid\/oviedo-cuelga-el-cartel-de-no-hay-entradas-para-su-duelo-contra-el-madrid\/#respond"]}]},{"@type":"WebPage","@id":"https:\/\/www.americanonewspaper.com\/es\/real-madrid\/oviedo-cuelga-el-cartel-de-no-hay-entradas-para-su-duelo-contra-el-madrid\/","url":"https:\/\/www.americanonewspaper.com\/es\/real-madrid\/oviedo-cuelga-el-cartel-de-no-hay-entradas-para-su-duelo-contra-el-madrid\/","name":"Oviedo cuelga el cartel de \u201cNo hay entradas\u201d para su duelo contra el Madrid - Americano Newspaper","isPartOf":{"@id":"https:\/\/www.americanonewspaper.com\/es\/#website"},"primaryImageOfPage":{"@id":"https:\/\/www.americanonewspaper.com\/es\/real-madrid\/oviedo-cuelga-el-cartel-de-no-hay-entradas-para-su-duelo-contra-el-madrid\/#primaryimage"},"image":{"@id":"https:\/\/www.americanonewspaper.com\/es\/real-madrid\/oviedo-cuelga-el-cartel-de-no-hay-entradas-para-su-duelo-contra-el-madrid\/#primaryimage"},"thumbnailUrl":"https:\/\/www.americanonewspaper.com\/es\/wp-content\/uploads\/2025\/08\/Grey-Breaking-News-World-War-Peace-For-Facebook-Post-Sitio-web-3-2.png","datePublished":"2025-08-13T17:25:26+00:00","dateModified":"2025-08-13T17:25:30+00:00","description":"Las entradas para el partido correspondiente a la segunda jornada de LaLiga EA Sports (Primera Divisi\u00f3n) entre el Oviedo y el Real Madrid quedaron agotadas este mi\u00e9rcoles, un d\u00eda despu\u00e9s de su puesta a la venta.","breadcrumb":{"@id":"https:\/\/www.americanonewspaper.com\/es\/real-madrid\/oviedo-cuelga-el-cartel-de-no-hay-entradas-para-su-duelo-contra-el-madrid\/#breadcrumb"},"inLanguage":"en-US","potentialAction":[{"@type":"ReadAction","target":["https:\/\/www.americanonewspaper.com\/es\/real-madrid\/oviedo-cuelga-el-cartel-de-no-hay-entradas-para-su-duelo-contra-el-madrid\/"]}]},{"@type":"ImageObject","inLanguage":"en-US","@id":"https:\/\/www.americanonewspaper.com\/es\/real-madrid\/oviedo-cuelga-el-cartel-de-no-hay-entradas-para-su-duelo-contra-el-madrid\/#primaryimage","url":"https:\/\/www.americanonewspaper.com\/es\/wp-content\/uploads\/2025\/08\/Grey-Breaking-News-World-War-Peace-For-Facebook-Post-Sitio-web-3-2.png","contentUrl":"https:\/\/www.americanonewspaper.com\/es\/wp-content\/uploads\/2025\/08\/Grey-Breaking-News-World-War-Peace-For-Facebook-Post-Sitio-web-3-2.png","width":1366,"height":768,"caption":"Un d\u00eda bast\u00f3: Oviedo vende todo para el partido con el Real Madrid."},{"@type":"BreadcrumbList","@id":"https:\/\/www.americanonewspaper.com\/es\/real-madrid\/oviedo-cuelga-el-cartel-de-no-hay-entradas-para-su-duelo-contra-el-madrid\/#breadcrumb","itemListElement":[{"@type":"ListItem","position":1,"name":"Home","item":"https:\/\/www.americanonewspaper.com\/es\/"},{"@type":"ListItem","position":2,"name":"Oviedo cuelga el cartel de \u201cNo hay entradas\u201d para su duelo contra el Madrid"}]},{"@type":"WebSite","@id":"https:\/\/www.americanonewspaper.com\/es\/#website","url":"https:\/\/www.americanonewspaper.com\/es\/","name":"Americano Newspaper","description":"The Hispanic Newspaper of New Jersey.","publisher":{"@id":"https:\/\/www.americanonewspaper.com\/es\/#organization"},"potentialAction":[{"@type":"SearchAction","target":{"@type":"EntryPoint","urlTemplate":"https:\/\/www.americanonewspaper.com\/es\/?s={search_term_string}"},"query-input":{"@type":"PropertyValueSpecification","valueRequired":true,"valueName":"search_term_string"}}],"inLanguage":"en-US"},{"@type":"Organization","@id":"https:\/\/www.americanonewspaper.com\/es\/#organization","name":"Americano Newspaper","url":"https:\/\/www.americanonewspaper.com\/es\/","logo":{"@type":"ImageObject","inLanguage":"en-US","@id":"https:\/\/www.americanonewspaper.com\/es\/#\/schema\/logo\/image\/","url":"https:\/\/www.americanonewspaper.com\/es\/wp-content\/uploads\/2024\/05\/AmericanoLogoCircle.comCircle2.jpg","contentUrl":"https:\/\/www.americanonewspaper.com\/es\/wp-content\/uploads\/2024\/05\/AmericanoLogoCircle.comCircle2.jpg","width":600,"height":600,"caption":"Americano Newspaper"},"image":{"@id":"https:\/\/www.americanonewspaper.com\/es\/#\/schema\/logo\/image\/"},"sameAs":["https:\/\/www.facebook.com\/AmericanoNewspaper\/"]},{"@type":"Person","@id":"https:\/\/www.americanonewspaper.com\/es\/#\/schema\/person\/875497672032163af362240e09375960","name":"Victoria Deus","image":{"@type":"ImageObject","inLanguage":"en-US","@id":"https:\/\/www.americanonewspaper.com\/es\/wp-content\/litespeed\/avatar\/87ebc08dcb2dba9e584c4557748a9de2.jpg?ver=1787932053","url":"https:\/\/www.americanonewspaper.com\/es\/wp-content\/litespeed\/avatar\/87ebc08dcb2dba9e584c4557748a9de2.jpg?ver=1787932053","contentUrl":"https:\/\/www.americanonewspaper.com\/es\/wp-content\/litespeed\/avatar\/87ebc08dcb2dba9e584c4557748a9de2.jpg?ver=1787932053","caption":"Victoria Deus"},"sameAs":["http:\/\/www.americanonewspaper.com"],"url":"https:\/\/www.americanonewspaper.com\/es\/author\/victoria\/"}]}},"jetpack_publicize_connections":[],"featured_image_urls":{"full":["https:\/\/www.americanonewspaper.com\/es\/wp-content\/uploads\/2025\/08\/Grey-Breaking-News-World-War-Peace-For-Facebook-Post-Sitio-web-3-2.png",1366,768,false],"thumbnail":["https:\/\/www.americanonewspaper.com\/es\/wp-content\/uploads\/2025\/08\/Grey-Breaking-News-World-War-Peace-For-Facebook-Post-Sitio-web-3-2-250x250.png",250,250,true],"medium":["https:\/\/www.americanonewspaper.com\/es\/wp-content\/uploads\/2025\/08\/Grey-Breaking-News-World-War-Peace-For-Facebook-Post-Sitio-web-3-2-300x169.png",300,169,true],"medium_large":["https:\/\/www.americanonewspaper.com\/es\/wp-content\/uploads\/2025\/08\/Grey-Breaking-News-World-War-Peace-For-Facebook-Post-Sitio-web-3-2-768x432.png",696,392,true],"large":["https:\/\/www.americanonewspaper.com\/es\/wp-content\/uploads\/2025\/08\/Grey-Breaking-News-World-War-Peace-For-Facebook-Post-Sitio-web-3-2-800x450.png",696,392,true],"1536x1536":["https:\/\/www.americanonewspaper.com\/es\/wp-content\/uploads\/2025\/08\/Grey-Breaking-News-World-War-Peace-For-Facebook-Post-Sitio-web-3-2.png",1366,768,false],"2048x2048":["https:\/\/www.americanonewspaper.com\/es\/wp-content\/uploads\/2025\/08\/Grey-Breaking-News-World-War-Peace-For-Facebook-Post-Sitio-web-3-2.png",1366,768,false],"td_150x0":["https:\/\/www.americanonewspaper.com\/es\/wp-content\/uploads\/2025\/08\/Grey-Breaking-News-World-War-Peace-For-Facebook-Post-Sitio-web-3-2-150x84.png",150,84,true],"td_218x150":["https:\/\/www.americanonewspaper.com\/es\/wp-content\/uploads\/2025\/08\/Grey-Breaking-News-World-War-Peace-For-Facebook-Post-Sitio-web-3-2-218x150.png",218,150,true],"td_300x0":["https:\/\/www.americanonewspaper.com\/es\/wp-content\/uploads\/2025\/08\/Grey-Breaking-News-World-War-Peace-For-Facebook-Post-Sitio-web-3-2-300x169.png",300,169,true],"td_324x400":["https:\/\/www.americanonewspaper.com\/es\/wp-content\/uploads\/2025\/08\/Grey-Breaking-News-World-War-Peace-For-Facebook-Post-Sitio-web-3-2-324x400.png",324,400,true],"td_485x360":["https:\/\/www.americanonewspaper.com\/es\/wp-content\/uploads\/2025\/08\/Grey-Breaking-News-World-War-Peace-For-Facebook-Post-Sitio-web-3-2-485x360.png",485,360,true],"td_696x0":["https:\/\/www.americanonewspaper.com\/es\/wp-content\/uploads\/2025\/08\/Grey-Breaking-News-World-War-Peace-For-Facebook-Post-Sitio-web-3-2-696x391.png",696,391,true],"td_1068x0":["https:\/\/www.americanonewspaper.com\/es\/wp-content\/uploads\/2025\/08\/Grey-Breaking-News-World-War-Peace-For-Facebook-Post-Sitio-web-3-2-1068x600.png",1068,600,true],"td_1920x0":["https:\/\/www.americanonewspaper.com\/es\/wp-content\/uploads\/2025\/08\/Grey-Breaking-News-World-War-Peace-For-Facebook-Post-Sitio-web-3-2.png",1366,768,false],"bdpp-medium":["https:\/\/www.americanonewspaper.com\/es\/wp-content\/uploads\/2025\/08\/Grey-Breaking-News-World-War-Peace-For-Facebook-Post-Sitio-web-3-2-640x480.png",640,480,true]},"author_info":{"display_name":"Victoria Deus","author_link":"https:\/\/www.americanonewspaper.com\/es\/author\/victoria\/"},"category_info":"<a href=\"https:\/\/www.americanonewspaper.com\/es\/category\/europe\/espana\/\" rel=\"category tag\">Espa\u00f1a<\/a> <a href=\"https:\/\/www.americanonewspaper.com\/es\/category\/europe\/\" rel=\"category tag\">Europe<\/a> <a href=\"https:\/\/www.americanonewspaper.com\/es\/category\/real-madrid\/\" rel=\"category tag\">Real Madrid<\/a>","tag_info":"Real Madrid","comment_count":"0","jetpack_sharing_enabled":true,"jetpack_likes_enabled":true,"jetpack_featured_media_url":"https:\/\/www.americanonewspaper.com\/es\/wp-content\/uploads\/2025\/08\/Grey-Breaking-News-World-War-Peace-For-Facebook-Post-Sitio-web-3-2.png","_links":{"self":[{"href":"https:\/\/www.americanonewspaper.com\/es\/wp-json\/wp\/v2\/posts\/28106","targetHints":{"allow":["GET"]}}],"collection":[{"href":"https:\/\/www.americanonewspaper.com\/es\/wp-json\/wp\/v2\/posts"}],"about":[{"href":"https:\/\/www.americanonewspaper.com\/es\/wp-json\/wp\/v2\/types\/post"}],"author":[{"embeddable":true,"href":"https:\/\/www.americanonewspaper.com\/es\/wp-json\/wp\/v2\/users\/18"}],"replies":[{"embeddable":true,"href":"https:\/\/www.americanonewspaper.com\/es\/wp-json\/wp\/v2\/comments?post=28106"}],"version-history":[{"count":1,"href":"https:\/\/www.americanonewspaper.com\/es\/wp-json\/wp\/v2\/posts\/28106\/revisions"}],"predecessor-version":[{"id":28113,"href":"https:\/\/www.americanonewspaper.com\/es\/wp-json\/wp\/v2\/posts\/28106\/revisions\/28113"}],"wp:featuredmedia":[{"embeddable":true,"href":"https:\/\/www.americanonewspaper.com\/es\/wp-json\/wp\/v2\/media\/28112"}],"wp:attachment":[{"href":"https:\/\/www.americanonewspaper.com\/es\/wp-json\/wp\/v2\/media?parent=28106"}],"wp:term":[{"taxonomy":"category","embeddable":true,"href":"https:\/\/www.americanonewspaper.com\/es\/wp-json\/wp\/v2\/categories?post=28106"},{"taxonomy":"post_tag","embeddable":true,"href":"https:\/\/www.americanonewspaper.com\/es\/wp-json\/wp\/v2\/tags?post=28106"}],"curies":[{"name":"wp","href":"https:\/\/api.w.org\/{rel}","templated":true}]}}