{"id":28070,"date":"2025-08-11T22:50:37","date_gmt":"2025-08-12T02:50:37","guid":{"rendered":"https:\/\/www.americanonewspaper.com\/es\/?p=28070"},"modified":"2025-09-22T20:06:32","modified_gmt":"2025-09-23T00:06:32","slug":"shakira-logra-la-gira-latina-mas-grande-de-2025","status":"publish","type":"post","link":"https:\/\/www.americanonewspaper.com\/es\/shakira\/shakira-logra-la-gira-latina-mas-grande-de-2025\/","title":{"rendered":"Shakira logra &#8220;la gira latina m\u00e1s grande de 2025&#8221;"},"content":{"rendered":"\n<p>Nueva York, 11 ago (EFE).<\/p>\n\n\n\n<p class=\"has-drop-cap\">La cantante colombiana Shakira logra, al promediar agosto, la gira latina m\u00e1s grande de 2025 con &#8216;Las mujeres ya no lloran World Tour&#8217;, tras encadenar 22 conciertos con todas las entradas vendidas en Norteam\u00e9rica, seg\u00fan divulg\u00f3 este lunes Sony Music Latin.<\/p>\n\n\n\n<figure class=\"wp-block-image size-large is-resized\"><img fetchpriority=\"high\" decoding=\"async\" width=\"800\" height=\"365\" src=\"https:\/\/www.americanonewspaper.com\/es\/wp-content\/uploads\/2025\/08\/Screenshot-2025-02-20-at-9.11.40-AM-1920x877-2-7-800x365.webp\" alt=\"\" class=\"wp-image-28050\" style=\"width:1068px;height:auto\" srcset=\"https:\/\/www.americanonewspaper.com\/es\/wp-content\/uploads\/2025\/08\/Screenshot-2025-02-20-at-9.11.40-AM-1920x877-2-7-800x365.webp 800w, https:\/\/www.americanonewspaper.com\/es\/wp-content\/uploads\/2025\/08\/Screenshot-2025-02-20-at-9.11.40-AM-1920x877-2-7-300x137.webp 300w, https:\/\/www.americanonewspaper.com\/es\/wp-content\/uploads\/2025\/08\/Screenshot-2025-02-20-at-9.11.40-AM-1920x877-2-7-768x351.webp 768w, https:\/\/www.americanonewspaper.com\/es\/wp-content\/uploads\/2025\/08\/Screenshot-2025-02-20-at-9.11.40-AM-1920x877-2-7-1536x702.webp 1536w, https:\/\/www.americanonewspaper.com\/es\/wp-content\/uploads\/2025\/08\/Screenshot-2025-02-20-at-9.11.40-AM-1920x877-2-7-150x69.webp 150w, https:\/\/www.americanonewspaper.com\/es\/wp-content\/uploads\/2025\/08\/Screenshot-2025-02-20-at-9.11.40-AM-1920x877-2-7-696x318.webp 696w, https:\/\/www.americanonewspaper.com\/es\/wp-content\/uploads\/2025\/08\/Screenshot-2025-02-20-at-9.11.40-AM-1920x877-2-7-1068x488.webp 1068w, https:\/\/www.americanonewspaper.com\/es\/wp-content\/uploads\/2025\/08\/Screenshot-2025-02-20-at-9.11.40-AM-1920x877-2-7.webp 1920w\" sizes=\"(max-width: 800px) 100vw, 800px\" \/><\/figure>\n\n\n\n<p>La gira mundial inici\u00f3 en febrero en Latinoam\u00e9rica y sigui\u00f3 en mayo por Norteam\u00e9rica, regiones en las que ha vendido 2,5 millones de entradas y ha recaudado 215 millones de d\u00f3lares hasta el momento, indica un comunicado.<\/p>\n\n\n\n<p>El sello discogr\u00e1fico agrega que Shakira ocupa el segundo puesto en el informe de mitad de a\u00f1o de Billboard Boxscore, en el que figura solo por detr\u00e1s de la banda brit\u00e1nica Coldplay, lo que ya posiciona su gira como la m\u00e1s grande en la categor\u00eda latina.<\/p>\n\n\n\n<figure class=\"wp-block-image size-large is-resized\"><a href=\"https:\/\/www.globalautomall.com\/newdept.cfm\/page\/%20500-savings-for-americano-magazine-readers-2263\/\" target=\"_blank\" rel=\" noreferrer noopener\"><img decoding=\"async\" width=\"800\" height=\"367\" src=\"https:\/\/www.americanonewspaper.com\/es\/wp-content\/uploads\/2025\/08\/Globalhalf-7-800x367.webp\" alt=\"\" class=\"wp-image-28051\" style=\"width:1068px;height:auto\" srcset=\"https:\/\/www.americanonewspaper.com\/es\/wp-content\/uploads\/2025\/08\/Globalhalf-7-800x367.webp 800w, https:\/\/www.americanonewspaper.com\/es\/wp-content\/uploads\/2025\/08\/Globalhalf-7-300x138.webp 300w, https:\/\/www.americanonewspaper.com\/es\/wp-content\/uploads\/2025\/08\/Globalhalf-7-768x352.webp 768w, https:\/\/www.americanonewspaper.com\/es\/wp-content\/uploads\/2025\/08\/Globalhalf-7-150x69.webp 150w, https:\/\/www.americanonewspaper.com\/es\/wp-content\/uploads\/2025\/08\/Globalhalf-7-696x319.webp 696w, https:\/\/www.americanonewspaper.com\/es\/wp-content\/uploads\/2025\/08\/Globalhalf-7-1068x490.webp 1068w, https:\/\/www.americanonewspaper.com\/es\/wp-content\/uploads\/2025\/08\/Globalhalf-7.webp 1200w\" sizes=\"(max-width: 800px) 100vw, 800px\" \/><\/a><\/figure>\n\n\n\n<p>En su primera gira por estadios, la autora de &#8216;Hips don&#8217;t lie&#8217; colg\u00f3 el cartel de &#8216;sold out&#8217; en los 22 conciertos de Estados Unidos y Canad\u00e1, que inclu\u00edan noches consecutivas en grandes ciudades como Los \u00c1ngeles o Miami, y a los que han asistido unas 700.000 personas.<\/p>\n\n\n\n<p>El m\u00e1s reciente concierto en Norteam\u00e9rica fue el pasado viernes 8 de agosto en la peque\u00f1a ciudad de Fresno, en el coraz\u00f3n de la agricultura de California, y pese a ser una cita que anunci\u00f3 a \u00faltima hora, tambi\u00e9n llen\u00f3 de fans emocionados el estadio Valley Children.<\/p>\n\n\n\n<figure class=\"wp-block-image size-large is-resized\"><a href=\"https:\/\/www.nj.gov\/health\/saludreproductiva\/\" target=\"_blank\" rel=\" noreferrer noopener\"><img decoding=\"async\" width=\"800\" height=\"367\" src=\"https:\/\/www.americanonewspaper.com\/es\/wp-content\/uploads\/2025\/08\/Spanish-1-1920x880-9-800x367.jpg\" alt=\"\" class=\"wp-image-28052\" style=\"width:1068px;height:auto\" srcset=\"https:\/\/www.americanonewspaper.com\/es\/wp-content\/uploads\/2025\/08\/Spanish-1-1920x880-9-800x367.jpg 800w, https:\/\/www.americanonewspaper.com\/es\/wp-content\/uploads\/2025\/08\/Spanish-1-1920x880-9-300x138.jpg 300w, https:\/\/www.americanonewspaper.com\/es\/wp-content\/uploads\/2025\/08\/Spanish-1-1920x880-9-768x352.jpg 768w, https:\/\/www.americanonewspaper.com\/es\/wp-content\/uploads\/2025\/08\/Spanish-1-1920x880-9-1536x704.jpg 1536w, https:\/\/www.americanonewspaper.com\/es\/wp-content\/uploads\/2025\/08\/Spanish-1-1920x880-9-150x69.jpg 150w, https:\/\/www.americanonewspaper.com\/es\/wp-content\/uploads\/2025\/08\/Spanish-1-1920x880-9-696x319.jpg 696w, https:\/\/www.americanonewspaper.com\/es\/wp-content\/uploads\/2025\/08\/Spanish-1-1920x880-9-1068x490.jpg 1068w, https:\/\/www.americanonewspaper.com\/es\/wp-content\/uploads\/2025\/08\/Spanish-1-1920x880-9.jpg 1920w\" sizes=\"(max-width: 800px) 100vw, 800px\" \/><\/a><\/figure>\n\n\n\n<p>&#8220;Nunca, nunca pens\u00e9 que podr\u00edamos agotar entradas en toda una gira por los estadios en los EE.UU., y ustedes hicieron eso posible&#8221;, dijo all\u00ed la cantante, que agradeci\u00f3 a los asistentes un &#8220;sue\u00f1o hecho realidad&#8221;, seg\u00fan publicaron medios locales.<\/p>\n\n\n\n<p>Shakira comienza este lunes en Tijuana (M\u00e9xico) la segunda parte de su gira, que suma m\u00e1s de 30 conciertos en nueve pa\u00edses de Latinoam\u00e9rica y que se alargar\u00e1 hasta el 9 de diciembre, cuando concluye en el Estadio de V\u00e9lez Sarsfield en Buenos Aires (Argentina).<\/p>\n\n\n\n<figure class=\"wp-block-image size-large is-resized\"><a href=\"https:\/\/www.dchbrunswicktoyota.com\/espanol\/ofertas-especiales-toyota-north-brunswick.htm\" target=\"_blank\" rel=\" noreferrer noopener\"><img loading=\"lazy\" decoding=\"async\" width=\"800\" height=\"358\" src=\"https:\/\/www.americanonewspaper.com\/es\/wp-content\/uploads\/2025\/08\/f6c3b2f3-6406-459f-adf6-bb1b6b65f669-1-800x358.jpg\" alt=\"\" class=\"wp-image-28053\" style=\"width:1068px;height:auto\" srcset=\"https:\/\/www.americanonewspaper.com\/es\/wp-content\/uploads\/2025\/08\/f6c3b2f3-6406-459f-adf6-bb1b6b65f669-1-800x358.jpg 800w, https:\/\/www.americanonewspaper.com\/es\/wp-content\/uploads\/2025\/08\/f6c3b2f3-6406-459f-adf6-bb1b6b65f669-1-300x134.jpg 300w, https:\/\/www.americanonewspaper.com\/es\/wp-content\/uploads\/2025\/08\/f6c3b2f3-6406-459f-adf6-bb1b6b65f669-1-768x344.jpg 768w, https:\/\/www.americanonewspaper.com\/es\/wp-content\/uploads\/2025\/08\/f6c3b2f3-6406-459f-adf6-bb1b6b65f669-1-150x67.jpg 150w, https:\/\/www.americanonewspaper.com\/es\/wp-content\/uploads\/2025\/08\/f6c3b2f3-6406-459f-adf6-bb1b6b65f669-1-696x311.jpg 696w, https:\/\/www.americanonewspaper.com\/es\/wp-content\/uploads\/2025\/08\/f6c3b2f3-6406-459f-adf6-bb1b6b65f669-1-1068x478.jpg 1068w, https:\/\/www.americanonewspaper.com\/es\/wp-content\/uploads\/2025\/08\/f6c3b2f3-6406-459f-adf6-bb1b6b65f669-1.jpg 1140w\" sizes=\"(max-width: 800px) 100vw, 800px\" \/><\/a><\/figure>\n\n\n\n<p><\/p>\n","protected":false},"excerpt":{"rendered":"<p>Nueva York, 11 ago (EFE). La cantante colombiana Shakira logra, al promediar agosto, la gira latina m\u00e1s grande de 2025 con &#8216;Las mujeres ya no lloran World Tour&#8217;, tras encadenar 22 conciertos con todas las entradas vendidas en Norteam\u00e9rica, seg\u00fan divulg\u00f3 este lunes Sony Music Latin. La gira mundial inici\u00f3 en febrero en Latinoam\u00e9rica y [&hellip;]<\/p>\n","protected":false},"author":14,"featured_media":28071,"comment_status":"open","ping_status":"open","sticky":true,"template":"","format":"standard","meta":{"_acf_changed":false,"tdm_status":"","tdm_grid_status":"","_jetpack_memberships_contains_paid_content":false,"footnotes":"","jetpack_publicize_message":"","jetpack_publicize_feature_enabled":true,"jetpack_social_post_already_shared":true,"jetpack_social_options":{"image_generator_settings":{"template":"highway","default_image_id":0,"font":"","enabled":false},"version":2},"_wpas_customize_per_network":false},"categories":[677,1143,922],"tags":[],"class_list":{"0":"post-28070","1":"post","2":"type-post","3":"status-publish","4":"format-standard","5":"has-post-thumbnail","7":"category-musica","8":"category-norteamerica","9":"category-shakira"},"acf":[],"yoast_head":"<!-- This site is optimized with the Yoast SEO Premium plugin v27.5 (Yoast SEO v27.5) - https:\/\/yoast.com\/product\/yoast-seo-premium-wordpress\/ -->\n<title>Shakira logra &quot;la gira latina m\u00e1s grande de 2025&quot; - Americano Newspaper<\/title>\n<meta name=\"description\" content=\"La cantante colombiana Shakira logra, al promediar agosto, la gira latina m\u00e1s grande de 2025 con &#039;Las mujeres ya no lloran World Tour&#039;, tras encadenar 22 conciertos con todas las entradas vendidas en Norteam\u00e9rica, seg\u00fan divulg\u00f3 este lunes Sony Music Latin.\" \/>\n<meta name=\"robots\" content=\"index, follow, max-snippet:-1, max-image-preview:large, max-video-preview:-1\" \/>\n<link rel=\"canonical\" href=\"https:\/\/www.americanonewspaper.com\/es\/musica\/shakira-logra-la-gira-latina-mas-grande-de-2025\/\" \/>\n<meta property=\"og:locale\" content=\"en_US\" \/>\n<meta property=\"og:type\" content=\"article\" \/>\n<meta property=\"og:title\" content=\"Shakira logra &quot;la gira latina m\u00e1s grande de 2025&quot;\" \/>\n<meta property=\"og:description\" content=\"La cantante colombiana Shakira logra, al promediar agosto, la gira latina m\u00e1s grande de 2025 con &#039;Las mujeres ya no lloran World Tour&#039;, tras encadenar 22 conciertos con todas las entradas vendidas en Norteam\u00e9rica, seg\u00fan divulg\u00f3 este lunes Sony Music Latin.\" \/>\n<meta property=\"og:url\" content=\"https:\/\/www.americanonewspaper.com\/es\/musica\/shakira-logra-la-gira-latina-mas-grande-de-2025\/\" \/>\n<meta property=\"og:site_name\" content=\"Americano Newspaper\" \/>\n<meta property=\"article:publisher\" content=\"https:\/\/www.facebook.com\/AmericanoNewspaper\/\" \/>\n<meta property=\"article:published_time\" content=\"2025-08-12T02:50:37+00:00\" \/>\n<meta property=\"article:modified_time\" content=\"2025-09-23T00:06:32+00:00\" \/>\n<meta property=\"og:image\" content=\"https:\/\/www.americanonewspaper.com\/es\/wp-content\/uploads\/2025\/08\/ed369729865c4a1abe8bdb4f84e19f1844d3a35fminiw.jpg\" \/>\n\t<meta property=\"og:image:width\" content=\"900\" \/>\n\t<meta property=\"og:image:height\" content=\"553\" \/>\n\t<meta property=\"og:image:type\" content=\"image\/jpeg\" \/>\n<meta name=\"author\" content=\"Harmony Quintana\" \/>\n<meta name=\"twitter:card\" content=\"summary_large_image\" \/>\n<meta name=\"twitter:label1\" content=\"Written by\" \/>\n\t<meta name=\"twitter:data1\" content=\"Harmony Quintana\" \/>\n\t<meta name=\"twitter:label2\" content=\"Est. reading time\" \/>\n\t<meta name=\"twitter:data2\" content=\"3 minutes\" \/>\n<script type=\"application\/ld+json\" class=\"yoast-schema-graph\">{\"@context\":\"https:\\\/\\\/schema.org\",\"@graph\":[{\"@type\":\"Article\",\"@id\":\"https:\\\/\\\/www.americanonewspaper.com\\\/es\\\/musica\\\/shakira-logra-la-gira-latina-mas-grande-de-2025\\\/#article\",\"isPartOf\":{\"@id\":\"https:\\\/\\\/www.americanonewspaper.com\\\/es\\\/musica\\\/shakira-logra-la-gira-latina-mas-grande-de-2025\\\/\"},\"author\":{\"name\":\"Harmony Quintana\",\"@id\":\"https:\\\/\\\/www.americanonewspaper.com\\\/es\\\/#\\\/schema\\\/person\\\/82c7c1ac5e9a005b627b6c7db5361c90\"},\"headline\":\"Shakira logra &#8220;la gira latina m\u00e1s grande de 2025&#8221;\",\"datePublished\":\"2025-08-12T02:50:37+00:00\",\"dateModified\":\"2025-09-23T00:06:32+00:00\",\"mainEntityOfPage\":{\"@id\":\"https:\\\/\\\/www.americanonewspaper.com\\\/es\\\/musica\\\/shakira-logra-la-gira-latina-mas-grande-de-2025\\\/\"},\"wordCount\":335,\"commentCount\":0,\"publisher\":{\"@id\":\"https:\\\/\\\/www.americanonewspaper.com\\\/es\\\/#organization\"},\"image\":{\"@id\":\"https:\\\/\\\/www.americanonewspaper.com\\\/es\\\/musica\\\/shakira-logra-la-gira-latina-mas-grande-de-2025\\\/#primaryimage\"},\"thumbnailUrl\":\"https:\\\/\\\/www.americanonewspaper.com\\\/es\\\/wp-content\\\/uploads\\\/2025\\\/08\\\/ed369729865c4a1abe8bdb4f84e19f1844d3a35fminiw.jpg\",\"articleSection\":[\"M\u00fasica\",\"Norteam\u00e9rica\",\"Shakira\"],\"inLanguage\":\"en-US\",\"potentialAction\":[{\"@type\":\"CommentAction\",\"name\":\"Comment\",\"target\":[\"https:\\\/\\\/www.americanonewspaper.com\\\/es\\\/musica\\\/shakira-logra-la-gira-latina-mas-grande-de-2025\\\/#respond\"]}]},{\"@type\":\"WebPage\",\"@id\":\"https:\\\/\\\/www.americanonewspaper.com\\\/es\\\/musica\\\/shakira-logra-la-gira-latina-mas-grande-de-2025\\\/\",\"url\":\"https:\\\/\\\/www.americanonewspaper.com\\\/es\\\/musica\\\/shakira-logra-la-gira-latina-mas-grande-de-2025\\\/\",\"name\":\"Shakira logra \\\"la gira latina m\u00e1s grande de 2025\\\" - Americano Newspaper\",\"isPartOf\":{\"@id\":\"https:\\\/\\\/www.americanonewspaper.com\\\/es\\\/#website\"},\"primaryImageOfPage\":{\"@id\":\"https:\\\/\\\/www.americanonewspaper.com\\\/es\\\/musica\\\/shakira-logra-la-gira-latina-mas-grande-de-2025\\\/#primaryimage\"},\"image\":{\"@id\":\"https:\\\/\\\/www.americanonewspaper.com\\\/es\\\/musica\\\/shakira-logra-la-gira-latina-mas-grande-de-2025\\\/#primaryimage\"},\"thumbnailUrl\":\"https:\\\/\\\/www.americanonewspaper.com\\\/es\\\/wp-content\\\/uploads\\\/2025\\\/08\\\/ed369729865c4a1abe8bdb4f84e19f1844d3a35fminiw.jpg\",\"datePublished\":\"2025-08-12T02:50:37+00:00\",\"dateModified\":\"2025-09-23T00:06:32+00:00\",\"description\":\"La cantante colombiana Shakira logra, al promediar agosto, la gira latina m\u00e1s grande de 2025 con 'Las mujeres ya no lloran World Tour', tras encadenar 22 conciertos con todas las entradas vendidas en Norteam\u00e9rica, seg\u00fan divulg\u00f3 este lunes Sony Music Latin.\",\"breadcrumb\":{\"@id\":\"https:\\\/\\\/www.americanonewspaper.com\\\/es\\\/musica\\\/shakira-logra-la-gira-latina-mas-grande-de-2025\\\/#breadcrumb\"},\"inLanguage\":\"en-US\",\"potentialAction\":[{\"@type\":\"ReadAction\",\"target\":[\"https:\\\/\\\/www.americanonewspaper.com\\\/es\\\/musica\\\/shakira-logra-la-gira-latina-mas-grande-de-2025\\\/\"]}]},{\"@type\":\"ImageObject\",\"inLanguage\":\"en-US\",\"@id\":\"https:\\\/\\\/www.americanonewspaper.com\\\/es\\\/musica\\\/shakira-logra-la-gira-latina-mas-grande-de-2025\\\/#primaryimage\",\"url\":\"https:\\\/\\\/www.americanonewspaper.com\\\/es\\\/wp-content\\\/uploads\\\/2025\\\/08\\\/ed369729865c4a1abe8bdb4f84e19f1844d3a35fminiw.jpg\",\"contentUrl\":\"https:\\\/\\\/www.americanonewspaper.com\\\/es\\\/wp-content\\\/uploads\\\/2025\\\/08\\\/ed369729865c4a1abe8bdb4f84e19f1844d3a35fminiw.jpg\",\"width\":900,\"height\":553,\"caption\":\"Fotograf\u00eda de archivo, tomada el pasado 22 de febrero, de la cantante colombiana Shakira, durante una de sus presentaciones de la gira 'Las mujeres ya no lloran World Tour', en el estadio El Camp\u00edn, en Bogot\u00e1 (Colombia). EFE\\\/Mauricio Due\u00f1as\"},{\"@type\":\"BreadcrumbList\",\"@id\":\"https:\\\/\\\/www.americanonewspaper.com\\\/es\\\/musica\\\/shakira-logra-la-gira-latina-mas-grande-de-2025\\\/#breadcrumb\",\"itemListElement\":[{\"@type\":\"ListItem\",\"position\":1,\"name\":\"Home\",\"item\":\"https:\\\/\\\/www.americanonewspaper.com\\\/es\\\/\"},{\"@type\":\"ListItem\",\"position\":2,\"name\":\"Shakira logra &#8220;la gira latina m\u00e1s grande de 2025&#8221;\"}]},{\"@type\":\"WebSite\",\"@id\":\"https:\\\/\\\/www.americanonewspaper.com\\\/es\\\/#website\",\"url\":\"https:\\\/\\\/www.americanonewspaper.com\\\/es\\\/\",\"name\":\"Americano Newspaper\",\"description\":\"The Hispanic Newspaper of New Jersey.\",\"publisher\":{\"@id\":\"https:\\\/\\\/www.americanonewspaper.com\\\/es\\\/#organization\"},\"potentialAction\":[{\"@type\":\"SearchAction\",\"target\":{\"@type\":\"EntryPoint\",\"urlTemplate\":\"https:\\\/\\\/www.americanonewspaper.com\\\/es\\\/?s={search_term_string}\"},\"query-input\":{\"@type\":\"PropertyValueSpecification\",\"valueRequired\":true,\"valueName\":\"search_term_string\"}}],\"inLanguage\":\"en-US\"},{\"@type\":\"Organization\",\"@id\":\"https:\\\/\\\/www.americanonewspaper.com\\\/es\\\/#organization\",\"name\":\"Americano Newspaper\",\"url\":\"https:\\\/\\\/www.americanonewspaper.com\\\/es\\\/\",\"logo\":{\"@type\":\"ImageObject\",\"inLanguage\":\"en-US\",\"@id\":\"https:\\\/\\\/www.americanonewspaper.com\\\/es\\\/#\\\/schema\\\/logo\\\/image\\\/\",\"url\":\"https:\\\/\\\/www.americanonewspaper.com\\\/es\\\/wp-content\\\/uploads\\\/2024\\\/05\\\/AmericanoLogoCircle.comCircle2.jpg\",\"contentUrl\":\"https:\\\/\\\/www.americanonewspaper.com\\\/es\\\/wp-content\\\/uploads\\\/2024\\\/05\\\/AmericanoLogoCircle.comCircle2.jpg\",\"width\":600,\"height\":600,\"caption\":\"Americano Newspaper\"},\"image\":{\"@id\":\"https:\\\/\\\/www.americanonewspaper.com\\\/es\\\/#\\\/schema\\\/logo\\\/image\\\/\"},\"sameAs\":[\"https:\\\/\\\/www.facebook.com\\\/AmericanoNewspaper\\\/\"]},{\"@type\":\"Person\",\"@id\":\"https:\\\/\\\/www.americanonewspaper.com\\\/es\\\/#\\\/schema\\\/person\\\/82c7c1ac5e9a005b627b6c7db5361c90\",\"name\":\"Harmony Quintana\",\"image\":{\"@type\":\"ImageObject\",\"inLanguage\":\"en-US\",\"@id\":\"https:\\\/\\\/www.americanonewspaper.com\\\/es\\\/wp-content\\\/litespeed\\\/avatar\\\/656e5d40e40a67e90b0fee2acae8a764.jpg?ver=1777427866\",\"url\":\"https:\\\/\\\/www.americanonewspaper.com\\\/es\\\/wp-content\\\/litespeed\\\/avatar\\\/656e5d40e40a67e90b0fee2acae8a764.jpg?ver=1777427866\",\"contentUrl\":\"https:\\\/\\\/www.americanonewspaper.com\\\/es\\\/wp-content\\\/litespeed\\\/avatar\\\/656e5d40e40a67e90b0fee2acae8a764.jpg?ver=1777427866\",\"caption\":\"Harmony Quintana\"},\"sameAs\":[\"http:\\\/\\\/www.americanonewspaper.com\"],\"url\":\"https:\\\/\\\/www.americanonewspaper.com\\\/es\\\/author\\\/harmony\\\/\"}]}<\/script>\n<!-- \/ Yoast SEO Premium plugin. -->","yoast_head_json":{"title":"Shakira logra \"la gira latina m\u00e1s grande de 2025\" - Americano Newspaper","description":"La cantante colombiana Shakira logra, al promediar agosto, la gira latina m\u00e1s grande de 2025 con 'Las mujeres ya no lloran World Tour', tras encadenar 22 conciertos con todas las entradas vendidas en Norteam\u00e9rica, seg\u00fan divulg\u00f3 este lunes Sony Music Latin.","robots":{"index":"index","follow":"follow","max-snippet":"max-snippet:-1","max-image-preview":"max-image-preview:large","max-video-preview":"max-video-preview:-1"},"canonical":"https:\/\/www.americanonewspaper.com\/es\/musica\/shakira-logra-la-gira-latina-mas-grande-de-2025\/","og_locale":"en_US","og_type":"article","og_title":"Shakira logra \"la gira latina m\u00e1s grande de 2025\"","og_description":"La cantante colombiana Shakira logra, al promediar agosto, la gira latina m\u00e1s grande de 2025 con 'Las mujeres ya no lloran World Tour', tras encadenar 22 conciertos con todas las entradas vendidas en Norteam\u00e9rica, seg\u00fan divulg\u00f3 este lunes Sony Music Latin.","og_url":"https:\/\/www.americanonewspaper.com\/es\/musica\/shakira-logra-la-gira-latina-mas-grande-de-2025\/","og_site_name":"Americano Newspaper","article_publisher":"https:\/\/www.facebook.com\/AmericanoNewspaper\/","article_published_time":"2025-08-12T02:50:37+00:00","article_modified_time":"2025-09-23T00:06:32+00:00","og_image":[{"width":900,"height":553,"url":"https:\/\/www.americanonewspaper.com\/es\/wp-content\/uploads\/2025\/08\/ed369729865c4a1abe8bdb4f84e19f1844d3a35fminiw.jpg","type":"image\/jpeg"}],"author":"Harmony Quintana","twitter_card":"summary_large_image","twitter_misc":{"Written by":"Harmony Quintana","Est. reading time":"3 minutes"},"schema":{"@context":"https:\/\/schema.org","@graph":[{"@type":"Article","@id":"https:\/\/www.americanonewspaper.com\/es\/musica\/shakira-logra-la-gira-latina-mas-grande-de-2025\/#article","isPartOf":{"@id":"https:\/\/www.americanonewspaper.com\/es\/musica\/shakira-logra-la-gira-latina-mas-grande-de-2025\/"},"author":{"name":"Harmony Quintana","@id":"https:\/\/www.americanonewspaper.com\/es\/#\/schema\/person\/82c7c1ac5e9a005b627b6c7db5361c90"},"headline":"Shakira logra &#8220;la gira latina m\u00e1s grande de 2025&#8221;","datePublished":"2025-08-12T02:50:37+00:00","dateModified":"2025-09-23T00:06:32+00:00","mainEntityOfPage":{"@id":"https:\/\/www.americanonewspaper.com\/es\/musica\/shakira-logra-la-gira-latina-mas-grande-de-2025\/"},"wordCount":335,"commentCount":0,"publisher":{"@id":"https:\/\/www.americanonewspaper.com\/es\/#organization"},"image":{"@id":"https:\/\/www.americanonewspaper.com\/es\/musica\/shakira-logra-la-gira-latina-mas-grande-de-2025\/#primaryimage"},"thumbnailUrl":"https:\/\/www.americanonewspaper.com\/es\/wp-content\/uploads\/2025\/08\/ed369729865c4a1abe8bdb4f84e19f1844d3a35fminiw.jpg","articleSection":["M\u00fasica","Norteam\u00e9rica","Shakira"],"inLanguage":"en-US","potentialAction":[{"@type":"CommentAction","name":"Comment","target":["https:\/\/www.americanonewspaper.com\/es\/musica\/shakira-logra-la-gira-latina-mas-grande-de-2025\/#respond"]}]},{"@type":"WebPage","@id":"https:\/\/www.americanonewspaper.com\/es\/musica\/shakira-logra-la-gira-latina-mas-grande-de-2025\/","url":"https:\/\/www.americanonewspaper.com\/es\/musica\/shakira-logra-la-gira-latina-mas-grande-de-2025\/","name":"Shakira logra \"la gira latina m\u00e1s grande de 2025\" - Americano Newspaper","isPartOf":{"@id":"https:\/\/www.americanonewspaper.com\/es\/#website"},"primaryImageOfPage":{"@id":"https:\/\/www.americanonewspaper.com\/es\/musica\/shakira-logra-la-gira-latina-mas-grande-de-2025\/#primaryimage"},"image":{"@id":"https:\/\/www.americanonewspaper.com\/es\/musica\/shakira-logra-la-gira-latina-mas-grande-de-2025\/#primaryimage"},"thumbnailUrl":"https:\/\/www.americanonewspaper.com\/es\/wp-content\/uploads\/2025\/08\/ed369729865c4a1abe8bdb4f84e19f1844d3a35fminiw.jpg","datePublished":"2025-08-12T02:50:37+00:00","dateModified":"2025-09-23T00:06:32+00:00","description":"La cantante colombiana Shakira logra, al promediar agosto, la gira latina m\u00e1s grande de 2025 con 'Las mujeres ya no lloran World Tour', tras encadenar 22 conciertos con todas las entradas vendidas en Norteam\u00e9rica, seg\u00fan divulg\u00f3 este lunes Sony Music Latin.","breadcrumb":{"@id":"https:\/\/www.americanonewspaper.com\/es\/musica\/shakira-logra-la-gira-latina-mas-grande-de-2025\/#breadcrumb"},"inLanguage":"en-US","potentialAction":[{"@type":"ReadAction","target":["https:\/\/www.americanonewspaper.com\/es\/musica\/shakira-logra-la-gira-latina-mas-grande-de-2025\/"]}]},{"@type":"ImageObject","inLanguage":"en-US","@id":"https:\/\/www.americanonewspaper.com\/es\/musica\/shakira-logra-la-gira-latina-mas-grande-de-2025\/#primaryimage","url":"https:\/\/www.americanonewspaper.com\/es\/wp-content\/uploads\/2025\/08\/ed369729865c4a1abe8bdb4f84e19f1844d3a35fminiw.jpg","contentUrl":"https:\/\/www.americanonewspaper.com\/es\/wp-content\/uploads\/2025\/08\/ed369729865c4a1abe8bdb4f84e19f1844d3a35fminiw.jpg","width":900,"height":553,"caption":"Fotograf\u00eda de archivo, tomada el pasado 22 de febrero, de la cantante colombiana Shakira, durante una de sus presentaciones de la gira 'Las mujeres ya no lloran World Tour', en el estadio El Camp\u00edn, en Bogot\u00e1 (Colombia). EFE\/Mauricio Due\u00f1as"},{"@type":"BreadcrumbList","@id":"https:\/\/www.americanonewspaper.com\/es\/musica\/shakira-logra-la-gira-latina-mas-grande-de-2025\/#breadcrumb","itemListElement":[{"@type":"ListItem","position":1,"name":"Home","item":"https:\/\/www.americanonewspaper.com\/es\/"},{"@type":"ListItem","position":2,"name":"Shakira logra &#8220;la gira latina m\u00e1s grande de 2025&#8221;"}]},{"@type":"WebSite","@id":"https:\/\/www.americanonewspaper.com\/es\/#website","url":"https:\/\/www.americanonewspaper.com\/es\/","name":"Americano Newspaper","description":"The Hispanic Newspaper of New Jersey.","publisher":{"@id":"https:\/\/www.americanonewspaper.com\/es\/#organization"},"potentialAction":[{"@type":"SearchAction","target":{"@type":"EntryPoint","urlTemplate":"https:\/\/www.americanonewspaper.com\/es\/?s={search_term_string}"},"query-input":{"@type":"PropertyValueSpecification","valueRequired":true,"valueName":"search_term_string"}}],"inLanguage":"en-US"},{"@type":"Organization","@id":"https:\/\/www.americanonewspaper.com\/es\/#organization","name":"Americano Newspaper","url":"https:\/\/www.americanonewspaper.com\/es\/","logo":{"@type":"ImageObject","inLanguage":"en-US","@id":"https:\/\/www.americanonewspaper.com\/es\/#\/schema\/logo\/image\/","url":"https:\/\/www.americanonewspaper.com\/es\/wp-content\/uploads\/2024\/05\/AmericanoLogoCircle.comCircle2.jpg","contentUrl":"https:\/\/www.americanonewspaper.com\/es\/wp-content\/uploads\/2024\/05\/AmericanoLogoCircle.comCircle2.jpg","width":600,"height":600,"caption":"Americano Newspaper"},"image":{"@id":"https:\/\/www.americanonewspaper.com\/es\/#\/schema\/logo\/image\/"},"sameAs":["https:\/\/www.facebook.com\/AmericanoNewspaper\/"]},{"@type":"Person","@id":"https:\/\/www.americanonewspaper.com\/es\/#\/schema\/person\/82c7c1ac5e9a005b627b6c7db5361c90","name":"Harmony Quintana","image":{"@type":"ImageObject","inLanguage":"en-US","@id":"https:\/\/www.americanonewspaper.com\/es\/wp-content\/litespeed\/avatar\/656e5d40e40a67e90b0fee2acae8a764.jpg?ver=1777427866","url":"https:\/\/www.americanonewspaper.com\/es\/wp-content\/litespeed\/avatar\/656e5d40e40a67e90b0fee2acae8a764.jpg?ver=1777427866","contentUrl":"https:\/\/www.americanonewspaper.com\/es\/wp-content\/litespeed\/avatar\/656e5d40e40a67e90b0fee2acae8a764.jpg?ver=1777427866","caption":"Harmony Quintana"},"sameAs":["http:\/\/www.americanonewspaper.com"],"url":"https:\/\/www.americanonewspaper.com\/es\/author\/harmony\/"}]}},"jetpack_publicize_connections":[],"jetpack_featured_media_url":"https:\/\/www.americanonewspaper.com\/es\/wp-content\/uploads\/2025\/08\/ed369729865c4a1abe8bdb4f84e19f1844d3a35fminiw.jpg","featured_image_urls":{"full":["https:\/\/www.americanonewspaper.com\/es\/wp-content\/uploads\/2025\/08\/ed369729865c4a1abe8bdb4f84e19f1844d3a35fminiw.jpg",900,553,false],"thumbnail":["https:\/\/www.americanonewspaper.com\/es\/wp-content\/uploads\/2025\/08\/ed369729865c4a1abe8bdb4f84e19f1844d3a35fminiw-250x250.jpg",250,250,true],"medium":["https:\/\/www.americanonewspaper.com\/es\/wp-content\/uploads\/2025\/08\/ed369729865c4a1abe8bdb4f84e19f1844d3a35fminiw-300x184.jpg",300,184,true],"medium_large":["https:\/\/www.americanonewspaper.com\/es\/wp-content\/uploads\/2025\/08\/ed369729865c4a1abe8bdb4f84e19f1844d3a35fminiw-768x472.jpg",696,428,true],"large":["https:\/\/www.americanonewspaper.com\/es\/wp-content\/uploads\/2025\/08\/ed369729865c4a1abe8bdb4f84e19f1844d3a35fminiw-800x492.jpg",696,428,true],"1536x1536":["https:\/\/www.americanonewspaper.com\/es\/wp-content\/uploads\/2025\/08\/ed369729865c4a1abe8bdb4f84e19f1844d3a35fminiw.jpg",900,553,false],"2048x2048":["https:\/\/www.americanonewspaper.com\/es\/wp-content\/uploads\/2025\/08\/ed369729865c4a1abe8bdb4f84e19f1844d3a35fminiw.jpg",900,553,false],"td_150x0":["https:\/\/www.americanonewspaper.com\/es\/wp-content\/uploads\/2025\/08\/ed369729865c4a1abe8bdb4f84e19f1844d3a35fminiw-150x92.jpg",150,92,true],"td_218x150":["https:\/\/www.americanonewspaper.com\/es\/wp-content\/uploads\/2025\/08\/ed369729865c4a1abe8bdb4f84e19f1844d3a35fminiw-218x150.jpg",218,150,true],"td_300x0":["https:\/\/www.americanonewspaper.com\/es\/wp-content\/uploads\/2025\/08\/ed369729865c4a1abe8bdb4f84e19f1844d3a35fminiw-300x184.jpg",300,184,true],"td_324x400":["https:\/\/www.americanonewspaper.com\/es\/wp-content\/uploads\/2025\/08\/ed369729865c4a1abe8bdb4f84e19f1844d3a35fminiw-324x400.jpg",324,400,true],"td_485x360":["https:\/\/www.americanonewspaper.com\/es\/wp-content\/uploads\/2025\/08\/ed369729865c4a1abe8bdb4f84e19f1844d3a35fminiw-485x360.jpg",485,360,true],"td_696x0":["https:\/\/www.americanonewspaper.com\/es\/wp-content\/uploads\/2025\/08\/ed369729865c4a1abe8bdb4f84e19f1844d3a35fminiw-696x428.jpg",696,428,true],"td_1068x0":["https:\/\/www.americanonewspaper.com\/es\/wp-content\/uploads\/2025\/08\/ed369729865c4a1abe8bdb4f84e19f1844d3a35fminiw.jpg",900,553,false],"td_1920x0":["https:\/\/www.americanonewspaper.com\/es\/wp-content\/uploads\/2025\/08\/ed369729865c4a1abe8bdb4f84e19f1844d3a35fminiw.jpg",900,553,false],"bdpp-medium":["https:\/\/www.americanonewspaper.com\/es\/wp-content\/uploads\/2025\/08\/ed369729865c4a1abe8bdb4f84e19f1844d3a35fminiw-640x480.jpg",640,480,true]},"author_info":{"display_name":"Harmony Quintana","author_link":"https:\/\/www.americanonewspaper.com\/es\/author\/harmony\/"},"category_info":"<a href=\"https:\/\/www.americanonewspaper.com\/es\/category\/musica\/\" rel=\"category tag\">M\u00fasica<\/a> <a href=\"https:\/\/www.americanonewspaper.com\/es\/category\/norteamerica\/\" rel=\"category tag\">Norteam\u00e9rica<\/a> <a href=\"https:\/\/www.americanonewspaper.com\/es\/category\/shakira\/\" rel=\"category tag\">Shakira<\/a>","tag_info":"Shakira","comment_count":"0","jetpack_sharing_enabled":true,"jetpack_likes_enabled":true,"_links":{"self":[{"href":"https:\/\/www.americanonewspaper.com\/es\/wp-json\/wp\/v2\/posts\/28070","targetHints":{"allow":["GET"]}}],"collection":[{"href":"https:\/\/www.americanonewspaper.com\/es\/wp-json\/wp\/v2\/posts"}],"about":[{"href":"https:\/\/www.americanonewspaper.com\/es\/wp-json\/wp\/v2\/types\/post"}],"author":[{"embeddable":true,"href":"https:\/\/www.americanonewspaper.com\/es\/wp-json\/wp\/v2\/users\/14"}],"replies":[{"embeddable":true,"href":"https:\/\/www.americanonewspaper.com\/es\/wp-json\/wp\/v2\/comments?post=28070"}],"version-history":[{"count":1,"href":"https:\/\/www.americanonewspaper.com\/es\/wp-json\/wp\/v2\/posts\/28070\/revisions"}],"predecessor-version":[{"id":28072,"href":"https:\/\/www.americanonewspaper.com\/es\/wp-json\/wp\/v2\/posts\/28070\/revisions\/28072"}],"wp:featuredmedia":[{"embeddable":true,"href":"https:\/\/www.americanonewspaper.com\/es\/wp-json\/wp\/v2\/media\/28071"}],"wp:attachment":[{"href":"https:\/\/www.americanonewspaper.com\/es\/wp-json\/wp\/v2\/media?parent=28070"}],"wp:term":[{"taxonomy":"category","embeddable":true,"href":"https:\/\/www.americanonewspaper.com\/es\/wp-json\/wp\/v2\/categories?post=28070"},{"taxonomy":"post_tag","embeddable":true,"href":"https:\/\/www.americanonewspaper.com\/es\/wp-json\/wp\/v2\/tags?post=28070"}],"curies":[{"name":"wp","href":"https:\/\/api.w.org\/{rel}","templated":true}]}}