{"id":28031,"date":"2025-08-09T11:43:56","date_gmt":"2025-08-09T15:43:56","guid":{"rendered":"https:\/\/www.americanonewspaper.com\/es\/?p=28031"},"modified":"2025-08-09T11:43:59","modified_gmt":"2025-08-09T15:43:59","slug":"la-salud-lo-aparta-del-futbol-joan-gonzalez-anuncia-su-retirada-con-solo-23-anos","status":"publish","type":"post","link":"https:\/\/www.americanonewspaper.com\/es\/deportes\/la-salud-lo-aparta-del-futbol-joan-gonzalez-anuncia-su-retirada-con-solo-23-anos\/","title":{"rendered":"La salud lo aparta del f\u00fatbol: Joan Gonz\u00e1lez anuncia su retirada con solo 23 a\u00f1os"},"content":{"rendered":"\n<p class=\"dropcapp3\">El espa\u00f1ol Joan Gonz\u00e1lez, jugador del Lecce y canterano del Barcelona, anunci\u00f3 su retirada a los 23 a\u00f1os debido a un problema card\u00edaco que le fue detectado en 2024.<\/p>\n\n\n\n<p>El joven centrocampista, que lleg\u00f3 a Italia en 2021 procedente del Barcelona para sumarse al equipo sub-19 del Lecce, se asent\u00f3 en el primer equipo en Serie A durante las temporadas 2022-2023 y 2023-2024, en las que disput\u00f3 66 partidos, en los que sum\u00f3 2 goles y dio 4 asistencias.<\/p>\n\n\n<div class=\"wp-block-image\">\n<figure class=\"aligncenter size-full is-resized\"><a href=\"https:\/\/propertyleads.go2cloud.org\/aff_c?offer_id=2&amp;aff_id=22&amp;source=1233&amp;aff_sub=41621&amp;aff_sub2=270H&amp;mb_tx_id=6558169\" target=\"_blank\" rel=\" noreferrer noopener\"><img fetchpriority=\"high\" decoding=\"async\" width=\"800\" height=\"206\" src=\"https:\/\/www.americanonewspaper.com\/es\/wp-content\/uploads\/2025\/08\/dfedhc-digital-970x250-9-800x206-1-6.gif\" alt=\"\" class=\"wp-image-28036\" style=\"width:1068px;height:auto\"\/><\/a><\/figure>\n<\/div>\n\n\n<p>Sin embargo, no pudo jugar la pasada campa\u00f1a por una anomal\u00eda card\u00edaca que le fue diagnosticada en los controles m\u00e9dicos de pretemporada, en el verano de 2024.<\/p>\n\n\n\n<p>Un a\u00f1o despu\u00e9s de recibir el diagn\u00f3stico, Joan Gonz\u00e1lez anunci\u00f3 en sus redes sociales que cuelga las botas por el mencionado problema.<\/p>\n\n\n<div class=\"wp-block-image\">\n<figure class=\"aligncenter size-large is-resized\"><img decoding=\"async\" width=\"800\" height=\"365\" src=\"https:\/\/www.americanonewspaper.com\/es\/wp-content\/uploads\/2025\/08\/Screenshot-2025-02-20-at-9.11.40-AM-1920x877-2-6-800x365.webp\" alt=\"\" class=\"wp-image-28037\" style=\"width:1068px;height:auto\" srcset=\"https:\/\/www.americanonewspaper.com\/es\/wp-content\/uploads\/2025\/08\/Screenshot-2025-02-20-at-9.11.40-AM-1920x877-2-6-800x365.webp 800w, https:\/\/www.americanonewspaper.com\/es\/wp-content\/uploads\/2025\/08\/Screenshot-2025-02-20-at-9.11.40-AM-1920x877-2-6-300x137.webp 300w, https:\/\/www.americanonewspaper.com\/es\/wp-content\/uploads\/2025\/08\/Screenshot-2025-02-20-at-9.11.40-AM-1920x877-2-6-768x351.webp 768w, https:\/\/www.americanonewspaper.com\/es\/wp-content\/uploads\/2025\/08\/Screenshot-2025-02-20-at-9.11.40-AM-1920x877-2-6-1536x702.webp 1536w, https:\/\/www.americanonewspaper.com\/es\/wp-content\/uploads\/2025\/08\/Screenshot-2025-02-20-at-9.11.40-AM-1920x877-2-6-150x69.webp 150w, https:\/\/www.americanonewspaper.com\/es\/wp-content\/uploads\/2025\/08\/Screenshot-2025-02-20-at-9.11.40-AM-1920x877-2-6-696x318.webp 696w, https:\/\/www.americanonewspaper.com\/es\/wp-content\/uploads\/2025\/08\/Screenshot-2025-02-20-at-9.11.40-AM-1920x877-2-6-1068x488.webp 1068w, https:\/\/www.americanonewspaper.com\/es\/wp-content\/uploads\/2025\/08\/Screenshot-2025-02-20-at-9.11.40-AM-1920x877-2-6.webp 1920w\" sizes=\"(max-width: 800px) 100vw, 800px\" \/><\/figure>\n<\/div>\n\n\n<p>&#8220;Es uno de los d\u00edas m\u00e1s dif\u00edciles, pero tambi\u00e9n uno de los m\u00e1s significativos de mi vida, tanto a nivel personal como profesional. Despu\u00e9s de meses de reflexi\u00f3n y momentos de incertidumbre, ha llegado el momento de comunicar que pongo punto final a mi etapa como futbolista&#8221;, expres\u00f3 en su mensaje.<\/p>\n\n\n\n<p>&#8220;Recuerdo los d\u00edas de partido como si fueran ayer: el tacto del c\u00e9sped mojado, los gritos de la grada, el sonido seco del bal\u00f3n al golpear la bota, los nervios antes del pitido inicial&#8230; Momentos que, ahora, siento muy dentro porque s\u00e9 que no volver\u00e1n&#8221;, apunt\u00f3.<\/p>\n\n\n<div class=\"wp-block-image\">\n<figure class=\"aligncenter size-large is-resized\"><a href=\"https:\/\/www.globalautomall.com\/newdept.cfm\/page\/500-savings-for-americano-magazine-readers-2263\/\" target=\"_blank\" rel=\" noreferrer noopener\"><img decoding=\"async\" width=\"800\" height=\"367\" src=\"https:\/\/www.americanonewspaper.com\/es\/wp-content\/uploads\/2025\/08\/Globalhalf-6-800x367.webp\" alt=\"\" class=\"wp-image-28038\" style=\"width:1068px;height:auto\" srcset=\"https:\/\/www.americanonewspaper.com\/es\/wp-content\/uploads\/2025\/08\/Globalhalf-6-800x367.webp 800w, https:\/\/www.americanonewspaper.com\/es\/wp-content\/uploads\/2025\/08\/Globalhalf-6-300x138.webp 300w, https:\/\/www.americanonewspaper.com\/es\/wp-content\/uploads\/2025\/08\/Globalhalf-6-768x352.webp 768w, https:\/\/www.americanonewspaper.com\/es\/wp-content\/uploads\/2025\/08\/Globalhalf-6-150x69.webp 150w, https:\/\/www.americanonewspaper.com\/es\/wp-content\/uploads\/2025\/08\/Globalhalf-6-696x319.webp 696w, https:\/\/www.americanonewspaper.com\/es\/wp-content\/uploads\/2025\/08\/Globalhalf-6-1068x490.webp 1068w, https:\/\/www.americanonewspaper.com\/es\/wp-content\/uploads\/2025\/08\/Globalhalf-6.webp 1200w\" sizes=\"(max-width: 800px) 100vw, 800px\" \/><\/a><\/figure>\n<\/div>\n\n\n<p>&#8220;Todo aquello que un d\u00eda ve\u00eda como habitual, hoy s\u00e9 que era especial. Y por eso, quiero dar las gracias&#8221;, a\u00f1adi\u00f3. <\/p>\n\n\n\n<p><a href=\"https:\/\/www.americanonewspaper.com\/es\/\">Americanonewspaper <\/a>(EFE)<\/p>\n\n\n<div class=\"wp-block-image\">\n<figure class=\"aligncenter size-large is-resized\"><a href=\"https:\/\/www.dchbrunswicktoyota.com\/espanol\/ofertas-especiales-toyota-north-brunswick.htm\" target=\"_blank\" rel=\" noreferrer noopener\"><img loading=\"lazy\" decoding=\"async\" width=\"800\" height=\"358\" src=\"https:\/\/www.americanonewspaper.com\/es\/wp-content\/uploads\/2025\/08\/Spanish-Toyota-copy-1-4-800x358.jpg\" alt=\"\" class=\"wp-image-28039\" style=\"width:1068px;height:auto\" srcset=\"https:\/\/www.americanonewspaper.com\/es\/wp-content\/uploads\/2025\/08\/Spanish-Toyota-copy-1-4-800x358.jpg 800w, https:\/\/www.americanonewspaper.com\/es\/wp-content\/uploads\/2025\/08\/Spanish-Toyota-copy-1-4-300x134.jpg 300w, https:\/\/www.americanonewspaper.com\/es\/wp-content\/uploads\/2025\/08\/Spanish-Toyota-copy-1-4-768x344.jpg 768w, https:\/\/www.americanonewspaper.com\/es\/wp-content\/uploads\/2025\/08\/Spanish-Toyota-copy-1-4-150x67.jpg 150w, https:\/\/www.americanonewspaper.com\/es\/wp-content\/uploads\/2025\/08\/Spanish-Toyota-copy-1-4-696x311.jpg 696w, https:\/\/www.americanonewspaper.com\/es\/wp-content\/uploads\/2025\/08\/Spanish-Toyota-copy-1-4-1068x478.jpg 1068w, https:\/\/www.americanonewspaper.com\/es\/wp-content\/uploads\/2025\/08\/Spanish-Toyota-copy-1-4.jpg 1140w\" sizes=\"(max-width: 800px) 100vw, 800px\" \/><\/a><figcaption class=\"wp-element-caption\">Screenshot<\/figcaption><\/figure>\n<\/div>","protected":false},"excerpt":{"rendered":"<p>El espa\u00f1ol Joan Gonz\u00e1lez, jugador del Lecce y canterano del Barcelona, anunci\u00f3 su retirada a los 23 a\u00f1os debido a un problema card\u00edaco que le fue detectado en 2024. El joven centrocampista, que lleg\u00f3 a Italia en 2021 procedente del Barcelona para sumarse al equipo sub-19 del Lecce, se asent\u00f3 en el primer equipo en [&hellip;]<\/p>\n","protected":false},"author":18,"featured_media":28040,"comment_status":"open","ping_status":"open","sticky":false,"template":"","format":"standard","meta":{"_acf_changed":false,"tdm_status":"","tdm_grid_status":"","_jetpack_memberships_contains_paid_content":false,"footnotes":"","jetpack_publicize_message":"","jetpack_publicize_feature_enabled":true,"jetpack_social_post_already_shared":true,"jetpack_social_options":{"image_generator_settings":{"template":"highway","default_image_id":0,"font":"","enabled":false},"version":2},"_wpas_customize_per_network":false},"categories":[885,607,567,170,608],"tags":[1139],"class_list":{"0":"post-28031","1":"post","2":"type-post","3":"status-publish","4":"format-standard","5":"has-post-thumbnail","7":"category-barca","9":"category-espana","10":"category-europe","11":"category-futbol-2","12":"tag-futbol-barcelona-jugadores-futbolistas"},"acf":[],"yoast_head":"<!-- This site is optimized with the Yoast SEO Premium plugin v27.5 (Yoast SEO v27.5) - https:\/\/yoast.com\/product\/yoast-seo-premium-wordpress\/ -->\n<title>La salud lo aparta del f\u00fatbol: Joan Gonz\u00e1lez anuncia su retirada con solo 23 a\u00f1os - Americano Newspaper<\/title>\n<meta name=\"description\" content=\"El espa\u00f1ol Joan Gonz\u00e1lez, jugador del Lecce y canterano del Barcelona, anunci\u00f3 su retirada a los 23 a\u00f1os debido a un problema card\u00edaco que le fue detectado en 2024.\" \/>\n<meta name=\"robots\" content=\"index, follow, max-snippet:-1, max-image-preview:large, max-video-preview:-1\" \/>\n<link rel=\"canonical\" href=\"https:\/\/www.americanonewspaper.com\/es\/deportes\/la-salud-lo-aparta-del-futbol-joan-gonzalez-anuncia-su-retirada-con-solo-23-anos\/\" \/>\n<meta property=\"og:locale\" content=\"en_US\" \/>\n<meta property=\"og:type\" content=\"article\" \/>\n<meta property=\"og:title\" content=\"La salud lo aparta del f\u00fatbol: Joan Gonz\u00e1lez anuncia su retirada con solo 23 a\u00f1os\" \/>\n<meta property=\"og:description\" content=\"El espa\u00f1ol Joan Gonz\u00e1lez, jugador del Lecce y canterano del Barcelona, anunci\u00f3 su retirada a los 23 a\u00f1os debido a un problema card\u00edaco que le fue detectado en 2024.\" \/>\n<meta property=\"og:url\" content=\"https:\/\/www.americanonewspaper.com\/es\/deportes\/la-salud-lo-aparta-del-futbol-joan-gonzalez-anuncia-su-retirada-con-solo-23-anos\/\" \/>\n<meta property=\"og:site_name\" content=\"Americano Newspaper\" \/>\n<meta property=\"article:publisher\" content=\"https:\/\/www.facebook.com\/AmericanoNewspaper\/\" \/>\n<meta property=\"article:published_time\" content=\"2025-08-09T15:43:56+00:00\" \/>\n<meta property=\"article:modified_time\" content=\"2025-08-09T15:43:59+00:00\" \/>\n<meta property=\"og:image\" content=\"https:\/\/www.americanonewspaper.com\/es\/wp-content\/uploads\/2025\/08\/Grey-Breaking-News-World-War-Peace-For-Facebook-Post-Sitio-web-2-1.png\" \/>\n\t<meta property=\"og:image:width\" content=\"1366\" \/>\n\t<meta property=\"og:image:height\" content=\"768\" \/>\n\t<meta property=\"og:image:type\" content=\"image\/png\" \/>\n<meta name=\"author\" content=\"Victoria Deus\" \/>\n<meta name=\"twitter:card\" content=\"summary_large_image\" \/>\n<meta name=\"twitter:label1\" content=\"Written by\" \/>\n\t<meta name=\"twitter:data1\" content=\"Victoria Deus\" \/>\n\t<meta name=\"twitter:label2\" content=\"Est. reading time\" \/>\n\t<meta name=\"twitter:data2\" content=\"3 minutes\" \/>\n<script type=\"application\/ld+json\" class=\"yoast-schema-graph\">{\"@context\":\"https:\\\/\\\/schema.org\",\"@graph\":[{\"@type\":\"Article\",\"@id\":\"https:\\\/\\\/www.americanonewspaper.com\\\/es\\\/deportes\\\/la-salud-lo-aparta-del-futbol-joan-gonzalez-anuncia-su-retirada-con-solo-23-anos\\\/#article\",\"isPartOf\":{\"@id\":\"https:\\\/\\\/www.americanonewspaper.com\\\/es\\\/deportes\\\/la-salud-lo-aparta-del-futbol-joan-gonzalez-anuncia-su-retirada-con-solo-23-anos\\\/\"},\"author\":{\"name\":\"Victoria Deus\",\"@id\":\"https:\\\/\\\/www.americanonewspaper.com\\\/es\\\/#\\\/schema\\\/person\\\/875497672032163af362240e09375960\"},\"headline\":\"La salud lo aparta del f\u00fatbol: Joan Gonz\u00e1lez anuncia su retirada con solo 23 a\u00f1os\",\"datePublished\":\"2025-08-09T15:43:56+00:00\",\"dateModified\":\"2025-08-09T15:43:59+00:00\",\"mainEntityOfPage\":{\"@id\":\"https:\\\/\\\/www.americanonewspaper.com\\\/es\\\/deportes\\\/la-salud-lo-aparta-del-futbol-joan-gonzalez-anuncia-su-retirada-con-solo-23-anos\\\/\"},\"wordCount\":285,\"commentCount\":0,\"publisher\":{\"@id\":\"https:\\\/\\\/www.americanonewspaper.com\\\/es\\\/#organization\"},\"image\":{\"@id\":\"https:\\\/\\\/www.americanonewspaper.com\\\/es\\\/deportes\\\/la-salud-lo-aparta-del-futbol-joan-gonzalez-anuncia-su-retirada-con-solo-23-anos\\\/#primaryimage\"},\"thumbnailUrl\":\"https:\\\/\\\/www.americanonewspaper.com\\\/es\\\/wp-content\\\/uploads\\\/2025\\\/08\\\/Grey-Breaking-News-World-War-Peace-For-Facebook-Post-Sitio-web-2-1.png\",\"keywords\":[\"#f\u00fatbol #Barcelona #jugadores #futbolistas\"],\"articleSection\":[\"Bar\u00e7a\",\"Deportes\",\"Espa\u00f1a\",\"Europe\",\"F\u00fatbol\"],\"inLanguage\":\"en-US\",\"potentialAction\":[{\"@type\":\"CommentAction\",\"name\":\"Comment\",\"target\":[\"https:\\\/\\\/www.americanonewspaper.com\\\/es\\\/deportes\\\/la-salud-lo-aparta-del-futbol-joan-gonzalez-anuncia-su-retirada-con-solo-23-anos\\\/#respond\"]}]},{\"@type\":\"WebPage\",\"@id\":\"https:\\\/\\\/www.americanonewspaper.com\\\/es\\\/deportes\\\/la-salud-lo-aparta-del-futbol-joan-gonzalez-anuncia-su-retirada-con-solo-23-anos\\\/\",\"url\":\"https:\\\/\\\/www.americanonewspaper.com\\\/es\\\/deportes\\\/la-salud-lo-aparta-del-futbol-joan-gonzalez-anuncia-su-retirada-con-solo-23-anos\\\/\",\"name\":\"La salud lo aparta del f\u00fatbol: Joan Gonz\u00e1lez anuncia su retirada con solo 23 a\u00f1os - Americano Newspaper\",\"isPartOf\":{\"@id\":\"https:\\\/\\\/www.americanonewspaper.com\\\/es\\\/#website\"},\"primaryImageOfPage\":{\"@id\":\"https:\\\/\\\/www.americanonewspaper.com\\\/es\\\/deportes\\\/la-salud-lo-aparta-del-futbol-joan-gonzalez-anuncia-su-retirada-con-solo-23-anos\\\/#primaryimage\"},\"image\":{\"@id\":\"https:\\\/\\\/www.americanonewspaper.com\\\/es\\\/deportes\\\/la-salud-lo-aparta-del-futbol-joan-gonzalez-anuncia-su-retirada-con-solo-23-anos\\\/#primaryimage\"},\"thumbnailUrl\":\"https:\\\/\\\/www.americanonewspaper.com\\\/es\\\/wp-content\\\/uploads\\\/2025\\\/08\\\/Grey-Breaking-News-World-War-Peace-For-Facebook-Post-Sitio-web-2-1.png\",\"datePublished\":\"2025-08-09T15:43:56+00:00\",\"dateModified\":\"2025-08-09T15:43:59+00:00\",\"description\":\"El espa\u00f1ol Joan Gonz\u00e1lez, jugador del Lecce y canterano del Barcelona, anunci\u00f3 su retirada a los 23 a\u00f1os debido a un problema card\u00edaco que le fue detectado en 2024.\",\"breadcrumb\":{\"@id\":\"https:\\\/\\\/www.americanonewspaper.com\\\/es\\\/deportes\\\/la-salud-lo-aparta-del-futbol-joan-gonzalez-anuncia-su-retirada-con-solo-23-anos\\\/#breadcrumb\"},\"inLanguage\":\"en-US\",\"potentialAction\":[{\"@type\":\"ReadAction\",\"target\":[\"https:\\\/\\\/www.americanonewspaper.com\\\/es\\\/deportes\\\/la-salud-lo-aparta-del-futbol-joan-gonzalez-anuncia-su-retirada-con-solo-23-anos\\\/\"]}]},{\"@type\":\"ImageObject\",\"inLanguage\":\"en-US\",\"@id\":\"https:\\\/\\\/www.americanonewspaper.com\\\/es\\\/deportes\\\/la-salud-lo-aparta-del-futbol-joan-gonzalez-anuncia-su-retirada-con-solo-23-anos\\\/#primaryimage\",\"url\":\"https:\\\/\\\/www.americanonewspaper.com\\\/es\\\/wp-content\\\/uploads\\\/2025\\\/08\\\/Grey-Breaking-News-World-War-Peace-For-Facebook-Post-Sitio-web-2-1.png\",\"contentUrl\":\"https:\\\/\\\/www.americanonewspaper.com\\\/es\\\/wp-content\\\/uploads\\\/2025\\\/08\\\/Grey-Breaking-News-World-War-Peace-For-Facebook-Post-Sitio-web-2-1.png\",\"width\":1366,\"height\":768,\"caption\":\"Un a\u00f1o despu\u00e9s de recibir el diagn\u00f3stico, Joan Gonz\u00e1lez. anunci\u00f3 en sus redes sociales que cuelga las botas por el mencionado problema.\"},{\"@type\":\"BreadcrumbList\",\"@id\":\"https:\\\/\\\/www.americanonewspaper.com\\\/es\\\/deportes\\\/la-salud-lo-aparta-del-futbol-joan-gonzalez-anuncia-su-retirada-con-solo-23-anos\\\/#breadcrumb\",\"itemListElement\":[{\"@type\":\"ListItem\",\"position\":1,\"name\":\"Home\",\"item\":\"https:\\\/\\\/www.americanonewspaper.com\\\/es\\\/\"},{\"@type\":\"ListItem\",\"position\":2,\"name\":\"La salud lo aparta del f\u00fatbol: Joan Gonz\u00e1lez anuncia su retirada con solo 23 a\u00f1os\"}]},{\"@type\":\"WebSite\",\"@id\":\"https:\\\/\\\/www.americanonewspaper.com\\\/es\\\/#website\",\"url\":\"https:\\\/\\\/www.americanonewspaper.com\\\/es\\\/\",\"name\":\"Americano Newspaper\",\"description\":\"The Hispanic Newspaper of New Jersey.\",\"publisher\":{\"@id\":\"https:\\\/\\\/www.americanonewspaper.com\\\/es\\\/#organization\"},\"potentialAction\":[{\"@type\":\"SearchAction\",\"target\":{\"@type\":\"EntryPoint\",\"urlTemplate\":\"https:\\\/\\\/www.americanonewspaper.com\\\/es\\\/?s={search_term_string}\"},\"query-input\":{\"@type\":\"PropertyValueSpecification\",\"valueRequired\":true,\"valueName\":\"search_term_string\"}}],\"inLanguage\":\"en-US\"},{\"@type\":\"Organization\",\"@id\":\"https:\\\/\\\/www.americanonewspaper.com\\\/es\\\/#organization\",\"name\":\"Americano Newspaper\",\"url\":\"https:\\\/\\\/www.americanonewspaper.com\\\/es\\\/\",\"logo\":{\"@type\":\"ImageObject\",\"inLanguage\":\"en-US\",\"@id\":\"https:\\\/\\\/www.americanonewspaper.com\\\/es\\\/#\\\/schema\\\/logo\\\/image\\\/\",\"url\":\"https:\\\/\\\/www.americanonewspaper.com\\\/es\\\/wp-content\\\/uploads\\\/2024\\\/05\\\/AmericanoLogoCircle.comCircle2.jpg\",\"contentUrl\":\"https:\\\/\\\/www.americanonewspaper.com\\\/es\\\/wp-content\\\/uploads\\\/2024\\\/05\\\/AmericanoLogoCircle.comCircle2.jpg\",\"width\":600,\"height\":600,\"caption\":\"Americano Newspaper\"},\"image\":{\"@id\":\"https:\\\/\\\/www.americanonewspaper.com\\\/es\\\/#\\\/schema\\\/logo\\\/image\\\/\"},\"sameAs\":[\"https:\\\/\\\/www.facebook.com\\\/AmericanoNewspaper\\\/\"]},{\"@type\":\"Person\",\"@id\":\"https:\\\/\\\/www.americanonewspaper.com\\\/es\\\/#\\\/schema\\\/person\\\/875497672032163af362240e09375960\",\"name\":\"Victoria Deus\",\"image\":{\"@type\":\"ImageObject\",\"inLanguage\":\"en-US\",\"@id\":\"https:\\\/\\\/www.americanonewspaper.com\\\/es\\\/wp-content\\\/litespeed\\\/avatar\\\/87ebc08dcb2dba9e584c4557748a9de2.jpg?ver=1777428042\",\"url\":\"https:\\\/\\\/www.americanonewspaper.com\\\/es\\\/wp-content\\\/litespeed\\\/avatar\\\/87ebc08dcb2dba9e584c4557748a9de2.jpg?ver=1777428042\",\"contentUrl\":\"https:\\\/\\\/www.americanonewspaper.com\\\/es\\\/wp-content\\\/litespeed\\\/avatar\\\/87ebc08dcb2dba9e584c4557748a9de2.jpg?ver=1777428042\",\"caption\":\"Victoria Deus\"},\"sameAs\":[\"http:\\\/\\\/www.americanonewspaper.com\"],\"url\":\"https:\\\/\\\/www.americanonewspaper.com\\\/es\\\/author\\\/victoria\\\/\"}]}<\/script>\n<!-- \/ Yoast SEO Premium plugin. -->","yoast_head_json":{"title":"La salud lo aparta del f\u00fatbol: Joan Gonz\u00e1lez anuncia su retirada con solo 23 a\u00f1os - Americano Newspaper","description":"El espa\u00f1ol Joan Gonz\u00e1lez, jugador del Lecce y canterano del Barcelona, anunci\u00f3 su retirada a los 23 a\u00f1os debido a un problema card\u00edaco que le fue detectado en 2024.","robots":{"index":"index","follow":"follow","max-snippet":"max-snippet:-1","max-image-preview":"max-image-preview:large","max-video-preview":"max-video-preview:-1"},"canonical":"https:\/\/www.americanonewspaper.com\/es\/deportes\/la-salud-lo-aparta-del-futbol-joan-gonzalez-anuncia-su-retirada-con-solo-23-anos\/","og_locale":"en_US","og_type":"article","og_title":"La salud lo aparta del f\u00fatbol: Joan Gonz\u00e1lez anuncia su retirada con solo 23 a\u00f1os","og_description":"El espa\u00f1ol Joan Gonz\u00e1lez, jugador del Lecce y canterano del Barcelona, anunci\u00f3 su retirada a los 23 a\u00f1os debido a un problema card\u00edaco que le fue detectado en 2024.","og_url":"https:\/\/www.americanonewspaper.com\/es\/deportes\/la-salud-lo-aparta-del-futbol-joan-gonzalez-anuncia-su-retirada-con-solo-23-anos\/","og_site_name":"Americano Newspaper","article_publisher":"https:\/\/www.facebook.com\/AmericanoNewspaper\/","article_published_time":"2025-08-09T15:43:56+00:00","article_modified_time":"2025-08-09T15:43:59+00:00","og_image":[{"width":1366,"height":768,"url":"https:\/\/www.americanonewspaper.com\/es\/wp-content\/uploads\/2025\/08\/Grey-Breaking-News-World-War-Peace-For-Facebook-Post-Sitio-web-2-1.png","type":"image\/png"}],"author":"Victoria Deus","twitter_card":"summary_large_image","twitter_misc":{"Written by":"Victoria Deus","Est. reading time":"3 minutes"},"schema":{"@context":"https:\/\/schema.org","@graph":[{"@type":"Article","@id":"https:\/\/www.americanonewspaper.com\/es\/deportes\/la-salud-lo-aparta-del-futbol-joan-gonzalez-anuncia-su-retirada-con-solo-23-anos\/#article","isPartOf":{"@id":"https:\/\/www.americanonewspaper.com\/es\/deportes\/la-salud-lo-aparta-del-futbol-joan-gonzalez-anuncia-su-retirada-con-solo-23-anos\/"},"author":{"name":"Victoria Deus","@id":"https:\/\/www.americanonewspaper.com\/es\/#\/schema\/person\/875497672032163af362240e09375960"},"headline":"La salud lo aparta del f\u00fatbol: Joan Gonz\u00e1lez anuncia su retirada con solo 23 a\u00f1os","datePublished":"2025-08-09T15:43:56+00:00","dateModified":"2025-08-09T15:43:59+00:00","mainEntityOfPage":{"@id":"https:\/\/www.americanonewspaper.com\/es\/deportes\/la-salud-lo-aparta-del-futbol-joan-gonzalez-anuncia-su-retirada-con-solo-23-anos\/"},"wordCount":285,"commentCount":0,"publisher":{"@id":"https:\/\/www.americanonewspaper.com\/es\/#organization"},"image":{"@id":"https:\/\/www.americanonewspaper.com\/es\/deportes\/la-salud-lo-aparta-del-futbol-joan-gonzalez-anuncia-su-retirada-con-solo-23-anos\/#primaryimage"},"thumbnailUrl":"https:\/\/www.americanonewspaper.com\/es\/wp-content\/uploads\/2025\/08\/Grey-Breaking-News-World-War-Peace-For-Facebook-Post-Sitio-web-2-1.png","keywords":["#f\u00fatbol #Barcelona #jugadores #futbolistas"],"articleSection":["Bar\u00e7a","Deportes","Espa\u00f1a","Europe","F\u00fatbol"],"inLanguage":"en-US","potentialAction":[{"@type":"CommentAction","name":"Comment","target":["https:\/\/www.americanonewspaper.com\/es\/deportes\/la-salud-lo-aparta-del-futbol-joan-gonzalez-anuncia-su-retirada-con-solo-23-anos\/#respond"]}]},{"@type":"WebPage","@id":"https:\/\/www.americanonewspaper.com\/es\/deportes\/la-salud-lo-aparta-del-futbol-joan-gonzalez-anuncia-su-retirada-con-solo-23-anos\/","url":"https:\/\/www.americanonewspaper.com\/es\/deportes\/la-salud-lo-aparta-del-futbol-joan-gonzalez-anuncia-su-retirada-con-solo-23-anos\/","name":"La salud lo aparta del f\u00fatbol: Joan Gonz\u00e1lez anuncia su retirada con solo 23 a\u00f1os - Americano Newspaper","isPartOf":{"@id":"https:\/\/www.americanonewspaper.com\/es\/#website"},"primaryImageOfPage":{"@id":"https:\/\/www.americanonewspaper.com\/es\/deportes\/la-salud-lo-aparta-del-futbol-joan-gonzalez-anuncia-su-retirada-con-solo-23-anos\/#primaryimage"},"image":{"@id":"https:\/\/www.americanonewspaper.com\/es\/deportes\/la-salud-lo-aparta-del-futbol-joan-gonzalez-anuncia-su-retirada-con-solo-23-anos\/#primaryimage"},"thumbnailUrl":"https:\/\/www.americanonewspaper.com\/es\/wp-content\/uploads\/2025\/08\/Grey-Breaking-News-World-War-Peace-For-Facebook-Post-Sitio-web-2-1.png","datePublished":"2025-08-09T15:43:56+00:00","dateModified":"2025-08-09T15:43:59+00:00","description":"El espa\u00f1ol Joan Gonz\u00e1lez, jugador del Lecce y canterano del Barcelona, anunci\u00f3 su retirada a los 23 a\u00f1os debido a un problema card\u00edaco que le fue detectado en 2024.","breadcrumb":{"@id":"https:\/\/www.americanonewspaper.com\/es\/deportes\/la-salud-lo-aparta-del-futbol-joan-gonzalez-anuncia-su-retirada-con-solo-23-anos\/#breadcrumb"},"inLanguage":"en-US","potentialAction":[{"@type":"ReadAction","target":["https:\/\/www.americanonewspaper.com\/es\/deportes\/la-salud-lo-aparta-del-futbol-joan-gonzalez-anuncia-su-retirada-con-solo-23-anos\/"]}]},{"@type":"ImageObject","inLanguage":"en-US","@id":"https:\/\/www.americanonewspaper.com\/es\/deportes\/la-salud-lo-aparta-del-futbol-joan-gonzalez-anuncia-su-retirada-con-solo-23-anos\/#primaryimage","url":"https:\/\/www.americanonewspaper.com\/es\/wp-content\/uploads\/2025\/08\/Grey-Breaking-News-World-War-Peace-For-Facebook-Post-Sitio-web-2-1.png","contentUrl":"https:\/\/www.americanonewspaper.com\/es\/wp-content\/uploads\/2025\/08\/Grey-Breaking-News-World-War-Peace-For-Facebook-Post-Sitio-web-2-1.png","width":1366,"height":768,"caption":"Un a\u00f1o despu\u00e9s de recibir el diagn\u00f3stico, Joan Gonz\u00e1lez. anunci\u00f3 en sus redes sociales que cuelga las botas por el mencionado problema."},{"@type":"BreadcrumbList","@id":"https:\/\/www.americanonewspaper.com\/es\/deportes\/la-salud-lo-aparta-del-futbol-joan-gonzalez-anuncia-su-retirada-con-solo-23-anos\/#breadcrumb","itemListElement":[{"@type":"ListItem","position":1,"name":"Home","item":"https:\/\/www.americanonewspaper.com\/es\/"},{"@type":"ListItem","position":2,"name":"La salud lo aparta del f\u00fatbol: Joan Gonz\u00e1lez anuncia su retirada con solo 23 a\u00f1os"}]},{"@type":"WebSite","@id":"https:\/\/www.americanonewspaper.com\/es\/#website","url":"https:\/\/www.americanonewspaper.com\/es\/","name":"Americano Newspaper","description":"The Hispanic Newspaper of New Jersey.","publisher":{"@id":"https:\/\/www.americanonewspaper.com\/es\/#organization"},"potentialAction":[{"@type":"SearchAction","target":{"@type":"EntryPoint","urlTemplate":"https:\/\/www.americanonewspaper.com\/es\/?s={search_term_string}"},"query-input":{"@type":"PropertyValueSpecification","valueRequired":true,"valueName":"search_term_string"}}],"inLanguage":"en-US"},{"@type":"Organization","@id":"https:\/\/www.americanonewspaper.com\/es\/#organization","name":"Americano Newspaper","url":"https:\/\/www.americanonewspaper.com\/es\/","logo":{"@type":"ImageObject","inLanguage":"en-US","@id":"https:\/\/www.americanonewspaper.com\/es\/#\/schema\/logo\/image\/","url":"https:\/\/www.americanonewspaper.com\/es\/wp-content\/uploads\/2024\/05\/AmericanoLogoCircle.comCircle2.jpg","contentUrl":"https:\/\/www.americanonewspaper.com\/es\/wp-content\/uploads\/2024\/05\/AmericanoLogoCircle.comCircle2.jpg","width":600,"height":600,"caption":"Americano Newspaper"},"image":{"@id":"https:\/\/www.americanonewspaper.com\/es\/#\/schema\/logo\/image\/"},"sameAs":["https:\/\/www.facebook.com\/AmericanoNewspaper\/"]},{"@type":"Person","@id":"https:\/\/www.americanonewspaper.com\/es\/#\/schema\/person\/875497672032163af362240e09375960","name":"Victoria Deus","image":{"@type":"ImageObject","inLanguage":"en-US","@id":"https:\/\/www.americanonewspaper.com\/es\/wp-content\/litespeed\/avatar\/87ebc08dcb2dba9e584c4557748a9de2.jpg?ver=1777428042","url":"https:\/\/www.americanonewspaper.com\/es\/wp-content\/litespeed\/avatar\/87ebc08dcb2dba9e584c4557748a9de2.jpg?ver=1777428042","contentUrl":"https:\/\/www.americanonewspaper.com\/es\/wp-content\/litespeed\/avatar\/87ebc08dcb2dba9e584c4557748a9de2.jpg?ver=1777428042","caption":"Victoria Deus"},"sameAs":["http:\/\/www.americanonewspaper.com"],"url":"https:\/\/www.americanonewspaper.com\/es\/author\/victoria\/"}]}},"jetpack_publicize_connections":[],"jetpack_featured_media_url":"https:\/\/www.americanonewspaper.com\/es\/wp-content\/uploads\/2025\/08\/Grey-Breaking-News-World-War-Peace-For-Facebook-Post-Sitio-web-2-1.png","featured_image_urls":{"full":["https:\/\/www.americanonewspaper.com\/es\/wp-content\/uploads\/2025\/08\/Grey-Breaking-News-World-War-Peace-For-Facebook-Post-Sitio-web-2-1.png",1366,768,false],"thumbnail":["https:\/\/www.americanonewspaper.com\/es\/wp-content\/uploads\/2025\/08\/Grey-Breaking-News-World-War-Peace-For-Facebook-Post-Sitio-web-2-1-250x250.png",250,250,true],"medium":["https:\/\/www.americanonewspaper.com\/es\/wp-content\/uploads\/2025\/08\/Grey-Breaking-News-World-War-Peace-For-Facebook-Post-Sitio-web-2-1-300x169.png",300,169,true],"medium_large":["https:\/\/www.americanonewspaper.com\/es\/wp-content\/uploads\/2025\/08\/Grey-Breaking-News-World-War-Peace-For-Facebook-Post-Sitio-web-2-1-768x432.png",696,392,true],"large":["https:\/\/www.americanonewspaper.com\/es\/wp-content\/uploads\/2025\/08\/Grey-Breaking-News-World-War-Peace-For-Facebook-Post-Sitio-web-2-1-800x450.png",696,392,true],"1536x1536":["https:\/\/www.americanonewspaper.com\/es\/wp-content\/uploads\/2025\/08\/Grey-Breaking-News-World-War-Peace-For-Facebook-Post-Sitio-web-2-1.png",1366,768,false],"2048x2048":["https:\/\/www.americanonewspaper.com\/es\/wp-content\/uploads\/2025\/08\/Grey-Breaking-News-World-War-Peace-For-Facebook-Post-Sitio-web-2-1.png",1366,768,false],"td_150x0":["https:\/\/www.americanonewspaper.com\/es\/wp-content\/uploads\/2025\/08\/Grey-Breaking-News-World-War-Peace-For-Facebook-Post-Sitio-web-2-1-150x84.png",150,84,true],"td_218x150":["https:\/\/www.americanonewspaper.com\/es\/wp-content\/uploads\/2025\/08\/Grey-Breaking-News-World-War-Peace-For-Facebook-Post-Sitio-web-2-1-218x150.png",218,150,true],"td_300x0":["https:\/\/www.americanonewspaper.com\/es\/wp-content\/uploads\/2025\/08\/Grey-Breaking-News-World-War-Peace-For-Facebook-Post-Sitio-web-2-1-300x169.png",300,169,true],"td_324x400":["https:\/\/www.americanonewspaper.com\/es\/wp-content\/uploads\/2025\/08\/Grey-Breaking-News-World-War-Peace-For-Facebook-Post-Sitio-web-2-1-324x400.png",324,400,true],"td_485x360":["https:\/\/www.americanonewspaper.com\/es\/wp-content\/uploads\/2025\/08\/Grey-Breaking-News-World-War-Peace-For-Facebook-Post-Sitio-web-2-1-485x360.png",485,360,true],"td_696x0":["https:\/\/www.americanonewspaper.com\/es\/wp-content\/uploads\/2025\/08\/Grey-Breaking-News-World-War-Peace-For-Facebook-Post-Sitio-web-2-1-696x391.png",696,391,true],"td_1068x0":["https:\/\/www.americanonewspaper.com\/es\/wp-content\/uploads\/2025\/08\/Grey-Breaking-News-World-War-Peace-For-Facebook-Post-Sitio-web-2-1-1068x600.png",1068,600,true],"td_1920x0":["https:\/\/www.americanonewspaper.com\/es\/wp-content\/uploads\/2025\/08\/Grey-Breaking-News-World-War-Peace-For-Facebook-Post-Sitio-web-2-1.png",1366,768,false],"bdpp-medium":["https:\/\/www.americanonewspaper.com\/es\/wp-content\/uploads\/2025\/08\/Grey-Breaking-News-World-War-Peace-For-Facebook-Post-Sitio-web-2-1-640x480.png",640,480,true]},"author_info":{"display_name":"Victoria Deus","author_link":"https:\/\/www.americanonewspaper.com\/es\/author\/victoria\/"},"category_info":"<a href=\"https:\/\/www.americanonewspaper.com\/es\/category\/barca\/\" rel=\"category tag\">Bar\u00e7a<\/a> <a href=\"https:\/\/www.americanonewspaper.com\/es\/category\/deportes\/\" rel=\"category tag\">Deportes<\/a> <a href=\"https:\/\/www.americanonewspaper.com\/es\/category\/europe\/espana\/\" rel=\"category tag\">Espa\u00f1a<\/a> <a href=\"https:\/\/www.americanonewspaper.com\/es\/category\/europe\/\" rel=\"category tag\">Europe<\/a> <a href=\"https:\/\/www.americanonewspaper.com\/es\/category\/futbol-2\/\" rel=\"category tag\">F\u00fatbol<\/a>","tag_info":"F\u00fatbol","comment_count":"0","jetpack_sharing_enabled":true,"jetpack_likes_enabled":true,"_links":{"self":[{"href":"https:\/\/www.americanonewspaper.com\/es\/wp-json\/wp\/v2\/posts\/28031","targetHints":{"allow":["GET"]}}],"collection":[{"href":"https:\/\/www.americanonewspaper.com\/es\/wp-json\/wp\/v2\/posts"}],"about":[{"href":"https:\/\/www.americanonewspaper.com\/es\/wp-json\/wp\/v2\/types\/post"}],"author":[{"embeddable":true,"href":"https:\/\/www.americanonewspaper.com\/es\/wp-json\/wp\/v2\/users\/18"}],"replies":[{"embeddable":true,"href":"https:\/\/www.americanonewspaper.com\/es\/wp-json\/wp\/v2\/comments?post=28031"}],"version-history":[{"count":1,"href":"https:\/\/www.americanonewspaper.com\/es\/wp-json\/wp\/v2\/posts\/28031\/revisions"}],"predecessor-version":[{"id":28041,"href":"https:\/\/www.americanonewspaper.com\/es\/wp-json\/wp\/v2\/posts\/28031\/revisions\/28041"}],"wp:featuredmedia":[{"embeddable":true,"href":"https:\/\/www.americanonewspaper.com\/es\/wp-json\/wp\/v2\/media\/28040"}],"wp:attachment":[{"href":"https:\/\/www.americanonewspaper.com\/es\/wp-json\/wp\/v2\/media?parent=28031"}],"wp:term":[{"taxonomy":"category","embeddable":true,"href":"https:\/\/www.americanonewspaper.com\/es\/wp-json\/wp\/v2\/categories?post=28031"},{"taxonomy":"post_tag","embeddable":true,"href":"https:\/\/www.americanonewspaper.com\/es\/wp-json\/wp\/v2\/tags?post=28031"}],"curies":[{"name":"wp","href":"https:\/\/api.w.org\/{rel}","templated":true}]}}