{"id":28026,"date":"2025-08-09T00:36:16","date_gmt":"2025-08-09T04:36:16","guid":{"rendered":"https:\/\/www.americanonewspaper.com\/es\/?p=28026"},"modified":"2025-08-09T00:36:19","modified_gmt":"2025-08-09T04:36:19","slug":"el-real-madrid-traspasa-a-reinier-al-atletico-mineiro","status":"publish","type":"post","link":"https:\/\/www.americanonewspaper.com\/es\/futbol-2\/el-real-madrid-traspasa-a-reinier-al-atletico-mineiro\/","title":{"rendered":"El Real Madrid traspasa a Reinier al Atl\u00e9tico Mineiro"},"content":{"rendered":"\n<p>Madrid, 8 ago (EFE).<\/p>\n\n\n\n<p class=\"has-drop-cap\">El Real Madrid ha anunciado este viernes el traspaso del brasile\u00f1o Reinier Jesus Carvalho al Atl\u00e9tico Mineiro de su pa\u00eds.<\/p>\n\n\n\n<figure class=\"wp-block-image size-full is-resized\"><a href=\"https:\/\/propertyleads.go2cloud.org\/aff_c?offer_id=2&amp;aff_id=22&amp;source=1233&amp;aff_sub=41621&amp;aff_sub2=270H&amp;mb_tx_id=6555198\" target=\"_blank\" rel=\" noreferrer noopener\"><img fetchpriority=\"high\" decoding=\"async\" width=\"800\" height=\"206\" src=\"https:\/\/www.americanonewspaper.com\/es\/wp-content\/uploads\/2025\/08\/dfedhc-digital-970x250-9-800x206-1-5.gif\" alt=\"\" class=\"wp-image-28009\" style=\"width:1068px;height:auto\"\/><\/a><\/figure>\n\n\n\n<p>Reinier, de 23 a\u00f1os, lleg\u00f3 al Real Madrid en 2019 procedente del Flamengo.<\/p>\n\n\n\n<figure class=\"wp-block-image size-large is-resized\"><img decoding=\"async\" width=\"800\" height=\"365\" src=\"https:\/\/www.americanonewspaper.com\/es\/wp-content\/uploads\/2025\/08\/Screenshot-2025-02-20-at-9.11.40-AM-1920x877-2-5-800x365.webp\" alt=\"\" class=\"wp-image-28010\" style=\"width:1068px;height:auto\" srcset=\"https:\/\/www.americanonewspaper.com\/es\/wp-content\/uploads\/2025\/08\/Screenshot-2025-02-20-at-9.11.40-AM-1920x877-2-5-800x365.webp 800w, https:\/\/www.americanonewspaper.com\/es\/wp-content\/uploads\/2025\/08\/Screenshot-2025-02-20-at-9.11.40-AM-1920x877-2-5-300x137.webp 300w, https:\/\/www.americanonewspaper.com\/es\/wp-content\/uploads\/2025\/08\/Screenshot-2025-02-20-at-9.11.40-AM-1920x877-2-5-768x351.webp 768w, https:\/\/www.americanonewspaper.com\/es\/wp-content\/uploads\/2025\/08\/Screenshot-2025-02-20-at-9.11.40-AM-1920x877-2-5-1536x702.webp 1536w, https:\/\/www.americanonewspaper.com\/es\/wp-content\/uploads\/2025\/08\/Screenshot-2025-02-20-at-9.11.40-AM-1920x877-2-5-150x69.webp 150w, https:\/\/www.americanonewspaper.com\/es\/wp-content\/uploads\/2025\/08\/Screenshot-2025-02-20-at-9.11.40-AM-1920x877-2-5-696x318.webp 696w, https:\/\/www.americanonewspaper.com\/es\/wp-content\/uploads\/2025\/08\/Screenshot-2025-02-20-at-9.11.40-AM-1920x877-2-5-1068x488.webp 1068w, https:\/\/www.americanonewspaper.com\/es\/wp-content\/uploads\/2025\/08\/Screenshot-2025-02-20-at-9.11.40-AM-1920x877-2-5.webp 1920w\" sizes=\"(max-width: 800px) 100vw, 800px\" \/><\/figure>\n\n\n\n<p>Tras jugar en el filial, el Real Madrid-Castilla, fue cedido sucesivamente al Borussia Dortmund alem\u00e1n, el Girona, el Frosinone italiano y el Granada.<\/p>\n\n\n\n<figure class=\"wp-block-image size-large is-resized\"><a href=\"https:\/\/www.globalautomall.com\/newdept.cfm\/page\/500-savings-for-americano-magazine-readers-2263\/\" target=\"_blank\" rel=\" noreferrer noopener\"><img decoding=\"async\" width=\"800\" height=\"367\" src=\"https:\/\/www.americanonewspaper.com\/es\/wp-content\/uploads\/2025\/08\/Globalhalf-4-800x367.webp\" alt=\"\" class=\"wp-image-27997\" style=\"width:1068px;height:auto\" srcset=\"https:\/\/www.americanonewspaper.com\/es\/wp-content\/uploads\/2025\/08\/Globalhalf-4-800x367.webp 800w, https:\/\/www.americanonewspaper.com\/es\/wp-content\/uploads\/2025\/08\/Globalhalf-4-300x138.webp 300w, https:\/\/www.americanonewspaper.com\/es\/wp-content\/uploads\/2025\/08\/Globalhalf-4-768x352.webp 768w, https:\/\/www.americanonewspaper.com\/es\/wp-content\/uploads\/2025\/08\/Globalhalf-4-150x69.webp 150w, https:\/\/www.americanonewspaper.com\/es\/wp-content\/uploads\/2025\/08\/Globalhalf-4-696x319.webp 696w, https:\/\/www.americanonewspaper.com\/es\/wp-content\/uploads\/2025\/08\/Globalhalf-4-1068x490.webp 1068w, https:\/\/www.americanonewspaper.com\/es\/wp-content\/uploads\/2025\/08\/Globalhalf-4.webp 1200w\" sizes=\"(max-width: 800px) 100vw, 800px\" \/><\/a><\/figure>\n\n\n\n<p>A trav\u00e9s de una nota de prensa, el Real Madrid muestra a Reinier &#8220;su agradecimiento y su cari\u00f1o por estos a\u00f1os en los que ha pertenecido&#8221; al club, y le desea &#8220;todo lo mejor a \u00e9l y a su familia en esta nueva etapa de su vida&#8221;.<\/p>\n\n\n\n<figure class=\"wp-block-image size-large is-resized\"><a href=\"https:\/\/www.nj.gov\/health\/saludreproductiva\/\" target=\"_blank\" rel=\" noreferrer noopener\"><img loading=\"lazy\" decoding=\"async\" width=\"800\" height=\"367\" src=\"https:\/\/www.americanonewspaper.com\/es\/wp-content\/uploads\/2025\/08\/Spanish-1-1920x880-8-800x367.jpg\" alt=\"\" class=\"wp-image-28013\" style=\"width:1068px;height:auto\" srcset=\"https:\/\/www.americanonewspaper.com\/es\/wp-content\/uploads\/2025\/08\/Spanish-1-1920x880-8-800x367.jpg 800w, https:\/\/www.americanonewspaper.com\/es\/wp-content\/uploads\/2025\/08\/Spanish-1-1920x880-8-300x138.jpg 300w, https:\/\/www.americanonewspaper.com\/es\/wp-content\/uploads\/2025\/08\/Spanish-1-1920x880-8-768x352.jpg 768w, https:\/\/www.americanonewspaper.com\/es\/wp-content\/uploads\/2025\/08\/Spanish-1-1920x880-8-1536x704.jpg 1536w, https:\/\/www.americanonewspaper.com\/es\/wp-content\/uploads\/2025\/08\/Spanish-1-1920x880-8-150x69.jpg 150w, https:\/\/www.americanonewspaper.com\/es\/wp-content\/uploads\/2025\/08\/Spanish-1-1920x880-8-696x319.jpg 696w, https:\/\/www.americanonewspaper.com\/es\/wp-content\/uploads\/2025\/08\/Spanish-1-1920x880-8-1068x490.jpg 1068w, https:\/\/www.americanonewspaper.com\/es\/wp-content\/uploads\/2025\/08\/Spanish-1-1920x880-8.jpg 1920w\" sizes=\"(max-width: 800px) 100vw, 800px\" \/><\/a><\/figure>\n\n\n\n<p><\/p>\n","protected":false},"excerpt":{"rendered":"<p>Madrid, 8 ago (EFE). El Real Madrid ha anunciado este viernes el traspaso del brasile\u00f1o Reinier Jesus Carvalho al Atl\u00e9tico Mineiro de su pa\u00eds. Reinier, de 23 a\u00f1os, lleg\u00f3 al Real Madrid en 2019 procedente del Flamengo. Tras jugar en el filial, el Real Madrid-Castilla, fue cedido sucesivamente al Borussia Dortmund alem\u00e1n, el Girona, el [&hellip;]<\/p>\n","protected":false},"author":14,"featured_media":28027,"comment_status":"open","ping_status":"open","sticky":false,"template":"","format":"standard","meta":{"_acf_changed":false,"tdm_status":"","tdm_grid_status":"","_jetpack_memberships_contains_paid_content":false,"footnotes":"","jetpack_publicize_message":"","jetpack_publicize_feature_enabled":true,"jetpack_social_post_already_shared":true,"jetpack_social_options":{"image_generator_settings":{"template":"highway","default_image_id":0,"font":"","enabled":false},"version":2},"_wpas_customize_per_network":false},"categories":[1136,608,787,1137],"tags":[],"class_list":{"0":"post-28026","1":"post","2":"type-post","3":"status-publish","4":"format-standard","5":"has-post-thumbnail","7":"category-atletico-mineiro","8":"category-futbol-2","9":"category-real-madrid","10":"category-reiner-jesus"},"acf":[],"yoast_head":"<!-- This site is optimized with the Yoast SEO Premium plugin v27.5 (Yoast SEO v27.5) - https:\/\/yoast.com\/product\/yoast-seo-premium-wordpress\/ -->\n<title>El Real Madrid traspasa a Reinier al Atl\u00e9tico Mineiro - Americano Newspaper<\/title>\n<meta name=\"description\" content=\"El Real Madrid ha anunciado este viernes el traspaso del brasile\u00f1o Reinier Jesus Carvalho al Atl\u00e9tico Mineiro de su pa\u00eds.\" \/>\n<meta name=\"robots\" content=\"index, follow, max-snippet:-1, max-image-preview:large, max-video-preview:-1\" \/>\n<link rel=\"canonical\" href=\"https:\/\/www.americanonewspaper.com\/es\/futbol-2\/el-real-madrid-traspasa-a-reinier-al-atletico-mineiro\/\" \/>\n<meta property=\"og:locale\" content=\"en_US\" \/>\n<meta property=\"og:type\" content=\"article\" \/>\n<meta property=\"og:title\" content=\"El Real Madrid traspasa a Reinier al Atl\u00e9tico Mineiro\" \/>\n<meta property=\"og:description\" content=\"El Real Madrid ha anunciado este viernes el traspaso del brasile\u00f1o Reinier Jesus Carvalho al Atl\u00e9tico Mineiro de su pa\u00eds.\" \/>\n<meta property=\"og:url\" content=\"https:\/\/www.americanonewspaper.com\/es\/futbol-2\/el-real-madrid-traspasa-a-reinier-al-atletico-mineiro\/\" \/>\n<meta property=\"og:site_name\" content=\"Americano Newspaper\" \/>\n<meta property=\"article:publisher\" content=\"https:\/\/www.facebook.com\/AmericanoNewspaper\/\" \/>\n<meta property=\"article:published_time\" content=\"2025-08-09T04:36:16+00:00\" \/>\n<meta property=\"article:modified_time\" content=\"2025-08-09T04:36:19+00:00\" \/>\n<meta property=\"og:image\" content=\"https:\/\/www.americanonewspaper.com\/es\/wp-content\/uploads\/2025\/08\/ac85e222d524b9ad8368a1dcae0f95274e79bd5fminiw.jpg\" \/>\n\t<meta property=\"og:image:width\" content=\"900\" \/>\n\t<meta property=\"og:image:height\" content=\"599\" \/>\n\t<meta property=\"og:image:type\" content=\"image\/jpeg\" \/>\n<meta name=\"author\" content=\"Harmony Quintana\" \/>\n<meta name=\"twitter:card\" content=\"summary_large_image\" \/>\n<meta name=\"twitter:label1\" content=\"Written by\" \/>\n\t<meta name=\"twitter:data1\" content=\"Harmony Quintana\" \/>\n\t<meta name=\"twitter:label2\" content=\"Est. reading time\" \/>\n\t<meta name=\"twitter:data2\" content=\"2 minutes\" \/>\n<script type=\"application\/ld+json\" class=\"yoast-schema-graph\">{\"@context\":\"https:\\\/\\\/schema.org\",\"@graph\":[{\"@type\":\"Article\",\"@id\":\"https:\\\/\\\/www.americanonewspaper.com\\\/es\\\/futbol-2\\\/el-real-madrid-traspasa-a-reinier-al-atletico-mineiro\\\/#article\",\"isPartOf\":{\"@id\":\"https:\\\/\\\/www.americanonewspaper.com\\\/es\\\/futbol-2\\\/el-real-madrid-traspasa-a-reinier-al-atletico-mineiro\\\/\"},\"author\":{\"name\":\"Harmony Quintana\",\"@id\":\"https:\\\/\\\/www.americanonewspaper.com\\\/es\\\/#\\\/schema\\\/person\\\/82c7c1ac5e9a005b627b6c7db5361c90\"},\"headline\":\"El Real Madrid traspasa a Reinier al Atl\u00e9tico Mineiro\",\"datePublished\":\"2025-08-09T04:36:16+00:00\",\"dateModified\":\"2025-08-09T04:36:19+00:00\",\"mainEntityOfPage\":{\"@id\":\"https:\\\/\\\/www.americanonewspaper.com\\\/es\\\/futbol-2\\\/el-real-madrid-traspasa-a-reinier-al-atletico-mineiro\\\/\"},\"wordCount\":122,\"commentCount\":0,\"publisher\":{\"@id\":\"https:\\\/\\\/www.americanonewspaper.com\\\/es\\\/#organization\"},\"image\":{\"@id\":\"https:\\\/\\\/www.americanonewspaper.com\\\/es\\\/futbol-2\\\/el-real-madrid-traspasa-a-reinier-al-atletico-mineiro\\\/#primaryimage\"},\"thumbnailUrl\":\"https:\\\/\\\/www.americanonewspaper.com\\\/es\\\/wp-content\\\/uploads\\\/2025\\\/08\\\/ac85e222d524b9ad8368a1dcae0f95274e79bd5fminiw.jpg\",\"articleSection\":[\"Atl\u00e9tico Mineiro\",\"F\u00fatbol\",\"Real Madrid\",\"Reiner Jesus\"],\"inLanguage\":\"en-US\",\"potentialAction\":[{\"@type\":\"CommentAction\",\"name\":\"Comment\",\"target\":[\"https:\\\/\\\/www.americanonewspaper.com\\\/es\\\/futbol-2\\\/el-real-madrid-traspasa-a-reinier-al-atletico-mineiro\\\/#respond\"]}]},{\"@type\":\"WebPage\",\"@id\":\"https:\\\/\\\/www.americanonewspaper.com\\\/es\\\/futbol-2\\\/el-real-madrid-traspasa-a-reinier-al-atletico-mineiro\\\/\",\"url\":\"https:\\\/\\\/www.americanonewspaper.com\\\/es\\\/futbol-2\\\/el-real-madrid-traspasa-a-reinier-al-atletico-mineiro\\\/\",\"name\":\"El Real Madrid traspasa a Reinier al Atl\u00e9tico Mineiro - Americano Newspaper\",\"isPartOf\":{\"@id\":\"https:\\\/\\\/www.americanonewspaper.com\\\/es\\\/#website\"},\"primaryImageOfPage\":{\"@id\":\"https:\\\/\\\/www.americanonewspaper.com\\\/es\\\/futbol-2\\\/el-real-madrid-traspasa-a-reinier-al-atletico-mineiro\\\/#primaryimage\"},\"image\":{\"@id\":\"https:\\\/\\\/www.americanonewspaper.com\\\/es\\\/futbol-2\\\/el-real-madrid-traspasa-a-reinier-al-atletico-mineiro\\\/#primaryimage\"},\"thumbnailUrl\":\"https:\\\/\\\/www.americanonewspaper.com\\\/es\\\/wp-content\\\/uploads\\\/2025\\\/08\\\/ac85e222d524b9ad8368a1dcae0f95274e79bd5fminiw.jpg\",\"datePublished\":\"2025-08-09T04:36:16+00:00\",\"dateModified\":\"2025-08-09T04:36:19+00:00\",\"description\":\"El Real Madrid ha anunciado este viernes el traspaso del brasile\u00f1o Reinier Jesus Carvalho al Atl\u00e9tico Mineiro de su pa\u00eds.\",\"breadcrumb\":{\"@id\":\"https:\\\/\\\/www.americanonewspaper.com\\\/es\\\/futbol-2\\\/el-real-madrid-traspasa-a-reinier-al-atletico-mineiro\\\/#breadcrumb\"},\"inLanguage\":\"en-US\",\"potentialAction\":[{\"@type\":\"ReadAction\",\"target\":[\"https:\\\/\\\/www.americanonewspaper.com\\\/es\\\/futbol-2\\\/el-real-madrid-traspasa-a-reinier-al-atletico-mineiro\\\/\"]}]},{\"@type\":\"ImageObject\",\"inLanguage\":\"en-US\",\"@id\":\"https:\\\/\\\/www.americanonewspaper.com\\\/es\\\/futbol-2\\\/el-real-madrid-traspasa-a-reinier-al-atletico-mineiro\\\/#primaryimage\",\"url\":\"https:\\\/\\\/www.americanonewspaper.com\\\/es\\\/wp-content\\\/uploads\\\/2025\\\/08\\\/ac85e222d524b9ad8368a1dcae0f95274e79bd5fminiw.jpg\",\"contentUrl\":\"https:\\\/\\\/www.americanonewspaper.com\\\/es\\\/wp-content\\\/uploads\\\/2025\\\/08\\\/ac85e222d524b9ad8368a1dcae0f95274e79bd5fminiw.jpg\",\"width\":900,\"height\":599,\"caption\":\"Foto de archivo del brasile\u00f1o Reinier Jesus Carvalho. EFE\\\/Luca Piergiovanni\"},{\"@type\":\"BreadcrumbList\",\"@id\":\"https:\\\/\\\/www.americanonewspaper.com\\\/es\\\/futbol-2\\\/el-real-madrid-traspasa-a-reinier-al-atletico-mineiro\\\/#breadcrumb\",\"itemListElement\":[{\"@type\":\"ListItem\",\"position\":1,\"name\":\"Home\",\"item\":\"https:\\\/\\\/www.americanonewspaper.com\\\/es\\\/\"},{\"@type\":\"ListItem\",\"position\":2,\"name\":\"El Real Madrid traspasa a Reinier al Atl\u00e9tico Mineiro\"}]},{\"@type\":\"WebSite\",\"@id\":\"https:\\\/\\\/www.americanonewspaper.com\\\/es\\\/#website\",\"url\":\"https:\\\/\\\/www.americanonewspaper.com\\\/es\\\/\",\"name\":\"Americano Newspaper\",\"description\":\"The Hispanic Newspaper of New Jersey.\",\"publisher\":{\"@id\":\"https:\\\/\\\/www.americanonewspaper.com\\\/es\\\/#organization\"},\"potentialAction\":[{\"@type\":\"SearchAction\",\"target\":{\"@type\":\"EntryPoint\",\"urlTemplate\":\"https:\\\/\\\/www.americanonewspaper.com\\\/es\\\/?s={search_term_string}\"},\"query-input\":{\"@type\":\"PropertyValueSpecification\",\"valueRequired\":true,\"valueName\":\"search_term_string\"}}],\"inLanguage\":\"en-US\"},{\"@type\":\"Organization\",\"@id\":\"https:\\\/\\\/www.americanonewspaper.com\\\/es\\\/#organization\",\"name\":\"Americano Newspaper\",\"url\":\"https:\\\/\\\/www.americanonewspaper.com\\\/es\\\/\",\"logo\":{\"@type\":\"ImageObject\",\"inLanguage\":\"en-US\",\"@id\":\"https:\\\/\\\/www.americanonewspaper.com\\\/es\\\/#\\\/schema\\\/logo\\\/image\\\/\",\"url\":\"https:\\\/\\\/www.americanonewspaper.com\\\/es\\\/wp-content\\\/uploads\\\/2024\\\/05\\\/AmericanoLogoCircle.comCircle2.jpg\",\"contentUrl\":\"https:\\\/\\\/www.americanonewspaper.com\\\/es\\\/wp-content\\\/uploads\\\/2024\\\/05\\\/AmericanoLogoCircle.comCircle2.jpg\",\"width\":600,\"height\":600,\"caption\":\"Americano Newspaper\"},\"image\":{\"@id\":\"https:\\\/\\\/www.americanonewspaper.com\\\/es\\\/#\\\/schema\\\/logo\\\/image\\\/\"},\"sameAs\":[\"https:\\\/\\\/www.facebook.com\\\/AmericanoNewspaper\\\/\"]},{\"@type\":\"Person\",\"@id\":\"https:\\\/\\\/www.americanonewspaper.com\\\/es\\\/#\\\/schema\\\/person\\\/82c7c1ac5e9a005b627b6c7db5361c90\",\"name\":\"Harmony Quintana\",\"image\":{\"@type\":\"ImageObject\",\"inLanguage\":\"en-US\",\"@id\":\"https:\\\/\\\/www.americanonewspaper.com\\\/es\\\/wp-content\\\/litespeed\\\/avatar\\\/656e5d40e40a67e90b0fee2acae8a764.jpg?ver=1777427866\",\"url\":\"https:\\\/\\\/www.americanonewspaper.com\\\/es\\\/wp-content\\\/litespeed\\\/avatar\\\/656e5d40e40a67e90b0fee2acae8a764.jpg?ver=1777427866\",\"contentUrl\":\"https:\\\/\\\/www.americanonewspaper.com\\\/es\\\/wp-content\\\/litespeed\\\/avatar\\\/656e5d40e40a67e90b0fee2acae8a764.jpg?ver=1777427866\",\"caption\":\"Harmony Quintana\"},\"sameAs\":[\"http:\\\/\\\/www.americanonewspaper.com\"],\"url\":\"https:\\\/\\\/www.americanonewspaper.com\\\/es\\\/author\\\/harmony\\\/\"}]}<\/script>\n<!-- \/ Yoast SEO Premium plugin. -->","yoast_head_json":{"title":"El Real Madrid traspasa a Reinier al Atl\u00e9tico Mineiro - Americano Newspaper","description":"El Real Madrid ha anunciado este viernes el traspaso del brasile\u00f1o Reinier Jesus Carvalho al Atl\u00e9tico Mineiro de su pa\u00eds.","robots":{"index":"index","follow":"follow","max-snippet":"max-snippet:-1","max-image-preview":"max-image-preview:large","max-video-preview":"max-video-preview:-1"},"canonical":"https:\/\/www.americanonewspaper.com\/es\/futbol-2\/el-real-madrid-traspasa-a-reinier-al-atletico-mineiro\/","og_locale":"en_US","og_type":"article","og_title":"El Real Madrid traspasa a Reinier al Atl\u00e9tico Mineiro","og_description":"El Real Madrid ha anunciado este viernes el traspaso del brasile\u00f1o Reinier Jesus Carvalho al Atl\u00e9tico Mineiro de su pa\u00eds.","og_url":"https:\/\/www.americanonewspaper.com\/es\/futbol-2\/el-real-madrid-traspasa-a-reinier-al-atletico-mineiro\/","og_site_name":"Americano Newspaper","article_publisher":"https:\/\/www.facebook.com\/AmericanoNewspaper\/","article_published_time":"2025-08-09T04:36:16+00:00","article_modified_time":"2025-08-09T04:36:19+00:00","og_image":[{"width":900,"height":599,"url":"https:\/\/www.americanonewspaper.com\/es\/wp-content\/uploads\/2025\/08\/ac85e222d524b9ad8368a1dcae0f95274e79bd5fminiw.jpg","type":"image\/jpeg"}],"author":"Harmony Quintana","twitter_card":"summary_large_image","twitter_misc":{"Written by":"Harmony Quintana","Est. reading time":"2 minutes"},"schema":{"@context":"https:\/\/schema.org","@graph":[{"@type":"Article","@id":"https:\/\/www.americanonewspaper.com\/es\/futbol-2\/el-real-madrid-traspasa-a-reinier-al-atletico-mineiro\/#article","isPartOf":{"@id":"https:\/\/www.americanonewspaper.com\/es\/futbol-2\/el-real-madrid-traspasa-a-reinier-al-atletico-mineiro\/"},"author":{"name":"Harmony Quintana","@id":"https:\/\/www.americanonewspaper.com\/es\/#\/schema\/person\/82c7c1ac5e9a005b627b6c7db5361c90"},"headline":"El Real Madrid traspasa a Reinier al Atl\u00e9tico Mineiro","datePublished":"2025-08-09T04:36:16+00:00","dateModified":"2025-08-09T04:36:19+00:00","mainEntityOfPage":{"@id":"https:\/\/www.americanonewspaper.com\/es\/futbol-2\/el-real-madrid-traspasa-a-reinier-al-atletico-mineiro\/"},"wordCount":122,"commentCount":0,"publisher":{"@id":"https:\/\/www.americanonewspaper.com\/es\/#organization"},"image":{"@id":"https:\/\/www.americanonewspaper.com\/es\/futbol-2\/el-real-madrid-traspasa-a-reinier-al-atletico-mineiro\/#primaryimage"},"thumbnailUrl":"https:\/\/www.americanonewspaper.com\/es\/wp-content\/uploads\/2025\/08\/ac85e222d524b9ad8368a1dcae0f95274e79bd5fminiw.jpg","articleSection":["Atl\u00e9tico Mineiro","F\u00fatbol","Real Madrid","Reiner Jesus"],"inLanguage":"en-US","potentialAction":[{"@type":"CommentAction","name":"Comment","target":["https:\/\/www.americanonewspaper.com\/es\/futbol-2\/el-real-madrid-traspasa-a-reinier-al-atletico-mineiro\/#respond"]}]},{"@type":"WebPage","@id":"https:\/\/www.americanonewspaper.com\/es\/futbol-2\/el-real-madrid-traspasa-a-reinier-al-atletico-mineiro\/","url":"https:\/\/www.americanonewspaper.com\/es\/futbol-2\/el-real-madrid-traspasa-a-reinier-al-atletico-mineiro\/","name":"El Real Madrid traspasa a Reinier al Atl\u00e9tico Mineiro - Americano Newspaper","isPartOf":{"@id":"https:\/\/www.americanonewspaper.com\/es\/#website"},"primaryImageOfPage":{"@id":"https:\/\/www.americanonewspaper.com\/es\/futbol-2\/el-real-madrid-traspasa-a-reinier-al-atletico-mineiro\/#primaryimage"},"image":{"@id":"https:\/\/www.americanonewspaper.com\/es\/futbol-2\/el-real-madrid-traspasa-a-reinier-al-atletico-mineiro\/#primaryimage"},"thumbnailUrl":"https:\/\/www.americanonewspaper.com\/es\/wp-content\/uploads\/2025\/08\/ac85e222d524b9ad8368a1dcae0f95274e79bd5fminiw.jpg","datePublished":"2025-08-09T04:36:16+00:00","dateModified":"2025-08-09T04:36:19+00:00","description":"El Real Madrid ha anunciado este viernes el traspaso del brasile\u00f1o Reinier Jesus Carvalho al Atl\u00e9tico Mineiro de su pa\u00eds.","breadcrumb":{"@id":"https:\/\/www.americanonewspaper.com\/es\/futbol-2\/el-real-madrid-traspasa-a-reinier-al-atletico-mineiro\/#breadcrumb"},"inLanguage":"en-US","potentialAction":[{"@type":"ReadAction","target":["https:\/\/www.americanonewspaper.com\/es\/futbol-2\/el-real-madrid-traspasa-a-reinier-al-atletico-mineiro\/"]}]},{"@type":"ImageObject","inLanguage":"en-US","@id":"https:\/\/www.americanonewspaper.com\/es\/futbol-2\/el-real-madrid-traspasa-a-reinier-al-atletico-mineiro\/#primaryimage","url":"https:\/\/www.americanonewspaper.com\/es\/wp-content\/uploads\/2025\/08\/ac85e222d524b9ad8368a1dcae0f95274e79bd5fminiw.jpg","contentUrl":"https:\/\/www.americanonewspaper.com\/es\/wp-content\/uploads\/2025\/08\/ac85e222d524b9ad8368a1dcae0f95274e79bd5fminiw.jpg","width":900,"height":599,"caption":"Foto de archivo del brasile\u00f1o Reinier Jesus Carvalho. EFE\/Luca Piergiovanni"},{"@type":"BreadcrumbList","@id":"https:\/\/www.americanonewspaper.com\/es\/futbol-2\/el-real-madrid-traspasa-a-reinier-al-atletico-mineiro\/#breadcrumb","itemListElement":[{"@type":"ListItem","position":1,"name":"Home","item":"https:\/\/www.americanonewspaper.com\/es\/"},{"@type":"ListItem","position":2,"name":"El Real Madrid traspasa a Reinier al Atl\u00e9tico Mineiro"}]},{"@type":"WebSite","@id":"https:\/\/www.americanonewspaper.com\/es\/#website","url":"https:\/\/www.americanonewspaper.com\/es\/","name":"Americano Newspaper","description":"The Hispanic Newspaper of New Jersey.","publisher":{"@id":"https:\/\/www.americanonewspaper.com\/es\/#organization"},"potentialAction":[{"@type":"SearchAction","target":{"@type":"EntryPoint","urlTemplate":"https:\/\/www.americanonewspaper.com\/es\/?s={search_term_string}"},"query-input":{"@type":"PropertyValueSpecification","valueRequired":true,"valueName":"search_term_string"}}],"inLanguage":"en-US"},{"@type":"Organization","@id":"https:\/\/www.americanonewspaper.com\/es\/#organization","name":"Americano Newspaper","url":"https:\/\/www.americanonewspaper.com\/es\/","logo":{"@type":"ImageObject","inLanguage":"en-US","@id":"https:\/\/www.americanonewspaper.com\/es\/#\/schema\/logo\/image\/","url":"https:\/\/www.americanonewspaper.com\/es\/wp-content\/uploads\/2024\/05\/AmericanoLogoCircle.comCircle2.jpg","contentUrl":"https:\/\/www.americanonewspaper.com\/es\/wp-content\/uploads\/2024\/05\/AmericanoLogoCircle.comCircle2.jpg","width":600,"height":600,"caption":"Americano Newspaper"},"image":{"@id":"https:\/\/www.americanonewspaper.com\/es\/#\/schema\/logo\/image\/"},"sameAs":["https:\/\/www.facebook.com\/AmericanoNewspaper\/"]},{"@type":"Person","@id":"https:\/\/www.americanonewspaper.com\/es\/#\/schema\/person\/82c7c1ac5e9a005b627b6c7db5361c90","name":"Harmony Quintana","image":{"@type":"ImageObject","inLanguage":"en-US","@id":"https:\/\/www.americanonewspaper.com\/es\/wp-content\/litespeed\/avatar\/656e5d40e40a67e90b0fee2acae8a764.jpg?ver=1777427866","url":"https:\/\/www.americanonewspaper.com\/es\/wp-content\/litespeed\/avatar\/656e5d40e40a67e90b0fee2acae8a764.jpg?ver=1777427866","contentUrl":"https:\/\/www.americanonewspaper.com\/es\/wp-content\/litespeed\/avatar\/656e5d40e40a67e90b0fee2acae8a764.jpg?ver=1777427866","caption":"Harmony Quintana"},"sameAs":["http:\/\/www.americanonewspaper.com"],"url":"https:\/\/www.americanonewspaper.com\/es\/author\/harmony\/"}]}},"jetpack_publicize_connections":[],"jetpack_featured_media_url":"https:\/\/www.americanonewspaper.com\/es\/wp-content\/uploads\/2025\/08\/ac85e222d524b9ad8368a1dcae0f95274e79bd5fminiw.jpg","featured_image_urls":{"full":["https:\/\/www.americanonewspaper.com\/es\/wp-content\/uploads\/2025\/08\/ac85e222d524b9ad8368a1dcae0f95274e79bd5fminiw.jpg",900,599,false],"thumbnail":["https:\/\/www.americanonewspaper.com\/es\/wp-content\/uploads\/2025\/08\/ac85e222d524b9ad8368a1dcae0f95274e79bd5fminiw-250x250.jpg",250,250,true],"medium":["https:\/\/www.americanonewspaper.com\/es\/wp-content\/uploads\/2025\/08\/ac85e222d524b9ad8368a1dcae0f95274e79bd5fminiw-300x200.jpg",300,200,true],"medium_large":["https:\/\/www.americanonewspaper.com\/es\/wp-content\/uploads\/2025\/08\/ac85e222d524b9ad8368a1dcae0f95274e79bd5fminiw-768x511.jpg",696,463,true],"large":["https:\/\/www.americanonewspaper.com\/es\/wp-content\/uploads\/2025\/08\/ac85e222d524b9ad8368a1dcae0f95274e79bd5fminiw-751x500.jpg",696,463,true],"1536x1536":["https:\/\/www.americanonewspaper.com\/es\/wp-content\/uploads\/2025\/08\/ac85e222d524b9ad8368a1dcae0f95274e79bd5fminiw.jpg",900,599,false],"2048x2048":["https:\/\/www.americanonewspaper.com\/es\/wp-content\/uploads\/2025\/08\/ac85e222d524b9ad8368a1dcae0f95274e79bd5fminiw.jpg",900,599,false],"td_150x0":["https:\/\/www.americanonewspaper.com\/es\/wp-content\/uploads\/2025\/08\/ac85e222d524b9ad8368a1dcae0f95274e79bd5fminiw-150x100.jpg",150,100,true],"td_218x150":["https:\/\/www.americanonewspaper.com\/es\/wp-content\/uploads\/2025\/08\/ac85e222d524b9ad8368a1dcae0f95274e79bd5fminiw-218x150.jpg",218,150,true],"td_300x0":["https:\/\/www.americanonewspaper.com\/es\/wp-content\/uploads\/2025\/08\/ac85e222d524b9ad8368a1dcae0f95274e79bd5fminiw-300x200.jpg",300,200,true],"td_324x400":["https:\/\/www.americanonewspaper.com\/es\/wp-content\/uploads\/2025\/08\/ac85e222d524b9ad8368a1dcae0f95274e79bd5fminiw-324x400.jpg",324,400,true],"td_485x360":["https:\/\/www.americanonewspaper.com\/es\/wp-content\/uploads\/2025\/08\/ac85e222d524b9ad8368a1dcae0f95274e79bd5fminiw-485x360.jpg",485,360,true],"td_696x0":["https:\/\/www.americanonewspaper.com\/es\/wp-content\/uploads\/2025\/08\/ac85e222d524b9ad8368a1dcae0f95274e79bd5fminiw-696x463.jpg",696,463,true],"td_1068x0":["https:\/\/www.americanonewspaper.com\/es\/wp-content\/uploads\/2025\/08\/ac85e222d524b9ad8368a1dcae0f95274e79bd5fminiw.jpg",900,599,false],"td_1920x0":["https:\/\/www.americanonewspaper.com\/es\/wp-content\/uploads\/2025\/08\/ac85e222d524b9ad8368a1dcae0f95274e79bd5fminiw.jpg",900,599,false],"bdpp-medium":["https:\/\/www.americanonewspaper.com\/es\/wp-content\/uploads\/2025\/08\/ac85e222d524b9ad8368a1dcae0f95274e79bd5fminiw-640x480.jpg",640,480,true]},"author_info":{"display_name":"Harmony Quintana","author_link":"https:\/\/www.americanonewspaper.com\/es\/author\/harmony\/"},"category_info":"<a href=\"https:\/\/www.americanonewspaper.com\/es\/category\/atletico-mineiro\/\" rel=\"category tag\">Atl\u00e9tico Mineiro<\/a> <a href=\"https:\/\/www.americanonewspaper.com\/es\/category\/futbol-2\/\" rel=\"category tag\">F\u00fatbol<\/a> <a href=\"https:\/\/www.americanonewspaper.com\/es\/category\/real-madrid\/\" rel=\"category tag\">Real Madrid<\/a> <a href=\"https:\/\/www.americanonewspaper.com\/es\/category\/reiner-jesus\/\" rel=\"category tag\">Reiner Jesus<\/a>","tag_info":"Reiner Jesus","comment_count":"0","jetpack_sharing_enabled":true,"jetpack_likes_enabled":true,"_links":{"self":[{"href":"https:\/\/www.americanonewspaper.com\/es\/wp-json\/wp\/v2\/posts\/28026","targetHints":{"allow":["GET"]}}],"collection":[{"href":"https:\/\/www.americanonewspaper.com\/es\/wp-json\/wp\/v2\/posts"}],"about":[{"href":"https:\/\/www.americanonewspaper.com\/es\/wp-json\/wp\/v2\/types\/post"}],"author":[{"embeddable":true,"href":"https:\/\/www.americanonewspaper.com\/es\/wp-json\/wp\/v2\/users\/14"}],"replies":[{"embeddable":true,"href":"https:\/\/www.americanonewspaper.com\/es\/wp-json\/wp\/v2\/comments?post=28026"}],"version-history":[{"count":1,"href":"https:\/\/www.americanonewspaper.com\/es\/wp-json\/wp\/v2\/posts\/28026\/revisions"}],"predecessor-version":[{"id":28028,"href":"https:\/\/www.americanonewspaper.com\/es\/wp-json\/wp\/v2\/posts\/28026\/revisions\/28028"}],"wp:featuredmedia":[{"embeddable":true,"href":"https:\/\/www.americanonewspaper.com\/es\/wp-json\/wp\/v2\/media\/28027"}],"wp:attachment":[{"href":"https:\/\/www.americanonewspaper.com\/es\/wp-json\/wp\/v2\/media?parent=28026"}],"wp:term":[{"taxonomy":"category","embeddable":true,"href":"https:\/\/www.americanonewspaper.com\/es\/wp-json\/wp\/v2\/categories?post=28026"},{"taxonomy":"post_tag","embeddable":true,"href":"https:\/\/www.americanonewspaper.com\/es\/wp-json\/wp\/v2\/tags?post=28026"}],"curies":[{"name":"wp","href":"https:\/\/api.w.org\/{rel}","templated":true}]}}