{"id":27725,"date":"2025-07-28T21:39:23","date_gmt":"2025-07-29T01:39:23","guid":{"rendered":"https:\/\/www.americanonewspaper.com\/es\/?p=27725"},"modified":"2025-07-28T21:39:26","modified_gmt":"2025-07-29T01:39:26","slug":"0-1-paraguay-va-a-los-juegos-panamericanos","status":"publish","type":"post","link":"https:\/\/www.americanonewspaper.com\/es\/paraguay\/0-1-paraguay-va-a-los-juegos-panamericanos\/","title":{"rendered":"0-1. Paraguay va a los Juegos Panamericanos"},"content":{"rendered":"\n<p>Quito, 28 jul (EFE).<\/p>\n\n\n\n<p class=\"has-drop-cap\">La selecci\u00f3n femenina de Paraguay se qued\u00f3 este lunes con el \u00faltimo cupo de la Copa Am\u00e9rica para los Juegos Panamericanos de Lima 2027 tras imponerse por 0-1 a la de Chile en el partido por el quinto puesto, gracias a un gol &#8216;in extremis&#8217; de Camila Arrieta.<\/p>\n\n\n\n<p>El solitario tanto de Arrieta cay\u00f3 en el minuto 92, con un fuerte remate desde el costado izquierdo que golpe\u00f3 en el poste izquierdo antes de anidarse en la porter\u00eda.<\/p>\n\n\n\n<figure class=\"wp-block-image size-large is-resized\"><a href=\"https:\/\/mblink.it\/23UBl270H\" target=\"_blank\" rel=\" noreferrer noopener\"><img fetchpriority=\"high\" decoding=\"async\" width=\"800\" height=\"206\" src=\"https:\/\/www.americanonewspaper.com\/es\/wp-content\/uploads\/2025\/07\/dfedhc-digital-970x250-5-800x206.gif\" alt=\"\" class=\"wp-image-27721\" style=\"width:1068px;height:auto\" srcset=\"https:\/\/www.americanonewspaper.com\/es\/wp-content\/uploads\/2025\/07\/dfedhc-digital-970x250-5-800x206.gif 800w, https:\/\/www.americanonewspaper.com\/es\/wp-content\/uploads\/2025\/07\/dfedhc-digital-970x250-5-300x77.gif 300w, https:\/\/www.americanonewspaper.com\/es\/wp-content\/uploads\/2025\/07\/dfedhc-digital-970x250-5-768x198.gif 768w, https:\/\/www.americanonewspaper.com\/es\/wp-content\/uploads\/2025\/07\/dfedhc-digital-970x250-5-150x39.gif 150w, https:\/\/www.americanonewspaper.com\/es\/wp-content\/uploads\/2025\/07\/dfedhc-digital-970x250-5-696x179.gif 696w\" sizes=\"(max-width: 800px) 100vw, 800px\" \/><\/a><\/figure>\n\n\n\n<p>La posesi\u00f3n del bal\u00f3n y el control de las acciones fue de las chilenas durante gran parte del encuentro, pero les falt\u00f3 punter\u00eda en el \u00faltimo remate.<\/p>\n\n\n\n<p>Una de las ocasiones m\u00e1s claras fue para la goleadora paraguaya Lice Chamorro, que remat\u00f3 rasante con su pierna izquierda, pero la arquera chilena Antonia Canales control\u00f3 la acci\u00f3n y, a regl\u00f3n seguido, el disparo de F\u00e1tima Acosta fue interrumpido por una defensa chilena, en otra clara opci\u00f3n de gol de las paraguayas.&nbsp;<\/p>\n\n\n\n<figure class=\"wp-block-image size-large is-resized\"><img decoding=\"async\" width=\"800\" height=\"365\" src=\"https:\/\/www.americanonewspaper.com\/es\/wp-content\/uploads\/2025\/07\/Screenshot-2025-02-20-at-9.11.40-AM-1920x877-2-8-800x365.webp\" alt=\"\" class=\"wp-image-27684\" style=\"width:1068px;height:auto\" srcset=\"https:\/\/www.americanonewspaper.com\/es\/wp-content\/uploads\/2025\/07\/Screenshot-2025-02-20-at-9.11.40-AM-1920x877-2-8-800x365.webp 800w, https:\/\/www.americanonewspaper.com\/es\/wp-content\/uploads\/2025\/07\/Screenshot-2025-02-20-at-9.11.40-AM-1920x877-2-8-300x137.webp 300w, https:\/\/www.americanonewspaper.com\/es\/wp-content\/uploads\/2025\/07\/Screenshot-2025-02-20-at-9.11.40-AM-1920x877-2-8-768x351.webp 768w, https:\/\/www.americanonewspaper.com\/es\/wp-content\/uploads\/2025\/07\/Screenshot-2025-02-20-at-9.11.40-AM-1920x877-2-8-1536x702.webp 1536w, https:\/\/www.americanonewspaper.com\/es\/wp-content\/uploads\/2025\/07\/Screenshot-2025-02-20-at-9.11.40-AM-1920x877-2-8-150x69.webp 150w, https:\/\/www.americanonewspaper.com\/es\/wp-content\/uploads\/2025\/07\/Screenshot-2025-02-20-at-9.11.40-AM-1920x877-2-8-696x318.webp 696w, https:\/\/www.americanonewspaper.com\/es\/wp-content\/uploads\/2025\/07\/Screenshot-2025-02-20-at-9.11.40-AM-1920x877-2-8-1068x488.webp 1068w, https:\/\/www.americanonewspaper.com\/es\/wp-content\/uploads\/2025\/07\/Screenshot-2025-02-20-at-9.11.40-AM-1920x877-2-8.webp 1920w\" sizes=\"(max-width: 800px) 100vw, 800px\" \/><\/figure>\n\n\n\n<p>En la reanudaci\u00f3n del partido, Sonya Keefe desperdici\u00f3 una ocasi\u00f3n para la Roja con un remate sobre el travesa\u00f1o.&nbsp;<\/p>\n\n\n\n<p>Cada vez que la goleadora del torneo, la atacante juvenil paraguaya Claudia Mart\u00ednez recibi\u00f3 el bal\u00f3n, cre\u00f3 peligro sobre la zona contraria. Sus movimientos resultaron incontrolables parea las chilenas y en los instantes finales lleg\u00f3 a mandar un bal\u00f3n al travesa\u00f1o.<\/p>\n\n\n\n<p>Cuando el partido daba para la definici\u00f3n del billete por la v\u00eda de los penaltis, Cindy Ramos hizo llegar el bal\u00f3n a Arrieta para que definiese e hiciese el \u00fanico gol del partido, sin margen de reacci\u00f3n para Chile.<\/p>\n\n\n\n<figure class=\"wp-block-image size-large is-resized\"><a href=\"https:\/\/www.globalautomall.com\/newdept.cfm\/page\/500-savings-for-americano-magazine-readers-2263\/\" target=\"_blank\" rel=\" noreferrer noopener\"><img decoding=\"async\" width=\"800\" height=\"367\" src=\"https:\/\/www.americanonewspaper.com\/es\/wp-content\/uploads\/2025\/07\/Globalhalf-23-800x367.webp\" alt=\"\" class=\"wp-image-27700\" style=\"width:1068px;height:auto\" srcset=\"https:\/\/www.americanonewspaper.com\/es\/wp-content\/uploads\/2025\/07\/Globalhalf-23-800x367.webp 800w, https:\/\/www.americanonewspaper.com\/es\/wp-content\/uploads\/2025\/07\/Globalhalf-23-300x138.webp 300w, https:\/\/www.americanonewspaper.com\/es\/wp-content\/uploads\/2025\/07\/Globalhalf-23-768x352.webp 768w, https:\/\/www.americanonewspaper.com\/es\/wp-content\/uploads\/2025\/07\/Globalhalf-23-150x69.webp 150w, https:\/\/www.americanonewspaper.com\/es\/wp-content\/uploads\/2025\/07\/Globalhalf-23-696x319.webp 696w, https:\/\/www.americanonewspaper.com\/es\/wp-content\/uploads\/2025\/07\/Globalhalf-23-1068x490.webp 1068w, https:\/\/www.americanonewspaper.com\/es\/wp-content\/uploads\/2025\/07\/Globalhalf-23.webp 1200w\" sizes=\"(max-width: 800px) 100vw, 800px\" \/><\/a><\/figure>\n\n\n\n<p>Los otros dos cupos para los Juegos Panamericanos ser\u00e1n para los equipos perdedores de las semifinales, mientras que los finalistas tendr\u00e1n sendos billetes directos para los Juegos Ol\u00edmpicos de Los \u00c1ngeles 2028.<\/p>\n\n\n\n<p>En las semifinales se enfrentar\u00e1 Argentina y Colombia, por un lado; y Brasil frente a Uruguay, por el otro.<\/p>\n\n\n\n<p>&#8211; Ficha t\u00e9cnica:<\/p>\n\n\n\n<figure class=\"wp-block-image size-large is-resized\"><a href=\"https:\/\/www.nj.gov\/health\/reproductivehealth\/\" target=\"_blank\" rel=\" noreferrer noopener\"><img loading=\"lazy\" decoding=\"async\" width=\"800\" height=\"367\" src=\"https:\/\/www.americanonewspaper.com\/es\/wp-content\/uploads\/2025\/07\/Spanish-1-1920x880-24-800x367.jpg\" alt=\"\" class=\"wp-image-27701\" style=\"width:1068px;height:auto\" srcset=\"https:\/\/www.americanonewspaper.com\/es\/wp-content\/uploads\/2025\/07\/Spanish-1-1920x880-24-800x367.jpg 800w, https:\/\/www.americanonewspaper.com\/es\/wp-content\/uploads\/2025\/07\/Spanish-1-1920x880-24-300x138.jpg 300w, https:\/\/www.americanonewspaper.com\/es\/wp-content\/uploads\/2025\/07\/Spanish-1-1920x880-24-768x352.jpg 768w, https:\/\/www.americanonewspaper.com\/es\/wp-content\/uploads\/2025\/07\/Spanish-1-1920x880-24-1536x704.jpg 1536w, https:\/\/www.americanonewspaper.com\/es\/wp-content\/uploads\/2025\/07\/Spanish-1-1920x880-24-150x69.jpg 150w, https:\/\/www.americanonewspaper.com\/es\/wp-content\/uploads\/2025\/07\/Spanish-1-1920x880-24-696x319.jpg 696w, https:\/\/www.americanonewspaper.com\/es\/wp-content\/uploads\/2025\/07\/Spanish-1-1920x880-24-1068x490.jpg 1068w, https:\/\/www.americanonewspaper.com\/es\/wp-content\/uploads\/2025\/07\/Spanish-1-1920x880-24.jpg 1920w\" sizes=\"(max-width: 800px) 100vw, 800px\" \/><\/a><\/figure>\n\n\n\n<p>0. Chile: Antonia Canales; Anais \u00c1lvarez (m.77, Yanara Aedo), Fernanda Ram\u00edrez, Camila Saez, Fernanda Pinilla; Mary Valencia (m.46, Rosario Balmaceda), Yastin Jim\u00e9nez (m.66, Yenny Acu\u00f1a), Vaitaire Pardo (m.87, Cludia Salfate), Nayadet L\u00f3pez; Karen Araya y Sonya Keefe.<\/p>\n\n\n\n<p>Seleccionador: Luis Mena<\/p>\n\n\n\n<p>1. Paraguay: Soledad Belotto; Naomi De Le\u00f3n, Dahiana Bogar\u00edn, Liz Barreto, Fiorela Mart\u00ednez (m.76, Deisy Ojeda); Camila Arrieta, Celeste Aguilera, Cindy Ramos, F\u00e1tima Acosta (m.77, Jessica Mart\u00ednez); Lice Chamorro y Claudia Mart\u00ednez.<\/p>\n\n\n\n<p>Seleccionador: F\u00e1bio Fukumoto.<\/p>\n\n\n\n<figure class=\"wp-block-image size-large is-resized\"><a href=\"https:\/\/www.dchbrunswicktoyota.com\/espanol\/ofertas-especiales-toyota-north-brunswick.htm\" target=\"_blank\" rel=\" noreferrer noopener\"><img loading=\"lazy\" decoding=\"async\" width=\"800\" height=\"361\" src=\"https:\/\/www.americanonewspaper.com\/es\/wp-content\/uploads\/2025\/07\/WhatsApp-Image-2025-07-11-at-9.01.58-PM-5-3-800x361.jpeg\" alt=\"\" class=\"wp-image-27646\" style=\"width:1068px;height:auto\" srcset=\"https:\/\/www.americanonewspaper.com\/es\/wp-content\/uploads\/2025\/07\/WhatsApp-Image-2025-07-11-at-9.01.58-PM-5-3-800x361.jpeg 800w, https:\/\/www.americanonewspaper.com\/es\/wp-content\/uploads\/2025\/07\/WhatsApp-Image-2025-07-11-at-9.01.58-PM-5-3-300x135.jpeg 300w, https:\/\/www.americanonewspaper.com\/es\/wp-content\/uploads\/2025\/07\/WhatsApp-Image-2025-07-11-at-9.01.58-PM-5-3-768x346.jpeg 768w, https:\/\/www.americanonewspaper.com\/es\/wp-content\/uploads\/2025\/07\/WhatsApp-Image-2025-07-11-at-9.01.58-PM-5-3-1536x692.jpeg 1536w, https:\/\/www.americanonewspaper.com\/es\/wp-content\/uploads\/2025\/07\/WhatsApp-Image-2025-07-11-at-9.01.58-PM-5-3-150x68.jpeg 150w, https:\/\/www.americanonewspaper.com\/es\/wp-content\/uploads\/2025\/07\/WhatsApp-Image-2025-07-11-at-9.01.58-PM-5-3-696x314.jpeg 696w, https:\/\/www.americanonewspaper.com\/es\/wp-content\/uploads\/2025\/07\/WhatsApp-Image-2025-07-11-at-9.01.58-PM-5-3-1068x481.jpeg 1068w, https:\/\/www.americanonewspaper.com\/es\/wp-content\/uploads\/2025\/07\/WhatsApp-Image-2025-07-11-at-9.01.58-PM-5-3.jpeg 1600w\" sizes=\"(max-width: 800px) 100vw, 800px\" \/><\/a><\/figure>\n\n\n\n<p>Gol: 0-1, m.92: Camila Arrieta.<\/p>\n\n\n\n<p>\u00c1rbitra: La venezolana Emikar Calderas amonest\u00f3 a Pinilla, F Mart\u00ednez y Jim\u00e9nez.<\/p>\n\n\n\n<p>Incidencias: partido por el quinto puesto de la Copa Am\u00e9rica Femenina, jugado en el estadio Banco Guayaquil, de Quito.<\/p>\n\n\n\n<p><\/p>\n","protected":false},"excerpt":{"rendered":"<p>Quito, 28 jul (EFE). La selecci\u00f3n femenina de Paraguay se qued\u00f3 este lunes con el \u00faltimo cupo de la Copa Am\u00e9rica para los Juegos Panamericanos de Lima 2027 tras imponerse por 0-1 a la de Chile en el partido por el quinto puesto, gracias a un gol &#8216;in extremis&#8217; de Camila Arrieta. El solitario tanto [&hellip;]<\/p>\n","protected":false},"author":14,"featured_media":27727,"comment_status":"open","ping_status":"open","sticky":false,"template":"","format":"standard","meta":{"_acf_changed":false,"tdm_status":"","tdm_grid_status":"","_jetpack_memberships_contains_paid_content":false,"footnotes":"","jetpack_publicize_message":"","jetpack_publicize_feature_enabled":true,"jetpack_social_post_already_shared":true,"jetpack_social_options":{"image_generator_settings":{"template":"highway","default_image_id":0,"font":"","enabled":false},"version":2},"_wpas_customize_per_network":false},"categories":[600,608,573],"tags":[],"class_list":{"0":"post-27725","1":"post","2":"type-post","3":"status-publish","4":"format-standard","5":"has-post-thumbnail","7":"category-copa-america","8":"category-futbol-2","9":"category-paraguay"},"acf":[],"yoast_head":"<!-- This site is optimized with the Yoast SEO Premium plugin v27.5 (Yoast SEO v27.5) - https:\/\/yoast.com\/product\/yoast-seo-premium-wordpress\/ -->\n<title>0-1. Paraguay va a los Juegos Panamericanos - Americano Newspaper<\/title>\n<meta name=\"description\" content=\"La selecci\u00f3n femenina de Paraguay se qued\u00f3 este lunes con el \u00faltimo cupo de la Copa Am\u00e9rica para los Juegos Panamericanos de Lima 2027 tras imponerse por 0-1 a la de Chile en el partido por el quinto puesto, gracias a un gol &#039;in extremis&#039; de Camila Arrieta.\" \/>\n<meta name=\"robots\" content=\"index, follow, max-snippet:-1, max-image-preview:large, max-video-preview:-1\" \/>\n<link rel=\"canonical\" href=\"https:\/\/www.americanonewspaper.com\/es\/paraguay\/0-1-paraguay-va-a-los-juegos-panamericanos\/\" \/>\n<meta property=\"og:locale\" content=\"en_US\" \/>\n<meta property=\"og:type\" content=\"article\" \/>\n<meta property=\"og:title\" content=\"0-1. Paraguay va a los Juegos Panamericanos\" \/>\n<meta property=\"og:description\" content=\"La selecci\u00f3n femenina de Paraguay se qued\u00f3 este lunes con el \u00faltimo cupo de la Copa Am\u00e9rica para los Juegos Panamericanos de Lima 2027 tras imponerse por 0-1 a la de Chile en el partido por el quinto puesto, gracias a un gol &#039;in extremis&#039; de Camila Arrieta.\" \/>\n<meta property=\"og:url\" content=\"https:\/\/www.americanonewspaper.com\/es\/paraguay\/0-1-paraguay-va-a-los-juegos-panamericanos\/\" \/>\n<meta property=\"og:site_name\" content=\"Americano Newspaper\" \/>\n<meta property=\"article:publisher\" content=\"https:\/\/www.facebook.com\/AmericanoNewspaper\/\" \/>\n<meta property=\"article:published_time\" content=\"2025-07-29T01:39:23+00:00\" \/>\n<meta property=\"article:modified_time\" content=\"2025-07-29T01:39:26+00:00\" \/>\n<meta property=\"og:image\" content=\"https:\/\/www.americanonewspaper.com\/es\/wp-content\/uploads\/2025\/07\/aa9888712df19a711412bc2aa36d00645a8ab6aaminiw.jpg\" \/>\n\t<meta property=\"og:image:width\" content=\"900\" \/>\n\t<meta property=\"og:image:height\" content=\"600\" \/>\n\t<meta property=\"og:image:type\" content=\"image\/jpeg\" \/>\n<meta name=\"author\" content=\"Harmony Quintana\" \/>\n<meta name=\"twitter:card\" content=\"summary_large_image\" \/>\n<meta name=\"twitter:label1\" content=\"Written by\" \/>\n\t<meta name=\"twitter:data1\" content=\"Harmony Quintana\" \/>\n\t<meta name=\"twitter:label2\" content=\"Est. reading time\" \/>\n\t<meta name=\"twitter:data2\" content=\"4 minutes\" \/>\n<script type=\"application\/ld+json\" class=\"yoast-schema-graph\">{\"@context\":\"https:\\\/\\\/schema.org\",\"@graph\":[{\"@type\":\"Article\",\"@id\":\"https:\\\/\\\/www.americanonewspaper.com\\\/es\\\/paraguay\\\/0-1-paraguay-va-a-los-juegos-panamericanos\\\/#article\",\"isPartOf\":{\"@id\":\"https:\\\/\\\/www.americanonewspaper.com\\\/es\\\/paraguay\\\/0-1-paraguay-va-a-los-juegos-panamericanos\\\/\"},\"author\":{\"name\":\"Harmony Quintana\",\"@id\":\"https:\\\/\\\/www.americanonewspaper.com\\\/es\\\/#\\\/schema\\\/person\\\/82c7c1ac5e9a005b627b6c7db5361c90\"},\"headline\":\"0-1. Paraguay va a los Juegos Panamericanos\",\"datePublished\":\"2025-07-29T01:39:23+00:00\",\"dateModified\":\"2025-07-29T01:39:26+00:00\",\"mainEntityOfPage\":{\"@id\":\"https:\\\/\\\/www.americanonewspaper.com\\\/es\\\/paraguay\\\/0-1-paraguay-va-a-los-juegos-panamericanos\\\/\"},\"wordCount\":469,\"commentCount\":0,\"publisher\":{\"@id\":\"https:\\\/\\\/www.americanonewspaper.com\\\/es\\\/#organization\"},\"image\":{\"@id\":\"https:\\\/\\\/www.americanonewspaper.com\\\/es\\\/paraguay\\\/0-1-paraguay-va-a-los-juegos-panamericanos\\\/#primaryimage\"},\"thumbnailUrl\":\"https:\\\/\\\/www.americanonewspaper.com\\\/es\\\/wp-content\\\/uploads\\\/2025\\\/07\\\/aa9888712df19a711412bc2aa36d00645a8ab6aaminiw.jpg\",\"articleSection\":[\"Copa Am\u00e9rica\",\"F\u00fatbol\",\"Paraguay\"],\"inLanguage\":\"en-US\",\"potentialAction\":[{\"@type\":\"CommentAction\",\"name\":\"Comment\",\"target\":[\"https:\\\/\\\/www.americanonewspaper.com\\\/es\\\/paraguay\\\/0-1-paraguay-va-a-los-juegos-panamericanos\\\/#respond\"]}]},{\"@type\":\"WebPage\",\"@id\":\"https:\\\/\\\/www.americanonewspaper.com\\\/es\\\/paraguay\\\/0-1-paraguay-va-a-los-juegos-panamericanos\\\/\",\"url\":\"https:\\\/\\\/www.americanonewspaper.com\\\/es\\\/paraguay\\\/0-1-paraguay-va-a-los-juegos-panamericanos\\\/\",\"name\":\"0-1. Paraguay va a los Juegos Panamericanos - Americano Newspaper\",\"isPartOf\":{\"@id\":\"https:\\\/\\\/www.americanonewspaper.com\\\/es\\\/#website\"},\"primaryImageOfPage\":{\"@id\":\"https:\\\/\\\/www.americanonewspaper.com\\\/es\\\/paraguay\\\/0-1-paraguay-va-a-los-juegos-panamericanos\\\/#primaryimage\"},\"image\":{\"@id\":\"https:\\\/\\\/www.americanonewspaper.com\\\/es\\\/paraguay\\\/0-1-paraguay-va-a-los-juegos-panamericanos\\\/#primaryimage\"},\"thumbnailUrl\":\"https:\\\/\\\/www.americanonewspaper.com\\\/es\\\/wp-content\\\/uploads\\\/2025\\\/07\\\/aa9888712df19a711412bc2aa36d00645a8ab6aaminiw.jpg\",\"datePublished\":\"2025-07-29T01:39:23+00:00\",\"dateModified\":\"2025-07-29T01:39:26+00:00\",\"description\":\"La selecci\u00f3n femenina de Paraguay se qued\u00f3 este lunes con el \u00faltimo cupo de la Copa Am\u00e9rica para los Juegos Panamericanos de Lima 2027 tras imponerse por 0-1 a la de Chile en el partido por el quinto puesto, gracias a un gol 'in extremis' de Camila Arrieta.\",\"breadcrumb\":{\"@id\":\"https:\\\/\\\/www.americanonewspaper.com\\\/es\\\/paraguay\\\/0-1-paraguay-va-a-los-juegos-panamericanos\\\/#breadcrumb\"},\"inLanguage\":\"en-US\",\"potentialAction\":[{\"@type\":\"ReadAction\",\"target\":[\"https:\\\/\\\/www.americanonewspaper.com\\\/es\\\/paraguay\\\/0-1-paraguay-va-a-los-juegos-panamericanos\\\/\"]}]},{\"@type\":\"ImageObject\",\"inLanguage\":\"en-US\",\"@id\":\"https:\\\/\\\/www.americanonewspaper.com\\\/es\\\/paraguay\\\/0-1-paraguay-va-a-los-juegos-panamericanos\\\/#primaryimage\",\"url\":\"https:\\\/\\\/www.americanonewspaper.com\\\/es\\\/wp-content\\\/uploads\\\/2025\\\/07\\\/aa9888712df19a711412bc2aa36d00645a8ab6aaminiw.jpg\",\"contentUrl\":\"https:\\\/\\\/www.americanonewspaper.com\\\/es\\\/wp-content\\\/uploads\\\/2025\\\/07\\\/aa9888712df19a711412bc2aa36d00645a8ab6aaminiw.jpg\",\"width\":900,\"height\":600,\"caption\":\"Las jugadoras de la selecci\u00f3n de Paraguay celebra este lunes en Quito la clasificaci\u00f3n a los Juegos Panamericanos de 2027 que acoger\u00e1 Lima al derrotar por 0-1 a la de Chile en el estadio Banco Guayaquil. EFE\\\/ Vicente Costales\"},{\"@type\":\"BreadcrumbList\",\"@id\":\"https:\\\/\\\/www.americanonewspaper.com\\\/es\\\/paraguay\\\/0-1-paraguay-va-a-los-juegos-panamericanos\\\/#breadcrumb\",\"itemListElement\":[{\"@type\":\"ListItem\",\"position\":1,\"name\":\"Home\",\"item\":\"https:\\\/\\\/www.americanonewspaper.com\\\/es\\\/\"},{\"@type\":\"ListItem\",\"position\":2,\"name\":\"0-1. Paraguay va a los Juegos Panamericanos\"}]},{\"@type\":\"WebSite\",\"@id\":\"https:\\\/\\\/www.americanonewspaper.com\\\/es\\\/#website\",\"url\":\"https:\\\/\\\/www.americanonewspaper.com\\\/es\\\/\",\"name\":\"Americano Newspaper\",\"description\":\"The Hispanic Newspaper of New Jersey.\",\"publisher\":{\"@id\":\"https:\\\/\\\/www.americanonewspaper.com\\\/es\\\/#organization\"},\"potentialAction\":[{\"@type\":\"SearchAction\",\"target\":{\"@type\":\"EntryPoint\",\"urlTemplate\":\"https:\\\/\\\/www.americanonewspaper.com\\\/es\\\/?s={search_term_string}\"},\"query-input\":{\"@type\":\"PropertyValueSpecification\",\"valueRequired\":true,\"valueName\":\"search_term_string\"}}],\"inLanguage\":\"en-US\"},{\"@type\":\"Organization\",\"@id\":\"https:\\\/\\\/www.americanonewspaper.com\\\/es\\\/#organization\",\"name\":\"Americano Newspaper\",\"url\":\"https:\\\/\\\/www.americanonewspaper.com\\\/es\\\/\",\"logo\":{\"@type\":\"ImageObject\",\"inLanguage\":\"en-US\",\"@id\":\"https:\\\/\\\/www.americanonewspaper.com\\\/es\\\/#\\\/schema\\\/logo\\\/image\\\/\",\"url\":\"https:\\\/\\\/www.americanonewspaper.com\\\/es\\\/wp-content\\\/uploads\\\/2024\\\/05\\\/AmericanoLogoCircle.comCircle2.jpg\",\"contentUrl\":\"https:\\\/\\\/www.americanonewspaper.com\\\/es\\\/wp-content\\\/uploads\\\/2024\\\/05\\\/AmericanoLogoCircle.comCircle2.jpg\",\"width\":600,\"height\":600,\"caption\":\"Americano Newspaper\"},\"image\":{\"@id\":\"https:\\\/\\\/www.americanonewspaper.com\\\/es\\\/#\\\/schema\\\/logo\\\/image\\\/\"},\"sameAs\":[\"https:\\\/\\\/www.facebook.com\\\/AmericanoNewspaper\\\/\"]},{\"@type\":\"Person\",\"@id\":\"https:\\\/\\\/www.americanonewspaper.com\\\/es\\\/#\\\/schema\\\/person\\\/82c7c1ac5e9a005b627b6c7db5361c90\",\"name\":\"Harmony Quintana\",\"image\":{\"@type\":\"ImageObject\",\"inLanguage\":\"en-US\",\"@id\":\"https:\\\/\\\/www.americanonewspaper.com\\\/es\\\/wp-content\\\/litespeed\\\/avatar\\\/656e5d40e40a67e90b0fee2acae8a764.jpg?ver=1777427866\",\"url\":\"https:\\\/\\\/www.americanonewspaper.com\\\/es\\\/wp-content\\\/litespeed\\\/avatar\\\/656e5d40e40a67e90b0fee2acae8a764.jpg?ver=1777427866\",\"contentUrl\":\"https:\\\/\\\/www.americanonewspaper.com\\\/es\\\/wp-content\\\/litespeed\\\/avatar\\\/656e5d40e40a67e90b0fee2acae8a764.jpg?ver=1777427866\",\"caption\":\"Harmony Quintana\"},\"sameAs\":[\"http:\\\/\\\/www.americanonewspaper.com\"],\"url\":\"https:\\\/\\\/www.americanonewspaper.com\\\/es\\\/author\\\/harmony\\\/\"}]}<\/script>\n<!-- \/ Yoast SEO Premium plugin. -->","yoast_head_json":{"title":"0-1. Paraguay va a los Juegos Panamericanos - Americano Newspaper","description":"La selecci\u00f3n femenina de Paraguay se qued\u00f3 este lunes con el \u00faltimo cupo de la Copa Am\u00e9rica para los Juegos Panamericanos de Lima 2027 tras imponerse por 0-1 a la de Chile en el partido por el quinto puesto, gracias a un gol 'in extremis' de Camila Arrieta.","robots":{"index":"index","follow":"follow","max-snippet":"max-snippet:-1","max-image-preview":"max-image-preview:large","max-video-preview":"max-video-preview:-1"},"canonical":"https:\/\/www.americanonewspaper.com\/es\/paraguay\/0-1-paraguay-va-a-los-juegos-panamericanos\/","og_locale":"en_US","og_type":"article","og_title":"0-1. Paraguay va a los Juegos Panamericanos","og_description":"La selecci\u00f3n femenina de Paraguay se qued\u00f3 este lunes con el \u00faltimo cupo de la Copa Am\u00e9rica para los Juegos Panamericanos de Lima 2027 tras imponerse por 0-1 a la de Chile en el partido por el quinto puesto, gracias a un gol 'in extremis' de Camila Arrieta.","og_url":"https:\/\/www.americanonewspaper.com\/es\/paraguay\/0-1-paraguay-va-a-los-juegos-panamericanos\/","og_site_name":"Americano Newspaper","article_publisher":"https:\/\/www.facebook.com\/AmericanoNewspaper\/","article_published_time":"2025-07-29T01:39:23+00:00","article_modified_time":"2025-07-29T01:39:26+00:00","og_image":[{"width":900,"height":600,"url":"https:\/\/www.americanonewspaper.com\/es\/wp-content\/uploads\/2025\/07\/aa9888712df19a711412bc2aa36d00645a8ab6aaminiw.jpg","type":"image\/jpeg"}],"author":"Harmony Quintana","twitter_card":"summary_large_image","twitter_misc":{"Written by":"Harmony Quintana","Est. reading time":"4 minutes"},"schema":{"@context":"https:\/\/schema.org","@graph":[{"@type":"Article","@id":"https:\/\/www.americanonewspaper.com\/es\/paraguay\/0-1-paraguay-va-a-los-juegos-panamericanos\/#article","isPartOf":{"@id":"https:\/\/www.americanonewspaper.com\/es\/paraguay\/0-1-paraguay-va-a-los-juegos-panamericanos\/"},"author":{"name":"Harmony Quintana","@id":"https:\/\/www.americanonewspaper.com\/es\/#\/schema\/person\/82c7c1ac5e9a005b627b6c7db5361c90"},"headline":"0-1. Paraguay va a los Juegos Panamericanos","datePublished":"2025-07-29T01:39:23+00:00","dateModified":"2025-07-29T01:39:26+00:00","mainEntityOfPage":{"@id":"https:\/\/www.americanonewspaper.com\/es\/paraguay\/0-1-paraguay-va-a-los-juegos-panamericanos\/"},"wordCount":469,"commentCount":0,"publisher":{"@id":"https:\/\/www.americanonewspaper.com\/es\/#organization"},"image":{"@id":"https:\/\/www.americanonewspaper.com\/es\/paraguay\/0-1-paraguay-va-a-los-juegos-panamericanos\/#primaryimage"},"thumbnailUrl":"https:\/\/www.americanonewspaper.com\/es\/wp-content\/uploads\/2025\/07\/aa9888712df19a711412bc2aa36d00645a8ab6aaminiw.jpg","articleSection":["Copa Am\u00e9rica","F\u00fatbol","Paraguay"],"inLanguage":"en-US","potentialAction":[{"@type":"CommentAction","name":"Comment","target":["https:\/\/www.americanonewspaper.com\/es\/paraguay\/0-1-paraguay-va-a-los-juegos-panamericanos\/#respond"]}]},{"@type":"WebPage","@id":"https:\/\/www.americanonewspaper.com\/es\/paraguay\/0-1-paraguay-va-a-los-juegos-panamericanos\/","url":"https:\/\/www.americanonewspaper.com\/es\/paraguay\/0-1-paraguay-va-a-los-juegos-panamericanos\/","name":"0-1. Paraguay va a los Juegos Panamericanos - Americano Newspaper","isPartOf":{"@id":"https:\/\/www.americanonewspaper.com\/es\/#website"},"primaryImageOfPage":{"@id":"https:\/\/www.americanonewspaper.com\/es\/paraguay\/0-1-paraguay-va-a-los-juegos-panamericanos\/#primaryimage"},"image":{"@id":"https:\/\/www.americanonewspaper.com\/es\/paraguay\/0-1-paraguay-va-a-los-juegos-panamericanos\/#primaryimage"},"thumbnailUrl":"https:\/\/www.americanonewspaper.com\/es\/wp-content\/uploads\/2025\/07\/aa9888712df19a711412bc2aa36d00645a8ab6aaminiw.jpg","datePublished":"2025-07-29T01:39:23+00:00","dateModified":"2025-07-29T01:39:26+00:00","description":"La selecci\u00f3n femenina de Paraguay se qued\u00f3 este lunes con el \u00faltimo cupo de la Copa Am\u00e9rica para los Juegos Panamericanos de Lima 2027 tras imponerse por 0-1 a la de Chile en el partido por el quinto puesto, gracias a un gol 'in extremis' de Camila Arrieta.","breadcrumb":{"@id":"https:\/\/www.americanonewspaper.com\/es\/paraguay\/0-1-paraguay-va-a-los-juegos-panamericanos\/#breadcrumb"},"inLanguage":"en-US","potentialAction":[{"@type":"ReadAction","target":["https:\/\/www.americanonewspaper.com\/es\/paraguay\/0-1-paraguay-va-a-los-juegos-panamericanos\/"]}]},{"@type":"ImageObject","inLanguage":"en-US","@id":"https:\/\/www.americanonewspaper.com\/es\/paraguay\/0-1-paraguay-va-a-los-juegos-panamericanos\/#primaryimage","url":"https:\/\/www.americanonewspaper.com\/es\/wp-content\/uploads\/2025\/07\/aa9888712df19a711412bc2aa36d00645a8ab6aaminiw.jpg","contentUrl":"https:\/\/www.americanonewspaper.com\/es\/wp-content\/uploads\/2025\/07\/aa9888712df19a711412bc2aa36d00645a8ab6aaminiw.jpg","width":900,"height":600,"caption":"Las jugadoras de la selecci\u00f3n de Paraguay celebra este lunes en Quito la clasificaci\u00f3n a los Juegos Panamericanos de 2027 que acoger\u00e1 Lima al derrotar por 0-1 a la de Chile en el estadio Banco Guayaquil. EFE\/ Vicente Costales"},{"@type":"BreadcrumbList","@id":"https:\/\/www.americanonewspaper.com\/es\/paraguay\/0-1-paraguay-va-a-los-juegos-panamericanos\/#breadcrumb","itemListElement":[{"@type":"ListItem","position":1,"name":"Home","item":"https:\/\/www.americanonewspaper.com\/es\/"},{"@type":"ListItem","position":2,"name":"0-1. Paraguay va a los Juegos Panamericanos"}]},{"@type":"WebSite","@id":"https:\/\/www.americanonewspaper.com\/es\/#website","url":"https:\/\/www.americanonewspaper.com\/es\/","name":"Americano Newspaper","description":"The Hispanic Newspaper of New Jersey.","publisher":{"@id":"https:\/\/www.americanonewspaper.com\/es\/#organization"},"potentialAction":[{"@type":"SearchAction","target":{"@type":"EntryPoint","urlTemplate":"https:\/\/www.americanonewspaper.com\/es\/?s={search_term_string}"},"query-input":{"@type":"PropertyValueSpecification","valueRequired":true,"valueName":"search_term_string"}}],"inLanguage":"en-US"},{"@type":"Organization","@id":"https:\/\/www.americanonewspaper.com\/es\/#organization","name":"Americano Newspaper","url":"https:\/\/www.americanonewspaper.com\/es\/","logo":{"@type":"ImageObject","inLanguage":"en-US","@id":"https:\/\/www.americanonewspaper.com\/es\/#\/schema\/logo\/image\/","url":"https:\/\/www.americanonewspaper.com\/es\/wp-content\/uploads\/2024\/05\/AmericanoLogoCircle.comCircle2.jpg","contentUrl":"https:\/\/www.americanonewspaper.com\/es\/wp-content\/uploads\/2024\/05\/AmericanoLogoCircle.comCircle2.jpg","width":600,"height":600,"caption":"Americano Newspaper"},"image":{"@id":"https:\/\/www.americanonewspaper.com\/es\/#\/schema\/logo\/image\/"},"sameAs":["https:\/\/www.facebook.com\/AmericanoNewspaper\/"]},{"@type":"Person","@id":"https:\/\/www.americanonewspaper.com\/es\/#\/schema\/person\/82c7c1ac5e9a005b627b6c7db5361c90","name":"Harmony Quintana","image":{"@type":"ImageObject","inLanguage":"en-US","@id":"https:\/\/www.americanonewspaper.com\/es\/wp-content\/litespeed\/avatar\/656e5d40e40a67e90b0fee2acae8a764.jpg?ver=1777427866","url":"https:\/\/www.americanonewspaper.com\/es\/wp-content\/litespeed\/avatar\/656e5d40e40a67e90b0fee2acae8a764.jpg?ver=1777427866","contentUrl":"https:\/\/www.americanonewspaper.com\/es\/wp-content\/litespeed\/avatar\/656e5d40e40a67e90b0fee2acae8a764.jpg?ver=1777427866","caption":"Harmony Quintana"},"sameAs":["http:\/\/www.americanonewspaper.com"],"url":"https:\/\/www.americanonewspaper.com\/es\/author\/harmony\/"}]}},"jetpack_publicize_connections":[],"jetpack_featured_media_url":"https:\/\/www.americanonewspaper.com\/es\/wp-content\/uploads\/2025\/07\/aa9888712df19a711412bc2aa36d00645a8ab6aaminiw.jpg","featured_image_urls":{"full":["https:\/\/www.americanonewspaper.com\/es\/wp-content\/uploads\/2025\/07\/aa9888712df19a711412bc2aa36d00645a8ab6aaminiw.jpg",900,600,false],"thumbnail":["https:\/\/www.americanonewspaper.com\/es\/wp-content\/uploads\/2025\/07\/aa9888712df19a711412bc2aa36d00645a8ab6aaminiw-250x250.jpg",250,250,true],"medium":["https:\/\/www.americanonewspaper.com\/es\/wp-content\/uploads\/2025\/07\/aa9888712df19a711412bc2aa36d00645a8ab6aaminiw-300x200.jpg",300,200,true],"medium_large":["https:\/\/www.americanonewspaper.com\/es\/wp-content\/uploads\/2025\/07\/aa9888712df19a711412bc2aa36d00645a8ab6aaminiw-768x512.jpg",696,464,true],"large":["https:\/\/www.americanonewspaper.com\/es\/wp-content\/uploads\/2025\/07\/aa9888712df19a711412bc2aa36d00645a8ab6aaminiw-750x500.jpg",696,464,true],"1536x1536":["https:\/\/www.americanonewspaper.com\/es\/wp-content\/uploads\/2025\/07\/aa9888712df19a711412bc2aa36d00645a8ab6aaminiw.jpg",900,600,false],"2048x2048":["https:\/\/www.americanonewspaper.com\/es\/wp-content\/uploads\/2025\/07\/aa9888712df19a711412bc2aa36d00645a8ab6aaminiw.jpg",900,600,false],"td_150x0":["https:\/\/www.americanonewspaper.com\/es\/wp-content\/uploads\/2025\/07\/aa9888712df19a711412bc2aa36d00645a8ab6aaminiw-150x100.jpg",150,100,true],"td_218x150":["https:\/\/www.americanonewspaper.com\/es\/wp-content\/uploads\/2025\/07\/aa9888712df19a711412bc2aa36d00645a8ab6aaminiw-218x150.jpg",218,150,true],"td_300x0":["https:\/\/www.americanonewspaper.com\/es\/wp-content\/uploads\/2025\/07\/aa9888712df19a711412bc2aa36d00645a8ab6aaminiw-300x200.jpg",300,200,true],"td_324x400":["https:\/\/www.americanonewspaper.com\/es\/wp-content\/uploads\/2025\/07\/aa9888712df19a711412bc2aa36d00645a8ab6aaminiw-324x400.jpg",324,400,true],"td_485x360":["https:\/\/www.americanonewspaper.com\/es\/wp-content\/uploads\/2025\/07\/aa9888712df19a711412bc2aa36d00645a8ab6aaminiw-485x360.jpg",485,360,true],"td_696x0":["https:\/\/www.americanonewspaper.com\/es\/wp-content\/uploads\/2025\/07\/aa9888712df19a711412bc2aa36d00645a8ab6aaminiw-696x464.jpg",696,464,true],"td_1068x0":["https:\/\/www.americanonewspaper.com\/es\/wp-content\/uploads\/2025\/07\/aa9888712df19a711412bc2aa36d00645a8ab6aaminiw.jpg",900,600,false],"td_1920x0":["https:\/\/www.americanonewspaper.com\/es\/wp-content\/uploads\/2025\/07\/aa9888712df19a711412bc2aa36d00645a8ab6aaminiw.jpg",900,600,false],"bdpp-medium":["https:\/\/www.americanonewspaper.com\/es\/wp-content\/uploads\/2025\/07\/aa9888712df19a711412bc2aa36d00645a8ab6aaminiw-640x480.jpg",640,480,true]},"author_info":{"display_name":"Harmony Quintana","author_link":"https:\/\/www.americanonewspaper.com\/es\/author\/harmony\/"},"category_info":"<a href=\"https:\/\/www.americanonewspaper.com\/es\/category\/copa-america\/\" rel=\"category tag\">Copa Am\u00e9rica<\/a> <a href=\"https:\/\/www.americanonewspaper.com\/es\/category\/futbol-2\/\" rel=\"category tag\">F\u00fatbol<\/a> <a href=\"https:\/\/www.americanonewspaper.com\/es\/category\/paraguay\/\" rel=\"category tag\">Paraguay<\/a>","tag_info":"Paraguay","comment_count":"0","jetpack_sharing_enabled":true,"jetpack_likes_enabled":true,"_links":{"self":[{"href":"https:\/\/www.americanonewspaper.com\/es\/wp-json\/wp\/v2\/posts\/27725","targetHints":{"allow":["GET"]}}],"collection":[{"href":"https:\/\/www.americanonewspaper.com\/es\/wp-json\/wp\/v2\/posts"}],"about":[{"href":"https:\/\/www.americanonewspaper.com\/es\/wp-json\/wp\/v2\/types\/post"}],"author":[{"embeddable":true,"href":"https:\/\/www.americanonewspaper.com\/es\/wp-json\/wp\/v2\/users\/14"}],"replies":[{"embeddable":true,"href":"https:\/\/www.americanonewspaper.com\/es\/wp-json\/wp\/v2\/comments?post=27725"}],"version-history":[{"count":1,"href":"https:\/\/www.americanonewspaper.com\/es\/wp-json\/wp\/v2\/posts\/27725\/revisions"}],"predecessor-version":[{"id":27728,"href":"https:\/\/www.americanonewspaper.com\/es\/wp-json\/wp\/v2\/posts\/27725\/revisions\/27728"}],"wp:featuredmedia":[{"embeddable":true,"href":"https:\/\/www.americanonewspaper.com\/es\/wp-json\/wp\/v2\/media\/27727"}],"wp:attachment":[{"href":"https:\/\/www.americanonewspaper.com\/es\/wp-json\/wp\/v2\/media?parent=27725"}],"wp:term":[{"taxonomy":"category","embeddable":true,"href":"https:\/\/www.americanonewspaper.com\/es\/wp-json\/wp\/v2\/categories?post=27725"},{"taxonomy":"post_tag","embeddable":true,"href":"https:\/\/www.americanonewspaper.com\/es\/wp-json\/wp\/v2\/tags?post=27725"}],"curies":[{"name":"wp","href":"https:\/\/api.w.org\/{rel}","templated":true}]}}