{"id":27626,"date":"2025-07-22T22:41:43","date_gmt":"2025-07-23T02:41:43","guid":{"rendered":"https:\/\/www.americanonewspaper.com\/es\/?p=27626"},"modified":"2025-07-22T23:02:56","modified_gmt":"2025-07-23T03:02:56","slug":"areso-firma-con-el-athletic-hasta-2031","status":"publish","type":"post","link":"https:\/\/www.americanonewspaper.com\/es\/athletic-club\/areso-firma-con-el-athletic-hasta-2031\/","title":{"rendered":"Areso firma con el Athletic hasta 2031"},"content":{"rendered":"\n<p>Bilbao, 22 jul (EFE).<\/p>\n\n\n\n<p class=\"has-drop-cap\">El Athletic Club confirm\u00f3 que ha alcanzado un acuerdo con Osasuna para el traspaso al equipo rojiblanco del defensa Jes\u00fas Areso, que firmar\u00e1 con la entidad bilba\u00edna hasta el 30 de junio de 2031.<\/p>\n\n\n\n<figure class=\"wp-block-image size-large is-resized\"><img fetchpriority=\"high\" decoding=\"async\" width=\"800\" height=\"365\" src=\"https:\/\/www.americanonewspaper.com\/es\/wp-content\/uploads\/2025\/07\/Screenshot-2025-02-20-at-9.11.40-AM-1920x877-2-4-800x365.webp\" alt=\"\" class=\"wp-image-27602\" style=\"width:1068px;height:auto\" srcset=\"https:\/\/www.americanonewspaper.com\/es\/wp-content\/uploads\/2025\/07\/Screenshot-2025-02-20-at-9.11.40-AM-1920x877-2-4-800x365.webp 800w, https:\/\/www.americanonewspaper.com\/es\/wp-content\/uploads\/2025\/07\/Screenshot-2025-02-20-at-9.11.40-AM-1920x877-2-4-300x137.webp 300w, https:\/\/www.americanonewspaper.com\/es\/wp-content\/uploads\/2025\/07\/Screenshot-2025-02-20-at-9.11.40-AM-1920x877-2-4-768x351.webp 768w, https:\/\/www.americanonewspaper.com\/es\/wp-content\/uploads\/2025\/07\/Screenshot-2025-02-20-at-9.11.40-AM-1920x877-2-4-1536x702.webp 1536w, https:\/\/www.americanonewspaper.com\/es\/wp-content\/uploads\/2025\/07\/Screenshot-2025-02-20-at-9.11.40-AM-1920x877-2-4-150x69.webp 150w, https:\/\/www.americanonewspaper.com\/es\/wp-content\/uploads\/2025\/07\/Screenshot-2025-02-20-at-9.11.40-AM-1920x877-2-4-696x318.webp 696w, https:\/\/www.americanonewspaper.com\/es\/wp-content\/uploads\/2025\/07\/Screenshot-2025-02-20-at-9.11.40-AM-1920x877-2-4-1068x488.webp 1068w, https:\/\/www.americanonewspaper.com\/es\/wp-content\/uploads\/2025\/07\/Screenshot-2025-02-20-at-9.11.40-AM-1920x877-2-4.webp 1920w\" sizes=\"(max-width: 800px) 100vw, 800px\" \/><\/figure>\n\n\n\n<p>Areso, de 26 a\u00f1os, regresar\u00e1 as\u00ed cuatro a\u00f1os despu\u00e9s de salir del Athletic en 2021. El lateral derecho lleg\u00f3 a Lezama en edad juvenil y disput\u00f3 52 encuentros en el Bilbao Athletic. En la temporada 2021-22 volvi\u00f3 a Osasuna y con el primer equipo rojillo ha jugado 86 partidos oficiales en las dos \u00faltimas campa\u00f1as.<\/p>\n\n\n\n<figure class=\"wp-block-image size-large is-resized\"><a href=\"https:\/\/www.globalautomall.com\/newdept.cfm\/page\/500-savings-for-americano-magazine-readers-2263\/\" target=\"_blank\" rel=\" noreferrer noopener\"><img decoding=\"async\" width=\"800\" height=\"367\" src=\"https:\/\/www.americanonewspaper.com\/es\/wp-content\/uploads\/2025\/07\/Globalhalf-18-800x367.webp\" alt=\"\" class=\"wp-image-27603\" style=\"width:1068px;height:auto\" srcset=\"https:\/\/www.americanonewspaper.com\/es\/wp-content\/uploads\/2025\/07\/Globalhalf-18-800x367.webp 800w, https:\/\/www.americanonewspaper.com\/es\/wp-content\/uploads\/2025\/07\/Globalhalf-18-300x138.webp 300w, https:\/\/www.americanonewspaper.com\/es\/wp-content\/uploads\/2025\/07\/Globalhalf-18-768x352.webp 768w, https:\/\/www.americanonewspaper.com\/es\/wp-content\/uploads\/2025\/07\/Globalhalf-18-150x69.webp 150w, https:\/\/www.americanonewspaper.com\/es\/wp-content\/uploads\/2025\/07\/Globalhalf-18-696x319.webp 696w, https:\/\/www.americanonewspaper.com\/es\/wp-content\/uploads\/2025\/07\/Globalhalf-18-1068x490.webp 1068w, https:\/\/www.americanonewspaper.com\/es\/wp-content\/uploads\/2025\/07\/Globalhalf-18.webp 1200w\" sizes=\"(max-width: 800px) 100vw, 800px\" \/><\/a><\/figure>\n\n\n\n<p>El navarro &#8220;se incorpora de manera inmediata&#8221; a los entrenamientos del Athletic a las \u00f3rdenes de Ernesto Valverde y este mi\u00e9rcoles ser\u00e1 presentado en San Mam\u00e9s en una rueda de prensa que comenzar\u00e1 a las 13.30 horas.<\/p>\n\n\n\n<figure class=\"wp-block-image size-large is-resized\"><a href=\"https:\/\/www.nj.gov\/health\/saludreproductiva\/\" target=\"_blank\" rel=\" noreferrer noopener\"><img decoding=\"async\" width=\"800\" height=\"367\" src=\"https:\/\/www.americanonewspaper.com\/es\/wp-content\/uploads\/2025\/07\/Spanish-1-1920x880-19-800x367.jpg\" alt=\"\" class=\"wp-image-27604\" style=\"width:1068px;height:auto\" srcset=\"https:\/\/www.americanonewspaper.com\/es\/wp-content\/uploads\/2025\/07\/Spanish-1-1920x880-19-800x367.jpg 800w, https:\/\/www.americanonewspaper.com\/es\/wp-content\/uploads\/2025\/07\/Spanish-1-1920x880-19-300x138.jpg 300w, https:\/\/www.americanonewspaper.com\/es\/wp-content\/uploads\/2025\/07\/Spanish-1-1920x880-19-768x352.jpg 768w, https:\/\/www.americanonewspaper.com\/es\/wp-content\/uploads\/2025\/07\/Spanish-1-1920x880-19-1536x704.jpg 1536w, https:\/\/www.americanonewspaper.com\/es\/wp-content\/uploads\/2025\/07\/Spanish-1-1920x880-19-150x69.jpg 150w, https:\/\/www.americanonewspaper.com\/es\/wp-content\/uploads\/2025\/07\/Spanish-1-1920x880-19-696x319.jpg 696w, https:\/\/www.americanonewspaper.com\/es\/wp-content\/uploads\/2025\/07\/Spanish-1-1920x880-19-1068x490.jpg 1068w, https:\/\/www.americanonewspaper.com\/es\/wp-content\/uploads\/2025\/07\/Spanish-1-1920x880-19.jpg 1920w\" sizes=\"(max-width: 800px) 100vw, 800px\" \/><\/a><\/figure>\n\n\n\n<p><\/p>\n","protected":false},"excerpt":{"rendered":"<p>Bilbao, 22 jul (EFE). El Athletic Club confirm\u00f3 que ha alcanzado un acuerdo con Osasuna para el traspaso al equipo rojiblanco del defensa Jes\u00fas Areso, que firmar\u00e1 con la entidad bilba\u00edna hasta el 30 de junio de 2031. Areso, de 26 a\u00f1os, regresar\u00e1 as\u00ed cuatro a\u00f1os despu\u00e9s de salir del Athletic en 2021. El lateral [&hellip;]<\/p>\n","protected":false},"author":14,"featured_media":27627,"comment_status":"open","ping_status":"open","sticky":false,"template":"","format":"standard","meta":{"_acf_changed":false,"tdm_status":"","tdm_grid_status":"","_jetpack_memberships_contains_paid_content":false,"footnotes":"","jetpack_publicize_message":"","jetpack_publicize_feature_enabled":true,"jetpack_social_post_already_shared":true,"jetpack_social_options":{"image_generator_settings":{"template":"highway","default_image_id":0,"font":"","enabled":false},"version":2},"_wpas_customize_per_network":false},"categories":[1087,973,608],"tags":[],"class_list":{"0":"post-27626","1":"post","2":"type-post","3":"status-publish","4":"format-standard","5":"has-post-thumbnail","7":"category-areso","8":"category-athletic-club","9":"category-futbol-2"},"acf":[],"yoast_head":"<!-- This site is optimized with the Yoast SEO Premium plugin v27.4 (Yoast SEO v27.4) - https:\/\/yoast.com\/product\/yoast-seo-premium-wordpress\/ -->\n<title>Areso firma con el Athletic hasta 2031 - Americano Newspaper<\/title>\n<meta name=\"description\" content=\"El Athletic Club confirm\u00f3 que ha alcanzado un acuerdo con Osasuna para el traspaso al equipo rojiblanco del defensa Jes\u00fas Areso, que firmar\u00e1 con la entidad bilba\u00edna hasta el 30 de junio de 2031.\" \/>\n<meta name=\"robots\" content=\"index, follow, max-snippet:-1, max-image-preview:large, max-video-preview:-1\" \/>\n<link rel=\"canonical\" href=\"https:\/\/www.americanonewspaper.com\/es\/athletic-club\/areso-firma-con-el-athletic-hasta-2031\/\" \/>\n<meta property=\"og:locale\" content=\"en_US\" \/>\n<meta property=\"og:type\" content=\"article\" \/>\n<meta property=\"og:title\" content=\"Areso firma con el Athletic hasta 2031\" \/>\n<meta property=\"og:description\" content=\"El Athletic Club confirm\u00f3 que ha alcanzado un acuerdo con Osasuna para el traspaso al equipo rojiblanco del defensa Jes\u00fas Areso, que firmar\u00e1 con la entidad bilba\u00edna hasta el 30 de junio de 2031.\" \/>\n<meta property=\"og:url\" content=\"https:\/\/www.americanonewspaper.com\/es\/athletic-club\/areso-firma-con-el-athletic-hasta-2031\/\" \/>\n<meta property=\"og:site_name\" content=\"Americano Newspaper\" \/>\n<meta property=\"article:publisher\" content=\"https:\/\/www.facebook.com\/AmericanoNewspaper\/\" \/>\n<meta property=\"article:published_time\" content=\"2025-07-23T02:41:43+00:00\" \/>\n<meta property=\"article:modified_time\" content=\"2025-07-23T03:02:56+00:00\" \/>\n<meta property=\"og:image\" content=\"https:\/\/www.americanonewspaper.com\/es\/wp-content\/uploads\/2025\/07\/7b636a0e2b7cc92d80ca90e7840ef5a6972515c0miniw.jpg\" \/>\n\t<meta property=\"og:image:width\" content=\"900\" \/>\n\t<meta property=\"og:image:height\" content=\"601\" \/>\n\t<meta property=\"og:image:type\" content=\"image\/jpeg\" \/>\n<meta name=\"author\" content=\"Harmony Quintana\" \/>\n<meta name=\"twitter:card\" content=\"summary_large_image\" \/>\n<meta name=\"twitter:label1\" content=\"Written by\" \/>\n\t<meta name=\"twitter:data1\" content=\"Harmony Quintana\" \/>\n\t<meta name=\"twitter:label2\" content=\"Est. reading time\" \/>\n\t<meta name=\"twitter:data2\" content=\"2 minutes\" \/>\n<script type=\"application\/ld+json\" class=\"yoast-schema-graph\">{\"@context\":\"https:\\\/\\\/schema.org\",\"@graph\":[{\"@type\":\"Article\",\"@id\":\"https:\\\/\\\/www.americanonewspaper.com\\\/es\\\/athletic-club\\\/areso-firma-con-el-athletic-hasta-2031\\\/#article\",\"isPartOf\":{\"@id\":\"https:\\\/\\\/www.americanonewspaper.com\\\/es\\\/athletic-club\\\/areso-firma-con-el-athletic-hasta-2031\\\/\"},\"author\":{\"name\":\"Harmony Quintana\",\"@id\":\"https:\\\/\\\/www.americanonewspaper.com\\\/es\\\/#\\\/schema\\\/person\\\/82c7c1ac5e9a005b627b6c7db5361c90\"},\"headline\":\"Areso firma con el Athletic hasta 2031\",\"datePublished\":\"2025-07-23T02:41:43+00:00\",\"dateModified\":\"2025-07-23T03:02:56+00:00\",\"mainEntityOfPage\":{\"@id\":\"https:\\\/\\\/www.americanonewspaper.com\\\/es\\\/athletic-club\\\/areso-firma-con-el-athletic-hasta-2031\\\/\"},\"wordCount\":136,\"commentCount\":0,\"publisher\":{\"@id\":\"https:\\\/\\\/www.americanonewspaper.com\\\/es\\\/#organization\"},\"image\":{\"@id\":\"https:\\\/\\\/www.americanonewspaper.com\\\/es\\\/athletic-club\\\/areso-firma-con-el-athletic-hasta-2031\\\/#primaryimage\"},\"thumbnailUrl\":\"https:\\\/\\\/www.americanonewspaper.com\\\/es\\\/wp-content\\\/uploads\\\/2025\\\/07\\\/7b636a0e2b7cc92d80ca90e7840ef5a6972515c0miniw.jpg\",\"articleSection\":[\"Areso\",\"Athletic Club\",\"F\u00fatbol\"],\"inLanguage\":\"en-US\",\"potentialAction\":[{\"@type\":\"CommentAction\",\"name\":\"Comment\",\"target\":[\"https:\\\/\\\/www.americanonewspaper.com\\\/es\\\/athletic-club\\\/areso-firma-con-el-athletic-hasta-2031\\\/#respond\"]}]},{\"@type\":\"WebPage\",\"@id\":\"https:\\\/\\\/www.americanonewspaper.com\\\/es\\\/athletic-club\\\/areso-firma-con-el-athletic-hasta-2031\\\/\",\"url\":\"https:\\\/\\\/www.americanonewspaper.com\\\/es\\\/athletic-club\\\/areso-firma-con-el-athletic-hasta-2031\\\/\",\"name\":\"Areso firma con el Athletic hasta 2031 - Americano Newspaper\",\"isPartOf\":{\"@id\":\"https:\\\/\\\/www.americanonewspaper.com\\\/es\\\/#website\"},\"primaryImageOfPage\":{\"@id\":\"https:\\\/\\\/www.americanonewspaper.com\\\/es\\\/athletic-club\\\/areso-firma-con-el-athletic-hasta-2031\\\/#primaryimage\"},\"image\":{\"@id\":\"https:\\\/\\\/www.americanonewspaper.com\\\/es\\\/athletic-club\\\/areso-firma-con-el-athletic-hasta-2031\\\/#primaryimage\"},\"thumbnailUrl\":\"https:\\\/\\\/www.americanonewspaper.com\\\/es\\\/wp-content\\\/uploads\\\/2025\\\/07\\\/7b636a0e2b7cc92d80ca90e7840ef5a6972515c0miniw.jpg\",\"datePublished\":\"2025-07-23T02:41:43+00:00\",\"dateModified\":\"2025-07-23T03:02:56+00:00\",\"description\":\"El Athletic Club confirm\u00f3 que ha alcanzado un acuerdo con Osasuna para el traspaso al equipo rojiblanco del defensa Jes\u00fas Areso, que firmar\u00e1 con la entidad bilba\u00edna hasta el 30 de junio de 2031.\",\"breadcrumb\":{\"@id\":\"https:\\\/\\\/www.americanonewspaper.com\\\/es\\\/athletic-club\\\/areso-firma-con-el-athletic-hasta-2031\\\/#breadcrumb\"},\"inLanguage\":\"en-US\",\"potentialAction\":[{\"@type\":\"ReadAction\",\"target\":[\"https:\\\/\\\/www.americanonewspaper.com\\\/es\\\/athletic-club\\\/areso-firma-con-el-athletic-hasta-2031\\\/\"]}]},{\"@type\":\"ImageObject\",\"inLanguage\":\"en-US\",\"@id\":\"https:\\\/\\\/www.americanonewspaper.com\\\/es\\\/athletic-club\\\/areso-firma-con-el-athletic-hasta-2031\\\/#primaryimage\",\"url\":\"https:\\\/\\\/www.americanonewspaper.com\\\/es\\\/wp-content\\\/uploads\\\/2025\\\/07\\\/7b636a0e2b7cc92d80ca90e7840ef5a6972515c0miniw.jpg\",\"contentUrl\":\"https:\\\/\\\/www.americanonewspaper.com\\\/es\\\/wp-content\\\/uploads\\\/2025\\\/07\\\/7b636a0e2b7cc92d80ca90e7840ef5a6972515c0miniw.jpg\",\"width\":900,\"height\":601,\"caption\":\"El jugador de Osasuna, Jes\u00fas Areso en foto de archivo de Daniel Gonz\u00e1lez. EFE\"},{\"@type\":\"BreadcrumbList\",\"@id\":\"https:\\\/\\\/www.americanonewspaper.com\\\/es\\\/athletic-club\\\/areso-firma-con-el-athletic-hasta-2031\\\/#breadcrumb\",\"itemListElement\":[{\"@type\":\"ListItem\",\"position\":1,\"name\":\"Home\",\"item\":\"https:\\\/\\\/www.americanonewspaper.com\\\/es\\\/\"},{\"@type\":\"ListItem\",\"position\":2,\"name\":\"Areso firma con el Athletic hasta 2031\"}]},{\"@type\":\"WebSite\",\"@id\":\"https:\\\/\\\/www.americanonewspaper.com\\\/es\\\/#website\",\"url\":\"https:\\\/\\\/www.americanonewspaper.com\\\/es\\\/\",\"name\":\"Americano Newspaper\",\"description\":\"The Hispanic Newspaper of New Jersey.\",\"publisher\":{\"@id\":\"https:\\\/\\\/www.americanonewspaper.com\\\/es\\\/#organization\"},\"potentialAction\":[{\"@type\":\"SearchAction\",\"target\":{\"@type\":\"EntryPoint\",\"urlTemplate\":\"https:\\\/\\\/www.americanonewspaper.com\\\/es\\\/?s={search_term_string}\"},\"query-input\":{\"@type\":\"PropertyValueSpecification\",\"valueRequired\":true,\"valueName\":\"search_term_string\"}}],\"inLanguage\":\"en-US\"},{\"@type\":\"Organization\",\"@id\":\"https:\\\/\\\/www.americanonewspaper.com\\\/es\\\/#organization\",\"name\":\"Americano Newspaper\",\"url\":\"https:\\\/\\\/www.americanonewspaper.com\\\/es\\\/\",\"logo\":{\"@type\":\"ImageObject\",\"inLanguage\":\"en-US\",\"@id\":\"https:\\\/\\\/www.americanonewspaper.com\\\/es\\\/#\\\/schema\\\/logo\\\/image\\\/\",\"url\":\"https:\\\/\\\/www.americanonewspaper.com\\\/es\\\/wp-content\\\/uploads\\\/2024\\\/05\\\/AmericanoLogoCircle.comCircle2.jpg\",\"contentUrl\":\"https:\\\/\\\/www.americanonewspaper.com\\\/es\\\/wp-content\\\/uploads\\\/2024\\\/05\\\/AmericanoLogoCircle.comCircle2.jpg\",\"width\":600,\"height\":600,\"caption\":\"Americano Newspaper\"},\"image\":{\"@id\":\"https:\\\/\\\/www.americanonewspaper.com\\\/es\\\/#\\\/schema\\\/logo\\\/image\\\/\"},\"sameAs\":[\"https:\\\/\\\/www.facebook.com\\\/AmericanoNewspaper\\\/\"]},{\"@type\":\"Person\",\"@id\":\"https:\\\/\\\/www.americanonewspaper.com\\\/es\\\/#\\\/schema\\\/person\\\/82c7c1ac5e9a005b627b6c7db5361c90\",\"name\":\"Harmony Quintana\",\"image\":{\"@type\":\"ImageObject\",\"inLanguage\":\"en-US\",\"@id\":\"https:\\\/\\\/www.americanonewspaper.com\\\/es\\\/wp-content\\\/litespeed\\\/avatar\\\/656e5d40e40a67e90b0fee2acae8a764.jpg?ver=1776822671\",\"url\":\"https:\\\/\\\/www.americanonewspaper.com\\\/es\\\/wp-content\\\/litespeed\\\/avatar\\\/656e5d40e40a67e90b0fee2acae8a764.jpg?ver=1776822671\",\"contentUrl\":\"https:\\\/\\\/www.americanonewspaper.com\\\/es\\\/wp-content\\\/litespeed\\\/avatar\\\/656e5d40e40a67e90b0fee2acae8a764.jpg?ver=1776822671\",\"caption\":\"Harmony Quintana\"},\"sameAs\":[\"http:\\\/\\\/www.americanonewspaper.com\"],\"url\":\"https:\\\/\\\/www.americanonewspaper.com\\\/es\\\/author\\\/harmony\\\/\"}]}<\/script>\n<!-- \/ Yoast SEO Premium plugin. -->","yoast_head_json":{"title":"Areso firma con el Athletic hasta 2031 - Americano Newspaper","description":"El Athletic Club confirm\u00f3 que ha alcanzado un acuerdo con Osasuna para el traspaso al equipo rojiblanco del defensa Jes\u00fas Areso, que firmar\u00e1 con la entidad bilba\u00edna hasta el 30 de junio de 2031.","robots":{"index":"index","follow":"follow","max-snippet":"max-snippet:-1","max-image-preview":"max-image-preview:large","max-video-preview":"max-video-preview:-1"},"canonical":"https:\/\/www.americanonewspaper.com\/es\/athletic-club\/areso-firma-con-el-athletic-hasta-2031\/","og_locale":"en_US","og_type":"article","og_title":"Areso firma con el Athletic hasta 2031","og_description":"El Athletic Club confirm\u00f3 que ha alcanzado un acuerdo con Osasuna para el traspaso al equipo rojiblanco del defensa Jes\u00fas Areso, que firmar\u00e1 con la entidad bilba\u00edna hasta el 30 de junio de 2031.","og_url":"https:\/\/www.americanonewspaper.com\/es\/athletic-club\/areso-firma-con-el-athletic-hasta-2031\/","og_site_name":"Americano Newspaper","article_publisher":"https:\/\/www.facebook.com\/AmericanoNewspaper\/","article_published_time":"2025-07-23T02:41:43+00:00","article_modified_time":"2025-07-23T03:02:56+00:00","og_image":[{"width":900,"height":601,"url":"https:\/\/www.americanonewspaper.com\/es\/wp-content\/uploads\/2025\/07\/7b636a0e2b7cc92d80ca90e7840ef5a6972515c0miniw.jpg","type":"image\/jpeg"}],"author":"Harmony Quintana","twitter_card":"summary_large_image","twitter_misc":{"Written by":"Harmony Quintana","Est. reading time":"2 minutes"},"schema":{"@context":"https:\/\/schema.org","@graph":[{"@type":"Article","@id":"https:\/\/www.americanonewspaper.com\/es\/athletic-club\/areso-firma-con-el-athletic-hasta-2031\/#article","isPartOf":{"@id":"https:\/\/www.americanonewspaper.com\/es\/athletic-club\/areso-firma-con-el-athletic-hasta-2031\/"},"author":{"name":"Harmony Quintana","@id":"https:\/\/www.americanonewspaper.com\/es\/#\/schema\/person\/82c7c1ac5e9a005b627b6c7db5361c90"},"headline":"Areso firma con el Athletic hasta 2031","datePublished":"2025-07-23T02:41:43+00:00","dateModified":"2025-07-23T03:02:56+00:00","mainEntityOfPage":{"@id":"https:\/\/www.americanonewspaper.com\/es\/athletic-club\/areso-firma-con-el-athletic-hasta-2031\/"},"wordCount":136,"commentCount":0,"publisher":{"@id":"https:\/\/www.americanonewspaper.com\/es\/#organization"},"image":{"@id":"https:\/\/www.americanonewspaper.com\/es\/athletic-club\/areso-firma-con-el-athletic-hasta-2031\/#primaryimage"},"thumbnailUrl":"https:\/\/www.americanonewspaper.com\/es\/wp-content\/uploads\/2025\/07\/7b636a0e2b7cc92d80ca90e7840ef5a6972515c0miniw.jpg","articleSection":["Areso","Athletic Club","F\u00fatbol"],"inLanguage":"en-US","potentialAction":[{"@type":"CommentAction","name":"Comment","target":["https:\/\/www.americanonewspaper.com\/es\/athletic-club\/areso-firma-con-el-athletic-hasta-2031\/#respond"]}]},{"@type":"WebPage","@id":"https:\/\/www.americanonewspaper.com\/es\/athletic-club\/areso-firma-con-el-athletic-hasta-2031\/","url":"https:\/\/www.americanonewspaper.com\/es\/athletic-club\/areso-firma-con-el-athletic-hasta-2031\/","name":"Areso firma con el Athletic hasta 2031 - Americano Newspaper","isPartOf":{"@id":"https:\/\/www.americanonewspaper.com\/es\/#website"},"primaryImageOfPage":{"@id":"https:\/\/www.americanonewspaper.com\/es\/athletic-club\/areso-firma-con-el-athletic-hasta-2031\/#primaryimage"},"image":{"@id":"https:\/\/www.americanonewspaper.com\/es\/athletic-club\/areso-firma-con-el-athletic-hasta-2031\/#primaryimage"},"thumbnailUrl":"https:\/\/www.americanonewspaper.com\/es\/wp-content\/uploads\/2025\/07\/7b636a0e2b7cc92d80ca90e7840ef5a6972515c0miniw.jpg","datePublished":"2025-07-23T02:41:43+00:00","dateModified":"2025-07-23T03:02:56+00:00","description":"El Athletic Club confirm\u00f3 que ha alcanzado un acuerdo con Osasuna para el traspaso al equipo rojiblanco del defensa Jes\u00fas Areso, que firmar\u00e1 con la entidad bilba\u00edna hasta el 30 de junio de 2031.","breadcrumb":{"@id":"https:\/\/www.americanonewspaper.com\/es\/athletic-club\/areso-firma-con-el-athletic-hasta-2031\/#breadcrumb"},"inLanguage":"en-US","potentialAction":[{"@type":"ReadAction","target":["https:\/\/www.americanonewspaper.com\/es\/athletic-club\/areso-firma-con-el-athletic-hasta-2031\/"]}]},{"@type":"ImageObject","inLanguage":"en-US","@id":"https:\/\/www.americanonewspaper.com\/es\/athletic-club\/areso-firma-con-el-athletic-hasta-2031\/#primaryimage","url":"https:\/\/www.americanonewspaper.com\/es\/wp-content\/uploads\/2025\/07\/7b636a0e2b7cc92d80ca90e7840ef5a6972515c0miniw.jpg","contentUrl":"https:\/\/www.americanonewspaper.com\/es\/wp-content\/uploads\/2025\/07\/7b636a0e2b7cc92d80ca90e7840ef5a6972515c0miniw.jpg","width":900,"height":601,"caption":"El jugador de Osasuna, Jes\u00fas Areso en foto de archivo de Daniel Gonz\u00e1lez. EFE"},{"@type":"BreadcrumbList","@id":"https:\/\/www.americanonewspaper.com\/es\/athletic-club\/areso-firma-con-el-athletic-hasta-2031\/#breadcrumb","itemListElement":[{"@type":"ListItem","position":1,"name":"Home","item":"https:\/\/www.americanonewspaper.com\/es\/"},{"@type":"ListItem","position":2,"name":"Areso firma con el Athletic hasta 2031"}]},{"@type":"WebSite","@id":"https:\/\/www.americanonewspaper.com\/es\/#website","url":"https:\/\/www.americanonewspaper.com\/es\/","name":"Americano Newspaper","description":"The Hispanic Newspaper of New Jersey.","publisher":{"@id":"https:\/\/www.americanonewspaper.com\/es\/#organization"},"potentialAction":[{"@type":"SearchAction","target":{"@type":"EntryPoint","urlTemplate":"https:\/\/www.americanonewspaper.com\/es\/?s={search_term_string}"},"query-input":{"@type":"PropertyValueSpecification","valueRequired":true,"valueName":"search_term_string"}}],"inLanguage":"en-US"},{"@type":"Organization","@id":"https:\/\/www.americanonewspaper.com\/es\/#organization","name":"Americano Newspaper","url":"https:\/\/www.americanonewspaper.com\/es\/","logo":{"@type":"ImageObject","inLanguage":"en-US","@id":"https:\/\/www.americanonewspaper.com\/es\/#\/schema\/logo\/image\/","url":"https:\/\/www.americanonewspaper.com\/es\/wp-content\/uploads\/2024\/05\/AmericanoLogoCircle.comCircle2.jpg","contentUrl":"https:\/\/www.americanonewspaper.com\/es\/wp-content\/uploads\/2024\/05\/AmericanoLogoCircle.comCircle2.jpg","width":600,"height":600,"caption":"Americano Newspaper"},"image":{"@id":"https:\/\/www.americanonewspaper.com\/es\/#\/schema\/logo\/image\/"},"sameAs":["https:\/\/www.facebook.com\/AmericanoNewspaper\/"]},{"@type":"Person","@id":"https:\/\/www.americanonewspaper.com\/es\/#\/schema\/person\/82c7c1ac5e9a005b627b6c7db5361c90","name":"Harmony Quintana","image":{"@type":"ImageObject","inLanguage":"en-US","@id":"https:\/\/www.americanonewspaper.com\/es\/wp-content\/litespeed\/avatar\/656e5d40e40a67e90b0fee2acae8a764.jpg?ver=1776822671","url":"https:\/\/www.americanonewspaper.com\/es\/wp-content\/litespeed\/avatar\/656e5d40e40a67e90b0fee2acae8a764.jpg?ver=1776822671","contentUrl":"https:\/\/www.americanonewspaper.com\/es\/wp-content\/litespeed\/avatar\/656e5d40e40a67e90b0fee2acae8a764.jpg?ver=1776822671","caption":"Harmony Quintana"},"sameAs":["http:\/\/www.americanonewspaper.com"],"url":"https:\/\/www.americanonewspaper.com\/es\/author\/harmony\/"}]}},"jetpack_publicize_connections":[],"jetpack_featured_media_url":"https:\/\/www.americanonewspaper.com\/es\/wp-content\/uploads\/2025\/07\/7b636a0e2b7cc92d80ca90e7840ef5a6972515c0miniw.jpg","featured_image_urls":{"full":["https:\/\/www.americanonewspaper.com\/es\/wp-content\/uploads\/2025\/07\/7b636a0e2b7cc92d80ca90e7840ef5a6972515c0miniw.jpg",900,601,false],"thumbnail":["https:\/\/www.americanonewspaper.com\/es\/wp-content\/uploads\/2025\/07\/7b636a0e2b7cc92d80ca90e7840ef5a6972515c0miniw-250x250.jpg",250,250,true],"medium":["https:\/\/www.americanonewspaper.com\/es\/wp-content\/uploads\/2025\/07\/7b636a0e2b7cc92d80ca90e7840ef5a6972515c0miniw-300x200.jpg",300,200,true],"medium_large":["https:\/\/www.americanonewspaper.com\/es\/wp-content\/uploads\/2025\/07\/7b636a0e2b7cc92d80ca90e7840ef5a6972515c0miniw-768x513.jpg",696,465,true],"large":["https:\/\/www.americanonewspaper.com\/es\/wp-content\/uploads\/2025\/07\/7b636a0e2b7cc92d80ca90e7840ef5a6972515c0miniw-749x500.jpg",696,465,true],"1536x1536":["https:\/\/www.americanonewspaper.com\/es\/wp-content\/uploads\/2025\/07\/7b636a0e2b7cc92d80ca90e7840ef5a6972515c0miniw.jpg",900,601,false],"2048x2048":["https:\/\/www.americanonewspaper.com\/es\/wp-content\/uploads\/2025\/07\/7b636a0e2b7cc92d80ca90e7840ef5a6972515c0miniw.jpg",900,601,false],"td_150x0":["https:\/\/www.americanonewspaper.com\/es\/wp-content\/uploads\/2025\/07\/7b636a0e2b7cc92d80ca90e7840ef5a6972515c0miniw-150x100.jpg",150,100,true],"td_218x150":["https:\/\/www.americanonewspaper.com\/es\/wp-content\/uploads\/2025\/07\/7b636a0e2b7cc92d80ca90e7840ef5a6972515c0miniw-218x150.jpg",218,150,true],"td_300x0":["https:\/\/www.americanonewspaper.com\/es\/wp-content\/uploads\/2025\/07\/7b636a0e2b7cc92d80ca90e7840ef5a6972515c0miniw-300x200.jpg",300,200,true],"td_324x400":["https:\/\/www.americanonewspaper.com\/es\/wp-content\/uploads\/2025\/07\/7b636a0e2b7cc92d80ca90e7840ef5a6972515c0miniw-324x400.jpg",324,400,true],"td_485x360":["https:\/\/www.americanonewspaper.com\/es\/wp-content\/uploads\/2025\/07\/7b636a0e2b7cc92d80ca90e7840ef5a6972515c0miniw-485x360.jpg",485,360,true],"td_696x0":["https:\/\/www.americanonewspaper.com\/es\/wp-content\/uploads\/2025\/07\/7b636a0e2b7cc92d80ca90e7840ef5a6972515c0miniw-696x465.jpg",696,465,true],"td_1068x0":["https:\/\/www.americanonewspaper.com\/es\/wp-content\/uploads\/2025\/07\/7b636a0e2b7cc92d80ca90e7840ef5a6972515c0miniw.jpg",900,601,false],"td_1920x0":["https:\/\/www.americanonewspaper.com\/es\/wp-content\/uploads\/2025\/07\/7b636a0e2b7cc92d80ca90e7840ef5a6972515c0miniw.jpg",900,601,false],"bdpp-medium":["https:\/\/www.americanonewspaper.com\/es\/wp-content\/uploads\/2025\/07\/7b636a0e2b7cc92d80ca90e7840ef5a6972515c0miniw-640x480.jpg",640,480,true]},"author_info":{"display_name":"Harmony Quintana","author_link":"https:\/\/www.americanonewspaper.com\/es\/author\/harmony\/"},"category_info":"<a href=\"https:\/\/www.americanonewspaper.com\/es\/category\/areso\/\" rel=\"category tag\">Areso<\/a> <a href=\"https:\/\/www.americanonewspaper.com\/es\/category\/athletic-club\/\" rel=\"category tag\">Athletic Club<\/a> <a href=\"https:\/\/www.americanonewspaper.com\/es\/category\/futbol-2\/\" rel=\"category tag\">F\u00fatbol<\/a>","tag_info":"F\u00fatbol","comment_count":"0","jetpack_sharing_enabled":true,"jetpack_likes_enabled":true,"_links":{"self":[{"href":"https:\/\/www.americanonewspaper.com\/es\/wp-json\/wp\/v2\/posts\/27626","targetHints":{"allow":["GET"]}}],"collection":[{"href":"https:\/\/www.americanonewspaper.com\/es\/wp-json\/wp\/v2\/posts"}],"about":[{"href":"https:\/\/www.americanonewspaper.com\/es\/wp-json\/wp\/v2\/types\/post"}],"author":[{"embeddable":true,"href":"https:\/\/www.americanonewspaper.com\/es\/wp-json\/wp\/v2\/users\/14"}],"replies":[{"embeddable":true,"href":"https:\/\/www.americanonewspaper.com\/es\/wp-json\/wp\/v2\/comments?post=27626"}],"version-history":[{"count":1,"href":"https:\/\/www.americanonewspaper.com\/es\/wp-json\/wp\/v2\/posts\/27626\/revisions"}],"predecessor-version":[{"id":27628,"href":"https:\/\/www.americanonewspaper.com\/es\/wp-json\/wp\/v2\/posts\/27626\/revisions\/27628"}],"wp:featuredmedia":[{"embeddable":true,"href":"https:\/\/www.americanonewspaper.com\/es\/wp-json\/wp\/v2\/media\/27627"}],"wp:attachment":[{"href":"https:\/\/www.americanonewspaper.com\/es\/wp-json\/wp\/v2\/media?parent=27626"}],"wp:term":[{"taxonomy":"category","embeddable":true,"href":"https:\/\/www.americanonewspaper.com\/es\/wp-json\/wp\/v2\/categories?post=27626"},{"taxonomy":"post_tag","embeddable":true,"href":"https:\/\/www.americanonewspaper.com\/es\/wp-json\/wp\/v2\/tags?post=27626"}],"curies":[{"name":"wp","href":"https:\/\/api.w.org\/{rel}","templated":true}]}}