{"id":27616,"date":"2025-07-22T14:49:52","date_gmt":"2025-07-22T18:49:52","guid":{"rendered":"https:\/\/www.americanonewspaper.com\/es\/?p=27616"},"modified":"2025-07-22T23:19:50","modified_gmt":"2025-07-23T03:19:50","slug":"george-clooney-y-julia-roberts-iluminan-venecia-2025","status":"publish","type":"post","link":"https:\/\/www.americanonewspaper.com\/es\/farandula\/george-clooney-y-julia-roberts-iluminan-venecia-2025\/","title":{"rendered":"George Clooney y Julia Roberts iluminan Venecia 2025"},"content":{"rendered":"\n<p class=\"dropcapp3\">Los estadounidenses George Clooney y Julia Roberts encabezan el desfile de estrellas que participar\u00e1 en el Festival de Cine de Venecia 2025, que se celebrar\u00e1 del 27 de agosto al 6 de septiembre, y que contar\u00e1 con un cartel repleto de grandes nombres, entre ellos Emma Stone, Dwayne &#8216;La Roca&#8217; Johnson y Amanda Seyfried.<\/p>\n\n\n<div class=\"wp-block-image\">\n<figure class=\"aligncenter size-full is-resized\"><img fetchpriority=\"high\" decoding=\"async\" width=\"600\" height=\"405\" src=\"https:\/\/www.americanonewspaper.com\/es\/wp-content\/uploads\/2025\/07\/22b78ffc529da015a11b6382e9043f010cd74917m.jpg\" alt=\"\" class=\"wp-image-27624\" style=\"width:1024px;height:auto\" srcset=\"https:\/\/www.americanonewspaper.com\/es\/wp-content\/uploads\/2025\/07\/22b78ffc529da015a11b6382e9043f010cd74917m.jpg 600w, https:\/\/www.americanonewspaper.com\/es\/wp-content\/uploads\/2025\/07\/22b78ffc529da015a11b6382e9043f010cd74917m-300x203.jpg 300w, https:\/\/www.americanonewspaper.com\/es\/wp-content\/uploads\/2025\/07\/22b78ffc529da015a11b6382e9043f010cd74917m-150x101.jpg 150w\" sizes=\"(max-width: 600px) 100vw, 600px\" \/><figcaption class=\"wp-element-caption\">Foto archivo. Los actores estadounidenses Julia Roberts y George Clooney. EFE\/Guillaume Horcajuelo<\/figcaption><\/figure>\n<\/div>\n\n\n<p>Amigos y compa\u00f1eros de reparto desde hace m\u00e1s de dos d\u00e9cadas en pel\u00edculas como &#8216;Ocean\u2019s Eleven&#8217; (2001), &#8216;Money Monster&#8217; (2016) o &#8216;Ticket to Paradise&#8217; (2022), Clooney y Roberts volver\u00e1n a coincidir en el Lido, aunque en proyectos distintos.<\/p>\n\n\n<div class=\"wp-block-image\">\n<figure class=\"aligncenter size-large is-resized\"><img decoding=\"async\" width=\"800\" height=\"365\" src=\"https:\/\/www.americanonewspaper.com\/es\/wp-content\/uploads\/2025\/07\/Screenshot-2025-02-20-at-9.11.40-AM-1920x877-2-5-800x365.webp\" alt=\"\" class=\"wp-image-27618\" style=\"width:1046px;height:auto\" srcset=\"https:\/\/www.americanonewspaper.com\/es\/wp-content\/uploads\/2025\/07\/Screenshot-2025-02-20-at-9.11.40-AM-1920x877-2-5-800x365.webp 800w, https:\/\/www.americanonewspaper.com\/es\/wp-content\/uploads\/2025\/07\/Screenshot-2025-02-20-at-9.11.40-AM-1920x877-2-5-300x137.webp 300w, https:\/\/www.americanonewspaper.com\/es\/wp-content\/uploads\/2025\/07\/Screenshot-2025-02-20-at-9.11.40-AM-1920x877-2-5-768x351.webp 768w, https:\/\/www.americanonewspaper.com\/es\/wp-content\/uploads\/2025\/07\/Screenshot-2025-02-20-at-9.11.40-AM-1920x877-2-5-1536x702.webp 1536w, https:\/\/www.americanonewspaper.com\/es\/wp-content\/uploads\/2025\/07\/Screenshot-2025-02-20-at-9.11.40-AM-1920x877-2-5-150x69.webp 150w, https:\/\/www.americanonewspaper.com\/es\/wp-content\/uploads\/2025\/07\/Screenshot-2025-02-20-at-9.11.40-AM-1920x877-2-5-696x318.webp 696w, https:\/\/www.americanonewspaper.com\/es\/wp-content\/uploads\/2025\/07\/Screenshot-2025-02-20-at-9.11.40-AM-1920x877-2-5-1068x488.webp 1068w, https:\/\/www.americanonewspaper.com\/es\/wp-content\/uploads\/2025\/07\/Screenshot-2025-02-20-at-9.11.40-AM-1920x877-2-5.webp 1920w\" sizes=\"(max-width: 800px) 100vw, 800px\" \/><\/figure>\n<\/div>\n\n\n<p>George Clooney competir\u00e1 en la secci\u00f3n oficial con &#8216;Jay Kelly&#8217;, dirigida por Noah Baumbach, realizador habitual en el festival tras t\u00edtulos como &#8216;Marriage Story&#8217; (&#8216;Historia de un matrimonio&#8217;, 2019) y &#8216;White Noise&#8217; (&#8216;Ruido de fondo&#8217;, 2022).<\/p>\n\n\n\n<p>La cinta es una coproducci\u00f3n entre Estados Unidos, Reino Unido e Italia, y cuenta con un reparto que incluye tambi\u00e9n a Adam Sandler y Greta Gerwig.<\/p>\n\n\n\n<p>Clooney vuelve a Venecia tras su aclamada aparici\u00f3n en 2024 junto a Brad Pitt con la comedia de acci\u00f3n &#8216;Wolfs&#8217;. Su regreso y una posible aparici\u00f3n conjunta con Roberts en la alfombra roja se perfilan como algunos de los momentos m\u00e1s esperados de esta edici\u00f3n.<\/p>\n\n\n<div class=\"wp-block-image\">\n<figure class=\"aligncenter size-large is-resized\"><a href=\"https:\/\/www.globalautomall.com\/newdept.cfm\/page\/500-savings-for-americano-magazine-readers-2263\/\" target=\"_blank\" rel=\" noreferrer noopener\"><img decoding=\"async\" width=\"800\" height=\"367\" src=\"https:\/\/www.americanonewspaper.com\/es\/wp-content\/uploads\/2025\/07\/Globalhalf-19-800x367.webp\" alt=\"\" class=\"wp-image-27619\" style=\"width:1040px;height:auto\" srcset=\"https:\/\/www.americanonewspaper.com\/es\/wp-content\/uploads\/2025\/07\/Globalhalf-19-800x367.webp 800w, https:\/\/www.americanonewspaper.com\/es\/wp-content\/uploads\/2025\/07\/Globalhalf-19-300x138.webp 300w, https:\/\/www.americanonewspaper.com\/es\/wp-content\/uploads\/2025\/07\/Globalhalf-19-768x352.webp 768w, https:\/\/www.americanonewspaper.com\/es\/wp-content\/uploads\/2025\/07\/Globalhalf-19-150x69.webp 150w, https:\/\/www.americanonewspaper.com\/es\/wp-content\/uploads\/2025\/07\/Globalhalf-19-696x319.webp 696w, https:\/\/www.americanonewspaper.com\/es\/wp-content\/uploads\/2025\/07\/Globalhalf-19-1068x490.webp 1068w, https:\/\/www.americanonewspaper.com\/es\/wp-content\/uploads\/2025\/07\/Globalhalf-19.webp 1200w\" sizes=\"(max-width: 800px) 100vw, 800px\" \/><\/a><\/figure>\n<\/div>\n\n\n<p>Julia Roberts debutar\u00e1 en la estrella roja veneciana al presentar fuera de concurso &#8216;After the Hunt&#8217;, un thriller de Luca Guadagnino inspirado en el movimiento &#8216;MeToo&#8217;, en el que comparte protagonismo con Andrew Garfield.<\/p>\n\n\n\n<p>A la cita tambi\u00e9n se suman grandes figuras como Emma Stone, que participar\u00e1 en la secci\u00f3n oficial con &#8216;Bugonia&#8217;, una s\u00e1tira sobre teor\u00edas conspirativas dirigida por el griego Yorgos Lanthimos, en la que comparte cartel con Jesse Plemons y Alicia Silverstone, la m\u00edtica protagonista de &#8216;Clueless&#8217; (1995).<\/p>\n\n\n<div class=\"wp-block-image\">\n<figure class=\"aligncenter size-large is-resized\"><a href=\"https:\/\/www.nj.gov\/health\/saludreproductiva\/\" target=\"_blank\" rel=\" noreferrer noopener\"><img loading=\"lazy\" decoding=\"async\" width=\"800\" height=\"367\" src=\"https:\/\/www.americanonewspaper.com\/es\/wp-content\/uploads\/2025\/07\/Spanish-1-1920x880-20-800x367.jpg\" alt=\"\" class=\"wp-image-27620\" style=\"width:1042px;height:auto\" srcset=\"https:\/\/www.americanonewspaper.com\/es\/wp-content\/uploads\/2025\/07\/Spanish-1-1920x880-20-800x367.jpg 800w, https:\/\/www.americanonewspaper.com\/es\/wp-content\/uploads\/2025\/07\/Spanish-1-1920x880-20-300x138.jpg 300w, https:\/\/www.americanonewspaper.com\/es\/wp-content\/uploads\/2025\/07\/Spanish-1-1920x880-20-768x352.jpg 768w, https:\/\/www.americanonewspaper.com\/es\/wp-content\/uploads\/2025\/07\/Spanish-1-1920x880-20-1536x704.jpg 1536w, https:\/\/www.americanonewspaper.com\/es\/wp-content\/uploads\/2025\/07\/Spanish-1-1920x880-20-150x69.jpg 150w, https:\/\/www.americanonewspaper.com\/es\/wp-content\/uploads\/2025\/07\/Spanish-1-1920x880-20-696x319.jpg 696w, https:\/\/www.americanonewspaper.com\/es\/wp-content\/uploads\/2025\/07\/Spanish-1-1920x880-20-1068x490.jpg 1068w, https:\/\/www.americanonewspaper.com\/es\/wp-content\/uploads\/2025\/07\/Spanish-1-1920x880-20.jpg 1920w\" sizes=\"(max-width: 800px) 100vw, 800px\" \/><\/a><\/figure>\n<\/div>\n\n\n<p>El t\u00e1ndem Lanthimos-Stone buscar\u00e1 repetir el \u00e9xito de &#8216;The Favpurite&#8217; (&#8216;La favorita&#8217;, 2019) y &#8216;Poor Things&#8217; (&#8216;Pobres criaturas&#8217;, 2023), esta \u00faltima galardonada con el Le\u00f3n de Oro.<\/p>\n\n\n\n<p>Entre los 21 t\u00edtulos seleccionados aspirantes al m\u00e1ximo galard\u00f3n destacan tambi\u00e9n &#8216;The Wizard of the Kremlin&#8217;, que llevar\u00e1 a venecia a Jude Law y Paul Dano, y &#8216;The Testament of Ann Lee&#8217;, un musical con Amanda Seyfried.<\/p>\n\n\n<div class=\"wp-block-image\">\n<figure class=\"aligncenter size-large is-resized\"><a href=\"https:\/\/www.dchbrunswicktoyota.com\/espanol\/ofertas-especiales-toyota-north-brunswick.htm\" target=\"_blank\" rel=\" noreferrer noopener\"><img loading=\"lazy\" decoding=\"async\" width=\"800\" height=\"361\" src=\"https:\/\/www.americanonewspaper.com\/es\/wp-content\/uploads\/2025\/07\/WhatsApp-Image-2025-07-11-at-9.01.58-PM-5-2-800x361.jpeg\" alt=\"\" class=\"wp-image-27623\" style=\"width:1068px;height:auto\" srcset=\"https:\/\/www.americanonewspaper.com\/es\/wp-content\/uploads\/2025\/07\/WhatsApp-Image-2025-07-11-at-9.01.58-PM-5-2-800x361.jpeg 800w, https:\/\/www.americanonewspaper.com\/es\/wp-content\/uploads\/2025\/07\/WhatsApp-Image-2025-07-11-at-9.01.58-PM-5-2-300x135.jpeg 300w, https:\/\/www.americanonewspaper.com\/es\/wp-content\/uploads\/2025\/07\/WhatsApp-Image-2025-07-11-at-9.01.58-PM-5-2-768x346.jpeg 768w, https:\/\/www.americanonewspaper.com\/es\/wp-content\/uploads\/2025\/07\/WhatsApp-Image-2025-07-11-at-9.01.58-PM-5-2-1536x692.jpeg 1536w, https:\/\/www.americanonewspaper.com\/es\/wp-content\/uploads\/2025\/07\/WhatsApp-Image-2025-07-11-at-9.01.58-PM-5-2-150x68.jpeg 150w, https:\/\/www.americanonewspaper.com\/es\/wp-content\/uploads\/2025\/07\/WhatsApp-Image-2025-07-11-at-9.01.58-PM-5-2-696x314.jpeg 696w, https:\/\/www.americanonewspaper.com\/es\/wp-content\/uploads\/2025\/07\/WhatsApp-Image-2025-07-11-at-9.01.58-PM-5-2-1068x481.jpeg 1068w, https:\/\/www.americanonewspaper.com\/es\/wp-content\/uploads\/2025\/07\/WhatsApp-Image-2025-07-11-at-9.01.58-PM-5-2.jpeg 1600w\" sizes=\"(max-width: 800px) 100vw, 800px\" \/><\/a><\/figure>\n<\/div>\n\n\n<p>El estadounidense Dwayne Johnson, alias &#8216;La Roca&#8217;, presentar\u00e1 &#8216;The Smashing Machine&#8217;, una biograf\u00eda del luchador Mark Kerr dirigida por Benny Safdie, en la que comparte cartel con la actriz brit\u00e1nica Emily Blunt.<\/p>\n\n\n<div class=\"wp-block-image\">\n<figure class=\"aligncenter size-large is-resized\"><a href=\"https:\/\/www.generac.com\/home-standby-generators\/campaigns\/install\/?cid=C-00000130&amp;mb_campaign=41421&amp;mb_source=21RL&amp;mb_tx_id=6511398&amp;mb_tx_id=6511398\" target=\"_blank\" rel=\" noreferrer noopener\"><img loading=\"lazy\" decoding=\"async\" width=\"800\" height=\"365\" src=\"https:\/\/www.americanonewspaper.com\/es\/wp-content\/uploads\/2025\/07\/Screenshot-2025-06-19-at-9.20.47-PM-1920x876-1-5-800x365.png\" alt=\"\" class=\"wp-image-27621\" style=\"width:1068px;height:auto\" srcset=\"https:\/\/www.americanonewspaper.com\/es\/wp-content\/uploads\/2025\/07\/Screenshot-2025-06-19-at-9.20.47-PM-1920x876-1-5-800x365.png 800w, https:\/\/www.americanonewspaper.com\/es\/wp-content\/uploads\/2025\/07\/Screenshot-2025-06-19-at-9.20.47-PM-1920x876-1-5-300x137.png 300w, https:\/\/www.americanonewspaper.com\/es\/wp-content\/uploads\/2025\/07\/Screenshot-2025-06-19-at-9.20.47-PM-1920x876-1-5-768x350.png 768w, https:\/\/www.americanonewspaper.com\/es\/wp-content\/uploads\/2025\/07\/Screenshot-2025-06-19-at-9.20.47-PM-1920x876-1-5-1536x701.png 1536w, https:\/\/www.americanonewspaper.com\/es\/wp-content\/uploads\/2025\/07\/Screenshot-2025-06-19-at-9.20.47-PM-1920x876-1-5-150x68.png 150w, https:\/\/www.americanonewspaper.com\/es\/wp-content\/uploads\/2025\/07\/Screenshot-2025-06-19-at-9.20.47-PM-1920x876-1-5-696x318.png 696w, https:\/\/www.americanonewspaper.com\/es\/wp-content\/uploads\/2025\/07\/Screenshot-2025-06-19-at-9.20.47-PM-1920x876-1-5-1068x487.png 1068w, https:\/\/www.americanonewspaper.com\/es\/wp-content\/uploads\/2025\/07\/Screenshot-2025-06-19-at-9.20.47-PM-1920x876-1-5.png 1920w\" sizes=\"(max-width: 800px) 100vw, 800px\" \/><\/a><\/figure>\n<\/div>\n\n\n<p>Otro de los grandes nombres que regresan a la <a href=\"https:\/\/tayakan.com\/el-festival-de-venecia-se-llena-de-estrellas\/\" target=\"_blank\" rel=\"noreferrer noopener\">Mostra<\/a> es el mexicano Guillermo del Toro, que estrenar\u00e1 &#8216;Frankenstein&#8217;, su esperada adaptaci\u00f3n del cl\u00e1sico de Mary Shelley, un libro que ha calificado como el m\u00e1s importante de su vida.<\/p>\n\n\n\n<p>El reparto est\u00e1 encabezado por estrellas como Oscar Isaac, que har\u00e1 de aquel cient\u00edfico que se crey\u00f3 un dios, o Jacob Elordi, un terrible &#8216;redivivo&#8217; en el papel m\u00e1s &#8216;inhumano&#8217; de su carrera, as\u00ed como Mia Goth o el austr\u00edaco Christoph Waltz.<\/p>\n\n\n\n<p>Fuera de concurso el director estadounidense Julian Schnabel presentar\u00e1 &#8216;In the End of Dante&#8217;, una pel\u00edcula con un reparto deslumbrante que incluye a la israel\u00ed Gal Gadot, conocida por su papel de Wonder Woman, Gerard Butler, el legendario Al Pacino, el director y actor Martin Scorsese, Jason Momoa, reconocido por dar vida a Acquaman y el estadounidense John Malkovich. <\/p>\n\n\n<div class=\"wp-block-image\">\n<figure class=\"aligncenter size-large is-resized\"><img loading=\"lazy\" decoding=\"async\" width=\"800\" height=\"432\" src=\"https:\/\/www.americanonewspaper.com\/es\/wp-content\/uploads\/2025\/07\/Screenshot-2025-05-10-at-8.30.31-PM-1-800x432.webp\" alt=\"\" class=\"wp-image-27622\" style=\"width:1068px;height:auto\" srcset=\"https:\/\/www.americanonewspaper.com\/es\/wp-content\/uploads\/2025\/07\/Screenshot-2025-05-10-at-8.30.31-PM-1-800x432.webp 800w, https:\/\/www.americanonewspaper.com\/es\/wp-content\/uploads\/2025\/07\/Screenshot-2025-05-10-at-8.30.31-PM-1-300x162.webp 300w, https:\/\/www.americanonewspaper.com\/es\/wp-content\/uploads\/2025\/07\/Screenshot-2025-05-10-at-8.30.31-PM-1-768x415.webp 768w, https:\/\/www.americanonewspaper.com\/es\/wp-content\/uploads\/2025\/07\/Screenshot-2025-05-10-at-8.30.31-PM-1-150x81.webp 150w, https:\/\/www.americanonewspaper.com\/es\/wp-content\/uploads\/2025\/07\/Screenshot-2025-05-10-at-8.30.31-PM-1-696x376.webp 696w, https:\/\/www.americanonewspaper.com\/es\/wp-content\/uploads\/2025\/07\/Screenshot-2025-05-10-at-8.30.31-PM-1-1068x577.webp 1068w, https:\/\/www.americanonewspaper.com\/es\/wp-content\/uploads\/2025\/07\/Screenshot-2025-05-10-at-8.30.31-PM-1.webp 1236w\" sizes=\"(max-width: 800px) 100vw, 800px\" \/><\/figure>\n<\/div>\n\n\n<p><a href=\"https:\/\/www.americanonewspaper.com\/es\/\">Americanonewspaper <\/a>(csv\/mr\/agf- EFE)<\/p>\n\n\n\n<p><\/p>\n\n\n\n<p><\/p>\n","protected":false},"excerpt":{"rendered":"<p>Los estadounidenses George Clooney y Julia Roberts encabezan el desfile de estrellas que participar\u00e1 en el Festival de Cine de Venecia 2025, que se celebrar\u00e1 del 27 de agosto al 6 de septiembre, y que contar\u00e1 con un cartel repleto de grandes nombres, entre ellos Emma Stone, Dwayne &#8216;La Roca&#8217; Johnson y Amanda Seyfried. Amigos [&hellip;]<\/p>\n","protected":false},"author":18,"featured_media":27617,"comment_status":"open","ping_status":"open","sticky":false,"template":"","format":"standard","meta":{"_acf_changed":false,"tdm_status":"","tdm_grid_status":"","_jetpack_memberships_contains_paid_content":false,"footnotes":"","jetpack_publicize_message":"","jetpack_publicize_feature_enabled":true,"jetpack_social_post_already_shared":true,"jetpack_social_options":{"image_generator_settings":{"template":"highway","default_image_id":0,"font":"","enabled":false},"version":2},"_wpas_customize_per_network":false},"categories":[527,1085,1084,622],"tags":[1086],"class_list":{"0":"post-27616","1":"post","2":"type-post","3":"status-publish","4":"format-standard","5":"has-post-thumbnail","7":"category-farandula","8":"category-george-clooney","9":"category-julia-roberts","10":"category-venecia","11":"tag-georgeclooney-juliaroberts-farandula-venecia2025"},"acf":[],"yoast_head":"<!-- This site is optimized with the Yoast SEO Premium plugin v27.5 (Yoast SEO v27.5) - https:\/\/yoast.com\/product\/yoast-seo-premium-wordpress\/ -->\n<title>George Clooney y Julia Roberts iluminan Venecia 2025 - Americano Newspaper<\/title>\n<meta name=\"description\" content=\"Amigos y compa\u00f1eros de reparto desde hace m\u00e1s de dos d\u00e9cadas en pel\u00edculas como &#039;Ocean\u2019s Eleven&#039; (2001), &#039;Money Monster&#039; (2016) o &#039;Ticket to Paradise&#039; (2022), Clooney y Roberts volver\u00e1n a coincidir en el Lido, aunque en proyectos distintos.\" \/>\n<meta name=\"robots\" content=\"index, follow, max-snippet:-1, max-image-preview:large, max-video-preview:-1\" \/>\n<link rel=\"canonical\" href=\"https:\/\/www.americanonewspaper.com\/es\/farandula\/george-clooney-y-julia-roberts-iluminan-venecia-2025\/\" \/>\n<meta property=\"og:locale\" content=\"en_US\" \/>\n<meta property=\"og:type\" content=\"article\" \/>\n<meta property=\"og:title\" content=\"George Clooney y Julia Roberts iluminan Venecia 2025\" \/>\n<meta property=\"og:description\" content=\"Amigos y compa\u00f1eros de reparto desde hace m\u00e1s de dos d\u00e9cadas en pel\u00edculas como &#039;Ocean\u2019s Eleven&#039; (2001), &#039;Money Monster&#039; (2016) o &#039;Ticket to Paradise&#039; (2022), Clooney y Roberts volver\u00e1n a coincidir en el Lido, aunque en proyectos distintos.\" \/>\n<meta property=\"og:url\" content=\"https:\/\/www.americanonewspaper.com\/es\/farandula\/george-clooney-y-julia-roberts-iluminan-venecia-2025\/\" \/>\n<meta property=\"og:site_name\" content=\"Americano Newspaper\" \/>\n<meta property=\"article:publisher\" content=\"https:\/\/www.facebook.com\/AmericanoNewspaper\/\" \/>\n<meta property=\"article:published_time\" content=\"2025-07-22T18:49:52+00:00\" \/>\n<meta property=\"article:modified_time\" content=\"2025-07-23T03:19:50+00:00\" \/>\n<meta property=\"og:image\" content=\"https:\/\/www.americanonewspaper.com\/es\/wp-content\/uploads\/2025\/07\/Grey-Breaking-News-World-War-Peace-For-Facebook-Post-Miniatura-de-YouTube.png\" \/>\n\t<meta property=\"og:image:width\" content=\"1280\" \/>\n\t<meta property=\"og:image:height\" content=\"720\" \/>\n\t<meta property=\"og:image:type\" content=\"image\/png\" \/>\n<meta name=\"author\" content=\"Victoria Deus\" \/>\n<meta name=\"twitter:card\" content=\"summary_large_image\" \/>\n<meta name=\"twitter:label1\" content=\"Written by\" \/>\n\t<meta name=\"twitter:data1\" content=\"Victoria Deus\" \/>\n\t<meta name=\"twitter:label2\" content=\"Est. reading time\" \/>\n\t<meta name=\"twitter:data2\" content=\"4 minutes\" \/>\n<script type=\"application\/ld+json\" class=\"yoast-schema-graph\">{\"@context\":\"https:\\\/\\\/schema.org\",\"@graph\":[{\"@type\":\"Article\",\"@id\":\"https:\\\/\\\/www.americanonewspaper.com\\\/es\\\/farandula\\\/george-clooney-y-julia-roberts-iluminan-venecia-2025\\\/#article\",\"isPartOf\":{\"@id\":\"https:\\\/\\\/www.americanonewspaper.com\\\/es\\\/farandula\\\/george-clooney-y-julia-roberts-iluminan-venecia-2025\\\/\"},\"author\":{\"name\":\"Victoria Deus\",\"@id\":\"https:\\\/\\\/www.americanonewspaper.com\\\/es\\\/#\\\/schema\\\/person\\\/875497672032163af362240e09375960\"},\"headline\":\"George Clooney y Julia Roberts iluminan Venecia 2025\",\"datePublished\":\"2025-07-22T18:49:52+00:00\",\"dateModified\":\"2025-07-23T03:19:50+00:00\",\"mainEntityOfPage\":{\"@id\":\"https:\\\/\\\/www.americanonewspaper.com\\\/es\\\/farandula\\\/george-clooney-y-julia-roberts-iluminan-venecia-2025\\\/\"},\"wordCount\":563,\"commentCount\":0,\"publisher\":{\"@id\":\"https:\\\/\\\/www.americanonewspaper.com\\\/es\\\/#organization\"},\"image\":{\"@id\":\"https:\\\/\\\/www.americanonewspaper.com\\\/es\\\/farandula\\\/george-clooney-y-julia-roberts-iluminan-venecia-2025\\\/#primaryimage\"},\"thumbnailUrl\":\"https:\\\/\\\/www.americanonewspaper.com\\\/es\\\/wp-content\\\/uploads\\\/2025\\\/07\\\/Grey-Breaking-News-World-War-Peace-For-Facebook-Post-Miniatura-de-YouTube.png\",\"keywords\":[\"#GeorgeClooney #JuliaRoberts #Far\u00e1ndula #Venecia2025\"],\"articleSection\":[\"Far\u00e1ndula\",\"George Clooney\",\"Julia Roberts\",\"Venecia\"],\"inLanguage\":\"en-US\",\"potentialAction\":[{\"@type\":\"CommentAction\",\"name\":\"Comment\",\"target\":[\"https:\\\/\\\/www.americanonewspaper.com\\\/es\\\/farandula\\\/george-clooney-y-julia-roberts-iluminan-venecia-2025\\\/#respond\"]}]},{\"@type\":\"WebPage\",\"@id\":\"https:\\\/\\\/www.americanonewspaper.com\\\/es\\\/farandula\\\/george-clooney-y-julia-roberts-iluminan-venecia-2025\\\/\",\"url\":\"https:\\\/\\\/www.americanonewspaper.com\\\/es\\\/farandula\\\/george-clooney-y-julia-roberts-iluminan-venecia-2025\\\/\",\"name\":\"George Clooney y Julia Roberts iluminan Venecia 2025 - Americano Newspaper\",\"isPartOf\":{\"@id\":\"https:\\\/\\\/www.americanonewspaper.com\\\/es\\\/#website\"},\"primaryImageOfPage\":{\"@id\":\"https:\\\/\\\/www.americanonewspaper.com\\\/es\\\/farandula\\\/george-clooney-y-julia-roberts-iluminan-venecia-2025\\\/#primaryimage\"},\"image\":{\"@id\":\"https:\\\/\\\/www.americanonewspaper.com\\\/es\\\/farandula\\\/george-clooney-y-julia-roberts-iluminan-venecia-2025\\\/#primaryimage\"},\"thumbnailUrl\":\"https:\\\/\\\/www.americanonewspaper.com\\\/es\\\/wp-content\\\/uploads\\\/2025\\\/07\\\/Grey-Breaking-News-World-War-Peace-For-Facebook-Post-Miniatura-de-YouTube.png\",\"datePublished\":\"2025-07-22T18:49:52+00:00\",\"dateModified\":\"2025-07-23T03:19:50+00:00\",\"description\":\"Amigos y compa\u00f1eros de reparto desde hace m\u00e1s de dos d\u00e9cadas en pel\u00edculas como 'Ocean\u2019s Eleven' (2001), 'Money Monster' (2016) o 'Ticket to Paradise' (2022), Clooney y Roberts volver\u00e1n a coincidir en el Lido, aunque en proyectos distintos.\",\"breadcrumb\":{\"@id\":\"https:\\\/\\\/www.americanonewspaper.com\\\/es\\\/farandula\\\/george-clooney-y-julia-roberts-iluminan-venecia-2025\\\/#breadcrumb\"},\"inLanguage\":\"en-US\",\"potentialAction\":[{\"@type\":\"ReadAction\",\"target\":[\"https:\\\/\\\/www.americanonewspaper.com\\\/es\\\/farandula\\\/george-clooney-y-julia-roberts-iluminan-venecia-2025\\\/\"]}]},{\"@type\":\"ImageObject\",\"inLanguage\":\"en-US\",\"@id\":\"https:\\\/\\\/www.americanonewspaper.com\\\/es\\\/farandula\\\/george-clooney-y-julia-roberts-iluminan-venecia-2025\\\/#primaryimage\",\"url\":\"https:\\\/\\\/www.americanonewspaper.com\\\/es\\\/wp-content\\\/uploads\\\/2025\\\/07\\\/Grey-Breaking-News-World-War-Peace-For-Facebook-Post-Miniatura-de-YouTube.png\",\"contentUrl\":\"https:\\\/\\\/www.americanonewspaper.com\\\/es\\\/wp-content\\\/uploads\\\/2025\\\/07\\\/Grey-Breaking-News-World-War-Peace-For-Facebook-Post-Miniatura-de-YouTube.png\",\"width\":1280,\"height\":720,\"caption\":\"Cine, glamour y reencuentros: Clooney y Roberts coinciden nuevamente, ahora en la Mostra de Venecia.\"},{\"@type\":\"BreadcrumbList\",\"@id\":\"https:\\\/\\\/www.americanonewspaper.com\\\/es\\\/farandula\\\/george-clooney-y-julia-roberts-iluminan-venecia-2025\\\/#breadcrumb\",\"itemListElement\":[{\"@type\":\"ListItem\",\"position\":1,\"name\":\"Home\",\"item\":\"https:\\\/\\\/www.americanonewspaper.com\\\/es\\\/\"},{\"@type\":\"ListItem\",\"position\":2,\"name\":\"George Clooney y Julia Roberts iluminan Venecia 2025\"}]},{\"@type\":\"WebSite\",\"@id\":\"https:\\\/\\\/www.americanonewspaper.com\\\/es\\\/#website\",\"url\":\"https:\\\/\\\/www.americanonewspaper.com\\\/es\\\/\",\"name\":\"Americano Newspaper\",\"description\":\"The Hispanic Newspaper of New Jersey.\",\"publisher\":{\"@id\":\"https:\\\/\\\/www.americanonewspaper.com\\\/es\\\/#organization\"},\"potentialAction\":[{\"@type\":\"SearchAction\",\"target\":{\"@type\":\"EntryPoint\",\"urlTemplate\":\"https:\\\/\\\/www.americanonewspaper.com\\\/es\\\/?s={search_term_string}\"},\"query-input\":{\"@type\":\"PropertyValueSpecification\",\"valueRequired\":true,\"valueName\":\"search_term_string\"}}],\"inLanguage\":\"en-US\"},{\"@type\":\"Organization\",\"@id\":\"https:\\\/\\\/www.americanonewspaper.com\\\/es\\\/#organization\",\"name\":\"Americano Newspaper\",\"url\":\"https:\\\/\\\/www.americanonewspaper.com\\\/es\\\/\",\"logo\":{\"@type\":\"ImageObject\",\"inLanguage\":\"en-US\",\"@id\":\"https:\\\/\\\/www.americanonewspaper.com\\\/es\\\/#\\\/schema\\\/logo\\\/image\\\/\",\"url\":\"https:\\\/\\\/www.americanonewspaper.com\\\/es\\\/wp-content\\\/uploads\\\/2024\\\/05\\\/AmericanoLogoCircle.comCircle2.jpg\",\"contentUrl\":\"https:\\\/\\\/www.americanonewspaper.com\\\/es\\\/wp-content\\\/uploads\\\/2024\\\/05\\\/AmericanoLogoCircle.comCircle2.jpg\",\"width\":600,\"height\":600,\"caption\":\"Americano Newspaper\"},\"image\":{\"@id\":\"https:\\\/\\\/www.americanonewspaper.com\\\/es\\\/#\\\/schema\\\/logo\\\/image\\\/\"},\"sameAs\":[\"https:\\\/\\\/www.facebook.com\\\/AmericanoNewspaper\\\/\"]},{\"@type\":\"Person\",\"@id\":\"https:\\\/\\\/www.americanonewspaper.com\\\/es\\\/#\\\/schema\\\/person\\\/875497672032163af362240e09375960\",\"name\":\"Victoria Deus\",\"image\":{\"@type\":\"ImageObject\",\"inLanguage\":\"en-US\",\"@id\":\"https:\\\/\\\/www.americanonewspaper.com\\\/es\\\/wp-content\\\/litespeed\\\/avatar\\\/87ebc08dcb2dba9e584c4557748a9de2.jpg?ver=1777428042\",\"url\":\"https:\\\/\\\/www.americanonewspaper.com\\\/es\\\/wp-content\\\/litespeed\\\/avatar\\\/87ebc08dcb2dba9e584c4557748a9de2.jpg?ver=1777428042\",\"contentUrl\":\"https:\\\/\\\/www.americanonewspaper.com\\\/es\\\/wp-content\\\/litespeed\\\/avatar\\\/87ebc08dcb2dba9e584c4557748a9de2.jpg?ver=1777428042\",\"caption\":\"Victoria Deus\"},\"sameAs\":[\"http:\\\/\\\/www.americanonewspaper.com\"],\"url\":\"https:\\\/\\\/www.americanonewspaper.com\\\/es\\\/author\\\/victoria\\\/\"}]}<\/script>\n<!-- \/ Yoast SEO Premium plugin. -->","yoast_head_json":{"title":"George Clooney y Julia Roberts iluminan Venecia 2025 - Americano Newspaper","description":"Amigos y compa\u00f1eros de reparto desde hace m\u00e1s de dos d\u00e9cadas en pel\u00edculas como 'Ocean\u2019s Eleven' (2001), 'Money Monster' (2016) o 'Ticket to Paradise' (2022), Clooney y Roberts volver\u00e1n a coincidir en el Lido, aunque en proyectos distintos.","robots":{"index":"index","follow":"follow","max-snippet":"max-snippet:-1","max-image-preview":"max-image-preview:large","max-video-preview":"max-video-preview:-1"},"canonical":"https:\/\/www.americanonewspaper.com\/es\/farandula\/george-clooney-y-julia-roberts-iluminan-venecia-2025\/","og_locale":"en_US","og_type":"article","og_title":"George Clooney y Julia Roberts iluminan Venecia 2025","og_description":"Amigos y compa\u00f1eros de reparto desde hace m\u00e1s de dos d\u00e9cadas en pel\u00edculas como 'Ocean\u2019s Eleven' (2001), 'Money Monster' (2016) o 'Ticket to Paradise' (2022), Clooney y Roberts volver\u00e1n a coincidir en el Lido, aunque en proyectos distintos.","og_url":"https:\/\/www.americanonewspaper.com\/es\/farandula\/george-clooney-y-julia-roberts-iluminan-venecia-2025\/","og_site_name":"Americano Newspaper","article_publisher":"https:\/\/www.facebook.com\/AmericanoNewspaper\/","article_published_time":"2025-07-22T18:49:52+00:00","article_modified_time":"2025-07-23T03:19:50+00:00","og_image":[{"width":1280,"height":720,"url":"https:\/\/www.americanonewspaper.com\/es\/wp-content\/uploads\/2025\/07\/Grey-Breaking-News-World-War-Peace-For-Facebook-Post-Miniatura-de-YouTube.png","type":"image\/png"}],"author":"Victoria Deus","twitter_card":"summary_large_image","twitter_misc":{"Written by":"Victoria Deus","Est. reading time":"4 minutes"},"schema":{"@context":"https:\/\/schema.org","@graph":[{"@type":"Article","@id":"https:\/\/www.americanonewspaper.com\/es\/farandula\/george-clooney-y-julia-roberts-iluminan-venecia-2025\/#article","isPartOf":{"@id":"https:\/\/www.americanonewspaper.com\/es\/farandula\/george-clooney-y-julia-roberts-iluminan-venecia-2025\/"},"author":{"name":"Victoria Deus","@id":"https:\/\/www.americanonewspaper.com\/es\/#\/schema\/person\/875497672032163af362240e09375960"},"headline":"George Clooney y Julia Roberts iluminan Venecia 2025","datePublished":"2025-07-22T18:49:52+00:00","dateModified":"2025-07-23T03:19:50+00:00","mainEntityOfPage":{"@id":"https:\/\/www.americanonewspaper.com\/es\/farandula\/george-clooney-y-julia-roberts-iluminan-venecia-2025\/"},"wordCount":563,"commentCount":0,"publisher":{"@id":"https:\/\/www.americanonewspaper.com\/es\/#organization"},"image":{"@id":"https:\/\/www.americanonewspaper.com\/es\/farandula\/george-clooney-y-julia-roberts-iluminan-venecia-2025\/#primaryimage"},"thumbnailUrl":"https:\/\/www.americanonewspaper.com\/es\/wp-content\/uploads\/2025\/07\/Grey-Breaking-News-World-War-Peace-For-Facebook-Post-Miniatura-de-YouTube.png","keywords":["#GeorgeClooney #JuliaRoberts #Far\u00e1ndula #Venecia2025"],"articleSection":["Far\u00e1ndula","George Clooney","Julia Roberts","Venecia"],"inLanguage":"en-US","potentialAction":[{"@type":"CommentAction","name":"Comment","target":["https:\/\/www.americanonewspaper.com\/es\/farandula\/george-clooney-y-julia-roberts-iluminan-venecia-2025\/#respond"]}]},{"@type":"WebPage","@id":"https:\/\/www.americanonewspaper.com\/es\/farandula\/george-clooney-y-julia-roberts-iluminan-venecia-2025\/","url":"https:\/\/www.americanonewspaper.com\/es\/farandula\/george-clooney-y-julia-roberts-iluminan-venecia-2025\/","name":"George Clooney y Julia Roberts iluminan Venecia 2025 - Americano Newspaper","isPartOf":{"@id":"https:\/\/www.americanonewspaper.com\/es\/#website"},"primaryImageOfPage":{"@id":"https:\/\/www.americanonewspaper.com\/es\/farandula\/george-clooney-y-julia-roberts-iluminan-venecia-2025\/#primaryimage"},"image":{"@id":"https:\/\/www.americanonewspaper.com\/es\/farandula\/george-clooney-y-julia-roberts-iluminan-venecia-2025\/#primaryimage"},"thumbnailUrl":"https:\/\/www.americanonewspaper.com\/es\/wp-content\/uploads\/2025\/07\/Grey-Breaking-News-World-War-Peace-For-Facebook-Post-Miniatura-de-YouTube.png","datePublished":"2025-07-22T18:49:52+00:00","dateModified":"2025-07-23T03:19:50+00:00","description":"Amigos y compa\u00f1eros de reparto desde hace m\u00e1s de dos d\u00e9cadas en pel\u00edculas como 'Ocean\u2019s Eleven' (2001), 'Money Monster' (2016) o 'Ticket to Paradise' (2022), Clooney y Roberts volver\u00e1n a coincidir en el Lido, aunque en proyectos distintos.","breadcrumb":{"@id":"https:\/\/www.americanonewspaper.com\/es\/farandula\/george-clooney-y-julia-roberts-iluminan-venecia-2025\/#breadcrumb"},"inLanguage":"en-US","potentialAction":[{"@type":"ReadAction","target":["https:\/\/www.americanonewspaper.com\/es\/farandula\/george-clooney-y-julia-roberts-iluminan-venecia-2025\/"]}]},{"@type":"ImageObject","inLanguage":"en-US","@id":"https:\/\/www.americanonewspaper.com\/es\/farandula\/george-clooney-y-julia-roberts-iluminan-venecia-2025\/#primaryimage","url":"https:\/\/www.americanonewspaper.com\/es\/wp-content\/uploads\/2025\/07\/Grey-Breaking-News-World-War-Peace-For-Facebook-Post-Miniatura-de-YouTube.png","contentUrl":"https:\/\/www.americanonewspaper.com\/es\/wp-content\/uploads\/2025\/07\/Grey-Breaking-News-World-War-Peace-For-Facebook-Post-Miniatura-de-YouTube.png","width":1280,"height":720,"caption":"Cine, glamour y reencuentros: Clooney y Roberts coinciden nuevamente, ahora en la Mostra de Venecia."},{"@type":"BreadcrumbList","@id":"https:\/\/www.americanonewspaper.com\/es\/farandula\/george-clooney-y-julia-roberts-iluminan-venecia-2025\/#breadcrumb","itemListElement":[{"@type":"ListItem","position":1,"name":"Home","item":"https:\/\/www.americanonewspaper.com\/es\/"},{"@type":"ListItem","position":2,"name":"George Clooney y Julia Roberts iluminan Venecia 2025"}]},{"@type":"WebSite","@id":"https:\/\/www.americanonewspaper.com\/es\/#website","url":"https:\/\/www.americanonewspaper.com\/es\/","name":"Americano Newspaper","description":"The Hispanic Newspaper of New Jersey.","publisher":{"@id":"https:\/\/www.americanonewspaper.com\/es\/#organization"},"potentialAction":[{"@type":"SearchAction","target":{"@type":"EntryPoint","urlTemplate":"https:\/\/www.americanonewspaper.com\/es\/?s={search_term_string}"},"query-input":{"@type":"PropertyValueSpecification","valueRequired":true,"valueName":"search_term_string"}}],"inLanguage":"en-US"},{"@type":"Organization","@id":"https:\/\/www.americanonewspaper.com\/es\/#organization","name":"Americano Newspaper","url":"https:\/\/www.americanonewspaper.com\/es\/","logo":{"@type":"ImageObject","inLanguage":"en-US","@id":"https:\/\/www.americanonewspaper.com\/es\/#\/schema\/logo\/image\/","url":"https:\/\/www.americanonewspaper.com\/es\/wp-content\/uploads\/2024\/05\/AmericanoLogoCircle.comCircle2.jpg","contentUrl":"https:\/\/www.americanonewspaper.com\/es\/wp-content\/uploads\/2024\/05\/AmericanoLogoCircle.comCircle2.jpg","width":600,"height":600,"caption":"Americano Newspaper"},"image":{"@id":"https:\/\/www.americanonewspaper.com\/es\/#\/schema\/logo\/image\/"},"sameAs":["https:\/\/www.facebook.com\/AmericanoNewspaper\/"]},{"@type":"Person","@id":"https:\/\/www.americanonewspaper.com\/es\/#\/schema\/person\/875497672032163af362240e09375960","name":"Victoria Deus","image":{"@type":"ImageObject","inLanguage":"en-US","@id":"https:\/\/www.americanonewspaper.com\/es\/wp-content\/litespeed\/avatar\/87ebc08dcb2dba9e584c4557748a9de2.jpg?ver=1777428042","url":"https:\/\/www.americanonewspaper.com\/es\/wp-content\/litespeed\/avatar\/87ebc08dcb2dba9e584c4557748a9de2.jpg?ver=1777428042","contentUrl":"https:\/\/www.americanonewspaper.com\/es\/wp-content\/litespeed\/avatar\/87ebc08dcb2dba9e584c4557748a9de2.jpg?ver=1777428042","caption":"Victoria Deus"},"sameAs":["http:\/\/www.americanonewspaper.com"],"url":"https:\/\/www.americanonewspaper.com\/es\/author\/victoria\/"}]}},"jetpack_publicize_connections":[],"jetpack_featured_media_url":"https:\/\/www.americanonewspaper.com\/es\/wp-content\/uploads\/2025\/07\/Grey-Breaking-News-World-War-Peace-For-Facebook-Post-Miniatura-de-YouTube.png","featured_image_urls":{"full":["https:\/\/www.americanonewspaper.com\/es\/wp-content\/uploads\/2025\/07\/Grey-Breaking-News-World-War-Peace-For-Facebook-Post-Miniatura-de-YouTube.png",1280,720,false],"thumbnail":["https:\/\/www.americanonewspaper.com\/es\/wp-content\/uploads\/2025\/07\/Grey-Breaking-News-World-War-Peace-For-Facebook-Post-Miniatura-de-YouTube-250x250.png",250,250,true],"medium":["https:\/\/www.americanonewspaper.com\/es\/wp-content\/uploads\/2025\/07\/Grey-Breaking-News-World-War-Peace-For-Facebook-Post-Miniatura-de-YouTube-300x169.png",300,169,true],"medium_large":["https:\/\/www.americanonewspaper.com\/es\/wp-content\/uploads\/2025\/07\/Grey-Breaking-News-World-War-Peace-For-Facebook-Post-Miniatura-de-YouTube-768x432.png",696,392,true],"large":["https:\/\/www.americanonewspaper.com\/es\/wp-content\/uploads\/2025\/07\/Grey-Breaking-News-World-War-Peace-For-Facebook-Post-Miniatura-de-YouTube-800x450.png",696,392,true],"1536x1536":["https:\/\/www.americanonewspaper.com\/es\/wp-content\/uploads\/2025\/07\/Grey-Breaking-News-World-War-Peace-For-Facebook-Post-Miniatura-de-YouTube.png",1280,720,false],"2048x2048":["https:\/\/www.americanonewspaper.com\/es\/wp-content\/uploads\/2025\/07\/Grey-Breaking-News-World-War-Peace-For-Facebook-Post-Miniatura-de-YouTube.png",1280,720,false],"td_150x0":["https:\/\/www.americanonewspaper.com\/es\/wp-content\/uploads\/2025\/07\/Grey-Breaking-News-World-War-Peace-For-Facebook-Post-Miniatura-de-YouTube-150x84.png",150,84,true],"td_218x150":["https:\/\/www.americanonewspaper.com\/es\/wp-content\/uploads\/2025\/07\/Grey-Breaking-News-World-War-Peace-For-Facebook-Post-Miniatura-de-YouTube-218x150.png",218,150,true],"td_300x0":["https:\/\/www.americanonewspaper.com\/es\/wp-content\/uploads\/2025\/07\/Grey-Breaking-News-World-War-Peace-For-Facebook-Post-Miniatura-de-YouTube-300x169.png",300,169,true],"td_324x400":["https:\/\/www.americanonewspaper.com\/es\/wp-content\/uploads\/2025\/07\/Grey-Breaking-News-World-War-Peace-For-Facebook-Post-Miniatura-de-YouTube-324x400.png",324,400,true],"td_485x360":["https:\/\/www.americanonewspaper.com\/es\/wp-content\/uploads\/2025\/07\/Grey-Breaking-News-World-War-Peace-For-Facebook-Post-Miniatura-de-YouTube-485x360.png",485,360,true],"td_696x0":["https:\/\/www.americanonewspaper.com\/es\/wp-content\/uploads\/2025\/07\/Grey-Breaking-News-World-War-Peace-For-Facebook-Post-Miniatura-de-YouTube-696x392.png",696,392,true],"td_1068x0":["https:\/\/www.americanonewspaper.com\/es\/wp-content\/uploads\/2025\/07\/Grey-Breaking-News-World-War-Peace-For-Facebook-Post-Miniatura-de-YouTube-1068x601.png",1068,601,true],"td_1920x0":["https:\/\/www.americanonewspaper.com\/es\/wp-content\/uploads\/2025\/07\/Grey-Breaking-News-World-War-Peace-For-Facebook-Post-Miniatura-de-YouTube.png",1280,720,false],"bdpp-medium":["https:\/\/www.americanonewspaper.com\/es\/wp-content\/uploads\/2025\/07\/Grey-Breaking-News-World-War-Peace-For-Facebook-Post-Miniatura-de-YouTube-640x480.png",640,480,true]},"author_info":{"display_name":"Victoria Deus","author_link":"https:\/\/www.americanonewspaper.com\/es\/author\/victoria\/"},"category_info":"<a href=\"https:\/\/www.americanonewspaper.com\/es\/category\/farandula\/\" rel=\"category tag\">Far\u00e1ndula<\/a> <a href=\"https:\/\/www.americanonewspaper.com\/es\/category\/george-clooney\/\" rel=\"category tag\">George Clooney<\/a> <a href=\"https:\/\/www.americanonewspaper.com\/es\/category\/julia-roberts\/\" rel=\"category tag\">Julia Roberts<\/a> <a href=\"https:\/\/www.americanonewspaper.com\/es\/category\/venecia\/\" rel=\"category tag\">Venecia<\/a>","tag_info":"Venecia","comment_count":"0","jetpack_sharing_enabled":true,"jetpack_likes_enabled":true,"_links":{"self":[{"href":"https:\/\/www.americanonewspaper.com\/es\/wp-json\/wp\/v2\/posts\/27616","targetHints":{"allow":["GET"]}}],"collection":[{"href":"https:\/\/www.americanonewspaper.com\/es\/wp-json\/wp\/v2\/posts"}],"about":[{"href":"https:\/\/www.americanonewspaper.com\/es\/wp-json\/wp\/v2\/types\/post"}],"author":[{"embeddable":true,"href":"https:\/\/www.americanonewspaper.com\/es\/wp-json\/wp\/v2\/users\/18"}],"replies":[{"embeddable":true,"href":"https:\/\/www.americanonewspaper.com\/es\/wp-json\/wp\/v2\/comments?post=27616"}],"version-history":[{"count":2,"href":"https:\/\/www.americanonewspaper.com\/es\/wp-json\/wp\/v2\/posts\/27616\/revisions"}],"predecessor-version":[{"id":27631,"href":"https:\/\/www.americanonewspaper.com\/es\/wp-json\/wp\/v2\/posts\/27616\/revisions\/27631"}],"wp:featuredmedia":[{"embeddable":true,"href":"https:\/\/www.americanonewspaper.com\/es\/wp-json\/wp\/v2\/media\/27617"}],"wp:attachment":[{"href":"https:\/\/www.americanonewspaper.com\/es\/wp-json\/wp\/v2\/media?parent=27616"}],"wp:term":[{"taxonomy":"category","embeddable":true,"href":"https:\/\/www.americanonewspaper.com\/es\/wp-json\/wp\/v2\/categories?post=27616"},{"taxonomy":"post_tag","embeddable":true,"href":"https:\/\/www.americanonewspaper.com\/es\/wp-json\/wp\/v2\/tags?post=27616"}],"curies":[{"name":"wp","href":"https:\/\/api.w.org\/{rel}","templated":true}]}}