{"id":27475,"date":"2025-07-15T06:34:00","date_gmt":"2025-07-15T10:34:00","guid":{"rendered":"https:\/\/www.americanonewspaper.com\/es\/?p=27475"},"modified":"2025-07-15T20:37:18","modified_gmt":"2025-07-16T00:37:18","slug":"carreras-ficha-por-el-madrid-contrato-hasta-2031","status":"publish","type":"post","link":"https:\/\/www.americanonewspaper.com\/es\/real-madrid\/carreras-ficha-por-el-madrid-contrato-hasta-2031\/","title":{"rendered":"Carreras ficha por el Madrid contrato hasta 2031"},"content":{"rendered":"\n<p class=\"dropcapp3\">\u00c1lvaro Carreras, lateral izquierdo espa\u00f1ol de 22 a\u00f1os, firm\u00f3 un contrato de seis a\u00f1os, hasta el 30 de junio de 2031, con el Real Madrid, del que form\u00f3 parte en las categor\u00edas cadete y juvenil antes de cerrar su formaci\u00f3n en el Manchester United y triunfar en su salto al f\u00fatbol profesional en el Benfica.<\/p>\n\n\n<div class=\"wp-block-image\">\n<figure class=\"aligncenter size-large is-resized\"><img fetchpriority=\"high\" decoding=\"async\" width=\"800\" height=\"365\" src=\"https:\/\/www.americanonewspaper.com\/es\/wp-content\/uploads\/2025\/07\/Screenshot-2025-02-20-at-9.11.40\u202fAM-1920x877-2-13-800x365.webp\" alt=\"\" class=\"wp-image-27477\" style=\"width:1068px;height:auto\" srcset=\"https:\/\/www.americanonewspaper.com\/es\/wp-content\/uploads\/2025\/07\/Screenshot-2025-02-20-at-9.11.40\u202fAM-1920x877-2-13-800x365.webp 800w, https:\/\/www.americanonewspaper.com\/es\/wp-content\/uploads\/2025\/07\/Screenshot-2025-02-20-at-9.11.40\u202fAM-1920x877-2-13-300x137.webp 300w, https:\/\/www.americanonewspaper.com\/es\/wp-content\/uploads\/2025\/07\/Screenshot-2025-02-20-at-9.11.40\u202fAM-1920x877-2-13-768x351.webp 768w, https:\/\/www.americanonewspaper.com\/es\/wp-content\/uploads\/2025\/07\/Screenshot-2025-02-20-at-9.11.40\u202fAM-1920x877-2-13-1536x702.webp 1536w, https:\/\/www.americanonewspaper.com\/es\/wp-content\/uploads\/2025\/07\/Screenshot-2025-02-20-at-9.11.40\u202fAM-1920x877-2-13-150x69.webp 150w, https:\/\/www.americanonewspaper.com\/es\/wp-content\/uploads\/2025\/07\/Screenshot-2025-02-20-at-9.11.40\u202fAM-1920x877-2-13-696x318.webp 696w, https:\/\/www.americanonewspaper.com\/es\/wp-content\/uploads\/2025\/07\/Screenshot-2025-02-20-at-9.11.40\u202fAM-1920x877-2-13-1068x488.webp 1068w, https:\/\/www.americanonewspaper.com\/es\/wp-content\/uploads\/2025\/07\/Screenshot-2025-02-20-at-9.11.40\u202fAM-1920x877-2-13.webp 1920w\" sizes=\"(max-width: 800px) 100vw, 800px\" \/><\/figure>\n<\/div>\n\n\n<p>&#8220;El Real Madrid C.F. y el Sport Lisboa e Benfica han llegado a un acuerdo para el traspaso del jugador \u00c1lvaro Carreras, que queda vinculado a nuestro club durante las pr\u00f3ximas seis temporadas, hasta el 30 de junio de 2031&#8221;, anunci\u00f3 el club blanco, que presentar\u00e1 a su nuevo lateral izquierdo este martes a las 13:00 horas en la Ciudad Real Madrid.<\/p>\n\n\n\n<p>Carreras (Mallorca, 23\/03\/2003), es el cuarto fichaje del Real Madrid para la temporada 2025\/26 en una operaci\u00f3n que se intent\u00f3 cerrar para la disputa del Mundial de Clubes, que finalmente disput\u00f3 con el Benfica ante la falta de acuerdo entre ambos clubes.<\/p>\n\n\n<div class=\"wp-block-image\">\n<figure class=\"aligncenter size-large is-resized\"><a href=\"https:\/\/www.globalautomall.com\/newdept.cfm\/page\/%20500-savings-for-americano-magazine-readers-2263\/\" target=\"_blank\" rel=\" noreferrer noopener\"><img decoding=\"async\" width=\"800\" height=\"367\" src=\"https:\/\/www.americanonewspaper.com\/es\/wp-content\/uploads\/2025\/07\/Globalhalf-13-800x367.webp\" alt=\"\" class=\"wp-image-27478\" style=\"width:1068px;height:auto\" srcset=\"https:\/\/www.americanonewspaper.com\/es\/wp-content\/uploads\/2025\/07\/Globalhalf-13-800x367.webp 800w, https:\/\/www.americanonewspaper.com\/es\/wp-content\/uploads\/2025\/07\/Globalhalf-13-300x138.webp 300w, https:\/\/www.americanonewspaper.com\/es\/wp-content\/uploads\/2025\/07\/Globalhalf-13-768x352.webp 768w, https:\/\/www.americanonewspaper.com\/es\/wp-content\/uploads\/2025\/07\/Globalhalf-13-150x69.webp 150w, https:\/\/www.americanonewspaper.com\/es\/wp-content\/uploads\/2025\/07\/Globalhalf-13-696x319.webp 696w, https:\/\/www.americanonewspaper.com\/es\/wp-content\/uploads\/2025\/07\/Globalhalf-13-1068x490.webp 1068w, https:\/\/www.americanonewspaper.com\/es\/wp-content\/uploads\/2025\/07\/Globalhalf-13.webp 1200w\" sizes=\"(max-width: 800px) 100vw, 800px\" \/><\/a><\/figure>\n<\/div>\n\n\n<p>Xabi Alonso ve reforzada su plantilla con la llegada de Dean Huijsen, Trent Alexander-Arnold, que ya debutaron en el Mundial de Clubes con la camiseta blanca, y Franco Mastantuono, que se incorporar\u00e1 al Real Madrid cuando cumpla 18 a\u00f1os.<\/p>\n\n\n\n<p>Con Carreras, tercer lateral zurdo junto a Fran Garc\u00eda y Ferland Mendy, refuerza la defensa con la tercera incorporaci\u00f3n en una zona del campo que en la temporada reci\u00e9n acabada dio muchos problemas por las numerosas lesiones que sufri\u00f3 la plantilla madridista.<\/p>\n\n\n<div class=\"wp-block-image\">\n<figure class=\"aligncenter size-large is-resized\"><a href=\"https:\/\/www.nj.gov\/health\/saludreproductiva\/\" target=\"_blank\" rel=\" noreferrer noopener\"><img decoding=\"async\" width=\"800\" height=\"367\" src=\"https:\/\/www.americanonewspaper.com\/es\/wp-content\/uploads\/2025\/07\/Spanish-1-1920x880-14-800x367.jpg\" alt=\"\" class=\"wp-image-27479\" style=\"width:1068px;height:auto\" srcset=\"https:\/\/www.americanonewspaper.com\/es\/wp-content\/uploads\/2025\/07\/Spanish-1-1920x880-14-800x367.jpg 800w, https:\/\/www.americanonewspaper.com\/es\/wp-content\/uploads\/2025\/07\/Spanish-1-1920x880-14-300x138.jpg 300w, https:\/\/www.americanonewspaper.com\/es\/wp-content\/uploads\/2025\/07\/Spanish-1-1920x880-14-768x352.jpg 768w, https:\/\/www.americanonewspaper.com\/es\/wp-content\/uploads\/2025\/07\/Spanish-1-1920x880-14-1536x704.jpg 1536w, https:\/\/www.americanonewspaper.com\/es\/wp-content\/uploads\/2025\/07\/Spanish-1-1920x880-14-150x69.jpg 150w, https:\/\/www.americanonewspaper.com\/es\/wp-content\/uploads\/2025\/07\/Spanish-1-1920x880-14-696x319.jpg 696w, https:\/\/www.americanonewspaper.com\/es\/wp-content\/uploads\/2025\/07\/Spanish-1-1920x880-14-1068x490.jpg 1068w, https:\/\/www.americanonewspaper.com\/es\/wp-content\/uploads\/2025\/07\/Spanish-1-1920x880-14.jpg 1920w\" sizes=\"(max-width: 800px) 100vw, 800px\" \/><\/a><\/figure>\n<\/div>\n\n\n<p>&#8220;\u00c1lvaro Carreras se form\u00f3 en la cantera del Real Madrid, donde jug\u00f3 entre 2017 y 2020 en las categor\u00edas cadete y juvenil. Se incorpor\u00f3 al Benfica procedente del Manchester United, despu\u00e9s de ser elegido mejor jugador sub-23 del club ingl\u00e9s en la temporada 2021-22. Con el Benfica, ha ganado este a\u00f1o la Copa de la Liga de Portugal&#8221;, inform\u00f3 el Real Madrid en su comunicado.<\/p>\n\n\n\n<p>El club blanco resalta que Carreras regresa a la que fue su casa siendo internacional sub-21 de la selecci\u00f3n espa\u00f1ola, por su &#8220;gran rendimiento&#8221; en el Benfica. Disput\u00f3 68 partidos en los que marc\u00f3 5 goles y fue &#8220;una pieza clave en la conquista de la Copa de la Liga 2024\/25&#8221;. Fue incluido en el once ideal de la \u00faltima Liga portuguesa por los entrenadores y capitanes.<\/p>\n\n\n<div class=\"wp-block-image\">\n<figure class=\"aligncenter size-large is-resized\"><a href=\"https:\/\/www.peapackprivate.com\/\" target=\"_blank\" rel=\" noreferrer noopener\"><img loading=\"lazy\" decoding=\"async\" width=\"800\" height=\"432\" src=\"https:\/\/www.americanonewspaper.com\/es\/wp-content\/uploads\/2025\/07\/Screenshot-2025-05-10-at-8.30.31\u202fPM-5-800x432.webp\" alt=\"\" class=\"wp-image-27480\" style=\"width:1068px;height:auto\" srcset=\"https:\/\/www.americanonewspaper.com\/es\/wp-content\/uploads\/2025\/07\/Screenshot-2025-05-10-at-8.30.31\u202fPM-5-800x432.webp 800w, https:\/\/www.americanonewspaper.com\/es\/wp-content\/uploads\/2025\/07\/Screenshot-2025-05-10-at-8.30.31\u202fPM-5-300x162.webp 300w, https:\/\/www.americanonewspaper.com\/es\/wp-content\/uploads\/2025\/07\/Screenshot-2025-05-10-at-8.30.31\u202fPM-5-768x415.webp 768w, https:\/\/www.americanonewspaper.com\/es\/wp-content\/uploads\/2025\/07\/Screenshot-2025-05-10-at-8.30.31\u202fPM-5-150x81.webp 150w, https:\/\/www.americanonewspaper.com\/es\/wp-content\/uploads\/2025\/07\/Screenshot-2025-05-10-at-8.30.31\u202fPM-5-696x376.webp 696w, https:\/\/www.americanonewspaper.com\/es\/wp-content\/uploads\/2025\/07\/Screenshot-2025-05-10-at-8.30.31\u202fPM-5-1068x577.webp 1068w, https:\/\/www.americanonewspaper.com\/es\/wp-content\/uploads\/2025\/07\/Screenshot-2025-05-10-at-8.30.31\u202fPM-5.webp 1236w\" sizes=\"(max-width: 800px) 100vw, 800px\" \/><\/a><\/figure>\n<\/div>\n\n\n<p>El Real Madrid record\u00f3 el paso por &#8216;La F\u00e1brica&#8217; de Carreras, que en 2017 llegaba tras dar sus primeros pasos en el Racing de Ferrol y el Deportivo de la Coru\u00f1a. En el club blanco milit\u00f3 en el cadete b, el cadete a y el juvenil C en la campa\u00f1a 2019-20 antes de decidir marcharse en verano al Manchester United.<\/p>\n\n\n\n<p>&#8220;Despu\u00e9s de una campa\u00f1a en el Preston North End y otra en el Granada, con el que debut\u00f3 en la Liga espa\u00f1ola, Carreras se incorpor\u00f3 al Benfica en enero de 2024. En Portugal su proyecci\u00f3n ha sido mete\u00f3rica hasta ser nombrado jugador revelaci\u00f3n del conjunto lisboeta y mejor defensa del campeonato en el mes de marzo&#8221;, ensalz\u00f3 el Real Madrid.<\/p>\n\n\n<div class=\"wp-block-image\">\n<figure class=\"aligncenter size-large is-resized\"><a href=\"https:\/\/www.generac.com\/home-standby-generators\/campaigns\/install\/?cid=C-00000130&amp;mb_campaign=41421&amp;mb_source=21RL&amp;mb_tx_id=6502320&amp;mb_tx_id=6502320\" target=\"_blank\" rel=\" noreferrer noopener\"><img loading=\"lazy\" decoding=\"async\" width=\"800\" height=\"365\" src=\"https:\/\/www.americanonewspaper.com\/es\/wp-content\/uploads\/2025\/07\/Screenshot-2025-06-19-at-9.20.47\u202fPM-1920x876-1-9-800x365.png\" alt=\"\" class=\"wp-image-27481\" style=\"width:1068px;height:auto\" srcset=\"https:\/\/www.americanonewspaper.com\/es\/wp-content\/uploads\/2025\/07\/Screenshot-2025-06-19-at-9.20.47\u202fPM-1920x876-1-9-800x365.png 800w, https:\/\/www.americanonewspaper.com\/es\/wp-content\/uploads\/2025\/07\/Screenshot-2025-06-19-at-9.20.47\u202fPM-1920x876-1-9-300x137.png 300w, https:\/\/www.americanonewspaper.com\/es\/wp-content\/uploads\/2025\/07\/Screenshot-2025-06-19-at-9.20.47\u202fPM-1920x876-1-9-768x350.png 768w, https:\/\/www.americanonewspaper.com\/es\/wp-content\/uploads\/2025\/07\/Screenshot-2025-06-19-at-9.20.47\u202fPM-1920x876-1-9-1536x701.png 1536w, https:\/\/www.americanonewspaper.com\/es\/wp-content\/uploads\/2025\/07\/Screenshot-2025-06-19-at-9.20.47\u202fPM-1920x876-1-9-150x68.png 150w, https:\/\/www.americanonewspaper.com\/es\/wp-content\/uploads\/2025\/07\/Screenshot-2025-06-19-at-9.20.47\u202fPM-1920x876-1-9-696x318.png 696w, https:\/\/www.americanonewspaper.com\/es\/wp-content\/uploads\/2025\/07\/Screenshot-2025-06-19-at-9.20.47\u202fPM-1920x876-1-9-1068x487.png 1068w, https:\/\/www.americanonewspaper.com\/es\/wp-content\/uploads\/2025\/07\/Screenshot-2025-06-19-at-9.20.47\u202fPM-1920x876-1-9.png 1920w\" sizes=\"(max-width: 800px) 100vw, 800px\" \/><\/a><\/figure>\n<\/div>\n\n\n<p>La presentaci\u00f3n de \u00c1lvaro Carreras se realizar\u00e1 en la Ciudad Real Madrid desde las 13:00 horas, en el pabell\u00f3n de baloncesto de la ciudad deportiva. Antes, se producir\u00e1 su encuentro con el presidente Florentino P\u00e9rez y la firma en el contrato de seis a\u00f1os. Tras el acto, comparecer\u00e1 en la sala de prensa ante los medios de comunicaci\u00f3n.<\/p>\n\n\n<div class=\"wp-block-image\">\n<figure class=\"aligncenter size-large is-resized\"><a href=\"https:\/\/www.dchbrunswicktoyota.com\/espanol\/ofertas-especiales-toyota-north-brunswick.htm\" target=\"_blank\" rel=\" noreferrer noopener\"><img loading=\"lazy\" decoding=\"async\" width=\"800\" height=\"361\" src=\"https:\/\/www.americanonewspaper.com\/es\/wp-content\/uploads\/2025\/07\/WhatsApp-Image-2025-07-11-at-9.01.58-PM-2-800x361.jpeg\" alt=\"\" class=\"wp-image-27482\" style=\"width:1068px;height:auto\" srcset=\"https:\/\/www.americanonewspaper.com\/es\/wp-content\/uploads\/2025\/07\/WhatsApp-Image-2025-07-11-at-9.01.58-PM-2-800x361.jpeg 800w, https:\/\/www.americanonewspaper.com\/es\/wp-content\/uploads\/2025\/07\/WhatsApp-Image-2025-07-11-at-9.01.58-PM-2-300x135.jpeg 300w, https:\/\/www.americanonewspaper.com\/es\/wp-content\/uploads\/2025\/07\/WhatsApp-Image-2025-07-11-at-9.01.58-PM-2-768x346.jpeg 768w, https:\/\/www.americanonewspaper.com\/es\/wp-content\/uploads\/2025\/07\/WhatsApp-Image-2025-07-11-at-9.01.58-PM-2-1536x692.jpeg 1536w, https:\/\/www.americanonewspaper.com\/es\/wp-content\/uploads\/2025\/07\/WhatsApp-Image-2025-07-11-at-9.01.58-PM-2-150x68.jpeg 150w, https:\/\/www.americanonewspaper.com\/es\/wp-content\/uploads\/2025\/07\/WhatsApp-Image-2025-07-11-at-9.01.58-PM-2-696x314.jpeg 696w, https:\/\/www.americanonewspaper.com\/es\/wp-content\/uploads\/2025\/07\/WhatsApp-Image-2025-07-11-at-9.01.58-PM-2-1068x481.jpeg 1068w, https:\/\/www.americanonewspaper.com\/es\/wp-content\/uploads\/2025\/07\/WhatsApp-Image-2025-07-11-at-9.01.58-PM-2.jpeg 1600w\" sizes=\"(max-width: 800px) 100vw, 800px\" \/><\/a><\/figure>\n<\/div>\n\n\n<p><a href=\"https:\/\/www.americanonewspaper.com\/es\/\">Americanonewspaper<\/a> (EFE)<\/p>\n\n\n\n<p><\/p>\n","protected":false},"excerpt":{"rendered":"<p>\u00c1lvaro Carreras, lateral izquierdo espa\u00f1ol de 22 a\u00f1os, firm\u00f3 un contrato de seis a\u00f1os, hasta el 30 de junio de 2031, con el Real Madrid, del que form\u00f3 parte en las categor\u00edas cadete y juvenil antes de cerrar su formaci\u00f3n en el Manchester United y triunfar en su salto al f\u00fatbol profesional en el Benfica. [&hellip;]<\/p>\n","protected":false},"author":18,"featured_media":27476,"comment_status":"open","ping_status":"open","sticky":false,"template":"","format":"standard","meta":{"_acf_changed":false,"tdm_status":"","tdm_grid_status":"","_jetpack_memberships_contains_paid_content":false,"footnotes":"","jetpack_publicize_message":"","jetpack_publicize_feature_enabled":true,"jetpack_social_post_already_shared":true,"jetpack_social_options":{"image_generator_settings":{"template":"highway","default_image_id":0,"font":"","enabled":false},"version":2},"_wpas_customize_per_network":false},"categories":[1065,1066,607,608,787],"tags":[1067],"class_list":{"0":"post-27475","1":"post","2":"type-post","3":"status-publish","4":"format-standard","5":"has-post-thumbnail","7":"category-alvaro-carreras","8":"category-alvaro-carreras-2","9":"category-deportes","10":"category-futbol-2","11":"category-real-madrid","12":"tag-deportes-futbol-realmadrid-alvarocarreras"},"acf":[],"yoast_head":"<!-- This site is optimized with the Yoast SEO Premium plugin v27.5 (Yoast SEO v27.5) - https:\/\/yoast.com\/product\/yoast-seo-premium-wordpress\/ -->\n<title>Carreras ficha por el Madrid contrato hasta 2031 - Americano Newspaper<\/title>\n<meta name=\"description\" content=\"\u00c1lvaro Carreras, lateral izquierdo espa\u00f1ol de 22 a\u00f1os, firm\u00f3 un contrato de seis a\u00f1os, hasta el 30 de junio de 2031, con el Real Madrid, del que form\u00f3 parte en las categor\u00edas cadete y juvenil antes de cerrar su formaci\u00f3n en el Manchester United y triunfar en su salto al f\u00fatbol profesional en el Benfica.\" \/>\n<meta name=\"robots\" content=\"index, follow, max-snippet:-1, max-image-preview:large, max-video-preview:-1\" \/>\n<link rel=\"canonical\" href=\"https:\/\/www.americanonewspaper.com\/es\/real-madrid\/carreras-ficha-por-el-madrid-contrato-hasta-2031\/\" \/>\n<meta property=\"og:locale\" content=\"en_US\" \/>\n<meta property=\"og:type\" content=\"article\" \/>\n<meta property=\"og:title\" content=\"Carreras ficha por el Madrid contrato hasta 2031\" \/>\n<meta property=\"og:description\" content=\"\u00c1lvaro Carreras, lateral izquierdo espa\u00f1ol de 22 a\u00f1os, firm\u00f3 un contrato de seis a\u00f1os, hasta el 30 de junio de 2031, con el Real Madrid, del que form\u00f3 parte en las categor\u00edas cadete y juvenil antes de cerrar su formaci\u00f3n en el Manchester United y triunfar en su salto al f\u00fatbol profesional en el Benfica.\" \/>\n<meta property=\"og:url\" content=\"https:\/\/www.americanonewspaper.com\/es\/real-madrid\/carreras-ficha-por-el-madrid-contrato-hasta-2031\/\" \/>\n<meta property=\"og:site_name\" content=\"Americano Newspaper\" \/>\n<meta property=\"article:publisher\" content=\"https:\/\/www.facebook.com\/AmericanoNewspaper\/\" \/>\n<meta property=\"article:published_time\" content=\"2025-07-15T10:34:00+00:00\" \/>\n<meta property=\"article:modified_time\" content=\"2025-07-16T00:37:18+00:00\" \/>\n<meta property=\"og:image\" content=\"https:\/\/www.americanonewspaper.com\/es\/wp-content\/uploads\/2025\/07\/thumbnail-miniatura-para-youtube-psicologica-oscura-blanco-rojo-Sitio-web-6.png\" \/>\n\t<meta property=\"og:image:width\" content=\"1366\" \/>\n\t<meta property=\"og:image:height\" content=\"768\" \/>\n\t<meta property=\"og:image:type\" content=\"image\/png\" \/>\n<meta name=\"author\" content=\"Victoria Deus\" \/>\n<meta name=\"twitter:card\" content=\"summary_large_image\" \/>\n<meta name=\"twitter:label1\" content=\"Written by\" \/>\n\t<meta name=\"twitter:data1\" content=\"Victoria Deus\" \/>\n\t<meta name=\"twitter:label2\" content=\"Est. reading time\" \/>\n\t<meta name=\"twitter:data2\" content=\"4 minutes\" \/>\n<script type=\"application\/ld+json\" class=\"yoast-schema-graph\">{\"@context\":\"https:\\\/\\\/schema.org\",\"@graph\":[{\"@type\":\"Article\",\"@id\":\"https:\\\/\\\/www.americanonewspaper.com\\\/es\\\/real-madrid\\\/carreras-ficha-por-el-madrid-contrato-hasta-2031\\\/#article\",\"isPartOf\":{\"@id\":\"https:\\\/\\\/www.americanonewspaper.com\\\/es\\\/real-madrid\\\/carreras-ficha-por-el-madrid-contrato-hasta-2031\\\/\"},\"author\":{\"name\":\"Victoria Deus\",\"@id\":\"https:\\\/\\\/www.americanonewspaper.com\\\/es\\\/#\\\/schema\\\/person\\\/875497672032163af362240e09375960\"},\"headline\":\"Carreras ficha por el Madrid contrato hasta 2031\",\"datePublished\":\"2025-07-15T10:34:00+00:00\",\"dateModified\":\"2025-07-16T00:37:18+00:00\",\"mainEntityOfPage\":{\"@id\":\"https:\\\/\\\/www.americanonewspaper.com\\\/es\\\/real-madrid\\\/carreras-ficha-por-el-madrid-contrato-hasta-2031\\\/\"},\"wordCount\":575,\"commentCount\":0,\"publisher\":{\"@id\":\"https:\\\/\\\/www.americanonewspaper.com\\\/es\\\/#organization\"},\"image\":{\"@id\":\"https:\\\/\\\/www.americanonewspaper.com\\\/es\\\/real-madrid\\\/carreras-ficha-por-el-madrid-contrato-hasta-2031\\\/#primaryimage\"},\"thumbnailUrl\":\"https:\\\/\\\/www.americanonewspaper.com\\\/es\\\/wp-content\\\/uploads\\\/2025\\\/07\\\/thumbnail-miniatura-para-youtube-psicologica-oscura-blanco-rojo-Sitio-web-6.png\",\"keywords\":[\"#Deportes #Futbol #RealMadrid #\u00c1lvaroCarreras\"],\"articleSection\":[\"\u00c1lvaro Carreras\",\"Alvaro Carreras\",\"Deportes\",\"F\u00fatbol\",\"Real Madrid\"],\"inLanguage\":\"en-US\",\"potentialAction\":[{\"@type\":\"CommentAction\",\"name\":\"Comment\",\"target\":[\"https:\\\/\\\/www.americanonewspaper.com\\\/es\\\/real-madrid\\\/carreras-ficha-por-el-madrid-contrato-hasta-2031\\\/#respond\"]}]},{\"@type\":\"WebPage\",\"@id\":\"https:\\\/\\\/www.americanonewspaper.com\\\/es\\\/real-madrid\\\/carreras-ficha-por-el-madrid-contrato-hasta-2031\\\/\",\"url\":\"https:\\\/\\\/www.americanonewspaper.com\\\/es\\\/real-madrid\\\/carreras-ficha-por-el-madrid-contrato-hasta-2031\\\/\",\"name\":\"Carreras ficha por el Madrid contrato hasta 2031 - Americano Newspaper\",\"isPartOf\":{\"@id\":\"https:\\\/\\\/www.americanonewspaper.com\\\/es\\\/#website\"},\"primaryImageOfPage\":{\"@id\":\"https:\\\/\\\/www.americanonewspaper.com\\\/es\\\/real-madrid\\\/carreras-ficha-por-el-madrid-contrato-hasta-2031\\\/#primaryimage\"},\"image\":{\"@id\":\"https:\\\/\\\/www.americanonewspaper.com\\\/es\\\/real-madrid\\\/carreras-ficha-por-el-madrid-contrato-hasta-2031\\\/#primaryimage\"},\"thumbnailUrl\":\"https:\\\/\\\/www.americanonewspaper.com\\\/es\\\/wp-content\\\/uploads\\\/2025\\\/07\\\/thumbnail-miniatura-para-youtube-psicologica-oscura-blanco-rojo-Sitio-web-6.png\",\"datePublished\":\"2025-07-15T10:34:00+00:00\",\"dateModified\":\"2025-07-16T00:37:18+00:00\",\"description\":\"\u00c1lvaro Carreras, lateral izquierdo espa\u00f1ol de 22 a\u00f1os, firm\u00f3 un contrato de seis a\u00f1os, hasta el 30 de junio de 2031, con el Real Madrid, del que form\u00f3 parte en las categor\u00edas cadete y juvenil antes de cerrar su formaci\u00f3n en el Manchester United y triunfar en su salto al f\u00fatbol profesional en el Benfica.\",\"breadcrumb\":{\"@id\":\"https:\\\/\\\/www.americanonewspaper.com\\\/es\\\/real-madrid\\\/carreras-ficha-por-el-madrid-contrato-hasta-2031\\\/#breadcrumb\"},\"inLanguage\":\"en-US\",\"potentialAction\":[{\"@type\":\"ReadAction\",\"target\":[\"https:\\\/\\\/www.americanonewspaper.com\\\/es\\\/real-madrid\\\/carreras-ficha-por-el-madrid-contrato-hasta-2031\\\/\"]}]},{\"@type\":\"ImageObject\",\"inLanguage\":\"en-US\",\"@id\":\"https:\\\/\\\/www.americanonewspaper.com\\\/es\\\/real-madrid\\\/carreras-ficha-por-el-madrid-contrato-hasta-2031\\\/#primaryimage\",\"url\":\"https:\\\/\\\/www.americanonewspaper.com\\\/es\\\/wp-content\\\/uploads\\\/2025\\\/07\\\/thumbnail-miniatura-para-youtube-psicologica-oscura-blanco-rojo-Sitio-web-6.png\",\"contentUrl\":\"https:\\\/\\\/www.americanonewspaper.com\\\/es\\\/wp-content\\\/uploads\\\/2025\\\/07\\\/thumbnail-miniatura-para-youtube-psicologica-oscura-blanco-rojo-Sitio-web-6.png\",\"width\":1366,\"height\":768,\"caption\":\"Con Carreras, tercer lateral zurdo junto a Fran Garc\u00eda y Ferland Mendy, refuerza la defensa con la tercera incorporaci\u00f3n en una zona del campo que en la temporada reci\u00e9n acabada dio muchos problemas por las numerosas lesiones que sufri\u00f3 la plantilla madridista.\"},{\"@type\":\"BreadcrumbList\",\"@id\":\"https:\\\/\\\/www.americanonewspaper.com\\\/es\\\/real-madrid\\\/carreras-ficha-por-el-madrid-contrato-hasta-2031\\\/#breadcrumb\",\"itemListElement\":[{\"@type\":\"ListItem\",\"position\":1,\"name\":\"Home\",\"item\":\"https:\\\/\\\/www.americanonewspaper.com\\\/es\\\/\"},{\"@type\":\"ListItem\",\"position\":2,\"name\":\"Carreras ficha por el Madrid contrato hasta 2031\"}]},{\"@type\":\"WebSite\",\"@id\":\"https:\\\/\\\/www.americanonewspaper.com\\\/es\\\/#website\",\"url\":\"https:\\\/\\\/www.americanonewspaper.com\\\/es\\\/\",\"name\":\"Americano Newspaper\",\"description\":\"The Hispanic Newspaper of New Jersey.\",\"publisher\":{\"@id\":\"https:\\\/\\\/www.americanonewspaper.com\\\/es\\\/#organization\"},\"potentialAction\":[{\"@type\":\"SearchAction\",\"target\":{\"@type\":\"EntryPoint\",\"urlTemplate\":\"https:\\\/\\\/www.americanonewspaper.com\\\/es\\\/?s={search_term_string}\"},\"query-input\":{\"@type\":\"PropertyValueSpecification\",\"valueRequired\":true,\"valueName\":\"search_term_string\"}}],\"inLanguage\":\"en-US\"},{\"@type\":\"Organization\",\"@id\":\"https:\\\/\\\/www.americanonewspaper.com\\\/es\\\/#organization\",\"name\":\"Americano Newspaper\",\"url\":\"https:\\\/\\\/www.americanonewspaper.com\\\/es\\\/\",\"logo\":{\"@type\":\"ImageObject\",\"inLanguage\":\"en-US\",\"@id\":\"https:\\\/\\\/www.americanonewspaper.com\\\/es\\\/#\\\/schema\\\/logo\\\/image\\\/\",\"url\":\"https:\\\/\\\/www.americanonewspaper.com\\\/es\\\/wp-content\\\/uploads\\\/2024\\\/05\\\/AmericanoLogoCircle.comCircle2.jpg\",\"contentUrl\":\"https:\\\/\\\/www.americanonewspaper.com\\\/es\\\/wp-content\\\/uploads\\\/2024\\\/05\\\/AmericanoLogoCircle.comCircle2.jpg\",\"width\":600,\"height\":600,\"caption\":\"Americano Newspaper\"},\"image\":{\"@id\":\"https:\\\/\\\/www.americanonewspaper.com\\\/es\\\/#\\\/schema\\\/logo\\\/image\\\/\"},\"sameAs\":[\"https:\\\/\\\/www.facebook.com\\\/AmericanoNewspaper\\\/\"]},{\"@type\":\"Person\",\"@id\":\"https:\\\/\\\/www.americanonewspaper.com\\\/es\\\/#\\\/schema\\\/person\\\/875497672032163af362240e09375960\",\"name\":\"Victoria Deus\",\"image\":{\"@type\":\"ImageObject\",\"inLanguage\":\"en-US\",\"@id\":\"https:\\\/\\\/www.americanonewspaper.com\\\/es\\\/wp-content\\\/litespeed\\\/avatar\\\/87ebc08dcb2dba9e584c4557748a9de2.jpg?ver=1777428042\",\"url\":\"https:\\\/\\\/www.americanonewspaper.com\\\/es\\\/wp-content\\\/litespeed\\\/avatar\\\/87ebc08dcb2dba9e584c4557748a9de2.jpg?ver=1777428042\",\"contentUrl\":\"https:\\\/\\\/www.americanonewspaper.com\\\/es\\\/wp-content\\\/litespeed\\\/avatar\\\/87ebc08dcb2dba9e584c4557748a9de2.jpg?ver=1777428042\",\"caption\":\"Victoria Deus\"},\"sameAs\":[\"http:\\\/\\\/www.americanonewspaper.com\"],\"url\":\"https:\\\/\\\/www.americanonewspaper.com\\\/es\\\/author\\\/victoria\\\/\"}]}<\/script>\n<!-- \/ Yoast SEO Premium plugin. -->","yoast_head_json":{"title":"Carreras ficha por el Madrid contrato hasta 2031 - Americano Newspaper","description":"\u00c1lvaro Carreras, lateral izquierdo espa\u00f1ol de 22 a\u00f1os, firm\u00f3 un contrato de seis a\u00f1os, hasta el 30 de junio de 2031, con el Real Madrid, del que form\u00f3 parte en las categor\u00edas cadete y juvenil antes de cerrar su formaci\u00f3n en el Manchester United y triunfar en su salto al f\u00fatbol profesional en el Benfica.","robots":{"index":"index","follow":"follow","max-snippet":"max-snippet:-1","max-image-preview":"max-image-preview:large","max-video-preview":"max-video-preview:-1"},"canonical":"https:\/\/www.americanonewspaper.com\/es\/real-madrid\/carreras-ficha-por-el-madrid-contrato-hasta-2031\/","og_locale":"en_US","og_type":"article","og_title":"Carreras ficha por el Madrid contrato hasta 2031","og_description":"\u00c1lvaro Carreras, lateral izquierdo espa\u00f1ol de 22 a\u00f1os, firm\u00f3 un contrato de seis a\u00f1os, hasta el 30 de junio de 2031, con el Real Madrid, del que form\u00f3 parte en las categor\u00edas cadete y juvenil antes de cerrar su formaci\u00f3n en el Manchester United y triunfar en su salto al f\u00fatbol profesional en el Benfica.","og_url":"https:\/\/www.americanonewspaper.com\/es\/real-madrid\/carreras-ficha-por-el-madrid-contrato-hasta-2031\/","og_site_name":"Americano Newspaper","article_publisher":"https:\/\/www.facebook.com\/AmericanoNewspaper\/","article_published_time":"2025-07-15T10:34:00+00:00","article_modified_time":"2025-07-16T00:37:18+00:00","og_image":[{"width":1366,"height":768,"url":"https:\/\/www.americanonewspaper.com\/es\/wp-content\/uploads\/2025\/07\/thumbnail-miniatura-para-youtube-psicologica-oscura-blanco-rojo-Sitio-web-6.png","type":"image\/png"}],"author":"Victoria Deus","twitter_card":"summary_large_image","twitter_misc":{"Written by":"Victoria Deus","Est. reading time":"4 minutes"},"schema":{"@context":"https:\/\/schema.org","@graph":[{"@type":"Article","@id":"https:\/\/www.americanonewspaper.com\/es\/real-madrid\/carreras-ficha-por-el-madrid-contrato-hasta-2031\/#article","isPartOf":{"@id":"https:\/\/www.americanonewspaper.com\/es\/real-madrid\/carreras-ficha-por-el-madrid-contrato-hasta-2031\/"},"author":{"name":"Victoria Deus","@id":"https:\/\/www.americanonewspaper.com\/es\/#\/schema\/person\/875497672032163af362240e09375960"},"headline":"Carreras ficha por el Madrid contrato hasta 2031","datePublished":"2025-07-15T10:34:00+00:00","dateModified":"2025-07-16T00:37:18+00:00","mainEntityOfPage":{"@id":"https:\/\/www.americanonewspaper.com\/es\/real-madrid\/carreras-ficha-por-el-madrid-contrato-hasta-2031\/"},"wordCount":575,"commentCount":0,"publisher":{"@id":"https:\/\/www.americanonewspaper.com\/es\/#organization"},"image":{"@id":"https:\/\/www.americanonewspaper.com\/es\/real-madrid\/carreras-ficha-por-el-madrid-contrato-hasta-2031\/#primaryimage"},"thumbnailUrl":"https:\/\/www.americanonewspaper.com\/es\/wp-content\/uploads\/2025\/07\/thumbnail-miniatura-para-youtube-psicologica-oscura-blanco-rojo-Sitio-web-6.png","keywords":["#Deportes #Futbol #RealMadrid #\u00c1lvaroCarreras"],"articleSection":["\u00c1lvaro Carreras","Alvaro Carreras","Deportes","F\u00fatbol","Real Madrid"],"inLanguage":"en-US","potentialAction":[{"@type":"CommentAction","name":"Comment","target":["https:\/\/www.americanonewspaper.com\/es\/real-madrid\/carreras-ficha-por-el-madrid-contrato-hasta-2031\/#respond"]}]},{"@type":"WebPage","@id":"https:\/\/www.americanonewspaper.com\/es\/real-madrid\/carreras-ficha-por-el-madrid-contrato-hasta-2031\/","url":"https:\/\/www.americanonewspaper.com\/es\/real-madrid\/carreras-ficha-por-el-madrid-contrato-hasta-2031\/","name":"Carreras ficha por el Madrid contrato hasta 2031 - Americano Newspaper","isPartOf":{"@id":"https:\/\/www.americanonewspaper.com\/es\/#website"},"primaryImageOfPage":{"@id":"https:\/\/www.americanonewspaper.com\/es\/real-madrid\/carreras-ficha-por-el-madrid-contrato-hasta-2031\/#primaryimage"},"image":{"@id":"https:\/\/www.americanonewspaper.com\/es\/real-madrid\/carreras-ficha-por-el-madrid-contrato-hasta-2031\/#primaryimage"},"thumbnailUrl":"https:\/\/www.americanonewspaper.com\/es\/wp-content\/uploads\/2025\/07\/thumbnail-miniatura-para-youtube-psicologica-oscura-blanco-rojo-Sitio-web-6.png","datePublished":"2025-07-15T10:34:00+00:00","dateModified":"2025-07-16T00:37:18+00:00","description":"\u00c1lvaro Carreras, lateral izquierdo espa\u00f1ol de 22 a\u00f1os, firm\u00f3 un contrato de seis a\u00f1os, hasta el 30 de junio de 2031, con el Real Madrid, del que form\u00f3 parte en las categor\u00edas cadete y juvenil antes de cerrar su formaci\u00f3n en el Manchester United y triunfar en su salto al f\u00fatbol profesional en el Benfica.","breadcrumb":{"@id":"https:\/\/www.americanonewspaper.com\/es\/real-madrid\/carreras-ficha-por-el-madrid-contrato-hasta-2031\/#breadcrumb"},"inLanguage":"en-US","potentialAction":[{"@type":"ReadAction","target":["https:\/\/www.americanonewspaper.com\/es\/real-madrid\/carreras-ficha-por-el-madrid-contrato-hasta-2031\/"]}]},{"@type":"ImageObject","inLanguage":"en-US","@id":"https:\/\/www.americanonewspaper.com\/es\/real-madrid\/carreras-ficha-por-el-madrid-contrato-hasta-2031\/#primaryimage","url":"https:\/\/www.americanonewspaper.com\/es\/wp-content\/uploads\/2025\/07\/thumbnail-miniatura-para-youtube-psicologica-oscura-blanco-rojo-Sitio-web-6.png","contentUrl":"https:\/\/www.americanonewspaper.com\/es\/wp-content\/uploads\/2025\/07\/thumbnail-miniatura-para-youtube-psicologica-oscura-blanco-rojo-Sitio-web-6.png","width":1366,"height":768,"caption":"Con Carreras, tercer lateral zurdo junto a Fran Garc\u00eda y Ferland Mendy, refuerza la defensa con la tercera incorporaci\u00f3n en una zona del campo que en la temporada reci\u00e9n acabada dio muchos problemas por las numerosas lesiones que sufri\u00f3 la plantilla madridista."},{"@type":"BreadcrumbList","@id":"https:\/\/www.americanonewspaper.com\/es\/real-madrid\/carreras-ficha-por-el-madrid-contrato-hasta-2031\/#breadcrumb","itemListElement":[{"@type":"ListItem","position":1,"name":"Home","item":"https:\/\/www.americanonewspaper.com\/es\/"},{"@type":"ListItem","position":2,"name":"Carreras ficha por el Madrid contrato hasta 2031"}]},{"@type":"WebSite","@id":"https:\/\/www.americanonewspaper.com\/es\/#website","url":"https:\/\/www.americanonewspaper.com\/es\/","name":"Americano Newspaper","description":"The Hispanic Newspaper of New Jersey.","publisher":{"@id":"https:\/\/www.americanonewspaper.com\/es\/#organization"},"potentialAction":[{"@type":"SearchAction","target":{"@type":"EntryPoint","urlTemplate":"https:\/\/www.americanonewspaper.com\/es\/?s={search_term_string}"},"query-input":{"@type":"PropertyValueSpecification","valueRequired":true,"valueName":"search_term_string"}}],"inLanguage":"en-US"},{"@type":"Organization","@id":"https:\/\/www.americanonewspaper.com\/es\/#organization","name":"Americano Newspaper","url":"https:\/\/www.americanonewspaper.com\/es\/","logo":{"@type":"ImageObject","inLanguage":"en-US","@id":"https:\/\/www.americanonewspaper.com\/es\/#\/schema\/logo\/image\/","url":"https:\/\/www.americanonewspaper.com\/es\/wp-content\/uploads\/2024\/05\/AmericanoLogoCircle.comCircle2.jpg","contentUrl":"https:\/\/www.americanonewspaper.com\/es\/wp-content\/uploads\/2024\/05\/AmericanoLogoCircle.comCircle2.jpg","width":600,"height":600,"caption":"Americano Newspaper"},"image":{"@id":"https:\/\/www.americanonewspaper.com\/es\/#\/schema\/logo\/image\/"},"sameAs":["https:\/\/www.facebook.com\/AmericanoNewspaper\/"]},{"@type":"Person","@id":"https:\/\/www.americanonewspaper.com\/es\/#\/schema\/person\/875497672032163af362240e09375960","name":"Victoria Deus","image":{"@type":"ImageObject","inLanguage":"en-US","@id":"https:\/\/www.americanonewspaper.com\/es\/wp-content\/litespeed\/avatar\/87ebc08dcb2dba9e584c4557748a9de2.jpg?ver=1777428042","url":"https:\/\/www.americanonewspaper.com\/es\/wp-content\/litespeed\/avatar\/87ebc08dcb2dba9e584c4557748a9de2.jpg?ver=1777428042","contentUrl":"https:\/\/www.americanonewspaper.com\/es\/wp-content\/litespeed\/avatar\/87ebc08dcb2dba9e584c4557748a9de2.jpg?ver=1777428042","caption":"Victoria Deus"},"sameAs":["http:\/\/www.americanonewspaper.com"],"url":"https:\/\/www.americanonewspaper.com\/es\/author\/victoria\/"}]}},"jetpack_publicize_connections":[],"jetpack_featured_media_url":"https:\/\/www.americanonewspaper.com\/es\/wp-content\/uploads\/2025\/07\/thumbnail-miniatura-para-youtube-psicologica-oscura-blanco-rojo-Sitio-web-6.png","featured_image_urls":{"full":["https:\/\/www.americanonewspaper.com\/es\/wp-content\/uploads\/2025\/07\/thumbnail-miniatura-para-youtube-psicologica-oscura-blanco-rojo-Sitio-web-6.png",1366,768,false],"thumbnail":["https:\/\/www.americanonewspaper.com\/es\/wp-content\/uploads\/2025\/07\/thumbnail-miniatura-para-youtube-psicologica-oscura-blanco-rojo-Sitio-web-6-250x250.png",250,250,true],"medium":["https:\/\/www.americanonewspaper.com\/es\/wp-content\/uploads\/2025\/07\/thumbnail-miniatura-para-youtube-psicologica-oscura-blanco-rojo-Sitio-web-6-300x169.png",300,169,true],"medium_large":["https:\/\/www.americanonewspaper.com\/es\/wp-content\/uploads\/2025\/07\/thumbnail-miniatura-para-youtube-psicologica-oscura-blanco-rojo-Sitio-web-6-768x432.png",696,392,true],"large":["https:\/\/www.americanonewspaper.com\/es\/wp-content\/uploads\/2025\/07\/thumbnail-miniatura-para-youtube-psicologica-oscura-blanco-rojo-Sitio-web-6-800x450.png",696,392,true],"1536x1536":["https:\/\/www.americanonewspaper.com\/es\/wp-content\/uploads\/2025\/07\/thumbnail-miniatura-para-youtube-psicologica-oscura-blanco-rojo-Sitio-web-6.png",1366,768,false],"2048x2048":["https:\/\/www.americanonewspaper.com\/es\/wp-content\/uploads\/2025\/07\/thumbnail-miniatura-para-youtube-psicologica-oscura-blanco-rojo-Sitio-web-6.png",1366,768,false],"td_150x0":["https:\/\/www.americanonewspaper.com\/es\/wp-content\/uploads\/2025\/07\/thumbnail-miniatura-para-youtube-psicologica-oscura-blanco-rojo-Sitio-web-6-150x84.png",150,84,true],"td_218x150":["https:\/\/www.americanonewspaper.com\/es\/wp-content\/uploads\/2025\/07\/thumbnail-miniatura-para-youtube-psicologica-oscura-blanco-rojo-Sitio-web-6-218x150.png",218,150,true],"td_300x0":["https:\/\/www.americanonewspaper.com\/es\/wp-content\/uploads\/2025\/07\/thumbnail-miniatura-para-youtube-psicologica-oscura-blanco-rojo-Sitio-web-6-300x169.png",300,169,true],"td_324x400":["https:\/\/www.americanonewspaper.com\/es\/wp-content\/uploads\/2025\/07\/thumbnail-miniatura-para-youtube-psicologica-oscura-blanco-rojo-Sitio-web-6-324x400.png",324,400,true],"td_485x360":["https:\/\/www.americanonewspaper.com\/es\/wp-content\/uploads\/2025\/07\/thumbnail-miniatura-para-youtube-psicologica-oscura-blanco-rojo-Sitio-web-6-485x360.png",485,360,true],"td_696x0":["https:\/\/www.americanonewspaper.com\/es\/wp-content\/uploads\/2025\/07\/thumbnail-miniatura-para-youtube-psicologica-oscura-blanco-rojo-Sitio-web-6-696x391.png",696,391,true],"td_1068x0":["https:\/\/www.americanonewspaper.com\/es\/wp-content\/uploads\/2025\/07\/thumbnail-miniatura-para-youtube-psicologica-oscura-blanco-rojo-Sitio-web-6-1068x600.png",1068,600,true],"td_1920x0":["https:\/\/www.americanonewspaper.com\/es\/wp-content\/uploads\/2025\/07\/thumbnail-miniatura-para-youtube-psicologica-oscura-blanco-rojo-Sitio-web-6.png",1366,768,false],"bdpp-medium":["https:\/\/www.americanonewspaper.com\/es\/wp-content\/uploads\/2025\/07\/thumbnail-miniatura-para-youtube-psicologica-oscura-blanco-rojo-Sitio-web-6-640x480.png",640,480,true]},"author_info":{"display_name":"Victoria Deus","author_link":"https:\/\/www.americanonewspaper.com\/es\/author\/victoria\/"},"category_info":"<a href=\"https:\/\/www.americanonewspaper.com\/es\/category\/alvaro-carreras\/\" rel=\"category tag\">\u00c1lvaro Carreras<\/a> <a href=\"https:\/\/www.americanonewspaper.com\/es\/category\/alvaro-carreras-2\/\" rel=\"category tag\">Alvaro Carreras<\/a> <a href=\"https:\/\/www.americanonewspaper.com\/es\/category\/deportes\/\" rel=\"category tag\">Deportes<\/a> <a href=\"https:\/\/www.americanonewspaper.com\/es\/category\/futbol-2\/\" rel=\"category tag\">F\u00fatbol<\/a> <a href=\"https:\/\/www.americanonewspaper.com\/es\/category\/real-madrid\/\" rel=\"category tag\">Real Madrid<\/a>","tag_info":"Real Madrid","comment_count":"0","jetpack_sharing_enabled":true,"jetpack_likes_enabled":true,"_links":{"self":[{"href":"https:\/\/www.americanonewspaper.com\/es\/wp-json\/wp\/v2\/posts\/27475","targetHints":{"allow":["GET"]}}],"collection":[{"href":"https:\/\/www.americanonewspaper.com\/es\/wp-json\/wp\/v2\/posts"}],"about":[{"href":"https:\/\/www.americanonewspaper.com\/es\/wp-json\/wp\/v2\/types\/post"}],"author":[{"embeddable":true,"href":"https:\/\/www.americanonewspaper.com\/es\/wp-json\/wp\/v2\/users\/18"}],"replies":[{"embeddable":true,"href":"https:\/\/www.americanonewspaper.com\/es\/wp-json\/wp\/v2\/comments?post=27475"}],"version-history":[{"count":2,"href":"https:\/\/www.americanonewspaper.com\/es\/wp-json\/wp\/v2\/posts\/27475\/revisions"}],"predecessor-version":[{"id":27497,"href":"https:\/\/www.americanonewspaper.com\/es\/wp-json\/wp\/v2\/posts\/27475\/revisions\/27497"}],"wp:featuredmedia":[{"embeddable":true,"href":"https:\/\/www.americanonewspaper.com\/es\/wp-json\/wp\/v2\/media\/27476"}],"wp:attachment":[{"href":"https:\/\/www.americanonewspaper.com\/es\/wp-json\/wp\/v2\/media?parent=27475"}],"wp:term":[{"taxonomy":"category","embeddable":true,"href":"https:\/\/www.americanonewspaper.com\/es\/wp-json\/wp\/v2\/categories?post=27475"},{"taxonomy":"post_tag","embeddable":true,"href":"https:\/\/www.americanonewspaper.com\/es\/wp-json\/wp\/v2\/tags?post=27475"}],"curies":[{"name":"wp","href":"https:\/\/api.w.org\/{rel}","templated":true}]}}