{"id":26870,"date":"2025-06-11T14:28:56","date_gmt":"2025-06-11T18:28:56","guid":{"rendered":"https:\/\/www.americanonewspaper.com\/es\/?p=26870"},"modified":"2025-09-28T11:23:08","modified_gmt":"2025-09-28T15:23:08","slug":"mikie-sherrill-gano-la-primaria-victoria-democrata","status":"publish","type":"post","link":"https:\/\/www.americanonewspaper.com\/es\/new-jersey\/mikie-sherrill-gano-la-primaria-victoria-democrata\/","title":{"rendered":"Mikie Sherrill gan\u00f3 la &#8220;Primaria Victoria Dem\u00f3crata&#8221;"},"content":{"rendered":"\n<p class=\"wp-block-paragraph\">Morristown, New Jersey.- Por Dr. Patricia Campos Medina<\/p>\n\n\n\n<p class=\"dropcapp3 wp-block-paragraph\">Los dem\u00f3cratas de Nueva Jersey llegan a estas primarias con entusiasmo, impulsados por la presencia de seis candidatos s\u00f3lidos que compitieron por la nominaci\u00f3n del Partido Dem\u00f3crata a la gobernaci\u00f3n. Cada uno ha presentado una plataforma clara y un mensaje fuerte dirigido a su base electoral. Algunos promovieron una agenda progresista, otros adoptaron posturas m\u00e1s moderadas, e incluso hay quienes se inclinan hacia posiciones m\u00e1s conservadoras.<\/p>\n\n\n\n<figure class=\"wp-block-image size-large is-resized\"><img fetchpriority=\"high\" decoding=\"async\" width=\"800\" height=\"365\" src=\"https:\/\/www.americanonewspaper.com\/es\/wp-content\/uploads\/2025\/06\/Screenshot-2025-02-20-at-9.11.40\u202fAM-1920x877-2-3-800x365.webp\" alt=\"\" class=\"wp-image-26815\" style=\"width:1067px;height:auto\" srcset=\"https:\/\/www.americanonewspaper.com\/es\/wp-content\/uploads\/2025\/06\/Screenshot-2025-02-20-at-9.11.40\u202fAM-1920x877-2-3-800x365.webp 800w, https:\/\/www.americanonewspaper.com\/es\/wp-content\/uploads\/2025\/06\/Screenshot-2025-02-20-at-9.11.40\u202fAM-1920x877-2-3-300x137.webp 300w, https:\/\/www.americanonewspaper.com\/es\/wp-content\/uploads\/2025\/06\/Screenshot-2025-02-20-at-9.11.40\u202fAM-1920x877-2-3-768x351.webp 768w, https:\/\/www.americanonewspaper.com\/es\/wp-content\/uploads\/2025\/06\/Screenshot-2025-02-20-at-9.11.40\u202fAM-1920x877-2-3-1536x702.webp 1536w, https:\/\/www.americanonewspaper.com\/es\/wp-content\/uploads\/2025\/06\/Screenshot-2025-02-20-at-9.11.40\u202fAM-1920x877-2-3-150x69.webp 150w, https:\/\/www.americanonewspaper.com\/es\/wp-content\/uploads\/2025\/06\/Screenshot-2025-02-20-at-9.11.40\u202fAM-1920x877-2-3-696x318.webp 696w, https:\/\/www.americanonewspaper.com\/es\/wp-content\/uploads\/2025\/06\/Screenshot-2025-02-20-at-9.11.40\u202fAM-1920x877-2-3-1068x488.webp 1068w, https:\/\/www.americanonewspaper.com\/es\/wp-content\/uploads\/2025\/06\/Screenshot-2025-02-20-at-9.11.40\u202fAM-1920x877-2-3.webp 1920w\" sizes=\"(max-width: 800px) 100vw, 800px\" \/><\/figure>\n\n\n\n<p class=\"wp-block-paragraph\">Este abanico de propuestas refleja la riqueza del debate interno del partido y demuestra una de las grandes ventajas de las elecciones sin el respaldo obligatorio de los jefes de condado: todos los candidatos tienen la oportunidad de hablar directamente con los votantes, presentar sus ideas y motivarlos a participar activamente en nuestro proceso democr\u00e1tico.<\/p>\n\n\n\n<p class=\"wp-block-paragraph\">Este es el Partido Dem\u00f3crata: un espacio amplio y diverso, donde conviven distintas ideas sobre c\u00f3mo debe funcionar el gobierno. Pero, a pesar de nuestras diferencias, compartimos una convicci\u00f3n fundamental: somos el partido que se preocupa.<\/p>\n\n\n\n<figure class=\"wp-block-image size-large is-resized\"><a href=\"https:\/\/www.paulmillertoyota.com\/ofertas-de-arrendamiento.htm\" target=\"_blank\" rel=\" noreferrer noopener\"><img decoding=\"async\" width=\"800\" height=\"349\" src=\"https:\/\/www.americanonewspaper.com\/es\/wp-content\/uploads\/2025\/06\/Screenshot-2025-04-26-at-3.09.26\u202fPM-1920x838-4-800x349.webp\" alt=\"\" class=\"wp-image-26817\" style=\"width:1067px;height:auto\" srcset=\"https:\/\/www.americanonewspaper.com\/es\/wp-content\/uploads\/2025\/06\/Screenshot-2025-04-26-at-3.09.26\u202fPM-1920x838-4-800x349.webp 800w, https:\/\/www.americanonewspaper.com\/es\/wp-content\/uploads\/2025\/06\/Screenshot-2025-04-26-at-3.09.26\u202fPM-1920x838-4-300x131.webp 300w, https:\/\/www.americanonewspaper.com\/es\/wp-content\/uploads\/2025\/06\/Screenshot-2025-04-26-at-3.09.26\u202fPM-1920x838-4-768x335.webp 768w, https:\/\/www.americanonewspaper.com\/es\/wp-content\/uploads\/2025\/06\/Screenshot-2025-04-26-at-3.09.26\u202fPM-1920x838-4-1536x670.webp 1536w, https:\/\/www.americanonewspaper.com\/es\/wp-content\/uploads\/2025\/06\/Screenshot-2025-04-26-at-3.09.26\u202fPM-1920x838-4-150x65.webp 150w, https:\/\/www.americanonewspaper.com\/es\/wp-content\/uploads\/2025\/06\/Screenshot-2025-04-26-at-3.09.26\u202fPM-1920x838-4-696x304.webp 696w, https:\/\/www.americanonewspaper.com\/es\/wp-content\/uploads\/2025\/06\/Screenshot-2025-04-26-at-3.09.26\u202fPM-1920x838-4-1068x466.webp 1068w, https:\/\/www.americanonewspaper.com\/es\/wp-content\/uploads\/2025\/06\/Screenshot-2025-04-26-at-3.09.26\u202fPM-1920x838-4.webp 1920w\" sizes=\"(max-width: 800px) 100vw, 800px\" \/><\/a><\/figure>\n\n\n\n<p class=\"wp-block-paragraph\">Nos preocupamos por los trabajadores que luchan cada d\u00eda por mejorar la vida de sus familias.<br>Nos preocupamos por una econom\u00eda justa, donde los m\u00e1s ricos paguen lo que les corresponde y todos puedan acceder a servicios b\u00e1sicos como salud y educaci\u00f3n.<br>Nos preocupamos por quienes dependen del seguro social, las pensiones y las prestaciones por discapacidad.<\/p>\n\n\n\n<p class=\"wp-block-paragraph\">Nos preocupamos por el alto costo de la vivienda, la energ\u00eda, la salud y la educaci\u00f3n.<br>Y, sobre todo, nos preocupamos por la libertad garantizada por la Constituci\u00f3n \u2014derechos que est\u00e1n siendo atacados constantemente por la administraci\u00f3n republicana en Washington.<\/p>\n\n\n\n<figure class=\"wp-block-image size-large is-resized\"><a href=\"https:\/\/oceanfirst.com\/locations\/perth-amboy\" target=\"_blank\" rel=\" noreferrer noopener\"><img decoding=\"async\" width=\"800\" height=\"367\" src=\"https:\/\/www.americanonewspaper.com\/es\/wp-content\/uploads\/2025\/06\/Spanishbanner-2-1-2-800x367.jpeg\" alt=\"\" class=\"wp-image-26854\" style=\"width:1067px;height:auto\" srcset=\"https:\/\/www.americanonewspaper.com\/es\/wp-content\/uploads\/2025\/06\/Spanishbanner-2-1-2-800x367.jpeg 800w, https:\/\/www.americanonewspaper.com\/es\/wp-content\/uploads\/2025\/06\/Spanishbanner-2-1-2-300x138.jpeg 300w, https:\/\/www.americanonewspaper.com\/es\/wp-content\/uploads\/2025\/06\/Spanishbanner-2-1-2-768x352.jpeg 768w, https:\/\/www.americanonewspaper.com\/es\/wp-content\/uploads\/2025\/06\/Spanishbanner-2-1-2-150x69.jpeg 150w, https:\/\/www.americanonewspaper.com\/es\/wp-content\/uploads\/2025\/06\/Spanishbanner-2-1-2-696x319.jpeg 696w, https:\/\/www.americanonewspaper.com\/es\/wp-content\/uploads\/2025\/06\/Spanishbanner-2-1-2-1068x490.jpeg 1068w, https:\/\/www.americanonewspaper.com\/es\/wp-content\/uploads\/2025\/06\/Spanishbanner-2-1-2.jpeg 1200w\" sizes=\"(max-width: 800px) 100vw, 800px\" \/><\/a><\/figure>\n\n\n\n<p class=\"wp-block-paragraph\">Esa administraci\u00f3n sigue un plan claro: debilitar nuestros derechos como persona con \u00f3rdenes ejecutivas que ignoran la separaci\u00f3n de poderes y ponen en riesgo a nuestras comunidades m\u00e1s vulnerables.<\/p>\n\n\n\n<p class=\"wp-block-paragraph\">Como una de las 13 colonias originales, Nueva Jersey sabe lo que significa enfrentar el autoritarismo. Luchamos antes contra un rey, y hoy debemos unirnos de nuevo para defender los principios b\u00e1sicos de nuestra Rep\u00fablica.<\/p>\n\n\n\n<figure class=\"wp-block-image size-large is-resized\"><a href=\"\u00a0https:\/\/www.eventbrite.com\/e\/feria-de-negocios-hispanos-2025-tickets-1242598879699?aff=erelpanelorg\" target=\"_blank\" rel=\" noreferrer noopener\"><img loading=\"lazy\" decoding=\"async\" width=\"800\" height=\"400\" src=\"https:\/\/www.americanonewspaper.com\/es\/wp-content\/uploads\/2025\/06\/Screenshot-2025-06-05-at-1.58.06\u202fPM-800x400.png\" alt=\"\" class=\"wp-image-26836\" style=\"width:1061px;height:auto\" srcset=\"https:\/\/www.americanonewspaper.com\/es\/wp-content\/uploads\/2025\/06\/Screenshot-2025-06-05-at-1.58.06\u202fPM-800x400.png 800w, https:\/\/www.americanonewspaper.com\/es\/wp-content\/uploads\/2025\/06\/Screenshot-2025-06-05-at-1.58.06\u202fPM-300x150.png 300w, https:\/\/www.americanonewspaper.com\/es\/wp-content\/uploads\/2025\/06\/Screenshot-2025-06-05-at-1.58.06\u202fPM-768x384.png 768w, https:\/\/www.americanonewspaper.com\/es\/wp-content\/uploads\/2025\/06\/Screenshot-2025-06-05-at-1.58.06\u202fPM-1536x769.png 1536w, https:\/\/www.americanonewspaper.com\/es\/wp-content\/uploads\/2025\/06\/Screenshot-2025-06-05-at-1.58.06\u202fPM-2048x1025.png 2048w, https:\/\/www.americanonewspaper.com\/es\/wp-content\/uploads\/2025\/06\/Screenshot-2025-06-05-at-1.58.06\u202fPM-150x75.png 150w, https:\/\/www.americanonewspaper.com\/es\/wp-content\/uploads\/2025\/06\/Screenshot-2025-06-05-at-1.58.06\u202fPM-696x348.png 696w, https:\/\/www.americanonewspaper.com\/es\/wp-content\/uploads\/2025\/06\/Screenshot-2025-06-05-at-1.58.06\u202fPM-1068x534.png 1068w, https:\/\/www.americanonewspaper.com\/es\/wp-content\/uploads\/2025\/06\/Screenshot-2025-06-05-at-1.58.06\u202fPM-1920x961.png 1920w\" sizes=\"(max-width: 800px) 100vw, 800px\" \/><\/a><\/figure>\n\n\n\n<p class=\"wp-block-paragraph\">Nueva Jersey ayud\u00f3 a redactar la Constituci\u00f3n de Estados Unidos. Este noviembre, nos toca protegerla una vez m\u00e1s de quienes buscan socavar nuestras libertades.<br>Durante las primarias, los dem\u00f3cratas demostramos nuestra fuerza en Nueva Jersey: 785,145 personas salieron a votar, frente a menos de 454,605 republicanos. Apostamos con decisi\u00f3n por nuestros candidatos porque representaban los valores de Nueva Jersey.<\/p>\n\n\n\n<p class=\"wp-block-paragraph\">Mientras tanto, los republicanos se quedaron en casa. No se movilizaron ni siquiera por el candidato de Trump, Jack Ciattarelli, un pol\u00edtico que antes se opon\u00eda a Trump pero ahora se declara \u201c100% MAGA\u201d.<\/p>\n\n\n\n<p class=\"wp-block-paragraph\">Los seis dem\u00f3cratas que participaron en las primarias dieron la pelea y motivaron a su base. El resultado fue claro: nuestro partido sali\u00f3 fortalecido.<\/p>\n\n\n\n<figure class=\"wp-block-image size-full is-resized\"><a href=\"https:\/\/mblink.it\/1P4Xl21RL\" target=\"_blank\" rel=\" noreferrer noopener\"><img loading=\"lazy\" decoding=\"async\" width=\"728\" height=\"90\" src=\"https:\/\/www.americanonewspaper.com\/es\/wp-content\/uploads\/2025\/06\/Generac-dcjccj-digital-728x90-1.jpg\" alt=\"\" class=\"wp-image-26867\" style=\"width:1067px;height:auto\" srcset=\"https:\/\/www.americanonewspaper.com\/es\/wp-content\/uploads\/2025\/06\/Generac-dcjccj-digital-728x90-1.jpg 728w, https:\/\/www.americanonewspaper.com\/es\/wp-content\/uploads\/2025\/06\/Generac-dcjccj-digital-728x90-1-300x37.jpg 300w, https:\/\/www.americanonewspaper.com\/es\/wp-content\/uploads\/2025\/06\/Generac-dcjccj-digital-728x90-1-150x19.jpg 150w, https:\/\/www.americanonewspaper.com\/es\/wp-content\/uploads\/2025\/06\/Generac-dcjccj-digital-728x90-1-696x86.jpg 696w\" sizes=\"(max-width: 728px) 100vw, 728px\" \/><\/a><\/figure>\n\n\n\n<p class=\"wp-block-paragraph\">Ahora es momento de dejar atr\u00e1s las diferencias y unirnos con la misma energ\u00eda en torno a nuestra candidata, Mikie Sherrill. Porque nuestros valores no han cambiado: nos preocupamos por nuestras familias, nuestras escuelas, nuestras comunidades, nuestros negocios y nuestras libertades.<\/p>\n\n\n\n<p class=\"wp-block-paragraph\">Mikie Sherrill est\u00e1 lista para enfrentar a Ciattarelli. Sabe que una econom\u00eda s\u00f3lida, escuelas bien financiadas y comunidades seguras son clave para que todas las familias prosperen. Cree en invertir en el futuro de Nueva Jersey:<br>\u2022 Apoya a los trabajadores y sindicatos.<br>\u2022 Impulsa a nuestras peque\u00f1as empresas.<br>\u2022 Quiere que nuestras universidades p\u00fablicas sean m\u00e1s accesibles.<\/p>\n\n\n\n<p class=\"wp-block-paragraph\">Este a\u00f1o, Nueva Jersey es clave para encaminar al pa\u00eds hacia un futuro m\u00e1s justo y democr\u00e1tico. El futuro del estado y de la naci\u00f3n depende de una campa\u00f1a unida como dem\u00f3cratas.<\/p>\n\n\n\n<figure class=\"wp-block-image size-large is-resized\"><a href=\"https:\/\/www.peapackprivate.com\/\" target=\"_blank\" rel=\" noreferrer noopener\"><img loading=\"lazy\" decoding=\"async\" width=\"800\" height=\"432\" src=\"https:\/\/www.americanonewspaper.com\/es\/wp-content\/uploads\/2025\/05\/Screenshot-2025-05-10-at-8.30.31\u202fPM-8-800x432.webp\" alt=\"\" class=\"wp-image-26728\" style=\"width:1067px;height:auto\" srcset=\"https:\/\/www.americanonewspaper.com\/es\/wp-content\/uploads\/2025\/05\/Screenshot-2025-05-10-at-8.30.31\u202fPM-8-800x432.webp 800w, https:\/\/www.americanonewspaper.com\/es\/wp-content\/uploads\/2025\/05\/Screenshot-2025-05-10-at-8.30.31\u202fPM-8-300x162.webp 300w, https:\/\/www.americanonewspaper.com\/es\/wp-content\/uploads\/2025\/05\/Screenshot-2025-05-10-at-8.30.31\u202fPM-8-768x415.webp 768w, https:\/\/www.americanonewspaper.com\/es\/wp-content\/uploads\/2025\/05\/Screenshot-2025-05-10-at-8.30.31\u202fPM-8-150x81.webp 150w, https:\/\/www.americanonewspaper.com\/es\/wp-content\/uploads\/2025\/05\/Screenshot-2025-05-10-at-8.30.31\u202fPM-8-696x376.webp 696w, https:\/\/www.americanonewspaper.com\/es\/wp-content\/uploads\/2025\/05\/Screenshot-2025-05-10-at-8.30.31\u202fPM-8-1068x577.webp 1068w, https:\/\/www.americanonewspaper.com\/es\/wp-content\/uploads\/2025\/05\/Screenshot-2025-05-10-at-8.30.31\u202fPM-8.webp 1236w\" sizes=\"(max-width: 800px) 100vw, 800px\" \/><\/a><\/figure>\n\n\n\n<p class=\"wp-block-paragraph\">As\u00ed como las 13 colonias originales se unieron para derrotar al rey, nos toca unirnos hoy para frenar las pol\u00edticas crueles de quienes act\u00faan como si quisieran serlo.<\/p>\n\n\n\n<p class=\"wp-block-paragraph\">Y en el proceso, hagamos historia: elijamos a la primera mujer gobernadora dem\u00f3crata de Nueva Jersey.<\/p>\n\n\n\n<p class=\"wp-block-paragraph\"><strong>\u00a1S\u00ed, se puede!<\/strong><\/p>\n\n\n\n<figure class=\"wp-block-image size-large is-resized\"><a href=\"  https:\/\/www.reidweinmanlaw.com\/\" target=\"_blank\" rel=\" noreferrer noopener\"><img loading=\"lazy\" decoding=\"async\" width=\"800\" height=\"367\" src=\"https:\/\/www.americanonewspaper.com\/es\/wp-content\/uploads\/2025\/05\/Banner-copySpanish-12-800x367.jpg\" alt=\"\" class=\"wp-image-26704\" style=\"width:1063px;height:auto\" srcset=\"https:\/\/www.americanonewspaper.com\/es\/wp-content\/uploads\/2025\/05\/Banner-copySpanish-12-800x367.jpg 800w, https:\/\/www.americanonewspaper.com\/es\/wp-content\/uploads\/2025\/05\/Banner-copySpanish-12-300x138.jpg 300w, https:\/\/www.americanonewspaper.com\/es\/wp-content\/uploads\/2025\/05\/Banner-copySpanish-12-768x352.jpg 768w, https:\/\/www.americanonewspaper.com\/es\/wp-content\/uploads\/2025\/05\/Banner-copySpanish-12-150x69.jpg 150w, https:\/\/www.americanonewspaper.com\/es\/wp-content\/uploads\/2025\/05\/Banner-copySpanish-12-696x319.jpg 696w, https:\/\/www.americanonewspaper.com\/es\/wp-content\/uploads\/2025\/05\/Banner-copySpanish-12-1068x490.jpg 1068w, https:\/\/www.americanonewspaper.com\/es\/wp-content\/uploads\/2025\/05\/Banner-copySpanish-12.jpg 1200w\" sizes=\"(max-width: 800px) 100vw, 800px\" \/><\/a><\/figure>\n\n\n\n<p class=\"wp-block-paragraph\"><em>Por Patricia Campos-Medina, l\u00edder sindical y excandidata al Senado de los Estados Unidos por Nueva Jersey. S\u00edguela en redes sociales en @DrCamposMedina.<\/em><\/p>\n","protected":false},"excerpt":{"rendered":"<p>Morristown, New Jersey.- Por Dr. Patricia Campos Medina Los dem\u00f3cratas de Nueva Jersey llegan a estas primarias con entusiasmo, impulsados por la presencia de seis candidatos s\u00f3lidos que compitieron por la nominaci\u00f3n del Partido Dem\u00f3crata a la gobernaci\u00f3n. Cada uno ha presentado una plataforma clara y un mensaje fuerte dirigido a su base electoral. Algunos [&hellip;]<\/p>\n","protected":false},"author":7,"featured_media":26871,"comment_status":"open","ping_status":"open","sticky":true,"template":"","format":"standard","meta":{"_acf_changed":false,"tdm_status":"","tdm_grid_status":"","_jetpack_newsletter_access":"","_jetpack_dont_email_post_to_subs":false,"_jetpack_newsletter_tier_id":0,"_jetpack_memberships_contains_paywalled_content":false,"_jetpack_feature_clip_id":0,"_jetpack_memberships_contains_paid_content":false,"footnotes":"","jetpack_publicize_message":"{title}\n\n{excerpt}\n\n{url}","jetpack_publicize_feature_enabled":true,"jetpack_social_post_already_shared":true,"jetpack_social_options":{"image_generator_settings":{"template":"highway","default_image_id":0,"font":"","enabled":false},"version":2},"_wpas_customize_per_network":false,"jetpack_post_was_ever_published":false,"_members_access_role":[],"_members_access_error":""},"categories":[753,246],"tags":[],"class_list":["post-26870","post","type-post","status-publish","format-standard","has-post-thumbnail","category-elecciones","category-new-jersey"],"acf":[],"yoast_head":"<!-- This site is optimized with the Yoast SEO Premium plugin v28.4 (Yoast SEO v28.4) - https:\/\/yoast.com\/product\/yoast-seo-premium-wordpress\/ -->\n<title>Mikie Sherrill gan\u00f3 la &quot;Primaria Victoria Dem\u00f3crata&quot; - Americano Newspaper<\/title>\n<meta name=\"description\" content=\"Los dem\u00f3cratas de Nueva Jersey llegan a estas primarias con entusiasmo, impulsados por la presencia de seis candidatos s\u00f3lidos que compitieron por la nominaci\u00f3n del Partido Dem\u00f3crata a la gobernaci\u00f3n.\" \/>\n<meta name=\"robots\" content=\"index, follow, max-snippet:-1, max-image-preview:large, max-video-preview:-1\" \/>\n<link rel=\"canonical\" href=\"https:\/\/www.americanonewspaper.com\/es\/new-jersey\/mikie-sherrill-gano-la-primaria-victoria-democrata\/\" \/>\n<meta property=\"og:locale\" content=\"en_US\" \/>\n<meta property=\"og:type\" content=\"article\" \/>\n<meta property=\"og:title\" content=\"Mikie Sherrill gan\u00f3 la &quot;Primaria Victoria Dem\u00f3crata&quot;\" \/>\n<meta property=\"og:description\" content=\"Los dem\u00f3cratas de Nueva Jersey llegan a estas primarias con entusiasmo, impulsados por la presencia de seis candidatos s\u00f3lidos que compitieron por la nominaci\u00f3n del Partido Dem\u00f3crata a la gobernaci\u00f3n.\" \/>\n<meta property=\"og:url\" content=\"https:\/\/www.americanonewspaper.com\/es\/new-jersey\/mikie-sherrill-gano-la-primaria-victoria-democrata\/\" \/>\n<meta property=\"og:site_name\" content=\"Americano Newspaper\" \/>\n<meta property=\"article:publisher\" content=\"https:\/\/www.facebook.com\/AmericanoNewspaper\/\" \/>\n<meta property=\"article:published_time\" content=\"2025-06-11T18:28:56+00:00\" \/>\n<meta property=\"article:modified_time\" content=\"2025-09-28T15:23:08+00:00\" \/>\n<meta property=\"og:image\" content=\"https:\/\/www.americanonewspaper.com\/es\/wp-content\/uploads\/2025\/06\/Mikie-Patricia.jpeg\" \/>\n\t<meta property=\"og:image:width\" content=\"1498\" \/>\n\t<meta property=\"og:image:height\" content=\"1018\" \/>\n\t<meta property=\"og:image:type\" content=\"image\/jpeg\" \/>\n<meta name=\"author\" content=\"Author\" \/>\n<meta name=\"twitter:card\" content=\"summary_large_image\" \/>\n<meta name=\"twitter:label1\" content=\"Written by\" \/>\n\t<meta name=\"twitter:data1\" content=\"Author\" \/>\n\t<meta name=\"twitter:label2\" content=\"Est. reading time\" \/>\n\t<meta name=\"twitter:data2\" content=\"5 minutes\" \/>\n<script type=\"application\/ld+json\" class=\"yoast-schema-graph\">{\"@context\":\"https:\\\/\\\/schema.org\",\"@graph\":[{\"@type\":\"Article\",\"@id\":\"https:\\\/\\\/www.americanonewspaper.com\\\/es\\\/new-jersey\\\/mikie-sherrill-gano-la-primaria-victoria-democrata\\\/#article\",\"isPartOf\":{\"@id\":\"https:\\\/\\\/www.americanonewspaper.com\\\/es\\\/new-jersey\\\/mikie-sherrill-gano-la-primaria-victoria-democrata\\\/\"},\"author\":{\"name\":\"Author\",\"@id\":\"https:\\\/\\\/www.americanonewspaper.com\\\/es\\\/#\\\/schema\\\/person\\\/8967f6b8af7e37bcbbe61f68580ff088\"},\"headline\":\"Mikie Sherrill gan\u00f3 la &#8220;Primaria Victoria Dem\u00f3crata&#8221;\",\"datePublished\":\"2025-06-11T18:28:56+00:00\",\"dateModified\":\"2025-09-28T15:23:08+00:00\",\"mainEntityOfPage\":{\"@id\":\"https:\\\/\\\/www.americanonewspaper.com\\\/es\\\/new-jersey\\\/mikie-sherrill-gano-la-primaria-victoria-democrata\\\/\"},\"wordCount\":696,\"commentCount\":0,\"publisher\":{\"@id\":\"https:\\\/\\\/www.americanonewspaper.com\\\/es\\\/#organization\"},\"image\":{\"@id\":\"https:\\\/\\\/www.americanonewspaper.com\\\/es\\\/new-jersey\\\/mikie-sherrill-gano-la-primaria-victoria-democrata\\\/#primaryimage\"},\"thumbnailUrl\":\"https:\\\/\\\/www.americanonewspaper.com\\\/es\\\/wp-content\\\/uploads\\\/2025\\\/06\\\/Mikie-Patricia.jpeg\",\"articleSection\":[\"Elecciones\",\"New Jersey\"],\"inLanguage\":\"en-US\",\"potentialAction\":[{\"@type\":\"CommentAction\",\"name\":\"Comment\",\"target\":[\"https:\\\/\\\/www.americanonewspaper.com\\\/es\\\/new-jersey\\\/mikie-sherrill-gano-la-primaria-victoria-democrata\\\/#respond\"]}]},{\"@type\":\"WebPage\",\"@id\":\"https:\\\/\\\/www.americanonewspaper.com\\\/es\\\/new-jersey\\\/mikie-sherrill-gano-la-primaria-victoria-democrata\\\/\",\"url\":\"https:\\\/\\\/www.americanonewspaper.com\\\/es\\\/new-jersey\\\/mikie-sherrill-gano-la-primaria-victoria-democrata\\\/\",\"name\":\"Mikie Sherrill gan\u00f3 la \\\"Primaria Victoria Dem\u00f3crata\\\" - Americano Newspaper\",\"isPartOf\":{\"@id\":\"https:\\\/\\\/www.americanonewspaper.com\\\/es\\\/#website\"},\"primaryImageOfPage\":{\"@id\":\"https:\\\/\\\/www.americanonewspaper.com\\\/es\\\/new-jersey\\\/mikie-sherrill-gano-la-primaria-victoria-democrata\\\/#primaryimage\"},\"image\":{\"@id\":\"https:\\\/\\\/www.americanonewspaper.com\\\/es\\\/new-jersey\\\/mikie-sherrill-gano-la-primaria-victoria-democrata\\\/#primaryimage\"},\"thumbnailUrl\":\"https:\\\/\\\/www.americanonewspaper.com\\\/es\\\/wp-content\\\/uploads\\\/2025\\\/06\\\/Mikie-Patricia.jpeg\",\"datePublished\":\"2025-06-11T18:28:56+00:00\",\"dateModified\":\"2025-09-28T15:23:08+00:00\",\"description\":\"Los dem\u00f3cratas de Nueva Jersey llegan a estas primarias con entusiasmo, impulsados por la presencia de seis candidatos s\u00f3lidos que compitieron por la nominaci\u00f3n del Partido Dem\u00f3crata a la gobernaci\u00f3n.\",\"breadcrumb\":{\"@id\":\"https:\\\/\\\/www.americanonewspaper.com\\\/es\\\/new-jersey\\\/mikie-sherrill-gano-la-primaria-victoria-democrata\\\/#breadcrumb\"},\"inLanguage\":\"en-US\",\"potentialAction\":[{\"@type\":\"ReadAction\",\"target\":[\"https:\\\/\\\/www.americanonewspaper.com\\\/es\\\/new-jersey\\\/mikie-sherrill-gano-la-primaria-victoria-democrata\\\/\"]}]},{\"@type\":\"ImageObject\",\"inLanguage\":\"en-US\",\"@id\":\"https:\\\/\\\/www.americanonewspaper.com\\\/es\\\/new-jersey\\\/mikie-sherrill-gano-la-primaria-victoria-democrata\\\/#primaryimage\",\"url\":\"https:\\\/\\\/www.americanonewspaper.com\\\/es\\\/wp-content\\\/uploads\\\/2025\\\/06\\\/Mikie-Patricia.jpeg\",\"contentUrl\":\"https:\\\/\\\/www.americanonewspaper.com\\\/es\\\/wp-content\\\/uploads\\\/2025\\\/06\\\/Mikie-Patricia.jpeg\",\"width\":1498,\"height\":1018,\"caption\":\"La Congresista Mikie Sherrill y la doctora Patricia Campos Medina.\"},{\"@type\":\"BreadcrumbList\",\"@id\":\"https:\\\/\\\/www.americanonewspaper.com\\\/es\\\/new-jersey\\\/mikie-sherrill-gano-la-primaria-victoria-democrata\\\/#breadcrumb\",\"itemListElement\":[{\"@type\":\"ListItem\",\"position\":1,\"name\":\"Home\",\"item\":\"https:\\\/\\\/www.americanonewspaper.com\\\/es\\\/\"},{\"@type\":\"ListItem\",\"position\":2,\"name\":\"Mikie Sherrill gan\u00f3 la &#8220;Primaria Victoria Dem\u00f3crata&#8221;\"}]},{\"@type\":\"WebSite\",\"@id\":\"https:\\\/\\\/www.americanonewspaper.com\\\/es\\\/#website\",\"url\":\"https:\\\/\\\/www.americanonewspaper.com\\\/es\\\/\",\"name\":\"Americano Newspaper\",\"description\":\"The Hispanic Newspaper of New Jersey.\",\"publisher\":{\"@id\":\"https:\\\/\\\/www.americanonewspaper.com\\\/es\\\/#organization\"},\"potentialAction\":[{\"@type\":\"SearchAction\",\"target\":{\"@type\":\"EntryPoint\",\"urlTemplate\":\"https:\\\/\\\/www.americanonewspaper.com\\\/es\\\/?s={search_term_string}\"},\"query-input\":{\"@type\":\"PropertyValueSpecification\",\"valueRequired\":true,\"valueName\":\"search_term_string\"}}],\"inLanguage\":\"en-US\"},{\"@type\":\"Organization\",\"@id\":\"https:\\\/\\\/www.americanonewspaper.com\\\/es\\\/#organization\",\"name\":\"Americano Newspaper\",\"url\":\"https:\\\/\\\/www.americanonewspaper.com\\\/es\\\/\",\"logo\":{\"@type\":\"ImageObject\",\"inLanguage\":\"en-US\",\"@id\":\"https:\\\/\\\/www.americanonewspaper.com\\\/es\\\/#\\\/schema\\\/logo\\\/image\\\/\",\"url\":\"https:\\\/\\\/www.americanonewspaper.com\\\/es\\\/wp-content\\\/uploads\\\/2024\\\/05\\\/AmericanoLogoCircle.comCircle2.jpg\",\"contentUrl\":\"https:\\\/\\\/www.americanonewspaper.com\\\/es\\\/wp-content\\\/uploads\\\/2024\\\/05\\\/AmericanoLogoCircle.comCircle2.jpg\",\"width\":600,\"height\":600,\"caption\":\"Americano Newspaper\"},\"image\":{\"@id\":\"https:\\\/\\\/www.americanonewspaper.com\\\/es\\\/#\\\/schema\\\/logo\\\/image\\\/\"},\"sameAs\":[\"https:\\\/\\\/www.facebook.com\\\/AmericanoNewspaper\\\/\"]},{\"@type\":\"Person\",\"@id\":\"https:\\\/\\\/www.americanonewspaper.com\\\/es\\\/#\\\/schema\\\/person\\\/8967f6b8af7e37bcbbe61f68580ff088\",\"name\":\"Author\",\"image\":{\"@type\":\"ImageObject\",\"inLanguage\":\"en-US\",\"@id\":\"https:\\\/\\\/www.americanonewspaper.com\\\/es\\\/wp-content\\\/litespeed\\\/avatar\\\/89ffaf6af3cf6769ffb3c6efb2313947.jpg?ver=1788535513\",\"url\":\"https:\\\/\\\/www.americanonewspaper.com\\\/es\\\/wp-content\\\/litespeed\\\/avatar\\\/89ffaf6af3cf6769ffb3c6efb2313947.jpg?ver=1788535513\",\"contentUrl\":\"https:\\\/\\\/www.americanonewspaper.com\\\/es\\\/wp-content\\\/litespeed\\\/avatar\\\/89ffaf6af3cf6769ffb3c6efb2313947.jpg?ver=1788535513\",\"caption\":\"Author\"},\"url\":\"https:\\\/\\\/www.americanonewspaper.com\\\/es\\\/author\\\/americano\\\/\"}]}<\/script>\n<!-- \/ Yoast SEO Premium plugin. -->","yoast_head_json":{"title":"Mikie Sherrill gan\u00f3 la \"Primaria Victoria Dem\u00f3crata\" - Americano Newspaper","description":"Los dem\u00f3cratas de Nueva Jersey llegan a estas primarias con entusiasmo, impulsados por la presencia de seis candidatos s\u00f3lidos que compitieron por la nominaci\u00f3n del Partido Dem\u00f3crata a la gobernaci\u00f3n.","robots":{"index":"index","follow":"follow","max-snippet":"max-snippet:-1","max-image-preview":"max-image-preview:large","max-video-preview":"max-video-preview:-1"},"canonical":"https:\/\/www.americanonewspaper.com\/es\/new-jersey\/mikie-sherrill-gano-la-primaria-victoria-democrata\/","og_locale":"en_US","og_type":"article","og_title":"Mikie Sherrill gan\u00f3 la \"Primaria Victoria Dem\u00f3crata\"","og_description":"Los dem\u00f3cratas de Nueva Jersey llegan a estas primarias con entusiasmo, impulsados por la presencia de seis candidatos s\u00f3lidos que compitieron por la nominaci\u00f3n del Partido Dem\u00f3crata a la gobernaci\u00f3n.","og_url":"https:\/\/www.americanonewspaper.com\/es\/new-jersey\/mikie-sherrill-gano-la-primaria-victoria-democrata\/","og_site_name":"Americano Newspaper","article_publisher":"https:\/\/www.facebook.com\/AmericanoNewspaper\/","article_published_time":"2025-06-11T18:28:56+00:00","article_modified_time":"2025-09-28T15:23:08+00:00","og_image":[{"width":1498,"height":1018,"url":"https:\/\/www.americanonewspaper.com\/es\/wp-content\/uploads\/2025\/06\/Mikie-Patricia.jpeg","type":"image\/jpeg"}],"author":"Author","twitter_card":"summary_large_image","twitter_misc":{"Written by":"Author","Est. reading time":"5 minutes"},"schema":{"@context":"https:\/\/schema.org","@graph":[{"@type":"Article","@id":"https:\/\/www.americanonewspaper.com\/es\/new-jersey\/mikie-sherrill-gano-la-primaria-victoria-democrata\/#article","isPartOf":{"@id":"https:\/\/www.americanonewspaper.com\/es\/new-jersey\/mikie-sherrill-gano-la-primaria-victoria-democrata\/"},"author":{"name":"Author","@id":"https:\/\/www.americanonewspaper.com\/es\/#\/schema\/person\/8967f6b8af7e37bcbbe61f68580ff088"},"headline":"Mikie Sherrill gan\u00f3 la &#8220;Primaria Victoria Dem\u00f3crata&#8221;","datePublished":"2025-06-11T18:28:56+00:00","dateModified":"2025-09-28T15:23:08+00:00","mainEntityOfPage":{"@id":"https:\/\/www.americanonewspaper.com\/es\/new-jersey\/mikie-sherrill-gano-la-primaria-victoria-democrata\/"},"wordCount":696,"commentCount":0,"publisher":{"@id":"https:\/\/www.americanonewspaper.com\/es\/#organization"},"image":{"@id":"https:\/\/www.americanonewspaper.com\/es\/new-jersey\/mikie-sherrill-gano-la-primaria-victoria-democrata\/#primaryimage"},"thumbnailUrl":"https:\/\/www.americanonewspaper.com\/es\/wp-content\/uploads\/2025\/06\/Mikie-Patricia.jpeg","articleSection":["Elecciones","New Jersey"],"inLanguage":"en-US","potentialAction":[{"@type":"CommentAction","name":"Comment","target":["https:\/\/www.americanonewspaper.com\/es\/new-jersey\/mikie-sherrill-gano-la-primaria-victoria-democrata\/#respond"]}]},{"@type":"WebPage","@id":"https:\/\/www.americanonewspaper.com\/es\/new-jersey\/mikie-sherrill-gano-la-primaria-victoria-democrata\/","url":"https:\/\/www.americanonewspaper.com\/es\/new-jersey\/mikie-sherrill-gano-la-primaria-victoria-democrata\/","name":"Mikie Sherrill gan\u00f3 la \"Primaria Victoria Dem\u00f3crata\" - Americano Newspaper","isPartOf":{"@id":"https:\/\/www.americanonewspaper.com\/es\/#website"},"primaryImageOfPage":{"@id":"https:\/\/www.americanonewspaper.com\/es\/new-jersey\/mikie-sherrill-gano-la-primaria-victoria-democrata\/#primaryimage"},"image":{"@id":"https:\/\/www.americanonewspaper.com\/es\/new-jersey\/mikie-sherrill-gano-la-primaria-victoria-democrata\/#primaryimage"},"thumbnailUrl":"https:\/\/www.americanonewspaper.com\/es\/wp-content\/uploads\/2025\/06\/Mikie-Patricia.jpeg","datePublished":"2025-06-11T18:28:56+00:00","dateModified":"2025-09-28T15:23:08+00:00","description":"Los dem\u00f3cratas de Nueva Jersey llegan a estas primarias con entusiasmo, impulsados por la presencia de seis candidatos s\u00f3lidos que compitieron por la nominaci\u00f3n del Partido Dem\u00f3crata a la gobernaci\u00f3n.","breadcrumb":{"@id":"https:\/\/www.americanonewspaper.com\/es\/new-jersey\/mikie-sherrill-gano-la-primaria-victoria-democrata\/#breadcrumb"},"inLanguage":"en-US","potentialAction":[{"@type":"ReadAction","target":["https:\/\/www.americanonewspaper.com\/es\/new-jersey\/mikie-sherrill-gano-la-primaria-victoria-democrata\/"]}]},{"@type":"ImageObject","inLanguage":"en-US","@id":"https:\/\/www.americanonewspaper.com\/es\/new-jersey\/mikie-sherrill-gano-la-primaria-victoria-democrata\/#primaryimage","url":"https:\/\/www.americanonewspaper.com\/es\/wp-content\/uploads\/2025\/06\/Mikie-Patricia.jpeg","contentUrl":"https:\/\/www.americanonewspaper.com\/es\/wp-content\/uploads\/2025\/06\/Mikie-Patricia.jpeg","width":1498,"height":1018,"caption":"La Congresista Mikie Sherrill y la doctora Patricia Campos Medina."},{"@type":"BreadcrumbList","@id":"https:\/\/www.americanonewspaper.com\/es\/new-jersey\/mikie-sherrill-gano-la-primaria-victoria-democrata\/#breadcrumb","itemListElement":[{"@type":"ListItem","position":1,"name":"Home","item":"https:\/\/www.americanonewspaper.com\/es\/"},{"@type":"ListItem","position":2,"name":"Mikie Sherrill gan\u00f3 la &#8220;Primaria Victoria Dem\u00f3crata&#8221;"}]},{"@type":"WebSite","@id":"https:\/\/www.americanonewspaper.com\/es\/#website","url":"https:\/\/www.americanonewspaper.com\/es\/","name":"Americano Newspaper","description":"The Hispanic Newspaper of New Jersey.","publisher":{"@id":"https:\/\/www.americanonewspaper.com\/es\/#organization"},"potentialAction":[{"@type":"SearchAction","target":{"@type":"EntryPoint","urlTemplate":"https:\/\/www.americanonewspaper.com\/es\/?s={search_term_string}"},"query-input":{"@type":"PropertyValueSpecification","valueRequired":true,"valueName":"search_term_string"}}],"inLanguage":"en-US"},{"@type":"Organization","@id":"https:\/\/www.americanonewspaper.com\/es\/#organization","name":"Americano Newspaper","url":"https:\/\/www.americanonewspaper.com\/es\/","logo":{"@type":"ImageObject","inLanguage":"en-US","@id":"https:\/\/www.americanonewspaper.com\/es\/#\/schema\/logo\/image\/","url":"https:\/\/www.americanonewspaper.com\/es\/wp-content\/uploads\/2024\/05\/AmericanoLogoCircle.comCircle2.jpg","contentUrl":"https:\/\/www.americanonewspaper.com\/es\/wp-content\/uploads\/2024\/05\/AmericanoLogoCircle.comCircle2.jpg","width":600,"height":600,"caption":"Americano Newspaper"},"image":{"@id":"https:\/\/www.americanonewspaper.com\/es\/#\/schema\/logo\/image\/"},"sameAs":["https:\/\/www.facebook.com\/AmericanoNewspaper\/"]},{"@type":"Person","@id":"https:\/\/www.americanonewspaper.com\/es\/#\/schema\/person\/8967f6b8af7e37bcbbe61f68580ff088","name":"Author","image":{"@type":"ImageObject","inLanguage":"en-US","@id":"https:\/\/www.americanonewspaper.com\/es\/wp-content\/litespeed\/avatar\/89ffaf6af3cf6769ffb3c6efb2313947.jpg?ver=1788535513","url":"https:\/\/www.americanonewspaper.com\/es\/wp-content\/litespeed\/avatar\/89ffaf6af3cf6769ffb3c6efb2313947.jpg?ver=1788535513","contentUrl":"https:\/\/www.americanonewspaper.com\/es\/wp-content\/litespeed\/avatar\/89ffaf6af3cf6769ffb3c6efb2313947.jpg?ver=1788535513","caption":"Author"},"url":"https:\/\/www.americanonewspaper.com\/es\/author\/americano\/"}]}},"jetpack_publicize_connections":[],"featured_image_urls":{"full":["https:\/\/www.americanonewspaper.com\/es\/wp-content\/uploads\/2025\/06\/Mikie-Patricia.jpeg",1498,1018,false],"thumbnail":["https:\/\/www.americanonewspaper.com\/es\/wp-content\/uploads\/2025\/06\/Mikie-Patricia-250x250.jpeg",250,250,true],"medium":["https:\/\/www.americanonewspaper.com\/es\/wp-content\/uploads\/2025\/06\/Mikie-Patricia-300x204.jpeg",300,204,true],"medium_large":["https:\/\/www.americanonewspaper.com\/es\/wp-content\/uploads\/2025\/06\/Mikie-Patricia-768x522.jpeg",696,473,true],"large":["https:\/\/www.americanonewspaper.com\/es\/wp-content\/uploads\/2025\/06\/Mikie-Patricia-736x500.jpeg",696,473,true],"1536x1536":["https:\/\/www.americanonewspaper.com\/es\/wp-content\/uploads\/2025\/06\/Mikie-Patricia.jpeg",1498,1018,false],"2048x2048":["https:\/\/www.americanonewspaper.com\/es\/wp-content\/uploads\/2025\/06\/Mikie-Patricia.jpeg",1498,1018,false],"td_150x0":["https:\/\/www.americanonewspaper.com\/es\/wp-content\/uploads\/2025\/06\/Mikie-Patricia-150x102.jpeg",150,102,true],"td_218x150":["https:\/\/www.americanonewspaper.com\/es\/wp-content\/uploads\/2025\/06\/Mikie-Patricia-218x150.jpeg",218,150,true],"td_300x0":["https:\/\/www.americanonewspaper.com\/es\/wp-content\/uploads\/2025\/06\/Mikie-Patricia-300x204.jpeg",300,204,true],"td_324x400":["https:\/\/www.americanonewspaper.com\/es\/wp-content\/uploads\/2025\/06\/Mikie-Patricia-324x400.jpeg",324,400,true],"td_485x360":["https:\/\/www.americanonewspaper.com\/es\/wp-content\/uploads\/2025\/06\/Mikie-Patricia-485x360.jpeg",485,360,true],"td_696x0":["https:\/\/www.americanonewspaper.com\/es\/wp-content\/uploads\/2025\/06\/Mikie-Patricia-696x473.jpeg",696,473,true],"td_1068x0":["https:\/\/www.americanonewspaper.com\/es\/wp-content\/uploads\/2025\/06\/Mikie-Patricia-1068x726.jpeg",1068,726,true],"td_1920x0":["https:\/\/www.americanonewspaper.com\/es\/wp-content\/uploads\/2025\/06\/Mikie-Patricia.jpeg",1498,1018,false],"bdpp-medium":["https:\/\/www.americanonewspaper.com\/es\/wp-content\/uploads\/2025\/06\/Mikie-Patricia-640x480.jpeg",640,480,true]},"author_info":{"display_name":"Author","author_link":"https:\/\/www.americanonewspaper.com\/es\/author\/americano\/"},"category_info":"<a href=\"https:\/\/www.americanonewspaper.com\/es\/category\/elecciones\/\" rel=\"category tag\">Elecciones<\/a> <a href=\"https:\/\/www.americanonewspaper.com\/es\/category\/new-jersey\/\" rel=\"category tag\">New Jersey<\/a>","tag_info":"New Jersey","comment_count":"0","jetpack_sharing_enabled":true,"jetpack_likes_enabled":true,"jetpack_featured_media_url":"https:\/\/www.americanonewspaper.com\/es\/wp-content\/uploads\/2025\/06\/Mikie-Patricia.jpeg","_links":{"self":[{"href":"https:\/\/www.americanonewspaper.com\/es\/wp-json\/wp\/v2\/posts\/26870","targetHints":{"allow":["GET"]}}],"collection":[{"href":"https:\/\/www.americanonewspaper.com\/es\/wp-json\/wp\/v2\/posts"}],"about":[{"href":"https:\/\/www.americanonewspaper.com\/es\/wp-json\/wp\/v2\/types\/post"}],"author":[{"embeddable":true,"href":"https:\/\/www.americanonewspaper.com\/es\/wp-json\/wp\/v2\/users\/7"}],"replies":[{"embeddable":true,"href":"https:\/\/www.americanonewspaper.com\/es\/wp-json\/wp\/v2\/comments?post=26870"}],"version-history":[{"count":2,"href":"https:\/\/www.americanonewspaper.com\/es\/wp-json\/wp\/v2\/posts\/26870\/revisions"}],"predecessor-version":[{"id":26873,"href":"https:\/\/www.americanonewspaper.com\/es\/wp-json\/wp\/v2\/posts\/26870\/revisions\/26873"}],"wp:featuredmedia":[{"embeddable":true,"href":"https:\/\/www.americanonewspaper.com\/es\/wp-json\/wp\/v2\/media\/26871"}],"wp:attachment":[{"href":"https:\/\/www.americanonewspaper.com\/es\/wp-json\/wp\/v2\/media?parent=26870"}],"wp:term":[{"taxonomy":"category","embeddable":true,"href":"https:\/\/www.americanonewspaper.com\/es\/wp-json\/wp\/v2\/categories?post=26870"},{"taxonomy":"post_tag","embeddable":true,"href":"https:\/\/www.americanonewspaper.com\/es\/wp-json\/wp\/v2\/tags?post=26870"}],"curies":[{"name":"wp","href":"https:\/\/api.w.org\/{rel}","templated":true}]}}