{"id":26845,"date":"2025-06-10T08:38:21","date_gmt":"2025-06-10T12:38:21","guid":{"rendered":"https:\/\/www.americanonewspaper.com\/es\/?p=26845"},"modified":"2025-06-10T08:39:37","modified_gmt":"2025-06-10T12:39:37","slug":"marco-antonio-solis-en-gira-mundial","status":"publish","type":"post","link":"https:\/\/www.americanonewspaper.com\/es\/mexico-2\/marco-antonio-solis-en-gira-mundial\/","title":{"rendered":"Marco Antonio Sol\u00eds en Gira Mundial"},"content":{"rendered":"\n<p class=\"wp-block-paragraph\">Miami (EE.UU.), 9 jun (EFE).- <\/p>\n\n\n\n<p class=\"dropcapp3 wp-block-paragraph\">El cantautor mexicano, m\u00fasico, productor y ganador de cinco premios Latin Grammy, Marco Antonio Sol\u00eds, anunci\u00f3 este lunes que llevar\u00e1 en agosto a Estados Unidos su gira &#8216;M\u00e1s cerca de ti&#8217;, tras pasar por M\u00e9xico y Suram\u00e9rica a inicios de a\u00f1o.<\/p>\n\n\n\n<figure class=\"wp-block-image size-large is-resized\"><a href=\"https:\/\/www.mikiesherrill.com\/SobreMikie?utm_source=Hispanic&amp;utm_medium=Publisher&amp;utm_campaign=Americano_Newspaper\" target=\"_blank\" rel=\" noreferrer noopener\"><img fetchpriority=\"high\" decoding=\"async\" width=\"800\" height=\"367\" src=\"https:\/\/www.americanonewspaper.com\/es\/wp-content\/uploads\/2025\/06\/Americano-banner-2-3-800x367.webp\" alt=\"\" class=\"wp-image-26814\" style=\"width:1065px;height:auto\" srcset=\"https:\/\/www.americanonewspaper.com\/es\/wp-content\/uploads\/2025\/06\/Americano-banner-2-3-800x367.webp 800w, https:\/\/www.americanonewspaper.com\/es\/wp-content\/uploads\/2025\/06\/Americano-banner-2-3-300x138.webp 300w, https:\/\/www.americanonewspaper.com\/es\/wp-content\/uploads\/2025\/06\/Americano-banner-2-3-768x352.webp 768w, https:\/\/www.americanonewspaper.com\/es\/wp-content\/uploads\/2025\/06\/Americano-banner-2-3-150x69.webp 150w, https:\/\/www.americanonewspaper.com\/es\/wp-content\/uploads\/2025\/06\/Americano-banner-2-3-696x319.webp 696w, https:\/\/www.americanonewspaper.com\/es\/wp-content\/uploads\/2025\/06\/Americano-banner-2-3-1068x490.webp 1068w, https:\/\/www.americanonewspaper.com\/es\/wp-content\/uploads\/2025\/06\/Americano-banner-2-3.webp 1200w\" sizes=\"(max-width: 800px) 100vw, 800px\" \/><\/a><\/figure>\n\n\n\n<p class=\"wp-block-paragraph\">La etapa norteamericana de la gira arrancar\u00e1 el 1 de agosto en Denver, Colorado, y continuar\u00e1 por ciudades de Texas, Oklahoma, California y Nevada, inform\u00f3 en un comunicado la organizaci\u00f3n.<\/p>\n\n\n\n<p class=\"wp-block-paragraph\">Hasta su cierre en Puerto Rico, el 11 de octubre, le seguir\u00e1n fechas en Nuevo M\u00e9xico, Nueva Jersey, Luisiana, Carolina del Norte o Florida para hacer un total de 18 fechas.<\/p>\n\n\n\n<p class=\"wp-block-paragraph\">La gira llegar\u00e1 procedente de M\u00e9xico y Suram\u00e9rica, donde Sol\u00eds actu\u00f3 ante los p\u00fablicos de Santiago de Chile, Buenos Aires, Cartagena (Colombia), Asunci\u00f3n y Santo Domingo, entre otros.<\/p>\n\n\n\n<figure class=\"wp-block-image size-large is-resized\"><img decoding=\"async\" width=\"800\" height=\"365\" src=\"https:\/\/www.americanonewspaper.com\/es\/wp-content\/uploads\/2025\/06\/Screenshot-2025-02-20-at-9.11.40\u202fAM-1920x877-2-3-800x365.webp\" alt=\"\" class=\"wp-image-26815\" style=\"width:1067px;height:auto\" srcset=\"https:\/\/www.americanonewspaper.com\/es\/wp-content\/uploads\/2025\/06\/Screenshot-2025-02-20-at-9.11.40\u202fAM-1920x877-2-3-800x365.webp 800w, https:\/\/www.americanonewspaper.com\/es\/wp-content\/uploads\/2025\/06\/Screenshot-2025-02-20-at-9.11.40\u202fAM-1920x877-2-3-300x137.webp 300w, https:\/\/www.americanonewspaper.com\/es\/wp-content\/uploads\/2025\/06\/Screenshot-2025-02-20-at-9.11.40\u202fAM-1920x877-2-3-768x351.webp 768w, https:\/\/www.americanonewspaper.com\/es\/wp-content\/uploads\/2025\/06\/Screenshot-2025-02-20-at-9.11.40\u202fAM-1920x877-2-3-1536x702.webp 1536w, https:\/\/www.americanonewspaper.com\/es\/wp-content\/uploads\/2025\/06\/Screenshot-2025-02-20-at-9.11.40\u202fAM-1920x877-2-3-150x69.webp 150w, https:\/\/www.americanonewspaper.com\/es\/wp-content\/uploads\/2025\/06\/Screenshot-2025-02-20-at-9.11.40\u202fAM-1920x877-2-3-696x318.webp 696w, https:\/\/www.americanonewspaper.com\/es\/wp-content\/uploads\/2025\/06\/Screenshot-2025-02-20-at-9.11.40\u202fAM-1920x877-2-3-1068x488.webp 1068w, https:\/\/www.americanonewspaper.com\/es\/wp-content\/uploads\/2025\/06\/Screenshot-2025-02-20-at-9.11.40\u202fAM-1920x877-2-3.webp 1920w\" sizes=\"(max-width: 800px) 100vw, 800px\" \/><\/figure>\n\n\n\n<p class=\"wp-block-paragraph\">En M\u00e9xico encaden\u00f3 once eventos totalmente agotados. Las entradas para la gira norteamericana estar\u00e1n a la preventa a partir de ma\u00f1ana, martes, y la venta general comenzar\u00e1 a partir del viernes.<\/p>\n\n\n\n<p class=\"wp-block-paragraph\">Con m\u00e1s de cuarenta millones de copias vendidas de sus \u00e1lbumes y m\u00e1s de trece millones de oyentes mensuales en plataformas digitales, Sol\u00eds es una de las figuras m\u00e1s importantes de la m\u00fasica mexicana y latina.<\/p>\n\n\n\n<p class=\"wp-block-paragraph\">Nacido en Michoac\u00e1n, Sol\u00eds cre\u00f3 su primer grupo, Los Hermanitos Sol\u00eds, cuando apenas ten\u00eda 12 a\u00f1os, junto a su hermano Joel.<\/p>\n\n\n\n<figure class=\"wp-block-image size-large is-resized\"><a href=\"https:\/\/oceanfirst.com\/locations\/perth-amboy\" target=\"_blank\" rel=\" noreferrer noopener\"><img decoding=\"async\" width=\"800\" height=\"367\" src=\"https:\/\/www.americanonewspaper.com\/es\/wp-content\/uploads\/2025\/06\/Spanishbanner-2-1-800x367.jpeg\" alt=\"\" class=\"wp-image-26816\" style=\"width:1066px;height:auto\" srcset=\"https:\/\/www.americanonewspaper.com\/es\/wp-content\/uploads\/2025\/06\/Spanishbanner-2-1-800x367.jpeg 800w, https:\/\/www.americanonewspaper.com\/es\/wp-content\/uploads\/2025\/06\/Spanishbanner-2-1-300x138.jpeg 300w, https:\/\/www.americanonewspaper.com\/es\/wp-content\/uploads\/2025\/06\/Spanishbanner-2-1-768x352.jpeg 768w, https:\/\/www.americanonewspaper.com\/es\/wp-content\/uploads\/2025\/06\/Spanishbanner-2-1-150x69.jpeg 150w, https:\/\/www.americanonewspaper.com\/es\/wp-content\/uploads\/2025\/06\/Spanishbanner-2-1-696x319.jpeg 696w, https:\/\/www.americanonewspaper.com\/es\/wp-content\/uploads\/2025\/06\/Spanishbanner-2-1-1068x490.jpeg 1068w, https:\/\/www.americanonewspaper.com\/es\/wp-content\/uploads\/2025\/06\/Spanishbanner-2-1.jpeg 1200w\" sizes=\"(max-width: 800px) 100vw, 800px\" \/><\/a><\/figure>\n\n\n\n<p class=\"wp-block-paragraph\">A\u00fan era un adolescente cuando a comienzos de los a\u00f1os 70 conform\u00f3 su banda Los Bukis, que durante dos d\u00e9cadas dejaron una huella imborrable en la m\u00fasica norte\u00f1a y tejana de M\u00e9xico y el suroeste de Estados Unidos.<\/p>\n\n\n\n<p class=\"wp-block-paragraph\">Aunque Sol\u00eds sigui\u00f3 trabajando de cerca con Los Bukis, emprendi\u00f3 una carrera en solitario que lo llev\u00f3 a obtener discos de platino por sus trabajos &#8216;Qui\u00e9reme&#8217;, &#8216;Inalcanzable&#8217; y &#8216;Por amor a mi pueblo&#8217;.<\/p>\n\n\n\n<figure class=\"wp-block-image size-large is-resized\"><a href=\"https:\/\/www.paulmillertoyota.com\/ofertas-de-arrendamiento.htm\" target=\"_blank\" rel=\" noreferrer noopener\"><img loading=\"lazy\" decoding=\"async\" width=\"800\" height=\"349\" src=\"https:\/\/www.americanonewspaper.com\/es\/wp-content\/uploads\/2025\/06\/Screenshot-2025-04-26-at-3.09.26\u202fPM-1920x838-4-800x349.webp\" alt=\"\" class=\"wp-image-26817\" style=\"width:1068px;height:auto\" srcset=\"https:\/\/www.americanonewspaper.com\/es\/wp-content\/uploads\/2025\/06\/Screenshot-2025-04-26-at-3.09.26\u202fPM-1920x838-4-800x349.webp 800w, https:\/\/www.americanonewspaper.com\/es\/wp-content\/uploads\/2025\/06\/Screenshot-2025-04-26-at-3.09.26\u202fPM-1920x838-4-300x131.webp 300w, https:\/\/www.americanonewspaper.com\/es\/wp-content\/uploads\/2025\/06\/Screenshot-2025-04-26-at-3.09.26\u202fPM-1920x838-4-768x335.webp 768w, https:\/\/www.americanonewspaper.com\/es\/wp-content\/uploads\/2025\/06\/Screenshot-2025-04-26-at-3.09.26\u202fPM-1920x838-4-1536x670.webp 1536w, https:\/\/www.americanonewspaper.com\/es\/wp-content\/uploads\/2025\/06\/Screenshot-2025-04-26-at-3.09.26\u202fPM-1920x838-4-150x65.webp 150w, https:\/\/www.americanonewspaper.com\/es\/wp-content\/uploads\/2025\/06\/Screenshot-2025-04-26-at-3.09.26\u202fPM-1920x838-4-696x304.webp 696w, https:\/\/www.americanonewspaper.com\/es\/wp-content\/uploads\/2025\/06\/Screenshot-2025-04-26-at-3.09.26\u202fPM-1920x838-4-1068x466.webp 1068w, https:\/\/www.americanonewspaper.com\/es\/wp-content\/uploads\/2025\/06\/Screenshot-2025-04-26-at-3.09.26\u202fPM-1920x838-4.webp 1920w\" sizes=\"(max-width: 800px) 100vw, 800px\" \/><\/a><\/figure>\n","protected":false},"excerpt":{"rendered":"<p>Miami (EE.UU.), 9 jun (EFE).- El cantautor mexicano, m\u00fasico, productor y ganador de cinco premios Latin Grammy, Marco Antonio Sol\u00eds, anunci\u00f3 este lunes que llevar\u00e1 en agosto a Estados Unidos su gira &#8216;M\u00e1s cerca de ti&#8217;, tras pasar por M\u00e9xico y Suram\u00e9rica a inicios de a\u00f1o. La etapa norteamericana de la gira arrancar\u00e1 el 1 [&hellip;]<\/p>\n","protected":false},"author":7,"featured_media":26846,"comment_status":"open","ping_status":"open","sticky":false,"template":"","format":"standard","meta":{"_acf_changed":false,"tdm_status":"","tdm_grid_status":"","_jetpack_newsletter_access":"","_jetpack_dont_email_post_to_subs":false,"_jetpack_newsletter_tier_id":0,"_jetpack_memberships_contains_paywalled_content":false,"_jetpack_feature_clip_id":0,"_jetpack_memberships_contains_paid_content":false,"footnotes":"","jetpack_publicize_message":"{title}\n\n{excerpt}\n\n{url}","jetpack_publicize_feature_enabled":true,"jetpack_social_post_already_shared":true,"jetpack_social_options":{"image_generator_settings":{"template":"highway","default_image_id":0,"font":"","enabled":false},"version":2},"_wpas_customize_per_network":false,"jetpack_post_was_ever_published":false,"_members_access_role":[],"_members_access_error":""},"categories":[527,528,292,315],"tags":[],"class_list":["post-26845","post","type-post","status-publish","format-standard","has-post-thumbnail","category-farandula","category-mexico-2","category-suramerica","category-usa"],"acf":[],"yoast_head":"<!-- This site is optimized with the Yoast SEO Premium plugin v28.4 (Yoast SEO v28.4) - https:\/\/yoast.com\/product\/yoast-seo-premium-wordpress\/ -->\n<title>Marco Antonio Sol\u00eds en Gira Mundial - Americano Newspaper<\/title>\n<meta name=\"description\" content=\"El cantautor mexicano, m\u00fasico, productor y ganador de cinco premios Latin Grammy, Marco Antonio Sol\u00eds, anunci\u00f3 este lunes que llevar\u00e1 en agosto a Estados Unidos su gira &#039;M\u00e1s cerca de ti&#039;, tras pasar por M\u00e9xico y Suram\u00e9rica a inicios de a\u00f1o.\" \/>\n<meta name=\"robots\" content=\"index, follow, max-snippet:-1, max-image-preview:large, max-video-preview:-1\" \/>\n<link rel=\"canonical\" href=\"https:\/\/www.americanonewspaper.com\/es\/mexico-2\/marco-antonio-solis-en-gira-mundial\/\" \/>\n<meta property=\"og:locale\" content=\"en_US\" \/>\n<meta property=\"og:type\" content=\"article\" \/>\n<meta property=\"og:title\" content=\"Marco Antonio Sol\u00eds en Gira Mundial\" \/>\n<meta property=\"og:description\" content=\"El cantautor mexicano, m\u00fasico, productor y ganador de cinco premios Latin Grammy, Marco Antonio Sol\u00eds, anunci\u00f3 este lunes que llevar\u00e1 en agosto a Estados Unidos su gira &#039;M\u00e1s cerca de ti&#039;, tras pasar por M\u00e9xico y Suram\u00e9rica a inicios de a\u00f1o.\" \/>\n<meta property=\"og:url\" content=\"https:\/\/www.americanonewspaper.com\/es\/mexico-2\/marco-antonio-solis-en-gira-mundial\/\" \/>\n<meta property=\"og:site_name\" content=\"Americano Newspaper\" \/>\n<meta property=\"article:publisher\" content=\"https:\/\/www.facebook.com\/AmericanoNewspaper\/\" \/>\n<meta property=\"article:published_time\" content=\"2025-06-10T12:38:21+00:00\" \/>\n<meta property=\"article:modified_time\" content=\"2025-06-10T12:39:37+00:00\" \/>\n<meta property=\"og:image\" content=\"https:\/\/www.americanonewspaper.com\/es\/wp-content\/uploads\/2025\/06\/mas.jpeg\" \/>\n\t<meta property=\"og:image:width\" content=\"900\" \/>\n\t<meta property=\"og:image:height\" content=\"600\" \/>\n\t<meta property=\"og:image:type\" content=\"image\/jpeg\" \/>\n<meta name=\"author\" content=\"Author\" \/>\n<meta name=\"twitter:card\" content=\"summary_large_image\" \/>\n<meta name=\"twitter:label1\" content=\"Written by\" \/>\n\t<meta name=\"twitter:data1\" content=\"Author\" \/>\n\t<meta name=\"twitter:label2\" content=\"Est. reading time\" \/>\n\t<meta name=\"twitter:data2\" content=\"3 minutes\" \/>\n<script type=\"application\/ld+json\" class=\"yoast-schema-graph\">{\"@context\":\"https:\\\/\\\/schema.org\",\"@graph\":[{\"@type\":\"Article\",\"@id\":\"https:\\\/\\\/www.americanonewspaper.com\\\/es\\\/mexico-2\\\/marco-antonio-solis-en-gira-mundial\\\/#article\",\"isPartOf\":{\"@id\":\"https:\\\/\\\/www.americanonewspaper.com\\\/es\\\/mexico-2\\\/marco-antonio-solis-en-gira-mundial\\\/\"},\"author\":{\"name\":\"Author\",\"@id\":\"https:\\\/\\\/www.americanonewspaper.com\\\/es\\\/#\\\/schema\\\/person\\\/8967f6b8af7e37bcbbe61f68580ff088\"},\"headline\":\"Marco Antonio Sol\u00eds en Gira Mundial\",\"datePublished\":\"2025-06-10T12:38:21+00:00\",\"dateModified\":\"2025-06-10T12:39:37+00:00\",\"mainEntityOfPage\":{\"@id\":\"https:\\\/\\\/www.americanonewspaper.com\\\/es\\\/mexico-2\\\/marco-antonio-solis-en-gira-mundial\\\/\"},\"wordCount\":332,\"commentCount\":0,\"publisher\":{\"@id\":\"https:\\\/\\\/www.americanonewspaper.com\\\/es\\\/#organization\"},\"image\":{\"@id\":\"https:\\\/\\\/www.americanonewspaper.com\\\/es\\\/mexico-2\\\/marco-antonio-solis-en-gira-mundial\\\/#primaryimage\"},\"thumbnailUrl\":\"https:\\\/\\\/www.americanonewspaper.com\\\/es\\\/wp-content\\\/uploads\\\/2025\\\/06\\\/mas.jpeg\",\"articleSection\":[\"Far\u00e1ndula\",\"M\u00e9xico\",\"Suram\u00e9rica\",\"USA\"],\"inLanguage\":\"en-US\",\"potentialAction\":[{\"@type\":\"CommentAction\",\"name\":\"Comment\",\"target\":[\"https:\\\/\\\/www.americanonewspaper.com\\\/es\\\/mexico-2\\\/marco-antonio-solis-en-gira-mundial\\\/#respond\"]}]},{\"@type\":\"WebPage\",\"@id\":\"https:\\\/\\\/www.americanonewspaper.com\\\/es\\\/mexico-2\\\/marco-antonio-solis-en-gira-mundial\\\/\",\"url\":\"https:\\\/\\\/www.americanonewspaper.com\\\/es\\\/mexico-2\\\/marco-antonio-solis-en-gira-mundial\\\/\",\"name\":\"Marco Antonio Sol\u00eds en Gira Mundial - Americano Newspaper\",\"isPartOf\":{\"@id\":\"https:\\\/\\\/www.americanonewspaper.com\\\/es\\\/#website\"},\"primaryImageOfPage\":{\"@id\":\"https:\\\/\\\/www.americanonewspaper.com\\\/es\\\/mexico-2\\\/marco-antonio-solis-en-gira-mundial\\\/#primaryimage\"},\"image\":{\"@id\":\"https:\\\/\\\/www.americanonewspaper.com\\\/es\\\/mexico-2\\\/marco-antonio-solis-en-gira-mundial\\\/#primaryimage\"},\"thumbnailUrl\":\"https:\\\/\\\/www.americanonewspaper.com\\\/es\\\/wp-content\\\/uploads\\\/2025\\\/06\\\/mas.jpeg\",\"datePublished\":\"2025-06-10T12:38:21+00:00\",\"dateModified\":\"2025-06-10T12:39:37+00:00\",\"description\":\"El cantautor mexicano, m\u00fasico, productor y ganador de cinco premios Latin Grammy, Marco Antonio Sol\u00eds, anunci\u00f3 este lunes que llevar\u00e1 en agosto a Estados Unidos su gira 'M\u00e1s cerca de ti', tras pasar por M\u00e9xico y Suram\u00e9rica a inicios de a\u00f1o.\",\"breadcrumb\":{\"@id\":\"https:\\\/\\\/www.americanonewspaper.com\\\/es\\\/mexico-2\\\/marco-antonio-solis-en-gira-mundial\\\/#breadcrumb\"},\"inLanguage\":\"en-US\",\"potentialAction\":[{\"@type\":\"ReadAction\",\"target\":[\"https:\\\/\\\/www.americanonewspaper.com\\\/es\\\/mexico-2\\\/marco-antonio-solis-en-gira-mundial\\\/\"]}]},{\"@type\":\"ImageObject\",\"inLanguage\":\"en-US\",\"@id\":\"https:\\\/\\\/www.americanonewspaper.com\\\/es\\\/mexico-2\\\/marco-antonio-solis-en-gira-mundial\\\/#primaryimage\",\"url\":\"https:\\\/\\\/www.americanonewspaper.com\\\/es\\\/wp-content\\\/uploads\\\/2025\\\/06\\\/mas.jpeg\",\"contentUrl\":\"https:\\\/\\\/www.americanonewspaper.com\\\/es\\\/wp-content\\\/uploads\\\/2025\\\/06\\\/mas.jpeg\",\"width\":900,\"height\":600,\"caption\":\"El cantante mexicano Marco Antonio Sol\u00eds, en una fotograf\u00eda de archivo. EFE\\\/ David Guzm\u00e1n.\"},{\"@type\":\"BreadcrumbList\",\"@id\":\"https:\\\/\\\/www.americanonewspaper.com\\\/es\\\/mexico-2\\\/marco-antonio-solis-en-gira-mundial\\\/#breadcrumb\",\"itemListElement\":[{\"@type\":\"ListItem\",\"position\":1,\"name\":\"Home\",\"item\":\"https:\\\/\\\/www.americanonewspaper.com\\\/es\\\/\"},{\"@type\":\"ListItem\",\"position\":2,\"name\":\"Marco Antonio Sol\u00eds en Gira Mundial\"}]},{\"@type\":\"WebSite\",\"@id\":\"https:\\\/\\\/www.americanonewspaper.com\\\/es\\\/#website\",\"url\":\"https:\\\/\\\/www.americanonewspaper.com\\\/es\\\/\",\"name\":\"Americano Newspaper\",\"description\":\"The Hispanic Newspaper of New Jersey.\",\"publisher\":{\"@id\":\"https:\\\/\\\/www.americanonewspaper.com\\\/es\\\/#organization\"},\"potentialAction\":[{\"@type\":\"SearchAction\",\"target\":{\"@type\":\"EntryPoint\",\"urlTemplate\":\"https:\\\/\\\/www.americanonewspaper.com\\\/es\\\/?s={search_term_string}\"},\"query-input\":{\"@type\":\"PropertyValueSpecification\",\"valueRequired\":true,\"valueName\":\"search_term_string\"}}],\"inLanguage\":\"en-US\"},{\"@type\":\"Organization\",\"@id\":\"https:\\\/\\\/www.americanonewspaper.com\\\/es\\\/#organization\",\"name\":\"Americano Newspaper\",\"url\":\"https:\\\/\\\/www.americanonewspaper.com\\\/es\\\/\",\"logo\":{\"@type\":\"ImageObject\",\"inLanguage\":\"en-US\",\"@id\":\"https:\\\/\\\/www.americanonewspaper.com\\\/es\\\/#\\\/schema\\\/logo\\\/image\\\/\",\"url\":\"https:\\\/\\\/www.americanonewspaper.com\\\/es\\\/wp-content\\\/uploads\\\/2024\\\/05\\\/AmericanoLogoCircle.comCircle2.jpg\",\"contentUrl\":\"https:\\\/\\\/www.americanonewspaper.com\\\/es\\\/wp-content\\\/uploads\\\/2024\\\/05\\\/AmericanoLogoCircle.comCircle2.jpg\",\"width\":600,\"height\":600,\"caption\":\"Americano Newspaper\"},\"image\":{\"@id\":\"https:\\\/\\\/www.americanonewspaper.com\\\/es\\\/#\\\/schema\\\/logo\\\/image\\\/\"},\"sameAs\":[\"https:\\\/\\\/www.facebook.com\\\/AmericanoNewspaper\\\/\"]},{\"@type\":\"Person\",\"@id\":\"https:\\\/\\\/www.americanonewspaper.com\\\/es\\\/#\\\/schema\\\/person\\\/8967f6b8af7e37bcbbe61f68580ff088\",\"name\":\"Author\",\"image\":{\"@type\":\"ImageObject\",\"inLanguage\":\"en-US\",\"@id\":\"https:\\\/\\\/www.americanonewspaper.com\\\/es\\\/wp-content\\\/litespeed\\\/avatar\\\/89ffaf6af3cf6769ffb3c6efb2313947.jpg?ver=1787930627\",\"url\":\"https:\\\/\\\/www.americanonewspaper.com\\\/es\\\/wp-content\\\/litespeed\\\/avatar\\\/89ffaf6af3cf6769ffb3c6efb2313947.jpg?ver=1787930627\",\"contentUrl\":\"https:\\\/\\\/www.americanonewspaper.com\\\/es\\\/wp-content\\\/litespeed\\\/avatar\\\/89ffaf6af3cf6769ffb3c6efb2313947.jpg?ver=1787930627\",\"caption\":\"Author\"},\"url\":\"https:\\\/\\\/www.americanonewspaper.com\\\/es\\\/author\\\/americano\\\/\"}]}<\/script>\n<!-- \/ Yoast SEO Premium plugin. -->","yoast_head_json":{"title":"Marco Antonio Sol\u00eds en Gira Mundial - Americano Newspaper","description":"El cantautor mexicano, m\u00fasico, productor y ganador de cinco premios Latin Grammy, Marco Antonio Sol\u00eds, anunci\u00f3 este lunes que llevar\u00e1 en agosto a Estados Unidos su gira 'M\u00e1s cerca de ti', tras pasar por M\u00e9xico y Suram\u00e9rica a inicios de a\u00f1o.","robots":{"index":"index","follow":"follow","max-snippet":"max-snippet:-1","max-image-preview":"max-image-preview:large","max-video-preview":"max-video-preview:-1"},"canonical":"https:\/\/www.americanonewspaper.com\/es\/mexico-2\/marco-antonio-solis-en-gira-mundial\/","og_locale":"en_US","og_type":"article","og_title":"Marco Antonio Sol\u00eds en Gira Mundial","og_description":"El cantautor mexicano, m\u00fasico, productor y ganador de cinco premios Latin Grammy, Marco Antonio Sol\u00eds, anunci\u00f3 este lunes que llevar\u00e1 en agosto a Estados Unidos su gira 'M\u00e1s cerca de ti', tras pasar por M\u00e9xico y Suram\u00e9rica a inicios de a\u00f1o.","og_url":"https:\/\/www.americanonewspaper.com\/es\/mexico-2\/marco-antonio-solis-en-gira-mundial\/","og_site_name":"Americano Newspaper","article_publisher":"https:\/\/www.facebook.com\/AmericanoNewspaper\/","article_published_time":"2025-06-10T12:38:21+00:00","article_modified_time":"2025-06-10T12:39:37+00:00","og_image":[{"width":900,"height":600,"url":"https:\/\/www.americanonewspaper.com\/es\/wp-content\/uploads\/2025\/06\/mas.jpeg","type":"image\/jpeg"}],"author":"Author","twitter_card":"summary_large_image","twitter_misc":{"Written by":"Author","Est. reading time":"3 minutes"},"schema":{"@context":"https:\/\/schema.org","@graph":[{"@type":"Article","@id":"https:\/\/www.americanonewspaper.com\/es\/mexico-2\/marco-antonio-solis-en-gira-mundial\/#article","isPartOf":{"@id":"https:\/\/www.americanonewspaper.com\/es\/mexico-2\/marco-antonio-solis-en-gira-mundial\/"},"author":{"name":"Author","@id":"https:\/\/www.americanonewspaper.com\/es\/#\/schema\/person\/8967f6b8af7e37bcbbe61f68580ff088"},"headline":"Marco Antonio Sol\u00eds en Gira Mundial","datePublished":"2025-06-10T12:38:21+00:00","dateModified":"2025-06-10T12:39:37+00:00","mainEntityOfPage":{"@id":"https:\/\/www.americanonewspaper.com\/es\/mexico-2\/marco-antonio-solis-en-gira-mundial\/"},"wordCount":332,"commentCount":0,"publisher":{"@id":"https:\/\/www.americanonewspaper.com\/es\/#organization"},"image":{"@id":"https:\/\/www.americanonewspaper.com\/es\/mexico-2\/marco-antonio-solis-en-gira-mundial\/#primaryimage"},"thumbnailUrl":"https:\/\/www.americanonewspaper.com\/es\/wp-content\/uploads\/2025\/06\/mas.jpeg","articleSection":["Far\u00e1ndula","M\u00e9xico","Suram\u00e9rica","USA"],"inLanguage":"en-US","potentialAction":[{"@type":"CommentAction","name":"Comment","target":["https:\/\/www.americanonewspaper.com\/es\/mexico-2\/marco-antonio-solis-en-gira-mundial\/#respond"]}]},{"@type":"WebPage","@id":"https:\/\/www.americanonewspaper.com\/es\/mexico-2\/marco-antonio-solis-en-gira-mundial\/","url":"https:\/\/www.americanonewspaper.com\/es\/mexico-2\/marco-antonio-solis-en-gira-mundial\/","name":"Marco Antonio Sol\u00eds en Gira Mundial - Americano Newspaper","isPartOf":{"@id":"https:\/\/www.americanonewspaper.com\/es\/#website"},"primaryImageOfPage":{"@id":"https:\/\/www.americanonewspaper.com\/es\/mexico-2\/marco-antonio-solis-en-gira-mundial\/#primaryimage"},"image":{"@id":"https:\/\/www.americanonewspaper.com\/es\/mexico-2\/marco-antonio-solis-en-gira-mundial\/#primaryimage"},"thumbnailUrl":"https:\/\/www.americanonewspaper.com\/es\/wp-content\/uploads\/2025\/06\/mas.jpeg","datePublished":"2025-06-10T12:38:21+00:00","dateModified":"2025-06-10T12:39:37+00:00","description":"El cantautor mexicano, m\u00fasico, productor y ganador de cinco premios Latin Grammy, Marco Antonio Sol\u00eds, anunci\u00f3 este lunes que llevar\u00e1 en agosto a Estados Unidos su gira 'M\u00e1s cerca de ti', tras pasar por M\u00e9xico y Suram\u00e9rica a inicios de a\u00f1o.","breadcrumb":{"@id":"https:\/\/www.americanonewspaper.com\/es\/mexico-2\/marco-antonio-solis-en-gira-mundial\/#breadcrumb"},"inLanguage":"en-US","potentialAction":[{"@type":"ReadAction","target":["https:\/\/www.americanonewspaper.com\/es\/mexico-2\/marco-antonio-solis-en-gira-mundial\/"]}]},{"@type":"ImageObject","inLanguage":"en-US","@id":"https:\/\/www.americanonewspaper.com\/es\/mexico-2\/marco-antonio-solis-en-gira-mundial\/#primaryimage","url":"https:\/\/www.americanonewspaper.com\/es\/wp-content\/uploads\/2025\/06\/mas.jpeg","contentUrl":"https:\/\/www.americanonewspaper.com\/es\/wp-content\/uploads\/2025\/06\/mas.jpeg","width":900,"height":600,"caption":"El cantante mexicano Marco Antonio Sol\u00eds, en una fotograf\u00eda de archivo. EFE\/ David Guzm\u00e1n."},{"@type":"BreadcrumbList","@id":"https:\/\/www.americanonewspaper.com\/es\/mexico-2\/marco-antonio-solis-en-gira-mundial\/#breadcrumb","itemListElement":[{"@type":"ListItem","position":1,"name":"Home","item":"https:\/\/www.americanonewspaper.com\/es\/"},{"@type":"ListItem","position":2,"name":"Marco Antonio Sol\u00eds en Gira Mundial"}]},{"@type":"WebSite","@id":"https:\/\/www.americanonewspaper.com\/es\/#website","url":"https:\/\/www.americanonewspaper.com\/es\/","name":"Americano Newspaper","description":"The Hispanic Newspaper of New Jersey.","publisher":{"@id":"https:\/\/www.americanonewspaper.com\/es\/#organization"},"potentialAction":[{"@type":"SearchAction","target":{"@type":"EntryPoint","urlTemplate":"https:\/\/www.americanonewspaper.com\/es\/?s={search_term_string}"},"query-input":{"@type":"PropertyValueSpecification","valueRequired":true,"valueName":"search_term_string"}}],"inLanguage":"en-US"},{"@type":"Organization","@id":"https:\/\/www.americanonewspaper.com\/es\/#organization","name":"Americano Newspaper","url":"https:\/\/www.americanonewspaper.com\/es\/","logo":{"@type":"ImageObject","inLanguage":"en-US","@id":"https:\/\/www.americanonewspaper.com\/es\/#\/schema\/logo\/image\/","url":"https:\/\/www.americanonewspaper.com\/es\/wp-content\/uploads\/2024\/05\/AmericanoLogoCircle.comCircle2.jpg","contentUrl":"https:\/\/www.americanonewspaper.com\/es\/wp-content\/uploads\/2024\/05\/AmericanoLogoCircle.comCircle2.jpg","width":600,"height":600,"caption":"Americano Newspaper"},"image":{"@id":"https:\/\/www.americanonewspaper.com\/es\/#\/schema\/logo\/image\/"},"sameAs":["https:\/\/www.facebook.com\/AmericanoNewspaper\/"]},{"@type":"Person","@id":"https:\/\/www.americanonewspaper.com\/es\/#\/schema\/person\/8967f6b8af7e37bcbbe61f68580ff088","name":"Author","image":{"@type":"ImageObject","inLanguage":"en-US","@id":"https:\/\/www.americanonewspaper.com\/es\/wp-content\/litespeed\/avatar\/89ffaf6af3cf6769ffb3c6efb2313947.jpg?ver=1787930627","url":"https:\/\/www.americanonewspaper.com\/es\/wp-content\/litespeed\/avatar\/89ffaf6af3cf6769ffb3c6efb2313947.jpg?ver=1787930627","contentUrl":"https:\/\/www.americanonewspaper.com\/es\/wp-content\/litespeed\/avatar\/89ffaf6af3cf6769ffb3c6efb2313947.jpg?ver=1787930627","caption":"Author"},"url":"https:\/\/www.americanonewspaper.com\/es\/author\/americano\/"}]}},"jetpack_publicize_connections":[],"featured_image_urls":{"full":["https:\/\/www.americanonewspaper.com\/es\/wp-content\/uploads\/2025\/06\/mas.jpeg",900,600,false],"thumbnail":["https:\/\/www.americanonewspaper.com\/es\/wp-content\/uploads\/2025\/06\/mas-250x250.jpeg",250,250,true],"medium":["https:\/\/www.americanonewspaper.com\/es\/wp-content\/uploads\/2025\/06\/mas-300x200.jpeg",300,200,true],"medium_large":["https:\/\/www.americanonewspaper.com\/es\/wp-content\/uploads\/2025\/06\/mas-768x512.jpeg",696,464,true],"large":["https:\/\/www.americanonewspaper.com\/es\/wp-content\/uploads\/2025\/06\/mas-750x500.jpeg",696,464,true],"1536x1536":["https:\/\/www.americanonewspaper.com\/es\/wp-content\/uploads\/2025\/06\/mas.jpeg",900,600,false],"2048x2048":["https:\/\/www.americanonewspaper.com\/es\/wp-content\/uploads\/2025\/06\/mas.jpeg",900,600,false],"td_150x0":["https:\/\/www.americanonewspaper.com\/es\/wp-content\/uploads\/2025\/06\/mas-150x100.jpeg",150,100,true],"td_218x150":["https:\/\/www.americanonewspaper.com\/es\/wp-content\/uploads\/2025\/06\/mas-218x150.jpeg",218,150,true],"td_300x0":["https:\/\/www.americanonewspaper.com\/es\/wp-content\/uploads\/2025\/06\/mas-300x200.jpeg",300,200,true],"td_324x400":["https:\/\/www.americanonewspaper.com\/es\/wp-content\/uploads\/2025\/06\/mas-324x400.jpeg",324,400,true],"td_485x360":["https:\/\/www.americanonewspaper.com\/es\/wp-content\/uploads\/2025\/06\/mas-485x360.jpeg",485,360,true],"td_696x0":["https:\/\/www.americanonewspaper.com\/es\/wp-content\/uploads\/2025\/06\/mas-696x464.jpeg",696,464,true],"td_1068x0":["https:\/\/www.americanonewspaper.com\/es\/wp-content\/uploads\/2025\/06\/mas.jpeg",900,600,false],"td_1920x0":["https:\/\/www.americanonewspaper.com\/es\/wp-content\/uploads\/2025\/06\/mas.jpeg",900,600,false],"bdpp-medium":["https:\/\/www.americanonewspaper.com\/es\/wp-content\/uploads\/2025\/06\/mas-640x480.jpeg",640,480,true]},"author_info":{"display_name":"Author","author_link":"https:\/\/www.americanonewspaper.com\/es\/author\/americano\/"},"category_info":"<a href=\"https:\/\/www.americanonewspaper.com\/es\/category\/farandula\/\" rel=\"category tag\">Far\u00e1ndula<\/a> <a href=\"https:\/\/www.americanonewspaper.com\/es\/category\/mexico-2\/\" rel=\"category tag\">M\u00e9xico<\/a> <a href=\"https:\/\/www.americanonewspaper.com\/es\/category\/suramerica\/\" rel=\"category tag\">Suram\u00e9rica<\/a> <a href=\"https:\/\/www.americanonewspaper.com\/es\/category\/usa\/\" rel=\"category tag\">USA<\/a>","tag_info":"USA","comment_count":"0","jetpack_sharing_enabled":true,"jetpack_likes_enabled":true,"jetpack_featured_media_url":"https:\/\/www.americanonewspaper.com\/es\/wp-content\/uploads\/2025\/06\/mas.jpeg","_links":{"self":[{"href":"https:\/\/www.americanonewspaper.com\/es\/wp-json\/wp\/v2\/posts\/26845","targetHints":{"allow":["GET"]}}],"collection":[{"href":"https:\/\/www.americanonewspaper.com\/es\/wp-json\/wp\/v2\/posts"}],"about":[{"href":"https:\/\/www.americanonewspaper.com\/es\/wp-json\/wp\/v2\/types\/post"}],"author":[{"embeddable":true,"href":"https:\/\/www.americanonewspaper.com\/es\/wp-json\/wp\/v2\/users\/7"}],"replies":[{"embeddable":true,"href":"https:\/\/www.americanonewspaper.com\/es\/wp-json\/wp\/v2\/comments?post=26845"}],"version-history":[{"count":1,"href":"https:\/\/www.americanonewspaper.com\/es\/wp-json\/wp\/v2\/posts\/26845\/revisions"}],"predecessor-version":[{"id":26847,"href":"https:\/\/www.americanonewspaper.com\/es\/wp-json\/wp\/v2\/posts\/26845\/revisions\/26847"}],"wp:featuredmedia":[{"embeddable":true,"href":"https:\/\/www.americanonewspaper.com\/es\/wp-json\/wp\/v2\/media\/26846"}],"wp:attachment":[{"href":"https:\/\/www.americanonewspaper.com\/es\/wp-json\/wp\/v2\/media?parent=26845"}],"wp:term":[{"taxonomy":"category","embeddable":true,"href":"https:\/\/www.americanonewspaper.com\/es\/wp-json\/wp\/v2\/categories?post=26845"},{"taxonomy":"post_tag","embeddable":true,"href":"https:\/\/www.americanonewspaper.com\/es\/wp-json\/wp\/v2\/tags?post=26845"}],"curies":[{"name":"wp","href":"https:\/\/api.w.org\/{rel}","templated":true}]}}