{"id":26480,"date":"2025-05-13T17:22:36","date_gmt":"2025-05-13T21:22:36","guid":{"rendered":"https:\/\/www.americanonewspaper.com\/es\/?p=26480"},"modified":"2025-05-14T07:33:14","modified_gmt":"2025-05-14T11:33:14","slug":"un-buen-adios-para-ex-presidente-mujica-liviano-de-equipaje","status":"publish","type":"post","link":"https:\/\/www.americanonewspaper.com\/es\/pepe-mujica\/un-buen-adios-para-ex-presidente-mujica-liviano-de-equipaje\/","title":{"rendered":"Un buen adi\u00f3s para ex presidente Mujica: &#8220;Liviano de Equipaje&#8221;"},"content":{"rendered":"\n<figure class=\"wp-block-embed is-type-video is-provider-youtube wp-block-embed-youtube wp-embed-aspect-16-9 wp-has-aspect-ratio\"><div class=\"wp-block-embed__wrapper\">\n<div class=\"youtube-embed\" data-video_id=\"RyHjKoGhIUc\"><iframe title=\"Muere el expresidente de Uruguay Jos\u00e9 Mujica\" width=\"696\" height=\"392\" src=\"https:\/\/www.youtube.com\/embed\/RyHjKoGhIUc?feature=oembed&#038;enablejsapi=1\" frameborder=\"0\" allow=\"accelerometer; autoplay; clipboard-write; encrypted-media; gyroscope; picture-in-picture; web-share\" referrerpolicy=\"strict-origin-when-cross-origin\" allowfullscreen><\/iframe><\/div>\n<\/div><\/figure>\n\n\n\n<p class=\"dropcapp3\">El expresidente de Uruguay Jos\u00e9 &#8216;Pepe&#8217; Mujica falleci\u00f3 este martes en Montevideo a los 89 a\u00f1os, un a\u00f1o despu\u00e9s de que le descubrieran un tumor maligno en el es\u00f3fago.<\/p>\n\n\n\n<p>&#8220;Con profundo dolor comunicamos que falleci\u00f3 nuestro compa\u00f1ero Pepe Mujica. Presidente, militante, referente y conductor. Te vamos a extra\u00f1ar mucho Viejo querido. Gracias por todo lo que nos diste y por tu profundo amor por tu pueblo&#8221;, indic\u00f3 en su cuenta de X el actual mandatario del pa\u00eds suramericano, Yamand\u00fa Orsi.<\/p>\n\n\n<div class=\"wp-block-image\">\n<figure class=\"aligncenter size-large is-resized\"><img fetchpriority=\"high\" decoding=\"async\" width=\"800\" height=\"365\" src=\"https:\/\/www.americanonewspaper.com\/es\/wp-content\/uploads\/2025\/05\/Screenshot-2025-02-20-at-9.11.40\u202fAM-1920x877-2-10-800x365.webp\" alt=\"\" class=\"wp-image-26482\" style=\"width:1068px;height:auto\" srcset=\"https:\/\/www.americanonewspaper.com\/es\/wp-content\/uploads\/2025\/05\/Screenshot-2025-02-20-at-9.11.40\u202fAM-1920x877-2-10-800x365.webp 800w, https:\/\/www.americanonewspaper.com\/es\/wp-content\/uploads\/2025\/05\/Screenshot-2025-02-20-at-9.11.40\u202fAM-1920x877-2-10-300x137.webp 300w, https:\/\/www.americanonewspaper.com\/es\/wp-content\/uploads\/2025\/05\/Screenshot-2025-02-20-at-9.11.40\u202fAM-1920x877-2-10-768x351.webp 768w, https:\/\/www.americanonewspaper.com\/es\/wp-content\/uploads\/2025\/05\/Screenshot-2025-02-20-at-9.11.40\u202fAM-1920x877-2-10-1536x702.webp 1536w, https:\/\/www.americanonewspaper.com\/es\/wp-content\/uploads\/2025\/05\/Screenshot-2025-02-20-at-9.11.40\u202fAM-1920x877-2-10-150x69.webp 150w, https:\/\/www.americanonewspaper.com\/es\/wp-content\/uploads\/2025\/05\/Screenshot-2025-02-20-at-9.11.40\u202fAM-1920x877-2-10-696x318.webp 696w, https:\/\/www.americanonewspaper.com\/es\/wp-content\/uploads\/2025\/05\/Screenshot-2025-02-20-at-9.11.40\u202fAM-1920x877-2-10-1068x488.webp 1068w, https:\/\/www.americanonewspaper.com\/es\/wp-content\/uploads\/2025\/05\/Screenshot-2025-02-20-at-9.11.40\u202fAM-1920x877-2-10.webp 1920w\" sizes=\"(max-width: 800px) 100vw, 800px\" \/><\/figure>\n<\/div>\n\n\n<p>Por su parte, su fuerza pol\u00edtica, el izquierdista Frente Amplio, public\u00f3 en la misma red social: &#8220;Pepe no fue solo un l\u00edder. Fue una forma de entender el mundo. Nos queda su voz, su ejemplo, su porfiada esperanza. Hasta siempre, compa\u00f1ero&#8221;.<\/p>\n\n\n\n<p>Mientras tanto, diversos l\u00edderes pol\u00edticos de Uruguay y el mundo tambi\u00e9n recordaron a Mujica con mensajes en sus redes.<\/p>\n\n\n\n<p>El 29 de abril del pasado a\u00f1o, Mujica anunci\u00f3 en una rueda de prensa que ten\u00eda un tumor en el es\u00f3fago.<\/p>\n\n\n<div class=\"wp-block-image\">\n<figure class=\"aligncenter size-large is-resized\"><a href=\"https:\/\/www.mikiesherrill.com\/SobreMikie?utm_source=Hispanic&amp;utm_medium=Publisher&amp;utm_campaign=Americano_Newspaper\"><img decoding=\"async\" width=\"800\" height=\"367\" src=\"https:\/\/www.americanonewspaper.com\/es\/wp-content\/uploads\/2025\/05\/Americano-banner-2-1-800x367.webp\" alt=\"\" class=\"wp-image-26483\" style=\"width:1068px;height:auto\" srcset=\"https:\/\/www.americanonewspaper.com\/es\/wp-content\/uploads\/2025\/05\/Americano-banner-2-1-800x367.webp 800w, https:\/\/www.americanonewspaper.com\/es\/wp-content\/uploads\/2025\/05\/Americano-banner-2-1-300x138.webp 300w, https:\/\/www.americanonewspaper.com\/es\/wp-content\/uploads\/2025\/05\/Americano-banner-2-1-768x352.webp 768w, https:\/\/www.americanonewspaper.com\/es\/wp-content\/uploads\/2025\/05\/Americano-banner-2-1-150x69.webp 150w, https:\/\/www.americanonewspaper.com\/es\/wp-content\/uploads\/2025\/05\/Americano-banner-2-1-696x319.webp 696w, https:\/\/www.americanonewspaper.com\/es\/wp-content\/uploads\/2025\/05\/Americano-banner-2-1-1068x490.webp 1068w, https:\/\/www.americanonewspaper.com\/es\/wp-content\/uploads\/2025\/05\/Americano-banner-2-1.webp 1200w\" sizes=\"(max-width: 800px) 100vw, 800px\" \/><\/a><\/figure>\n<\/div>\n\n\n<p>&#8220;Necesito informarles que el viernes pasado concurr\u00ed al (centro m\u00e9dico) Casmu a hacerme un chequeo en el cual se descubri\u00f3 que tengo un tumor en el es\u00f3fago, que es algo obviamente muy comprometido y que es doblemente complejo en mi caso, porque padezco una enfermedad inmunol\u00f3gica hace m\u00e1s de 20 a\u00f1os&#8221;, dijo ese d\u00eda el expresidente.<\/p>\n\n\n\n<p>Poco tiempo despu\u00e9s, apunt\u00f3 que el tumor era maligno y deb\u00eda tratarse con radioterapia, procedimiento que se llev\u00f3 a cabo en Montevideo.<\/p>\n\n\n\n<p>El pasado 27 de diciembre, el expresidente fue sometido a una intervenci\u00f3n quir\u00fargica en la que le colocaron con \u00e9xito un stent en el es\u00f3fago.<\/p>\n\n\n<div class=\"wp-block-image\">\n<figure class=\"aligncenter size-large is-resized\"><a href=\"https:\/\/www.paulmillertoyota.com\/ofertas-de-arrendamiento.htm\"><img decoding=\"async\" width=\"800\" height=\"349\" src=\"https:\/\/www.americanonewspaper.com\/es\/wp-content\/uploads\/2025\/05\/Screenshot-2025-04-26-at-3.09.26\u202fPM-1920x838-12-800x349.webp\" alt=\"\" class=\"wp-image-26485\" style=\"width:990px;height:auto\" srcset=\"https:\/\/www.americanonewspaper.com\/es\/wp-content\/uploads\/2025\/05\/Screenshot-2025-04-26-at-3.09.26\u202fPM-1920x838-12-800x349.webp 800w, https:\/\/www.americanonewspaper.com\/es\/wp-content\/uploads\/2025\/05\/Screenshot-2025-04-26-at-3.09.26\u202fPM-1920x838-12-300x131.webp 300w, https:\/\/www.americanonewspaper.com\/es\/wp-content\/uploads\/2025\/05\/Screenshot-2025-04-26-at-3.09.26\u202fPM-1920x838-12-768x335.webp 768w, https:\/\/www.americanonewspaper.com\/es\/wp-content\/uploads\/2025\/05\/Screenshot-2025-04-26-at-3.09.26\u202fPM-1920x838-12-1536x670.webp 1536w, https:\/\/www.americanonewspaper.com\/es\/wp-content\/uploads\/2025\/05\/Screenshot-2025-04-26-at-3.09.26\u202fPM-1920x838-12-150x65.webp 150w, https:\/\/www.americanonewspaper.com\/es\/wp-content\/uploads\/2025\/05\/Screenshot-2025-04-26-at-3.09.26\u202fPM-1920x838-12-696x304.webp 696w, https:\/\/www.americanonewspaper.com\/es\/wp-content\/uploads\/2025\/05\/Screenshot-2025-04-26-at-3.09.26\u202fPM-1920x838-12-1068x466.webp 1068w, https:\/\/www.americanonewspaper.com\/es\/wp-content\/uploads\/2025\/05\/Screenshot-2025-04-26-at-3.09.26\u202fPM-1920x838-12.webp 1920w\" sizes=\"(max-width: 800px) 100vw, 800px\" \/><\/a><\/figure>\n<\/div>\n\n\n<p>&#8220;Lo hicimos hoy porque la situaci\u00f3n lo requer\u00eda en este momento. Esto le va a permitir seguirse alimentando por v\u00eda oral&#8221;, dijo tras la intervenci\u00f3n su m\u00e9dica personal, Raquel Pannone.<\/p>\n\n\n\n<p>Meses antes, a <a href=\"https:\/\/www.americanonewspaper.com\/abortion\/pepe-mujicas-lifelong-pursuit-of-social-justice\/\" target=\"_blank\" rel=\"noreferrer noopener\">Mujica <\/a>le hab\u00edan hecho una gastroestom\u00eda para alimentaci\u00f3n.<\/p>\n\n\n\n<p>En enero de este a\u00f1o, Mujica inform\u00f3 en una entrevista con el semanario local B\u00fasqueda que el c\u00e1ncer que le fue descubierto en el es\u00f3fago se le hab\u00eda expandido al h\u00edgado.<\/p>\n\n\n\n<p>En los primeros meses de este a\u00f1o, el exmandatario particip\u00f3 en algunos eventos de car\u00e1cter p\u00fablico, entre ellos un homenaje que le hizo el Frente Amplio y un encuentro organizado por el Partido Colorado para celebrar los 40 a\u00f1os del retorno de la democracia.<\/p>\n\n\n<div class=\"wp-block-image\">\n<figure class=\"aligncenter size-large is-resized\"><img loading=\"lazy\" decoding=\"async\" width=\"800\" height=\"366\" src=\"https:\/\/www.americanonewspaper.com\/es\/wp-content\/uploads\/2025\/05\/Imagen-de-WhatsApp-2025-05-08-a-las-18.13.33_aa8f3433-5-800x366.jpg\" alt=\"\" class=\"wp-image-26484\" style=\"width:1030px;height:auto\" srcset=\"https:\/\/www.americanonewspaper.com\/es\/wp-content\/uploads\/2025\/05\/Imagen-de-WhatsApp-2025-05-08-a-las-18.13.33_aa8f3433-5-800x366.jpg 800w, https:\/\/www.americanonewspaper.com\/es\/wp-content\/uploads\/2025\/05\/Imagen-de-WhatsApp-2025-05-08-a-las-18.13.33_aa8f3433-5-300x137.jpg 300w, https:\/\/www.americanonewspaper.com\/es\/wp-content\/uploads\/2025\/05\/Imagen-de-WhatsApp-2025-05-08-a-las-18.13.33_aa8f3433-5-768x352.jpg 768w, https:\/\/www.americanonewspaper.com\/es\/wp-content\/uploads\/2025\/05\/Imagen-de-WhatsApp-2025-05-08-a-las-18.13.33_aa8f3433-5-150x69.jpg 150w, https:\/\/www.americanonewspaper.com\/es\/wp-content\/uploads\/2025\/05\/Imagen-de-WhatsApp-2025-05-08-a-las-18.13.33_aa8f3433-5-696x319.jpg 696w, https:\/\/www.americanonewspaper.com\/es\/wp-content\/uploads\/2025\/05\/Imagen-de-WhatsApp-2025-05-08-a-las-18.13.33_aa8f3433-5-1068x489.jpg 1068w, https:\/\/www.americanonewspaper.com\/es\/wp-content\/uploads\/2025\/05\/Imagen-de-WhatsApp-2025-05-08-a-las-18.13.33_aa8f3433-5.jpg 1280w\" sizes=\"(max-width: 800px) 100vw, 800px\" \/><\/figure>\n<\/div>\n\n\n<p><a href=\"https:\/\/www.americanonewspaper.com\/es\/\">Americanonewspaper<\/a> (EFE)<\/p>\n\n\n\n<p><\/p>\n","protected":false},"excerpt":{"rendered":"<p>El expresidente de Uruguay Jos\u00e9 &#8216;Pepe&#8217; Mujica falleci\u00f3 este martes en Montevideo a los 89 a\u00f1os, un a\u00f1o despu\u00e9s de que le descubrieran un tumor maligno en el es\u00f3fago. &#8220;Con profundo dolor comunicamos que falleci\u00f3 nuestro compa\u00f1ero Pepe Mujica. Presidente, militante, referente y conductor. Te vamos a extra\u00f1ar mucho Viejo querido. Gracias por todo lo [&hellip;]<\/p>\n","protected":false},"author":18,"featured_media":26481,"comment_status":"open","ping_status":"open","sticky":false,"template":"","format":"standard","meta":{"_acf_changed":false,"tdm_status":"","tdm_grid_status":"","_jetpack_memberships_contains_paid_content":false,"footnotes":"","jetpack_publicize_message":"","jetpack_publicize_feature_enabled":true,"jetpack_social_post_already_shared":true,"jetpack_social_options":{"image_generator_settings":{"template":"highway","default_image_id":0,"font":"","enabled":false},"version":2},"_wpas_customize_per_network":false},"categories":[669,1001,313],"tags":[],"class_list":{"0":"post-26480","1":"post","2":"type-post","3":"status-publish","4":"format-standard","5":"has-post-thumbnail","7":"category-montevideo","8":"category-pepe-mujica","9":"category-uruguay"},"acf":[],"yoast_head":"<!-- This site is optimized with the Yoast SEO Premium plugin v27.5 (Yoast SEO v27.5) - https:\/\/yoast.com\/product\/yoast-seo-premium-wordpress\/ -->\n<title>Un buen adi\u00f3s para ex presidente Mujica: &quot;Liviano de Equipaje&quot; - Americano Newspaper<\/title>\n<meta name=\"description\" content=\"El expresidente de Uruguay Jos\u00e9 &#039;Pepe&#039; Mujica falleci\u00f3 este martes en Montevideo a los 89 a\u00f1os, un a\u00f1o despu\u00e9s de que le descubrieran un tumor maligno en el es\u00f3fago.\" \/>\n<meta name=\"robots\" content=\"index, follow, max-snippet:-1, max-image-preview:large, max-video-preview:-1\" \/>\n<link rel=\"canonical\" href=\"https:\/\/www.americanonewspaper.com\/es\/pepe-mujica\/un-buen-adios-para-ex-presidente-mujica-liviano-de-equipaje\/\" \/>\n<meta property=\"og:locale\" content=\"en_US\" \/>\n<meta property=\"og:type\" content=\"article\" \/>\n<meta property=\"og:title\" content=\"Un buen adi\u00f3s para ex presidente Mujica: &quot;Liviano de Equipaje&quot;\" \/>\n<meta property=\"og:description\" content=\"El expresidente de Uruguay Jos\u00e9 &#039;Pepe&#039; Mujica falleci\u00f3 este martes en Montevideo a los 89 a\u00f1os, un a\u00f1o despu\u00e9s de que le descubrieran un tumor maligno en el es\u00f3fago.\" \/>\n<meta property=\"og:url\" content=\"https:\/\/www.americanonewspaper.com\/es\/pepe-mujica\/un-buen-adios-para-ex-presidente-mujica-liviano-de-equipaje\/\" \/>\n<meta property=\"og:site_name\" content=\"Americano Newspaper\" \/>\n<meta property=\"article:publisher\" content=\"https:\/\/www.facebook.com\/AmericanoNewspaper\/\" \/>\n<meta property=\"article:published_time\" content=\"2025-05-13T21:22:36+00:00\" \/>\n<meta property=\"article:modified_time\" content=\"2025-05-14T11:33:14+00:00\" \/>\n<meta property=\"og:image\" content=\"https:\/\/www.americanonewspaper.com\/es\/wp-content\/uploads\/2025\/05\/Woman-Motivational-Quote-Facebook-Post-1-1.png\" \/>\n\t<meta property=\"og:image:width\" content=\"940\" \/>\n\t<meta property=\"og:image:height\" content=\"788\" \/>\n\t<meta property=\"og:image:type\" content=\"image\/png\" \/>\n<meta name=\"author\" content=\"Victoria Deus\" \/>\n<meta name=\"twitter:card\" content=\"summary_large_image\" \/>\n<meta name=\"twitter:label1\" content=\"Written by\" \/>\n\t<meta name=\"twitter:data1\" content=\"Victoria Deus\" \/>\n\t<meta name=\"twitter:label2\" content=\"Est. reading time\" \/>\n\t<meta name=\"twitter:data2\" content=\"3 minutes\" \/>\n<script type=\"application\/ld+json\" class=\"yoast-schema-graph\">{\"@context\":\"https:\\\/\\\/schema.org\",\"@graph\":[{\"@type\":\"Article\",\"@id\":\"https:\\\/\\\/www.americanonewspaper.com\\\/es\\\/pepe-mujica\\\/un-buen-adios-para-ex-presidente-mujica-liviano-de-equipaje\\\/#article\",\"isPartOf\":{\"@id\":\"https:\\\/\\\/www.americanonewspaper.com\\\/es\\\/pepe-mujica\\\/un-buen-adios-para-ex-presidente-mujica-liviano-de-equipaje\\\/\"},\"author\":{\"name\":\"Victoria Deus\",\"@id\":\"https:\\\/\\\/www.americanonewspaper.com\\\/es\\\/#\\\/schema\\\/person\\\/875497672032163af362240e09375960\"},\"headline\":\"Un buen adi\u00f3s para ex presidente Mujica: &#8220;Liviano de Equipaje&#8221;\",\"datePublished\":\"2025-05-13T21:22:36+00:00\",\"dateModified\":\"2025-05-14T11:33:14+00:00\",\"mainEntityOfPage\":{\"@id\":\"https:\\\/\\\/www.americanonewspaper.com\\\/es\\\/pepe-mujica\\\/un-buen-adios-para-ex-presidente-mujica-liviano-de-equipaje\\\/\"},\"wordCount\":440,\"commentCount\":0,\"publisher\":{\"@id\":\"https:\\\/\\\/www.americanonewspaper.com\\\/es\\\/#organization\"},\"image\":{\"@id\":\"https:\\\/\\\/www.americanonewspaper.com\\\/es\\\/pepe-mujica\\\/un-buen-adios-para-ex-presidente-mujica-liviano-de-equipaje\\\/#primaryimage\"},\"thumbnailUrl\":\"https:\\\/\\\/www.americanonewspaper.com\\\/es\\\/wp-content\\\/uploads\\\/2025\\\/05\\\/Woman-Motivational-Quote-Facebook-Post-1-1.png\",\"articleSection\":[\"Montevideo\",\"Pepe M\u00fajica\",\"Uruguay\"],\"inLanguage\":\"en-US\",\"potentialAction\":[{\"@type\":\"CommentAction\",\"name\":\"Comment\",\"target\":[\"https:\\\/\\\/www.americanonewspaper.com\\\/es\\\/pepe-mujica\\\/un-buen-adios-para-ex-presidente-mujica-liviano-de-equipaje\\\/#respond\"]}]},{\"@type\":\"WebPage\",\"@id\":\"https:\\\/\\\/www.americanonewspaper.com\\\/es\\\/pepe-mujica\\\/un-buen-adios-para-ex-presidente-mujica-liviano-de-equipaje\\\/\",\"url\":\"https:\\\/\\\/www.americanonewspaper.com\\\/es\\\/pepe-mujica\\\/un-buen-adios-para-ex-presidente-mujica-liviano-de-equipaje\\\/\",\"name\":\"Un buen adi\u00f3s para ex presidente Mujica: \\\"Liviano de Equipaje\\\" - Americano Newspaper\",\"isPartOf\":{\"@id\":\"https:\\\/\\\/www.americanonewspaper.com\\\/es\\\/#website\"},\"primaryImageOfPage\":{\"@id\":\"https:\\\/\\\/www.americanonewspaper.com\\\/es\\\/pepe-mujica\\\/un-buen-adios-para-ex-presidente-mujica-liviano-de-equipaje\\\/#primaryimage\"},\"image\":{\"@id\":\"https:\\\/\\\/www.americanonewspaper.com\\\/es\\\/pepe-mujica\\\/un-buen-adios-para-ex-presidente-mujica-liviano-de-equipaje\\\/#primaryimage\"},\"thumbnailUrl\":\"https:\\\/\\\/www.americanonewspaper.com\\\/es\\\/wp-content\\\/uploads\\\/2025\\\/05\\\/Woman-Motivational-Quote-Facebook-Post-1-1.png\",\"datePublished\":\"2025-05-13T21:22:36+00:00\",\"dateModified\":\"2025-05-14T11:33:14+00:00\",\"description\":\"El expresidente de Uruguay Jos\u00e9 'Pepe' Mujica falleci\u00f3 este martes en Montevideo a los 89 a\u00f1os, un a\u00f1o despu\u00e9s de que le descubrieran un tumor maligno en el es\u00f3fago.\",\"breadcrumb\":{\"@id\":\"https:\\\/\\\/www.americanonewspaper.com\\\/es\\\/pepe-mujica\\\/un-buen-adios-para-ex-presidente-mujica-liviano-de-equipaje\\\/#breadcrumb\"},\"inLanguage\":\"en-US\",\"potentialAction\":[{\"@type\":\"ReadAction\",\"target\":[\"https:\\\/\\\/www.americanonewspaper.com\\\/es\\\/pepe-mujica\\\/un-buen-adios-para-ex-presidente-mujica-liviano-de-equipaje\\\/\"]}]},{\"@type\":\"ImageObject\",\"inLanguage\":\"en-US\",\"@id\":\"https:\\\/\\\/www.americanonewspaper.com\\\/es\\\/pepe-mujica\\\/un-buen-adios-para-ex-presidente-mujica-liviano-de-equipaje\\\/#primaryimage\",\"url\":\"https:\\\/\\\/www.americanonewspaper.com\\\/es\\\/wp-content\\\/uploads\\\/2025\\\/05\\\/Woman-Motivational-Quote-Facebook-Post-1-1.png\",\"contentUrl\":\"https:\\\/\\\/www.americanonewspaper.com\\\/es\\\/wp-content\\\/uploads\\\/2025\\\/05\\\/Woman-Motivational-Quote-Facebook-Post-1-1.png\",\"width\":940,\"height\":788,\"caption\":\"Fotograf\u00eda de archivo del expresidente uruguayo Jos\u00e9 'Pepe' Mujica durante un homenaje, en Montevideo (Uruguay). EFE\\\/ Gast\u00f3n Britos.\"},{\"@type\":\"BreadcrumbList\",\"@id\":\"https:\\\/\\\/www.americanonewspaper.com\\\/es\\\/pepe-mujica\\\/un-buen-adios-para-ex-presidente-mujica-liviano-de-equipaje\\\/#breadcrumb\",\"itemListElement\":[{\"@type\":\"ListItem\",\"position\":1,\"name\":\"Home\",\"item\":\"https:\\\/\\\/www.americanonewspaper.com\\\/es\\\/\"},{\"@type\":\"ListItem\",\"position\":2,\"name\":\"Un buen adi\u00f3s para ex presidente Mujica: &#8220;Liviano de Equipaje&#8221;\"}]},{\"@type\":\"WebSite\",\"@id\":\"https:\\\/\\\/www.americanonewspaper.com\\\/es\\\/#website\",\"url\":\"https:\\\/\\\/www.americanonewspaper.com\\\/es\\\/\",\"name\":\"Americano Newspaper\",\"description\":\"The Hispanic Newspaper of New Jersey.\",\"publisher\":{\"@id\":\"https:\\\/\\\/www.americanonewspaper.com\\\/es\\\/#organization\"},\"potentialAction\":[{\"@type\":\"SearchAction\",\"target\":{\"@type\":\"EntryPoint\",\"urlTemplate\":\"https:\\\/\\\/www.americanonewspaper.com\\\/es\\\/?s={search_term_string}\"},\"query-input\":{\"@type\":\"PropertyValueSpecification\",\"valueRequired\":true,\"valueName\":\"search_term_string\"}}],\"inLanguage\":\"en-US\"},{\"@type\":\"Organization\",\"@id\":\"https:\\\/\\\/www.americanonewspaper.com\\\/es\\\/#organization\",\"name\":\"Americano Newspaper\",\"url\":\"https:\\\/\\\/www.americanonewspaper.com\\\/es\\\/\",\"logo\":{\"@type\":\"ImageObject\",\"inLanguage\":\"en-US\",\"@id\":\"https:\\\/\\\/www.americanonewspaper.com\\\/es\\\/#\\\/schema\\\/logo\\\/image\\\/\",\"url\":\"https:\\\/\\\/www.americanonewspaper.com\\\/es\\\/wp-content\\\/uploads\\\/2024\\\/05\\\/AmericanoLogoCircle.comCircle2.jpg\",\"contentUrl\":\"https:\\\/\\\/www.americanonewspaper.com\\\/es\\\/wp-content\\\/uploads\\\/2024\\\/05\\\/AmericanoLogoCircle.comCircle2.jpg\",\"width\":600,\"height\":600,\"caption\":\"Americano Newspaper\"},\"image\":{\"@id\":\"https:\\\/\\\/www.americanonewspaper.com\\\/es\\\/#\\\/schema\\\/logo\\\/image\\\/\"},\"sameAs\":[\"https:\\\/\\\/www.facebook.com\\\/AmericanoNewspaper\\\/\"]},{\"@type\":\"Person\",\"@id\":\"https:\\\/\\\/www.americanonewspaper.com\\\/es\\\/#\\\/schema\\\/person\\\/875497672032163af362240e09375960\",\"name\":\"Victoria Deus\",\"image\":{\"@type\":\"ImageObject\",\"inLanguage\":\"en-US\",\"@id\":\"https:\\\/\\\/www.americanonewspaper.com\\\/es\\\/wp-content\\\/litespeed\\\/avatar\\\/87ebc08dcb2dba9e584c4557748a9de2.jpg?ver=1777428042\",\"url\":\"https:\\\/\\\/www.americanonewspaper.com\\\/es\\\/wp-content\\\/litespeed\\\/avatar\\\/87ebc08dcb2dba9e584c4557748a9de2.jpg?ver=1777428042\",\"contentUrl\":\"https:\\\/\\\/www.americanonewspaper.com\\\/es\\\/wp-content\\\/litespeed\\\/avatar\\\/87ebc08dcb2dba9e584c4557748a9de2.jpg?ver=1777428042\",\"caption\":\"Victoria Deus\"},\"sameAs\":[\"http:\\\/\\\/www.americanonewspaper.com\"],\"url\":\"https:\\\/\\\/www.americanonewspaper.com\\\/es\\\/author\\\/victoria\\\/\"}]}<\/script>\n<!-- \/ Yoast SEO Premium plugin. -->","yoast_head_json":{"title":"Un buen adi\u00f3s para ex presidente Mujica: \"Liviano de Equipaje\" - Americano Newspaper","description":"El expresidente de Uruguay Jos\u00e9 'Pepe' Mujica falleci\u00f3 este martes en Montevideo a los 89 a\u00f1os, un a\u00f1o despu\u00e9s de que le descubrieran un tumor maligno en el es\u00f3fago.","robots":{"index":"index","follow":"follow","max-snippet":"max-snippet:-1","max-image-preview":"max-image-preview:large","max-video-preview":"max-video-preview:-1"},"canonical":"https:\/\/www.americanonewspaper.com\/es\/pepe-mujica\/un-buen-adios-para-ex-presidente-mujica-liviano-de-equipaje\/","og_locale":"en_US","og_type":"article","og_title":"Un buen adi\u00f3s para ex presidente Mujica: \"Liviano de Equipaje\"","og_description":"El expresidente de Uruguay Jos\u00e9 'Pepe' Mujica falleci\u00f3 este martes en Montevideo a los 89 a\u00f1os, un a\u00f1o despu\u00e9s de que le descubrieran un tumor maligno en el es\u00f3fago.","og_url":"https:\/\/www.americanonewspaper.com\/es\/pepe-mujica\/un-buen-adios-para-ex-presidente-mujica-liviano-de-equipaje\/","og_site_name":"Americano Newspaper","article_publisher":"https:\/\/www.facebook.com\/AmericanoNewspaper\/","article_published_time":"2025-05-13T21:22:36+00:00","article_modified_time":"2025-05-14T11:33:14+00:00","og_image":[{"width":940,"height":788,"url":"https:\/\/www.americanonewspaper.com\/es\/wp-content\/uploads\/2025\/05\/Woman-Motivational-Quote-Facebook-Post-1-1.png","type":"image\/png"}],"author":"Victoria Deus","twitter_card":"summary_large_image","twitter_misc":{"Written by":"Victoria Deus","Est. reading time":"3 minutes"},"schema":{"@context":"https:\/\/schema.org","@graph":[{"@type":"Article","@id":"https:\/\/www.americanonewspaper.com\/es\/pepe-mujica\/un-buen-adios-para-ex-presidente-mujica-liviano-de-equipaje\/#article","isPartOf":{"@id":"https:\/\/www.americanonewspaper.com\/es\/pepe-mujica\/un-buen-adios-para-ex-presidente-mujica-liviano-de-equipaje\/"},"author":{"name":"Victoria Deus","@id":"https:\/\/www.americanonewspaper.com\/es\/#\/schema\/person\/875497672032163af362240e09375960"},"headline":"Un buen adi\u00f3s para ex presidente Mujica: &#8220;Liviano de Equipaje&#8221;","datePublished":"2025-05-13T21:22:36+00:00","dateModified":"2025-05-14T11:33:14+00:00","mainEntityOfPage":{"@id":"https:\/\/www.americanonewspaper.com\/es\/pepe-mujica\/un-buen-adios-para-ex-presidente-mujica-liviano-de-equipaje\/"},"wordCount":440,"commentCount":0,"publisher":{"@id":"https:\/\/www.americanonewspaper.com\/es\/#organization"},"image":{"@id":"https:\/\/www.americanonewspaper.com\/es\/pepe-mujica\/un-buen-adios-para-ex-presidente-mujica-liviano-de-equipaje\/#primaryimage"},"thumbnailUrl":"https:\/\/www.americanonewspaper.com\/es\/wp-content\/uploads\/2025\/05\/Woman-Motivational-Quote-Facebook-Post-1-1.png","articleSection":["Montevideo","Pepe M\u00fajica","Uruguay"],"inLanguage":"en-US","potentialAction":[{"@type":"CommentAction","name":"Comment","target":["https:\/\/www.americanonewspaper.com\/es\/pepe-mujica\/un-buen-adios-para-ex-presidente-mujica-liviano-de-equipaje\/#respond"]}]},{"@type":"WebPage","@id":"https:\/\/www.americanonewspaper.com\/es\/pepe-mujica\/un-buen-adios-para-ex-presidente-mujica-liviano-de-equipaje\/","url":"https:\/\/www.americanonewspaper.com\/es\/pepe-mujica\/un-buen-adios-para-ex-presidente-mujica-liviano-de-equipaje\/","name":"Un buen adi\u00f3s para ex presidente Mujica: \"Liviano de Equipaje\" - Americano Newspaper","isPartOf":{"@id":"https:\/\/www.americanonewspaper.com\/es\/#website"},"primaryImageOfPage":{"@id":"https:\/\/www.americanonewspaper.com\/es\/pepe-mujica\/un-buen-adios-para-ex-presidente-mujica-liviano-de-equipaje\/#primaryimage"},"image":{"@id":"https:\/\/www.americanonewspaper.com\/es\/pepe-mujica\/un-buen-adios-para-ex-presidente-mujica-liviano-de-equipaje\/#primaryimage"},"thumbnailUrl":"https:\/\/www.americanonewspaper.com\/es\/wp-content\/uploads\/2025\/05\/Woman-Motivational-Quote-Facebook-Post-1-1.png","datePublished":"2025-05-13T21:22:36+00:00","dateModified":"2025-05-14T11:33:14+00:00","description":"El expresidente de Uruguay Jos\u00e9 'Pepe' Mujica falleci\u00f3 este martes en Montevideo a los 89 a\u00f1os, un a\u00f1o despu\u00e9s de que le descubrieran un tumor maligno en el es\u00f3fago.","breadcrumb":{"@id":"https:\/\/www.americanonewspaper.com\/es\/pepe-mujica\/un-buen-adios-para-ex-presidente-mujica-liviano-de-equipaje\/#breadcrumb"},"inLanguage":"en-US","potentialAction":[{"@type":"ReadAction","target":["https:\/\/www.americanonewspaper.com\/es\/pepe-mujica\/un-buen-adios-para-ex-presidente-mujica-liviano-de-equipaje\/"]}]},{"@type":"ImageObject","inLanguage":"en-US","@id":"https:\/\/www.americanonewspaper.com\/es\/pepe-mujica\/un-buen-adios-para-ex-presidente-mujica-liviano-de-equipaje\/#primaryimage","url":"https:\/\/www.americanonewspaper.com\/es\/wp-content\/uploads\/2025\/05\/Woman-Motivational-Quote-Facebook-Post-1-1.png","contentUrl":"https:\/\/www.americanonewspaper.com\/es\/wp-content\/uploads\/2025\/05\/Woman-Motivational-Quote-Facebook-Post-1-1.png","width":940,"height":788,"caption":"Fotograf\u00eda de archivo del expresidente uruguayo Jos\u00e9 'Pepe' Mujica durante un homenaje, en Montevideo (Uruguay). EFE\/ Gast\u00f3n Britos."},{"@type":"BreadcrumbList","@id":"https:\/\/www.americanonewspaper.com\/es\/pepe-mujica\/un-buen-adios-para-ex-presidente-mujica-liviano-de-equipaje\/#breadcrumb","itemListElement":[{"@type":"ListItem","position":1,"name":"Home","item":"https:\/\/www.americanonewspaper.com\/es\/"},{"@type":"ListItem","position":2,"name":"Un buen adi\u00f3s para ex presidente Mujica: &#8220;Liviano de Equipaje&#8221;"}]},{"@type":"WebSite","@id":"https:\/\/www.americanonewspaper.com\/es\/#website","url":"https:\/\/www.americanonewspaper.com\/es\/","name":"Americano Newspaper","description":"The Hispanic Newspaper of New Jersey.","publisher":{"@id":"https:\/\/www.americanonewspaper.com\/es\/#organization"},"potentialAction":[{"@type":"SearchAction","target":{"@type":"EntryPoint","urlTemplate":"https:\/\/www.americanonewspaper.com\/es\/?s={search_term_string}"},"query-input":{"@type":"PropertyValueSpecification","valueRequired":true,"valueName":"search_term_string"}}],"inLanguage":"en-US"},{"@type":"Organization","@id":"https:\/\/www.americanonewspaper.com\/es\/#organization","name":"Americano Newspaper","url":"https:\/\/www.americanonewspaper.com\/es\/","logo":{"@type":"ImageObject","inLanguage":"en-US","@id":"https:\/\/www.americanonewspaper.com\/es\/#\/schema\/logo\/image\/","url":"https:\/\/www.americanonewspaper.com\/es\/wp-content\/uploads\/2024\/05\/AmericanoLogoCircle.comCircle2.jpg","contentUrl":"https:\/\/www.americanonewspaper.com\/es\/wp-content\/uploads\/2024\/05\/AmericanoLogoCircle.comCircle2.jpg","width":600,"height":600,"caption":"Americano Newspaper"},"image":{"@id":"https:\/\/www.americanonewspaper.com\/es\/#\/schema\/logo\/image\/"},"sameAs":["https:\/\/www.facebook.com\/AmericanoNewspaper\/"]},{"@type":"Person","@id":"https:\/\/www.americanonewspaper.com\/es\/#\/schema\/person\/875497672032163af362240e09375960","name":"Victoria Deus","image":{"@type":"ImageObject","inLanguage":"en-US","@id":"https:\/\/www.americanonewspaper.com\/es\/wp-content\/litespeed\/avatar\/87ebc08dcb2dba9e584c4557748a9de2.jpg?ver=1777428042","url":"https:\/\/www.americanonewspaper.com\/es\/wp-content\/litespeed\/avatar\/87ebc08dcb2dba9e584c4557748a9de2.jpg?ver=1777428042","contentUrl":"https:\/\/www.americanonewspaper.com\/es\/wp-content\/litespeed\/avatar\/87ebc08dcb2dba9e584c4557748a9de2.jpg?ver=1777428042","caption":"Victoria Deus"},"sameAs":["http:\/\/www.americanonewspaper.com"],"url":"https:\/\/www.americanonewspaper.com\/es\/author\/victoria\/"}]}},"jetpack_publicize_connections":[],"jetpack_featured_media_url":"https:\/\/www.americanonewspaper.com\/es\/wp-content\/uploads\/2025\/05\/Woman-Motivational-Quote-Facebook-Post-1-1.png","featured_image_urls":{"full":["https:\/\/www.americanonewspaper.com\/es\/wp-content\/uploads\/2025\/05\/Woman-Motivational-Quote-Facebook-Post-1-1.png",940,788,false],"thumbnail":["https:\/\/www.americanonewspaper.com\/es\/wp-content\/uploads\/2025\/05\/Woman-Motivational-Quote-Facebook-Post-1-1-250x250.png",250,250,true],"medium":["https:\/\/www.americanonewspaper.com\/es\/wp-content\/uploads\/2025\/05\/Woman-Motivational-Quote-Facebook-Post-1-1-300x251.png",300,251,true],"medium_large":["https:\/\/www.americanonewspaper.com\/es\/wp-content\/uploads\/2025\/05\/Woman-Motivational-Quote-Facebook-Post-1-1-768x644.png",696,584,true],"large":["https:\/\/www.americanonewspaper.com\/es\/wp-content\/uploads\/2025\/05\/Woman-Motivational-Quote-Facebook-Post-1-1-596x500.png",596,500,true],"1536x1536":["https:\/\/www.americanonewspaper.com\/es\/wp-content\/uploads\/2025\/05\/Woman-Motivational-Quote-Facebook-Post-1-1.png",940,788,false],"2048x2048":["https:\/\/www.americanonewspaper.com\/es\/wp-content\/uploads\/2025\/05\/Woman-Motivational-Quote-Facebook-Post-1-1.png",940,788,false],"td_150x0":["https:\/\/www.americanonewspaper.com\/es\/wp-content\/uploads\/2025\/05\/Woman-Motivational-Quote-Facebook-Post-1-1-150x126.png",150,126,true],"td_218x150":["https:\/\/www.americanonewspaper.com\/es\/wp-content\/uploads\/2025\/05\/Woman-Motivational-Quote-Facebook-Post-1-1-218x150.png",218,150,true],"td_300x0":["https:\/\/www.americanonewspaper.com\/es\/wp-content\/uploads\/2025\/05\/Woman-Motivational-Quote-Facebook-Post-1-1-300x251.png",300,251,true],"td_324x400":["https:\/\/www.americanonewspaper.com\/es\/wp-content\/uploads\/2025\/05\/Woman-Motivational-Quote-Facebook-Post-1-1-324x400.png",324,400,true],"td_485x360":["https:\/\/www.americanonewspaper.com\/es\/wp-content\/uploads\/2025\/05\/Woman-Motivational-Quote-Facebook-Post-1-1-485x360.png",485,360,true],"td_696x0":["https:\/\/www.americanonewspaper.com\/es\/wp-content\/uploads\/2025\/05\/Woman-Motivational-Quote-Facebook-Post-1-1-696x583.png",696,583,true],"td_1068x0":["https:\/\/www.americanonewspaper.com\/es\/wp-content\/uploads\/2025\/05\/Woman-Motivational-Quote-Facebook-Post-1-1.png",940,788,false],"td_1920x0":["https:\/\/www.americanonewspaper.com\/es\/wp-content\/uploads\/2025\/05\/Woman-Motivational-Quote-Facebook-Post-1-1.png",940,788,false],"bdpp-medium":["https:\/\/www.americanonewspaper.com\/es\/wp-content\/uploads\/2025\/05\/Woman-Motivational-Quote-Facebook-Post-1-1-640x480.png",640,480,true]},"author_info":{"display_name":"Victoria Deus","author_link":"https:\/\/www.americanonewspaper.com\/es\/author\/victoria\/"},"category_info":"<a href=\"https:\/\/www.americanonewspaper.com\/es\/category\/montevideo\/\" rel=\"category tag\">Montevideo<\/a> <a href=\"https:\/\/www.americanonewspaper.com\/es\/category\/pepe-mujica\/\" rel=\"category tag\">Pepe M\u00fajica<\/a> <a href=\"https:\/\/www.americanonewspaper.com\/es\/category\/uruguay\/\" rel=\"category tag\">Uruguay<\/a>","tag_info":"Uruguay","comment_count":"0","jetpack_sharing_enabled":true,"jetpack_likes_enabled":true,"_links":{"self":[{"href":"https:\/\/www.americanonewspaper.com\/es\/wp-json\/wp\/v2\/posts\/26480","targetHints":{"allow":["GET"]}}],"collection":[{"href":"https:\/\/www.americanonewspaper.com\/es\/wp-json\/wp\/v2\/posts"}],"about":[{"href":"https:\/\/www.americanonewspaper.com\/es\/wp-json\/wp\/v2\/types\/post"}],"author":[{"embeddable":true,"href":"https:\/\/www.americanonewspaper.com\/es\/wp-json\/wp\/v2\/users\/18"}],"replies":[{"embeddable":true,"href":"https:\/\/www.americanonewspaper.com\/es\/wp-json\/wp\/v2\/comments?post=26480"}],"version-history":[{"count":3,"href":"https:\/\/www.americanonewspaper.com\/es\/wp-json\/wp\/v2\/posts\/26480\/revisions"}],"predecessor-version":[{"id":26489,"href":"https:\/\/www.americanonewspaper.com\/es\/wp-json\/wp\/v2\/posts\/26480\/revisions\/26489"}],"wp:featuredmedia":[{"embeddable":true,"href":"https:\/\/www.americanonewspaper.com\/es\/wp-json\/wp\/v2\/media\/26481"}],"wp:attachment":[{"href":"https:\/\/www.americanonewspaper.com\/es\/wp-json\/wp\/v2\/media?parent=26480"}],"wp:term":[{"taxonomy":"category","embeddable":true,"href":"https:\/\/www.americanonewspaper.com\/es\/wp-json\/wp\/v2\/categories?post=26480"},{"taxonomy":"post_tag","embeddable":true,"href":"https:\/\/www.americanonewspaper.com\/es\/wp-json\/wp\/v2\/tags?post=26480"}],"curies":[{"name":"wp","href":"https:\/\/api.w.org\/{rel}","templated":true}]}}