{"id":26300,"date":"2025-05-06T08:08:57","date_gmt":"2025-05-06T12:08:57","guid":{"rendered":"https:\/\/www.americanonewspaper.com\/es\/?p=26300"},"modified":"2025-05-06T08:14:01","modified_gmt":"2025-05-06T12:14:01","slug":"preludio-de-la-met-gala-en-nueva-york","status":"publish","type":"post","link":"https:\/\/www.americanonewspaper.com\/es\/farandula\/preludio-de-la-met-gala-en-nueva-york\/","title":{"rendered":"Preludio de la Met Gala en Nueva York"},"content":{"rendered":"\n<p>Nueva York, 5 may (EFE).- By Nora Quintanilla <\/p>\n\n\n\n<p class=\"dropcapp3\">Decenas de famosos alabaron este lunes el estilo de los dandis negros y lucieron conjuntos de sastrer\u00eda extravagantes en su honor en el preludio de la Met Gala, en Nueva York, pero evitaron entrar en pol\u00edtica en un momento candente para Estados Unidos.<\/p>\n\n\n\n<figure class=\"wp-block-image size-large is-resized\"><img fetchpriority=\"high\" decoding=\"async\" width=\"750\" height=\"500\" src=\"https:\/\/www.americanonewspaper.com\/es\/wp-content\/uploads\/2025\/05\/Madonna-750x500.jpeg\" alt=\"\" class=\"wp-image-26302\" style=\"width:1067px;height:auto\" srcset=\"https:\/\/www.americanonewspaper.com\/es\/wp-content\/uploads\/2025\/05\/Madonna-750x500.jpeg 750w, https:\/\/www.americanonewspaper.com\/es\/wp-content\/uploads\/2025\/05\/Madonna-300x200.jpeg 300w, https:\/\/www.americanonewspaper.com\/es\/wp-content\/uploads\/2025\/05\/Madonna-768x512.jpeg 768w, https:\/\/www.americanonewspaper.com\/es\/wp-content\/uploads\/2025\/05\/Madonna-150x100.jpeg 150w, https:\/\/www.americanonewspaper.com\/es\/wp-content\/uploads\/2025\/05\/Madonna-696x464.jpeg 696w, https:\/\/www.americanonewspaper.com\/es\/wp-content\/uploads\/2025\/05\/Madonna.jpeg 900w\" sizes=\"(max-width: 750px) 100vw, 750px\" \/><figcaption class=\"wp-element-caption\">Madonna posa en la alfombra roja de la Met Gala en Nueva York (EE. UU.), el 5 de mayo de 2025. EFE\/EPA\/JUSTIN LANE<\/figcaption><\/figure>\n\n\n\n<p>La editora de Vogue, Anna Wintour, que es la principal organizadora, explic\u00f3 a los medios presentes que la exposici\u00f3n de moda para la que este exclusivo evento recauda fondos, y que trata del dandismo negro, llevaba a\u00f1os en preparaci\u00f3n, adem\u00e1s, matiz\u00f3 que hoy enviaba un mensaje de \u201capoyo a la comunidad negra\u201d.<\/p>\n\n\n\n<figure class=\"wp-block-image size-large is-resized\"><img decoding=\"async\" width=\"800\" height=\"365\" src=\"https:\/\/www.americanonewspaper.com\/es\/wp-content\/uploads\/2025\/05\/Screenshot-2025-02-20-at-9.11.40\u202fAM-1920x877-2-2-800x365.webp\" alt=\"\" class=\"wp-image-26292\" style=\"width:1066px;height:auto\" srcset=\"https:\/\/www.americanonewspaper.com\/es\/wp-content\/uploads\/2025\/05\/Screenshot-2025-02-20-at-9.11.40\u202fAM-1920x877-2-2-800x365.webp 800w, https:\/\/www.americanonewspaper.com\/es\/wp-content\/uploads\/2025\/05\/Screenshot-2025-02-20-at-9.11.40\u202fAM-1920x877-2-2-300x137.webp 300w, https:\/\/www.americanonewspaper.com\/es\/wp-content\/uploads\/2025\/05\/Screenshot-2025-02-20-at-9.11.40\u202fAM-1920x877-2-2-768x351.webp 768w, https:\/\/www.americanonewspaper.com\/es\/wp-content\/uploads\/2025\/05\/Screenshot-2025-02-20-at-9.11.40\u202fAM-1920x877-2-2-1536x702.webp 1536w, https:\/\/www.americanonewspaper.com\/es\/wp-content\/uploads\/2025\/05\/Screenshot-2025-02-20-at-9.11.40\u202fAM-1920x877-2-2-150x69.webp 150w, https:\/\/www.americanonewspaper.com\/es\/wp-content\/uploads\/2025\/05\/Screenshot-2025-02-20-at-9.11.40\u202fAM-1920x877-2-2-696x318.webp 696w, https:\/\/www.americanonewspaper.com\/es\/wp-content\/uploads\/2025\/05\/Screenshot-2025-02-20-at-9.11.40\u202fAM-1920x877-2-2-1068x488.webp 1068w, https:\/\/www.americanonewspaper.com\/es\/wp-content\/uploads\/2025\/05\/Screenshot-2025-02-20-at-9.11.40\u202fAM-1920x877-2-2.webp 1920w\" sizes=\"(max-width: 800px) 100vw, 800px\" \/><\/figure>\n\n\n\n<p>Despu\u00e9s de ella, el cantante Pharrell, uno de los anfitriones, asegur\u00f3 que los dandis negros han inspirado su trabajo en moda -es director creativo de Louis Vuitton- y resumi\u00f3: \u201cEsto trata sobre nosotros\u201d, algo que se escuch\u00f3 con diferentes ecos a lo largo de la tarde.<\/p>\n\n\n\n<p>El actor Colman Domingo, que homenaje\u00f3 con dos conjuntos diferentes a un dandi negro contempor\u00e1neo, el editor Andr\u00e9 Leon Talley, dijo que no se ha celebrado al hombre negro lo suficiente en la historia, y sentenci\u00f3: \u201cNosotros les diremos qui\u00e9nes somos\u201d.<\/p>\n\n\n\n<figure class=\"wp-block-image size-large is-resized\"><img decoding=\"async\" width=\"333\" height=\"500\" src=\"https:\/\/www.americanonewspaper.com\/es\/wp-content\/uploads\/2025\/05\/Rihanna-S-333x500.jpeg\" alt=\"\" class=\"wp-image-26304\" style=\"width:1068px;height:auto\" srcset=\"https:\/\/www.americanonewspaper.com\/es\/wp-content\/uploads\/2025\/05\/Rihanna-S-333x500.jpeg 333w, https:\/\/www.americanonewspaper.com\/es\/wp-content\/uploads\/2025\/05\/Rihanna-S-200x300.jpeg 200w, https:\/\/www.americanonewspaper.com\/es\/wp-content\/uploads\/2025\/05\/Rihanna-S-150x225.jpeg 150w, https:\/\/www.americanonewspaper.com\/es\/wp-content\/uploads\/2025\/05\/Rihanna-S-300x450.jpeg 300w, https:\/\/www.americanonewspaper.com\/es\/wp-content\/uploads\/2025\/05\/Rihanna-S.jpeg 600w\" sizes=\"(max-width: 333px) 100vw, 333px\" \/><figcaption class=\"wp-element-caption\">Rihanna posa en la alfombra roja de la Met Gala en Nueva York (EE. UU.), el 5 de mayo de 2025. EFE\/EPA\/JUSTIN LANE<\/figcaption><\/figure>\n\n\n\n<p>Quiz\u00e1s fue el reverendo Al Sharpton, un l\u00edder comunitario de Nueva York, quien m\u00e1s se atrevi\u00f3 a valorar la coyuntura pol\u00edtica, con un \u201cnos negamos a ser vencidos\u201d sin alusiones al gobierno de Donald Trump, que ha eliminado la discriminaci\u00f3n positiva a nivel federal y generado un efecto domin\u00f3 en empresas e instituciones.<\/p>\n\n\n\n<p>Ni la presentadora Whoopi Goldberg, que presume de no tener pelos en la lengua, quiso &#8216;mojarse&#8217; con declaraciones contundentes m\u00e1s all\u00e1 de la moda, precisamente en una jornada de fuertes lluvias totalmente pasada por agua para los fans que esperaban enfrente del Museo Metropolitano.<\/p>\n\n\n\n<p>Muchos de los invitados subieron la escalinata hacia el museo, donde se celebra la fiesta, deteni\u00e9ndose solo a ser fotografiados y saludando al pasar a los periodistas apostados a cada lado de la alfombra roja -que en realidad era azul con flores- durante horas, y que reclamaban alguna declaraci\u00f3n.<\/p>\n\n\n\n<figure class=\"wp-block-image size-large is-resized\"><a href=\"https:\/\/www.paulmillertoyota.com\/ofertas-de-arrendamiento.htm\" target=\"_blank\" rel=\" noreferrer noopener\"><img loading=\"lazy\" decoding=\"async\" width=\"800\" height=\"349\" src=\"https:\/\/www.americanonewspaper.com\/es\/wp-content\/uploads\/2025\/05\/Screenshot-2025-04-26-at-3.09.26\u202fPM-1920x838-2-800x349.webp\" alt=\"\" class=\"wp-image-26267\" style=\"width:1067px;height:auto\" srcset=\"https:\/\/www.americanonewspaper.com\/es\/wp-content\/uploads\/2025\/05\/Screenshot-2025-04-26-at-3.09.26\u202fPM-1920x838-2-800x349.webp 800w, https:\/\/www.americanonewspaper.com\/es\/wp-content\/uploads\/2025\/05\/Screenshot-2025-04-26-at-3.09.26\u202fPM-1920x838-2-300x131.webp 300w, https:\/\/www.americanonewspaper.com\/es\/wp-content\/uploads\/2025\/05\/Screenshot-2025-04-26-at-3.09.26\u202fPM-1920x838-2-768x335.webp 768w, https:\/\/www.americanonewspaper.com\/es\/wp-content\/uploads\/2025\/05\/Screenshot-2025-04-26-at-3.09.26\u202fPM-1920x838-2-1536x670.webp 1536w, https:\/\/www.americanonewspaper.com\/es\/wp-content\/uploads\/2025\/05\/Screenshot-2025-04-26-at-3.09.26\u202fPM-1920x838-2-150x65.webp 150w, https:\/\/www.americanonewspaper.com\/es\/wp-content\/uploads\/2025\/05\/Screenshot-2025-04-26-at-3.09.26\u202fPM-1920x838-2-696x304.webp 696w, https:\/\/www.americanonewspaper.com\/es\/wp-content\/uploads\/2025\/05\/Screenshot-2025-04-26-at-3.09.26\u202fPM-1920x838-2-1068x466.webp 1068w, https:\/\/www.americanonewspaper.com\/es\/wp-content\/uploads\/2025\/05\/Screenshot-2025-04-26-at-3.09.26\u202fPM-1920x838-2.webp 1920w\" sizes=\"(max-width: 800px) 100vw, 800px\" \/><\/a><\/figure>\n\n\n\n<p>El cineasta Spike Lee, con sus ic\u00f3nicas gafas de pasta y un sombrero naranja de los Knicks, brome\u00f3 sobre el asunto con que hoy se sent\u00eda \u201cextra negro\u201d y apostill\u00f3: \u201cVamos a celebrarnos a nosotros mismos hoy\u201d.<\/p>\n\n\n\n<p>Mientras, su esposa, Tonya Lewis Lee, matiz\u00f3 la importancia del momento, en el que muchos vieron una exaltaci\u00f3n de la excelencia negra en la moda y en otros \u00e1mbitos: \u201cLa gente negra ya hac\u00eda cosas maravillosas antes de llegar a este pa\u00eds: nuestros ancestros\u201d.<\/p>\n\n\n\n<p>Pese a todo, eso no signific\u00f3 que la velada fuera aburrida, pues hubo una sucesi\u00f3n de an\u00e9cdotas: Nicole Kidman debut\u00f3 cabello corto y bicolor, el cantante Andr\u00e9 3000 acudi\u00f3 cargando un piano, el actor Damson Idris lleg\u00f3 con mono y casco de F\u00f3rmula 1, y Rihanna revel\u00f3 un nuevo embarazo al llegar la \u00faltima.<\/p>\n\n\n\n<p>No se perdieron el evento la reina del pop Madonna, vestida con traje blanco, ni sus &#8216;herederas&#8217; Chappel Roan, Dua Lipa o Sabrina Carpenter, que lucieron modelos sexis; tampoco la excandidata presidencial Kamala Harris, cuya asistencia anunci\u00f3 la revista Vogue, y a la que no se vio en la alfombra azul.<\/p>\n\n\n\n<figure class=\"wp-block-image size-large is-resized\"><a href=\"https:\/\/www.eventbrite.com\/e\/health-wellness-fair-2025-tickets-1261498308399?aff=oddtdtcreator\" target=\"_blank\" rel=\" noreferrer noopener\"><img loading=\"lazy\" decoding=\"async\" width=\"800\" height=\"444\" src=\"https:\/\/www.americanonewspaper.com\/es\/wp-content\/uploads\/2025\/05\/Screenshot-2025-03-29-at-8.46.44\u202fAM-1920x1065-1-1-2-800x444.png\" alt=\"\" class=\"wp-image-26294\" style=\"width:1068px;height:auto\" srcset=\"https:\/\/www.americanonewspaper.com\/es\/wp-content\/uploads\/2025\/05\/Screenshot-2025-03-29-at-8.46.44\u202fAM-1920x1065-1-1-2-800x444.png 800w, https:\/\/www.americanonewspaper.com\/es\/wp-content\/uploads\/2025\/05\/Screenshot-2025-03-29-at-8.46.44\u202fAM-1920x1065-1-1-2-300x166.png 300w, https:\/\/www.americanonewspaper.com\/es\/wp-content\/uploads\/2025\/05\/Screenshot-2025-03-29-at-8.46.44\u202fAM-1920x1065-1-1-2-768x426.png 768w, https:\/\/www.americanonewspaper.com\/es\/wp-content\/uploads\/2025\/05\/Screenshot-2025-03-29-at-8.46.44\u202fAM-1920x1065-1-1-2-1536x852.png 1536w, https:\/\/www.americanonewspaper.com\/es\/wp-content\/uploads\/2025\/05\/Screenshot-2025-03-29-at-8.46.44\u202fAM-1920x1065-1-1-2-150x83.png 150w, https:\/\/www.americanonewspaper.com\/es\/wp-content\/uploads\/2025\/05\/Screenshot-2025-03-29-at-8.46.44\u202fAM-1920x1065-1-1-2-696x386.png 696w, https:\/\/www.americanonewspaper.com\/es\/wp-content\/uploads\/2025\/05\/Screenshot-2025-03-29-at-8.46.44\u202fAM-1920x1065-1-1-2-1068x592.png 1068w, https:\/\/www.americanonewspaper.com\/es\/wp-content\/uploads\/2025\/05\/Screenshot-2025-03-29-at-8.46.44\u202fAM-1920x1065-1-1-2.png 1920w\" sizes=\"(max-width: 800px) 100vw, 800px\" \/><\/a><\/figure>\n\n\n\n<p>Y, por fin, hubo un clan familiar que rivaliz\u00f3 con las televisivas Kim Kardashian, Kylie Jenner y Kendall Jenner: los Ross, pues a la legendaria Diana Ross, espectacular con un vestido brillante y una larga capa blanca de pedrer\u00eda y plumas, la acompa\u00f1aron sus hijos, el m\u00fasico Evan y la actriz Tracee.<\/p>\n\n\n\n<p>Como en los \u00faltimos a\u00f1os, hubo una nutrida representaci\u00f3n hispana entre la que destacaron estrellas musicales, como el puertorrique\u00f1o Bad Bunny, la espa\u00f1ola Rosal\u00eda, o los colombianos Maluma, J Balvin y Shakira, todos ellos expresando sus ganas de pasarlo bien dentro y vistiendo sus mejores galas.<\/p>\n\n\n\n<figure class=\"wp-block-image size-large is-resized\"><a href=\"https:\/\/www.reidweinmanlaw.com\/\" target=\"_blank\" rel=\" noreferrer noopener\"><img loading=\"lazy\" decoding=\"async\" width=\"800\" height=\"367\" src=\"https:\/\/www.americanonewspaper.com\/es\/wp-content\/uploads\/2025\/05\/Banner-copySpanish-1-800x367.jpg\" alt=\"\" class=\"wp-image-26270\" style=\"width:1068px;height:auto\" srcset=\"https:\/\/www.americanonewspaper.com\/es\/wp-content\/uploads\/2025\/05\/Banner-copySpanish-1-800x367.jpg 800w, https:\/\/www.americanonewspaper.com\/es\/wp-content\/uploads\/2025\/05\/Banner-copySpanish-1-300x138.jpg 300w, https:\/\/www.americanonewspaper.com\/es\/wp-content\/uploads\/2025\/05\/Banner-copySpanish-1-768x352.jpg 768w, https:\/\/www.americanonewspaper.com\/es\/wp-content\/uploads\/2025\/05\/Banner-copySpanish-1-150x69.jpg 150w, https:\/\/www.americanonewspaper.com\/es\/wp-content\/uploads\/2025\/05\/Banner-copySpanish-1-696x319.jpg 696w, https:\/\/www.americanonewspaper.com\/es\/wp-content\/uploads\/2025\/05\/Banner-copySpanish-1-1068x490.jpg 1068w, https:\/\/www.americanonewspaper.com\/es\/wp-content\/uploads\/2025\/05\/Banner-copySpanish-1.jpg 1200w\" sizes=\"(max-width: 800px) 100vw, 800px\" \/><\/a><\/figure>\n\n\n\n<p><\/p>\n","protected":false},"excerpt":{"rendered":"<p>Nueva York, 5 may (EFE).- By Nora Quintanilla Decenas de famosos alabaron este lunes el estilo de los dandis negros y lucieron conjuntos de sastrer\u00eda extravagantes en su honor en el preludio de la Met Gala, en Nueva York, pero evitaron entrar en pol\u00edtica en un momento candente para Estados Unidos. La editora de Vogue, [&hellip;]<\/p>\n","protected":false},"author":7,"featured_media":26301,"comment_status":"open","ping_status":"open","sticky":false,"template":"","format":"standard","meta":{"_acf_changed":false,"tdm_status":"","tdm_grid_status":"","_jetpack_memberships_contains_paid_content":false,"footnotes":"","jetpack_publicize_message":"","jetpack_publicize_feature_enabled":true,"jetpack_social_post_already_shared":true,"jetpack_social_options":{"image_generator_settings":{"template":"highway","default_image_id":0,"font":"","enabled":false},"version":2},"_wpas_customize_per_network":false},"categories":[527,653,247],"tags":[],"class_list":{"0":"post-26300","1":"post","2":"type-post","3":"status-publish","4":"format-standard","5":"has-post-thumbnail","7":"category-farandula","8":"category-met-gala","9":"category-new-york"},"acf":[],"yoast_head":"<!-- This site is optimized with the Yoast SEO Premium plugin v27.5 (Yoast SEO v27.5) - https:\/\/yoast.com\/product\/yoast-seo-premium-wordpress\/ -->\n<title>Preludio de la Met Gala en Nueva York - Americano Newspaper<\/title>\n<meta name=\"description\" content=\"Decenas de famosos alabaron este lunes el estilo de los dandis negros y lucieron conjuntos de sastrer\u00eda extravagantes en su honor en el preludio de la Met Gala, en Nueva York, pero evitaron entrar en pol\u00edtica en un momento candente para Estados Unidos.\" \/>\n<meta name=\"robots\" content=\"index, follow, max-snippet:-1, max-image-preview:large, max-video-preview:-1\" \/>\n<link rel=\"canonical\" href=\"https:\/\/www.americanonewspaper.com\/es\/farandula\/preludio-de-la-met-gala-en-nueva-york\/\" \/>\n<meta property=\"og:locale\" content=\"en_US\" \/>\n<meta property=\"og:type\" content=\"article\" \/>\n<meta property=\"og:title\" content=\"Preludio de la Met Gala en Nueva York\" \/>\n<meta property=\"og:description\" content=\"Decenas de famosos alabaron este lunes el estilo de los dandis negros y lucieron conjuntos de sastrer\u00eda extravagantes en su honor en el preludio de la Met Gala, en Nueva York, pero evitaron entrar en pol\u00edtica en un momento candente para Estados Unidos.\" \/>\n<meta property=\"og:url\" content=\"https:\/\/www.americanonewspaper.com\/es\/farandula\/preludio-de-la-met-gala-en-nueva-york\/\" \/>\n<meta property=\"og:site_name\" content=\"Americano Newspaper\" \/>\n<meta property=\"article:publisher\" content=\"https:\/\/www.facebook.com\/AmericanoNewspaper\/\" \/>\n<meta property=\"article:published_time\" content=\"2025-05-06T12:08:57+00:00\" \/>\n<meta property=\"article:modified_time\" content=\"2025-05-06T12:14:01+00:00\" \/>\n<meta property=\"og:image\" content=\"https:\/\/www.americanonewspaper.com\/es\/wp-content\/uploads\/2025\/05\/Nicole-Kidman.jpeg\" \/>\n\t<meta property=\"og:image:width\" content=\"900\" \/>\n\t<meta property=\"og:image:height\" content=\"600\" \/>\n\t<meta property=\"og:image:type\" content=\"image\/jpeg\" \/>\n<meta name=\"author\" content=\"Author\" \/>\n<meta name=\"twitter:card\" content=\"summary_large_image\" \/>\n<meta name=\"twitter:label1\" content=\"Written by\" \/>\n\t<meta name=\"twitter:data1\" content=\"Author\" \/>\n\t<meta name=\"twitter:label2\" content=\"Est. reading time\" \/>\n\t<meta name=\"twitter:data2\" content=\"5 minutes\" \/>\n<script type=\"application\/ld+json\" class=\"yoast-schema-graph\">{\"@context\":\"https:\\\/\\\/schema.org\",\"@graph\":[{\"@type\":\"Article\",\"@id\":\"https:\\\/\\\/www.americanonewspaper.com\\\/es\\\/farandula\\\/preludio-de-la-met-gala-en-nueva-york\\\/#article\",\"isPartOf\":{\"@id\":\"https:\\\/\\\/www.americanonewspaper.com\\\/es\\\/farandula\\\/preludio-de-la-met-gala-en-nueva-york\\\/\"},\"author\":{\"name\":\"Author\",\"@id\":\"https:\\\/\\\/www.americanonewspaper.com\\\/es\\\/#\\\/schema\\\/person\\\/8967f6b8af7e37bcbbe61f68580ff088\"},\"headline\":\"Preludio de la Met Gala en Nueva York\",\"datePublished\":\"2025-05-06T12:08:57+00:00\",\"dateModified\":\"2025-05-06T12:14:01+00:00\",\"mainEntityOfPage\":{\"@id\":\"https:\\\/\\\/www.americanonewspaper.com\\\/es\\\/farandula\\\/preludio-de-la-met-gala-en-nueva-york\\\/\"},\"wordCount\":705,\"commentCount\":0,\"publisher\":{\"@id\":\"https:\\\/\\\/www.americanonewspaper.com\\\/es\\\/#organization\"},\"image\":{\"@id\":\"https:\\\/\\\/www.americanonewspaper.com\\\/es\\\/farandula\\\/preludio-de-la-met-gala-en-nueva-york\\\/#primaryimage\"},\"thumbnailUrl\":\"https:\\\/\\\/www.americanonewspaper.com\\\/es\\\/wp-content\\\/uploads\\\/2025\\\/05\\\/Nicole-Kidman.jpeg\",\"articleSection\":[\"Far\u00e1ndula\",\"Met Gala\",\"New York\"],\"inLanguage\":\"en-US\",\"potentialAction\":[{\"@type\":\"CommentAction\",\"name\":\"Comment\",\"target\":[\"https:\\\/\\\/www.americanonewspaper.com\\\/es\\\/farandula\\\/preludio-de-la-met-gala-en-nueva-york\\\/#respond\"]}]},{\"@type\":\"WebPage\",\"@id\":\"https:\\\/\\\/www.americanonewspaper.com\\\/es\\\/farandula\\\/preludio-de-la-met-gala-en-nueva-york\\\/\",\"url\":\"https:\\\/\\\/www.americanonewspaper.com\\\/es\\\/farandula\\\/preludio-de-la-met-gala-en-nueva-york\\\/\",\"name\":\"Preludio de la Met Gala en Nueva York - Americano Newspaper\",\"isPartOf\":{\"@id\":\"https:\\\/\\\/www.americanonewspaper.com\\\/es\\\/#website\"},\"primaryImageOfPage\":{\"@id\":\"https:\\\/\\\/www.americanonewspaper.com\\\/es\\\/farandula\\\/preludio-de-la-met-gala-en-nueva-york\\\/#primaryimage\"},\"image\":{\"@id\":\"https:\\\/\\\/www.americanonewspaper.com\\\/es\\\/farandula\\\/preludio-de-la-met-gala-en-nueva-york\\\/#primaryimage\"},\"thumbnailUrl\":\"https:\\\/\\\/www.americanonewspaper.com\\\/es\\\/wp-content\\\/uploads\\\/2025\\\/05\\\/Nicole-Kidman.jpeg\",\"datePublished\":\"2025-05-06T12:08:57+00:00\",\"dateModified\":\"2025-05-06T12:14:01+00:00\",\"description\":\"Decenas de famosos alabaron este lunes el estilo de los dandis negros y lucieron conjuntos de sastrer\u00eda extravagantes en su honor en el preludio de la Met Gala, en Nueva York, pero evitaron entrar en pol\u00edtica en un momento candente para Estados Unidos.\",\"breadcrumb\":{\"@id\":\"https:\\\/\\\/www.americanonewspaper.com\\\/es\\\/farandula\\\/preludio-de-la-met-gala-en-nueva-york\\\/#breadcrumb\"},\"inLanguage\":\"en-US\",\"potentialAction\":[{\"@type\":\"ReadAction\",\"target\":[\"https:\\\/\\\/www.americanonewspaper.com\\\/es\\\/farandula\\\/preludio-de-la-met-gala-en-nueva-york\\\/\"]}]},{\"@type\":\"ImageObject\",\"inLanguage\":\"en-US\",\"@id\":\"https:\\\/\\\/www.americanonewspaper.com\\\/es\\\/farandula\\\/preludio-de-la-met-gala-en-nueva-york\\\/#primaryimage\",\"url\":\"https:\\\/\\\/www.americanonewspaper.com\\\/es\\\/wp-content\\\/uploads\\\/2025\\\/05\\\/Nicole-Kidman.jpeg\",\"contentUrl\":\"https:\\\/\\\/www.americanonewspaper.com\\\/es\\\/wp-content\\\/uploads\\\/2025\\\/05\\\/Nicole-Kidman.jpeg\",\"width\":900,\"height\":600,\"caption\":\"Nicole Kidman posa en la alfombra roja de la Met Gala en Nueva York (EE. UU.), el 5 de mayo de 2025. EFE\\\/EPA\\\/JUSTIN LANE\"},{\"@type\":\"BreadcrumbList\",\"@id\":\"https:\\\/\\\/www.americanonewspaper.com\\\/es\\\/farandula\\\/preludio-de-la-met-gala-en-nueva-york\\\/#breadcrumb\",\"itemListElement\":[{\"@type\":\"ListItem\",\"position\":1,\"name\":\"Home\",\"item\":\"https:\\\/\\\/www.americanonewspaper.com\\\/es\\\/\"},{\"@type\":\"ListItem\",\"position\":2,\"name\":\"Preludio de la Met Gala en Nueva York\"}]},{\"@type\":\"WebSite\",\"@id\":\"https:\\\/\\\/www.americanonewspaper.com\\\/es\\\/#website\",\"url\":\"https:\\\/\\\/www.americanonewspaper.com\\\/es\\\/\",\"name\":\"Americano Newspaper\",\"description\":\"The Hispanic Newspaper of New Jersey.\",\"publisher\":{\"@id\":\"https:\\\/\\\/www.americanonewspaper.com\\\/es\\\/#organization\"},\"potentialAction\":[{\"@type\":\"SearchAction\",\"target\":{\"@type\":\"EntryPoint\",\"urlTemplate\":\"https:\\\/\\\/www.americanonewspaper.com\\\/es\\\/?s={search_term_string}\"},\"query-input\":{\"@type\":\"PropertyValueSpecification\",\"valueRequired\":true,\"valueName\":\"search_term_string\"}}],\"inLanguage\":\"en-US\"},{\"@type\":\"Organization\",\"@id\":\"https:\\\/\\\/www.americanonewspaper.com\\\/es\\\/#organization\",\"name\":\"Americano Newspaper\",\"url\":\"https:\\\/\\\/www.americanonewspaper.com\\\/es\\\/\",\"logo\":{\"@type\":\"ImageObject\",\"inLanguage\":\"en-US\",\"@id\":\"https:\\\/\\\/www.americanonewspaper.com\\\/es\\\/#\\\/schema\\\/logo\\\/image\\\/\",\"url\":\"https:\\\/\\\/www.americanonewspaper.com\\\/es\\\/wp-content\\\/uploads\\\/2024\\\/05\\\/AmericanoLogoCircle.comCircle2.jpg\",\"contentUrl\":\"https:\\\/\\\/www.americanonewspaper.com\\\/es\\\/wp-content\\\/uploads\\\/2024\\\/05\\\/AmericanoLogoCircle.comCircle2.jpg\",\"width\":600,\"height\":600,\"caption\":\"Americano Newspaper\"},\"image\":{\"@id\":\"https:\\\/\\\/www.americanonewspaper.com\\\/es\\\/#\\\/schema\\\/logo\\\/image\\\/\"},\"sameAs\":[\"https:\\\/\\\/www.facebook.com\\\/AmericanoNewspaper\\\/\"]},{\"@type\":\"Person\",\"@id\":\"https:\\\/\\\/www.americanonewspaper.com\\\/es\\\/#\\\/schema\\\/person\\\/8967f6b8af7e37bcbbe61f68580ff088\",\"name\":\"Author\",\"image\":{\"@type\":\"ImageObject\",\"inLanguage\":\"en-US\",\"@id\":\"https:\\\/\\\/www.americanonewspaper.com\\\/es\\\/wp-content\\\/litespeed\\\/avatar\\\/89ffaf6af3cf6769ffb3c6efb2313947.jpg?ver=1777427547\",\"url\":\"https:\\\/\\\/www.americanonewspaper.com\\\/es\\\/wp-content\\\/litespeed\\\/avatar\\\/89ffaf6af3cf6769ffb3c6efb2313947.jpg?ver=1777427547\",\"contentUrl\":\"https:\\\/\\\/www.americanonewspaper.com\\\/es\\\/wp-content\\\/litespeed\\\/avatar\\\/89ffaf6af3cf6769ffb3c6efb2313947.jpg?ver=1777427547\",\"caption\":\"Author\"},\"url\":\"https:\\\/\\\/www.americanonewspaper.com\\\/es\\\/author\\\/americano\\\/\"}]}<\/script>\n<!-- \/ Yoast SEO Premium plugin. -->","yoast_head_json":{"title":"Preludio de la Met Gala en Nueva York - Americano Newspaper","description":"Decenas de famosos alabaron este lunes el estilo de los dandis negros y lucieron conjuntos de sastrer\u00eda extravagantes en su honor en el preludio de la Met Gala, en Nueva York, pero evitaron entrar en pol\u00edtica en un momento candente para Estados Unidos.","robots":{"index":"index","follow":"follow","max-snippet":"max-snippet:-1","max-image-preview":"max-image-preview:large","max-video-preview":"max-video-preview:-1"},"canonical":"https:\/\/www.americanonewspaper.com\/es\/farandula\/preludio-de-la-met-gala-en-nueva-york\/","og_locale":"en_US","og_type":"article","og_title":"Preludio de la Met Gala en Nueva York","og_description":"Decenas de famosos alabaron este lunes el estilo de los dandis negros y lucieron conjuntos de sastrer\u00eda extravagantes en su honor en el preludio de la Met Gala, en Nueva York, pero evitaron entrar en pol\u00edtica en un momento candente para Estados Unidos.","og_url":"https:\/\/www.americanonewspaper.com\/es\/farandula\/preludio-de-la-met-gala-en-nueva-york\/","og_site_name":"Americano Newspaper","article_publisher":"https:\/\/www.facebook.com\/AmericanoNewspaper\/","article_published_time":"2025-05-06T12:08:57+00:00","article_modified_time":"2025-05-06T12:14:01+00:00","og_image":[{"width":900,"height":600,"url":"https:\/\/www.americanonewspaper.com\/es\/wp-content\/uploads\/2025\/05\/Nicole-Kidman.jpeg","type":"image\/jpeg"}],"author":"Author","twitter_card":"summary_large_image","twitter_misc":{"Written by":"Author","Est. reading time":"5 minutes"},"schema":{"@context":"https:\/\/schema.org","@graph":[{"@type":"Article","@id":"https:\/\/www.americanonewspaper.com\/es\/farandula\/preludio-de-la-met-gala-en-nueva-york\/#article","isPartOf":{"@id":"https:\/\/www.americanonewspaper.com\/es\/farandula\/preludio-de-la-met-gala-en-nueva-york\/"},"author":{"name":"Author","@id":"https:\/\/www.americanonewspaper.com\/es\/#\/schema\/person\/8967f6b8af7e37bcbbe61f68580ff088"},"headline":"Preludio de la Met Gala en Nueva York","datePublished":"2025-05-06T12:08:57+00:00","dateModified":"2025-05-06T12:14:01+00:00","mainEntityOfPage":{"@id":"https:\/\/www.americanonewspaper.com\/es\/farandula\/preludio-de-la-met-gala-en-nueva-york\/"},"wordCount":705,"commentCount":0,"publisher":{"@id":"https:\/\/www.americanonewspaper.com\/es\/#organization"},"image":{"@id":"https:\/\/www.americanonewspaper.com\/es\/farandula\/preludio-de-la-met-gala-en-nueva-york\/#primaryimage"},"thumbnailUrl":"https:\/\/www.americanonewspaper.com\/es\/wp-content\/uploads\/2025\/05\/Nicole-Kidman.jpeg","articleSection":["Far\u00e1ndula","Met Gala","New York"],"inLanguage":"en-US","potentialAction":[{"@type":"CommentAction","name":"Comment","target":["https:\/\/www.americanonewspaper.com\/es\/farandula\/preludio-de-la-met-gala-en-nueva-york\/#respond"]}]},{"@type":"WebPage","@id":"https:\/\/www.americanonewspaper.com\/es\/farandula\/preludio-de-la-met-gala-en-nueva-york\/","url":"https:\/\/www.americanonewspaper.com\/es\/farandula\/preludio-de-la-met-gala-en-nueva-york\/","name":"Preludio de la Met Gala en Nueva York - Americano Newspaper","isPartOf":{"@id":"https:\/\/www.americanonewspaper.com\/es\/#website"},"primaryImageOfPage":{"@id":"https:\/\/www.americanonewspaper.com\/es\/farandula\/preludio-de-la-met-gala-en-nueva-york\/#primaryimage"},"image":{"@id":"https:\/\/www.americanonewspaper.com\/es\/farandula\/preludio-de-la-met-gala-en-nueva-york\/#primaryimage"},"thumbnailUrl":"https:\/\/www.americanonewspaper.com\/es\/wp-content\/uploads\/2025\/05\/Nicole-Kidman.jpeg","datePublished":"2025-05-06T12:08:57+00:00","dateModified":"2025-05-06T12:14:01+00:00","description":"Decenas de famosos alabaron este lunes el estilo de los dandis negros y lucieron conjuntos de sastrer\u00eda extravagantes en su honor en el preludio de la Met Gala, en Nueva York, pero evitaron entrar en pol\u00edtica en un momento candente para Estados Unidos.","breadcrumb":{"@id":"https:\/\/www.americanonewspaper.com\/es\/farandula\/preludio-de-la-met-gala-en-nueva-york\/#breadcrumb"},"inLanguage":"en-US","potentialAction":[{"@type":"ReadAction","target":["https:\/\/www.americanonewspaper.com\/es\/farandula\/preludio-de-la-met-gala-en-nueva-york\/"]}]},{"@type":"ImageObject","inLanguage":"en-US","@id":"https:\/\/www.americanonewspaper.com\/es\/farandula\/preludio-de-la-met-gala-en-nueva-york\/#primaryimage","url":"https:\/\/www.americanonewspaper.com\/es\/wp-content\/uploads\/2025\/05\/Nicole-Kidman.jpeg","contentUrl":"https:\/\/www.americanonewspaper.com\/es\/wp-content\/uploads\/2025\/05\/Nicole-Kidman.jpeg","width":900,"height":600,"caption":"Nicole Kidman posa en la alfombra roja de la Met Gala en Nueva York (EE. UU.), el 5 de mayo de 2025. EFE\/EPA\/JUSTIN LANE"},{"@type":"BreadcrumbList","@id":"https:\/\/www.americanonewspaper.com\/es\/farandula\/preludio-de-la-met-gala-en-nueva-york\/#breadcrumb","itemListElement":[{"@type":"ListItem","position":1,"name":"Home","item":"https:\/\/www.americanonewspaper.com\/es\/"},{"@type":"ListItem","position":2,"name":"Preludio de la Met Gala en Nueva York"}]},{"@type":"WebSite","@id":"https:\/\/www.americanonewspaper.com\/es\/#website","url":"https:\/\/www.americanonewspaper.com\/es\/","name":"Americano Newspaper","description":"The Hispanic Newspaper of New Jersey.","publisher":{"@id":"https:\/\/www.americanonewspaper.com\/es\/#organization"},"potentialAction":[{"@type":"SearchAction","target":{"@type":"EntryPoint","urlTemplate":"https:\/\/www.americanonewspaper.com\/es\/?s={search_term_string}"},"query-input":{"@type":"PropertyValueSpecification","valueRequired":true,"valueName":"search_term_string"}}],"inLanguage":"en-US"},{"@type":"Organization","@id":"https:\/\/www.americanonewspaper.com\/es\/#organization","name":"Americano Newspaper","url":"https:\/\/www.americanonewspaper.com\/es\/","logo":{"@type":"ImageObject","inLanguage":"en-US","@id":"https:\/\/www.americanonewspaper.com\/es\/#\/schema\/logo\/image\/","url":"https:\/\/www.americanonewspaper.com\/es\/wp-content\/uploads\/2024\/05\/AmericanoLogoCircle.comCircle2.jpg","contentUrl":"https:\/\/www.americanonewspaper.com\/es\/wp-content\/uploads\/2024\/05\/AmericanoLogoCircle.comCircle2.jpg","width":600,"height":600,"caption":"Americano Newspaper"},"image":{"@id":"https:\/\/www.americanonewspaper.com\/es\/#\/schema\/logo\/image\/"},"sameAs":["https:\/\/www.facebook.com\/AmericanoNewspaper\/"]},{"@type":"Person","@id":"https:\/\/www.americanonewspaper.com\/es\/#\/schema\/person\/8967f6b8af7e37bcbbe61f68580ff088","name":"Author","image":{"@type":"ImageObject","inLanguage":"en-US","@id":"https:\/\/www.americanonewspaper.com\/es\/wp-content\/litespeed\/avatar\/89ffaf6af3cf6769ffb3c6efb2313947.jpg?ver=1777427547","url":"https:\/\/www.americanonewspaper.com\/es\/wp-content\/litespeed\/avatar\/89ffaf6af3cf6769ffb3c6efb2313947.jpg?ver=1777427547","contentUrl":"https:\/\/www.americanonewspaper.com\/es\/wp-content\/litespeed\/avatar\/89ffaf6af3cf6769ffb3c6efb2313947.jpg?ver=1777427547","caption":"Author"},"url":"https:\/\/www.americanonewspaper.com\/es\/author\/americano\/"}]}},"jetpack_publicize_connections":[],"jetpack_featured_media_url":"https:\/\/www.americanonewspaper.com\/es\/wp-content\/uploads\/2025\/05\/Nicole-Kidman.jpeg","featured_image_urls":{"full":["https:\/\/www.americanonewspaper.com\/es\/wp-content\/uploads\/2025\/05\/Nicole-Kidman.jpeg",900,600,false],"thumbnail":["https:\/\/www.americanonewspaper.com\/es\/wp-content\/uploads\/2025\/05\/Nicole-Kidman-250x250.jpeg",250,250,true],"medium":["https:\/\/www.americanonewspaper.com\/es\/wp-content\/uploads\/2025\/05\/Nicole-Kidman-300x200.jpeg",300,200,true],"medium_large":["https:\/\/www.americanonewspaper.com\/es\/wp-content\/uploads\/2025\/05\/Nicole-Kidman-768x512.jpeg",696,464,true],"large":["https:\/\/www.americanonewspaper.com\/es\/wp-content\/uploads\/2025\/05\/Nicole-Kidman-750x500.jpeg",696,464,true],"1536x1536":["https:\/\/www.americanonewspaper.com\/es\/wp-content\/uploads\/2025\/05\/Nicole-Kidman.jpeg",900,600,false],"2048x2048":["https:\/\/www.americanonewspaper.com\/es\/wp-content\/uploads\/2025\/05\/Nicole-Kidman.jpeg",900,600,false],"td_150x0":["https:\/\/www.americanonewspaper.com\/es\/wp-content\/uploads\/2025\/05\/Nicole-Kidman-150x100.jpeg",150,100,true],"td_218x150":["https:\/\/www.americanonewspaper.com\/es\/wp-content\/uploads\/2025\/05\/Nicole-Kidman-218x150.jpeg",218,150,true],"td_300x0":["https:\/\/www.americanonewspaper.com\/es\/wp-content\/uploads\/2025\/05\/Nicole-Kidman-300x200.jpeg",300,200,true],"td_324x400":["https:\/\/www.americanonewspaper.com\/es\/wp-content\/uploads\/2025\/05\/Nicole-Kidman-324x400.jpeg",324,400,true],"td_485x360":["https:\/\/www.americanonewspaper.com\/es\/wp-content\/uploads\/2025\/05\/Nicole-Kidman-485x360.jpeg",485,360,true],"td_696x0":["https:\/\/www.americanonewspaper.com\/es\/wp-content\/uploads\/2025\/05\/Nicole-Kidman-696x464.jpeg",696,464,true],"td_1068x0":["https:\/\/www.americanonewspaper.com\/es\/wp-content\/uploads\/2025\/05\/Nicole-Kidman.jpeg",900,600,false],"td_1920x0":["https:\/\/www.americanonewspaper.com\/es\/wp-content\/uploads\/2025\/05\/Nicole-Kidman.jpeg",900,600,false],"bdpp-medium":["https:\/\/www.americanonewspaper.com\/es\/wp-content\/uploads\/2025\/05\/Nicole-Kidman-640x480.jpeg",640,480,true]},"author_info":{"display_name":"Author","author_link":"https:\/\/www.americanonewspaper.com\/es\/author\/americano\/"},"category_info":"<a href=\"https:\/\/www.americanonewspaper.com\/es\/category\/farandula\/\" rel=\"category tag\">Far\u00e1ndula<\/a> <a href=\"https:\/\/www.americanonewspaper.com\/es\/category\/met-gala\/\" rel=\"category tag\">Met Gala<\/a> <a href=\"https:\/\/www.americanonewspaper.com\/es\/category\/new-york\/\" rel=\"category tag\">New York<\/a>","tag_info":"New York","comment_count":"0","jetpack_sharing_enabled":true,"jetpack_likes_enabled":true,"_links":{"self":[{"href":"https:\/\/www.americanonewspaper.com\/es\/wp-json\/wp\/v2\/posts\/26300","targetHints":{"allow":["GET"]}}],"collection":[{"href":"https:\/\/www.americanonewspaper.com\/es\/wp-json\/wp\/v2\/posts"}],"about":[{"href":"https:\/\/www.americanonewspaper.com\/es\/wp-json\/wp\/v2\/types\/post"}],"author":[{"embeddable":true,"href":"https:\/\/www.americanonewspaper.com\/es\/wp-json\/wp\/v2\/users\/7"}],"replies":[{"embeddable":true,"href":"https:\/\/www.americanonewspaper.com\/es\/wp-json\/wp\/v2\/comments?post=26300"}],"version-history":[{"count":2,"href":"https:\/\/www.americanonewspaper.com\/es\/wp-json\/wp\/v2\/posts\/26300\/revisions"}],"predecessor-version":[{"id":26305,"href":"https:\/\/www.americanonewspaper.com\/es\/wp-json\/wp\/v2\/posts\/26300\/revisions\/26305"}],"wp:featuredmedia":[{"embeddable":true,"href":"https:\/\/www.americanonewspaper.com\/es\/wp-json\/wp\/v2\/media\/26301"}],"wp:attachment":[{"href":"https:\/\/www.americanonewspaper.com\/es\/wp-json\/wp\/v2\/media?parent=26300"}],"wp:term":[{"taxonomy":"category","embeddable":true,"href":"https:\/\/www.americanonewspaper.com\/es\/wp-json\/wp\/v2\/categories?post=26300"},{"taxonomy":"post_tag","embeddable":true,"href":"https:\/\/www.americanonewspaper.com\/es\/wp-json\/wp\/v2\/tags?post=26300"}],"curies":[{"name":"wp","href":"https:\/\/api.w.org\/{rel}","templated":true}]}}