{"id":26054,"date":"2025-04-18T22:49:10","date_gmt":"2025-04-19T02:49:10","guid":{"rendered":"https:\/\/www.americanonewspaper.com\/es\/?p=26054"},"modified":"2025-04-18T22:57:12","modified_gmt":"2025-04-19T02:57:12","slug":"new-york-protege-a-los-inmigrantes","status":"publish","type":"post","link":"https:\/\/www.americanonewspaper.com\/es\/new-york\/new-york-protege-a-los-inmigrantes\/","title":{"rendered":"New York protege a los inmigrantes"},"content":{"rendered":"\n<p>Nueva York, 18 abr (EFE).- <\/p>\n\n\n\n<p class=\"dropcapp3\">La ciudad de Nueva York asegur\u00f3 este viernes que sigue comprometida con proteger a los inmigrantes y les record\u00f3 que no teman acudir a los hospitales para recibir la ayuda que necesitan, pese a ser momentos &#8220;dif\u00edciles&#8221; en que el Gobierno del presidente Donald Trump arrecia su campa\u00f1a contra esta comunidad.<\/p>\n\n\n\n<figure class=\"wp-block-image size-large is-resized\"><img fetchpriority=\"high\" decoding=\"async\" width=\"800\" height=\"365\" src=\"https:\/\/www.americanonewspaper.com\/es\/wp-content\/uploads\/2025\/04\/Screenshot-2025-02-20-at-9.11.40\u202fAM-1920x877-2-11-800x365.webp\" alt=\"\" class=\"wp-image-26038\" style=\"width:1068px;height:auto\" srcset=\"https:\/\/www.americanonewspaper.com\/es\/wp-content\/uploads\/2025\/04\/Screenshot-2025-02-20-at-9.11.40\u202fAM-1920x877-2-11-800x365.webp 800w, https:\/\/www.americanonewspaper.com\/es\/wp-content\/uploads\/2025\/04\/Screenshot-2025-02-20-at-9.11.40\u202fAM-1920x877-2-11-300x137.webp 300w, https:\/\/www.americanonewspaper.com\/es\/wp-content\/uploads\/2025\/04\/Screenshot-2025-02-20-at-9.11.40\u202fAM-1920x877-2-11-768x351.webp 768w, https:\/\/www.americanonewspaper.com\/es\/wp-content\/uploads\/2025\/04\/Screenshot-2025-02-20-at-9.11.40\u202fAM-1920x877-2-11-1536x702.webp 1536w, https:\/\/www.americanonewspaper.com\/es\/wp-content\/uploads\/2025\/04\/Screenshot-2025-02-20-at-9.11.40\u202fAM-1920x877-2-11-150x69.webp 150w, https:\/\/www.americanonewspaper.com\/es\/wp-content\/uploads\/2025\/04\/Screenshot-2025-02-20-at-9.11.40\u202fAM-1920x877-2-11-696x318.webp 696w, https:\/\/www.americanonewspaper.com\/es\/wp-content\/uploads\/2025\/04\/Screenshot-2025-02-20-at-9.11.40\u202fAM-1920x877-2-11-1068x488.webp 1068w, https:\/\/www.americanonewspaper.com\/es\/wp-content\/uploads\/2025\/04\/Screenshot-2025-02-20-at-9.11.40\u202fAM-1920x877-2-11.webp 1920w\" sizes=\"(max-width: 800px) 100vw, 800px\" \/><\/figure>\n\n\n\n<p>Un grupo de funcionarios de la ciudad, encabezados por el comisionado de la Oficina de Asuntos de Inmigraci\u00f3n, Manuel Castro, se reunieron hoy en un foro para asegurar a los inmigrantes que sigue vigente la ley que convirti\u00f3 a Nueva York en una &#8220;ciudad santuario&#8221; (amiga de los inmigrantes).<\/p>\n\n\n\n<p>Indicaron, en ese sentido, que estos no tienen que revelar su estatus migratorio para recibir servicios de salud y todos los beneficios que por a\u00f1os se les han provisto, pese a la pol\u00edtica migratoria de Trump, a quien no mencionaron por su nombre.<\/p>\n\n\n\n<p>&#8220;Tenemos una larga y orgullosa historia de cuidar a todos, sin excepci\u00f3n, y hoy, nuestro compromiso con el acceso a la atenci\u00f3n m\u00e9dica sigue siendo inquebrantable, independientemente del estado migratorio, la capacidad de pago o por el dominio del ingl\u00e9s&#8221;, indic\u00f3 la comisionada interina del Departamento de Salud local, y m\u00e9dico, Michelle Morse.<\/p>\n\n\n\n<p>&#8220;Proteger a nuestros neoyorquinos inmigrantes no solo es lo correcto: es un imperativo de salud p\u00fablica&#8221;, sostuvo Morse, quien ofreci\u00f3 datos de un informe que su agencia dio a conocer esta semana sobre la salud de los inmigrantes, que revela que su expectativa de vida es mayor que la generaci\u00f3n que ha nacido en EE.UU., por lo que es importante que tengan acceso a servicios sanitarios.<\/p>\n\n\n\n<figure class=\"wp-block-image size-large is-resized\"><a href=\"https:\/\/www.eventbrite.com\/e\/health-wellness-fair-2025-tickets-1261498308399?aff=oddtdtcreator\" target=\"_blank\" rel=\" noreferrer noopener\"><img decoding=\"async\" width=\"800\" height=\"444\" src=\"https:\/\/www.americanonewspaper.com\/es\/wp-content\/uploads\/2025\/04\/Screenshot-2025-03-29-at-8.46.44\u202fAM-1920x1065-1-1-4-800x444.png\" alt=\"\" class=\"wp-image-26039\" style=\"width:1067px;height:auto\" srcset=\"https:\/\/www.americanonewspaper.com\/es\/wp-content\/uploads\/2025\/04\/Screenshot-2025-03-29-at-8.46.44\u202fAM-1920x1065-1-1-4-800x444.png 800w, https:\/\/www.americanonewspaper.com\/es\/wp-content\/uploads\/2025\/04\/Screenshot-2025-03-29-at-8.46.44\u202fAM-1920x1065-1-1-4-300x166.png 300w, https:\/\/www.americanonewspaper.com\/es\/wp-content\/uploads\/2025\/04\/Screenshot-2025-03-29-at-8.46.44\u202fAM-1920x1065-1-1-4-768x426.png 768w, https:\/\/www.americanonewspaper.com\/es\/wp-content\/uploads\/2025\/04\/Screenshot-2025-03-29-at-8.46.44\u202fAM-1920x1065-1-1-4-1536x852.png 1536w, https:\/\/www.americanonewspaper.com\/es\/wp-content\/uploads\/2025\/04\/Screenshot-2025-03-29-at-8.46.44\u202fAM-1920x1065-1-1-4-150x83.png 150w, https:\/\/www.americanonewspaper.com\/es\/wp-content\/uploads\/2025\/04\/Screenshot-2025-03-29-at-8.46.44\u202fAM-1920x1065-1-1-4-696x386.png 696w, https:\/\/www.americanonewspaper.com\/es\/wp-content\/uploads\/2025\/04\/Screenshot-2025-03-29-at-8.46.44\u202fAM-1920x1065-1-1-4-1068x592.png 1068w, https:\/\/www.americanonewspaper.com\/es\/wp-content\/uploads\/2025\/04\/Screenshot-2025-03-29-at-8.46.44\u202fAM-1920x1065-1-1-4.png 1920w\" sizes=\"(max-width: 800px) 100vw, 800px\" \/><\/a><\/figure>\n\n\n\n<p>Tambi\u00e9n dijo que defender e invertir en la confianza y la dignidad de los inmigrantes &#8220;es esencial&#8221; para una ciudad segura y saludable.<\/p>\n\n\n\n<p>&#8220;Estamos viviendo un per\u00edodo extremadamente intenso de control migratorio que tiene consecuencias directas para nuestra salud&#8221;, sostuvo Morse, que estuvo acompa\u00f1ada por el director ejecutivo de la corporaci\u00f3n de hospitales y cl\u00ednicas de salud p\u00fablicas, Jonathan Jim\u00e9nez, de origen colombiano, y que record\u00f3 que sus padres fueron indocumentados.<\/p>\n\n\n\n<p>Jim\u00e9nez, tambi\u00e9n m\u00e9dico, reiter\u00f3 que no se revela informaci\u00f3n de los pacientes y que su privacidad est\u00e1 protegida por la ley, por lo que los inmigrantes no tienen que dar informaci\u00f3n sobre su estatus migratorio para recibir servicios.<\/p>\n\n\n\n<p>El galeno tambi\u00e9n dirige el programa NYC Care, para neoyorquinos que no re\u00fanen los requisitos para un seguro m\u00e9dico, incluidos los indocumentados, y que acuden a cl\u00ednicas comunitarias, donde dijo que no ha visto una reducci\u00f3n en el n\u00famero de pacientes que atienden, unos 10.000 mensuales.<\/p>\n\n\n\n<p>Indic\u00f3 que su agencia trabaja en coordinaci\u00f3n con 22 oeneg\u00e9s para llevar el mensaje a los inmigrantes y adem\u00e1s ha emitido una gu\u00eda para los empleados de la corporaci\u00f3n de hospitales sobre qu\u00e9 hacer para proteger a pacientes si los agentes del Servicio de Inmigraci\u00f3n y Aduanas (ICE) se presentan en sus instalaciones.<\/p>\n\n\n\n<figure class=\"wp-block-image size-large is-resized\"><a href=\"https:\/\/www.facebook.com\/Americanoq\/\" target=\"_blank\" rel=\" noreferrer noopener\"><img decoding=\"async\" width=\"800\" height=\"434\" src=\"https:\/\/www.americanonewspaper.com\/es\/wp-content\/uploads\/2025\/04\/Screenshot-2025-03-23-at-8.59.23\u202fAM-800x434.webp\" alt=\"\" class=\"wp-image-26040\" style=\"width:1068px;height:auto\" srcset=\"https:\/\/www.americanonewspaper.com\/es\/wp-content\/uploads\/2025\/04\/Screenshot-2025-03-23-at-8.59.23\u202fAM-800x434.webp 800w, https:\/\/www.americanonewspaper.com\/es\/wp-content\/uploads\/2025\/04\/Screenshot-2025-03-23-at-8.59.23\u202fAM-300x163.webp 300w, https:\/\/www.americanonewspaper.com\/es\/wp-content\/uploads\/2025\/04\/Screenshot-2025-03-23-at-8.59.23\u202fAM-768x417.webp 768w, https:\/\/www.americanonewspaper.com\/es\/wp-content\/uploads\/2025\/04\/Screenshot-2025-03-23-at-8.59.23\u202fAM-150x81.webp 150w, https:\/\/www.americanonewspaper.com\/es\/wp-content\/uploads\/2025\/04\/Screenshot-2025-03-23-at-8.59.23\u202fAM-696x378.webp 696w, https:\/\/www.americanonewspaper.com\/es\/wp-content\/uploads\/2025\/04\/Screenshot-2025-03-23-at-8.59.23\u202fAM-1068x580.webp 1068w, https:\/\/www.americanonewspaper.com\/es\/wp-content\/uploads\/2025\/04\/Screenshot-2025-03-23-at-8.59.23\u202fAM.webp 1230w\" sizes=\"(max-width: 800px) 100vw, 800px\" \/><\/a><\/figure>\n\n\n\n<p>El comisionado de Inmigraci\u00f3n, Castro, dijo a EFE que el foro se realiza luego de que inmigrantes preguntaran si es seguro acudir a hospitales a por servicios o medicamentos por el temor a ser deportados por la pol\u00edtica migratoria de Trump, con la que coopera el alcalde Eric Adams.<\/p>\n\n\n\n<p>Esa cooperaci\u00f3n abarca tanto el arresto de inmigrantes con presunto expediente criminal como el retorno de ICE a la c\u00e1rcel municipal, lo que abona la inseguridad de esta comunidad.<\/p>\n\n\n\n<p>&#8220;Nuestro papel como jefes de agencia es comunicarnos con la comunidad sobre los hechos que existen, no sobre la pol\u00edtica o las conversaciones entre funcionarios&#8221;, dijo sobre las conversaciones que ha mantenido Adams con Trump y el zar de la frontera, Tom Homan, tras lo cual este anunci\u00f3 el retorno de ICE la c\u00e1rcel.<\/p>\n","protected":false},"excerpt":{"rendered":"<p>Nueva York, 18 abr (EFE).- La ciudad de Nueva York asegur\u00f3 este viernes que sigue comprometida con proteger a los inmigrantes y les record\u00f3 que no teman acudir a los hospitales para recibir la ayuda que necesitan, pese a ser momentos &#8220;dif\u00edciles&#8221; en que el Gobierno del presidente Donald Trump arrecia su campa\u00f1a contra esta [&hellip;]<\/p>\n","protected":false},"author":7,"featured_media":26055,"comment_status":"open","ping_status":"open","sticky":false,"template":"","format":"standard","meta":{"_acf_changed":false,"tdm_status":"","tdm_grid_status":"","_jetpack_memberships_contains_paid_content":false,"footnotes":"","jetpack_publicize_message":"","jetpack_publicize_feature_enabled":true,"jetpack_social_post_already_shared":true,"jetpack_social_options":{"image_generator_settings":{"template":"highway","default_image_id":0,"font":"","enabled":false},"version":2},"_wpas_customize_per_network":false},"categories":[196,565,247],"tags":[],"class_list":{"0":"post-26054","1":"post","2":"type-post","3":"status-publish","4":"format-standard","5":"has-post-thumbnail","7":"category-immigration","8":"category-migracion","9":"category-new-york"},"acf":[],"yoast_head":"<!-- This site is optimized with the Yoast SEO Premium plugin v27.5 (Yoast SEO v27.5) - https:\/\/yoast.com\/product\/yoast-seo-premium-wordpress\/ -->\n<title>New York protege a los inmigrantes - Americano Newspaper<\/title>\n<meta name=\"description\" content=\"La ciudad de Nueva York asegur\u00f3 este viernes que sigue comprometida con proteger a los inmigrantes y les record\u00f3 que no teman acudir a los hospitales para recibir la ayuda que necesitan, pese a ser momentos &quot;dif\u00edciles&quot; en que el Gobierno del presidente Donald Trump arrecia su campa\u00f1a contra esta comunidad.\" \/>\n<meta name=\"robots\" content=\"index, follow, max-snippet:-1, max-image-preview:large, max-video-preview:-1\" \/>\n<link rel=\"canonical\" href=\"https:\/\/www.americanonewspaper.com\/es\/new-york\/new-york-protege-a-los-inmigrantes\/\" \/>\n<meta property=\"og:locale\" content=\"en_US\" \/>\n<meta property=\"og:type\" content=\"article\" \/>\n<meta property=\"og:title\" content=\"New York protege a los inmigrantes\" \/>\n<meta property=\"og:description\" content=\"La ciudad de Nueva York asegur\u00f3 este viernes que sigue comprometida con proteger a los inmigrantes y les record\u00f3 que no teman acudir a los hospitales para recibir la ayuda que necesitan, pese a ser momentos &quot;dif\u00edciles&quot; en que el Gobierno del presidente Donald Trump arrecia su campa\u00f1a contra esta comunidad.\" \/>\n<meta property=\"og:url\" content=\"https:\/\/www.americanonewspaper.com\/es\/new-york\/new-york-protege-a-los-inmigrantes\/\" \/>\n<meta property=\"og:site_name\" content=\"Americano Newspaper\" \/>\n<meta property=\"article:publisher\" content=\"https:\/\/www.facebook.com\/AmericanoNewspaper\/\" \/>\n<meta property=\"article:published_time\" content=\"2025-04-19T02:49:10+00:00\" \/>\n<meta property=\"article:modified_time\" content=\"2025-04-19T02:57:12+00:00\" \/>\n<meta property=\"og:image\" content=\"https:\/\/www.americanonewspaper.com\/es\/wp-content\/uploads\/2025\/04\/New-York.jpeg\" \/>\n\t<meta property=\"og:image:width\" content=\"900\" \/>\n\t<meta property=\"og:image:height\" content=\"600\" \/>\n\t<meta property=\"og:image:type\" content=\"image\/jpeg\" \/>\n<meta name=\"author\" content=\"Author\" \/>\n<meta name=\"twitter:card\" content=\"summary_large_image\" \/>\n<meta name=\"twitter:label1\" content=\"Written by\" \/>\n\t<meta name=\"twitter:data1\" content=\"Author\" \/>\n\t<meta name=\"twitter:label2\" content=\"Est. reading time\" \/>\n\t<meta name=\"twitter:data2\" content=\"4 minutes\" \/>\n<script type=\"application\/ld+json\" class=\"yoast-schema-graph\">{\"@context\":\"https:\\\/\\\/schema.org\",\"@graph\":[{\"@type\":\"Article\",\"@id\":\"https:\\\/\\\/www.americanonewspaper.com\\\/es\\\/new-york\\\/new-york-protege-a-los-inmigrantes\\\/#article\",\"isPartOf\":{\"@id\":\"https:\\\/\\\/www.americanonewspaper.com\\\/es\\\/new-york\\\/new-york-protege-a-los-inmigrantes\\\/\"},\"author\":{\"name\":\"Author\",\"@id\":\"https:\\\/\\\/www.americanonewspaper.com\\\/es\\\/#\\\/schema\\\/person\\\/8967f6b8af7e37bcbbe61f68580ff088\"},\"headline\":\"New York protege a los inmigrantes\",\"datePublished\":\"2025-04-19T02:49:10+00:00\",\"dateModified\":\"2025-04-19T02:57:12+00:00\",\"mainEntityOfPage\":{\"@id\":\"https:\\\/\\\/www.americanonewspaper.com\\\/es\\\/new-york\\\/new-york-protege-a-los-inmigrantes\\\/\"},\"wordCount\":654,\"commentCount\":0,\"publisher\":{\"@id\":\"https:\\\/\\\/www.americanonewspaper.com\\\/es\\\/#organization\"},\"image\":{\"@id\":\"https:\\\/\\\/www.americanonewspaper.com\\\/es\\\/new-york\\\/new-york-protege-a-los-inmigrantes\\\/#primaryimage\"},\"thumbnailUrl\":\"https:\\\/\\\/www.americanonewspaper.com\\\/es\\\/wp-content\\\/uploads\\\/2025\\\/04\\\/New-York.jpeg\",\"articleSection\":[\"Inmigraci\u00f3n\",\"Migraci\u00f3n\",\"New York\"],\"inLanguage\":\"en-US\",\"potentialAction\":[{\"@type\":\"CommentAction\",\"name\":\"Comment\",\"target\":[\"https:\\\/\\\/www.americanonewspaper.com\\\/es\\\/new-york\\\/new-york-protege-a-los-inmigrantes\\\/#respond\"]}]},{\"@type\":\"WebPage\",\"@id\":\"https:\\\/\\\/www.americanonewspaper.com\\\/es\\\/new-york\\\/new-york-protege-a-los-inmigrantes\\\/\",\"url\":\"https:\\\/\\\/www.americanonewspaper.com\\\/es\\\/new-york\\\/new-york-protege-a-los-inmigrantes\\\/\",\"name\":\"New York protege a los inmigrantes - Americano Newspaper\",\"isPartOf\":{\"@id\":\"https:\\\/\\\/www.americanonewspaper.com\\\/es\\\/#website\"},\"primaryImageOfPage\":{\"@id\":\"https:\\\/\\\/www.americanonewspaper.com\\\/es\\\/new-york\\\/new-york-protege-a-los-inmigrantes\\\/#primaryimage\"},\"image\":{\"@id\":\"https:\\\/\\\/www.americanonewspaper.com\\\/es\\\/new-york\\\/new-york-protege-a-los-inmigrantes\\\/#primaryimage\"},\"thumbnailUrl\":\"https:\\\/\\\/www.americanonewspaper.com\\\/es\\\/wp-content\\\/uploads\\\/2025\\\/04\\\/New-York.jpeg\",\"datePublished\":\"2025-04-19T02:49:10+00:00\",\"dateModified\":\"2025-04-19T02:57:12+00:00\",\"description\":\"La ciudad de Nueva York asegur\u00f3 este viernes que sigue comprometida con proteger a los inmigrantes y les record\u00f3 que no teman acudir a los hospitales para recibir la ayuda que necesitan, pese a ser momentos \\\"dif\u00edciles\\\" en que el Gobierno del presidente Donald Trump arrecia su campa\u00f1a contra esta comunidad.\",\"breadcrumb\":{\"@id\":\"https:\\\/\\\/www.americanonewspaper.com\\\/es\\\/new-york\\\/new-york-protege-a-los-inmigrantes\\\/#breadcrumb\"},\"inLanguage\":\"en-US\",\"potentialAction\":[{\"@type\":\"ReadAction\",\"target\":[\"https:\\\/\\\/www.americanonewspaper.com\\\/es\\\/new-york\\\/new-york-protege-a-los-inmigrantes\\\/\"]}]},{\"@type\":\"ImageObject\",\"inLanguage\":\"en-US\",\"@id\":\"https:\\\/\\\/www.americanonewspaper.com\\\/es\\\/new-york\\\/new-york-protege-a-los-inmigrantes\\\/#primaryimage\",\"url\":\"https:\\\/\\\/www.americanonewspaper.com\\\/es\\\/wp-content\\\/uploads\\\/2025\\\/04\\\/New-York.jpeg\",\"contentUrl\":\"https:\\\/\\\/www.americanonewspaper.com\\\/es\\\/wp-content\\\/uploads\\\/2025\\\/04\\\/New-York.jpeg\",\"width\":900,\"height\":600,\"caption\":\"El director ejecutivo de la corporaci\u00f3n de hospitales, Jonathan Jimenez, junto a la comisionada interina de Salud de la ciudad, Michelle Morse Durante, habla durante una rueda de prensa este viernes, en la ciudad de Nueva York (Estados Unidos). EFE\\\/ Ruth Hernandez\"},{\"@type\":\"BreadcrumbList\",\"@id\":\"https:\\\/\\\/www.americanonewspaper.com\\\/es\\\/new-york\\\/new-york-protege-a-los-inmigrantes\\\/#breadcrumb\",\"itemListElement\":[{\"@type\":\"ListItem\",\"position\":1,\"name\":\"Home\",\"item\":\"https:\\\/\\\/www.americanonewspaper.com\\\/es\\\/\"},{\"@type\":\"ListItem\",\"position\":2,\"name\":\"New York protege a los inmigrantes\"}]},{\"@type\":\"WebSite\",\"@id\":\"https:\\\/\\\/www.americanonewspaper.com\\\/es\\\/#website\",\"url\":\"https:\\\/\\\/www.americanonewspaper.com\\\/es\\\/\",\"name\":\"Americano Newspaper\",\"description\":\"The Hispanic Newspaper of New Jersey.\",\"publisher\":{\"@id\":\"https:\\\/\\\/www.americanonewspaper.com\\\/es\\\/#organization\"},\"potentialAction\":[{\"@type\":\"SearchAction\",\"target\":{\"@type\":\"EntryPoint\",\"urlTemplate\":\"https:\\\/\\\/www.americanonewspaper.com\\\/es\\\/?s={search_term_string}\"},\"query-input\":{\"@type\":\"PropertyValueSpecification\",\"valueRequired\":true,\"valueName\":\"search_term_string\"}}],\"inLanguage\":\"en-US\"},{\"@type\":\"Organization\",\"@id\":\"https:\\\/\\\/www.americanonewspaper.com\\\/es\\\/#organization\",\"name\":\"Americano Newspaper\",\"url\":\"https:\\\/\\\/www.americanonewspaper.com\\\/es\\\/\",\"logo\":{\"@type\":\"ImageObject\",\"inLanguage\":\"en-US\",\"@id\":\"https:\\\/\\\/www.americanonewspaper.com\\\/es\\\/#\\\/schema\\\/logo\\\/image\\\/\",\"url\":\"https:\\\/\\\/www.americanonewspaper.com\\\/es\\\/wp-content\\\/uploads\\\/2024\\\/05\\\/AmericanoLogoCircle.comCircle2.jpg\",\"contentUrl\":\"https:\\\/\\\/www.americanonewspaper.com\\\/es\\\/wp-content\\\/uploads\\\/2024\\\/05\\\/AmericanoLogoCircle.comCircle2.jpg\",\"width\":600,\"height\":600,\"caption\":\"Americano Newspaper\"},\"image\":{\"@id\":\"https:\\\/\\\/www.americanonewspaper.com\\\/es\\\/#\\\/schema\\\/logo\\\/image\\\/\"},\"sameAs\":[\"https:\\\/\\\/www.facebook.com\\\/AmericanoNewspaper\\\/\"]},{\"@type\":\"Person\",\"@id\":\"https:\\\/\\\/www.americanonewspaper.com\\\/es\\\/#\\\/schema\\\/person\\\/8967f6b8af7e37bcbbe61f68580ff088\",\"name\":\"Author\",\"image\":{\"@type\":\"ImageObject\",\"inLanguage\":\"en-US\",\"@id\":\"https:\\\/\\\/www.americanonewspaper.com\\\/es\\\/wp-content\\\/litespeed\\\/avatar\\\/89ffaf6af3cf6769ffb3c6efb2313947.jpg?ver=1777427547\",\"url\":\"https:\\\/\\\/www.americanonewspaper.com\\\/es\\\/wp-content\\\/litespeed\\\/avatar\\\/89ffaf6af3cf6769ffb3c6efb2313947.jpg?ver=1777427547\",\"contentUrl\":\"https:\\\/\\\/www.americanonewspaper.com\\\/es\\\/wp-content\\\/litespeed\\\/avatar\\\/89ffaf6af3cf6769ffb3c6efb2313947.jpg?ver=1777427547\",\"caption\":\"Author\"},\"url\":\"https:\\\/\\\/www.americanonewspaper.com\\\/es\\\/author\\\/americano\\\/\"}]}<\/script>\n<!-- \/ Yoast SEO Premium plugin. -->","yoast_head_json":{"title":"New York protege a los inmigrantes - Americano Newspaper","description":"La ciudad de Nueva York asegur\u00f3 este viernes que sigue comprometida con proteger a los inmigrantes y les record\u00f3 que no teman acudir a los hospitales para recibir la ayuda que necesitan, pese a ser momentos \"dif\u00edciles\" en que el Gobierno del presidente Donald Trump arrecia su campa\u00f1a contra esta comunidad.","robots":{"index":"index","follow":"follow","max-snippet":"max-snippet:-1","max-image-preview":"max-image-preview:large","max-video-preview":"max-video-preview:-1"},"canonical":"https:\/\/www.americanonewspaper.com\/es\/new-york\/new-york-protege-a-los-inmigrantes\/","og_locale":"en_US","og_type":"article","og_title":"New York protege a los inmigrantes","og_description":"La ciudad de Nueva York asegur\u00f3 este viernes que sigue comprometida con proteger a los inmigrantes y les record\u00f3 que no teman acudir a los hospitales para recibir la ayuda que necesitan, pese a ser momentos \"dif\u00edciles\" en que el Gobierno del presidente Donald Trump arrecia su campa\u00f1a contra esta comunidad.","og_url":"https:\/\/www.americanonewspaper.com\/es\/new-york\/new-york-protege-a-los-inmigrantes\/","og_site_name":"Americano Newspaper","article_publisher":"https:\/\/www.facebook.com\/AmericanoNewspaper\/","article_published_time":"2025-04-19T02:49:10+00:00","article_modified_time":"2025-04-19T02:57:12+00:00","og_image":[{"width":900,"height":600,"url":"https:\/\/www.americanonewspaper.com\/es\/wp-content\/uploads\/2025\/04\/New-York.jpeg","type":"image\/jpeg"}],"author":"Author","twitter_card":"summary_large_image","twitter_misc":{"Written by":"Author","Est. reading time":"4 minutes"},"schema":{"@context":"https:\/\/schema.org","@graph":[{"@type":"Article","@id":"https:\/\/www.americanonewspaper.com\/es\/new-york\/new-york-protege-a-los-inmigrantes\/#article","isPartOf":{"@id":"https:\/\/www.americanonewspaper.com\/es\/new-york\/new-york-protege-a-los-inmigrantes\/"},"author":{"name":"Author","@id":"https:\/\/www.americanonewspaper.com\/es\/#\/schema\/person\/8967f6b8af7e37bcbbe61f68580ff088"},"headline":"New York protege a los inmigrantes","datePublished":"2025-04-19T02:49:10+00:00","dateModified":"2025-04-19T02:57:12+00:00","mainEntityOfPage":{"@id":"https:\/\/www.americanonewspaper.com\/es\/new-york\/new-york-protege-a-los-inmigrantes\/"},"wordCount":654,"commentCount":0,"publisher":{"@id":"https:\/\/www.americanonewspaper.com\/es\/#organization"},"image":{"@id":"https:\/\/www.americanonewspaper.com\/es\/new-york\/new-york-protege-a-los-inmigrantes\/#primaryimage"},"thumbnailUrl":"https:\/\/www.americanonewspaper.com\/es\/wp-content\/uploads\/2025\/04\/New-York.jpeg","articleSection":["Inmigraci\u00f3n","Migraci\u00f3n","New York"],"inLanguage":"en-US","potentialAction":[{"@type":"CommentAction","name":"Comment","target":["https:\/\/www.americanonewspaper.com\/es\/new-york\/new-york-protege-a-los-inmigrantes\/#respond"]}]},{"@type":"WebPage","@id":"https:\/\/www.americanonewspaper.com\/es\/new-york\/new-york-protege-a-los-inmigrantes\/","url":"https:\/\/www.americanonewspaper.com\/es\/new-york\/new-york-protege-a-los-inmigrantes\/","name":"New York protege a los inmigrantes - Americano Newspaper","isPartOf":{"@id":"https:\/\/www.americanonewspaper.com\/es\/#website"},"primaryImageOfPage":{"@id":"https:\/\/www.americanonewspaper.com\/es\/new-york\/new-york-protege-a-los-inmigrantes\/#primaryimage"},"image":{"@id":"https:\/\/www.americanonewspaper.com\/es\/new-york\/new-york-protege-a-los-inmigrantes\/#primaryimage"},"thumbnailUrl":"https:\/\/www.americanonewspaper.com\/es\/wp-content\/uploads\/2025\/04\/New-York.jpeg","datePublished":"2025-04-19T02:49:10+00:00","dateModified":"2025-04-19T02:57:12+00:00","description":"La ciudad de Nueva York asegur\u00f3 este viernes que sigue comprometida con proteger a los inmigrantes y les record\u00f3 que no teman acudir a los hospitales para recibir la ayuda que necesitan, pese a ser momentos \"dif\u00edciles\" en que el Gobierno del presidente Donald Trump arrecia su campa\u00f1a contra esta comunidad.","breadcrumb":{"@id":"https:\/\/www.americanonewspaper.com\/es\/new-york\/new-york-protege-a-los-inmigrantes\/#breadcrumb"},"inLanguage":"en-US","potentialAction":[{"@type":"ReadAction","target":["https:\/\/www.americanonewspaper.com\/es\/new-york\/new-york-protege-a-los-inmigrantes\/"]}]},{"@type":"ImageObject","inLanguage":"en-US","@id":"https:\/\/www.americanonewspaper.com\/es\/new-york\/new-york-protege-a-los-inmigrantes\/#primaryimage","url":"https:\/\/www.americanonewspaper.com\/es\/wp-content\/uploads\/2025\/04\/New-York.jpeg","contentUrl":"https:\/\/www.americanonewspaper.com\/es\/wp-content\/uploads\/2025\/04\/New-York.jpeg","width":900,"height":600,"caption":"El director ejecutivo de la corporaci\u00f3n de hospitales, Jonathan Jimenez, junto a la comisionada interina de Salud de la ciudad, Michelle Morse Durante, habla durante una rueda de prensa este viernes, en la ciudad de Nueva York (Estados Unidos). EFE\/ Ruth Hernandez"},{"@type":"BreadcrumbList","@id":"https:\/\/www.americanonewspaper.com\/es\/new-york\/new-york-protege-a-los-inmigrantes\/#breadcrumb","itemListElement":[{"@type":"ListItem","position":1,"name":"Home","item":"https:\/\/www.americanonewspaper.com\/es\/"},{"@type":"ListItem","position":2,"name":"New York protege a los inmigrantes"}]},{"@type":"WebSite","@id":"https:\/\/www.americanonewspaper.com\/es\/#website","url":"https:\/\/www.americanonewspaper.com\/es\/","name":"Americano Newspaper","description":"The Hispanic Newspaper of New Jersey.","publisher":{"@id":"https:\/\/www.americanonewspaper.com\/es\/#organization"},"potentialAction":[{"@type":"SearchAction","target":{"@type":"EntryPoint","urlTemplate":"https:\/\/www.americanonewspaper.com\/es\/?s={search_term_string}"},"query-input":{"@type":"PropertyValueSpecification","valueRequired":true,"valueName":"search_term_string"}}],"inLanguage":"en-US"},{"@type":"Organization","@id":"https:\/\/www.americanonewspaper.com\/es\/#organization","name":"Americano Newspaper","url":"https:\/\/www.americanonewspaper.com\/es\/","logo":{"@type":"ImageObject","inLanguage":"en-US","@id":"https:\/\/www.americanonewspaper.com\/es\/#\/schema\/logo\/image\/","url":"https:\/\/www.americanonewspaper.com\/es\/wp-content\/uploads\/2024\/05\/AmericanoLogoCircle.comCircle2.jpg","contentUrl":"https:\/\/www.americanonewspaper.com\/es\/wp-content\/uploads\/2024\/05\/AmericanoLogoCircle.comCircle2.jpg","width":600,"height":600,"caption":"Americano Newspaper"},"image":{"@id":"https:\/\/www.americanonewspaper.com\/es\/#\/schema\/logo\/image\/"},"sameAs":["https:\/\/www.facebook.com\/AmericanoNewspaper\/"]},{"@type":"Person","@id":"https:\/\/www.americanonewspaper.com\/es\/#\/schema\/person\/8967f6b8af7e37bcbbe61f68580ff088","name":"Author","image":{"@type":"ImageObject","inLanguage":"en-US","@id":"https:\/\/www.americanonewspaper.com\/es\/wp-content\/litespeed\/avatar\/89ffaf6af3cf6769ffb3c6efb2313947.jpg?ver=1777427547","url":"https:\/\/www.americanonewspaper.com\/es\/wp-content\/litespeed\/avatar\/89ffaf6af3cf6769ffb3c6efb2313947.jpg?ver=1777427547","contentUrl":"https:\/\/www.americanonewspaper.com\/es\/wp-content\/litespeed\/avatar\/89ffaf6af3cf6769ffb3c6efb2313947.jpg?ver=1777427547","caption":"Author"},"url":"https:\/\/www.americanonewspaper.com\/es\/author\/americano\/"}]}},"jetpack_publicize_connections":[],"jetpack_featured_media_url":"https:\/\/www.americanonewspaper.com\/es\/wp-content\/uploads\/2025\/04\/New-York.jpeg","featured_image_urls":{"full":["https:\/\/www.americanonewspaper.com\/es\/wp-content\/uploads\/2025\/04\/New-York.jpeg",900,600,false],"thumbnail":["https:\/\/www.americanonewspaper.com\/es\/wp-content\/uploads\/2025\/04\/New-York-250x250.jpeg",250,250,true],"medium":["https:\/\/www.americanonewspaper.com\/es\/wp-content\/uploads\/2025\/04\/New-York-300x200.jpeg",300,200,true],"medium_large":["https:\/\/www.americanonewspaper.com\/es\/wp-content\/uploads\/2025\/04\/New-York-768x512.jpeg",696,464,true],"large":["https:\/\/www.americanonewspaper.com\/es\/wp-content\/uploads\/2025\/04\/New-York-750x500.jpeg",696,464,true],"1536x1536":["https:\/\/www.americanonewspaper.com\/es\/wp-content\/uploads\/2025\/04\/New-York.jpeg",900,600,false],"2048x2048":["https:\/\/www.americanonewspaper.com\/es\/wp-content\/uploads\/2025\/04\/New-York.jpeg",900,600,false],"td_150x0":["https:\/\/www.americanonewspaper.com\/es\/wp-content\/uploads\/2025\/04\/New-York-150x100.jpeg",150,100,true],"td_218x150":["https:\/\/www.americanonewspaper.com\/es\/wp-content\/uploads\/2025\/04\/New-York-218x150.jpeg",218,150,true],"td_300x0":["https:\/\/www.americanonewspaper.com\/es\/wp-content\/uploads\/2025\/04\/New-York-300x200.jpeg",300,200,true],"td_324x400":["https:\/\/www.americanonewspaper.com\/es\/wp-content\/uploads\/2025\/04\/New-York-324x400.jpeg",324,400,true],"td_485x360":["https:\/\/www.americanonewspaper.com\/es\/wp-content\/uploads\/2025\/04\/New-York-485x360.jpeg",485,360,true],"td_696x0":["https:\/\/www.americanonewspaper.com\/es\/wp-content\/uploads\/2025\/04\/New-York-696x464.jpeg",696,464,true],"td_1068x0":["https:\/\/www.americanonewspaper.com\/es\/wp-content\/uploads\/2025\/04\/New-York.jpeg",900,600,false],"td_1920x0":["https:\/\/www.americanonewspaper.com\/es\/wp-content\/uploads\/2025\/04\/New-York.jpeg",900,600,false],"bdpp-medium":["https:\/\/www.americanonewspaper.com\/es\/wp-content\/uploads\/2025\/04\/New-York-640x480.jpeg",640,480,true]},"author_info":{"display_name":"Author","author_link":"https:\/\/www.americanonewspaper.com\/es\/author\/americano\/"},"category_info":"<a href=\"https:\/\/www.americanonewspaper.com\/es\/category\/immigration\/\" rel=\"category tag\">Inmigraci\u00f3n<\/a> <a href=\"https:\/\/www.americanonewspaper.com\/es\/category\/migracion\/\" rel=\"category tag\">Migraci\u00f3n<\/a> <a href=\"https:\/\/www.americanonewspaper.com\/es\/category\/new-york\/\" rel=\"category tag\">New York<\/a>","tag_info":"New York","comment_count":"0","jetpack_sharing_enabled":true,"jetpack_likes_enabled":true,"_links":{"self":[{"href":"https:\/\/www.americanonewspaper.com\/es\/wp-json\/wp\/v2\/posts\/26054","targetHints":{"allow":["GET"]}}],"collection":[{"href":"https:\/\/www.americanonewspaper.com\/es\/wp-json\/wp\/v2\/posts"}],"about":[{"href":"https:\/\/www.americanonewspaper.com\/es\/wp-json\/wp\/v2\/types\/post"}],"author":[{"embeddable":true,"href":"https:\/\/www.americanonewspaper.com\/es\/wp-json\/wp\/v2\/users\/7"}],"replies":[{"embeddable":true,"href":"https:\/\/www.americanonewspaper.com\/es\/wp-json\/wp\/v2\/comments?post=26054"}],"version-history":[{"count":1,"href":"https:\/\/www.americanonewspaper.com\/es\/wp-json\/wp\/v2\/posts\/26054\/revisions"}],"predecessor-version":[{"id":26056,"href":"https:\/\/www.americanonewspaper.com\/es\/wp-json\/wp\/v2\/posts\/26054\/revisions\/26056"}],"wp:featuredmedia":[{"embeddable":true,"href":"https:\/\/www.americanonewspaper.com\/es\/wp-json\/wp\/v2\/media\/26055"}],"wp:attachment":[{"href":"https:\/\/www.americanonewspaper.com\/es\/wp-json\/wp\/v2\/media?parent=26054"}],"wp:term":[{"taxonomy":"category","embeddable":true,"href":"https:\/\/www.americanonewspaper.com\/es\/wp-json\/wp\/v2\/categories?post=26054"},{"taxonomy":"post_tag","embeddable":true,"href":"https:\/\/www.americanonewspaper.com\/es\/wp-json\/wp\/v2\/tags?post=26054"}],"curies":[{"name":"wp","href":"https:\/\/api.w.org\/{rel}","templated":true}]}}