{"id":25995,"date":"2025-04-16T06:30:00","date_gmt":"2025-04-16T10:30:00","guid":{"rendered":"https:\/\/www.americanonewspaper.com\/es\/?p=25995"},"modified":"2025-04-16T00:40:47","modified_gmt":"2025-04-16T04:40:47","slug":"natalia-lafourcade-desnuda-su-voz-en-cancionera-un-viaje-emocional-y-mexicano","status":"publish","type":"post","link":"https:\/\/www.americanonewspaper.com\/es\/mexico\/natalia-lafourcade-desnuda-su-voz-en-cancionera-un-viaje-emocional-y-mexicano\/","title":{"rendered":"Natalia Lafourcade desnuda su voz en Cancionera, un viaje emocional y mexicano"},"content":{"rendered":"\n<p class=\"dropcapp3\">La cantante mexicana Natalia Lafourcade present\u00f3 este martes &#8216;Cancionera&#8217;, disco que se estrena el 24 de abril con una nueva faceta m\u00e1s &#8220;\u00edntima&#8221; de la artista, que adem\u00e1s marca su llegada a la d\u00e9cada de los 40 con el \u00e1lbum y reivindica la m\u00fasica de M\u00e9xico.<\/p>\n\n\n\n<p>&#8220;Es como un espejo muy claro de mi momento. En el caso de &#8216;Cancionera&#8217;, por primera vez, creo de mi camino, he tenido la oportunidad de llevarlo un poquito m\u00e1s all\u00e1 o m\u00e1s bien ella me llev\u00f3, la energ\u00eda de &#8216;Cancionera&#8217; me llev\u00f3 a entrar en espacios m\u00e1s en el campo de la fantas\u00eda&#8221;, dijo la cantautora a EFE.<\/p>\n\n\n\n<p>&#8216;Cancionera&#8217;, un alter ego de la artista, se grab\u00f3 en una sola toma con una cinta en un proceso &#8220;completamente an\u00e1logo&#8221;, en la que Lafourcade tambi\u00e9n honr\u00f3 su llegada a los 40, pues naci\u00f3 el 26 de febrero de 1984.<\/p>\n\n\n<div class=\"wp-block-image\">\n<figure class=\"aligncenter size-large is-resized\"><img fetchpriority=\"high\" decoding=\"async\" width=\"800\" height=\"365\" src=\"https:\/\/www.americanonewspaper.com\/es\/wp-content\/uploads\/2025\/04\/Screenshot-2025-02-20-at-9.11.40\u202fAM-1920x877-1-800x365.webp\" alt=\"\" class=\"wp-image-25997\" style=\"width:1020px;height:auto\" srcset=\"https:\/\/www.americanonewspaper.com\/es\/wp-content\/uploads\/2025\/04\/Screenshot-2025-02-20-at-9.11.40\u202fAM-1920x877-1-800x365.webp 800w, https:\/\/www.americanonewspaper.com\/es\/wp-content\/uploads\/2025\/04\/Screenshot-2025-02-20-at-9.11.40\u202fAM-1920x877-1-300x137.webp 300w, https:\/\/www.americanonewspaper.com\/es\/wp-content\/uploads\/2025\/04\/Screenshot-2025-02-20-at-9.11.40\u202fAM-1920x877-1-768x351.webp 768w, https:\/\/www.americanonewspaper.com\/es\/wp-content\/uploads\/2025\/04\/Screenshot-2025-02-20-at-9.11.40\u202fAM-1920x877-1-1536x702.webp 1536w, https:\/\/www.americanonewspaper.com\/es\/wp-content\/uploads\/2025\/04\/Screenshot-2025-02-20-at-9.11.40\u202fAM-1920x877-1-150x69.webp 150w, https:\/\/www.americanonewspaper.com\/es\/wp-content\/uploads\/2025\/04\/Screenshot-2025-02-20-at-9.11.40\u202fAM-1920x877-1-696x318.webp 696w, https:\/\/www.americanonewspaper.com\/es\/wp-content\/uploads\/2025\/04\/Screenshot-2025-02-20-at-9.11.40\u202fAM-1920x877-1-1068x488.webp 1068w, https:\/\/www.americanonewspaper.com\/es\/wp-content\/uploads\/2025\/04\/Screenshot-2025-02-20-at-9.11.40\u202fAM-1920x877-1.webp 1920w\" sizes=\"(max-width: 800px) 100vw, 800px\" \/><\/figure>\n<\/div>\n\n\n<p>La int\u00e9rprete, la artista femenina de Latinoam\u00e9rica con m\u00e1s premios Grammy, 18 latinos y cuatro originales, describi\u00f3 que &#8216;Cancionera&#8217; la &#8220;arrincon\u00f3 a la creatividad m\u00e1xima desde la danza, desde la exploraci\u00f3n del movimiento, y la pintura&#8221;.<\/p>\n\n\n\n<p>&#8220;Eso demuestra que es una nueva faceta porque quiz\u00e1s la nueva faceta que a m\u00ed me ense\u00f1\u00f3 (el disco) es la capacidad que tengo de la transformaci\u00f3n, y no s\u00f3lo yo, todos, la capacidad enorme que tenemos de podernos poner una m\u00e1scara, quit\u00e1rnosla, ponemos un traje, quitarlo, poder transformar la vida&#8221;, expuso.<\/p>\n\n\n<div class=\"wp-block-image\">\n<figure class=\"aligncenter size-large is-resized\"><a href=\"https:\/\/www.generationnissan.com\/\"><img decoding=\"async\" width=\"800\" height=\"382\" src=\"https:\/\/www.americanonewspaper.com\/es\/wp-content\/uploads\/2025\/04\/Nissan-copy-1-2-13-800x382.jpg\" alt=\"\" class=\"wp-image-25998\" style=\"width:1020px;height:auto\" srcset=\"https:\/\/www.americanonewspaper.com\/es\/wp-content\/uploads\/2025\/04\/Nissan-copy-1-2-13-800x382.jpg 800w, https:\/\/www.americanonewspaper.com\/es\/wp-content\/uploads\/2025\/04\/Nissan-copy-1-2-13-300x143.jpg 300w, https:\/\/www.americanonewspaper.com\/es\/wp-content\/uploads\/2025\/04\/Nissan-copy-1-2-13-768x367.jpg 768w, https:\/\/www.americanonewspaper.com\/es\/wp-content\/uploads\/2025\/04\/Nissan-copy-1-2-13-150x72.jpg 150w, https:\/\/www.americanonewspaper.com\/es\/wp-content\/uploads\/2025\/04\/Nissan-copy-1-2-13-696x332.jpg 696w, https:\/\/www.americanonewspaper.com\/es\/wp-content\/uploads\/2025\/04\/Nissan-copy-1-2-13-1068x510.jpg 1068w, https:\/\/www.americanonewspaper.com\/es\/wp-content\/uploads\/2025\/04\/Nissan-copy-1-2-13.jpg 1200w\" sizes=\"(max-width: 800px) 100vw, 800px\" \/><\/a><figcaption class=\"wp-element-caption\">Screenshot<\/figcaption><\/figure>\n<\/div>\n\n\n<p><strong>Una &#8220;gira con intimidad&#8221;<\/strong><\/p>\n\n\n\n<p>La cantante confes\u00f3 que el \u00e1lbum se concibi\u00f3 primero s\u00f3lo como una gira de nombre hom\u00f3nimo que comenzar\u00e1 el 23 de abril en Xalapa, capital de Veracruz, estado del oriente que ella considera su hogar, para totalizar cerca de 40 fechas en M\u00e9xico, Estados Unidos y Canad\u00e1.<\/p>\n\n\n\n<p>Lafourcade prometi\u00f3 &#8220;mucha desnudez, intimidad, simpleza, arraigo y ra\u00edz&#8221;, pues quer\u00eda hacer un tour con &#8220;su guitarra y la voz&#8221;, inspirada por Bob Dylan, Joni Mitchell, Violeta Parra y Mercedes Sosa.<\/p>\n\n\n\n<p>&#8220;Es una reconfiguraci\u00f3n lo que estoy buscando desde el alma, con poder volver al escenario como lo hice a mis primeros pasos, con mi guitarra, con mi canci\u00f3n, como muy a esa semilla, a esa cosa cruda, pero, por supuesto, con &#8216;Cancionera&#8217; entre medio&#8221;, detall\u00f3.<\/p>\n\n\n\n<p>En la canci\u00f3n principal, &#8216;Cancionera&#8217;, y en el resto del \u00e1lbum, Lafourcade &#8220;emprende un viaje sonoro donde la tradici\u00f3n y la innovaci\u00f3n se entrelazan&#8221;, adem\u00e1s de significar &#8220;un retorno a la intimidad de su voz y de su guitarra&#8221;.<\/p>\n\n\n<div class=\"wp-block-image\">\n<figure class=\"aligncenter size-large is-resized\"><img decoding=\"async\" width=\"800\" height=\"367\" src=\"https:\/\/www.americanonewspaper.com\/es\/wp-content\/uploads\/2025\/04\/Banner-copySpanish-3-2-800x367.jpg\" alt=\"\" class=\"wp-image-25999\" style=\"width:1004px;height:auto\" srcset=\"https:\/\/www.americanonewspaper.com\/es\/wp-content\/uploads\/2025\/04\/Banner-copySpanish-3-2-800x367.jpg 800w, https:\/\/www.americanonewspaper.com\/es\/wp-content\/uploads\/2025\/04\/Banner-copySpanish-3-2-300x138.jpg 300w, https:\/\/www.americanonewspaper.com\/es\/wp-content\/uploads\/2025\/04\/Banner-copySpanish-3-2-768x352.jpg 768w, https:\/\/www.americanonewspaper.com\/es\/wp-content\/uploads\/2025\/04\/Banner-copySpanish-3-2-150x69.jpg 150w, https:\/\/www.americanonewspaper.com\/es\/wp-content\/uploads\/2025\/04\/Banner-copySpanish-3-2-696x319.jpg 696w, https:\/\/www.americanonewspaper.com\/es\/wp-content\/uploads\/2025\/04\/Banner-copySpanish-3-2-1068x490.jpg 1068w, https:\/\/www.americanonewspaper.com\/es\/wp-content\/uploads\/2025\/04\/Banner-copySpanish-3-2.jpg 1200w\" sizes=\"(max-width: 800px) 100vw, 800px\" \/><\/figure>\n<\/div>\n\n\n<h2 class=\"wp-block-heading\" id=\"h-la-reivindicacion-de-mexico\"><strong>La reivindicaci\u00f3n de M\u00e9xico<\/strong><\/h2>\n\n\n\n<p>El nuevo material de Lafourcade llega mientras el Gobierno de M\u00e9xico promueve la m\u00fasica nacional en el exterior, y artistas del g\u00e9nero regional mexicano se consolidan en el gusto internacional, como Peso Pluma, Grupo Frontera y Natanael Cano.<\/p>\n\n\n\n<p>La cantante se mostr\u00f3 &#8220;orgullosa&#8221; de que, de una &#8220;manera muy org\u00e1nica&#8221;, en su nuevo material se &#8220;vio reflejado el amor a M\u00e9xico&#8221; desde &#8220;sus m\u00fasicas tradicionales&#8221;, el humor y &#8220;la picard\u00eda&#8221;.<\/p>\n\n\n\n<p>&#8220;Todo eso se vio reflejado en el disco, en un momento donde M\u00e9xico est\u00e1 en boca del mundo. Muchas personas quieren venir a conocer nuestro pa\u00eds y a m\u00ed me da mucho gusto que puedo estar aqu\u00ed, que vivo ac\u00e1, que vivo en Veracruz, en un lugar muy mexicano, que como frijoles todos los d\u00edas, ma\u00edz, nopal&#8221;, expres\u00f3.<\/p>\n\n\n\n<p><a href=\"https:\/\/www.americanonewspaper.com\/es\/\">Americanonewspaper<\/a> (EFE)<\/p>\n","protected":false},"excerpt":{"rendered":"<p>La cantante mexicana Natalia Lafourcade present\u00f3 este martes &#8216;Cancionera&#8217;, disco que se estrena el 24 de abril con una nueva faceta m\u00e1s &#8220;\u00edntima&#8221; de la artista, que adem\u00e1s marca su llegada a la d\u00e9cada de los 40 con el \u00e1lbum y reivindica la m\u00fasica de M\u00e9xico. &#8220;Es como un espejo muy claro de mi momento. [&hellip;]<\/p>\n","protected":false},"author":18,"featured_media":25996,"comment_status":"open","ping_status":"open","sticky":false,"template":"","format":"standard","meta":{"_acf_changed":false,"tdm_status":"","tdm_grid_status":"","_jetpack_memberships_contains_paid_content":false,"footnotes":"","jetpack_publicize_message":"","jetpack_publicize_feature_enabled":true,"jetpack_social_post_already_shared":true,"jetpack_social_options":{"image_generator_settings":{"template":"highway","default_image_id":0,"font":"","enabled":false},"version":2},"_wpas_customize_per_network":false},"categories":[527,907],"tags":[],"class_list":{"0":"post-25995","1":"post","2":"type-post","3":"status-publish","4":"format-standard","5":"has-post-thumbnail","7":"category-farandula","8":"category-mexico"},"acf":[],"yoast_head":"<!-- This site is optimized with the Yoast SEO Premium plugin v27.5 (Yoast SEO v27.5) - https:\/\/yoast.com\/product\/yoast-seo-premium-wordpress\/ -->\n<title>Natalia Lafourcade desnuda su voz en Cancionera, un viaje emocional y mexicano - Americano Newspaper<\/title>\n<meta name=\"description\" content=\"La cantante mexicana Natalia Lafourcade present\u00f3 este martes &#039;Cancionera&#039;, disco que se estrena el 24 de abril con una nueva faceta m\u00e1s &quot;\u00edntima&quot; de la artista, que adem\u00e1s marca su llegada a la d\u00e9cada de los 40 con el \u00e1lbum y reivindica la m\u00fasica de M\u00e9xico.\" \/>\n<meta name=\"robots\" content=\"index, follow, max-snippet:-1, max-image-preview:large, max-video-preview:-1\" \/>\n<link rel=\"canonical\" href=\"https:\/\/www.americanonewspaper.com\/es\/mexico\/natalia-lafourcade-desnuda-su-voz-en-cancionera-un-viaje-emocional-y-mexicano\/\" \/>\n<meta property=\"og:locale\" content=\"en_US\" \/>\n<meta property=\"og:type\" content=\"article\" \/>\n<meta property=\"og:title\" content=\"Natalia Lafourcade desnuda su voz en Cancionera, un viaje emocional y mexicano\" \/>\n<meta property=\"og:description\" content=\"La cantante mexicana Natalia Lafourcade present\u00f3 este martes &#039;Cancionera&#039;, disco que se estrena el 24 de abril con una nueva faceta m\u00e1s &quot;\u00edntima&quot; de la artista, que adem\u00e1s marca su llegada a la d\u00e9cada de los 40 con el \u00e1lbum y reivindica la m\u00fasica de M\u00e9xico.\" \/>\n<meta property=\"og:url\" content=\"https:\/\/www.americanonewspaper.com\/es\/mexico\/natalia-lafourcade-desnuda-su-voz-en-cancionera-un-viaje-emocional-y-mexicano\/\" \/>\n<meta property=\"og:site_name\" content=\"Americano Newspaper\" \/>\n<meta property=\"article:publisher\" content=\"https:\/\/www.facebook.com\/AmericanoNewspaper\/\" \/>\n<meta property=\"article:published_time\" content=\"2025-04-16T10:30:00+00:00\" \/>\n<meta property=\"og:image\" content=\"https:\/\/www.americanonewspaper.com\/es\/wp-content\/uploads\/2025\/04\/329bde7558cec21c12676b134a75b4f9587c357am.jpg\" \/>\n\t<meta property=\"og:image:width\" content=\"600\" \/>\n\t<meta property=\"og:image:height\" content=\"400\" \/>\n\t<meta property=\"og:image:type\" content=\"image\/jpeg\" \/>\n<meta name=\"author\" content=\"Victoria Deus\" \/>\n<meta name=\"twitter:card\" content=\"summary_large_image\" \/>\n<meta name=\"twitter:label1\" content=\"Written by\" \/>\n\t<meta name=\"twitter:data1\" content=\"Victoria Deus\" \/>\n\t<meta name=\"twitter:label2\" content=\"Est. reading time\" \/>\n\t<meta name=\"twitter:data2\" content=\"4 minutes\" \/>\n<script type=\"application\/ld+json\" class=\"yoast-schema-graph\">{\"@context\":\"https:\\\/\\\/schema.org\",\"@graph\":[{\"@type\":\"Article\",\"@id\":\"https:\\\/\\\/www.americanonewspaper.com\\\/es\\\/mexico\\\/natalia-lafourcade-desnuda-su-voz-en-cancionera-un-viaje-emocional-y-mexicano\\\/#article\",\"isPartOf\":{\"@id\":\"https:\\\/\\\/www.americanonewspaper.com\\\/es\\\/mexico\\\/natalia-lafourcade-desnuda-su-voz-en-cancionera-un-viaje-emocional-y-mexicano\\\/\"},\"author\":{\"name\":\"Victoria Deus\",\"@id\":\"https:\\\/\\\/www.americanonewspaper.com\\\/es\\\/#\\\/schema\\\/person\\\/875497672032163af362240e09375960\"},\"headline\":\"Natalia Lafourcade desnuda su voz en Cancionera, un viaje emocional y mexicano\",\"datePublished\":\"2025-04-16T10:30:00+00:00\",\"mainEntityOfPage\":{\"@id\":\"https:\\\/\\\/www.americanonewspaper.com\\\/es\\\/mexico\\\/natalia-lafourcade-desnuda-su-voz-en-cancionera-un-viaje-emocional-y-mexicano\\\/\"},\"wordCount\":584,\"commentCount\":0,\"publisher\":{\"@id\":\"https:\\\/\\\/www.americanonewspaper.com\\\/es\\\/#organization\"},\"image\":{\"@id\":\"https:\\\/\\\/www.americanonewspaper.com\\\/es\\\/mexico\\\/natalia-lafourcade-desnuda-su-voz-en-cancionera-un-viaje-emocional-y-mexicano\\\/#primaryimage\"},\"thumbnailUrl\":\"https:\\\/\\\/www.americanonewspaper.com\\\/es\\\/wp-content\\\/uploads\\\/2025\\\/04\\\/329bde7558cec21c12676b134a75b4f9587c357am.jpg\",\"articleSection\":[\"Far\u00e1ndula\",\"Mexico\"],\"inLanguage\":\"en-US\",\"potentialAction\":[{\"@type\":\"CommentAction\",\"name\":\"Comment\",\"target\":[\"https:\\\/\\\/www.americanonewspaper.com\\\/es\\\/mexico\\\/natalia-lafourcade-desnuda-su-voz-en-cancionera-un-viaje-emocional-y-mexicano\\\/#respond\"]}]},{\"@type\":\"WebPage\",\"@id\":\"https:\\\/\\\/www.americanonewspaper.com\\\/es\\\/mexico\\\/natalia-lafourcade-desnuda-su-voz-en-cancionera-un-viaje-emocional-y-mexicano\\\/\",\"url\":\"https:\\\/\\\/www.americanonewspaper.com\\\/es\\\/mexico\\\/natalia-lafourcade-desnuda-su-voz-en-cancionera-un-viaje-emocional-y-mexicano\\\/\",\"name\":\"Natalia Lafourcade desnuda su voz en Cancionera, un viaje emocional y mexicano - Americano Newspaper\",\"isPartOf\":{\"@id\":\"https:\\\/\\\/www.americanonewspaper.com\\\/es\\\/#website\"},\"primaryImageOfPage\":{\"@id\":\"https:\\\/\\\/www.americanonewspaper.com\\\/es\\\/mexico\\\/natalia-lafourcade-desnuda-su-voz-en-cancionera-un-viaje-emocional-y-mexicano\\\/#primaryimage\"},\"image\":{\"@id\":\"https:\\\/\\\/www.americanonewspaper.com\\\/es\\\/mexico\\\/natalia-lafourcade-desnuda-su-voz-en-cancionera-un-viaje-emocional-y-mexicano\\\/#primaryimage\"},\"thumbnailUrl\":\"https:\\\/\\\/www.americanonewspaper.com\\\/es\\\/wp-content\\\/uploads\\\/2025\\\/04\\\/329bde7558cec21c12676b134a75b4f9587c357am.jpg\",\"datePublished\":\"2025-04-16T10:30:00+00:00\",\"description\":\"La cantante mexicana Natalia Lafourcade present\u00f3 este martes 'Cancionera', disco que se estrena el 24 de abril con una nueva faceta m\u00e1s \\\"\u00edntima\\\" de la artista, que adem\u00e1s marca su llegada a la d\u00e9cada de los 40 con el \u00e1lbum y reivindica la m\u00fasica de M\u00e9xico.\",\"breadcrumb\":{\"@id\":\"https:\\\/\\\/www.americanonewspaper.com\\\/es\\\/mexico\\\/natalia-lafourcade-desnuda-su-voz-en-cancionera-un-viaje-emocional-y-mexicano\\\/#breadcrumb\"},\"inLanguage\":\"en-US\",\"potentialAction\":[{\"@type\":\"ReadAction\",\"target\":[\"https:\\\/\\\/www.americanonewspaper.com\\\/es\\\/mexico\\\/natalia-lafourcade-desnuda-su-voz-en-cancionera-un-viaje-emocional-y-mexicano\\\/\"]}]},{\"@type\":\"ImageObject\",\"inLanguage\":\"en-US\",\"@id\":\"https:\\\/\\\/www.americanonewspaper.com\\\/es\\\/mexico\\\/natalia-lafourcade-desnuda-su-voz-en-cancionera-un-viaje-emocional-y-mexicano\\\/#primaryimage\",\"url\":\"https:\\\/\\\/www.americanonewspaper.com\\\/es\\\/wp-content\\\/uploads\\\/2025\\\/04\\\/329bde7558cec21c12676b134a75b4f9587c357am.jpg\",\"contentUrl\":\"https:\\\/\\\/www.americanonewspaper.com\\\/es\\\/wp-content\\\/uploads\\\/2025\\\/04\\\/329bde7558cec21c12676b134a75b4f9587c357am.jpg\",\"width\":600,\"height\":400,\"caption\":\"Con Cancionera, Lafourcade transforma sus 40 en un canto \u00edntimo a la m\u00fasica mexicana.\"},{\"@type\":\"BreadcrumbList\",\"@id\":\"https:\\\/\\\/www.americanonewspaper.com\\\/es\\\/mexico\\\/natalia-lafourcade-desnuda-su-voz-en-cancionera-un-viaje-emocional-y-mexicano\\\/#breadcrumb\",\"itemListElement\":[{\"@type\":\"ListItem\",\"position\":1,\"name\":\"Home\",\"item\":\"https:\\\/\\\/www.americanonewspaper.com\\\/es\\\/\"},{\"@type\":\"ListItem\",\"position\":2,\"name\":\"Natalia Lafourcade desnuda su voz en Cancionera, un viaje emocional y mexicano\"}]},{\"@type\":\"WebSite\",\"@id\":\"https:\\\/\\\/www.americanonewspaper.com\\\/es\\\/#website\",\"url\":\"https:\\\/\\\/www.americanonewspaper.com\\\/es\\\/\",\"name\":\"Americano Newspaper\",\"description\":\"The Hispanic Newspaper of New Jersey.\",\"publisher\":{\"@id\":\"https:\\\/\\\/www.americanonewspaper.com\\\/es\\\/#organization\"},\"potentialAction\":[{\"@type\":\"SearchAction\",\"target\":{\"@type\":\"EntryPoint\",\"urlTemplate\":\"https:\\\/\\\/www.americanonewspaper.com\\\/es\\\/?s={search_term_string}\"},\"query-input\":{\"@type\":\"PropertyValueSpecification\",\"valueRequired\":true,\"valueName\":\"search_term_string\"}}],\"inLanguage\":\"en-US\"},{\"@type\":\"Organization\",\"@id\":\"https:\\\/\\\/www.americanonewspaper.com\\\/es\\\/#organization\",\"name\":\"Americano Newspaper\",\"url\":\"https:\\\/\\\/www.americanonewspaper.com\\\/es\\\/\",\"logo\":{\"@type\":\"ImageObject\",\"inLanguage\":\"en-US\",\"@id\":\"https:\\\/\\\/www.americanonewspaper.com\\\/es\\\/#\\\/schema\\\/logo\\\/image\\\/\",\"url\":\"https:\\\/\\\/www.americanonewspaper.com\\\/es\\\/wp-content\\\/uploads\\\/2024\\\/05\\\/AmericanoLogoCircle.comCircle2.jpg\",\"contentUrl\":\"https:\\\/\\\/www.americanonewspaper.com\\\/es\\\/wp-content\\\/uploads\\\/2024\\\/05\\\/AmericanoLogoCircle.comCircle2.jpg\",\"width\":600,\"height\":600,\"caption\":\"Americano Newspaper\"},\"image\":{\"@id\":\"https:\\\/\\\/www.americanonewspaper.com\\\/es\\\/#\\\/schema\\\/logo\\\/image\\\/\"},\"sameAs\":[\"https:\\\/\\\/www.facebook.com\\\/AmericanoNewspaper\\\/\"]},{\"@type\":\"Person\",\"@id\":\"https:\\\/\\\/www.americanonewspaper.com\\\/es\\\/#\\\/schema\\\/person\\\/875497672032163af362240e09375960\",\"name\":\"Victoria Deus\",\"image\":{\"@type\":\"ImageObject\",\"inLanguage\":\"en-US\",\"@id\":\"https:\\\/\\\/www.americanonewspaper.com\\\/es\\\/wp-content\\\/litespeed\\\/avatar\\\/87ebc08dcb2dba9e584c4557748a9de2.jpg?ver=1777428042\",\"url\":\"https:\\\/\\\/www.americanonewspaper.com\\\/es\\\/wp-content\\\/litespeed\\\/avatar\\\/87ebc08dcb2dba9e584c4557748a9de2.jpg?ver=1777428042\",\"contentUrl\":\"https:\\\/\\\/www.americanonewspaper.com\\\/es\\\/wp-content\\\/litespeed\\\/avatar\\\/87ebc08dcb2dba9e584c4557748a9de2.jpg?ver=1777428042\",\"caption\":\"Victoria Deus\"},\"sameAs\":[\"http:\\\/\\\/www.americanonewspaper.com\"],\"url\":\"https:\\\/\\\/www.americanonewspaper.com\\\/es\\\/author\\\/victoria\\\/\"}]}<\/script>\n<!-- \/ Yoast SEO Premium plugin. -->","yoast_head_json":{"title":"Natalia Lafourcade desnuda su voz en Cancionera, un viaje emocional y mexicano - Americano Newspaper","description":"La cantante mexicana Natalia Lafourcade present\u00f3 este martes 'Cancionera', disco que se estrena el 24 de abril con una nueva faceta m\u00e1s \"\u00edntima\" de la artista, que adem\u00e1s marca su llegada a la d\u00e9cada de los 40 con el \u00e1lbum y reivindica la m\u00fasica de M\u00e9xico.","robots":{"index":"index","follow":"follow","max-snippet":"max-snippet:-1","max-image-preview":"max-image-preview:large","max-video-preview":"max-video-preview:-1"},"canonical":"https:\/\/www.americanonewspaper.com\/es\/mexico\/natalia-lafourcade-desnuda-su-voz-en-cancionera-un-viaje-emocional-y-mexicano\/","og_locale":"en_US","og_type":"article","og_title":"Natalia Lafourcade desnuda su voz en Cancionera, un viaje emocional y mexicano","og_description":"La cantante mexicana Natalia Lafourcade present\u00f3 este martes 'Cancionera', disco que se estrena el 24 de abril con una nueva faceta m\u00e1s \"\u00edntima\" de la artista, que adem\u00e1s marca su llegada a la d\u00e9cada de los 40 con el \u00e1lbum y reivindica la m\u00fasica de M\u00e9xico.","og_url":"https:\/\/www.americanonewspaper.com\/es\/mexico\/natalia-lafourcade-desnuda-su-voz-en-cancionera-un-viaje-emocional-y-mexicano\/","og_site_name":"Americano Newspaper","article_publisher":"https:\/\/www.facebook.com\/AmericanoNewspaper\/","article_published_time":"2025-04-16T10:30:00+00:00","og_image":[{"width":600,"height":400,"url":"https:\/\/www.americanonewspaper.com\/es\/wp-content\/uploads\/2025\/04\/329bde7558cec21c12676b134a75b4f9587c357am.jpg","type":"image\/jpeg"}],"author":"Victoria Deus","twitter_card":"summary_large_image","twitter_misc":{"Written by":"Victoria Deus","Est. reading time":"4 minutes"},"schema":{"@context":"https:\/\/schema.org","@graph":[{"@type":"Article","@id":"https:\/\/www.americanonewspaper.com\/es\/mexico\/natalia-lafourcade-desnuda-su-voz-en-cancionera-un-viaje-emocional-y-mexicano\/#article","isPartOf":{"@id":"https:\/\/www.americanonewspaper.com\/es\/mexico\/natalia-lafourcade-desnuda-su-voz-en-cancionera-un-viaje-emocional-y-mexicano\/"},"author":{"name":"Victoria Deus","@id":"https:\/\/www.americanonewspaper.com\/es\/#\/schema\/person\/875497672032163af362240e09375960"},"headline":"Natalia Lafourcade desnuda su voz en Cancionera, un viaje emocional y mexicano","datePublished":"2025-04-16T10:30:00+00:00","mainEntityOfPage":{"@id":"https:\/\/www.americanonewspaper.com\/es\/mexico\/natalia-lafourcade-desnuda-su-voz-en-cancionera-un-viaje-emocional-y-mexicano\/"},"wordCount":584,"commentCount":0,"publisher":{"@id":"https:\/\/www.americanonewspaper.com\/es\/#organization"},"image":{"@id":"https:\/\/www.americanonewspaper.com\/es\/mexico\/natalia-lafourcade-desnuda-su-voz-en-cancionera-un-viaje-emocional-y-mexicano\/#primaryimage"},"thumbnailUrl":"https:\/\/www.americanonewspaper.com\/es\/wp-content\/uploads\/2025\/04\/329bde7558cec21c12676b134a75b4f9587c357am.jpg","articleSection":["Far\u00e1ndula","Mexico"],"inLanguage":"en-US","potentialAction":[{"@type":"CommentAction","name":"Comment","target":["https:\/\/www.americanonewspaper.com\/es\/mexico\/natalia-lafourcade-desnuda-su-voz-en-cancionera-un-viaje-emocional-y-mexicano\/#respond"]}]},{"@type":"WebPage","@id":"https:\/\/www.americanonewspaper.com\/es\/mexico\/natalia-lafourcade-desnuda-su-voz-en-cancionera-un-viaje-emocional-y-mexicano\/","url":"https:\/\/www.americanonewspaper.com\/es\/mexico\/natalia-lafourcade-desnuda-su-voz-en-cancionera-un-viaje-emocional-y-mexicano\/","name":"Natalia Lafourcade desnuda su voz en Cancionera, un viaje emocional y mexicano - Americano Newspaper","isPartOf":{"@id":"https:\/\/www.americanonewspaper.com\/es\/#website"},"primaryImageOfPage":{"@id":"https:\/\/www.americanonewspaper.com\/es\/mexico\/natalia-lafourcade-desnuda-su-voz-en-cancionera-un-viaje-emocional-y-mexicano\/#primaryimage"},"image":{"@id":"https:\/\/www.americanonewspaper.com\/es\/mexico\/natalia-lafourcade-desnuda-su-voz-en-cancionera-un-viaje-emocional-y-mexicano\/#primaryimage"},"thumbnailUrl":"https:\/\/www.americanonewspaper.com\/es\/wp-content\/uploads\/2025\/04\/329bde7558cec21c12676b134a75b4f9587c357am.jpg","datePublished":"2025-04-16T10:30:00+00:00","description":"La cantante mexicana Natalia Lafourcade present\u00f3 este martes 'Cancionera', disco que se estrena el 24 de abril con una nueva faceta m\u00e1s \"\u00edntima\" de la artista, que adem\u00e1s marca su llegada a la d\u00e9cada de los 40 con el \u00e1lbum y reivindica la m\u00fasica de M\u00e9xico.","breadcrumb":{"@id":"https:\/\/www.americanonewspaper.com\/es\/mexico\/natalia-lafourcade-desnuda-su-voz-en-cancionera-un-viaje-emocional-y-mexicano\/#breadcrumb"},"inLanguage":"en-US","potentialAction":[{"@type":"ReadAction","target":["https:\/\/www.americanonewspaper.com\/es\/mexico\/natalia-lafourcade-desnuda-su-voz-en-cancionera-un-viaje-emocional-y-mexicano\/"]}]},{"@type":"ImageObject","inLanguage":"en-US","@id":"https:\/\/www.americanonewspaper.com\/es\/mexico\/natalia-lafourcade-desnuda-su-voz-en-cancionera-un-viaje-emocional-y-mexicano\/#primaryimage","url":"https:\/\/www.americanonewspaper.com\/es\/wp-content\/uploads\/2025\/04\/329bde7558cec21c12676b134a75b4f9587c357am.jpg","contentUrl":"https:\/\/www.americanonewspaper.com\/es\/wp-content\/uploads\/2025\/04\/329bde7558cec21c12676b134a75b4f9587c357am.jpg","width":600,"height":400,"caption":"Con Cancionera, Lafourcade transforma sus 40 en un canto \u00edntimo a la m\u00fasica mexicana."},{"@type":"BreadcrumbList","@id":"https:\/\/www.americanonewspaper.com\/es\/mexico\/natalia-lafourcade-desnuda-su-voz-en-cancionera-un-viaje-emocional-y-mexicano\/#breadcrumb","itemListElement":[{"@type":"ListItem","position":1,"name":"Home","item":"https:\/\/www.americanonewspaper.com\/es\/"},{"@type":"ListItem","position":2,"name":"Natalia Lafourcade desnuda su voz en Cancionera, un viaje emocional y mexicano"}]},{"@type":"WebSite","@id":"https:\/\/www.americanonewspaper.com\/es\/#website","url":"https:\/\/www.americanonewspaper.com\/es\/","name":"Americano Newspaper","description":"The Hispanic Newspaper of New Jersey.","publisher":{"@id":"https:\/\/www.americanonewspaper.com\/es\/#organization"},"potentialAction":[{"@type":"SearchAction","target":{"@type":"EntryPoint","urlTemplate":"https:\/\/www.americanonewspaper.com\/es\/?s={search_term_string}"},"query-input":{"@type":"PropertyValueSpecification","valueRequired":true,"valueName":"search_term_string"}}],"inLanguage":"en-US"},{"@type":"Organization","@id":"https:\/\/www.americanonewspaper.com\/es\/#organization","name":"Americano Newspaper","url":"https:\/\/www.americanonewspaper.com\/es\/","logo":{"@type":"ImageObject","inLanguage":"en-US","@id":"https:\/\/www.americanonewspaper.com\/es\/#\/schema\/logo\/image\/","url":"https:\/\/www.americanonewspaper.com\/es\/wp-content\/uploads\/2024\/05\/AmericanoLogoCircle.comCircle2.jpg","contentUrl":"https:\/\/www.americanonewspaper.com\/es\/wp-content\/uploads\/2024\/05\/AmericanoLogoCircle.comCircle2.jpg","width":600,"height":600,"caption":"Americano Newspaper"},"image":{"@id":"https:\/\/www.americanonewspaper.com\/es\/#\/schema\/logo\/image\/"},"sameAs":["https:\/\/www.facebook.com\/AmericanoNewspaper\/"]},{"@type":"Person","@id":"https:\/\/www.americanonewspaper.com\/es\/#\/schema\/person\/875497672032163af362240e09375960","name":"Victoria Deus","image":{"@type":"ImageObject","inLanguage":"en-US","@id":"https:\/\/www.americanonewspaper.com\/es\/wp-content\/litespeed\/avatar\/87ebc08dcb2dba9e584c4557748a9de2.jpg?ver=1777428042","url":"https:\/\/www.americanonewspaper.com\/es\/wp-content\/litespeed\/avatar\/87ebc08dcb2dba9e584c4557748a9de2.jpg?ver=1777428042","contentUrl":"https:\/\/www.americanonewspaper.com\/es\/wp-content\/litespeed\/avatar\/87ebc08dcb2dba9e584c4557748a9de2.jpg?ver=1777428042","caption":"Victoria Deus"},"sameAs":["http:\/\/www.americanonewspaper.com"],"url":"https:\/\/www.americanonewspaper.com\/es\/author\/victoria\/"}]}},"jetpack_publicize_connections":[],"jetpack_featured_media_url":"https:\/\/www.americanonewspaper.com\/es\/wp-content\/uploads\/2025\/04\/329bde7558cec21c12676b134a75b4f9587c357am.jpg","featured_image_urls":{"full":["https:\/\/www.americanonewspaper.com\/es\/wp-content\/uploads\/2025\/04\/329bde7558cec21c12676b134a75b4f9587c357am.jpg",600,400,false],"thumbnail":["https:\/\/www.americanonewspaper.com\/es\/wp-content\/uploads\/2025\/04\/329bde7558cec21c12676b134a75b4f9587c357am-250x250.jpg",250,250,true],"medium":["https:\/\/www.americanonewspaper.com\/es\/wp-content\/uploads\/2025\/04\/329bde7558cec21c12676b134a75b4f9587c357am-300x200.jpg",300,200,true],"medium_large":["https:\/\/www.americanonewspaper.com\/es\/wp-content\/uploads\/2025\/04\/329bde7558cec21c12676b134a75b4f9587c357am.jpg",600,400,false],"large":["https:\/\/www.americanonewspaper.com\/es\/wp-content\/uploads\/2025\/04\/329bde7558cec21c12676b134a75b4f9587c357am.jpg",600,400,false],"1536x1536":["https:\/\/www.americanonewspaper.com\/es\/wp-content\/uploads\/2025\/04\/329bde7558cec21c12676b134a75b4f9587c357am.jpg",600,400,false],"2048x2048":["https:\/\/www.americanonewspaper.com\/es\/wp-content\/uploads\/2025\/04\/329bde7558cec21c12676b134a75b4f9587c357am.jpg",600,400,false],"td_150x0":["https:\/\/www.americanonewspaper.com\/es\/wp-content\/uploads\/2025\/04\/329bde7558cec21c12676b134a75b4f9587c357am-150x100.jpg",150,100,true],"td_218x150":["https:\/\/www.americanonewspaper.com\/es\/wp-content\/uploads\/2025\/04\/329bde7558cec21c12676b134a75b4f9587c357am-218x150.jpg",218,150,true],"td_300x0":["https:\/\/www.americanonewspaper.com\/es\/wp-content\/uploads\/2025\/04\/329bde7558cec21c12676b134a75b4f9587c357am-300x200.jpg",300,200,true],"td_324x400":["https:\/\/www.americanonewspaper.com\/es\/wp-content\/uploads\/2025\/04\/329bde7558cec21c12676b134a75b4f9587c357am-324x400.jpg",324,400,true],"td_485x360":["https:\/\/www.americanonewspaper.com\/es\/wp-content\/uploads\/2025\/04\/329bde7558cec21c12676b134a75b4f9587c357am-485x360.jpg",485,360,true],"td_696x0":["https:\/\/www.americanonewspaper.com\/es\/wp-content\/uploads\/2025\/04\/329bde7558cec21c12676b134a75b4f9587c357am.jpg",600,400,false],"td_1068x0":["https:\/\/www.americanonewspaper.com\/es\/wp-content\/uploads\/2025\/04\/329bde7558cec21c12676b134a75b4f9587c357am.jpg",600,400,false],"td_1920x0":["https:\/\/www.americanonewspaper.com\/es\/wp-content\/uploads\/2025\/04\/329bde7558cec21c12676b134a75b4f9587c357am.jpg",600,400,false],"bdpp-medium":["https:\/\/www.americanonewspaper.com\/es\/wp-content\/uploads\/2025\/04\/329bde7558cec21c12676b134a75b4f9587c357am.jpg",600,400,false]},"author_info":{"display_name":"Victoria Deus","author_link":"https:\/\/www.americanonewspaper.com\/es\/author\/victoria\/"},"category_info":"<a href=\"https:\/\/www.americanonewspaper.com\/es\/category\/farandula\/\" rel=\"category tag\">Far\u00e1ndula<\/a> <a href=\"https:\/\/www.americanonewspaper.com\/es\/category\/mexico\/\" rel=\"category tag\">Mexico<\/a>","tag_info":"Mexico","comment_count":"0","jetpack_sharing_enabled":true,"jetpack_likes_enabled":true,"_links":{"self":[{"href":"https:\/\/www.americanonewspaper.com\/es\/wp-json\/wp\/v2\/posts\/25995","targetHints":{"allow":["GET"]}}],"collection":[{"href":"https:\/\/www.americanonewspaper.com\/es\/wp-json\/wp\/v2\/posts"}],"about":[{"href":"https:\/\/www.americanonewspaper.com\/es\/wp-json\/wp\/v2\/types\/post"}],"author":[{"embeddable":true,"href":"https:\/\/www.americanonewspaper.com\/es\/wp-json\/wp\/v2\/users\/18"}],"replies":[{"embeddable":true,"href":"https:\/\/www.americanonewspaper.com\/es\/wp-json\/wp\/v2\/comments?post=25995"}],"version-history":[{"count":1,"href":"https:\/\/www.americanonewspaper.com\/es\/wp-json\/wp\/v2\/posts\/25995\/revisions"}],"predecessor-version":[{"id":26000,"href":"https:\/\/www.americanonewspaper.com\/es\/wp-json\/wp\/v2\/posts\/25995\/revisions\/26000"}],"wp:featuredmedia":[{"embeddable":true,"href":"https:\/\/www.americanonewspaper.com\/es\/wp-json\/wp\/v2\/media\/25996"}],"wp:attachment":[{"href":"https:\/\/www.americanonewspaper.com\/es\/wp-json\/wp\/v2\/media?parent=25995"}],"wp:term":[{"taxonomy":"category","embeddable":true,"href":"https:\/\/www.americanonewspaper.com\/es\/wp-json\/wp\/v2\/categories?post=25995"},{"taxonomy":"post_tag","embeddable":true,"href":"https:\/\/www.americanonewspaper.com\/es\/wp-json\/wp\/v2\/tags?post=25995"}],"curies":[{"name":"wp","href":"https:\/\/api.w.org\/{rel}","templated":true}]}}