{"id":25801,"date":"2025-04-04T18:03:41","date_gmt":"2025-04-04T22:03:41","guid":{"rendered":"https:\/\/www.americanonewspaper.com\/es\/?p=25801"},"modified":"2025-04-04T18:03:44","modified_gmt":"2025-04-04T22:03:44","slug":"del-campo-al-museo-mbappe-se-inmortaliza-en-madame-tussauds","status":"publish","type":"post","link":"https:\/\/www.americanonewspaper.com\/es\/deportes\/del-campo-al-museo-mbappe-se-inmortaliza-en-madame-tussauds\/","title":{"rendered":"Del campo al museo: Mbapp\u00e9 se inmortaliza en Madame Tussauds"},"content":{"rendered":"\n<figure class=\"wp-block-embed aligncenter is-type-video is-provider-youtube wp-block-embed-youtube wp-embed-aspect-16-9 wp-has-aspect-ratio\"><div class=\"wp-block-embed__wrapper\">\n<div class=\"youtube-embed\" data-video_id=\"\"><iframe title=\"La figura de cera de Mbapp\u00e9 se muestra por primera vez al p\u00fablico en Londres\" width=\"696\" height=\"392\" src=\"https:\/\/www.youtube.com\/embed\/9uwIUxV_Y7A?feature=oembed&#038;enablejsapi=1\" frameborder=\"0\" allow=\"accelerometer; autoplay; clipboard-write; encrypted-media; gyroscope; picture-in-picture; web-share\" referrerpolicy=\"strict-origin-when-cross-origin\" allowfullscreen><\/iframe><\/div>\n<\/div><\/figure>\n\n\n\n<p class=\"dropcapp3\">El museo de cera Madame Tussauds de Londres exhibe por primera vez al p\u00fablico desde este viernes la figura de cera del futbolista franc\u00e9s del Real Madrid Kylian Mbapp\u00e9, que convivir\u00e1 junto a las de otras personalidades del deporte como Cristiano Ronaldo o Lewis Hamilton.<\/p>\n\n\n\n<p>Fue el pasado 27 de marzo cuando el astro franc\u00e9s conoci\u00f3 en persona esta figura, elaborada por los artistas de la instituci\u00f3n londinense y que le muestra de brazos cruzados como en la ic\u00f3nica celebraci\u00f3n que suele hacer cuando marca un gol.<\/p>\n\n\n<div class=\"wp-block-image\">\n<figure class=\"aligncenter size-large is-resized\"><img fetchpriority=\"high\" decoding=\"async\" width=\"800\" height=\"365\" src=\"https:\/\/www.americanonewspaper.com\/es\/wp-content\/uploads\/2025\/04\/Screenshot-2025-02-20-at-9.11.40\u202fAM-1920x877-2-3-800x365.webp\" alt=\"\" class=\"wp-image-25803\" style=\"width:1026px;height:auto\" srcset=\"https:\/\/www.americanonewspaper.com\/es\/wp-content\/uploads\/2025\/04\/Screenshot-2025-02-20-at-9.11.40\u202fAM-1920x877-2-3-800x365.webp 800w, https:\/\/www.americanonewspaper.com\/es\/wp-content\/uploads\/2025\/04\/Screenshot-2025-02-20-at-9.11.40\u202fAM-1920x877-2-3-300x137.webp 300w, https:\/\/www.americanonewspaper.com\/es\/wp-content\/uploads\/2025\/04\/Screenshot-2025-02-20-at-9.11.40\u202fAM-1920x877-2-3-768x351.webp 768w, https:\/\/www.americanonewspaper.com\/es\/wp-content\/uploads\/2025\/04\/Screenshot-2025-02-20-at-9.11.40\u202fAM-1920x877-2-3-1536x702.webp 1536w, https:\/\/www.americanonewspaper.com\/es\/wp-content\/uploads\/2025\/04\/Screenshot-2025-02-20-at-9.11.40\u202fAM-1920x877-2-3-150x69.webp 150w, https:\/\/www.americanonewspaper.com\/es\/wp-content\/uploads\/2025\/04\/Screenshot-2025-02-20-at-9.11.40\u202fAM-1920x877-2-3-696x318.webp 696w, https:\/\/www.americanonewspaper.com\/es\/wp-content\/uploads\/2025\/04\/Screenshot-2025-02-20-at-9.11.40\u202fAM-1920x877-2-3-1068x488.webp 1068w, https:\/\/www.americanonewspaper.com\/es\/wp-content\/uploads\/2025\/04\/Screenshot-2025-02-20-at-9.11.40\u202fAM-1920x877-2-3.webp 1920w\" sizes=\"(max-width: 800px) 100vw, 800px\" \/><\/figure>\n<\/div>\n\n\n<p>Est\u00e1 vestida con la equipaci\u00f3n de la selecci\u00f3n francesa, con espinilleras y el brazalete de capit\u00e1n para completar la imagen, todo donado por el propio Mbapp\u00e9 procedente de la Eurocopa 2024.<\/p>\n\n\n\n<p>&#8220;\u00a1Esto es incre\u00edble! Tener una figura del Madame Tussauds es muy especial. Los artistas tienen mucho talento: el pelo, la pose, se parece a m\u00ed, \u00a1es surrealista! No paro de dar las gracias al equipo por su incre\u00edble trabajo, y estoy deseando saber qu\u00e9 opinan los fanes cuando puedan verla en la vida real&#8221;, dijo Mbapp\u00e9 en un comunicado.<\/p>\n\n\n\n<p>El proceso de elaboraci\u00f3n tom\u00f3 meses y oblig\u00f3 al futbolista a tomarse cientos de medidas y proporcionar informaci\u00f3n de referencia para que los artistas &#8220;pudieran capturar la energ\u00eda contagiosa de Mbapp\u00e9 con una precisi\u00f3n meticulosa&#8221;, dijo el museo en la nota.<\/p>\n\n\n<div class=\"wp-block-image\">\n<figure class=\"aligncenter size-large is-resized\"><img decoding=\"async\" width=\"800\" height=\"382\" src=\"https:\/\/www.americanonewspaper.com\/es\/wp-content\/uploads\/2025\/04\/Nissan-copy-1-2-3-800x382.jpg\" alt=\"\" class=\"wp-image-25804\" style=\"width:1012px;height:auto\" srcset=\"https:\/\/www.americanonewspaper.com\/es\/wp-content\/uploads\/2025\/04\/Nissan-copy-1-2-3-800x382.jpg 800w, https:\/\/www.americanonewspaper.com\/es\/wp-content\/uploads\/2025\/04\/Nissan-copy-1-2-3-300x143.jpg 300w, https:\/\/www.americanonewspaper.com\/es\/wp-content\/uploads\/2025\/04\/Nissan-copy-1-2-3-768x367.jpg 768w, https:\/\/www.americanonewspaper.com\/es\/wp-content\/uploads\/2025\/04\/Nissan-copy-1-2-3-150x72.jpg 150w, https:\/\/www.americanonewspaper.com\/es\/wp-content\/uploads\/2025\/04\/Nissan-copy-1-2-3-696x332.jpg 696w, https:\/\/www.americanonewspaper.com\/es\/wp-content\/uploads\/2025\/04\/Nissan-copy-1-2-3-1068x510.jpg 1068w, https:\/\/www.americanonewspaper.com\/es\/wp-content\/uploads\/2025\/04\/Nissan-copy-1-2-3.jpg 1200w\" sizes=\"(max-width: 800px) 100vw, 800px\" \/><figcaption class=\"wp-element-caption\">Screenshot<\/figcaption><\/figure>\n<\/div>\n\n\n<p>&#8216;Sports in the green&#8217; (Deportes en hierba, en ingl\u00e9s) es el \u00e1rea en el que se sit\u00faa la pieza, junto a la futbolista inglesa Mary Earps y al jugador de cricket Sachin Tendulkar, de espaldas al \u00eddolo portugu\u00e9s Cristiano Ronaldo, y frente a estrellas como el piloto de F\u00f3rmula 1 Lewis Hamilton y el boxeador Anthony Joshua.<\/p>\n\n\n\n<p>&#8220;Hemos trabajado con Mbapp\u00e9 para captar todos los detalles de su postura caracter\u00edstica, su sonrisa y el brillo de sus ojos&#8221;, se\u00f1al\u00f3 el director general del Madame Tussauds de Londres, Steve Blackburn.<\/p>\n\n\n\n<p>Esta es la segunda figura de cera del futbolista franc\u00e9s en el Madame Tussauds hasta la fecha, ya que la primera se lanz\u00f3 en Berl\u00edn en mayo de 2024.<\/p>\n\n\n<div class=\"wp-block-image\">\n<figure class=\"aligncenter size-large is-resized\"><a href=\"https:\/\/www.stnj.org\/events-tickets\/upcoming-events-1?utm_source=americano&amp;utm_medium=webad&amp;utm_campaign=americano_240216_webad1200x550_balletfolkloricowilychirinoenglish\"><img decoding=\"async\" width=\"800\" height=\"433\" src=\"https:\/\/www.americanonewspaper.com\/es\/wp-content\/uploads\/2025\/04\/Screenshot-2025-03-05-at-8.48.58\u202fAM-2-800x433.png\" alt=\"\" class=\"wp-image-25805\" style=\"width:998px;height:auto\" srcset=\"https:\/\/www.americanonewspaper.com\/es\/wp-content\/uploads\/2025\/04\/Screenshot-2025-03-05-at-8.48.58\u202fAM-2-800x433.png 800w, https:\/\/www.americanonewspaper.com\/es\/wp-content\/uploads\/2025\/04\/Screenshot-2025-03-05-at-8.48.58\u202fAM-2-300x163.png 300w, https:\/\/www.americanonewspaper.com\/es\/wp-content\/uploads\/2025\/04\/Screenshot-2025-03-05-at-8.48.58\u202fAM-2-768x416.png 768w, https:\/\/www.americanonewspaper.com\/es\/wp-content\/uploads\/2025\/04\/Screenshot-2025-03-05-at-8.48.58\u202fAM-2-1536x832.png 1536w, https:\/\/www.americanonewspaper.com\/es\/wp-content\/uploads\/2025\/04\/Screenshot-2025-03-05-at-8.48.58\u202fAM-2-150x81.png 150w, https:\/\/www.americanonewspaper.com\/es\/wp-content\/uploads\/2025\/04\/Screenshot-2025-03-05-at-8.48.58\u202fAM-2-696x377.png 696w, https:\/\/www.americanonewspaper.com\/es\/wp-content\/uploads\/2025\/04\/Screenshot-2025-03-05-at-8.48.58\u202fAM-2-1068x579.png 1068w, https:\/\/www.americanonewspaper.com\/es\/wp-content\/uploads\/2025\/04\/Screenshot-2025-03-05-at-8.48.58\u202fAM-2.png 1772w\" sizes=\"(max-width: 800px) 100vw, 800px\" \/><\/a><\/figure>\n<\/div>\n\n\n<p><a href=\"https:\/\/www.americanonewspaper.com\/es\/\">Americanonewspaper <\/a>(EFE)<\/p>\n\n\n\n<p><\/p>\n","protected":false},"excerpt":{"rendered":"<p>El museo de cera Madame Tussauds de Londres exhibe por primera vez al p\u00fablico desde este viernes la figura de cera del futbolista franc\u00e9s del Real Madrid Kylian Mbapp\u00e9, que convivir\u00e1 junto a las de otras personalidades del deporte como Cristiano Ronaldo o Lewis Hamilton. Fue el pasado 27 de marzo cuando el astro franc\u00e9s [&hellip;]<\/p>\n","protected":false},"author":18,"featured_media":25802,"comment_status":"open","ping_status":"open","sticky":false,"template":"","format":"standard","meta":{"_acf_changed":false,"tdm_status":"","tdm_grid_status":"","_jetpack_memberships_contains_paid_content":false,"footnotes":"","jetpack_publicize_message":"","jetpack_publicize_feature_enabled":true,"jetpack_social_post_already_shared":false,"jetpack_social_options":{"image_generator_settings":{"template":"highway","enabled":true,"token":"eyJpbWciOiJodHRwczpcL1wvd3d3LmFtZXJpY2Fub25ld3NwYXBlci5jb21cL2VzXC93cC1jb250ZW50XC91cGxvYWRzXC8yMDI1XC8wNFwvNmY4NWVhODg0NjU4ZjQ5MTA2NDMxOWNhYjQwMDE5MGYzOGIxOTgxY20uanBnIiwidHh0IjoiRGVsIGNhbXBvIGFsIG11c2VvOiBNYmFwcFx1MDBlOSBzZSBpbm1vcnRhbGl6YSBlbiBNYWRhbWUgVHVzc2F1ZHMiLCJ0ZW1wbGF0ZSI6ImhpZ2h3YXkiLCJibG9nX2lkIjoyMjg2MTk1NzR9.8XYpI6ZVKlb9rxX79DZ24hFsUt5jE9s62QAW4x-ShYYMQ"},"version":2},"_wpas_customize_per_network":false},"categories":[607,694,170,703],"tags":[],"class_list":{"0":"post-25801","1":"post","2":"type-post","3":"status-publish","4":"format-standard","5":"has-post-thumbnail","7":"category-deportes","8":"category-europa","9":"category-europe","10":"category-kyliam-mbappe"},"acf":[],"yoast_head":"<!-- This site is optimized with the Yoast SEO Premium plugin v27.5 (Yoast SEO v27.5) - https:\/\/yoast.com\/product\/yoast-seo-premium-wordpress\/ -->\n<title>Del campo al museo: Mbapp\u00e9 se inmortaliza en Madame Tussauds - Americano Newspaper<\/title>\n<meta name=\"description\" content=\"El museo de cera Madame Tussauds de Londres exhibe por primera vez al p\u00fablico desde este viernes la figura de cera del futbolista franc\u00e9s del Real Madrid Kylian Mbapp\u00e9, que convivir\u00e1 junto a las de otras personalidades del deporte como Cristiano Ronaldo o Lewis Hamilton.\" \/>\n<meta name=\"robots\" content=\"index, follow, max-snippet:-1, max-image-preview:large, max-video-preview:-1\" \/>\n<link rel=\"canonical\" href=\"https:\/\/www.americanonewspaper.com\/es\/deportes\/del-campo-al-museo-mbappe-se-inmortaliza-en-madame-tussauds\/\" \/>\n<meta property=\"og:locale\" content=\"en_US\" \/>\n<meta property=\"og:type\" content=\"article\" \/>\n<meta property=\"og:title\" content=\"Del campo al museo: Mbapp\u00e9 se inmortaliza en Madame Tussauds\" \/>\n<meta property=\"og:description\" content=\"El museo de cera Madame Tussauds de Londres exhibe por primera vez al p\u00fablico desde este viernes la figura de cera del futbolista franc\u00e9s del Real Madrid Kylian Mbapp\u00e9, que convivir\u00e1 junto a las de otras personalidades del deporte como Cristiano Ronaldo o Lewis Hamilton.\" \/>\n<meta property=\"og:url\" content=\"https:\/\/www.americanonewspaper.com\/es\/deportes\/del-campo-al-museo-mbappe-se-inmortaliza-en-madame-tussauds\/\" \/>\n<meta property=\"og:site_name\" content=\"Americano Newspaper\" \/>\n<meta property=\"article:publisher\" content=\"https:\/\/www.facebook.com\/AmericanoNewspaper\/\" \/>\n<meta property=\"article:published_time\" content=\"2025-04-04T22:03:41+00:00\" \/>\n<meta property=\"article:modified_time\" content=\"2025-04-04T22:03:44+00:00\" \/>\n<meta property=\"og:image\" content=\"https:\/\/www.americanonewspaper.com\/es\/wp-content\/uploads\/2025\/04\/6f85ea884658f491064319cab400190f38b1981cm.jpg\" \/>\n\t<meta property=\"og:image:width\" content=\"600\" \/>\n\t<meta property=\"og:image:height\" content=\"400\" \/>\n\t<meta property=\"og:image:type\" content=\"image\/jpeg\" \/>\n<meta name=\"author\" content=\"Victoria Deus\" \/>\n<meta name=\"twitter:card\" content=\"summary_large_image\" \/>\n<meta name=\"twitter:label1\" content=\"Written by\" \/>\n\t<meta name=\"twitter:data1\" content=\"Victoria Deus\" \/>\n\t<meta name=\"twitter:label2\" content=\"Est. reading time\" \/>\n\t<meta name=\"twitter:data2\" content=\"3 minutes\" \/>\n<script type=\"application\/ld+json\" class=\"yoast-schema-graph\">{\"@context\":\"https:\\\/\\\/schema.org\",\"@graph\":[{\"@type\":\"Article\",\"@id\":\"https:\\\/\\\/www.americanonewspaper.com\\\/es\\\/deportes\\\/del-campo-al-museo-mbappe-se-inmortaliza-en-madame-tussauds\\\/#article\",\"isPartOf\":{\"@id\":\"https:\\\/\\\/www.americanonewspaper.com\\\/es\\\/deportes\\\/del-campo-al-museo-mbappe-se-inmortaliza-en-madame-tussauds\\\/\"},\"author\":{\"name\":\"Victoria Deus\",\"@id\":\"https:\\\/\\\/www.americanonewspaper.com\\\/es\\\/#\\\/schema\\\/person\\\/875497672032163af362240e09375960\"},\"headline\":\"Del campo al museo: Mbapp\u00e9 se inmortaliza en Madame Tussauds\",\"datePublished\":\"2025-04-04T22:03:41+00:00\",\"dateModified\":\"2025-04-04T22:03:44+00:00\",\"mainEntityOfPage\":{\"@id\":\"https:\\\/\\\/www.americanonewspaper.com\\\/es\\\/deportes\\\/del-campo-al-museo-mbappe-se-inmortaliza-en-madame-tussauds\\\/\"},\"wordCount\":376,\"commentCount\":0,\"publisher\":{\"@id\":\"https:\\\/\\\/www.americanonewspaper.com\\\/es\\\/#organization\"},\"image\":{\"@id\":\"https:\\\/\\\/www.americanonewspaper.com\\\/es\\\/deportes\\\/del-campo-al-museo-mbappe-se-inmortaliza-en-madame-tussauds\\\/#primaryimage\"},\"thumbnailUrl\":\"https:\\\/\\\/www.americanonewspaper.com\\\/es\\\/wp-content\\\/uploads\\\/2025\\\/04\\\/6f85ea884658f491064319cab400190f38b1981cm.jpg\",\"articleSection\":[\"Deportes\",\"Europa\",\"Europe\",\"Kyliam Mbapp\u00e9\"],\"inLanguage\":\"en-US\",\"potentialAction\":[{\"@type\":\"CommentAction\",\"name\":\"Comment\",\"target\":[\"https:\\\/\\\/www.americanonewspaper.com\\\/es\\\/deportes\\\/del-campo-al-museo-mbappe-se-inmortaliza-en-madame-tussauds\\\/#respond\"]}]},{\"@type\":\"WebPage\",\"@id\":\"https:\\\/\\\/www.americanonewspaper.com\\\/es\\\/deportes\\\/del-campo-al-museo-mbappe-se-inmortaliza-en-madame-tussauds\\\/\",\"url\":\"https:\\\/\\\/www.americanonewspaper.com\\\/es\\\/deportes\\\/del-campo-al-museo-mbappe-se-inmortaliza-en-madame-tussauds\\\/\",\"name\":\"Del campo al museo: Mbapp\u00e9 se inmortaliza en Madame Tussauds - Americano Newspaper\",\"isPartOf\":{\"@id\":\"https:\\\/\\\/www.americanonewspaper.com\\\/es\\\/#website\"},\"primaryImageOfPage\":{\"@id\":\"https:\\\/\\\/www.americanonewspaper.com\\\/es\\\/deportes\\\/del-campo-al-museo-mbappe-se-inmortaliza-en-madame-tussauds\\\/#primaryimage\"},\"image\":{\"@id\":\"https:\\\/\\\/www.americanonewspaper.com\\\/es\\\/deportes\\\/del-campo-al-museo-mbappe-se-inmortaliza-en-madame-tussauds\\\/#primaryimage\"},\"thumbnailUrl\":\"https:\\\/\\\/www.americanonewspaper.com\\\/es\\\/wp-content\\\/uploads\\\/2025\\\/04\\\/6f85ea884658f491064319cab400190f38b1981cm.jpg\",\"datePublished\":\"2025-04-04T22:03:41+00:00\",\"dateModified\":\"2025-04-04T22:03:44+00:00\",\"description\":\"El museo de cera Madame Tussauds de Londres exhibe por primera vez al p\u00fablico desde este viernes la figura de cera del futbolista franc\u00e9s del Real Madrid Kylian Mbapp\u00e9, que convivir\u00e1 junto a las de otras personalidades del deporte como Cristiano Ronaldo o Lewis Hamilton.\",\"breadcrumb\":{\"@id\":\"https:\\\/\\\/www.americanonewspaper.com\\\/es\\\/deportes\\\/del-campo-al-museo-mbappe-se-inmortaliza-en-madame-tussauds\\\/#breadcrumb\"},\"inLanguage\":\"en-US\",\"potentialAction\":[{\"@type\":\"ReadAction\",\"target\":[\"https:\\\/\\\/www.americanonewspaper.com\\\/es\\\/deportes\\\/del-campo-al-museo-mbappe-se-inmortaliza-en-madame-tussauds\\\/\"]}]},{\"@type\":\"ImageObject\",\"inLanguage\":\"en-US\",\"@id\":\"https:\\\/\\\/www.americanonewspaper.com\\\/es\\\/deportes\\\/del-campo-al-museo-mbappe-se-inmortaliza-en-madame-tussauds\\\/#primaryimage\",\"url\":\"https:\\\/\\\/www.americanonewspaper.com\\\/es\\\/wp-content\\\/uploads\\\/2025\\\/04\\\/6f85ea884658f491064319cab400190f38b1981cm.jpg\",\"contentUrl\":\"https:\\\/\\\/www.americanonewspaper.com\\\/es\\\/wp-content\\\/uploads\\\/2025\\\/04\\\/6f85ea884658f491064319cab400190f38b1981cm.jpg\",\"width\":600,\"height\":400,\"caption\":\"El museo de cera Madame Tussauds de Londres exhibe por primera vez al p\u00fablico desde este viernes la figura de cera del futbolista franc\u00e9s del Real Madrid Kylian Mbapp\u00e9. EFE\\\/Miguel Salvatierra.\"},{\"@type\":\"BreadcrumbList\",\"@id\":\"https:\\\/\\\/www.americanonewspaper.com\\\/es\\\/deportes\\\/del-campo-al-museo-mbappe-se-inmortaliza-en-madame-tussauds\\\/#breadcrumb\",\"itemListElement\":[{\"@type\":\"ListItem\",\"position\":1,\"name\":\"Home\",\"item\":\"https:\\\/\\\/www.americanonewspaper.com\\\/es\\\/\"},{\"@type\":\"ListItem\",\"position\":2,\"name\":\"Del campo al museo: Mbapp\u00e9 se inmortaliza en Madame Tussauds\"}]},{\"@type\":\"WebSite\",\"@id\":\"https:\\\/\\\/www.americanonewspaper.com\\\/es\\\/#website\",\"url\":\"https:\\\/\\\/www.americanonewspaper.com\\\/es\\\/\",\"name\":\"Americano Newspaper\",\"description\":\"The Hispanic Newspaper of New Jersey.\",\"publisher\":{\"@id\":\"https:\\\/\\\/www.americanonewspaper.com\\\/es\\\/#organization\"},\"potentialAction\":[{\"@type\":\"SearchAction\",\"target\":{\"@type\":\"EntryPoint\",\"urlTemplate\":\"https:\\\/\\\/www.americanonewspaper.com\\\/es\\\/?s={search_term_string}\"},\"query-input\":{\"@type\":\"PropertyValueSpecification\",\"valueRequired\":true,\"valueName\":\"search_term_string\"}}],\"inLanguage\":\"en-US\"},{\"@type\":\"Organization\",\"@id\":\"https:\\\/\\\/www.americanonewspaper.com\\\/es\\\/#organization\",\"name\":\"Americano Newspaper\",\"url\":\"https:\\\/\\\/www.americanonewspaper.com\\\/es\\\/\",\"logo\":{\"@type\":\"ImageObject\",\"inLanguage\":\"en-US\",\"@id\":\"https:\\\/\\\/www.americanonewspaper.com\\\/es\\\/#\\\/schema\\\/logo\\\/image\\\/\",\"url\":\"https:\\\/\\\/www.americanonewspaper.com\\\/es\\\/wp-content\\\/uploads\\\/2024\\\/05\\\/AmericanoLogoCircle.comCircle2.jpg\",\"contentUrl\":\"https:\\\/\\\/www.americanonewspaper.com\\\/es\\\/wp-content\\\/uploads\\\/2024\\\/05\\\/AmericanoLogoCircle.comCircle2.jpg\",\"width\":600,\"height\":600,\"caption\":\"Americano Newspaper\"},\"image\":{\"@id\":\"https:\\\/\\\/www.americanonewspaper.com\\\/es\\\/#\\\/schema\\\/logo\\\/image\\\/\"},\"sameAs\":[\"https:\\\/\\\/www.facebook.com\\\/AmericanoNewspaper\\\/\"]},{\"@type\":\"Person\",\"@id\":\"https:\\\/\\\/www.americanonewspaper.com\\\/es\\\/#\\\/schema\\\/person\\\/875497672032163af362240e09375960\",\"name\":\"Victoria Deus\",\"image\":{\"@type\":\"ImageObject\",\"inLanguage\":\"en-US\",\"@id\":\"https:\\\/\\\/www.americanonewspaper.com\\\/es\\\/wp-content\\\/litespeed\\\/avatar\\\/87ebc08dcb2dba9e584c4557748a9de2.jpg?ver=1777428042\",\"url\":\"https:\\\/\\\/www.americanonewspaper.com\\\/es\\\/wp-content\\\/litespeed\\\/avatar\\\/87ebc08dcb2dba9e584c4557748a9de2.jpg?ver=1777428042\",\"contentUrl\":\"https:\\\/\\\/www.americanonewspaper.com\\\/es\\\/wp-content\\\/litespeed\\\/avatar\\\/87ebc08dcb2dba9e584c4557748a9de2.jpg?ver=1777428042\",\"caption\":\"Victoria Deus\"},\"sameAs\":[\"http:\\\/\\\/www.americanonewspaper.com\"],\"url\":\"https:\\\/\\\/www.americanonewspaper.com\\\/es\\\/author\\\/victoria\\\/\"}]}<\/script>\n<!-- \/ Yoast SEO Premium plugin. -->","yoast_head_json":{"title":"Del campo al museo: Mbapp\u00e9 se inmortaliza en Madame Tussauds - Americano Newspaper","description":"El museo de cera Madame Tussauds de Londres exhibe por primera vez al p\u00fablico desde este viernes la figura de cera del futbolista franc\u00e9s del Real Madrid Kylian Mbapp\u00e9, que convivir\u00e1 junto a las de otras personalidades del deporte como Cristiano Ronaldo o Lewis Hamilton.","robots":{"index":"index","follow":"follow","max-snippet":"max-snippet:-1","max-image-preview":"max-image-preview:large","max-video-preview":"max-video-preview:-1"},"canonical":"https:\/\/www.americanonewspaper.com\/es\/deportes\/del-campo-al-museo-mbappe-se-inmortaliza-en-madame-tussauds\/","og_locale":"en_US","og_type":"article","og_title":"Del campo al museo: Mbapp\u00e9 se inmortaliza en Madame Tussauds","og_description":"El museo de cera Madame Tussauds de Londres exhibe por primera vez al p\u00fablico desde este viernes la figura de cera del futbolista franc\u00e9s del Real Madrid Kylian Mbapp\u00e9, que convivir\u00e1 junto a las de otras personalidades del deporte como Cristiano Ronaldo o Lewis Hamilton.","og_url":"https:\/\/www.americanonewspaper.com\/es\/deportes\/del-campo-al-museo-mbappe-se-inmortaliza-en-madame-tussauds\/","og_site_name":"Americano Newspaper","article_publisher":"https:\/\/www.facebook.com\/AmericanoNewspaper\/","article_published_time":"2025-04-04T22:03:41+00:00","article_modified_time":"2025-04-04T22:03:44+00:00","og_image":[{"width":600,"height":400,"url":"https:\/\/www.americanonewspaper.com\/es\/wp-content\/uploads\/2025\/04\/6f85ea884658f491064319cab400190f38b1981cm.jpg","type":"image\/jpeg"}],"author":"Victoria Deus","twitter_card":"summary_large_image","twitter_misc":{"Written by":"Victoria Deus","Est. reading time":"3 minutes"},"schema":{"@context":"https:\/\/schema.org","@graph":[{"@type":"Article","@id":"https:\/\/www.americanonewspaper.com\/es\/deportes\/del-campo-al-museo-mbappe-se-inmortaliza-en-madame-tussauds\/#article","isPartOf":{"@id":"https:\/\/www.americanonewspaper.com\/es\/deportes\/del-campo-al-museo-mbappe-se-inmortaliza-en-madame-tussauds\/"},"author":{"name":"Victoria Deus","@id":"https:\/\/www.americanonewspaper.com\/es\/#\/schema\/person\/875497672032163af362240e09375960"},"headline":"Del campo al museo: Mbapp\u00e9 se inmortaliza en Madame Tussauds","datePublished":"2025-04-04T22:03:41+00:00","dateModified":"2025-04-04T22:03:44+00:00","mainEntityOfPage":{"@id":"https:\/\/www.americanonewspaper.com\/es\/deportes\/del-campo-al-museo-mbappe-se-inmortaliza-en-madame-tussauds\/"},"wordCount":376,"commentCount":0,"publisher":{"@id":"https:\/\/www.americanonewspaper.com\/es\/#organization"},"image":{"@id":"https:\/\/www.americanonewspaper.com\/es\/deportes\/del-campo-al-museo-mbappe-se-inmortaliza-en-madame-tussauds\/#primaryimage"},"thumbnailUrl":"https:\/\/www.americanonewspaper.com\/es\/wp-content\/uploads\/2025\/04\/6f85ea884658f491064319cab400190f38b1981cm.jpg","articleSection":["Deportes","Europa","Europe","Kyliam Mbapp\u00e9"],"inLanguage":"en-US","potentialAction":[{"@type":"CommentAction","name":"Comment","target":["https:\/\/www.americanonewspaper.com\/es\/deportes\/del-campo-al-museo-mbappe-se-inmortaliza-en-madame-tussauds\/#respond"]}]},{"@type":"WebPage","@id":"https:\/\/www.americanonewspaper.com\/es\/deportes\/del-campo-al-museo-mbappe-se-inmortaliza-en-madame-tussauds\/","url":"https:\/\/www.americanonewspaper.com\/es\/deportes\/del-campo-al-museo-mbappe-se-inmortaliza-en-madame-tussauds\/","name":"Del campo al museo: Mbapp\u00e9 se inmortaliza en Madame Tussauds - Americano Newspaper","isPartOf":{"@id":"https:\/\/www.americanonewspaper.com\/es\/#website"},"primaryImageOfPage":{"@id":"https:\/\/www.americanonewspaper.com\/es\/deportes\/del-campo-al-museo-mbappe-se-inmortaliza-en-madame-tussauds\/#primaryimage"},"image":{"@id":"https:\/\/www.americanonewspaper.com\/es\/deportes\/del-campo-al-museo-mbappe-se-inmortaliza-en-madame-tussauds\/#primaryimage"},"thumbnailUrl":"https:\/\/www.americanonewspaper.com\/es\/wp-content\/uploads\/2025\/04\/6f85ea884658f491064319cab400190f38b1981cm.jpg","datePublished":"2025-04-04T22:03:41+00:00","dateModified":"2025-04-04T22:03:44+00:00","description":"El museo de cera Madame Tussauds de Londres exhibe por primera vez al p\u00fablico desde este viernes la figura de cera del futbolista franc\u00e9s del Real Madrid Kylian Mbapp\u00e9, que convivir\u00e1 junto a las de otras personalidades del deporte como Cristiano Ronaldo o Lewis Hamilton.","breadcrumb":{"@id":"https:\/\/www.americanonewspaper.com\/es\/deportes\/del-campo-al-museo-mbappe-se-inmortaliza-en-madame-tussauds\/#breadcrumb"},"inLanguage":"en-US","potentialAction":[{"@type":"ReadAction","target":["https:\/\/www.americanonewspaper.com\/es\/deportes\/del-campo-al-museo-mbappe-se-inmortaliza-en-madame-tussauds\/"]}]},{"@type":"ImageObject","inLanguage":"en-US","@id":"https:\/\/www.americanonewspaper.com\/es\/deportes\/del-campo-al-museo-mbappe-se-inmortaliza-en-madame-tussauds\/#primaryimage","url":"https:\/\/www.americanonewspaper.com\/es\/wp-content\/uploads\/2025\/04\/6f85ea884658f491064319cab400190f38b1981cm.jpg","contentUrl":"https:\/\/www.americanonewspaper.com\/es\/wp-content\/uploads\/2025\/04\/6f85ea884658f491064319cab400190f38b1981cm.jpg","width":600,"height":400,"caption":"El museo de cera Madame Tussauds de Londres exhibe por primera vez al p\u00fablico desde este viernes la figura de cera del futbolista franc\u00e9s del Real Madrid Kylian Mbapp\u00e9. EFE\/Miguel Salvatierra."},{"@type":"BreadcrumbList","@id":"https:\/\/www.americanonewspaper.com\/es\/deportes\/del-campo-al-museo-mbappe-se-inmortaliza-en-madame-tussauds\/#breadcrumb","itemListElement":[{"@type":"ListItem","position":1,"name":"Home","item":"https:\/\/www.americanonewspaper.com\/es\/"},{"@type":"ListItem","position":2,"name":"Del campo al museo: Mbapp\u00e9 se inmortaliza en Madame Tussauds"}]},{"@type":"WebSite","@id":"https:\/\/www.americanonewspaper.com\/es\/#website","url":"https:\/\/www.americanonewspaper.com\/es\/","name":"Americano Newspaper","description":"The Hispanic Newspaper of New Jersey.","publisher":{"@id":"https:\/\/www.americanonewspaper.com\/es\/#organization"},"potentialAction":[{"@type":"SearchAction","target":{"@type":"EntryPoint","urlTemplate":"https:\/\/www.americanonewspaper.com\/es\/?s={search_term_string}"},"query-input":{"@type":"PropertyValueSpecification","valueRequired":true,"valueName":"search_term_string"}}],"inLanguage":"en-US"},{"@type":"Organization","@id":"https:\/\/www.americanonewspaper.com\/es\/#organization","name":"Americano Newspaper","url":"https:\/\/www.americanonewspaper.com\/es\/","logo":{"@type":"ImageObject","inLanguage":"en-US","@id":"https:\/\/www.americanonewspaper.com\/es\/#\/schema\/logo\/image\/","url":"https:\/\/www.americanonewspaper.com\/es\/wp-content\/uploads\/2024\/05\/AmericanoLogoCircle.comCircle2.jpg","contentUrl":"https:\/\/www.americanonewspaper.com\/es\/wp-content\/uploads\/2024\/05\/AmericanoLogoCircle.comCircle2.jpg","width":600,"height":600,"caption":"Americano Newspaper"},"image":{"@id":"https:\/\/www.americanonewspaper.com\/es\/#\/schema\/logo\/image\/"},"sameAs":["https:\/\/www.facebook.com\/AmericanoNewspaper\/"]},{"@type":"Person","@id":"https:\/\/www.americanonewspaper.com\/es\/#\/schema\/person\/875497672032163af362240e09375960","name":"Victoria Deus","image":{"@type":"ImageObject","inLanguage":"en-US","@id":"https:\/\/www.americanonewspaper.com\/es\/wp-content\/litespeed\/avatar\/87ebc08dcb2dba9e584c4557748a9de2.jpg?ver=1777428042","url":"https:\/\/www.americanonewspaper.com\/es\/wp-content\/litespeed\/avatar\/87ebc08dcb2dba9e584c4557748a9de2.jpg?ver=1777428042","contentUrl":"https:\/\/www.americanonewspaper.com\/es\/wp-content\/litespeed\/avatar\/87ebc08dcb2dba9e584c4557748a9de2.jpg?ver=1777428042","caption":"Victoria Deus"},"sameAs":["http:\/\/www.americanonewspaper.com"],"url":"https:\/\/www.americanonewspaper.com\/es\/author\/victoria\/"}]}},"jetpack_publicize_connections":[],"jetpack_featured_media_url":"https:\/\/www.americanonewspaper.com\/es\/wp-content\/uploads\/2025\/04\/6f85ea884658f491064319cab400190f38b1981cm.jpg","featured_image_urls":{"full":["https:\/\/www.americanonewspaper.com\/es\/wp-content\/uploads\/2025\/04\/6f85ea884658f491064319cab400190f38b1981cm.jpg",600,400,false],"thumbnail":["https:\/\/www.americanonewspaper.com\/es\/wp-content\/uploads\/2025\/04\/6f85ea884658f491064319cab400190f38b1981cm-250x250.jpg",250,250,true],"medium":["https:\/\/www.americanonewspaper.com\/es\/wp-content\/uploads\/2025\/04\/6f85ea884658f491064319cab400190f38b1981cm-300x200.jpg",300,200,true],"medium_large":["https:\/\/www.americanonewspaper.com\/es\/wp-content\/uploads\/2025\/04\/6f85ea884658f491064319cab400190f38b1981cm.jpg",600,400,false],"large":["https:\/\/www.americanonewspaper.com\/es\/wp-content\/uploads\/2025\/04\/6f85ea884658f491064319cab400190f38b1981cm.jpg",600,400,false],"1536x1536":["https:\/\/www.americanonewspaper.com\/es\/wp-content\/uploads\/2025\/04\/6f85ea884658f491064319cab400190f38b1981cm.jpg",600,400,false],"2048x2048":["https:\/\/www.americanonewspaper.com\/es\/wp-content\/uploads\/2025\/04\/6f85ea884658f491064319cab400190f38b1981cm.jpg",600,400,false],"td_150x0":["https:\/\/www.americanonewspaper.com\/es\/wp-content\/uploads\/2025\/04\/6f85ea884658f491064319cab400190f38b1981cm-150x100.jpg",150,100,true],"td_218x150":["https:\/\/www.americanonewspaper.com\/es\/wp-content\/uploads\/2025\/04\/6f85ea884658f491064319cab400190f38b1981cm-218x150.jpg",218,150,true],"td_300x0":["https:\/\/www.americanonewspaper.com\/es\/wp-content\/uploads\/2025\/04\/6f85ea884658f491064319cab400190f38b1981cm-300x200.jpg",300,200,true],"td_324x400":["https:\/\/www.americanonewspaper.com\/es\/wp-content\/uploads\/2025\/04\/6f85ea884658f491064319cab400190f38b1981cm-324x400.jpg",324,400,true],"td_485x360":["https:\/\/www.americanonewspaper.com\/es\/wp-content\/uploads\/2025\/04\/6f85ea884658f491064319cab400190f38b1981cm-485x360.jpg",485,360,true],"td_696x0":["https:\/\/www.americanonewspaper.com\/es\/wp-content\/uploads\/2025\/04\/6f85ea884658f491064319cab400190f38b1981cm.jpg",600,400,false],"td_1068x0":["https:\/\/www.americanonewspaper.com\/es\/wp-content\/uploads\/2025\/04\/6f85ea884658f491064319cab400190f38b1981cm.jpg",600,400,false],"td_1920x0":["https:\/\/www.americanonewspaper.com\/es\/wp-content\/uploads\/2025\/04\/6f85ea884658f491064319cab400190f38b1981cm.jpg",600,400,false],"bdpp-medium":["https:\/\/www.americanonewspaper.com\/es\/wp-content\/uploads\/2025\/04\/6f85ea884658f491064319cab400190f38b1981cm.jpg",600,400,false]},"author_info":{"display_name":"Victoria Deus","author_link":"https:\/\/www.americanonewspaper.com\/es\/author\/victoria\/"},"category_info":"<a href=\"https:\/\/www.americanonewspaper.com\/es\/category\/deportes\/\" rel=\"category tag\">Deportes<\/a> <a href=\"https:\/\/www.americanonewspaper.com\/es\/category\/europa\/\" rel=\"category tag\">Europa<\/a> <a href=\"https:\/\/www.americanonewspaper.com\/es\/category\/europe\/\" rel=\"category tag\">Europe<\/a> <a href=\"https:\/\/www.americanonewspaper.com\/es\/category\/kyliam-mbappe\/\" rel=\"category tag\">Kyliam Mbapp\u00e9<\/a>","tag_info":"Kyliam Mbapp\u00e9","comment_count":"0","jetpack_sharing_enabled":true,"jetpack_likes_enabled":true,"_links":{"self":[{"href":"https:\/\/www.americanonewspaper.com\/es\/wp-json\/wp\/v2\/posts\/25801","targetHints":{"allow":["GET"]}}],"collection":[{"href":"https:\/\/www.americanonewspaper.com\/es\/wp-json\/wp\/v2\/posts"}],"about":[{"href":"https:\/\/www.americanonewspaper.com\/es\/wp-json\/wp\/v2\/types\/post"}],"author":[{"embeddable":true,"href":"https:\/\/www.americanonewspaper.com\/es\/wp-json\/wp\/v2\/users\/18"}],"replies":[{"embeddable":true,"href":"https:\/\/www.americanonewspaper.com\/es\/wp-json\/wp\/v2\/comments?post=25801"}],"version-history":[{"count":1,"href":"https:\/\/www.americanonewspaper.com\/es\/wp-json\/wp\/v2\/posts\/25801\/revisions"}],"predecessor-version":[{"id":25807,"href":"https:\/\/www.americanonewspaper.com\/es\/wp-json\/wp\/v2\/posts\/25801\/revisions\/25807"}],"wp:featuredmedia":[{"embeddable":true,"href":"https:\/\/www.americanonewspaper.com\/es\/wp-json\/wp\/v2\/media\/25802"}],"wp:attachment":[{"href":"https:\/\/www.americanonewspaper.com\/es\/wp-json\/wp\/v2\/media?parent=25801"}],"wp:term":[{"taxonomy":"category","embeddable":true,"href":"https:\/\/www.americanonewspaper.com\/es\/wp-json\/wp\/v2\/categories?post=25801"},{"taxonomy":"post_tag","embeddable":true,"href":"https:\/\/www.americanonewspaper.com\/es\/wp-json\/wp\/v2\/tags?post=25801"}],"curies":[{"name":"wp","href":"https:\/\/api.w.org\/{rel}","templated":true}]}}