{"id":25694,"date":"2025-03-27T10:07:11","date_gmt":"2025-03-27T14:07:11","guid":{"rendered":"https:\/\/www.americanonewspaper.com\/es\/?p=25694"},"modified":"2025-03-27T10:07:13","modified_gmt":"2025-03-27T14:07:13","slug":"neymar-vuelve-a-casa-pero-sera-un-adios-en-julio","status":"publish","type":"post","link":"https:\/\/www.americanonewspaper.com\/es\/deportes\/neymar-vuelve-a-casa-pero-sera-un-adios-en-julio\/","title":{"rendered":"Neymar vuelve a casa, pero\u2026 \u00bfser\u00e1 un adi\u00f3s en julio?"},"content":{"rendered":"\n<p class=\"dropcapp3\">Neymar aterriz\u00f3 el pasado 31 de enero en un Santos reci\u00e9n ascendido y con hambre de conquista, aunque el crack brasile\u00f1o firm\u00f3 un contrato por seis meses que le permitir\u00e1 jugar con la camiseta albinegra solo hasta julio con la inc\u00f3gnita de saber si renovar\u00e1 o no.<\/p>\n\n\n\n<p>El exdelantero del Barcelona, que volvi\u00f3 a su tierra natal tras una etapa decepcionante en el Al-Hilal saud\u00ed, aclar\u00f3 que su estancia &#8220;se puede extender&#8221; y expres\u00f3 el deseo de recuperarse en suelo brasile\u00f1o y &#8220;marcar goles para ayudar&#8221; al club donde se dio a conocer al mundo y al que ha regresado con 33 a\u00f1os.<\/p>\n\n\n<div class=\"wp-block-image\">\n<figure class=\"aligncenter size-large is-resized\"><img fetchpriority=\"high\" decoding=\"async\" width=\"800\" height=\"365\" src=\"https:\/\/www.americanonewspaper.com\/es\/wp-content\/uploads\/2025\/03\/Screenshot-2025-02-20-at-9.11.40\u202fAM-1920x877-2-17-800x365.webp\" alt=\"\" class=\"wp-image-25696\" style=\"width:1024px;height:auto\" srcset=\"https:\/\/www.americanonewspaper.com\/es\/wp-content\/uploads\/2025\/03\/Screenshot-2025-02-20-at-9.11.40\u202fAM-1920x877-2-17-800x365.webp 800w, https:\/\/www.americanonewspaper.com\/es\/wp-content\/uploads\/2025\/03\/Screenshot-2025-02-20-at-9.11.40\u202fAM-1920x877-2-17-300x137.webp 300w, https:\/\/www.americanonewspaper.com\/es\/wp-content\/uploads\/2025\/03\/Screenshot-2025-02-20-at-9.11.40\u202fAM-1920x877-2-17-768x351.webp 768w, https:\/\/www.americanonewspaper.com\/es\/wp-content\/uploads\/2025\/03\/Screenshot-2025-02-20-at-9.11.40\u202fAM-1920x877-2-17-1536x702.webp 1536w, https:\/\/www.americanonewspaper.com\/es\/wp-content\/uploads\/2025\/03\/Screenshot-2025-02-20-at-9.11.40\u202fAM-1920x877-2-17-150x69.webp 150w, https:\/\/www.americanonewspaper.com\/es\/wp-content\/uploads\/2025\/03\/Screenshot-2025-02-20-at-9.11.40\u202fAM-1920x877-2-17-696x318.webp 696w, https:\/\/www.americanonewspaper.com\/es\/wp-content\/uploads\/2025\/03\/Screenshot-2025-02-20-at-9.11.40\u202fAM-1920x877-2-17-1068x488.webp 1068w, https:\/\/www.americanonewspaper.com\/es\/wp-content\/uploads\/2025\/03\/Screenshot-2025-02-20-at-9.11.40\u202fAM-1920x877-2-17.webp 1920w\" sizes=\"(max-width: 800px) 100vw, 800px\" \/><\/figure>\n<\/div>\n\n\n<p>&nbsp;En sus \u00faltimas declaraciones, el presidente de Santos, Marcelo Teixeira, manifest\u00f3 sus buenas expectativas de renovar el contrato con el exjugador del Par\u00eds Saint-Germain hasta la Copa del Mundo de 2026, la que podr\u00eda ser la \u00faltima del 10.<\/p>\n\n\n\n<p>Lo cierto es que Santos, de regreso a la primera divisi\u00f3n, abrir\u00e1 su temporada en el Campeonato Brasile\u00f1o este domingo contra Vasco da Gama con &#8216;Ney&#8217; en duda por una lesi\u00f3n muscular que le impidi\u00f3 estar con la selecci\u00f3n brasile\u00f1a estas casi dos \u00faltimas semanas.<\/p>\n\n\n\n<p><strong>Un gol ol\u00edmpico y de vuelta a fisioterapia<\/strong><\/p>\n\n\n\n<p>Tan solo 10 d\u00edas despu\u00e9s de su presentaci\u00f3n, Neymar volv\u00eda a las canchas vistiendo la camiseta del club de sus amores, tras casi 500 d\u00edas sin empezar de inicio un partido por la grave lesi\u00f3n en la rodilla que sufri\u00f3 en octubre de 2023.<\/p>\n\n\n<div class=\"wp-block-image\">\n<figure class=\"aligncenter size-large is-resized\"><a href=\"https:\/\/www.nissanofnorthplainfield.com\/?utm_source=gmb&amp;utm_medium=organic&amp;utm_campaign=website-button\"><img decoding=\"async\" width=\"800\" height=\"382\" src=\"https:\/\/www.americanonewspaper.com\/es\/wp-content\/uploads\/2025\/03\/Nissan-copy-1-2-16-800x382.jpg\" alt=\"\" class=\"wp-image-25697\" style=\"width:1038px;height:auto\" srcset=\"https:\/\/www.americanonewspaper.com\/es\/wp-content\/uploads\/2025\/03\/Nissan-copy-1-2-16-800x382.jpg 800w, https:\/\/www.americanonewspaper.com\/es\/wp-content\/uploads\/2025\/03\/Nissan-copy-1-2-16-300x143.jpg 300w, https:\/\/www.americanonewspaper.com\/es\/wp-content\/uploads\/2025\/03\/Nissan-copy-1-2-16-768x367.jpg 768w, https:\/\/www.americanonewspaper.com\/es\/wp-content\/uploads\/2025\/03\/Nissan-copy-1-2-16-150x72.jpg 150w, https:\/\/www.americanonewspaper.com\/es\/wp-content\/uploads\/2025\/03\/Nissan-copy-1-2-16-696x332.jpg 696w, https:\/\/www.americanonewspaper.com\/es\/wp-content\/uploads\/2025\/03\/Nissan-copy-1-2-16-1068x510.jpg 1068w, https:\/\/www.americanonewspaper.com\/es\/wp-content\/uploads\/2025\/03\/Nissan-copy-1-2-16.jpg 1200w\" sizes=\"(max-width: 800px) 100vw, 800px\" \/><\/a><figcaption class=\"wp-element-caption\">Screenshot<\/figcaption><\/figure>\n<\/div>\n\n\n<p>A pasos agigantados, el brasile\u00f1o adopt\u00f3 un puesto de liderazgo en el Santos, logr\u00f3 jugar los 90 minutos e incluso marc\u00f3 un gol ol\u00edmpico que hizo emocionar hasta a la afici\u00f3n rival.<\/p>\n\n\n\n<p>Por su desempe\u00f1o gan\u00f3 una plaza entre los 23 convocados por el t\u00e9cnico de la Canarinha, Dorival J\u00fanior, para los partidos contra Colombia y Argentina por las eliminatorias sudamericanas para el Mundial de 2026.<\/p>\n\n\n\n<p>Sin embargo, esa ilusi\u00f3n se vio abortada &#8220;de com\u00fan acuerdo&#8221; por una nueva lesi\u00f3n, de la que a\u00fan se recupera.<\/p>\n\n\n\n<p><strong>Una estancia marcada por rumores<\/strong><\/p>\n\n\n\n<p>Su ausencia entre los titulares que enfrentaron la semifinal del Campeonato Paulista contra el Corinthians despert\u00f3 fuertes cr\u00edticas de la prensa deportiva y de los seguidores del \u2018Peixe\u2019, que esperaban el ingreso del crack para salvar la eliminatoria.<\/p>\n\n\n\n<p>Neymar aleg\u00f3 molestias musculares y vio desde el banco de suplentes la derrota contra el Tim\u00e3o, aunque d\u00edas antes del partido se mostr\u00f3 en sus redes sociales sin aparentes molestias celebrando el Carnaval de R\u00edo de Janeiro en un camarote.<\/p>\n\n\n\n<p>El desembarco del crack en Brasil tambi\u00e9n carg\u00f3 la prensa local de rumores sobre su vida personal.<\/p>\n\n\n<div class=\"wp-block-image\">\n<figure class=\"aligncenter size-large is-resized\"><a href=\"https:\/\/www.stnj.org\/events-tickets\/upcoming-events-1?utm_source=americano&amp;utm_medium=webad&amp;utm_campaign=americano_240216_webad1200x550_balletfolkloricowilychirinospanish\"><img decoding=\"async\" width=\"800\" height=\"433\" src=\"https:\/\/www.americanonewspaper.com\/es\/wp-content\/uploads\/2025\/03\/Screenshot-2025-03-05-at-8.48.58\u202fAM-13-800x433.png\" alt=\"\" class=\"wp-image-25698\" style=\"width:1068px;height:auto\" srcset=\"https:\/\/www.americanonewspaper.com\/es\/wp-content\/uploads\/2025\/03\/Screenshot-2025-03-05-at-8.48.58\u202fAM-13-800x433.png 800w, https:\/\/www.americanonewspaper.com\/es\/wp-content\/uploads\/2025\/03\/Screenshot-2025-03-05-at-8.48.58\u202fAM-13-300x163.png 300w, https:\/\/www.americanonewspaper.com\/es\/wp-content\/uploads\/2025\/03\/Screenshot-2025-03-05-at-8.48.58\u202fAM-13-768x416.png 768w, https:\/\/www.americanonewspaper.com\/es\/wp-content\/uploads\/2025\/03\/Screenshot-2025-03-05-at-8.48.58\u202fAM-13-1536x832.png 1536w, https:\/\/www.americanonewspaper.com\/es\/wp-content\/uploads\/2025\/03\/Screenshot-2025-03-05-at-8.48.58\u202fAM-13-150x81.png 150w, https:\/\/www.americanonewspaper.com\/es\/wp-content\/uploads\/2025\/03\/Screenshot-2025-03-05-at-8.48.58\u202fAM-13-696x377.png 696w, https:\/\/www.americanonewspaper.com\/es\/wp-content\/uploads\/2025\/03\/Screenshot-2025-03-05-at-8.48.58\u202fAM-13-1068x579.png 1068w, https:\/\/www.americanonewspaper.com\/es\/wp-content\/uploads\/2025\/03\/Screenshot-2025-03-05-at-8.48.58\u202fAM-13.png 1772w\" sizes=\"(max-width: 800px) 100vw, 800px\" \/><\/a><\/figure>\n<\/div>\n\n\n<p>A unos d\u00edas de que se confirmara su lesi\u00f3n, un portal brasile\u00f1o de noticias rosas del periodista brasile\u00f1o Leo D\u00edas public\u00f3 una foto del helic\u00f3ptero de Neymar afirmando que estaba en una \u201cfiestita llena de mujeres\u201d en una finca \u201cdiscreta\u201d en el interior de S\u00e3o Paulo.<\/p>\n\n\n\n<p>La oficina de prensa del jugador descart\u00f3 su presencia en el lugar, aunque no desminti\u00f3 la del helic\u00f3ptero, alegando que \u201cse puede ver en varios lugares, ya que se presta con frecuencia a amigos y familiares\u201d.<\/p>\n\n\n\n<p>Tras los rumores, una mujer afirm\u00f3 en sus redes sociales haber recibido 20.000 reales (3.469 d\u00f3lares o 3.212 euros), supuestamente para asistir a la fiesta y mantener relaciones sexuales con el futbolista y otros invitados, entre los que figuraban amigos del jugador e incluso un pol\u00edtico del que no trascendi\u00f3 su identidad.<\/p>\n\n\n\n<p>Sin embargo, Neymar, que espera su cuarto hijo, el segundo con su actual esposa, la influente Bruna Biancardi, evit\u00f3 referirse a estos esc\u00e1ndalos que se le atribuyen e incluso se mostr\u00f3 disfrutando con su familia en una de sus casas en R\u00edo de Janeiro.<\/p>\n\n\n\n<p>Ail\u00e9n Desir\u00e9e Montes, S\u00e3o Paulo,  <a href=\"https:\/\/www.americanonewspaper.com\/es\/\">Americanonewspaper<\/a> (EFE).<\/p>\n\n\n\n<p><\/p>\n","protected":false},"excerpt":{"rendered":"<p>Neymar aterriz\u00f3 el pasado 31 de enero en un Santos reci\u00e9n ascendido y con hambre de conquista, aunque el crack brasile\u00f1o firm\u00f3 un contrato por seis meses que le permitir\u00e1 jugar con la camiseta albinegra solo hasta julio con la inc\u00f3gnita de saber si renovar\u00e1 o no. El exdelantero del Barcelona, que volvi\u00f3 a su [&hellip;]<\/p>\n","protected":false},"author":18,"featured_media":25695,"comment_status":"open","ping_status":"open","sticky":false,"template":"","format":"standard","meta":{"_acf_changed":false,"tdm_status":"","tdm_grid_status":"","_jetpack_memberships_contains_paid_content":false,"footnotes":"","jetpack_publicize_message":"","jetpack_publicize_feature_enabled":true,"jetpack_social_post_already_shared":true,"jetpack_social_options":{"image_generator_settings":{"template":"highway","default_image_id":0,"font":"","enabled":false},"version":2},"_wpas_customize_per_network":false},"categories":[647,607],"tags":[],"class_list":{"0":"post-25694","1":"post","2":"type-post","3":"status-publish","4":"format-standard","5":"has-post-thumbnail","7":"category-brasil","8":"category-deportes"},"acf":[],"yoast_head":"<!-- This site is optimized with the Yoast SEO Premium plugin v27.5 (Yoast SEO v27.5) - https:\/\/yoast.com\/product\/yoast-seo-premium-wordpress\/ -->\n<title>Neymar vuelve a casa, pero\u2026 \u00bfser\u00e1 un adi\u00f3s en julio? - Americano Newspaper<\/title>\n<meta name=\"description\" content=\"Neymar aterriz\u00f3 el pasado 31 de enero en un Santos reci\u00e9n ascendido y con hambre de conquista, aunque el crack brasile\u00f1o firm\u00f3 un contrato por seis meses que le permitir\u00e1 jugar con la camiseta albinegra solo hasta julio con la inc\u00f3gnita de saber si renovar\u00e1 o no.\" \/>\n<meta name=\"robots\" content=\"index, follow, max-snippet:-1, max-image-preview:large, max-video-preview:-1\" \/>\n<link rel=\"canonical\" href=\"https:\/\/www.americanonewspaper.com\/es\/deportes\/neymar-vuelve-a-casa-pero-sera-un-adios-en-julio\/\" \/>\n<meta property=\"og:locale\" content=\"en_US\" \/>\n<meta property=\"og:type\" content=\"article\" \/>\n<meta property=\"og:title\" content=\"Neymar vuelve a casa, pero\u2026 \u00bfser\u00e1 un adi\u00f3s en julio?\" \/>\n<meta property=\"og:description\" content=\"Neymar aterriz\u00f3 el pasado 31 de enero en un Santos reci\u00e9n ascendido y con hambre de conquista, aunque el crack brasile\u00f1o firm\u00f3 un contrato por seis meses que le permitir\u00e1 jugar con la camiseta albinegra solo hasta julio con la inc\u00f3gnita de saber si renovar\u00e1 o no.\" \/>\n<meta property=\"og:url\" content=\"https:\/\/www.americanonewspaper.com\/es\/deportes\/neymar-vuelve-a-casa-pero-sera-un-adios-en-julio\/\" \/>\n<meta property=\"og:site_name\" content=\"Americano Newspaper\" \/>\n<meta property=\"article:publisher\" content=\"https:\/\/www.facebook.com\/AmericanoNewspaper\/\" \/>\n<meta property=\"article:published_time\" content=\"2025-03-27T14:07:11+00:00\" \/>\n<meta property=\"article:modified_time\" content=\"2025-03-27T14:07:13+00:00\" \/>\n<meta property=\"og:image\" content=\"https:\/\/www.americanonewspaper.com\/es\/wp-content\/uploads\/2025\/03\/13969bf66c279a2c1a86b5f16a9199579dc2163am.jpg\" \/>\n\t<meta property=\"og:image:width\" content=\"600\" \/>\n\t<meta property=\"og:image:height\" content=\"400\" \/>\n\t<meta property=\"og:image:type\" content=\"image\/jpeg\" \/>\n<meta name=\"author\" content=\"Victoria Deus\" \/>\n<meta name=\"twitter:card\" content=\"summary_large_image\" \/>\n<meta name=\"twitter:label1\" content=\"Written by\" \/>\n\t<meta name=\"twitter:data1\" content=\"Victoria Deus\" \/>\n\t<meta name=\"twitter:label2\" content=\"Est. reading time\" \/>\n\t<meta name=\"twitter:data2\" content=\"4 minutes\" \/>\n<script type=\"application\/ld+json\" class=\"yoast-schema-graph\">{\"@context\":\"https:\\\/\\\/schema.org\",\"@graph\":[{\"@type\":\"Article\",\"@id\":\"https:\\\/\\\/www.americanonewspaper.com\\\/es\\\/deportes\\\/neymar-vuelve-a-casa-pero-sera-un-adios-en-julio\\\/#article\",\"isPartOf\":{\"@id\":\"https:\\\/\\\/www.americanonewspaper.com\\\/es\\\/deportes\\\/neymar-vuelve-a-casa-pero-sera-un-adios-en-julio\\\/\"},\"author\":{\"name\":\"Victoria Deus\",\"@id\":\"https:\\\/\\\/www.americanonewspaper.com\\\/es\\\/#\\\/schema\\\/person\\\/875497672032163af362240e09375960\"},\"headline\":\"Neymar vuelve a casa, pero\u2026 \u00bfser\u00e1 un adi\u00f3s en julio?\",\"datePublished\":\"2025-03-27T14:07:11+00:00\",\"dateModified\":\"2025-03-27T14:07:13+00:00\",\"mainEntityOfPage\":{\"@id\":\"https:\\\/\\\/www.americanonewspaper.com\\\/es\\\/deportes\\\/neymar-vuelve-a-casa-pero-sera-un-adios-en-julio\\\/\"},\"wordCount\":659,\"commentCount\":0,\"publisher\":{\"@id\":\"https:\\\/\\\/www.americanonewspaper.com\\\/es\\\/#organization\"},\"image\":{\"@id\":\"https:\\\/\\\/www.americanonewspaper.com\\\/es\\\/deportes\\\/neymar-vuelve-a-casa-pero-sera-un-adios-en-julio\\\/#primaryimage\"},\"thumbnailUrl\":\"https:\\\/\\\/www.americanonewspaper.com\\\/es\\\/wp-content\\\/uploads\\\/2025\\\/03\\\/13969bf66c279a2c1a86b5f16a9199579dc2163am.jpg\",\"articleSection\":[\"Brasil\",\"Deportes\"],\"inLanguage\":\"en-US\",\"potentialAction\":[{\"@type\":\"CommentAction\",\"name\":\"Comment\",\"target\":[\"https:\\\/\\\/www.americanonewspaper.com\\\/es\\\/deportes\\\/neymar-vuelve-a-casa-pero-sera-un-adios-en-julio\\\/#respond\"]}]},{\"@type\":\"WebPage\",\"@id\":\"https:\\\/\\\/www.americanonewspaper.com\\\/es\\\/deportes\\\/neymar-vuelve-a-casa-pero-sera-un-adios-en-julio\\\/\",\"url\":\"https:\\\/\\\/www.americanonewspaper.com\\\/es\\\/deportes\\\/neymar-vuelve-a-casa-pero-sera-un-adios-en-julio\\\/\",\"name\":\"Neymar vuelve a casa, pero\u2026 \u00bfser\u00e1 un adi\u00f3s en julio? - Americano Newspaper\",\"isPartOf\":{\"@id\":\"https:\\\/\\\/www.americanonewspaper.com\\\/es\\\/#website\"},\"primaryImageOfPage\":{\"@id\":\"https:\\\/\\\/www.americanonewspaper.com\\\/es\\\/deportes\\\/neymar-vuelve-a-casa-pero-sera-un-adios-en-julio\\\/#primaryimage\"},\"image\":{\"@id\":\"https:\\\/\\\/www.americanonewspaper.com\\\/es\\\/deportes\\\/neymar-vuelve-a-casa-pero-sera-un-adios-en-julio\\\/#primaryimage\"},\"thumbnailUrl\":\"https:\\\/\\\/www.americanonewspaper.com\\\/es\\\/wp-content\\\/uploads\\\/2025\\\/03\\\/13969bf66c279a2c1a86b5f16a9199579dc2163am.jpg\",\"datePublished\":\"2025-03-27T14:07:11+00:00\",\"dateModified\":\"2025-03-27T14:07:13+00:00\",\"description\":\"Neymar aterriz\u00f3 el pasado 31 de enero en un Santos reci\u00e9n ascendido y con hambre de conquista, aunque el crack brasile\u00f1o firm\u00f3 un contrato por seis meses que le permitir\u00e1 jugar con la camiseta albinegra solo hasta julio con la inc\u00f3gnita de saber si renovar\u00e1 o no.\",\"breadcrumb\":{\"@id\":\"https:\\\/\\\/www.americanonewspaper.com\\\/es\\\/deportes\\\/neymar-vuelve-a-casa-pero-sera-un-adios-en-julio\\\/#breadcrumb\"},\"inLanguage\":\"en-US\",\"potentialAction\":[{\"@type\":\"ReadAction\",\"target\":[\"https:\\\/\\\/www.americanonewspaper.com\\\/es\\\/deportes\\\/neymar-vuelve-a-casa-pero-sera-un-adios-en-julio\\\/\"]}]},{\"@type\":\"ImageObject\",\"inLanguage\":\"en-US\",\"@id\":\"https:\\\/\\\/www.americanonewspaper.com\\\/es\\\/deportes\\\/neymar-vuelve-a-casa-pero-sera-un-adios-en-julio\\\/#primaryimage\",\"url\":\"https:\\\/\\\/www.americanonewspaper.com\\\/es\\\/wp-content\\\/uploads\\\/2025\\\/03\\\/13969bf66c279a2c1a86b5f16a9199579dc2163am.jpg\",\"contentUrl\":\"https:\\\/\\\/www.americanonewspaper.com\\\/es\\\/wp-content\\\/uploads\\\/2025\\\/03\\\/13969bf66c279a2c1a86b5f16a9199579dc2163am.jpg\",\"width\":600,\"height\":400,\"caption\":\"Santos ficha a Neymar, pero\u2026 \u00bfser\u00e1 solo un romance fugaz?\"},{\"@type\":\"BreadcrumbList\",\"@id\":\"https:\\\/\\\/www.americanonewspaper.com\\\/es\\\/deportes\\\/neymar-vuelve-a-casa-pero-sera-un-adios-en-julio\\\/#breadcrumb\",\"itemListElement\":[{\"@type\":\"ListItem\",\"position\":1,\"name\":\"Home\",\"item\":\"https:\\\/\\\/www.americanonewspaper.com\\\/es\\\/\"},{\"@type\":\"ListItem\",\"position\":2,\"name\":\"Neymar vuelve a casa, pero\u2026 \u00bfser\u00e1 un adi\u00f3s en julio?\"}]},{\"@type\":\"WebSite\",\"@id\":\"https:\\\/\\\/www.americanonewspaper.com\\\/es\\\/#website\",\"url\":\"https:\\\/\\\/www.americanonewspaper.com\\\/es\\\/\",\"name\":\"Americano Newspaper\",\"description\":\"The Hispanic Newspaper of New Jersey.\",\"publisher\":{\"@id\":\"https:\\\/\\\/www.americanonewspaper.com\\\/es\\\/#organization\"},\"potentialAction\":[{\"@type\":\"SearchAction\",\"target\":{\"@type\":\"EntryPoint\",\"urlTemplate\":\"https:\\\/\\\/www.americanonewspaper.com\\\/es\\\/?s={search_term_string}\"},\"query-input\":{\"@type\":\"PropertyValueSpecification\",\"valueRequired\":true,\"valueName\":\"search_term_string\"}}],\"inLanguage\":\"en-US\"},{\"@type\":\"Organization\",\"@id\":\"https:\\\/\\\/www.americanonewspaper.com\\\/es\\\/#organization\",\"name\":\"Americano Newspaper\",\"url\":\"https:\\\/\\\/www.americanonewspaper.com\\\/es\\\/\",\"logo\":{\"@type\":\"ImageObject\",\"inLanguage\":\"en-US\",\"@id\":\"https:\\\/\\\/www.americanonewspaper.com\\\/es\\\/#\\\/schema\\\/logo\\\/image\\\/\",\"url\":\"https:\\\/\\\/www.americanonewspaper.com\\\/es\\\/wp-content\\\/uploads\\\/2024\\\/05\\\/AmericanoLogoCircle.comCircle2.jpg\",\"contentUrl\":\"https:\\\/\\\/www.americanonewspaper.com\\\/es\\\/wp-content\\\/uploads\\\/2024\\\/05\\\/AmericanoLogoCircle.comCircle2.jpg\",\"width\":600,\"height\":600,\"caption\":\"Americano Newspaper\"},\"image\":{\"@id\":\"https:\\\/\\\/www.americanonewspaper.com\\\/es\\\/#\\\/schema\\\/logo\\\/image\\\/\"},\"sameAs\":[\"https:\\\/\\\/www.facebook.com\\\/AmericanoNewspaper\\\/\"]},{\"@type\":\"Person\",\"@id\":\"https:\\\/\\\/www.americanonewspaper.com\\\/es\\\/#\\\/schema\\\/person\\\/875497672032163af362240e09375960\",\"name\":\"Victoria Deus\",\"image\":{\"@type\":\"ImageObject\",\"inLanguage\":\"en-US\",\"@id\":\"https:\\\/\\\/www.americanonewspaper.com\\\/es\\\/wp-content\\\/litespeed\\\/avatar\\\/87ebc08dcb2dba9e584c4557748a9de2.jpg?ver=1777428042\",\"url\":\"https:\\\/\\\/www.americanonewspaper.com\\\/es\\\/wp-content\\\/litespeed\\\/avatar\\\/87ebc08dcb2dba9e584c4557748a9de2.jpg?ver=1777428042\",\"contentUrl\":\"https:\\\/\\\/www.americanonewspaper.com\\\/es\\\/wp-content\\\/litespeed\\\/avatar\\\/87ebc08dcb2dba9e584c4557748a9de2.jpg?ver=1777428042\",\"caption\":\"Victoria Deus\"},\"sameAs\":[\"http:\\\/\\\/www.americanonewspaper.com\"],\"url\":\"https:\\\/\\\/www.americanonewspaper.com\\\/es\\\/author\\\/victoria\\\/\"}]}<\/script>\n<!-- \/ Yoast SEO Premium plugin. -->","yoast_head_json":{"title":"Neymar vuelve a casa, pero\u2026 \u00bfser\u00e1 un adi\u00f3s en julio? - Americano Newspaper","description":"Neymar aterriz\u00f3 el pasado 31 de enero en un Santos reci\u00e9n ascendido y con hambre de conquista, aunque el crack brasile\u00f1o firm\u00f3 un contrato por seis meses que le permitir\u00e1 jugar con la camiseta albinegra solo hasta julio con la inc\u00f3gnita de saber si renovar\u00e1 o no.","robots":{"index":"index","follow":"follow","max-snippet":"max-snippet:-1","max-image-preview":"max-image-preview:large","max-video-preview":"max-video-preview:-1"},"canonical":"https:\/\/www.americanonewspaper.com\/es\/deportes\/neymar-vuelve-a-casa-pero-sera-un-adios-en-julio\/","og_locale":"en_US","og_type":"article","og_title":"Neymar vuelve a casa, pero\u2026 \u00bfser\u00e1 un adi\u00f3s en julio?","og_description":"Neymar aterriz\u00f3 el pasado 31 de enero en un Santos reci\u00e9n ascendido y con hambre de conquista, aunque el crack brasile\u00f1o firm\u00f3 un contrato por seis meses que le permitir\u00e1 jugar con la camiseta albinegra solo hasta julio con la inc\u00f3gnita de saber si renovar\u00e1 o no.","og_url":"https:\/\/www.americanonewspaper.com\/es\/deportes\/neymar-vuelve-a-casa-pero-sera-un-adios-en-julio\/","og_site_name":"Americano Newspaper","article_publisher":"https:\/\/www.facebook.com\/AmericanoNewspaper\/","article_published_time":"2025-03-27T14:07:11+00:00","article_modified_time":"2025-03-27T14:07:13+00:00","og_image":[{"width":600,"height":400,"url":"https:\/\/www.americanonewspaper.com\/es\/wp-content\/uploads\/2025\/03\/13969bf66c279a2c1a86b5f16a9199579dc2163am.jpg","type":"image\/jpeg"}],"author":"Victoria Deus","twitter_card":"summary_large_image","twitter_misc":{"Written by":"Victoria Deus","Est. reading time":"4 minutes"},"schema":{"@context":"https:\/\/schema.org","@graph":[{"@type":"Article","@id":"https:\/\/www.americanonewspaper.com\/es\/deportes\/neymar-vuelve-a-casa-pero-sera-un-adios-en-julio\/#article","isPartOf":{"@id":"https:\/\/www.americanonewspaper.com\/es\/deportes\/neymar-vuelve-a-casa-pero-sera-un-adios-en-julio\/"},"author":{"name":"Victoria Deus","@id":"https:\/\/www.americanonewspaper.com\/es\/#\/schema\/person\/875497672032163af362240e09375960"},"headline":"Neymar vuelve a casa, pero\u2026 \u00bfser\u00e1 un adi\u00f3s en julio?","datePublished":"2025-03-27T14:07:11+00:00","dateModified":"2025-03-27T14:07:13+00:00","mainEntityOfPage":{"@id":"https:\/\/www.americanonewspaper.com\/es\/deportes\/neymar-vuelve-a-casa-pero-sera-un-adios-en-julio\/"},"wordCount":659,"commentCount":0,"publisher":{"@id":"https:\/\/www.americanonewspaper.com\/es\/#organization"},"image":{"@id":"https:\/\/www.americanonewspaper.com\/es\/deportes\/neymar-vuelve-a-casa-pero-sera-un-adios-en-julio\/#primaryimage"},"thumbnailUrl":"https:\/\/www.americanonewspaper.com\/es\/wp-content\/uploads\/2025\/03\/13969bf66c279a2c1a86b5f16a9199579dc2163am.jpg","articleSection":["Brasil","Deportes"],"inLanguage":"en-US","potentialAction":[{"@type":"CommentAction","name":"Comment","target":["https:\/\/www.americanonewspaper.com\/es\/deportes\/neymar-vuelve-a-casa-pero-sera-un-adios-en-julio\/#respond"]}]},{"@type":"WebPage","@id":"https:\/\/www.americanonewspaper.com\/es\/deportes\/neymar-vuelve-a-casa-pero-sera-un-adios-en-julio\/","url":"https:\/\/www.americanonewspaper.com\/es\/deportes\/neymar-vuelve-a-casa-pero-sera-un-adios-en-julio\/","name":"Neymar vuelve a casa, pero\u2026 \u00bfser\u00e1 un adi\u00f3s en julio? - Americano Newspaper","isPartOf":{"@id":"https:\/\/www.americanonewspaper.com\/es\/#website"},"primaryImageOfPage":{"@id":"https:\/\/www.americanonewspaper.com\/es\/deportes\/neymar-vuelve-a-casa-pero-sera-un-adios-en-julio\/#primaryimage"},"image":{"@id":"https:\/\/www.americanonewspaper.com\/es\/deportes\/neymar-vuelve-a-casa-pero-sera-un-adios-en-julio\/#primaryimage"},"thumbnailUrl":"https:\/\/www.americanonewspaper.com\/es\/wp-content\/uploads\/2025\/03\/13969bf66c279a2c1a86b5f16a9199579dc2163am.jpg","datePublished":"2025-03-27T14:07:11+00:00","dateModified":"2025-03-27T14:07:13+00:00","description":"Neymar aterriz\u00f3 el pasado 31 de enero en un Santos reci\u00e9n ascendido y con hambre de conquista, aunque el crack brasile\u00f1o firm\u00f3 un contrato por seis meses que le permitir\u00e1 jugar con la camiseta albinegra solo hasta julio con la inc\u00f3gnita de saber si renovar\u00e1 o no.","breadcrumb":{"@id":"https:\/\/www.americanonewspaper.com\/es\/deportes\/neymar-vuelve-a-casa-pero-sera-un-adios-en-julio\/#breadcrumb"},"inLanguage":"en-US","potentialAction":[{"@type":"ReadAction","target":["https:\/\/www.americanonewspaper.com\/es\/deportes\/neymar-vuelve-a-casa-pero-sera-un-adios-en-julio\/"]}]},{"@type":"ImageObject","inLanguage":"en-US","@id":"https:\/\/www.americanonewspaper.com\/es\/deportes\/neymar-vuelve-a-casa-pero-sera-un-adios-en-julio\/#primaryimage","url":"https:\/\/www.americanonewspaper.com\/es\/wp-content\/uploads\/2025\/03\/13969bf66c279a2c1a86b5f16a9199579dc2163am.jpg","contentUrl":"https:\/\/www.americanonewspaper.com\/es\/wp-content\/uploads\/2025\/03\/13969bf66c279a2c1a86b5f16a9199579dc2163am.jpg","width":600,"height":400,"caption":"Santos ficha a Neymar, pero\u2026 \u00bfser\u00e1 solo un romance fugaz?"},{"@type":"BreadcrumbList","@id":"https:\/\/www.americanonewspaper.com\/es\/deportes\/neymar-vuelve-a-casa-pero-sera-un-adios-en-julio\/#breadcrumb","itemListElement":[{"@type":"ListItem","position":1,"name":"Home","item":"https:\/\/www.americanonewspaper.com\/es\/"},{"@type":"ListItem","position":2,"name":"Neymar vuelve a casa, pero\u2026 \u00bfser\u00e1 un adi\u00f3s en julio?"}]},{"@type":"WebSite","@id":"https:\/\/www.americanonewspaper.com\/es\/#website","url":"https:\/\/www.americanonewspaper.com\/es\/","name":"Americano Newspaper","description":"The Hispanic Newspaper of New Jersey.","publisher":{"@id":"https:\/\/www.americanonewspaper.com\/es\/#organization"},"potentialAction":[{"@type":"SearchAction","target":{"@type":"EntryPoint","urlTemplate":"https:\/\/www.americanonewspaper.com\/es\/?s={search_term_string}"},"query-input":{"@type":"PropertyValueSpecification","valueRequired":true,"valueName":"search_term_string"}}],"inLanguage":"en-US"},{"@type":"Organization","@id":"https:\/\/www.americanonewspaper.com\/es\/#organization","name":"Americano Newspaper","url":"https:\/\/www.americanonewspaper.com\/es\/","logo":{"@type":"ImageObject","inLanguage":"en-US","@id":"https:\/\/www.americanonewspaper.com\/es\/#\/schema\/logo\/image\/","url":"https:\/\/www.americanonewspaper.com\/es\/wp-content\/uploads\/2024\/05\/AmericanoLogoCircle.comCircle2.jpg","contentUrl":"https:\/\/www.americanonewspaper.com\/es\/wp-content\/uploads\/2024\/05\/AmericanoLogoCircle.comCircle2.jpg","width":600,"height":600,"caption":"Americano Newspaper"},"image":{"@id":"https:\/\/www.americanonewspaper.com\/es\/#\/schema\/logo\/image\/"},"sameAs":["https:\/\/www.facebook.com\/AmericanoNewspaper\/"]},{"@type":"Person","@id":"https:\/\/www.americanonewspaper.com\/es\/#\/schema\/person\/875497672032163af362240e09375960","name":"Victoria Deus","image":{"@type":"ImageObject","inLanguage":"en-US","@id":"https:\/\/www.americanonewspaper.com\/es\/wp-content\/litespeed\/avatar\/87ebc08dcb2dba9e584c4557748a9de2.jpg?ver=1777428042","url":"https:\/\/www.americanonewspaper.com\/es\/wp-content\/litespeed\/avatar\/87ebc08dcb2dba9e584c4557748a9de2.jpg?ver=1777428042","contentUrl":"https:\/\/www.americanonewspaper.com\/es\/wp-content\/litespeed\/avatar\/87ebc08dcb2dba9e584c4557748a9de2.jpg?ver=1777428042","caption":"Victoria Deus"},"sameAs":["http:\/\/www.americanonewspaper.com"],"url":"https:\/\/www.americanonewspaper.com\/es\/author\/victoria\/"}]}},"jetpack_publicize_connections":[],"jetpack_featured_media_url":"https:\/\/www.americanonewspaper.com\/es\/wp-content\/uploads\/2025\/03\/13969bf66c279a2c1a86b5f16a9199579dc2163am.jpg","featured_image_urls":{"full":["https:\/\/www.americanonewspaper.com\/es\/wp-content\/uploads\/2025\/03\/13969bf66c279a2c1a86b5f16a9199579dc2163am.jpg",600,400,false],"thumbnail":["https:\/\/www.americanonewspaper.com\/es\/wp-content\/uploads\/2025\/03\/13969bf66c279a2c1a86b5f16a9199579dc2163am-250x250.jpg",250,250,true],"medium":["https:\/\/www.americanonewspaper.com\/es\/wp-content\/uploads\/2025\/03\/13969bf66c279a2c1a86b5f16a9199579dc2163am-300x200.jpg",300,200,true],"medium_large":["https:\/\/www.americanonewspaper.com\/es\/wp-content\/uploads\/2025\/03\/13969bf66c279a2c1a86b5f16a9199579dc2163am.jpg",600,400,false],"large":["https:\/\/www.americanonewspaper.com\/es\/wp-content\/uploads\/2025\/03\/13969bf66c279a2c1a86b5f16a9199579dc2163am.jpg",600,400,false],"1536x1536":["https:\/\/www.americanonewspaper.com\/es\/wp-content\/uploads\/2025\/03\/13969bf66c279a2c1a86b5f16a9199579dc2163am.jpg",600,400,false],"2048x2048":["https:\/\/www.americanonewspaper.com\/es\/wp-content\/uploads\/2025\/03\/13969bf66c279a2c1a86b5f16a9199579dc2163am.jpg",600,400,false],"td_150x0":["https:\/\/www.americanonewspaper.com\/es\/wp-content\/uploads\/2025\/03\/13969bf66c279a2c1a86b5f16a9199579dc2163am-150x100.jpg",150,100,true],"td_218x150":["https:\/\/www.americanonewspaper.com\/es\/wp-content\/uploads\/2025\/03\/13969bf66c279a2c1a86b5f16a9199579dc2163am-218x150.jpg",218,150,true],"td_300x0":["https:\/\/www.americanonewspaper.com\/es\/wp-content\/uploads\/2025\/03\/13969bf66c279a2c1a86b5f16a9199579dc2163am-300x200.jpg",300,200,true],"td_324x400":["https:\/\/www.americanonewspaper.com\/es\/wp-content\/uploads\/2025\/03\/13969bf66c279a2c1a86b5f16a9199579dc2163am-324x400.jpg",324,400,true],"td_485x360":["https:\/\/www.americanonewspaper.com\/es\/wp-content\/uploads\/2025\/03\/13969bf66c279a2c1a86b5f16a9199579dc2163am-485x360.jpg",485,360,true],"td_696x0":["https:\/\/www.americanonewspaper.com\/es\/wp-content\/uploads\/2025\/03\/13969bf66c279a2c1a86b5f16a9199579dc2163am.jpg",600,400,false],"td_1068x0":["https:\/\/www.americanonewspaper.com\/es\/wp-content\/uploads\/2025\/03\/13969bf66c279a2c1a86b5f16a9199579dc2163am.jpg",600,400,false],"td_1920x0":["https:\/\/www.americanonewspaper.com\/es\/wp-content\/uploads\/2025\/03\/13969bf66c279a2c1a86b5f16a9199579dc2163am.jpg",600,400,false],"bdpp-medium":["https:\/\/www.americanonewspaper.com\/es\/wp-content\/uploads\/2025\/03\/13969bf66c279a2c1a86b5f16a9199579dc2163am.jpg",600,400,false]},"author_info":{"display_name":"Victoria Deus","author_link":"https:\/\/www.americanonewspaper.com\/es\/author\/victoria\/"},"category_info":"<a href=\"https:\/\/www.americanonewspaper.com\/es\/category\/brasil\/\" rel=\"category tag\">Brasil<\/a> <a href=\"https:\/\/www.americanonewspaper.com\/es\/category\/deportes\/\" rel=\"category tag\">Deportes<\/a>","tag_info":"Deportes","comment_count":"0","jetpack_sharing_enabled":true,"jetpack_likes_enabled":true,"_links":{"self":[{"href":"https:\/\/www.americanonewspaper.com\/es\/wp-json\/wp\/v2\/posts\/25694","targetHints":{"allow":["GET"]}}],"collection":[{"href":"https:\/\/www.americanonewspaper.com\/es\/wp-json\/wp\/v2\/posts"}],"about":[{"href":"https:\/\/www.americanonewspaper.com\/es\/wp-json\/wp\/v2\/types\/post"}],"author":[{"embeddable":true,"href":"https:\/\/www.americanonewspaper.com\/es\/wp-json\/wp\/v2\/users\/18"}],"replies":[{"embeddable":true,"href":"https:\/\/www.americanonewspaper.com\/es\/wp-json\/wp\/v2\/comments?post=25694"}],"version-history":[{"count":1,"href":"https:\/\/www.americanonewspaper.com\/es\/wp-json\/wp\/v2\/posts\/25694\/revisions"}],"predecessor-version":[{"id":25699,"href":"https:\/\/www.americanonewspaper.com\/es\/wp-json\/wp\/v2\/posts\/25694\/revisions\/25699"}],"wp:featuredmedia":[{"embeddable":true,"href":"https:\/\/www.americanonewspaper.com\/es\/wp-json\/wp\/v2\/media\/25695"}],"wp:attachment":[{"href":"https:\/\/www.americanonewspaper.com\/es\/wp-json\/wp\/v2\/media?parent=25694"}],"wp:term":[{"taxonomy":"category","embeddable":true,"href":"https:\/\/www.americanonewspaper.com\/es\/wp-json\/wp\/v2\/categories?post=25694"},{"taxonomy":"post_tag","embeddable":true,"href":"https:\/\/www.americanonewspaper.com\/es\/wp-json\/wp\/v2\/tags?post=25694"}],"curies":[{"name":"wp","href":"https:\/\/api.w.org\/{rel}","templated":true}]}}