{"id":25555,"date":"2025-03-19T13:44:52","date_gmt":"2025-03-19T17:44:52","guid":{"rendered":"https:\/\/www.americanonewspaper.com\/es\/?p=25555"},"modified":"2025-03-19T13:44:56","modified_gmt":"2025-03-19T17:44:56","slug":"mbappe-y-su-gran-pregunta-a-modric-como-se-gana-un-balon-de-oro","status":"publish","type":"post","link":"https:\/\/www.americanonewspaper.com\/es\/kyliam-mbappe\/mbappe-y-su-gran-pregunta-a-modric-como-se-gana-un-balon-de-oro\/","title":{"rendered":"Mbapp\u00e9 y su gran pregunta a Modric: \u00bfC\u00f3mo se gana un Bal\u00f3n de Oro?"},"content":{"rendered":"\n<p class=\"dropcapp3\">El delantero del Real Madrid Kylian Mbapp\u00e9, quien regresa a la selecci\u00f3n de Francia tras seis meses de ausencia, dijo este mi\u00e9rcoles que preguntar\u00e1 al croata Luka Modric, compa\u00f1ero en el conjunto blanco y rival ma\u00f1ana en la Liga de Naciones, &#8220;c\u00f3mo se gana un Bal\u00f3n de Oro&#8221;.<\/p>\n\n\n\n<p>&#8220;Es un privilegio codearme con \u00e9l, con la clase que tiene y a su edad (39 a\u00f1os), que tenga la misma motivaci\u00f3n de jugar y hacerlo bien (&#8230;) Nos hemos gastado bromas durante la semana. Pero lo que voy a hacer es preguntarle c\u00f3mo se gana un Bal\u00f3n de Oro y me lo dir\u00e1&#8221;, manifest\u00f3 entre risas Mbapp\u00e9, cuando un periodista croata le pregunt\u00f3 sobre sus probabilidades de lograr ese galard\u00f3n.<\/p>\n\n\n<div class=\"wp-block-image\">\n<figure class=\"aligncenter size-large is-resized\"><img fetchpriority=\"high\" decoding=\"async\" width=\"800\" height=\"365\" src=\"https:\/\/www.americanonewspaper.com\/es\/wp-content\/uploads\/2025\/03\/Screenshot-2025-02-20-at-9.11.40\u202fAM-1920x877-2-10-800x365.webp\" alt=\"\" class=\"wp-image-25557\" style=\"width:1040px;height:auto\" srcset=\"https:\/\/www.americanonewspaper.com\/es\/wp-content\/uploads\/2025\/03\/Screenshot-2025-02-20-at-9.11.40\u202fAM-1920x877-2-10-800x365.webp 800w, https:\/\/www.americanonewspaper.com\/es\/wp-content\/uploads\/2025\/03\/Screenshot-2025-02-20-at-9.11.40\u202fAM-1920x877-2-10-300x137.webp 300w, https:\/\/www.americanonewspaper.com\/es\/wp-content\/uploads\/2025\/03\/Screenshot-2025-02-20-at-9.11.40\u202fAM-1920x877-2-10-768x351.webp 768w, https:\/\/www.americanonewspaper.com\/es\/wp-content\/uploads\/2025\/03\/Screenshot-2025-02-20-at-9.11.40\u202fAM-1920x877-2-10-1536x702.webp 1536w, https:\/\/www.americanonewspaper.com\/es\/wp-content\/uploads\/2025\/03\/Screenshot-2025-02-20-at-9.11.40\u202fAM-1920x877-2-10-150x69.webp 150w, https:\/\/www.americanonewspaper.com\/es\/wp-content\/uploads\/2025\/03\/Screenshot-2025-02-20-at-9.11.40\u202fAM-1920x877-2-10-696x318.webp 696w, https:\/\/www.americanonewspaper.com\/es\/wp-content\/uploads\/2025\/03\/Screenshot-2025-02-20-at-9.11.40\u202fAM-1920x877-2-10-1068x488.webp 1068w, https:\/\/www.americanonewspaper.com\/es\/wp-content\/uploads\/2025\/03\/Screenshot-2025-02-20-at-9.11.40\u202fAM-1920x877-2-10.webp 1920w\" sizes=\"(max-width: 800px) 100vw, 800px\" \/><\/figure>\n<\/div>\n\n\n<p>El delantero del Real Madrid liderar\u00e1 ma\u00f1ana a Francia, que se mide a Croacia en Split en el encuentro de ida de los cuartos de final de la Liga de Naciones.<\/p>\n\n\n\n<p>Mbapp\u00e9 se ha reencontrado en la selecci\u00f3n con su antiguo colega en el PSG Ousmane Demb\u00e9l\u00e9, el atacante m\u00e1s en forma de Europa, con 22 goles en 17 encuentros en lo que va de 2025.<\/p>\n\n\n<div class=\"wp-block-image\">\n<figure class=\"aligncenter size-large is-resized\"><a href=\"https:\/\/www.facebook.com\/ConNewJerseySV\"><img decoding=\"async\" width=\"800\" height=\"396\" src=\"https:\/\/www.americanonewspaper.com\/es\/wp-content\/uploads\/2025\/03\/Screenshot-2025-03-07-at-8.47.13\u202fAM-1920x951-1-2-800x396.png\" alt=\"\" class=\"wp-image-25561\" style=\"width:1036px;height:auto\" srcset=\"https:\/\/www.americanonewspaper.com\/es\/wp-content\/uploads\/2025\/03\/Screenshot-2025-03-07-at-8.47.13\u202fAM-1920x951-1-2-800x396.png 800w, https:\/\/www.americanonewspaper.com\/es\/wp-content\/uploads\/2025\/03\/Screenshot-2025-03-07-at-8.47.13\u202fAM-1920x951-1-2-300x149.png 300w, https:\/\/www.americanonewspaper.com\/es\/wp-content\/uploads\/2025\/03\/Screenshot-2025-03-07-at-8.47.13\u202fAM-1920x951-1-2-768x380.png 768w, https:\/\/www.americanonewspaper.com\/es\/wp-content\/uploads\/2025\/03\/Screenshot-2025-03-07-at-8.47.13\u202fAM-1920x951-1-2-1536x761.png 1536w, https:\/\/www.americanonewspaper.com\/es\/wp-content\/uploads\/2025\/03\/Screenshot-2025-03-07-at-8.47.13\u202fAM-1920x951-1-2-150x74.png 150w, https:\/\/www.americanonewspaper.com\/es\/wp-content\/uploads\/2025\/03\/Screenshot-2025-03-07-at-8.47.13\u202fAM-1920x951-1-2-696x345.png 696w, https:\/\/www.americanonewspaper.com\/es\/wp-content\/uploads\/2025\/03\/Screenshot-2025-03-07-at-8.47.13\u202fAM-1920x951-1-2-1068x529.png 1068w, https:\/\/www.americanonewspaper.com\/es\/wp-content\/uploads\/2025\/03\/Screenshot-2025-03-07-at-8.47.13\u202fAM-1920x951-1-2.png 1920w\" sizes=\"(max-width: 800px) 100vw, 800px\" \/><\/a><\/figure>\n<\/div>\n\n\n<p>&#8220;Siempre me ha encantado jugar con \u00e9l. Cuando ves la forma en la que est\u00e1, es algo muy importante para nosotros. Vamos a intentar ponerlo en las mejores condiciones, como en su club, porque si tiene el nivel del PSG con la selecci\u00f3n vamos a ganar (bastantes) partidos&#8221;, indic\u00f3.<\/p>\n\n\n<div class=\"wp-block-image\">\n<figure class=\"aligncenter size-large is-resized\"><a href=\"https:\/\/www.nissanofnorthplainfield.com\/?utm_source=gmb&amp;utm_medium=organic&amp;utm_campaign=website-button\"><img decoding=\"async\" width=\"800\" height=\"382\" src=\"https:\/\/www.americanonewspaper.com\/es\/wp-content\/uploads\/2025\/03\/Nissan-copy-1-2-9-800x382.jpg\" alt=\"\" class=\"wp-image-25558\" style=\"width:1038px;height:auto\" srcset=\"https:\/\/www.americanonewspaper.com\/es\/wp-content\/uploads\/2025\/03\/Nissan-copy-1-2-9-800x382.jpg 800w, https:\/\/www.americanonewspaper.com\/es\/wp-content\/uploads\/2025\/03\/Nissan-copy-1-2-9-300x143.jpg 300w, https:\/\/www.americanonewspaper.com\/es\/wp-content\/uploads\/2025\/03\/Nissan-copy-1-2-9-768x367.jpg 768w, https:\/\/www.americanonewspaper.com\/es\/wp-content\/uploads\/2025\/03\/Nissan-copy-1-2-9-150x72.jpg 150w, https:\/\/www.americanonewspaper.com\/es\/wp-content\/uploads\/2025\/03\/Nissan-copy-1-2-9-696x332.jpg 696w, https:\/\/www.americanonewspaper.com\/es\/wp-content\/uploads\/2025\/03\/Nissan-copy-1-2-9-1068x510.jpg 1068w, https:\/\/www.americanonewspaper.com\/es\/wp-content\/uploads\/2025\/03\/Nissan-copy-1-2-9.jpg 1200w\" sizes=\"(max-width: 800px) 100vw, 800px\" \/><\/a><figcaption class=\"wp-element-caption\">Screenshot<\/figcaption><\/figure>\n<\/div>\n\n\n<p>El delantero reconoci\u00f3 que cometi\u00f3 errores en la concentraci\u00f3n de septiembre de 2024, al decir que le daba igual c\u00f3mo el p\u00fablico de su antiguo estadio, el Parque de los Pr\u00edncipes del PSG, iba a recibirle.<\/p>\n\n\n\n<p>&#8220;No un\u00ed como deber\u00eda haberlo hecho un capit\u00e1n y lo acepto. Ahora hay que avanzar y no cometer los mismos errores&#8221;, asumi\u00f3.<\/p>\n\n\n\n<p>Mbapp\u00e9 tambi\u00e9n respald\u00f3 a dos colegas de selecci\u00f3n, el medio del Marsella Adrien Rabiot, quien recibi\u00f3 duros ataques por parte de ultras del PSG el pasado domingo, y el central del Chelsea Wesley Fofana, objeto de gritos racistas tras un partido de la Liga inglesa ante el Arsenal.<\/p>\n\n\n<div class=\"wp-block-image\">\n<figure class=\"aligncenter size-large is-resized\"><a href=\"https:\/\/www.stnj.org\/events-tickets\/upcoming-events-1?utm_source=americano&amp;utm_medium=webad&amp;utm_campaign=americano_240216_webad1200x550_balletfolkloricowilychirinospanish\"><img loading=\"lazy\" decoding=\"async\" width=\"800\" height=\"433\" src=\"https:\/\/www.americanonewspaper.com\/es\/wp-content\/uploads\/2025\/03\/Screenshot-2025-03-05-at-8.48.58\u202fAM-4-3-800x433.png\" alt=\"\" class=\"wp-image-25559\" style=\"width:1022px;height:auto\" srcset=\"https:\/\/www.americanonewspaper.com\/es\/wp-content\/uploads\/2025\/03\/Screenshot-2025-03-05-at-8.48.58\u202fAM-4-3-800x433.png 800w, https:\/\/www.americanonewspaper.com\/es\/wp-content\/uploads\/2025\/03\/Screenshot-2025-03-05-at-8.48.58\u202fAM-4-3-300x163.png 300w, https:\/\/www.americanonewspaper.com\/es\/wp-content\/uploads\/2025\/03\/Screenshot-2025-03-05-at-8.48.58\u202fAM-4-3-768x416.png 768w, https:\/\/www.americanonewspaper.com\/es\/wp-content\/uploads\/2025\/03\/Screenshot-2025-03-05-at-8.48.58\u202fAM-4-3-1536x832.png 1536w, https:\/\/www.americanonewspaper.com\/es\/wp-content\/uploads\/2025\/03\/Screenshot-2025-03-05-at-8.48.58\u202fAM-4-3-150x81.png 150w, https:\/\/www.americanonewspaper.com\/es\/wp-content\/uploads\/2025\/03\/Screenshot-2025-03-05-at-8.48.58\u202fAM-4-3-696x377.png 696w, https:\/\/www.americanonewspaper.com\/es\/wp-content\/uploads\/2025\/03\/Screenshot-2025-03-05-at-8.48.58\u202fAM-4-3-1068x579.png 1068w, https:\/\/www.americanonewspaper.com\/es\/wp-content\/uploads\/2025\/03\/Screenshot-2025-03-05-at-8.48.58\u202fAM-4-3.png 1772w\" sizes=\"(max-width: 800px) 100vw, 800px\" \/><\/a><\/figure>\n<\/div>\n\n\n<p>&#8220;He hablado con \u00e9l (Rabiot) y est\u00e1 tocado, no es algo f\u00e1cil. Pocos saben lo que duele. No lo entiendo, porque esto va m\u00e1s all\u00e1 de este episodio (del domingo), por qu\u00e9 meterse con las familias, hablar de la madre de alguien, del padre. Si t\u00fa escribes un mal art\u00edculo, no voy a hablar mal de tu hija. Es algo rid\u00edculo&#8221;, denunci\u00f3.<\/p>\n\n\n\n<p>Sobre lo que vivi\u00f3 Fofana, lament\u00f3 que &#8220;en pleno 2025 nada se haya avanzado&#8221; en el combate al racismo y consider\u00f3 ese tipo de episodios como algo &#8220;pat\u00e9tico&#8221;. &#8220;Todos los que estamos aqu\u00ed le apoyamos, lo digo de coraz\u00f3n, para cualquier cosa que necesite&#8221;, ahond\u00f3.<\/p>\n\n\n<div class=\"wp-block-image\">\n<figure class=\"aligncenter size-large is-resized\"><a href=\"https:\/\/www.linkedin.com\/in\/isaac-resek-74033731\/\"><img loading=\"lazy\" decoding=\"async\" width=\"800\" height=\"450\" src=\"https:\/\/www.americanonewspaper.com\/es\/wp-content\/uploads\/2025\/03\/Screenshot-2025-01-27-at-12.53.59\u202fPM-2-2-10-800x450.png\" alt=\"\" class=\"wp-image-25560\" style=\"width:1030px;height:auto\" srcset=\"https:\/\/www.americanonewspaper.com\/es\/wp-content\/uploads\/2025\/03\/Screenshot-2025-01-27-at-12.53.59\u202fPM-2-2-10-800x450.png 800w, https:\/\/www.americanonewspaper.com\/es\/wp-content\/uploads\/2025\/03\/Screenshot-2025-01-27-at-12.53.59\u202fPM-2-2-10-300x169.png 300w, https:\/\/www.americanonewspaper.com\/es\/wp-content\/uploads\/2025\/03\/Screenshot-2025-01-27-at-12.53.59\u202fPM-2-2-10-768x432.png 768w, https:\/\/www.americanonewspaper.com\/es\/wp-content\/uploads\/2025\/03\/Screenshot-2025-01-27-at-12.53.59\u202fPM-2-2-10-150x84.png 150w, https:\/\/www.americanonewspaper.com\/es\/wp-content\/uploads\/2025\/03\/Screenshot-2025-01-27-at-12.53.59\u202fPM-2-2-10-696x391.png 696w, https:\/\/www.americanonewspaper.com\/es\/wp-content\/uploads\/2025\/03\/Screenshot-2025-01-27-at-12.53.59\u202fPM-2-2-10-1068x601.png 1068w, https:\/\/www.americanonewspaper.com\/es\/wp-content\/uploads\/2025\/03\/Screenshot-2025-01-27-at-12.53.59\u202fPM-2-2-10.png 1234w\" sizes=\"(max-width: 800px) 100vw, 800px\" \/><\/a><\/figure>\n<\/div>","protected":false},"excerpt":{"rendered":"<p>El delantero del Real Madrid Kylian Mbapp\u00e9, quien regresa a la selecci\u00f3n de Francia tras seis meses de ausencia, dijo este mi\u00e9rcoles que preguntar\u00e1 al croata Luka Modric, compa\u00f1ero en el conjunto blanco y rival ma\u00f1ana en la Liga de Naciones, &#8220;c\u00f3mo se gana un Bal\u00f3n de Oro&#8221;. &#8220;Es un privilegio codearme con \u00e9l, con [&hellip;]<\/p>\n","protected":false},"author":18,"featured_media":25556,"comment_status":"open","ping_status":"open","sticky":false,"template":"","format":"standard","meta":{"_acf_changed":false,"tdm_status":"","tdm_grid_status":"","_jetpack_memberships_contains_paid_content":false,"footnotes":"","jetpack_publicize_message":"","jetpack_publicize_feature_enabled":true,"jetpack_social_post_already_shared":true,"jetpack_social_options":{"image_generator_settings":{"template":"highway","default_image_id":0,"font":"","enabled":false},"version":2},"_wpas_customize_per_network":false},"categories":[607,567,170,774,703,787],"tags":[],"class_list":{"0":"post-25555","1":"post","2":"type-post","3":"status-publish","4":"format-standard","5":"has-post-thumbnail","8":"category-espana","9":"category-europe","10":"category-francia","11":"category-kyliam-mbappe","12":"category-real-madrid"},"acf":[],"yoast_head":"<!-- This site is optimized with the Yoast SEO Premium plugin v27.5 (Yoast SEO v27.5) - https:\/\/yoast.com\/product\/yoast-seo-premium-wordpress\/ -->\n<title>Mbapp\u00e9 y su gran pregunta a Modric: \u00bfC\u00f3mo se gana un Bal\u00f3n de Oro? - Americano Newspaper<\/title>\n<meta name=\"description\" content=\"El delantero del Real Madrid Kylian Mbapp\u00e9, quien regresa a la selecci\u00f3n de Francia tras seis meses de ausencia, dijo este mi\u00e9rcoles que preguntar\u00e1 al croata Luka Modric, compa\u00f1ero en el conjunto blanco y rival ma\u00f1ana en la Liga de Naciones, &quot;c\u00f3mo se gana un Bal\u00f3n de Oro&quot;.\" \/>\n<meta name=\"robots\" content=\"index, follow, max-snippet:-1, max-image-preview:large, max-video-preview:-1\" \/>\n<link rel=\"canonical\" href=\"https:\/\/www.americanonewspaper.com\/es\/kyliam-mbappe\/mbappe-y-su-gran-pregunta-a-modric-como-se-gana-un-balon-de-oro\/\" \/>\n<meta property=\"og:locale\" content=\"en_US\" \/>\n<meta property=\"og:type\" content=\"article\" \/>\n<meta property=\"og:title\" content=\"Mbapp\u00e9 y su gran pregunta a Modric: \u00bfC\u00f3mo se gana un Bal\u00f3n de Oro?\" \/>\n<meta property=\"og:description\" content=\"El delantero del Real Madrid Kylian Mbapp\u00e9, quien regresa a la selecci\u00f3n de Francia tras seis meses de ausencia, dijo este mi\u00e9rcoles que preguntar\u00e1 al croata Luka Modric, compa\u00f1ero en el conjunto blanco y rival ma\u00f1ana en la Liga de Naciones, &quot;c\u00f3mo se gana un Bal\u00f3n de Oro&quot;.\" \/>\n<meta property=\"og:url\" content=\"https:\/\/www.americanonewspaper.com\/es\/kyliam-mbappe\/mbappe-y-su-gran-pregunta-a-modric-como-se-gana-un-balon-de-oro\/\" \/>\n<meta property=\"og:site_name\" content=\"Americano Newspaper\" \/>\n<meta property=\"article:publisher\" content=\"https:\/\/www.facebook.com\/AmericanoNewspaper\/\" \/>\n<meta property=\"article:published_time\" content=\"2025-03-19T17:44:52+00:00\" \/>\n<meta property=\"article:modified_time\" content=\"2025-03-19T17:44:56+00:00\" \/>\n<meta property=\"og:image\" content=\"https:\/\/www.americanonewspaper.com\/es\/wp-content\/uploads\/2025\/03\/588f277bd34bbf11d53148ed57c1763705e95f71m.jpg\" \/>\n\t<meta property=\"og:image:width\" content=\"600\" \/>\n\t<meta property=\"og:image:height\" content=\"387\" \/>\n\t<meta property=\"og:image:type\" content=\"image\/jpeg\" \/>\n<meta name=\"author\" content=\"Victoria Deus\" \/>\n<meta name=\"twitter:card\" content=\"summary_large_image\" \/>\n<meta name=\"twitter:label1\" content=\"Written by\" \/>\n\t<meta name=\"twitter:data1\" content=\"Victoria Deus\" \/>\n\t<meta name=\"twitter:label2\" content=\"Est. reading time\" \/>\n\t<meta name=\"twitter:data2\" content=\"4 minutes\" \/>\n<script type=\"application\/ld+json\" class=\"yoast-schema-graph\">{\"@context\":\"https:\\\/\\\/schema.org\",\"@graph\":[{\"@type\":\"Article\",\"@id\":\"https:\\\/\\\/www.americanonewspaper.com\\\/es\\\/kyliam-mbappe\\\/mbappe-y-su-gran-pregunta-a-modric-como-se-gana-un-balon-de-oro\\\/#article\",\"isPartOf\":{\"@id\":\"https:\\\/\\\/www.americanonewspaper.com\\\/es\\\/kyliam-mbappe\\\/mbappe-y-su-gran-pregunta-a-modric-como-se-gana-un-balon-de-oro\\\/\"},\"author\":{\"name\":\"Victoria Deus\",\"@id\":\"https:\\\/\\\/www.americanonewspaper.com\\\/es\\\/#\\\/schema\\\/person\\\/875497672032163af362240e09375960\"},\"headline\":\"Mbapp\u00e9 y su gran pregunta a Modric: \u00bfC\u00f3mo se gana un Bal\u00f3n de Oro?\",\"datePublished\":\"2025-03-19T17:44:52+00:00\",\"dateModified\":\"2025-03-19T17:44:56+00:00\",\"mainEntityOfPage\":{\"@id\":\"https:\\\/\\\/www.americanonewspaper.com\\\/es\\\/kyliam-mbappe\\\/mbappe-y-su-gran-pregunta-a-modric-como-se-gana-un-balon-de-oro\\\/\"},\"wordCount\":487,\"commentCount\":0,\"publisher\":{\"@id\":\"https:\\\/\\\/www.americanonewspaper.com\\\/es\\\/#organization\"},\"image\":{\"@id\":\"https:\\\/\\\/www.americanonewspaper.com\\\/es\\\/kyliam-mbappe\\\/mbappe-y-su-gran-pregunta-a-modric-como-se-gana-un-balon-de-oro\\\/#primaryimage\"},\"thumbnailUrl\":\"https:\\\/\\\/www.americanonewspaper.com\\\/es\\\/wp-content\\\/uploads\\\/2025\\\/03\\\/588f277bd34bbf11d53148ed57c1763705e95f71m.jpg\",\"articleSection\":[\"Deportes\",\"Espa\u00f1a\",\"Europe\",\"Francia\",\"Kyliam Mbapp\u00e9\",\"Real Madrid\"],\"inLanguage\":\"en-US\",\"potentialAction\":[{\"@type\":\"CommentAction\",\"name\":\"Comment\",\"target\":[\"https:\\\/\\\/www.americanonewspaper.com\\\/es\\\/kyliam-mbappe\\\/mbappe-y-su-gran-pregunta-a-modric-como-se-gana-un-balon-de-oro\\\/#respond\"]}]},{\"@type\":\"WebPage\",\"@id\":\"https:\\\/\\\/www.americanonewspaper.com\\\/es\\\/kyliam-mbappe\\\/mbappe-y-su-gran-pregunta-a-modric-como-se-gana-un-balon-de-oro\\\/\",\"url\":\"https:\\\/\\\/www.americanonewspaper.com\\\/es\\\/kyliam-mbappe\\\/mbappe-y-su-gran-pregunta-a-modric-como-se-gana-un-balon-de-oro\\\/\",\"name\":\"Mbapp\u00e9 y su gran pregunta a Modric: \u00bfC\u00f3mo se gana un Bal\u00f3n de Oro? - Americano Newspaper\",\"isPartOf\":{\"@id\":\"https:\\\/\\\/www.americanonewspaper.com\\\/es\\\/#website\"},\"primaryImageOfPage\":{\"@id\":\"https:\\\/\\\/www.americanonewspaper.com\\\/es\\\/kyliam-mbappe\\\/mbappe-y-su-gran-pregunta-a-modric-como-se-gana-un-balon-de-oro\\\/#primaryimage\"},\"image\":{\"@id\":\"https:\\\/\\\/www.americanonewspaper.com\\\/es\\\/kyliam-mbappe\\\/mbappe-y-su-gran-pregunta-a-modric-como-se-gana-un-balon-de-oro\\\/#primaryimage\"},\"thumbnailUrl\":\"https:\\\/\\\/www.americanonewspaper.com\\\/es\\\/wp-content\\\/uploads\\\/2025\\\/03\\\/588f277bd34bbf11d53148ed57c1763705e95f71m.jpg\",\"datePublished\":\"2025-03-19T17:44:52+00:00\",\"dateModified\":\"2025-03-19T17:44:56+00:00\",\"description\":\"El delantero del Real Madrid Kylian Mbapp\u00e9, quien regresa a la selecci\u00f3n de Francia tras seis meses de ausencia, dijo este mi\u00e9rcoles que preguntar\u00e1 al croata Luka Modric, compa\u00f1ero en el conjunto blanco y rival ma\u00f1ana en la Liga de Naciones, \\\"c\u00f3mo se gana un Bal\u00f3n de Oro\\\".\",\"breadcrumb\":{\"@id\":\"https:\\\/\\\/www.americanonewspaper.com\\\/es\\\/kyliam-mbappe\\\/mbappe-y-su-gran-pregunta-a-modric-como-se-gana-un-balon-de-oro\\\/#breadcrumb\"},\"inLanguage\":\"en-US\",\"potentialAction\":[{\"@type\":\"ReadAction\",\"target\":[\"https:\\\/\\\/www.americanonewspaper.com\\\/es\\\/kyliam-mbappe\\\/mbappe-y-su-gran-pregunta-a-modric-como-se-gana-un-balon-de-oro\\\/\"]}]},{\"@type\":\"ImageObject\",\"inLanguage\":\"en-US\",\"@id\":\"https:\\\/\\\/www.americanonewspaper.com\\\/es\\\/kyliam-mbappe\\\/mbappe-y-su-gran-pregunta-a-modric-como-se-gana-un-balon-de-oro\\\/#primaryimage\",\"url\":\"https:\\\/\\\/www.americanonewspaper.com\\\/es\\\/wp-content\\\/uploads\\\/2025\\\/03\\\/588f277bd34bbf11d53148ed57c1763705e95f71m.jpg\",\"contentUrl\":\"https:\\\/\\\/www.americanonewspaper.com\\\/es\\\/wp-content\\\/uploads\\\/2025\\\/03\\\/588f277bd34bbf11d53148ed57c1763705e95f71m.jpg\",\"width\":600,\"height\":387,\"caption\":\"Mbapp\u00e9 quiere brillar como Modric: la gran confesi\u00f3n antes del Francia vs. Croacia.\"},{\"@type\":\"BreadcrumbList\",\"@id\":\"https:\\\/\\\/www.americanonewspaper.com\\\/es\\\/kyliam-mbappe\\\/mbappe-y-su-gran-pregunta-a-modric-como-se-gana-un-balon-de-oro\\\/#breadcrumb\",\"itemListElement\":[{\"@type\":\"ListItem\",\"position\":1,\"name\":\"Home\",\"item\":\"https:\\\/\\\/www.americanonewspaper.com\\\/es\\\/\"},{\"@type\":\"ListItem\",\"position\":2,\"name\":\"Mbapp\u00e9 y su gran pregunta a Modric: \u00bfC\u00f3mo se gana un Bal\u00f3n de Oro?\"}]},{\"@type\":\"WebSite\",\"@id\":\"https:\\\/\\\/www.americanonewspaper.com\\\/es\\\/#website\",\"url\":\"https:\\\/\\\/www.americanonewspaper.com\\\/es\\\/\",\"name\":\"Americano Newspaper\",\"description\":\"The Hispanic Newspaper of New Jersey.\",\"publisher\":{\"@id\":\"https:\\\/\\\/www.americanonewspaper.com\\\/es\\\/#organization\"},\"potentialAction\":[{\"@type\":\"SearchAction\",\"target\":{\"@type\":\"EntryPoint\",\"urlTemplate\":\"https:\\\/\\\/www.americanonewspaper.com\\\/es\\\/?s={search_term_string}\"},\"query-input\":{\"@type\":\"PropertyValueSpecification\",\"valueRequired\":true,\"valueName\":\"search_term_string\"}}],\"inLanguage\":\"en-US\"},{\"@type\":\"Organization\",\"@id\":\"https:\\\/\\\/www.americanonewspaper.com\\\/es\\\/#organization\",\"name\":\"Americano Newspaper\",\"url\":\"https:\\\/\\\/www.americanonewspaper.com\\\/es\\\/\",\"logo\":{\"@type\":\"ImageObject\",\"inLanguage\":\"en-US\",\"@id\":\"https:\\\/\\\/www.americanonewspaper.com\\\/es\\\/#\\\/schema\\\/logo\\\/image\\\/\",\"url\":\"https:\\\/\\\/www.americanonewspaper.com\\\/es\\\/wp-content\\\/uploads\\\/2024\\\/05\\\/AmericanoLogoCircle.comCircle2.jpg\",\"contentUrl\":\"https:\\\/\\\/www.americanonewspaper.com\\\/es\\\/wp-content\\\/uploads\\\/2024\\\/05\\\/AmericanoLogoCircle.comCircle2.jpg\",\"width\":600,\"height\":600,\"caption\":\"Americano Newspaper\"},\"image\":{\"@id\":\"https:\\\/\\\/www.americanonewspaper.com\\\/es\\\/#\\\/schema\\\/logo\\\/image\\\/\"},\"sameAs\":[\"https:\\\/\\\/www.facebook.com\\\/AmericanoNewspaper\\\/\"]},{\"@type\":\"Person\",\"@id\":\"https:\\\/\\\/www.americanonewspaper.com\\\/es\\\/#\\\/schema\\\/person\\\/875497672032163af362240e09375960\",\"name\":\"Victoria Deus\",\"image\":{\"@type\":\"ImageObject\",\"inLanguage\":\"en-US\",\"@id\":\"https:\\\/\\\/www.americanonewspaper.com\\\/es\\\/wp-content\\\/litespeed\\\/avatar\\\/87ebc08dcb2dba9e584c4557748a9de2.jpg?ver=1777428042\",\"url\":\"https:\\\/\\\/www.americanonewspaper.com\\\/es\\\/wp-content\\\/litespeed\\\/avatar\\\/87ebc08dcb2dba9e584c4557748a9de2.jpg?ver=1777428042\",\"contentUrl\":\"https:\\\/\\\/www.americanonewspaper.com\\\/es\\\/wp-content\\\/litespeed\\\/avatar\\\/87ebc08dcb2dba9e584c4557748a9de2.jpg?ver=1777428042\",\"caption\":\"Victoria Deus\"},\"sameAs\":[\"http:\\\/\\\/www.americanonewspaper.com\"],\"url\":\"https:\\\/\\\/www.americanonewspaper.com\\\/es\\\/author\\\/victoria\\\/\"}]}<\/script>\n<!-- \/ Yoast SEO Premium plugin. -->","yoast_head_json":{"title":"Mbapp\u00e9 y su gran pregunta a Modric: \u00bfC\u00f3mo se gana un Bal\u00f3n de Oro? - Americano Newspaper","description":"El delantero del Real Madrid Kylian Mbapp\u00e9, quien regresa a la selecci\u00f3n de Francia tras seis meses de ausencia, dijo este mi\u00e9rcoles que preguntar\u00e1 al croata Luka Modric, compa\u00f1ero en el conjunto blanco y rival ma\u00f1ana en la Liga de Naciones, \"c\u00f3mo se gana un Bal\u00f3n de Oro\".","robots":{"index":"index","follow":"follow","max-snippet":"max-snippet:-1","max-image-preview":"max-image-preview:large","max-video-preview":"max-video-preview:-1"},"canonical":"https:\/\/www.americanonewspaper.com\/es\/kyliam-mbappe\/mbappe-y-su-gran-pregunta-a-modric-como-se-gana-un-balon-de-oro\/","og_locale":"en_US","og_type":"article","og_title":"Mbapp\u00e9 y su gran pregunta a Modric: \u00bfC\u00f3mo se gana un Bal\u00f3n de Oro?","og_description":"El delantero del Real Madrid Kylian Mbapp\u00e9, quien regresa a la selecci\u00f3n de Francia tras seis meses de ausencia, dijo este mi\u00e9rcoles que preguntar\u00e1 al croata Luka Modric, compa\u00f1ero en el conjunto blanco y rival ma\u00f1ana en la Liga de Naciones, \"c\u00f3mo se gana un Bal\u00f3n de Oro\".","og_url":"https:\/\/www.americanonewspaper.com\/es\/kyliam-mbappe\/mbappe-y-su-gran-pregunta-a-modric-como-se-gana-un-balon-de-oro\/","og_site_name":"Americano Newspaper","article_publisher":"https:\/\/www.facebook.com\/AmericanoNewspaper\/","article_published_time":"2025-03-19T17:44:52+00:00","article_modified_time":"2025-03-19T17:44:56+00:00","og_image":[{"width":600,"height":387,"url":"https:\/\/www.americanonewspaper.com\/es\/wp-content\/uploads\/2025\/03\/588f277bd34bbf11d53148ed57c1763705e95f71m.jpg","type":"image\/jpeg"}],"author":"Victoria Deus","twitter_card":"summary_large_image","twitter_misc":{"Written by":"Victoria Deus","Est. reading time":"4 minutes"},"schema":{"@context":"https:\/\/schema.org","@graph":[{"@type":"Article","@id":"https:\/\/www.americanonewspaper.com\/es\/kyliam-mbappe\/mbappe-y-su-gran-pregunta-a-modric-como-se-gana-un-balon-de-oro\/#article","isPartOf":{"@id":"https:\/\/www.americanonewspaper.com\/es\/kyliam-mbappe\/mbappe-y-su-gran-pregunta-a-modric-como-se-gana-un-balon-de-oro\/"},"author":{"name":"Victoria Deus","@id":"https:\/\/www.americanonewspaper.com\/es\/#\/schema\/person\/875497672032163af362240e09375960"},"headline":"Mbapp\u00e9 y su gran pregunta a Modric: \u00bfC\u00f3mo se gana un Bal\u00f3n de Oro?","datePublished":"2025-03-19T17:44:52+00:00","dateModified":"2025-03-19T17:44:56+00:00","mainEntityOfPage":{"@id":"https:\/\/www.americanonewspaper.com\/es\/kyliam-mbappe\/mbappe-y-su-gran-pregunta-a-modric-como-se-gana-un-balon-de-oro\/"},"wordCount":487,"commentCount":0,"publisher":{"@id":"https:\/\/www.americanonewspaper.com\/es\/#organization"},"image":{"@id":"https:\/\/www.americanonewspaper.com\/es\/kyliam-mbappe\/mbappe-y-su-gran-pregunta-a-modric-como-se-gana-un-balon-de-oro\/#primaryimage"},"thumbnailUrl":"https:\/\/www.americanonewspaper.com\/es\/wp-content\/uploads\/2025\/03\/588f277bd34bbf11d53148ed57c1763705e95f71m.jpg","articleSection":["Deportes","Espa\u00f1a","Europe","Francia","Kyliam Mbapp\u00e9","Real Madrid"],"inLanguage":"en-US","potentialAction":[{"@type":"CommentAction","name":"Comment","target":["https:\/\/www.americanonewspaper.com\/es\/kyliam-mbappe\/mbappe-y-su-gran-pregunta-a-modric-como-se-gana-un-balon-de-oro\/#respond"]}]},{"@type":"WebPage","@id":"https:\/\/www.americanonewspaper.com\/es\/kyliam-mbappe\/mbappe-y-su-gran-pregunta-a-modric-como-se-gana-un-balon-de-oro\/","url":"https:\/\/www.americanonewspaper.com\/es\/kyliam-mbappe\/mbappe-y-su-gran-pregunta-a-modric-como-se-gana-un-balon-de-oro\/","name":"Mbapp\u00e9 y su gran pregunta a Modric: \u00bfC\u00f3mo se gana un Bal\u00f3n de Oro? - Americano Newspaper","isPartOf":{"@id":"https:\/\/www.americanonewspaper.com\/es\/#website"},"primaryImageOfPage":{"@id":"https:\/\/www.americanonewspaper.com\/es\/kyliam-mbappe\/mbappe-y-su-gran-pregunta-a-modric-como-se-gana-un-balon-de-oro\/#primaryimage"},"image":{"@id":"https:\/\/www.americanonewspaper.com\/es\/kyliam-mbappe\/mbappe-y-su-gran-pregunta-a-modric-como-se-gana-un-balon-de-oro\/#primaryimage"},"thumbnailUrl":"https:\/\/www.americanonewspaper.com\/es\/wp-content\/uploads\/2025\/03\/588f277bd34bbf11d53148ed57c1763705e95f71m.jpg","datePublished":"2025-03-19T17:44:52+00:00","dateModified":"2025-03-19T17:44:56+00:00","description":"El delantero del Real Madrid Kylian Mbapp\u00e9, quien regresa a la selecci\u00f3n de Francia tras seis meses de ausencia, dijo este mi\u00e9rcoles que preguntar\u00e1 al croata Luka Modric, compa\u00f1ero en el conjunto blanco y rival ma\u00f1ana en la Liga de Naciones, \"c\u00f3mo se gana un Bal\u00f3n de Oro\".","breadcrumb":{"@id":"https:\/\/www.americanonewspaper.com\/es\/kyliam-mbappe\/mbappe-y-su-gran-pregunta-a-modric-como-se-gana-un-balon-de-oro\/#breadcrumb"},"inLanguage":"en-US","potentialAction":[{"@type":"ReadAction","target":["https:\/\/www.americanonewspaper.com\/es\/kyliam-mbappe\/mbappe-y-su-gran-pregunta-a-modric-como-se-gana-un-balon-de-oro\/"]}]},{"@type":"ImageObject","inLanguage":"en-US","@id":"https:\/\/www.americanonewspaper.com\/es\/kyliam-mbappe\/mbappe-y-su-gran-pregunta-a-modric-como-se-gana-un-balon-de-oro\/#primaryimage","url":"https:\/\/www.americanonewspaper.com\/es\/wp-content\/uploads\/2025\/03\/588f277bd34bbf11d53148ed57c1763705e95f71m.jpg","contentUrl":"https:\/\/www.americanonewspaper.com\/es\/wp-content\/uploads\/2025\/03\/588f277bd34bbf11d53148ed57c1763705e95f71m.jpg","width":600,"height":387,"caption":"Mbapp\u00e9 quiere brillar como Modric: la gran confesi\u00f3n antes del Francia vs. Croacia."},{"@type":"BreadcrumbList","@id":"https:\/\/www.americanonewspaper.com\/es\/kyliam-mbappe\/mbappe-y-su-gran-pregunta-a-modric-como-se-gana-un-balon-de-oro\/#breadcrumb","itemListElement":[{"@type":"ListItem","position":1,"name":"Home","item":"https:\/\/www.americanonewspaper.com\/es\/"},{"@type":"ListItem","position":2,"name":"Mbapp\u00e9 y su gran pregunta a Modric: \u00bfC\u00f3mo se gana un Bal\u00f3n de Oro?"}]},{"@type":"WebSite","@id":"https:\/\/www.americanonewspaper.com\/es\/#website","url":"https:\/\/www.americanonewspaper.com\/es\/","name":"Americano Newspaper","description":"The Hispanic Newspaper of New Jersey.","publisher":{"@id":"https:\/\/www.americanonewspaper.com\/es\/#organization"},"potentialAction":[{"@type":"SearchAction","target":{"@type":"EntryPoint","urlTemplate":"https:\/\/www.americanonewspaper.com\/es\/?s={search_term_string}"},"query-input":{"@type":"PropertyValueSpecification","valueRequired":true,"valueName":"search_term_string"}}],"inLanguage":"en-US"},{"@type":"Organization","@id":"https:\/\/www.americanonewspaper.com\/es\/#organization","name":"Americano Newspaper","url":"https:\/\/www.americanonewspaper.com\/es\/","logo":{"@type":"ImageObject","inLanguage":"en-US","@id":"https:\/\/www.americanonewspaper.com\/es\/#\/schema\/logo\/image\/","url":"https:\/\/www.americanonewspaper.com\/es\/wp-content\/uploads\/2024\/05\/AmericanoLogoCircle.comCircle2.jpg","contentUrl":"https:\/\/www.americanonewspaper.com\/es\/wp-content\/uploads\/2024\/05\/AmericanoLogoCircle.comCircle2.jpg","width":600,"height":600,"caption":"Americano Newspaper"},"image":{"@id":"https:\/\/www.americanonewspaper.com\/es\/#\/schema\/logo\/image\/"},"sameAs":["https:\/\/www.facebook.com\/AmericanoNewspaper\/"]},{"@type":"Person","@id":"https:\/\/www.americanonewspaper.com\/es\/#\/schema\/person\/875497672032163af362240e09375960","name":"Victoria Deus","image":{"@type":"ImageObject","inLanguage":"en-US","@id":"https:\/\/www.americanonewspaper.com\/es\/wp-content\/litespeed\/avatar\/87ebc08dcb2dba9e584c4557748a9de2.jpg?ver=1777428042","url":"https:\/\/www.americanonewspaper.com\/es\/wp-content\/litespeed\/avatar\/87ebc08dcb2dba9e584c4557748a9de2.jpg?ver=1777428042","contentUrl":"https:\/\/www.americanonewspaper.com\/es\/wp-content\/litespeed\/avatar\/87ebc08dcb2dba9e584c4557748a9de2.jpg?ver=1777428042","caption":"Victoria Deus"},"sameAs":["http:\/\/www.americanonewspaper.com"],"url":"https:\/\/www.americanonewspaper.com\/es\/author\/victoria\/"}]}},"jetpack_publicize_connections":[],"jetpack_featured_media_url":"https:\/\/www.americanonewspaper.com\/es\/wp-content\/uploads\/2025\/03\/588f277bd34bbf11d53148ed57c1763705e95f71m.jpg","featured_image_urls":{"full":["https:\/\/www.americanonewspaper.com\/es\/wp-content\/uploads\/2025\/03\/588f277bd34bbf11d53148ed57c1763705e95f71m.jpg",600,387,false],"thumbnail":["https:\/\/www.americanonewspaper.com\/es\/wp-content\/uploads\/2025\/03\/588f277bd34bbf11d53148ed57c1763705e95f71m-250x250.jpg",250,250,true],"medium":["https:\/\/www.americanonewspaper.com\/es\/wp-content\/uploads\/2025\/03\/588f277bd34bbf11d53148ed57c1763705e95f71m-300x194.jpg",300,194,true],"medium_large":["https:\/\/www.americanonewspaper.com\/es\/wp-content\/uploads\/2025\/03\/588f277bd34bbf11d53148ed57c1763705e95f71m.jpg",600,387,false],"large":["https:\/\/www.americanonewspaper.com\/es\/wp-content\/uploads\/2025\/03\/588f277bd34bbf11d53148ed57c1763705e95f71m.jpg",600,387,false],"1536x1536":["https:\/\/www.americanonewspaper.com\/es\/wp-content\/uploads\/2025\/03\/588f277bd34bbf11d53148ed57c1763705e95f71m.jpg",600,387,false],"2048x2048":["https:\/\/www.americanonewspaper.com\/es\/wp-content\/uploads\/2025\/03\/588f277bd34bbf11d53148ed57c1763705e95f71m.jpg",600,387,false],"td_150x0":["https:\/\/www.americanonewspaper.com\/es\/wp-content\/uploads\/2025\/03\/588f277bd34bbf11d53148ed57c1763705e95f71m-150x97.jpg",150,97,true],"td_218x150":["https:\/\/www.americanonewspaper.com\/es\/wp-content\/uploads\/2025\/03\/588f277bd34bbf11d53148ed57c1763705e95f71m-218x150.jpg",218,150,true],"td_300x0":["https:\/\/www.americanonewspaper.com\/es\/wp-content\/uploads\/2025\/03\/588f277bd34bbf11d53148ed57c1763705e95f71m-300x194.jpg",300,194,true],"td_324x400":["https:\/\/www.americanonewspaper.com\/es\/wp-content\/uploads\/2025\/03\/588f277bd34bbf11d53148ed57c1763705e95f71m-324x387.jpg",324,387,true],"td_485x360":["https:\/\/www.americanonewspaper.com\/es\/wp-content\/uploads\/2025\/03\/588f277bd34bbf11d53148ed57c1763705e95f71m-485x360.jpg",485,360,true],"td_696x0":["https:\/\/www.americanonewspaper.com\/es\/wp-content\/uploads\/2025\/03\/588f277bd34bbf11d53148ed57c1763705e95f71m.jpg",600,387,false],"td_1068x0":["https:\/\/www.americanonewspaper.com\/es\/wp-content\/uploads\/2025\/03\/588f277bd34bbf11d53148ed57c1763705e95f71m.jpg",600,387,false],"td_1920x0":["https:\/\/www.americanonewspaper.com\/es\/wp-content\/uploads\/2025\/03\/588f277bd34bbf11d53148ed57c1763705e95f71m.jpg",600,387,false],"bdpp-medium":["https:\/\/www.americanonewspaper.com\/es\/wp-content\/uploads\/2025\/03\/588f277bd34bbf11d53148ed57c1763705e95f71m.jpg",600,387,false]},"author_info":{"display_name":"Victoria Deus","author_link":"https:\/\/www.americanonewspaper.com\/es\/author\/victoria\/"},"category_info":"<a href=\"https:\/\/www.americanonewspaper.com\/es\/category\/deportes\/\" rel=\"category tag\">Deportes<\/a> <a href=\"https:\/\/www.americanonewspaper.com\/es\/category\/europe\/espana\/\" rel=\"category tag\">Espa\u00f1a<\/a> <a href=\"https:\/\/www.americanonewspaper.com\/es\/category\/europe\/\" rel=\"category tag\">Europe<\/a> <a href=\"https:\/\/www.americanonewspaper.com\/es\/category\/francia\/\" rel=\"category tag\">Francia<\/a> <a href=\"https:\/\/www.americanonewspaper.com\/es\/category\/kyliam-mbappe\/\" rel=\"category tag\">Kyliam Mbapp\u00e9<\/a> <a href=\"https:\/\/www.americanonewspaper.com\/es\/category\/real-madrid\/\" rel=\"category tag\">Real Madrid<\/a>","tag_info":"Real Madrid","comment_count":"0","jetpack_sharing_enabled":true,"jetpack_likes_enabled":true,"_links":{"self":[{"href":"https:\/\/www.americanonewspaper.com\/es\/wp-json\/wp\/v2\/posts\/25555","targetHints":{"allow":["GET"]}}],"collection":[{"href":"https:\/\/www.americanonewspaper.com\/es\/wp-json\/wp\/v2\/posts"}],"about":[{"href":"https:\/\/www.americanonewspaper.com\/es\/wp-json\/wp\/v2\/types\/post"}],"author":[{"embeddable":true,"href":"https:\/\/www.americanonewspaper.com\/es\/wp-json\/wp\/v2\/users\/18"}],"replies":[{"embeddable":true,"href":"https:\/\/www.americanonewspaper.com\/es\/wp-json\/wp\/v2\/comments?post=25555"}],"version-history":[{"count":1,"href":"https:\/\/www.americanonewspaper.com\/es\/wp-json\/wp\/v2\/posts\/25555\/revisions"}],"predecessor-version":[{"id":25562,"href":"https:\/\/www.americanonewspaper.com\/es\/wp-json\/wp\/v2\/posts\/25555\/revisions\/25562"}],"wp:featuredmedia":[{"embeddable":true,"href":"https:\/\/www.americanonewspaper.com\/es\/wp-json\/wp\/v2\/media\/25556"}],"wp:attachment":[{"href":"https:\/\/www.americanonewspaper.com\/es\/wp-json\/wp\/v2\/media?parent=25555"}],"wp:term":[{"taxonomy":"category","embeddable":true,"href":"https:\/\/www.americanonewspaper.com\/es\/wp-json\/wp\/v2\/categories?post=25555"},{"taxonomy":"post_tag","embeddable":true,"href":"https:\/\/www.americanonewspaper.com\/es\/wp-json\/wp\/v2\/tags?post=25555"}],"curies":[{"name":"wp","href":"https:\/\/api.w.org\/{rel}","templated":true}]}}