{"id":25529,"date":"2025-03-18T08:58:18","date_gmt":"2025-03-18T12:58:18","guid":{"rendered":"https:\/\/www.americanonewspaper.com\/es\/?p=25529"},"modified":"2025-03-18T08:58:20","modified_gmt":"2025-03-18T12:58:20","slug":"texas-evalua-liberacion-de-asesina-de-selena","status":"publish","type":"post","link":"https:\/\/www.americanonewspaper.com\/es\/farandula\/texas-evalua-liberacion-de-asesina-de-selena\/","title":{"rendered":"Texas eval\u00faa liberaci\u00f3n de asesina de Selena"},"content":{"rendered":"\n<p>San Antonio (EE.UU.), 17 mar (EFE).- <\/p>\n\n\n\n<p class=\"dropcapp3\">La Junta de Indultos y Libertad Condicional de Texas (EE.UU.) confirm\u00f3 este lunes a EFE que eval\u00faa la liberaci\u00f3n anticipada de Yolanda Sald\u00edvar, quien fue condenada a cadena perpetua por el asesinato en 1995 de la cantante Selena Quintanilla.<\/p>\n\n\n\n<figure class=\"wp-block-image size-large is-resized\"><img fetchpriority=\"high\" decoding=\"async\" width=\"800\" height=\"365\" src=\"https:\/\/www.americanonewspaper.com\/es\/wp-content\/uploads\/2025\/03\/Screenshot-2025-02-20-at-9.11.40\u202fAM-1920x877-2-8-800x365.webp\" alt=\"\" class=\"wp-image-25516\" style=\"width:1066px;height:auto\" srcset=\"https:\/\/www.americanonewspaper.com\/es\/wp-content\/uploads\/2025\/03\/Screenshot-2025-02-20-at-9.11.40\u202fAM-1920x877-2-8-800x365.webp 800w, https:\/\/www.americanonewspaper.com\/es\/wp-content\/uploads\/2025\/03\/Screenshot-2025-02-20-at-9.11.40\u202fAM-1920x877-2-8-300x137.webp 300w, https:\/\/www.americanonewspaper.com\/es\/wp-content\/uploads\/2025\/03\/Screenshot-2025-02-20-at-9.11.40\u202fAM-1920x877-2-8-768x351.webp 768w, https:\/\/www.americanonewspaper.com\/es\/wp-content\/uploads\/2025\/03\/Screenshot-2025-02-20-at-9.11.40\u202fAM-1920x877-2-8-1536x702.webp 1536w, https:\/\/www.americanonewspaper.com\/es\/wp-content\/uploads\/2025\/03\/Screenshot-2025-02-20-at-9.11.40\u202fAM-1920x877-2-8-150x69.webp 150w, https:\/\/www.americanonewspaper.com\/es\/wp-content\/uploads\/2025\/03\/Screenshot-2025-02-20-at-9.11.40\u202fAM-1920x877-2-8-696x318.webp 696w, https:\/\/www.americanonewspaper.com\/es\/wp-content\/uploads\/2025\/03\/Screenshot-2025-02-20-at-9.11.40\u202fAM-1920x877-2-8-1068x488.webp 1068w, https:\/\/www.americanonewspaper.com\/es\/wp-content\/uploads\/2025\/03\/Screenshot-2025-02-20-at-9.11.40\u202fAM-1920x877-2-8.webp 1920w\" sizes=\"(max-width: 800px) 100vw, 800px\" \/><\/figure>\n\n\n\n<p>Fuentes del Departamento de Justicia Criminal de Texas dijeron que Sald\u00edvar, quien lleva tres d\u00e9cadas tras las rejas, tiene su primera posibilidad de liberaci\u00f3n bajo fianza el pr\u00f3ximo 30 de marzo y que su caso &#8220;est\u00e1 en revisi\u00f3n&#8221;.<\/p>\n\n\n\n<p>Detallaron que usualmente, estos procesos tardan seis meses.<\/p>\n\n\n\n<p>La familia dijo recientemente a la prensa que Sald\u00edvar &#8220;est\u00e1 arrepentida&#8221; y por primera vez estar\u00eda admitiendo su culpabilidad por el crimen perpetrado el 31 de marzo de 1995.<\/p>\n\n\n\n<p>Entre tanto, los Quintanilla, liderados por el patriarca Abraham Quintanilla, padre de la artista, se oponen a la liberaci\u00f3n temprana de la reclusa.<\/p>\n\n\n\n<figure class=\"wp-block-image size-large is-resized\"><a href=\"https:\/\/nissanofnorthplainfield.com\/?utm_source=gmb&amp;utm_medium=organic&amp;utm_campaign=website-button\" target=\"_blank\" rel=\" noreferrer noopener\"><img decoding=\"async\" width=\"800\" height=\"382\" src=\"https:\/\/www.americanonewspaper.com\/es\/wp-content\/uploads\/2025\/03\/Nissan-copy-1-2-4-800x382.jpg\" alt=\"Descuento\" class=\"wp-image-25451\" style=\"width:1068px;height:auto\" srcset=\"https:\/\/www.americanonewspaper.com\/es\/wp-content\/uploads\/2025\/03\/Nissan-copy-1-2-4-800x382.jpg 800w, https:\/\/www.americanonewspaper.com\/es\/wp-content\/uploads\/2025\/03\/Nissan-copy-1-2-4-300x143.jpg 300w, https:\/\/www.americanonewspaper.com\/es\/wp-content\/uploads\/2025\/03\/Nissan-copy-1-2-4-768x367.jpg 768w, https:\/\/www.americanonewspaper.com\/es\/wp-content\/uploads\/2025\/03\/Nissan-copy-1-2-4-150x72.jpg 150w, https:\/\/www.americanonewspaper.com\/es\/wp-content\/uploads\/2025\/03\/Nissan-copy-1-2-4-696x332.jpg 696w, https:\/\/www.americanonewspaper.com\/es\/wp-content\/uploads\/2025\/03\/Nissan-copy-1-2-4-1068x510.jpg 1068w, https:\/\/www.americanonewspaper.com\/es\/wp-content\/uploads\/2025\/03\/Nissan-copy-1-2-4.jpg 1200w\" sizes=\"(max-width: 800px) 100vw, 800px\" \/><\/a><figcaption class=\"wp-element-caption\">Descuento<\/figcaption><\/figure>\n\n\n\n<p>Sald\u00edvar, de 63 a\u00f1os, cumple su condena en la prisi\u00f3n femenina de Mountain View, en la ciudad de Gatesville, y esta es su primera oportunidad para solicitar la libertad condicional.<\/p>\n\n\n\n<p>A lo largo de los a\u00f1os, ha insistido en que el disparo que acab\u00f3 con la vida de la llamada reina del Tex-Mex fue accidental. Sin embargo, ahora su familia declar\u00f3 al diario The New York Post que admiti\u00f3 que el balazo fue intencional, lo que, seg\u00fan expertos legales podr\u00eda ser una estrategia ante la Junta.<\/p>\n\n\n\n<p>Sald\u00edvar &#8220;sabe que lo que hizo estuvo mal y asume la responsabilidad, pero estaba reaccionando a la forma en que fue confrontada&#8221;, dijo un familiar al diario de Nueva York sobre el tr\u00e1gico encuentro con la artista en un motel en Corpus Christi (Texas).<\/p>\n\n\n\n<figure class=\"wp-block-image size-large is-resized\"><a href=\"https:\/\/www.stnj.org\/events-tickets\/upcoming-events-1?utm_source=americano&amp;utm_medium=webad&amp;utm_campaign=americano_240216_webad1200x550_balletfolkloricowilychirinospanish\" target=\"_blank\" rel=\" noreferrer noopener\"><img decoding=\"async\" width=\"800\" height=\"433\" src=\"https:\/\/www.americanonewspaper.com\/es\/wp-content\/uploads\/2025\/03\/Screenshot-2025-03-05-at-8.48.58\u202fAM-5-800x433.png\" alt=\"\" class=\"wp-image-25465\" style=\"width:1067px;height:auto\" srcset=\"https:\/\/www.americanonewspaper.com\/es\/wp-content\/uploads\/2025\/03\/Screenshot-2025-03-05-at-8.48.58\u202fAM-5-800x433.png 800w, https:\/\/www.americanonewspaper.com\/es\/wp-content\/uploads\/2025\/03\/Screenshot-2025-03-05-at-8.48.58\u202fAM-5-300x163.png 300w, https:\/\/www.americanonewspaper.com\/es\/wp-content\/uploads\/2025\/03\/Screenshot-2025-03-05-at-8.48.58\u202fAM-5-768x416.png 768w, https:\/\/www.americanonewspaper.com\/es\/wp-content\/uploads\/2025\/03\/Screenshot-2025-03-05-at-8.48.58\u202fAM-5-1536x832.png 1536w, https:\/\/www.americanonewspaper.com\/es\/wp-content\/uploads\/2025\/03\/Screenshot-2025-03-05-at-8.48.58\u202fAM-5-150x81.png 150w, https:\/\/www.americanonewspaper.com\/es\/wp-content\/uploads\/2025\/03\/Screenshot-2025-03-05-at-8.48.58\u202fAM-5-696x377.png 696w, https:\/\/www.americanonewspaper.com\/es\/wp-content\/uploads\/2025\/03\/Screenshot-2025-03-05-at-8.48.58\u202fAM-5-1068x579.png 1068w, https:\/\/www.americanonewspaper.com\/es\/wp-content\/uploads\/2025\/03\/Screenshot-2025-03-05-at-8.48.58\u202fAM-5.png 1772w\" sizes=\"(max-width: 800px) 100vw, 800px\" \/><\/a><\/figure>\n\n\n\n<p>Durante el juicio, seg\u00fan testigos y la propia acusada, la reuni\u00f3n ten\u00eda como fin recuperar documentos financieros tras descubrirse irregularidades en la administraci\u00f3n de Sald\u00edvar como presidenta de su club de fans.<\/p>\n\n\n\n<p>La conversaci\u00f3n entre ambas se torn\u00f3 tensa y, cuando Selena intent\u00f3 marcharse, Sald\u00edvar sac\u00f3 un rev\u00f3lver y le dispar\u00f3 en la espalda. La cantante logr\u00f3 salir de la habitaci\u00f3n y pedir ayuda, pero muri\u00f3 minutos despu\u00e9s en un hospital.<\/p>\n\n\n\n<p>Sald\u00edvar dice que Selena &#8220;se le acerc\u00f3 de manera muy agresiva&#8221;, agreg\u00f3 su familiar al diario. &#8220;Estaba muy desconcertada por lo en\u00e9rgica que estaba siendo Selena. Todo sucedi\u00f3 muy r\u00e1pido. Si Selena la hubiera confrontado de otra manera, esto nunca habr\u00eda ocurrido&#8221;, explic\u00f3.<\/p>\n\n\n\n<p>Abraham Quintanilla, padre de Selena, ha reiterado en entrevistas que la familia se opone a cualquier posibilidad de liberaci\u00f3n de Sald\u00edvar. &#8220;No hay arrepentimiento que pueda devolvernos a Selena&#8221;, expres\u00f3.<\/p>\n\n\n\n<figure class=\"wp-block-image size-large is-resized\"><a href=\"https:\/\/www.linkedin.com\/in\/isaac-resek-74033731\/\" target=\"_blank\" rel=\" noreferrer noopener\"><img loading=\"lazy\" decoding=\"async\" width=\"800\" height=\"450\" src=\"https:\/\/www.americanonewspaper.com\/es\/wp-content\/uploads\/2025\/03\/Screenshot-2025-01-27-at-12.53.59\u202fPM-2-2-6-800x450.png\" alt=\"\" class=\"wp-image-25466\" style=\"width:1068px;height:auto\" srcset=\"https:\/\/www.americanonewspaper.com\/es\/wp-content\/uploads\/2025\/03\/Screenshot-2025-01-27-at-12.53.59\u202fPM-2-2-6-800x450.png 800w, https:\/\/www.americanonewspaper.com\/es\/wp-content\/uploads\/2025\/03\/Screenshot-2025-01-27-at-12.53.59\u202fPM-2-2-6-300x169.png 300w, https:\/\/www.americanonewspaper.com\/es\/wp-content\/uploads\/2025\/03\/Screenshot-2025-01-27-at-12.53.59\u202fPM-2-2-6-768x432.png 768w, https:\/\/www.americanonewspaper.com\/es\/wp-content\/uploads\/2025\/03\/Screenshot-2025-01-27-at-12.53.59\u202fPM-2-2-6-150x84.png 150w, https:\/\/www.americanonewspaper.com\/es\/wp-content\/uploads\/2025\/03\/Screenshot-2025-01-27-at-12.53.59\u202fPM-2-2-6-696x391.png 696w, https:\/\/www.americanonewspaper.com\/es\/wp-content\/uploads\/2025\/03\/Screenshot-2025-01-27-at-12.53.59\u202fPM-2-2-6-1068x601.png 1068w, https:\/\/www.americanonewspaper.com\/es\/wp-content\/uploads\/2025\/03\/Screenshot-2025-01-27-at-12.53.59\u202fPM-2-2-6.png 1234w\" sizes=\"(max-width: 800px) 100vw, 800px\" \/><\/a><\/figure>\n\n\n\n<p>Los seguidores de la artista tambi\u00e9n han manifestado su indignaci\u00f3n en redes sociales, promoviendo campa\u00f1as para que las autoridades nieguen la petici\u00f3n de libertad condicional.<\/p>\n\n\n\n<p>La Junta de Libertad Condicional de Texas tomar\u00e1 en cuenta varios factores para evaluar la solicitud de Sald\u00edvar, incluyendo su conducta en prisi\u00f3n, el impacto del crimen en la comunidad y su disposici\u00f3n para reintegrarse a la sociedad.<\/p>\n\n\n\n<p>Expertos en derecho penal se\u00f1alan que debido a la gravedad del caso y la presi\u00f3n medi\u00e1tica, las posibilidades de que Sald\u00edvar sea liberada son reducidas.<\/p>\n\n\n\n<p><\/p>\n","protected":false},"excerpt":{"rendered":"<p>San Antonio (EE.UU.), 17 mar (EFE).- La Junta de Indultos y Libertad Condicional de Texas (EE.UU.) confirm\u00f3 este lunes a EFE que eval\u00faa la liberaci\u00f3n anticipada de Yolanda Sald\u00edvar, quien fue condenada a cadena perpetua por el asesinato en 1995 de la cantante Selena Quintanilla. Fuentes del Departamento de Justicia Criminal de Texas dijeron que [&hellip;]<\/p>\n","protected":false},"author":7,"featured_media":25530,"comment_status":"open","ping_status":"open","sticky":false,"template":"","format":"standard","meta":{"_acf_changed":false,"tdm_status":"","tdm_grid_status":"","_jetpack_memberships_contains_paid_content":false,"footnotes":"","jetpack_publicize_message":"","jetpack_publicize_feature_enabled":true,"jetpack_social_post_already_shared":true,"jetpack_social_options":{"image_generator_settings":{"template":"highway","default_image_id":0,"font":"","enabled":false},"version":2},"_wpas_customize_per_network":false},"categories":[944,527,529,315],"tags":[],"class_list":{"0":"post-25529","1":"post","2":"type-post","3":"status-publish","4":"format-standard","5":"has-post-thumbnail","7":"category-chorpus-christi","8":"category-farandula","9":"category-texas","10":"category-usa"},"acf":[],"yoast_head":"<!-- This site is optimized with the Yoast SEO Premium plugin v27.5 (Yoast SEO v27.5) - https:\/\/yoast.com\/product\/yoast-seo-premium-wordpress\/ -->\n<title>Texas eval\u00faa liberaci\u00f3n de asesina de Selena - Americano Newspaper<\/title>\n<meta name=\"description\" content=\"La Junta de Indultos y Libertad Condicional de Texas (EE.UU.) confirm\u00f3 este lunes a EFE que eval\u00faa la liberaci\u00f3n anticipada de Yolanda Sald\u00edvar, quien fue condenada a cadena perpetua por el asesinato en 1995 de la cantante Selena Quintanilla.\" \/>\n<meta name=\"robots\" content=\"index, follow, max-snippet:-1, max-image-preview:large, max-video-preview:-1\" \/>\n<link rel=\"canonical\" href=\"https:\/\/www.americanonewspaper.com\/es\/farandula\/texas-evalua-liberacion-de-asesina-de-selena\/\" \/>\n<meta property=\"og:locale\" content=\"en_US\" \/>\n<meta property=\"og:type\" content=\"article\" \/>\n<meta property=\"og:title\" content=\"Texas eval\u00faa liberaci\u00f3n de asesina de Selena\" \/>\n<meta property=\"og:description\" content=\"La Junta de Indultos y Libertad Condicional de Texas (EE.UU.) confirm\u00f3 este lunes a EFE que eval\u00faa la liberaci\u00f3n anticipada de Yolanda Sald\u00edvar, quien fue condenada a cadena perpetua por el asesinato en 1995 de la cantante Selena Quintanilla.\" \/>\n<meta property=\"og:url\" content=\"https:\/\/www.americanonewspaper.com\/es\/farandula\/texas-evalua-liberacion-de-asesina-de-selena\/\" \/>\n<meta property=\"og:site_name\" content=\"Americano Newspaper\" \/>\n<meta property=\"article:publisher\" content=\"https:\/\/www.facebook.com\/AmericanoNewspaper\/\" \/>\n<meta property=\"article:published_time\" content=\"2025-03-18T12:58:18+00:00\" \/>\n<meta property=\"article:modified_time\" content=\"2025-03-18T12:58:20+00:00\" \/>\n<meta property=\"og:image\" content=\"https:\/\/www.americanonewspaper.com\/es\/wp-content\/uploads\/2025\/03\/Estrella-en-Hollywood.jpg\" \/>\n\t<meta property=\"og:image:width\" content=\"900\" \/>\n\t<meta property=\"og:image:height\" content=\"684\" \/>\n\t<meta property=\"og:image:type\" content=\"image\/jpeg\" \/>\n<meta name=\"author\" content=\"Author\" \/>\n<meta name=\"twitter:card\" content=\"summary_large_image\" \/>\n<meta name=\"twitter:label1\" content=\"Written by\" \/>\n\t<meta name=\"twitter:data1\" content=\"Author\" \/>\n\t<meta name=\"twitter:label2\" content=\"Est. reading time\" \/>\n\t<meta name=\"twitter:data2\" content=\"4 minutes\" \/>\n<script type=\"application\/ld+json\" class=\"yoast-schema-graph\">{\"@context\":\"https:\\\/\\\/schema.org\",\"@graph\":[{\"@type\":\"Article\",\"@id\":\"https:\\\/\\\/www.americanonewspaper.com\\\/es\\\/farandula\\\/texas-evalua-liberacion-de-asesina-de-selena\\\/#article\",\"isPartOf\":{\"@id\":\"https:\\\/\\\/www.americanonewspaper.com\\\/es\\\/farandula\\\/texas-evalua-liberacion-de-asesina-de-selena\\\/\"},\"author\":{\"name\":\"Author\",\"@id\":\"https:\\\/\\\/www.americanonewspaper.com\\\/es\\\/#\\\/schema\\\/person\\\/8967f6b8af7e37bcbbe61f68580ff088\"},\"headline\":\"Texas eval\u00faa liberaci\u00f3n de asesina de Selena\",\"datePublished\":\"2025-03-18T12:58:18+00:00\",\"dateModified\":\"2025-03-18T12:58:20+00:00\",\"mainEntityOfPage\":{\"@id\":\"https:\\\/\\\/www.americanonewspaper.com\\\/es\\\/farandula\\\/texas-evalua-liberacion-de-asesina-de-selena\\\/\"},\"wordCount\":558,\"commentCount\":0,\"publisher\":{\"@id\":\"https:\\\/\\\/www.americanonewspaper.com\\\/es\\\/#organization\"},\"image\":{\"@id\":\"https:\\\/\\\/www.americanonewspaper.com\\\/es\\\/farandula\\\/texas-evalua-liberacion-de-asesina-de-selena\\\/#primaryimage\"},\"thumbnailUrl\":\"https:\\\/\\\/www.americanonewspaper.com\\\/es\\\/wp-content\\\/uploads\\\/2025\\\/03\\\/Estrella-en-Hollywood.jpg\",\"articleSection\":[\"Chorpus Christi\",\"Far\u00e1ndula\",\"Texas\",\"USA\"],\"inLanguage\":\"en-US\",\"potentialAction\":[{\"@type\":\"CommentAction\",\"name\":\"Comment\",\"target\":[\"https:\\\/\\\/www.americanonewspaper.com\\\/es\\\/farandula\\\/texas-evalua-liberacion-de-asesina-de-selena\\\/#respond\"]}]},{\"@type\":\"WebPage\",\"@id\":\"https:\\\/\\\/www.americanonewspaper.com\\\/es\\\/farandula\\\/texas-evalua-liberacion-de-asesina-de-selena\\\/\",\"url\":\"https:\\\/\\\/www.americanonewspaper.com\\\/es\\\/farandula\\\/texas-evalua-liberacion-de-asesina-de-selena\\\/\",\"name\":\"Texas eval\u00faa liberaci\u00f3n de asesina de Selena - Americano Newspaper\",\"isPartOf\":{\"@id\":\"https:\\\/\\\/www.americanonewspaper.com\\\/es\\\/#website\"},\"primaryImageOfPage\":{\"@id\":\"https:\\\/\\\/www.americanonewspaper.com\\\/es\\\/farandula\\\/texas-evalua-liberacion-de-asesina-de-selena\\\/#primaryimage\"},\"image\":{\"@id\":\"https:\\\/\\\/www.americanonewspaper.com\\\/es\\\/farandula\\\/texas-evalua-liberacion-de-asesina-de-selena\\\/#primaryimage\"},\"thumbnailUrl\":\"https:\\\/\\\/www.americanonewspaper.com\\\/es\\\/wp-content\\\/uploads\\\/2025\\\/03\\\/Estrella-en-Hollywood.jpg\",\"datePublished\":\"2025-03-18T12:58:18+00:00\",\"dateModified\":\"2025-03-18T12:58:20+00:00\",\"description\":\"La Junta de Indultos y Libertad Condicional de Texas (EE.UU.) confirm\u00f3 este lunes a EFE que eval\u00faa la liberaci\u00f3n anticipada de Yolanda Sald\u00edvar, quien fue condenada a cadena perpetua por el asesinato en 1995 de la cantante Selena Quintanilla.\",\"breadcrumb\":{\"@id\":\"https:\\\/\\\/www.americanonewspaper.com\\\/es\\\/farandula\\\/texas-evalua-liberacion-de-asesina-de-selena\\\/#breadcrumb\"},\"inLanguage\":\"en-US\",\"potentialAction\":[{\"@type\":\"ReadAction\",\"target\":[\"https:\\\/\\\/www.americanonewspaper.com\\\/es\\\/farandula\\\/texas-evalua-liberacion-de-asesina-de-selena\\\/\"]}]},{\"@type\":\"ImageObject\",\"inLanguage\":\"en-US\",\"@id\":\"https:\\\/\\\/www.americanonewspaper.com\\\/es\\\/farandula\\\/texas-evalua-liberacion-de-asesina-de-selena\\\/#primaryimage\",\"url\":\"https:\\\/\\\/www.americanonewspaper.com\\\/es\\\/wp-content\\\/uploads\\\/2025\\\/03\\\/Estrella-en-Hollywood.jpg\",\"contentUrl\":\"https:\\\/\\\/www.americanonewspaper.com\\\/es\\\/wp-content\\\/uploads\\\/2025\\\/03\\\/Estrella-en-Hollywood.jpg\",\"width\":900,\"height\":684,\"caption\":\"Fotograf\u00eda de archivo de Suzette Quintanilla (2i), hermana de la asesinada cantante Selena Quintanilla, y los integrantes de su banda durante una ceremonia en el Paseo de la Fama de Hollywood. EFE\\\/MIKE NELSON\"},{\"@type\":\"BreadcrumbList\",\"@id\":\"https:\\\/\\\/www.americanonewspaper.com\\\/es\\\/farandula\\\/texas-evalua-liberacion-de-asesina-de-selena\\\/#breadcrumb\",\"itemListElement\":[{\"@type\":\"ListItem\",\"position\":1,\"name\":\"Home\",\"item\":\"https:\\\/\\\/www.americanonewspaper.com\\\/es\\\/\"},{\"@type\":\"ListItem\",\"position\":2,\"name\":\"Texas eval\u00faa liberaci\u00f3n de asesina de Selena\"}]},{\"@type\":\"WebSite\",\"@id\":\"https:\\\/\\\/www.americanonewspaper.com\\\/es\\\/#website\",\"url\":\"https:\\\/\\\/www.americanonewspaper.com\\\/es\\\/\",\"name\":\"Americano Newspaper\",\"description\":\"The Hispanic Newspaper of New Jersey.\",\"publisher\":{\"@id\":\"https:\\\/\\\/www.americanonewspaper.com\\\/es\\\/#organization\"},\"potentialAction\":[{\"@type\":\"SearchAction\",\"target\":{\"@type\":\"EntryPoint\",\"urlTemplate\":\"https:\\\/\\\/www.americanonewspaper.com\\\/es\\\/?s={search_term_string}\"},\"query-input\":{\"@type\":\"PropertyValueSpecification\",\"valueRequired\":true,\"valueName\":\"search_term_string\"}}],\"inLanguage\":\"en-US\"},{\"@type\":\"Organization\",\"@id\":\"https:\\\/\\\/www.americanonewspaper.com\\\/es\\\/#organization\",\"name\":\"Americano Newspaper\",\"url\":\"https:\\\/\\\/www.americanonewspaper.com\\\/es\\\/\",\"logo\":{\"@type\":\"ImageObject\",\"inLanguage\":\"en-US\",\"@id\":\"https:\\\/\\\/www.americanonewspaper.com\\\/es\\\/#\\\/schema\\\/logo\\\/image\\\/\",\"url\":\"https:\\\/\\\/www.americanonewspaper.com\\\/es\\\/wp-content\\\/uploads\\\/2024\\\/05\\\/AmericanoLogoCircle.comCircle2.jpg\",\"contentUrl\":\"https:\\\/\\\/www.americanonewspaper.com\\\/es\\\/wp-content\\\/uploads\\\/2024\\\/05\\\/AmericanoLogoCircle.comCircle2.jpg\",\"width\":600,\"height\":600,\"caption\":\"Americano Newspaper\"},\"image\":{\"@id\":\"https:\\\/\\\/www.americanonewspaper.com\\\/es\\\/#\\\/schema\\\/logo\\\/image\\\/\"},\"sameAs\":[\"https:\\\/\\\/www.facebook.com\\\/AmericanoNewspaper\\\/\"]},{\"@type\":\"Person\",\"@id\":\"https:\\\/\\\/www.americanonewspaper.com\\\/es\\\/#\\\/schema\\\/person\\\/8967f6b8af7e37bcbbe61f68580ff088\",\"name\":\"Author\",\"image\":{\"@type\":\"ImageObject\",\"inLanguage\":\"en-US\",\"@id\":\"https:\\\/\\\/www.americanonewspaper.com\\\/es\\\/wp-content\\\/litespeed\\\/avatar\\\/89ffaf6af3cf6769ffb3c6efb2313947.jpg?ver=1777427547\",\"url\":\"https:\\\/\\\/www.americanonewspaper.com\\\/es\\\/wp-content\\\/litespeed\\\/avatar\\\/89ffaf6af3cf6769ffb3c6efb2313947.jpg?ver=1777427547\",\"contentUrl\":\"https:\\\/\\\/www.americanonewspaper.com\\\/es\\\/wp-content\\\/litespeed\\\/avatar\\\/89ffaf6af3cf6769ffb3c6efb2313947.jpg?ver=1777427547\",\"caption\":\"Author\"},\"url\":\"https:\\\/\\\/www.americanonewspaper.com\\\/es\\\/author\\\/americano\\\/\"}]}<\/script>\n<!-- \/ Yoast SEO Premium plugin. -->","yoast_head_json":{"title":"Texas eval\u00faa liberaci\u00f3n de asesina de Selena - Americano Newspaper","description":"La Junta de Indultos y Libertad Condicional de Texas (EE.UU.) confirm\u00f3 este lunes a EFE que eval\u00faa la liberaci\u00f3n anticipada de Yolanda Sald\u00edvar, quien fue condenada a cadena perpetua por el asesinato en 1995 de la cantante Selena Quintanilla.","robots":{"index":"index","follow":"follow","max-snippet":"max-snippet:-1","max-image-preview":"max-image-preview:large","max-video-preview":"max-video-preview:-1"},"canonical":"https:\/\/www.americanonewspaper.com\/es\/farandula\/texas-evalua-liberacion-de-asesina-de-selena\/","og_locale":"en_US","og_type":"article","og_title":"Texas eval\u00faa liberaci\u00f3n de asesina de Selena","og_description":"La Junta de Indultos y Libertad Condicional de Texas (EE.UU.) confirm\u00f3 este lunes a EFE que eval\u00faa la liberaci\u00f3n anticipada de Yolanda Sald\u00edvar, quien fue condenada a cadena perpetua por el asesinato en 1995 de la cantante Selena Quintanilla.","og_url":"https:\/\/www.americanonewspaper.com\/es\/farandula\/texas-evalua-liberacion-de-asesina-de-selena\/","og_site_name":"Americano Newspaper","article_publisher":"https:\/\/www.facebook.com\/AmericanoNewspaper\/","article_published_time":"2025-03-18T12:58:18+00:00","article_modified_time":"2025-03-18T12:58:20+00:00","og_image":[{"width":900,"height":684,"url":"https:\/\/www.americanonewspaper.com\/es\/wp-content\/uploads\/2025\/03\/Estrella-en-Hollywood.jpg","type":"image\/jpeg"}],"author":"Author","twitter_card":"summary_large_image","twitter_misc":{"Written by":"Author","Est. reading time":"4 minutes"},"schema":{"@context":"https:\/\/schema.org","@graph":[{"@type":"Article","@id":"https:\/\/www.americanonewspaper.com\/es\/farandula\/texas-evalua-liberacion-de-asesina-de-selena\/#article","isPartOf":{"@id":"https:\/\/www.americanonewspaper.com\/es\/farandula\/texas-evalua-liberacion-de-asesina-de-selena\/"},"author":{"name":"Author","@id":"https:\/\/www.americanonewspaper.com\/es\/#\/schema\/person\/8967f6b8af7e37bcbbe61f68580ff088"},"headline":"Texas eval\u00faa liberaci\u00f3n de asesina de Selena","datePublished":"2025-03-18T12:58:18+00:00","dateModified":"2025-03-18T12:58:20+00:00","mainEntityOfPage":{"@id":"https:\/\/www.americanonewspaper.com\/es\/farandula\/texas-evalua-liberacion-de-asesina-de-selena\/"},"wordCount":558,"commentCount":0,"publisher":{"@id":"https:\/\/www.americanonewspaper.com\/es\/#organization"},"image":{"@id":"https:\/\/www.americanonewspaper.com\/es\/farandula\/texas-evalua-liberacion-de-asesina-de-selena\/#primaryimage"},"thumbnailUrl":"https:\/\/www.americanonewspaper.com\/es\/wp-content\/uploads\/2025\/03\/Estrella-en-Hollywood.jpg","articleSection":["Chorpus Christi","Far\u00e1ndula","Texas","USA"],"inLanguage":"en-US","potentialAction":[{"@type":"CommentAction","name":"Comment","target":["https:\/\/www.americanonewspaper.com\/es\/farandula\/texas-evalua-liberacion-de-asesina-de-selena\/#respond"]}]},{"@type":"WebPage","@id":"https:\/\/www.americanonewspaper.com\/es\/farandula\/texas-evalua-liberacion-de-asesina-de-selena\/","url":"https:\/\/www.americanonewspaper.com\/es\/farandula\/texas-evalua-liberacion-de-asesina-de-selena\/","name":"Texas eval\u00faa liberaci\u00f3n de asesina de Selena - Americano Newspaper","isPartOf":{"@id":"https:\/\/www.americanonewspaper.com\/es\/#website"},"primaryImageOfPage":{"@id":"https:\/\/www.americanonewspaper.com\/es\/farandula\/texas-evalua-liberacion-de-asesina-de-selena\/#primaryimage"},"image":{"@id":"https:\/\/www.americanonewspaper.com\/es\/farandula\/texas-evalua-liberacion-de-asesina-de-selena\/#primaryimage"},"thumbnailUrl":"https:\/\/www.americanonewspaper.com\/es\/wp-content\/uploads\/2025\/03\/Estrella-en-Hollywood.jpg","datePublished":"2025-03-18T12:58:18+00:00","dateModified":"2025-03-18T12:58:20+00:00","description":"La Junta de Indultos y Libertad Condicional de Texas (EE.UU.) confirm\u00f3 este lunes a EFE que eval\u00faa la liberaci\u00f3n anticipada de Yolanda Sald\u00edvar, quien fue condenada a cadena perpetua por el asesinato en 1995 de la cantante Selena Quintanilla.","breadcrumb":{"@id":"https:\/\/www.americanonewspaper.com\/es\/farandula\/texas-evalua-liberacion-de-asesina-de-selena\/#breadcrumb"},"inLanguage":"en-US","potentialAction":[{"@type":"ReadAction","target":["https:\/\/www.americanonewspaper.com\/es\/farandula\/texas-evalua-liberacion-de-asesina-de-selena\/"]}]},{"@type":"ImageObject","inLanguage":"en-US","@id":"https:\/\/www.americanonewspaper.com\/es\/farandula\/texas-evalua-liberacion-de-asesina-de-selena\/#primaryimage","url":"https:\/\/www.americanonewspaper.com\/es\/wp-content\/uploads\/2025\/03\/Estrella-en-Hollywood.jpg","contentUrl":"https:\/\/www.americanonewspaper.com\/es\/wp-content\/uploads\/2025\/03\/Estrella-en-Hollywood.jpg","width":900,"height":684,"caption":"Fotograf\u00eda de archivo de Suzette Quintanilla (2i), hermana de la asesinada cantante Selena Quintanilla, y los integrantes de su banda durante una ceremonia en el Paseo de la Fama de Hollywood. EFE\/MIKE NELSON"},{"@type":"BreadcrumbList","@id":"https:\/\/www.americanonewspaper.com\/es\/farandula\/texas-evalua-liberacion-de-asesina-de-selena\/#breadcrumb","itemListElement":[{"@type":"ListItem","position":1,"name":"Home","item":"https:\/\/www.americanonewspaper.com\/es\/"},{"@type":"ListItem","position":2,"name":"Texas eval\u00faa liberaci\u00f3n de asesina de Selena"}]},{"@type":"WebSite","@id":"https:\/\/www.americanonewspaper.com\/es\/#website","url":"https:\/\/www.americanonewspaper.com\/es\/","name":"Americano Newspaper","description":"The Hispanic Newspaper of New Jersey.","publisher":{"@id":"https:\/\/www.americanonewspaper.com\/es\/#organization"},"potentialAction":[{"@type":"SearchAction","target":{"@type":"EntryPoint","urlTemplate":"https:\/\/www.americanonewspaper.com\/es\/?s={search_term_string}"},"query-input":{"@type":"PropertyValueSpecification","valueRequired":true,"valueName":"search_term_string"}}],"inLanguage":"en-US"},{"@type":"Organization","@id":"https:\/\/www.americanonewspaper.com\/es\/#organization","name":"Americano Newspaper","url":"https:\/\/www.americanonewspaper.com\/es\/","logo":{"@type":"ImageObject","inLanguage":"en-US","@id":"https:\/\/www.americanonewspaper.com\/es\/#\/schema\/logo\/image\/","url":"https:\/\/www.americanonewspaper.com\/es\/wp-content\/uploads\/2024\/05\/AmericanoLogoCircle.comCircle2.jpg","contentUrl":"https:\/\/www.americanonewspaper.com\/es\/wp-content\/uploads\/2024\/05\/AmericanoLogoCircle.comCircle2.jpg","width":600,"height":600,"caption":"Americano Newspaper"},"image":{"@id":"https:\/\/www.americanonewspaper.com\/es\/#\/schema\/logo\/image\/"},"sameAs":["https:\/\/www.facebook.com\/AmericanoNewspaper\/"]},{"@type":"Person","@id":"https:\/\/www.americanonewspaper.com\/es\/#\/schema\/person\/8967f6b8af7e37bcbbe61f68580ff088","name":"Author","image":{"@type":"ImageObject","inLanguage":"en-US","@id":"https:\/\/www.americanonewspaper.com\/es\/wp-content\/litespeed\/avatar\/89ffaf6af3cf6769ffb3c6efb2313947.jpg?ver=1777427547","url":"https:\/\/www.americanonewspaper.com\/es\/wp-content\/litespeed\/avatar\/89ffaf6af3cf6769ffb3c6efb2313947.jpg?ver=1777427547","contentUrl":"https:\/\/www.americanonewspaper.com\/es\/wp-content\/litespeed\/avatar\/89ffaf6af3cf6769ffb3c6efb2313947.jpg?ver=1777427547","caption":"Author"},"url":"https:\/\/www.americanonewspaper.com\/es\/author\/americano\/"}]}},"jetpack_publicize_connections":[],"jetpack_featured_media_url":"https:\/\/www.americanonewspaper.com\/es\/wp-content\/uploads\/2025\/03\/Estrella-en-Hollywood.jpg","featured_image_urls":{"full":["https:\/\/www.americanonewspaper.com\/es\/wp-content\/uploads\/2025\/03\/Estrella-en-Hollywood.jpg",900,684,false],"thumbnail":["https:\/\/www.americanonewspaper.com\/es\/wp-content\/uploads\/2025\/03\/Estrella-en-Hollywood-250x250.jpg",250,250,true],"medium":["https:\/\/www.americanonewspaper.com\/es\/wp-content\/uploads\/2025\/03\/Estrella-en-Hollywood-300x228.jpg",300,228,true],"medium_large":["https:\/\/www.americanonewspaper.com\/es\/wp-content\/uploads\/2025\/03\/Estrella-en-Hollywood-768x584.jpg",696,529,true],"large":["https:\/\/www.americanonewspaper.com\/es\/wp-content\/uploads\/2025\/03\/Estrella-en-Hollywood-658x500.jpg",658,500,true],"1536x1536":["https:\/\/www.americanonewspaper.com\/es\/wp-content\/uploads\/2025\/03\/Estrella-en-Hollywood.jpg",900,684,false],"2048x2048":["https:\/\/www.americanonewspaper.com\/es\/wp-content\/uploads\/2025\/03\/Estrella-en-Hollywood.jpg",900,684,false],"td_150x0":["https:\/\/www.americanonewspaper.com\/es\/wp-content\/uploads\/2025\/03\/Estrella-en-Hollywood-150x114.jpg",150,114,true],"td_218x150":["https:\/\/www.americanonewspaper.com\/es\/wp-content\/uploads\/2025\/03\/Estrella-en-Hollywood-218x150.jpg",218,150,true],"td_300x0":["https:\/\/www.americanonewspaper.com\/es\/wp-content\/uploads\/2025\/03\/Estrella-en-Hollywood-300x228.jpg",300,228,true],"td_324x400":["https:\/\/www.americanonewspaper.com\/es\/wp-content\/uploads\/2025\/03\/Estrella-en-Hollywood-324x400.jpg",324,400,true],"td_485x360":["https:\/\/www.americanonewspaper.com\/es\/wp-content\/uploads\/2025\/03\/Estrella-en-Hollywood-485x360.jpg",485,360,true],"td_696x0":["https:\/\/www.americanonewspaper.com\/es\/wp-content\/uploads\/2025\/03\/Estrella-en-Hollywood-696x529.jpg",696,529,true],"td_1068x0":["https:\/\/www.americanonewspaper.com\/es\/wp-content\/uploads\/2025\/03\/Estrella-en-Hollywood.jpg",900,684,false],"td_1920x0":["https:\/\/www.americanonewspaper.com\/es\/wp-content\/uploads\/2025\/03\/Estrella-en-Hollywood.jpg",900,684,false],"bdpp-medium":["https:\/\/www.americanonewspaper.com\/es\/wp-content\/uploads\/2025\/03\/Estrella-en-Hollywood-640x480.jpg",640,480,true]},"author_info":{"display_name":"Author","author_link":"https:\/\/www.americanonewspaper.com\/es\/author\/americano\/"},"category_info":"<a href=\"https:\/\/www.americanonewspaper.com\/es\/category\/usa\/texas-usa\/chorpus-christi\/\" rel=\"category tag\">Chorpus Christi<\/a> <a href=\"https:\/\/www.americanonewspaper.com\/es\/category\/farandula\/\" rel=\"category tag\">Far\u00e1ndula<\/a> <a href=\"https:\/\/www.americanonewspaper.com\/es\/category\/texas\/\" rel=\"category tag\">Texas<\/a> <a href=\"https:\/\/www.americanonewspaper.com\/es\/category\/usa\/\" rel=\"category tag\">USA<\/a>","tag_info":"USA","comment_count":"0","jetpack_sharing_enabled":true,"jetpack_likes_enabled":true,"_links":{"self":[{"href":"https:\/\/www.americanonewspaper.com\/es\/wp-json\/wp\/v2\/posts\/25529","targetHints":{"allow":["GET"]}}],"collection":[{"href":"https:\/\/www.americanonewspaper.com\/es\/wp-json\/wp\/v2\/posts"}],"about":[{"href":"https:\/\/www.americanonewspaper.com\/es\/wp-json\/wp\/v2\/types\/post"}],"author":[{"embeddable":true,"href":"https:\/\/www.americanonewspaper.com\/es\/wp-json\/wp\/v2\/users\/7"}],"replies":[{"embeddable":true,"href":"https:\/\/www.americanonewspaper.com\/es\/wp-json\/wp\/v2\/comments?post=25529"}],"version-history":[{"count":1,"href":"https:\/\/www.americanonewspaper.com\/es\/wp-json\/wp\/v2\/posts\/25529\/revisions"}],"predecessor-version":[{"id":25531,"href":"https:\/\/www.americanonewspaper.com\/es\/wp-json\/wp\/v2\/posts\/25529\/revisions\/25531"}],"wp:featuredmedia":[{"embeddable":true,"href":"https:\/\/www.americanonewspaper.com\/es\/wp-json\/wp\/v2\/media\/25530"}],"wp:attachment":[{"href":"https:\/\/www.americanonewspaper.com\/es\/wp-json\/wp\/v2\/media?parent=25529"}],"wp:term":[{"taxonomy":"category","embeddable":true,"href":"https:\/\/www.americanonewspaper.com\/es\/wp-json\/wp\/v2\/categories?post=25529"},{"taxonomy":"post_tag","embeddable":true,"href":"https:\/\/www.americanonewspaper.com\/es\/wp-json\/wp\/v2\/tags?post=25529"}],"curies":[{"name":"wp","href":"https:\/\/api.w.org\/{rel}","templated":true}]}}