{"id":25448,"date":"2025-03-13T12:45:58","date_gmt":"2025-03-13T16:45:58","guid":{"rendered":"https:\/\/www.americanonewspaper.com\/es\/?p=25448"},"modified":"2025-03-13T14:10:27","modified_gmt":"2025-03-13T18:10:27","slug":"mbappe-esta-de-vuelta-el-crack-frances-lidera-la-nueva-lista-de-les-bleus","status":"publish","type":"post","link":"https:\/\/www.americanonewspaper.com\/es\/kyliam-mbappe\/mbappe-esta-de-vuelta-el-crack-frances-lidera-la-nueva-lista-de-les-bleus\/","title":{"rendered":"Mbapp\u00e9 est\u00e1 de vuelta: El crack lidera lista de &#8216;Les Bleus&#8217;"},"content":{"rendered":"\n<p class=\"dropcapp3\">Tras m\u00e1s de medio a\u00f1o de ausencia ligada a su adaptaci\u00f3n a Madrid, Kylian Mbapp\u00e9 regresa a la lista de Didier Deschamps para los dos pr\u00f3ximos partidos de Francia, en los que tambi\u00e9n estar\u00e1 su compa\u00f1ero Aurelien Tchouameni, ausente de la \u00faltima convocatoria por lesi\u00f3n, igual que el parisiense Ousmane Demb\u00e9l\u00e9.<\/p>\n\n\n\n<p>En la convocatoria para afrontar en los cuartos de final de la Liga de las Naciones a Croacia, el 20 y el 23 de marzo pr\u00f3ximos, figura tambi\u00e9n el madridista Eduardo Camavinga y el barcelonista Jules Kound\u00e9, habituales en el equipo del seleccionador galo.<\/p>\n\n\n<div class=\"wp-block-image\">\n<figure class=\"aligncenter size-large is-resized\"><img fetchpriority=\"high\" decoding=\"async\" width=\"800\" height=\"365\" src=\"https:\/\/www.americanonewspaper.com\/es\/wp-content\/uploads\/2025\/03\/Screenshot-2025-02-20-at-9.11.40\u202fAM-1920x877-2-5-800x365.webp\" alt=\"\" class=\"wp-image-25450\" style=\"width:1044px;height:auto\" srcset=\"https:\/\/www.americanonewspaper.com\/es\/wp-content\/uploads\/2025\/03\/Screenshot-2025-02-20-at-9.11.40\u202fAM-1920x877-2-5-800x365.webp 800w, https:\/\/www.americanonewspaper.com\/es\/wp-content\/uploads\/2025\/03\/Screenshot-2025-02-20-at-9.11.40\u202fAM-1920x877-2-5-300x137.webp 300w, https:\/\/www.americanonewspaper.com\/es\/wp-content\/uploads\/2025\/03\/Screenshot-2025-02-20-at-9.11.40\u202fAM-1920x877-2-5-768x351.webp 768w, https:\/\/www.americanonewspaper.com\/es\/wp-content\/uploads\/2025\/03\/Screenshot-2025-02-20-at-9.11.40\u202fAM-1920x877-2-5-1536x702.webp 1536w, https:\/\/www.americanonewspaper.com\/es\/wp-content\/uploads\/2025\/03\/Screenshot-2025-02-20-at-9.11.40\u202fAM-1920x877-2-5-150x69.webp 150w, https:\/\/www.americanonewspaper.com\/es\/wp-content\/uploads\/2025\/03\/Screenshot-2025-02-20-at-9.11.40\u202fAM-1920x877-2-5-696x318.webp 696w, https:\/\/www.americanonewspaper.com\/es\/wp-content\/uploads\/2025\/03\/Screenshot-2025-02-20-at-9.11.40\u202fAM-1920x877-2-5-1068x488.webp 1068w, https:\/\/www.americanonewspaper.com\/es\/wp-content\/uploads\/2025\/03\/Screenshot-2025-02-20-at-9.11.40\u202fAM-1920x877-2-5.webp 1920w\" sizes=\"(max-width: 800px) 100vw, 800px\" \/><\/figure>\n<\/div>\n\n\n<p>Deschamps tambi\u00e9n ha incluido en la lista al joven delantero parisiense Desir\u00e9 Doue, que el seleccionador atribuy\u00f3 una gran calidad demostrada en su club y que podr\u00e1 debutar con la selecci\u00f3n absoluta a sus 19 a\u00f1os.<\/p>\n\n\n\n<p>Mbapp\u00e9 no juega con la selecci\u00f3n francesa desde el 9 de septiembre de 2024 en un partido contra B\u00e9lgica. En la siguiente convocatoria, Deschamps no le incluy\u00f3 coincidiendo con la acusaci\u00f3n de violaci\u00f3n en Suecia, adem\u00e1s de su dif\u00edcil adaptaci\u00f3n al Madrid.<\/p>\n\n\n\n<p>El jugador, que tras un final de la pasada temporada dif\u00edcil con el PSG no hizo una buena Eurocopa, pareci\u00f3 tomar distancias con la selecci\u00f3n.<\/p>\n\n\n<div class=\"wp-block-image\">\n<figure class=\"aligncenter size-large is-resized\"><a href=\"https:\/\/www.nissanofnorthplainfield.com\/?utm_source=gmb&amp;utm_medium=organic&amp;utm_campaign=website-button\"><img decoding=\"async\" width=\"800\" height=\"382\" src=\"https:\/\/www.americanonewspaper.com\/es\/wp-content\/uploads\/2025\/03\/Nissan-copy-1-2-4-800x382.jpg\" alt=\"\" class=\"wp-image-25451\" style=\"width:1032px;height:auto\" srcset=\"https:\/\/www.americanonewspaper.com\/es\/wp-content\/uploads\/2025\/03\/Nissan-copy-1-2-4-800x382.jpg 800w, https:\/\/www.americanonewspaper.com\/es\/wp-content\/uploads\/2025\/03\/Nissan-copy-1-2-4-300x143.jpg 300w, https:\/\/www.americanonewspaper.com\/es\/wp-content\/uploads\/2025\/03\/Nissan-copy-1-2-4-768x367.jpg 768w, https:\/\/www.americanonewspaper.com\/es\/wp-content\/uploads\/2025\/03\/Nissan-copy-1-2-4-150x72.jpg 150w, https:\/\/www.americanonewspaper.com\/es\/wp-content\/uploads\/2025\/03\/Nissan-copy-1-2-4-696x332.jpg 696w, https:\/\/www.americanonewspaper.com\/es\/wp-content\/uploads\/2025\/03\/Nissan-copy-1-2-4-1068x510.jpg 1068w, https:\/\/www.americanonewspaper.com\/es\/wp-content\/uploads\/2025\/03\/Nissan-copy-1-2-4.jpg 1200w\" sizes=\"(max-width: 800px) 100vw, 800px\" \/><\/a><figcaption class=\"wp-element-caption\">Screenshot<\/figcaption><\/figure>\n<\/div>\n\n\n<p>Deschamps, que entonces afirm\u00f3 que quer\u00eda dar un poco de ox\u00edgeno al jugador que se adaptaba a una nueva ciudad y un nuevo club, asegur\u00f3 este jueves que nada ha cambiado de su relaci\u00f3n con el delantero, que volver\u00e1 a llevar el brazalete de capit\u00e1n.<\/p>\n\n\n\n<p>Pero precis\u00f3 que eso no implica que vaya a ser \u00e9l quien acuda a todas las ruedas de prensa de los partidos, como suced\u00eda con su antecesor, el portero Hugo Lloris.<\/p>\n\n\n\n<p>&#8220;Eso exige mucha energ\u00eda y puede generar riesgos en funci\u00f3n de si se abordan asuntos sensibles&#8221;, justific\u00f3 el t\u00e9cnico.<\/p>\n\n\n\n<p>Agreg\u00f3 que considera que Mbapp\u00e9 llega en perfectas condiciones f\u00edsicas, pese a la alerta sobre posibles problemas en un tobillo antes del partido de octavos de final Liga de Campeones contra el Atl\u00e9tico de Madrid. &#8220;En el momento que jug\u00f3 120 minutos, para m\u00ed est\u00e1 en condiciones&#8221;, se\u00f1al\u00f3.<\/p>\n\n\n<div class=\"wp-block-image\">\n<figure class=\"aligncenter size-large is-resized\"><a href=\"https:\/\/www.stnj.org\/events-tickets\/upcoming-events-1?utm_source=americano&amp;utm_medium=webad&amp;utm_campaign=americano_240216_webad1200x550_balletfolkloricowilychirinospanish\"><img decoding=\"async\" width=\"800\" height=\"433\" src=\"https:\/\/www.americanonewspaper.com\/es\/wp-content\/uploads\/2025\/03\/Screenshot-2025-03-05-at-8.48.58\u202fAM-4-1-800x433.png\" alt=\"\" class=\"wp-image-25452\" style=\"width:1018px;height:auto\" srcset=\"https:\/\/www.americanonewspaper.com\/es\/wp-content\/uploads\/2025\/03\/Screenshot-2025-03-05-at-8.48.58\u202fAM-4-1-800x433.png 800w, https:\/\/www.americanonewspaper.com\/es\/wp-content\/uploads\/2025\/03\/Screenshot-2025-03-05-at-8.48.58\u202fAM-4-1-300x163.png 300w, https:\/\/www.americanonewspaper.com\/es\/wp-content\/uploads\/2025\/03\/Screenshot-2025-03-05-at-8.48.58\u202fAM-4-1-768x416.png 768w, https:\/\/www.americanonewspaper.com\/es\/wp-content\/uploads\/2025\/03\/Screenshot-2025-03-05-at-8.48.58\u202fAM-4-1-1536x832.png 1536w, https:\/\/www.americanonewspaper.com\/es\/wp-content\/uploads\/2025\/03\/Screenshot-2025-03-05-at-8.48.58\u202fAM-4-1-150x81.png 150w, https:\/\/www.americanonewspaper.com\/es\/wp-content\/uploads\/2025\/03\/Screenshot-2025-03-05-at-8.48.58\u202fAM-4-1-696x377.png 696w, https:\/\/www.americanonewspaper.com\/es\/wp-content\/uploads\/2025\/03\/Screenshot-2025-03-05-at-8.48.58\u202fAM-4-1-1068x579.png 1068w, https:\/\/www.americanonewspaper.com\/es\/wp-content\/uploads\/2025\/03\/Screenshot-2025-03-05-at-8.48.58\u202fAM-4-1.png 1772w\" sizes=\"(max-width: 800px) 100vw, 800px\" \/><\/a><\/figure>\n<\/div>\n\n\n<p>Deschamps se\u00f1al\u00f3 que no descarta que Demb\u00e9l\u00e9 pueda jugar como delantero centro, una posici\u00f3n que viene ocupando en el PSG de Luis Enrique, lo que permitir\u00eda a Mbapp\u00e9 posicionarse en la banda izquierda, su preferida.<\/p>\n\n\n\n<p>&#8220;Est\u00e1 claro que Ousmane est\u00e1 m\u00e1s cerca de la porter\u00eda y en plena confianza, lo que le da una eficacia muy elevada. Le he dicho que guarde un poco para nosotros&#8221;, brome\u00f3.<\/p>\n\n\n\n<p>&#8220;Pero yo creo que Mbapp\u00e9 es un delantero centro que quiere tener libertad. Nosotros se la damos. En un partido puede haber muchos cambios posicionales, lo importante es buscar la complementariedad para tratar de generar el m\u00e1ximo peligro al adversario&#8221;, agreg\u00f3.<\/p>\n\n\n\n<p>Sobre la inclusi\u00f3n de Dou\u00e9, la gran novedad de la lista, destac\u00f3 &#8220;la progresi\u00f3n que ha tenido en el PSG&#8221; y su car\u00e1cter polivalente, ya que puede jugar en los dos extremos pero tambi\u00e9n en el centro del campo.<\/p>\n\n\n<div class=\"wp-block-image\">\n<figure class=\"aligncenter size-large is-resized\"><a href=\"https:\/\/www.stnj.org\/events-tickets\/upcoming-events-1?utm_source=americano&amp;utm_medium=webad&amp;utm_campaign=americano_240216_webad1200x550_balletfolkloricowilychirinospanish\"><img loading=\"lazy\" decoding=\"async\" width=\"800\" height=\"450\" src=\"https:\/\/www.americanonewspaper.com\/es\/wp-content\/uploads\/2025\/03\/Screenshot-2025-01-27-at-12.53.59\u202fPM-2-800x450.png\" alt=\"\" class=\"wp-image-25453\" style=\"width:1022px;height:auto\" srcset=\"https:\/\/www.americanonewspaper.com\/es\/wp-content\/uploads\/2025\/03\/Screenshot-2025-01-27-at-12.53.59\u202fPM-2-800x450.png 800w, https:\/\/www.americanonewspaper.com\/es\/wp-content\/uploads\/2025\/03\/Screenshot-2025-01-27-at-12.53.59\u202fPM-2-300x169.png 300w, https:\/\/www.americanonewspaper.com\/es\/wp-content\/uploads\/2025\/03\/Screenshot-2025-01-27-at-12.53.59\u202fPM-2-768x432.png 768w, https:\/\/www.americanonewspaper.com\/es\/wp-content\/uploads\/2025\/03\/Screenshot-2025-01-27-at-12.53.59\u202fPM-2-150x84.png 150w, https:\/\/www.americanonewspaper.com\/es\/wp-content\/uploads\/2025\/03\/Screenshot-2025-01-27-at-12.53.59\u202fPM-2-696x391.png 696w, https:\/\/www.americanonewspaper.com\/es\/wp-content\/uploads\/2025\/03\/Screenshot-2025-01-27-at-12.53.59\u202fPM-2-1068x601.png 1068w, https:\/\/www.americanonewspaper.com\/es\/wp-content\/uploads\/2025\/03\/Screenshot-2025-01-27-at-12.53.59\u202fPM-2.png 1234w\" sizes=\"(max-width: 800px) 100vw, 800px\" \/><\/a><\/figure>\n<\/div>\n\n\n<p>&#8211; Lista de Deschamps:<\/p>\n\n\n\n<p>Porteros: Mike Maignan (Milan\/ITA), Lucas Chevalier (Lille\/FRA), Brice Samba (Rennes\/FRA)<\/p>\n\n\n\n<p>Defensas: Jonathan Clauss (Niza\/FRA), Jules Kound\u00e9 (Barcelona\/ESP), William Saliba (Arsenal\/ING), Ibrahima Konat\u00e9 (Liverpool\/ING), Dayot Upamecano (Bayern M\u00fanich\/ALE), Benjamin Pavard (Inter Mil\u00e1n\/ITA), Theo Hernandez (Milan\/ITA), Lucas Digne (Aston Villa\/ING)<\/p>\n\n\n\n<p>Centrocampista: Eduardo Camavinga (Real Madrid\/ESP), Aur\u00e9lien Tchouam\u00e9ni (Real Madrid\/ESP), Matt\u00e9o Guendouzi (Lazio Roma\/ITA), Manu Kon\u00e9 (Roma\/ITA), Adrien Rabiot (Marsella\/FRA), Warren Za\u00efre-Emery (PSG\/FRA)<\/p>\n\n\n\n<p>Delanteros: D\u00e9sir\u00e9 Dou\u00e9 (PSG\/FRA), Bradley Barcola (PSG\/FRA), Ousmane Demb\u00e9l\u00e9 (PSG\/FRA), Kylian Mbapp\u00e9 (Real Madrid\/ESP), Randal Kolo Muani (Juventus Tur\u00edn\/ITA), Michael Olise (Bayern M\u00fanich\/ALE), Marcus Thuram (Inter Mil\u00e1n\/ITA).<\/p>\n\n\n\n<p><\/p>\n","protected":false},"excerpt":{"rendered":"<p>Tras m\u00e1s de medio a\u00f1o de ausencia ligada a su adaptaci\u00f3n a Madrid, Kylian Mbapp\u00e9 regresa a la lista de Didier Deschamps para los dos pr\u00f3ximos partidos de Francia, en los que tambi\u00e9n estar\u00e1 su compa\u00f1ero Aurelien Tchouameni, ausente de la \u00faltima convocatoria por lesi\u00f3n, igual que el parisiense Ousmane Demb\u00e9l\u00e9. En la convocatoria para [&hellip;]<\/p>\n","protected":false},"author":18,"featured_media":25449,"comment_status":"open","ping_status":"open","sticky":false,"template":"","format":"standard","meta":{"_acf_changed":false,"tdm_status":"","tdm_grid_status":"","_jetpack_memberships_contains_paid_content":false,"footnotes":"","jetpack_publicize_message":"","jetpack_publicize_feature_enabled":true,"jetpack_social_post_already_shared":true,"jetpack_social_options":{"image_generator_settings":{"template":"highway","default_image_id":0,"font":"","enabled":false},"version":2},"_wpas_customize_per_network":false},"categories":[607,774,703],"tags":[],"class_list":{"0":"post-25448","1":"post","2":"type-post","3":"status-publish","4":"format-standard","5":"has-post-thumbnail","7":"category-deportes","8":"category-francia","9":"category-kyliam-mbappe"},"acf":[],"yoast_head":"<!-- This site is optimized with the Yoast SEO Premium plugin v27.5 (Yoast SEO v27.5) - https:\/\/yoast.com\/product\/yoast-seo-premium-wordpress\/ -->\n<title>Mbapp\u00e9 est\u00e1 de vuelta: El crack lidera lista de &#039;Les Bleus&#039; - Americano Newspaper<\/title>\n<meta name=\"description\" content=\"Tras m\u00e1s de medio a\u00f1o de ausencia ligada a su adaptaci\u00f3n a Madrid, Kylian Mbapp\u00e9 regresa a la lista de Didier Deschamps para los dos pr\u00f3ximos partidos de Francia, en los que tambi\u00e9n estar\u00e1 su compa\u00f1ero Aurelien Tchouameni, ausente de la \u00faltima convocatoria por lesi\u00f3n, igual que el parisiense Ousmane Demb\u00e9l\u00e9.\" \/>\n<meta name=\"robots\" content=\"index, follow, max-snippet:-1, max-image-preview:large, max-video-preview:-1\" \/>\n<link rel=\"canonical\" href=\"https:\/\/www.americanonewspaper.com\/es\/kyliam-mbappe\/mbappe-esta-de-vuelta-el-crack-frances-lidera-la-nueva-lista-de-les-bleus\/\" \/>\n<meta property=\"og:locale\" content=\"en_US\" \/>\n<meta property=\"og:type\" content=\"article\" \/>\n<meta property=\"og:title\" content=\"Mbapp\u00e9 est\u00e1 de vuelta: El crack lidera lista de &#039;Les Bleus&#039;\" \/>\n<meta property=\"og:description\" content=\"Tras m\u00e1s de medio a\u00f1o de ausencia ligada a su adaptaci\u00f3n a Madrid, Kylian Mbapp\u00e9 regresa a la lista de Didier Deschamps para los dos pr\u00f3ximos partidos de Francia, en los que tambi\u00e9n estar\u00e1 su compa\u00f1ero Aurelien Tchouameni, ausente de la \u00faltima convocatoria por lesi\u00f3n, igual que el parisiense Ousmane Demb\u00e9l\u00e9.\" \/>\n<meta property=\"og:url\" content=\"https:\/\/www.americanonewspaper.com\/es\/kyliam-mbappe\/mbappe-esta-de-vuelta-el-crack-frances-lidera-la-nueva-lista-de-les-bleus\/\" \/>\n<meta property=\"og:site_name\" content=\"Americano Newspaper\" \/>\n<meta property=\"article:publisher\" content=\"https:\/\/www.facebook.com\/AmericanoNewspaper\/\" \/>\n<meta property=\"article:published_time\" content=\"2025-03-13T16:45:58+00:00\" \/>\n<meta property=\"article:modified_time\" content=\"2025-03-13T18:10:27+00:00\" \/>\n<meta property=\"og:image\" content=\"https:\/\/www.americanonewspaper.com\/es\/wp-content\/uploads\/2025\/03\/Anadir-un-subtitulo-1.png\" \/>\n\t<meta property=\"og:image:width\" content=\"940\" \/>\n\t<meta property=\"og:image:height\" content=\"788\" \/>\n\t<meta property=\"og:image:type\" content=\"image\/png\" \/>\n<meta name=\"author\" content=\"Victoria Deus\" \/>\n<meta name=\"twitter:card\" content=\"summary_large_image\" \/>\n<meta name=\"twitter:label1\" content=\"Written by\" \/>\n\t<meta name=\"twitter:data1\" content=\"Victoria Deus\" \/>\n\t<meta name=\"twitter:label2\" content=\"Est. reading time\" \/>\n\t<meta name=\"twitter:data2\" content=\"4 minutes\" \/>\n<script type=\"application\/ld+json\" class=\"yoast-schema-graph\">{\"@context\":\"https:\\\/\\\/schema.org\",\"@graph\":[{\"@type\":\"Article\",\"@id\":\"https:\\\/\\\/www.americanonewspaper.com\\\/es\\\/kyliam-mbappe\\\/mbappe-esta-de-vuelta-el-crack-frances-lidera-la-nueva-lista-de-les-bleus\\\/#article\",\"isPartOf\":{\"@id\":\"https:\\\/\\\/www.americanonewspaper.com\\\/es\\\/kyliam-mbappe\\\/mbappe-esta-de-vuelta-el-crack-frances-lidera-la-nueva-lista-de-les-bleus\\\/\"},\"author\":{\"name\":\"Victoria Deus\",\"@id\":\"https:\\\/\\\/www.americanonewspaper.com\\\/es\\\/#\\\/schema\\\/person\\\/875497672032163af362240e09375960\"},\"headline\":\"Mbapp\u00e9 est\u00e1 de vuelta: El crack lidera lista de &#8216;Les Bleus&#8217;\",\"datePublished\":\"2025-03-13T16:45:58+00:00\",\"dateModified\":\"2025-03-13T18:10:27+00:00\",\"mainEntityOfPage\":{\"@id\":\"https:\\\/\\\/www.americanonewspaper.com\\\/es\\\/kyliam-mbappe\\\/mbappe-esta-de-vuelta-el-crack-frances-lidera-la-nueva-lista-de-les-bleus\\\/\"},\"wordCount\":664,\"commentCount\":0,\"publisher\":{\"@id\":\"https:\\\/\\\/www.americanonewspaper.com\\\/es\\\/#organization\"},\"image\":{\"@id\":\"https:\\\/\\\/www.americanonewspaper.com\\\/es\\\/kyliam-mbappe\\\/mbappe-esta-de-vuelta-el-crack-frances-lidera-la-nueva-lista-de-les-bleus\\\/#primaryimage\"},\"thumbnailUrl\":\"https:\\\/\\\/www.americanonewspaper.com\\\/es\\\/wp-content\\\/uploads\\\/2025\\\/03\\\/Anadir-un-subtitulo-1.png\",\"articleSection\":[\"Deportes\",\"Francia\",\"Kyliam Mbapp\u00e9\"],\"inLanguage\":\"en-US\",\"potentialAction\":[{\"@type\":\"CommentAction\",\"name\":\"Comment\",\"target\":[\"https:\\\/\\\/www.americanonewspaper.com\\\/es\\\/kyliam-mbappe\\\/mbappe-esta-de-vuelta-el-crack-frances-lidera-la-nueva-lista-de-les-bleus\\\/#respond\"]}]},{\"@type\":\"WebPage\",\"@id\":\"https:\\\/\\\/www.americanonewspaper.com\\\/es\\\/kyliam-mbappe\\\/mbappe-esta-de-vuelta-el-crack-frances-lidera-la-nueva-lista-de-les-bleus\\\/\",\"url\":\"https:\\\/\\\/www.americanonewspaper.com\\\/es\\\/kyliam-mbappe\\\/mbappe-esta-de-vuelta-el-crack-frances-lidera-la-nueva-lista-de-les-bleus\\\/\",\"name\":\"Mbapp\u00e9 est\u00e1 de vuelta: El crack lidera lista de 'Les Bleus' - Americano Newspaper\",\"isPartOf\":{\"@id\":\"https:\\\/\\\/www.americanonewspaper.com\\\/es\\\/#website\"},\"primaryImageOfPage\":{\"@id\":\"https:\\\/\\\/www.americanonewspaper.com\\\/es\\\/kyliam-mbappe\\\/mbappe-esta-de-vuelta-el-crack-frances-lidera-la-nueva-lista-de-les-bleus\\\/#primaryimage\"},\"image\":{\"@id\":\"https:\\\/\\\/www.americanonewspaper.com\\\/es\\\/kyliam-mbappe\\\/mbappe-esta-de-vuelta-el-crack-frances-lidera-la-nueva-lista-de-les-bleus\\\/#primaryimage\"},\"thumbnailUrl\":\"https:\\\/\\\/www.americanonewspaper.com\\\/es\\\/wp-content\\\/uploads\\\/2025\\\/03\\\/Anadir-un-subtitulo-1.png\",\"datePublished\":\"2025-03-13T16:45:58+00:00\",\"dateModified\":\"2025-03-13T18:10:27+00:00\",\"description\":\"Tras m\u00e1s de medio a\u00f1o de ausencia ligada a su adaptaci\u00f3n a Madrid, Kylian Mbapp\u00e9 regresa a la lista de Didier Deschamps para los dos pr\u00f3ximos partidos de Francia, en los que tambi\u00e9n estar\u00e1 su compa\u00f1ero Aurelien Tchouameni, ausente de la \u00faltima convocatoria por lesi\u00f3n, igual que el parisiense Ousmane Demb\u00e9l\u00e9.\",\"breadcrumb\":{\"@id\":\"https:\\\/\\\/www.americanonewspaper.com\\\/es\\\/kyliam-mbappe\\\/mbappe-esta-de-vuelta-el-crack-frances-lidera-la-nueva-lista-de-les-bleus\\\/#breadcrumb\"},\"inLanguage\":\"en-US\",\"potentialAction\":[{\"@type\":\"ReadAction\",\"target\":[\"https:\\\/\\\/www.americanonewspaper.com\\\/es\\\/kyliam-mbappe\\\/mbappe-esta-de-vuelta-el-crack-frances-lidera-la-nueva-lista-de-les-bleus\\\/\"]}]},{\"@type\":\"ImageObject\",\"inLanguage\":\"en-US\",\"@id\":\"https:\\\/\\\/www.americanonewspaper.com\\\/es\\\/kyliam-mbappe\\\/mbappe-esta-de-vuelta-el-crack-frances-lidera-la-nueva-lista-de-les-bleus\\\/#primaryimage\",\"url\":\"https:\\\/\\\/www.americanonewspaper.com\\\/es\\\/wp-content\\\/uploads\\\/2025\\\/03\\\/Anadir-un-subtitulo-1.png\",\"contentUrl\":\"https:\\\/\\\/www.americanonewspaper.com\\\/es\\\/wp-content\\\/uploads\\\/2025\\\/03\\\/Anadir-un-subtitulo-1.png\",\"width\":940,\"height\":788,\"caption\":\"Regreso de lujo: Mbapp\u00e9 y Demb\u00e9l\u00e9 refuerzan a Francia.\"},{\"@type\":\"BreadcrumbList\",\"@id\":\"https:\\\/\\\/www.americanonewspaper.com\\\/es\\\/kyliam-mbappe\\\/mbappe-esta-de-vuelta-el-crack-frances-lidera-la-nueva-lista-de-les-bleus\\\/#breadcrumb\",\"itemListElement\":[{\"@type\":\"ListItem\",\"position\":1,\"name\":\"Home\",\"item\":\"https:\\\/\\\/www.americanonewspaper.com\\\/es\\\/\"},{\"@type\":\"ListItem\",\"position\":2,\"name\":\"Mbapp\u00e9 est\u00e1 de vuelta: El crack lidera lista de &#8216;Les Bleus&#8217;\"}]},{\"@type\":\"WebSite\",\"@id\":\"https:\\\/\\\/www.americanonewspaper.com\\\/es\\\/#website\",\"url\":\"https:\\\/\\\/www.americanonewspaper.com\\\/es\\\/\",\"name\":\"Americano Newspaper\",\"description\":\"The Hispanic Newspaper of New Jersey.\",\"publisher\":{\"@id\":\"https:\\\/\\\/www.americanonewspaper.com\\\/es\\\/#organization\"},\"potentialAction\":[{\"@type\":\"SearchAction\",\"target\":{\"@type\":\"EntryPoint\",\"urlTemplate\":\"https:\\\/\\\/www.americanonewspaper.com\\\/es\\\/?s={search_term_string}\"},\"query-input\":{\"@type\":\"PropertyValueSpecification\",\"valueRequired\":true,\"valueName\":\"search_term_string\"}}],\"inLanguage\":\"en-US\"},{\"@type\":\"Organization\",\"@id\":\"https:\\\/\\\/www.americanonewspaper.com\\\/es\\\/#organization\",\"name\":\"Americano Newspaper\",\"url\":\"https:\\\/\\\/www.americanonewspaper.com\\\/es\\\/\",\"logo\":{\"@type\":\"ImageObject\",\"inLanguage\":\"en-US\",\"@id\":\"https:\\\/\\\/www.americanonewspaper.com\\\/es\\\/#\\\/schema\\\/logo\\\/image\\\/\",\"url\":\"https:\\\/\\\/www.americanonewspaper.com\\\/es\\\/wp-content\\\/uploads\\\/2024\\\/05\\\/AmericanoLogoCircle.comCircle2.jpg\",\"contentUrl\":\"https:\\\/\\\/www.americanonewspaper.com\\\/es\\\/wp-content\\\/uploads\\\/2024\\\/05\\\/AmericanoLogoCircle.comCircle2.jpg\",\"width\":600,\"height\":600,\"caption\":\"Americano Newspaper\"},\"image\":{\"@id\":\"https:\\\/\\\/www.americanonewspaper.com\\\/es\\\/#\\\/schema\\\/logo\\\/image\\\/\"},\"sameAs\":[\"https:\\\/\\\/www.facebook.com\\\/AmericanoNewspaper\\\/\"]},{\"@type\":\"Person\",\"@id\":\"https:\\\/\\\/www.americanonewspaper.com\\\/es\\\/#\\\/schema\\\/person\\\/875497672032163af362240e09375960\",\"name\":\"Victoria Deus\",\"image\":{\"@type\":\"ImageObject\",\"inLanguage\":\"en-US\",\"@id\":\"https:\\\/\\\/www.americanonewspaper.com\\\/es\\\/wp-content\\\/litespeed\\\/avatar\\\/87ebc08dcb2dba9e584c4557748a9de2.jpg?ver=1777428042\",\"url\":\"https:\\\/\\\/www.americanonewspaper.com\\\/es\\\/wp-content\\\/litespeed\\\/avatar\\\/87ebc08dcb2dba9e584c4557748a9de2.jpg?ver=1777428042\",\"contentUrl\":\"https:\\\/\\\/www.americanonewspaper.com\\\/es\\\/wp-content\\\/litespeed\\\/avatar\\\/87ebc08dcb2dba9e584c4557748a9de2.jpg?ver=1777428042\",\"caption\":\"Victoria Deus\"},\"sameAs\":[\"http:\\\/\\\/www.americanonewspaper.com\"],\"url\":\"https:\\\/\\\/www.americanonewspaper.com\\\/es\\\/author\\\/victoria\\\/\"}]}<\/script>\n<!-- \/ Yoast SEO Premium plugin. -->","yoast_head_json":{"title":"Mbapp\u00e9 est\u00e1 de vuelta: El crack lidera lista de 'Les Bleus' - Americano Newspaper","description":"Tras m\u00e1s de medio a\u00f1o de ausencia ligada a su adaptaci\u00f3n a Madrid, Kylian Mbapp\u00e9 regresa a la lista de Didier Deschamps para los dos pr\u00f3ximos partidos de Francia, en los que tambi\u00e9n estar\u00e1 su compa\u00f1ero Aurelien Tchouameni, ausente de la \u00faltima convocatoria por lesi\u00f3n, igual que el parisiense Ousmane Demb\u00e9l\u00e9.","robots":{"index":"index","follow":"follow","max-snippet":"max-snippet:-1","max-image-preview":"max-image-preview:large","max-video-preview":"max-video-preview:-1"},"canonical":"https:\/\/www.americanonewspaper.com\/es\/kyliam-mbappe\/mbappe-esta-de-vuelta-el-crack-frances-lidera-la-nueva-lista-de-les-bleus\/","og_locale":"en_US","og_type":"article","og_title":"Mbapp\u00e9 est\u00e1 de vuelta: El crack lidera lista de 'Les Bleus'","og_description":"Tras m\u00e1s de medio a\u00f1o de ausencia ligada a su adaptaci\u00f3n a Madrid, Kylian Mbapp\u00e9 regresa a la lista de Didier Deschamps para los dos pr\u00f3ximos partidos de Francia, en los que tambi\u00e9n estar\u00e1 su compa\u00f1ero Aurelien Tchouameni, ausente de la \u00faltima convocatoria por lesi\u00f3n, igual que el parisiense Ousmane Demb\u00e9l\u00e9.","og_url":"https:\/\/www.americanonewspaper.com\/es\/kyliam-mbappe\/mbappe-esta-de-vuelta-el-crack-frances-lidera-la-nueva-lista-de-les-bleus\/","og_site_name":"Americano Newspaper","article_publisher":"https:\/\/www.facebook.com\/AmericanoNewspaper\/","article_published_time":"2025-03-13T16:45:58+00:00","article_modified_time":"2025-03-13T18:10:27+00:00","og_image":[{"width":940,"height":788,"url":"https:\/\/www.americanonewspaper.com\/es\/wp-content\/uploads\/2025\/03\/Anadir-un-subtitulo-1.png","type":"image\/png"}],"author":"Victoria Deus","twitter_card":"summary_large_image","twitter_misc":{"Written by":"Victoria Deus","Est. reading time":"4 minutes"},"schema":{"@context":"https:\/\/schema.org","@graph":[{"@type":"Article","@id":"https:\/\/www.americanonewspaper.com\/es\/kyliam-mbappe\/mbappe-esta-de-vuelta-el-crack-frances-lidera-la-nueva-lista-de-les-bleus\/#article","isPartOf":{"@id":"https:\/\/www.americanonewspaper.com\/es\/kyliam-mbappe\/mbappe-esta-de-vuelta-el-crack-frances-lidera-la-nueva-lista-de-les-bleus\/"},"author":{"name":"Victoria Deus","@id":"https:\/\/www.americanonewspaper.com\/es\/#\/schema\/person\/875497672032163af362240e09375960"},"headline":"Mbapp\u00e9 est\u00e1 de vuelta: El crack lidera lista de &#8216;Les Bleus&#8217;","datePublished":"2025-03-13T16:45:58+00:00","dateModified":"2025-03-13T18:10:27+00:00","mainEntityOfPage":{"@id":"https:\/\/www.americanonewspaper.com\/es\/kyliam-mbappe\/mbappe-esta-de-vuelta-el-crack-frances-lidera-la-nueva-lista-de-les-bleus\/"},"wordCount":664,"commentCount":0,"publisher":{"@id":"https:\/\/www.americanonewspaper.com\/es\/#organization"},"image":{"@id":"https:\/\/www.americanonewspaper.com\/es\/kyliam-mbappe\/mbappe-esta-de-vuelta-el-crack-frances-lidera-la-nueva-lista-de-les-bleus\/#primaryimage"},"thumbnailUrl":"https:\/\/www.americanonewspaper.com\/es\/wp-content\/uploads\/2025\/03\/Anadir-un-subtitulo-1.png","articleSection":["Deportes","Francia","Kyliam Mbapp\u00e9"],"inLanguage":"en-US","potentialAction":[{"@type":"CommentAction","name":"Comment","target":["https:\/\/www.americanonewspaper.com\/es\/kyliam-mbappe\/mbappe-esta-de-vuelta-el-crack-frances-lidera-la-nueva-lista-de-les-bleus\/#respond"]}]},{"@type":"WebPage","@id":"https:\/\/www.americanonewspaper.com\/es\/kyliam-mbappe\/mbappe-esta-de-vuelta-el-crack-frances-lidera-la-nueva-lista-de-les-bleus\/","url":"https:\/\/www.americanonewspaper.com\/es\/kyliam-mbappe\/mbappe-esta-de-vuelta-el-crack-frances-lidera-la-nueva-lista-de-les-bleus\/","name":"Mbapp\u00e9 est\u00e1 de vuelta: El crack lidera lista de 'Les Bleus' - Americano Newspaper","isPartOf":{"@id":"https:\/\/www.americanonewspaper.com\/es\/#website"},"primaryImageOfPage":{"@id":"https:\/\/www.americanonewspaper.com\/es\/kyliam-mbappe\/mbappe-esta-de-vuelta-el-crack-frances-lidera-la-nueva-lista-de-les-bleus\/#primaryimage"},"image":{"@id":"https:\/\/www.americanonewspaper.com\/es\/kyliam-mbappe\/mbappe-esta-de-vuelta-el-crack-frances-lidera-la-nueva-lista-de-les-bleus\/#primaryimage"},"thumbnailUrl":"https:\/\/www.americanonewspaper.com\/es\/wp-content\/uploads\/2025\/03\/Anadir-un-subtitulo-1.png","datePublished":"2025-03-13T16:45:58+00:00","dateModified":"2025-03-13T18:10:27+00:00","description":"Tras m\u00e1s de medio a\u00f1o de ausencia ligada a su adaptaci\u00f3n a Madrid, Kylian Mbapp\u00e9 regresa a la lista de Didier Deschamps para los dos pr\u00f3ximos partidos de Francia, en los que tambi\u00e9n estar\u00e1 su compa\u00f1ero Aurelien Tchouameni, ausente de la \u00faltima convocatoria por lesi\u00f3n, igual que el parisiense Ousmane Demb\u00e9l\u00e9.","breadcrumb":{"@id":"https:\/\/www.americanonewspaper.com\/es\/kyliam-mbappe\/mbappe-esta-de-vuelta-el-crack-frances-lidera-la-nueva-lista-de-les-bleus\/#breadcrumb"},"inLanguage":"en-US","potentialAction":[{"@type":"ReadAction","target":["https:\/\/www.americanonewspaper.com\/es\/kyliam-mbappe\/mbappe-esta-de-vuelta-el-crack-frances-lidera-la-nueva-lista-de-les-bleus\/"]}]},{"@type":"ImageObject","inLanguage":"en-US","@id":"https:\/\/www.americanonewspaper.com\/es\/kyliam-mbappe\/mbappe-esta-de-vuelta-el-crack-frances-lidera-la-nueva-lista-de-les-bleus\/#primaryimage","url":"https:\/\/www.americanonewspaper.com\/es\/wp-content\/uploads\/2025\/03\/Anadir-un-subtitulo-1.png","contentUrl":"https:\/\/www.americanonewspaper.com\/es\/wp-content\/uploads\/2025\/03\/Anadir-un-subtitulo-1.png","width":940,"height":788,"caption":"Regreso de lujo: Mbapp\u00e9 y Demb\u00e9l\u00e9 refuerzan a Francia."},{"@type":"BreadcrumbList","@id":"https:\/\/www.americanonewspaper.com\/es\/kyliam-mbappe\/mbappe-esta-de-vuelta-el-crack-frances-lidera-la-nueva-lista-de-les-bleus\/#breadcrumb","itemListElement":[{"@type":"ListItem","position":1,"name":"Home","item":"https:\/\/www.americanonewspaper.com\/es\/"},{"@type":"ListItem","position":2,"name":"Mbapp\u00e9 est\u00e1 de vuelta: El crack lidera lista de &#8216;Les Bleus&#8217;"}]},{"@type":"WebSite","@id":"https:\/\/www.americanonewspaper.com\/es\/#website","url":"https:\/\/www.americanonewspaper.com\/es\/","name":"Americano Newspaper","description":"The Hispanic Newspaper of New Jersey.","publisher":{"@id":"https:\/\/www.americanonewspaper.com\/es\/#organization"},"potentialAction":[{"@type":"SearchAction","target":{"@type":"EntryPoint","urlTemplate":"https:\/\/www.americanonewspaper.com\/es\/?s={search_term_string}"},"query-input":{"@type":"PropertyValueSpecification","valueRequired":true,"valueName":"search_term_string"}}],"inLanguage":"en-US"},{"@type":"Organization","@id":"https:\/\/www.americanonewspaper.com\/es\/#organization","name":"Americano Newspaper","url":"https:\/\/www.americanonewspaper.com\/es\/","logo":{"@type":"ImageObject","inLanguage":"en-US","@id":"https:\/\/www.americanonewspaper.com\/es\/#\/schema\/logo\/image\/","url":"https:\/\/www.americanonewspaper.com\/es\/wp-content\/uploads\/2024\/05\/AmericanoLogoCircle.comCircle2.jpg","contentUrl":"https:\/\/www.americanonewspaper.com\/es\/wp-content\/uploads\/2024\/05\/AmericanoLogoCircle.comCircle2.jpg","width":600,"height":600,"caption":"Americano Newspaper"},"image":{"@id":"https:\/\/www.americanonewspaper.com\/es\/#\/schema\/logo\/image\/"},"sameAs":["https:\/\/www.facebook.com\/AmericanoNewspaper\/"]},{"@type":"Person","@id":"https:\/\/www.americanonewspaper.com\/es\/#\/schema\/person\/875497672032163af362240e09375960","name":"Victoria Deus","image":{"@type":"ImageObject","inLanguage":"en-US","@id":"https:\/\/www.americanonewspaper.com\/es\/wp-content\/litespeed\/avatar\/87ebc08dcb2dba9e584c4557748a9de2.jpg?ver=1777428042","url":"https:\/\/www.americanonewspaper.com\/es\/wp-content\/litespeed\/avatar\/87ebc08dcb2dba9e584c4557748a9de2.jpg?ver=1777428042","contentUrl":"https:\/\/www.americanonewspaper.com\/es\/wp-content\/litespeed\/avatar\/87ebc08dcb2dba9e584c4557748a9de2.jpg?ver=1777428042","caption":"Victoria Deus"},"sameAs":["http:\/\/www.americanonewspaper.com"],"url":"https:\/\/www.americanonewspaper.com\/es\/author\/victoria\/"}]}},"jetpack_publicize_connections":[],"jetpack_featured_media_url":"https:\/\/www.americanonewspaper.com\/es\/wp-content\/uploads\/2025\/03\/Anadir-un-subtitulo-1.png","featured_image_urls":{"full":["https:\/\/www.americanonewspaper.com\/es\/wp-content\/uploads\/2025\/03\/Anadir-un-subtitulo-1.png",940,788,false],"thumbnail":["https:\/\/www.americanonewspaper.com\/es\/wp-content\/uploads\/2025\/03\/Anadir-un-subtitulo-1-250x250.png",250,250,true],"medium":["https:\/\/www.americanonewspaper.com\/es\/wp-content\/uploads\/2025\/03\/Anadir-un-subtitulo-1-300x251.png",300,251,true],"medium_large":["https:\/\/www.americanonewspaper.com\/es\/wp-content\/uploads\/2025\/03\/Anadir-un-subtitulo-1-768x644.png",696,584,true],"large":["https:\/\/www.americanonewspaper.com\/es\/wp-content\/uploads\/2025\/03\/Anadir-un-subtitulo-1-596x500.png",596,500,true],"1536x1536":["https:\/\/www.americanonewspaper.com\/es\/wp-content\/uploads\/2025\/03\/Anadir-un-subtitulo-1.png",940,788,false],"2048x2048":["https:\/\/www.americanonewspaper.com\/es\/wp-content\/uploads\/2025\/03\/Anadir-un-subtitulo-1.png",940,788,false],"td_150x0":["https:\/\/www.americanonewspaper.com\/es\/wp-content\/uploads\/2025\/03\/Anadir-un-subtitulo-1-150x126.png",150,126,true],"td_218x150":["https:\/\/www.americanonewspaper.com\/es\/wp-content\/uploads\/2025\/03\/Anadir-un-subtitulo-1-218x150.png",218,150,true],"td_300x0":["https:\/\/www.americanonewspaper.com\/es\/wp-content\/uploads\/2025\/03\/Anadir-un-subtitulo-1-300x251.png",300,251,true],"td_324x400":["https:\/\/www.americanonewspaper.com\/es\/wp-content\/uploads\/2025\/03\/Anadir-un-subtitulo-1-324x400.png",324,400,true],"td_485x360":["https:\/\/www.americanonewspaper.com\/es\/wp-content\/uploads\/2025\/03\/Anadir-un-subtitulo-1-485x360.png",485,360,true],"td_696x0":["https:\/\/www.americanonewspaper.com\/es\/wp-content\/uploads\/2025\/03\/Anadir-un-subtitulo-1-696x583.png",696,583,true],"td_1068x0":["https:\/\/www.americanonewspaper.com\/es\/wp-content\/uploads\/2025\/03\/Anadir-un-subtitulo-1.png",940,788,false],"td_1920x0":["https:\/\/www.americanonewspaper.com\/es\/wp-content\/uploads\/2025\/03\/Anadir-un-subtitulo-1.png",940,788,false],"bdpp-medium":["https:\/\/www.americanonewspaper.com\/es\/wp-content\/uploads\/2025\/03\/Anadir-un-subtitulo-1-640x480.png",640,480,true]},"author_info":{"display_name":"Victoria Deus","author_link":"https:\/\/www.americanonewspaper.com\/es\/author\/victoria\/"},"category_info":"<a href=\"https:\/\/www.americanonewspaper.com\/es\/category\/deportes\/\" rel=\"category tag\">Deportes<\/a> <a href=\"https:\/\/www.americanonewspaper.com\/es\/category\/francia\/\" rel=\"category tag\">Francia<\/a> <a href=\"https:\/\/www.americanonewspaper.com\/es\/category\/kyliam-mbappe\/\" rel=\"category tag\">Kyliam Mbapp\u00e9<\/a>","tag_info":"Kyliam Mbapp\u00e9","comment_count":"0","jetpack_sharing_enabled":true,"jetpack_likes_enabled":true,"_links":{"self":[{"href":"https:\/\/www.americanonewspaper.com\/es\/wp-json\/wp\/v2\/posts\/25448","targetHints":{"allow":["GET"]}}],"collection":[{"href":"https:\/\/www.americanonewspaper.com\/es\/wp-json\/wp\/v2\/posts"}],"about":[{"href":"https:\/\/www.americanonewspaper.com\/es\/wp-json\/wp\/v2\/types\/post"}],"author":[{"embeddable":true,"href":"https:\/\/www.americanonewspaper.com\/es\/wp-json\/wp\/v2\/users\/18"}],"replies":[{"embeddable":true,"href":"https:\/\/www.americanonewspaper.com\/es\/wp-json\/wp\/v2\/comments?post=25448"}],"version-history":[{"count":2,"href":"https:\/\/www.americanonewspaper.com\/es\/wp-json\/wp\/v2\/posts\/25448\/revisions"}],"predecessor-version":[{"id":25456,"href":"https:\/\/www.americanonewspaper.com\/es\/wp-json\/wp\/v2\/posts\/25448\/revisions\/25456"}],"wp:featuredmedia":[{"embeddable":true,"href":"https:\/\/www.americanonewspaper.com\/es\/wp-json\/wp\/v2\/media\/25449"}],"wp:attachment":[{"href":"https:\/\/www.americanonewspaper.com\/es\/wp-json\/wp\/v2\/media?parent=25448"}],"wp:term":[{"taxonomy":"category","embeddable":true,"href":"https:\/\/www.americanonewspaper.com\/es\/wp-json\/wp\/v2\/categories?post=25448"},{"taxonomy":"post_tag","embeddable":true,"href":"https:\/\/www.americanonewspaper.com\/es\/wp-json\/wp\/v2\/tags?post=25448"}],"curies":[{"name":"wp","href":"https:\/\/api.w.org\/{rel}","templated":true}]}}