{"id":25378,"date":"2025-03-09T17:14:38","date_gmt":"2025-03-09T21:14:38","guid":{"rendered":"https:\/\/www.americanonewspaper.com\/es\/?p=25378"},"modified":"2025-03-09T17:21:50","modified_gmt":"2025-03-09T21:21:50","slug":"real-madrid-sobre-rayo-vallecano-2-1-en-vilo","status":"publish","type":"post","link":"https:\/\/www.americanonewspaper.com\/es\/fifa\/real-madrid-sobre-rayo-vallecano-2-1-en-vilo\/","title":{"rendered":"Real Madrid sobre Rayo Vallecano (2-1) en vilo!"},"content":{"rendered":"\n<p class=\"wp-block-paragraph\">Madrid, 9 mar (EFE).- Por \u00d3scar Maya Belch\u00ed<\/p>\n\n\n\n<p class=\"dropcapp3 wp-block-paragraph\">El Real Madrid se impuso al Rayo Vallecano (2-1) en un partido en el que vivi\u00f3 en el alambre, escuch\u00f3 silbidos por parte de su afici\u00f3n en la segunda mitad por el nulo control del mismo y en el que Kylian Mbapp\u00e9 y Vin\u00edcius Junior aparecieron para solventar el derbi antes del que disputar\u00e1n el mi\u00e9rcoles en el Metropolitano en \u2018Champions\u2019 ante un Atl\u00e9tico de Madrid al que, tras caer estos en Getafe (2-1), arrebataron el segundo puesto en Liga.<\/p>\n\n\n\n<figure class=\"wp-block-image size-large is-resized\"><img fetchpriority=\"high\" decoding=\"async\" width=\"800\" height=\"365\" src=\"https:\/\/www.americanonewspaper.com\/es\/wp-content\/uploads\/2025\/03\/Screenshot-2025-02-20-at-9.11.40\u202fAM-1920x877-2-2-800x365.webp\" alt=\"\" class=\"wp-image-25324\" style=\"width:1068px;height:auto\" srcset=\"https:\/\/www.americanonewspaper.com\/es\/wp-content\/uploads\/2025\/03\/Screenshot-2025-02-20-at-9.11.40\u202fAM-1920x877-2-2-800x365.webp 800w, https:\/\/www.americanonewspaper.com\/es\/wp-content\/uploads\/2025\/03\/Screenshot-2025-02-20-at-9.11.40\u202fAM-1920x877-2-2-300x137.webp 300w, https:\/\/www.americanonewspaper.com\/es\/wp-content\/uploads\/2025\/03\/Screenshot-2025-02-20-at-9.11.40\u202fAM-1920x877-2-2-768x351.webp 768w, https:\/\/www.americanonewspaper.com\/es\/wp-content\/uploads\/2025\/03\/Screenshot-2025-02-20-at-9.11.40\u202fAM-1920x877-2-2-1536x702.webp 1536w, https:\/\/www.americanonewspaper.com\/es\/wp-content\/uploads\/2025\/03\/Screenshot-2025-02-20-at-9.11.40\u202fAM-1920x877-2-2-150x69.webp 150w, https:\/\/www.americanonewspaper.com\/es\/wp-content\/uploads\/2025\/03\/Screenshot-2025-02-20-at-9.11.40\u202fAM-1920x877-2-2-696x318.webp 696w, https:\/\/www.americanonewspaper.com\/es\/wp-content\/uploads\/2025\/03\/Screenshot-2025-02-20-at-9.11.40\u202fAM-1920x877-2-2-1068x488.webp 1068w, https:\/\/www.americanonewspaper.com\/es\/wp-content\/uploads\/2025\/03\/Screenshot-2025-02-20-at-9.11.40\u202fAM-1920x877-2-2.webp 1920w\" sizes=\"(max-width: 800px) 100vw, 800px\" \/><\/figure>\n\n\n\n<p class=\"wp-block-paragraph\">Dos fogonazos de sus grandes estrellas ofensivas le dieron una ventaja enga\u00f1osa al Real Madrid. Dos goles en cuatro minutos, de Mbapp\u00e9 y Vin\u00edcius, proporcionaron tranquilidad a un conjunto blanco que, sin embargo, se mostr\u00f3 endeble en defensa.<\/p>\n\n\n\n<p class=\"wp-block-paragraph\">Sin R\u00fcdiger ni Courtois, por una gripe y descanso, respectivamente, y con Fran Garc\u00eda y Lucas V\u00e1zquez en los laterales, la defensa del Real Madrid no estuvo firme sobre el c\u00e9sped del Santiago Bernab\u00e9u. Desde el inicio, con Asencio cediendo el bal\u00f3n a su guardameta con excesiva fuerza y sin contundencia de la zaga en los despejes.<\/p>\n\n\n\n<figure class=\"wp-block-image size-large is-resized\"><a href=\"https:\/\/nissanofnorthplainfield.com\/?utm_source=gmb&amp;utm_medium=organic&amp;utm_campaign=website-button\" target=\"_blank\" rel=\" noreferrer noopener\"><img decoding=\"async\" width=\"800\" height=\"382\" src=\"https:\/\/www.americanonewspaper.com\/es\/wp-content\/uploads\/2025\/03\/Nissan-copy-1-2-1-800x382.jpg\" alt=\"Descuento\" class=\"wp-image-25325\" style=\"width:1068px;height:auto\" srcset=\"https:\/\/www.americanonewspaper.com\/es\/wp-content\/uploads\/2025\/03\/Nissan-copy-1-2-1-800x382.jpg 800w, https:\/\/www.americanonewspaper.com\/es\/wp-content\/uploads\/2025\/03\/Nissan-copy-1-2-1-300x143.jpg 300w, https:\/\/www.americanonewspaper.com\/es\/wp-content\/uploads\/2025\/03\/Nissan-copy-1-2-1-768x367.jpg 768w, https:\/\/www.americanonewspaper.com\/es\/wp-content\/uploads\/2025\/03\/Nissan-copy-1-2-1-150x72.jpg 150w, https:\/\/www.americanonewspaper.com\/es\/wp-content\/uploads\/2025\/03\/Nissan-copy-1-2-1-696x332.jpg 696w, https:\/\/www.americanonewspaper.com\/es\/wp-content\/uploads\/2025\/03\/Nissan-copy-1-2-1-1068x510.jpg 1068w, https:\/\/www.americanonewspaper.com\/es\/wp-content\/uploads\/2025\/03\/Nissan-copy-1-2-1.jpg 1200w\" sizes=\"(max-width: 800px) 100vw, 800px\" \/><\/a><figcaption class=\"wp-element-caption\">Descuento<\/figcaption><\/figure>\n\n\n\n<p class=\"wp-block-paragraph\">El Rayo Vallecano creci\u00f3 en el partido haciendo da\u00f1o ocupando bien los espacios en la frontal del \u00e1rea, as\u00ed acab\u00f3 llegando su primer tanto, pero ya con dos goles de ventaja para los locales.<\/p>\n\n\n\n<p class=\"wp-block-paragraph\">En el plan m\u00e1s simple posible en el que Mbapp\u00e9 hace da\u00f1o: d\u00e1ndole un bal\u00f3n al espacio cuando arranca el desmarque, el franc\u00e9s hizo el 1-0 aprovechando un primer rechace de Lejeune. Kylian celebr\u00f3 el tanto con rabia despu\u00e9s de d\u00edas en los que sus pobres actuaciones ante Real Betis y Atl\u00e9tico de Madrid provocaron dudas en torno a su figura<\/p>\n\n\n\n<figure class=\"wp-block-image size-large is-resized\"><img decoding=\"async\" width=\"749\" height=\"500\" src=\"https:\/\/www.americanonewspaper.com\/es\/wp-content\/uploads\/2025\/03\/Mbapper-749x500.jpg\" alt=\"El delantero del Real Madrid Kylian Mbapp\u00e9 celebra el primer gol durante el partido de la jornada 27 de LaLiga EA Sports entre el Real Madrid y el Rayo Vallecano este domingo en el Santiago Bernab\u00e9u. EFE\/Mariscal\" class=\"wp-image-25383\" style=\"width:1067px;height:auto\" srcset=\"https:\/\/www.americanonewspaper.com\/es\/wp-content\/uploads\/2025\/03\/Mbapper-749x500.jpg 749w, https:\/\/www.americanonewspaper.com\/es\/wp-content\/uploads\/2025\/03\/Mbapper-300x200.jpg 300w, https:\/\/www.americanonewspaper.com\/es\/wp-content\/uploads\/2025\/03\/Mbapper-768x513.jpg 768w, https:\/\/www.americanonewspaper.com\/es\/wp-content\/uploads\/2025\/03\/Mbapper-150x100.jpg 150w, https:\/\/www.americanonewspaper.com\/es\/wp-content\/uploads\/2025\/03\/Mbapper-696x465.jpg 696w, https:\/\/www.americanonewspaper.com\/es\/wp-content\/uploads\/2025\/03\/Mbapper.jpg 899w\" sizes=\"(max-width: 749px) 100vw, 749px\" \/><figcaption class=\"wp-element-caption\">El delantero del Real Madrid Kylian Mbapp\u00e9 celebra el primer gol durante el partido de la jornada 27 de LaLiga EA Sports entre el Real Madrid y el Rayo Vallecano este domingo en el Santiago Bernab\u00e9u. EFE\/Mariscal<\/figcaption><\/figure>\n\n\n\n<p class=\"wp-block-paragraph\">No tard\u00f3 el Real Madrid en ampliar la cuenta. Solo cuatro minutos despu\u00e9s, y tras un aviso del Rayo en un disparo de Embarba que atrap\u00f3 Lunin, Vin\u00edcius alarg\u00f3 una jugada en la que no le sali\u00f3 bien su primer recorte hasta que logr\u00f3 superar a Lejeune -de nuevo en la foto del gol local- y luego a un Ratiu en el que fue el gran duelo individual del partido.<\/p>\n\n\n\n<figure class=\"wp-block-image size-large is-resized\"><a href=\"https:\/\/www.stnj.org\/events-tickets\/upcoming-events-1?utm_source=americano&amp;utm_medium=webad&amp;utm_campaign=americano_240216_webad1200x550_balletfolkloricowilychirinospanish\" target=\"_blank\" rel=\" noreferrer noopener\"><img loading=\"lazy\" decoding=\"async\" width=\"800\" height=\"433\" src=\"https:\/\/www.americanonewspaper.com\/es\/wp-content\/uploads\/2025\/03\/Screenshot-2025-03-05-at-8.48.58\u202fAM-3-800x433.png\" alt=\"\" class=\"wp-image-25326\" style=\"width:1067px;height:auto\" srcset=\"https:\/\/www.americanonewspaper.com\/es\/wp-content\/uploads\/2025\/03\/Screenshot-2025-03-05-at-8.48.58\u202fAM-3-800x433.png 800w, https:\/\/www.americanonewspaper.com\/es\/wp-content\/uploads\/2025\/03\/Screenshot-2025-03-05-at-8.48.58\u202fAM-3-300x163.png 300w, https:\/\/www.americanonewspaper.com\/es\/wp-content\/uploads\/2025\/03\/Screenshot-2025-03-05-at-8.48.58\u202fAM-3-768x416.png 768w, https:\/\/www.americanonewspaper.com\/es\/wp-content\/uploads\/2025\/03\/Screenshot-2025-03-05-at-8.48.58\u202fAM-3-1536x832.png 1536w, https:\/\/www.americanonewspaper.com\/es\/wp-content\/uploads\/2025\/03\/Screenshot-2025-03-05-at-8.48.58\u202fAM-3-150x81.png 150w, https:\/\/www.americanonewspaper.com\/es\/wp-content\/uploads\/2025\/03\/Screenshot-2025-03-05-at-8.48.58\u202fAM-3-696x377.png 696w, https:\/\/www.americanonewspaper.com\/es\/wp-content\/uploads\/2025\/03\/Screenshot-2025-03-05-at-8.48.58\u202fAM-3-1068x579.png 1068w, https:\/\/www.americanonewspaper.com\/es\/wp-content\/uploads\/2025\/03\/Screenshot-2025-03-05-at-8.48.58\u202fAM-3.png 1772w\" sizes=\"(max-width: 800px) 100vw, 800px\" \/><\/a><\/figure>\n\n\n\n<p class=\"wp-block-paragraph\">Segundo gol en Liga de \u2018Vini\u2019 en los \u00faltimos tres meses y medio para dar al Real Madrid una tranquilidad ef\u00edmera, ya que el Rayo se meti\u00f3 en el partido justo antes del descanso. Un disparo de Pedro D\u00edaz desde la frontal, la que no acert\u00f3 a defender con eficacia el conjunto blanco, puso el 2-1; un tanto revisado por el VAR ya que el disparo toc\u00f3 en el travesa\u00f1o antes de botar dentro y salirse de la porter\u00eda defendida por Lunin.<\/p>\n\n\n\n<p class=\"wp-block-paragraph\">No pod\u00eda permitirse el Real Madrid otro tropiezo en Liga. Menos a\u00fan en su estadio y justo tras haber conocido el pinchazo del Atl\u00e9tico de Madrid en casa del Getafe (2-1), adem\u00e1s de saber que el FC Barcelona acumular\u00e1 un partido menos tras aplazarse su encuentro del s\u00e1bado tras la muerte de Carles Mi\u00f1arro, m\u00e9dico del Barcelona fallecido repentinamente horas antes del partido y en memoria de quien se guard\u00f3 un minuto de silencio antes del encuentro.<\/p>\n\n\n\n<figure class=\"wp-block-image size-large is-resized\"><a href=\" https:\/\/www.eventbrite.com\/e\/the-art-of-being-a-modern-latina-event-2025-tickets-1228520992359?aff=oddtdtcreator\" target=\"_blank\" rel=\" noreferrer noopener\"><img loading=\"lazy\" decoding=\"async\" width=\"800\" height=\"351\" src=\"https:\/\/www.americanonewspaper.com\/es\/wp-content\/uploads\/2025\/03\/Screenshot-2025-02-11-at-7.39.59\u202fAM-1536x674-12-1-800x351.webp\" alt=\"\" class=\"wp-image-25328\" style=\"width:1068px;height:auto\" srcset=\"https:\/\/www.americanonewspaper.com\/es\/wp-content\/uploads\/2025\/03\/Screenshot-2025-02-11-at-7.39.59\u202fAM-1536x674-12-1-800x351.webp 800w, https:\/\/www.americanonewspaper.com\/es\/wp-content\/uploads\/2025\/03\/Screenshot-2025-02-11-at-7.39.59\u202fAM-1536x674-12-1-300x132.webp 300w, https:\/\/www.americanonewspaper.com\/es\/wp-content\/uploads\/2025\/03\/Screenshot-2025-02-11-at-7.39.59\u202fAM-1536x674-12-1-768x337.webp 768w, https:\/\/www.americanonewspaper.com\/es\/wp-content\/uploads\/2025\/03\/Screenshot-2025-02-11-at-7.39.59\u202fAM-1536x674-12-1-150x66.webp 150w, https:\/\/www.americanonewspaper.com\/es\/wp-content\/uploads\/2025\/03\/Screenshot-2025-02-11-at-7.39.59\u202fAM-1536x674-12-1-696x305.webp 696w, https:\/\/www.americanonewspaper.com\/es\/wp-content\/uploads\/2025\/03\/Screenshot-2025-02-11-at-7.39.59\u202fAM-1536x674-12-1-1068x469.webp 1068w, https:\/\/www.americanonewspaper.com\/es\/wp-content\/uploads\/2025\/03\/Screenshot-2025-02-11-at-7.39.59\u202fAM-1536x674-12-1.webp 1536w\" sizes=\"(max-width: 800px) 100vw, 800px\" \/><\/a><\/figure>\n\n\n\n<p class=\"wp-block-paragraph\">Sin embargo, los futbolistas del conjunto blanco no mostraron esa actitud. Incluso ante la falta de control de partido, la afici\u00f3n local silb\u00f3 a su equipo en busca de una reacci\u00f3n que tambi\u00e9n prob\u00f3 Ancelotti desde el banquillo, quitando a Rodrygo Goes e introduciendo a Fede Valverde en el minuto 68.<\/p>\n\n\n\n<figure class=\"wp-block-image size-large is-resized\"><img loading=\"lazy\" decoding=\"async\" width=\"750\" height=\"500\" src=\"https:\/\/www.americanonewspaper.com\/es\/wp-content\/uploads\/2025\/03\/Pedro-Diaz-750x500.jpg\" alt=\"\" class=\"wp-image-25381\" style=\"width:1068px;height:auto\" srcset=\"https:\/\/www.americanonewspaper.com\/es\/wp-content\/uploads\/2025\/03\/Pedro-Diaz-750x500.jpg 750w, https:\/\/www.americanonewspaper.com\/es\/wp-content\/uploads\/2025\/03\/Pedro-Diaz-300x200.jpg 300w, https:\/\/www.americanonewspaper.com\/es\/wp-content\/uploads\/2025\/03\/Pedro-Diaz-768x512.jpg 768w, https:\/\/www.americanonewspaper.com\/es\/wp-content\/uploads\/2025\/03\/Pedro-Diaz-150x100.jpg 150w, https:\/\/www.americanonewspaper.com\/es\/wp-content\/uploads\/2025\/03\/Pedro-Diaz-696x464.jpg 696w, https:\/\/www.americanonewspaper.com\/es\/wp-content\/uploads\/2025\/03\/Pedro-Diaz.jpg 900w\" sizes=\"(max-width: 750px) 100vw, 750px\" \/><figcaption class=\"wp-element-caption\">El centrocampista del Rayo Vallecano Pedro D\u00edaz (d) celebra su gol durante el partido de la jornada 27 de LaLiga EA Sports entre el Real Madrid y el Rayo Vallecano este domingo en el Santiago Bernab\u00e9u. EFE\/Mariscal<\/figcaption><\/figure>\n\n\n\n<p class=\"wp-block-paragraph\">Un centrocampista m\u00e1s y energ\u00eda al campo ante un Rayo que, aunque sin grandes ocasiones, segu\u00eda metido de lleno en el partido mientras que el Real Madrid tiraba de intentos individuales de los atacantes que no gustaban a Ancelotti.<\/p>\n\n\n\n<p class=\"wp-block-paragraph\">Sin reacci\u00f3n ni acierto en lo poco que dispuso el Real Madrid en ataque, con Vin\u00edcius pudiendo sentenciar, pero no estuvo acertado ni en el remate ni en el pase.<\/p>\n\n\n\n<p class=\"wp-block-paragraph\">Tres puntos del Real Madrid con lo m\u00ednimo que le hacen adelantar al Atl\u00e9tico de Madrid en Liga, tras su derrota 2-1 en Getafe, y que le igualan a puntos, con un partido m\u00e1s, con el FC Barcelona en la lucha por alzarse con el t\u00edtulo de Liga.<\/p>\n\n\n\n<figure class=\"wp-block-image size-large is-resized\"><a href=\" https:\/\/www.linkedin.com\/in\/isaac-resek-74033731\/\" target=\"_blank\" rel=\" noreferrer noopener\"><img loading=\"lazy\" decoding=\"async\" width=\"800\" height=\"450\" src=\"https:\/\/www.americanonewspaper.com\/es\/wp-content\/uploads\/2025\/03\/Screenshot-2025-01-27-at-12.53.59\u202fPM-2-2-3-800x450.png\" alt=\"\" class=\"wp-image-25304\" style=\"width:1068px;height:auto\" srcset=\"https:\/\/www.americanonewspaper.com\/es\/wp-content\/uploads\/2025\/03\/Screenshot-2025-01-27-at-12.53.59\u202fPM-2-2-3-800x450.png 800w, https:\/\/www.americanonewspaper.com\/es\/wp-content\/uploads\/2025\/03\/Screenshot-2025-01-27-at-12.53.59\u202fPM-2-2-3-300x169.png 300w, https:\/\/www.americanonewspaper.com\/es\/wp-content\/uploads\/2025\/03\/Screenshot-2025-01-27-at-12.53.59\u202fPM-2-2-3-768x432.png 768w, https:\/\/www.americanonewspaper.com\/es\/wp-content\/uploads\/2025\/03\/Screenshot-2025-01-27-at-12.53.59\u202fPM-2-2-3-150x84.png 150w, https:\/\/www.americanonewspaper.com\/es\/wp-content\/uploads\/2025\/03\/Screenshot-2025-01-27-at-12.53.59\u202fPM-2-2-3-696x391.png 696w, https:\/\/www.americanonewspaper.com\/es\/wp-content\/uploads\/2025\/03\/Screenshot-2025-01-27-at-12.53.59\u202fPM-2-2-3-1068x601.png 1068w, https:\/\/www.americanonewspaper.com\/es\/wp-content\/uploads\/2025\/03\/Screenshot-2025-01-27-at-12.53.59\u202fPM-2-2-3.png 1234w\" sizes=\"(max-width: 800px) 100vw, 800px\" \/><\/a><\/figure>\n\n\n\n<p class=\"wp-block-paragraph\">&#8211; Ficha t\u00e9cnica:<\/p>\n\n\n\n<p class=\"wp-block-paragraph\">2 &#8211; Real Madrid: Andriy Lunin, Lucas V\u00e1zquez, Ra\u00fal Asencio, David Alaba, Fran Garc\u00eda, Aurelien Tchouam\u00e9ni, Luka Modric, Jude Bellingham (Brahim D\u00edaz, m.85), Rodrygo Goes (Fede Valverde, m.68), Vin\u00edcius Junior y Kylian Mbapp\u00e9 (Eduardo Camavinga, m.78).<\/p>\n\n\n\n<p class=\"wp-block-paragraph\">1 &#8211; Rayo Vallecano: Augusto Batalla; Andrei Ratiu, Florian Lejeune, Aridane Hern\u00e1ndez, &#8216;Pacha&#8217; Espino (Unai L\u00f3pez, m.88); Pedro D\u00edaz (Iv\u00e1n Balliu, m.70), Path\u00e9 Ciss (Sergi Guardiola, m.85); Adri\u00e1n Embarba (\u00d3scar Valent\u00edn, m.70), Gerard Gumbau (\u00d3scar Trejo, m.70), Pep Chavarr\u00eda y \u00c1lvaro Garc\u00eda.<\/p>\n\n\n\n<p class=\"wp-block-paragraph\">Goles: 1-0, min. 30: Mbapp\u00e9. 2-0, min. 34: Vin\u00edcius. 2-1. Pedro D\u00edaz, min.47+.<\/p>\n\n\n\n<p class=\"wp-block-paragraph\">\u00c1rbitro: Francisco Hern\u00e1ndez Maeso (Comit\u00e9 Extreme\u00f1o). Amonest\u00f3 a Vin\u00edcius Junior (m.79), Aurelien Tchouam\u00e9ni (m.85) y Luka Modric (m.92) en el Real Madrid y a Gerard Gumbau (m.63) por parte del Rayo.<\/p>\n\n\n\n<p class=\"wp-block-paragraph\">Incidencias: partido correspondiente a la vig\u00e9sima s\u00e9ptima jornada de LaLiga EA Sports disputado en el estadio Santiago Bernab\u00e9u ante 78.297 espectadores. Antes del encuentro se guard\u00f3 un minuto de silencio en memoria de Carles Mi\u00f1arro, m\u00e9dico del Barcelona fallecido repentinamente el s\u00e1bado, y David Garc\u00eda de la Loma, \u00e1rbitro fallecido el martes.<\/p>\n\n\n\n<p class=\"wp-block-paragraph\"><\/p>\n","protected":false},"excerpt":{"rendered":"<p>Madrid, 9 mar (EFE).- Por \u00d3scar Maya Belch\u00ed El Real Madrid se impuso al Rayo Vallecano (2-1) en un partido en el que vivi\u00f3 en el alambre, escuch\u00f3 silbidos por parte de su afici\u00f3n en la segunda mitad por el nulo control del mismo y en el que Kylian Mbapp\u00e9 y Vin\u00edcius Junior aparecieron para [&hellip;]<\/p>\n","protected":false},"author":7,"featured_media":25379,"comment_status":"open","ping_status":"open","sticky":false,"template":"","format":"standard","meta":{"_acf_changed":false,"tdm_status":"","tdm_grid_status":"","_jetpack_newsletter_access":"","_jetpack_dont_email_post_to_subs":false,"_jetpack_newsletter_tier_id":0,"_jetpack_memberships_contains_paywalled_content":false,"_jetpack_feature_clip_id":0,"_jetpack_memberships_contains_paid_content":false,"footnotes":"","jetpack_publicize_message":"{title}\n\n{excerpt}\n\n{url}","jetpack_publicize_feature_enabled":true,"jetpack_social_post_already_shared":true,"jetpack_social_options":{"image_generator_settings":{"template":"highway","default_image_id":0,"font":"","enabled":false},"version":2},"_wpas_customize_per_network":false,"jetpack_post_was_ever_published":false,"_members_access_role":[],"_members_access_error":""},"categories":[175,938],"tags":[],"class_list":["post-25378","post","type-post","status-publish","format-standard","has-post-thumbnail","category-fifa","category-laliga-ea-sports"],"acf":[],"yoast_head":"<!-- This site is optimized with the Yoast SEO Premium plugin v28.4 (Yoast SEO v28.4) - https:\/\/yoast.com\/product\/yoast-seo-premium-wordpress\/ -->\n<title>Real Madrid sobre Rayo Vallecano (2-1) en vilo! - Americano Newspaper<\/title>\n<meta name=\"description\" content=\"El Real Madrid se impuso al Rayo Vallecano (2-1) en un partido en el que vivi\u00f3 en el alambre, escuch\u00f3 silbidos por parte de su afici\u00f3n en la segunda mitad por el nulo control del mismo y en el que Kylian Mbapp\u00e9 y Vin\u00edcius Junior aparecieron para solventar el derbi antes del que disputar\u00e1n el mi\u00e9rcoles en el Metropolitano en \u2018Champions\u2019 ante un Atl\u00e9tico de Madrid al que, tras caer estos en Getafe (2-1), arrebataron el segundo puesto en Liga.\" \/>\n<meta name=\"robots\" content=\"index, follow, max-snippet:-1, max-image-preview:large, max-video-preview:-1\" \/>\n<link rel=\"canonical\" href=\"https:\/\/www.americanonewspaper.com\/es\/fifa\/real-madrid-sobre-rayo-vallecano-2-1-en-vilo\/\" \/>\n<meta property=\"og:locale\" content=\"en_US\" \/>\n<meta property=\"og:type\" content=\"article\" \/>\n<meta property=\"og:title\" content=\"Real Madrid sobre Rayo Vallecano (2-1) en vilo!\" \/>\n<meta property=\"og:description\" content=\"El Real Madrid se impuso al Rayo Vallecano (2-1) en un partido en el que vivi\u00f3 en el alambre, escuch\u00f3 silbidos por parte de su afici\u00f3n en la segunda mitad por el nulo control del mismo y en el que Kylian Mbapp\u00e9 y Vin\u00edcius Junior aparecieron para solventar el derbi antes del que disputar\u00e1n el mi\u00e9rcoles en el Metropolitano en \u2018Champions\u2019 ante un Atl\u00e9tico de Madrid al que, tras caer estos en Getafe (2-1), arrebataron el segundo puesto en Liga.\" \/>\n<meta property=\"og:url\" content=\"https:\/\/www.americanonewspaper.com\/es\/fifa\/real-madrid-sobre-rayo-vallecano-2-1-en-vilo\/\" \/>\n<meta property=\"og:site_name\" content=\"Americano Newspaper\" \/>\n<meta property=\"article:publisher\" content=\"https:\/\/www.facebook.com\/AmericanoNewspaper\/\" \/>\n<meta property=\"article:published_time\" content=\"2025-03-09T21:14:38+00:00\" \/>\n<meta property=\"article:modified_time\" content=\"2025-03-09T21:21:50+00:00\" \/>\n<meta property=\"og:image\" content=\"https:\/\/www.americanonewspaper.com\/es\/wp-content\/uploads\/2025\/03\/Mbappe-celebration.jpg\" \/>\n\t<meta property=\"og:image:width\" content=\"900\" \/>\n\t<meta property=\"og:image:height\" content=\"600\" \/>\n\t<meta property=\"og:image:type\" content=\"image\/jpeg\" \/>\n<meta name=\"author\" content=\"Author\" \/>\n<meta name=\"twitter:card\" content=\"summary_large_image\" \/>\n<meta name=\"twitter:label1\" content=\"Written by\" \/>\n\t<meta name=\"twitter:data1\" content=\"Author\" \/>\n\t<meta name=\"twitter:label2\" content=\"Est. reading time\" \/>\n\t<meta name=\"twitter:data2\" content=\"6 minutes\" \/>\n<script type=\"application\/ld+json\" class=\"yoast-schema-graph\">{\"@context\":\"https:\\\/\\\/schema.org\",\"@graph\":[{\"@type\":\"Article\",\"@id\":\"https:\\\/\\\/www.americanonewspaper.com\\\/es\\\/fifa\\\/real-madrid-sobre-rayo-vallecano-2-1-en-vilo\\\/#article\",\"isPartOf\":{\"@id\":\"https:\\\/\\\/www.americanonewspaper.com\\\/es\\\/fifa\\\/real-madrid-sobre-rayo-vallecano-2-1-en-vilo\\\/\"},\"author\":{\"name\":\"Author\",\"@id\":\"https:\\\/\\\/www.americanonewspaper.com\\\/es\\\/#\\\/schema\\\/person\\\/8967f6b8af7e37bcbbe61f68580ff088\"},\"headline\":\"Real Madrid sobre Rayo Vallecano (2-1) en vilo!\",\"datePublished\":\"2025-03-09T21:14:38+00:00\",\"dateModified\":\"2025-03-09T21:21:50+00:00\",\"mainEntityOfPage\":{\"@id\":\"https:\\\/\\\/www.americanonewspaper.com\\\/es\\\/fifa\\\/real-madrid-sobre-rayo-vallecano-2-1-en-vilo\\\/\"},\"wordCount\":1007,\"commentCount\":0,\"publisher\":{\"@id\":\"https:\\\/\\\/www.americanonewspaper.com\\\/es\\\/#organization\"},\"image\":{\"@id\":\"https:\\\/\\\/www.americanonewspaper.com\\\/es\\\/fifa\\\/real-madrid-sobre-rayo-vallecano-2-1-en-vilo\\\/#primaryimage\"},\"thumbnailUrl\":\"https:\\\/\\\/www.americanonewspaper.com\\\/es\\\/wp-content\\\/uploads\\\/2025\\\/03\\\/Mbappe-celebration.jpg\",\"articleSection\":[\"FIFA\",\"LaLiga EA Sports\"],\"inLanguage\":\"en-US\",\"potentialAction\":[{\"@type\":\"CommentAction\",\"name\":\"Comment\",\"target\":[\"https:\\\/\\\/www.americanonewspaper.com\\\/es\\\/fifa\\\/real-madrid-sobre-rayo-vallecano-2-1-en-vilo\\\/#respond\"]}]},{\"@type\":\"WebPage\",\"@id\":\"https:\\\/\\\/www.americanonewspaper.com\\\/es\\\/fifa\\\/real-madrid-sobre-rayo-vallecano-2-1-en-vilo\\\/\",\"url\":\"https:\\\/\\\/www.americanonewspaper.com\\\/es\\\/fifa\\\/real-madrid-sobre-rayo-vallecano-2-1-en-vilo\\\/\",\"name\":\"Real Madrid sobre Rayo Vallecano (2-1) en vilo! - Americano Newspaper\",\"isPartOf\":{\"@id\":\"https:\\\/\\\/www.americanonewspaper.com\\\/es\\\/#website\"},\"primaryImageOfPage\":{\"@id\":\"https:\\\/\\\/www.americanonewspaper.com\\\/es\\\/fifa\\\/real-madrid-sobre-rayo-vallecano-2-1-en-vilo\\\/#primaryimage\"},\"image\":{\"@id\":\"https:\\\/\\\/www.americanonewspaper.com\\\/es\\\/fifa\\\/real-madrid-sobre-rayo-vallecano-2-1-en-vilo\\\/#primaryimage\"},\"thumbnailUrl\":\"https:\\\/\\\/www.americanonewspaper.com\\\/es\\\/wp-content\\\/uploads\\\/2025\\\/03\\\/Mbappe-celebration.jpg\",\"datePublished\":\"2025-03-09T21:14:38+00:00\",\"dateModified\":\"2025-03-09T21:21:50+00:00\",\"description\":\"El Real Madrid se impuso al Rayo Vallecano (2-1) en un partido en el que vivi\u00f3 en el alambre, escuch\u00f3 silbidos por parte de su afici\u00f3n en la segunda mitad por el nulo control del mismo y en el que Kylian Mbapp\u00e9 y Vin\u00edcius Junior aparecieron para solventar el derbi antes del que disputar\u00e1n el mi\u00e9rcoles en el Metropolitano en \u2018Champions\u2019 ante un Atl\u00e9tico de Madrid al que, tras caer estos en Getafe (2-1), arrebataron el segundo puesto en Liga.\",\"breadcrumb\":{\"@id\":\"https:\\\/\\\/www.americanonewspaper.com\\\/es\\\/fifa\\\/real-madrid-sobre-rayo-vallecano-2-1-en-vilo\\\/#breadcrumb\"},\"inLanguage\":\"en-US\",\"potentialAction\":[{\"@type\":\"ReadAction\",\"target\":[\"https:\\\/\\\/www.americanonewspaper.com\\\/es\\\/fifa\\\/real-madrid-sobre-rayo-vallecano-2-1-en-vilo\\\/\"]}]},{\"@type\":\"ImageObject\",\"inLanguage\":\"en-US\",\"@id\":\"https:\\\/\\\/www.americanonewspaper.com\\\/es\\\/fifa\\\/real-madrid-sobre-rayo-vallecano-2-1-en-vilo\\\/#primaryimage\",\"url\":\"https:\\\/\\\/www.americanonewspaper.com\\\/es\\\/wp-content\\\/uploads\\\/2025\\\/03\\\/Mbappe-celebration.jpg\",\"contentUrl\":\"https:\\\/\\\/www.americanonewspaper.com\\\/es\\\/wp-content\\\/uploads\\\/2025\\\/03\\\/Mbappe-celebration.jpg\",\"width\":900,\"height\":600,\"caption\":\"El delantero del Real Madrid Kylian Mbapp\u00e9 (d) celebra el primer gol durante el partido de la jornada 27 de LaLiga EA Sports entre el Real Madrid y el Rayo Vallecano este domingo en el Santiago Bernab\u00e9u. EFE\\\/Mariscal\"},{\"@type\":\"BreadcrumbList\",\"@id\":\"https:\\\/\\\/www.americanonewspaper.com\\\/es\\\/fifa\\\/real-madrid-sobre-rayo-vallecano-2-1-en-vilo\\\/#breadcrumb\",\"itemListElement\":[{\"@type\":\"ListItem\",\"position\":1,\"name\":\"Home\",\"item\":\"https:\\\/\\\/www.americanonewspaper.com\\\/es\\\/\"},{\"@type\":\"ListItem\",\"position\":2,\"name\":\"Real Madrid sobre Rayo Vallecano (2-1) en vilo!\"}]},{\"@type\":\"WebSite\",\"@id\":\"https:\\\/\\\/www.americanonewspaper.com\\\/es\\\/#website\",\"url\":\"https:\\\/\\\/www.americanonewspaper.com\\\/es\\\/\",\"name\":\"Americano Newspaper\",\"description\":\"The Hispanic Newspaper of New Jersey.\",\"publisher\":{\"@id\":\"https:\\\/\\\/www.americanonewspaper.com\\\/es\\\/#organization\"},\"potentialAction\":[{\"@type\":\"SearchAction\",\"target\":{\"@type\":\"EntryPoint\",\"urlTemplate\":\"https:\\\/\\\/www.americanonewspaper.com\\\/es\\\/?s={search_term_string}\"},\"query-input\":{\"@type\":\"PropertyValueSpecification\",\"valueRequired\":true,\"valueName\":\"search_term_string\"}}],\"inLanguage\":\"en-US\"},{\"@type\":\"Organization\",\"@id\":\"https:\\\/\\\/www.americanonewspaper.com\\\/es\\\/#organization\",\"name\":\"Americano Newspaper\",\"url\":\"https:\\\/\\\/www.americanonewspaper.com\\\/es\\\/\",\"logo\":{\"@type\":\"ImageObject\",\"inLanguage\":\"en-US\",\"@id\":\"https:\\\/\\\/www.americanonewspaper.com\\\/es\\\/#\\\/schema\\\/logo\\\/image\\\/\",\"url\":\"https:\\\/\\\/www.americanonewspaper.com\\\/es\\\/wp-content\\\/uploads\\\/2024\\\/05\\\/AmericanoLogoCircle.comCircle2.jpg\",\"contentUrl\":\"https:\\\/\\\/www.americanonewspaper.com\\\/es\\\/wp-content\\\/uploads\\\/2024\\\/05\\\/AmericanoLogoCircle.comCircle2.jpg\",\"width\":600,\"height\":600,\"caption\":\"Americano Newspaper\"},\"image\":{\"@id\":\"https:\\\/\\\/www.americanonewspaper.com\\\/es\\\/#\\\/schema\\\/logo\\\/image\\\/\"},\"sameAs\":[\"https:\\\/\\\/www.facebook.com\\\/AmericanoNewspaper\\\/\"]},{\"@type\":\"Person\",\"@id\":\"https:\\\/\\\/www.americanonewspaper.com\\\/es\\\/#\\\/schema\\\/person\\\/8967f6b8af7e37bcbbe61f68580ff088\",\"name\":\"Author\",\"image\":{\"@type\":\"ImageObject\",\"inLanguage\":\"en-US\",\"@id\":\"https:\\\/\\\/www.americanonewspaper.com\\\/es\\\/wp-content\\\/litespeed\\\/avatar\\\/89ffaf6af3cf6769ffb3c6efb2313947.jpg?ver=1788535513\",\"url\":\"https:\\\/\\\/www.americanonewspaper.com\\\/es\\\/wp-content\\\/litespeed\\\/avatar\\\/89ffaf6af3cf6769ffb3c6efb2313947.jpg?ver=1788535513\",\"contentUrl\":\"https:\\\/\\\/www.americanonewspaper.com\\\/es\\\/wp-content\\\/litespeed\\\/avatar\\\/89ffaf6af3cf6769ffb3c6efb2313947.jpg?ver=1788535513\",\"caption\":\"Author\"},\"url\":\"https:\\\/\\\/www.americanonewspaper.com\\\/es\\\/author\\\/americano\\\/\"}]}<\/script>\n<!-- \/ Yoast SEO Premium plugin. -->","yoast_head_json":{"title":"Real Madrid sobre Rayo Vallecano (2-1) en vilo! - Americano Newspaper","description":"El Real Madrid se impuso al Rayo Vallecano (2-1) en un partido en el que vivi\u00f3 en el alambre, escuch\u00f3 silbidos por parte de su afici\u00f3n en la segunda mitad por el nulo control del mismo y en el que Kylian Mbapp\u00e9 y Vin\u00edcius Junior aparecieron para solventar el derbi antes del que disputar\u00e1n el mi\u00e9rcoles en el Metropolitano en \u2018Champions\u2019 ante un Atl\u00e9tico de Madrid al que, tras caer estos en Getafe (2-1), arrebataron el segundo puesto en Liga.","robots":{"index":"index","follow":"follow","max-snippet":"max-snippet:-1","max-image-preview":"max-image-preview:large","max-video-preview":"max-video-preview:-1"},"canonical":"https:\/\/www.americanonewspaper.com\/es\/fifa\/real-madrid-sobre-rayo-vallecano-2-1-en-vilo\/","og_locale":"en_US","og_type":"article","og_title":"Real Madrid sobre Rayo Vallecano (2-1) en vilo!","og_description":"El Real Madrid se impuso al Rayo Vallecano (2-1) en un partido en el que vivi\u00f3 en el alambre, escuch\u00f3 silbidos por parte de su afici\u00f3n en la segunda mitad por el nulo control del mismo y en el que Kylian Mbapp\u00e9 y Vin\u00edcius Junior aparecieron para solventar el derbi antes del que disputar\u00e1n el mi\u00e9rcoles en el Metropolitano en \u2018Champions\u2019 ante un Atl\u00e9tico de Madrid al que, tras caer estos en Getafe (2-1), arrebataron el segundo puesto en Liga.","og_url":"https:\/\/www.americanonewspaper.com\/es\/fifa\/real-madrid-sobre-rayo-vallecano-2-1-en-vilo\/","og_site_name":"Americano Newspaper","article_publisher":"https:\/\/www.facebook.com\/AmericanoNewspaper\/","article_published_time":"2025-03-09T21:14:38+00:00","article_modified_time":"2025-03-09T21:21:50+00:00","og_image":[{"width":900,"height":600,"url":"https:\/\/www.americanonewspaper.com\/es\/wp-content\/uploads\/2025\/03\/Mbappe-celebration.jpg","type":"image\/jpeg"}],"author":"Author","twitter_card":"summary_large_image","twitter_misc":{"Written by":"Author","Est. reading time":"6 minutes"},"schema":{"@context":"https:\/\/schema.org","@graph":[{"@type":"Article","@id":"https:\/\/www.americanonewspaper.com\/es\/fifa\/real-madrid-sobre-rayo-vallecano-2-1-en-vilo\/#article","isPartOf":{"@id":"https:\/\/www.americanonewspaper.com\/es\/fifa\/real-madrid-sobre-rayo-vallecano-2-1-en-vilo\/"},"author":{"name":"Author","@id":"https:\/\/www.americanonewspaper.com\/es\/#\/schema\/person\/8967f6b8af7e37bcbbe61f68580ff088"},"headline":"Real Madrid sobre Rayo Vallecano (2-1) en vilo!","datePublished":"2025-03-09T21:14:38+00:00","dateModified":"2025-03-09T21:21:50+00:00","mainEntityOfPage":{"@id":"https:\/\/www.americanonewspaper.com\/es\/fifa\/real-madrid-sobre-rayo-vallecano-2-1-en-vilo\/"},"wordCount":1007,"commentCount":0,"publisher":{"@id":"https:\/\/www.americanonewspaper.com\/es\/#organization"},"image":{"@id":"https:\/\/www.americanonewspaper.com\/es\/fifa\/real-madrid-sobre-rayo-vallecano-2-1-en-vilo\/#primaryimage"},"thumbnailUrl":"https:\/\/www.americanonewspaper.com\/es\/wp-content\/uploads\/2025\/03\/Mbappe-celebration.jpg","articleSection":["FIFA","LaLiga EA Sports"],"inLanguage":"en-US","potentialAction":[{"@type":"CommentAction","name":"Comment","target":["https:\/\/www.americanonewspaper.com\/es\/fifa\/real-madrid-sobre-rayo-vallecano-2-1-en-vilo\/#respond"]}]},{"@type":"WebPage","@id":"https:\/\/www.americanonewspaper.com\/es\/fifa\/real-madrid-sobre-rayo-vallecano-2-1-en-vilo\/","url":"https:\/\/www.americanonewspaper.com\/es\/fifa\/real-madrid-sobre-rayo-vallecano-2-1-en-vilo\/","name":"Real Madrid sobre Rayo Vallecano (2-1) en vilo! - Americano Newspaper","isPartOf":{"@id":"https:\/\/www.americanonewspaper.com\/es\/#website"},"primaryImageOfPage":{"@id":"https:\/\/www.americanonewspaper.com\/es\/fifa\/real-madrid-sobre-rayo-vallecano-2-1-en-vilo\/#primaryimage"},"image":{"@id":"https:\/\/www.americanonewspaper.com\/es\/fifa\/real-madrid-sobre-rayo-vallecano-2-1-en-vilo\/#primaryimage"},"thumbnailUrl":"https:\/\/www.americanonewspaper.com\/es\/wp-content\/uploads\/2025\/03\/Mbappe-celebration.jpg","datePublished":"2025-03-09T21:14:38+00:00","dateModified":"2025-03-09T21:21:50+00:00","description":"El Real Madrid se impuso al Rayo Vallecano (2-1) en un partido en el que vivi\u00f3 en el alambre, escuch\u00f3 silbidos por parte de su afici\u00f3n en la segunda mitad por el nulo control del mismo y en el que Kylian Mbapp\u00e9 y Vin\u00edcius Junior aparecieron para solventar el derbi antes del que disputar\u00e1n el mi\u00e9rcoles en el Metropolitano en \u2018Champions\u2019 ante un Atl\u00e9tico de Madrid al que, tras caer estos en Getafe (2-1), arrebataron el segundo puesto en Liga.","breadcrumb":{"@id":"https:\/\/www.americanonewspaper.com\/es\/fifa\/real-madrid-sobre-rayo-vallecano-2-1-en-vilo\/#breadcrumb"},"inLanguage":"en-US","potentialAction":[{"@type":"ReadAction","target":["https:\/\/www.americanonewspaper.com\/es\/fifa\/real-madrid-sobre-rayo-vallecano-2-1-en-vilo\/"]}]},{"@type":"ImageObject","inLanguage":"en-US","@id":"https:\/\/www.americanonewspaper.com\/es\/fifa\/real-madrid-sobre-rayo-vallecano-2-1-en-vilo\/#primaryimage","url":"https:\/\/www.americanonewspaper.com\/es\/wp-content\/uploads\/2025\/03\/Mbappe-celebration.jpg","contentUrl":"https:\/\/www.americanonewspaper.com\/es\/wp-content\/uploads\/2025\/03\/Mbappe-celebration.jpg","width":900,"height":600,"caption":"El delantero del Real Madrid Kylian Mbapp\u00e9 (d) celebra el primer gol durante el partido de la jornada 27 de LaLiga EA Sports entre el Real Madrid y el Rayo Vallecano este domingo en el Santiago Bernab\u00e9u. EFE\/Mariscal"},{"@type":"BreadcrumbList","@id":"https:\/\/www.americanonewspaper.com\/es\/fifa\/real-madrid-sobre-rayo-vallecano-2-1-en-vilo\/#breadcrumb","itemListElement":[{"@type":"ListItem","position":1,"name":"Home","item":"https:\/\/www.americanonewspaper.com\/es\/"},{"@type":"ListItem","position":2,"name":"Real Madrid sobre Rayo Vallecano (2-1) en vilo!"}]},{"@type":"WebSite","@id":"https:\/\/www.americanonewspaper.com\/es\/#website","url":"https:\/\/www.americanonewspaper.com\/es\/","name":"Americano Newspaper","description":"The Hispanic Newspaper of New Jersey.","publisher":{"@id":"https:\/\/www.americanonewspaper.com\/es\/#organization"},"potentialAction":[{"@type":"SearchAction","target":{"@type":"EntryPoint","urlTemplate":"https:\/\/www.americanonewspaper.com\/es\/?s={search_term_string}"},"query-input":{"@type":"PropertyValueSpecification","valueRequired":true,"valueName":"search_term_string"}}],"inLanguage":"en-US"},{"@type":"Organization","@id":"https:\/\/www.americanonewspaper.com\/es\/#organization","name":"Americano Newspaper","url":"https:\/\/www.americanonewspaper.com\/es\/","logo":{"@type":"ImageObject","inLanguage":"en-US","@id":"https:\/\/www.americanonewspaper.com\/es\/#\/schema\/logo\/image\/","url":"https:\/\/www.americanonewspaper.com\/es\/wp-content\/uploads\/2024\/05\/AmericanoLogoCircle.comCircle2.jpg","contentUrl":"https:\/\/www.americanonewspaper.com\/es\/wp-content\/uploads\/2024\/05\/AmericanoLogoCircle.comCircle2.jpg","width":600,"height":600,"caption":"Americano Newspaper"},"image":{"@id":"https:\/\/www.americanonewspaper.com\/es\/#\/schema\/logo\/image\/"},"sameAs":["https:\/\/www.facebook.com\/AmericanoNewspaper\/"]},{"@type":"Person","@id":"https:\/\/www.americanonewspaper.com\/es\/#\/schema\/person\/8967f6b8af7e37bcbbe61f68580ff088","name":"Author","image":{"@type":"ImageObject","inLanguage":"en-US","@id":"https:\/\/www.americanonewspaper.com\/es\/wp-content\/litespeed\/avatar\/89ffaf6af3cf6769ffb3c6efb2313947.jpg?ver=1788535513","url":"https:\/\/www.americanonewspaper.com\/es\/wp-content\/litespeed\/avatar\/89ffaf6af3cf6769ffb3c6efb2313947.jpg?ver=1788535513","contentUrl":"https:\/\/www.americanonewspaper.com\/es\/wp-content\/litespeed\/avatar\/89ffaf6af3cf6769ffb3c6efb2313947.jpg?ver=1788535513","caption":"Author"},"url":"https:\/\/www.americanonewspaper.com\/es\/author\/americano\/"}]}},"jetpack_publicize_connections":[],"featured_image_urls":{"full":["https:\/\/www.americanonewspaper.com\/es\/wp-content\/uploads\/2025\/03\/Mbappe-celebration.jpg",900,600,false],"thumbnail":["https:\/\/www.americanonewspaper.com\/es\/wp-content\/uploads\/2025\/03\/Mbappe-celebration-250x250.jpg",250,250,true],"medium":["https:\/\/www.americanonewspaper.com\/es\/wp-content\/uploads\/2025\/03\/Mbappe-celebration-300x200.jpg",300,200,true],"medium_large":["https:\/\/www.americanonewspaper.com\/es\/wp-content\/uploads\/2025\/03\/Mbappe-celebration-768x512.jpg",696,464,true],"large":["https:\/\/www.americanonewspaper.com\/es\/wp-content\/uploads\/2025\/03\/Mbappe-celebration-750x500.jpg",696,464,true],"1536x1536":["https:\/\/www.americanonewspaper.com\/es\/wp-content\/uploads\/2025\/03\/Mbappe-celebration.jpg",900,600,false],"2048x2048":["https:\/\/www.americanonewspaper.com\/es\/wp-content\/uploads\/2025\/03\/Mbappe-celebration.jpg",900,600,false],"td_150x0":["https:\/\/www.americanonewspaper.com\/es\/wp-content\/uploads\/2025\/03\/Mbappe-celebration-150x100.jpg",150,100,true],"td_218x150":["https:\/\/www.americanonewspaper.com\/es\/wp-content\/uploads\/2025\/03\/Mbappe-celebration-218x150.jpg",218,150,true],"td_300x0":["https:\/\/www.americanonewspaper.com\/es\/wp-content\/uploads\/2025\/03\/Mbappe-celebration-300x200.jpg",300,200,true],"td_324x400":["https:\/\/www.americanonewspaper.com\/es\/wp-content\/uploads\/2025\/03\/Mbappe-celebration-324x400.jpg",324,400,true],"td_485x360":["https:\/\/www.americanonewspaper.com\/es\/wp-content\/uploads\/2025\/03\/Mbappe-celebration-485x360.jpg",485,360,true],"td_696x0":["https:\/\/www.americanonewspaper.com\/es\/wp-content\/uploads\/2025\/03\/Mbappe-celebration-696x464.jpg",696,464,true],"td_1068x0":["https:\/\/www.americanonewspaper.com\/es\/wp-content\/uploads\/2025\/03\/Mbappe-celebration.jpg",900,600,false],"td_1920x0":["https:\/\/www.americanonewspaper.com\/es\/wp-content\/uploads\/2025\/03\/Mbappe-celebration.jpg",900,600,false],"bdpp-medium":["https:\/\/www.americanonewspaper.com\/es\/wp-content\/uploads\/2025\/03\/Mbappe-celebration-640x480.jpg",640,480,true]},"author_info":{"display_name":"Author","author_link":"https:\/\/www.americanonewspaper.com\/es\/author\/americano\/"},"category_info":"<a href=\"https:\/\/www.americanonewspaper.com\/es\/category\/fifa\/\" rel=\"category tag\">FIFA<\/a> <a href=\"https:\/\/www.americanonewspaper.com\/es\/category\/fifa\/laliga-ea-sports\/\" rel=\"category tag\">LaLiga EA Sports<\/a>","tag_info":"LaLiga EA Sports","comment_count":"0","jetpack_sharing_enabled":true,"jetpack_likes_enabled":true,"jetpack_featured_media_url":"https:\/\/www.americanonewspaper.com\/es\/wp-content\/uploads\/2025\/03\/Mbappe-celebration.jpg","_links":{"self":[{"href":"https:\/\/www.americanonewspaper.com\/es\/wp-json\/wp\/v2\/posts\/25378","targetHints":{"allow":["GET"]}}],"collection":[{"href":"https:\/\/www.americanonewspaper.com\/es\/wp-json\/wp\/v2\/posts"}],"about":[{"href":"https:\/\/www.americanonewspaper.com\/es\/wp-json\/wp\/v2\/types\/post"}],"author":[{"embeddable":true,"href":"https:\/\/www.americanonewspaper.com\/es\/wp-json\/wp\/v2\/users\/7"}],"replies":[{"embeddable":true,"href":"https:\/\/www.americanonewspaper.com\/es\/wp-json\/wp\/v2\/comments?post=25378"}],"version-history":[{"count":3,"href":"https:\/\/www.americanonewspaper.com\/es\/wp-json\/wp\/v2\/posts\/25378\/revisions"}],"predecessor-version":[{"id":25385,"href":"https:\/\/www.americanonewspaper.com\/es\/wp-json\/wp\/v2\/posts\/25378\/revisions\/25385"}],"wp:featuredmedia":[{"embeddable":true,"href":"https:\/\/www.americanonewspaper.com\/es\/wp-json\/wp\/v2\/media\/25379"}],"wp:attachment":[{"href":"https:\/\/www.americanonewspaper.com\/es\/wp-json\/wp\/v2\/media?parent=25378"}],"wp:term":[{"taxonomy":"category","embeddable":true,"href":"https:\/\/www.americanonewspaper.com\/es\/wp-json\/wp\/v2\/categories?post=25378"},{"taxonomy":"post_tag","embeddable":true,"href":"https:\/\/www.americanonewspaper.com\/es\/wp-json\/wp\/v2\/tags?post=25378"}],"curies":[{"name":"wp","href":"https:\/\/api.w.org\/{rel}","templated":true}]}}