{"id":25186,"date":"2025-02-28T13:56:13","date_gmt":"2025-02-28T18:56:13","guid":{"rendered":"https:\/\/www.americanonewspaper.com\/es\/?p=25186"},"modified":"2025-02-28T13:56:16","modified_gmt":"2025-02-28T18:56:16","slug":"karla-sofia-gascon-y-emilia-perez-una-nueva-victoria-espanola-en-los-oscar","status":"publish","type":"post","link":"https:\/\/www.americanonewspaper.com\/es\/emilia-arrasa\/karla-sofia-gascon-y-emilia-perez-una-nueva-victoria-espanola-en-los-oscar\/","title":{"rendered":"Karla Sof\u00eda Gasc\u00f3n y &#8216;Emilia P\u00e9rez&#8217;: \u00bfuna nueva victoria espa\u00f1ola en los \u00d3scar?"},"content":{"rendered":"\n<p><a href=\"https:\/\/www.americanonewspaper.com\/es\/\">Americanonewspaper<\/a> <\/p>\n\n\n\n<p class=\"dropcapp4\">Desde que en 1929 se celebrara la primera edici\u00f3n de los Premios \u00d3scar, el cine espa\u00f1ol ha recibido 17 premios, una cifra que podr\u00eda aumentar este 2025 si se concreta la nominaci\u00f3n de Karla Sof\u00eda Gasc\u00f3n por &#8216;Emilia P\u00e9rez&#8217; que, de ganarlo, ser\u00eda el segundo para una actriz espa\u00f1ola tras el de Pen\u00e9lope Cruz.<\/p>\n\n\n\n<p>Cruz lo gan\u00f3 en la edici\u00f3n de 2009 a mejor actriz de reparto por su trabajo en &#8216;Vicky Cristina Barcelona&#8217;, de Woody Allen. Era su segunda nominaci\u00f3n despu\u00e9s de la de &#8216;Volver&#8217; en 2007 y conseguir\u00eda otras dos, por &#8216;Nine&#8217; en 2010, y por &#8216;Madres paralelas&#8217;, en 2022.<\/p>\n\n\n<div class=\"wp-block-image\">\n<figure class=\"aligncenter size-large is-resized\"><img fetchpriority=\"high\" decoding=\"async\" width=\"800\" height=\"365\" src=\"https:\/\/www.americanonewspaper.com\/es\/wp-content\/uploads\/2025\/02\/Screenshot-2025-02-20-at-9.11.40\u202fAM-1920x877-7-800x365.webp\" alt=\"\" class=\"wp-image-25187\" style=\"width:1048px;height:auto\" srcset=\"https:\/\/www.americanonewspaper.com\/es\/wp-content\/uploads\/2025\/02\/Screenshot-2025-02-20-at-9.11.40\u202fAM-1920x877-7-800x365.webp 800w, https:\/\/www.americanonewspaper.com\/es\/wp-content\/uploads\/2025\/02\/Screenshot-2025-02-20-at-9.11.40\u202fAM-1920x877-7-300x137.webp 300w, https:\/\/www.americanonewspaper.com\/es\/wp-content\/uploads\/2025\/02\/Screenshot-2025-02-20-at-9.11.40\u202fAM-1920x877-7-768x351.webp 768w, https:\/\/www.americanonewspaper.com\/es\/wp-content\/uploads\/2025\/02\/Screenshot-2025-02-20-at-9.11.40\u202fAM-1920x877-7-1536x702.webp 1536w, https:\/\/www.americanonewspaper.com\/es\/wp-content\/uploads\/2025\/02\/Screenshot-2025-02-20-at-9.11.40\u202fAM-1920x877-7-150x69.webp 150w, https:\/\/www.americanonewspaper.com\/es\/wp-content\/uploads\/2025\/02\/Screenshot-2025-02-20-at-9.11.40\u202fAM-1920x877-7-696x318.webp 696w, https:\/\/www.americanonewspaper.com\/es\/wp-content\/uploads\/2025\/02\/Screenshot-2025-02-20-at-9.11.40\u202fAM-1920x877-7-1068x488.webp 1068w, https:\/\/www.americanonewspaper.com\/es\/wp-content\/uploads\/2025\/02\/Screenshot-2025-02-20-at-9.11.40\u202fAM-1920x877-7.webp 1920w\" sizes=\"(max-width: 800px) 100vw, 800px\" \/><\/figure>\n<\/div>\n\n\n<p>Ahora la oportunidad es para Gasc\u00f3n, en su primera nominaci\u00f3n y con una carrera mucho menos asentada que la de Cruz, con la que solo mantiene un nexo de uni\u00f3n: las dos son de Alcobendas (Madrid).<\/p>\n\n\n\n<p>En materia de interpretaci\u00f3n, hay otro \u00d3scar con nombre espa\u00f1ol, el conseguido en 2008 por Javier Bardem, como mejor actor de reparto, por &#8216;No es pa\u00eds para viejos&#8217;, de los hermanos Coen. Y tambi\u00e9n acumula otras tres nominaciones: &#8216;Antes que anochezca&#8217; (2000), &#8216;Biutiful&#8217; (2010) y &#8216;Ser los Ricardo&#8217; (2022).<\/p>\n\n\n\n<p>Y solo dos espa\u00f1oles han conseguido repetir estatuilla: Pedro Almod\u00f3var y Gil Parrondo.<\/p>\n\n\n<div class=\"wp-block-image\">\n<figure class=\"aligncenter size-large is-resized\"><a href=\"https:\/\/www.linkedin.com\/in\/isaac-resek-74033731\/\"><img decoding=\"async\" width=\"800\" height=\"450\" src=\"https:\/\/www.americanonewspaper.com\/es\/wp-content\/uploads\/2025\/02\/Screenshot-2025-01-27-at-12.53.59\u202fPM-2-3-800x450.png\" alt=\"\" class=\"wp-image-25188\" style=\"width:1054px;height:auto\" srcset=\"https:\/\/www.americanonewspaper.com\/es\/wp-content\/uploads\/2025\/02\/Screenshot-2025-01-27-at-12.53.59\u202fPM-2-3-800x450.png 800w, https:\/\/www.americanonewspaper.com\/es\/wp-content\/uploads\/2025\/02\/Screenshot-2025-01-27-at-12.53.59\u202fPM-2-3-300x169.png 300w, https:\/\/www.americanonewspaper.com\/es\/wp-content\/uploads\/2025\/02\/Screenshot-2025-01-27-at-12.53.59\u202fPM-2-3-768x432.png 768w, https:\/\/www.americanonewspaper.com\/es\/wp-content\/uploads\/2025\/02\/Screenshot-2025-01-27-at-12.53.59\u202fPM-2-3-150x84.png 150w, https:\/\/www.americanonewspaper.com\/es\/wp-content\/uploads\/2025\/02\/Screenshot-2025-01-27-at-12.53.59\u202fPM-2-3-696x391.png 696w, https:\/\/www.americanonewspaper.com\/es\/wp-content\/uploads\/2025\/02\/Screenshot-2025-01-27-at-12.53.59\u202fPM-2-3-1068x601.png 1068w, https:\/\/www.americanonewspaper.com\/es\/wp-content\/uploads\/2025\/02\/Screenshot-2025-01-27-at-12.53.59\u202fPM-2-3.png 1234w\" sizes=\"(max-width: 800px) 100vw, 800px\" \/><\/a><\/figure>\n<\/div>\n\n\n<h2 class=\"wp-block-heading\" id=\"h-primeros-oscar-para-espana\"><strong>Primeros \u00d3scar para Espa\u00f1a<\/strong><\/h2>\n\n\n\n<p>Pero el primero en lograrlo fue en 1970 el ingeniero Juan de la Cierva y Hoces, sobrino del inventor del autogiro, que fue premiado por crear un estabilizador \u00f3ptico o &#8216;dynalens&#8217; para eliminar los efectos de movimiento, vibraciones y desenfoque de las c\u00e1maras.<\/p>\n\n\n\n<p>Un galard\u00f3n que inaugur\u00f3 una buena racha para los profesionales espa\u00f1oles del cine, que en la d\u00e9cada de los setenta del siglo XX se llevaron nada menos que cinco \u00d3scar.<\/p>\n\n\n\n<p>Gil Parrondo se lo llev\u00f3 como dise\u00f1ador de vestuario en 1971 por &#8216;Patton&#8217; -junto a Antonio Mateos- y en 1972 por &#8216;Nicol\u00e1s y Alejandra&#8217;, pel\u00edcula por la que tambi\u00e9n fue premiado Antonio Castillo, en su caso a mejor dise\u00f1o de vestuario.<\/p>\n\n\n<div class=\"wp-block-image\">\n<figure class=\"aligncenter size-large is-resized\"><a href=\"https:\/\/www.eventbrite.com\/e\/the-art-of-being-a-modern-latina-event-2025-tickets-1228520992359?aff=oddtdtcreator\"><img decoding=\"async\" width=\"800\" height=\"351\" src=\"https:\/\/www.americanonewspaper.com\/es\/wp-content\/uploads\/2025\/02\/Screenshot-2025-02-11-at-7.39.59\u202fAM-1536x674-12-800x351.webp\" alt=\"\" class=\"wp-image-25189\" style=\"width:1062px;height:auto\" srcset=\"https:\/\/www.americanonewspaper.com\/es\/wp-content\/uploads\/2025\/02\/Screenshot-2025-02-11-at-7.39.59\u202fAM-1536x674-12-800x351.webp 800w, https:\/\/www.americanonewspaper.com\/es\/wp-content\/uploads\/2025\/02\/Screenshot-2025-02-11-at-7.39.59\u202fAM-1536x674-12-300x132.webp 300w, https:\/\/www.americanonewspaper.com\/es\/wp-content\/uploads\/2025\/02\/Screenshot-2025-02-11-at-7.39.59\u202fAM-1536x674-12-768x337.webp 768w, https:\/\/www.americanonewspaper.com\/es\/wp-content\/uploads\/2025\/02\/Screenshot-2025-02-11-at-7.39.59\u202fAM-1536x674-12-150x66.webp 150w, https:\/\/www.americanonewspaper.com\/es\/wp-content\/uploads\/2025\/02\/Screenshot-2025-02-11-at-7.39.59\u202fAM-1536x674-12-696x305.webp 696w, https:\/\/www.americanonewspaper.com\/es\/wp-content\/uploads\/2025\/02\/Screenshot-2025-02-11-at-7.39.59\u202fAM-1536x674-12-1068x469.webp 1068w, https:\/\/www.americanonewspaper.com\/es\/wp-content\/uploads\/2025\/02\/Screenshot-2025-02-11-at-7.39.59\u202fAM-1536x674-12.webp 1536w\" sizes=\"(max-width: 800px) 100vw, 800px\" \/><\/a><\/figure>\n<\/div>\n\n\n<p>Al a\u00f1o siguiente le tocar\u00eda a uno de los grandes maestros del cine, Luis Bu\u00f1uel, que gan\u00f3 el \u00d3scar a mejor pel\u00edcula internacional por la producci\u00f3n francesa &#8216;El discreto encanto de la burgues\u00eda&#8217;, protagonizada por Fernando Rey.<\/p>\n\n\n\n<p>Los setenta se cerraron con el premio a uno de los mejores directores de Fotograf\u00eda que ha dado Espa\u00f1a, N\u00e9stor Almendros, por su labor en &#8216;D\u00edas del cielo&#8217; (&#8216;Days of Heaven&#8217;, 1978), de Terrence Malick. Fue la primera de cuatro nominaciones, pero su \u00fanico \u00d3scar.<\/p>\n\n\n\n<h2 class=\"wp-block-heading\" id=\"h-veinte-intentos-para-4-oscar-a-mejor-filme-internacional\"><strong>Veinte intentos para 4 \u00d3scar a mejor filme internacional<\/strong><\/h2>\n\n\n\n<p>Tras el \u00d3scar a Bu\u00f1uel en 1973, el primero a mejor pel\u00edcula internacional para una producci\u00f3n espa\u00f1ola fue el de Jos\u00e9 Luis Garci, por &#8216;Volver a empezar&#8217;, en 1983.<\/p>\n\n\n\n<p>Seis a\u00f1os despu\u00e9s recibi\u00f3 su primera nominaci\u00f3n Almod\u00f3var, por &#8216;Mujeres al borde de un ataque de nervios&#8217;, pero fue en 2000 cuando consigui\u00f3 su primera estatuilla a mejor filme internacional por &#8216;Todo sobre mi madre&#8217;. Dif\u00edcil de olvidar el grito de Pen\u00e9lope Cruz al anunciar que el \u00d3scar iba para &#8216;\u00a1Pedrooooooo!&#8217;.<\/p>\n\n\n\n<p>El segundo ser\u00eda tres a\u00f1os despu\u00e9s, a mejor guion original por &#8216;Hable con ella&#8217;.<\/p>\n\n\n\n<p>Antes que \u00e9l, se hab\u00eda llevado el galard\u00f3n Fernando Trueba, por &#8216;Belle \u00e9poque&#8217; (1992), protagonizada, entre otras, por Cruz, que viaj\u00f3 con todo el equipo de la pel\u00edcula a Los \u00c1ngeles, en lo que fue su primera incursi\u00f3n en Hollywood.<\/p>\n\n\n<div class=\"wp-block-image\">\n<figure class=\"aligncenter size-large is-resized\"><a href=\"https:\/\/www.nissanofnorthplainfield.com\/?utm_source=gmb&amp;utm_medium=organic&amp;utm_campaign=website-button\"><img loading=\"lazy\" decoding=\"async\" width=\"800\" height=\"382\" src=\"https:\/\/www.americanonewspaper.com\/es\/wp-content\/uploads\/2025\/02\/Nissan-copy-1-1-10-800x382.jpg\" alt=\"\" class=\"wp-image-25190\" style=\"width:1068px;height:auto\" srcset=\"https:\/\/www.americanonewspaper.com\/es\/wp-content\/uploads\/2025\/02\/Nissan-copy-1-1-10-800x382.jpg 800w, https:\/\/www.americanonewspaper.com\/es\/wp-content\/uploads\/2025\/02\/Nissan-copy-1-1-10-300x143.jpg 300w, https:\/\/www.americanonewspaper.com\/es\/wp-content\/uploads\/2025\/02\/Nissan-copy-1-1-10-768x367.jpg 768w, https:\/\/www.americanonewspaper.com\/es\/wp-content\/uploads\/2025\/02\/Nissan-copy-1-1-10-150x72.jpg 150w, https:\/\/www.americanonewspaper.com\/es\/wp-content\/uploads\/2025\/02\/Nissan-copy-1-1-10-696x332.jpg 696w, https:\/\/www.americanonewspaper.com\/es\/wp-content\/uploads\/2025\/02\/Nissan-copy-1-1-10-1068x510.jpg 1068w, https:\/\/www.americanonewspaper.com\/es\/wp-content\/uploads\/2025\/02\/Nissan-copy-1-1-10.jpg 1200w\" sizes=\"(max-width: 800px) 100vw, 800px\" \/><\/a><figcaption class=\"wp-element-caption\">Screenshot<\/figcaption><\/figure>\n<\/div>\n\n\n<p>Los premios en esta categor\u00eda se cierran, hasta ahora, con el que consigui\u00f3 Alejandro Amen\u00e1bar por &#8216;Mar adentro&#8217;, en 2005. Desde entonces solo otro filme de Almod\u00f3var ha llegado a la final de los \u00d3scar, con &#8216;Dolor y gloria&#8217;, que en la ceremonia de 2020 perdi\u00f3 frente al hurac\u00e1n coreano de &#8216;Par\u00e1sitos&#8217;.<\/p>\n\n\n\n<p>En 2024 hubo una nueva oportunidad de hacerse con el \u00d3scar para Espa\u00f1a con &#8216;La sociedad de la nieve&#8217;, de J.A. Bayona, que narraba la conocida como &#8216;tragedia de los Andes&#8217; y que tambi\u00e9n estuvo nominado a mejor maquillaje y peluquer\u00eda para Montse Rib\u00e8, David Mart\u00ed y Ana L\u00f3pez-Puigcerver.<\/p>\n\n\n\n<p>No hubo suerte en ninguna de las dos categor\u00edas. De haberlo ganado, para Rib\u00e8 y Mart\u00ed hubiera sido el segundo \u00d3scar tras el que ganaron en 2007 por su trabajo en &#8216;El laberinto del fauno&#8217;, de Guillermo del Toro.<\/p>\n\n\n\n<p>Por esa pel\u00edcula otra espa\u00f1ola se llev\u00f3 el \u00d3scar: Pilar Revuelta -junto al mexicano Eugenio Caballero- a mejor direcci\u00f3n art\u00edstica.<\/p>\n\n\n<div class=\"wp-block-image\">\n<figure class=\"aligncenter size-large is-resized\"><a href=\"https:\/\/www.stnj.org\/events-tickets\/upcoming-events-1?utm_source=americano&amp;utm_medium=webad&amp;utm_campaign=americano_240216_webad1200x550_balletfolkloricowilychirinospanish\"><img loading=\"lazy\" decoding=\"async\" width=\"800\" height=\"367\" src=\"https:\/\/www.americanonewspaper.com\/es\/wp-content\/uploads\/2025\/02\/BalletFolkloricoWillyChirinoSpanish-1200x550-2-1-1-1-2-800x367.jpeg\" alt=\"\" class=\"wp-image-25191\" style=\"width:1068px;height:auto\" srcset=\"https:\/\/www.americanonewspaper.com\/es\/wp-content\/uploads\/2025\/02\/BalletFolkloricoWillyChirinoSpanish-1200x550-2-1-1-1-2-800x367.jpeg 800w, https:\/\/www.americanonewspaper.com\/es\/wp-content\/uploads\/2025\/02\/BalletFolkloricoWillyChirinoSpanish-1200x550-2-1-1-1-2-300x138.jpeg 300w, https:\/\/www.americanonewspaper.com\/es\/wp-content\/uploads\/2025\/02\/BalletFolkloricoWillyChirinoSpanish-1200x550-2-1-1-1-2-768x352.jpeg 768w, https:\/\/www.americanonewspaper.com\/es\/wp-content\/uploads\/2025\/02\/BalletFolkloricoWillyChirinoSpanish-1200x550-2-1-1-1-2-150x69.jpeg 150w, https:\/\/www.americanonewspaper.com\/es\/wp-content\/uploads\/2025\/02\/BalletFolkloricoWillyChirinoSpanish-1200x550-2-1-1-1-2-696x319.jpeg 696w, https:\/\/www.americanonewspaper.com\/es\/wp-content\/uploads\/2025\/02\/BalletFolkloricoWillyChirinoSpanish-1200x550-2-1-1-1-2-1068x490.jpeg 1068w, https:\/\/www.americanonewspaper.com\/es\/wp-content\/uploads\/2025\/02\/BalletFolkloricoWillyChirinoSpanish-1200x550-2-1-1-1-2.jpeg 1200w\" sizes=\"(max-width: 800px) 100vw, 800px\" \/><\/a><\/figure>\n<\/div>\n\n\n<p><strong>Tres nominaciones para la animaci\u00f3n espa\u00f1ola<\/strong><\/p>\n\n\n\n<p>Otra de las opciones fallidas del a\u00f1o pasado fue la de Pablo Berger, a mejor filme de animaci\u00f3n por &#8216;Robot Dreams&#8217;, una adaptaci\u00f3n de la novela del mismo t\u00edtulo de Sara Varon.<\/p>\n\n\n\n<p>Era el cuarto largometraje de Berger y el primero que hace en animaci\u00f3n, un estilo de cine que a\u00fan no ha dado ning\u00fan \u00d3scar a Espa\u00f1a.<\/p>\n\n\n\n<p>Aunque s\u00ed estuvieron nominadas &#8216;Chico &amp; Rita&#8221;, de Fernando Trueba y Javier Mariscal, en 2011, y &#8216;Klaus&#8217;, de Sergio Pablos y Marisa Rom\u00e1n, en 2020.<\/p>\n\n\n\n<p>Y, por el momento, los \u00faltimos \u00d3scar con acento espa\u00f1ol fueron en 2021 para Sergio L\u00f3pez-Rivera, al mejor maquillaje y peluquer\u00eda por &#8216;La madre del blues&#8217; (&#8216;Ma Rainey&#8217;s Black Bottom&#8217;), y en 2022 para Alberto Mielgo, por su cortometraje &#8216;El limpiaparabrisas&#8217;.<\/p>\n\n\n\n<p>Alicia Garc\u00eda de Francisco<\/p>\n\n\n\n<p><\/p>\n","protected":false},"excerpt":{"rendered":"<p>Americanonewspaper Desde que en 1929 se celebrara la primera edici\u00f3n de los Premios \u00d3scar, el cine espa\u00f1ol ha recibido 17 premios, una cifra que podr\u00eda aumentar este 2025 si se concreta la nominaci\u00f3n de Karla Sof\u00eda Gasc\u00f3n por &#8216;Emilia P\u00e9rez&#8217; que, de ganarlo, ser\u00eda el segundo para una actriz espa\u00f1ola tras el de Pen\u00e9lope Cruz. [&hellip;]<\/p>\n","protected":false},"author":18,"featured_media":25192,"comment_status":"open","ping_status":"open","sticky":false,"template":"","format":"standard","meta":{"_acf_changed":false,"tdm_status":"","tdm_grid_status":"","_jetpack_memberships_contains_paid_content":false,"footnotes":"","jetpack_publicize_message":"","jetpack_publicize_feature_enabled":true,"jetpack_social_post_already_shared":true,"jetpack_social_options":{"image_generator_settings":{"template":"highway","default_image_id":0,"font":"","enabled":false},"version":2},"_wpas_customize_per_network":false},"categories":[721,567,527,840],"tags":[],"class_list":{"0":"post-25186","1":"post","2":"type-post","3":"status-publish","4":"format-standard","5":"has-post-thumbnail","8":"category-espana","9":"category-farandula","10":"category-premios"},"acf":[],"yoast_head":"<!-- This site is optimized with the Yoast SEO Premium plugin v27.5 (Yoast SEO v27.5) - https:\/\/yoast.com\/product\/yoast-seo-premium-wordpress\/ -->\n<title>Karla Sof\u00eda Gasc\u00f3n y &#039;Emilia P\u00e9rez&#039;: \u00bfuna nueva victoria espa\u00f1ola en los \u00d3scar? - Americano Newspaper<\/title>\n<meta name=\"description\" content=\"Desde que en 1929 se celebrara la primera edici\u00f3n de los Premios \u00d3scar, el cine espa\u00f1ol ha recibido 17 premios, una cifra que podr\u00eda aumentar este 2025 si se concreta la nominaci\u00f3n de Karla Sof\u00eda Gasc\u00f3n por &#039;Emilia P\u00e9rez&#039; que, de ganarlo, ser\u00eda el segundo para una actriz espa\u00f1ola tras el de Pen\u00e9lope Cruz.\" \/>\n<meta name=\"robots\" content=\"index, follow, max-snippet:-1, max-image-preview:large, max-video-preview:-1\" \/>\n<link rel=\"canonical\" href=\"https:\/\/www.americanonewspaper.com\/es\/emilia-arrasa\/karla-sofia-gascon-y-emilia-perez-una-nueva-victoria-espanola-en-los-oscar\/\" \/>\n<meta property=\"og:locale\" content=\"en_US\" \/>\n<meta property=\"og:type\" content=\"article\" \/>\n<meta property=\"og:title\" content=\"Karla Sof\u00eda Gasc\u00f3n y &#039;Emilia P\u00e9rez&#039;: \u00bfuna nueva victoria espa\u00f1ola en los \u00d3scar?\" \/>\n<meta property=\"og:description\" content=\"Desde que en 1929 se celebrara la primera edici\u00f3n de los Premios \u00d3scar, el cine espa\u00f1ol ha recibido 17 premios, una cifra que podr\u00eda aumentar este 2025 si se concreta la nominaci\u00f3n de Karla Sof\u00eda Gasc\u00f3n por &#039;Emilia P\u00e9rez&#039; que, de ganarlo, ser\u00eda el segundo para una actriz espa\u00f1ola tras el de Pen\u00e9lope Cruz.\" \/>\n<meta property=\"og:url\" content=\"https:\/\/www.americanonewspaper.com\/es\/emilia-arrasa\/karla-sofia-gascon-y-emilia-perez-una-nueva-victoria-espanola-en-los-oscar\/\" \/>\n<meta property=\"og:site_name\" content=\"Americano Newspaper\" \/>\n<meta property=\"article:publisher\" content=\"https:\/\/www.facebook.com\/AmericanoNewspaper\/\" \/>\n<meta property=\"article:published_time\" content=\"2025-02-28T18:56:13+00:00\" \/>\n<meta property=\"article:modified_time\" content=\"2025-02-28T18:56:16+00:00\" \/>\n<meta property=\"og:image\" content=\"https:\/\/www.americanonewspaper.com\/es\/wp-content\/uploads\/2025\/02\/cine-3.webp\" \/>\n\t<meta property=\"og:image:width\" content=\"900\" \/>\n\t<meta property=\"og:image:height\" content=\"600\" \/>\n\t<meta property=\"og:image:type\" content=\"image\/webp\" \/>\n<meta name=\"author\" content=\"Victoria Deus\" \/>\n<meta name=\"twitter:card\" content=\"summary_large_image\" \/>\n<meta name=\"twitter:label1\" content=\"Written by\" \/>\n\t<meta name=\"twitter:data1\" content=\"Victoria Deus\" \/>\n\t<meta name=\"twitter:label2\" content=\"Est. reading time\" \/>\n\t<meta name=\"twitter:data2\" content=\"5 minutes\" \/>\n<script type=\"application\/ld+json\" class=\"yoast-schema-graph\">{\"@context\":\"https:\\\/\\\/schema.org\",\"@graph\":[{\"@type\":\"Article\",\"@id\":\"https:\\\/\\\/www.americanonewspaper.com\\\/es\\\/emilia-arrasa\\\/karla-sofia-gascon-y-emilia-perez-una-nueva-victoria-espanola-en-los-oscar\\\/#article\",\"isPartOf\":{\"@id\":\"https:\\\/\\\/www.americanonewspaper.com\\\/es\\\/emilia-arrasa\\\/karla-sofia-gascon-y-emilia-perez-una-nueva-victoria-espanola-en-los-oscar\\\/\"},\"author\":{\"name\":\"Victoria Deus\",\"@id\":\"https:\\\/\\\/www.americanonewspaper.com\\\/es\\\/#\\\/schema\\\/person\\\/875497672032163af362240e09375960\"},\"headline\":\"Karla Sof\u00eda Gasc\u00f3n y &#8216;Emilia P\u00e9rez&#8217;: \u00bfuna nueva victoria espa\u00f1ola en los \u00d3scar?\",\"datePublished\":\"2025-02-28T18:56:13+00:00\",\"dateModified\":\"2025-02-28T18:56:16+00:00\",\"mainEntityOfPage\":{\"@id\":\"https:\\\/\\\/www.americanonewspaper.com\\\/es\\\/emilia-arrasa\\\/karla-sofia-gascon-y-emilia-perez-una-nueva-victoria-espanola-en-los-oscar\\\/\"},\"wordCount\":919,\"commentCount\":0,\"publisher\":{\"@id\":\"https:\\\/\\\/www.americanonewspaper.com\\\/es\\\/#organization\"},\"image\":{\"@id\":\"https:\\\/\\\/www.americanonewspaper.com\\\/es\\\/emilia-arrasa\\\/karla-sofia-gascon-y-emilia-perez-una-nueva-victoria-espanola-en-los-oscar\\\/#primaryimage\"},\"thumbnailUrl\":\"https:\\\/\\\/www.americanonewspaper.com\\\/es\\\/wp-content\\\/uploads\\\/2025\\\/02\\\/cine-3.webp\",\"articleSection\":[\"Emilia arrasa\",\"Espa\u00f1a\",\"Far\u00e1ndula\",\"Premios\"],\"inLanguage\":\"en-US\",\"potentialAction\":[{\"@type\":\"CommentAction\",\"name\":\"Comment\",\"target\":[\"https:\\\/\\\/www.americanonewspaper.com\\\/es\\\/emilia-arrasa\\\/karla-sofia-gascon-y-emilia-perez-una-nueva-victoria-espanola-en-los-oscar\\\/#respond\"]}]},{\"@type\":\"WebPage\",\"@id\":\"https:\\\/\\\/www.americanonewspaper.com\\\/es\\\/emilia-arrasa\\\/karla-sofia-gascon-y-emilia-perez-una-nueva-victoria-espanola-en-los-oscar\\\/\",\"url\":\"https:\\\/\\\/www.americanonewspaper.com\\\/es\\\/emilia-arrasa\\\/karla-sofia-gascon-y-emilia-perez-una-nueva-victoria-espanola-en-los-oscar\\\/\",\"name\":\"Karla Sof\u00eda Gasc\u00f3n y 'Emilia P\u00e9rez': \u00bfuna nueva victoria espa\u00f1ola en los \u00d3scar? - Americano Newspaper\",\"isPartOf\":{\"@id\":\"https:\\\/\\\/www.americanonewspaper.com\\\/es\\\/#website\"},\"primaryImageOfPage\":{\"@id\":\"https:\\\/\\\/www.americanonewspaper.com\\\/es\\\/emilia-arrasa\\\/karla-sofia-gascon-y-emilia-perez-una-nueva-victoria-espanola-en-los-oscar\\\/#primaryimage\"},\"image\":{\"@id\":\"https:\\\/\\\/www.americanonewspaper.com\\\/es\\\/emilia-arrasa\\\/karla-sofia-gascon-y-emilia-perez-una-nueva-victoria-espanola-en-los-oscar\\\/#primaryimage\"},\"thumbnailUrl\":\"https:\\\/\\\/www.americanonewspaper.com\\\/es\\\/wp-content\\\/uploads\\\/2025\\\/02\\\/cine-3.webp\",\"datePublished\":\"2025-02-28T18:56:13+00:00\",\"dateModified\":\"2025-02-28T18:56:16+00:00\",\"description\":\"Desde que en 1929 se celebrara la primera edici\u00f3n de los Premios \u00d3scar, el cine espa\u00f1ol ha recibido 17 premios, una cifra que podr\u00eda aumentar este 2025 si se concreta la nominaci\u00f3n de Karla Sof\u00eda Gasc\u00f3n por 'Emilia P\u00e9rez' que, de ganarlo, ser\u00eda el segundo para una actriz espa\u00f1ola tras el de Pen\u00e9lope Cruz.\",\"breadcrumb\":{\"@id\":\"https:\\\/\\\/www.americanonewspaper.com\\\/es\\\/emilia-arrasa\\\/karla-sofia-gascon-y-emilia-perez-una-nueva-victoria-espanola-en-los-oscar\\\/#breadcrumb\"},\"inLanguage\":\"en-US\",\"potentialAction\":[{\"@type\":\"ReadAction\",\"target\":[\"https:\\\/\\\/www.americanonewspaper.com\\\/es\\\/emilia-arrasa\\\/karla-sofia-gascon-y-emilia-perez-una-nueva-victoria-espanola-en-los-oscar\\\/\"]}]},{\"@type\":\"ImageObject\",\"inLanguage\":\"en-US\",\"@id\":\"https:\\\/\\\/www.americanonewspaper.com\\\/es\\\/emilia-arrasa\\\/karla-sofia-gascon-y-emilia-perez-una-nueva-victoria-espanola-en-los-oscar\\\/#primaryimage\",\"url\":\"https:\\\/\\\/www.americanonewspaper.com\\\/es\\\/wp-content\\\/uploads\\\/2025\\\/02\\\/cine-3.webp\",\"contentUrl\":\"https:\\\/\\\/www.americanonewspaper.com\\\/es\\\/wp-content\\\/uploads\\\/2025\\\/02\\\/cine-3.webp\",\"width\":900,\"height\":600,\"caption\":\"Espa\u00f1a rumbo al \u00d3scar: Karla Sof\u00eda Gasc\u00f3n y su posible triunfo con 'Emilia P\u00e9rez'\"},{\"@type\":\"BreadcrumbList\",\"@id\":\"https:\\\/\\\/www.americanonewspaper.com\\\/es\\\/emilia-arrasa\\\/karla-sofia-gascon-y-emilia-perez-una-nueva-victoria-espanola-en-los-oscar\\\/#breadcrumb\",\"itemListElement\":[{\"@type\":\"ListItem\",\"position\":1,\"name\":\"Home\",\"item\":\"https:\\\/\\\/www.americanonewspaper.com\\\/es\\\/\"},{\"@type\":\"ListItem\",\"position\":2,\"name\":\"Karla Sof\u00eda Gasc\u00f3n y &#8216;Emilia P\u00e9rez&#8217;: \u00bfuna nueva victoria espa\u00f1ola en los \u00d3scar?\"}]},{\"@type\":\"WebSite\",\"@id\":\"https:\\\/\\\/www.americanonewspaper.com\\\/es\\\/#website\",\"url\":\"https:\\\/\\\/www.americanonewspaper.com\\\/es\\\/\",\"name\":\"Americano Newspaper\",\"description\":\"The Hispanic Newspaper of New Jersey.\",\"publisher\":{\"@id\":\"https:\\\/\\\/www.americanonewspaper.com\\\/es\\\/#organization\"},\"potentialAction\":[{\"@type\":\"SearchAction\",\"target\":{\"@type\":\"EntryPoint\",\"urlTemplate\":\"https:\\\/\\\/www.americanonewspaper.com\\\/es\\\/?s={search_term_string}\"},\"query-input\":{\"@type\":\"PropertyValueSpecification\",\"valueRequired\":true,\"valueName\":\"search_term_string\"}}],\"inLanguage\":\"en-US\"},{\"@type\":\"Organization\",\"@id\":\"https:\\\/\\\/www.americanonewspaper.com\\\/es\\\/#organization\",\"name\":\"Americano Newspaper\",\"url\":\"https:\\\/\\\/www.americanonewspaper.com\\\/es\\\/\",\"logo\":{\"@type\":\"ImageObject\",\"inLanguage\":\"en-US\",\"@id\":\"https:\\\/\\\/www.americanonewspaper.com\\\/es\\\/#\\\/schema\\\/logo\\\/image\\\/\",\"url\":\"https:\\\/\\\/www.americanonewspaper.com\\\/es\\\/wp-content\\\/uploads\\\/2024\\\/05\\\/AmericanoLogoCircle.comCircle2.jpg\",\"contentUrl\":\"https:\\\/\\\/www.americanonewspaper.com\\\/es\\\/wp-content\\\/uploads\\\/2024\\\/05\\\/AmericanoLogoCircle.comCircle2.jpg\",\"width\":600,\"height\":600,\"caption\":\"Americano Newspaper\"},\"image\":{\"@id\":\"https:\\\/\\\/www.americanonewspaper.com\\\/es\\\/#\\\/schema\\\/logo\\\/image\\\/\"},\"sameAs\":[\"https:\\\/\\\/www.facebook.com\\\/AmericanoNewspaper\\\/\"]},{\"@type\":\"Person\",\"@id\":\"https:\\\/\\\/www.americanonewspaper.com\\\/es\\\/#\\\/schema\\\/person\\\/875497672032163af362240e09375960\",\"name\":\"Victoria Deus\",\"image\":{\"@type\":\"ImageObject\",\"inLanguage\":\"en-US\",\"@id\":\"https:\\\/\\\/www.americanonewspaper.com\\\/es\\\/wp-content\\\/litespeed\\\/avatar\\\/87ebc08dcb2dba9e584c4557748a9de2.jpg?ver=1777428042\",\"url\":\"https:\\\/\\\/www.americanonewspaper.com\\\/es\\\/wp-content\\\/litespeed\\\/avatar\\\/87ebc08dcb2dba9e584c4557748a9de2.jpg?ver=1777428042\",\"contentUrl\":\"https:\\\/\\\/www.americanonewspaper.com\\\/es\\\/wp-content\\\/litespeed\\\/avatar\\\/87ebc08dcb2dba9e584c4557748a9de2.jpg?ver=1777428042\",\"caption\":\"Victoria Deus\"},\"sameAs\":[\"http:\\\/\\\/www.americanonewspaper.com\"],\"url\":\"https:\\\/\\\/www.americanonewspaper.com\\\/es\\\/author\\\/victoria\\\/\"}]}<\/script>\n<!-- \/ Yoast SEO Premium plugin. -->","yoast_head_json":{"title":"Karla Sof\u00eda Gasc\u00f3n y 'Emilia P\u00e9rez': \u00bfuna nueva victoria espa\u00f1ola en los \u00d3scar? - Americano Newspaper","description":"Desde que en 1929 se celebrara la primera edici\u00f3n de los Premios \u00d3scar, el cine espa\u00f1ol ha recibido 17 premios, una cifra que podr\u00eda aumentar este 2025 si se concreta la nominaci\u00f3n de Karla Sof\u00eda Gasc\u00f3n por 'Emilia P\u00e9rez' que, de ganarlo, ser\u00eda el segundo para una actriz espa\u00f1ola tras el de Pen\u00e9lope Cruz.","robots":{"index":"index","follow":"follow","max-snippet":"max-snippet:-1","max-image-preview":"max-image-preview:large","max-video-preview":"max-video-preview:-1"},"canonical":"https:\/\/www.americanonewspaper.com\/es\/emilia-arrasa\/karla-sofia-gascon-y-emilia-perez-una-nueva-victoria-espanola-en-los-oscar\/","og_locale":"en_US","og_type":"article","og_title":"Karla Sof\u00eda Gasc\u00f3n y 'Emilia P\u00e9rez': \u00bfuna nueva victoria espa\u00f1ola en los \u00d3scar?","og_description":"Desde que en 1929 se celebrara la primera edici\u00f3n de los Premios \u00d3scar, el cine espa\u00f1ol ha recibido 17 premios, una cifra que podr\u00eda aumentar este 2025 si se concreta la nominaci\u00f3n de Karla Sof\u00eda Gasc\u00f3n por 'Emilia P\u00e9rez' que, de ganarlo, ser\u00eda el segundo para una actriz espa\u00f1ola tras el de Pen\u00e9lope Cruz.","og_url":"https:\/\/www.americanonewspaper.com\/es\/emilia-arrasa\/karla-sofia-gascon-y-emilia-perez-una-nueva-victoria-espanola-en-los-oscar\/","og_site_name":"Americano Newspaper","article_publisher":"https:\/\/www.facebook.com\/AmericanoNewspaper\/","article_published_time":"2025-02-28T18:56:13+00:00","article_modified_time":"2025-02-28T18:56:16+00:00","og_image":[{"width":900,"height":600,"url":"https:\/\/www.americanonewspaper.com\/es\/wp-content\/uploads\/2025\/02\/cine-3.webp","type":"image\/webp"}],"author":"Victoria Deus","twitter_card":"summary_large_image","twitter_misc":{"Written by":"Victoria Deus","Est. reading time":"5 minutes"},"schema":{"@context":"https:\/\/schema.org","@graph":[{"@type":"Article","@id":"https:\/\/www.americanonewspaper.com\/es\/emilia-arrasa\/karla-sofia-gascon-y-emilia-perez-una-nueva-victoria-espanola-en-los-oscar\/#article","isPartOf":{"@id":"https:\/\/www.americanonewspaper.com\/es\/emilia-arrasa\/karla-sofia-gascon-y-emilia-perez-una-nueva-victoria-espanola-en-los-oscar\/"},"author":{"name":"Victoria Deus","@id":"https:\/\/www.americanonewspaper.com\/es\/#\/schema\/person\/875497672032163af362240e09375960"},"headline":"Karla Sof\u00eda Gasc\u00f3n y &#8216;Emilia P\u00e9rez&#8217;: \u00bfuna nueva victoria espa\u00f1ola en los \u00d3scar?","datePublished":"2025-02-28T18:56:13+00:00","dateModified":"2025-02-28T18:56:16+00:00","mainEntityOfPage":{"@id":"https:\/\/www.americanonewspaper.com\/es\/emilia-arrasa\/karla-sofia-gascon-y-emilia-perez-una-nueva-victoria-espanola-en-los-oscar\/"},"wordCount":919,"commentCount":0,"publisher":{"@id":"https:\/\/www.americanonewspaper.com\/es\/#organization"},"image":{"@id":"https:\/\/www.americanonewspaper.com\/es\/emilia-arrasa\/karla-sofia-gascon-y-emilia-perez-una-nueva-victoria-espanola-en-los-oscar\/#primaryimage"},"thumbnailUrl":"https:\/\/www.americanonewspaper.com\/es\/wp-content\/uploads\/2025\/02\/cine-3.webp","articleSection":["Emilia arrasa","Espa\u00f1a","Far\u00e1ndula","Premios"],"inLanguage":"en-US","potentialAction":[{"@type":"CommentAction","name":"Comment","target":["https:\/\/www.americanonewspaper.com\/es\/emilia-arrasa\/karla-sofia-gascon-y-emilia-perez-una-nueva-victoria-espanola-en-los-oscar\/#respond"]}]},{"@type":"WebPage","@id":"https:\/\/www.americanonewspaper.com\/es\/emilia-arrasa\/karla-sofia-gascon-y-emilia-perez-una-nueva-victoria-espanola-en-los-oscar\/","url":"https:\/\/www.americanonewspaper.com\/es\/emilia-arrasa\/karla-sofia-gascon-y-emilia-perez-una-nueva-victoria-espanola-en-los-oscar\/","name":"Karla Sof\u00eda Gasc\u00f3n y 'Emilia P\u00e9rez': \u00bfuna nueva victoria espa\u00f1ola en los \u00d3scar? - Americano Newspaper","isPartOf":{"@id":"https:\/\/www.americanonewspaper.com\/es\/#website"},"primaryImageOfPage":{"@id":"https:\/\/www.americanonewspaper.com\/es\/emilia-arrasa\/karla-sofia-gascon-y-emilia-perez-una-nueva-victoria-espanola-en-los-oscar\/#primaryimage"},"image":{"@id":"https:\/\/www.americanonewspaper.com\/es\/emilia-arrasa\/karla-sofia-gascon-y-emilia-perez-una-nueva-victoria-espanola-en-los-oscar\/#primaryimage"},"thumbnailUrl":"https:\/\/www.americanonewspaper.com\/es\/wp-content\/uploads\/2025\/02\/cine-3.webp","datePublished":"2025-02-28T18:56:13+00:00","dateModified":"2025-02-28T18:56:16+00:00","description":"Desde que en 1929 se celebrara la primera edici\u00f3n de los Premios \u00d3scar, el cine espa\u00f1ol ha recibido 17 premios, una cifra que podr\u00eda aumentar este 2025 si se concreta la nominaci\u00f3n de Karla Sof\u00eda Gasc\u00f3n por 'Emilia P\u00e9rez' que, de ganarlo, ser\u00eda el segundo para una actriz espa\u00f1ola tras el de Pen\u00e9lope Cruz.","breadcrumb":{"@id":"https:\/\/www.americanonewspaper.com\/es\/emilia-arrasa\/karla-sofia-gascon-y-emilia-perez-una-nueva-victoria-espanola-en-los-oscar\/#breadcrumb"},"inLanguage":"en-US","potentialAction":[{"@type":"ReadAction","target":["https:\/\/www.americanonewspaper.com\/es\/emilia-arrasa\/karla-sofia-gascon-y-emilia-perez-una-nueva-victoria-espanola-en-los-oscar\/"]}]},{"@type":"ImageObject","inLanguage":"en-US","@id":"https:\/\/www.americanonewspaper.com\/es\/emilia-arrasa\/karla-sofia-gascon-y-emilia-perez-una-nueva-victoria-espanola-en-los-oscar\/#primaryimage","url":"https:\/\/www.americanonewspaper.com\/es\/wp-content\/uploads\/2025\/02\/cine-3.webp","contentUrl":"https:\/\/www.americanonewspaper.com\/es\/wp-content\/uploads\/2025\/02\/cine-3.webp","width":900,"height":600,"caption":"Espa\u00f1a rumbo al \u00d3scar: Karla Sof\u00eda Gasc\u00f3n y su posible triunfo con 'Emilia P\u00e9rez'"},{"@type":"BreadcrumbList","@id":"https:\/\/www.americanonewspaper.com\/es\/emilia-arrasa\/karla-sofia-gascon-y-emilia-perez-una-nueva-victoria-espanola-en-los-oscar\/#breadcrumb","itemListElement":[{"@type":"ListItem","position":1,"name":"Home","item":"https:\/\/www.americanonewspaper.com\/es\/"},{"@type":"ListItem","position":2,"name":"Karla Sof\u00eda Gasc\u00f3n y &#8216;Emilia P\u00e9rez&#8217;: \u00bfuna nueva victoria espa\u00f1ola en los \u00d3scar?"}]},{"@type":"WebSite","@id":"https:\/\/www.americanonewspaper.com\/es\/#website","url":"https:\/\/www.americanonewspaper.com\/es\/","name":"Americano Newspaper","description":"The Hispanic Newspaper of New Jersey.","publisher":{"@id":"https:\/\/www.americanonewspaper.com\/es\/#organization"},"potentialAction":[{"@type":"SearchAction","target":{"@type":"EntryPoint","urlTemplate":"https:\/\/www.americanonewspaper.com\/es\/?s={search_term_string}"},"query-input":{"@type":"PropertyValueSpecification","valueRequired":true,"valueName":"search_term_string"}}],"inLanguage":"en-US"},{"@type":"Organization","@id":"https:\/\/www.americanonewspaper.com\/es\/#organization","name":"Americano Newspaper","url":"https:\/\/www.americanonewspaper.com\/es\/","logo":{"@type":"ImageObject","inLanguage":"en-US","@id":"https:\/\/www.americanonewspaper.com\/es\/#\/schema\/logo\/image\/","url":"https:\/\/www.americanonewspaper.com\/es\/wp-content\/uploads\/2024\/05\/AmericanoLogoCircle.comCircle2.jpg","contentUrl":"https:\/\/www.americanonewspaper.com\/es\/wp-content\/uploads\/2024\/05\/AmericanoLogoCircle.comCircle2.jpg","width":600,"height":600,"caption":"Americano Newspaper"},"image":{"@id":"https:\/\/www.americanonewspaper.com\/es\/#\/schema\/logo\/image\/"},"sameAs":["https:\/\/www.facebook.com\/AmericanoNewspaper\/"]},{"@type":"Person","@id":"https:\/\/www.americanonewspaper.com\/es\/#\/schema\/person\/875497672032163af362240e09375960","name":"Victoria Deus","image":{"@type":"ImageObject","inLanguage":"en-US","@id":"https:\/\/www.americanonewspaper.com\/es\/wp-content\/litespeed\/avatar\/87ebc08dcb2dba9e584c4557748a9de2.jpg?ver=1777428042","url":"https:\/\/www.americanonewspaper.com\/es\/wp-content\/litespeed\/avatar\/87ebc08dcb2dba9e584c4557748a9de2.jpg?ver=1777428042","contentUrl":"https:\/\/www.americanonewspaper.com\/es\/wp-content\/litespeed\/avatar\/87ebc08dcb2dba9e584c4557748a9de2.jpg?ver=1777428042","caption":"Victoria Deus"},"sameAs":["http:\/\/www.americanonewspaper.com"],"url":"https:\/\/www.americanonewspaper.com\/es\/author\/victoria\/"}]}},"jetpack_publicize_connections":[],"jetpack_featured_media_url":"https:\/\/www.americanonewspaper.com\/es\/wp-content\/uploads\/2025\/02\/cine-3.webp","featured_image_urls":{"full":["https:\/\/www.americanonewspaper.com\/es\/wp-content\/uploads\/2025\/02\/cine-3.webp",900,600,false],"thumbnail":["https:\/\/www.americanonewspaper.com\/es\/wp-content\/uploads\/2025\/02\/cine-3-250x250.webp",250,250,true],"medium":["https:\/\/www.americanonewspaper.com\/es\/wp-content\/uploads\/2025\/02\/cine-3-300x200.webp",300,200,true],"medium_large":["https:\/\/www.americanonewspaper.com\/es\/wp-content\/uploads\/2025\/02\/cine-3-768x512.webp",696,464,true],"large":["https:\/\/www.americanonewspaper.com\/es\/wp-content\/uploads\/2025\/02\/cine-3-750x500.webp",696,464,true],"1536x1536":["https:\/\/www.americanonewspaper.com\/es\/wp-content\/uploads\/2025\/02\/cine-3.webp",900,600,false],"2048x2048":["https:\/\/www.americanonewspaper.com\/es\/wp-content\/uploads\/2025\/02\/cine-3.webp",900,600,false],"td_150x0":["https:\/\/www.americanonewspaper.com\/es\/wp-content\/uploads\/2025\/02\/cine-3-150x100.webp",150,100,true],"td_218x150":["https:\/\/www.americanonewspaper.com\/es\/wp-content\/uploads\/2025\/02\/cine-3-218x150.webp",218,150,true],"td_300x0":["https:\/\/www.americanonewspaper.com\/es\/wp-content\/uploads\/2025\/02\/cine-3-300x200.webp",300,200,true],"td_324x400":["https:\/\/www.americanonewspaper.com\/es\/wp-content\/uploads\/2025\/02\/cine-3-324x400.webp",324,400,true],"td_485x360":["https:\/\/www.americanonewspaper.com\/es\/wp-content\/uploads\/2025\/02\/cine-3-485x360.webp",485,360,true],"td_696x0":["https:\/\/www.americanonewspaper.com\/es\/wp-content\/uploads\/2025\/02\/cine-3-696x464.webp",696,464,true],"td_1068x0":["https:\/\/www.americanonewspaper.com\/es\/wp-content\/uploads\/2025\/02\/cine-3.webp",900,600,false],"td_1920x0":["https:\/\/www.americanonewspaper.com\/es\/wp-content\/uploads\/2025\/02\/cine-3.webp",900,600,false],"bdpp-medium":["https:\/\/www.americanonewspaper.com\/es\/wp-content\/uploads\/2025\/02\/cine-3.webp",640,427,false]},"author_info":{"display_name":"Victoria Deus","author_link":"https:\/\/www.americanonewspaper.com\/es\/author\/victoria\/"},"category_info":"<a href=\"https:\/\/www.americanonewspaper.com\/es\/category\/emilia-arrasa\/\" rel=\"category tag\">Emilia arrasa<\/a> <a href=\"https:\/\/www.americanonewspaper.com\/es\/category\/europe\/espana\/\" rel=\"category tag\">Espa\u00f1a<\/a> <a href=\"https:\/\/www.americanonewspaper.com\/es\/category\/farandula\/\" rel=\"category tag\">Far\u00e1ndula<\/a> <a href=\"https:\/\/www.americanonewspaper.com\/es\/category\/premios\/\" rel=\"category tag\">Premios<\/a>","tag_info":"Premios","comment_count":"0","jetpack_sharing_enabled":true,"jetpack_likes_enabled":true,"_links":{"self":[{"href":"https:\/\/www.americanonewspaper.com\/es\/wp-json\/wp\/v2\/posts\/25186","targetHints":{"allow":["GET"]}}],"collection":[{"href":"https:\/\/www.americanonewspaper.com\/es\/wp-json\/wp\/v2\/posts"}],"about":[{"href":"https:\/\/www.americanonewspaper.com\/es\/wp-json\/wp\/v2\/types\/post"}],"author":[{"embeddable":true,"href":"https:\/\/www.americanonewspaper.com\/es\/wp-json\/wp\/v2\/users\/18"}],"replies":[{"embeddable":true,"href":"https:\/\/www.americanonewspaper.com\/es\/wp-json\/wp\/v2\/comments?post=25186"}],"version-history":[{"count":1,"href":"https:\/\/www.americanonewspaper.com\/es\/wp-json\/wp\/v2\/posts\/25186\/revisions"}],"predecessor-version":[{"id":25193,"href":"https:\/\/www.americanonewspaper.com\/es\/wp-json\/wp\/v2\/posts\/25186\/revisions\/25193"}],"wp:featuredmedia":[{"embeddable":true,"href":"https:\/\/www.americanonewspaper.com\/es\/wp-json\/wp\/v2\/media\/25192"}],"wp:attachment":[{"href":"https:\/\/www.americanonewspaper.com\/es\/wp-json\/wp\/v2\/media?parent=25186"}],"wp:term":[{"taxonomy":"category","embeddable":true,"href":"https:\/\/www.americanonewspaper.com\/es\/wp-json\/wp\/v2\/categories?post=25186"},{"taxonomy":"post_tag","embeddable":true,"href":"https:\/\/www.americanonewspaper.com\/es\/wp-json\/wp\/v2\/tags?post=25186"}],"curies":[{"name":"wp","href":"https:\/\/api.w.org\/{rel}","templated":true}]}}