{"id":25130,"date":"2025-02-25T12:11:58","date_gmt":"2025-02-25T17:11:58","guid":{"rendered":"https:\/\/www.americanonewspaper.com\/es\/?p=25130"},"modified":"2025-02-25T12:12:01","modified_gmt":"2025-02-25T17:12:01","slug":"mbappe-y-fede-valverde-podran-jugar-en-san-sebastian","status":"publish","type":"post","link":"https:\/\/www.americanonewspaper.com\/es\/kyliam-mbappe\/mbappe-y-fede-valverde-podran-jugar-en-san-sebastian\/","title":{"rendered":"Mbapp\u00e9 y Fede Valverde podr\u00e1n jugar en San Sebast\u00edan"},"content":{"rendered":"\n<p><a href=\"https:\/\/www.americanonewspaper.com\/es\/\">Americanonewspaper<\/a> <\/p>\n\n\n\n<p class=\"dropcapp4\">El uruguayo Fede Valverde y el franc\u00e9s Kylian Mbapp\u00e9 podr\u00e1n jugar ante la Real Sociedad en San Sebasti\u00e1n, en la ida de la semifinal de la Copa del Rey, si Carlo Ancelotti lo estima oportuno, como confirm\u00f3 el t\u00e9cnico del Real Madrid.<\/p>\n\n\n<div class=\"wp-block-image\">\n<figure class=\"aligncenter size-large is-resized\"><a href=\"https:\/\/www.eventbrite.com\/e\/the-art-of-being-a-modern-latina-event-2025-tickets-1228520992359?aff=oddtdtcreator\"><img fetchpriority=\"high\" decoding=\"async\" width=\"800\" height=\"351\" src=\"https:\/\/www.americanonewspaper.com\/es\/wp-content\/uploads\/2025\/02\/Screenshot-2025-02-11-at-7.39.59\u202fAM-1536x674-9-800x351.webp\" alt=\"\" class=\"wp-image-25135\" style=\"width:1056px;height:auto\" srcset=\"https:\/\/www.americanonewspaper.com\/es\/wp-content\/uploads\/2025\/02\/Screenshot-2025-02-11-at-7.39.59\u202fAM-1536x674-9-800x351.webp 800w, https:\/\/www.americanonewspaper.com\/es\/wp-content\/uploads\/2025\/02\/Screenshot-2025-02-11-at-7.39.59\u202fAM-1536x674-9-300x132.webp 300w, https:\/\/www.americanonewspaper.com\/es\/wp-content\/uploads\/2025\/02\/Screenshot-2025-02-11-at-7.39.59\u202fAM-1536x674-9-768x337.webp 768w, https:\/\/www.americanonewspaper.com\/es\/wp-content\/uploads\/2025\/02\/Screenshot-2025-02-11-at-7.39.59\u202fAM-1536x674-9-150x66.webp 150w, https:\/\/www.americanonewspaper.com\/es\/wp-content\/uploads\/2025\/02\/Screenshot-2025-02-11-at-7.39.59\u202fAM-1536x674-9-696x305.webp 696w, https:\/\/www.americanonewspaper.com\/es\/wp-content\/uploads\/2025\/02\/Screenshot-2025-02-11-at-7.39.59\u202fAM-1536x674-9-1068x469.webp 1068w, https:\/\/www.americanonewspaper.com\/es\/wp-content\/uploads\/2025\/02\/Screenshot-2025-02-11-at-7.39.59\u202fAM-1536x674-9.webp 1536w\" sizes=\"(max-width: 800px) 100vw, 800px\" \/><\/a><\/figure>\n<\/div>\n\n\n<p>La ausencia de Mbapp\u00e9 en el entrenamiento del martes, tras la extracci\u00f3n de una muela durante el lunes, no provocar\u00e1 su ausencia en la convocatoria ni en el partido ante la Real Sociedad.<\/p>\n\n\n<div class=\"wp-block-image\">\n<figure class=\"aligncenter size-large is-resized\"><img decoding=\"async\" width=\"800\" height=\"365\" src=\"https:\/\/www.americanonewspaper.com\/es\/wp-content\/uploads\/2025\/02\/Screenshot-2025-02-20-at-9.11.40\u202fAM-1920x877-4-800x365.webp\" alt=\"\" class=\"wp-image-25132\" style=\"width:1068px;height:auto\" srcset=\"https:\/\/www.americanonewspaper.com\/es\/wp-content\/uploads\/2025\/02\/Screenshot-2025-02-20-at-9.11.40\u202fAM-1920x877-4-800x365.webp 800w, https:\/\/www.americanonewspaper.com\/es\/wp-content\/uploads\/2025\/02\/Screenshot-2025-02-20-at-9.11.40\u202fAM-1920x877-4-300x137.webp 300w, https:\/\/www.americanonewspaper.com\/es\/wp-content\/uploads\/2025\/02\/Screenshot-2025-02-20-at-9.11.40\u202fAM-1920x877-4-768x351.webp 768w, https:\/\/www.americanonewspaper.com\/es\/wp-content\/uploads\/2025\/02\/Screenshot-2025-02-20-at-9.11.40\u202fAM-1920x877-4-1536x702.webp 1536w, https:\/\/www.americanonewspaper.com\/es\/wp-content\/uploads\/2025\/02\/Screenshot-2025-02-20-at-9.11.40\u202fAM-1920x877-4-150x69.webp 150w, https:\/\/www.americanonewspaper.com\/es\/wp-content\/uploads\/2025\/02\/Screenshot-2025-02-20-at-9.11.40\u202fAM-1920x877-4-696x318.webp 696w, https:\/\/www.americanonewspaper.com\/es\/wp-content\/uploads\/2025\/02\/Screenshot-2025-02-20-at-9.11.40\u202fAM-1920x877-4-1068x488.webp 1068w, https:\/\/www.americanonewspaper.com\/es\/wp-content\/uploads\/2025\/02\/Screenshot-2025-02-20-at-9.11.40\u202fAM-1920x877-4.webp 1920w\" sizes=\"(max-width: 800px) 100vw, 800px\" \/><\/figure>\n<\/div>\n\n\n<p>&#8220;Ma\u00f1ana Mbapp\u00e9 viaja&#8221;, inform\u00f3 Ancelotti en su comparecencia ante los medios de comunicaci\u00f3n en la ciudad deportiva de Valdebebas. &#8220;Hoy ha tenido un problema con el diente y no ha podido entrenar pero ma\u00f1ana viaja y puede jugar el partido&#8221;, a\u00f1adi\u00f3.<\/p>\n\n\n\n<p>Mientras, Fede Valverde, que descans\u00f3 ante el Girona en LaLiga y se ausent\u00f3 de la sesi\u00f3n del lunes por molestias f\u00edsicas que arrastra de los \u00faltimos partidos, tuvo buenas sensaciones en su regreso al grupo en el entrenamiento del martes.<\/p>\n\n\n<div class=\"wp-block-image\">\n<figure class=\"aligncenter size-large is-resized\"><a href=\"https:\/\/www.nissanofnorthplainfield.com\/?utm_source=gmb&amp;utm_medium=organic&amp;utm_campaign=website-button\"><img decoding=\"async\" width=\"800\" height=\"382\" src=\"https:\/\/www.americanonewspaper.com\/es\/wp-content\/uploads\/2025\/02\/Nissan-copy-1-3-800x382.jpg\" alt=\"\" class=\"wp-image-25133\" style=\"width:1068px;height:auto\" srcset=\"https:\/\/www.americanonewspaper.com\/es\/wp-content\/uploads\/2025\/02\/Nissan-copy-1-3-800x382.jpg 800w, https:\/\/www.americanonewspaper.com\/es\/wp-content\/uploads\/2025\/02\/Nissan-copy-1-3-300x143.jpg 300w, https:\/\/www.americanonewspaper.com\/es\/wp-content\/uploads\/2025\/02\/Nissan-copy-1-3-768x367.jpg 768w, https:\/\/www.americanonewspaper.com\/es\/wp-content\/uploads\/2025\/02\/Nissan-copy-1-3-150x72.jpg 150w, https:\/\/www.americanonewspaper.com\/es\/wp-content\/uploads\/2025\/02\/Nissan-copy-1-3-696x332.jpg 696w, https:\/\/www.americanonewspaper.com\/es\/wp-content\/uploads\/2025\/02\/Nissan-copy-1-3-1068x510.jpg 1068w, https:\/\/www.americanonewspaper.com\/es\/wp-content\/uploads\/2025\/02\/Nissan-copy-1-3.jpg 1200w\" sizes=\"(max-width: 800px) 100vw, 800px\" \/><\/a><figcaption class=\"wp-element-caption\">Screenshot<\/figcaption><\/figure>\n<\/div>\n\n\n<p>&#8220;Podr\u00eda volver al lateral derecho&#8221;, dijo &#8216;Carletto&#8217;. &#8220;Est\u00e1 bastante bien y tengo que evaluar el estado de Lucas que vuelve de lesi\u00f3n y jug\u00f3 el partido entero. Tambi\u00e9n el de Alaba para ver que tipo de alineaci\u00f3n voy a hacer. Ya la he pensado pero no la voy a decir&#8221;, manifest\u00f3.<\/p>\n\n\n<div class=\"wp-block-image\">\n<figure class=\"aligncenter size-large is-resized\"><img loading=\"lazy\" decoding=\"async\" width=\"800\" height=\"437\" src=\"https:\/\/www.americanonewspaper.com\/es\/wp-content\/uploads\/2025\/02\/anuncio-10-800x437.png\" alt=\"\" class=\"wp-image-25134\" style=\"width:1068px;height:auto\" srcset=\"https:\/\/www.americanonewspaper.com\/es\/wp-content\/uploads\/2025\/02\/anuncio-10-800x437.png 800w, https:\/\/www.americanonewspaper.com\/es\/wp-content\/uploads\/2025\/02\/anuncio-10-300x164.png 300w, https:\/\/www.americanonewspaper.com\/es\/wp-content\/uploads\/2025\/02\/anuncio-10-768x420.png 768w, https:\/\/www.americanonewspaper.com\/es\/wp-content\/uploads\/2025\/02\/anuncio-10-1536x839.png 1536w, https:\/\/www.americanonewspaper.com\/es\/wp-content\/uploads\/2025\/02\/anuncio-10-150x82.png 150w, https:\/\/www.americanonewspaper.com\/es\/wp-content\/uploads\/2025\/02\/anuncio-10-696x380.png 696w, https:\/\/www.americanonewspaper.com\/es\/wp-content\/uploads\/2025\/02\/anuncio-10-1068x583.png 1068w, https:\/\/www.americanonewspaper.com\/es\/wp-content\/uploads\/2025\/02\/anuncio-10.png 1856w\" sizes=\"(max-width: 800px) 100vw, 800px\" \/><\/figure>\n<\/div>\n\n\n<p><\/p>\n","protected":false},"excerpt":{"rendered":"<p>Americanonewspaper El uruguayo Fede Valverde y el franc\u00e9s Kylian Mbapp\u00e9 podr\u00e1n jugar ante la Real Sociedad en San Sebasti\u00e1n, en la ida de la semifinal de la Copa del Rey, si Carlo Ancelotti lo estima oportuno, como confirm\u00f3 el t\u00e9cnico del Real Madrid. La ausencia de Mbapp\u00e9 en el entrenamiento del martes, tras la extracci\u00f3n [&hellip;]<\/p>\n","protected":false},"author":18,"featured_media":25131,"comment_status":"open","ping_status":"open","sticky":false,"template":"","format":"standard","meta":{"_acf_changed":false,"tdm_status":"","tdm_grid_status":"","_jetpack_memberships_contains_paid_content":false,"footnotes":"","jetpack_publicize_message":"","jetpack_publicize_feature_enabled":true,"jetpack_social_post_already_shared":true,"jetpack_social_options":{"image_generator_settings":{"template":"highway","default_image_id":0,"font":"","enabled":false},"version":2},"_wpas_customize_per_network":false},"categories":[703],"tags":[],"class_list":{"0":"post-25130","1":"post","2":"type-post","3":"status-publish","4":"format-standard","5":"has-post-thumbnail","7":"category-kyliam-mbappe"},"acf":[],"yoast_head":"<!-- This site is optimized with the Yoast SEO Premium plugin v27.5 (Yoast SEO v27.5) - https:\/\/yoast.com\/product\/yoast-seo-premium-wordpress\/ -->\n<title>Mbapp\u00e9 y Fede Valverde podr\u00e1n jugar en San Sebast\u00edan - Americano Newspaper<\/title>\n<meta name=\"description\" content=\"El uruguayo Fede Valverde y el franc\u00e9s Kylian Mbapp\u00e9 podr\u00e1n jugar ante la Real Sociedad en San Sebasti\u00e1n, en la ida de la semifinal de la Copa del Rey, si Carlo Ancelotti lo estima oportuno, como confirm\u00f3 el t\u00e9cnico del Real Madrid.\" \/>\n<meta name=\"robots\" content=\"index, follow, max-snippet:-1, max-image-preview:large, max-video-preview:-1\" \/>\n<link rel=\"canonical\" href=\"https:\/\/www.americanonewspaper.com\/es\/kyliam-mbappe\/mbappe-y-fede-valverde-podran-jugar-en-san-sebastian\/\" \/>\n<meta property=\"og:locale\" content=\"en_US\" \/>\n<meta property=\"og:type\" content=\"article\" \/>\n<meta property=\"og:title\" content=\"Mbapp\u00e9 y Fede Valverde podr\u00e1n jugar en San Sebast\u00edan\" \/>\n<meta property=\"og:description\" content=\"El uruguayo Fede Valverde y el franc\u00e9s Kylian Mbapp\u00e9 podr\u00e1n jugar ante la Real Sociedad en San Sebasti\u00e1n, en la ida de la semifinal de la Copa del Rey, si Carlo Ancelotti lo estima oportuno, como confirm\u00f3 el t\u00e9cnico del Real Madrid.\" \/>\n<meta property=\"og:url\" content=\"https:\/\/www.americanonewspaper.com\/es\/kyliam-mbappe\/mbappe-y-fede-valverde-podran-jugar-en-san-sebastian\/\" \/>\n<meta property=\"og:site_name\" content=\"Americano Newspaper\" \/>\n<meta property=\"article:publisher\" content=\"https:\/\/www.facebook.com\/AmericanoNewspaper\/\" \/>\n<meta property=\"article:published_time\" content=\"2025-02-25T17:11:58+00:00\" \/>\n<meta property=\"article:modified_time\" content=\"2025-02-25T17:12:01+00:00\" \/>\n<meta property=\"og:image\" content=\"https:\/\/www.americanonewspaper.com\/es\/wp-content\/uploads\/2025\/02\/Diseno-sin-titulo-18.png\" \/>\n\t<meta property=\"og:image:width\" content=\"940\" \/>\n\t<meta property=\"og:image:height\" content=\"788\" \/>\n\t<meta property=\"og:image:type\" content=\"image\/png\" \/>\n<meta name=\"author\" content=\"Victoria Deus\" \/>\n<meta name=\"twitter:card\" content=\"summary_large_image\" \/>\n<meta name=\"twitter:label1\" content=\"Written by\" \/>\n\t<meta name=\"twitter:data1\" content=\"Victoria Deus\" \/>\n\t<meta name=\"twitter:label2\" content=\"Est. reading time\" \/>\n\t<meta name=\"twitter:data2\" content=\"2 minutes\" \/>\n<script type=\"application\/ld+json\" class=\"yoast-schema-graph\">{\"@context\":\"https:\\\/\\\/schema.org\",\"@graph\":[{\"@type\":\"Article\",\"@id\":\"https:\\\/\\\/www.americanonewspaper.com\\\/es\\\/kyliam-mbappe\\\/mbappe-y-fede-valverde-podran-jugar-en-san-sebastian\\\/#article\",\"isPartOf\":{\"@id\":\"https:\\\/\\\/www.americanonewspaper.com\\\/es\\\/kyliam-mbappe\\\/mbappe-y-fede-valverde-podran-jugar-en-san-sebastian\\\/\"},\"author\":{\"name\":\"Victoria Deus\",\"@id\":\"https:\\\/\\\/www.americanonewspaper.com\\\/es\\\/#\\\/schema\\\/person\\\/875497672032163af362240e09375960\"},\"headline\":\"Mbapp\u00e9 y Fede Valverde podr\u00e1n jugar en San Sebast\u00edan\",\"datePublished\":\"2025-02-25T17:11:58+00:00\",\"dateModified\":\"2025-02-25T17:12:01+00:00\",\"mainEntityOfPage\":{\"@id\":\"https:\\\/\\\/www.americanonewspaper.com\\\/es\\\/kyliam-mbappe\\\/mbappe-y-fede-valverde-podran-jugar-en-san-sebastian\\\/\"},\"wordCount\":235,\"commentCount\":0,\"publisher\":{\"@id\":\"https:\\\/\\\/www.americanonewspaper.com\\\/es\\\/#organization\"},\"image\":{\"@id\":\"https:\\\/\\\/www.americanonewspaper.com\\\/es\\\/kyliam-mbappe\\\/mbappe-y-fede-valverde-podran-jugar-en-san-sebastian\\\/#primaryimage\"},\"thumbnailUrl\":\"https:\\\/\\\/www.americanonewspaper.com\\\/es\\\/wp-content\\\/uploads\\\/2025\\\/02\\\/Diseno-sin-titulo-18.png\",\"articleSection\":[\"Kyliam Mbapp\u00e9\"],\"inLanguage\":\"en-US\",\"potentialAction\":[{\"@type\":\"CommentAction\",\"name\":\"Comment\",\"target\":[\"https:\\\/\\\/www.americanonewspaper.com\\\/es\\\/kyliam-mbappe\\\/mbappe-y-fede-valverde-podran-jugar-en-san-sebastian\\\/#respond\"]}]},{\"@type\":\"WebPage\",\"@id\":\"https:\\\/\\\/www.americanonewspaper.com\\\/es\\\/kyliam-mbappe\\\/mbappe-y-fede-valverde-podran-jugar-en-san-sebastian\\\/\",\"url\":\"https:\\\/\\\/www.americanonewspaper.com\\\/es\\\/kyliam-mbappe\\\/mbappe-y-fede-valverde-podran-jugar-en-san-sebastian\\\/\",\"name\":\"Mbapp\u00e9 y Fede Valverde podr\u00e1n jugar en San Sebast\u00edan - Americano Newspaper\",\"isPartOf\":{\"@id\":\"https:\\\/\\\/www.americanonewspaper.com\\\/es\\\/#website\"},\"primaryImageOfPage\":{\"@id\":\"https:\\\/\\\/www.americanonewspaper.com\\\/es\\\/kyliam-mbappe\\\/mbappe-y-fede-valverde-podran-jugar-en-san-sebastian\\\/#primaryimage\"},\"image\":{\"@id\":\"https:\\\/\\\/www.americanonewspaper.com\\\/es\\\/kyliam-mbappe\\\/mbappe-y-fede-valverde-podran-jugar-en-san-sebastian\\\/#primaryimage\"},\"thumbnailUrl\":\"https:\\\/\\\/www.americanonewspaper.com\\\/es\\\/wp-content\\\/uploads\\\/2025\\\/02\\\/Diseno-sin-titulo-18.png\",\"datePublished\":\"2025-02-25T17:11:58+00:00\",\"dateModified\":\"2025-02-25T17:12:01+00:00\",\"description\":\"El uruguayo Fede Valverde y el franc\u00e9s Kylian Mbapp\u00e9 podr\u00e1n jugar ante la Real Sociedad en San Sebasti\u00e1n, en la ida de la semifinal de la Copa del Rey, si Carlo Ancelotti lo estima oportuno, como confirm\u00f3 el t\u00e9cnico del Real Madrid.\",\"breadcrumb\":{\"@id\":\"https:\\\/\\\/www.americanonewspaper.com\\\/es\\\/kyliam-mbappe\\\/mbappe-y-fede-valverde-podran-jugar-en-san-sebastian\\\/#breadcrumb\"},\"inLanguage\":\"en-US\",\"potentialAction\":[{\"@type\":\"ReadAction\",\"target\":[\"https:\\\/\\\/www.americanonewspaper.com\\\/es\\\/kyliam-mbappe\\\/mbappe-y-fede-valverde-podran-jugar-en-san-sebastian\\\/\"]}]},{\"@type\":\"ImageObject\",\"inLanguage\":\"en-US\",\"@id\":\"https:\\\/\\\/www.americanonewspaper.com\\\/es\\\/kyliam-mbappe\\\/mbappe-y-fede-valverde-podran-jugar-en-san-sebastian\\\/#primaryimage\",\"url\":\"https:\\\/\\\/www.americanonewspaper.com\\\/es\\\/wp-content\\\/uploads\\\/2025\\\/02\\\/Diseno-sin-titulo-18.png\",\"contentUrl\":\"https:\\\/\\\/www.americanonewspaper.com\\\/es\\\/wp-content\\\/uploads\\\/2025\\\/02\\\/Diseno-sin-titulo-18.png\",\"width\":940,\"height\":788,\"caption\":\"El entrenador del Real Madrid, Carlo Ancelotti durante la rueda de prensa posterior al entrenamiento del equipo en la Ciudad deportiva de Valdebebas. EFE\\\/Fernando Villar\"},{\"@type\":\"BreadcrumbList\",\"@id\":\"https:\\\/\\\/www.americanonewspaper.com\\\/es\\\/kyliam-mbappe\\\/mbappe-y-fede-valverde-podran-jugar-en-san-sebastian\\\/#breadcrumb\",\"itemListElement\":[{\"@type\":\"ListItem\",\"position\":1,\"name\":\"Home\",\"item\":\"https:\\\/\\\/www.americanonewspaper.com\\\/es\\\/\"},{\"@type\":\"ListItem\",\"position\":2,\"name\":\"Mbapp\u00e9 y Fede Valverde podr\u00e1n jugar en San Sebast\u00edan\"}]},{\"@type\":\"WebSite\",\"@id\":\"https:\\\/\\\/www.americanonewspaper.com\\\/es\\\/#website\",\"url\":\"https:\\\/\\\/www.americanonewspaper.com\\\/es\\\/\",\"name\":\"Americano Newspaper\",\"description\":\"The Hispanic Newspaper of New Jersey.\",\"publisher\":{\"@id\":\"https:\\\/\\\/www.americanonewspaper.com\\\/es\\\/#organization\"},\"potentialAction\":[{\"@type\":\"SearchAction\",\"target\":{\"@type\":\"EntryPoint\",\"urlTemplate\":\"https:\\\/\\\/www.americanonewspaper.com\\\/es\\\/?s={search_term_string}\"},\"query-input\":{\"@type\":\"PropertyValueSpecification\",\"valueRequired\":true,\"valueName\":\"search_term_string\"}}],\"inLanguage\":\"en-US\"},{\"@type\":\"Organization\",\"@id\":\"https:\\\/\\\/www.americanonewspaper.com\\\/es\\\/#organization\",\"name\":\"Americano Newspaper\",\"url\":\"https:\\\/\\\/www.americanonewspaper.com\\\/es\\\/\",\"logo\":{\"@type\":\"ImageObject\",\"inLanguage\":\"en-US\",\"@id\":\"https:\\\/\\\/www.americanonewspaper.com\\\/es\\\/#\\\/schema\\\/logo\\\/image\\\/\",\"url\":\"https:\\\/\\\/www.americanonewspaper.com\\\/es\\\/wp-content\\\/uploads\\\/2024\\\/05\\\/AmericanoLogoCircle.comCircle2.jpg\",\"contentUrl\":\"https:\\\/\\\/www.americanonewspaper.com\\\/es\\\/wp-content\\\/uploads\\\/2024\\\/05\\\/AmericanoLogoCircle.comCircle2.jpg\",\"width\":600,\"height\":600,\"caption\":\"Americano Newspaper\"},\"image\":{\"@id\":\"https:\\\/\\\/www.americanonewspaper.com\\\/es\\\/#\\\/schema\\\/logo\\\/image\\\/\"},\"sameAs\":[\"https:\\\/\\\/www.facebook.com\\\/AmericanoNewspaper\\\/\"]},{\"@type\":\"Person\",\"@id\":\"https:\\\/\\\/www.americanonewspaper.com\\\/es\\\/#\\\/schema\\\/person\\\/875497672032163af362240e09375960\",\"name\":\"Victoria Deus\",\"image\":{\"@type\":\"ImageObject\",\"inLanguage\":\"en-US\",\"@id\":\"https:\\\/\\\/www.americanonewspaper.com\\\/es\\\/wp-content\\\/litespeed\\\/avatar\\\/87ebc08dcb2dba9e584c4557748a9de2.jpg?ver=1777428042\",\"url\":\"https:\\\/\\\/www.americanonewspaper.com\\\/es\\\/wp-content\\\/litespeed\\\/avatar\\\/87ebc08dcb2dba9e584c4557748a9de2.jpg?ver=1777428042\",\"contentUrl\":\"https:\\\/\\\/www.americanonewspaper.com\\\/es\\\/wp-content\\\/litespeed\\\/avatar\\\/87ebc08dcb2dba9e584c4557748a9de2.jpg?ver=1777428042\",\"caption\":\"Victoria Deus\"},\"sameAs\":[\"http:\\\/\\\/www.americanonewspaper.com\"],\"url\":\"https:\\\/\\\/www.americanonewspaper.com\\\/es\\\/author\\\/victoria\\\/\"}]}<\/script>\n<!-- \/ Yoast SEO Premium plugin. -->","yoast_head_json":{"title":"Mbapp\u00e9 y Fede Valverde podr\u00e1n jugar en San Sebast\u00edan - Americano Newspaper","description":"El uruguayo Fede Valverde y el franc\u00e9s Kylian Mbapp\u00e9 podr\u00e1n jugar ante la Real Sociedad en San Sebasti\u00e1n, en la ida de la semifinal de la Copa del Rey, si Carlo Ancelotti lo estima oportuno, como confirm\u00f3 el t\u00e9cnico del Real Madrid.","robots":{"index":"index","follow":"follow","max-snippet":"max-snippet:-1","max-image-preview":"max-image-preview:large","max-video-preview":"max-video-preview:-1"},"canonical":"https:\/\/www.americanonewspaper.com\/es\/kyliam-mbappe\/mbappe-y-fede-valverde-podran-jugar-en-san-sebastian\/","og_locale":"en_US","og_type":"article","og_title":"Mbapp\u00e9 y Fede Valverde podr\u00e1n jugar en San Sebast\u00edan","og_description":"El uruguayo Fede Valverde y el franc\u00e9s Kylian Mbapp\u00e9 podr\u00e1n jugar ante la Real Sociedad en San Sebasti\u00e1n, en la ida de la semifinal de la Copa del Rey, si Carlo Ancelotti lo estima oportuno, como confirm\u00f3 el t\u00e9cnico del Real Madrid.","og_url":"https:\/\/www.americanonewspaper.com\/es\/kyliam-mbappe\/mbappe-y-fede-valverde-podran-jugar-en-san-sebastian\/","og_site_name":"Americano Newspaper","article_publisher":"https:\/\/www.facebook.com\/AmericanoNewspaper\/","article_published_time":"2025-02-25T17:11:58+00:00","article_modified_time":"2025-02-25T17:12:01+00:00","og_image":[{"width":940,"height":788,"url":"https:\/\/www.americanonewspaper.com\/es\/wp-content\/uploads\/2025\/02\/Diseno-sin-titulo-18.png","type":"image\/png"}],"author":"Victoria Deus","twitter_card":"summary_large_image","twitter_misc":{"Written by":"Victoria Deus","Est. reading time":"2 minutes"},"schema":{"@context":"https:\/\/schema.org","@graph":[{"@type":"Article","@id":"https:\/\/www.americanonewspaper.com\/es\/kyliam-mbappe\/mbappe-y-fede-valverde-podran-jugar-en-san-sebastian\/#article","isPartOf":{"@id":"https:\/\/www.americanonewspaper.com\/es\/kyliam-mbappe\/mbappe-y-fede-valverde-podran-jugar-en-san-sebastian\/"},"author":{"name":"Victoria Deus","@id":"https:\/\/www.americanonewspaper.com\/es\/#\/schema\/person\/875497672032163af362240e09375960"},"headline":"Mbapp\u00e9 y Fede Valverde podr\u00e1n jugar en San Sebast\u00edan","datePublished":"2025-02-25T17:11:58+00:00","dateModified":"2025-02-25T17:12:01+00:00","mainEntityOfPage":{"@id":"https:\/\/www.americanonewspaper.com\/es\/kyliam-mbappe\/mbappe-y-fede-valverde-podran-jugar-en-san-sebastian\/"},"wordCount":235,"commentCount":0,"publisher":{"@id":"https:\/\/www.americanonewspaper.com\/es\/#organization"},"image":{"@id":"https:\/\/www.americanonewspaper.com\/es\/kyliam-mbappe\/mbappe-y-fede-valverde-podran-jugar-en-san-sebastian\/#primaryimage"},"thumbnailUrl":"https:\/\/www.americanonewspaper.com\/es\/wp-content\/uploads\/2025\/02\/Diseno-sin-titulo-18.png","articleSection":["Kyliam Mbapp\u00e9"],"inLanguage":"en-US","potentialAction":[{"@type":"CommentAction","name":"Comment","target":["https:\/\/www.americanonewspaper.com\/es\/kyliam-mbappe\/mbappe-y-fede-valverde-podran-jugar-en-san-sebastian\/#respond"]}]},{"@type":"WebPage","@id":"https:\/\/www.americanonewspaper.com\/es\/kyliam-mbappe\/mbappe-y-fede-valverde-podran-jugar-en-san-sebastian\/","url":"https:\/\/www.americanonewspaper.com\/es\/kyliam-mbappe\/mbappe-y-fede-valverde-podran-jugar-en-san-sebastian\/","name":"Mbapp\u00e9 y Fede Valverde podr\u00e1n jugar en San Sebast\u00edan - Americano Newspaper","isPartOf":{"@id":"https:\/\/www.americanonewspaper.com\/es\/#website"},"primaryImageOfPage":{"@id":"https:\/\/www.americanonewspaper.com\/es\/kyliam-mbappe\/mbappe-y-fede-valverde-podran-jugar-en-san-sebastian\/#primaryimage"},"image":{"@id":"https:\/\/www.americanonewspaper.com\/es\/kyliam-mbappe\/mbappe-y-fede-valverde-podran-jugar-en-san-sebastian\/#primaryimage"},"thumbnailUrl":"https:\/\/www.americanonewspaper.com\/es\/wp-content\/uploads\/2025\/02\/Diseno-sin-titulo-18.png","datePublished":"2025-02-25T17:11:58+00:00","dateModified":"2025-02-25T17:12:01+00:00","description":"El uruguayo Fede Valverde y el franc\u00e9s Kylian Mbapp\u00e9 podr\u00e1n jugar ante la Real Sociedad en San Sebasti\u00e1n, en la ida de la semifinal de la Copa del Rey, si Carlo Ancelotti lo estima oportuno, como confirm\u00f3 el t\u00e9cnico del Real Madrid.","breadcrumb":{"@id":"https:\/\/www.americanonewspaper.com\/es\/kyliam-mbappe\/mbappe-y-fede-valverde-podran-jugar-en-san-sebastian\/#breadcrumb"},"inLanguage":"en-US","potentialAction":[{"@type":"ReadAction","target":["https:\/\/www.americanonewspaper.com\/es\/kyliam-mbappe\/mbappe-y-fede-valverde-podran-jugar-en-san-sebastian\/"]}]},{"@type":"ImageObject","inLanguage":"en-US","@id":"https:\/\/www.americanonewspaper.com\/es\/kyliam-mbappe\/mbappe-y-fede-valverde-podran-jugar-en-san-sebastian\/#primaryimage","url":"https:\/\/www.americanonewspaper.com\/es\/wp-content\/uploads\/2025\/02\/Diseno-sin-titulo-18.png","contentUrl":"https:\/\/www.americanonewspaper.com\/es\/wp-content\/uploads\/2025\/02\/Diseno-sin-titulo-18.png","width":940,"height":788,"caption":"El entrenador del Real Madrid, Carlo Ancelotti durante la rueda de prensa posterior al entrenamiento del equipo en la Ciudad deportiva de Valdebebas. EFE\/Fernando Villar"},{"@type":"BreadcrumbList","@id":"https:\/\/www.americanonewspaper.com\/es\/kyliam-mbappe\/mbappe-y-fede-valverde-podran-jugar-en-san-sebastian\/#breadcrumb","itemListElement":[{"@type":"ListItem","position":1,"name":"Home","item":"https:\/\/www.americanonewspaper.com\/es\/"},{"@type":"ListItem","position":2,"name":"Mbapp\u00e9 y Fede Valverde podr\u00e1n jugar en San Sebast\u00edan"}]},{"@type":"WebSite","@id":"https:\/\/www.americanonewspaper.com\/es\/#website","url":"https:\/\/www.americanonewspaper.com\/es\/","name":"Americano Newspaper","description":"The Hispanic Newspaper of New Jersey.","publisher":{"@id":"https:\/\/www.americanonewspaper.com\/es\/#organization"},"potentialAction":[{"@type":"SearchAction","target":{"@type":"EntryPoint","urlTemplate":"https:\/\/www.americanonewspaper.com\/es\/?s={search_term_string}"},"query-input":{"@type":"PropertyValueSpecification","valueRequired":true,"valueName":"search_term_string"}}],"inLanguage":"en-US"},{"@type":"Organization","@id":"https:\/\/www.americanonewspaper.com\/es\/#organization","name":"Americano Newspaper","url":"https:\/\/www.americanonewspaper.com\/es\/","logo":{"@type":"ImageObject","inLanguage":"en-US","@id":"https:\/\/www.americanonewspaper.com\/es\/#\/schema\/logo\/image\/","url":"https:\/\/www.americanonewspaper.com\/es\/wp-content\/uploads\/2024\/05\/AmericanoLogoCircle.comCircle2.jpg","contentUrl":"https:\/\/www.americanonewspaper.com\/es\/wp-content\/uploads\/2024\/05\/AmericanoLogoCircle.comCircle2.jpg","width":600,"height":600,"caption":"Americano Newspaper"},"image":{"@id":"https:\/\/www.americanonewspaper.com\/es\/#\/schema\/logo\/image\/"},"sameAs":["https:\/\/www.facebook.com\/AmericanoNewspaper\/"]},{"@type":"Person","@id":"https:\/\/www.americanonewspaper.com\/es\/#\/schema\/person\/875497672032163af362240e09375960","name":"Victoria Deus","image":{"@type":"ImageObject","inLanguage":"en-US","@id":"https:\/\/www.americanonewspaper.com\/es\/wp-content\/litespeed\/avatar\/87ebc08dcb2dba9e584c4557748a9de2.jpg?ver=1777428042","url":"https:\/\/www.americanonewspaper.com\/es\/wp-content\/litespeed\/avatar\/87ebc08dcb2dba9e584c4557748a9de2.jpg?ver=1777428042","contentUrl":"https:\/\/www.americanonewspaper.com\/es\/wp-content\/litespeed\/avatar\/87ebc08dcb2dba9e584c4557748a9de2.jpg?ver=1777428042","caption":"Victoria Deus"},"sameAs":["http:\/\/www.americanonewspaper.com"],"url":"https:\/\/www.americanonewspaper.com\/es\/author\/victoria\/"}]}},"jetpack_publicize_connections":[],"jetpack_featured_media_url":"https:\/\/www.americanonewspaper.com\/es\/wp-content\/uploads\/2025\/02\/Diseno-sin-titulo-18.png","featured_image_urls":{"full":["https:\/\/www.americanonewspaper.com\/es\/wp-content\/uploads\/2025\/02\/Diseno-sin-titulo-18.png",940,788,false],"thumbnail":["https:\/\/www.americanonewspaper.com\/es\/wp-content\/uploads\/2025\/02\/Diseno-sin-titulo-18-250x250.png",250,250,true],"medium":["https:\/\/www.americanonewspaper.com\/es\/wp-content\/uploads\/2025\/02\/Diseno-sin-titulo-18-300x251.png",300,251,true],"medium_large":["https:\/\/www.americanonewspaper.com\/es\/wp-content\/uploads\/2025\/02\/Diseno-sin-titulo-18-768x644.png",696,584,true],"large":["https:\/\/www.americanonewspaper.com\/es\/wp-content\/uploads\/2025\/02\/Diseno-sin-titulo-18-596x500.png",596,500,true],"1536x1536":["https:\/\/www.americanonewspaper.com\/es\/wp-content\/uploads\/2025\/02\/Diseno-sin-titulo-18.png",940,788,false],"2048x2048":["https:\/\/www.americanonewspaper.com\/es\/wp-content\/uploads\/2025\/02\/Diseno-sin-titulo-18.png",940,788,false],"td_150x0":["https:\/\/www.americanonewspaper.com\/es\/wp-content\/uploads\/2025\/02\/Diseno-sin-titulo-18-150x126.png",150,126,true],"td_218x150":["https:\/\/www.americanonewspaper.com\/es\/wp-content\/uploads\/2025\/02\/Diseno-sin-titulo-18-218x150.png",218,150,true],"td_300x0":["https:\/\/www.americanonewspaper.com\/es\/wp-content\/uploads\/2025\/02\/Diseno-sin-titulo-18-300x251.png",300,251,true],"td_324x400":["https:\/\/www.americanonewspaper.com\/es\/wp-content\/uploads\/2025\/02\/Diseno-sin-titulo-18-324x400.png",324,400,true],"td_485x360":["https:\/\/www.americanonewspaper.com\/es\/wp-content\/uploads\/2025\/02\/Diseno-sin-titulo-18-485x360.png",485,360,true],"td_696x0":["https:\/\/www.americanonewspaper.com\/es\/wp-content\/uploads\/2025\/02\/Diseno-sin-titulo-18-696x583.png",696,583,true],"td_1068x0":["https:\/\/www.americanonewspaper.com\/es\/wp-content\/uploads\/2025\/02\/Diseno-sin-titulo-18.png",940,788,false],"td_1920x0":["https:\/\/www.americanonewspaper.com\/es\/wp-content\/uploads\/2025\/02\/Diseno-sin-titulo-18.png",940,788,false],"bdpp-medium":["https:\/\/www.americanonewspaper.com\/es\/wp-content\/uploads\/2025\/02\/Diseno-sin-titulo-18.png",573,480,false]},"author_info":{"display_name":"Victoria Deus","author_link":"https:\/\/www.americanonewspaper.com\/es\/author\/victoria\/"},"category_info":"<a href=\"https:\/\/www.americanonewspaper.com\/es\/category\/kyliam-mbappe\/\" rel=\"category tag\">Kyliam Mbapp\u00e9<\/a>","tag_info":"Kyliam Mbapp\u00e9","comment_count":"0","jetpack_sharing_enabled":true,"jetpack_likes_enabled":true,"_links":{"self":[{"href":"https:\/\/www.americanonewspaper.com\/es\/wp-json\/wp\/v2\/posts\/25130","targetHints":{"allow":["GET"]}}],"collection":[{"href":"https:\/\/www.americanonewspaper.com\/es\/wp-json\/wp\/v2\/posts"}],"about":[{"href":"https:\/\/www.americanonewspaper.com\/es\/wp-json\/wp\/v2\/types\/post"}],"author":[{"embeddable":true,"href":"https:\/\/www.americanonewspaper.com\/es\/wp-json\/wp\/v2\/users\/18"}],"replies":[{"embeddable":true,"href":"https:\/\/www.americanonewspaper.com\/es\/wp-json\/wp\/v2\/comments?post=25130"}],"version-history":[{"count":1,"href":"https:\/\/www.americanonewspaper.com\/es\/wp-json\/wp\/v2\/posts\/25130\/revisions"}],"predecessor-version":[{"id":25136,"href":"https:\/\/www.americanonewspaper.com\/es\/wp-json\/wp\/v2\/posts\/25130\/revisions\/25136"}],"wp:featuredmedia":[{"embeddable":true,"href":"https:\/\/www.americanonewspaper.com\/es\/wp-json\/wp\/v2\/media\/25131"}],"wp:attachment":[{"href":"https:\/\/www.americanonewspaper.com\/es\/wp-json\/wp\/v2\/media?parent=25130"}],"wp:term":[{"taxonomy":"category","embeddable":true,"href":"https:\/\/www.americanonewspaper.com\/es\/wp-json\/wp\/v2\/categories?post=25130"},{"taxonomy":"post_tag","embeddable":true,"href":"https:\/\/www.americanonewspaper.com\/es\/wp-json\/wp\/v2\/tags?post=25130"}],"curies":[{"name":"wp","href":"https:\/\/api.w.org\/{rel}","templated":true}]}}