{"id":25028,"date":"2025-02-20T00:18:49","date_gmt":"2025-02-20T05:18:49","guid":{"rendered":"https:\/\/www.americanonewspaper.com\/es\/?p=25028"},"modified":"2025-02-20T10:04:35","modified_gmt":"2025-02-20T15:04:35","slug":"guardiola-tras-el-golpe-en-champions-madrid-fue-mejor-mbappe-imparable","status":"publish","type":"post","link":"https:\/\/www.americanonewspaper.com\/es\/kyliam-mbappe\/guardiola-tras-el-golpe-en-champions-madrid-fue-mejor-mbappe-imparable\/","title":{"rendered":"Guardiola tras el golpe en Champions: &#8220;Madrid fue mejor, Mbapp\u00e9 imparable&#8221;"},"content":{"rendered":"\n<p><a href=\"https:\/\/www.americanonewspaper.com\/es\/\">Americanonewspaper <\/a><\/p>\n\n\n\n<p><strong>Madrid, 19 feb (EFE)<\/strong>.<\/p>\n\n\n\n<p class=\"dropcapp4\">El entrenador del Manchester City, el espa\u00f1ol Pep Guardiola, reconoci\u00f3 este mi\u00e9rcoles que el Real Madrid fue &#8220;mejor&#8221; en la eliminatoria previa a octavos de la Liga de Campeones, al tiempo que asegur\u00f3 que su equipo no pudo &#8220;parar&#8221; a Kylian Mbapp\u00e9, autor de un triplete en la derrota de los ingleses (3-1).<\/p>\n\n\n<div class=\"wp-block-image\">\n<figure class=\"aligncenter size-large is-resized\"><a href=\"https:\/\/www.americanonewspaper.com\/es\/\"><img fetchpriority=\"high\" decoding=\"async\" width=\"800\" height=\"367\" src=\"https:\/\/www.americanonewspaper.com\/es\/wp-content\/uploads\/2025\/02\/BalletFolkloricoWillyChirinoSpanish-1200x550-2-1-800x367.jpeg\" alt=\"\" class=\"wp-image-25029\" style=\"width:1068px;height:auto\" srcset=\"https:\/\/www.americanonewspaper.com\/es\/wp-content\/uploads\/2025\/02\/BalletFolkloricoWillyChirinoSpanish-1200x550-2-1-800x367.jpeg 800w, https:\/\/www.americanonewspaper.com\/es\/wp-content\/uploads\/2025\/02\/BalletFolkloricoWillyChirinoSpanish-1200x550-2-1-300x138.jpeg 300w, https:\/\/www.americanonewspaper.com\/es\/wp-content\/uploads\/2025\/02\/BalletFolkloricoWillyChirinoSpanish-1200x550-2-1-768x352.jpeg 768w, https:\/\/www.americanonewspaper.com\/es\/wp-content\/uploads\/2025\/02\/BalletFolkloricoWillyChirinoSpanish-1200x550-2-1-150x69.jpeg 150w, https:\/\/www.americanonewspaper.com\/es\/wp-content\/uploads\/2025\/02\/BalletFolkloricoWillyChirinoSpanish-1200x550-2-1-696x319.jpeg 696w, https:\/\/www.americanonewspaper.com\/es\/wp-content\/uploads\/2025\/02\/BalletFolkloricoWillyChirinoSpanish-1200x550-2-1-1068x490.jpeg 1068w, https:\/\/www.americanonewspaper.com\/es\/wp-content\/uploads\/2025\/02\/BalletFolkloricoWillyChirinoSpanish-1200x550-2-1.jpeg 1200w\" sizes=\"(max-width: 800px) 100vw, 800px\" \/><\/a><\/figure>\n<\/div>\n\n\n<p>&#8220;No hemos podido defender bien los movimientos de Mbapp\u00e9, no le hemos podido parar. Ha sido complicado&#8221;, dijo en la rueda de prensa posterior al encuentro.<\/p>\n\n\n\n<p>Por contra, Guardiola no pudo contar con su gran estrella en ataque, Erling Haaland, al no sentirse bien hoy &#8220;cuando caminaba, sub\u00eda o bajaba escaleras&#8221;.<\/p>\n\n\n\n<p>A continuaci\u00f3n, el t\u00e9cnico analiz\u00f3 la eliminatoria ante el Real Madrid, los duelos pasados entre ambos equipos y su trayectoria en Europa como t\u00e9cnico del Manchester City.<\/p>\n\n\n<div class=\"wp-block-image\">\n<figure class=\"aligncenter size-large is-resized\"><a href=\"https:\/\/www.nissanofnorthplainfield.com\/?utm_source=gmb&amp;utm_medium=organic&amp;utm_campaign=website-button\"><img decoding=\"async\" width=\"800\" height=\"382\" src=\"https:\/\/www.americanonewspaper.com\/es\/wp-content\/uploads\/2025\/02\/Nissan-copy-1-1-5-800x382.jpg\" alt=\"\" class=\"wp-image-25031\" style=\"width:1068px;height:auto\" srcset=\"https:\/\/www.americanonewspaper.com\/es\/wp-content\/uploads\/2025\/02\/Nissan-copy-1-1-5-800x382.jpg 800w, https:\/\/www.americanonewspaper.com\/es\/wp-content\/uploads\/2025\/02\/Nissan-copy-1-1-5-300x143.jpg 300w, https:\/\/www.americanonewspaper.com\/es\/wp-content\/uploads\/2025\/02\/Nissan-copy-1-1-5-768x367.jpg 768w, https:\/\/www.americanonewspaper.com\/es\/wp-content\/uploads\/2025\/02\/Nissan-copy-1-1-5-150x72.jpg 150w, https:\/\/www.americanonewspaper.com\/es\/wp-content\/uploads\/2025\/02\/Nissan-copy-1-1-5-696x332.jpg 696w, https:\/\/www.americanonewspaper.com\/es\/wp-content\/uploads\/2025\/02\/Nissan-copy-1-1-5-1068x510.jpg 1068w, https:\/\/www.americanonewspaper.com\/es\/wp-content\/uploads\/2025\/02\/Nissan-copy-1-1-5.jpg 1200w\" sizes=\"(max-width: 800px) 100vw, 800px\" \/><\/a><figcaption class=\"wp-element-caption\">Screenshot<\/figcaption><\/figure>\n<\/div>\n\n\n<p>&#8220;No estoy de acuerdo con que no lo hemos hecho bien en Europa. Hace 12 a\u00f1os ni aparec\u00edamos por esta competici\u00f3n. Todo necesita su tiempo. Y lo hemos hecho muy bien, nos hemos ido de la competici\u00f3n a veces por cuesti\u00f3n de detalles. Tengo muy poco reproche por c\u00f3mo nos hemos comportado en Europa&#8221;, se\u00f1al\u00f3.<\/p>\n\n\n\n<p>El exentrenador del F.C. Barcelona y del Bayern M\u00fanich asever\u00f3 que su equipo ha estado &#8220;muy cerca&#8221; todos los a\u00f1os y que, aunque &#8220;hoy es dif\u00edcil decirlo&#8221;, en ocasiones anteriores el City estuvo &#8220;muy cerca de pasar contra el Real Madrid&#8221;.<\/p>\n\n\n\n<p>&#8220;Este a\u00f1o han estado mejor y tienes que felicitarles y desearles suerte, aunque como cul\u00e9 que soy me gustar\u00eda que no fuera as\u00ed. Cuando un equipo es mejor, tienes que felicitarles&#8221;, a\u00f1adi\u00f3.<\/p>\n\n\n\n<p>Guardiola reconoci\u00f3 que &#8220;ha ganado el mejor equipo&#8221; y que el Real Madrid &#8220;se lo ha merecido&#8221;.<\/p>\n\n\n\n<figure class=\"wp-block-image size-large is-resized\"><img decoding=\"async\" width=\"800\" height=\"367\" src=\"https:\/\/www.americanonewspaper.com\/es\/wp-content\/uploads\/revslider\/video-media\/GGl_AMERICANO_MAIN-BANNER-3_151_layer-800x367.jpeg\" alt=\"\" class=\"wp-image-25022\" style=\"width:1067px;height:auto\" srcset=\"https:\/\/www.americanonewspaper.com\/es\/wp-content\/uploads\/revslider\/video-media\/GGl_AMERICANO_MAIN-BANNER-3_151_layer-800x367.jpeg 800w, https:\/\/www.americanonewspaper.com\/es\/wp-content\/uploads\/revslider\/video-media\/GGl_AMERICANO_MAIN-BANNER-3_151_layer-300x138.jpeg 300w, https:\/\/www.americanonewspaper.com\/es\/wp-content\/uploads\/revslider\/video-media\/GGl_AMERICANO_MAIN-BANNER-3_151_layer-768x352.jpeg 768w, https:\/\/www.americanonewspaper.com\/es\/wp-content\/uploads\/revslider\/video-media\/GGl_AMERICANO_MAIN-BANNER-3_151_layer-150x69.jpeg 150w, https:\/\/www.americanonewspaper.com\/es\/wp-content\/uploads\/revslider\/video-media\/GGl_AMERICANO_MAIN-BANNER-3_151_layer-696x319.jpeg 696w, https:\/\/www.americanonewspaper.com\/es\/wp-content\/uploads\/revslider\/video-media\/GGl_AMERICANO_MAIN-BANNER-3_151_layer-1068x490.jpeg 1068w, https:\/\/www.americanonewspaper.com\/es\/wp-content\/uploads\/revslider\/video-media\/GGl_AMERICANO_MAIN-BANNER-3_151_layer.jpeg 1200w\" sizes=\"(max-width: 800px) 100vw, 800px\" \/><\/figure>\n\n\n\n<p>&#8220;Tenemos que aprender. El f\u00edsico importa mucho y siempre que jugamos contra ellos han mejorado, y esta temporada todav\u00eda m\u00e1s; han corrido mucho m\u00e1s, con posesiones muy largas, presionando alto, siendo din\u00e1micos\u2026 Se lo han merecido, ese es el aprendizaje que nos llevamos. Tenemos que aceptarlo y seguir adelante&#8221;, continu\u00f3.<\/p>\n\n\n\n<p>Adem\u00e1s, ensalz\u00f3 al Real Madrid y su crecimiento como equipo respecto a la pasada temporada.<\/p>\n\n\n\n<p>&#8220;Lo mejor que tienen es que su din\u00e1mica es muy buena, su calidad t\u00e9cnica es muy buena y pueden dar continuidad al juego, algo que antes les costaba m\u00e1s. Ahora son capaces de hundirte. Y si les aprietas muy arriba te hacen da\u00f1o al espacio, con el dinamismo de Bellingham, que es muy bueno. Otros a\u00f1os pensaba &#8216;igual podemos hacerles da\u00f1o por aqu\u00ed o por all\u00e1, pero este a\u00f1o han crecido en hacer muchas cosas muy bien&#8221;, ponder\u00f3.<\/p>\n\n\n<div class=\"wp-block-image\">\n<figure class=\"aligncenter size-large is-resized\"><a href=\"https:\/\/www.linkedin.com\/in\/isaac-resek-74033731\/\"><img loading=\"lazy\" decoding=\"async\" width=\"800\" height=\"437\" src=\"https:\/\/www.americanonewspaper.com\/es\/wp-content\/uploads\/2025\/02\/anuncio-7-800x437.png\" alt=\"\" class=\"wp-image-25030\" style=\"width:1058px;height:auto\" srcset=\"https:\/\/www.americanonewspaper.com\/es\/wp-content\/uploads\/2025\/02\/anuncio-7-800x437.png 800w, https:\/\/www.americanonewspaper.com\/es\/wp-content\/uploads\/2025\/02\/anuncio-7-300x164.png 300w, https:\/\/www.americanonewspaper.com\/es\/wp-content\/uploads\/2025\/02\/anuncio-7-768x420.png 768w, https:\/\/www.americanonewspaper.com\/es\/wp-content\/uploads\/2025\/02\/anuncio-7-1536x839.png 1536w, https:\/\/www.americanonewspaper.com\/es\/wp-content\/uploads\/2025\/02\/anuncio-7-150x82.png 150w, https:\/\/www.americanonewspaper.com\/es\/wp-content\/uploads\/2025\/02\/anuncio-7-696x380.png 696w, https:\/\/www.americanonewspaper.com\/es\/wp-content\/uploads\/2025\/02\/anuncio-7-1068x583.png 1068w, https:\/\/www.americanonewspaper.com\/es\/wp-content\/uploads\/2025\/02\/anuncio-7.png 1856w\" sizes=\"(max-width: 800px) 100vw, 800px\" \/><\/a><\/figure>\n<\/div>\n\n\n<p>Por \u00faltimo, el entrenador &#8216;ciudadano&#8217; afirm\u00f3 que el conjunto de Carlo Ancelotti &#8220;siempre es uno de los favoritos, pero hay otros equipos que est\u00e1n muy bien&#8221;.<\/p>\n\n\n\n<p>A ese respecto, apunt\u00f3 al Liverpool ingl\u00e9s, l\u00edder de la fase liga de la Liga de Campeones y que, en su opini\u00f3n, &#8220;ha hecho un muy buen a\u00f1o hasta ahora&#8221;. Tambi\u00e9n dijo que el Barcelona &#8220;est\u00e1 fant\u00e1stico&#8221; y que el PSG de Luis Enrique Mart\u00ednez &#8220;ha dado un salto&#8221;.<\/p>\n\n\n\n<p><\/p>\n","protected":false},"excerpt":{"rendered":"<p>Americanonewspaper Madrid, 19 feb (EFE). El entrenador del Manchester City, el espa\u00f1ol Pep Guardiola, reconoci\u00f3 este mi\u00e9rcoles que el Real Madrid fue &#8220;mejor&#8221; en la eliminatoria previa a octavos de la Liga de Campeones, al tiempo que asegur\u00f3 que su equipo no pudo &#8220;parar&#8221; a Kylian Mbapp\u00e9, autor de un triplete en la derrota de [&hellip;]<\/p>\n","protected":false},"author":18,"featured_media":25033,"comment_status":"open","ping_status":"open","sticky":false,"template":"","format":"standard","meta":{"_acf_changed":false,"tdm_status":"","tdm_grid_status":"","_jetpack_memberships_contains_paid_content":false,"footnotes":"","jetpack_publicize_message":"","jetpack_publicize_feature_enabled":true,"jetpack_social_post_already_shared":true,"jetpack_social_options":{"image_generator_settings":{"template":"highway","default_image_id":0,"font":"","enabled":false},"version":2},"_wpas_customize_per_network":false},"categories":[120,703,787],"tags":[],"class_list":{"0":"post-25028","1":"post","2":"type-post","3":"status-publish","4":"format-standard","5":"has-post-thumbnail","7":"category-champions-league","8":"category-kyliam-mbappe","9":"category-real-madrid"},"acf":[],"yoast_head":"<!-- This site is optimized with the Yoast SEO Premium plugin v27.5 (Yoast SEO v27.5) - https:\/\/yoast.com\/product\/yoast-seo-premium-wordpress\/ -->\n<title>Guardiola tras el golpe en Champions: &quot;Madrid fue mejor, Mbapp\u00e9 imparable&quot; - Americano Newspaper<\/title>\n<meta name=\"description\" content=\"El entrenador del Manchester City, el espa\u00f1ol Pep Guardiola, reconoci\u00f3 este mi\u00e9rcoles que el Real Madrid fue &quot;mejor&quot; en la eliminatoria previa a octavos de la Liga de Campeones, al tiempo que asegur\u00f3 que su equipo no pudo &quot;parar&quot; a Kylian Mbapp\u00e9, autor de un triplete en la derrota de los ingleses (3-1).\" \/>\n<meta name=\"robots\" content=\"index, follow, max-snippet:-1, max-image-preview:large, max-video-preview:-1\" \/>\n<link rel=\"canonical\" href=\"https:\/\/www.americanonewspaper.com\/es\/kyliam-mbappe\/guardiola-tras-el-golpe-en-champions-madrid-fue-mejor-mbappe-imparable\/\" \/>\n<meta property=\"og:locale\" content=\"en_US\" \/>\n<meta property=\"og:type\" content=\"article\" \/>\n<meta property=\"og:title\" content=\"Guardiola tras el golpe en Champions: &quot;Madrid fue mejor, Mbapp\u00e9 imparable&quot;\" \/>\n<meta property=\"og:description\" content=\"El entrenador del Manchester City, el espa\u00f1ol Pep Guardiola, reconoci\u00f3 este mi\u00e9rcoles que el Real Madrid fue &quot;mejor&quot; en la eliminatoria previa a octavos de la Liga de Campeones, al tiempo que asegur\u00f3 que su equipo no pudo &quot;parar&quot; a Kylian Mbapp\u00e9, autor de un triplete en la derrota de los ingleses (3-1).\" \/>\n<meta property=\"og:url\" content=\"https:\/\/www.americanonewspaper.com\/es\/kyliam-mbappe\/guardiola-tras-el-golpe-en-champions-madrid-fue-mejor-mbappe-imparable\/\" \/>\n<meta property=\"og:site_name\" content=\"Americano Newspaper\" \/>\n<meta property=\"article:publisher\" content=\"https:\/\/www.facebook.com\/AmericanoNewspaper\/\" \/>\n<meta property=\"article:published_time\" content=\"2025-02-20T05:18:49+00:00\" \/>\n<meta property=\"article:modified_time\" content=\"2025-02-20T15:04:35+00:00\" \/>\n<meta property=\"og:image\" content=\"https:\/\/www.americanonewspaper.com\/es\/wp-content\/uploads\/2025\/02\/f2c550bc30da7458c82cd2b5d2727f05846a1dd7m.jpg\" \/>\n\t<meta property=\"og:image:width\" content=\"600\" \/>\n\t<meta property=\"og:image:height\" content=\"400\" \/>\n\t<meta property=\"og:image:type\" content=\"image\/jpeg\" \/>\n<meta name=\"author\" content=\"Victoria Deus\" \/>\n<meta name=\"twitter:card\" content=\"summary_large_image\" \/>\n<meta name=\"twitter:label1\" content=\"Written by\" \/>\n\t<meta name=\"twitter:data1\" content=\"Victoria Deus\" \/>\n\t<meta name=\"twitter:label2\" content=\"Est. reading time\" \/>\n\t<meta name=\"twitter:data2\" content=\"4 minutes\" \/>\n<script type=\"application\/ld+json\" class=\"yoast-schema-graph\">{\"@context\":\"https:\\\/\\\/schema.org\",\"@graph\":[{\"@type\":\"Article\",\"@id\":\"https:\\\/\\\/www.americanonewspaper.com\\\/es\\\/kyliam-mbappe\\\/guardiola-tras-el-golpe-en-champions-madrid-fue-mejor-mbappe-imparable\\\/#article\",\"isPartOf\":{\"@id\":\"https:\\\/\\\/www.americanonewspaper.com\\\/es\\\/kyliam-mbappe\\\/guardiola-tras-el-golpe-en-champions-madrid-fue-mejor-mbappe-imparable\\\/\"},\"author\":{\"name\":\"Victoria Deus\",\"@id\":\"https:\\\/\\\/www.americanonewspaper.com\\\/es\\\/#\\\/schema\\\/person\\\/875497672032163af362240e09375960\"},\"headline\":\"Guardiola tras el golpe en Champions: &#8220;Madrid fue mejor, Mbapp\u00e9 imparable&#8221;\",\"datePublished\":\"2025-02-20T05:18:49+00:00\",\"dateModified\":\"2025-02-20T15:04:35+00:00\",\"mainEntityOfPage\":{\"@id\":\"https:\\\/\\\/www.americanonewspaper.com\\\/es\\\/kyliam-mbappe\\\/guardiola-tras-el-golpe-en-champions-madrid-fue-mejor-mbappe-imparable\\\/\"},\"wordCount\":550,\"commentCount\":0,\"publisher\":{\"@id\":\"https:\\\/\\\/www.americanonewspaper.com\\\/es\\\/#organization\"},\"image\":{\"@id\":\"https:\\\/\\\/www.americanonewspaper.com\\\/es\\\/kyliam-mbappe\\\/guardiola-tras-el-golpe-en-champions-madrid-fue-mejor-mbappe-imparable\\\/#primaryimage\"},\"thumbnailUrl\":\"https:\\\/\\\/www.americanonewspaper.com\\\/es\\\/wp-content\\\/uploads\\\/2025\\\/02\\\/f2c550bc30da7458c82cd2b5d2727f05846a1dd7m.jpg\",\"articleSection\":[\"Champions League\",\"Kyliam Mbapp\u00e9\",\"Real Madrid\"],\"inLanguage\":\"en-US\",\"potentialAction\":[{\"@type\":\"CommentAction\",\"name\":\"Comment\",\"target\":[\"https:\\\/\\\/www.americanonewspaper.com\\\/es\\\/kyliam-mbappe\\\/guardiola-tras-el-golpe-en-champions-madrid-fue-mejor-mbappe-imparable\\\/#respond\"]}]},{\"@type\":\"WebPage\",\"@id\":\"https:\\\/\\\/www.americanonewspaper.com\\\/es\\\/kyliam-mbappe\\\/guardiola-tras-el-golpe-en-champions-madrid-fue-mejor-mbappe-imparable\\\/\",\"url\":\"https:\\\/\\\/www.americanonewspaper.com\\\/es\\\/kyliam-mbappe\\\/guardiola-tras-el-golpe-en-champions-madrid-fue-mejor-mbappe-imparable\\\/\",\"name\":\"Guardiola tras el golpe en Champions: \\\"Madrid fue mejor, Mbapp\u00e9 imparable\\\" - Americano Newspaper\",\"isPartOf\":{\"@id\":\"https:\\\/\\\/www.americanonewspaper.com\\\/es\\\/#website\"},\"primaryImageOfPage\":{\"@id\":\"https:\\\/\\\/www.americanonewspaper.com\\\/es\\\/kyliam-mbappe\\\/guardiola-tras-el-golpe-en-champions-madrid-fue-mejor-mbappe-imparable\\\/#primaryimage\"},\"image\":{\"@id\":\"https:\\\/\\\/www.americanonewspaper.com\\\/es\\\/kyliam-mbappe\\\/guardiola-tras-el-golpe-en-champions-madrid-fue-mejor-mbappe-imparable\\\/#primaryimage\"},\"thumbnailUrl\":\"https:\\\/\\\/www.americanonewspaper.com\\\/es\\\/wp-content\\\/uploads\\\/2025\\\/02\\\/f2c550bc30da7458c82cd2b5d2727f05846a1dd7m.jpg\",\"datePublished\":\"2025-02-20T05:18:49+00:00\",\"dateModified\":\"2025-02-20T15:04:35+00:00\",\"description\":\"El entrenador del Manchester City, el espa\u00f1ol Pep Guardiola, reconoci\u00f3 este mi\u00e9rcoles que el Real Madrid fue \\\"mejor\\\" en la eliminatoria previa a octavos de la Liga de Campeones, al tiempo que asegur\u00f3 que su equipo no pudo \\\"parar\\\" a Kylian Mbapp\u00e9, autor de un triplete en la derrota de los ingleses (3-1).\",\"breadcrumb\":{\"@id\":\"https:\\\/\\\/www.americanonewspaper.com\\\/es\\\/kyliam-mbappe\\\/guardiola-tras-el-golpe-en-champions-madrid-fue-mejor-mbappe-imparable\\\/#breadcrumb\"},\"inLanguage\":\"en-US\",\"potentialAction\":[{\"@type\":\"ReadAction\",\"target\":[\"https:\\\/\\\/www.americanonewspaper.com\\\/es\\\/kyliam-mbappe\\\/guardiola-tras-el-golpe-en-champions-madrid-fue-mejor-mbappe-imparable\\\/\"]}]},{\"@type\":\"ImageObject\",\"inLanguage\":\"en-US\",\"@id\":\"https:\\\/\\\/www.americanonewspaper.com\\\/es\\\/kyliam-mbappe\\\/guardiola-tras-el-golpe-en-champions-madrid-fue-mejor-mbappe-imparable\\\/#primaryimage\",\"url\":\"https:\\\/\\\/www.americanonewspaper.com\\\/es\\\/wp-content\\\/uploads\\\/2025\\\/02\\\/f2c550bc30da7458c82cd2b5d2727f05846a1dd7m.jpg\",\"contentUrl\":\"https:\\\/\\\/www.americanonewspaper.com\\\/es\\\/wp-content\\\/uploads\\\/2025\\\/02\\\/f2c550bc30da7458c82cd2b5d2727f05846a1dd7m.jpg\",\"width\":600,\"height\":400,\"caption\":\"El delantero franc\u00e9s del Real Madrid Kylian Mbapp\u00e9 celebra el segundo gol de su equipo durante el partido de vuelta de la eliminatoria previa a los octavos de final de la Liga de Campeones que Real Madrid y Manchester City disputan en el estadio Santiago Bernab\u00e9u. EFE.\"},{\"@type\":\"BreadcrumbList\",\"@id\":\"https:\\\/\\\/www.americanonewspaper.com\\\/es\\\/kyliam-mbappe\\\/guardiola-tras-el-golpe-en-champions-madrid-fue-mejor-mbappe-imparable\\\/#breadcrumb\",\"itemListElement\":[{\"@type\":\"ListItem\",\"position\":1,\"name\":\"Home\",\"item\":\"https:\\\/\\\/www.americanonewspaper.com\\\/es\\\/\"},{\"@type\":\"ListItem\",\"position\":2,\"name\":\"Guardiola tras el golpe en Champions: &#8220;Madrid fue mejor, Mbapp\u00e9 imparable&#8221;\"}]},{\"@type\":\"WebSite\",\"@id\":\"https:\\\/\\\/www.americanonewspaper.com\\\/es\\\/#website\",\"url\":\"https:\\\/\\\/www.americanonewspaper.com\\\/es\\\/\",\"name\":\"Americano Newspaper\",\"description\":\"The Hispanic Newspaper of New Jersey.\",\"publisher\":{\"@id\":\"https:\\\/\\\/www.americanonewspaper.com\\\/es\\\/#organization\"},\"potentialAction\":[{\"@type\":\"SearchAction\",\"target\":{\"@type\":\"EntryPoint\",\"urlTemplate\":\"https:\\\/\\\/www.americanonewspaper.com\\\/es\\\/?s={search_term_string}\"},\"query-input\":{\"@type\":\"PropertyValueSpecification\",\"valueRequired\":true,\"valueName\":\"search_term_string\"}}],\"inLanguage\":\"en-US\"},{\"@type\":\"Organization\",\"@id\":\"https:\\\/\\\/www.americanonewspaper.com\\\/es\\\/#organization\",\"name\":\"Americano Newspaper\",\"url\":\"https:\\\/\\\/www.americanonewspaper.com\\\/es\\\/\",\"logo\":{\"@type\":\"ImageObject\",\"inLanguage\":\"en-US\",\"@id\":\"https:\\\/\\\/www.americanonewspaper.com\\\/es\\\/#\\\/schema\\\/logo\\\/image\\\/\",\"url\":\"https:\\\/\\\/www.americanonewspaper.com\\\/es\\\/wp-content\\\/uploads\\\/2024\\\/05\\\/AmericanoLogoCircle.comCircle2.jpg\",\"contentUrl\":\"https:\\\/\\\/www.americanonewspaper.com\\\/es\\\/wp-content\\\/uploads\\\/2024\\\/05\\\/AmericanoLogoCircle.comCircle2.jpg\",\"width\":600,\"height\":600,\"caption\":\"Americano Newspaper\"},\"image\":{\"@id\":\"https:\\\/\\\/www.americanonewspaper.com\\\/es\\\/#\\\/schema\\\/logo\\\/image\\\/\"},\"sameAs\":[\"https:\\\/\\\/www.facebook.com\\\/AmericanoNewspaper\\\/\"]},{\"@type\":\"Person\",\"@id\":\"https:\\\/\\\/www.americanonewspaper.com\\\/es\\\/#\\\/schema\\\/person\\\/875497672032163af362240e09375960\",\"name\":\"Victoria Deus\",\"image\":{\"@type\":\"ImageObject\",\"inLanguage\":\"en-US\",\"@id\":\"https:\\\/\\\/www.americanonewspaper.com\\\/es\\\/wp-content\\\/litespeed\\\/avatar\\\/87ebc08dcb2dba9e584c4557748a9de2.jpg?ver=1777428042\",\"url\":\"https:\\\/\\\/www.americanonewspaper.com\\\/es\\\/wp-content\\\/litespeed\\\/avatar\\\/87ebc08dcb2dba9e584c4557748a9de2.jpg?ver=1777428042\",\"contentUrl\":\"https:\\\/\\\/www.americanonewspaper.com\\\/es\\\/wp-content\\\/litespeed\\\/avatar\\\/87ebc08dcb2dba9e584c4557748a9de2.jpg?ver=1777428042\",\"caption\":\"Victoria Deus\"},\"sameAs\":[\"http:\\\/\\\/www.americanonewspaper.com\"],\"url\":\"https:\\\/\\\/www.americanonewspaper.com\\\/es\\\/author\\\/victoria\\\/\"}]}<\/script>\n<!-- \/ Yoast SEO Premium plugin. -->","yoast_head_json":{"title":"Guardiola tras el golpe en Champions: \"Madrid fue mejor, Mbapp\u00e9 imparable\" - Americano Newspaper","description":"El entrenador del Manchester City, el espa\u00f1ol Pep Guardiola, reconoci\u00f3 este mi\u00e9rcoles que el Real Madrid fue \"mejor\" en la eliminatoria previa a octavos de la Liga de Campeones, al tiempo que asegur\u00f3 que su equipo no pudo \"parar\" a Kylian Mbapp\u00e9, autor de un triplete en la derrota de los ingleses (3-1).","robots":{"index":"index","follow":"follow","max-snippet":"max-snippet:-1","max-image-preview":"max-image-preview:large","max-video-preview":"max-video-preview:-1"},"canonical":"https:\/\/www.americanonewspaper.com\/es\/kyliam-mbappe\/guardiola-tras-el-golpe-en-champions-madrid-fue-mejor-mbappe-imparable\/","og_locale":"en_US","og_type":"article","og_title":"Guardiola tras el golpe en Champions: \"Madrid fue mejor, Mbapp\u00e9 imparable\"","og_description":"El entrenador del Manchester City, el espa\u00f1ol Pep Guardiola, reconoci\u00f3 este mi\u00e9rcoles que el Real Madrid fue \"mejor\" en la eliminatoria previa a octavos de la Liga de Campeones, al tiempo que asegur\u00f3 que su equipo no pudo \"parar\" a Kylian Mbapp\u00e9, autor de un triplete en la derrota de los ingleses (3-1).","og_url":"https:\/\/www.americanonewspaper.com\/es\/kyliam-mbappe\/guardiola-tras-el-golpe-en-champions-madrid-fue-mejor-mbappe-imparable\/","og_site_name":"Americano Newspaper","article_publisher":"https:\/\/www.facebook.com\/AmericanoNewspaper\/","article_published_time":"2025-02-20T05:18:49+00:00","article_modified_time":"2025-02-20T15:04:35+00:00","og_image":[{"width":600,"height":400,"url":"https:\/\/www.americanonewspaper.com\/es\/wp-content\/uploads\/2025\/02\/f2c550bc30da7458c82cd2b5d2727f05846a1dd7m.jpg","type":"image\/jpeg"}],"author":"Victoria Deus","twitter_card":"summary_large_image","twitter_misc":{"Written by":"Victoria Deus","Est. reading time":"4 minutes"},"schema":{"@context":"https:\/\/schema.org","@graph":[{"@type":"Article","@id":"https:\/\/www.americanonewspaper.com\/es\/kyliam-mbappe\/guardiola-tras-el-golpe-en-champions-madrid-fue-mejor-mbappe-imparable\/#article","isPartOf":{"@id":"https:\/\/www.americanonewspaper.com\/es\/kyliam-mbappe\/guardiola-tras-el-golpe-en-champions-madrid-fue-mejor-mbappe-imparable\/"},"author":{"name":"Victoria Deus","@id":"https:\/\/www.americanonewspaper.com\/es\/#\/schema\/person\/875497672032163af362240e09375960"},"headline":"Guardiola tras el golpe en Champions: &#8220;Madrid fue mejor, Mbapp\u00e9 imparable&#8221;","datePublished":"2025-02-20T05:18:49+00:00","dateModified":"2025-02-20T15:04:35+00:00","mainEntityOfPage":{"@id":"https:\/\/www.americanonewspaper.com\/es\/kyliam-mbappe\/guardiola-tras-el-golpe-en-champions-madrid-fue-mejor-mbappe-imparable\/"},"wordCount":550,"commentCount":0,"publisher":{"@id":"https:\/\/www.americanonewspaper.com\/es\/#organization"},"image":{"@id":"https:\/\/www.americanonewspaper.com\/es\/kyliam-mbappe\/guardiola-tras-el-golpe-en-champions-madrid-fue-mejor-mbappe-imparable\/#primaryimage"},"thumbnailUrl":"https:\/\/www.americanonewspaper.com\/es\/wp-content\/uploads\/2025\/02\/f2c550bc30da7458c82cd2b5d2727f05846a1dd7m.jpg","articleSection":["Champions League","Kyliam Mbapp\u00e9","Real Madrid"],"inLanguage":"en-US","potentialAction":[{"@type":"CommentAction","name":"Comment","target":["https:\/\/www.americanonewspaper.com\/es\/kyliam-mbappe\/guardiola-tras-el-golpe-en-champions-madrid-fue-mejor-mbappe-imparable\/#respond"]}]},{"@type":"WebPage","@id":"https:\/\/www.americanonewspaper.com\/es\/kyliam-mbappe\/guardiola-tras-el-golpe-en-champions-madrid-fue-mejor-mbappe-imparable\/","url":"https:\/\/www.americanonewspaper.com\/es\/kyliam-mbappe\/guardiola-tras-el-golpe-en-champions-madrid-fue-mejor-mbappe-imparable\/","name":"Guardiola tras el golpe en Champions: \"Madrid fue mejor, Mbapp\u00e9 imparable\" - Americano Newspaper","isPartOf":{"@id":"https:\/\/www.americanonewspaper.com\/es\/#website"},"primaryImageOfPage":{"@id":"https:\/\/www.americanonewspaper.com\/es\/kyliam-mbappe\/guardiola-tras-el-golpe-en-champions-madrid-fue-mejor-mbappe-imparable\/#primaryimage"},"image":{"@id":"https:\/\/www.americanonewspaper.com\/es\/kyliam-mbappe\/guardiola-tras-el-golpe-en-champions-madrid-fue-mejor-mbappe-imparable\/#primaryimage"},"thumbnailUrl":"https:\/\/www.americanonewspaper.com\/es\/wp-content\/uploads\/2025\/02\/f2c550bc30da7458c82cd2b5d2727f05846a1dd7m.jpg","datePublished":"2025-02-20T05:18:49+00:00","dateModified":"2025-02-20T15:04:35+00:00","description":"El entrenador del Manchester City, el espa\u00f1ol Pep Guardiola, reconoci\u00f3 este mi\u00e9rcoles que el Real Madrid fue \"mejor\" en la eliminatoria previa a octavos de la Liga de Campeones, al tiempo que asegur\u00f3 que su equipo no pudo \"parar\" a Kylian Mbapp\u00e9, autor de un triplete en la derrota de los ingleses (3-1).","breadcrumb":{"@id":"https:\/\/www.americanonewspaper.com\/es\/kyliam-mbappe\/guardiola-tras-el-golpe-en-champions-madrid-fue-mejor-mbappe-imparable\/#breadcrumb"},"inLanguage":"en-US","potentialAction":[{"@type":"ReadAction","target":["https:\/\/www.americanonewspaper.com\/es\/kyliam-mbappe\/guardiola-tras-el-golpe-en-champions-madrid-fue-mejor-mbappe-imparable\/"]}]},{"@type":"ImageObject","inLanguage":"en-US","@id":"https:\/\/www.americanonewspaper.com\/es\/kyliam-mbappe\/guardiola-tras-el-golpe-en-champions-madrid-fue-mejor-mbappe-imparable\/#primaryimage","url":"https:\/\/www.americanonewspaper.com\/es\/wp-content\/uploads\/2025\/02\/f2c550bc30da7458c82cd2b5d2727f05846a1dd7m.jpg","contentUrl":"https:\/\/www.americanonewspaper.com\/es\/wp-content\/uploads\/2025\/02\/f2c550bc30da7458c82cd2b5d2727f05846a1dd7m.jpg","width":600,"height":400,"caption":"El delantero franc\u00e9s del Real Madrid Kylian Mbapp\u00e9 celebra el segundo gol de su equipo durante el partido de vuelta de la eliminatoria previa a los octavos de final de la Liga de Campeones que Real Madrid y Manchester City disputan en el estadio Santiago Bernab\u00e9u. EFE."},{"@type":"BreadcrumbList","@id":"https:\/\/www.americanonewspaper.com\/es\/kyliam-mbappe\/guardiola-tras-el-golpe-en-champions-madrid-fue-mejor-mbappe-imparable\/#breadcrumb","itemListElement":[{"@type":"ListItem","position":1,"name":"Home","item":"https:\/\/www.americanonewspaper.com\/es\/"},{"@type":"ListItem","position":2,"name":"Guardiola tras el golpe en Champions: &#8220;Madrid fue mejor, Mbapp\u00e9 imparable&#8221;"}]},{"@type":"WebSite","@id":"https:\/\/www.americanonewspaper.com\/es\/#website","url":"https:\/\/www.americanonewspaper.com\/es\/","name":"Americano Newspaper","description":"The Hispanic Newspaper of New Jersey.","publisher":{"@id":"https:\/\/www.americanonewspaper.com\/es\/#organization"},"potentialAction":[{"@type":"SearchAction","target":{"@type":"EntryPoint","urlTemplate":"https:\/\/www.americanonewspaper.com\/es\/?s={search_term_string}"},"query-input":{"@type":"PropertyValueSpecification","valueRequired":true,"valueName":"search_term_string"}}],"inLanguage":"en-US"},{"@type":"Organization","@id":"https:\/\/www.americanonewspaper.com\/es\/#organization","name":"Americano Newspaper","url":"https:\/\/www.americanonewspaper.com\/es\/","logo":{"@type":"ImageObject","inLanguage":"en-US","@id":"https:\/\/www.americanonewspaper.com\/es\/#\/schema\/logo\/image\/","url":"https:\/\/www.americanonewspaper.com\/es\/wp-content\/uploads\/2024\/05\/AmericanoLogoCircle.comCircle2.jpg","contentUrl":"https:\/\/www.americanonewspaper.com\/es\/wp-content\/uploads\/2024\/05\/AmericanoLogoCircle.comCircle2.jpg","width":600,"height":600,"caption":"Americano Newspaper"},"image":{"@id":"https:\/\/www.americanonewspaper.com\/es\/#\/schema\/logo\/image\/"},"sameAs":["https:\/\/www.facebook.com\/AmericanoNewspaper\/"]},{"@type":"Person","@id":"https:\/\/www.americanonewspaper.com\/es\/#\/schema\/person\/875497672032163af362240e09375960","name":"Victoria Deus","image":{"@type":"ImageObject","inLanguage":"en-US","@id":"https:\/\/www.americanonewspaper.com\/es\/wp-content\/litespeed\/avatar\/87ebc08dcb2dba9e584c4557748a9de2.jpg?ver=1777428042","url":"https:\/\/www.americanonewspaper.com\/es\/wp-content\/litespeed\/avatar\/87ebc08dcb2dba9e584c4557748a9de2.jpg?ver=1777428042","contentUrl":"https:\/\/www.americanonewspaper.com\/es\/wp-content\/litespeed\/avatar\/87ebc08dcb2dba9e584c4557748a9de2.jpg?ver=1777428042","caption":"Victoria Deus"},"sameAs":["http:\/\/www.americanonewspaper.com"],"url":"https:\/\/www.americanonewspaper.com\/es\/author\/victoria\/"}]}},"jetpack_publicize_connections":[],"jetpack_featured_media_url":"https:\/\/www.americanonewspaper.com\/es\/wp-content\/uploads\/2025\/02\/f2c550bc30da7458c82cd2b5d2727f05846a1dd7m.jpg","featured_image_urls":{"full":["https:\/\/www.americanonewspaper.com\/es\/wp-content\/uploads\/2025\/02\/f2c550bc30da7458c82cd2b5d2727f05846a1dd7m.jpg",600,400,false],"thumbnail":["https:\/\/www.americanonewspaper.com\/es\/wp-content\/uploads\/2025\/02\/f2c550bc30da7458c82cd2b5d2727f05846a1dd7m-250x250.jpg",250,250,true],"medium":["https:\/\/www.americanonewspaper.com\/es\/wp-content\/uploads\/2025\/02\/f2c550bc30da7458c82cd2b5d2727f05846a1dd7m-300x200.jpg",300,200,true],"medium_large":["https:\/\/www.americanonewspaper.com\/es\/wp-content\/uploads\/2025\/02\/f2c550bc30da7458c82cd2b5d2727f05846a1dd7m.jpg",600,400,false],"large":["https:\/\/www.americanonewspaper.com\/es\/wp-content\/uploads\/2025\/02\/f2c550bc30da7458c82cd2b5d2727f05846a1dd7m.jpg",600,400,false],"1536x1536":["https:\/\/www.americanonewspaper.com\/es\/wp-content\/uploads\/2025\/02\/f2c550bc30da7458c82cd2b5d2727f05846a1dd7m.jpg",600,400,false],"2048x2048":["https:\/\/www.americanonewspaper.com\/es\/wp-content\/uploads\/2025\/02\/f2c550bc30da7458c82cd2b5d2727f05846a1dd7m.jpg",600,400,false],"td_150x0":["https:\/\/www.americanonewspaper.com\/es\/wp-content\/uploads\/2025\/02\/f2c550bc30da7458c82cd2b5d2727f05846a1dd7m-150x100.jpg",150,100,true],"td_218x150":["https:\/\/www.americanonewspaper.com\/es\/wp-content\/uploads\/2025\/02\/f2c550bc30da7458c82cd2b5d2727f05846a1dd7m-218x150.jpg",218,150,true],"td_300x0":["https:\/\/www.americanonewspaper.com\/es\/wp-content\/uploads\/2025\/02\/f2c550bc30da7458c82cd2b5d2727f05846a1dd7m-300x200.jpg",300,200,true],"td_324x400":["https:\/\/www.americanonewspaper.com\/es\/wp-content\/uploads\/2025\/02\/f2c550bc30da7458c82cd2b5d2727f05846a1dd7m-324x400.jpg",324,400,true],"td_485x360":["https:\/\/www.americanonewspaper.com\/es\/wp-content\/uploads\/2025\/02\/f2c550bc30da7458c82cd2b5d2727f05846a1dd7m-485x360.jpg",485,360,true],"td_696x0":["https:\/\/www.americanonewspaper.com\/es\/wp-content\/uploads\/2025\/02\/f2c550bc30da7458c82cd2b5d2727f05846a1dd7m.jpg",600,400,false],"td_1068x0":["https:\/\/www.americanonewspaper.com\/es\/wp-content\/uploads\/2025\/02\/f2c550bc30da7458c82cd2b5d2727f05846a1dd7m.jpg",600,400,false],"td_1920x0":["https:\/\/www.americanonewspaper.com\/es\/wp-content\/uploads\/2025\/02\/f2c550bc30da7458c82cd2b5d2727f05846a1dd7m.jpg",600,400,false],"bdpp-medium":["https:\/\/www.americanonewspaper.com\/es\/wp-content\/uploads\/2025\/02\/f2c550bc30da7458c82cd2b5d2727f05846a1dd7m.jpg",600,400,false]},"author_info":{"display_name":"Victoria Deus","author_link":"https:\/\/www.americanonewspaper.com\/es\/author\/victoria\/"},"category_info":"<a href=\"https:\/\/www.americanonewspaper.com\/es\/category\/champions-league\/\" rel=\"category tag\">Champions League<\/a> <a href=\"https:\/\/www.americanonewspaper.com\/es\/category\/kyliam-mbappe\/\" rel=\"category tag\">Kyliam Mbapp\u00e9<\/a> <a href=\"https:\/\/www.americanonewspaper.com\/es\/category\/real-madrid\/\" rel=\"category tag\">Real Madrid<\/a>","tag_info":"Real Madrid","comment_count":"0","jetpack_sharing_enabled":true,"jetpack_likes_enabled":true,"_links":{"self":[{"href":"https:\/\/www.americanonewspaper.com\/es\/wp-json\/wp\/v2\/posts\/25028","targetHints":{"allow":["GET"]}}],"collection":[{"href":"https:\/\/www.americanonewspaper.com\/es\/wp-json\/wp\/v2\/posts"}],"about":[{"href":"https:\/\/www.americanonewspaper.com\/es\/wp-json\/wp\/v2\/types\/post"}],"author":[{"embeddable":true,"href":"https:\/\/www.americanonewspaper.com\/es\/wp-json\/wp\/v2\/users\/18"}],"replies":[{"embeddable":true,"href":"https:\/\/www.americanonewspaper.com\/es\/wp-json\/wp\/v2\/comments?post=25028"}],"version-history":[{"count":5,"href":"https:\/\/www.americanonewspaper.com\/es\/wp-json\/wp\/v2\/posts\/25028\/revisions"}],"predecessor-version":[{"id":25039,"href":"https:\/\/www.americanonewspaper.com\/es\/wp-json\/wp\/v2\/posts\/25028\/revisions\/25039"}],"wp:featuredmedia":[{"embeddable":true,"href":"https:\/\/www.americanonewspaper.com\/es\/wp-json\/wp\/v2\/media\/25033"}],"wp:attachment":[{"href":"https:\/\/www.americanonewspaper.com\/es\/wp-json\/wp\/v2\/media?parent=25028"}],"wp:term":[{"taxonomy":"category","embeddable":true,"href":"https:\/\/www.americanonewspaper.com\/es\/wp-json\/wp\/v2\/categories?post=25028"},{"taxonomy":"post_tag","embeddable":true,"href":"https:\/\/www.americanonewspaper.com\/es\/wp-json\/wp\/v2\/tags?post=25028"}],"curies":[{"name":"wp","href":"https:\/\/api.w.org\/{rel}","templated":true}]}}