{"id":24940,"date":"2025-02-14T15:50:34","date_gmt":"2025-02-14T20:50:34","guid":{"rendered":"https:\/\/www.americanonewspaper.com\/es\/?p=24940"},"modified":"2025-02-14T15:50:36","modified_gmt":"2025-02-14T20:50:36","slug":"rosalia-participara-en-la-tercera-temporada-de-euphoria","status":"publish","type":"post","link":"https:\/\/www.americanonewspaper.com\/es\/usa\/rosalia-participara-en-la-tercera-temporada-de-euphoria\/","title":{"rendered":"Rosal\u00eda participar\u00e1 en la tercera temporada de &#8216;Euphoria&#8217;"},"content":{"rendered":"\n<p class=\"wp-block-paragraph\">Los \u00c1ngeles (EE.UU.), 14 feb (EFE).- <\/p>\n\n\n\n<p class=\"dropcapp3 wp-block-paragraph\">La artista espa\u00f1ola Rosal\u00eda participar\u00e1 como invitada estrella en la tercera temporada de &#8216;Euphoria&#8217;, que comenz\u00f3 esta semana su producci\u00f3n con el regreso de casi todo el elenco original, inform\u00f3 este viernes HBO.<\/p>\n\n\n\n<figure class=\"wp-block-image size-large is-resized\"><a href=\"\u00a0https:\/\/www.stnj.org\/events-tickets\/upcoming-events-1?utm_source=americano&amp;utm_medium=webad&amp;utm_campaign=americano_240216_webad1200x550_balletfolkloricowilychirinospanish\" target=\"_blank\" rel=\" noreferrer noopener\"><img fetchpriority=\"high\" decoding=\"async\" width=\"800\" height=\"367\" src=\"https:\/\/www.americanonewspaper.com\/es\/wp-content\/uploads\/2025\/02\/TitoNievesBalletFolkloricoSpanish-1200x550-1-800x367.jpeg\" alt=\"\" class=\"wp-image-24926\" style=\"width:1068px;height:auto\" srcset=\"https:\/\/www.americanonewspaper.com\/es\/wp-content\/uploads\/2025\/02\/TitoNievesBalletFolkloricoSpanish-1200x550-1-800x367.jpeg 800w, https:\/\/www.americanonewspaper.com\/es\/wp-content\/uploads\/2025\/02\/TitoNievesBalletFolkloricoSpanish-1200x550-1-300x138.jpeg 300w, https:\/\/www.americanonewspaper.com\/es\/wp-content\/uploads\/2025\/02\/TitoNievesBalletFolkloricoSpanish-1200x550-1-768x352.jpeg 768w, https:\/\/www.americanonewspaper.com\/es\/wp-content\/uploads\/2025\/02\/TitoNievesBalletFolkloricoSpanish-1200x550-1-150x69.jpeg 150w, https:\/\/www.americanonewspaper.com\/es\/wp-content\/uploads\/2025\/02\/TitoNievesBalletFolkloricoSpanish-1200x550-1-696x319.jpeg 696w, https:\/\/www.americanonewspaper.com\/es\/wp-content\/uploads\/2025\/02\/TitoNievesBalletFolkloricoSpanish-1200x550-1-1068x490.jpeg 1068w, https:\/\/www.americanonewspaper.com\/es\/wp-content\/uploads\/2025\/02\/TitoNievesBalletFolkloricoSpanish-1200x550-1.jpeg 1200w\" sizes=\"(max-width: 800px) 100vw, 800px\" \/><\/a><\/figure>\n\n\n\n<p class=\"wp-block-paragraph\">Junto a la cantante de &#8216;Malamente&#8217;, &#8220;tienen papeles destacados como estrellas invitadas&#8221; el campe\u00f3n del Super Bowl Marshawn Lynch y el protagonista de &#8216;A Different World, Kadeem Hardison, entre otros, indic\u00f3 la plataforma en l\u00ednea en un comunicado en X.<\/p>\n\n\n\n<p class=\"wp-block-paragraph\">La serie regresa con la mayor parte del elenco original para esta tercera temporada, incluidos Zendaya, Hunter Schafer, Eric Dane, Jacob Elordi, Alexa Demie y Maude Apatow.<\/p>\n\n\n\n<figure class=\"wp-block-image size-large is-resized\"><img decoding=\"async\" width=\"800\" height=\"366\" src=\"https:\/\/www.americanonewspaper.com\/es\/wp-content\/uploads\/2025\/02\/GGlSpanish-1-5-800x366.png\" alt=\"\" class=\"wp-image-24923\" style=\"width:1068px;height:auto\" srcset=\"https:\/\/www.americanonewspaper.com\/es\/wp-content\/uploads\/2025\/02\/GGlSpanish-1-5-800x366.png 800w, https:\/\/www.americanonewspaper.com\/es\/wp-content\/uploads\/2025\/02\/GGlSpanish-1-5-300x137.png 300w, https:\/\/www.americanonewspaper.com\/es\/wp-content\/uploads\/2025\/02\/GGlSpanish-1-5-768x351.png 768w, https:\/\/www.americanonewspaper.com\/es\/wp-content\/uploads\/2025\/02\/GGlSpanish-1-5-150x69.png 150w, https:\/\/www.americanonewspaper.com\/es\/wp-content\/uploads\/2025\/02\/GGlSpanish-1-5-696x318.png 696w, https:\/\/www.americanonewspaper.com\/es\/wp-content\/uploads\/2025\/02\/GGlSpanish-1-5-1068x489.png 1068w, https:\/\/www.americanonewspaper.com\/es\/wp-content\/uploads\/2025\/02\/GGlSpanish-1-5.png 1200w\" sizes=\"(max-width: 800px) 100vw, 800px\" \/><\/figure>\n\n\n\n<p class=\"wp-block-paragraph\">Tambi\u00e9n Martha Kelly y Chloe Cherry &#8220;han sido ascendidas a personajes habituales de la serie&#8221;, mientras que el nominado al \u00d3scar a mejor actor por &#8216;Sing Sing&#8217;, Colman Domingo, regresar\u00e1 tambi\u00e9n como estrella invitada.<\/p>\n\n\n\n<p class=\"wp-block-paragraph\">De la lista de artistas que figuran en el regreso se caen Nika King, Austin Abrams y Algee Smith, miembros del reparto original.<\/p>\n\n\n\n<figure class=\"wp-block-image size-large is-resized\"><a href=\"https:\/\/nissanofnorthplainfield.com\/?utm_source=gmb&amp;utm_medium=organic&amp;utm_campaign=website-button\" target=\"_blank\" rel=\" noreferrer noopener\"><img decoding=\"async\" width=\"800\" height=\"382\" src=\"https:\/\/www.americanonewspaper.com\/es\/wp-content\/uploads\/2025\/02\/Nissan-copy-1-1-4-800x382.jpg\" alt=\"\" class=\"wp-image-24924\" style=\"width:1067px;height:auto\" srcset=\"https:\/\/www.americanonewspaper.com\/es\/wp-content\/uploads\/2025\/02\/Nissan-copy-1-1-4-800x382.jpg 800w, https:\/\/www.americanonewspaper.com\/es\/wp-content\/uploads\/2025\/02\/Nissan-copy-1-1-4-300x143.jpg 300w, https:\/\/www.americanonewspaper.com\/es\/wp-content\/uploads\/2025\/02\/Nissan-copy-1-1-4-768x367.jpg 768w, https:\/\/www.americanonewspaper.com\/es\/wp-content\/uploads\/2025\/02\/Nissan-copy-1-1-4-150x72.jpg 150w, https:\/\/www.americanonewspaper.com\/es\/wp-content\/uploads\/2025\/02\/Nissan-copy-1-1-4-696x332.jpg 696w, https:\/\/www.americanonewspaper.com\/es\/wp-content\/uploads\/2025\/02\/Nissan-copy-1-1-4-1068x510.jpg 1068w, https:\/\/www.americanonewspaper.com\/es\/wp-content\/uploads\/2025\/02\/Nissan-copy-1-1-4.jpg 1200w\" sizes=\"(max-width: 800px) 100vw, 800px\" \/><\/a><figcaption class=\"wp-element-caption\"><strong><mark style=\"background-color:rgba(0, 0, 0, 0)\" class=\"has-inline-color has-vivid-purple-color\">Descuento<\/mark><\/strong><\/figcaption><\/figure>\n\n\n\n<p class=\"wp-block-paragraph\">La serie, que ofrece una mirada a la vida de un grupo de estudiantes de secundaria mientras lidian con problemas de drogas, sexo y violencia, comenzar\u00e1 a rodarse tres a\u00f1os despu\u00e9s del estreno de la segunda temporada.<\/p>\n\n\n\n<p class=\"wp-block-paragraph\">Desde entonces su continuaci\u00f3n se hab\u00eda ido postergando hasta el punto de que se lleg\u00f3 a especular sobre su posible cancelaci\u00f3n definitiva.<\/p>\n\n\n\n<figure class=\"wp-block-image size-large is-resized\"><a href=\"https:\/\/www.linkedin.com\/in\/isaac-resek-74033731\/\" target=\"_blank\" rel=\" noreferrer noopener\"><img loading=\"lazy\" decoding=\"async\" width=\"800\" height=\"450\" src=\"https:\/\/www.americanonewspaper.com\/es\/wp-content\/uploads\/2025\/02\/Screenshot-2025-01-27-at-12.53.59\u202fPM-2-800x450.png\" alt=\"\" class=\"wp-image-24840\" style=\"width:1067px;height:auto\" srcset=\"https:\/\/www.americanonewspaper.com\/es\/wp-content\/uploads\/2025\/02\/Screenshot-2025-01-27-at-12.53.59\u202fPM-2-800x450.png 800w, https:\/\/www.americanonewspaper.com\/es\/wp-content\/uploads\/2025\/02\/Screenshot-2025-01-27-at-12.53.59\u202fPM-2-300x169.png 300w, https:\/\/www.americanonewspaper.com\/es\/wp-content\/uploads\/2025\/02\/Screenshot-2025-01-27-at-12.53.59\u202fPM-2-768x432.png 768w, https:\/\/www.americanonewspaper.com\/es\/wp-content\/uploads\/2025\/02\/Screenshot-2025-01-27-at-12.53.59\u202fPM-2-150x84.png 150w, https:\/\/www.americanonewspaper.com\/es\/wp-content\/uploads\/2025\/02\/Screenshot-2025-01-27-at-12.53.59\u202fPM-2-696x391.png 696w, https:\/\/www.americanonewspaper.com\/es\/wp-content\/uploads\/2025\/02\/Screenshot-2025-01-27-at-12.53.59\u202fPM-2-1068x601.png 1068w, https:\/\/www.americanonewspaper.com\/es\/wp-content\/uploads\/2025\/02\/Screenshot-2025-01-27-at-12.53.59\u202fPM-2.png 1234w\" sizes=\"(max-width: 800px) 100vw, 800px\" \/><\/a><\/figure>\n\n\n\n<p class=\"wp-block-paragraph\">Esta demora se ha atribuido a m\u00faltiples factores, entre ellos la huelga de guionistas y actores de Hollywood del a\u00f1o pasado, as\u00ed como la masiva popularidad que ha adquirido el elenco tras el lanzamiento, lo que les ha abierto las puertas a participar en m\u00e1s proyectos y a disponer, en consecuencia, de agendas m\u00e1s apretadas.<\/p>\n\n\n\n<p class=\"wp-block-paragraph\">Hasta la fecha, la serie de la que Zendaya es tambi\u00e9n productora ejecutiva ha recibido 25 nominaciones a los Emmy, con nueve victorias.<\/p>\n","protected":false},"excerpt":{"rendered":"<p>Los \u00c1ngeles (EE.UU.), 14 feb (EFE).- La artista espa\u00f1ola Rosal\u00eda participar\u00e1 como invitada estrella en la tercera temporada de &#8216;Euphoria&#8217;, que comenz\u00f3 esta semana su producci\u00f3n con el regreso de casi todo el elenco original, inform\u00f3 este viernes HBO. Junto a la cantante de &#8216;Malamente&#8217;, &#8220;tienen papeles destacados como estrellas invitadas&#8221; el campe\u00f3n del Super [&hellip;]<\/p>\n","protected":false},"author":7,"featured_media":24941,"comment_status":"open","ping_status":"open","sticky":false,"template":"","format":"standard","meta":{"_acf_changed":false,"tdm_status":"","tdm_grid_status":"","_jetpack_newsletter_access":"","_jetpack_dont_email_post_to_subs":false,"_jetpack_newsletter_tier_id":0,"_jetpack_memberships_contains_paywalled_content":false,"_jetpack_feature_clip_id":0,"_jetpack_memberships_contains_paid_content":false,"footnotes":"","jetpack_publicize_message":"{title}\n\n{excerpt}\n\n{url}","jetpack_publicize_feature_enabled":true,"jetpack_social_post_already_shared":true,"jetpack_social_options":{"image_generator_settings":{"template":"highway","default_image_id":0,"font":"","enabled":false},"version":2},"_wpas_customize_per_network":false,"jetpack_post_was_ever_published":false,"_members_access_role":[],"_members_access_error":""},"categories":[567,527,315],"tags":[],"class_list":["post-24940","post","type-post","status-publish","format-standard","has-post-thumbnail","category-espana","category-farandula","category-usa"],"acf":[],"yoast_head":"<!-- This site is optimized with the Yoast SEO Premium plugin v28.4 (Yoast SEO v28.4) - https:\/\/yoast.com\/product\/yoast-seo-premium-wordpress\/ -->\n<title>Rosal\u00eda participar\u00e1 en la tercera temporada de &#039;Euphoria&#039; - Americano Newspaper<\/title>\n<meta name=\"description\" content=\"La artista espa\u00f1ola Rosal\u00eda participar\u00e1 como invitada estrella en la tercera temporada de &#039;Euphoria&#039;, que comenz\u00f3 esta semana su producci\u00f3n con el regreso de casi todo el elenco original, inform\u00f3 este viernes HBO.\" \/>\n<meta name=\"robots\" content=\"index, follow, max-snippet:-1, max-image-preview:large, max-video-preview:-1\" \/>\n<link rel=\"canonical\" href=\"https:\/\/www.americanonewspaper.com\/es\/usa\/rosalia-participara-en-la-tercera-temporada-de-euphoria\/\" \/>\n<meta property=\"og:locale\" content=\"en_US\" \/>\n<meta property=\"og:type\" content=\"article\" \/>\n<meta property=\"og:title\" content=\"Rosal\u00eda participar\u00e1 en la tercera temporada de &#039;Euphoria&#039;\" \/>\n<meta property=\"og:description\" content=\"La artista espa\u00f1ola Rosal\u00eda participar\u00e1 como invitada estrella en la tercera temporada de &#039;Euphoria&#039;, que comenz\u00f3 esta semana su producci\u00f3n con el regreso de casi todo el elenco original, inform\u00f3 este viernes HBO.\" \/>\n<meta property=\"og:url\" content=\"https:\/\/www.americanonewspaper.com\/es\/usa\/rosalia-participara-en-la-tercera-temporada-de-euphoria\/\" \/>\n<meta property=\"og:site_name\" content=\"Americano Newspaper\" \/>\n<meta property=\"article:publisher\" content=\"https:\/\/www.facebook.com\/AmericanoNewspaper\/\" \/>\n<meta property=\"article:published_time\" content=\"2025-02-14T20:50:34+00:00\" \/>\n<meta property=\"article:modified_time\" content=\"2025-02-14T20:50:36+00:00\" \/>\n<meta property=\"og:image\" content=\"https:\/\/www.americanonewspaper.com\/es\/wp-content\/uploads\/2025\/02\/Rosalia.jpg\" \/>\n\t<meta property=\"og:image:width\" content=\"900\" \/>\n\t<meta property=\"og:image:height\" content=\"600\" \/>\n\t<meta property=\"og:image:type\" content=\"image\/jpeg\" \/>\n<meta name=\"author\" content=\"Author\" \/>\n<meta name=\"twitter:card\" content=\"summary_large_image\" \/>\n<meta name=\"twitter:label1\" content=\"Written by\" \/>\n\t<meta name=\"twitter:data1\" content=\"Author\" \/>\n\t<meta name=\"twitter:label2\" content=\"Est. reading time\" \/>\n\t<meta name=\"twitter:data2\" content=\"3 minutes\" \/>\n<script type=\"application\/ld+json\" class=\"yoast-schema-graph\">{\"@context\":\"https:\\\/\\\/schema.org\",\"@graph\":[{\"@type\":\"Article\",\"@id\":\"https:\\\/\\\/www.americanonewspaper.com\\\/es\\\/usa\\\/rosalia-participara-en-la-tercera-temporada-de-euphoria\\\/#article\",\"isPartOf\":{\"@id\":\"https:\\\/\\\/www.americanonewspaper.com\\\/es\\\/usa\\\/rosalia-participara-en-la-tercera-temporada-de-euphoria\\\/\"},\"author\":{\"name\":\"Author\",\"@id\":\"https:\\\/\\\/www.americanonewspaper.com\\\/es\\\/#\\\/schema\\\/person\\\/8967f6b8af7e37bcbbe61f68580ff088\"},\"headline\":\"Rosal\u00eda participar\u00e1 en la tercera temporada de &#8216;Euphoria&#8217;\",\"datePublished\":\"2025-02-14T20:50:34+00:00\",\"dateModified\":\"2025-02-14T20:50:36+00:00\",\"mainEntityOfPage\":{\"@id\":\"https:\\\/\\\/www.americanonewspaper.com\\\/es\\\/usa\\\/rosalia-participara-en-la-tercera-temporada-de-euphoria\\\/\"},\"wordCount\":327,\"commentCount\":0,\"publisher\":{\"@id\":\"https:\\\/\\\/www.americanonewspaper.com\\\/es\\\/#organization\"},\"image\":{\"@id\":\"https:\\\/\\\/www.americanonewspaper.com\\\/es\\\/usa\\\/rosalia-participara-en-la-tercera-temporada-de-euphoria\\\/#primaryimage\"},\"thumbnailUrl\":\"https:\\\/\\\/www.americanonewspaper.com\\\/es\\\/wp-content\\\/uploads\\\/2025\\\/02\\\/Rosalia.jpg\",\"articleSection\":[\"Espa\u00f1a\",\"Far\u00e1ndula\",\"USA\"],\"inLanguage\":\"en-US\",\"potentialAction\":[{\"@type\":\"CommentAction\",\"name\":\"Comment\",\"target\":[\"https:\\\/\\\/www.americanonewspaper.com\\\/es\\\/usa\\\/rosalia-participara-en-la-tercera-temporada-de-euphoria\\\/#respond\"]}]},{\"@type\":\"WebPage\",\"@id\":\"https:\\\/\\\/www.americanonewspaper.com\\\/es\\\/usa\\\/rosalia-participara-en-la-tercera-temporada-de-euphoria\\\/\",\"url\":\"https:\\\/\\\/www.americanonewspaper.com\\\/es\\\/usa\\\/rosalia-participara-en-la-tercera-temporada-de-euphoria\\\/\",\"name\":\"Rosal\u00eda participar\u00e1 en la tercera temporada de 'Euphoria' - Americano Newspaper\",\"isPartOf\":{\"@id\":\"https:\\\/\\\/www.americanonewspaper.com\\\/es\\\/#website\"},\"primaryImageOfPage\":{\"@id\":\"https:\\\/\\\/www.americanonewspaper.com\\\/es\\\/usa\\\/rosalia-participara-en-la-tercera-temporada-de-euphoria\\\/#primaryimage\"},\"image\":{\"@id\":\"https:\\\/\\\/www.americanonewspaper.com\\\/es\\\/usa\\\/rosalia-participara-en-la-tercera-temporada-de-euphoria\\\/#primaryimage\"},\"thumbnailUrl\":\"https:\\\/\\\/www.americanonewspaper.com\\\/es\\\/wp-content\\\/uploads\\\/2025\\\/02\\\/Rosalia.jpg\",\"datePublished\":\"2025-02-14T20:50:34+00:00\",\"dateModified\":\"2025-02-14T20:50:36+00:00\",\"description\":\"La artista espa\u00f1ola Rosal\u00eda participar\u00e1 como invitada estrella en la tercera temporada de 'Euphoria', que comenz\u00f3 esta semana su producci\u00f3n con el regreso de casi todo el elenco original, inform\u00f3 este viernes HBO.\",\"breadcrumb\":{\"@id\":\"https:\\\/\\\/www.americanonewspaper.com\\\/es\\\/usa\\\/rosalia-participara-en-la-tercera-temporada-de-euphoria\\\/#breadcrumb\"},\"inLanguage\":\"en-US\",\"potentialAction\":[{\"@type\":\"ReadAction\",\"target\":[\"https:\\\/\\\/www.americanonewspaper.com\\\/es\\\/usa\\\/rosalia-participara-en-la-tercera-temporada-de-euphoria\\\/\"]}]},{\"@type\":\"ImageObject\",\"inLanguage\":\"en-US\",\"@id\":\"https:\\\/\\\/www.americanonewspaper.com\\\/es\\\/usa\\\/rosalia-participara-en-la-tercera-temporada-de-euphoria\\\/#primaryimage\",\"url\":\"https:\\\/\\\/www.americanonewspaper.com\\\/es\\\/wp-content\\\/uploads\\\/2025\\\/02\\\/Rosalia.jpg\",\"contentUrl\":\"https:\\\/\\\/www.americanonewspaper.com\\\/es\\\/wp-content\\\/uploads\\\/2025\\\/02\\\/Rosalia.jpg\",\"width\":900,\"height\":600,\"caption\":\"Fotograf\u00eda de archivo de la cantante espa\u00f1ola Rosal\u00eda. EFE\\\/ Kiko Huesca\"},{\"@type\":\"BreadcrumbList\",\"@id\":\"https:\\\/\\\/www.americanonewspaper.com\\\/es\\\/usa\\\/rosalia-participara-en-la-tercera-temporada-de-euphoria\\\/#breadcrumb\",\"itemListElement\":[{\"@type\":\"ListItem\",\"position\":1,\"name\":\"Home\",\"item\":\"https:\\\/\\\/www.americanonewspaper.com\\\/es\\\/\"},{\"@type\":\"ListItem\",\"position\":2,\"name\":\"Rosal\u00eda participar\u00e1 en la tercera temporada de &#8216;Euphoria&#8217;\"}]},{\"@type\":\"WebSite\",\"@id\":\"https:\\\/\\\/www.americanonewspaper.com\\\/es\\\/#website\",\"url\":\"https:\\\/\\\/www.americanonewspaper.com\\\/es\\\/\",\"name\":\"Americano Newspaper\",\"description\":\"The Hispanic Newspaper of New Jersey.\",\"publisher\":{\"@id\":\"https:\\\/\\\/www.americanonewspaper.com\\\/es\\\/#organization\"},\"potentialAction\":[{\"@type\":\"SearchAction\",\"target\":{\"@type\":\"EntryPoint\",\"urlTemplate\":\"https:\\\/\\\/www.americanonewspaper.com\\\/es\\\/?s={search_term_string}\"},\"query-input\":{\"@type\":\"PropertyValueSpecification\",\"valueRequired\":true,\"valueName\":\"search_term_string\"}}],\"inLanguage\":\"en-US\"},{\"@type\":\"Organization\",\"@id\":\"https:\\\/\\\/www.americanonewspaper.com\\\/es\\\/#organization\",\"name\":\"Americano Newspaper\",\"url\":\"https:\\\/\\\/www.americanonewspaper.com\\\/es\\\/\",\"logo\":{\"@type\":\"ImageObject\",\"inLanguage\":\"en-US\",\"@id\":\"https:\\\/\\\/www.americanonewspaper.com\\\/es\\\/#\\\/schema\\\/logo\\\/image\\\/\",\"url\":\"https:\\\/\\\/www.americanonewspaper.com\\\/es\\\/wp-content\\\/uploads\\\/2024\\\/05\\\/AmericanoLogoCircle.comCircle2.jpg\",\"contentUrl\":\"https:\\\/\\\/www.americanonewspaper.com\\\/es\\\/wp-content\\\/uploads\\\/2024\\\/05\\\/AmericanoLogoCircle.comCircle2.jpg\",\"width\":600,\"height\":600,\"caption\":\"Americano Newspaper\"},\"image\":{\"@id\":\"https:\\\/\\\/www.americanonewspaper.com\\\/es\\\/#\\\/schema\\\/logo\\\/image\\\/\"},\"sameAs\":[\"https:\\\/\\\/www.facebook.com\\\/AmericanoNewspaper\\\/\"]},{\"@type\":\"Person\",\"@id\":\"https:\\\/\\\/www.americanonewspaper.com\\\/es\\\/#\\\/schema\\\/person\\\/8967f6b8af7e37bcbbe61f68580ff088\",\"name\":\"Author\",\"image\":{\"@type\":\"ImageObject\",\"inLanguage\":\"en-US\",\"@id\":\"https:\\\/\\\/www.americanonewspaper.com\\\/es\\\/wp-content\\\/litespeed\\\/avatar\\\/89ffaf6af3cf6769ffb3c6efb2313947.jpg?ver=1788535513\",\"url\":\"https:\\\/\\\/www.americanonewspaper.com\\\/es\\\/wp-content\\\/litespeed\\\/avatar\\\/89ffaf6af3cf6769ffb3c6efb2313947.jpg?ver=1788535513\",\"contentUrl\":\"https:\\\/\\\/www.americanonewspaper.com\\\/es\\\/wp-content\\\/litespeed\\\/avatar\\\/89ffaf6af3cf6769ffb3c6efb2313947.jpg?ver=1788535513\",\"caption\":\"Author\"},\"url\":\"https:\\\/\\\/www.americanonewspaper.com\\\/es\\\/author\\\/americano\\\/\"}]}<\/script>\n<!-- \/ Yoast SEO Premium plugin. -->","yoast_head_json":{"title":"Rosal\u00eda participar\u00e1 en la tercera temporada de 'Euphoria' - Americano Newspaper","description":"La artista espa\u00f1ola Rosal\u00eda participar\u00e1 como invitada estrella en la tercera temporada de 'Euphoria', que comenz\u00f3 esta semana su producci\u00f3n con el regreso de casi todo el elenco original, inform\u00f3 este viernes HBO.","robots":{"index":"index","follow":"follow","max-snippet":"max-snippet:-1","max-image-preview":"max-image-preview:large","max-video-preview":"max-video-preview:-1"},"canonical":"https:\/\/www.americanonewspaper.com\/es\/usa\/rosalia-participara-en-la-tercera-temporada-de-euphoria\/","og_locale":"en_US","og_type":"article","og_title":"Rosal\u00eda participar\u00e1 en la tercera temporada de 'Euphoria'","og_description":"La artista espa\u00f1ola Rosal\u00eda participar\u00e1 como invitada estrella en la tercera temporada de 'Euphoria', que comenz\u00f3 esta semana su producci\u00f3n con el regreso de casi todo el elenco original, inform\u00f3 este viernes HBO.","og_url":"https:\/\/www.americanonewspaper.com\/es\/usa\/rosalia-participara-en-la-tercera-temporada-de-euphoria\/","og_site_name":"Americano Newspaper","article_publisher":"https:\/\/www.facebook.com\/AmericanoNewspaper\/","article_published_time":"2025-02-14T20:50:34+00:00","article_modified_time":"2025-02-14T20:50:36+00:00","og_image":[{"width":900,"height":600,"url":"https:\/\/www.americanonewspaper.com\/es\/wp-content\/uploads\/2025\/02\/Rosalia.jpg","type":"image\/jpeg"}],"author":"Author","twitter_card":"summary_large_image","twitter_misc":{"Written by":"Author","Est. reading time":"3 minutes"},"schema":{"@context":"https:\/\/schema.org","@graph":[{"@type":"Article","@id":"https:\/\/www.americanonewspaper.com\/es\/usa\/rosalia-participara-en-la-tercera-temporada-de-euphoria\/#article","isPartOf":{"@id":"https:\/\/www.americanonewspaper.com\/es\/usa\/rosalia-participara-en-la-tercera-temporada-de-euphoria\/"},"author":{"name":"Author","@id":"https:\/\/www.americanonewspaper.com\/es\/#\/schema\/person\/8967f6b8af7e37bcbbe61f68580ff088"},"headline":"Rosal\u00eda participar\u00e1 en la tercera temporada de &#8216;Euphoria&#8217;","datePublished":"2025-02-14T20:50:34+00:00","dateModified":"2025-02-14T20:50:36+00:00","mainEntityOfPage":{"@id":"https:\/\/www.americanonewspaper.com\/es\/usa\/rosalia-participara-en-la-tercera-temporada-de-euphoria\/"},"wordCount":327,"commentCount":0,"publisher":{"@id":"https:\/\/www.americanonewspaper.com\/es\/#organization"},"image":{"@id":"https:\/\/www.americanonewspaper.com\/es\/usa\/rosalia-participara-en-la-tercera-temporada-de-euphoria\/#primaryimage"},"thumbnailUrl":"https:\/\/www.americanonewspaper.com\/es\/wp-content\/uploads\/2025\/02\/Rosalia.jpg","articleSection":["Espa\u00f1a","Far\u00e1ndula","USA"],"inLanguage":"en-US","potentialAction":[{"@type":"CommentAction","name":"Comment","target":["https:\/\/www.americanonewspaper.com\/es\/usa\/rosalia-participara-en-la-tercera-temporada-de-euphoria\/#respond"]}]},{"@type":"WebPage","@id":"https:\/\/www.americanonewspaper.com\/es\/usa\/rosalia-participara-en-la-tercera-temporada-de-euphoria\/","url":"https:\/\/www.americanonewspaper.com\/es\/usa\/rosalia-participara-en-la-tercera-temporada-de-euphoria\/","name":"Rosal\u00eda participar\u00e1 en la tercera temporada de 'Euphoria' - Americano Newspaper","isPartOf":{"@id":"https:\/\/www.americanonewspaper.com\/es\/#website"},"primaryImageOfPage":{"@id":"https:\/\/www.americanonewspaper.com\/es\/usa\/rosalia-participara-en-la-tercera-temporada-de-euphoria\/#primaryimage"},"image":{"@id":"https:\/\/www.americanonewspaper.com\/es\/usa\/rosalia-participara-en-la-tercera-temporada-de-euphoria\/#primaryimage"},"thumbnailUrl":"https:\/\/www.americanonewspaper.com\/es\/wp-content\/uploads\/2025\/02\/Rosalia.jpg","datePublished":"2025-02-14T20:50:34+00:00","dateModified":"2025-02-14T20:50:36+00:00","description":"La artista espa\u00f1ola Rosal\u00eda participar\u00e1 como invitada estrella en la tercera temporada de 'Euphoria', que comenz\u00f3 esta semana su producci\u00f3n con el regreso de casi todo el elenco original, inform\u00f3 este viernes HBO.","breadcrumb":{"@id":"https:\/\/www.americanonewspaper.com\/es\/usa\/rosalia-participara-en-la-tercera-temporada-de-euphoria\/#breadcrumb"},"inLanguage":"en-US","potentialAction":[{"@type":"ReadAction","target":["https:\/\/www.americanonewspaper.com\/es\/usa\/rosalia-participara-en-la-tercera-temporada-de-euphoria\/"]}]},{"@type":"ImageObject","inLanguage":"en-US","@id":"https:\/\/www.americanonewspaper.com\/es\/usa\/rosalia-participara-en-la-tercera-temporada-de-euphoria\/#primaryimage","url":"https:\/\/www.americanonewspaper.com\/es\/wp-content\/uploads\/2025\/02\/Rosalia.jpg","contentUrl":"https:\/\/www.americanonewspaper.com\/es\/wp-content\/uploads\/2025\/02\/Rosalia.jpg","width":900,"height":600,"caption":"Fotograf\u00eda de archivo de la cantante espa\u00f1ola Rosal\u00eda. EFE\/ Kiko Huesca"},{"@type":"BreadcrumbList","@id":"https:\/\/www.americanonewspaper.com\/es\/usa\/rosalia-participara-en-la-tercera-temporada-de-euphoria\/#breadcrumb","itemListElement":[{"@type":"ListItem","position":1,"name":"Home","item":"https:\/\/www.americanonewspaper.com\/es\/"},{"@type":"ListItem","position":2,"name":"Rosal\u00eda participar\u00e1 en la tercera temporada de &#8216;Euphoria&#8217;"}]},{"@type":"WebSite","@id":"https:\/\/www.americanonewspaper.com\/es\/#website","url":"https:\/\/www.americanonewspaper.com\/es\/","name":"Americano Newspaper","description":"The Hispanic Newspaper of New Jersey.","publisher":{"@id":"https:\/\/www.americanonewspaper.com\/es\/#organization"},"potentialAction":[{"@type":"SearchAction","target":{"@type":"EntryPoint","urlTemplate":"https:\/\/www.americanonewspaper.com\/es\/?s={search_term_string}"},"query-input":{"@type":"PropertyValueSpecification","valueRequired":true,"valueName":"search_term_string"}}],"inLanguage":"en-US"},{"@type":"Organization","@id":"https:\/\/www.americanonewspaper.com\/es\/#organization","name":"Americano Newspaper","url":"https:\/\/www.americanonewspaper.com\/es\/","logo":{"@type":"ImageObject","inLanguage":"en-US","@id":"https:\/\/www.americanonewspaper.com\/es\/#\/schema\/logo\/image\/","url":"https:\/\/www.americanonewspaper.com\/es\/wp-content\/uploads\/2024\/05\/AmericanoLogoCircle.comCircle2.jpg","contentUrl":"https:\/\/www.americanonewspaper.com\/es\/wp-content\/uploads\/2024\/05\/AmericanoLogoCircle.comCircle2.jpg","width":600,"height":600,"caption":"Americano Newspaper"},"image":{"@id":"https:\/\/www.americanonewspaper.com\/es\/#\/schema\/logo\/image\/"},"sameAs":["https:\/\/www.facebook.com\/AmericanoNewspaper\/"]},{"@type":"Person","@id":"https:\/\/www.americanonewspaper.com\/es\/#\/schema\/person\/8967f6b8af7e37bcbbe61f68580ff088","name":"Author","image":{"@type":"ImageObject","inLanguage":"en-US","@id":"https:\/\/www.americanonewspaper.com\/es\/wp-content\/litespeed\/avatar\/89ffaf6af3cf6769ffb3c6efb2313947.jpg?ver=1788535513","url":"https:\/\/www.americanonewspaper.com\/es\/wp-content\/litespeed\/avatar\/89ffaf6af3cf6769ffb3c6efb2313947.jpg?ver=1788535513","contentUrl":"https:\/\/www.americanonewspaper.com\/es\/wp-content\/litespeed\/avatar\/89ffaf6af3cf6769ffb3c6efb2313947.jpg?ver=1788535513","caption":"Author"},"url":"https:\/\/www.americanonewspaper.com\/es\/author\/americano\/"}]}},"jetpack_publicize_connections":[],"featured_image_urls":{"full":["https:\/\/www.americanonewspaper.com\/es\/wp-content\/uploads\/2025\/02\/Rosalia.jpg",900,600,false],"thumbnail":["https:\/\/www.americanonewspaper.com\/es\/wp-content\/uploads\/2025\/02\/Rosalia-250x250.jpg",250,250,true],"medium":["https:\/\/www.americanonewspaper.com\/es\/wp-content\/uploads\/2025\/02\/Rosalia-300x200.jpg",300,200,true],"medium_large":["https:\/\/www.americanonewspaper.com\/es\/wp-content\/uploads\/2025\/02\/Rosalia-768x512.jpg",696,464,true],"large":["https:\/\/www.americanonewspaper.com\/es\/wp-content\/uploads\/2025\/02\/Rosalia-750x500.jpg",696,464,true],"1536x1536":["https:\/\/www.americanonewspaper.com\/es\/wp-content\/uploads\/2025\/02\/Rosalia.jpg",900,600,false],"2048x2048":["https:\/\/www.americanonewspaper.com\/es\/wp-content\/uploads\/2025\/02\/Rosalia.jpg",900,600,false],"td_150x0":["https:\/\/www.americanonewspaper.com\/es\/wp-content\/uploads\/2025\/02\/Rosalia-150x100.jpg",150,100,true],"td_218x150":["https:\/\/www.americanonewspaper.com\/es\/wp-content\/uploads\/2025\/02\/Rosalia-218x150.jpg",218,150,true],"td_300x0":["https:\/\/www.americanonewspaper.com\/es\/wp-content\/uploads\/2025\/02\/Rosalia-300x200.jpg",300,200,true],"td_324x400":["https:\/\/www.americanonewspaper.com\/es\/wp-content\/uploads\/2025\/02\/Rosalia-324x400.jpg",324,400,true],"td_485x360":["https:\/\/www.americanonewspaper.com\/es\/wp-content\/uploads\/2025\/02\/Rosalia-485x360.jpg",485,360,true],"td_696x0":["https:\/\/www.americanonewspaper.com\/es\/wp-content\/uploads\/2025\/02\/Rosalia-696x464.jpg",696,464,true],"td_1068x0":["https:\/\/www.americanonewspaper.com\/es\/wp-content\/uploads\/2025\/02\/Rosalia.jpg",900,600,false],"td_1920x0":["https:\/\/www.americanonewspaper.com\/es\/wp-content\/uploads\/2025\/02\/Rosalia.jpg",900,600,false],"bdpp-medium":["https:\/\/www.americanonewspaper.com\/es\/wp-content\/uploads\/2025\/02\/Rosalia.jpg",640,427,false]},"author_info":{"display_name":"Author","author_link":"https:\/\/www.americanonewspaper.com\/es\/author\/americano\/"},"category_info":"<a href=\"https:\/\/www.americanonewspaper.com\/es\/category\/europe\/espana\/\" rel=\"category tag\">Espa\u00f1a<\/a> <a href=\"https:\/\/www.americanonewspaper.com\/es\/category\/farandula\/\" rel=\"category tag\">Far\u00e1ndula<\/a> <a href=\"https:\/\/www.americanonewspaper.com\/es\/category\/usa\/\" rel=\"category tag\">USA<\/a>","tag_info":"USA","comment_count":"0","jetpack_sharing_enabled":true,"jetpack_likes_enabled":true,"jetpack_featured_media_url":"https:\/\/www.americanonewspaper.com\/es\/wp-content\/uploads\/2025\/02\/Rosalia.jpg","_links":{"self":[{"href":"https:\/\/www.americanonewspaper.com\/es\/wp-json\/wp\/v2\/posts\/24940","targetHints":{"allow":["GET"]}}],"collection":[{"href":"https:\/\/www.americanonewspaper.com\/es\/wp-json\/wp\/v2\/posts"}],"about":[{"href":"https:\/\/www.americanonewspaper.com\/es\/wp-json\/wp\/v2\/types\/post"}],"author":[{"embeddable":true,"href":"https:\/\/www.americanonewspaper.com\/es\/wp-json\/wp\/v2\/users\/7"}],"replies":[{"embeddable":true,"href":"https:\/\/www.americanonewspaper.com\/es\/wp-json\/wp\/v2\/comments?post=24940"}],"version-history":[{"count":1,"href":"https:\/\/www.americanonewspaper.com\/es\/wp-json\/wp\/v2\/posts\/24940\/revisions"}],"predecessor-version":[{"id":24942,"href":"https:\/\/www.americanonewspaper.com\/es\/wp-json\/wp\/v2\/posts\/24940\/revisions\/24942"}],"wp:featuredmedia":[{"embeddable":true,"href":"https:\/\/www.americanonewspaper.com\/es\/wp-json\/wp\/v2\/media\/24941"}],"wp:attachment":[{"href":"https:\/\/www.americanonewspaper.com\/es\/wp-json\/wp\/v2\/media?parent=24940"}],"wp:term":[{"taxonomy":"category","embeddable":true,"href":"https:\/\/www.americanonewspaper.com\/es\/wp-json\/wp\/v2\/categories?post=24940"},{"taxonomy":"post_tag","embeddable":true,"href":"https:\/\/www.americanonewspaper.com\/es\/wp-json\/wp\/v2\/tags?post=24940"}],"curies":[{"name":"wp","href":"https:\/\/api.w.org\/{rel}","templated":true}]}}