{"id":24937,"date":"2025-02-14T13:03:47","date_gmt":"2025-02-14T18:03:47","guid":{"rendered":"https:\/\/www.americanonewspaper.com\/es\/?p=24937"},"modified":"2025-02-14T13:03:50","modified_gmt":"2025-02-14T18:03:50","slug":"shakira-anade-republica-dominicana-a-su-gira-mundial-las-mujeres-ya-no-lloran","status":"publish","type":"post","link":"https:\/\/www.americanonewspaper.com\/es\/shakira\/shakira-anade-republica-dominicana-a-su-gira-mundial-las-mujeres-ya-no-lloran\/","title":{"rendered":"Shakira a\u00f1ade Rep\u00fablica Dominicana a su gira mundial &#8216;Las mujeres ya no lloran&#8217;."},"content":{"rendered":"\n<p>Santo Domingo, 14 feb (EFE).<\/p>\n\n\n\n<p class=\"has-drop-cap dropcapp3\">La cantante colombiana Shakira a\u00f1ade a Rep\u00fablica Dominicana a su gira &#8216;Las mujeres ya no lloran World Tour&#8217; y se presentar\u00e1 el 2 de abril en Santo Domingo, anunci\u00f3 este viernes la producci\u00f3n del concierto.<\/p>\n\n\n\n<p>Inspirado en &#8216;Las mujeres ya no lloran&#8217;, que recientemente le vali\u00f3 el Grammy al Mejor \u00c1lbum de Pop Latino, en este concierto en el Estadio Ol\u00edmpico de la capital dominicana el p\u00fablico podr\u00e1 disfrutar de los grandes \u00e9xitos de la artista, as\u00ed como de &#8216;Session 53&#8217;, &#8216;TQG&#8217;, &#8216;Monoton\u00eda&#8217; y &#8216;Te Felicito&#8217; de ese galardonado trabajo.<\/p>\n\n\n\n<figure class=\"wp-block-gallery has-nested-images columns-default is-cropped wp-block-gallery-1 is-layout-flex wp-block-gallery-is-layout-flex\">\n<figure class=\"wp-block-image size-full\"><a href=\"https:\/\/www.stnj.org\/events-tickets\/upcoming-events-1?utm_source=americano&amp;utm_medium=webad&amp;utm_campaign=americano_240214_webad1200x550_titonievesballetfolkloricoenglish\" target=\"_blank\" rel=\" noreferrer noopener\"><img fetchpriority=\"high\" decoding=\"async\" width=\"1200\" height=\"550\" data-id=\"24926\" src=\"https:\/\/www.americanonewspaper.com\/es\/wp-content\/uploads\/2025\/02\/TitoNievesBalletFolkloricoSpanish-1200x550-1.jpeg\" alt=\"\" class=\"wp-image-24926\" srcset=\"https:\/\/www.americanonewspaper.com\/es\/wp-content\/uploads\/2025\/02\/TitoNievesBalletFolkloricoSpanish-1200x550-1.jpeg 1200w, https:\/\/www.americanonewspaper.com\/es\/wp-content\/uploads\/2025\/02\/TitoNievesBalletFolkloricoSpanish-1200x550-1-300x138.jpeg 300w, https:\/\/www.americanonewspaper.com\/es\/wp-content\/uploads\/2025\/02\/TitoNievesBalletFolkloricoSpanish-1200x550-1-800x367.jpeg 800w, https:\/\/www.americanonewspaper.com\/es\/wp-content\/uploads\/2025\/02\/TitoNievesBalletFolkloricoSpanish-1200x550-1-768x352.jpeg 768w, https:\/\/www.americanonewspaper.com\/es\/wp-content\/uploads\/2025\/02\/TitoNievesBalletFolkloricoSpanish-1200x550-1-150x69.jpeg 150w, https:\/\/www.americanonewspaper.com\/es\/wp-content\/uploads\/2025\/02\/TitoNievesBalletFolkloricoSpanish-1200x550-1-696x319.jpeg 696w, https:\/\/www.americanonewspaper.com\/es\/wp-content\/uploads\/2025\/02\/TitoNievesBalletFolkloricoSpanish-1200x550-1-1068x490.jpeg 1068w\" sizes=\"(max-width: 1200px) 100vw, 1200px\" \/><\/a><\/figure>\n<\/figure>\n\n\n\n<p>El espect\u00e1culo contar\u00e1 con pantallas de 160 pies (casi 50 metros), coreograf\u00edas que fusionan estilos y una versi\u00f3n animada en CGI de Shakira (im\u00e1genes generadas por ordenador), \u00fanica en su tipo, durante los interludios.<\/p>\n\n\n\n<p>Seg\u00fan el comunicado de los productores, en esta gira, que &#8220;promueve el empoderamiento y la fortaleza&#8221;, Shakira crea un espacio para celebrar &#8220;el poder del renacimiento personal&#8221; tras superar la adversidad.<\/p>\n\n\n\n<p>Shakira abri\u00f3 el pasado d\u00eda 11 de febrero en el Estadio Nilton Santos de R\u00edo de Janeiro su gira mundial, para la que en las primeras fechas en Am\u00e9rica Latina se agotaron las entradas en menos de dos horas.<\/p>\n\n\n\n<p>Ganadora de 15 Grammy Latino y cuatro Premios Grammy, la cantante ha grabado 12 discos y vendido m\u00e1s de 95 millones de copias en sus m\u00e1s de tres d\u00e9cadas de carrera.<\/p>\n\n\n\n<figure class=\"wp-block-image size-full\"><a href=\"https:\/\/www.nissanofnorthplainfield.com\/?utm_source=gmb&amp;utm_medium=organic&amp;utm_campaign=website-button\" target=\"_blank\" rel=\" noreferrer noopener\"><img decoding=\"async\" width=\"1234\" height=\"694\" src=\"https:\/\/www.americanonewspaper.com\/es\/wp-content\/uploads\/2025\/02\/Screenshot-2025-01-27-at-12.53.59\u202fPM-2.png\" alt=\"\" class=\"wp-image-24840\" srcset=\"https:\/\/www.americanonewspaper.com\/es\/wp-content\/uploads\/2025\/02\/Screenshot-2025-01-27-at-12.53.59\u202fPM-2.png 1234w, https:\/\/www.americanonewspaper.com\/es\/wp-content\/uploads\/2025\/02\/Screenshot-2025-01-27-at-12.53.59\u202fPM-2-300x169.png 300w, https:\/\/www.americanonewspaper.com\/es\/wp-content\/uploads\/2025\/02\/Screenshot-2025-01-27-at-12.53.59\u202fPM-2-800x450.png 800w, https:\/\/www.americanonewspaper.com\/es\/wp-content\/uploads\/2025\/02\/Screenshot-2025-01-27-at-12.53.59\u202fPM-2-768x432.png 768w, https:\/\/www.americanonewspaper.com\/es\/wp-content\/uploads\/2025\/02\/Screenshot-2025-01-27-at-12.53.59\u202fPM-2-150x84.png 150w, https:\/\/www.americanonewspaper.com\/es\/wp-content\/uploads\/2025\/02\/Screenshot-2025-01-27-at-12.53.59\u202fPM-2-696x391.png 696w, https:\/\/www.americanonewspaper.com\/es\/wp-content\/uploads\/2025\/02\/Screenshot-2025-01-27-at-12.53.59\u202fPM-2-1068x601.png 1068w\" sizes=\"(max-width: 1234px) 100vw, 1234px\" \/><\/a><\/figure>\n","protected":false},"excerpt":{"rendered":"<p>Santo Domingo, 14 feb (EFE). La cantante colombiana Shakira a\u00f1ade a Rep\u00fablica Dominicana a su gira &#8216;Las mujeres ya no lloran World Tour&#8217; y se presentar\u00e1 el 2 de abril en Santo Domingo, anunci\u00f3 este viernes la producci\u00f3n del concierto. Inspirado en &#8216;Las mujeres ya no lloran&#8217;, que recientemente le vali\u00f3 el Grammy al Mejor [&hellip;]<\/p>\n","protected":false},"author":13,"featured_media":24938,"comment_status":"open","ping_status":"open","sticky":true,"template":"","format":"standard","meta":{"_acf_changed":false,"tdm_status":"","tdm_grid_status":"","_jetpack_memberships_contains_paid_content":false,"footnotes":"","jetpack_publicize_message":"","jetpack_publicize_feature_enabled":true,"jetpack_social_post_already_shared":true,"jetpack_social_options":{"image_generator_settings":{"template":"highway","default_image_id":0,"font":"","enabled":false},"version":2},"_wpas_customize_per_network":false},"categories":[821,541,558,922],"tags":[],"class_list":{"0":"post-24937","1":"post","2":"type-post","3":"status-publish","4":"format-standard","5":"has-post-thumbnail","7":"category-concierto","8":"category-eeuu","9":"category-republica-dominicana","10":"category-shakira"},"acf":[],"yoast_head":"<!-- This site is optimized with the Yoast SEO Premium plugin v27.5 (Yoast SEO v27.5) - https:\/\/yoast.com\/product\/yoast-seo-premium-wordpress\/ -->\n<title>Shakira a\u00f1ade Rep\u00fablica Dominicana a su gira mundial &#039;Las mujeres ya no lloran&#039;. - Americano Newspaper<\/title>\n<meta name=\"description\" content=\"La cantante colombiana Shakira a\u00f1ade a Rep\u00fablica Dominicana a su gira &#039;Las mujeres ya no lloran World Tour&#039; y se presentar\u00e1 el 2 de abril en Santo Domingo, anunci\u00f3 este viernes la producci\u00f3n del concierto.\" \/>\n<meta name=\"robots\" content=\"index, follow, max-snippet:-1, max-image-preview:large, max-video-preview:-1\" \/>\n<link rel=\"canonical\" href=\"https:\/\/www.americanonewspaper.com\/es\/shakira\/shakira-anade-republica-dominicana-a-su-gira-mundial-las-mujeres-ya-no-lloran\/\" \/>\n<meta property=\"og:locale\" content=\"en_US\" \/>\n<meta property=\"og:type\" content=\"article\" \/>\n<meta property=\"og:title\" content=\"Shakira a\u00f1ade Rep\u00fablica Dominicana a su gira mundial &#039;Las mujeres ya no lloran&#039;.\" \/>\n<meta property=\"og:description\" content=\"La cantante colombiana Shakira a\u00f1ade a Rep\u00fablica Dominicana a su gira &#039;Las mujeres ya no lloran World Tour&#039; y se presentar\u00e1 el 2 de abril en Santo Domingo, anunci\u00f3 este viernes la producci\u00f3n del concierto.\" \/>\n<meta property=\"og:url\" content=\"https:\/\/www.americanonewspaper.com\/es\/shakira\/shakira-anade-republica-dominicana-a-su-gira-mundial-las-mujeres-ya-no-lloran\/\" \/>\n<meta property=\"og:site_name\" content=\"Americano Newspaper\" \/>\n<meta property=\"article:publisher\" content=\"https:\/\/www.facebook.com\/AmericanoNewspaper\/\" \/>\n<meta property=\"article:published_time\" content=\"2025-02-14T18:03:47+00:00\" \/>\n<meta property=\"article:modified_time\" content=\"2025-02-14T18:03:50+00:00\" \/>\n<meta property=\"og:image\" content=\"https:\/\/www.americanonewspaper.com\/es\/wp-content\/uploads\/2025\/02\/3ab453e81fcb5726dcceb391c7539e3fef221053miniw.jpg\" \/>\n\t<meta property=\"og:image:width\" content=\"900\" \/>\n\t<meta property=\"og:image:height\" content=\"600\" \/>\n\t<meta property=\"og:image:type\" content=\"image\/jpeg\" \/>\n<meta name=\"author\" content=\"Yaosmil Roque Quintana\" \/>\n<meta name=\"twitter:card\" content=\"summary_large_image\" \/>\n<meta name=\"twitter:label1\" content=\"Written by\" \/>\n\t<meta name=\"twitter:data1\" content=\"Yaosmil Roque Quintana\" \/>\n\t<meta name=\"twitter:label2\" content=\"Est. reading time\" \/>\n\t<meta name=\"twitter:data2\" content=\"2 minutes\" \/>\n<script type=\"application\/ld+json\" class=\"yoast-schema-graph\">{\"@context\":\"https:\\\/\\\/schema.org\",\"@graph\":[{\"@type\":\"Article\",\"@id\":\"https:\\\/\\\/www.americanonewspaper.com\\\/es\\\/shakira\\\/shakira-anade-republica-dominicana-a-su-gira-mundial-las-mujeres-ya-no-lloran\\\/#article\",\"isPartOf\":{\"@id\":\"https:\\\/\\\/www.americanonewspaper.com\\\/es\\\/shakira\\\/shakira-anade-republica-dominicana-a-su-gira-mundial-las-mujeres-ya-no-lloran\\\/\"},\"author\":{\"name\":\"Yaosmil Roque Quintana\",\"@id\":\"https:\\\/\\\/www.americanonewspaper.com\\\/es\\\/#\\\/schema\\\/person\\\/a81eb3623ae782c1e150b34de61f4b4e\"},\"headline\":\"Shakira a\u00f1ade Rep\u00fablica Dominicana a su gira mundial &#8216;Las mujeres ya no lloran&#8217;.\",\"datePublished\":\"2025-02-14T18:03:47+00:00\",\"dateModified\":\"2025-02-14T18:03:50+00:00\",\"mainEntityOfPage\":{\"@id\":\"https:\\\/\\\/www.americanonewspaper.com\\\/es\\\/shakira\\\/shakira-anade-republica-dominicana-a-su-gira-mundial-las-mujeres-ya-no-lloran\\\/\"},\"wordCount\":253,\"commentCount\":0,\"publisher\":{\"@id\":\"https:\\\/\\\/www.americanonewspaper.com\\\/es\\\/#organization\"},\"image\":{\"@id\":\"https:\\\/\\\/www.americanonewspaper.com\\\/es\\\/shakira\\\/shakira-anade-republica-dominicana-a-su-gira-mundial-las-mujeres-ya-no-lloran\\\/#primaryimage\"},\"thumbnailUrl\":\"https:\\\/\\\/www.americanonewspaper.com\\\/es\\\/wp-content\\\/uploads\\\/2025\\\/02\\\/3ab453e81fcb5726dcceb391c7539e3fef221053miniw.jpg\",\"articleSection\":[\"Concierto\",\"EEUU\",\"Rep\u00fablica Dominicana\",\"Shakira\"],\"inLanguage\":\"en-US\",\"potentialAction\":[{\"@type\":\"CommentAction\",\"name\":\"Comment\",\"target\":[\"https:\\\/\\\/www.americanonewspaper.com\\\/es\\\/shakira\\\/shakira-anade-republica-dominicana-a-su-gira-mundial-las-mujeres-ya-no-lloran\\\/#respond\"]}]},{\"@type\":\"WebPage\",\"@id\":\"https:\\\/\\\/www.americanonewspaper.com\\\/es\\\/shakira\\\/shakira-anade-republica-dominicana-a-su-gira-mundial-las-mujeres-ya-no-lloran\\\/\",\"url\":\"https:\\\/\\\/www.americanonewspaper.com\\\/es\\\/shakira\\\/shakira-anade-republica-dominicana-a-su-gira-mundial-las-mujeres-ya-no-lloran\\\/\",\"name\":\"Shakira a\u00f1ade Rep\u00fablica Dominicana a su gira mundial 'Las mujeres ya no lloran'. - Americano Newspaper\",\"isPartOf\":{\"@id\":\"https:\\\/\\\/www.americanonewspaper.com\\\/es\\\/#website\"},\"primaryImageOfPage\":{\"@id\":\"https:\\\/\\\/www.americanonewspaper.com\\\/es\\\/shakira\\\/shakira-anade-republica-dominicana-a-su-gira-mundial-las-mujeres-ya-no-lloran\\\/#primaryimage\"},\"image\":{\"@id\":\"https:\\\/\\\/www.americanonewspaper.com\\\/es\\\/shakira\\\/shakira-anade-republica-dominicana-a-su-gira-mundial-las-mujeres-ya-no-lloran\\\/#primaryimage\"},\"thumbnailUrl\":\"https:\\\/\\\/www.americanonewspaper.com\\\/es\\\/wp-content\\\/uploads\\\/2025\\\/02\\\/3ab453e81fcb5726dcceb391c7539e3fef221053miniw.jpg\",\"datePublished\":\"2025-02-14T18:03:47+00:00\",\"dateModified\":\"2025-02-14T18:03:50+00:00\",\"description\":\"La cantante colombiana Shakira a\u00f1ade a Rep\u00fablica Dominicana a su gira 'Las mujeres ya no lloran World Tour' y se presentar\u00e1 el 2 de abril en Santo Domingo, anunci\u00f3 este viernes la producci\u00f3n del concierto.\",\"breadcrumb\":{\"@id\":\"https:\\\/\\\/www.americanonewspaper.com\\\/es\\\/shakira\\\/shakira-anade-republica-dominicana-a-su-gira-mundial-las-mujeres-ya-no-lloran\\\/#breadcrumb\"},\"inLanguage\":\"en-US\",\"potentialAction\":[{\"@type\":\"ReadAction\",\"target\":[\"https:\\\/\\\/www.americanonewspaper.com\\\/es\\\/shakira\\\/shakira-anade-republica-dominicana-a-su-gira-mundial-las-mujeres-ya-no-lloran\\\/\"]}]},{\"@type\":\"ImageObject\",\"inLanguage\":\"en-US\",\"@id\":\"https:\\\/\\\/www.americanonewspaper.com\\\/es\\\/shakira\\\/shakira-anade-republica-dominicana-a-su-gira-mundial-las-mujeres-ya-no-lloran\\\/#primaryimage\",\"url\":\"https:\\\/\\\/www.americanonewspaper.com\\\/es\\\/wp-content\\\/uploads\\\/2025\\\/02\\\/3ab453e81fcb5726dcceb391c7539e3fef221053miniw.jpg\",\"contentUrl\":\"https:\\\/\\\/www.americanonewspaper.com\\\/es\\\/wp-content\\\/uploads\\\/2025\\\/02\\\/3ab453e81fcb5726dcceb391c7539e3fef221053miniw.jpg\",\"width\":900,\"height\":600,\"caption\":\"Fotograf\u00eda del 11 de febrero de 2025 de la cantante colombiana Shakira se presenta en concierto como parte de su gira \u201cLas Mujeres Ya No Lloran\u201d, este martes en el estadio Nilton Santos, en R\u00edo de Janeiro (Brasil). EFE\\\/ Andre Coelho\"},{\"@type\":\"BreadcrumbList\",\"@id\":\"https:\\\/\\\/www.americanonewspaper.com\\\/es\\\/shakira\\\/shakira-anade-republica-dominicana-a-su-gira-mundial-las-mujeres-ya-no-lloran\\\/#breadcrumb\",\"itemListElement\":[{\"@type\":\"ListItem\",\"position\":1,\"name\":\"Home\",\"item\":\"https:\\\/\\\/www.americanonewspaper.com\\\/es\\\/\"},{\"@type\":\"ListItem\",\"position\":2,\"name\":\"Shakira a\u00f1ade Rep\u00fablica Dominicana a su gira mundial &#8216;Las mujeres ya no lloran&#8217;.\"}]},{\"@type\":\"WebSite\",\"@id\":\"https:\\\/\\\/www.americanonewspaper.com\\\/es\\\/#website\",\"url\":\"https:\\\/\\\/www.americanonewspaper.com\\\/es\\\/\",\"name\":\"Americano Newspaper\",\"description\":\"The Hispanic Newspaper of New Jersey.\",\"publisher\":{\"@id\":\"https:\\\/\\\/www.americanonewspaper.com\\\/es\\\/#organization\"},\"potentialAction\":[{\"@type\":\"SearchAction\",\"target\":{\"@type\":\"EntryPoint\",\"urlTemplate\":\"https:\\\/\\\/www.americanonewspaper.com\\\/es\\\/?s={search_term_string}\"},\"query-input\":{\"@type\":\"PropertyValueSpecification\",\"valueRequired\":true,\"valueName\":\"search_term_string\"}}],\"inLanguage\":\"en-US\"},{\"@type\":\"Organization\",\"@id\":\"https:\\\/\\\/www.americanonewspaper.com\\\/es\\\/#organization\",\"name\":\"Americano Newspaper\",\"url\":\"https:\\\/\\\/www.americanonewspaper.com\\\/es\\\/\",\"logo\":{\"@type\":\"ImageObject\",\"inLanguage\":\"en-US\",\"@id\":\"https:\\\/\\\/www.americanonewspaper.com\\\/es\\\/#\\\/schema\\\/logo\\\/image\\\/\",\"url\":\"https:\\\/\\\/www.americanonewspaper.com\\\/es\\\/wp-content\\\/uploads\\\/2024\\\/05\\\/AmericanoLogoCircle.comCircle2.jpg\",\"contentUrl\":\"https:\\\/\\\/www.americanonewspaper.com\\\/es\\\/wp-content\\\/uploads\\\/2024\\\/05\\\/AmericanoLogoCircle.comCircle2.jpg\",\"width\":600,\"height\":600,\"caption\":\"Americano Newspaper\"},\"image\":{\"@id\":\"https:\\\/\\\/www.americanonewspaper.com\\\/es\\\/#\\\/schema\\\/logo\\\/image\\\/\"},\"sameAs\":[\"https:\\\/\\\/www.facebook.com\\\/AmericanoNewspaper\\\/\"]},{\"@type\":\"Person\",\"@id\":\"https:\\\/\\\/www.americanonewspaper.com\\\/es\\\/#\\\/schema\\\/person\\\/a81eb3623ae782c1e150b34de61f4b4e\",\"name\":\"Yaosmil Roque Quintana\",\"image\":{\"@type\":\"ImageObject\",\"inLanguage\":\"en-US\",\"@id\":\"https:\\\/\\\/www.americanonewspaper.com\\\/es\\\/wp-content\\\/litespeed\\\/avatar\\\/85f3fe7c1df9b60d267b025b95d99980.jpg?ver=1777430850\",\"url\":\"https:\\\/\\\/www.americanonewspaper.com\\\/es\\\/wp-content\\\/litespeed\\\/avatar\\\/85f3fe7c1df9b60d267b025b95d99980.jpg?ver=1777430850\",\"contentUrl\":\"https:\\\/\\\/www.americanonewspaper.com\\\/es\\\/wp-content\\\/litespeed\\\/avatar\\\/85f3fe7c1df9b60d267b025b95d99980.jpg?ver=1777430850\",\"caption\":\"Yaosmil Roque Quintana\"},\"url\":\"https:\\\/\\\/www.americanonewspaper.com\\\/es\\\/author\\\/yaosmil\\\/\"}]}<\/script>\n<!-- \/ Yoast SEO Premium plugin. -->","yoast_head_json":{"title":"Shakira a\u00f1ade Rep\u00fablica Dominicana a su gira mundial 'Las mujeres ya no lloran'. - Americano Newspaper","description":"La cantante colombiana Shakira a\u00f1ade a Rep\u00fablica Dominicana a su gira 'Las mujeres ya no lloran World Tour' y se presentar\u00e1 el 2 de abril en Santo Domingo, anunci\u00f3 este viernes la producci\u00f3n del concierto.","robots":{"index":"index","follow":"follow","max-snippet":"max-snippet:-1","max-image-preview":"max-image-preview:large","max-video-preview":"max-video-preview:-1"},"canonical":"https:\/\/www.americanonewspaper.com\/es\/shakira\/shakira-anade-republica-dominicana-a-su-gira-mundial-las-mujeres-ya-no-lloran\/","og_locale":"en_US","og_type":"article","og_title":"Shakira a\u00f1ade Rep\u00fablica Dominicana a su gira mundial 'Las mujeres ya no lloran'.","og_description":"La cantante colombiana Shakira a\u00f1ade a Rep\u00fablica Dominicana a su gira 'Las mujeres ya no lloran World Tour' y se presentar\u00e1 el 2 de abril en Santo Domingo, anunci\u00f3 este viernes la producci\u00f3n del concierto.","og_url":"https:\/\/www.americanonewspaper.com\/es\/shakira\/shakira-anade-republica-dominicana-a-su-gira-mundial-las-mujeres-ya-no-lloran\/","og_site_name":"Americano Newspaper","article_publisher":"https:\/\/www.facebook.com\/AmericanoNewspaper\/","article_published_time":"2025-02-14T18:03:47+00:00","article_modified_time":"2025-02-14T18:03:50+00:00","og_image":[{"width":900,"height":600,"url":"https:\/\/www.americanonewspaper.com\/es\/wp-content\/uploads\/2025\/02\/3ab453e81fcb5726dcceb391c7539e3fef221053miniw.jpg","type":"image\/jpeg"}],"author":"Yaosmil Roque Quintana","twitter_card":"summary_large_image","twitter_misc":{"Written by":"Yaosmil Roque Quintana","Est. reading time":"2 minutes"},"schema":{"@context":"https:\/\/schema.org","@graph":[{"@type":"Article","@id":"https:\/\/www.americanonewspaper.com\/es\/shakira\/shakira-anade-republica-dominicana-a-su-gira-mundial-las-mujeres-ya-no-lloran\/#article","isPartOf":{"@id":"https:\/\/www.americanonewspaper.com\/es\/shakira\/shakira-anade-republica-dominicana-a-su-gira-mundial-las-mujeres-ya-no-lloran\/"},"author":{"name":"Yaosmil Roque Quintana","@id":"https:\/\/www.americanonewspaper.com\/es\/#\/schema\/person\/a81eb3623ae782c1e150b34de61f4b4e"},"headline":"Shakira a\u00f1ade Rep\u00fablica Dominicana a su gira mundial &#8216;Las mujeres ya no lloran&#8217;.","datePublished":"2025-02-14T18:03:47+00:00","dateModified":"2025-02-14T18:03:50+00:00","mainEntityOfPage":{"@id":"https:\/\/www.americanonewspaper.com\/es\/shakira\/shakira-anade-republica-dominicana-a-su-gira-mundial-las-mujeres-ya-no-lloran\/"},"wordCount":253,"commentCount":0,"publisher":{"@id":"https:\/\/www.americanonewspaper.com\/es\/#organization"},"image":{"@id":"https:\/\/www.americanonewspaper.com\/es\/shakira\/shakira-anade-republica-dominicana-a-su-gira-mundial-las-mujeres-ya-no-lloran\/#primaryimage"},"thumbnailUrl":"https:\/\/www.americanonewspaper.com\/es\/wp-content\/uploads\/2025\/02\/3ab453e81fcb5726dcceb391c7539e3fef221053miniw.jpg","articleSection":["Concierto","EEUU","Rep\u00fablica Dominicana","Shakira"],"inLanguage":"en-US","potentialAction":[{"@type":"CommentAction","name":"Comment","target":["https:\/\/www.americanonewspaper.com\/es\/shakira\/shakira-anade-republica-dominicana-a-su-gira-mundial-las-mujeres-ya-no-lloran\/#respond"]}]},{"@type":"WebPage","@id":"https:\/\/www.americanonewspaper.com\/es\/shakira\/shakira-anade-republica-dominicana-a-su-gira-mundial-las-mujeres-ya-no-lloran\/","url":"https:\/\/www.americanonewspaper.com\/es\/shakira\/shakira-anade-republica-dominicana-a-su-gira-mundial-las-mujeres-ya-no-lloran\/","name":"Shakira a\u00f1ade Rep\u00fablica Dominicana a su gira mundial 'Las mujeres ya no lloran'. - Americano Newspaper","isPartOf":{"@id":"https:\/\/www.americanonewspaper.com\/es\/#website"},"primaryImageOfPage":{"@id":"https:\/\/www.americanonewspaper.com\/es\/shakira\/shakira-anade-republica-dominicana-a-su-gira-mundial-las-mujeres-ya-no-lloran\/#primaryimage"},"image":{"@id":"https:\/\/www.americanonewspaper.com\/es\/shakira\/shakira-anade-republica-dominicana-a-su-gira-mundial-las-mujeres-ya-no-lloran\/#primaryimage"},"thumbnailUrl":"https:\/\/www.americanonewspaper.com\/es\/wp-content\/uploads\/2025\/02\/3ab453e81fcb5726dcceb391c7539e3fef221053miniw.jpg","datePublished":"2025-02-14T18:03:47+00:00","dateModified":"2025-02-14T18:03:50+00:00","description":"La cantante colombiana Shakira a\u00f1ade a Rep\u00fablica Dominicana a su gira 'Las mujeres ya no lloran World Tour' y se presentar\u00e1 el 2 de abril en Santo Domingo, anunci\u00f3 este viernes la producci\u00f3n del concierto.","breadcrumb":{"@id":"https:\/\/www.americanonewspaper.com\/es\/shakira\/shakira-anade-republica-dominicana-a-su-gira-mundial-las-mujeres-ya-no-lloran\/#breadcrumb"},"inLanguage":"en-US","potentialAction":[{"@type":"ReadAction","target":["https:\/\/www.americanonewspaper.com\/es\/shakira\/shakira-anade-republica-dominicana-a-su-gira-mundial-las-mujeres-ya-no-lloran\/"]}]},{"@type":"ImageObject","inLanguage":"en-US","@id":"https:\/\/www.americanonewspaper.com\/es\/shakira\/shakira-anade-republica-dominicana-a-su-gira-mundial-las-mujeres-ya-no-lloran\/#primaryimage","url":"https:\/\/www.americanonewspaper.com\/es\/wp-content\/uploads\/2025\/02\/3ab453e81fcb5726dcceb391c7539e3fef221053miniw.jpg","contentUrl":"https:\/\/www.americanonewspaper.com\/es\/wp-content\/uploads\/2025\/02\/3ab453e81fcb5726dcceb391c7539e3fef221053miniw.jpg","width":900,"height":600,"caption":"Fotograf\u00eda del 11 de febrero de 2025 de la cantante colombiana Shakira se presenta en concierto como parte de su gira \u201cLas Mujeres Ya No Lloran\u201d, este martes en el estadio Nilton Santos, en R\u00edo de Janeiro (Brasil). EFE\/ Andre Coelho"},{"@type":"BreadcrumbList","@id":"https:\/\/www.americanonewspaper.com\/es\/shakira\/shakira-anade-republica-dominicana-a-su-gira-mundial-las-mujeres-ya-no-lloran\/#breadcrumb","itemListElement":[{"@type":"ListItem","position":1,"name":"Home","item":"https:\/\/www.americanonewspaper.com\/es\/"},{"@type":"ListItem","position":2,"name":"Shakira a\u00f1ade Rep\u00fablica Dominicana a su gira mundial &#8216;Las mujeres ya no lloran&#8217;."}]},{"@type":"WebSite","@id":"https:\/\/www.americanonewspaper.com\/es\/#website","url":"https:\/\/www.americanonewspaper.com\/es\/","name":"Americano Newspaper","description":"The Hispanic Newspaper of New Jersey.","publisher":{"@id":"https:\/\/www.americanonewspaper.com\/es\/#organization"},"potentialAction":[{"@type":"SearchAction","target":{"@type":"EntryPoint","urlTemplate":"https:\/\/www.americanonewspaper.com\/es\/?s={search_term_string}"},"query-input":{"@type":"PropertyValueSpecification","valueRequired":true,"valueName":"search_term_string"}}],"inLanguage":"en-US"},{"@type":"Organization","@id":"https:\/\/www.americanonewspaper.com\/es\/#organization","name":"Americano Newspaper","url":"https:\/\/www.americanonewspaper.com\/es\/","logo":{"@type":"ImageObject","inLanguage":"en-US","@id":"https:\/\/www.americanonewspaper.com\/es\/#\/schema\/logo\/image\/","url":"https:\/\/www.americanonewspaper.com\/es\/wp-content\/uploads\/2024\/05\/AmericanoLogoCircle.comCircle2.jpg","contentUrl":"https:\/\/www.americanonewspaper.com\/es\/wp-content\/uploads\/2024\/05\/AmericanoLogoCircle.comCircle2.jpg","width":600,"height":600,"caption":"Americano Newspaper"},"image":{"@id":"https:\/\/www.americanonewspaper.com\/es\/#\/schema\/logo\/image\/"},"sameAs":["https:\/\/www.facebook.com\/AmericanoNewspaper\/"]},{"@type":"Person","@id":"https:\/\/www.americanonewspaper.com\/es\/#\/schema\/person\/a81eb3623ae782c1e150b34de61f4b4e","name":"Yaosmil Roque Quintana","image":{"@type":"ImageObject","inLanguage":"en-US","@id":"https:\/\/www.americanonewspaper.com\/es\/wp-content\/litespeed\/avatar\/85f3fe7c1df9b60d267b025b95d99980.jpg?ver=1777430850","url":"https:\/\/www.americanonewspaper.com\/es\/wp-content\/litespeed\/avatar\/85f3fe7c1df9b60d267b025b95d99980.jpg?ver=1777430850","contentUrl":"https:\/\/www.americanonewspaper.com\/es\/wp-content\/litespeed\/avatar\/85f3fe7c1df9b60d267b025b95d99980.jpg?ver=1777430850","caption":"Yaosmil Roque Quintana"},"url":"https:\/\/www.americanonewspaper.com\/es\/author\/yaosmil\/"}]}},"jetpack_publicize_connections":[],"jetpack_featured_media_url":"https:\/\/www.americanonewspaper.com\/es\/wp-content\/uploads\/2025\/02\/3ab453e81fcb5726dcceb391c7539e3fef221053miniw.jpg","featured_image_urls":{"full":["https:\/\/www.americanonewspaper.com\/es\/wp-content\/uploads\/2025\/02\/3ab453e81fcb5726dcceb391c7539e3fef221053miniw.jpg",900,600,false],"thumbnail":["https:\/\/www.americanonewspaper.com\/es\/wp-content\/uploads\/2025\/02\/3ab453e81fcb5726dcceb391c7539e3fef221053miniw-250x250.jpg",250,250,true],"medium":["https:\/\/www.americanonewspaper.com\/es\/wp-content\/uploads\/2025\/02\/3ab453e81fcb5726dcceb391c7539e3fef221053miniw-300x200.jpg",300,200,true],"medium_large":["https:\/\/www.americanonewspaper.com\/es\/wp-content\/uploads\/2025\/02\/3ab453e81fcb5726dcceb391c7539e3fef221053miniw-768x512.jpg",696,464,true],"large":["https:\/\/www.americanonewspaper.com\/es\/wp-content\/uploads\/2025\/02\/3ab453e81fcb5726dcceb391c7539e3fef221053miniw-750x500.jpg",696,464,true],"1536x1536":["https:\/\/www.americanonewspaper.com\/es\/wp-content\/uploads\/2025\/02\/3ab453e81fcb5726dcceb391c7539e3fef221053miniw.jpg",900,600,false],"2048x2048":["https:\/\/www.americanonewspaper.com\/es\/wp-content\/uploads\/2025\/02\/3ab453e81fcb5726dcceb391c7539e3fef221053miniw.jpg",900,600,false],"td_150x0":["https:\/\/www.americanonewspaper.com\/es\/wp-content\/uploads\/2025\/02\/3ab453e81fcb5726dcceb391c7539e3fef221053miniw-150x100.jpg",150,100,true],"td_218x150":["https:\/\/www.americanonewspaper.com\/es\/wp-content\/uploads\/2025\/02\/3ab453e81fcb5726dcceb391c7539e3fef221053miniw-218x150.jpg",218,150,true],"td_300x0":["https:\/\/www.americanonewspaper.com\/es\/wp-content\/uploads\/2025\/02\/3ab453e81fcb5726dcceb391c7539e3fef221053miniw-300x200.jpg",300,200,true],"td_324x400":["https:\/\/www.americanonewspaper.com\/es\/wp-content\/uploads\/2025\/02\/3ab453e81fcb5726dcceb391c7539e3fef221053miniw-324x400.jpg",324,400,true],"td_485x360":["https:\/\/www.americanonewspaper.com\/es\/wp-content\/uploads\/2025\/02\/3ab453e81fcb5726dcceb391c7539e3fef221053miniw-485x360.jpg",485,360,true],"td_696x0":["https:\/\/www.americanonewspaper.com\/es\/wp-content\/uploads\/2025\/02\/3ab453e81fcb5726dcceb391c7539e3fef221053miniw-696x464.jpg",696,464,true],"td_1068x0":["https:\/\/www.americanonewspaper.com\/es\/wp-content\/uploads\/2025\/02\/3ab453e81fcb5726dcceb391c7539e3fef221053miniw.jpg",900,600,false],"td_1920x0":["https:\/\/www.americanonewspaper.com\/es\/wp-content\/uploads\/2025\/02\/3ab453e81fcb5726dcceb391c7539e3fef221053miniw.jpg",900,600,false],"bdpp-medium":["https:\/\/www.americanonewspaper.com\/es\/wp-content\/uploads\/2025\/02\/3ab453e81fcb5726dcceb391c7539e3fef221053miniw.jpg",640,427,false]},"author_info":{"display_name":"Yaosmil Roque Quintana","author_link":"https:\/\/www.americanonewspaper.com\/es\/author\/yaosmil\/"},"category_info":"<a href=\"https:\/\/www.americanonewspaper.com\/es\/category\/concierto\/\" rel=\"category tag\">Concierto<\/a> <a href=\"https:\/\/www.americanonewspaper.com\/es\/category\/eeuu\/\" rel=\"category tag\">EEUU<\/a> <a href=\"https:\/\/www.americanonewspaper.com\/es\/category\/dominican-republic\/republica-dominicana\/\" rel=\"category tag\">Rep\u00fablica Dominicana<\/a> <a href=\"https:\/\/www.americanonewspaper.com\/es\/category\/shakira\/\" rel=\"category tag\">Shakira<\/a>","tag_info":"Shakira","comment_count":"0","jetpack_sharing_enabled":true,"jetpack_likes_enabled":true,"_links":{"self":[{"href":"https:\/\/www.americanonewspaper.com\/es\/wp-json\/wp\/v2\/posts\/24937","targetHints":{"allow":["GET"]}}],"collection":[{"href":"https:\/\/www.americanonewspaper.com\/es\/wp-json\/wp\/v2\/posts"}],"about":[{"href":"https:\/\/www.americanonewspaper.com\/es\/wp-json\/wp\/v2\/types\/post"}],"author":[{"embeddable":true,"href":"https:\/\/www.americanonewspaper.com\/es\/wp-json\/wp\/v2\/users\/13"}],"replies":[{"embeddable":true,"href":"https:\/\/www.americanonewspaper.com\/es\/wp-json\/wp\/v2\/comments?post=24937"}],"version-history":[{"count":1,"href":"https:\/\/www.americanonewspaper.com\/es\/wp-json\/wp\/v2\/posts\/24937\/revisions"}],"predecessor-version":[{"id":24939,"href":"https:\/\/www.americanonewspaper.com\/es\/wp-json\/wp\/v2\/posts\/24937\/revisions\/24939"}],"wp:featuredmedia":[{"embeddable":true,"href":"https:\/\/www.americanonewspaper.com\/es\/wp-json\/wp\/v2\/media\/24938"}],"wp:attachment":[{"href":"https:\/\/www.americanonewspaper.com\/es\/wp-json\/wp\/v2\/media?parent=24937"}],"wp:term":[{"taxonomy":"category","embeddable":true,"href":"https:\/\/www.americanonewspaper.com\/es\/wp-json\/wp\/v2\/categories?post=24937"},{"taxonomy":"post_tag","embeddable":true,"href":"https:\/\/www.americanonewspaper.com\/es\/wp-json\/wp\/v2\/tags?post=24937"}],"curies":[{"name":"wp","href":"https:\/\/api.w.org\/{rel}","templated":true}]}}