{"id":24912,"date":"2025-02-13T13:36:24","date_gmt":"2025-02-13T18:36:24","guid":{"rendered":"https:\/\/www.americanonewspaper.com\/es\/?p=24912"},"modified":"2025-02-14T10:42:34","modified_gmt":"2025-02-14T15:42:34","slug":"sheinbaum-amenaza-con-demandar-a-google-por-llamar-golfo-de-america-al-golfo-de-mexico","status":"publish","type":"post","link":"https:\/\/www.americanonewspaper.com\/es\/mexico\/sheinbaum-amenaza-con-demandar-a-google-por-llamar-golfo-de-america-al-golfo-de-mexico\/","title":{"rendered":"Sheinbaum amenaza con demandar a Google por llamar \u2018golfo de Am\u00e9rica\u2019 al golfo de M\u00e9xico"},"content":{"rendered":"\n<p><a href=\"https:\/\/www.americanonewspaper.com\/es\/\">Americanonewspaper <\/a><\/p>\n\n\n\n<p class=\"dropcapp4\">La presidenta mexicana, Claudia Sheinbaum, amenaz\u00f3 este jueves con presentar una demanda civil contra Google por denominar &#8216;golfo de Am\u00e9rica&#8217; al golfo de M\u00e9xico en sus mapas en Estados Unidos tras la orden emitida por el mandatario estadounidense, Donald Trump.<\/p>\n\n\n\n<figure class=\"wp-block-image size-large is-resized\"><a href=\"\u00a0https:\/\/www.stnj.org\/events-tickets\/upcoming-events-1?utm_source=americano&amp;utm_medium=webad&amp;utm_campaign=americano_240216_webad1200x550_balletfolkloricowilychirinospanish\" target=\"_blank\" rel=\" noreferrer noopener\"><img fetchpriority=\"high\" decoding=\"async\" width=\"800\" height=\"367\" src=\"https:\/\/www.americanonewspaper.com\/es\/wp-content\/uploads\/2025\/02\/TitoNievesBalletFolkloricoSpanish-1200x550-1-800x367.jpeg\" alt=\"\" class=\"wp-image-24926\" style=\"width:1068px;height:auto\" srcset=\"https:\/\/www.americanonewspaper.com\/es\/wp-content\/uploads\/2025\/02\/TitoNievesBalletFolkloricoSpanish-1200x550-1-800x367.jpeg 800w, https:\/\/www.americanonewspaper.com\/es\/wp-content\/uploads\/2025\/02\/TitoNievesBalletFolkloricoSpanish-1200x550-1-300x138.jpeg 300w, https:\/\/www.americanonewspaper.com\/es\/wp-content\/uploads\/2025\/02\/TitoNievesBalletFolkloricoSpanish-1200x550-1-768x352.jpeg 768w, https:\/\/www.americanonewspaper.com\/es\/wp-content\/uploads\/2025\/02\/TitoNievesBalletFolkloricoSpanish-1200x550-1-150x69.jpeg 150w, https:\/\/www.americanonewspaper.com\/es\/wp-content\/uploads\/2025\/02\/TitoNievesBalletFolkloricoSpanish-1200x550-1-696x319.jpeg 696w, https:\/\/www.americanonewspaper.com\/es\/wp-content\/uploads\/2025\/02\/TitoNievesBalletFolkloricoSpanish-1200x550-1-1068x490.jpeg 1068w, https:\/\/www.americanonewspaper.com\/es\/wp-content\/uploads\/2025\/02\/TitoNievesBalletFolkloricoSpanish-1200x550-1.jpeg 1200w\" sizes=\"(max-width: 800px) 100vw, 800px\" \/><\/a><\/figure>\n\n\n\n<p>Sheinbaum se\u00f1al\u00f3 su insatisfacci\u00f3n con la respuesta de Google a una carta que ella envi\u00f3 el 30 de enero al director ejecutivo de la empresa, Sundar Pichai, a quien le pidi\u00f3 que corrigiera el \u00e1rea que ahora &#8220;err\u00f3neamente&#8221; llama &#8216;golfo de Am\u00e9rica&#8217;, pues el cambio de nombre solo debe aplicar al territorio estadounidense.<\/p>\n\n\n<div class=\"wp-block-image\">\n<figure class=\"aligncenter size-large is-resized\"><a href=\"https:\/\/www.linkedin.com\/in\/isaac-resek-74033731\/\"><img decoding=\"async\" width=\"800\" height=\"437\" src=\"https:\/\/www.americanonewspaper.com\/es\/wp-content\/uploads\/2025\/02\/anuncio-4-800x437.png\" alt=\"\" class=\"wp-image-24914\" style=\"width:1038px;height:auto\" srcset=\"https:\/\/www.americanonewspaper.com\/es\/wp-content\/uploads\/2025\/02\/anuncio-4-800x437.png 800w, https:\/\/www.americanonewspaper.com\/es\/wp-content\/uploads\/2025\/02\/anuncio-4-300x164.png 300w, https:\/\/www.americanonewspaper.com\/es\/wp-content\/uploads\/2025\/02\/anuncio-4-768x420.png 768w, https:\/\/www.americanonewspaper.com\/es\/wp-content\/uploads\/2025\/02\/anuncio-4-1536x839.png 1536w, https:\/\/www.americanonewspaper.com\/es\/wp-content\/uploads\/2025\/02\/anuncio-4-150x82.png 150w, https:\/\/www.americanonewspaper.com\/es\/wp-content\/uploads\/2025\/02\/anuncio-4-696x380.png 696w, https:\/\/www.americanonewspaper.com\/es\/wp-content\/uploads\/2025\/02\/anuncio-4-1068x583.png 1068w, https:\/\/www.americanonewspaper.com\/es\/wp-content\/uploads\/2025\/02\/anuncio-4.png 1856w\" sizes=\"(max-width: 800px) 100vw, 800px\" \/><\/a><\/figure>\n<\/div>\n\n\n<p>\u201cCon quien s\u00ed tenemos una disputa en este momento es con Google, ya contestaron la carta y ya les volvimos a contestar, y si es necesario vamos a una demanda civil&#8221;, revel\u00f3 la gobernante mexicana en su conferencia diaria.<\/p>\n\n\n\n<p>La presidenta asegur\u00f3 que en la empresa &#8220;no est\u00e1n en lo correcto&#8221; porque &#8220;ni siquiera el presidente Trump est\u00e1 planteando que a todo el golfo de M\u00e9xico se le llame &#8216;golfo de Am\u00e9rica&#8217;, sino solamente a su plataforma continental, entonces Google est\u00e1 equivocado\u201d.<\/p>\n\n\n\n<p>&#8220;Entonces, si siguen insistiendo, nosotros tambi\u00e9n estamos pensando en incluso una demanda, porque incluso est\u00e1n nombrando sobre el territorio mexicano, que es nuestra plataforma continental; entonces vamos a esperar, ya lo est\u00e1 viendo, observando, qu\u00e9 significar\u00eda esto por parte de la Consejer\u00eda Jur\u00eddica&#8221;, manifest\u00f3.<\/p>\n\n\n\n<p>Sus declaraciones ocurren despu\u00e9s de que usuarios en Estados Unidos compartieron esta semana que en los mapas de Google y Apple en ese pa\u00eds el golfo de M\u00e9xico ya aparece con el nombre &#8216;golfo de Amn\u00e9rica&#8217;.<\/p>\n\n\n<div class=\"wp-block-image\">\n<figure class=\"aligncenter size-large is-resized\"><a href=\"https:\/\/www.nissanofnorthplainfield.com\/?utm_source=gmb&amp;utm_medium=organic&amp;utm_campaign=website-button\"><img decoding=\"async\" width=\"800\" height=\"382\" src=\"https:\/\/www.americanonewspaper.com\/es\/wp-content\/uploads\/2025\/02\/Nissan-copy-1-1-3-800x382.jpg\" alt=\"\" class=\"wp-image-24915\" style=\"width:1046px;height:auto\" srcset=\"https:\/\/www.americanonewspaper.com\/es\/wp-content\/uploads\/2025\/02\/Nissan-copy-1-1-3-800x382.jpg 800w, https:\/\/www.americanonewspaper.com\/es\/wp-content\/uploads\/2025\/02\/Nissan-copy-1-1-3-300x143.jpg 300w, https:\/\/www.americanonewspaper.com\/es\/wp-content\/uploads\/2025\/02\/Nissan-copy-1-1-3-768x367.jpg 768w, https:\/\/www.americanonewspaper.com\/es\/wp-content\/uploads\/2025\/02\/Nissan-copy-1-1-3-150x72.jpg 150w, https:\/\/www.americanonewspaper.com\/es\/wp-content\/uploads\/2025\/02\/Nissan-copy-1-1-3-696x332.jpg 696w, https:\/\/www.americanonewspaper.com\/es\/wp-content\/uploads\/2025\/02\/Nissan-copy-1-1-3-1068x510.jpg 1068w, https:\/\/www.americanonewspaper.com\/es\/wp-content\/uploads\/2025\/02\/Nissan-copy-1-1-3.jpg 1200w\" sizes=\"(max-width: 800px) 100vw, 800px\" \/><\/a><figcaption class=\"wp-element-caption\">Screenshot<\/figcaption><\/figure>\n<\/div>\n\n\n<p>El principal argumento de Sheinbaum es que la orden que firm\u00f3 Trump en su primer d\u00eda en el cargo, el 20 de enero, solo aplica para la plataforma continental del golfo en Estados Unidos, pero no para el cuerpo internacional de agua ni para el \u00e1rea que le corresponde a M\u00e9xico y Cuba.<\/p>\n\n\n\n<p>La mandataria justific\u00f3 la posible demanda al se\u00f1alar que, &#8220;a\u00fan cuando sea una empresa privada, se ha convertido en una referencia internacional\u201d.<\/p>\n\n\n\n<p>En cambio, destac\u00f3 la labor de la Enciclopedia Brit\u00e1nica, que el mi\u00e9rcoles anunci\u00f3 que le seguir\u00e1 llamando golfo de M\u00e9xico porque ese es su nombre desde hace 425 a\u00f1os al argumentar que es &#8220;un cuerpo internacional de agua y la autoridad de Estados Unidos para renombrarlo es ambigua&#8221;.<\/p>\n\n\n<div class=\"wp-block-image\">\n<figure class=\"aligncenter size-large is-resized\"><a href=\"https:\/\/www.eventbrite.com\/e\/the-art-of-being-a-modern-latina-event-2025-tickets-1228520992359?aff=oddtdtcreator\"><img loading=\"lazy\" decoding=\"async\" width=\"800\" height=\"351\" src=\"https:\/\/www.americanonewspaper.com\/es\/wp-content\/uploads\/2025\/02\/Screenshot-2025-02-11-at-7.39.59\u202fAM-1536x674-3-800x351.webp\" alt=\"\" class=\"wp-image-24916\" style=\"width:1020px;height:auto\" srcset=\"https:\/\/www.americanonewspaper.com\/es\/wp-content\/uploads\/2025\/02\/Screenshot-2025-02-11-at-7.39.59\u202fAM-1536x674-3-800x351.webp 800w, https:\/\/www.americanonewspaper.com\/es\/wp-content\/uploads\/2025\/02\/Screenshot-2025-02-11-at-7.39.59\u202fAM-1536x674-3-300x132.webp 300w, https:\/\/www.americanonewspaper.com\/es\/wp-content\/uploads\/2025\/02\/Screenshot-2025-02-11-at-7.39.59\u202fAM-1536x674-3-768x337.webp 768w, https:\/\/www.americanonewspaper.com\/es\/wp-content\/uploads\/2025\/02\/Screenshot-2025-02-11-at-7.39.59\u202fAM-1536x674-3-150x66.webp 150w, https:\/\/www.americanonewspaper.com\/es\/wp-content\/uploads\/2025\/02\/Screenshot-2025-02-11-at-7.39.59\u202fAM-1536x674-3-696x305.webp 696w, https:\/\/www.americanonewspaper.com\/es\/wp-content\/uploads\/2025\/02\/Screenshot-2025-02-11-at-7.39.59\u202fAM-1536x674-3-1068x469.webp 1068w, https:\/\/www.americanonewspaper.com\/es\/wp-content\/uploads\/2025\/02\/Screenshot-2025-02-11-at-7.39.59\u202fAM-1536x674-3.webp 1536w\" sizes=\"(max-width: 800px) 100vw, 800px\" \/><\/a><\/figure>\n<\/div>\n\n\n<p>\u201cAgradecemos, por supuesto, a la Enciclopedia Brit\u00e1nica, pero es importante que las empresas privadas que se dedican a la informaci\u00f3n pues den bien la informaci\u00f3n, particularmente una plataforma como esta (Google)\u201d, concluy\u00f3.<\/p>\n","protected":false},"excerpt":{"rendered":"<p>Americanonewspaper La presidenta mexicana, Claudia Sheinbaum, amenaz\u00f3 este jueves con presentar una demanda civil contra Google por denominar &#8216;golfo de Am\u00e9rica&#8217; al golfo de M\u00e9xico en sus mapas en Estados Unidos tras la orden emitida por el mandatario estadounidense, Donald Trump. Sheinbaum se\u00f1al\u00f3 su insatisfacci\u00f3n con la respuesta de Google a una carta que ella [&hellip;]<\/p>\n","protected":false},"author":18,"featured_media":24913,"comment_status":"open","ping_status":"open","sticky":false,"template":"","format":"standard","meta":{"_acf_changed":false,"tdm_status":"","tdm_grid_status":"","_jetpack_memberships_contains_paid_content":false,"footnotes":"","jetpack_publicize_message":"","jetpack_publicize_feature_enabled":true,"jetpack_social_post_already_shared":true,"jetpack_social_options":{"image_generator_settings":{"template":"highway","default_image_id":0,"font":"","enabled":false},"version":2},"_wpas_customize_per_network":false},"categories":[683,907,315],"tags":[],"class_list":{"0":"post-24912","1":"post","2":"type-post","3":"status-publish","4":"format-standard","5":"has-post-thumbnail","7":"category-google","8":"category-mexico","9":"category-usa"},"acf":[],"yoast_head":"<!-- This site is optimized with the Yoast SEO Premium plugin v27.5 (Yoast SEO v27.5) - https:\/\/yoast.com\/product\/yoast-seo-premium-wordpress\/ -->\n<title>Sheinbaum amenaza con demandar a Google por llamar \u2018golfo de Am\u00e9rica\u2019 al golfo de M\u00e9xico - Americano Newspaper<\/title>\n<meta name=\"description\" content=\"La presidenta mexicana, Claudia Sheinbaum, amenaz\u00f3 este jueves con presentar una demanda civil contra Google por denominar &#039;golfo de Am\u00e9rica&#039; al golfo de M\u00e9xico en sus mapas en Estados Unidos tras la orden emitida por el mandatario estadounidense, Donald Trump.\" \/>\n<meta name=\"robots\" content=\"index, follow, max-snippet:-1, max-image-preview:large, max-video-preview:-1\" \/>\n<link rel=\"canonical\" href=\"https:\/\/www.americanonewspaper.com\/es\/mexico\/sheinbaum-amenaza-con-demandar-a-google-por-llamar-golfo-de-america-al-golfo-de-mexico\/\" \/>\n<meta property=\"og:locale\" content=\"en_US\" \/>\n<meta property=\"og:type\" content=\"article\" \/>\n<meta property=\"og:title\" content=\"Sheinbaum amenaza con demandar a Google por llamar \u2018golfo de Am\u00e9rica\u2019 al golfo de M\u00e9xico\" \/>\n<meta property=\"og:description\" content=\"La presidenta mexicana, Claudia Sheinbaum, amenaz\u00f3 este jueves con presentar una demanda civil contra Google por denominar &#039;golfo de Am\u00e9rica&#039; al golfo de M\u00e9xico en sus mapas en Estados Unidos tras la orden emitida por el mandatario estadounidense, Donald Trump.\" \/>\n<meta property=\"og:url\" content=\"https:\/\/www.americanonewspaper.com\/es\/mexico\/sheinbaum-amenaza-con-demandar-a-google-por-llamar-golfo-de-america-al-golfo-de-mexico\/\" \/>\n<meta property=\"og:site_name\" content=\"Americano Newspaper\" \/>\n<meta property=\"article:publisher\" content=\"https:\/\/www.facebook.com\/AmericanoNewspaper\/\" \/>\n<meta property=\"article:published_time\" content=\"2025-02-13T18:36:24+00:00\" \/>\n<meta property=\"article:modified_time\" content=\"2025-02-14T15:42:34+00:00\" \/>\n<meta property=\"og:image\" content=\"https:\/\/www.americanonewspaper.com\/es\/wp-content\/uploads\/2025\/02\/Diseno-sin-titulo-17.png\" \/>\n\t<meta property=\"og:image:width\" content=\"940\" \/>\n\t<meta property=\"og:image:height\" content=\"788\" \/>\n\t<meta property=\"og:image:type\" content=\"image\/png\" \/>\n<meta name=\"author\" content=\"Victoria Deus\" \/>\n<meta name=\"twitter:card\" content=\"summary_large_image\" \/>\n<meta name=\"twitter:label1\" content=\"Written by\" \/>\n\t<meta name=\"twitter:data1\" content=\"Victoria Deus\" \/>\n\t<meta name=\"twitter:label2\" content=\"Est. reading time\" \/>\n\t<meta name=\"twitter:data2\" content=\"3 minutes\" \/>\n<script type=\"application\/ld+json\" class=\"yoast-schema-graph\">{\"@context\":\"https:\\\/\\\/schema.org\",\"@graph\":[{\"@type\":\"Article\",\"@id\":\"https:\\\/\\\/www.americanonewspaper.com\\\/es\\\/mexico\\\/sheinbaum-amenaza-con-demandar-a-google-por-llamar-golfo-de-america-al-golfo-de-mexico\\\/#article\",\"isPartOf\":{\"@id\":\"https:\\\/\\\/www.americanonewspaper.com\\\/es\\\/mexico\\\/sheinbaum-amenaza-con-demandar-a-google-por-llamar-golfo-de-america-al-golfo-de-mexico\\\/\"},\"author\":{\"name\":\"Victoria Deus\",\"@id\":\"https:\\\/\\\/www.americanonewspaper.com\\\/es\\\/#\\\/schema\\\/person\\\/875497672032163af362240e09375960\"},\"headline\":\"Sheinbaum amenaza con demandar a Google por llamar \u2018golfo de Am\u00e9rica\u2019 al golfo de M\u00e9xico\",\"datePublished\":\"2025-02-13T18:36:24+00:00\",\"dateModified\":\"2025-02-14T15:42:34+00:00\",\"mainEntityOfPage\":{\"@id\":\"https:\\\/\\\/www.americanonewspaper.com\\\/es\\\/mexico\\\/sheinbaum-amenaza-con-demandar-a-google-por-llamar-golfo-de-america-al-golfo-de-mexico\\\/\"},\"wordCount\":455,\"commentCount\":0,\"publisher\":{\"@id\":\"https:\\\/\\\/www.americanonewspaper.com\\\/es\\\/#organization\"},\"image\":{\"@id\":\"https:\\\/\\\/www.americanonewspaper.com\\\/es\\\/mexico\\\/sheinbaum-amenaza-con-demandar-a-google-por-llamar-golfo-de-america-al-golfo-de-mexico\\\/#primaryimage\"},\"thumbnailUrl\":\"https:\\\/\\\/www.americanonewspaper.com\\\/es\\\/wp-content\\\/uploads\\\/2025\\\/02\\\/Diseno-sin-titulo-17.png\",\"articleSection\":[\"Google\",\"Mexico\",\"USA\"],\"inLanguage\":\"en-US\",\"potentialAction\":[{\"@type\":\"CommentAction\",\"name\":\"Comment\",\"target\":[\"https:\\\/\\\/www.americanonewspaper.com\\\/es\\\/mexico\\\/sheinbaum-amenaza-con-demandar-a-google-por-llamar-golfo-de-america-al-golfo-de-mexico\\\/#respond\"]}]},{\"@type\":\"WebPage\",\"@id\":\"https:\\\/\\\/www.americanonewspaper.com\\\/es\\\/mexico\\\/sheinbaum-amenaza-con-demandar-a-google-por-llamar-golfo-de-america-al-golfo-de-mexico\\\/\",\"url\":\"https:\\\/\\\/www.americanonewspaper.com\\\/es\\\/mexico\\\/sheinbaum-amenaza-con-demandar-a-google-por-llamar-golfo-de-america-al-golfo-de-mexico\\\/\",\"name\":\"Sheinbaum amenaza con demandar a Google por llamar \u2018golfo de Am\u00e9rica\u2019 al golfo de M\u00e9xico - Americano Newspaper\",\"isPartOf\":{\"@id\":\"https:\\\/\\\/www.americanonewspaper.com\\\/es\\\/#website\"},\"primaryImageOfPage\":{\"@id\":\"https:\\\/\\\/www.americanonewspaper.com\\\/es\\\/mexico\\\/sheinbaum-amenaza-con-demandar-a-google-por-llamar-golfo-de-america-al-golfo-de-mexico\\\/#primaryimage\"},\"image\":{\"@id\":\"https:\\\/\\\/www.americanonewspaper.com\\\/es\\\/mexico\\\/sheinbaum-amenaza-con-demandar-a-google-por-llamar-golfo-de-america-al-golfo-de-mexico\\\/#primaryimage\"},\"thumbnailUrl\":\"https:\\\/\\\/www.americanonewspaper.com\\\/es\\\/wp-content\\\/uploads\\\/2025\\\/02\\\/Diseno-sin-titulo-17.png\",\"datePublished\":\"2025-02-13T18:36:24+00:00\",\"dateModified\":\"2025-02-14T15:42:34+00:00\",\"description\":\"La presidenta mexicana, Claudia Sheinbaum, amenaz\u00f3 este jueves con presentar una demanda civil contra Google por denominar 'golfo de Am\u00e9rica' al golfo de M\u00e9xico en sus mapas en Estados Unidos tras la orden emitida por el mandatario estadounidense, Donald Trump.\",\"breadcrumb\":{\"@id\":\"https:\\\/\\\/www.americanonewspaper.com\\\/es\\\/mexico\\\/sheinbaum-amenaza-con-demandar-a-google-por-llamar-golfo-de-america-al-golfo-de-mexico\\\/#breadcrumb\"},\"inLanguage\":\"en-US\",\"potentialAction\":[{\"@type\":\"ReadAction\",\"target\":[\"https:\\\/\\\/www.americanonewspaper.com\\\/es\\\/mexico\\\/sheinbaum-amenaza-con-demandar-a-google-por-llamar-golfo-de-america-al-golfo-de-mexico\\\/\"]}]},{\"@type\":\"ImageObject\",\"inLanguage\":\"en-US\",\"@id\":\"https:\\\/\\\/www.americanonewspaper.com\\\/es\\\/mexico\\\/sheinbaum-amenaza-con-demandar-a-google-por-llamar-golfo-de-america-al-golfo-de-mexico\\\/#primaryimage\",\"url\":\"https:\\\/\\\/www.americanonewspaper.com\\\/es\\\/wp-content\\\/uploads\\\/2025\\\/02\\\/Diseno-sin-titulo-17.png\",\"contentUrl\":\"https:\\\/\\\/www.americanonewspaper.com\\\/es\\\/wp-content\\\/uploads\\\/2025\\\/02\\\/Diseno-sin-titulo-17.png\",\"width\":940,\"height\":788,\"caption\":\"La presidenta de M\u00e9xico, Claudia Sheinbaum, reacciona durante una rueda de prensa este jueves, en el Palacio Nacional en Ciudad de M\u00e9xico (M\u00e9xico).\"},{\"@type\":\"BreadcrumbList\",\"@id\":\"https:\\\/\\\/www.americanonewspaper.com\\\/es\\\/mexico\\\/sheinbaum-amenaza-con-demandar-a-google-por-llamar-golfo-de-america-al-golfo-de-mexico\\\/#breadcrumb\",\"itemListElement\":[{\"@type\":\"ListItem\",\"position\":1,\"name\":\"Home\",\"item\":\"https:\\\/\\\/www.americanonewspaper.com\\\/es\\\/\"},{\"@type\":\"ListItem\",\"position\":2,\"name\":\"Sheinbaum amenaza con demandar a Google por llamar \u2018golfo de Am\u00e9rica\u2019 al golfo de M\u00e9xico\"}]},{\"@type\":\"WebSite\",\"@id\":\"https:\\\/\\\/www.americanonewspaper.com\\\/es\\\/#website\",\"url\":\"https:\\\/\\\/www.americanonewspaper.com\\\/es\\\/\",\"name\":\"Americano Newspaper\",\"description\":\"The Hispanic Newspaper of New Jersey.\",\"publisher\":{\"@id\":\"https:\\\/\\\/www.americanonewspaper.com\\\/es\\\/#organization\"},\"potentialAction\":[{\"@type\":\"SearchAction\",\"target\":{\"@type\":\"EntryPoint\",\"urlTemplate\":\"https:\\\/\\\/www.americanonewspaper.com\\\/es\\\/?s={search_term_string}\"},\"query-input\":{\"@type\":\"PropertyValueSpecification\",\"valueRequired\":true,\"valueName\":\"search_term_string\"}}],\"inLanguage\":\"en-US\"},{\"@type\":\"Organization\",\"@id\":\"https:\\\/\\\/www.americanonewspaper.com\\\/es\\\/#organization\",\"name\":\"Americano Newspaper\",\"url\":\"https:\\\/\\\/www.americanonewspaper.com\\\/es\\\/\",\"logo\":{\"@type\":\"ImageObject\",\"inLanguage\":\"en-US\",\"@id\":\"https:\\\/\\\/www.americanonewspaper.com\\\/es\\\/#\\\/schema\\\/logo\\\/image\\\/\",\"url\":\"https:\\\/\\\/www.americanonewspaper.com\\\/es\\\/wp-content\\\/uploads\\\/2024\\\/05\\\/AmericanoLogoCircle.comCircle2.jpg\",\"contentUrl\":\"https:\\\/\\\/www.americanonewspaper.com\\\/es\\\/wp-content\\\/uploads\\\/2024\\\/05\\\/AmericanoLogoCircle.comCircle2.jpg\",\"width\":600,\"height\":600,\"caption\":\"Americano Newspaper\"},\"image\":{\"@id\":\"https:\\\/\\\/www.americanonewspaper.com\\\/es\\\/#\\\/schema\\\/logo\\\/image\\\/\"},\"sameAs\":[\"https:\\\/\\\/www.facebook.com\\\/AmericanoNewspaper\\\/\"]},{\"@type\":\"Person\",\"@id\":\"https:\\\/\\\/www.americanonewspaper.com\\\/es\\\/#\\\/schema\\\/person\\\/875497672032163af362240e09375960\",\"name\":\"Victoria Deus\",\"image\":{\"@type\":\"ImageObject\",\"inLanguage\":\"en-US\",\"@id\":\"https:\\\/\\\/www.americanonewspaper.com\\\/es\\\/wp-content\\\/litespeed\\\/avatar\\\/87ebc08dcb2dba9e584c4557748a9de2.jpg?ver=1777428042\",\"url\":\"https:\\\/\\\/www.americanonewspaper.com\\\/es\\\/wp-content\\\/litespeed\\\/avatar\\\/87ebc08dcb2dba9e584c4557748a9de2.jpg?ver=1777428042\",\"contentUrl\":\"https:\\\/\\\/www.americanonewspaper.com\\\/es\\\/wp-content\\\/litespeed\\\/avatar\\\/87ebc08dcb2dba9e584c4557748a9de2.jpg?ver=1777428042\",\"caption\":\"Victoria Deus\"},\"sameAs\":[\"http:\\\/\\\/www.americanonewspaper.com\"],\"url\":\"https:\\\/\\\/www.americanonewspaper.com\\\/es\\\/author\\\/victoria\\\/\"}]}<\/script>\n<!-- \/ Yoast SEO Premium plugin. -->","yoast_head_json":{"title":"Sheinbaum amenaza con demandar a Google por llamar \u2018golfo de Am\u00e9rica\u2019 al golfo de M\u00e9xico - Americano Newspaper","description":"La presidenta mexicana, Claudia Sheinbaum, amenaz\u00f3 este jueves con presentar una demanda civil contra Google por denominar 'golfo de Am\u00e9rica' al golfo de M\u00e9xico en sus mapas en Estados Unidos tras la orden emitida por el mandatario estadounidense, Donald Trump.","robots":{"index":"index","follow":"follow","max-snippet":"max-snippet:-1","max-image-preview":"max-image-preview:large","max-video-preview":"max-video-preview:-1"},"canonical":"https:\/\/www.americanonewspaper.com\/es\/mexico\/sheinbaum-amenaza-con-demandar-a-google-por-llamar-golfo-de-america-al-golfo-de-mexico\/","og_locale":"en_US","og_type":"article","og_title":"Sheinbaum amenaza con demandar a Google por llamar \u2018golfo de Am\u00e9rica\u2019 al golfo de M\u00e9xico","og_description":"La presidenta mexicana, Claudia Sheinbaum, amenaz\u00f3 este jueves con presentar una demanda civil contra Google por denominar 'golfo de Am\u00e9rica' al golfo de M\u00e9xico en sus mapas en Estados Unidos tras la orden emitida por el mandatario estadounidense, Donald Trump.","og_url":"https:\/\/www.americanonewspaper.com\/es\/mexico\/sheinbaum-amenaza-con-demandar-a-google-por-llamar-golfo-de-america-al-golfo-de-mexico\/","og_site_name":"Americano Newspaper","article_publisher":"https:\/\/www.facebook.com\/AmericanoNewspaper\/","article_published_time":"2025-02-13T18:36:24+00:00","article_modified_time":"2025-02-14T15:42:34+00:00","og_image":[{"width":940,"height":788,"url":"https:\/\/www.americanonewspaper.com\/es\/wp-content\/uploads\/2025\/02\/Diseno-sin-titulo-17.png","type":"image\/png"}],"author":"Victoria Deus","twitter_card":"summary_large_image","twitter_misc":{"Written by":"Victoria Deus","Est. reading time":"3 minutes"},"schema":{"@context":"https:\/\/schema.org","@graph":[{"@type":"Article","@id":"https:\/\/www.americanonewspaper.com\/es\/mexico\/sheinbaum-amenaza-con-demandar-a-google-por-llamar-golfo-de-america-al-golfo-de-mexico\/#article","isPartOf":{"@id":"https:\/\/www.americanonewspaper.com\/es\/mexico\/sheinbaum-amenaza-con-demandar-a-google-por-llamar-golfo-de-america-al-golfo-de-mexico\/"},"author":{"name":"Victoria Deus","@id":"https:\/\/www.americanonewspaper.com\/es\/#\/schema\/person\/875497672032163af362240e09375960"},"headline":"Sheinbaum amenaza con demandar a Google por llamar \u2018golfo de Am\u00e9rica\u2019 al golfo de M\u00e9xico","datePublished":"2025-02-13T18:36:24+00:00","dateModified":"2025-02-14T15:42:34+00:00","mainEntityOfPage":{"@id":"https:\/\/www.americanonewspaper.com\/es\/mexico\/sheinbaum-amenaza-con-demandar-a-google-por-llamar-golfo-de-america-al-golfo-de-mexico\/"},"wordCount":455,"commentCount":0,"publisher":{"@id":"https:\/\/www.americanonewspaper.com\/es\/#organization"},"image":{"@id":"https:\/\/www.americanonewspaper.com\/es\/mexico\/sheinbaum-amenaza-con-demandar-a-google-por-llamar-golfo-de-america-al-golfo-de-mexico\/#primaryimage"},"thumbnailUrl":"https:\/\/www.americanonewspaper.com\/es\/wp-content\/uploads\/2025\/02\/Diseno-sin-titulo-17.png","articleSection":["Google","Mexico","USA"],"inLanguage":"en-US","potentialAction":[{"@type":"CommentAction","name":"Comment","target":["https:\/\/www.americanonewspaper.com\/es\/mexico\/sheinbaum-amenaza-con-demandar-a-google-por-llamar-golfo-de-america-al-golfo-de-mexico\/#respond"]}]},{"@type":"WebPage","@id":"https:\/\/www.americanonewspaper.com\/es\/mexico\/sheinbaum-amenaza-con-demandar-a-google-por-llamar-golfo-de-america-al-golfo-de-mexico\/","url":"https:\/\/www.americanonewspaper.com\/es\/mexico\/sheinbaum-amenaza-con-demandar-a-google-por-llamar-golfo-de-america-al-golfo-de-mexico\/","name":"Sheinbaum amenaza con demandar a Google por llamar \u2018golfo de Am\u00e9rica\u2019 al golfo de M\u00e9xico - Americano Newspaper","isPartOf":{"@id":"https:\/\/www.americanonewspaper.com\/es\/#website"},"primaryImageOfPage":{"@id":"https:\/\/www.americanonewspaper.com\/es\/mexico\/sheinbaum-amenaza-con-demandar-a-google-por-llamar-golfo-de-america-al-golfo-de-mexico\/#primaryimage"},"image":{"@id":"https:\/\/www.americanonewspaper.com\/es\/mexico\/sheinbaum-amenaza-con-demandar-a-google-por-llamar-golfo-de-america-al-golfo-de-mexico\/#primaryimage"},"thumbnailUrl":"https:\/\/www.americanonewspaper.com\/es\/wp-content\/uploads\/2025\/02\/Diseno-sin-titulo-17.png","datePublished":"2025-02-13T18:36:24+00:00","dateModified":"2025-02-14T15:42:34+00:00","description":"La presidenta mexicana, Claudia Sheinbaum, amenaz\u00f3 este jueves con presentar una demanda civil contra Google por denominar 'golfo de Am\u00e9rica' al golfo de M\u00e9xico en sus mapas en Estados Unidos tras la orden emitida por el mandatario estadounidense, Donald Trump.","breadcrumb":{"@id":"https:\/\/www.americanonewspaper.com\/es\/mexico\/sheinbaum-amenaza-con-demandar-a-google-por-llamar-golfo-de-america-al-golfo-de-mexico\/#breadcrumb"},"inLanguage":"en-US","potentialAction":[{"@type":"ReadAction","target":["https:\/\/www.americanonewspaper.com\/es\/mexico\/sheinbaum-amenaza-con-demandar-a-google-por-llamar-golfo-de-america-al-golfo-de-mexico\/"]}]},{"@type":"ImageObject","inLanguage":"en-US","@id":"https:\/\/www.americanonewspaper.com\/es\/mexico\/sheinbaum-amenaza-con-demandar-a-google-por-llamar-golfo-de-america-al-golfo-de-mexico\/#primaryimage","url":"https:\/\/www.americanonewspaper.com\/es\/wp-content\/uploads\/2025\/02\/Diseno-sin-titulo-17.png","contentUrl":"https:\/\/www.americanonewspaper.com\/es\/wp-content\/uploads\/2025\/02\/Diseno-sin-titulo-17.png","width":940,"height":788,"caption":"La presidenta de M\u00e9xico, Claudia Sheinbaum, reacciona durante una rueda de prensa este jueves, en el Palacio Nacional en Ciudad de M\u00e9xico (M\u00e9xico)."},{"@type":"BreadcrumbList","@id":"https:\/\/www.americanonewspaper.com\/es\/mexico\/sheinbaum-amenaza-con-demandar-a-google-por-llamar-golfo-de-america-al-golfo-de-mexico\/#breadcrumb","itemListElement":[{"@type":"ListItem","position":1,"name":"Home","item":"https:\/\/www.americanonewspaper.com\/es\/"},{"@type":"ListItem","position":2,"name":"Sheinbaum amenaza con demandar a Google por llamar \u2018golfo de Am\u00e9rica\u2019 al golfo de M\u00e9xico"}]},{"@type":"WebSite","@id":"https:\/\/www.americanonewspaper.com\/es\/#website","url":"https:\/\/www.americanonewspaper.com\/es\/","name":"Americano Newspaper","description":"The Hispanic Newspaper of New Jersey.","publisher":{"@id":"https:\/\/www.americanonewspaper.com\/es\/#organization"},"potentialAction":[{"@type":"SearchAction","target":{"@type":"EntryPoint","urlTemplate":"https:\/\/www.americanonewspaper.com\/es\/?s={search_term_string}"},"query-input":{"@type":"PropertyValueSpecification","valueRequired":true,"valueName":"search_term_string"}}],"inLanguage":"en-US"},{"@type":"Organization","@id":"https:\/\/www.americanonewspaper.com\/es\/#organization","name":"Americano Newspaper","url":"https:\/\/www.americanonewspaper.com\/es\/","logo":{"@type":"ImageObject","inLanguage":"en-US","@id":"https:\/\/www.americanonewspaper.com\/es\/#\/schema\/logo\/image\/","url":"https:\/\/www.americanonewspaper.com\/es\/wp-content\/uploads\/2024\/05\/AmericanoLogoCircle.comCircle2.jpg","contentUrl":"https:\/\/www.americanonewspaper.com\/es\/wp-content\/uploads\/2024\/05\/AmericanoLogoCircle.comCircle2.jpg","width":600,"height":600,"caption":"Americano Newspaper"},"image":{"@id":"https:\/\/www.americanonewspaper.com\/es\/#\/schema\/logo\/image\/"},"sameAs":["https:\/\/www.facebook.com\/AmericanoNewspaper\/"]},{"@type":"Person","@id":"https:\/\/www.americanonewspaper.com\/es\/#\/schema\/person\/875497672032163af362240e09375960","name":"Victoria Deus","image":{"@type":"ImageObject","inLanguage":"en-US","@id":"https:\/\/www.americanonewspaper.com\/es\/wp-content\/litespeed\/avatar\/87ebc08dcb2dba9e584c4557748a9de2.jpg?ver=1777428042","url":"https:\/\/www.americanonewspaper.com\/es\/wp-content\/litespeed\/avatar\/87ebc08dcb2dba9e584c4557748a9de2.jpg?ver=1777428042","contentUrl":"https:\/\/www.americanonewspaper.com\/es\/wp-content\/litespeed\/avatar\/87ebc08dcb2dba9e584c4557748a9de2.jpg?ver=1777428042","caption":"Victoria Deus"},"sameAs":["http:\/\/www.americanonewspaper.com"],"url":"https:\/\/www.americanonewspaper.com\/es\/author\/victoria\/"}]}},"jetpack_publicize_connections":[],"jetpack_featured_media_url":"https:\/\/www.americanonewspaper.com\/es\/wp-content\/uploads\/2025\/02\/Diseno-sin-titulo-17.png","featured_image_urls":{"full":["https:\/\/www.americanonewspaper.com\/es\/wp-content\/uploads\/2025\/02\/Diseno-sin-titulo-17.png",940,788,false],"thumbnail":["https:\/\/www.americanonewspaper.com\/es\/wp-content\/uploads\/2025\/02\/Diseno-sin-titulo-17-250x250.png",250,250,true],"medium":["https:\/\/www.americanonewspaper.com\/es\/wp-content\/uploads\/2025\/02\/Diseno-sin-titulo-17-300x251.png",300,251,true],"medium_large":["https:\/\/www.americanonewspaper.com\/es\/wp-content\/uploads\/2025\/02\/Diseno-sin-titulo-17-768x644.png",696,584,true],"large":["https:\/\/www.americanonewspaper.com\/es\/wp-content\/uploads\/2025\/02\/Diseno-sin-titulo-17-596x500.png",596,500,true],"1536x1536":["https:\/\/www.americanonewspaper.com\/es\/wp-content\/uploads\/2025\/02\/Diseno-sin-titulo-17.png",940,788,false],"2048x2048":["https:\/\/www.americanonewspaper.com\/es\/wp-content\/uploads\/2025\/02\/Diseno-sin-titulo-17.png",940,788,false],"td_150x0":["https:\/\/www.americanonewspaper.com\/es\/wp-content\/uploads\/2025\/02\/Diseno-sin-titulo-17-150x126.png",150,126,true],"td_218x150":["https:\/\/www.americanonewspaper.com\/es\/wp-content\/uploads\/2025\/02\/Diseno-sin-titulo-17-218x150.png",218,150,true],"td_300x0":["https:\/\/www.americanonewspaper.com\/es\/wp-content\/uploads\/2025\/02\/Diseno-sin-titulo-17-300x251.png",300,251,true],"td_324x400":["https:\/\/www.americanonewspaper.com\/es\/wp-content\/uploads\/2025\/02\/Diseno-sin-titulo-17-324x400.png",324,400,true],"td_485x360":["https:\/\/www.americanonewspaper.com\/es\/wp-content\/uploads\/2025\/02\/Diseno-sin-titulo-17-485x360.png",485,360,true],"td_696x0":["https:\/\/www.americanonewspaper.com\/es\/wp-content\/uploads\/2025\/02\/Diseno-sin-titulo-17-696x583.png",696,583,true],"td_1068x0":["https:\/\/www.americanonewspaper.com\/es\/wp-content\/uploads\/2025\/02\/Diseno-sin-titulo-17.png",940,788,false],"td_1920x0":["https:\/\/www.americanonewspaper.com\/es\/wp-content\/uploads\/2025\/02\/Diseno-sin-titulo-17.png",940,788,false],"bdpp-medium":["https:\/\/www.americanonewspaper.com\/es\/wp-content\/uploads\/2025\/02\/Diseno-sin-titulo-17.png",573,480,false]},"author_info":{"display_name":"Victoria Deus","author_link":"https:\/\/www.americanonewspaper.com\/es\/author\/victoria\/"},"category_info":"<a href=\"https:\/\/www.americanonewspaper.com\/es\/category\/google\/\" rel=\"category tag\">Google<\/a> <a href=\"https:\/\/www.americanonewspaper.com\/es\/category\/mexico\/\" rel=\"category tag\">Mexico<\/a> <a href=\"https:\/\/www.americanonewspaper.com\/es\/category\/usa\/\" rel=\"category tag\">USA<\/a>","tag_info":"USA","comment_count":"0","jetpack_sharing_enabled":true,"jetpack_likes_enabled":true,"_links":{"self":[{"href":"https:\/\/www.americanonewspaper.com\/es\/wp-json\/wp\/v2\/posts\/24912","targetHints":{"allow":["GET"]}}],"collection":[{"href":"https:\/\/www.americanonewspaper.com\/es\/wp-json\/wp\/v2\/posts"}],"about":[{"href":"https:\/\/www.americanonewspaper.com\/es\/wp-json\/wp\/v2\/types\/post"}],"author":[{"embeddable":true,"href":"https:\/\/www.americanonewspaper.com\/es\/wp-json\/wp\/v2\/users\/18"}],"replies":[{"embeddable":true,"href":"https:\/\/www.americanonewspaper.com\/es\/wp-json\/wp\/v2\/comments?post=24912"}],"version-history":[{"count":2,"href":"https:\/\/www.americanonewspaper.com\/es\/wp-json\/wp\/v2\/posts\/24912\/revisions"}],"predecessor-version":[{"id":24929,"href":"https:\/\/www.americanonewspaper.com\/es\/wp-json\/wp\/v2\/posts\/24912\/revisions\/24929"}],"wp:featuredmedia":[{"embeddable":true,"href":"https:\/\/www.americanonewspaper.com\/es\/wp-json\/wp\/v2\/media\/24913"}],"wp:attachment":[{"href":"https:\/\/www.americanonewspaper.com\/es\/wp-json\/wp\/v2\/media?parent=24912"}],"wp:term":[{"taxonomy":"category","embeddable":true,"href":"https:\/\/www.americanonewspaper.com\/es\/wp-json\/wp\/v2\/categories?post=24912"},{"taxonomy":"post_tag","embeddable":true,"href":"https:\/\/www.americanonewspaper.com\/es\/wp-json\/wp\/v2\/tags?post=24912"}],"curies":[{"name":"wp","href":"https:\/\/api.w.org\/{rel}","templated":true}]}}