{"id":24251,"date":"2024-12-22T17:58:45","date_gmt":"2024-12-22T22:58:45","guid":{"rendered":"https:\/\/www.americanonewspaper.com\/es\/?p=24251"},"modified":"2024-12-22T17:58:48","modified_gmt":"2024-12-22T22:58:48","slug":"mbappe-en-bilbao-toque-fondo","status":"publish","type":"post","link":"https:\/\/www.americanonewspaper.com\/es\/kyliam-mbappe\/mbappe-en-bilbao-toque-fondo\/","title":{"rendered":"Mbapp\u00e9: &#8220;En Bilbao toqu\u00e9 fondo&#8221;"},"content":{"rendered":"\n<p><a href=\"https:\/\/www.americanonewspaper.com\/es\/\">Americanonewspaper<\/a> <\/p>\n\n\n\n<p class=\"dropcapp4\">Kylian Mbapp\u00e9, delantero franc\u00e9s del Real Madrid, asegur\u00f3 como hizo Carlo Ancelotti que su adaptaci\u00f3n al club blanco &#8220;ha acabado&#8221; y tras marcar al Sevilla un gran gol y asistir a Brahim D\u00edaz, asegur\u00f3 que se siente &#8220;muy bien&#8221; tras reflexionar en un momento clave, en la derrota en San Mam\u00e9s con un penalti fallado que confes\u00f3 le hizo tocar &#8220;fondo&#8221;.<\/p>\n\n\n<div class=\"wp-block-image\">\n<figure class=\"aligncenter size-full is-resized\"><img fetchpriority=\"high\" decoding=\"async\" width=\"600\" height=\"400\" src=\"https:\/\/www.americanonewspaper.com\/es\/wp-content\/uploads\/2024\/12\/2dc1f01977e466011576b4b9d5db035d0cc8cfacm-1.jpg\" alt=\"\" class=\"wp-image-24256\" style=\"width:1068px;height:auto\" srcset=\"https:\/\/www.americanonewspaper.com\/es\/wp-content\/uploads\/2024\/12\/2dc1f01977e466011576b4b9d5db035d0cc8cfacm-1.jpg 600w, https:\/\/www.americanonewspaper.com\/es\/wp-content\/uploads\/2024\/12\/2dc1f01977e466011576b4b9d5db035d0cc8cfacm-1-300x200.jpg 300w, https:\/\/www.americanonewspaper.com\/es\/wp-content\/uploads\/2024\/12\/2dc1f01977e466011576b4b9d5db035d0cc8cfacm-1-150x100.jpg 150w\" sizes=\"(max-width: 600px) 100vw, 600px\" \/><figcaption class=\"wp-element-caption\">Mbapp\u00e9 ensalz\u00f3 el juego del Real Madrid, especialmente en la primera parte ante el Sevilla, y la belleza de los cuatro goles.<\/figcaption><\/figure>\n<\/div>\n\n\n<p>&#8220;Pienso que ahora nos conocemos mejor porque cuando llegu\u00e9 el equipo cambi\u00f3 muchas cosas. Ahora, como ha dicho el m\u00edster, la adaptaci\u00f3n se ha acabado, me siento muy bien en el equipo y se puede ver en el campo que juego mejor con los otros y que todo el equipo juega mucho mejor&#8221;, dijo en Real Madrid Tv.<\/p>\n\n\n\n<figure class=\"wp-block-image size-large is-resized\"><a href=\"https:\/\/www.nissanofnorthplainfield.com\/?utm_source=gmb&amp;utm_medium=organic&amp;utm_campaign=website-button\"><img decoding=\"async\" width=\"800\" height=\"382\" src=\"https:\/\/www.americanonewspaper.com\/es\/wp-content\/uploads\/2024\/12\/Nissan-copy-1-1-3-800x382.jpg\" alt=\"\" class=\"wp-image-24255\" style=\"width:1068px;height:auto\" srcset=\"https:\/\/www.americanonewspaper.com\/es\/wp-content\/uploads\/2024\/12\/Nissan-copy-1-1-3-800x382.jpg 800w, https:\/\/www.americanonewspaper.com\/es\/wp-content\/uploads\/2024\/12\/Nissan-copy-1-1-3-300x143.jpg 300w, https:\/\/www.americanonewspaper.com\/es\/wp-content\/uploads\/2024\/12\/Nissan-copy-1-1-3-768x367.jpg 768w, https:\/\/www.americanonewspaper.com\/es\/wp-content\/uploads\/2024\/12\/Nissan-copy-1-1-3-150x72.jpg 150w, https:\/\/www.americanonewspaper.com\/es\/wp-content\/uploads\/2024\/12\/Nissan-copy-1-1-3-696x332.jpg 696w, https:\/\/www.americanonewspaper.com\/es\/wp-content\/uploads\/2024\/12\/Nissan-copy-1-1-3-1068x510.jpg 1068w, https:\/\/www.americanonewspaper.com\/es\/wp-content\/uploads\/2024\/12\/Nissan-copy-1-1-3.jpg 1200w\" sizes=\"(max-width: 800px) 100vw, 800px\" \/><\/a><figcaption class=\"wp-element-caption\">Screenshot<\/figcaption><\/figure>\n\n\n\n<p>&#8220;Puedo hacer mucho m\u00e1s, tengo en las piernas mucho m\u00e1s pero en los \u00faltimos partidos he jugado mejor. El partido de Bilbao me hizo buenas cosas porque yo toqu\u00e9 fondo, fall\u00e9 un penalti y fue el momento de ver que tengo que dar el m\u00e1ximo por esta camiseta y jugar con personalidad&#8221;, a\u00f1adi\u00f3.<\/p>\n\n\n<div class=\"wp-block-image\">\n<figure class=\"aligncenter size-large is-resized\"><img decoding=\"async\" width=\"800\" height=\"366\" src=\"https:\/\/www.americanonewspaper.com\/es\/wp-content\/uploads\/2024\/12\/GGlSpanish-1-3-800x366.png\" alt=\"\" class=\"wp-image-24254\" style=\"width:1068px;height:auto\" srcset=\"https:\/\/www.americanonewspaper.com\/es\/wp-content\/uploads\/2024\/12\/GGlSpanish-1-3-800x366.png 800w, https:\/\/www.americanonewspaper.com\/es\/wp-content\/uploads\/2024\/12\/GGlSpanish-1-3-300x137.png 300w, https:\/\/www.americanonewspaper.com\/es\/wp-content\/uploads\/2024\/12\/GGlSpanish-1-3-768x351.png 768w, https:\/\/www.americanonewspaper.com\/es\/wp-content\/uploads\/2024\/12\/GGlSpanish-1-3-150x69.png 150w, https:\/\/www.americanonewspaper.com\/es\/wp-content\/uploads\/2024\/12\/GGlSpanish-1-3-696x318.png 696w, https:\/\/www.americanonewspaper.com\/es\/wp-content\/uploads\/2024\/12\/GGlSpanish-1-3-1068x489.png 1068w, https:\/\/www.americanonewspaper.com\/es\/wp-content\/uploads\/2024\/12\/GGlSpanish-1-3.png 1200w\" sizes=\"(max-width: 800px) 100vw, 800px\" \/><\/figure>\n<\/div>\n\n\n<p>Mbapp\u00e9 ensalz\u00f3 el juego del Real Madrid, especialmente en la primera parte ante el Sevilla, y la belleza de los cuatro goles.<\/p>\n\n\n\n<p>&#8220;Seguro que hoy jugamos muy bien, hemos mejorado mucho. Fue dif\u00edcil porque jugar ante el Sevilla siempre lo es y porque despu\u00e9s del viaje a Catar est\u00e1bamos un poco cansados. Dimos todo en el primer tiempo desde el inicio, jugamos muy bien, metimos buenos goles jugando siempre en campo contrario. Los madridistas se van encantados con el partido de hoy, nosotros tambi\u00e9n&#8221;, reconoci\u00f3.<\/p>\n\n\n\n<p>&#8220;Un d\u00eda antes del partido siempre tiramos bombazos. Lo he metido y Fede tambi\u00e9n luego mete otro golazo, el tercero y el cuarto son acciones colectivas. Creo que a la gente les ha gustado mucho los goles hoy&#8221;, a\u00f1adi\u00f3.<\/p>\n\n\n\n<p>Por \u00faltimo, pidi\u00f3 deseos al nuevo a\u00f1o. &#8220;Al 2025 le pido lo bueno para todos los madridistas, buenas cosas en lo personal que es lo importante y como jugador muchos t\u00edtulo, muchos partidos como el de hoy y disfrutar como hoy&#8221;.<\/p>\n\n\n<div class=\"wp-block-image\">\n<figure class=\"aligncenter size-large is-resized\"><a href=\"https:\/\/www.facebook.com\/people\/Villanuevas-Professional-Services-NB\/61559723543206\/\"><img loading=\"lazy\" decoding=\"async\" width=\"800\" height=\"367\" src=\"https:\/\/www.americanonewspaper.com\/es\/wp-content\/uploads\/2024\/12\/Villanueva-Espanol-1-1536x704-3-800x367.jpg\" alt=\"\" class=\"wp-image-24253\" style=\"width:1068px;height:auto\" srcset=\"https:\/\/www.americanonewspaper.com\/es\/wp-content\/uploads\/2024\/12\/Villanueva-Espanol-1-1536x704-3-800x367.jpg 800w, https:\/\/www.americanonewspaper.com\/es\/wp-content\/uploads\/2024\/12\/Villanueva-Espanol-1-1536x704-3-300x138.jpg 300w, https:\/\/www.americanonewspaper.com\/es\/wp-content\/uploads\/2024\/12\/Villanueva-Espanol-1-1536x704-3-768x352.jpg 768w, https:\/\/www.americanonewspaper.com\/es\/wp-content\/uploads\/2024\/12\/Villanueva-Espanol-1-1536x704-3-150x69.jpg 150w, https:\/\/www.americanonewspaper.com\/es\/wp-content\/uploads\/2024\/12\/Villanueva-Espanol-1-1536x704-3-696x319.jpg 696w, https:\/\/www.americanonewspaper.com\/es\/wp-content\/uploads\/2024\/12\/Villanueva-Espanol-1-1536x704-3-1068x490.jpg 1068w, https:\/\/www.americanonewspaper.com\/es\/wp-content\/uploads\/2024\/12\/Villanueva-Espanol-1-1536x704-3.jpg 1536w\" sizes=\"(max-width: 800px) 100vw, 800px\" \/><\/a><\/figure>\n<\/div>","protected":false},"excerpt":{"rendered":"<p>Americanonewspaper Kylian Mbapp\u00e9, delantero franc\u00e9s del Real Madrid, asegur\u00f3 como hizo Carlo Ancelotti que su adaptaci\u00f3n al club blanco &#8220;ha acabado&#8221; y tras marcar al Sevilla un gran gol y asistir a Brahim D\u00edaz, asegur\u00f3 que se siente &#8220;muy bien&#8221; tras reflexionar en un momento clave, en la derrota en San Mam\u00e9s con un penalti [&hellip;]<\/p>\n","protected":false},"author":18,"featured_media":24252,"comment_status":"open","ping_status":"open","sticky":false,"template":"","format":"standard","meta":{"_acf_changed":false,"tdm_status":"","tdm_grid_status":"","_jetpack_memberships_contains_paid_content":false,"footnotes":"","jetpack_publicize_message":"","jetpack_publicize_feature_enabled":true,"jetpack_social_post_already_shared":true,"jetpack_social_options":{"image_generator_settings":{"template":"highway","default_image_id":0,"font":"","enabled":false},"version":2},"_wpas_customize_per_network":false},"categories":[703,787],"tags":[],"class_list":{"0":"post-24251","1":"post","2":"type-post","3":"status-publish","4":"format-standard","5":"has-post-thumbnail","7":"category-kyliam-mbappe","8":"category-real-madrid"},"acf":[],"yoast_head":"<!-- This site is optimized with the Yoast SEO Premium plugin v27.5 (Yoast SEO v27.5) - https:\/\/yoast.com\/product\/yoast-seo-premium-wordpress\/ -->\n<title>Mbapp\u00e9: &quot;En Bilbao toqu\u00e9 fondo&quot; - Americano Newspaper<\/title>\n<meta name=\"description\" content=\"Kylian Mbapp\u00e9, delantero franc\u00e9s del Real Madrid, asegur\u00f3 como hizo Carlo Ancelotti que su adaptaci\u00f3n al club blanco &quot;ha acabado&quot; y tras marcar al Sevilla un gran gol y asistir a Brahim D\u00edaz, asegur\u00f3 que se siente &quot;muy bien&quot; tras reflexionar en un momento clave, en la derrota en San Mam\u00e9s con un penalti fallado que confes\u00f3 le hizo tocar &quot;fondo&quot;.\" \/>\n<meta name=\"robots\" content=\"index, follow, max-snippet:-1, max-image-preview:large, max-video-preview:-1\" \/>\n<link rel=\"canonical\" href=\"https:\/\/www.americanonewspaper.com\/es\/kyliam-mbappe\/mbappe-en-bilbao-toque-fondo\/\" \/>\n<meta property=\"og:locale\" content=\"en_US\" \/>\n<meta property=\"og:type\" content=\"article\" \/>\n<meta property=\"og:title\" content=\"Mbapp\u00e9: &quot;En Bilbao toqu\u00e9 fondo&quot;\" \/>\n<meta property=\"og:description\" content=\"Kylian Mbapp\u00e9, delantero franc\u00e9s del Real Madrid, asegur\u00f3 como hizo Carlo Ancelotti que su adaptaci\u00f3n al club blanco &quot;ha acabado&quot; y tras marcar al Sevilla un gran gol y asistir a Brahim D\u00edaz, asegur\u00f3 que se siente &quot;muy bien&quot; tras reflexionar en un momento clave, en la derrota en San Mam\u00e9s con un penalti fallado que confes\u00f3 le hizo tocar &quot;fondo&quot;.\" \/>\n<meta property=\"og:url\" content=\"https:\/\/www.americanonewspaper.com\/es\/kyliam-mbappe\/mbappe-en-bilbao-toque-fondo\/\" \/>\n<meta property=\"og:site_name\" content=\"Americano Newspaper\" \/>\n<meta property=\"article:publisher\" content=\"https:\/\/www.facebook.com\/AmericanoNewspaper\/\" \/>\n<meta property=\"article:published_time\" content=\"2024-12-22T22:58:45+00:00\" \/>\n<meta property=\"article:modified_time\" content=\"2024-12-22T22:58:48+00:00\" \/>\n<meta property=\"og:image\" content=\"https:\/\/www.americanonewspaper.com\/es\/wp-content\/uploads\/2024\/12\/2dc1f01977e466011576b4b9d5db035d0cc8cfacm.jpg\" \/>\n\t<meta property=\"og:image:width\" content=\"600\" \/>\n\t<meta property=\"og:image:height\" content=\"400\" \/>\n\t<meta property=\"og:image:type\" content=\"image\/jpeg\" \/>\n<meta name=\"author\" content=\"Victoria Deus\" \/>\n<meta name=\"twitter:card\" content=\"summary_large_image\" \/>\n<meta name=\"twitter:label1\" content=\"Written by\" \/>\n\t<meta name=\"twitter:data1\" content=\"Victoria Deus\" \/>\n\t<meta name=\"twitter:label2\" content=\"Est. reading time\" \/>\n\t<meta name=\"twitter:data2\" content=\"3 minutes\" \/>\n<script type=\"application\/ld+json\" class=\"yoast-schema-graph\">{\"@context\":\"https:\\\/\\\/schema.org\",\"@graph\":[{\"@type\":\"Article\",\"@id\":\"https:\\\/\\\/www.americanonewspaper.com\\\/es\\\/kyliam-mbappe\\\/mbappe-en-bilbao-toque-fondo\\\/#article\",\"isPartOf\":{\"@id\":\"https:\\\/\\\/www.americanonewspaper.com\\\/es\\\/kyliam-mbappe\\\/mbappe-en-bilbao-toque-fondo\\\/\"},\"author\":{\"name\":\"Victoria Deus\",\"@id\":\"https:\\\/\\\/www.americanonewspaper.com\\\/es\\\/#\\\/schema\\\/person\\\/875497672032163af362240e09375960\"},\"headline\":\"Mbapp\u00e9: &#8220;En Bilbao toqu\u00e9 fondo&#8221;\",\"datePublished\":\"2024-12-22T22:58:45+00:00\",\"dateModified\":\"2024-12-22T22:58:48+00:00\",\"mainEntityOfPage\":{\"@id\":\"https:\\\/\\\/www.americanonewspaper.com\\\/es\\\/kyliam-mbappe\\\/mbappe-en-bilbao-toque-fondo\\\/\"},\"wordCount\":384,\"commentCount\":0,\"publisher\":{\"@id\":\"https:\\\/\\\/www.americanonewspaper.com\\\/es\\\/#organization\"},\"image\":{\"@id\":\"https:\\\/\\\/www.americanonewspaper.com\\\/es\\\/kyliam-mbappe\\\/mbappe-en-bilbao-toque-fondo\\\/#primaryimage\"},\"thumbnailUrl\":\"https:\\\/\\\/www.americanonewspaper.com\\\/es\\\/wp-content\\\/uploads\\\/2024\\\/12\\\/2dc1f01977e466011576b4b9d5db035d0cc8cfacm.jpg\",\"articleSection\":[\"Kyliam Mbapp\u00e9\",\"Real Madrid\"],\"inLanguage\":\"en-US\",\"potentialAction\":[{\"@type\":\"CommentAction\",\"name\":\"Comment\",\"target\":[\"https:\\\/\\\/www.americanonewspaper.com\\\/es\\\/kyliam-mbappe\\\/mbappe-en-bilbao-toque-fondo\\\/#respond\"]}]},{\"@type\":\"WebPage\",\"@id\":\"https:\\\/\\\/www.americanonewspaper.com\\\/es\\\/kyliam-mbappe\\\/mbappe-en-bilbao-toque-fondo\\\/\",\"url\":\"https:\\\/\\\/www.americanonewspaper.com\\\/es\\\/kyliam-mbappe\\\/mbappe-en-bilbao-toque-fondo\\\/\",\"name\":\"Mbapp\u00e9: \\\"En Bilbao toqu\u00e9 fondo\\\" - Americano Newspaper\",\"isPartOf\":{\"@id\":\"https:\\\/\\\/www.americanonewspaper.com\\\/es\\\/#website\"},\"primaryImageOfPage\":{\"@id\":\"https:\\\/\\\/www.americanonewspaper.com\\\/es\\\/kyliam-mbappe\\\/mbappe-en-bilbao-toque-fondo\\\/#primaryimage\"},\"image\":{\"@id\":\"https:\\\/\\\/www.americanonewspaper.com\\\/es\\\/kyliam-mbappe\\\/mbappe-en-bilbao-toque-fondo\\\/#primaryimage\"},\"thumbnailUrl\":\"https:\\\/\\\/www.americanonewspaper.com\\\/es\\\/wp-content\\\/uploads\\\/2024\\\/12\\\/2dc1f01977e466011576b4b9d5db035d0cc8cfacm.jpg\",\"datePublished\":\"2024-12-22T22:58:45+00:00\",\"dateModified\":\"2024-12-22T22:58:48+00:00\",\"description\":\"Kylian Mbapp\u00e9, delantero franc\u00e9s del Real Madrid, asegur\u00f3 como hizo Carlo Ancelotti que su adaptaci\u00f3n al club blanco \\\"ha acabado\\\" y tras marcar al Sevilla un gran gol y asistir a Brahim D\u00edaz, asegur\u00f3 que se siente \\\"muy bien\\\" tras reflexionar en un momento clave, en la derrota en San Mam\u00e9s con un penalti fallado que confes\u00f3 le hizo tocar \\\"fondo\\\".\",\"breadcrumb\":{\"@id\":\"https:\\\/\\\/www.americanonewspaper.com\\\/es\\\/kyliam-mbappe\\\/mbappe-en-bilbao-toque-fondo\\\/#breadcrumb\"},\"inLanguage\":\"en-US\",\"potentialAction\":[{\"@type\":\"ReadAction\",\"target\":[\"https:\\\/\\\/www.americanonewspaper.com\\\/es\\\/kyliam-mbappe\\\/mbappe-en-bilbao-toque-fondo\\\/\"]}]},{\"@type\":\"ImageObject\",\"inLanguage\":\"en-US\",\"@id\":\"https:\\\/\\\/www.americanonewspaper.com\\\/es\\\/kyliam-mbappe\\\/mbappe-en-bilbao-toque-fondo\\\/#primaryimage\",\"url\":\"https:\\\/\\\/www.americanonewspaper.com\\\/es\\\/wp-content\\\/uploads\\\/2024\\\/12\\\/2dc1f01977e466011576b4b9d5db035d0cc8cfacm.jpg\",\"contentUrl\":\"https:\\\/\\\/www.americanonewspaper.com\\\/es\\\/wp-content\\\/uploads\\\/2024\\\/12\\\/2dc1f01977e466011576b4b9d5db035d0cc8cfacm.jpg\",\"width\":600,\"height\":400,\"caption\":\"El delantero franc\u00e9s del Real Madrid, Kylian Mbapp\u00e9 (c) durante el partido de LaLiga entre el Real Madrid y el Sevilla, este domingo en el estadio Santiago Bernab\u00e9u. EFE\\\/ Fernando Villar\"},{\"@type\":\"BreadcrumbList\",\"@id\":\"https:\\\/\\\/www.americanonewspaper.com\\\/es\\\/kyliam-mbappe\\\/mbappe-en-bilbao-toque-fondo\\\/#breadcrumb\",\"itemListElement\":[{\"@type\":\"ListItem\",\"position\":1,\"name\":\"Home\",\"item\":\"https:\\\/\\\/www.americanonewspaper.com\\\/es\\\/\"},{\"@type\":\"ListItem\",\"position\":2,\"name\":\"Mbapp\u00e9: &#8220;En Bilbao toqu\u00e9 fondo&#8221;\"}]},{\"@type\":\"WebSite\",\"@id\":\"https:\\\/\\\/www.americanonewspaper.com\\\/es\\\/#website\",\"url\":\"https:\\\/\\\/www.americanonewspaper.com\\\/es\\\/\",\"name\":\"Americano Newspaper\",\"description\":\"The Hispanic Newspaper of New Jersey.\",\"publisher\":{\"@id\":\"https:\\\/\\\/www.americanonewspaper.com\\\/es\\\/#organization\"},\"potentialAction\":[{\"@type\":\"SearchAction\",\"target\":{\"@type\":\"EntryPoint\",\"urlTemplate\":\"https:\\\/\\\/www.americanonewspaper.com\\\/es\\\/?s={search_term_string}\"},\"query-input\":{\"@type\":\"PropertyValueSpecification\",\"valueRequired\":true,\"valueName\":\"search_term_string\"}}],\"inLanguage\":\"en-US\"},{\"@type\":\"Organization\",\"@id\":\"https:\\\/\\\/www.americanonewspaper.com\\\/es\\\/#organization\",\"name\":\"Americano Newspaper\",\"url\":\"https:\\\/\\\/www.americanonewspaper.com\\\/es\\\/\",\"logo\":{\"@type\":\"ImageObject\",\"inLanguage\":\"en-US\",\"@id\":\"https:\\\/\\\/www.americanonewspaper.com\\\/es\\\/#\\\/schema\\\/logo\\\/image\\\/\",\"url\":\"https:\\\/\\\/www.americanonewspaper.com\\\/es\\\/wp-content\\\/uploads\\\/2024\\\/05\\\/AmericanoLogoCircle.comCircle2.jpg\",\"contentUrl\":\"https:\\\/\\\/www.americanonewspaper.com\\\/es\\\/wp-content\\\/uploads\\\/2024\\\/05\\\/AmericanoLogoCircle.comCircle2.jpg\",\"width\":600,\"height\":600,\"caption\":\"Americano Newspaper\"},\"image\":{\"@id\":\"https:\\\/\\\/www.americanonewspaper.com\\\/es\\\/#\\\/schema\\\/logo\\\/image\\\/\"},\"sameAs\":[\"https:\\\/\\\/www.facebook.com\\\/AmericanoNewspaper\\\/\"]},{\"@type\":\"Person\",\"@id\":\"https:\\\/\\\/www.americanonewspaper.com\\\/es\\\/#\\\/schema\\\/person\\\/875497672032163af362240e09375960\",\"name\":\"Victoria Deus\",\"image\":{\"@type\":\"ImageObject\",\"inLanguage\":\"en-US\",\"@id\":\"https:\\\/\\\/www.americanonewspaper.com\\\/es\\\/wp-content\\\/litespeed\\\/avatar\\\/87ebc08dcb2dba9e584c4557748a9de2.jpg?ver=1777428042\",\"url\":\"https:\\\/\\\/www.americanonewspaper.com\\\/es\\\/wp-content\\\/litespeed\\\/avatar\\\/87ebc08dcb2dba9e584c4557748a9de2.jpg?ver=1777428042\",\"contentUrl\":\"https:\\\/\\\/www.americanonewspaper.com\\\/es\\\/wp-content\\\/litespeed\\\/avatar\\\/87ebc08dcb2dba9e584c4557748a9de2.jpg?ver=1777428042\",\"caption\":\"Victoria Deus\"},\"sameAs\":[\"http:\\\/\\\/www.americanonewspaper.com\"],\"url\":\"https:\\\/\\\/www.americanonewspaper.com\\\/es\\\/author\\\/victoria\\\/\"}]}<\/script>\n<!-- \/ Yoast SEO Premium plugin. -->","yoast_head_json":{"title":"Mbapp\u00e9: \"En Bilbao toqu\u00e9 fondo\" - Americano Newspaper","description":"Kylian Mbapp\u00e9, delantero franc\u00e9s del Real Madrid, asegur\u00f3 como hizo Carlo Ancelotti que su adaptaci\u00f3n al club blanco \"ha acabado\" y tras marcar al Sevilla un gran gol y asistir a Brahim D\u00edaz, asegur\u00f3 que se siente \"muy bien\" tras reflexionar en un momento clave, en la derrota en San Mam\u00e9s con un penalti fallado que confes\u00f3 le hizo tocar \"fondo\".","robots":{"index":"index","follow":"follow","max-snippet":"max-snippet:-1","max-image-preview":"max-image-preview:large","max-video-preview":"max-video-preview:-1"},"canonical":"https:\/\/www.americanonewspaper.com\/es\/kyliam-mbappe\/mbappe-en-bilbao-toque-fondo\/","og_locale":"en_US","og_type":"article","og_title":"Mbapp\u00e9: \"En Bilbao toqu\u00e9 fondo\"","og_description":"Kylian Mbapp\u00e9, delantero franc\u00e9s del Real Madrid, asegur\u00f3 como hizo Carlo Ancelotti que su adaptaci\u00f3n al club blanco \"ha acabado\" y tras marcar al Sevilla un gran gol y asistir a Brahim D\u00edaz, asegur\u00f3 que se siente \"muy bien\" tras reflexionar en un momento clave, en la derrota en San Mam\u00e9s con un penalti fallado que confes\u00f3 le hizo tocar \"fondo\".","og_url":"https:\/\/www.americanonewspaper.com\/es\/kyliam-mbappe\/mbappe-en-bilbao-toque-fondo\/","og_site_name":"Americano Newspaper","article_publisher":"https:\/\/www.facebook.com\/AmericanoNewspaper\/","article_published_time":"2024-12-22T22:58:45+00:00","article_modified_time":"2024-12-22T22:58:48+00:00","og_image":[{"width":600,"height":400,"url":"https:\/\/www.americanonewspaper.com\/es\/wp-content\/uploads\/2024\/12\/2dc1f01977e466011576b4b9d5db035d0cc8cfacm.jpg","type":"image\/jpeg"}],"author":"Victoria Deus","twitter_card":"summary_large_image","twitter_misc":{"Written by":"Victoria Deus","Est. reading time":"3 minutes"},"schema":{"@context":"https:\/\/schema.org","@graph":[{"@type":"Article","@id":"https:\/\/www.americanonewspaper.com\/es\/kyliam-mbappe\/mbappe-en-bilbao-toque-fondo\/#article","isPartOf":{"@id":"https:\/\/www.americanonewspaper.com\/es\/kyliam-mbappe\/mbappe-en-bilbao-toque-fondo\/"},"author":{"name":"Victoria Deus","@id":"https:\/\/www.americanonewspaper.com\/es\/#\/schema\/person\/875497672032163af362240e09375960"},"headline":"Mbapp\u00e9: &#8220;En Bilbao toqu\u00e9 fondo&#8221;","datePublished":"2024-12-22T22:58:45+00:00","dateModified":"2024-12-22T22:58:48+00:00","mainEntityOfPage":{"@id":"https:\/\/www.americanonewspaper.com\/es\/kyliam-mbappe\/mbappe-en-bilbao-toque-fondo\/"},"wordCount":384,"commentCount":0,"publisher":{"@id":"https:\/\/www.americanonewspaper.com\/es\/#organization"},"image":{"@id":"https:\/\/www.americanonewspaper.com\/es\/kyliam-mbappe\/mbappe-en-bilbao-toque-fondo\/#primaryimage"},"thumbnailUrl":"https:\/\/www.americanonewspaper.com\/es\/wp-content\/uploads\/2024\/12\/2dc1f01977e466011576b4b9d5db035d0cc8cfacm.jpg","articleSection":["Kyliam Mbapp\u00e9","Real Madrid"],"inLanguage":"en-US","potentialAction":[{"@type":"CommentAction","name":"Comment","target":["https:\/\/www.americanonewspaper.com\/es\/kyliam-mbappe\/mbappe-en-bilbao-toque-fondo\/#respond"]}]},{"@type":"WebPage","@id":"https:\/\/www.americanonewspaper.com\/es\/kyliam-mbappe\/mbappe-en-bilbao-toque-fondo\/","url":"https:\/\/www.americanonewspaper.com\/es\/kyliam-mbappe\/mbappe-en-bilbao-toque-fondo\/","name":"Mbapp\u00e9: \"En Bilbao toqu\u00e9 fondo\" - Americano Newspaper","isPartOf":{"@id":"https:\/\/www.americanonewspaper.com\/es\/#website"},"primaryImageOfPage":{"@id":"https:\/\/www.americanonewspaper.com\/es\/kyliam-mbappe\/mbappe-en-bilbao-toque-fondo\/#primaryimage"},"image":{"@id":"https:\/\/www.americanonewspaper.com\/es\/kyliam-mbappe\/mbappe-en-bilbao-toque-fondo\/#primaryimage"},"thumbnailUrl":"https:\/\/www.americanonewspaper.com\/es\/wp-content\/uploads\/2024\/12\/2dc1f01977e466011576b4b9d5db035d0cc8cfacm.jpg","datePublished":"2024-12-22T22:58:45+00:00","dateModified":"2024-12-22T22:58:48+00:00","description":"Kylian Mbapp\u00e9, delantero franc\u00e9s del Real Madrid, asegur\u00f3 como hizo Carlo Ancelotti que su adaptaci\u00f3n al club blanco \"ha acabado\" y tras marcar al Sevilla un gran gol y asistir a Brahim D\u00edaz, asegur\u00f3 que se siente \"muy bien\" tras reflexionar en un momento clave, en la derrota en San Mam\u00e9s con un penalti fallado que confes\u00f3 le hizo tocar \"fondo\".","breadcrumb":{"@id":"https:\/\/www.americanonewspaper.com\/es\/kyliam-mbappe\/mbappe-en-bilbao-toque-fondo\/#breadcrumb"},"inLanguage":"en-US","potentialAction":[{"@type":"ReadAction","target":["https:\/\/www.americanonewspaper.com\/es\/kyliam-mbappe\/mbappe-en-bilbao-toque-fondo\/"]}]},{"@type":"ImageObject","inLanguage":"en-US","@id":"https:\/\/www.americanonewspaper.com\/es\/kyliam-mbappe\/mbappe-en-bilbao-toque-fondo\/#primaryimage","url":"https:\/\/www.americanonewspaper.com\/es\/wp-content\/uploads\/2024\/12\/2dc1f01977e466011576b4b9d5db035d0cc8cfacm.jpg","contentUrl":"https:\/\/www.americanonewspaper.com\/es\/wp-content\/uploads\/2024\/12\/2dc1f01977e466011576b4b9d5db035d0cc8cfacm.jpg","width":600,"height":400,"caption":"El delantero franc\u00e9s del Real Madrid, Kylian Mbapp\u00e9 (c) durante el partido de LaLiga entre el Real Madrid y el Sevilla, este domingo en el estadio Santiago Bernab\u00e9u. EFE\/ Fernando Villar"},{"@type":"BreadcrumbList","@id":"https:\/\/www.americanonewspaper.com\/es\/kyliam-mbappe\/mbappe-en-bilbao-toque-fondo\/#breadcrumb","itemListElement":[{"@type":"ListItem","position":1,"name":"Home","item":"https:\/\/www.americanonewspaper.com\/es\/"},{"@type":"ListItem","position":2,"name":"Mbapp\u00e9: &#8220;En Bilbao toqu\u00e9 fondo&#8221;"}]},{"@type":"WebSite","@id":"https:\/\/www.americanonewspaper.com\/es\/#website","url":"https:\/\/www.americanonewspaper.com\/es\/","name":"Americano Newspaper","description":"The Hispanic Newspaper of New Jersey.","publisher":{"@id":"https:\/\/www.americanonewspaper.com\/es\/#organization"},"potentialAction":[{"@type":"SearchAction","target":{"@type":"EntryPoint","urlTemplate":"https:\/\/www.americanonewspaper.com\/es\/?s={search_term_string}"},"query-input":{"@type":"PropertyValueSpecification","valueRequired":true,"valueName":"search_term_string"}}],"inLanguage":"en-US"},{"@type":"Organization","@id":"https:\/\/www.americanonewspaper.com\/es\/#organization","name":"Americano Newspaper","url":"https:\/\/www.americanonewspaper.com\/es\/","logo":{"@type":"ImageObject","inLanguage":"en-US","@id":"https:\/\/www.americanonewspaper.com\/es\/#\/schema\/logo\/image\/","url":"https:\/\/www.americanonewspaper.com\/es\/wp-content\/uploads\/2024\/05\/AmericanoLogoCircle.comCircle2.jpg","contentUrl":"https:\/\/www.americanonewspaper.com\/es\/wp-content\/uploads\/2024\/05\/AmericanoLogoCircle.comCircle2.jpg","width":600,"height":600,"caption":"Americano Newspaper"},"image":{"@id":"https:\/\/www.americanonewspaper.com\/es\/#\/schema\/logo\/image\/"},"sameAs":["https:\/\/www.facebook.com\/AmericanoNewspaper\/"]},{"@type":"Person","@id":"https:\/\/www.americanonewspaper.com\/es\/#\/schema\/person\/875497672032163af362240e09375960","name":"Victoria Deus","image":{"@type":"ImageObject","inLanguage":"en-US","@id":"https:\/\/www.americanonewspaper.com\/es\/wp-content\/litespeed\/avatar\/87ebc08dcb2dba9e584c4557748a9de2.jpg?ver=1777428042","url":"https:\/\/www.americanonewspaper.com\/es\/wp-content\/litespeed\/avatar\/87ebc08dcb2dba9e584c4557748a9de2.jpg?ver=1777428042","contentUrl":"https:\/\/www.americanonewspaper.com\/es\/wp-content\/litespeed\/avatar\/87ebc08dcb2dba9e584c4557748a9de2.jpg?ver=1777428042","caption":"Victoria Deus"},"sameAs":["http:\/\/www.americanonewspaper.com"],"url":"https:\/\/www.americanonewspaper.com\/es\/author\/victoria\/"}]}},"jetpack_publicize_connections":[],"jetpack_featured_media_url":"https:\/\/www.americanonewspaper.com\/es\/wp-content\/uploads\/2024\/12\/2dc1f01977e466011576b4b9d5db035d0cc8cfacm.jpg","featured_image_urls":{"full":["https:\/\/www.americanonewspaper.com\/es\/wp-content\/uploads\/2024\/12\/2dc1f01977e466011576b4b9d5db035d0cc8cfacm.jpg",600,400,false],"thumbnail":["https:\/\/www.americanonewspaper.com\/es\/wp-content\/uploads\/2024\/12\/2dc1f01977e466011576b4b9d5db035d0cc8cfacm-250x250.jpg",250,250,true],"medium":["https:\/\/www.americanonewspaper.com\/es\/wp-content\/uploads\/2024\/12\/2dc1f01977e466011576b4b9d5db035d0cc8cfacm-300x200.jpg",300,200,true],"medium_large":["https:\/\/www.americanonewspaper.com\/es\/wp-content\/uploads\/2024\/12\/2dc1f01977e466011576b4b9d5db035d0cc8cfacm.jpg",600,400,false],"large":["https:\/\/www.americanonewspaper.com\/es\/wp-content\/uploads\/2024\/12\/2dc1f01977e466011576b4b9d5db035d0cc8cfacm.jpg",600,400,false],"1536x1536":["https:\/\/www.americanonewspaper.com\/es\/wp-content\/uploads\/2024\/12\/2dc1f01977e466011576b4b9d5db035d0cc8cfacm.jpg",600,400,false],"2048x2048":["https:\/\/www.americanonewspaper.com\/es\/wp-content\/uploads\/2024\/12\/2dc1f01977e466011576b4b9d5db035d0cc8cfacm.jpg",600,400,false],"td_150x0":["https:\/\/www.americanonewspaper.com\/es\/wp-content\/uploads\/2024\/12\/2dc1f01977e466011576b4b9d5db035d0cc8cfacm-150x100.jpg",150,100,true],"td_218x150":["https:\/\/www.americanonewspaper.com\/es\/wp-content\/uploads\/2024\/12\/2dc1f01977e466011576b4b9d5db035d0cc8cfacm-218x150.jpg",218,150,true],"td_300x0":["https:\/\/www.americanonewspaper.com\/es\/wp-content\/uploads\/2024\/12\/2dc1f01977e466011576b4b9d5db035d0cc8cfacm-300x200.jpg",300,200,true],"td_324x400":["https:\/\/www.americanonewspaper.com\/es\/wp-content\/uploads\/2024\/12\/2dc1f01977e466011576b4b9d5db035d0cc8cfacm-324x400.jpg",324,400,true],"td_485x360":["https:\/\/www.americanonewspaper.com\/es\/wp-content\/uploads\/2024\/12\/2dc1f01977e466011576b4b9d5db035d0cc8cfacm-485x360.jpg",485,360,true],"td_696x0":["https:\/\/www.americanonewspaper.com\/es\/wp-content\/uploads\/2024\/12\/2dc1f01977e466011576b4b9d5db035d0cc8cfacm.jpg",600,400,false],"td_1068x0":["https:\/\/www.americanonewspaper.com\/es\/wp-content\/uploads\/2024\/12\/2dc1f01977e466011576b4b9d5db035d0cc8cfacm.jpg",600,400,false],"td_1920x0":["https:\/\/www.americanonewspaper.com\/es\/wp-content\/uploads\/2024\/12\/2dc1f01977e466011576b4b9d5db035d0cc8cfacm.jpg",600,400,false],"bdpp-medium":["https:\/\/www.americanonewspaper.com\/es\/wp-content\/uploads\/2024\/12\/2dc1f01977e466011576b4b9d5db035d0cc8cfacm.jpg",600,400,false]},"author_info":{"display_name":"Victoria Deus","author_link":"https:\/\/www.americanonewspaper.com\/es\/author\/victoria\/"},"category_info":"<a href=\"https:\/\/www.americanonewspaper.com\/es\/category\/kyliam-mbappe\/\" rel=\"category tag\">Kyliam Mbapp\u00e9<\/a> <a href=\"https:\/\/www.americanonewspaper.com\/es\/category\/real-madrid\/\" rel=\"category tag\">Real Madrid<\/a>","tag_info":"Real Madrid","comment_count":"0","jetpack_sharing_enabled":true,"jetpack_likes_enabled":true,"_links":{"self":[{"href":"https:\/\/www.americanonewspaper.com\/es\/wp-json\/wp\/v2\/posts\/24251","targetHints":{"allow":["GET"]}}],"collection":[{"href":"https:\/\/www.americanonewspaper.com\/es\/wp-json\/wp\/v2\/posts"}],"about":[{"href":"https:\/\/www.americanonewspaper.com\/es\/wp-json\/wp\/v2\/types\/post"}],"author":[{"embeddable":true,"href":"https:\/\/www.americanonewspaper.com\/es\/wp-json\/wp\/v2\/users\/18"}],"replies":[{"embeddable":true,"href":"https:\/\/www.americanonewspaper.com\/es\/wp-json\/wp\/v2\/comments?post=24251"}],"version-history":[{"count":1,"href":"https:\/\/www.americanonewspaper.com\/es\/wp-json\/wp\/v2\/posts\/24251\/revisions"}],"predecessor-version":[{"id":24257,"href":"https:\/\/www.americanonewspaper.com\/es\/wp-json\/wp\/v2\/posts\/24251\/revisions\/24257"}],"wp:featuredmedia":[{"embeddable":true,"href":"https:\/\/www.americanonewspaper.com\/es\/wp-json\/wp\/v2\/media\/24252"}],"wp:attachment":[{"href":"https:\/\/www.americanonewspaper.com\/es\/wp-json\/wp\/v2\/media?parent=24251"}],"wp:term":[{"taxonomy":"category","embeddable":true,"href":"https:\/\/www.americanonewspaper.com\/es\/wp-json\/wp\/v2\/categories?post=24251"},{"taxonomy":"post_tag","embeddable":true,"href":"https:\/\/www.americanonewspaper.com\/es\/wp-json\/wp\/v2\/tags?post=24251"}],"curies":[{"name":"wp","href":"https:\/\/api.w.org\/{rel}","templated":true}]}}