{"id":24229,"date":"2024-12-20T22:56:24","date_gmt":"2024-12-21T03:56:24","guid":{"rendered":"https:\/\/www.americanonewspaper.com\/es\/?p=24229"},"modified":"2024-12-20T22:56:26","modified_gmt":"2024-12-21T03:56:26","slug":"0-1-reijnders-despierta-al-milan","status":"publish","type":"post","link":"https:\/\/www.americanonewspaper.com\/es\/futbol-2\/0-1-reijnders-despierta-al-milan\/","title":{"rendered":"0-1. Reijnders despierta al Milan"},"content":{"rendered":"\n<p>Redacci\u00f3n deportes, 20 dic (EFE).<\/p>\n\n\n\n<p class=\"has-drop-cap\">Fuera de los puestos europeos, lastrado por los cuatro encuentros sin ganar en los \u00faltimos cinco partidos, tres empates y una derrota, despert\u00f3 el Milan con una victoria necesaria en Verona (0-1), gracias al impulso, el acierto y el orden impuesto por el neerland\u00e9s Tijani Reijnders.<\/p>\n\n\n\n<p>Es el internacional por Pa\u00edses Bajos lo mejor del conjunto de Paulo Fonseca que a pesar de los tres puntos logrados en el estadio Marco Antonio Bentegodi sigue fuera de los seis primeros lugares de la Serie A que domina el Atalanta.<\/p>\n\n\n\n<p>Necesita acelerar el Milan que perdi\u00f3 en la primera parte a su referencia atacante, el portugu\u00e9s Rafael Leao, con una dolencia muscular, que fue sustituido por el franc\u00e9s Theo Hernandez, relegado al banquillo por segundo encuentro seguido v\u00edctima del impulso del espa\u00f1ol Alex Jim\u00e9nez.<\/p>\n\n\n\n<p>Y es que Fonseca ha dado continuidad al excanterano del Real Madrid que disput\u00f3 en Verona sus segundo encuentro del curso con el primer equipo rossonero. Debut\u00f3 ya el pasado curso, con 18 a\u00f1os. Particip\u00f3 en tres partidos. Esta vez da la sensaci\u00f3n de ser parte ya, por derecho propio, del plantel principal milanista. Repiti\u00f3 titularidad en el lateral izquierdo. Y cuando Theo salt\u00f3 al campo adelant\u00f3 su posici\u00f3n, m\u00e1s cerca de la que ocupaba Leao.<\/p>\n\n\n\n<p>Pero fue Reijnders el que tom\u00f3 el tim\u00f3n del Milan que tard\u00f3 en entrar en el partido ante un rival que volvi\u00f3 a las andadas. El triunfo en Parma la jornada anterior acab\u00f3 con la racha de cuatro derrotas consecutivas del equipo de Paolo Zanetti que sali\u00f3 de la zona de descenso. Su objetivo es no caer ah\u00ed.<\/p>\n\n\n\n<figure class=\"wp-block-image size-large is-resized\"><img fetchpriority=\"high\" decoding=\"async\" width=\"800\" height=\"366\" src=\"https:\/\/www.americanonewspaper.com\/es\/wp-content\/uploads\/2024\/12\/GGlSpanish-1-800x366.png\" alt=\"\" class=\"wp-image-24197\" style=\"width:1068px;height:auto\" srcset=\"https:\/\/www.americanonewspaper.com\/es\/wp-content\/uploads\/2024\/12\/GGlSpanish-1-800x366.png 800w, https:\/\/www.americanonewspaper.com\/es\/wp-content\/uploads\/2024\/12\/GGlSpanish-1-300x137.png 300w, https:\/\/www.americanonewspaper.com\/es\/wp-content\/uploads\/2024\/12\/GGlSpanish-1-768x351.png 768w, https:\/\/www.americanonewspaper.com\/es\/wp-content\/uploads\/2024\/12\/GGlSpanish-1-150x69.png 150w, https:\/\/www.americanonewspaper.com\/es\/wp-content\/uploads\/2024\/12\/GGlSpanish-1-696x318.png 696w, https:\/\/www.americanonewspaper.com\/es\/wp-content\/uploads\/2024\/12\/GGlSpanish-1-1068x489.png 1068w, https:\/\/www.americanonewspaper.com\/es\/wp-content\/uploads\/2024\/12\/GGlSpanish-1.png 1200w\" sizes=\"(max-width: 800px) 100vw, 800px\" \/><\/figure>\n\n\n\n<p>Afront\u00f3 el compromiso de la decimos\u00e9ptima jornada con la din\u00e1mica del \u00faltimo compromiso, mejor plantado que su rival. Fue suya la primera ocasi\u00f3n del encuentro, a la media hora, un tiro raso de Tomas Suslov que solvent\u00f3 el portero franc\u00e9s Mike Maignan.<\/p>\n\n\n\n<p>Tambi\u00e9n tuvo la suya el Milan antes del intermedio en las botas de Filippo Terracciano que desbarat\u00f3 Lorenzo Motipo con una estupenda parada.<\/p>\n\n\n\n<p>Aceler\u00f3 tras el intermedio el cuadro de Fonseca que acapar\u00f3 la posesi\u00f3n desde que el bal\u00f3n se movi\u00f3 del circulo central y antes de alcanzar la hora de partido tom\u00f3 ventaja. Fue con un gran pase desde el medio del campo de Youssouf Fofana que vio el desmarque de Reijnders. Finaliz\u00f3 impecable, de primeras, el internacional neerland\u00e9s, que marc\u00f3 el camino del triunfo rossonero.<\/p>\n\n\n\n<p>Desorientado el Verona tuvo el segundo. Alex Jim\u00e9nez mostr\u00f3 desparpajo. Cogi\u00f3 el bal\u00f3n el espa\u00f1ol avanz\u00f3 unos metros y desde la frontal ejecut\u00f3 un gran tiro, raso, pegado al palo derecho, que permiti\u00f3 el lucimiento de Montipo.<\/p>\n\n\n\n<p>No cerraba el partido el Milan y el Verona apur\u00f3 sus opciones pero le falt\u00f3 convicci\u00f3n, talento y acierto para aprovechar la inestabilidad de los visitantes, condicionados por los malos resultados recientes. Pero le dio para mantener el tipo y el resultado al cuadro de fonseca que amarr\u00f3 los puntos y se acerc\u00f3 a la zona europea de la Serie A, su objetivo.<\/p>\n\n\n\n<figure class=\"wp-block-image size-large is-resized\"><a href=\"https:\/\/www.nissanofnorthplainfield.com\/?utm_source=gmb&amp;utm_medium=organic&amp;utm_campaign=website-button\" target=\"_blank\" rel=\" noreferrer noopener\"><img decoding=\"async\" width=\"800\" height=\"382\" src=\"https:\/\/www.americanonewspaper.com\/es\/wp-content\/uploads\/2024\/12\/Nissan-copy-1-1-800x382.jpg\" alt=\"\" class=\"wp-image-24196\" style=\"width:1068px;height:auto\" srcset=\"https:\/\/www.americanonewspaper.com\/es\/wp-content\/uploads\/2024\/12\/Nissan-copy-1-1-800x382.jpg 800w, https:\/\/www.americanonewspaper.com\/es\/wp-content\/uploads\/2024\/12\/Nissan-copy-1-1-300x143.jpg 300w, https:\/\/www.americanonewspaper.com\/es\/wp-content\/uploads\/2024\/12\/Nissan-copy-1-1-768x367.jpg 768w, https:\/\/www.americanonewspaper.com\/es\/wp-content\/uploads\/2024\/12\/Nissan-copy-1-1-150x72.jpg 150w, https:\/\/www.americanonewspaper.com\/es\/wp-content\/uploads\/2024\/12\/Nissan-copy-1-1-696x332.jpg 696w, https:\/\/www.americanonewspaper.com\/es\/wp-content\/uploads\/2024\/12\/Nissan-copy-1-1-1068x510.jpg 1068w, https:\/\/www.americanonewspaper.com\/es\/wp-content\/uploads\/2024\/12\/Nissan-copy-1-1.jpg 1200w\" sizes=\"(max-width: 800px) 100vw, 800px\" \/><\/a><figcaption class=\"wp-element-caption\">Screenshot<\/figcaption><\/figure>\n\n\n\n<p>&#8212; Ficha t\u00e9cnica:<\/p>\n\n\n\n<p>0 &#8211; Verona: Lorenzo Montipo; Pawe\u0142 Dawidowicz (Flavius Daniliuc, m.46), Diego Coppola, Daniele Ghilardi; Jackson Tchatchoua, Reda Belahyane (Casper Tengstedt, m.80), Ondrej Duda, Darko Lazovic (Daniel Mosquera, m.73); Tom\u00e1\u0161 Suslov, Grigoris Kastanos (Suat Serdar, m.60) y Amin Sarr (Dailon Rocha Livramento, m.46).<\/p>\n\n\n\n<p>1 &#8211; Milan: Mike Maignan; Emerson Royal (Fikayo Tomori, m.89), Matteo Gabbia, Malick Thiaw, Alex Jim\u00e9nez; Filippo Terracciano, Youssouf Fofana; Samu Chukwueze (Davide Calabria, m.70), Tijani Reijnders, Rafael Leao (Theo Hern\u00e1ndez, m.32); y Tammy Abraham.<\/p>\n\n\n\n<p>Goles: 0-1, m.56: Tijani Reijnders.<\/p>\n\n\n\n<p>\u00c1rbitro: Livio Marinelli. Expuls\u00f3 por protestar al entrenador del Verona, Paolo Zanetti (m.91). Mostr\u00f3 tarjeta amarilla a Emerson Royal, del Milan y a Pawel Dawidowicz, del Verona.<\/p>\n\n\n\n<figure class=\"wp-block-image size-large is-resized\"><a href=\"https:\/\/www.facebook.com\/people\/Villanuevas-Professional-Services-NB\/61559723543206\/\" target=\"_blank\" rel=\" noreferrer noopener\"><img decoding=\"async\" width=\"800\" height=\"367\" src=\"https:\/\/www.americanonewspaper.com\/es\/wp-content\/uploads\/2024\/12\/Villanueva-Espanol-1-1536x704-1-800x367.jpg\" alt=\"\" class=\"wp-image-24198\" style=\"width:1068px;height:auto\" srcset=\"https:\/\/www.americanonewspaper.com\/es\/wp-content\/uploads\/2024\/12\/Villanueva-Espanol-1-1536x704-1-800x367.jpg 800w, https:\/\/www.americanonewspaper.com\/es\/wp-content\/uploads\/2024\/12\/Villanueva-Espanol-1-1536x704-1-300x138.jpg 300w, https:\/\/www.americanonewspaper.com\/es\/wp-content\/uploads\/2024\/12\/Villanueva-Espanol-1-1536x704-1-768x352.jpg 768w, https:\/\/www.americanonewspaper.com\/es\/wp-content\/uploads\/2024\/12\/Villanueva-Espanol-1-1536x704-1-150x69.jpg 150w, https:\/\/www.americanonewspaper.com\/es\/wp-content\/uploads\/2024\/12\/Villanueva-Espanol-1-1536x704-1-696x319.jpg 696w, https:\/\/www.americanonewspaper.com\/es\/wp-content\/uploads\/2024\/12\/Villanueva-Espanol-1-1536x704-1-1068x490.jpg 1068w, https:\/\/www.americanonewspaper.com\/es\/wp-content\/uploads\/2024\/12\/Villanueva-Espanol-1-1536x704-1.jpg 1536w\" sizes=\"(max-width: 800px) 100vw, 800px\" \/><\/a><\/figure>\n\n\n\n<p>Incidencias: encuentro correspondiente a la decimos\u00e9ptima jornada de la Serie A disputado en el estadio Marco Antonio Bentegodi de Verona.<\/p>\n","protected":false},"excerpt":{"rendered":"<p>Redacci\u00f3n deportes, 20 dic (EFE). Fuera de los puestos europeos, lastrado por los cuatro encuentros sin ganar en los \u00faltimos cinco partidos, tres empates y una derrota, despert\u00f3 el Milan con una victoria necesaria en Verona (0-1), gracias al impulso, el acierto y el orden impuesto por el neerland\u00e9s Tijani Reijnders. Es el internacional por [&hellip;]<\/p>\n","protected":false},"author":14,"featured_media":24230,"comment_status":"open","ping_status":"open","sticky":false,"template":"","format":"standard","meta":{"_acf_changed":false,"tdm_status":"","tdm_grid_status":"","_jetpack_memberships_contains_paid_content":false,"footnotes":"","jetpack_publicize_message":"","jetpack_publicize_feature_enabled":true,"jetpack_social_post_already_shared":true,"jetpack_social_options":{"image_generator_settings":{"template":"highway","default_image_id":0,"font":"","enabled":false},"version":2},"_wpas_customize_per_network":false},"categories":[608,893,894],"tags":[],"class_list":{"0":"post-24229","1":"post","2":"type-post","3":"status-publish","4":"format-standard","5":"has-post-thumbnail","7":"category-futbol-2","8":"category-milan","9":"category-verona"},"acf":[],"yoast_head":"<!-- This site is optimized with the Yoast SEO Premium plugin v27.5 (Yoast SEO v27.5) - https:\/\/yoast.com\/product\/yoast-seo-premium-wordpress\/ -->\n<title>0-1. Reijnders despierta al Milan - Americano Newspaper<\/title>\n<meta name=\"description\" content=\"Fuera de los puestos europeos, lastrado por los cuatro encuentros sin ganar en los \u00faltimos cinco partidos, tres empates y una derrota, despert\u00f3 el Milan con una victoria necesaria en Verona (0-1), gracias al impulso, el acierto y el orden impuesto por el neerland\u00e9s Tijani Reijnders.\" \/>\n<meta name=\"robots\" content=\"index, follow, max-snippet:-1, max-image-preview:large, max-video-preview:-1\" \/>\n<link rel=\"canonical\" href=\"https:\/\/www.americanonewspaper.com\/es\/futbol-2\/0-1-reijnders-despierta-al-milan\/\" \/>\n<meta property=\"og:locale\" content=\"en_US\" \/>\n<meta property=\"og:type\" content=\"article\" \/>\n<meta property=\"og:title\" content=\"0-1. Reijnders despierta al Milan\" \/>\n<meta property=\"og:description\" content=\"Fuera de los puestos europeos, lastrado por los cuatro encuentros sin ganar en los \u00faltimos cinco partidos, tres empates y una derrota, despert\u00f3 el Milan con una victoria necesaria en Verona (0-1), gracias al impulso, el acierto y el orden impuesto por el neerland\u00e9s Tijani Reijnders.\" \/>\n<meta property=\"og:url\" content=\"https:\/\/www.americanonewspaper.com\/es\/futbol-2\/0-1-reijnders-despierta-al-milan\/\" \/>\n<meta property=\"og:site_name\" content=\"Americano Newspaper\" \/>\n<meta property=\"article:publisher\" content=\"https:\/\/www.facebook.com\/AmericanoNewspaper\/\" \/>\n<meta property=\"article:published_time\" content=\"2024-12-21T03:56:24+00:00\" \/>\n<meta property=\"article:modified_time\" content=\"2024-12-21T03:56:26+00:00\" \/>\n<meta property=\"og:image\" content=\"https:\/\/www.americanonewspaper.com\/es\/wp-content\/uploads\/2024\/12\/f12db9353aee0f808204f2b800968ad84e0be9f4miniw.jpg\" \/>\n\t<meta property=\"og:image:width\" content=\"900\" \/>\n\t<meta property=\"og:image:height\" content=\"600\" \/>\n\t<meta property=\"og:image:type\" content=\"image\/jpeg\" \/>\n<meta name=\"author\" content=\"Harmony Quintana\" \/>\n<meta name=\"twitter:card\" content=\"summary_large_image\" \/>\n<meta name=\"twitter:label1\" content=\"Written by\" \/>\n\t<meta name=\"twitter:data1\" content=\"Harmony Quintana\" \/>\n\t<meta name=\"twitter:label2\" content=\"Est. reading time\" \/>\n\t<meta name=\"twitter:data2\" content=\"4 minutes\" \/>\n<script type=\"application\/ld+json\" class=\"yoast-schema-graph\">{\"@context\":\"https:\\\/\\\/schema.org\",\"@graph\":[{\"@type\":\"Article\",\"@id\":\"https:\\\/\\\/www.americanonewspaper.com\\\/es\\\/futbol-2\\\/0-1-reijnders-despierta-al-milan\\\/#article\",\"isPartOf\":{\"@id\":\"https:\\\/\\\/www.americanonewspaper.com\\\/es\\\/futbol-2\\\/0-1-reijnders-despierta-al-milan\\\/\"},\"author\":{\"name\":\"Harmony Quintana\",\"@id\":\"https:\\\/\\\/www.americanonewspaper.com\\\/es\\\/#\\\/schema\\\/person\\\/82c7c1ac5e9a005b627b6c7db5361c90\"},\"headline\":\"0-1. Reijnders despierta al Milan\",\"datePublished\":\"2024-12-21T03:56:24+00:00\",\"dateModified\":\"2024-12-21T03:56:26+00:00\",\"mainEntityOfPage\":{\"@id\":\"https:\\\/\\\/www.americanonewspaper.com\\\/es\\\/futbol-2\\\/0-1-reijnders-despierta-al-milan\\\/\"},\"wordCount\":663,\"commentCount\":0,\"publisher\":{\"@id\":\"https:\\\/\\\/www.americanonewspaper.com\\\/es\\\/#organization\"},\"image\":{\"@id\":\"https:\\\/\\\/www.americanonewspaper.com\\\/es\\\/futbol-2\\\/0-1-reijnders-despierta-al-milan\\\/#primaryimage\"},\"thumbnailUrl\":\"https:\\\/\\\/www.americanonewspaper.com\\\/es\\\/wp-content\\\/uploads\\\/2024\\\/12\\\/f12db9353aee0f808204f2b800968ad84e0be9f4miniw.jpg\",\"articleSection\":[\"F\u00fatbol\",\"Milan\",\"Verona\"],\"inLanguage\":\"en-US\",\"potentialAction\":[{\"@type\":\"CommentAction\",\"name\":\"Comment\",\"target\":[\"https:\\\/\\\/www.americanonewspaper.com\\\/es\\\/futbol-2\\\/0-1-reijnders-despierta-al-milan\\\/#respond\"]}]},{\"@type\":\"WebPage\",\"@id\":\"https:\\\/\\\/www.americanonewspaper.com\\\/es\\\/futbol-2\\\/0-1-reijnders-despierta-al-milan\\\/\",\"url\":\"https:\\\/\\\/www.americanonewspaper.com\\\/es\\\/futbol-2\\\/0-1-reijnders-despierta-al-milan\\\/\",\"name\":\"0-1. Reijnders despierta al Milan - Americano Newspaper\",\"isPartOf\":{\"@id\":\"https:\\\/\\\/www.americanonewspaper.com\\\/es\\\/#website\"},\"primaryImageOfPage\":{\"@id\":\"https:\\\/\\\/www.americanonewspaper.com\\\/es\\\/futbol-2\\\/0-1-reijnders-despierta-al-milan\\\/#primaryimage\"},\"image\":{\"@id\":\"https:\\\/\\\/www.americanonewspaper.com\\\/es\\\/futbol-2\\\/0-1-reijnders-despierta-al-milan\\\/#primaryimage\"},\"thumbnailUrl\":\"https:\\\/\\\/www.americanonewspaper.com\\\/es\\\/wp-content\\\/uploads\\\/2024\\\/12\\\/f12db9353aee0f808204f2b800968ad84e0be9f4miniw.jpg\",\"datePublished\":\"2024-12-21T03:56:24+00:00\",\"dateModified\":\"2024-12-21T03:56:26+00:00\",\"description\":\"Fuera de los puestos europeos, lastrado por los cuatro encuentros sin ganar en los \u00faltimos cinco partidos, tres empates y una derrota, despert\u00f3 el Milan con una victoria necesaria en Verona (0-1), gracias al impulso, el acierto y el orden impuesto por el neerland\u00e9s Tijani Reijnders.\",\"breadcrumb\":{\"@id\":\"https:\\\/\\\/www.americanonewspaper.com\\\/es\\\/futbol-2\\\/0-1-reijnders-despierta-al-milan\\\/#breadcrumb\"},\"inLanguage\":\"en-US\",\"potentialAction\":[{\"@type\":\"ReadAction\",\"target\":[\"https:\\\/\\\/www.americanonewspaper.com\\\/es\\\/futbol-2\\\/0-1-reijnders-despierta-al-milan\\\/\"]}]},{\"@type\":\"ImageObject\",\"inLanguage\":\"en-US\",\"@id\":\"https:\\\/\\\/www.americanonewspaper.com\\\/es\\\/futbol-2\\\/0-1-reijnders-despierta-al-milan\\\/#primaryimage\",\"url\":\"https:\\\/\\\/www.americanonewspaper.com\\\/es\\\/wp-content\\\/uploads\\\/2024\\\/12\\\/f12db9353aee0f808204f2b800968ad84e0be9f4miniw.jpg\",\"contentUrl\":\"https:\\\/\\\/www.americanonewspaper.com\\\/es\\\/wp-content\\\/uploads\\\/2024\\\/12\\\/f12db9353aee0f808204f2b800968ad84e0be9f4miniw.jpg\",\"width\":900,\"height\":600,\"caption\":\"Reijnders, tras lograr el 0-1. EFE\\\/EPA\\\/FILIPPO VENEZIA\"},{\"@type\":\"BreadcrumbList\",\"@id\":\"https:\\\/\\\/www.americanonewspaper.com\\\/es\\\/futbol-2\\\/0-1-reijnders-despierta-al-milan\\\/#breadcrumb\",\"itemListElement\":[{\"@type\":\"ListItem\",\"position\":1,\"name\":\"Home\",\"item\":\"https:\\\/\\\/www.americanonewspaper.com\\\/es\\\/\"},{\"@type\":\"ListItem\",\"position\":2,\"name\":\"0-1. Reijnders despierta al Milan\"}]},{\"@type\":\"WebSite\",\"@id\":\"https:\\\/\\\/www.americanonewspaper.com\\\/es\\\/#website\",\"url\":\"https:\\\/\\\/www.americanonewspaper.com\\\/es\\\/\",\"name\":\"Americano Newspaper\",\"description\":\"The Hispanic Newspaper of New Jersey.\",\"publisher\":{\"@id\":\"https:\\\/\\\/www.americanonewspaper.com\\\/es\\\/#organization\"},\"potentialAction\":[{\"@type\":\"SearchAction\",\"target\":{\"@type\":\"EntryPoint\",\"urlTemplate\":\"https:\\\/\\\/www.americanonewspaper.com\\\/es\\\/?s={search_term_string}\"},\"query-input\":{\"@type\":\"PropertyValueSpecification\",\"valueRequired\":true,\"valueName\":\"search_term_string\"}}],\"inLanguage\":\"en-US\"},{\"@type\":\"Organization\",\"@id\":\"https:\\\/\\\/www.americanonewspaper.com\\\/es\\\/#organization\",\"name\":\"Americano Newspaper\",\"url\":\"https:\\\/\\\/www.americanonewspaper.com\\\/es\\\/\",\"logo\":{\"@type\":\"ImageObject\",\"inLanguage\":\"en-US\",\"@id\":\"https:\\\/\\\/www.americanonewspaper.com\\\/es\\\/#\\\/schema\\\/logo\\\/image\\\/\",\"url\":\"https:\\\/\\\/www.americanonewspaper.com\\\/es\\\/wp-content\\\/uploads\\\/2024\\\/05\\\/AmericanoLogoCircle.comCircle2.jpg\",\"contentUrl\":\"https:\\\/\\\/www.americanonewspaper.com\\\/es\\\/wp-content\\\/uploads\\\/2024\\\/05\\\/AmericanoLogoCircle.comCircle2.jpg\",\"width\":600,\"height\":600,\"caption\":\"Americano Newspaper\"},\"image\":{\"@id\":\"https:\\\/\\\/www.americanonewspaper.com\\\/es\\\/#\\\/schema\\\/logo\\\/image\\\/\"},\"sameAs\":[\"https:\\\/\\\/www.facebook.com\\\/AmericanoNewspaper\\\/\"]},{\"@type\":\"Person\",\"@id\":\"https:\\\/\\\/www.americanonewspaper.com\\\/es\\\/#\\\/schema\\\/person\\\/82c7c1ac5e9a005b627b6c7db5361c90\",\"name\":\"Harmony Quintana\",\"image\":{\"@type\":\"ImageObject\",\"inLanguage\":\"en-US\",\"@id\":\"https:\\\/\\\/www.americanonewspaper.com\\\/es\\\/wp-content\\\/litespeed\\\/avatar\\\/656e5d40e40a67e90b0fee2acae8a764.jpg?ver=1777427866\",\"url\":\"https:\\\/\\\/www.americanonewspaper.com\\\/es\\\/wp-content\\\/litespeed\\\/avatar\\\/656e5d40e40a67e90b0fee2acae8a764.jpg?ver=1777427866\",\"contentUrl\":\"https:\\\/\\\/www.americanonewspaper.com\\\/es\\\/wp-content\\\/litespeed\\\/avatar\\\/656e5d40e40a67e90b0fee2acae8a764.jpg?ver=1777427866\",\"caption\":\"Harmony Quintana\"},\"sameAs\":[\"http:\\\/\\\/www.americanonewspaper.com\"],\"url\":\"https:\\\/\\\/www.americanonewspaper.com\\\/es\\\/author\\\/harmony\\\/\"}]}<\/script>\n<!-- \/ Yoast SEO Premium plugin. -->","yoast_head_json":{"title":"0-1. Reijnders despierta al Milan - Americano Newspaper","description":"Fuera de los puestos europeos, lastrado por los cuatro encuentros sin ganar en los \u00faltimos cinco partidos, tres empates y una derrota, despert\u00f3 el Milan con una victoria necesaria en Verona (0-1), gracias al impulso, el acierto y el orden impuesto por el neerland\u00e9s Tijani Reijnders.","robots":{"index":"index","follow":"follow","max-snippet":"max-snippet:-1","max-image-preview":"max-image-preview:large","max-video-preview":"max-video-preview:-1"},"canonical":"https:\/\/www.americanonewspaper.com\/es\/futbol-2\/0-1-reijnders-despierta-al-milan\/","og_locale":"en_US","og_type":"article","og_title":"0-1. Reijnders despierta al Milan","og_description":"Fuera de los puestos europeos, lastrado por los cuatro encuentros sin ganar en los \u00faltimos cinco partidos, tres empates y una derrota, despert\u00f3 el Milan con una victoria necesaria en Verona (0-1), gracias al impulso, el acierto y el orden impuesto por el neerland\u00e9s Tijani Reijnders.","og_url":"https:\/\/www.americanonewspaper.com\/es\/futbol-2\/0-1-reijnders-despierta-al-milan\/","og_site_name":"Americano Newspaper","article_publisher":"https:\/\/www.facebook.com\/AmericanoNewspaper\/","article_published_time":"2024-12-21T03:56:24+00:00","article_modified_time":"2024-12-21T03:56:26+00:00","og_image":[{"width":900,"height":600,"url":"https:\/\/www.americanonewspaper.com\/es\/wp-content\/uploads\/2024\/12\/f12db9353aee0f808204f2b800968ad84e0be9f4miniw.jpg","type":"image\/jpeg"}],"author":"Harmony Quintana","twitter_card":"summary_large_image","twitter_misc":{"Written by":"Harmony Quintana","Est. reading time":"4 minutes"},"schema":{"@context":"https:\/\/schema.org","@graph":[{"@type":"Article","@id":"https:\/\/www.americanonewspaper.com\/es\/futbol-2\/0-1-reijnders-despierta-al-milan\/#article","isPartOf":{"@id":"https:\/\/www.americanonewspaper.com\/es\/futbol-2\/0-1-reijnders-despierta-al-milan\/"},"author":{"name":"Harmony Quintana","@id":"https:\/\/www.americanonewspaper.com\/es\/#\/schema\/person\/82c7c1ac5e9a005b627b6c7db5361c90"},"headline":"0-1. Reijnders despierta al Milan","datePublished":"2024-12-21T03:56:24+00:00","dateModified":"2024-12-21T03:56:26+00:00","mainEntityOfPage":{"@id":"https:\/\/www.americanonewspaper.com\/es\/futbol-2\/0-1-reijnders-despierta-al-milan\/"},"wordCount":663,"commentCount":0,"publisher":{"@id":"https:\/\/www.americanonewspaper.com\/es\/#organization"},"image":{"@id":"https:\/\/www.americanonewspaper.com\/es\/futbol-2\/0-1-reijnders-despierta-al-milan\/#primaryimage"},"thumbnailUrl":"https:\/\/www.americanonewspaper.com\/es\/wp-content\/uploads\/2024\/12\/f12db9353aee0f808204f2b800968ad84e0be9f4miniw.jpg","articleSection":["F\u00fatbol","Milan","Verona"],"inLanguage":"en-US","potentialAction":[{"@type":"CommentAction","name":"Comment","target":["https:\/\/www.americanonewspaper.com\/es\/futbol-2\/0-1-reijnders-despierta-al-milan\/#respond"]}]},{"@type":"WebPage","@id":"https:\/\/www.americanonewspaper.com\/es\/futbol-2\/0-1-reijnders-despierta-al-milan\/","url":"https:\/\/www.americanonewspaper.com\/es\/futbol-2\/0-1-reijnders-despierta-al-milan\/","name":"0-1. Reijnders despierta al Milan - Americano Newspaper","isPartOf":{"@id":"https:\/\/www.americanonewspaper.com\/es\/#website"},"primaryImageOfPage":{"@id":"https:\/\/www.americanonewspaper.com\/es\/futbol-2\/0-1-reijnders-despierta-al-milan\/#primaryimage"},"image":{"@id":"https:\/\/www.americanonewspaper.com\/es\/futbol-2\/0-1-reijnders-despierta-al-milan\/#primaryimage"},"thumbnailUrl":"https:\/\/www.americanonewspaper.com\/es\/wp-content\/uploads\/2024\/12\/f12db9353aee0f808204f2b800968ad84e0be9f4miniw.jpg","datePublished":"2024-12-21T03:56:24+00:00","dateModified":"2024-12-21T03:56:26+00:00","description":"Fuera de los puestos europeos, lastrado por los cuatro encuentros sin ganar en los \u00faltimos cinco partidos, tres empates y una derrota, despert\u00f3 el Milan con una victoria necesaria en Verona (0-1), gracias al impulso, el acierto y el orden impuesto por el neerland\u00e9s Tijani Reijnders.","breadcrumb":{"@id":"https:\/\/www.americanonewspaper.com\/es\/futbol-2\/0-1-reijnders-despierta-al-milan\/#breadcrumb"},"inLanguage":"en-US","potentialAction":[{"@type":"ReadAction","target":["https:\/\/www.americanonewspaper.com\/es\/futbol-2\/0-1-reijnders-despierta-al-milan\/"]}]},{"@type":"ImageObject","inLanguage":"en-US","@id":"https:\/\/www.americanonewspaper.com\/es\/futbol-2\/0-1-reijnders-despierta-al-milan\/#primaryimage","url":"https:\/\/www.americanonewspaper.com\/es\/wp-content\/uploads\/2024\/12\/f12db9353aee0f808204f2b800968ad84e0be9f4miniw.jpg","contentUrl":"https:\/\/www.americanonewspaper.com\/es\/wp-content\/uploads\/2024\/12\/f12db9353aee0f808204f2b800968ad84e0be9f4miniw.jpg","width":900,"height":600,"caption":"Reijnders, tras lograr el 0-1. EFE\/EPA\/FILIPPO VENEZIA"},{"@type":"BreadcrumbList","@id":"https:\/\/www.americanonewspaper.com\/es\/futbol-2\/0-1-reijnders-despierta-al-milan\/#breadcrumb","itemListElement":[{"@type":"ListItem","position":1,"name":"Home","item":"https:\/\/www.americanonewspaper.com\/es\/"},{"@type":"ListItem","position":2,"name":"0-1. Reijnders despierta al Milan"}]},{"@type":"WebSite","@id":"https:\/\/www.americanonewspaper.com\/es\/#website","url":"https:\/\/www.americanonewspaper.com\/es\/","name":"Americano Newspaper","description":"The Hispanic Newspaper of New Jersey.","publisher":{"@id":"https:\/\/www.americanonewspaper.com\/es\/#organization"},"potentialAction":[{"@type":"SearchAction","target":{"@type":"EntryPoint","urlTemplate":"https:\/\/www.americanonewspaper.com\/es\/?s={search_term_string}"},"query-input":{"@type":"PropertyValueSpecification","valueRequired":true,"valueName":"search_term_string"}}],"inLanguage":"en-US"},{"@type":"Organization","@id":"https:\/\/www.americanonewspaper.com\/es\/#organization","name":"Americano Newspaper","url":"https:\/\/www.americanonewspaper.com\/es\/","logo":{"@type":"ImageObject","inLanguage":"en-US","@id":"https:\/\/www.americanonewspaper.com\/es\/#\/schema\/logo\/image\/","url":"https:\/\/www.americanonewspaper.com\/es\/wp-content\/uploads\/2024\/05\/AmericanoLogoCircle.comCircle2.jpg","contentUrl":"https:\/\/www.americanonewspaper.com\/es\/wp-content\/uploads\/2024\/05\/AmericanoLogoCircle.comCircle2.jpg","width":600,"height":600,"caption":"Americano Newspaper"},"image":{"@id":"https:\/\/www.americanonewspaper.com\/es\/#\/schema\/logo\/image\/"},"sameAs":["https:\/\/www.facebook.com\/AmericanoNewspaper\/"]},{"@type":"Person","@id":"https:\/\/www.americanonewspaper.com\/es\/#\/schema\/person\/82c7c1ac5e9a005b627b6c7db5361c90","name":"Harmony Quintana","image":{"@type":"ImageObject","inLanguage":"en-US","@id":"https:\/\/www.americanonewspaper.com\/es\/wp-content\/litespeed\/avatar\/656e5d40e40a67e90b0fee2acae8a764.jpg?ver=1777427866","url":"https:\/\/www.americanonewspaper.com\/es\/wp-content\/litespeed\/avatar\/656e5d40e40a67e90b0fee2acae8a764.jpg?ver=1777427866","contentUrl":"https:\/\/www.americanonewspaper.com\/es\/wp-content\/litespeed\/avatar\/656e5d40e40a67e90b0fee2acae8a764.jpg?ver=1777427866","caption":"Harmony Quintana"},"sameAs":["http:\/\/www.americanonewspaper.com"],"url":"https:\/\/www.americanonewspaper.com\/es\/author\/harmony\/"}]}},"jetpack_publicize_connections":[],"jetpack_featured_media_url":"https:\/\/www.americanonewspaper.com\/es\/wp-content\/uploads\/2024\/12\/f12db9353aee0f808204f2b800968ad84e0be9f4miniw.jpg","featured_image_urls":{"full":["https:\/\/www.americanonewspaper.com\/es\/wp-content\/uploads\/2024\/12\/f12db9353aee0f808204f2b800968ad84e0be9f4miniw.jpg",900,600,false],"thumbnail":["https:\/\/www.americanonewspaper.com\/es\/wp-content\/uploads\/2024\/12\/f12db9353aee0f808204f2b800968ad84e0be9f4miniw-250x250.jpg",250,250,true],"medium":["https:\/\/www.americanonewspaper.com\/es\/wp-content\/uploads\/2024\/12\/f12db9353aee0f808204f2b800968ad84e0be9f4miniw-300x200.jpg",300,200,true],"medium_large":["https:\/\/www.americanonewspaper.com\/es\/wp-content\/uploads\/2024\/12\/f12db9353aee0f808204f2b800968ad84e0be9f4miniw-768x512.jpg",696,464,true],"large":["https:\/\/www.americanonewspaper.com\/es\/wp-content\/uploads\/2024\/12\/f12db9353aee0f808204f2b800968ad84e0be9f4miniw-750x500.jpg",696,464,true],"1536x1536":["https:\/\/www.americanonewspaper.com\/es\/wp-content\/uploads\/2024\/12\/f12db9353aee0f808204f2b800968ad84e0be9f4miniw.jpg",900,600,false],"2048x2048":["https:\/\/www.americanonewspaper.com\/es\/wp-content\/uploads\/2024\/12\/f12db9353aee0f808204f2b800968ad84e0be9f4miniw.jpg",900,600,false],"td_150x0":["https:\/\/www.americanonewspaper.com\/es\/wp-content\/uploads\/2024\/12\/f12db9353aee0f808204f2b800968ad84e0be9f4miniw-150x100.jpg",150,100,true],"td_218x150":["https:\/\/www.americanonewspaper.com\/es\/wp-content\/uploads\/2024\/12\/f12db9353aee0f808204f2b800968ad84e0be9f4miniw-218x150.jpg",218,150,true],"td_300x0":["https:\/\/www.americanonewspaper.com\/es\/wp-content\/uploads\/2024\/12\/f12db9353aee0f808204f2b800968ad84e0be9f4miniw-300x200.jpg",300,200,true],"td_324x400":["https:\/\/www.americanonewspaper.com\/es\/wp-content\/uploads\/2024\/12\/f12db9353aee0f808204f2b800968ad84e0be9f4miniw-324x400.jpg",324,400,true],"td_485x360":["https:\/\/www.americanonewspaper.com\/es\/wp-content\/uploads\/2024\/12\/f12db9353aee0f808204f2b800968ad84e0be9f4miniw-485x360.jpg",485,360,true],"td_696x0":["https:\/\/www.americanonewspaper.com\/es\/wp-content\/uploads\/2024\/12\/f12db9353aee0f808204f2b800968ad84e0be9f4miniw-696x464.jpg",696,464,true],"td_1068x0":["https:\/\/www.americanonewspaper.com\/es\/wp-content\/uploads\/2024\/12\/f12db9353aee0f808204f2b800968ad84e0be9f4miniw.jpg",900,600,false],"td_1920x0":["https:\/\/www.americanonewspaper.com\/es\/wp-content\/uploads\/2024\/12\/f12db9353aee0f808204f2b800968ad84e0be9f4miniw.jpg",900,600,false],"bdpp-medium":["https:\/\/www.americanonewspaper.com\/es\/wp-content\/uploads\/2024\/12\/f12db9353aee0f808204f2b800968ad84e0be9f4miniw.jpg",640,427,false]},"author_info":{"display_name":"Harmony Quintana","author_link":"https:\/\/www.americanonewspaper.com\/es\/author\/harmony\/"},"category_info":"<a href=\"https:\/\/www.americanonewspaper.com\/es\/category\/futbol-2\/\" rel=\"category tag\">F\u00fatbol<\/a> <a href=\"https:\/\/www.americanonewspaper.com\/es\/category\/milan\/\" rel=\"category tag\">Milan<\/a> <a href=\"https:\/\/www.americanonewspaper.com\/es\/category\/verona\/\" rel=\"category tag\">Verona<\/a>","tag_info":"Verona","comment_count":"0","jetpack_sharing_enabled":true,"jetpack_likes_enabled":true,"_links":{"self":[{"href":"https:\/\/www.americanonewspaper.com\/es\/wp-json\/wp\/v2\/posts\/24229","targetHints":{"allow":["GET"]}}],"collection":[{"href":"https:\/\/www.americanonewspaper.com\/es\/wp-json\/wp\/v2\/posts"}],"about":[{"href":"https:\/\/www.americanonewspaper.com\/es\/wp-json\/wp\/v2\/types\/post"}],"author":[{"embeddable":true,"href":"https:\/\/www.americanonewspaper.com\/es\/wp-json\/wp\/v2\/users\/14"}],"replies":[{"embeddable":true,"href":"https:\/\/www.americanonewspaper.com\/es\/wp-json\/wp\/v2\/comments?post=24229"}],"version-history":[{"count":1,"href":"https:\/\/www.americanonewspaper.com\/es\/wp-json\/wp\/v2\/posts\/24229\/revisions"}],"predecessor-version":[{"id":24231,"href":"https:\/\/www.americanonewspaper.com\/es\/wp-json\/wp\/v2\/posts\/24229\/revisions\/24231"}],"wp:featuredmedia":[{"embeddable":true,"href":"https:\/\/www.americanonewspaper.com\/es\/wp-json\/wp\/v2\/media\/24230"}],"wp:attachment":[{"href":"https:\/\/www.americanonewspaper.com\/es\/wp-json\/wp\/v2\/media?parent=24229"}],"wp:term":[{"taxonomy":"category","embeddable":true,"href":"https:\/\/www.americanonewspaper.com\/es\/wp-json\/wp\/v2\/categories?post=24229"},{"taxonomy":"post_tag","embeddable":true,"href":"https:\/\/www.americanonewspaper.com\/es\/wp-json\/wp\/v2\/tags?post=24229"}],"curies":[{"name":"wp","href":"https:\/\/api.w.org\/{rel}","templated":true}]}}