{"id":24158,"date":"2024-12-15T13:40:23","date_gmt":"2024-12-15T18:40:23","guid":{"rendered":"https:\/\/www.americanonewspaper.com\/es\/?p=24158"},"modified":"2024-12-15T13:40:25","modified_gmt":"2024-12-15T18:40:25","slug":"ciencias-sociales-y-humanas-de-la-unesco","status":"publish","type":"post","link":"https:\/\/www.americanonewspaper.com\/es\/naciones-unidas-onu\/ciencias-sociales-y-humanas-de-la-unesco\/","title":{"rendered":"Ciencias Sociales y Humanas de la UNESCO"},"content":{"rendered":"\n<p>Barcelona, 15 dic (EFE).- Lara Malves\u00ed <\/p>\n\n\n\n<p>La directora general adjunta para el \u00e1rea de Ciencias Sociales y Humanas de la UNESCO, la mexicana Gabriela Ramos, llam\u00f3 la atenci\u00f3n sobre que la Inteligencia Artificial (IA) no puede programarse \u00fanicamente por hombres blancos porque existir\u00e1n &#8220;sesgos&#8221; machistas y racistas en la construcci\u00f3n del mundo digital del futuro.<\/p>\n\n\n\n<p>En una entrevista con EFE, en el marco del IV Foro Global contra el Racismo y la Discriminaci\u00f3n celebrado esta semana en Barcelona, Ramos se mostr\u00f3 a favor de promover un desarrollo de la IA &#8220;inclusivo&#8221;, pues el universo digital ya est\u00e1 reproduciendo elementos racistas y sin perspectiva de g\u00e9nero porque &#8220;la mayor\u00eda de los que programan en las tecnol\u00f3gicas son hombres y son blancos&#8221;.<\/p>\n\n\n\n<figure class=\"wp-block-image size-large is-resized\"><img fetchpriority=\"high\" decoding=\"async\" width=\"800\" height=\"366\" src=\"https:\/\/www.americanonewspaper.com\/es\/wp-content\/uploads\/2024\/12\/GGlSpanish-800x366.png\" alt=\"\" class=\"wp-image-24149\" style=\"width:1068px;height:auto\" srcset=\"https:\/\/www.americanonewspaper.com\/es\/wp-content\/uploads\/2024\/12\/GGlSpanish-800x366.png 800w, https:\/\/www.americanonewspaper.com\/es\/wp-content\/uploads\/2024\/12\/GGlSpanish-300x137.png 300w, https:\/\/www.americanonewspaper.com\/es\/wp-content\/uploads\/2024\/12\/GGlSpanish-768x351.png 768w, https:\/\/www.americanonewspaper.com\/es\/wp-content\/uploads\/2024\/12\/GGlSpanish-150x69.png 150w, https:\/\/www.americanonewspaper.com\/es\/wp-content\/uploads\/2024\/12\/GGlSpanish-696x318.png 696w, https:\/\/www.americanonewspaper.com\/es\/wp-content\/uploads\/2024\/12\/GGlSpanish-1068x489.png 1068w, https:\/\/www.americanonewspaper.com\/es\/wp-content\/uploads\/2024\/12\/GGlSpanish.png 1200w\" sizes=\"(max-width: 800px) 100vw, 800px\" \/><\/figure>\n\n\n\n<p>&#8220;El &#8216;machine learning&#8217; de la IA parte de patrones y entrenamiento. Ah\u00ed hay una oportunidad de construir sin sesgos&#8221;, a\u00f1adi\u00f3 Ramos, quien record\u00f3 que implementar la \u00e9tica en las plataformas y la IA es uno de los principales mandatos de la UNESCO en el presente.<\/p>\n\n\n\n<p>La mexicana defendi\u00f3 la necesidad de que las administraciones establezcan marcos de gobernanza s\u00f3lidos y que las administraciones p\u00fablicas no caigan en la trampa de pensar que ante el poder omnipresente de las tecnolog\u00edas no es posible controlar nada.<\/p>\n\n\n\n<p>Puso de ejemplo a Australia y su ley pionera que pone l\u00edmites de edad obligatorios para que las redes sociales no puedan abrir cuentas a menores de 16 a\u00f1os. &#8220;Hab\u00eda quien antes de esto pensaba: \u00bfc\u00f3mo prohibir eso? Pues tomando decisiones efectivas de pol\u00edtica p\u00fablica que en contextos democr\u00e1ticos deben acatarse. Debemos trasladar el Estado de Derecho a las nuevas tecnolog\u00edas&#8221;, se\u00f1al\u00f3.<\/p>\n\n\n\n<p>En ese sentido, destac\u00f3 que debe reclamarse a las plataformas &#8220;responsabilidad&#8221; de sus propios productos: &#8220;Si algo tiene consecuencias legales en el mundo anal\u00f3gico, tambi\u00e9n debe tenerlas en el mundo digital&#8221;.<\/p>\n\n\n\n<figure class=\"wp-block-image size-large is-resized\"><a href=\" https:\/\/nissanofnorthplainfield.com\/?utm_source=gmb&amp;utm_medium=organic&amp;utm_campaign=website-button\" target=\"_blank\" rel=\" noreferrer noopener\"><img decoding=\"async\" width=\"800\" height=\"382\" src=\"https:\/\/www.americanonewspaper.com\/es\/wp-content\/uploads\/2024\/12\/Nissan-copy-1-800x382.jpg\" alt=\"Claim $1000 Off by mentioning this ad!\" class=\"wp-image-24160\" style=\"width:1068px;height:auto\" srcset=\"https:\/\/www.americanonewspaper.com\/es\/wp-content\/uploads\/2024\/12\/Nissan-copy-1-800x382.jpg 800w, https:\/\/www.americanonewspaper.com\/es\/wp-content\/uploads\/2024\/12\/Nissan-copy-1-300x143.jpg 300w, https:\/\/www.americanonewspaper.com\/es\/wp-content\/uploads\/2024\/12\/Nissan-copy-1-768x367.jpg 768w, https:\/\/www.americanonewspaper.com\/es\/wp-content\/uploads\/2024\/12\/Nissan-copy-1-150x72.jpg 150w, https:\/\/www.americanonewspaper.com\/es\/wp-content\/uploads\/2024\/12\/Nissan-copy-1-696x332.jpg 696w, https:\/\/www.americanonewspaper.com\/es\/wp-content\/uploads\/2024\/12\/Nissan-copy-1-1068x510.jpg 1068w, https:\/\/www.americanonewspaper.com\/es\/wp-content\/uploads\/2024\/12\/Nissan-copy-1.jpg 1200w\" sizes=\"(max-width: 800px) 100vw, 800px\" \/><\/a><figcaption class=\"wp-element-caption\"><strong><mark style=\"background-color:rgba(0, 0, 0, 0)\" class=\"has-inline-color has-vivid-purple-color\">Claim $1000 Off by mentioning this ad!<\/mark><\/strong><\/figcaption><\/figure>\n\n\n\n<p>Otro de los asuntos que m\u00e1s &#8220;preocupan&#8221; a Gabriela Ramos son los &#8220;excesos&#8221; que se dan en la contrataci\u00f3n de moderaci\u00f3n de contenidos de las plataformas, que en los \u00faltimos tiempos han empleado a trabajadores africanos para cribar im\u00e1genes violentas por escasa remuneraci\u00f3n.<\/p>\n\n\n\n<p>&#8220;Es una de las cosas que m\u00e1s me sorprende, que se est\u00e9n usando trabajadores &#8216;fantasma&#8217; desde \u00c1frica para hacer una moderaci\u00f3n de contenido que les expone durante horas a im\u00e1genes terribles. Es un esc\u00e1ndalo y deben reconoc\u00e9rseles sus derechos laborales y ofrecerles apoyo psicol\u00f3gico&#8221;, dijo.<\/p>\n\n\n\n<p>Ramos afirm\u00f3 que los avances tecnol\u00f3gicos de la IA deber\u00edan justamente usarse para evitar estos abusos, y &#8220;que la inteligencia artificial se regule a s\u00ed misma&#8221;.<\/p>\n\n\n\n<p>M\u00e1s all\u00e1 de colaborar con gobiernos y otras instituciones, la UNESCO tiene abiertas las puertas a la sociedad civil y al mundo privado para colaborar contra el racismo y los &#8220;crecientes&#8221; delitos de odio, especialmente en redes sociales.<\/p>\n\n\n\n<p>En la &#8216;Alianza Global&#8217; impulsada en el foro celebrado en Barcelona se incluy\u00f3 el compromiso de &#8220;fomentar la concienciaci\u00f3n y el desarrollo de competencias a trav\u00e9s de la formaci\u00f3n y la educaci\u00f3n en todos los sectores con el fin de desmantelar los vestigios de prejuicios, sesgos y racismo&#8221;.<\/p>\n\n\n\n<figure class=\"wp-block-image size-large is-resized\"><a href=\"https:\/\/www.facebook.com\/profile.php?id=61559723543206\" target=\"_blank\" rel=\" noreferrer noopener\"><img decoding=\"async\" width=\"800\" height=\"367\" src=\"https:\/\/www.americanonewspaper.com\/es\/wp-content\/uploads\/2024\/12\/Villanueva-Espanol-1-800x367.jpg\" alt=\"\" class=\"wp-image-24144\" style=\"width:1067px;height:auto\" srcset=\"https:\/\/www.americanonewspaper.com\/es\/wp-content\/uploads\/2024\/12\/Villanueva-Espanol-1-800x367.jpg 800w, https:\/\/www.americanonewspaper.com\/es\/wp-content\/uploads\/2024\/12\/Villanueva-Espanol-1-300x138.jpg 300w, https:\/\/www.americanonewspaper.com\/es\/wp-content\/uploads\/2024\/12\/Villanueva-Espanol-1-768x352.jpg 768w, https:\/\/www.americanonewspaper.com\/es\/wp-content\/uploads\/2024\/12\/Villanueva-Espanol-1-1536x704.jpg 1536w, https:\/\/www.americanonewspaper.com\/es\/wp-content\/uploads\/2024\/12\/Villanueva-Espanol-1-2048x939.jpg 2048w, https:\/\/www.americanonewspaper.com\/es\/wp-content\/uploads\/2024\/12\/Villanueva-Espanol-1-150x69.jpg 150w, https:\/\/www.americanonewspaper.com\/es\/wp-content\/uploads\/2024\/12\/Villanueva-Espanol-1-696x319.jpg 696w, https:\/\/www.americanonewspaper.com\/es\/wp-content\/uploads\/2024\/12\/Villanueva-Espanol-1-1068x490.jpg 1068w, https:\/\/www.americanonewspaper.com\/es\/wp-content\/uploads\/2024\/12\/Villanueva-Espanol-1-1920x880.jpg 1920w\" sizes=\"(max-width: 800px) 100vw, 800px\" \/><\/a><\/figure>\n\n\n\n<p>En particular, se promover\u00e1n una serie de &#8216;Clases Magistrales de la UNESCO contra el Racismo y las Discriminaciones&#8217; con herramientas pedag\u00f3gicas.<\/p>\n\n\n\n<p><\/p>\n","protected":false},"excerpt":{"rendered":"<p>Barcelona, 15 dic (EFE).- Lara Malves\u00ed La directora general adjunta para el \u00e1rea de Ciencias Sociales y Humanas de la UNESCO, la mexicana Gabriela Ramos, llam\u00f3 la atenci\u00f3n sobre que la Inteligencia Artificial (IA) no puede programarse \u00fanicamente por hombres blancos porque existir\u00e1n &#8220;sesgos&#8221; machistas y racistas en la construcci\u00f3n del mundo digital del futuro. [&hellip;]<\/p>\n","protected":false},"author":7,"featured_media":24159,"comment_status":"open","ping_status":"open","sticky":false,"template":"","format":"standard","meta":{"_acf_changed":false,"tdm_status":"","tdm_grid_status":"","_jetpack_memberships_contains_paid_content":false,"footnotes":"","jetpack_publicize_message":"","jetpack_publicize_feature_enabled":true,"jetpack_social_post_already_shared":true,"jetpack_social_options":{"image_generator_settings":{"template":"highway","default_image_id":0,"font":"","enabled":false},"version":2},"_wpas_customize_per_network":false},"categories":[883,884],"tags":[],"class_list":{"0":"post-24158","1":"post","2":"type-post","3":"status-publish","4":"format-standard","5":"has-post-thumbnail","7":"category-naciones-unidas-onu","8":"category-unesco"},"acf":[],"yoast_head":"<!-- This site is optimized with the Yoast SEO Premium plugin v27.5 (Yoast SEO v27.5) - https:\/\/yoast.com\/product\/yoast-seo-premium-wordpress\/ -->\n<title>Ciencias Sociales y Humanas de la UNESCO - Americano Newspaper<\/title>\n<meta name=\"description\" content=\"La directora general adjunta para el \u00e1rea de Ciencias Sociales y Humanas de la UNESCO, la mexicana Gabriela Ramos, llam\u00f3 la atenci\u00f3n sobre que la Inteligencia Artificial (IA) no puede programarse \u00fanicamente por hombres blancos porque existir\u00e1n &quot;sesgos&quot; machistas y racistas en la construcci\u00f3n del mundo digital del futuro.\" \/>\n<meta name=\"robots\" content=\"index, follow, max-snippet:-1, max-image-preview:large, max-video-preview:-1\" \/>\n<link rel=\"canonical\" href=\"https:\/\/www.americanonewspaper.com\/es\/naciones-unidas-onu\/ciencias-sociales-y-humanas-de-la-unesco\/\" \/>\n<meta property=\"og:locale\" content=\"en_US\" \/>\n<meta property=\"og:type\" content=\"article\" \/>\n<meta property=\"og:title\" content=\"Ciencias Sociales y Humanas de la UNESCO\" \/>\n<meta property=\"og:description\" content=\"La directora general adjunta para el \u00e1rea de Ciencias Sociales y Humanas de la UNESCO, la mexicana Gabriela Ramos, llam\u00f3 la atenci\u00f3n sobre que la Inteligencia Artificial (IA) no puede programarse \u00fanicamente por hombres blancos porque existir\u00e1n &quot;sesgos&quot; machistas y racistas en la construcci\u00f3n del mundo digital del futuro.\" \/>\n<meta property=\"og:url\" content=\"https:\/\/www.americanonewspaper.com\/es\/naciones-unidas-onu\/ciencias-sociales-y-humanas-de-la-unesco\/\" \/>\n<meta property=\"og:site_name\" content=\"Americano Newspaper\" \/>\n<meta property=\"article:publisher\" content=\"https:\/\/www.facebook.com\/AmericanoNewspaper\/\" \/>\n<meta property=\"article:published_time\" content=\"2024-12-15T18:40:23+00:00\" \/>\n<meta property=\"article:modified_time\" content=\"2024-12-15T18:40:25+00:00\" \/>\n<meta property=\"og:image\" content=\"https:\/\/www.americanonewspaper.com\/es\/wp-content\/uploads\/2024\/12\/Gabriela-Ramos-Unesco.jpg\" \/>\n\t<meta property=\"og:image:width\" content=\"900\" \/>\n\t<meta property=\"og:image:height\" content=\"600\" \/>\n\t<meta property=\"og:image:type\" content=\"image\/jpeg\" \/>\n<meta name=\"author\" content=\"Author\" \/>\n<meta name=\"twitter:card\" content=\"summary_large_image\" \/>\n<meta name=\"twitter:label1\" content=\"Written by\" \/>\n\t<meta name=\"twitter:data1\" content=\"Author\" \/>\n\t<meta name=\"twitter:label2\" content=\"Est. reading time\" \/>\n\t<meta name=\"twitter:data2\" content=\"4 minutes\" \/>\n<script type=\"application\/ld+json\" class=\"yoast-schema-graph\">{\"@context\":\"https:\\\/\\\/schema.org\",\"@graph\":[{\"@type\":\"Article\",\"@id\":\"https:\\\/\\\/www.americanonewspaper.com\\\/es\\\/naciones-unidas-onu\\\/ciencias-sociales-y-humanas-de-la-unesco\\\/#article\",\"isPartOf\":{\"@id\":\"https:\\\/\\\/www.americanonewspaper.com\\\/es\\\/naciones-unidas-onu\\\/ciencias-sociales-y-humanas-de-la-unesco\\\/\"},\"author\":{\"name\":\"Author\",\"@id\":\"https:\\\/\\\/www.americanonewspaper.com\\\/es\\\/#\\\/schema\\\/person\\\/8967f6b8af7e37bcbbe61f68580ff088\"},\"headline\":\"Ciencias Sociales y Humanas de la UNESCO\",\"datePublished\":\"2024-12-15T18:40:23+00:00\",\"dateModified\":\"2024-12-15T18:40:25+00:00\",\"mainEntityOfPage\":{\"@id\":\"https:\\\/\\\/www.americanonewspaper.com\\\/es\\\/naciones-unidas-onu\\\/ciencias-sociales-y-humanas-de-la-unesco\\\/\"},\"wordCount\":573,\"commentCount\":0,\"publisher\":{\"@id\":\"https:\\\/\\\/www.americanonewspaper.com\\\/es\\\/#organization\"},\"image\":{\"@id\":\"https:\\\/\\\/www.americanonewspaper.com\\\/es\\\/naciones-unidas-onu\\\/ciencias-sociales-y-humanas-de-la-unesco\\\/#primaryimage\"},\"thumbnailUrl\":\"https:\\\/\\\/www.americanonewspaper.com\\\/es\\\/wp-content\\\/uploads\\\/2024\\\/12\\\/Gabriela-Ramos-Unesco.jpg\",\"articleSection\":[\"Naciones Unidas (ONU)\",\"UNESCO\"],\"inLanguage\":\"en-US\",\"potentialAction\":[{\"@type\":\"CommentAction\",\"name\":\"Comment\",\"target\":[\"https:\\\/\\\/www.americanonewspaper.com\\\/es\\\/naciones-unidas-onu\\\/ciencias-sociales-y-humanas-de-la-unesco\\\/#respond\"]}]},{\"@type\":\"WebPage\",\"@id\":\"https:\\\/\\\/www.americanonewspaper.com\\\/es\\\/naciones-unidas-onu\\\/ciencias-sociales-y-humanas-de-la-unesco\\\/\",\"url\":\"https:\\\/\\\/www.americanonewspaper.com\\\/es\\\/naciones-unidas-onu\\\/ciencias-sociales-y-humanas-de-la-unesco\\\/\",\"name\":\"Ciencias Sociales y Humanas de la UNESCO - Americano Newspaper\",\"isPartOf\":{\"@id\":\"https:\\\/\\\/www.americanonewspaper.com\\\/es\\\/#website\"},\"primaryImageOfPage\":{\"@id\":\"https:\\\/\\\/www.americanonewspaper.com\\\/es\\\/naciones-unidas-onu\\\/ciencias-sociales-y-humanas-de-la-unesco\\\/#primaryimage\"},\"image\":{\"@id\":\"https:\\\/\\\/www.americanonewspaper.com\\\/es\\\/naciones-unidas-onu\\\/ciencias-sociales-y-humanas-de-la-unesco\\\/#primaryimage\"},\"thumbnailUrl\":\"https:\\\/\\\/www.americanonewspaper.com\\\/es\\\/wp-content\\\/uploads\\\/2024\\\/12\\\/Gabriela-Ramos-Unesco.jpg\",\"datePublished\":\"2024-12-15T18:40:23+00:00\",\"dateModified\":\"2024-12-15T18:40:25+00:00\",\"description\":\"La directora general adjunta para el \u00e1rea de Ciencias Sociales y Humanas de la UNESCO, la mexicana Gabriela Ramos, llam\u00f3 la atenci\u00f3n sobre que la Inteligencia Artificial (IA) no puede programarse \u00fanicamente por hombres blancos porque existir\u00e1n \\\"sesgos\\\" machistas y racistas en la construcci\u00f3n del mundo digital del futuro.\",\"breadcrumb\":{\"@id\":\"https:\\\/\\\/www.americanonewspaper.com\\\/es\\\/naciones-unidas-onu\\\/ciencias-sociales-y-humanas-de-la-unesco\\\/#breadcrumb\"},\"inLanguage\":\"en-US\",\"potentialAction\":[{\"@type\":\"ReadAction\",\"target\":[\"https:\\\/\\\/www.americanonewspaper.com\\\/es\\\/naciones-unidas-onu\\\/ciencias-sociales-y-humanas-de-la-unesco\\\/\"]}]},{\"@type\":\"ImageObject\",\"inLanguage\":\"en-US\",\"@id\":\"https:\\\/\\\/www.americanonewspaper.com\\\/es\\\/naciones-unidas-onu\\\/ciencias-sociales-y-humanas-de-la-unesco\\\/#primaryimage\",\"url\":\"https:\\\/\\\/www.americanonewspaper.com\\\/es\\\/wp-content\\\/uploads\\\/2024\\\/12\\\/Gabriela-Ramos-Unesco.jpg\",\"contentUrl\":\"https:\\\/\\\/www.americanonewspaper.com\\\/es\\\/wp-content\\\/uploads\\\/2024\\\/12\\\/Gabriela-Ramos-Unesco.jpg\",\"width\":900,\"height\":600,\"caption\":\"La directora general adjunta para el \u00e1rea de Ciencias Sociales y Humanas de la UNESCO, la mexicana Gabriela Ramos, ha llamado la atenci\u00f3n, en una entrevista con EFE, sobre el hecho de que la Inteligencia Artificial no puede programarse \u00fanicamente por \\\"hombres blancos\\\" porque existir\u00e1n \\\"sesgos\\\" inevitables en la construcci\u00f3n del mundo digital del futuro. EFE\\\/ Quique Garcia\"},{\"@type\":\"BreadcrumbList\",\"@id\":\"https:\\\/\\\/www.americanonewspaper.com\\\/es\\\/naciones-unidas-onu\\\/ciencias-sociales-y-humanas-de-la-unesco\\\/#breadcrumb\",\"itemListElement\":[{\"@type\":\"ListItem\",\"position\":1,\"name\":\"Home\",\"item\":\"https:\\\/\\\/www.americanonewspaper.com\\\/es\\\/\"},{\"@type\":\"ListItem\",\"position\":2,\"name\":\"Ciencias Sociales y Humanas de la UNESCO\"}]},{\"@type\":\"WebSite\",\"@id\":\"https:\\\/\\\/www.americanonewspaper.com\\\/es\\\/#website\",\"url\":\"https:\\\/\\\/www.americanonewspaper.com\\\/es\\\/\",\"name\":\"Americano Newspaper\",\"description\":\"The Hispanic Newspaper of New Jersey.\",\"publisher\":{\"@id\":\"https:\\\/\\\/www.americanonewspaper.com\\\/es\\\/#organization\"},\"potentialAction\":[{\"@type\":\"SearchAction\",\"target\":{\"@type\":\"EntryPoint\",\"urlTemplate\":\"https:\\\/\\\/www.americanonewspaper.com\\\/es\\\/?s={search_term_string}\"},\"query-input\":{\"@type\":\"PropertyValueSpecification\",\"valueRequired\":true,\"valueName\":\"search_term_string\"}}],\"inLanguage\":\"en-US\"},{\"@type\":\"Organization\",\"@id\":\"https:\\\/\\\/www.americanonewspaper.com\\\/es\\\/#organization\",\"name\":\"Americano Newspaper\",\"url\":\"https:\\\/\\\/www.americanonewspaper.com\\\/es\\\/\",\"logo\":{\"@type\":\"ImageObject\",\"inLanguage\":\"en-US\",\"@id\":\"https:\\\/\\\/www.americanonewspaper.com\\\/es\\\/#\\\/schema\\\/logo\\\/image\\\/\",\"url\":\"https:\\\/\\\/www.americanonewspaper.com\\\/es\\\/wp-content\\\/uploads\\\/2024\\\/05\\\/AmericanoLogoCircle.comCircle2.jpg\",\"contentUrl\":\"https:\\\/\\\/www.americanonewspaper.com\\\/es\\\/wp-content\\\/uploads\\\/2024\\\/05\\\/AmericanoLogoCircle.comCircle2.jpg\",\"width\":600,\"height\":600,\"caption\":\"Americano Newspaper\"},\"image\":{\"@id\":\"https:\\\/\\\/www.americanonewspaper.com\\\/es\\\/#\\\/schema\\\/logo\\\/image\\\/\"},\"sameAs\":[\"https:\\\/\\\/www.facebook.com\\\/AmericanoNewspaper\\\/\"]},{\"@type\":\"Person\",\"@id\":\"https:\\\/\\\/www.americanonewspaper.com\\\/es\\\/#\\\/schema\\\/person\\\/8967f6b8af7e37bcbbe61f68580ff088\",\"name\":\"Author\",\"image\":{\"@type\":\"ImageObject\",\"inLanguage\":\"en-US\",\"@id\":\"https:\\\/\\\/www.americanonewspaper.com\\\/es\\\/wp-content\\\/litespeed\\\/avatar\\\/89ffaf6af3cf6769ffb3c6efb2313947.jpg?ver=1777427547\",\"url\":\"https:\\\/\\\/www.americanonewspaper.com\\\/es\\\/wp-content\\\/litespeed\\\/avatar\\\/89ffaf6af3cf6769ffb3c6efb2313947.jpg?ver=1777427547\",\"contentUrl\":\"https:\\\/\\\/www.americanonewspaper.com\\\/es\\\/wp-content\\\/litespeed\\\/avatar\\\/89ffaf6af3cf6769ffb3c6efb2313947.jpg?ver=1777427547\",\"caption\":\"Author\"},\"url\":\"https:\\\/\\\/www.americanonewspaper.com\\\/es\\\/author\\\/americano\\\/\"}]}<\/script>\n<!-- \/ Yoast SEO Premium plugin. -->","yoast_head_json":{"title":"Ciencias Sociales y Humanas de la UNESCO - Americano Newspaper","description":"La directora general adjunta para el \u00e1rea de Ciencias Sociales y Humanas de la UNESCO, la mexicana Gabriela Ramos, llam\u00f3 la atenci\u00f3n sobre que la Inteligencia Artificial (IA) no puede programarse \u00fanicamente por hombres blancos porque existir\u00e1n \"sesgos\" machistas y racistas en la construcci\u00f3n del mundo digital del futuro.","robots":{"index":"index","follow":"follow","max-snippet":"max-snippet:-1","max-image-preview":"max-image-preview:large","max-video-preview":"max-video-preview:-1"},"canonical":"https:\/\/www.americanonewspaper.com\/es\/naciones-unidas-onu\/ciencias-sociales-y-humanas-de-la-unesco\/","og_locale":"en_US","og_type":"article","og_title":"Ciencias Sociales y Humanas de la UNESCO","og_description":"La directora general adjunta para el \u00e1rea de Ciencias Sociales y Humanas de la UNESCO, la mexicana Gabriela Ramos, llam\u00f3 la atenci\u00f3n sobre que la Inteligencia Artificial (IA) no puede programarse \u00fanicamente por hombres blancos porque existir\u00e1n \"sesgos\" machistas y racistas en la construcci\u00f3n del mundo digital del futuro.","og_url":"https:\/\/www.americanonewspaper.com\/es\/naciones-unidas-onu\/ciencias-sociales-y-humanas-de-la-unesco\/","og_site_name":"Americano Newspaper","article_publisher":"https:\/\/www.facebook.com\/AmericanoNewspaper\/","article_published_time":"2024-12-15T18:40:23+00:00","article_modified_time":"2024-12-15T18:40:25+00:00","og_image":[{"width":900,"height":600,"url":"https:\/\/www.americanonewspaper.com\/es\/wp-content\/uploads\/2024\/12\/Gabriela-Ramos-Unesco.jpg","type":"image\/jpeg"}],"author":"Author","twitter_card":"summary_large_image","twitter_misc":{"Written by":"Author","Est. reading time":"4 minutes"},"schema":{"@context":"https:\/\/schema.org","@graph":[{"@type":"Article","@id":"https:\/\/www.americanonewspaper.com\/es\/naciones-unidas-onu\/ciencias-sociales-y-humanas-de-la-unesco\/#article","isPartOf":{"@id":"https:\/\/www.americanonewspaper.com\/es\/naciones-unidas-onu\/ciencias-sociales-y-humanas-de-la-unesco\/"},"author":{"name":"Author","@id":"https:\/\/www.americanonewspaper.com\/es\/#\/schema\/person\/8967f6b8af7e37bcbbe61f68580ff088"},"headline":"Ciencias Sociales y Humanas de la UNESCO","datePublished":"2024-12-15T18:40:23+00:00","dateModified":"2024-12-15T18:40:25+00:00","mainEntityOfPage":{"@id":"https:\/\/www.americanonewspaper.com\/es\/naciones-unidas-onu\/ciencias-sociales-y-humanas-de-la-unesco\/"},"wordCount":573,"commentCount":0,"publisher":{"@id":"https:\/\/www.americanonewspaper.com\/es\/#organization"},"image":{"@id":"https:\/\/www.americanonewspaper.com\/es\/naciones-unidas-onu\/ciencias-sociales-y-humanas-de-la-unesco\/#primaryimage"},"thumbnailUrl":"https:\/\/www.americanonewspaper.com\/es\/wp-content\/uploads\/2024\/12\/Gabriela-Ramos-Unesco.jpg","articleSection":["Naciones Unidas (ONU)","UNESCO"],"inLanguage":"en-US","potentialAction":[{"@type":"CommentAction","name":"Comment","target":["https:\/\/www.americanonewspaper.com\/es\/naciones-unidas-onu\/ciencias-sociales-y-humanas-de-la-unesco\/#respond"]}]},{"@type":"WebPage","@id":"https:\/\/www.americanonewspaper.com\/es\/naciones-unidas-onu\/ciencias-sociales-y-humanas-de-la-unesco\/","url":"https:\/\/www.americanonewspaper.com\/es\/naciones-unidas-onu\/ciencias-sociales-y-humanas-de-la-unesco\/","name":"Ciencias Sociales y Humanas de la UNESCO - Americano Newspaper","isPartOf":{"@id":"https:\/\/www.americanonewspaper.com\/es\/#website"},"primaryImageOfPage":{"@id":"https:\/\/www.americanonewspaper.com\/es\/naciones-unidas-onu\/ciencias-sociales-y-humanas-de-la-unesco\/#primaryimage"},"image":{"@id":"https:\/\/www.americanonewspaper.com\/es\/naciones-unidas-onu\/ciencias-sociales-y-humanas-de-la-unesco\/#primaryimage"},"thumbnailUrl":"https:\/\/www.americanonewspaper.com\/es\/wp-content\/uploads\/2024\/12\/Gabriela-Ramos-Unesco.jpg","datePublished":"2024-12-15T18:40:23+00:00","dateModified":"2024-12-15T18:40:25+00:00","description":"La directora general adjunta para el \u00e1rea de Ciencias Sociales y Humanas de la UNESCO, la mexicana Gabriela Ramos, llam\u00f3 la atenci\u00f3n sobre que la Inteligencia Artificial (IA) no puede programarse \u00fanicamente por hombres blancos porque existir\u00e1n \"sesgos\" machistas y racistas en la construcci\u00f3n del mundo digital del futuro.","breadcrumb":{"@id":"https:\/\/www.americanonewspaper.com\/es\/naciones-unidas-onu\/ciencias-sociales-y-humanas-de-la-unesco\/#breadcrumb"},"inLanguage":"en-US","potentialAction":[{"@type":"ReadAction","target":["https:\/\/www.americanonewspaper.com\/es\/naciones-unidas-onu\/ciencias-sociales-y-humanas-de-la-unesco\/"]}]},{"@type":"ImageObject","inLanguage":"en-US","@id":"https:\/\/www.americanonewspaper.com\/es\/naciones-unidas-onu\/ciencias-sociales-y-humanas-de-la-unesco\/#primaryimage","url":"https:\/\/www.americanonewspaper.com\/es\/wp-content\/uploads\/2024\/12\/Gabriela-Ramos-Unesco.jpg","contentUrl":"https:\/\/www.americanonewspaper.com\/es\/wp-content\/uploads\/2024\/12\/Gabriela-Ramos-Unesco.jpg","width":900,"height":600,"caption":"La directora general adjunta para el \u00e1rea de Ciencias Sociales y Humanas de la UNESCO, la mexicana Gabriela Ramos, ha llamado la atenci\u00f3n, en una entrevista con EFE, sobre el hecho de que la Inteligencia Artificial no puede programarse \u00fanicamente por \"hombres blancos\" porque existir\u00e1n \"sesgos\" inevitables en la construcci\u00f3n del mundo digital del futuro. EFE\/ Quique Garcia"},{"@type":"BreadcrumbList","@id":"https:\/\/www.americanonewspaper.com\/es\/naciones-unidas-onu\/ciencias-sociales-y-humanas-de-la-unesco\/#breadcrumb","itemListElement":[{"@type":"ListItem","position":1,"name":"Home","item":"https:\/\/www.americanonewspaper.com\/es\/"},{"@type":"ListItem","position":2,"name":"Ciencias Sociales y Humanas de la UNESCO"}]},{"@type":"WebSite","@id":"https:\/\/www.americanonewspaper.com\/es\/#website","url":"https:\/\/www.americanonewspaper.com\/es\/","name":"Americano Newspaper","description":"The Hispanic Newspaper of New Jersey.","publisher":{"@id":"https:\/\/www.americanonewspaper.com\/es\/#organization"},"potentialAction":[{"@type":"SearchAction","target":{"@type":"EntryPoint","urlTemplate":"https:\/\/www.americanonewspaper.com\/es\/?s={search_term_string}"},"query-input":{"@type":"PropertyValueSpecification","valueRequired":true,"valueName":"search_term_string"}}],"inLanguage":"en-US"},{"@type":"Organization","@id":"https:\/\/www.americanonewspaper.com\/es\/#organization","name":"Americano Newspaper","url":"https:\/\/www.americanonewspaper.com\/es\/","logo":{"@type":"ImageObject","inLanguage":"en-US","@id":"https:\/\/www.americanonewspaper.com\/es\/#\/schema\/logo\/image\/","url":"https:\/\/www.americanonewspaper.com\/es\/wp-content\/uploads\/2024\/05\/AmericanoLogoCircle.comCircle2.jpg","contentUrl":"https:\/\/www.americanonewspaper.com\/es\/wp-content\/uploads\/2024\/05\/AmericanoLogoCircle.comCircle2.jpg","width":600,"height":600,"caption":"Americano Newspaper"},"image":{"@id":"https:\/\/www.americanonewspaper.com\/es\/#\/schema\/logo\/image\/"},"sameAs":["https:\/\/www.facebook.com\/AmericanoNewspaper\/"]},{"@type":"Person","@id":"https:\/\/www.americanonewspaper.com\/es\/#\/schema\/person\/8967f6b8af7e37bcbbe61f68580ff088","name":"Author","image":{"@type":"ImageObject","inLanguage":"en-US","@id":"https:\/\/www.americanonewspaper.com\/es\/wp-content\/litespeed\/avatar\/89ffaf6af3cf6769ffb3c6efb2313947.jpg?ver=1777427547","url":"https:\/\/www.americanonewspaper.com\/es\/wp-content\/litespeed\/avatar\/89ffaf6af3cf6769ffb3c6efb2313947.jpg?ver=1777427547","contentUrl":"https:\/\/www.americanonewspaper.com\/es\/wp-content\/litespeed\/avatar\/89ffaf6af3cf6769ffb3c6efb2313947.jpg?ver=1777427547","caption":"Author"},"url":"https:\/\/www.americanonewspaper.com\/es\/author\/americano\/"}]}},"jetpack_publicize_connections":[],"jetpack_featured_media_url":"https:\/\/www.americanonewspaper.com\/es\/wp-content\/uploads\/2024\/12\/Gabriela-Ramos-Unesco.jpg","featured_image_urls":{"full":["https:\/\/www.americanonewspaper.com\/es\/wp-content\/uploads\/2024\/12\/Gabriela-Ramos-Unesco.jpg",900,600,false],"thumbnail":["https:\/\/www.americanonewspaper.com\/es\/wp-content\/uploads\/2024\/12\/Gabriela-Ramos-Unesco-250x250.jpg",250,250,true],"medium":["https:\/\/www.americanonewspaper.com\/es\/wp-content\/uploads\/2024\/12\/Gabriela-Ramos-Unesco-300x200.jpg",300,200,true],"medium_large":["https:\/\/www.americanonewspaper.com\/es\/wp-content\/uploads\/2024\/12\/Gabriela-Ramos-Unesco-768x512.jpg",696,464,true],"large":["https:\/\/www.americanonewspaper.com\/es\/wp-content\/uploads\/2024\/12\/Gabriela-Ramos-Unesco-750x500.jpg",696,464,true],"1536x1536":["https:\/\/www.americanonewspaper.com\/es\/wp-content\/uploads\/2024\/12\/Gabriela-Ramos-Unesco.jpg",900,600,false],"2048x2048":["https:\/\/www.americanonewspaper.com\/es\/wp-content\/uploads\/2024\/12\/Gabriela-Ramos-Unesco.jpg",900,600,false],"td_150x0":["https:\/\/www.americanonewspaper.com\/es\/wp-content\/uploads\/2024\/12\/Gabriela-Ramos-Unesco-150x100.jpg",150,100,true],"td_218x150":["https:\/\/www.americanonewspaper.com\/es\/wp-content\/uploads\/2024\/12\/Gabriela-Ramos-Unesco-218x150.jpg",218,150,true],"td_300x0":["https:\/\/www.americanonewspaper.com\/es\/wp-content\/uploads\/2024\/12\/Gabriela-Ramos-Unesco-300x200.jpg",300,200,true],"td_324x400":["https:\/\/www.americanonewspaper.com\/es\/wp-content\/uploads\/2024\/12\/Gabriela-Ramos-Unesco-324x400.jpg",324,400,true],"td_485x360":["https:\/\/www.americanonewspaper.com\/es\/wp-content\/uploads\/2024\/12\/Gabriela-Ramos-Unesco-485x360.jpg",485,360,true],"td_696x0":["https:\/\/www.americanonewspaper.com\/es\/wp-content\/uploads\/2024\/12\/Gabriela-Ramos-Unesco-696x464.jpg",696,464,true],"td_1068x0":["https:\/\/www.americanonewspaper.com\/es\/wp-content\/uploads\/2024\/12\/Gabriela-Ramos-Unesco.jpg",900,600,false],"td_1920x0":["https:\/\/www.americanonewspaper.com\/es\/wp-content\/uploads\/2024\/12\/Gabriela-Ramos-Unesco.jpg",900,600,false],"bdpp-medium":["https:\/\/www.americanonewspaper.com\/es\/wp-content\/uploads\/2024\/12\/Gabriela-Ramos-Unesco.jpg",640,427,false]},"author_info":{"display_name":"Author","author_link":"https:\/\/www.americanonewspaper.com\/es\/author\/americano\/"},"category_info":"<a href=\"https:\/\/www.americanonewspaper.com\/es\/category\/naciones-unidas-onu\/\" rel=\"category tag\">Naciones Unidas (ONU)<\/a> <a href=\"https:\/\/www.americanonewspaper.com\/es\/category\/naciones-unidas-onu\/unesco\/\" rel=\"category tag\">UNESCO<\/a>","tag_info":"UNESCO","comment_count":"0","jetpack_sharing_enabled":true,"jetpack_likes_enabled":true,"_links":{"self":[{"href":"https:\/\/www.americanonewspaper.com\/es\/wp-json\/wp\/v2\/posts\/24158","targetHints":{"allow":["GET"]}}],"collection":[{"href":"https:\/\/www.americanonewspaper.com\/es\/wp-json\/wp\/v2\/posts"}],"about":[{"href":"https:\/\/www.americanonewspaper.com\/es\/wp-json\/wp\/v2\/types\/post"}],"author":[{"embeddable":true,"href":"https:\/\/www.americanonewspaper.com\/es\/wp-json\/wp\/v2\/users\/7"}],"replies":[{"embeddable":true,"href":"https:\/\/www.americanonewspaper.com\/es\/wp-json\/wp\/v2\/comments?post=24158"}],"version-history":[{"count":1,"href":"https:\/\/www.americanonewspaper.com\/es\/wp-json\/wp\/v2\/posts\/24158\/revisions"}],"predecessor-version":[{"id":24161,"href":"https:\/\/www.americanonewspaper.com\/es\/wp-json\/wp\/v2\/posts\/24158\/revisions\/24161"}],"wp:featuredmedia":[{"embeddable":true,"href":"https:\/\/www.americanonewspaper.com\/es\/wp-json\/wp\/v2\/media\/24159"}],"wp:attachment":[{"href":"https:\/\/www.americanonewspaper.com\/es\/wp-json\/wp\/v2\/media?parent=24158"}],"wp:term":[{"taxonomy":"category","embeddable":true,"href":"https:\/\/www.americanonewspaper.com\/es\/wp-json\/wp\/v2\/categories?post=24158"},{"taxonomy":"post_tag","embeddable":true,"href":"https:\/\/www.americanonewspaper.com\/es\/wp-json\/wp\/v2\/tags?post=24158"}],"curies":[{"name":"wp","href":"https:\/\/api.w.org\/{rel}","templated":true}]}}