{"id":23788,"date":"2024-11-04T19:12:25","date_gmt":"2024-11-05T00:12:25","guid":{"rendered":"https:\/\/www.americanonewspaper.com\/es\/?p=23788"},"modified":"2024-11-04T19:14:01","modified_gmt":"2024-11-05T00:14:01","slug":"rich-mafia-de-gera-mx-y-aleman","status":"publish","type":"post","link":"https:\/\/www.americanonewspaper.com\/es\/farandula\/rich-mafia-de-gera-mx-y-aleman\/","title":{"rendered":"&#8220;Rich Mafia&#8221; de Gera MX y Alem\u00e1n"},"content":{"rendered":"\n<p class=\"wp-block-paragraph\">Ciudad de M\u00e9xico, 4 nov (EFE).- <\/p>\n\n\n\n<p class=\"dropcapp3 wp-block-paragraph\">Los raperos mexicanos Gera MX y Alem\u00e1n, pioneros del g\u00e9nero en el pa\u00eds, vuelven a unirse tras muchos a\u00f1os separados, en el disco &#8216;Rich Mafia&#8217;, que promete revolucionar con sus potentes colaboraciones, entre las que destacan el espa\u00f1ol C. Tangana o el referente del regional mexicano, Junior H, seg\u00fan compartieron este lunes a EFE.<\/p>\n\n\n\n<figure class=\"wp-block-image size-large is-resized\"><a href=\"https:\/\/nj.gov\/state\/elections\/vote-3-ways-to-vote.shtml?WT.mc_id=Campaign_Americano_Threeways-GE-SPBanner-1200x550\" target=\"_blank\" rel=\"noreferrer noopener\"><img fetchpriority=\"high\" decoding=\"async\" width=\"800\" height=\"367\" src=\"https:\/\/www.americanonewspaper.com\/es\/wp-content\/uploads\/2024\/10\/Vote-Spanish-4-800x367.jpg\" alt=\"\" class=\"wp-image-23691\" style=\"width:1068px;height:auto\" srcset=\"https:\/\/www.americanonewspaper.com\/es\/wp-content\/uploads\/2024\/10\/Vote-Spanish-4-800x367.jpg 800w, https:\/\/www.americanonewspaper.com\/es\/wp-content\/uploads\/2024\/10\/Vote-Spanish-4-300x138.jpg 300w, https:\/\/www.americanonewspaper.com\/es\/wp-content\/uploads\/2024\/10\/Vote-Spanish-4-768x352.jpg 768w, https:\/\/www.americanonewspaper.com\/es\/wp-content\/uploads\/2024\/10\/Vote-Spanish-4-150x69.jpg 150w, https:\/\/www.americanonewspaper.com\/es\/wp-content\/uploads\/2024\/10\/Vote-Spanish-4-696x319.jpg 696w, https:\/\/www.americanonewspaper.com\/es\/wp-content\/uploads\/2024\/10\/Vote-Spanish-4-1068x490.jpg 1068w, https:\/\/www.americanonewspaper.com\/es\/wp-content\/uploads\/2024\/10\/Vote-Spanish-4.jpg 1200w\" sizes=\"(max-width: 800px) 100vw, 800px\" \/><\/a><\/figure>\n\n\n\n<p class=\"wp-block-paragraph\">&#8220;Est\u00e1bamos creando un camino donde no hab\u00eda ni cemento, fuimos de los pioneros en pavimentarlo de nuestra generaci\u00f3n, aunque antes de nosotros hab\u00eda otros raperos que se encargaron de hacer los primeros eventos, los conciertos y de darnos espacio para poder mostrar lo que nosotros ten\u00edamos que decir&#8221;, record\u00f3 Gerardo Daniel Torres, m\u00e1s conocido como Gera MX, sobre sus inicios, en una entrevista con EFE.<\/p>\n\n\n\n<p class=\"wp-block-paragraph\">Y es que como resalt\u00f3 su compa\u00f1ero, Eric Ra\u00fal Alem\u00e1n, en ese entonces no ten\u00edan los recursos para realizar la gran producci\u00f3n que traen con este nuevo \u00e1lbum, Rich Mafia, y es que, 10 a\u00f1os de trabajo &#8220;hacen la diferencia&#8221;.<\/p>\n\n\n\n<p class=\"wp-block-paragraph\">Tras m\u00e1s de una d\u00e9cada separados, los raperos mexicanos que ya triunfaron conjuntamente, rememoraron su separaci\u00f3n desde la madurez que da el paso del tiempo y la experiencia.<\/p>\n\n\n\n<figure class=\"wp-block-image size-large is-resized\"><img decoding=\"async\" width=\"800\" height=\"366\" src=\"https:\/\/www.americanonewspaper.com\/es\/wp-content\/uploads\/2024\/11\/GGlSpanish-1-800x366.png\" alt=\"\" class=\"wp-image-23753\" style=\"width:1068px;height:auto\" srcset=\"https:\/\/www.americanonewspaper.com\/es\/wp-content\/uploads\/2024\/11\/GGlSpanish-1-800x366.png 800w, https:\/\/www.americanonewspaper.com\/es\/wp-content\/uploads\/2024\/11\/GGlSpanish-1-300x137.png 300w, https:\/\/www.americanonewspaper.com\/es\/wp-content\/uploads\/2024\/11\/GGlSpanish-1-768x351.png 768w, https:\/\/www.americanonewspaper.com\/es\/wp-content\/uploads\/2024\/11\/GGlSpanish-1-150x69.png 150w, https:\/\/www.americanonewspaper.com\/es\/wp-content\/uploads\/2024\/11\/GGlSpanish-1-696x318.png 696w, https:\/\/www.americanonewspaper.com\/es\/wp-content\/uploads\/2024\/11\/GGlSpanish-1-1068x489.png 1068w, https:\/\/www.americanonewspaper.com\/es\/wp-content\/uploads\/2024\/11\/GGlSpanish-1.png 1200w\" sizes=\"(max-width: 800px) 100vw, 800px\" \/><\/figure>\n\n\n\n<p class=\"wp-block-paragraph\">&#8220;Empezamos juntos y yo creo que nos separamos por la misma competencia, es que no hab\u00eda m\u00e1s, o sea, por ende este g\u00fcey y yo nos hicimos competencia y como hab\u00eda pocas oportunidades, festivales que solo le daban la oportunidad a un rapero, pues \u00e9ramos competencia&#8221;, record\u00f3 Alem\u00e1n.<\/p>\n\n\n\n<p class=\"wp-block-paragraph\">Para Gera MX la decisi\u00f3n de volver a unirse &#8220;fue f\u00e1cil&#8221;, fruto de haber madurado y de experimentar episodios personales que les llevaron a la reflexi\u00f3n de arreglar sus diferencias &#8220;en vida&#8221;.<\/p>\n\n\n\n<p class=\"wp-block-paragraph\"><strong>Nuevo disco, grandes colaboraciones<\/strong><\/p>\n\n\n\n<p class=\"wp-block-paragraph\">Tras aparcar sus diferencias, los raperos devuelven a los seguidores del g\u00e9nero una pareja creativa de gran nivel, que junto con grandes artistas nacionales e internacionales que se han prestado a colaborar, como Junior H o C. Tangana ,respectivamente, permiten ahora presentar &#8216;Rich Mafia&#8217;.<\/p>\n\n\n\n<figure class=\"wp-block-image size-large is-resized\"><a href=\"https:\/\/nissanofnorthplainfield.com\/?utm_source=gmb&amp;utm_medium=organic&amp;utm_campaign=website-button\" target=\"_blank\" rel=\"noreferrer noopener\"><img decoding=\"async\" width=\"800\" height=\"382\" src=\"https:\/\/www.americanonewspaper.com\/es\/wp-content\/uploads\/2024\/10\/Nissan-copy-1-800x382.jpg\" alt=\"\" class=\"wp-image-23706\" style=\"width:1067px;height:auto\" srcset=\"https:\/\/www.americanonewspaper.com\/es\/wp-content\/uploads\/2024\/10\/Nissan-copy-1-800x382.jpg 800w, https:\/\/www.americanonewspaper.com\/es\/wp-content\/uploads\/2024\/10\/Nissan-copy-1-300x143.jpg 300w, https:\/\/www.americanonewspaper.com\/es\/wp-content\/uploads\/2024\/10\/Nissan-copy-1-768x367.jpg 768w, https:\/\/www.americanonewspaper.com\/es\/wp-content\/uploads\/2024\/10\/Nissan-copy-1-150x72.jpg 150w, https:\/\/www.americanonewspaper.com\/es\/wp-content\/uploads\/2024\/10\/Nissan-copy-1-696x332.jpg 696w, https:\/\/www.americanonewspaper.com\/es\/wp-content\/uploads\/2024\/10\/Nissan-copy-1-1068x510.jpg 1068w, https:\/\/www.americanonewspaper.com\/es\/wp-content\/uploads\/2024\/10\/Nissan-copy-1.jpg 1200w\" sizes=\"(max-width: 800px) 100vw, 800px\" \/><\/a><figcaption class=\"wp-element-caption\"><strong><mark style=\"background-color:rgba(0, 0, 0, 0)\" class=\"has-inline-color has-vivid-red-color\">Reclame $1000 descuento mencionando este anuncio.<\/mark><\/strong><\/figcaption><\/figure>\n\n\n\n<p class=\"wp-block-paragraph\">&#8220;Si ellos dos est\u00e1n es porque son nuestros grandes amigos. En lo personal, Junior H es mi mejor amigo desde siempre, mi compadre casi, lo tengo tatuado aqu\u00ed y \u00e9l tambi\u00e9n tiene tatuado mi logo y todo, es mi amigo de siempre, y C. Tangana tambi\u00e9n, es mi gran amigo rapero de Espa\u00f1a&#8221;, afirm\u00f3 Alem\u00e1n.<\/p>\n\n\n\n<p class=\"wp-block-paragraph\">Para ambos es adem\u00e1s un gran honor en el caso del espa\u00f1ol que, como recordaron, hace varios a\u00f1os no saca temas nuevos y menos de rap, y que, sin embargo, para este disco ha colaborado con versos que calificaron como &#8220;legendarios&#8221;.<\/p>\n\n\n\n<p class=\"wp-block-paragraph\">En este nuevo trabajo, los dos han querido &#8220;experimentar&#8221; con nuevos ritmos y sonidos para tratar de traer algo nuevo, aunque siempre con fidelidad a una l\u00ednea que intentan mantener.<\/p>\n\n\n\n<figure class=\"wp-block-image size-large is-resized\"><a href=\"\/\/www.eventbrite.com\/e\/atlantic-city-hospitality-fiesta-2024-tickets-800047723277?aff=oddtdtcreator\" target=\"_blank\" rel=\"noreferrer noopener\"><img loading=\"lazy\" decoding=\"async\" width=\"800\" height=\"367\" src=\"https:\/\/www.americanonewspaper.com\/es\/wp-content\/uploads\/2024\/10\/Fiesta-1-800x367.jpg\" alt=\"\" class=\"wp-image-23649\" style=\"width:1067px;height:auto\" srcset=\"https:\/\/www.americanonewspaper.com\/es\/wp-content\/uploads\/2024\/10\/Fiesta-1-800x367.jpg 800w, https:\/\/www.americanonewspaper.com\/es\/wp-content\/uploads\/2024\/10\/Fiesta-1-300x138.jpg 300w, https:\/\/www.americanonewspaper.com\/es\/wp-content\/uploads\/2024\/10\/Fiesta-1-768x352.jpg 768w, https:\/\/www.americanonewspaper.com\/es\/wp-content\/uploads\/2024\/10\/Fiesta-1-150x69.jpg 150w, https:\/\/www.americanonewspaper.com\/es\/wp-content\/uploads\/2024\/10\/Fiesta-1-696x319.jpg 696w, https:\/\/www.americanonewspaper.com\/es\/wp-content\/uploads\/2024\/10\/Fiesta-1-1068x490.jpg 1068w, https:\/\/www.americanonewspaper.com\/es\/wp-content\/uploads\/2024\/10\/Fiesta-1.jpg 1200w\" sizes=\"(max-width: 800px) 100vw, 800px\" \/><\/a><\/figure>\n\n\n\n<p class=\"wp-block-paragraph\">&#8220;Tuve ganas de estar con \u00e9l (Gera MX) haciendo experimentos en diferentes ritmos, que yo s\u00e9 que a lo mejor a \u00e9l no le gustan tanto, pero le digo: &#8216;conf\u00eda ponte aqu\u00ed este flow&#8217;, y ahora tenemos la oportunidad de hacerlo&#8221;, resalt\u00f3 Alem\u00e1n.<\/p>\n\n\n\n<p class=\"wp-block-paragraph\">Adem\u00e1s de &#8216;Bendici\u00f3n&#8217;, una de las primeras apariciones musicales de C. Tangana tras el recibimiento de &#8216;El Madrile\u00f1o&#8217;, Alem\u00e1n y Gera MX, re\u00fanen en su nuevo disco, adem\u00e1s de Junior H, a artistas de la talla de Leonel Garc\u00eda, Jamben\u00e9, Cozy Cuz y Dj Premier.<\/p>\n\n\n\n<p class=\"wp-block-paragraph\">Asimismo, cuentan con la producci\u00f3n en varios de los temas de Jayrick, lo que hace ver el nivel de la vuelta en conjunto de estos pioneros del rap mexicano.<\/p>\n\n\n\n<figure class=\"wp-block-image size-large is-resized\"><img loading=\"lazy\" decoding=\"async\" width=\"333\" height=\"500\" src=\"https:\/\/www.americanonewspaper.com\/es\/wp-content\/uploads\/2024\/11\/Rapero-Aleman-333x500.jpg\" alt=\"\" class=\"wp-image-23790\" style=\"width:1068px;height:auto\" srcset=\"https:\/\/www.americanonewspaper.com\/es\/wp-content\/uploads\/2024\/11\/Rapero-Aleman-333x500.jpg 333w, https:\/\/www.americanonewspaper.com\/es\/wp-content\/uploads\/2024\/11\/Rapero-Aleman-200x300.jpg 200w, https:\/\/www.americanonewspaper.com\/es\/wp-content\/uploads\/2024\/11\/Rapero-Aleman-150x226.jpg 150w, https:\/\/www.americanonewspaper.com\/es\/wp-content\/uploads\/2024\/11\/Rapero-Aleman-300x451.jpg 300w, https:\/\/www.americanonewspaper.com\/es\/wp-content\/uploads\/2024\/11\/Rapero-Aleman.jpg 399w\" sizes=\"(max-width: 333px) 100vw, 333px\" \/><figcaption class=\"wp-element-caption\">Los raperos mexicanos Alem\u00e1n (i) y Gera MX posan durante una entrevista con EFE este lunes, en Ciudad de M\u00e9xico (M\u00e9xico). EFE\/ Jos\u00e9 M\u00e9ndez<\/figcaption><\/figure>\n\n\n\n<p class=\"wp-block-paragraph\"><\/p>\n","protected":false},"excerpt":{"rendered":"<p>Ciudad de M\u00e9xico, 4 nov (EFE).- Los raperos mexicanos Gera MX y Alem\u00e1n, pioneros del g\u00e9nero en el pa\u00eds, vuelven a unirse tras muchos a\u00f1os separados, en el disco &#8216;Rich Mafia&#8217;, que promete revolucionar con sus potentes colaboraciones, entre las que destacan el espa\u00f1ol C. Tangana o el referente del regional mexicano, Junior H, seg\u00fan [&hellip;]<\/p>\n","protected":false},"author":7,"featured_media":23789,"comment_status":"open","ping_status":"open","sticky":true,"template":"","format":"standard","meta":{"_acf_changed":false,"tdm_status":"","tdm_grid_status":"","_jetpack_newsletter_access":"","_jetpack_dont_email_post_to_subs":false,"_jetpack_newsletter_tier_id":0,"_jetpack_memberships_contains_paywalled_content":false,"_jetpack_feature_clip_id":0,"_jetpack_memberships_contains_paid_content":false,"footnotes":"","jetpack_publicize_message":"{title}\n\n{excerpt}\n\n{url}","jetpack_publicize_feature_enabled":true,"jetpack_social_post_already_shared":true,"jetpack_social_options":{"image_generator_settings":{"template":"highway","default_image_id":0,"font":"","enabled":false},"version":2},"_wpas_customize_per_network":false,"jetpack_post_was_ever_published":false,"_members_access_role":[],"_members_access_error":""},"categories":[527],"tags":[],"class_list":["post-23788","post","type-post","status-publish","format-standard","has-post-thumbnail","category-farandula"],"acf":[],"yoast_head":"<!-- This site is optimized with the Yoast SEO Premium plugin v28.4 (Yoast SEO v28.4) - https:\/\/yoast.com\/product\/yoast-seo-premium-wordpress\/ -->\n<title>&quot;Rich Mafia&quot; de Gera MX y Alem\u00e1n - Americano Newspaper<\/title>\n<meta name=\"description\" content=\"Los raperos mexicanos Gera MX y Alem\u00e1n, pioneros del g\u00e9nero en el pa\u00eds, vuelven a unirse tras muchos a\u00f1os separados, en el disco &#039;Rich Mafia&#039;, que promete revolucionar con sus potentes colaboraciones, entre las que destacan el espa\u00f1ol C. Tangana o el referente del regional mexicano, Junior H, seg\u00fan compartieron este lunes a EFE.\" \/>\n<meta name=\"robots\" content=\"index, follow, max-snippet:-1, max-image-preview:large, max-video-preview:-1\" \/>\n<link rel=\"canonical\" href=\"https:\/\/www.americanonewspaper.com\/es\/farandula\/rich-mafia-de-gera-mx-y-aleman\/\" \/>\n<meta property=\"og:locale\" content=\"en_US\" \/>\n<meta property=\"og:type\" content=\"article\" \/>\n<meta property=\"og:title\" content=\"&quot;Rich Mafia&quot; de Gera MX y Alem\u00e1n\" \/>\n<meta property=\"og:description\" content=\"Los raperos mexicanos Gera MX y Alem\u00e1n, pioneros del g\u00e9nero en el pa\u00eds, vuelven a unirse tras muchos a\u00f1os separados, en el disco &#039;Rich Mafia&#039;, que promete revolucionar con sus potentes colaboraciones, entre las que destacan el espa\u00f1ol C. Tangana o el referente del regional mexicano, Junior H, seg\u00fan compartieron este lunes a EFE.\" \/>\n<meta property=\"og:url\" content=\"https:\/\/www.americanonewspaper.com\/es\/farandula\/rich-mafia-de-gera-mx-y-aleman\/\" \/>\n<meta property=\"og:site_name\" content=\"Americano Newspaper\" \/>\n<meta property=\"article:publisher\" content=\"https:\/\/www.facebook.com\/AmericanoNewspaper\/\" \/>\n<meta property=\"article:published_time\" content=\"2024-11-05T00:12:25+00:00\" \/>\n<meta property=\"article:modified_time\" content=\"2024-11-05T00:14:01+00:00\" \/>\n<meta property=\"og:image\" content=\"https:\/\/www.americanonewspaper.com\/es\/wp-content\/uploads\/2024\/11\/Raperos-Mexicanos.jpg\" \/>\n\t<meta property=\"og:image:width\" content=\"900\" \/>\n\t<meta property=\"og:image:height\" content=\"600\" \/>\n\t<meta property=\"og:image:type\" content=\"image\/jpeg\" \/>\n<meta name=\"author\" content=\"Author\" \/>\n<meta name=\"twitter:card\" content=\"summary_large_image\" \/>\n<meta name=\"twitter:label1\" content=\"Written by\" \/>\n\t<meta name=\"twitter:data1\" content=\"Author\" \/>\n\t<meta name=\"twitter:label2\" content=\"Est. reading time\" \/>\n\t<meta name=\"twitter:data2\" content=\"4 minutes\" \/>\n<script type=\"application\/ld+json\" class=\"yoast-schema-graph\">{\"@context\":\"https:\\\/\\\/schema.org\",\"@graph\":[{\"@type\":\"Article\",\"@id\":\"https:\\\/\\\/www.americanonewspaper.com\\\/es\\\/farandula\\\/rich-mafia-de-gera-mx-y-aleman\\\/#article\",\"isPartOf\":{\"@id\":\"https:\\\/\\\/www.americanonewspaper.com\\\/es\\\/farandula\\\/rich-mafia-de-gera-mx-y-aleman\\\/\"},\"author\":{\"name\":\"Author\",\"@id\":\"https:\\\/\\\/www.americanonewspaper.com\\\/es\\\/#\\\/schema\\\/person\\\/8967f6b8af7e37bcbbe61f68580ff088\"},\"headline\":\"&#8220;Rich Mafia&#8221; de Gera MX y Alem\u00e1n\",\"datePublished\":\"2024-11-05T00:12:25+00:00\",\"dateModified\":\"2024-11-05T00:14:01+00:00\",\"mainEntityOfPage\":{\"@id\":\"https:\\\/\\\/www.americanonewspaper.com\\\/es\\\/farandula\\\/rich-mafia-de-gera-mx-y-aleman\\\/\"},\"wordCount\":654,\"commentCount\":0,\"publisher\":{\"@id\":\"https:\\\/\\\/www.americanonewspaper.com\\\/es\\\/#organization\"},\"image\":{\"@id\":\"https:\\\/\\\/www.americanonewspaper.com\\\/es\\\/farandula\\\/rich-mafia-de-gera-mx-y-aleman\\\/#primaryimage\"},\"thumbnailUrl\":\"https:\\\/\\\/www.americanonewspaper.com\\\/es\\\/wp-content\\\/uploads\\\/2024\\\/11\\\/Raperos-Mexicanos.jpg\",\"articleSection\":[\"Far\u00e1ndula\"],\"inLanguage\":\"en-US\",\"potentialAction\":[{\"@type\":\"CommentAction\",\"name\":\"Comment\",\"target\":[\"https:\\\/\\\/www.americanonewspaper.com\\\/es\\\/farandula\\\/rich-mafia-de-gera-mx-y-aleman\\\/#respond\"]}]},{\"@type\":\"WebPage\",\"@id\":\"https:\\\/\\\/www.americanonewspaper.com\\\/es\\\/farandula\\\/rich-mafia-de-gera-mx-y-aleman\\\/\",\"url\":\"https:\\\/\\\/www.americanonewspaper.com\\\/es\\\/farandula\\\/rich-mafia-de-gera-mx-y-aleman\\\/\",\"name\":\"\\\"Rich Mafia\\\" de Gera MX y Alem\u00e1n - Americano Newspaper\",\"isPartOf\":{\"@id\":\"https:\\\/\\\/www.americanonewspaper.com\\\/es\\\/#website\"},\"primaryImageOfPage\":{\"@id\":\"https:\\\/\\\/www.americanonewspaper.com\\\/es\\\/farandula\\\/rich-mafia-de-gera-mx-y-aleman\\\/#primaryimage\"},\"image\":{\"@id\":\"https:\\\/\\\/www.americanonewspaper.com\\\/es\\\/farandula\\\/rich-mafia-de-gera-mx-y-aleman\\\/#primaryimage\"},\"thumbnailUrl\":\"https:\\\/\\\/www.americanonewspaper.com\\\/es\\\/wp-content\\\/uploads\\\/2024\\\/11\\\/Raperos-Mexicanos.jpg\",\"datePublished\":\"2024-11-05T00:12:25+00:00\",\"dateModified\":\"2024-11-05T00:14:01+00:00\",\"description\":\"Los raperos mexicanos Gera MX y Alem\u00e1n, pioneros del g\u00e9nero en el pa\u00eds, vuelven a unirse tras muchos a\u00f1os separados, en el disco 'Rich Mafia', que promete revolucionar con sus potentes colaboraciones, entre las que destacan el espa\u00f1ol C. Tangana o el referente del regional mexicano, Junior H, seg\u00fan compartieron este lunes a EFE.\",\"breadcrumb\":{\"@id\":\"https:\\\/\\\/www.americanonewspaper.com\\\/es\\\/farandula\\\/rich-mafia-de-gera-mx-y-aleman\\\/#breadcrumb\"},\"inLanguage\":\"en-US\",\"potentialAction\":[{\"@type\":\"ReadAction\",\"target\":[\"https:\\\/\\\/www.americanonewspaper.com\\\/es\\\/farandula\\\/rich-mafia-de-gera-mx-y-aleman\\\/\"]}]},{\"@type\":\"ImageObject\",\"inLanguage\":\"en-US\",\"@id\":\"https:\\\/\\\/www.americanonewspaper.com\\\/es\\\/farandula\\\/rich-mafia-de-gera-mx-y-aleman\\\/#primaryimage\",\"url\":\"https:\\\/\\\/www.americanonewspaper.com\\\/es\\\/wp-content\\\/uploads\\\/2024\\\/11\\\/Raperos-Mexicanos.jpg\",\"contentUrl\":\"https:\\\/\\\/www.americanonewspaper.com\\\/es\\\/wp-content\\\/uploads\\\/2024\\\/11\\\/Raperos-Mexicanos.jpg\",\"width\":900,\"height\":600,\"caption\":\"Los raperos mexicanos Alem\u00e1n (i) y Gera MX posan durante una entrevista con EFE este lunes, en Ciudad de M\u00e9xico (M\u00e9xico). EFE\\\/ Jos\u00e9 M\u00e9ndez\"},{\"@type\":\"BreadcrumbList\",\"@id\":\"https:\\\/\\\/www.americanonewspaper.com\\\/es\\\/farandula\\\/rich-mafia-de-gera-mx-y-aleman\\\/#breadcrumb\",\"itemListElement\":[{\"@type\":\"ListItem\",\"position\":1,\"name\":\"Home\",\"item\":\"https:\\\/\\\/www.americanonewspaper.com\\\/es\\\/\"},{\"@type\":\"ListItem\",\"position\":2,\"name\":\"&#8220;Rich Mafia&#8221; de Gera MX y Alem\u00e1n\"}]},{\"@type\":\"WebSite\",\"@id\":\"https:\\\/\\\/www.americanonewspaper.com\\\/es\\\/#website\",\"url\":\"https:\\\/\\\/www.americanonewspaper.com\\\/es\\\/\",\"name\":\"Americano Newspaper\",\"description\":\"The Hispanic Newspaper of New Jersey.\",\"publisher\":{\"@id\":\"https:\\\/\\\/www.americanonewspaper.com\\\/es\\\/#organization\"},\"potentialAction\":[{\"@type\":\"SearchAction\",\"target\":{\"@type\":\"EntryPoint\",\"urlTemplate\":\"https:\\\/\\\/www.americanonewspaper.com\\\/es\\\/?s={search_term_string}\"},\"query-input\":{\"@type\":\"PropertyValueSpecification\",\"valueRequired\":true,\"valueName\":\"search_term_string\"}}],\"inLanguage\":\"en-US\"},{\"@type\":\"Organization\",\"@id\":\"https:\\\/\\\/www.americanonewspaper.com\\\/es\\\/#organization\",\"name\":\"Americano Newspaper\",\"url\":\"https:\\\/\\\/www.americanonewspaper.com\\\/es\\\/\",\"logo\":{\"@type\":\"ImageObject\",\"inLanguage\":\"en-US\",\"@id\":\"https:\\\/\\\/www.americanonewspaper.com\\\/es\\\/#\\\/schema\\\/logo\\\/image\\\/\",\"url\":\"https:\\\/\\\/www.americanonewspaper.com\\\/es\\\/wp-content\\\/uploads\\\/2024\\\/05\\\/AmericanoLogoCircle.comCircle2.jpg\",\"contentUrl\":\"https:\\\/\\\/www.americanonewspaper.com\\\/es\\\/wp-content\\\/uploads\\\/2024\\\/05\\\/AmericanoLogoCircle.comCircle2.jpg\",\"width\":600,\"height\":600,\"caption\":\"Americano Newspaper\"},\"image\":{\"@id\":\"https:\\\/\\\/www.americanonewspaper.com\\\/es\\\/#\\\/schema\\\/logo\\\/image\\\/\"},\"sameAs\":[\"https:\\\/\\\/www.facebook.com\\\/AmericanoNewspaper\\\/\"]},{\"@type\":\"Person\",\"@id\":\"https:\\\/\\\/www.americanonewspaper.com\\\/es\\\/#\\\/schema\\\/person\\\/8967f6b8af7e37bcbbe61f68580ff088\",\"name\":\"Author\",\"image\":{\"@type\":\"ImageObject\",\"inLanguage\":\"en-US\",\"@id\":\"https:\\\/\\\/www.americanonewspaper.com\\\/es\\\/wp-content\\\/litespeed\\\/avatar\\\/89ffaf6af3cf6769ffb3c6efb2313947.jpg?ver=1788535513\",\"url\":\"https:\\\/\\\/www.americanonewspaper.com\\\/es\\\/wp-content\\\/litespeed\\\/avatar\\\/89ffaf6af3cf6769ffb3c6efb2313947.jpg?ver=1788535513\",\"contentUrl\":\"https:\\\/\\\/www.americanonewspaper.com\\\/es\\\/wp-content\\\/litespeed\\\/avatar\\\/89ffaf6af3cf6769ffb3c6efb2313947.jpg?ver=1788535513\",\"caption\":\"Author\"},\"url\":\"https:\\\/\\\/www.americanonewspaper.com\\\/es\\\/author\\\/americano\\\/\"}]}<\/script>\n<!-- \/ Yoast SEO Premium plugin. -->","yoast_head_json":{"title":"\"Rich Mafia\" de Gera MX y Alem\u00e1n - Americano Newspaper","description":"Los raperos mexicanos Gera MX y Alem\u00e1n, pioneros del g\u00e9nero en el pa\u00eds, vuelven a unirse tras muchos a\u00f1os separados, en el disco 'Rich Mafia', que promete revolucionar con sus potentes colaboraciones, entre las que destacan el espa\u00f1ol C. Tangana o el referente del regional mexicano, Junior H, seg\u00fan compartieron este lunes a EFE.","robots":{"index":"index","follow":"follow","max-snippet":"max-snippet:-1","max-image-preview":"max-image-preview:large","max-video-preview":"max-video-preview:-1"},"canonical":"https:\/\/www.americanonewspaper.com\/es\/farandula\/rich-mafia-de-gera-mx-y-aleman\/","og_locale":"en_US","og_type":"article","og_title":"\"Rich Mafia\" de Gera MX y Alem\u00e1n","og_description":"Los raperos mexicanos Gera MX y Alem\u00e1n, pioneros del g\u00e9nero en el pa\u00eds, vuelven a unirse tras muchos a\u00f1os separados, en el disco 'Rich Mafia', que promete revolucionar con sus potentes colaboraciones, entre las que destacan el espa\u00f1ol C. Tangana o el referente del regional mexicano, Junior H, seg\u00fan compartieron este lunes a EFE.","og_url":"https:\/\/www.americanonewspaper.com\/es\/farandula\/rich-mafia-de-gera-mx-y-aleman\/","og_site_name":"Americano Newspaper","article_publisher":"https:\/\/www.facebook.com\/AmericanoNewspaper\/","article_published_time":"2024-11-05T00:12:25+00:00","article_modified_time":"2024-11-05T00:14:01+00:00","og_image":[{"width":900,"height":600,"url":"https:\/\/www.americanonewspaper.com\/es\/wp-content\/uploads\/2024\/11\/Raperos-Mexicanos.jpg","type":"image\/jpeg"}],"author":"Author","twitter_card":"summary_large_image","twitter_misc":{"Written by":"Author","Est. reading time":"4 minutes"},"schema":{"@context":"https:\/\/schema.org","@graph":[{"@type":"Article","@id":"https:\/\/www.americanonewspaper.com\/es\/farandula\/rich-mafia-de-gera-mx-y-aleman\/#article","isPartOf":{"@id":"https:\/\/www.americanonewspaper.com\/es\/farandula\/rich-mafia-de-gera-mx-y-aleman\/"},"author":{"name":"Author","@id":"https:\/\/www.americanonewspaper.com\/es\/#\/schema\/person\/8967f6b8af7e37bcbbe61f68580ff088"},"headline":"&#8220;Rich Mafia&#8221; de Gera MX y Alem\u00e1n","datePublished":"2024-11-05T00:12:25+00:00","dateModified":"2024-11-05T00:14:01+00:00","mainEntityOfPage":{"@id":"https:\/\/www.americanonewspaper.com\/es\/farandula\/rich-mafia-de-gera-mx-y-aleman\/"},"wordCount":654,"commentCount":0,"publisher":{"@id":"https:\/\/www.americanonewspaper.com\/es\/#organization"},"image":{"@id":"https:\/\/www.americanonewspaper.com\/es\/farandula\/rich-mafia-de-gera-mx-y-aleman\/#primaryimage"},"thumbnailUrl":"https:\/\/www.americanonewspaper.com\/es\/wp-content\/uploads\/2024\/11\/Raperos-Mexicanos.jpg","articleSection":["Far\u00e1ndula"],"inLanguage":"en-US","potentialAction":[{"@type":"CommentAction","name":"Comment","target":["https:\/\/www.americanonewspaper.com\/es\/farandula\/rich-mafia-de-gera-mx-y-aleman\/#respond"]}]},{"@type":"WebPage","@id":"https:\/\/www.americanonewspaper.com\/es\/farandula\/rich-mafia-de-gera-mx-y-aleman\/","url":"https:\/\/www.americanonewspaper.com\/es\/farandula\/rich-mafia-de-gera-mx-y-aleman\/","name":"\"Rich Mafia\" de Gera MX y Alem\u00e1n - Americano Newspaper","isPartOf":{"@id":"https:\/\/www.americanonewspaper.com\/es\/#website"},"primaryImageOfPage":{"@id":"https:\/\/www.americanonewspaper.com\/es\/farandula\/rich-mafia-de-gera-mx-y-aleman\/#primaryimage"},"image":{"@id":"https:\/\/www.americanonewspaper.com\/es\/farandula\/rich-mafia-de-gera-mx-y-aleman\/#primaryimage"},"thumbnailUrl":"https:\/\/www.americanonewspaper.com\/es\/wp-content\/uploads\/2024\/11\/Raperos-Mexicanos.jpg","datePublished":"2024-11-05T00:12:25+00:00","dateModified":"2024-11-05T00:14:01+00:00","description":"Los raperos mexicanos Gera MX y Alem\u00e1n, pioneros del g\u00e9nero en el pa\u00eds, vuelven a unirse tras muchos a\u00f1os separados, en el disco 'Rich Mafia', que promete revolucionar con sus potentes colaboraciones, entre las que destacan el espa\u00f1ol C. Tangana o el referente del regional mexicano, Junior H, seg\u00fan compartieron este lunes a EFE.","breadcrumb":{"@id":"https:\/\/www.americanonewspaper.com\/es\/farandula\/rich-mafia-de-gera-mx-y-aleman\/#breadcrumb"},"inLanguage":"en-US","potentialAction":[{"@type":"ReadAction","target":["https:\/\/www.americanonewspaper.com\/es\/farandula\/rich-mafia-de-gera-mx-y-aleman\/"]}]},{"@type":"ImageObject","inLanguage":"en-US","@id":"https:\/\/www.americanonewspaper.com\/es\/farandula\/rich-mafia-de-gera-mx-y-aleman\/#primaryimage","url":"https:\/\/www.americanonewspaper.com\/es\/wp-content\/uploads\/2024\/11\/Raperos-Mexicanos.jpg","contentUrl":"https:\/\/www.americanonewspaper.com\/es\/wp-content\/uploads\/2024\/11\/Raperos-Mexicanos.jpg","width":900,"height":600,"caption":"Los raperos mexicanos Alem\u00e1n (i) y Gera MX posan durante una entrevista con EFE este lunes, en Ciudad de M\u00e9xico (M\u00e9xico). EFE\/ Jos\u00e9 M\u00e9ndez"},{"@type":"BreadcrumbList","@id":"https:\/\/www.americanonewspaper.com\/es\/farandula\/rich-mafia-de-gera-mx-y-aleman\/#breadcrumb","itemListElement":[{"@type":"ListItem","position":1,"name":"Home","item":"https:\/\/www.americanonewspaper.com\/es\/"},{"@type":"ListItem","position":2,"name":"&#8220;Rich Mafia&#8221; de Gera MX y Alem\u00e1n"}]},{"@type":"WebSite","@id":"https:\/\/www.americanonewspaper.com\/es\/#website","url":"https:\/\/www.americanonewspaper.com\/es\/","name":"Americano Newspaper","description":"The Hispanic Newspaper of New Jersey.","publisher":{"@id":"https:\/\/www.americanonewspaper.com\/es\/#organization"},"potentialAction":[{"@type":"SearchAction","target":{"@type":"EntryPoint","urlTemplate":"https:\/\/www.americanonewspaper.com\/es\/?s={search_term_string}"},"query-input":{"@type":"PropertyValueSpecification","valueRequired":true,"valueName":"search_term_string"}}],"inLanguage":"en-US"},{"@type":"Organization","@id":"https:\/\/www.americanonewspaper.com\/es\/#organization","name":"Americano Newspaper","url":"https:\/\/www.americanonewspaper.com\/es\/","logo":{"@type":"ImageObject","inLanguage":"en-US","@id":"https:\/\/www.americanonewspaper.com\/es\/#\/schema\/logo\/image\/","url":"https:\/\/www.americanonewspaper.com\/es\/wp-content\/uploads\/2024\/05\/AmericanoLogoCircle.comCircle2.jpg","contentUrl":"https:\/\/www.americanonewspaper.com\/es\/wp-content\/uploads\/2024\/05\/AmericanoLogoCircle.comCircle2.jpg","width":600,"height":600,"caption":"Americano Newspaper"},"image":{"@id":"https:\/\/www.americanonewspaper.com\/es\/#\/schema\/logo\/image\/"},"sameAs":["https:\/\/www.facebook.com\/AmericanoNewspaper\/"]},{"@type":"Person","@id":"https:\/\/www.americanonewspaper.com\/es\/#\/schema\/person\/8967f6b8af7e37bcbbe61f68580ff088","name":"Author","image":{"@type":"ImageObject","inLanguage":"en-US","@id":"https:\/\/www.americanonewspaper.com\/es\/wp-content\/litespeed\/avatar\/89ffaf6af3cf6769ffb3c6efb2313947.jpg?ver=1788535513","url":"https:\/\/www.americanonewspaper.com\/es\/wp-content\/litespeed\/avatar\/89ffaf6af3cf6769ffb3c6efb2313947.jpg?ver=1788535513","contentUrl":"https:\/\/www.americanonewspaper.com\/es\/wp-content\/litespeed\/avatar\/89ffaf6af3cf6769ffb3c6efb2313947.jpg?ver=1788535513","caption":"Author"},"url":"https:\/\/www.americanonewspaper.com\/es\/author\/americano\/"}]}},"jetpack_publicize_connections":[],"featured_image_urls":{"full":["https:\/\/www.americanonewspaper.com\/es\/wp-content\/uploads\/2024\/11\/Raperos-Mexicanos.jpg",900,600,false],"thumbnail":["https:\/\/www.americanonewspaper.com\/es\/wp-content\/uploads\/2024\/11\/Raperos-Mexicanos-250x250.jpg",250,250,true],"medium":["https:\/\/www.americanonewspaper.com\/es\/wp-content\/uploads\/2024\/11\/Raperos-Mexicanos-300x200.jpg",300,200,true],"medium_large":["https:\/\/www.americanonewspaper.com\/es\/wp-content\/uploads\/2024\/11\/Raperos-Mexicanos-768x512.jpg",696,464,true],"large":["https:\/\/www.americanonewspaper.com\/es\/wp-content\/uploads\/2024\/11\/Raperos-Mexicanos-750x500.jpg",696,464,true],"1536x1536":["https:\/\/www.americanonewspaper.com\/es\/wp-content\/uploads\/2024\/11\/Raperos-Mexicanos.jpg",900,600,false],"2048x2048":["https:\/\/www.americanonewspaper.com\/es\/wp-content\/uploads\/2024\/11\/Raperos-Mexicanos.jpg",900,600,false],"td_150x0":["https:\/\/www.americanonewspaper.com\/es\/wp-content\/uploads\/2024\/11\/Raperos-Mexicanos-150x100.jpg",150,100,true],"td_218x150":["https:\/\/www.americanonewspaper.com\/es\/wp-content\/uploads\/2024\/11\/Raperos-Mexicanos-218x150.jpg",218,150,true],"td_300x0":["https:\/\/www.americanonewspaper.com\/es\/wp-content\/uploads\/2024\/11\/Raperos-Mexicanos-300x200.jpg",300,200,true],"td_324x400":["https:\/\/www.americanonewspaper.com\/es\/wp-content\/uploads\/2024\/11\/Raperos-Mexicanos-324x400.jpg",324,400,true],"td_485x360":["https:\/\/www.americanonewspaper.com\/es\/wp-content\/uploads\/2024\/11\/Raperos-Mexicanos-485x360.jpg",485,360,true],"td_696x0":["https:\/\/www.americanonewspaper.com\/es\/wp-content\/uploads\/2024\/11\/Raperos-Mexicanos-696x464.jpg",696,464,true],"td_1068x0":["https:\/\/www.americanonewspaper.com\/es\/wp-content\/uploads\/2024\/11\/Raperos-Mexicanos.jpg",900,600,false],"td_1920x0":["https:\/\/www.americanonewspaper.com\/es\/wp-content\/uploads\/2024\/11\/Raperos-Mexicanos.jpg",900,600,false],"bdpp-medium":["https:\/\/www.americanonewspaper.com\/es\/wp-content\/uploads\/2024\/11\/Raperos-Mexicanos.jpg",640,427,false]},"author_info":{"display_name":"Author","author_link":"https:\/\/www.americanonewspaper.com\/es\/author\/americano\/"},"category_info":"<a href=\"https:\/\/www.americanonewspaper.com\/es\/category\/farandula\/\" rel=\"category tag\">Far\u00e1ndula<\/a>","tag_info":"Far\u00e1ndula","comment_count":"0","jetpack_sharing_enabled":true,"jetpack_likes_enabled":true,"jetpack_featured_media_url":"https:\/\/www.americanonewspaper.com\/es\/wp-content\/uploads\/2024\/11\/Raperos-Mexicanos.jpg","_links":{"self":[{"href":"https:\/\/www.americanonewspaper.com\/es\/wp-json\/wp\/v2\/posts\/23788","targetHints":{"allow":["GET"]}}],"collection":[{"href":"https:\/\/www.americanonewspaper.com\/es\/wp-json\/wp\/v2\/posts"}],"about":[{"href":"https:\/\/www.americanonewspaper.com\/es\/wp-json\/wp\/v2\/types\/post"}],"author":[{"embeddable":true,"href":"https:\/\/www.americanonewspaper.com\/es\/wp-json\/wp\/v2\/users\/7"}],"replies":[{"embeddable":true,"href":"https:\/\/www.americanonewspaper.com\/es\/wp-json\/wp\/v2\/comments?post=23788"}],"version-history":[{"count":1,"href":"https:\/\/www.americanonewspaper.com\/es\/wp-json\/wp\/v2\/posts\/23788\/revisions"}],"predecessor-version":[{"id":23791,"href":"https:\/\/www.americanonewspaper.com\/es\/wp-json\/wp\/v2\/posts\/23788\/revisions\/23791"}],"wp:featuredmedia":[{"embeddable":true,"href":"https:\/\/www.americanonewspaper.com\/es\/wp-json\/wp\/v2\/media\/23789"}],"wp:attachment":[{"href":"https:\/\/www.americanonewspaper.com\/es\/wp-json\/wp\/v2\/media?parent=23788"}],"wp:term":[{"taxonomy":"category","embeddable":true,"href":"https:\/\/www.americanonewspaper.com\/es\/wp-json\/wp\/v2\/categories?post=23788"},{"taxonomy":"post_tag","embeddable":true,"href":"https:\/\/www.americanonewspaper.com\/es\/wp-json\/wp\/v2\/tags?post=23788"}],"curies":[{"name":"wp","href":"https:\/\/api.w.org\/{rel}","templated":true}]}}