{"id":23189,"date":"2024-09-07T00:39:46","date_gmt":"2024-09-07T04:39:46","guid":{"rendered":"https:\/\/www.americanonewspaper.com\/es\/?p=23189"},"modified":"2024-09-07T00:39:49","modified_gmt":"2024-09-07T04:39:49","slug":"avion-accidentado-en-brasil-con-62-victimas","status":"publish","type":"post","link":"https:\/\/www.americanonewspaper.com\/es\/brasil\/avion-accidentado-en-brasil-con-62-victimas\/","title":{"rendered":"Avi\u00f3n accidentado en Brasil con 62 v\u00edctimas"},"content":{"rendered":"\n<p>R\u00edo de Janeiro, 6 sep (EFE).<\/p>\n\n\n\n<p class=\"has-drop-cap\">El informe preliminar sobre el accidente del avi\u00f3n de la aerol\u00ednea Voepass que dej\u00f3 62 v\u00edctimas el pasado 9 de agosto en Brasil indica que el aparato vol\u00f3 en condiciones &#8220;severas&#8221; de acumulaci\u00f3n de hielo en su fuselaje durante una hora, pero los investigadores a\u00fan no confirman si \u00e9sta fue la causa de la tragedia.<\/p>\n\n\n\n<p>De acuerdo con el informe divulgado este viernes por el Centro de Investigaci\u00f3n y Prevenci\u00f3n de Accidentes Aeron\u00e1uticos (Cenipa), el avi\u00f3n que cay\u00f3 en un condominio de viviendas en Vinhedo, ciudad en el interior del estado de Sao Paulo, perdi\u00f3 el control y comenz\u00f3 a caer luego de que sus pilotos encendieran al menos tres veces el sistema que quiebra el hielo en el fuselaje.<\/p>\n\n\n\n<p>Estos datos, sin embargo, son preliminares y no permiten confirmar a\u00fan que esa fue la causa del accidente, lo que los investigadores intentar\u00e1n verificar con nuevas informaciones, aclar\u00f3 el director del Cenipa, brigadier general Marcelo Moreno.<\/p>\n\n\n\n<p>&#8220;Por la complejidad de la investigaci\u00f3n tenemos que agotar todas las dem\u00e1s hip\u00f3tesis. Lo que tenemos de hecho hasta ahora es que la aeronave no ten\u00eda nada que le impidiera despegar; que estaba certificada para volar en condiciones de formaci\u00f3n de hielo; que la tripulaci\u00f3n estaba entrenada para volar en esas condiciones y que en ning\u00fan momento declararon una emergencia&#8221;, dijo.<\/p>\n\n\n\n<figure class=\"wp-block-image size-large is-resized\"><a href=\"https:\/\/clients.njsbdc.com\/workshop.aspx?ekey=21440039&amp;fbclid=IwY2xjawFBPxFleHRuA2FlbQIxMAABHXMTAUfWLYc01ZPPsv6qfb9XvLZcf6FdFdEkcW4hiyKDn1duI7fHP9gyKw_aem_wJBKKEcN0pdN4lw-cKdL6A\" target=\"_blank\" rel=\"noreferrer noopener\"><img fetchpriority=\"high\" decoding=\"async\" width=\"800\" height=\"367\" src=\"https:\/\/www.americanonewspaper.com\/es\/wp-content\/uploads\/2024\/08\/Lilian-copy-800x367.jpg\" alt=\"\" class=\"wp-image-23138\" style=\"width:1068px;height:auto\" srcset=\"https:\/\/www.americanonewspaper.com\/es\/wp-content\/uploads\/2024\/08\/Lilian-copy-800x367.jpg 800w, https:\/\/www.americanonewspaper.com\/es\/wp-content\/uploads\/2024\/08\/Lilian-copy-300x138.jpg 300w, https:\/\/www.americanonewspaper.com\/es\/wp-content\/uploads\/2024\/08\/Lilian-copy-768x352.jpg 768w, https:\/\/www.americanonewspaper.com\/es\/wp-content\/uploads\/2024\/08\/Lilian-copy-150x69.jpg 150w, https:\/\/www.americanonewspaper.com\/es\/wp-content\/uploads\/2024\/08\/Lilian-copy-696x319.jpg 696w, https:\/\/www.americanonewspaper.com\/es\/wp-content\/uploads\/2024\/08\/Lilian-copy-1068x490.jpg 1068w, https:\/\/www.americanonewspaper.com\/es\/wp-content\/uploads\/2024\/08\/Lilian-copy.jpg 1200w\" sizes=\"(max-width: 800px) 100vw, 800px\" \/><\/a><\/figure>\n\n\n\n<p>Seg\u00fan los investigadores del organismo vinculado a la Fuerza A\u00e9rea Brasile\u00f1a (FAB), los pilotos conoc\u00edan desde antes de despegar las dif\u00edciles condiciones meteorol\u00f3gicas, ya que los servicios alertaban sobre la alta posibilidad de formaci\u00f3n de hielo en alturas entre 12.000 y 20.000 pies, y el avi\u00f3n vol\u00f3 a 17.000 pies.<\/p>\n\n\n\n<p>Los servicios meteorol\u00f3gicos tambi\u00e9n alertaron sobre la ca\u00edda de la temperatura y la alta humedad en la ruta del avi\u00f3n, que son condiciones propicias para la acumulaci\u00f3n de hielo.<\/p>\n\n\n\n<p>Esas condiciones fueron comprobadas por los datos de los grabadores de vuelo (cajas negras) y hasta el copiloto lleg\u00f3 a comentar dos minutos antes del accidente que hab\u00eda &#8220;bastante hielo&#8221;.<\/p>\n\n\n\n<figure class=\"wp-block-image size-large is-resized\"><img decoding=\"async\" width=\"800\" height=\"366\" src=\"https:\/\/www.americanonewspaper.com\/es\/wp-content\/uploads\/2024\/08\/GGlSpanish-800x366.png\" alt=\"\" class=\"wp-image-23034\" style=\"width:1068px;height:auto\" srcset=\"https:\/\/www.americanonewspaper.com\/es\/wp-content\/uploads\/2024\/08\/GGlSpanish-800x366.png 800w, https:\/\/www.americanonewspaper.com\/es\/wp-content\/uploads\/2024\/08\/GGlSpanish-300x137.png 300w, https:\/\/www.americanonewspaper.com\/es\/wp-content\/uploads\/2024\/08\/GGlSpanish-768x351.png 768w, https:\/\/www.americanonewspaper.com\/es\/wp-content\/uploads\/2024\/08\/GGlSpanish-150x69.png 150w, https:\/\/www.americanonewspaper.com\/es\/wp-content\/uploads\/2024\/08\/GGlSpanish-696x318.png 696w, https:\/\/www.americanonewspaper.com\/es\/wp-content\/uploads\/2024\/08\/GGlSpanish-1068x489.png 1068w, https:\/\/www.americanonewspaper.com\/es\/wp-content\/uploads\/2024\/08\/GGlSpanish.png 1200w\" sizes=\"(max-width: 800px) 100vw, 800px\" \/><\/figure>\n\n\n\n<p>El informe tambi\u00e9n revel\u00f3 que los propios pilotos llegaron a comentar durante el vuelo sobre alg\u00fan problema en el sistema de prevenci\u00f3n de formaci\u00f3n de hielo y que volaron durante seis minutos sin la herramienta encendida, aunque a\u00fan no se sabe el motivo.<\/p>\n\n\n\n<p>&#8220;Hay un comentario en que uno de los tripulantes indica que habr\u00eda una falla en el sistema de deshielo, pero esa informaci\u00f3n no fue confirmada en el sistema de datos&#8221;, aclar\u00f3 Moreno.<\/p>\n\n\n\n<p>De acuerdo con el informe, al recibir la autorizaci\u00f3n para dirigirse al aeropuerto de Sao Paulo y aterrizar, el avi\u00f3n inici\u00f3 una curva hacia la derecha con una inclinaci\u00f3n de 32 grados, pero enseguida gir\u00f3 s\u00fabitamente hacia la izquierda con inclinaci\u00f3n de 52 grados y nuevamente hacia la derecha con inclinaci\u00f3n de 94 grados.<\/p>\n\n\n\n<p>Los investigadores dijeron que a\u00fan no saben si tales maniobras fueron hechas por el propio piloto para intentar controlar la nave o si fueron consecuencia de la inestabilidad del aparato.<\/p>\n\n\n\n<figure class=\"wp-block-image size-large is-resized\"><a href=\"https:\/\/www.nissanofnorthplainfield.com\/?utm_source=gmb&amp;utm_medium=organic&amp;utm_campaign=website-button\" target=\"_blank\" rel=\"noreferrer noopener\"><img decoding=\"async\" width=\"800\" height=\"382\" src=\"https:\/\/www.americanonewspaper.com\/es\/wp-content\/uploads\/2024\/08\/Nissan-copy-3-800x382.jpg\" alt=\"\" class=\"wp-image-23033\" style=\"width:1068px;height:auto\" srcset=\"https:\/\/www.americanonewspaper.com\/es\/wp-content\/uploads\/2024\/08\/Nissan-copy-3-800x382.jpg 800w, https:\/\/www.americanonewspaper.com\/es\/wp-content\/uploads\/2024\/08\/Nissan-copy-3-300x143.jpg 300w, https:\/\/www.americanonewspaper.com\/es\/wp-content\/uploads\/2024\/08\/Nissan-copy-3-768x367.jpg 768w, https:\/\/www.americanonewspaper.com\/es\/wp-content\/uploads\/2024\/08\/Nissan-copy-3-150x72.jpg 150w, https:\/\/www.americanonewspaper.com\/es\/wp-content\/uploads\/2024\/08\/Nissan-copy-3-696x332.jpg 696w, https:\/\/www.americanonewspaper.com\/es\/wp-content\/uploads\/2024\/08\/Nissan-copy-3-1068x510.jpg 1068w, https:\/\/www.americanonewspaper.com\/es\/wp-content\/uploads\/2024\/08\/Nissan-copy-3.jpg 1200w\" sizes=\"(max-width: 800px) 100vw, 800px\" \/><\/a><figcaption class=\"wp-element-caption\">Reclame $Mil d\u00f3lares de descuento en su compra de un auto o cami\u00f3n nuevo o usado.<\/figcaption><\/figure>\n\n\n\n<p>Enseguida la aeronave cay\u00f3 en barrena, con cinco giros sobre su eje antes de estrellarse en tierra.<\/p>\n\n\n\n<p>El avi\u00f3n accidentado, un bimotor de modelo ATR-72-500 y fabricaci\u00f3n francesa, cubr\u00eda el trayecto entre la ciudad de Cascavel y S\u00e3o Paulo con 58 pasajeros y cuatro tripulantes a bordo, y se estrell\u00f3 cuando le quedaban unos 80 kil\u00f3metros para llegar a su destino.<\/p>\n\n\n\n<p>Pese a caer en un \u00e1rea residencial, el aparato se precipit\u00f3 en los patios traseros de un conjunto de viviendas sin afectar ninguna edificaci\u00f3n ni dejar ninguna v\u00edctima en tierra.<\/p>\n\n\n\n<p><\/p>\n","protected":false},"excerpt":{"rendered":"<p>R\u00edo de Janeiro, 6 sep (EFE). El informe preliminar sobre el accidente del avi\u00f3n de la aerol\u00ednea Voepass que dej\u00f3 62 v\u00edctimas el pasado 9 de agosto en Brasil indica que el aparato vol\u00f3 en condiciones &#8220;severas&#8221; de acumulaci\u00f3n de hielo en su fuselaje durante una hora, pero los investigadores a\u00fan no confirman si \u00e9sta [&hellip;]<\/p>\n","protected":false},"author":14,"featured_media":23190,"comment_status":"open","ping_status":"open","sticky":true,"template":"","format":"standard","meta":{"_acf_changed":false,"tdm_status":"","tdm_grid_status":"","_jetpack_memberships_contains_paid_content":false,"footnotes":"","jetpack_publicize_message":"","jetpack_publicize_feature_enabled":true,"jetpack_social_post_already_shared":true,"jetpack_social_options":{"image_generator_settings":{"template":"highway","default_image_id":0,"font":"","enabled":false},"version":2},"_wpas_customize_per_network":false},"categories":[684,773,647],"tags":[],"class_list":{"0":"post-23189","1":"post","2":"type-post","3":"status-publish","4":"format-standard","5":"has-post-thumbnail","7":"category-accidente","8":"category-avion","9":"category-brasil"},"acf":[],"yoast_head":"<!-- This site is optimized with the Yoast SEO Premium plugin v27.5 (Yoast SEO v27.5) - https:\/\/yoast.com\/product\/yoast-seo-premium-wordpress\/ -->\n<title>Avi\u00f3n accidentado en Brasil con 62 v\u00edctimas - Americano Newspaper<\/title>\n<meta name=\"description\" content=\"El informe preliminar sobre el accidente del avi\u00f3n de la aerol\u00ednea Voepass que dej\u00f3 62 v\u00edctimas el pasado 9 de agosto en Brasil indica que el aparato vol\u00f3 en condiciones &quot;severas&quot; de acumulaci\u00f3n de hielo en su fuselaje durante una hora, pero los investigadores a\u00fan no confirman si \u00e9sta fue la causa de la tragedia.\" \/>\n<meta name=\"robots\" content=\"index, follow, max-snippet:-1, max-image-preview:large, max-video-preview:-1\" \/>\n<link rel=\"canonical\" href=\"https:\/\/www.americanonewspaper.com\/es\/brasil\/avion-accidentado-en-brasil-con-62-victimas\/\" \/>\n<meta property=\"og:locale\" content=\"en_US\" \/>\n<meta property=\"og:type\" content=\"article\" \/>\n<meta property=\"og:title\" content=\"Avi\u00f3n accidentado en Brasil con 62 v\u00edctimas\" \/>\n<meta property=\"og:description\" content=\"El informe preliminar sobre el accidente del avi\u00f3n de la aerol\u00ednea Voepass que dej\u00f3 62 v\u00edctimas el pasado 9 de agosto en Brasil indica que el aparato vol\u00f3 en condiciones &quot;severas&quot; de acumulaci\u00f3n de hielo en su fuselaje durante una hora, pero los investigadores a\u00fan no confirman si \u00e9sta fue la causa de la tragedia.\" \/>\n<meta property=\"og:url\" content=\"https:\/\/www.americanonewspaper.com\/es\/brasil\/avion-accidentado-en-brasil-con-62-victimas\/\" \/>\n<meta property=\"og:site_name\" content=\"Americano Newspaper\" \/>\n<meta property=\"article:publisher\" content=\"https:\/\/www.facebook.com\/AmericanoNewspaper\/\" \/>\n<meta property=\"article:published_time\" content=\"2024-09-07T04:39:46+00:00\" \/>\n<meta property=\"article:modified_time\" content=\"2024-09-07T04:39:49+00:00\" \/>\n<meta property=\"og:image\" content=\"https:\/\/www.americanonewspaper.com\/es\/wp-content\/uploads\/2024\/09\/701b081381ed2301215d509ac3291d14d3144690miniw.jpg\" \/>\n\t<meta property=\"og:image:width\" content=\"900\" \/>\n\t<meta property=\"og:image:height\" content=\"599\" \/>\n\t<meta property=\"og:image:type\" content=\"image\/jpeg\" \/>\n<meta name=\"author\" content=\"Harmony Quintana\" \/>\n<meta name=\"twitter:card\" content=\"summary_large_image\" \/>\n<meta name=\"twitter:label1\" content=\"Written by\" \/>\n\t<meta name=\"twitter:data1\" content=\"Harmony Quintana\" \/>\n\t<meta name=\"twitter:label2\" content=\"Est. reading time\" \/>\n\t<meta name=\"twitter:data2\" content=\"4 minutes\" \/>\n<script type=\"application\/ld+json\" class=\"yoast-schema-graph\">{\"@context\":\"https:\\\/\\\/schema.org\",\"@graph\":[{\"@type\":\"Article\",\"@id\":\"https:\\\/\\\/www.americanonewspaper.com\\\/es\\\/brasil\\\/avion-accidentado-en-brasil-con-62-victimas\\\/#article\",\"isPartOf\":{\"@id\":\"https:\\\/\\\/www.americanonewspaper.com\\\/es\\\/brasil\\\/avion-accidentado-en-brasil-con-62-victimas\\\/\"},\"author\":{\"name\":\"Harmony Quintana\",\"@id\":\"https:\\\/\\\/www.americanonewspaper.com\\\/es\\\/#\\\/schema\\\/person\\\/82c7c1ac5e9a005b627b6c7db5361c90\"},\"headline\":\"Avi\u00f3n accidentado en Brasil con 62 v\u00edctimas\",\"datePublished\":\"2024-09-07T04:39:46+00:00\",\"dateModified\":\"2024-09-07T04:39:49+00:00\",\"mainEntityOfPage\":{\"@id\":\"https:\\\/\\\/www.americanonewspaper.com\\\/es\\\/brasil\\\/avion-accidentado-en-brasil-con-62-victimas\\\/\"},\"wordCount\":652,\"commentCount\":0,\"publisher\":{\"@id\":\"https:\\\/\\\/www.americanonewspaper.com\\\/es\\\/#organization\"},\"image\":{\"@id\":\"https:\\\/\\\/www.americanonewspaper.com\\\/es\\\/brasil\\\/avion-accidentado-en-brasil-con-62-victimas\\\/#primaryimage\"},\"thumbnailUrl\":\"https:\\\/\\\/www.americanonewspaper.com\\\/es\\\/wp-content\\\/uploads\\\/2024\\\/09\\\/701b081381ed2301215d509ac3291d14d3144690miniw.jpg\",\"articleSection\":[\"Accidente\",\"Avi\u00f3n\",\"Brasil\"],\"inLanguage\":\"en-US\",\"potentialAction\":[{\"@type\":\"CommentAction\",\"name\":\"Comment\",\"target\":[\"https:\\\/\\\/www.americanonewspaper.com\\\/es\\\/brasil\\\/avion-accidentado-en-brasil-con-62-victimas\\\/#respond\"]}]},{\"@type\":\"WebPage\",\"@id\":\"https:\\\/\\\/www.americanonewspaper.com\\\/es\\\/brasil\\\/avion-accidentado-en-brasil-con-62-victimas\\\/\",\"url\":\"https:\\\/\\\/www.americanonewspaper.com\\\/es\\\/brasil\\\/avion-accidentado-en-brasil-con-62-victimas\\\/\",\"name\":\"Avi\u00f3n accidentado en Brasil con 62 v\u00edctimas - Americano Newspaper\",\"isPartOf\":{\"@id\":\"https:\\\/\\\/www.americanonewspaper.com\\\/es\\\/#website\"},\"primaryImageOfPage\":{\"@id\":\"https:\\\/\\\/www.americanonewspaper.com\\\/es\\\/brasil\\\/avion-accidentado-en-brasil-con-62-victimas\\\/#primaryimage\"},\"image\":{\"@id\":\"https:\\\/\\\/www.americanonewspaper.com\\\/es\\\/brasil\\\/avion-accidentado-en-brasil-con-62-victimas\\\/#primaryimage\"},\"thumbnailUrl\":\"https:\\\/\\\/www.americanonewspaper.com\\\/es\\\/wp-content\\\/uploads\\\/2024\\\/09\\\/701b081381ed2301215d509ac3291d14d3144690miniw.jpg\",\"datePublished\":\"2024-09-07T04:39:46+00:00\",\"dateModified\":\"2024-09-07T04:39:49+00:00\",\"description\":\"El informe preliminar sobre el accidente del avi\u00f3n de la aerol\u00ednea Voepass que dej\u00f3 62 v\u00edctimas el pasado 9 de agosto en Brasil indica que el aparato vol\u00f3 en condiciones \\\"severas\\\" de acumulaci\u00f3n de hielo en su fuselaje durante una hora, pero los investigadores a\u00fan no confirman si \u00e9sta fue la causa de la tragedia.\",\"breadcrumb\":{\"@id\":\"https:\\\/\\\/www.americanonewspaper.com\\\/es\\\/brasil\\\/avion-accidentado-en-brasil-con-62-victimas\\\/#breadcrumb\"},\"inLanguage\":\"en-US\",\"potentialAction\":[{\"@type\":\"ReadAction\",\"target\":[\"https:\\\/\\\/www.americanonewspaper.com\\\/es\\\/brasil\\\/avion-accidentado-en-brasil-con-62-victimas\\\/\"]}]},{\"@type\":\"ImageObject\",\"inLanguage\":\"en-US\",\"@id\":\"https:\\\/\\\/www.americanonewspaper.com\\\/es\\\/brasil\\\/avion-accidentado-en-brasil-con-62-victimas\\\/#primaryimage\",\"url\":\"https:\\\/\\\/www.americanonewspaper.com\\\/es\\\/wp-content\\\/uploads\\\/2024\\\/09\\\/701b081381ed2301215d509ac3291d14d3144690miniw.jpg\",\"contentUrl\":\"https:\\\/\\\/www.americanonewspaper.com\\\/es\\\/wp-content\\\/uploads\\\/2024\\\/09\\\/701b081381ed2301215d509ac3291d14d3144690miniw.jpg\",\"width\":900,\"height\":599,\"caption\":\"AME9472. VINHEDO (BRASIL), 10\\\/08\\\/2024.- Fotograf\u00eda a\u00e9rea del 10 de agosto de 2024 que muestra agentes de polic\u00eda cient\u00edfica de Brasil y bomberos trabajando en el sitio donde se estrell\u00f3 un avi\u00f3n. EFE\\\/ Isaac Fontana\"},{\"@type\":\"BreadcrumbList\",\"@id\":\"https:\\\/\\\/www.americanonewspaper.com\\\/es\\\/brasil\\\/avion-accidentado-en-brasil-con-62-victimas\\\/#breadcrumb\",\"itemListElement\":[{\"@type\":\"ListItem\",\"position\":1,\"name\":\"Home\",\"item\":\"https:\\\/\\\/www.americanonewspaper.com\\\/es\\\/\"},{\"@type\":\"ListItem\",\"position\":2,\"name\":\"Avi\u00f3n accidentado en Brasil con 62 v\u00edctimas\"}]},{\"@type\":\"WebSite\",\"@id\":\"https:\\\/\\\/www.americanonewspaper.com\\\/es\\\/#website\",\"url\":\"https:\\\/\\\/www.americanonewspaper.com\\\/es\\\/\",\"name\":\"Americano Newspaper\",\"description\":\"The Hispanic Newspaper of New Jersey.\",\"publisher\":{\"@id\":\"https:\\\/\\\/www.americanonewspaper.com\\\/es\\\/#organization\"},\"potentialAction\":[{\"@type\":\"SearchAction\",\"target\":{\"@type\":\"EntryPoint\",\"urlTemplate\":\"https:\\\/\\\/www.americanonewspaper.com\\\/es\\\/?s={search_term_string}\"},\"query-input\":{\"@type\":\"PropertyValueSpecification\",\"valueRequired\":true,\"valueName\":\"search_term_string\"}}],\"inLanguage\":\"en-US\"},{\"@type\":\"Organization\",\"@id\":\"https:\\\/\\\/www.americanonewspaper.com\\\/es\\\/#organization\",\"name\":\"Americano Newspaper\",\"url\":\"https:\\\/\\\/www.americanonewspaper.com\\\/es\\\/\",\"logo\":{\"@type\":\"ImageObject\",\"inLanguage\":\"en-US\",\"@id\":\"https:\\\/\\\/www.americanonewspaper.com\\\/es\\\/#\\\/schema\\\/logo\\\/image\\\/\",\"url\":\"https:\\\/\\\/www.americanonewspaper.com\\\/es\\\/wp-content\\\/uploads\\\/2024\\\/05\\\/AmericanoLogoCircle.comCircle2.jpg\",\"contentUrl\":\"https:\\\/\\\/www.americanonewspaper.com\\\/es\\\/wp-content\\\/uploads\\\/2024\\\/05\\\/AmericanoLogoCircle.comCircle2.jpg\",\"width\":600,\"height\":600,\"caption\":\"Americano Newspaper\"},\"image\":{\"@id\":\"https:\\\/\\\/www.americanonewspaper.com\\\/es\\\/#\\\/schema\\\/logo\\\/image\\\/\"},\"sameAs\":[\"https:\\\/\\\/www.facebook.com\\\/AmericanoNewspaper\\\/\"]},{\"@type\":\"Person\",\"@id\":\"https:\\\/\\\/www.americanonewspaper.com\\\/es\\\/#\\\/schema\\\/person\\\/82c7c1ac5e9a005b627b6c7db5361c90\",\"name\":\"Harmony Quintana\",\"image\":{\"@type\":\"ImageObject\",\"inLanguage\":\"en-US\",\"@id\":\"https:\\\/\\\/www.americanonewspaper.com\\\/es\\\/wp-content\\\/litespeed\\\/avatar\\\/656e5d40e40a67e90b0fee2acae8a764.jpg?ver=1777427866\",\"url\":\"https:\\\/\\\/www.americanonewspaper.com\\\/es\\\/wp-content\\\/litespeed\\\/avatar\\\/656e5d40e40a67e90b0fee2acae8a764.jpg?ver=1777427866\",\"contentUrl\":\"https:\\\/\\\/www.americanonewspaper.com\\\/es\\\/wp-content\\\/litespeed\\\/avatar\\\/656e5d40e40a67e90b0fee2acae8a764.jpg?ver=1777427866\",\"caption\":\"Harmony Quintana\"},\"sameAs\":[\"http:\\\/\\\/www.americanonewspaper.com\"],\"url\":\"https:\\\/\\\/www.americanonewspaper.com\\\/es\\\/author\\\/harmony\\\/\"}]}<\/script>\n<!-- \/ Yoast SEO Premium plugin. -->","yoast_head_json":{"title":"Avi\u00f3n accidentado en Brasil con 62 v\u00edctimas - Americano Newspaper","description":"El informe preliminar sobre el accidente del avi\u00f3n de la aerol\u00ednea Voepass que dej\u00f3 62 v\u00edctimas el pasado 9 de agosto en Brasil indica que el aparato vol\u00f3 en condiciones \"severas\" de acumulaci\u00f3n de hielo en su fuselaje durante una hora, pero los investigadores a\u00fan no confirman si \u00e9sta fue la causa de la tragedia.","robots":{"index":"index","follow":"follow","max-snippet":"max-snippet:-1","max-image-preview":"max-image-preview:large","max-video-preview":"max-video-preview:-1"},"canonical":"https:\/\/www.americanonewspaper.com\/es\/brasil\/avion-accidentado-en-brasil-con-62-victimas\/","og_locale":"en_US","og_type":"article","og_title":"Avi\u00f3n accidentado en Brasil con 62 v\u00edctimas","og_description":"El informe preliminar sobre el accidente del avi\u00f3n de la aerol\u00ednea Voepass que dej\u00f3 62 v\u00edctimas el pasado 9 de agosto en Brasil indica que el aparato vol\u00f3 en condiciones \"severas\" de acumulaci\u00f3n de hielo en su fuselaje durante una hora, pero los investigadores a\u00fan no confirman si \u00e9sta fue la causa de la tragedia.","og_url":"https:\/\/www.americanonewspaper.com\/es\/brasil\/avion-accidentado-en-brasil-con-62-victimas\/","og_site_name":"Americano Newspaper","article_publisher":"https:\/\/www.facebook.com\/AmericanoNewspaper\/","article_published_time":"2024-09-07T04:39:46+00:00","article_modified_time":"2024-09-07T04:39:49+00:00","og_image":[{"width":900,"height":599,"url":"https:\/\/www.americanonewspaper.com\/es\/wp-content\/uploads\/2024\/09\/701b081381ed2301215d509ac3291d14d3144690miniw.jpg","type":"image\/jpeg"}],"author":"Harmony Quintana","twitter_card":"summary_large_image","twitter_misc":{"Written by":"Harmony Quintana","Est. reading time":"4 minutes"},"schema":{"@context":"https:\/\/schema.org","@graph":[{"@type":"Article","@id":"https:\/\/www.americanonewspaper.com\/es\/brasil\/avion-accidentado-en-brasil-con-62-victimas\/#article","isPartOf":{"@id":"https:\/\/www.americanonewspaper.com\/es\/brasil\/avion-accidentado-en-brasil-con-62-victimas\/"},"author":{"name":"Harmony Quintana","@id":"https:\/\/www.americanonewspaper.com\/es\/#\/schema\/person\/82c7c1ac5e9a005b627b6c7db5361c90"},"headline":"Avi\u00f3n accidentado en Brasil con 62 v\u00edctimas","datePublished":"2024-09-07T04:39:46+00:00","dateModified":"2024-09-07T04:39:49+00:00","mainEntityOfPage":{"@id":"https:\/\/www.americanonewspaper.com\/es\/brasil\/avion-accidentado-en-brasil-con-62-victimas\/"},"wordCount":652,"commentCount":0,"publisher":{"@id":"https:\/\/www.americanonewspaper.com\/es\/#organization"},"image":{"@id":"https:\/\/www.americanonewspaper.com\/es\/brasil\/avion-accidentado-en-brasil-con-62-victimas\/#primaryimage"},"thumbnailUrl":"https:\/\/www.americanonewspaper.com\/es\/wp-content\/uploads\/2024\/09\/701b081381ed2301215d509ac3291d14d3144690miniw.jpg","articleSection":["Accidente","Avi\u00f3n","Brasil"],"inLanguage":"en-US","potentialAction":[{"@type":"CommentAction","name":"Comment","target":["https:\/\/www.americanonewspaper.com\/es\/brasil\/avion-accidentado-en-brasil-con-62-victimas\/#respond"]}]},{"@type":"WebPage","@id":"https:\/\/www.americanonewspaper.com\/es\/brasil\/avion-accidentado-en-brasil-con-62-victimas\/","url":"https:\/\/www.americanonewspaper.com\/es\/brasil\/avion-accidentado-en-brasil-con-62-victimas\/","name":"Avi\u00f3n accidentado en Brasil con 62 v\u00edctimas - Americano Newspaper","isPartOf":{"@id":"https:\/\/www.americanonewspaper.com\/es\/#website"},"primaryImageOfPage":{"@id":"https:\/\/www.americanonewspaper.com\/es\/brasil\/avion-accidentado-en-brasil-con-62-victimas\/#primaryimage"},"image":{"@id":"https:\/\/www.americanonewspaper.com\/es\/brasil\/avion-accidentado-en-brasil-con-62-victimas\/#primaryimage"},"thumbnailUrl":"https:\/\/www.americanonewspaper.com\/es\/wp-content\/uploads\/2024\/09\/701b081381ed2301215d509ac3291d14d3144690miniw.jpg","datePublished":"2024-09-07T04:39:46+00:00","dateModified":"2024-09-07T04:39:49+00:00","description":"El informe preliminar sobre el accidente del avi\u00f3n de la aerol\u00ednea Voepass que dej\u00f3 62 v\u00edctimas el pasado 9 de agosto en Brasil indica que el aparato vol\u00f3 en condiciones \"severas\" de acumulaci\u00f3n de hielo en su fuselaje durante una hora, pero los investigadores a\u00fan no confirman si \u00e9sta fue la causa de la tragedia.","breadcrumb":{"@id":"https:\/\/www.americanonewspaper.com\/es\/brasil\/avion-accidentado-en-brasil-con-62-victimas\/#breadcrumb"},"inLanguage":"en-US","potentialAction":[{"@type":"ReadAction","target":["https:\/\/www.americanonewspaper.com\/es\/brasil\/avion-accidentado-en-brasil-con-62-victimas\/"]}]},{"@type":"ImageObject","inLanguage":"en-US","@id":"https:\/\/www.americanonewspaper.com\/es\/brasil\/avion-accidentado-en-brasil-con-62-victimas\/#primaryimage","url":"https:\/\/www.americanonewspaper.com\/es\/wp-content\/uploads\/2024\/09\/701b081381ed2301215d509ac3291d14d3144690miniw.jpg","contentUrl":"https:\/\/www.americanonewspaper.com\/es\/wp-content\/uploads\/2024\/09\/701b081381ed2301215d509ac3291d14d3144690miniw.jpg","width":900,"height":599,"caption":"AME9472. VINHEDO (BRASIL), 10\/08\/2024.- Fotograf\u00eda a\u00e9rea del 10 de agosto de 2024 que muestra agentes de polic\u00eda cient\u00edfica de Brasil y bomberos trabajando en el sitio donde se estrell\u00f3 un avi\u00f3n. EFE\/ Isaac Fontana"},{"@type":"BreadcrumbList","@id":"https:\/\/www.americanonewspaper.com\/es\/brasil\/avion-accidentado-en-brasil-con-62-victimas\/#breadcrumb","itemListElement":[{"@type":"ListItem","position":1,"name":"Home","item":"https:\/\/www.americanonewspaper.com\/es\/"},{"@type":"ListItem","position":2,"name":"Avi\u00f3n accidentado en Brasil con 62 v\u00edctimas"}]},{"@type":"WebSite","@id":"https:\/\/www.americanonewspaper.com\/es\/#website","url":"https:\/\/www.americanonewspaper.com\/es\/","name":"Americano Newspaper","description":"The Hispanic Newspaper of New Jersey.","publisher":{"@id":"https:\/\/www.americanonewspaper.com\/es\/#organization"},"potentialAction":[{"@type":"SearchAction","target":{"@type":"EntryPoint","urlTemplate":"https:\/\/www.americanonewspaper.com\/es\/?s={search_term_string}"},"query-input":{"@type":"PropertyValueSpecification","valueRequired":true,"valueName":"search_term_string"}}],"inLanguage":"en-US"},{"@type":"Organization","@id":"https:\/\/www.americanonewspaper.com\/es\/#organization","name":"Americano Newspaper","url":"https:\/\/www.americanonewspaper.com\/es\/","logo":{"@type":"ImageObject","inLanguage":"en-US","@id":"https:\/\/www.americanonewspaper.com\/es\/#\/schema\/logo\/image\/","url":"https:\/\/www.americanonewspaper.com\/es\/wp-content\/uploads\/2024\/05\/AmericanoLogoCircle.comCircle2.jpg","contentUrl":"https:\/\/www.americanonewspaper.com\/es\/wp-content\/uploads\/2024\/05\/AmericanoLogoCircle.comCircle2.jpg","width":600,"height":600,"caption":"Americano Newspaper"},"image":{"@id":"https:\/\/www.americanonewspaper.com\/es\/#\/schema\/logo\/image\/"},"sameAs":["https:\/\/www.facebook.com\/AmericanoNewspaper\/"]},{"@type":"Person","@id":"https:\/\/www.americanonewspaper.com\/es\/#\/schema\/person\/82c7c1ac5e9a005b627b6c7db5361c90","name":"Harmony Quintana","image":{"@type":"ImageObject","inLanguage":"en-US","@id":"https:\/\/www.americanonewspaper.com\/es\/wp-content\/litespeed\/avatar\/656e5d40e40a67e90b0fee2acae8a764.jpg?ver=1777427866","url":"https:\/\/www.americanonewspaper.com\/es\/wp-content\/litespeed\/avatar\/656e5d40e40a67e90b0fee2acae8a764.jpg?ver=1777427866","contentUrl":"https:\/\/www.americanonewspaper.com\/es\/wp-content\/litespeed\/avatar\/656e5d40e40a67e90b0fee2acae8a764.jpg?ver=1777427866","caption":"Harmony Quintana"},"sameAs":["http:\/\/www.americanonewspaper.com"],"url":"https:\/\/www.americanonewspaper.com\/es\/author\/harmony\/"}]}},"jetpack_publicize_connections":[],"jetpack_featured_media_url":"https:\/\/www.americanonewspaper.com\/es\/wp-content\/uploads\/2024\/09\/701b081381ed2301215d509ac3291d14d3144690miniw.jpg","featured_image_urls":{"full":["https:\/\/www.americanonewspaper.com\/es\/wp-content\/uploads\/2024\/09\/701b081381ed2301215d509ac3291d14d3144690miniw.jpg",900,599,false],"thumbnail":["https:\/\/www.americanonewspaper.com\/es\/wp-content\/uploads\/2024\/09\/701b081381ed2301215d509ac3291d14d3144690miniw-250x250.jpg",250,250,true],"medium":["https:\/\/www.americanonewspaper.com\/es\/wp-content\/uploads\/2024\/09\/701b081381ed2301215d509ac3291d14d3144690miniw-300x200.jpg",300,200,true],"medium_large":["https:\/\/www.americanonewspaper.com\/es\/wp-content\/uploads\/2024\/09\/701b081381ed2301215d509ac3291d14d3144690miniw-768x511.jpg",696,463,true],"large":["https:\/\/www.americanonewspaper.com\/es\/wp-content\/uploads\/2024\/09\/701b081381ed2301215d509ac3291d14d3144690miniw-751x500.jpg",696,463,true],"1536x1536":["https:\/\/www.americanonewspaper.com\/es\/wp-content\/uploads\/2024\/09\/701b081381ed2301215d509ac3291d14d3144690miniw.jpg",900,599,false],"2048x2048":["https:\/\/www.americanonewspaper.com\/es\/wp-content\/uploads\/2024\/09\/701b081381ed2301215d509ac3291d14d3144690miniw.jpg",900,599,false],"td_150x0":["https:\/\/www.americanonewspaper.com\/es\/wp-content\/uploads\/2024\/09\/701b081381ed2301215d509ac3291d14d3144690miniw-150x100.jpg",150,100,true],"td_218x150":["https:\/\/www.americanonewspaper.com\/es\/wp-content\/uploads\/2024\/09\/701b081381ed2301215d509ac3291d14d3144690miniw-218x150.jpg",218,150,true],"td_300x0":["https:\/\/www.americanonewspaper.com\/es\/wp-content\/uploads\/2024\/09\/701b081381ed2301215d509ac3291d14d3144690miniw-300x200.jpg",300,200,true],"td_324x400":["https:\/\/www.americanonewspaper.com\/es\/wp-content\/uploads\/2024\/09\/701b081381ed2301215d509ac3291d14d3144690miniw-324x400.jpg",324,400,true],"td_485x360":["https:\/\/www.americanonewspaper.com\/es\/wp-content\/uploads\/2024\/09\/701b081381ed2301215d509ac3291d14d3144690miniw-485x360.jpg",485,360,true],"td_696x0":["https:\/\/www.americanonewspaper.com\/es\/wp-content\/uploads\/2024\/09\/701b081381ed2301215d509ac3291d14d3144690miniw-696x463.jpg",696,463,true],"td_1068x0":["https:\/\/www.americanonewspaper.com\/es\/wp-content\/uploads\/2024\/09\/701b081381ed2301215d509ac3291d14d3144690miniw.jpg",900,599,false],"td_1920x0":["https:\/\/www.americanonewspaper.com\/es\/wp-content\/uploads\/2024\/09\/701b081381ed2301215d509ac3291d14d3144690miniw.jpg",900,599,false],"bdpp-medium":["https:\/\/www.americanonewspaper.com\/es\/wp-content\/uploads\/2024\/09\/701b081381ed2301215d509ac3291d14d3144690miniw.jpg",640,426,false]},"author_info":{"display_name":"Harmony Quintana","author_link":"https:\/\/www.americanonewspaper.com\/es\/author\/harmony\/"},"category_info":"<a href=\"https:\/\/www.americanonewspaper.com\/es\/category\/accidente\/\" rel=\"category tag\">Accidente<\/a> <a href=\"https:\/\/www.americanonewspaper.com\/es\/category\/avion\/\" rel=\"category tag\">Avi\u00f3n<\/a> <a href=\"https:\/\/www.americanonewspaper.com\/es\/category\/brasil\/\" rel=\"category tag\">Brasil<\/a>","tag_info":"Brasil","comment_count":"0","jetpack_sharing_enabled":true,"jetpack_likes_enabled":true,"_links":{"self":[{"href":"https:\/\/www.americanonewspaper.com\/es\/wp-json\/wp\/v2\/posts\/23189","targetHints":{"allow":["GET"]}}],"collection":[{"href":"https:\/\/www.americanonewspaper.com\/es\/wp-json\/wp\/v2\/posts"}],"about":[{"href":"https:\/\/www.americanonewspaper.com\/es\/wp-json\/wp\/v2\/types\/post"}],"author":[{"embeddable":true,"href":"https:\/\/www.americanonewspaper.com\/es\/wp-json\/wp\/v2\/users\/14"}],"replies":[{"embeddable":true,"href":"https:\/\/www.americanonewspaper.com\/es\/wp-json\/wp\/v2\/comments?post=23189"}],"version-history":[{"count":1,"href":"https:\/\/www.americanonewspaper.com\/es\/wp-json\/wp\/v2\/posts\/23189\/revisions"}],"predecessor-version":[{"id":23191,"href":"https:\/\/www.americanonewspaper.com\/es\/wp-json\/wp\/v2\/posts\/23189\/revisions\/23191"}],"wp:featuredmedia":[{"embeddable":true,"href":"https:\/\/www.americanonewspaper.com\/es\/wp-json\/wp\/v2\/media\/23190"}],"wp:attachment":[{"href":"https:\/\/www.americanonewspaper.com\/es\/wp-json\/wp\/v2\/media?parent=23189"}],"wp:term":[{"taxonomy":"category","embeddable":true,"href":"https:\/\/www.americanonewspaper.com\/es\/wp-json\/wp\/v2\/categories?post=23189"},{"taxonomy":"post_tag","embeddable":true,"href":"https:\/\/www.americanonewspaper.com\/es\/wp-json\/wp\/v2\/tags?post=23189"}],"curies":[{"name":"wp","href":"https:\/\/api.w.org\/{rel}","templated":true}]}}