{"id":23097,"date":"2024-08-28T12:06:03","date_gmt":"2024-08-28T16:06:03","guid":{"rendered":"https:\/\/www.americanonewspaper.com\/es\/?p=23097"},"modified":"2024-08-28T12:06:06","modified_gmt":"2024-08-28T16:06:06","slug":"murio-juan-izquierdo","status":"publish","type":"post","link":"https:\/\/www.americanonewspaper.com\/es\/futbol-2\/murio-juan-izquierdo\/","title":{"rendered":"Muri\u00f3 Juan Izquierdo"},"content":{"rendered":"\n<p>Montevideo, 28 ago (EFE).- <\/p>\n\n\n\n<p class=\"dropcapp3\">Los restos del futbolista uruguayo Juan Manuel Izquierdo ser\u00e1n trasladados a Montevideo en un avi\u00f3n de la Fuerza A\u00e9rea uruguaya que parti\u00f3 este mi\u00e9rcoles hacia la ciudad brasile\u00f1a de S\u00e3o Paulo.<\/p>\n\n\n\n<p>As\u00ed lo indicaron a la Agencia EFE desde el Ministerio de Defensa del pa\u00eds sudamericano y agregaron que sobre el mediod\u00eda de Uruguay partir\u00e1 una segunda aeronave en la que volver\u00e1n a los familiares del jugador que se encuentran en Brasil.<\/p>\n\n\n\n<p>Izquierdo falleci\u00f3 este martes a los 27 a\u00f1os en la ciudad brasile\u00f1a de S\u00e3o Paulo, donde se encontraba internado en un centro de cuidados intensivos con un cuadro neurol\u00f3gico cr\u00edtico.<\/p>\n\n\n\n<figure class=\"wp-block-image size-large is-resized\"><img fetchpriority=\"high\" decoding=\"async\" width=\"800\" height=\"366\" src=\"https:\/\/www.americanonewspaper.com\/es\/wp-content\/uploads\/2024\/08\/GGlSpanish-800x366.png\" alt=\"\" class=\"wp-image-23034\" style=\"width:1067px;height:auto\" srcset=\"https:\/\/www.americanonewspaper.com\/es\/wp-content\/uploads\/2024\/08\/GGlSpanish-800x366.png 800w, https:\/\/www.americanonewspaper.com\/es\/wp-content\/uploads\/2024\/08\/GGlSpanish-300x137.png 300w, https:\/\/www.americanonewspaper.com\/es\/wp-content\/uploads\/2024\/08\/GGlSpanish-768x351.png 768w, https:\/\/www.americanonewspaper.com\/es\/wp-content\/uploads\/2024\/08\/GGlSpanish-150x69.png 150w, https:\/\/www.americanonewspaper.com\/es\/wp-content\/uploads\/2024\/08\/GGlSpanish-696x318.png 696w, https:\/\/www.americanonewspaper.com\/es\/wp-content\/uploads\/2024\/08\/GGlSpanish-1068x489.png 1068w, https:\/\/www.americanonewspaper.com\/es\/wp-content\/uploads\/2024\/08\/GGlSpanish.png 1200w\" sizes=\"(max-width: 800px) 100vw, 800px\" \/><\/figure>\n\n\n\n<p>El jugador de Nacional ingres\u00f3 en la noche del jueves al Hospital Israelita Albert Einstein de la capital paulista, en paro card\u00edaco, de inicio indeterminado, secundario de una arritmia. Desde entonces, los m\u00e9dicos le mantuvieron sedado y con respiraci\u00f3n mec\u00e1nica.<\/p>\n\n\n\n<p>El domingo, el bolet\u00edn m\u00e9dico difundido inform\u00f3 que Izquierdo hab\u00eda mostrado &#8220;una progresi\u00f3n de la afectaci\u00f3n cerebral y un aumento de la presi\u00f3n intracraneal&#8221;.<\/p>\n\n\n\n<p>Un d\u00eda despu\u00e9s, su estado de salud empeor\u00f3 y el nuevo informe se\u00f1al\u00f3 que el jugador ten\u00eda &#8220;cuadro neurol\u00f3gico cr\u00edtico&#8221;.<\/p>\n\n\n\n<p>El pasado jueves, Izquierdo se desplom\u00f3 sobre el final del encuentro entre Nacional y S\u00e3o Paulo por los octavos de final de la Copa Libertadores tras sufrir una arritmia e inmediatamente fue retirado del estadio en una ambulancia y trasladado al sanatorio, donde estuvo acompa\u00f1ado por su familia y por una comitiva de Nacional.<\/p>\n\n\n\n<figure class=\"wp-block-image size-large is-resized\"><img decoding=\"async\" width=\"800\" height=\"382\" src=\"https:\/\/www.americanonewspaper.com\/es\/wp-content\/uploads\/2024\/08\/Nissan-copy-3-800x382.jpg\" alt=\"\" class=\"wp-image-23033\" style=\"width:1068px;height:auto\" srcset=\"https:\/\/www.americanonewspaper.com\/es\/wp-content\/uploads\/2024\/08\/Nissan-copy-3-800x382.jpg 800w, https:\/\/www.americanonewspaper.com\/es\/wp-content\/uploads\/2024\/08\/Nissan-copy-3-300x143.jpg 300w, https:\/\/www.americanonewspaper.com\/es\/wp-content\/uploads\/2024\/08\/Nissan-copy-3-768x367.jpg 768w, https:\/\/www.americanonewspaper.com\/es\/wp-content\/uploads\/2024\/08\/Nissan-copy-3-150x72.jpg 150w, https:\/\/www.americanonewspaper.com\/es\/wp-content\/uploads\/2024\/08\/Nissan-copy-3-696x332.jpg 696w, https:\/\/www.americanonewspaper.com\/es\/wp-content\/uploads\/2024\/08\/Nissan-copy-3-1068x510.jpg 1068w, https:\/\/www.americanonewspaper.com\/es\/wp-content\/uploads\/2024\/08\/Nissan-copy-3.jpg 1200w\" sizes=\"(max-width: 800px) 100vw, 800px\" \/><figcaption class=\"wp-element-caption\"><strong><mark style=\"background-color:rgba(0, 0, 0, 0)\" class=\"has-inline-color has-vivid-red-color\">Reclame $Mil d\u00f3lares de descuento en su compra de un auto o cami\u00f3n nuevo o usado.<\/mark><\/strong><\/figcaption><\/figure>\n\n\n\n<p>El caso ha conmocionado al mundo del f\u00fatbol, que desde entonces se volc\u00f3 con el jugador uruguayo.<\/p>\n\n\n\n<p>Tras conocerse la noticia de su fallecimiento, diversos equipos como Real Madrid, Atl\u00e9tico de Madrid, Juventus, PSG, S\u00e3o Paulo, River Plate o Boca Juniors recordaron a Izquierdo.<\/p>\n\n\n\n<p>Tambi\u00e9n lo hicieron futbolistas como Luis Su\u00e1rez, quien fue su compa\u00f1ero en Nacional, y Federico Valverde.<\/p>\n","protected":false},"excerpt":{"rendered":"<p>Montevideo, 28 ago (EFE).- Los restos del futbolista uruguayo Juan Manuel Izquierdo ser\u00e1n trasladados a Montevideo en un avi\u00f3n de la Fuerza A\u00e9rea uruguaya que parti\u00f3 este mi\u00e9rcoles hacia la ciudad brasile\u00f1a de S\u00e3o Paulo. As\u00ed lo indicaron a la Agencia EFE desde el Ministerio de Defensa del pa\u00eds sudamericano y agregaron que sobre el [&hellip;]<\/p>\n","protected":false},"author":7,"featured_media":23098,"comment_status":"closed","ping_status":"open","sticky":true,"template":"","format":"standard","meta":{"_acf_changed":false,"tdm_status":"","tdm_grid_status":"","_jetpack_memberships_contains_paid_content":false,"footnotes":"","jetpack_publicize_message":"","jetpack_publicize_feature_enabled":true,"jetpack_social_post_already_shared":true,"jetpack_social_options":{"image_generator_settings":{"template":"highway","default_image_id":0,"font":"","enabled":false},"version":2},"_wpas_customize_per_network":false},"categories":[647,608,313],"tags":[],"class_list":{"0":"post-23097","1":"post","2":"type-post","3":"status-publish","4":"format-standard","5":"has-post-thumbnail","7":"category-brasil","8":"category-futbol-2","9":"category-uruguay"},"acf":[],"yoast_head":"<!-- This site is optimized with the Yoast SEO Premium plugin v27.5 (Yoast SEO v27.5) - https:\/\/yoast.com\/product\/yoast-seo-premium-wordpress\/ -->\n<title>Muri\u00f3 Juan Izquierdo - Americano Newspaper<\/title>\n<meta name=\"description\" content=\"Los restos del futbolista uruguayo Juan Manuel Izquierdo ser\u00e1n trasladados a Montevideo en un avi\u00f3n de la Fuerza A\u00e9rea uruguaya que parti\u00f3 este mi\u00e9rcoles hacia la ciudad brasile\u00f1a de S\u00e3o Paulo.\" \/>\n<meta name=\"robots\" content=\"index, follow, max-snippet:-1, max-image-preview:large, max-video-preview:-1\" \/>\n<link rel=\"canonical\" href=\"https:\/\/www.americanonewspaper.com\/es\/futbol-2\/murio-juan-izquierdo\/\" \/>\n<meta property=\"og:locale\" content=\"en_US\" \/>\n<meta property=\"og:type\" content=\"article\" \/>\n<meta property=\"og:title\" content=\"Muri\u00f3 Juan Izquierdo\" \/>\n<meta property=\"og:description\" content=\"Los restos del futbolista uruguayo Juan Manuel Izquierdo ser\u00e1n trasladados a Montevideo en un avi\u00f3n de la Fuerza A\u00e9rea uruguaya que parti\u00f3 este mi\u00e9rcoles hacia la ciudad brasile\u00f1a de S\u00e3o Paulo.\" \/>\n<meta property=\"og:url\" content=\"https:\/\/www.americanonewspaper.com\/es\/futbol-2\/murio-juan-izquierdo\/\" \/>\n<meta property=\"og:site_name\" content=\"Americano Newspaper\" \/>\n<meta property=\"article:publisher\" content=\"https:\/\/www.facebook.com\/AmericanoNewspaper\/\" \/>\n<meta property=\"article:published_time\" content=\"2024-08-28T16:06:03+00:00\" \/>\n<meta property=\"article:modified_time\" content=\"2024-08-28T16:06:06+00:00\" \/>\n<meta property=\"og:image\" content=\"https:\/\/www.americanonewspaper.com\/es\/wp-content\/uploads\/2024\/08\/Juan-Izquierdo.jpg\" \/>\n\t<meta property=\"og:image:width\" content=\"900\" \/>\n\t<meta property=\"og:image:height\" content=\"600\" \/>\n\t<meta property=\"og:image:type\" content=\"image\/jpeg\" \/>\n<meta name=\"author\" content=\"Author\" \/>\n<meta name=\"twitter:card\" content=\"summary_large_image\" \/>\n<meta name=\"twitter:label1\" content=\"Written by\" \/>\n\t<meta name=\"twitter:data1\" content=\"Author\" \/>\n\t<meta name=\"twitter:label2\" content=\"Est. reading time\" \/>\n\t<meta name=\"twitter:data2\" content=\"3 minutes\" \/>\n<script type=\"application\/ld+json\" class=\"yoast-schema-graph\">{\"@context\":\"https:\\\/\\\/schema.org\",\"@graph\":[{\"@type\":\"Article\",\"@id\":\"https:\\\/\\\/www.americanonewspaper.com\\\/es\\\/futbol-2\\\/murio-juan-izquierdo\\\/#article\",\"isPartOf\":{\"@id\":\"https:\\\/\\\/www.americanonewspaper.com\\\/es\\\/futbol-2\\\/murio-juan-izquierdo\\\/\"},\"author\":{\"name\":\"Author\",\"@id\":\"https:\\\/\\\/www.americanonewspaper.com\\\/es\\\/#\\\/schema\\\/person\\\/8967f6b8af7e37bcbbe61f68580ff088\"},\"headline\":\"Muri\u00f3 Juan Izquierdo\",\"datePublished\":\"2024-08-28T16:06:03+00:00\",\"dateModified\":\"2024-08-28T16:06:06+00:00\",\"mainEntityOfPage\":{\"@id\":\"https:\\\/\\\/www.americanonewspaper.com\\\/es\\\/futbol-2\\\/murio-juan-izquierdo\\\/\"},\"wordCount\":362,\"publisher\":{\"@id\":\"https:\\\/\\\/www.americanonewspaper.com\\\/es\\\/#organization\"},\"image\":{\"@id\":\"https:\\\/\\\/www.americanonewspaper.com\\\/es\\\/futbol-2\\\/murio-juan-izquierdo\\\/#primaryimage\"},\"thumbnailUrl\":\"https:\\\/\\\/www.americanonewspaper.com\\\/es\\\/wp-content\\\/uploads\\\/2024\\\/08\\\/Juan-Izquierdo.jpg\",\"articleSection\":[\"Brasil\",\"F\u00fatbol\",\"Uruguay\"],\"inLanguage\":\"en-US\"},{\"@type\":\"WebPage\",\"@id\":\"https:\\\/\\\/www.americanonewspaper.com\\\/es\\\/futbol-2\\\/murio-juan-izquierdo\\\/\",\"url\":\"https:\\\/\\\/www.americanonewspaper.com\\\/es\\\/futbol-2\\\/murio-juan-izquierdo\\\/\",\"name\":\"Muri\u00f3 Juan Izquierdo - Americano Newspaper\",\"isPartOf\":{\"@id\":\"https:\\\/\\\/www.americanonewspaper.com\\\/es\\\/#website\"},\"primaryImageOfPage\":{\"@id\":\"https:\\\/\\\/www.americanonewspaper.com\\\/es\\\/futbol-2\\\/murio-juan-izquierdo\\\/#primaryimage\"},\"image\":{\"@id\":\"https:\\\/\\\/www.americanonewspaper.com\\\/es\\\/futbol-2\\\/murio-juan-izquierdo\\\/#primaryimage\"},\"thumbnailUrl\":\"https:\\\/\\\/www.americanonewspaper.com\\\/es\\\/wp-content\\\/uploads\\\/2024\\\/08\\\/Juan-Izquierdo.jpg\",\"datePublished\":\"2024-08-28T16:06:03+00:00\",\"dateModified\":\"2024-08-28T16:06:06+00:00\",\"description\":\"Los restos del futbolista uruguayo Juan Manuel Izquierdo ser\u00e1n trasladados a Montevideo en un avi\u00f3n de la Fuerza A\u00e9rea uruguaya que parti\u00f3 este mi\u00e9rcoles hacia la ciudad brasile\u00f1a de S\u00e3o Paulo.\",\"breadcrumb\":{\"@id\":\"https:\\\/\\\/www.americanonewspaper.com\\\/es\\\/futbol-2\\\/murio-juan-izquierdo\\\/#breadcrumb\"},\"inLanguage\":\"en-US\",\"potentialAction\":[{\"@type\":\"ReadAction\",\"target\":[\"https:\\\/\\\/www.americanonewspaper.com\\\/es\\\/futbol-2\\\/murio-juan-izquierdo\\\/\"]}]},{\"@type\":\"ImageObject\",\"inLanguage\":\"en-US\",\"@id\":\"https:\\\/\\\/www.americanonewspaper.com\\\/es\\\/futbol-2\\\/murio-juan-izquierdo\\\/#primaryimage\",\"url\":\"https:\\\/\\\/www.americanonewspaper.com\\\/es\\\/wp-content\\\/uploads\\\/2024\\\/08\\\/Juan-Izquierdo.jpg\",\"contentUrl\":\"https:\\\/\\\/www.americanonewspaper.com\\\/es\\\/wp-content\\\/uploads\\\/2024\\\/08\\\/Juan-Izquierdo.jpg\",\"width\":900,\"height\":600,\"caption\":\"Fotograf\u00eda del 22 de agosto de 2024 de Juan Izquierdo (i) durante un partido de Copa Libertadores entre Sao Paulo y Nacional en el estadio Morumbi. El jugador uruguayo falleci\u00f3 el martes en Sao Paulo. EFE\\\/ Isaac Fontana\"},{\"@type\":\"BreadcrumbList\",\"@id\":\"https:\\\/\\\/www.americanonewspaper.com\\\/es\\\/futbol-2\\\/murio-juan-izquierdo\\\/#breadcrumb\",\"itemListElement\":[{\"@type\":\"ListItem\",\"position\":1,\"name\":\"Home\",\"item\":\"https:\\\/\\\/www.americanonewspaper.com\\\/es\\\/\"},{\"@type\":\"ListItem\",\"position\":2,\"name\":\"Muri\u00f3 Juan Izquierdo\"}]},{\"@type\":\"WebSite\",\"@id\":\"https:\\\/\\\/www.americanonewspaper.com\\\/es\\\/#website\",\"url\":\"https:\\\/\\\/www.americanonewspaper.com\\\/es\\\/\",\"name\":\"Americano Newspaper\",\"description\":\"The Hispanic Newspaper of New Jersey.\",\"publisher\":{\"@id\":\"https:\\\/\\\/www.americanonewspaper.com\\\/es\\\/#organization\"},\"potentialAction\":[{\"@type\":\"SearchAction\",\"target\":{\"@type\":\"EntryPoint\",\"urlTemplate\":\"https:\\\/\\\/www.americanonewspaper.com\\\/es\\\/?s={search_term_string}\"},\"query-input\":{\"@type\":\"PropertyValueSpecification\",\"valueRequired\":true,\"valueName\":\"search_term_string\"}}],\"inLanguage\":\"en-US\"},{\"@type\":\"Organization\",\"@id\":\"https:\\\/\\\/www.americanonewspaper.com\\\/es\\\/#organization\",\"name\":\"Americano Newspaper\",\"url\":\"https:\\\/\\\/www.americanonewspaper.com\\\/es\\\/\",\"logo\":{\"@type\":\"ImageObject\",\"inLanguage\":\"en-US\",\"@id\":\"https:\\\/\\\/www.americanonewspaper.com\\\/es\\\/#\\\/schema\\\/logo\\\/image\\\/\",\"url\":\"https:\\\/\\\/www.americanonewspaper.com\\\/es\\\/wp-content\\\/uploads\\\/2024\\\/05\\\/AmericanoLogoCircle.comCircle2.jpg\",\"contentUrl\":\"https:\\\/\\\/www.americanonewspaper.com\\\/es\\\/wp-content\\\/uploads\\\/2024\\\/05\\\/AmericanoLogoCircle.comCircle2.jpg\",\"width\":600,\"height\":600,\"caption\":\"Americano Newspaper\"},\"image\":{\"@id\":\"https:\\\/\\\/www.americanonewspaper.com\\\/es\\\/#\\\/schema\\\/logo\\\/image\\\/\"},\"sameAs\":[\"https:\\\/\\\/www.facebook.com\\\/AmericanoNewspaper\\\/\"]},{\"@type\":\"Person\",\"@id\":\"https:\\\/\\\/www.americanonewspaper.com\\\/es\\\/#\\\/schema\\\/person\\\/8967f6b8af7e37bcbbe61f68580ff088\",\"name\":\"Author\",\"image\":{\"@type\":\"ImageObject\",\"inLanguage\":\"en-US\",\"@id\":\"https:\\\/\\\/www.americanonewspaper.com\\\/es\\\/wp-content\\\/litespeed\\\/avatar\\\/89ffaf6af3cf6769ffb3c6efb2313947.jpg?ver=1777427547\",\"url\":\"https:\\\/\\\/www.americanonewspaper.com\\\/es\\\/wp-content\\\/litespeed\\\/avatar\\\/89ffaf6af3cf6769ffb3c6efb2313947.jpg?ver=1777427547\",\"contentUrl\":\"https:\\\/\\\/www.americanonewspaper.com\\\/es\\\/wp-content\\\/litespeed\\\/avatar\\\/89ffaf6af3cf6769ffb3c6efb2313947.jpg?ver=1777427547\",\"caption\":\"Author\"},\"url\":\"https:\\\/\\\/www.americanonewspaper.com\\\/es\\\/author\\\/americano\\\/\"}]}<\/script>\n<!-- \/ Yoast SEO Premium plugin. -->","yoast_head_json":{"title":"Muri\u00f3 Juan Izquierdo - Americano Newspaper","description":"Los restos del futbolista uruguayo Juan Manuel Izquierdo ser\u00e1n trasladados a Montevideo en un avi\u00f3n de la Fuerza A\u00e9rea uruguaya que parti\u00f3 este mi\u00e9rcoles hacia la ciudad brasile\u00f1a de S\u00e3o Paulo.","robots":{"index":"index","follow":"follow","max-snippet":"max-snippet:-1","max-image-preview":"max-image-preview:large","max-video-preview":"max-video-preview:-1"},"canonical":"https:\/\/www.americanonewspaper.com\/es\/futbol-2\/murio-juan-izquierdo\/","og_locale":"en_US","og_type":"article","og_title":"Muri\u00f3 Juan Izquierdo","og_description":"Los restos del futbolista uruguayo Juan Manuel Izquierdo ser\u00e1n trasladados a Montevideo en un avi\u00f3n de la Fuerza A\u00e9rea uruguaya que parti\u00f3 este mi\u00e9rcoles hacia la ciudad brasile\u00f1a de S\u00e3o Paulo.","og_url":"https:\/\/www.americanonewspaper.com\/es\/futbol-2\/murio-juan-izquierdo\/","og_site_name":"Americano Newspaper","article_publisher":"https:\/\/www.facebook.com\/AmericanoNewspaper\/","article_published_time":"2024-08-28T16:06:03+00:00","article_modified_time":"2024-08-28T16:06:06+00:00","og_image":[{"width":900,"height":600,"url":"https:\/\/www.americanonewspaper.com\/es\/wp-content\/uploads\/2024\/08\/Juan-Izquierdo.jpg","type":"image\/jpeg"}],"author":"Author","twitter_card":"summary_large_image","twitter_misc":{"Written by":"Author","Est. reading time":"3 minutes"},"schema":{"@context":"https:\/\/schema.org","@graph":[{"@type":"Article","@id":"https:\/\/www.americanonewspaper.com\/es\/futbol-2\/murio-juan-izquierdo\/#article","isPartOf":{"@id":"https:\/\/www.americanonewspaper.com\/es\/futbol-2\/murio-juan-izquierdo\/"},"author":{"name":"Author","@id":"https:\/\/www.americanonewspaper.com\/es\/#\/schema\/person\/8967f6b8af7e37bcbbe61f68580ff088"},"headline":"Muri\u00f3 Juan Izquierdo","datePublished":"2024-08-28T16:06:03+00:00","dateModified":"2024-08-28T16:06:06+00:00","mainEntityOfPage":{"@id":"https:\/\/www.americanonewspaper.com\/es\/futbol-2\/murio-juan-izquierdo\/"},"wordCount":362,"publisher":{"@id":"https:\/\/www.americanonewspaper.com\/es\/#organization"},"image":{"@id":"https:\/\/www.americanonewspaper.com\/es\/futbol-2\/murio-juan-izquierdo\/#primaryimage"},"thumbnailUrl":"https:\/\/www.americanonewspaper.com\/es\/wp-content\/uploads\/2024\/08\/Juan-Izquierdo.jpg","articleSection":["Brasil","F\u00fatbol","Uruguay"],"inLanguage":"en-US"},{"@type":"WebPage","@id":"https:\/\/www.americanonewspaper.com\/es\/futbol-2\/murio-juan-izquierdo\/","url":"https:\/\/www.americanonewspaper.com\/es\/futbol-2\/murio-juan-izquierdo\/","name":"Muri\u00f3 Juan Izquierdo - Americano Newspaper","isPartOf":{"@id":"https:\/\/www.americanonewspaper.com\/es\/#website"},"primaryImageOfPage":{"@id":"https:\/\/www.americanonewspaper.com\/es\/futbol-2\/murio-juan-izquierdo\/#primaryimage"},"image":{"@id":"https:\/\/www.americanonewspaper.com\/es\/futbol-2\/murio-juan-izquierdo\/#primaryimage"},"thumbnailUrl":"https:\/\/www.americanonewspaper.com\/es\/wp-content\/uploads\/2024\/08\/Juan-Izquierdo.jpg","datePublished":"2024-08-28T16:06:03+00:00","dateModified":"2024-08-28T16:06:06+00:00","description":"Los restos del futbolista uruguayo Juan Manuel Izquierdo ser\u00e1n trasladados a Montevideo en un avi\u00f3n de la Fuerza A\u00e9rea uruguaya que parti\u00f3 este mi\u00e9rcoles hacia la ciudad brasile\u00f1a de S\u00e3o Paulo.","breadcrumb":{"@id":"https:\/\/www.americanonewspaper.com\/es\/futbol-2\/murio-juan-izquierdo\/#breadcrumb"},"inLanguage":"en-US","potentialAction":[{"@type":"ReadAction","target":["https:\/\/www.americanonewspaper.com\/es\/futbol-2\/murio-juan-izquierdo\/"]}]},{"@type":"ImageObject","inLanguage":"en-US","@id":"https:\/\/www.americanonewspaper.com\/es\/futbol-2\/murio-juan-izquierdo\/#primaryimage","url":"https:\/\/www.americanonewspaper.com\/es\/wp-content\/uploads\/2024\/08\/Juan-Izquierdo.jpg","contentUrl":"https:\/\/www.americanonewspaper.com\/es\/wp-content\/uploads\/2024\/08\/Juan-Izquierdo.jpg","width":900,"height":600,"caption":"Fotograf\u00eda del 22 de agosto de 2024 de Juan Izquierdo (i) durante un partido de Copa Libertadores entre Sao Paulo y Nacional en el estadio Morumbi. El jugador uruguayo falleci\u00f3 el martes en Sao Paulo. EFE\/ Isaac Fontana"},{"@type":"BreadcrumbList","@id":"https:\/\/www.americanonewspaper.com\/es\/futbol-2\/murio-juan-izquierdo\/#breadcrumb","itemListElement":[{"@type":"ListItem","position":1,"name":"Home","item":"https:\/\/www.americanonewspaper.com\/es\/"},{"@type":"ListItem","position":2,"name":"Muri\u00f3 Juan Izquierdo"}]},{"@type":"WebSite","@id":"https:\/\/www.americanonewspaper.com\/es\/#website","url":"https:\/\/www.americanonewspaper.com\/es\/","name":"Americano Newspaper","description":"The Hispanic Newspaper of New Jersey.","publisher":{"@id":"https:\/\/www.americanonewspaper.com\/es\/#organization"},"potentialAction":[{"@type":"SearchAction","target":{"@type":"EntryPoint","urlTemplate":"https:\/\/www.americanonewspaper.com\/es\/?s={search_term_string}"},"query-input":{"@type":"PropertyValueSpecification","valueRequired":true,"valueName":"search_term_string"}}],"inLanguage":"en-US"},{"@type":"Organization","@id":"https:\/\/www.americanonewspaper.com\/es\/#organization","name":"Americano Newspaper","url":"https:\/\/www.americanonewspaper.com\/es\/","logo":{"@type":"ImageObject","inLanguage":"en-US","@id":"https:\/\/www.americanonewspaper.com\/es\/#\/schema\/logo\/image\/","url":"https:\/\/www.americanonewspaper.com\/es\/wp-content\/uploads\/2024\/05\/AmericanoLogoCircle.comCircle2.jpg","contentUrl":"https:\/\/www.americanonewspaper.com\/es\/wp-content\/uploads\/2024\/05\/AmericanoLogoCircle.comCircle2.jpg","width":600,"height":600,"caption":"Americano Newspaper"},"image":{"@id":"https:\/\/www.americanonewspaper.com\/es\/#\/schema\/logo\/image\/"},"sameAs":["https:\/\/www.facebook.com\/AmericanoNewspaper\/"]},{"@type":"Person","@id":"https:\/\/www.americanonewspaper.com\/es\/#\/schema\/person\/8967f6b8af7e37bcbbe61f68580ff088","name":"Author","image":{"@type":"ImageObject","inLanguage":"en-US","@id":"https:\/\/www.americanonewspaper.com\/es\/wp-content\/litespeed\/avatar\/89ffaf6af3cf6769ffb3c6efb2313947.jpg?ver=1777427547","url":"https:\/\/www.americanonewspaper.com\/es\/wp-content\/litespeed\/avatar\/89ffaf6af3cf6769ffb3c6efb2313947.jpg?ver=1777427547","contentUrl":"https:\/\/www.americanonewspaper.com\/es\/wp-content\/litespeed\/avatar\/89ffaf6af3cf6769ffb3c6efb2313947.jpg?ver=1777427547","caption":"Author"},"url":"https:\/\/www.americanonewspaper.com\/es\/author\/americano\/"}]}},"jetpack_publicize_connections":[],"jetpack_featured_media_url":"https:\/\/www.americanonewspaper.com\/es\/wp-content\/uploads\/2024\/08\/Juan-Izquierdo.jpg","featured_image_urls":{"full":["https:\/\/www.americanonewspaper.com\/es\/wp-content\/uploads\/2024\/08\/Juan-Izquierdo.jpg",900,600,false],"thumbnail":["https:\/\/www.americanonewspaper.com\/es\/wp-content\/uploads\/2024\/08\/Juan-Izquierdo-250x250.jpg",250,250,true],"medium":["https:\/\/www.americanonewspaper.com\/es\/wp-content\/uploads\/2024\/08\/Juan-Izquierdo-300x200.jpg",300,200,true],"medium_large":["https:\/\/www.americanonewspaper.com\/es\/wp-content\/uploads\/2024\/08\/Juan-Izquierdo-768x512.jpg",696,464,true],"large":["https:\/\/www.americanonewspaper.com\/es\/wp-content\/uploads\/2024\/08\/Juan-Izquierdo-750x500.jpg",696,464,true],"1536x1536":["https:\/\/www.americanonewspaper.com\/es\/wp-content\/uploads\/2024\/08\/Juan-Izquierdo.jpg",900,600,false],"2048x2048":["https:\/\/www.americanonewspaper.com\/es\/wp-content\/uploads\/2024\/08\/Juan-Izquierdo.jpg",900,600,false],"td_150x0":["https:\/\/www.americanonewspaper.com\/es\/wp-content\/uploads\/2024\/08\/Juan-Izquierdo-150x100.jpg",150,100,true],"td_218x150":["https:\/\/www.americanonewspaper.com\/es\/wp-content\/uploads\/2024\/08\/Juan-Izquierdo-218x150.jpg",218,150,true],"td_300x0":["https:\/\/www.americanonewspaper.com\/es\/wp-content\/uploads\/2024\/08\/Juan-Izquierdo-300x200.jpg",300,200,true],"td_324x400":["https:\/\/www.americanonewspaper.com\/es\/wp-content\/uploads\/2024\/08\/Juan-Izquierdo-324x400.jpg",324,400,true],"td_485x360":["https:\/\/www.americanonewspaper.com\/es\/wp-content\/uploads\/2024\/08\/Juan-Izquierdo-485x360.jpg",485,360,true],"td_696x0":["https:\/\/www.americanonewspaper.com\/es\/wp-content\/uploads\/2024\/08\/Juan-Izquierdo-696x464.jpg",696,464,true],"td_1068x0":["https:\/\/www.americanonewspaper.com\/es\/wp-content\/uploads\/2024\/08\/Juan-Izquierdo.jpg",900,600,false],"td_1920x0":["https:\/\/www.americanonewspaper.com\/es\/wp-content\/uploads\/2024\/08\/Juan-Izquierdo.jpg",900,600,false],"bdpp-medium":["https:\/\/www.americanonewspaper.com\/es\/wp-content\/uploads\/2024\/08\/Juan-Izquierdo.jpg",640,427,false]},"author_info":{"display_name":"Author","author_link":"https:\/\/www.americanonewspaper.com\/es\/author\/americano\/"},"category_info":"<a href=\"https:\/\/www.americanonewspaper.com\/es\/category\/brasil\/\" rel=\"category tag\">Brasil<\/a> <a href=\"https:\/\/www.americanonewspaper.com\/es\/category\/futbol-2\/\" rel=\"category tag\">F\u00fatbol<\/a> <a href=\"https:\/\/www.americanonewspaper.com\/es\/category\/uruguay\/\" rel=\"category tag\">Uruguay<\/a>","tag_info":"Uruguay","comment_count":"0","jetpack_sharing_enabled":true,"jetpack_likes_enabled":true,"_links":{"self":[{"href":"https:\/\/www.americanonewspaper.com\/es\/wp-json\/wp\/v2\/posts\/23097","targetHints":{"allow":["GET"]}}],"collection":[{"href":"https:\/\/www.americanonewspaper.com\/es\/wp-json\/wp\/v2\/posts"}],"about":[{"href":"https:\/\/www.americanonewspaper.com\/es\/wp-json\/wp\/v2\/types\/post"}],"author":[{"embeddable":true,"href":"https:\/\/www.americanonewspaper.com\/es\/wp-json\/wp\/v2\/users\/7"}],"replies":[{"embeddable":true,"href":"https:\/\/www.americanonewspaper.com\/es\/wp-json\/wp\/v2\/comments?post=23097"}],"version-history":[{"count":1,"href":"https:\/\/www.americanonewspaper.com\/es\/wp-json\/wp\/v2\/posts\/23097\/revisions"}],"predecessor-version":[{"id":23099,"href":"https:\/\/www.americanonewspaper.com\/es\/wp-json\/wp\/v2\/posts\/23097\/revisions\/23099"}],"wp:featuredmedia":[{"embeddable":true,"href":"https:\/\/www.americanonewspaper.com\/es\/wp-json\/wp\/v2\/media\/23098"}],"wp:attachment":[{"href":"https:\/\/www.americanonewspaper.com\/es\/wp-json\/wp\/v2\/media?parent=23097"}],"wp:term":[{"taxonomy":"category","embeddable":true,"href":"https:\/\/www.americanonewspaper.com\/es\/wp-json\/wp\/v2\/categories?post=23097"},{"taxonomy":"post_tag","embeddable":true,"href":"https:\/\/www.americanonewspaper.com\/es\/wp-json\/wp\/v2\/tags?post=23097"}],"curies":[{"name":"wp","href":"https:\/\/api.w.org\/{rel}","templated":true}]}}